{"id":147306,"date":"2026-09-02T11:53:59","date_gmt":"2026-09-02T09:53:59","guid":{"rendered":"https:\/\/kt.gov.rs\/?p=147306"},"modified":"2026-09-02T12:01:29","modified_gmt":"2026-09-02T10:01:29","slug":"nxenesve-te-klases-se-pare-ne-medvegje-u-jane-dorezuar-canta-dhe-mjete-shkollore-falas","status":"publish","type":"post","link":"https:\/\/kt.gov.rs\/sq\/nxenesve-te-klases-se-pare-ne-medvegje-u-jane-dorezuar-canta-dhe-mjete-shkollore-falas\/","title":{"rendered":"NX\u00cbN\u00cbSVE T\u00cb KLAS\u00cbS S\u00cb PAR\u00cb N\u00cb MEDVEGJ\u00cb U JAN\u00cb DOR\u00cbZUAR \u00c7ANTA DHE MJETE SHKOLLORE FALAS"},"content":{"rendered":"<p>\u00c7antat dhe mjetet shkollore iu dor\u00ebzuan sot, m\u00eb 2 shtator, nx\u00ebn\u00ebsve t\u00eb klas\u00ebs s\u00eb par\u00eb t\u00eb Shkoll\u00ebs Fillore \u201eGorna Jabllanica\u201c n\u00eb Medvegj\u00eb. N\u00eb ceremonin\u00eb e shp\u00ebrndarjes mori pjes\u00eb ushtruesi i detyr\u00ebs s\u00eb drejtorit t\u00eb Sh\u00ebrbimit t\u00eb Trupit Koordinues, Nenad Mitroviq, s\u00eb bashku me z\u00ebvend\u00ebskryetarin e komun\u00ebs s\u00eb Medvegj\u00ebs, Rade Peroviq.<\/p>\n<p><img decoding=\"async\" class=\"alignnone size-full wp-image-147297\" src=\"http:\/\/kt.gov.rs\/wp-content\/uploads\/2026\/09\/prvaci2.jpg\" alt=\"\" width=\"800\" height=\"451\" srcset=\"https:\/\/kt.gov.rs\/wp-content\/uploads\/2026\/09\/prvaci2.jpg 800w, https:\/\/kt.gov.rs\/wp-content\/uploads\/2026\/09\/prvaci2-300x169.jpg 300w, https:\/\/kt.gov.rs\/wp-content\/uploads\/2026\/09\/prvaci2-768x433.jpg 768w\" sizes=\"(max-width: 800px) 100vw, 800px\" \/><\/p>\n<p>\u201eSot, n\u00eb fillim t\u00eb vitit t\u00eb ri shkollor, d\u00ebshirojm\u00eb t\u2019u urojm\u00eb nx\u00ebn\u00ebsve tan\u00eb m\u00eb t\u00eb vegj\u00ebl fillim t\u00eb mbar\u00eb t\u00eb shkoll\u00ebs dhe ta b\u00ebjm\u00eb k\u00ebt\u00eb dit\u00eb t\u00eb r\u00ebnd\u00ebsishme edhe m\u00eb t\u00eb bukur p\u00ebr ta. Kemi siguruar \u00e7anta dhe mjete shkollore falas p\u00ebr t\u00eb gjith\u00eb nx\u00ebn\u00ebsit e klas\u00ebs s\u00eb par\u00eb n\u00eb Preshev\u00eb, Bujanoc dhe Medvegj\u00eb, sepse d\u00ebshirojm\u00eb t\u2019u ndihmojm\u00eb prind\u00ebrve dhe t\u00eb tregojm\u00eb se f\u00ebmij\u00ebt dhe arsimimi i tyre jan\u00eb nj\u00eb nga prioritetet tona m\u00eb t\u00eb r\u00ebnd\u00ebsishme. Besoj se k\u00ebto \u00e7anta do t\u2019i shoq\u00ebrojn\u00eb ata gjat\u00eb dit\u00ebve t\u00eb shumta shkollore, njohurive t\u00eb reja, shoq\u00ebrimeve dhe kujtimeve t\u00eb bukura. T\u00eb gjith\u00eb nx\u00ebn\u00ebsve t\u00eb klas\u00ebs s\u00eb par\u00eb u uroj fillim t\u00eb mbar\u00eb t\u00eb shkollimit, shum\u00eb sukses dhe buz\u00ebqeshje n\u00eb \u00e7do hap t\u00eb ri\u201c, tha ushtruesi i detyr\u00ebs s\u00eb drejtorit t\u00eb Sh\u00ebrbimit t\u00eb Trupit Koordinues, Nenad Mitroviq.<\/p>\n<p><img decoding=\"async\" class=\"alignnone size-full wp-image-147300\" src=\"http:\/\/kt.gov.rs\/wp-content\/uploads\/2026\/09\/prvaci1.jpg\" alt=\"\" width=\"800\" height=\"451\" srcset=\"https:\/\/kt.gov.rs\/wp-content\/uploads\/2026\/09\/prvaci1.jpg 800w, https:\/\/kt.gov.rs\/wp-content\/uploads\/2026\/09\/prvaci1-300x169.jpg 300w, https:\/\/kt.gov.rs\/wp-content\/uploads\/2026\/09\/prvaci1-768x433.jpg 768w\" sizes=\"(max-width: 800px) 100vw, 800px\" \/><\/p>\n<p>Z\u00ebvend\u00ebskryetari i komun\u00ebs s\u00eb Medvegj\u00ebs, Rade Peroviq, u uroi nx\u00ebn\u00ebsve t\u00eb klas\u00ebs s\u00eb par\u00eb fillim t\u00eb mbar\u00eb t\u00eb shkollimit, shum\u00eb sukses n\u00eb m\u00ebsime dhe momente t\u00eb bukura gjat\u00eb dit\u00ebve t\u00eb shkoll\u00ebs.<br \/>\n\u201eT\u00eb dashur nx\u00ebn\u00ebs t\u00eb klas\u00ebs s\u00eb par\u00eb, ju uroj fillim t\u00eb mbar\u00eb t\u00eb shkoll\u00ebs, shum\u00eb sukses, njohuri t\u00eb reja dhe shoq\u00ebrime t\u00eb bukura me m\u00ebsuesit dhe shok\u00ebt tuaj. Komuna e Medvegj\u00ebs edhe k\u00ebt\u00eb vit vazhdon t\u00eb ofroj\u00eb mb\u00ebshtetje p\u00ebr bashk\u00ebqytetar\u00ebt tan\u00eb m\u00eb t\u00eb vegj\u00ebl. P\u00ebr t\u00eb tretin vit radhazi, t\u00eb gjith\u00eb nx\u00ebn\u00ebsve t\u00eb klas\u00ebs s\u00eb par\u00eb nga territori i komun\u00ebs son\u00eb u sigurojm\u00eb nga 20.000 dinar\u00eb, me q\u00ebllim q\u00eb t\u2019u ndihmojm\u00eb prind\u00ebrve dhe familjeve n\u00eb fillim t\u00eb shkollimit t\u00eb f\u00ebmij\u00ebve t\u00eb tyre. S\u00eb bashku d\u00ebshirojm\u00eb t\u00eb krijojm\u00eb kushte sa m\u00eb t\u00eb mira p\u00ebr m\u00eb t\u00eb vegjlit tan\u00eb dhe q\u00eb dit\u00ebt e tyre t\u00eb para t\u00eb shkoll\u00ebs t\u00eb mbeten n\u00eb kujtim t\u00eb bukur\u201c, tha Peroviqi.<\/p>\n<p><img decoding=\"async\" class=\"alignnone size-full wp-image-147294\" src=\"http:\/\/kt.gov.rs\/wp-content\/uploads\/2026\/09\/prvaci3.jpg\" alt=\"\" width=\"800\" height=\"451\" srcset=\"https:\/\/kt.gov.rs\/wp-content\/uploads\/2026\/09\/prvaci3.jpg 800w, https:\/\/kt.gov.rs\/wp-content\/uploads\/2026\/09\/prvaci3-300x169.jpg 300w, https:\/\/kt.gov.rs\/wp-content\/uploads\/2026\/09\/prvaci3-768x433.jpg 768w\" sizes=\"(max-width: 800px) 100vw, 800px\" \/><\/p>\n<p>Sipas t\u00eb dh\u00ebnave t\u00eb dor\u00ebzuara nga Komuna e Medvegj\u00ebs, n\u00eb klas\u00ebn e par\u00eb t\u00eb vitit shkollor 2026\/2027 jan\u00eb regjistruar 55 nx\u00ebn\u00ebs.<br \/>\nP\u00ebr realizimin e aktivitetit t\u00eb shp\u00ebrndarjes s\u00eb \u00e7antave dhe mjeteve shkollore n\u00eb komunat Preshev\u00eb, Bujanoc dhe Medvegj\u00eb, Sh\u00ebrbimi i Trupit Koordinues ka ndar\u00eb n\u00eb vitin 2026 gjithsej 3.200.000,00 dinar\u00eb. Mjetet jan\u00eb shp\u00ebrndar\u00eb n\u00eb p\u00ebrpjes\u00ebtim me numrin e nx\u00ebn\u00ebsve q\u00eb regjistrohen n\u00eb klas\u00ebn e par\u00eb, nd\u00ebrsa komun\u00ebs s\u00eb Medvegj\u00ebs i jan\u00eb ndar\u00eb 245.809,85 dinar\u00eb.<br \/>\nShp\u00ebrndarja e \u00e7antave dhe mjeteve shkollore falas p\u00ebrfaq\u00ebson nj\u00eb nga m\u00ebnyrat me t\u00eb cilat Sh\u00ebrbimi i Trupit Koordinues ofron mb\u00ebshtetje konkrete p\u00ebr f\u00ebmij\u00ebt dhe familjet nga territori i Preshev\u00ebs, Bujanocit dhe Medvegj\u00ebs, ve\u00e7an\u00ebrisht p\u00ebr nx\u00ebn\u00ebsit m\u00eb t\u00eb vegj\u00ebl, t\u00eb cil\u00ebt sot hedhin hapat e tyre t\u00eb par\u00eb n\u00eb arsimin fillor.<br \/>\nT\u00eb gjith\u00eb nx\u00ebn\u00ebsve t\u00eb klas\u00ebs s\u00eb par\u00eb u urojm\u00eb fillim t\u00eb mbar\u00eb t\u00eb shkollimit, shum\u00eb njohuri t\u00eb reja, miq\u00ebsi t\u00eb mira, buz\u00ebqeshje dhe kujtime t\u00eb bukura q\u00eb do t\u2019i mbajn\u00eb me vete nga dit\u00ebt e tyre t\u00eb para t\u00eb shkoll\u00ebs.<br \/>\nBurimi: Sh\u00ebrbimi i Trupit Koordinues<\/p>\n","protected":false},"excerpt":{"rendered":"<p>Sh\u00ebrbimi i Trupit Koordinues t\u00eb Qeveris\u00eb s\u00eb Republik\u00ebs s\u00eb Serbis\u00eb p\u00ebr komunat Preshev\u00eb, Bujanoc dhe Medvegj\u00eb ka siguruar edhe k\u00ebt\u00eb vit \u00e7anta shkollore dhe mjete shkollore falas p\u00ebr t\u00eb gjith\u00eb nx\u00ebn\u00ebsit q\u00eb fillojn\u00eb klas\u00ebn e par\u00eb t\u00eb shkoll\u00ebs fillore n\u00eb territorin e komun\u00ebs s\u00eb Medvegj\u00ebs.<\/p>\n","protected":false},"author":1,"featured_media":147292,"comment_status":"open","ping_status":"open","sticky":false,"template":"","format":"standard","meta":{"footnotes":""},"categories":[55],"tags":[],"class_list":["post-147306","post","type-post","status-publish","format-standard","has-post-thumbnail","hentry","category-lajme"],"yoast_head":"<!-- This site is optimized with the Yoast SEO plugin v28.2 - https:\/\/yoast.com\/product\/yoast-seo-wordpress\/ -->\n<title>NX\u00cbN\u00cbSVE T\u00cb KLAS\u00cbS S\u00cb PAR\u00cb N\u00cb MEDVEGJ\u00cb U JAN\u00cb DOR\u00cbZUAR \u00c7ANTA DHE MJETE SHKOLLORE FALAS - Republika e S\u00ebrbis\u00eb Trupi Koordinues p\u00ebr komunat Bujanoc, Preshev\u00eb dhe Medvegj\u00eb<\/title>\n<meta name=\"robots\" content=\"index, follow, max-snippet:-1, max-image-preview:large, max-video-preview:-1\" \/>\n<link rel=\"canonical\" href=\"https:\/\/kt.gov.rs\/sq\/nxenesve-te-klases-se-pare-ne-medvegje-u-jane-dorezuar-canta-dhe-mjete-shkollore-falas\/\" \/>\n<meta property=\"og:locale\" content=\"sq_AL\" \/>\n<meta property=\"og:type\" content=\"article\" \/>\n<meta property=\"og:title\" content=\"NX\u00cbN\u00cbSVE T\u00cb KLAS\u00cbS S\u00cb PAR\u00cb N\u00cb MEDVEGJ\u00cb U JAN\u00cb DOR\u00cbZUAR \u00c7ANTA DHE MJETE SHKOLLORE FALAS - Republika e S\u00ebrbis\u00eb Trupi Koordinues p\u00ebr komunat Bujanoc, Preshev\u00eb dhe Medvegj\u00eb\" \/>\n<meta property=\"og:description\" content=\"Sh\u00ebrbimi i Trupit Koordinues t\u00eb Qeveris\u00eb s\u00eb Republik\u00ebs s\u00eb Serbis\u00eb p\u00ebr komunat Preshev\u00eb, Bujanoc dhe Medvegj\u00eb ka siguruar edhe k\u00ebt\u00eb vit \u00e7anta shkollore dhe mjete shkollore falas p\u00ebr t\u00eb gjith\u00eb nx\u00ebn\u00ebsit q\u00eb fillojn\u00eb klas\u00ebn e par\u00eb t\u00eb shkoll\u00ebs fillore n\u00eb territorin e komun\u00ebs s\u00eb Medvegj\u00ebs.\" \/>\n<meta property=\"og:url\" content=\"https:\/\/kt.gov.rs\/sq\/nxenesve-te-klases-se-pare-ne-medvegje-u-jane-dorezuar-canta-dhe-mjete-shkollore-falas\/\" \/>\n<meta property=\"og:site_name\" content=\"Republika e S\u00ebrbis\u00eb Trupi Koordinues p\u00ebr komunat Bujanoc, Preshev\u00eb dhe Medvegj\u00eb\" \/>\n<meta property=\"article:publisher\" content=\"https:\/\/www.facebook.com\/SluzbaKoordinacionogTelaVladeRepublikeSrbije\" \/>\n<meta property=\"article:published_time\" content=\"2026-09-02T09:53:59+00:00\" \/>\n<meta property=\"article:modified_time\" content=\"2026-09-02T10:01:29+00:00\" \/>\n<meta property=\"og:image\" content=\"http:\/\/kt.gov.rs\/wp-content\/uploads\/2026\/09\/prvacislajd.jpg\" \/>\n\t<meta property=\"og:image:width\" content=\"1250\" \/>\n\t<meta property=\"og:image:height\" content=\"679\" \/>\n\t<meta property=\"og:image:type\" content=\"image\/jpeg\" \/>\n<meta name=\"author\" content=\"ktmin\" \/>\n<meta name=\"twitter:card\" content=\"summary_large_image\" \/>\n<meta name=\"twitter:creator\" content=\"@kt_gov\" \/>\n<meta name=\"twitter:site\" content=\"@kt_gov\" \/>\n<meta name=\"twitter:label1\" content=\"Written by\" \/>\n\t<meta name=\"twitter:data1\" content=\"ktmin\" \/>\n\t<meta name=\"twitter:label2\" content=\"Est. reading time\" \/>\n\t<meta name=\"twitter:data2\" content=\"4 minutes\" \/>\n<script type=\"application\/ld+json\" class=\"yoast-schema-graph\">{\"@context\":\"https:\\\/\\\/schema.org\",\"@graph\":[{\"@type\":\"Article\",\"@id\":\"https:\\\/\\\/kt.gov.rs\\\/sq\\\/nxenesve-te-klases-se-pare-ne-medvegje-u-jane-dorezuar-canta-dhe-mjete-shkollore-falas\\\/#article\",\"isPartOf\":{\"@id\":\"https:\\\/\\\/kt.gov.rs\\\/sq\\\/nxenesve-te-klases-se-pare-ne-medvegje-u-jane-dorezuar-canta-dhe-mjete-shkollore-falas\\\/\"},\"author\":{\"name\":\"ktmin\",\"@id\":\"https:\\\/\\\/kt.gov.rs\\\/#\\\/schema\\\/person\\\/e426459ddb4173309103390602694571\"},\"headline\":\"NX\u00cbN\u00cbSVE T\u00cb KLAS\u00cbS S\u00cb PAR\u00cb N\u00cb MEDVEGJ\u00cb U JAN\u00cb DOR\u00cbZUAR \u00c7ANTA DHE MJETE SHKOLLORE FALAS\",\"datePublished\":\"2026-09-02T09:53:59+00:00\",\"dateModified\":\"2026-09-02T10:01:29+00:00\",\"mainEntityOfPage\":{\"@id\":\"https:\\\/\\\/kt.gov.rs\\\/sq\\\/nxenesve-te-klases-se-pare-ne-medvegje-u-jane-dorezuar-canta-dhe-mjete-shkollore-falas\\\/\"},\"wordCount\":637,\"commentCount\":0,\"publisher\":{\"@id\":\"https:\\\/\\\/kt.gov.rs\\\/#organization\"},\"image\":{\"@id\":\"https:\\\/\\\/kt.gov.rs\\\/sq\\\/nxenesve-te-klases-se-pare-ne-medvegje-u-jane-dorezuar-canta-dhe-mjete-shkollore-falas\\\/#primaryimage\"},\"thumbnailUrl\":\"https:\\\/\\\/kt.gov.rs\\\/wp-content\\\/uploads\\\/2026\\\/09\\\/prvacislajd.jpg\",\"articleSection\":[\"Lajme\"],\"inLanguage\":\"sq-AL\",\"potentialAction\":[{\"@type\":\"CommentAction\",\"name\":\"Comment\",\"target\":[\"https:\\\/\\\/kt.gov.rs\\\/sq\\\/nxenesve-te-klases-se-pare-ne-medvegje-u-jane-dorezuar-canta-dhe-mjete-shkollore-falas\\\/#respond\"]}]},{\"@type\":\"WebPage\",\"@id\":\"https:\\\/\\\/kt.gov.rs\\\/sq\\\/nxenesve-te-klases-se-pare-ne-medvegje-u-jane-dorezuar-canta-dhe-mjete-shkollore-falas\\\/\",\"url\":\"https:\\\/\\\/kt.gov.rs\\\/sq\\\/nxenesve-te-klases-se-pare-ne-medvegje-u-jane-dorezuar-canta-dhe-mjete-shkollore-falas\\\/\",\"name\":\"NX\u00cbN\u00cbSVE T\u00cb KLAS\u00cbS S\u00cb PAR\u00cb N\u00cb MEDVEGJ\u00cb U JAN\u00cb DOR\u00cbZUAR \u00c7ANTA DHE MJETE SHKOLLORE FALAS - Republika e S\u00ebrbis\u00eb Trupi Koordinues p\u00ebr komunat Bujanoc, Preshev\u00eb dhe Medvegj\u00eb\",\"isPartOf\":{\"@id\":\"https:\\\/\\\/kt.gov.rs\\\/#website\"},\"primaryImageOfPage\":{\"@id\":\"https:\\\/\\\/kt.gov.rs\\\/sq\\\/nxenesve-te-klases-se-pare-ne-medvegje-u-jane-dorezuar-canta-dhe-mjete-shkollore-falas\\\/#primaryimage\"},\"image\":{\"@id\":\"https:\\\/\\\/kt.gov.rs\\\/sq\\\/nxenesve-te-klases-se-pare-ne-medvegje-u-jane-dorezuar-canta-dhe-mjete-shkollore-falas\\\/#primaryimage\"},\"thumbnailUrl\":\"https:\\\/\\\/kt.gov.rs\\\/wp-content\\\/uploads\\\/2026\\\/09\\\/prvacislajd.jpg\",\"datePublished\":\"2026-09-02T09:53:59+00:00\",\"dateModified\":\"2026-09-02T10:01:29+00:00\",\"breadcrumb\":{\"@id\":\"https:\\\/\\\/kt.gov.rs\\\/sq\\\/nxenesve-te-klases-se-pare-ne-medvegje-u-jane-dorezuar-canta-dhe-mjete-shkollore-falas\\\/#breadcrumb\"},\"inLanguage\":\"sq-AL\",\"potentialAction\":[{\"@type\":\"ReadAction\",\"target\":[\"https:\\\/\\\/kt.gov.rs\\\/sq\\\/nxenesve-te-klases-se-pare-ne-medvegje-u-jane-dorezuar-canta-dhe-mjete-shkollore-falas\\\/\"]}]},{\"@type\":\"ImageObject\",\"inLanguage\":\"sq-AL\",\"@id\":\"https:\\\/\\\/kt.gov.rs\\\/sq\\\/nxenesve-te-klases-se-pare-ne-medvegje-u-jane-dorezuar-canta-dhe-mjete-shkollore-falas\\\/#primaryimage\",\"url\":\"https:\\\/\\\/kt.gov.rs\\\/wp-content\\\/uploads\\\/2026\\\/09\\\/prvacislajd.jpg\",\"contentUrl\":\"https:\\\/\\\/kt.gov.rs\\\/wp-content\\\/uploads\\\/2026\\\/09\\\/prvacislajd.jpg\",\"width\":1250,\"height\":679},{\"@type\":\"BreadcrumbList\",\"@id\":\"https:\\\/\\\/kt.gov.rs\\\/sq\\\/nxenesve-te-klases-se-pare-ne-medvegje-u-jane-dorezuar-canta-dhe-mjete-shkollore-falas\\\/#breadcrumb\",\"itemListElement\":[{\"@type\":\"ListItem\",\"position\":1,\"name\":\"\u041f\u043e\u0447\u0435\u0442\u043d\u0430\",\"item\":\"https:\\\/\\\/kt.gov.rs\\\/sq\\\/\"},{\"@type\":\"ListItem\",\"position\":2,\"name\":\"NX\u00cbN\u00cbSVE T\u00cb KLAS\u00cbS S\u00cb PAR\u00cb N\u00cb MEDVEGJ\u00cb U JAN\u00cb DOR\u00cbZUAR \u00c7ANTA DHE MJETE SHKOLLORE FALAS\"}]},{\"@type\":\"WebSite\",\"@id\":\"https:\\\/\\\/kt.gov.rs\\\/#website\",\"url\":\"https:\\\/\\\/kt.gov.rs\\\/\",\"name\":\"\u041a\u043e\u043e\u0440\u0434\u0438\u043d\u0430\u0446\u0438\u043e\u043d\u043e \u0442\u0435\u043b\u043e \u0412\u043b\u0430\u0434\u0435 \u0420\u0435\u043f\u0443\u0431\u043b\u0438\u043a\u0435 \u0421\u0440\u0431\u0438\u0458\u0435 \u0437\u0430 \u043e\u043f\u0448\u0442\u0438\u043d\u0435 \u041f\u0440\u0435\u0448\u0435\u0432\u043e, \u0411\u0443\u0458\u0430\u043d\u043e\u0432\u0430\u0446 \u0438 \u041c\u0435\u0434\u0432\u0435\u0452a\",\"description\":\"\",\"publisher\":{\"@id\":\"https:\\\/\\\/kt.gov.rs\\\/#organization\"},\"alternateName\":\"\u041a\u043e\u043e\u0440\u0434\u0438\u043d\u0430\u0446\u0438\u043e\u043d\u043e \u0442\u0435\u043b\u043e\",\"potentialAction\":[{\"@type\":\"SearchAction\",\"target\":{\"@type\":\"EntryPoint\",\"urlTemplate\":\"https:\\\/\\\/kt.gov.rs\\\/?s={search_term_string}\"},\"query-input\":{\"@type\":\"PropertyValueSpecification\",\"valueRequired\":true,\"valueName\":\"search_term_string\"}}],\"inLanguage\":\"sq-AL\"},{\"@type\":\"Organization\",\"@id\":\"https:\\\/\\\/kt.gov.rs\\\/#organization\",\"name\":\"\u041a\u043e\u043e\u0440\u0434\u0438\u043d\u0430\u0446\u0438\u043e\u043d\u043e \u0442\u0435\u043b\u043e \u0412\u043b\u0430\u0434\u0435 \u0420\u0435\u043f\u0443\u0431\u043b\u0438\u043a\u0435 \u0421\u0440\u0431\u0438\u0458\u0435 \u0437\u0430 \u043e\u043f\u0448\u0442\u0438\u043d\u0435 \u041f\u0440\u0435\u0448\u0435\u0432\u043e, \u0411\u0443\u0458\u0430\u043d\u043e\u0432\u0430\u0446 \u0438 \u041c\u0435\u0434\u0432\u0435\u0452a\",\"alternateName\":\"\u041a\u043e\u043e\u0440\u0434\u0438\u043d\u0430\u0446\u0438\u043e\u043d\u043e \u0442\u0435\u043b\u043e\",\"url\":\"https:\\\/\\\/kt.gov.rs\\\/\",\"logo\":{\"@type\":\"ImageObject\",\"inLanguage\":\"sq-AL\",\"@id\":\"https:\\\/\\\/kt.gov.rs\\\/#\\\/schema\\\/logo\\\/image\\\/\",\"url\":\"https:\\\/\\\/kt.gov.rs\\\/wp-content\\\/uploads\\\/2024\\\/12\\\/koord2.jpg\",\"contentUrl\":\"https:\\\/\\\/kt.gov.rs\\\/wp-content\\\/uploads\\\/2024\\\/12\\\/koord2.jpg\",\"width\":640,\"height\":480,\"caption\":\"\u041a\u043e\u043e\u0440\u0434\u0438\u043d\u0430\u0446\u0438\u043e\u043d\u043e \u0442\u0435\u043b\u043e \u0412\u043b\u0430\u0434\u0435 \u0420\u0435\u043f\u0443\u0431\u043b\u0438\u043a\u0435 \u0421\u0440\u0431\u0438\u0458\u0435 \u0437\u0430 \u043e\u043f\u0448\u0442\u0438\u043d\u0435 \u041f\u0440\u0435\u0448\u0435\u0432\u043e, \u0411\u0443\u0458\u0430\u043d\u043e\u0432\u0430\u0446 \u0438 \u041c\u0435\u0434\u0432\u0435\u0452a\"},\"image\":{\"@id\":\"https:\\\/\\\/kt.gov.rs\\\/#\\\/schema\\\/logo\\\/image\\\/\"},\"sameAs\":[\"https:\\\/\\\/www.facebook.com\\\/SluzbaKoordinacionogTelaVladeRepublikeSrbije\",\"https:\\\/\\\/x.com\\\/kt_gov\",\"https:\\\/\\\/www.youtube.com\\\/@koordinacionotelo\"]},{\"@type\":\"Person\",\"@id\":\"https:\\\/\\\/kt.gov.rs\\\/#\\\/schema\\\/person\\\/e426459ddb4173309103390602694571\",\"name\":\"ktmin\",\"image\":{\"@type\":\"ImageObject\",\"inLanguage\":\"sq-AL\",\"@id\":\"https:\\\/\\\/secure.gravatar.com\\\/avatar\\\/3985c961109853010c3fbc7ba30365bfba5db3dd6c525831d9c595c7525a615a?s=96&d=mm&r=g\",\"url\":\"https:\\\/\\\/secure.gravatar.com\\\/avatar\\\/3985c961109853010c3fbc7ba30365bfba5db3dd6c525831d9c595c7525a615a?s=96&d=mm&r=g\",\"contentUrl\":\"https:\\\/\\\/secure.gravatar.com\\\/avatar\\\/3985c961109853010c3fbc7ba30365bfba5db3dd6c525831d9c595c7525a615a?s=96&d=mm&r=g\",\"caption\":\"ktmin\"},\"sameAs\":[\"https:\\\/\\\/kt.gov.rs\"],\"url\":\"https:\\\/\\\/kt.gov.rs\\\/sq\\\/author\\\/ktmin\\\/\"}]}<\/script>\n<!-- \/ Yoast SEO plugin. -->","yoast_head_json":{"title":"NX\u00cbN\u00cbSVE T\u00cb KLAS\u00cbS S\u00cb PAR\u00cb N\u00cb MEDVEGJ\u00cb U JAN\u00cb DOR\u00cbZUAR \u00c7ANTA DHE MJETE SHKOLLORE FALAS - Republika e S\u00ebrbis\u00eb Trupi Koordinues p\u00ebr komunat Bujanoc, Preshev\u00eb dhe Medvegj\u00eb","robots":{"index":"index","follow":"follow","max-snippet":"max-snippet:-1","max-image-preview":"max-image-preview:large","max-video-preview":"max-video-preview:-1"},"canonical":"https:\/\/kt.gov.rs\/sq\/nxenesve-te-klases-se-pare-ne-medvegje-u-jane-dorezuar-canta-dhe-mjete-shkollore-falas\/","og_locale":"sq_AL","og_type":"article","og_title":"NX\u00cbN\u00cbSVE T\u00cb KLAS\u00cbS S\u00cb PAR\u00cb N\u00cb MEDVEGJ\u00cb U JAN\u00cb DOR\u00cbZUAR \u00c7ANTA DHE MJETE SHKOLLORE FALAS - Republika e S\u00ebrbis\u00eb Trupi Koordinues p\u00ebr komunat Bujanoc, Preshev\u00eb dhe Medvegj\u00eb","og_description":"Sh\u00ebrbimi i Trupit Koordinues t\u00eb Qeveris\u00eb s\u00eb Republik\u00ebs s\u00eb Serbis\u00eb p\u00ebr komunat Preshev\u00eb, Bujanoc dhe Medvegj\u00eb ka siguruar edhe k\u00ebt\u00eb vit \u00e7anta shkollore dhe mjete shkollore falas p\u00ebr t\u00eb gjith\u00eb nx\u00ebn\u00ebsit q\u00eb fillojn\u00eb klas\u00ebn e par\u00eb t\u00eb shkoll\u00ebs fillore n\u00eb territorin e komun\u00ebs s\u00eb Medvegj\u00ebs.","og_url":"https:\/\/kt.gov.rs\/sq\/nxenesve-te-klases-se-pare-ne-medvegje-u-jane-dorezuar-canta-dhe-mjete-shkollore-falas\/","og_site_name":"Republika e S\u00ebrbis\u00eb Trupi Koordinues p\u00ebr komunat Bujanoc, Preshev\u00eb dhe Medvegj\u00eb","article_publisher":"https:\/\/www.facebook.com\/SluzbaKoordinacionogTelaVladeRepublikeSrbije","article_published_time":"2026-09-02T09:53:59+00:00","article_modified_time":"2026-09-02T10:01:29+00:00","og_image":[{"width":1250,"height":679,"url":"http:\/\/kt.gov.rs\/wp-content\/uploads\/2026\/09\/prvacislajd.jpg","type":"image\/jpeg"}],"author":"ktmin","twitter_card":"summary_large_image","twitter_creator":"@kt_gov","twitter_site":"@kt_gov","twitter_misc":{"Written by":"ktmin","Est. reading time":"4 minutes"},"schema":{"@context":"https:\/\/schema.org","@graph":[{"@type":"Article","@id":"https:\/\/kt.gov.rs\/sq\/nxenesve-te-klases-se-pare-ne-medvegje-u-jane-dorezuar-canta-dhe-mjete-shkollore-falas\/#article","isPartOf":{"@id":"https:\/\/kt.gov.rs\/sq\/nxenesve-te-klases-se-pare-ne-medvegje-u-jane-dorezuar-canta-dhe-mjete-shkollore-falas\/"},"author":{"name":"ktmin","@id":"https:\/\/kt.gov.rs\/#\/schema\/person\/e426459ddb4173309103390602694571"},"headline":"NX\u00cbN\u00cbSVE T\u00cb KLAS\u00cbS S\u00cb PAR\u00cb N\u00cb MEDVEGJ\u00cb U JAN\u00cb DOR\u00cbZUAR \u00c7ANTA DHE MJETE SHKOLLORE FALAS","datePublished":"2026-09-02T09:53:59+00:00","dateModified":"2026-09-02T10:01:29+00:00","mainEntityOfPage":{"@id":"https:\/\/kt.gov.rs\/sq\/nxenesve-te-klases-se-pare-ne-medvegje-u-jane-dorezuar-canta-dhe-mjete-shkollore-falas\/"},"wordCount":637,"commentCount":0,"publisher":{"@id":"https:\/\/kt.gov.rs\/#organization"},"image":{"@id":"https:\/\/kt.gov.rs\/sq\/nxenesve-te-klases-se-pare-ne-medvegje-u-jane-dorezuar-canta-dhe-mjete-shkollore-falas\/#primaryimage"},"thumbnailUrl":"https:\/\/kt.gov.rs\/wp-content\/uploads\/2026\/09\/prvacislajd.jpg","articleSection":["Lajme"],"inLanguage":"sq-AL","potentialAction":[{"@type":"CommentAction","name":"Comment","target":["https:\/\/kt.gov.rs\/sq\/nxenesve-te-klases-se-pare-ne-medvegje-u-jane-dorezuar-canta-dhe-mjete-shkollore-falas\/#respond"]}]},{"@type":"WebPage","@id":"https:\/\/kt.gov.rs\/sq\/nxenesve-te-klases-se-pare-ne-medvegje-u-jane-dorezuar-canta-dhe-mjete-shkollore-falas\/","url":"https:\/\/kt.gov.rs\/sq\/nxenesve-te-klases-se-pare-ne-medvegje-u-jane-dorezuar-canta-dhe-mjete-shkollore-falas\/","name":"NX\u00cbN\u00cbSVE T\u00cb KLAS\u00cbS S\u00cb PAR\u00cb N\u00cb MEDVEGJ\u00cb U JAN\u00cb DOR\u00cbZUAR \u00c7ANTA DHE MJETE SHKOLLORE FALAS - Republika e S\u00ebrbis\u00eb Trupi Koordinues p\u00ebr komunat Bujanoc, Preshev\u00eb dhe Medvegj\u00eb","isPartOf":{"@id":"https:\/\/kt.gov.rs\/#website"},"primaryImageOfPage":{"@id":"https:\/\/kt.gov.rs\/sq\/nxenesve-te-klases-se-pare-ne-medvegje-u-jane-dorezuar-canta-dhe-mjete-shkollore-falas\/#primaryimage"},"image":{"@id":"https:\/\/kt.gov.rs\/sq\/nxenesve-te-klases-se-pare-ne-medvegje-u-jane-dorezuar-canta-dhe-mjete-shkollore-falas\/#primaryimage"},"thumbnailUrl":"https:\/\/kt.gov.rs\/wp-content\/uploads\/2026\/09\/prvacislajd.jpg","datePublished":"2026-09-02T09:53:59+00:00","dateModified":"2026-09-02T10:01:29+00:00","breadcrumb":{"@id":"https:\/\/kt.gov.rs\/sq\/nxenesve-te-klases-se-pare-ne-medvegje-u-jane-dorezuar-canta-dhe-mjete-shkollore-falas\/#breadcrumb"},"inLanguage":"sq-AL","potentialAction":[{"@type":"ReadAction","target":["https:\/\/kt.gov.rs\/sq\/nxenesve-te-klases-se-pare-ne-medvegje-u-jane-dorezuar-canta-dhe-mjete-shkollore-falas\/"]}]},{"@type":"ImageObject","inLanguage":"sq-AL","@id":"https:\/\/kt.gov.rs\/sq\/nxenesve-te-klases-se-pare-ne-medvegje-u-jane-dorezuar-canta-dhe-mjete-shkollore-falas\/#primaryimage","url":"https:\/\/kt.gov.rs\/wp-content\/uploads\/2026\/09\/prvacislajd.jpg","contentUrl":"https:\/\/kt.gov.rs\/wp-content\/uploads\/2026\/09\/prvacislajd.jpg","width":1250,"height":679},{"@type":"BreadcrumbList","@id":"https:\/\/kt.gov.rs\/sq\/nxenesve-te-klases-se-pare-ne-medvegje-u-jane-dorezuar-canta-dhe-mjete-shkollore-falas\/#breadcrumb","itemListElement":[{"@type":"ListItem","position":1,"name":"\u041f\u043e\u0447\u0435\u0442\u043d\u0430","item":"https:\/\/kt.gov.rs\/sq\/"},{"@type":"ListItem","position":2,"name":"NX\u00cbN\u00cbSVE T\u00cb KLAS\u00cbS S\u00cb PAR\u00cb N\u00cb MEDVEGJ\u00cb U JAN\u00cb DOR\u00cbZUAR \u00c7ANTA DHE MJETE SHKOLLORE FALAS"}]},{"@type":"WebSite","@id":"https:\/\/kt.gov.rs\/#website","url":"https:\/\/kt.gov.rs\/","name":"\u041a\u043e\u043e\u0440\u0434\u0438\u043d\u0430\u0446\u0438\u043e\u043d\u043e \u0442\u0435\u043b\u043e \u0412\u043b\u0430\u0434\u0435 \u0420\u0435\u043f\u0443\u0431\u043b\u0438\u043a\u0435 \u0421\u0440\u0431\u0438\u0458\u0435 \u0437\u0430 \u043e\u043f\u0448\u0442\u0438\u043d\u0435 \u041f\u0440\u0435\u0448\u0435\u0432\u043e, \u0411\u0443\u0458\u0430\u043d\u043e\u0432\u0430\u0446 \u0438 \u041c\u0435\u0434\u0432\u0435\u0452a","description":"","publisher":{"@id":"https:\/\/kt.gov.rs\/#organization"},"alternateName":"\u041a\u043e\u043e\u0440\u0434\u0438\u043d\u0430\u0446\u0438\u043e\u043d\u043e \u0442\u0435\u043b\u043e","potentialAction":[{"@type":"SearchAction","target":{"@type":"EntryPoint","urlTemplate":"https:\/\/kt.gov.rs\/?s={search_term_string}"},"query-input":{"@type":"PropertyValueSpecification","valueRequired":true,"valueName":"search_term_string"}}],"inLanguage":"sq-AL"},{"@type":"Organization","@id":"https:\/\/kt.gov.rs\/#organization","name":"\u041a\u043e\u043e\u0440\u0434\u0438\u043d\u0430\u0446\u0438\u043e\u043d\u043e \u0442\u0435\u043b\u043e \u0412\u043b\u0430\u0434\u0435 \u0420\u0435\u043f\u0443\u0431\u043b\u0438\u043a\u0435 \u0421\u0440\u0431\u0438\u0458\u0435 \u0437\u0430 \u043e\u043f\u0448\u0442\u0438\u043d\u0435 \u041f\u0440\u0435\u0448\u0435\u0432\u043e, \u0411\u0443\u0458\u0430\u043d\u043e\u0432\u0430\u0446 \u0438 \u041c\u0435\u0434\u0432\u0435\u0452a","alternateName":"\u041a\u043e\u043e\u0440\u0434\u0438\u043d\u0430\u0446\u0438\u043e\u043d\u043e \u0442\u0435\u043b\u043e","url":"https:\/\/kt.gov.rs\/","logo":{"@type":"ImageObject","inLanguage":"sq-AL","@id":"https:\/\/kt.gov.rs\/#\/schema\/logo\/image\/","url":"https:\/\/kt.gov.rs\/wp-content\/uploads\/2024\/12\/koord2.jpg","contentUrl":"https:\/\/kt.gov.rs\/wp-content\/uploads\/2024\/12\/koord2.jpg","width":640,"height":480,"caption":"\u041a\u043e\u043e\u0440\u0434\u0438\u043d\u0430\u0446\u0438\u043e\u043d\u043e \u0442\u0435\u043b\u043e \u0412\u043b\u0430\u0434\u0435 \u0420\u0435\u043f\u0443\u0431\u043b\u0438\u043a\u0435 \u0421\u0440\u0431\u0438\u0458\u0435 \u0437\u0430 \u043e\u043f\u0448\u0442\u0438\u043d\u0435 \u041f\u0440\u0435\u0448\u0435\u0432\u043e, \u0411\u0443\u0458\u0430\u043d\u043e\u0432\u0430\u0446 \u0438 \u041c\u0435\u0434\u0432\u0435\u0452a"},"image":{"@id":"https:\/\/kt.gov.rs\/#\/schema\/logo\/image\/"},"sameAs":["https:\/\/www.facebook.com\/SluzbaKoordinacionogTelaVladeRepublikeSrbije","https:\/\/x.com\/kt_gov","https:\/\/www.youtube.com\/@koordinacionotelo"]},{"@type":"Person","@id":"https:\/\/kt.gov.rs\/#\/schema\/person\/e426459ddb4173309103390602694571","name":"ktmin","image":{"@type":"ImageObject","inLanguage":"sq-AL","@id":"https:\/\/secure.gravatar.com\/avatar\/3985c961109853010c3fbc7ba30365bfba5db3dd6c525831d9c595c7525a615a?s=96&d=mm&r=g","url":"https:\/\/secure.gravatar.com\/avatar\/3985c961109853010c3fbc7ba30365bfba5db3dd6c525831d9c595c7525a615a?s=96&d=mm&r=g","contentUrl":"https:\/\/secure.gravatar.com\/avatar\/3985c961109853010c3fbc7ba30365bfba5db3dd6c525831d9c595c7525a615a?s=96&d=mm&r=g","caption":"ktmin"},"sameAs":["https:\/\/kt.gov.rs"],"url":"https:\/\/kt.gov.rs\/sq\/author\/ktmin\/"}]}},"_links":{"self":[{"href":"https:\/\/kt.gov.rs\/sq\/wp-json\/wp\/v2\/posts\/147306","targetHints":{"allow":["GET"]}}],"collection":[{"href":"https:\/\/kt.gov.rs\/sq\/wp-json\/wp\/v2\/posts"}],"about":[{"href":"https:\/\/kt.gov.rs\/sq\/wp-json\/wp\/v2\/types\/post"}],"author":[{"embeddable":true,"href":"https:\/\/kt.gov.rs\/sq\/wp-json\/wp\/v2\/users\/1"}],"replies":[{"embeddable":true,"href":"https:\/\/kt.gov.rs\/sq\/wp-json\/wp\/v2\/comments?post=147306"}],"version-history":[{"count":1,"href":"https:\/\/kt.gov.rs\/sq\/wp-json\/wp\/v2\/posts\/147306\/revisions"}],"predecessor-version":[{"id":147307,"href":"https:\/\/kt.gov.rs\/sq\/wp-json\/wp\/v2\/posts\/147306\/revisions\/147307"}],"wp:featuredmedia":[{"embeddable":true,"href":"https:\/\/kt.gov.rs\/sq\/wp-json\/wp\/v2\/media\/147292"}],"wp:attachment":[{"href":"https:\/\/kt.gov.rs\/sq\/wp-json\/wp\/v2\/media?parent=147306"}],"wp:term":[{"taxonomy":"category","embeddable":true,"href":"https:\/\/kt.gov.rs\/sq\/wp-json\/wp\/v2\/categories?post=147306"},{"taxonomy":"post_tag","embeddable":true,"href":"https:\/\/kt.gov.rs\/sq\/wp-json\/wp\/v2\/tags?post=147306"}],"curies":[{"name":"wp","href":"https:\/\/api.w.org\/{rel}","templated":true}]}}