{"id":147287,"date":"2026-09-01T14:53:09","date_gmt":"2026-09-01T12:53:09","guid":{"rendered":"https:\/\/kt.gov.rs\/?p=147287"},"modified":"2026-09-01T14:59:23","modified_gmt":"2026-09-01T12:59:23","slug":"canta-dhe-pajisje-shkollore-falas-per-te-gjithe-nxenesit-e-klases-se-pare-ne-presheve-bujanoc-dhe-medvegje","status":"publish","type":"post","link":"https:\/\/kt.gov.rs\/sq\/canta-dhe-pajisje-shkollore-falas-per-te-gjithe-nxenesit-e-klases-se-pare-ne-presheve-bujanoc-dhe-medvegje\/","title":{"rendered":"\u00c7ANTA DHE PAJISJE SHKOLLORE FALAS P\u00cbR T\u00cb GJITH\u00cb NX\u00cbN\u00cbSIT E KLAS\u00cbS S\u00cb PAR\u00cb N\u00cb PRESHEV\u00cb, BUJANOC DHE MEDVEGJ\u00cb"},"content":{"rendered":"<p>Me rastin e fillimit t\u00eb vitit shkollor 2026\/2027, m\u00eb 1 shtator, u.d. i drejtorit t\u00eb Sh\u00ebrbimit t\u00eb Trupit Koordinues, Nenad Mitrovi\u0107, s\u00eb bashku me bashk\u00ebpun\u00ebtor\u00ebt, vizitoi shkollat fillore n\u00eb komunat Bujanoc dhe Preshev\u00eb, ku nx\u00ebn\u00ebsve t\u00eb klas\u00ebs s\u00eb par\u00eb u dor\u00ebzoi \u00e7anta dhe pajisje shkollore dhe u uroi nj\u00eb fillim t\u00eb mbar\u00eb dhe t\u00eb suksessh\u00ebm t\u00eb shkollimit.<br \/>\nN\u00eb komun\u00ebn e Bujanocit, Nenad Mitrovi\u0107 vizitoi Shkoll\u00ebn Fillore \u201eVuk Stefanovi\u0107 Karaxhiq\u201c n\u00eb Levosoje, ku, n\u00eb prani t\u00eb z\u00ebvend\u00ebskryetarit t\u00eb Komun\u00ebs s\u00eb Bujanocit, Aleksandar Milo\u0161evi\u0107, shp\u00ebrndau \u00e7antat dhe pajisjet shkollore, nd\u00ebrsa m\u00eb pas vizitoi Shkoll\u00ebn Fillore \u201eDesanka Maksimovi\u0107\u201c n\u00eb Bila\u00e7. N\u00eb Bila\u00e7, n\u00eb ceremonin\u00eb e shp\u00ebrndarjes mor\u00ebn pjes\u00eb shefja e Kabinetit t\u00eb Kryetarit t\u00eb Komun\u00ebs s\u00eb Bujanocit, Albulena Be\u0107iri, dhe shefi i Departamentit p\u00ebr Sh\u00ebrbime Publike, Agim Hasani.<\/p>\n<p><img decoding=\"async\" class=\"alignnone size-full wp-image-147275\" src=\"http:\/\/kt.gov.rs\/wp-content\/uploads\/2026\/09\/skola2.jpg\" alt=\"\" width=\"800\" height=\"600\" srcset=\"https:\/\/kt.gov.rs\/wp-content\/uploads\/2026\/09\/skola2.jpg 800w, https:\/\/kt.gov.rs\/wp-content\/uploads\/2026\/09\/skola2-300x225.jpg 300w, https:\/\/kt.gov.rs\/wp-content\/uploads\/2026\/09\/skola2-768x576.jpg 768w\" sizes=\"(max-width: 800px) 100vw, 800px\" \/>N\u00eb komun\u00ebn e Preshev\u00ebs, Nenad Mitrovi\u0107 vizitoi Shkoll\u00ebn Fillore \u201eVuk Karaxhiq\u201c n\u00eb Stacionin Hekurudhor. N\u00eb shp\u00ebrndarjen e \u00e7antave dhe pajisjeve shkollore mor\u00ebn pjes\u00eb p\u00ebrfaq\u00ebsues t\u00eb Komun\u00ebs s\u00eb Preshev\u00ebs, an\u00ebtar\u00ebt e K\u00ebshillit Komunal Enver Aliu dhe Bilal Bilali, shefi i Departamentit p\u00ebr Financa Esat Sediju, shefi i Departamentit p\u00ebr Veprimtari Shoq\u00ebrore Mustafa Isufi dhe k\u00ebshilltari n\u00eb Kuvendin e Komun\u00ebs s\u00eb Preshev\u00ebs, Branko Trajkovi\u0107.<br \/>\nShkoll\u00ebn Fillore \u201eSelami Hala\u00e7i\u201c n\u00eb Rahovic\u00eb e vizitoi u.d. z\u00ebvend\u00ebsdrejtoresha e Sh\u00ebrbimit t\u00eb Trupit Koordinues, Jelena \u010coli\u0107, e cila nx\u00ebn\u00ebsve t\u00eb klas\u00ebs s\u00eb par\u00eb u dor\u00ebzoi \u00e7anta dhe pajisje shkollore. N\u00eb shp\u00ebrndarje mor\u00ebn pjes\u00eb edhe p\u00ebrfaq\u00ebsues t\u00eb Komun\u00ebs s\u00eb Preshev\u00ebs.<\/p>\n<p><img decoding=\"async\" class=\"alignnone size-full wp-image-147272\" src=\"http:\/\/kt.gov.rs\/wp-content\/uploads\/2026\/09\/skolaslajd3.jpg\" alt=\"\" width=\"800\" height=\"600\" srcset=\"https:\/\/kt.gov.rs\/wp-content\/uploads\/2026\/09\/skolaslajd3.jpg 800w, https:\/\/kt.gov.rs\/wp-content\/uploads\/2026\/09\/skolaslajd3-300x225.jpg 300w, https:\/\/kt.gov.rs\/wp-content\/uploads\/2026\/09\/skolaslajd3-768x576.jpg 768w\" sizes=\"(max-width: 800px) 100vw, 800px\" \/><\/p>\n<p>Gjat\u00eb vizit\u00ebs n\u00eb shkolla, Nenad Mitrovi\u0107 bisedoi me nx\u00ebn\u00ebsit, m\u00ebsuesit dhe p\u00ebrfaq\u00ebsuesit e vet\u00ebqeverisjeve lokale dhe theksoi se investimi n\u00eb arsim dhe krijimi i kushteve t\u00eb mira p\u00ebr shkollimin e f\u00ebmij\u00ebve \u00ebsht\u00eb nj\u00eb nga prioritetet e r\u00ebnd\u00ebsishme t\u00eb pun\u00ebs s\u00eb Sh\u00ebrbimit t\u00eb Trupit Koordinues.<br \/>\n\u201eD\u00ebshirojm\u00eb q\u00eb fillimi i shkollimit p\u00ebr nx\u00ebn\u00ebsit tan\u00eb m\u00eb t\u00eb vegj\u00ebl t\u00eb jet\u00eb sa m\u00eb i bukur dhe pa shqet\u00ebsime. \u00c7anta dhe pajisjet shkollore jan\u00eb nj\u00eb shenj\u00eb e vog\u00ebl v\u00ebmendjeje, por edhe nj\u00eb m\u00ebnyr\u00eb p\u00ebr t\u00eb treguar se kujdesemi p\u00ebr f\u00ebmij\u00ebt dhe arsimimin e tyre. T\u00eb gjith\u00eb nx\u00ebn\u00ebsve t\u00eb klas\u00ebs s\u00eb par\u00eb u uroj shum\u00eb sukses, dije, shoq\u00ebrim dhe kujtime t\u00eb bukura gjat\u00eb shkollimit\u201c, tha Nenad Mitrovi\u0107.<br \/>\nSipas t\u00eb dh\u00ebnave t\u00eb dor\u00ebzuara nga nj\u00ebsit\u00eb e vet\u00ebqeverisjes lokale, n\u00eb vitin shkollor 2026\/2027, n\u00eb klas\u00ebn e par\u00eb n\u00eb komun\u00ebn e Preshev\u00ebs jan\u00eb regjistruar 305 nx\u00ebn\u00ebs, nd\u00ebrsa n\u00eb komun\u00ebn e Bujanocit jan\u00eb regjistruar 356 nx\u00ebn\u00ebs t\u00eb klas\u00ebs s\u00eb par\u00eb.<\/p>\n<p><img decoding=\"async\" class=\"alignnone size-full wp-image-147269\" src=\"http:\/\/kt.gov.rs\/wp-content\/uploads\/2026\/09\/skola4.jpg\" alt=\"\" width=\"800\" height=\"600\" srcset=\"https:\/\/kt.gov.rs\/wp-content\/uploads\/2026\/09\/skola4.jpg 800w, https:\/\/kt.gov.rs\/wp-content\/uploads\/2026\/09\/skola4-300x225.jpg 300w, https:\/\/kt.gov.rs\/wp-content\/uploads\/2026\/09\/skola4-768x576.jpg 768w\" sizes=\"(max-width: 800px) 100vw, 800px\" \/>P\u00ebr realizimin e k\u00ebsaj veprimtarie, Sh\u00ebrbimi i Trupit Koordinues ka ndar\u00eb gjithsej 3.200.000,00 dinar\u00eb, nd\u00ebrsa mjetet jan\u00eb shp\u00ebrndar\u00eb n\u00eb p\u00ebrpjes\u00ebtim me numrin e nx\u00ebn\u00ebsve q\u00eb regjistrojn\u00eb klas\u00ebn e par\u00eb.<br \/>\nSigurimi i \u00e7antave dhe pajisjeve shkollore \u00ebsht\u00eb pjes\u00eb e mb\u00ebshtetjes s\u00eb vazhdueshme t\u00eb Sh\u00ebrbimit t\u00eb Trupit Koordinues p\u00ebr f\u00ebmij\u00ebt dhe familjet n\u00eb territorin e Preshev\u00ebs, Bujanocit dhe Medvegj\u00ebs, me q\u00ebllim q\u00eb nx\u00ebn\u00ebsit m\u00eb t\u00eb vegj\u00ebl ta fillojn\u00eb arsimin fillor sa m\u00eb t\u00eb p\u00ebrgatitur dhe pa shqet\u00ebsime.<br \/>\nUrojm\u00eb t\u00eb gjith\u00eb nx\u00ebn\u00ebsit e klas\u00ebs s\u00eb par\u00eb p\u00ebr nj\u00eb fillim t\u00eb mbar\u00eb dhe t\u00eb suksessh\u00ebm t\u00eb shkollimit, shum\u00eb dije, shoq\u00ebrim dhe kujtime t\u00eb bukura shkollore!<\/p>\n<p><img decoding=\"async\" class=\"alignnone size-full wp-image-147281\" src=\"http:\/\/kt.gov.rs\/wp-content\/uploads\/2026\/09\/skolaslajd.jpg\" alt=\"\" width=\"1250\" height=\"679\" srcset=\"https:\/\/kt.gov.rs\/wp-content\/uploads\/2026\/09\/skolaslajd.jpg 1250w, https:\/\/kt.gov.rs\/wp-content\/uploads\/2026\/09\/skolaslajd-300x163.jpg 300w, https:\/\/kt.gov.rs\/wp-content\/uploads\/2026\/09\/skolaslajd-1024x556.jpg 1024w, https:\/\/kt.gov.rs\/wp-content\/uploads\/2026\/09\/skolaslajd-768x417.jpg 768w\" sizes=\"(max-width: 1250px) 100vw, 1250px\" \/><\/p>\n<p>Burimi: Sh\u00ebrbimi i Trupit Koordinues<\/p>\n","protected":false},"excerpt":{"rendered":"<p>Sh\u00ebrbimi i Trupit Koordinues t\u00eb Qeveris\u00eb s\u00eb Republik\u00ebs s\u00eb Serbis\u00eb p\u00ebr komunat Preshev\u00eb, Bujanoc dhe Medvegj\u00eb edhe k\u00ebt\u00eb vit ka siguruar \u00e7anta dhe pajisje shkollore falas p\u00ebr t\u00eb gjith\u00eb nx\u00ebn\u00ebsit q\u00eb fillojn\u00eb klas\u00ebn e par\u00eb t\u00eb shkoll\u00ebs fillore n\u00eb territorin e k\u00ebtyre tri komunave.<\/p>\n","protected":false},"author":1,"featured_media":147267,"comment_status":"open","ping_status":"open","sticky":false,"template":"","format":"standard","meta":{"footnotes":""},"categories":[55],"tags":[],"class_list":["post-147287","post","type-post","status-publish","format-standard","has-post-thumbnail","hentry","category-lajme"],"yoast_head":"<!-- This site is optimized with the Yoast SEO plugin v28.2 - https:\/\/yoast.com\/product\/yoast-seo-wordpress\/ -->\n<title>\u00c7ANTA DHE PAJISJE SHKOLLORE FALAS P\u00cbR T\u00cb GJITH\u00cb NX\u00cbN\u00cbSIT E KLAS\u00cbS S\u00cb PAR\u00cb N\u00cb PRESHEV\u00cb, BUJANOC DHE MEDVEGJ\u00cb - Republika e S\u00ebrbis\u00eb Trupi Koordinues p\u00ebr komunat Bujanoc, Preshev\u00eb dhe Medvegj\u00eb<\/title>\n<meta name=\"robots\" content=\"index, follow, max-snippet:-1, max-image-preview:large, max-video-preview:-1\" \/>\n<link rel=\"canonical\" href=\"https:\/\/kt.gov.rs\/sq\/canta-dhe-pajisje-shkollore-falas-per-te-gjithe-nxenesit-e-klases-se-pare-ne-presheve-bujanoc-dhe-medvegje\/\" \/>\n<meta property=\"og:locale\" content=\"sq_AL\" \/>\n<meta property=\"og:type\" content=\"article\" \/>\n<meta property=\"og:title\" content=\"\u00c7ANTA DHE PAJISJE SHKOLLORE FALAS P\u00cbR T\u00cb GJITH\u00cb NX\u00cbN\u00cbSIT E KLAS\u00cbS S\u00cb PAR\u00cb N\u00cb PRESHEV\u00cb, BUJANOC DHE MEDVEGJ\u00cb - Republika e S\u00ebrbis\u00eb Trupi Koordinues p\u00ebr komunat Bujanoc, Preshev\u00eb dhe Medvegj\u00eb\" \/>\n<meta property=\"og:description\" content=\"Sh\u00ebrbimi i Trupit Koordinues t\u00eb Qeveris\u00eb s\u00eb Republik\u00ebs s\u00eb Serbis\u00eb p\u00ebr komunat Preshev\u00eb, Bujanoc dhe Medvegj\u00eb edhe k\u00ebt\u00eb vit ka siguruar \u00e7anta dhe pajisje shkollore falas p\u00ebr t\u00eb gjith\u00eb nx\u00ebn\u00ebsit q\u00eb fillojn\u00eb klas\u00ebn e par\u00eb t\u00eb shkoll\u00ebs fillore n\u00eb territorin e k\u00ebtyre tri komunave.\" \/>\n<meta property=\"og:url\" content=\"https:\/\/kt.gov.rs\/sq\/canta-dhe-pajisje-shkollore-falas-per-te-gjithe-nxenesit-e-klases-se-pare-ne-presheve-bujanoc-dhe-medvegje\/\" \/>\n<meta property=\"og:site_name\" content=\"Republika e S\u00ebrbis\u00eb Trupi Koordinues p\u00ebr komunat Bujanoc, Preshev\u00eb dhe Medvegj\u00eb\" \/>\n<meta property=\"article:publisher\" content=\"https:\/\/www.facebook.com\/SluzbaKoordinacionogTelaVladeRepublikeSrbije\" \/>\n<meta property=\"article:published_time\" content=\"2026-09-01T12:53:09+00:00\" \/>\n<meta property=\"article:modified_time\" content=\"2026-09-01T12:59:23+00:00\" \/>\n<meta property=\"og:image\" content=\"http:\/\/kt.gov.rs\/wp-content\/uploads\/2026\/09\/skolaslajd4.jpg\" \/>\n\t<meta property=\"og:image:width\" content=\"1250\" \/>\n\t<meta property=\"og:image:height\" content=\"679\" \/>\n\t<meta property=\"og:image:type\" content=\"image\/jpeg\" \/>\n<meta name=\"author\" content=\"ktmin\" \/>\n<meta name=\"twitter:card\" content=\"summary_large_image\" \/>\n<meta name=\"twitter:creator\" content=\"@kt_gov\" \/>\n<meta name=\"twitter:site\" content=\"@kt_gov\" \/>\n<meta name=\"twitter:label1\" content=\"Written by\" \/>\n\t<meta name=\"twitter:data1\" content=\"ktmin\" \/>\n\t<meta name=\"twitter:label2\" content=\"Est. reading time\" \/>\n\t<meta name=\"twitter:data2\" content=\"4 minutes\" \/>\n<script type=\"application\/ld+json\" class=\"yoast-schema-graph\">{\"@context\":\"https:\\\/\\\/schema.org\",\"@graph\":[{\"@type\":\"Article\",\"@id\":\"https:\\\/\\\/kt.gov.rs\\\/sq\\\/canta-dhe-pajisje-shkollore-falas-per-te-gjithe-nxenesit-e-klases-se-pare-ne-presheve-bujanoc-dhe-medvegje\\\/#article\",\"isPartOf\":{\"@id\":\"https:\\\/\\\/kt.gov.rs\\\/sq\\\/canta-dhe-pajisje-shkollore-falas-per-te-gjithe-nxenesit-e-klases-se-pare-ne-presheve-bujanoc-dhe-medvegje\\\/\"},\"author\":{\"name\":\"ktmin\",\"@id\":\"https:\\\/\\\/kt.gov.rs\\\/#\\\/schema\\\/person\\\/e426459ddb4173309103390602694571\"},\"headline\":\"\u00c7ANTA DHE PAJISJE SHKOLLORE FALAS P\u00cbR T\u00cb GJITH\u00cb NX\u00cbN\u00cbSIT E KLAS\u00cbS S\u00cb PAR\u00cb N\u00cb PRESHEV\u00cb, BUJANOC DHE MEDVEGJ\u00cb\",\"datePublished\":\"2026-09-01T12:53:09+00:00\",\"dateModified\":\"2026-09-01T12:59:23+00:00\",\"mainEntityOfPage\":{\"@id\":\"https:\\\/\\\/kt.gov.rs\\\/sq\\\/canta-dhe-pajisje-shkollore-falas-per-te-gjithe-nxenesit-e-klases-se-pare-ne-presheve-bujanoc-dhe-medvegje\\\/\"},\"wordCount\":633,\"commentCount\":0,\"publisher\":{\"@id\":\"https:\\\/\\\/kt.gov.rs\\\/#organization\"},\"image\":{\"@id\":\"https:\\\/\\\/kt.gov.rs\\\/sq\\\/canta-dhe-pajisje-shkollore-falas-per-te-gjithe-nxenesit-e-klases-se-pare-ne-presheve-bujanoc-dhe-medvegje\\\/#primaryimage\"},\"thumbnailUrl\":\"https:\\\/\\\/kt.gov.rs\\\/wp-content\\\/uploads\\\/2026\\\/09\\\/skolaslajd4.jpg\",\"articleSection\":[\"Lajme\"],\"inLanguage\":\"sq-AL\",\"potentialAction\":[{\"@type\":\"CommentAction\",\"name\":\"Comment\",\"target\":[\"https:\\\/\\\/kt.gov.rs\\\/sq\\\/canta-dhe-pajisje-shkollore-falas-per-te-gjithe-nxenesit-e-klases-se-pare-ne-presheve-bujanoc-dhe-medvegje\\\/#respond\"]}]},{\"@type\":\"WebPage\",\"@id\":\"https:\\\/\\\/kt.gov.rs\\\/sq\\\/canta-dhe-pajisje-shkollore-falas-per-te-gjithe-nxenesit-e-klases-se-pare-ne-presheve-bujanoc-dhe-medvegje\\\/\",\"url\":\"https:\\\/\\\/kt.gov.rs\\\/sq\\\/canta-dhe-pajisje-shkollore-falas-per-te-gjithe-nxenesit-e-klases-se-pare-ne-presheve-bujanoc-dhe-medvegje\\\/\",\"name\":\"\u00c7ANTA DHE PAJISJE SHKOLLORE FALAS P\u00cbR T\u00cb GJITH\u00cb NX\u00cbN\u00cbSIT E KLAS\u00cbS S\u00cb PAR\u00cb N\u00cb PRESHEV\u00cb, BUJANOC DHE MEDVEGJ\u00cb - Republika e S\u00ebrbis\u00eb Trupi Koordinues p\u00ebr komunat Bujanoc, Preshev\u00eb dhe Medvegj\u00eb\",\"isPartOf\":{\"@id\":\"https:\\\/\\\/kt.gov.rs\\\/#website\"},\"primaryImageOfPage\":{\"@id\":\"https:\\\/\\\/kt.gov.rs\\\/sq\\\/canta-dhe-pajisje-shkollore-falas-per-te-gjithe-nxenesit-e-klases-se-pare-ne-presheve-bujanoc-dhe-medvegje\\\/#primaryimage\"},\"image\":{\"@id\":\"https:\\\/\\\/kt.gov.rs\\\/sq\\\/canta-dhe-pajisje-shkollore-falas-per-te-gjithe-nxenesit-e-klases-se-pare-ne-presheve-bujanoc-dhe-medvegje\\\/#primaryimage\"},\"thumbnailUrl\":\"https:\\\/\\\/kt.gov.rs\\\/wp-content\\\/uploads\\\/2026\\\/09\\\/skolaslajd4.jpg\",\"datePublished\":\"2026-09-01T12:53:09+00:00\",\"dateModified\":\"2026-09-01T12:59:23+00:00\",\"breadcrumb\":{\"@id\":\"https:\\\/\\\/kt.gov.rs\\\/sq\\\/canta-dhe-pajisje-shkollore-falas-per-te-gjithe-nxenesit-e-klases-se-pare-ne-presheve-bujanoc-dhe-medvegje\\\/#breadcrumb\"},\"inLanguage\":\"sq-AL\",\"potentialAction\":[{\"@type\":\"ReadAction\",\"target\":[\"https:\\\/\\\/kt.gov.rs\\\/sq\\\/canta-dhe-pajisje-shkollore-falas-per-te-gjithe-nxenesit-e-klases-se-pare-ne-presheve-bujanoc-dhe-medvegje\\\/\"]}]},{\"@type\":\"ImageObject\",\"inLanguage\":\"sq-AL\",\"@id\":\"https:\\\/\\\/kt.gov.rs\\\/sq\\\/canta-dhe-pajisje-shkollore-falas-per-te-gjithe-nxenesit-e-klases-se-pare-ne-presheve-bujanoc-dhe-medvegje\\\/#primaryimage\",\"url\":\"https:\\\/\\\/kt.gov.rs\\\/wp-content\\\/uploads\\\/2026\\\/09\\\/skolaslajd4.jpg\",\"contentUrl\":\"https:\\\/\\\/kt.gov.rs\\\/wp-content\\\/uploads\\\/2026\\\/09\\\/skolaslajd4.jpg\",\"width\":1250,\"height\":679},{\"@type\":\"BreadcrumbList\",\"@id\":\"https:\\\/\\\/kt.gov.rs\\\/sq\\\/canta-dhe-pajisje-shkollore-falas-per-te-gjithe-nxenesit-e-klases-se-pare-ne-presheve-bujanoc-dhe-medvegje\\\/#breadcrumb\",\"itemListElement\":[{\"@type\":\"ListItem\",\"position\":1,\"name\":\"\u041f\u043e\u0447\u0435\u0442\u043d\u0430\",\"item\":\"https:\\\/\\\/kt.gov.rs\\\/sq\\\/\"},{\"@type\":\"ListItem\",\"position\":2,\"name\":\"\u00c7ANTA DHE PAJISJE SHKOLLORE FALAS P\u00cbR T\u00cb GJITH\u00cb NX\u00cbN\u00cbSIT E KLAS\u00cbS S\u00cb PAR\u00cb N\u00cb PRESHEV\u00cb, BUJANOC DHE MEDVEGJ\u00cb\"}]},{\"@type\":\"WebSite\",\"@id\":\"https:\\\/\\\/kt.gov.rs\\\/#website\",\"url\":\"https:\\\/\\\/kt.gov.rs\\\/\",\"name\":\"\u041a\u043e\u043e\u0440\u0434\u0438\u043d\u0430\u0446\u0438\u043e\u043d\u043e \u0442\u0435\u043b\u043e \u0412\u043b\u0430\u0434\u0435 \u0420\u0435\u043f\u0443\u0431\u043b\u0438\u043a\u0435 \u0421\u0440\u0431\u0438\u0458\u0435 \u0437\u0430 \u043e\u043f\u0448\u0442\u0438\u043d\u0435 \u041f\u0440\u0435\u0448\u0435\u0432\u043e, \u0411\u0443\u0458\u0430\u043d\u043e\u0432\u0430\u0446 \u0438 \u041c\u0435\u0434\u0432\u0435\u0452a\",\"description\":\"\",\"publisher\":{\"@id\":\"https:\\\/\\\/kt.gov.rs\\\/#organization\"},\"alternateName\":\"\u041a\u043e\u043e\u0440\u0434\u0438\u043d\u0430\u0446\u0438\u043e\u043d\u043e \u0442\u0435\u043b\u043e\",\"potentialAction\":[{\"@type\":\"SearchAction\",\"target\":{\"@type\":\"EntryPoint\",\"urlTemplate\":\"https:\\\/\\\/kt.gov.rs\\\/?s={search_term_string}\"},\"query-input\":{\"@type\":\"PropertyValueSpecification\",\"valueRequired\":true,\"valueName\":\"search_term_string\"}}],\"inLanguage\":\"sq-AL\"},{\"@type\":\"Organization\",\"@id\":\"https:\\\/\\\/kt.gov.rs\\\/#organization\",\"name\":\"\u041a\u043e\u043e\u0440\u0434\u0438\u043d\u0430\u0446\u0438\u043e\u043d\u043e \u0442\u0435\u043b\u043e \u0412\u043b\u0430\u0434\u0435 \u0420\u0435\u043f\u0443\u0431\u043b\u0438\u043a\u0435 \u0421\u0440\u0431\u0438\u0458\u0435 \u0437\u0430 \u043e\u043f\u0448\u0442\u0438\u043d\u0435 \u041f\u0440\u0435\u0448\u0435\u0432\u043e, \u0411\u0443\u0458\u0430\u043d\u043e\u0432\u0430\u0446 \u0438 \u041c\u0435\u0434\u0432\u0435\u0452a\",\"alternateName\":\"\u041a\u043e\u043e\u0440\u0434\u0438\u043d\u0430\u0446\u0438\u043e\u043d\u043e \u0442\u0435\u043b\u043e\",\"url\":\"https:\\\/\\\/kt.gov.rs\\\/\",\"logo\":{\"@type\":\"ImageObject\",\"inLanguage\":\"sq-AL\",\"@id\":\"https:\\\/\\\/kt.gov.rs\\\/#\\\/schema\\\/logo\\\/image\\\/\",\"url\":\"https:\\\/\\\/kt.gov.rs\\\/wp-content\\\/uploads\\\/2024\\\/12\\\/koord2.jpg\",\"contentUrl\":\"https:\\\/\\\/kt.gov.rs\\\/wp-content\\\/uploads\\\/2024\\\/12\\\/koord2.jpg\",\"width\":640,\"height\":480,\"caption\":\"\u041a\u043e\u043e\u0440\u0434\u0438\u043d\u0430\u0446\u0438\u043e\u043d\u043e \u0442\u0435\u043b\u043e \u0412\u043b\u0430\u0434\u0435 \u0420\u0435\u043f\u0443\u0431\u043b\u0438\u043a\u0435 \u0421\u0440\u0431\u0438\u0458\u0435 \u0437\u0430 \u043e\u043f\u0448\u0442\u0438\u043d\u0435 \u041f\u0440\u0435\u0448\u0435\u0432\u043e, \u0411\u0443\u0458\u0430\u043d\u043e\u0432\u0430\u0446 \u0438 \u041c\u0435\u0434\u0432\u0435\u0452a\"},\"image\":{\"@id\":\"https:\\\/\\\/kt.gov.rs\\\/#\\\/schema\\\/logo\\\/image\\\/\"},\"sameAs\":[\"https:\\\/\\\/www.facebook.com\\\/SluzbaKoordinacionogTelaVladeRepublikeSrbije\",\"https:\\\/\\\/x.com\\\/kt_gov\",\"https:\\\/\\\/www.youtube.com\\\/@koordinacionotelo\"]},{\"@type\":\"Person\",\"@id\":\"https:\\\/\\\/kt.gov.rs\\\/#\\\/schema\\\/person\\\/e426459ddb4173309103390602694571\",\"name\":\"ktmin\",\"image\":{\"@type\":\"ImageObject\",\"inLanguage\":\"sq-AL\",\"@id\":\"https:\\\/\\\/secure.gravatar.com\\\/avatar\\\/3985c961109853010c3fbc7ba30365bfba5db3dd6c525831d9c595c7525a615a?s=96&d=mm&r=g\",\"url\":\"https:\\\/\\\/secure.gravatar.com\\\/avatar\\\/3985c961109853010c3fbc7ba30365bfba5db3dd6c525831d9c595c7525a615a?s=96&d=mm&r=g\",\"contentUrl\":\"https:\\\/\\\/secure.gravatar.com\\\/avatar\\\/3985c961109853010c3fbc7ba30365bfba5db3dd6c525831d9c595c7525a615a?s=96&d=mm&r=g\",\"caption\":\"ktmin\"},\"sameAs\":[\"https:\\\/\\\/kt.gov.rs\"],\"url\":\"https:\\\/\\\/kt.gov.rs\\\/sq\\\/author\\\/ktmin\\\/\"}]}<\/script>\n<!-- \/ Yoast SEO plugin. -->","yoast_head_json":{"title":"\u00c7ANTA DHE PAJISJE SHKOLLORE FALAS P\u00cbR T\u00cb GJITH\u00cb NX\u00cbN\u00cbSIT E KLAS\u00cbS S\u00cb PAR\u00cb N\u00cb PRESHEV\u00cb, BUJANOC DHE MEDVEGJ\u00cb - Republika e S\u00ebrbis\u00eb Trupi Koordinues p\u00ebr komunat Bujanoc, Preshev\u00eb dhe Medvegj\u00eb","robots":{"index":"index","follow":"follow","max-snippet":"max-snippet:-1","max-image-preview":"max-image-preview:large","max-video-preview":"max-video-preview:-1"},"canonical":"https:\/\/kt.gov.rs\/sq\/canta-dhe-pajisje-shkollore-falas-per-te-gjithe-nxenesit-e-klases-se-pare-ne-presheve-bujanoc-dhe-medvegje\/","og_locale":"sq_AL","og_type":"article","og_title":"\u00c7ANTA DHE PAJISJE SHKOLLORE FALAS P\u00cbR T\u00cb GJITH\u00cb NX\u00cbN\u00cbSIT E KLAS\u00cbS S\u00cb PAR\u00cb N\u00cb PRESHEV\u00cb, BUJANOC DHE MEDVEGJ\u00cb - Republika e S\u00ebrbis\u00eb Trupi Koordinues p\u00ebr komunat Bujanoc, Preshev\u00eb dhe Medvegj\u00eb","og_description":"Sh\u00ebrbimi i Trupit Koordinues t\u00eb Qeveris\u00eb s\u00eb Republik\u00ebs s\u00eb Serbis\u00eb p\u00ebr komunat Preshev\u00eb, Bujanoc dhe Medvegj\u00eb edhe k\u00ebt\u00eb vit ka siguruar \u00e7anta dhe pajisje shkollore falas p\u00ebr t\u00eb gjith\u00eb nx\u00ebn\u00ebsit q\u00eb fillojn\u00eb klas\u00ebn e par\u00eb t\u00eb shkoll\u00ebs fillore n\u00eb territorin e k\u00ebtyre tri komunave.","og_url":"https:\/\/kt.gov.rs\/sq\/canta-dhe-pajisje-shkollore-falas-per-te-gjithe-nxenesit-e-klases-se-pare-ne-presheve-bujanoc-dhe-medvegje\/","og_site_name":"Republika e S\u00ebrbis\u00eb Trupi Koordinues p\u00ebr komunat Bujanoc, Preshev\u00eb dhe Medvegj\u00eb","article_publisher":"https:\/\/www.facebook.com\/SluzbaKoordinacionogTelaVladeRepublikeSrbije","article_published_time":"2026-09-01T12:53:09+00:00","article_modified_time":"2026-09-01T12:59:23+00:00","og_image":[{"width":1250,"height":679,"url":"http:\/\/kt.gov.rs\/wp-content\/uploads\/2026\/09\/skolaslajd4.jpg","type":"image\/jpeg"}],"author":"ktmin","twitter_card":"summary_large_image","twitter_creator":"@kt_gov","twitter_site":"@kt_gov","twitter_misc":{"Written by":"ktmin","Est. reading time":"4 minutes"},"schema":{"@context":"https:\/\/schema.org","@graph":[{"@type":"Article","@id":"https:\/\/kt.gov.rs\/sq\/canta-dhe-pajisje-shkollore-falas-per-te-gjithe-nxenesit-e-klases-se-pare-ne-presheve-bujanoc-dhe-medvegje\/#article","isPartOf":{"@id":"https:\/\/kt.gov.rs\/sq\/canta-dhe-pajisje-shkollore-falas-per-te-gjithe-nxenesit-e-klases-se-pare-ne-presheve-bujanoc-dhe-medvegje\/"},"author":{"name":"ktmin","@id":"https:\/\/kt.gov.rs\/#\/schema\/person\/e426459ddb4173309103390602694571"},"headline":"\u00c7ANTA DHE PAJISJE SHKOLLORE FALAS P\u00cbR T\u00cb GJITH\u00cb NX\u00cbN\u00cbSIT E KLAS\u00cbS S\u00cb PAR\u00cb N\u00cb PRESHEV\u00cb, BUJANOC DHE MEDVEGJ\u00cb","datePublished":"2026-09-01T12:53:09+00:00","dateModified":"2026-09-01T12:59:23+00:00","mainEntityOfPage":{"@id":"https:\/\/kt.gov.rs\/sq\/canta-dhe-pajisje-shkollore-falas-per-te-gjithe-nxenesit-e-klases-se-pare-ne-presheve-bujanoc-dhe-medvegje\/"},"wordCount":633,"commentCount":0,"publisher":{"@id":"https:\/\/kt.gov.rs\/#organization"},"image":{"@id":"https:\/\/kt.gov.rs\/sq\/canta-dhe-pajisje-shkollore-falas-per-te-gjithe-nxenesit-e-klases-se-pare-ne-presheve-bujanoc-dhe-medvegje\/#primaryimage"},"thumbnailUrl":"https:\/\/kt.gov.rs\/wp-content\/uploads\/2026\/09\/skolaslajd4.jpg","articleSection":["Lajme"],"inLanguage":"sq-AL","potentialAction":[{"@type":"CommentAction","name":"Comment","target":["https:\/\/kt.gov.rs\/sq\/canta-dhe-pajisje-shkollore-falas-per-te-gjithe-nxenesit-e-klases-se-pare-ne-presheve-bujanoc-dhe-medvegje\/#respond"]}]},{"@type":"WebPage","@id":"https:\/\/kt.gov.rs\/sq\/canta-dhe-pajisje-shkollore-falas-per-te-gjithe-nxenesit-e-klases-se-pare-ne-presheve-bujanoc-dhe-medvegje\/","url":"https:\/\/kt.gov.rs\/sq\/canta-dhe-pajisje-shkollore-falas-per-te-gjithe-nxenesit-e-klases-se-pare-ne-presheve-bujanoc-dhe-medvegje\/","name":"\u00c7ANTA DHE PAJISJE SHKOLLORE FALAS P\u00cbR T\u00cb GJITH\u00cb NX\u00cbN\u00cbSIT E KLAS\u00cbS S\u00cb PAR\u00cb N\u00cb PRESHEV\u00cb, BUJANOC DHE MEDVEGJ\u00cb - Republika e S\u00ebrbis\u00eb Trupi Koordinues p\u00ebr komunat Bujanoc, Preshev\u00eb dhe Medvegj\u00eb","isPartOf":{"@id":"https:\/\/kt.gov.rs\/#website"},"primaryImageOfPage":{"@id":"https:\/\/kt.gov.rs\/sq\/canta-dhe-pajisje-shkollore-falas-per-te-gjithe-nxenesit-e-klases-se-pare-ne-presheve-bujanoc-dhe-medvegje\/#primaryimage"},"image":{"@id":"https:\/\/kt.gov.rs\/sq\/canta-dhe-pajisje-shkollore-falas-per-te-gjithe-nxenesit-e-klases-se-pare-ne-presheve-bujanoc-dhe-medvegje\/#primaryimage"},"thumbnailUrl":"https:\/\/kt.gov.rs\/wp-content\/uploads\/2026\/09\/skolaslajd4.jpg","datePublished":"2026-09-01T12:53:09+00:00","dateModified":"2026-09-01T12:59:23+00:00","breadcrumb":{"@id":"https:\/\/kt.gov.rs\/sq\/canta-dhe-pajisje-shkollore-falas-per-te-gjithe-nxenesit-e-klases-se-pare-ne-presheve-bujanoc-dhe-medvegje\/#breadcrumb"},"inLanguage":"sq-AL","potentialAction":[{"@type":"ReadAction","target":["https:\/\/kt.gov.rs\/sq\/canta-dhe-pajisje-shkollore-falas-per-te-gjithe-nxenesit-e-klases-se-pare-ne-presheve-bujanoc-dhe-medvegje\/"]}]},{"@type":"ImageObject","inLanguage":"sq-AL","@id":"https:\/\/kt.gov.rs\/sq\/canta-dhe-pajisje-shkollore-falas-per-te-gjithe-nxenesit-e-klases-se-pare-ne-presheve-bujanoc-dhe-medvegje\/#primaryimage","url":"https:\/\/kt.gov.rs\/wp-content\/uploads\/2026\/09\/skolaslajd4.jpg","contentUrl":"https:\/\/kt.gov.rs\/wp-content\/uploads\/2026\/09\/skolaslajd4.jpg","width":1250,"height":679},{"@type":"BreadcrumbList","@id":"https:\/\/kt.gov.rs\/sq\/canta-dhe-pajisje-shkollore-falas-per-te-gjithe-nxenesit-e-klases-se-pare-ne-presheve-bujanoc-dhe-medvegje\/#breadcrumb","itemListElement":[{"@type":"ListItem","position":1,"name":"\u041f\u043e\u0447\u0435\u0442\u043d\u0430","item":"https:\/\/kt.gov.rs\/sq\/"},{"@type":"ListItem","position":2,"name":"\u00c7ANTA DHE PAJISJE SHKOLLORE FALAS P\u00cbR T\u00cb GJITH\u00cb NX\u00cbN\u00cbSIT E KLAS\u00cbS S\u00cb PAR\u00cb N\u00cb PRESHEV\u00cb, BUJANOC DHE MEDVEGJ\u00cb"}]},{"@type":"WebSite","@id":"https:\/\/kt.gov.rs\/#website","url":"https:\/\/kt.gov.rs\/","name":"\u041a\u043e\u043e\u0440\u0434\u0438\u043d\u0430\u0446\u0438\u043e\u043d\u043e \u0442\u0435\u043b\u043e \u0412\u043b\u0430\u0434\u0435 \u0420\u0435\u043f\u0443\u0431\u043b\u0438\u043a\u0435 \u0421\u0440\u0431\u0438\u0458\u0435 \u0437\u0430 \u043e\u043f\u0448\u0442\u0438\u043d\u0435 \u041f\u0440\u0435\u0448\u0435\u0432\u043e, \u0411\u0443\u0458\u0430\u043d\u043e\u0432\u0430\u0446 \u0438 \u041c\u0435\u0434\u0432\u0435\u0452a","description":"","publisher":{"@id":"https:\/\/kt.gov.rs\/#organization"},"alternateName":"\u041a\u043e\u043e\u0440\u0434\u0438\u043d\u0430\u0446\u0438\u043e\u043d\u043e \u0442\u0435\u043b\u043e","potentialAction":[{"@type":"SearchAction","target":{"@type":"EntryPoint","urlTemplate":"https:\/\/kt.gov.rs\/?s={search_term_string}"},"query-input":{"@type":"PropertyValueSpecification","valueRequired":true,"valueName":"search_term_string"}}],"inLanguage":"sq-AL"},{"@type":"Organization","@id":"https:\/\/kt.gov.rs\/#organization","name":"\u041a\u043e\u043e\u0440\u0434\u0438\u043d\u0430\u0446\u0438\u043e\u043d\u043e \u0442\u0435\u043b\u043e \u0412\u043b\u0430\u0434\u0435 \u0420\u0435\u043f\u0443\u0431\u043b\u0438\u043a\u0435 \u0421\u0440\u0431\u0438\u0458\u0435 \u0437\u0430 \u043e\u043f\u0448\u0442\u0438\u043d\u0435 \u041f\u0440\u0435\u0448\u0435\u0432\u043e, \u0411\u0443\u0458\u0430\u043d\u043e\u0432\u0430\u0446 \u0438 \u041c\u0435\u0434\u0432\u0435\u0452a","alternateName":"\u041a\u043e\u043e\u0440\u0434\u0438\u043d\u0430\u0446\u0438\u043e\u043d\u043e \u0442\u0435\u043b\u043e","url":"https:\/\/kt.gov.rs\/","logo":{"@type":"ImageObject","inLanguage":"sq-AL","@id":"https:\/\/kt.gov.rs\/#\/schema\/logo\/image\/","url":"https:\/\/kt.gov.rs\/wp-content\/uploads\/2024\/12\/koord2.jpg","contentUrl":"https:\/\/kt.gov.rs\/wp-content\/uploads\/2024\/12\/koord2.jpg","width":640,"height":480,"caption":"\u041a\u043e\u043e\u0440\u0434\u0438\u043d\u0430\u0446\u0438\u043e\u043d\u043e \u0442\u0435\u043b\u043e \u0412\u043b\u0430\u0434\u0435 \u0420\u0435\u043f\u0443\u0431\u043b\u0438\u043a\u0435 \u0421\u0440\u0431\u0438\u0458\u0435 \u0437\u0430 \u043e\u043f\u0448\u0442\u0438\u043d\u0435 \u041f\u0440\u0435\u0448\u0435\u0432\u043e, \u0411\u0443\u0458\u0430\u043d\u043e\u0432\u0430\u0446 \u0438 \u041c\u0435\u0434\u0432\u0435\u0452a"},"image":{"@id":"https:\/\/kt.gov.rs\/#\/schema\/logo\/image\/"},"sameAs":["https:\/\/www.facebook.com\/SluzbaKoordinacionogTelaVladeRepublikeSrbije","https:\/\/x.com\/kt_gov","https:\/\/www.youtube.com\/@koordinacionotelo"]},{"@type":"Person","@id":"https:\/\/kt.gov.rs\/#\/schema\/person\/e426459ddb4173309103390602694571","name":"ktmin","image":{"@type":"ImageObject","inLanguage":"sq-AL","@id":"https:\/\/secure.gravatar.com\/avatar\/3985c961109853010c3fbc7ba30365bfba5db3dd6c525831d9c595c7525a615a?s=96&d=mm&r=g","url":"https:\/\/secure.gravatar.com\/avatar\/3985c961109853010c3fbc7ba30365bfba5db3dd6c525831d9c595c7525a615a?s=96&d=mm&r=g","contentUrl":"https:\/\/secure.gravatar.com\/avatar\/3985c961109853010c3fbc7ba30365bfba5db3dd6c525831d9c595c7525a615a?s=96&d=mm&r=g","caption":"ktmin"},"sameAs":["https:\/\/kt.gov.rs"],"url":"https:\/\/kt.gov.rs\/sq\/author\/ktmin\/"}]}},"_links":{"self":[{"href":"https:\/\/kt.gov.rs\/sq\/wp-json\/wp\/v2\/posts\/147287","targetHints":{"allow":["GET"]}}],"collection":[{"href":"https:\/\/kt.gov.rs\/sq\/wp-json\/wp\/v2\/posts"}],"about":[{"href":"https:\/\/kt.gov.rs\/sq\/wp-json\/wp\/v2\/types\/post"}],"author":[{"embeddable":true,"href":"https:\/\/kt.gov.rs\/sq\/wp-json\/wp\/v2\/users\/1"}],"replies":[{"embeddable":true,"href":"https:\/\/kt.gov.rs\/sq\/wp-json\/wp\/v2\/comments?post=147287"}],"version-history":[{"count":1,"href":"https:\/\/kt.gov.rs\/sq\/wp-json\/wp\/v2\/posts\/147287\/revisions"}],"predecessor-version":[{"id":147288,"href":"https:\/\/kt.gov.rs\/sq\/wp-json\/wp\/v2\/posts\/147287\/revisions\/147288"}],"wp:featuredmedia":[{"embeddable":true,"href":"https:\/\/kt.gov.rs\/sq\/wp-json\/wp\/v2\/media\/147267"}],"wp:attachment":[{"href":"https:\/\/kt.gov.rs\/sq\/wp-json\/wp\/v2\/media?parent=147287"}],"wp:term":[{"taxonomy":"category","embeddable":true,"href":"https:\/\/kt.gov.rs\/sq\/wp-json\/wp\/v2\/categories?post=147287"},{"taxonomy":"post_tag","embeddable":true,"href":"https:\/\/kt.gov.rs\/sq\/wp-json\/wp\/v2\/tags?post=147287"}],"curies":[{"name":"wp","href":"https:\/\/api.w.org\/{rel}","templated":true}]}}