{"id":147263,"date":"2026-08-31T10:39:19","date_gmt":"2026-08-31T08:39:19","guid":{"rendered":"https:\/\/kt.gov.rs\/?p=147263"},"modified":"2026-08-31T10:41:39","modified_gmt":"2026-08-31T08:41:39","slug":"sherbimi-i-trupit-koordinues-siguroi-canta-dhe-pajisje-shkollore-per-te-gjithe-nxenesit-e-klases-se-pare-ne-presheve-bujanoc-dhe-medvegje","status":"publish","type":"post","link":"https:\/\/kt.gov.rs\/sq\/sherbimi-i-trupit-koordinues-siguroi-canta-dhe-pajisje-shkollore-per-te-gjithe-nxenesit-e-klases-se-pare-ne-presheve-bujanoc-dhe-medvegje\/","title":{"rendered":"SH\u00cbRBIMI I TRUPIT KOORDINUES SIGUROI \u00c7ANTA DHE PAJISJE SHKOLLORE P\u00cbR T\u00cb GJITH\u00cb NX\u00cbN\u00cbSIT E KLAS\u00cbS S\u00cb PAR\u00cb N\u00cb PRESHEV\u00cb, BUJANOC DHE MEDVEGJ\u00cb"},"content":{"rendered":"<p class=\"isSelectedEnd\">U.d. i drejtorit t\u00eb Sh\u00ebrbimit t\u00eb Trupit Koordinues, Nenad Mitrovi\u0107, s\u00eb bashku me kryetar\u00ebt e komunave Preshev\u00eb, Bujanoc dhe Medvegj\u00eb, do t\u2019u dor\u00ebzoj\u00eb \u00e7antat dhe pajisjet shkollore nx\u00ebn\u00ebsve t\u00eb klas\u00ebs s\u00eb par\u00eb dhe do t\u2019u uroj\u00eb atyre nj\u00eb fillim t\u00eb mbar\u00eb dhe t\u00eb suksessh\u00ebm t\u00eb shkollimit.<\/p>\n<p class=\"isSelectedEnd\"><strong>E mart\u00eb, 1 shtator \u2013 Bujanoc dhe Preshev\u00eb<\/strong><\/p>\n<p class=\"isSelectedEnd\"><strong>Bujanoc<\/strong><\/p>\n<p class=\"isSelectedEnd\">SHF \u201eVuk Stefanovi\u0107 Karaxhiq\u201c, Levosoje \u2013 08:00\u201308:50<\/p>\n<p class=\"isSelectedEnd\">SHF \u201eDesanka Maksimovi\u0107\u201c, Bila\u00e7 \u2013 09:05\u201309:35<\/p>\n<p class=\"isSelectedEnd\"><strong>Preshev\u00eb<\/strong><\/p>\n<p class=\"isSelectedEnd\">SHF \u201eVuk Karaxhiq\u201c, Stacioni Hekurudhor \u2013 09:50\u201310:15<\/p>\n<p class=\"isSelectedEnd\">SHF \u201eSelami Hala\u00e7i\u201c, Rahovic\u00eb \u2013 13:30\u201314:00<\/p>\n<p class=\"isSelectedEnd\"><strong>Medvegj\u00eb \u2013 2 shtator<\/strong><\/p>\n<p class=\"isSelectedEnd\">SHF \u201eGorna Jabllanica\u201c, Medvegj\u00eb \u2013 10:30<\/p>\n<p class=\"isSelectedEnd\">P\u00ebr realizimin e k\u00ebsaj veprimtarie, Sh\u00ebrbimi i Trupit Koordinues ka ndar\u00eb <strong>3.200.000 dinar\u00eb<\/strong>.<\/p>\n<p class=\"isSelectedEnd\">Ndarja e \u00e7antave dhe pajisjeve shkollore \u00ebsht\u00eb pjes\u00eb e mb\u00ebshtetjes s\u00eb vazhdueshme t\u00eb Sh\u00ebrbimit t\u00eb Trupit Koordinues p\u00ebr f\u00ebmij\u00ebt dhe familjet nga territori i Preshev\u00ebs, Bujanocit dhe Medvegj\u00ebs.<\/p>\n<p class=\"isSelectedEnd\"><strong>Urojm\u00eb t\u00eb gjith\u00eb nx\u00ebn\u00ebsit e klas\u00ebs s\u00eb par\u00eb p\u00ebr nj\u00eb fillim t\u00eb mbar\u00eb t\u00eb shkoll\u00ebs, shum\u00eb dije, miq\u00ebsi t\u00eb reja dhe kujtime t\u00eb bukura shkollore!<\/strong><\/p>\n<p><strong><img decoding=\"async\" class=\"alignnone size-full wp-image-147259\" src=\"http:\/\/kt.gov.rs\/wp-content\/uploads\/2026\/08\/viber-image-2026-08-31-09-37-40-148.jpg\" alt=\"\" width=\"960\" height=\"714\" srcset=\"https:\/\/kt.gov.rs\/wp-content\/uploads\/2026\/08\/viber-image-2026-08-31-09-37-40-148.jpg 960w, https:\/\/kt.gov.rs\/wp-content\/uploads\/2026\/08\/viber-image-2026-08-31-09-37-40-148-300x223.jpg 300w, https:\/\/kt.gov.rs\/wp-content\/uploads\/2026\/08\/viber-image-2026-08-31-09-37-40-148-768x571.jpg 768w\" sizes=\"(max-width: 960px) 100vw, 960px\" \/>Burimi: Sh\u00ebrbimi i Trupit Koordinues<\/strong><\/p>\n","protected":false},"excerpt":{"rendered":"<p>Sh\u00ebrbimi i Trupit Koordinues t\u00eb Qeveris\u00eb s\u00eb Republik\u00ebs s\u00eb Serbis\u00eb p\u00ebr komunat Preshev\u00eb, Bujanoc dhe Medvegj\u00eb edhe k\u00ebt\u00eb vit ka siguruar mjete p\u00ebr blerjen e \u00e7antave dhe pajisjeve shkollore p\u00ebr t\u00eb gjith\u00eb nx\u00ebn\u00ebsit q\u00eb n\u00eb vitin shkollor 2026\/2027 fillojn\u00eb klas\u00ebn e par\u00eb t\u00eb shkoll\u00ebs fillore n\u00eb territorin e k\u00ebtyre tri komunave.<\/p>\n","protected":false},"author":1,"featured_media":147256,"comment_status":"open","ping_status":"open","sticky":false,"template":"","format":"standard","meta":{"footnotes":""},"categories":[55],"tags":[],"class_list":["post-147263","post","type-post","status-publish","format-standard","has-post-thumbnail","hentry","category-lajme"],"yoast_head":"<!-- This site is optimized with the Yoast SEO plugin v28.2 - https:\/\/yoast.com\/product\/yoast-seo-wordpress\/ -->\n<title>SH\u00cbRBIMI I TRUPIT KOORDINUES SIGUROI \u00c7ANTA DHE PAJISJE SHKOLLORE P\u00cbR T\u00cb GJITH\u00cb NX\u00cbN\u00cbSIT E KLAS\u00cbS S\u00cb PAR\u00cb N\u00cb PRESHEV\u00cb, BUJANOC DHE MEDVEGJ\u00cb - Republika e S\u00ebrbis\u00eb Trupi Koordinues p\u00ebr komunat Bujanoc, Preshev\u00eb dhe Medvegj\u00eb<\/title>\n<meta name=\"robots\" content=\"index, follow, max-snippet:-1, max-image-preview:large, max-video-preview:-1\" \/>\n<link rel=\"canonical\" href=\"https:\/\/kt.gov.rs\/sq\/sherbimi-i-trupit-koordinues-siguroi-canta-dhe-pajisje-shkollore-per-te-gjithe-nxenesit-e-klases-se-pare-ne-presheve-bujanoc-dhe-medvegje\/\" \/>\n<meta property=\"og:locale\" content=\"sq_AL\" \/>\n<meta property=\"og:type\" content=\"article\" \/>\n<meta property=\"og:title\" content=\"SH\u00cbRBIMI I TRUPIT KOORDINUES SIGUROI \u00c7ANTA DHE PAJISJE SHKOLLORE P\u00cbR T\u00cb GJITH\u00cb NX\u00cbN\u00cbSIT E KLAS\u00cbS S\u00cb PAR\u00cb N\u00cb PRESHEV\u00cb, BUJANOC DHE MEDVEGJ\u00cb - Republika e S\u00ebrbis\u00eb Trupi Koordinues p\u00ebr komunat Bujanoc, Preshev\u00eb dhe Medvegj\u00eb\" \/>\n<meta property=\"og:description\" content=\"Sh\u00ebrbimi i Trupit Koordinues t\u00eb Qeveris\u00eb s\u00eb Republik\u00ebs s\u00eb Serbis\u00eb p\u00ebr komunat Preshev\u00eb, Bujanoc dhe Medvegj\u00eb edhe k\u00ebt\u00eb vit ka siguruar mjete p\u00ebr blerjen e \u00e7antave dhe pajisjeve shkollore p\u00ebr t\u00eb gjith\u00eb nx\u00ebn\u00ebsit q\u00eb n\u00eb vitin shkollor 2026\/2027 fillojn\u00eb klas\u00ebn e par\u00eb t\u00eb shkoll\u00ebs fillore n\u00eb territorin e k\u00ebtyre tri komunave.\" \/>\n<meta property=\"og:url\" content=\"https:\/\/kt.gov.rs\/sq\/sherbimi-i-trupit-koordinues-siguroi-canta-dhe-pajisje-shkollore-per-te-gjithe-nxenesit-e-klases-se-pare-ne-presheve-bujanoc-dhe-medvegje\/\" \/>\n<meta property=\"og:site_name\" content=\"Republika e S\u00ebrbis\u00eb Trupi Koordinues p\u00ebr komunat Bujanoc, Preshev\u00eb dhe Medvegj\u00eb\" \/>\n<meta property=\"article:publisher\" content=\"https:\/\/www.facebook.com\/SluzbaKoordinacionogTelaVladeRepublikeSrbije\" \/>\n<meta property=\"article:published_time\" content=\"2026-08-31T08:39:19+00:00\" \/>\n<meta property=\"article:modified_time\" content=\"2026-08-31T08:41:39+00:00\" \/>\n<meta property=\"og:image\" content=\"http:\/\/kt.gov.rs\/wp-content\/uploads\/2026\/08\/viber-image-2026-08-31-09-37-39-747.jpg\" \/>\n\t<meta property=\"og:image:width\" content=\"1677\" \/>\n\t<meta property=\"og:image:height\" content=\"938\" \/>\n\t<meta property=\"og:image:type\" content=\"image\/jpeg\" \/>\n<meta name=\"author\" content=\"ktmin\" \/>\n<meta name=\"twitter:card\" content=\"summary_large_image\" \/>\n<meta name=\"twitter:creator\" content=\"@kt_gov\" \/>\n<meta name=\"twitter:site\" content=\"@kt_gov\" \/>\n<meta name=\"twitter:label1\" content=\"Written by\" \/>\n\t<meta name=\"twitter:data1\" content=\"ktmin\" \/>\n\t<meta name=\"twitter:label2\" content=\"Est. reading time\" \/>\n\t<meta name=\"twitter:data2\" content=\"2 minutes\" \/>\n<script type=\"application\/ld+json\" class=\"yoast-schema-graph\">{\"@context\":\"https:\\\/\\\/schema.org\",\"@graph\":[{\"@type\":\"Article\",\"@id\":\"https:\\\/\\\/kt.gov.rs\\\/sq\\\/sherbimi-i-trupit-koordinues-siguroi-canta-dhe-pajisje-shkollore-per-te-gjithe-nxenesit-e-klases-se-pare-ne-presheve-bujanoc-dhe-medvegje\\\/#article\",\"isPartOf\":{\"@id\":\"https:\\\/\\\/kt.gov.rs\\\/sq\\\/sherbimi-i-trupit-koordinues-siguroi-canta-dhe-pajisje-shkollore-per-te-gjithe-nxenesit-e-klases-se-pare-ne-presheve-bujanoc-dhe-medvegje\\\/\"},\"author\":{\"name\":\"ktmin\",\"@id\":\"https:\\\/\\\/kt.gov.rs\\\/#\\\/schema\\\/person\\\/e426459ddb4173309103390602694571\"},\"headline\":\"SH\u00cbRBIMI I TRUPIT KOORDINUES SIGUROI \u00c7ANTA DHE PAJISJE SHKOLLORE P\u00cbR T\u00cb GJITH\u00cb NX\u00cbN\u00cbSIT E KLAS\u00cbS S\u00cb PAR\u00cb N\u00cb PRESHEV\u00cb, BUJANOC DHE MEDVEGJ\u00cb\",\"datePublished\":\"2026-08-31T08:39:19+00:00\",\"dateModified\":\"2026-08-31T08:41:39+00:00\",\"mainEntityOfPage\":{\"@id\":\"https:\\\/\\\/kt.gov.rs\\\/sq\\\/sherbimi-i-trupit-koordinues-siguroi-canta-dhe-pajisje-shkollore-per-te-gjithe-nxenesit-e-klases-se-pare-ne-presheve-bujanoc-dhe-medvegje\\\/\"},\"wordCount\":203,\"commentCount\":0,\"publisher\":{\"@id\":\"https:\\\/\\\/kt.gov.rs\\\/#organization\"},\"image\":{\"@id\":\"https:\\\/\\\/kt.gov.rs\\\/sq\\\/sherbimi-i-trupit-koordinues-siguroi-canta-dhe-pajisje-shkollore-per-te-gjithe-nxenesit-e-klases-se-pare-ne-presheve-bujanoc-dhe-medvegje\\\/#primaryimage\"},\"thumbnailUrl\":\"https:\\\/\\\/kt.gov.rs\\\/wp-content\\\/uploads\\\/2026\\\/08\\\/viber-image-2026-08-31-09-37-39-747.jpg\",\"articleSection\":[\"Lajme\"],\"inLanguage\":\"sq-AL\",\"potentialAction\":[{\"@type\":\"CommentAction\",\"name\":\"Comment\",\"target\":[\"https:\\\/\\\/kt.gov.rs\\\/sq\\\/sherbimi-i-trupit-koordinues-siguroi-canta-dhe-pajisje-shkollore-per-te-gjithe-nxenesit-e-klases-se-pare-ne-presheve-bujanoc-dhe-medvegje\\\/#respond\"]}]},{\"@type\":\"WebPage\",\"@id\":\"https:\\\/\\\/kt.gov.rs\\\/sq\\\/sherbimi-i-trupit-koordinues-siguroi-canta-dhe-pajisje-shkollore-per-te-gjithe-nxenesit-e-klases-se-pare-ne-presheve-bujanoc-dhe-medvegje\\\/\",\"url\":\"https:\\\/\\\/kt.gov.rs\\\/sq\\\/sherbimi-i-trupit-koordinues-siguroi-canta-dhe-pajisje-shkollore-per-te-gjithe-nxenesit-e-klases-se-pare-ne-presheve-bujanoc-dhe-medvegje\\\/\",\"name\":\"SH\u00cbRBIMI I TRUPIT KOORDINUES SIGUROI \u00c7ANTA DHE PAJISJE SHKOLLORE P\u00cbR T\u00cb GJITH\u00cb NX\u00cbN\u00cbSIT E KLAS\u00cbS S\u00cb PAR\u00cb N\u00cb PRESHEV\u00cb, BUJANOC DHE MEDVEGJ\u00cb - Republika e S\u00ebrbis\u00eb Trupi Koordinues p\u00ebr komunat Bujanoc, Preshev\u00eb dhe Medvegj\u00eb\",\"isPartOf\":{\"@id\":\"https:\\\/\\\/kt.gov.rs\\\/#website\"},\"primaryImageOfPage\":{\"@id\":\"https:\\\/\\\/kt.gov.rs\\\/sq\\\/sherbimi-i-trupit-koordinues-siguroi-canta-dhe-pajisje-shkollore-per-te-gjithe-nxenesit-e-klases-se-pare-ne-presheve-bujanoc-dhe-medvegje\\\/#primaryimage\"},\"image\":{\"@id\":\"https:\\\/\\\/kt.gov.rs\\\/sq\\\/sherbimi-i-trupit-koordinues-siguroi-canta-dhe-pajisje-shkollore-per-te-gjithe-nxenesit-e-klases-se-pare-ne-presheve-bujanoc-dhe-medvegje\\\/#primaryimage\"},\"thumbnailUrl\":\"https:\\\/\\\/kt.gov.rs\\\/wp-content\\\/uploads\\\/2026\\\/08\\\/viber-image-2026-08-31-09-37-39-747.jpg\",\"datePublished\":\"2026-08-31T08:39:19+00:00\",\"dateModified\":\"2026-08-31T08:41:39+00:00\",\"breadcrumb\":{\"@id\":\"https:\\\/\\\/kt.gov.rs\\\/sq\\\/sherbimi-i-trupit-koordinues-siguroi-canta-dhe-pajisje-shkollore-per-te-gjithe-nxenesit-e-klases-se-pare-ne-presheve-bujanoc-dhe-medvegje\\\/#breadcrumb\"},\"inLanguage\":\"sq-AL\",\"potentialAction\":[{\"@type\":\"ReadAction\",\"target\":[\"https:\\\/\\\/kt.gov.rs\\\/sq\\\/sherbimi-i-trupit-koordinues-siguroi-canta-dhe-pajisje-shkollore-per-te-gjithe-nxenesit-e-klases-se-pare-ne-presheve-bujanoc-dhe-medvegje\\\/\"]}]},{\"@type\":\"ImageObject\",\"inLanguage\":\"sq-AL\",\"@id\":\"https:\\\/\\\/kt.gov.rs\\\/sq\\\/sherbimi-i-trupit-koordinues-siguroi-canta-dhe-pajisje-shkollore-per-te-gjithe-nxenesit-e-klases-se-pare-ne-presheve-bujanoc-dhe-medvegje\\\/#primaryimage\",\"url\":\"https:\\\/\\\/kt.gov.rs\\\/wp-content\\\/uploads\\\/2026\\\/08\\\/viber-image-2026-08-31-09-37-39-747.jpg\",\"contentUrl\":\"https:\\\/\\\/kt.gov.rs\\\/wp-content\\\/uploads\\\/2026\\\/08\\\/viber-image-2026-08-31-09-37-39-747.jpg\",\"width\":1677,\"height\":938},{\"@type\":\"BreadcrumbList\",\"@id\":\"https:\\\/\\\/kt.gov.rs\\\/sq\\\/sherbimi-i-trupit-koordinues-siguroi-canta-dhe-pajisje-shkollore-per-te-gjithe-nxenesit-e-klases-se-pare-ne-presheve-bujanoc-dhe-medvegje\\\/#breadcrumb\",\"itemListElement\":[{\"@type\":\"ListItem\",\"position\":1,\"name\":\"\u041f\u043e\u0447\u0435\u0442\u043d\u0430\",\"item\":\"https:\\\/\\\/kt.gov.rs\\\/sq\\\/\"},{\"@type\":\"ListItem\",\"position\":2,\"name\":\"SH\u00cbRBIMI I TRUPIT KOORDINUES SIGUROI \u00c7ANTA DHE PAJISJE SHKOLLORE P\u00cbR T\u00cb GJITH\u00cb NX\u00cbN\u00cbSIT E KLAS\u00cbS S\u00cb PAR\u00cb N\u00cb PRESHEV\u00cb, BUJANOC DHE MEDVEGJ\u00cb\"}]},{\"@type\":\"WebSite\",\"@id\":\"https:\\\/\\\/kt.gov.rs\\\/#website\",\"url\":\"https:\\\/\\\/kt.gov.rs\\\/\",\"name\":\"\u041a\u043e\u043e\u0440\u0434\u0438\u043d\u0430\u0446\u0438\u043e\u043d\u043e \u0442\u0435\u043b\u043e \u0412\u043b\u0430\u0434\u0435 \u0420\u0435\u043f\u0443\u0431\u043b\u0438\u043a\u0435 \u0421\u0440\u0431\u0438\u0458\u0435 \u0437\u0430 \u043e\u043f\u0448\u0442\u0438\u043d\u0435 \u041f\u0440\u0435\u0448\u0435\u0432\u043e, \u0411\u0443\u0458\u0430\u043d\u043e\u0432\u0430\u0446 \u0438 \u041c\u0435\u0434\u0432\u0435\u0452a\",\"description\":\"\",\"publisher\":{\"@id\":\"https:\\\/\\\/kt.gov.rs\\\/#organization\"},\"alternateName\":\"\u041a\u043e\u043e\u0440\u0434\u0438\u043d\u0430\u0446\u0438\u043e\u043d\u043e \u0442\u0435\u043b\u043e\",\"potentialAction\":[{\"@type\":\"SearchAction\",\"target\":{\"@type\":\"EntryPoint\",\"urlTemplate\":\"https:\\\/\\\/kt.gov.rs\\\/?s={search_term_string}\"},\"query-input\":{\"@type\":\"PropertyValueSpecification\",\"valueRequired\":true,\"valueName\":\"search_term_string\"}}],\"inLanguage\":\"sq-AL\"},{\"@type\":\"Organization\",\"@id\":\"https:\\\/\\\/kt.gov.rs\\\/#organization\",\"name\":\"\u041a\u043e\u043e\u0440\u0434\u0438\u043d\u0430\u0446\u0438\u043e\u043d\u043e \u0442\u0435\u043b\u043e \u0412\u043b\u0430\u0434\u0435 \u0420\u0435\u043f\u0443\u0431\u043b\u0438\u043a\u0435 \u0421\u0440\u0431\u0438\u0458\u0435 \u0437\u0430 \u043e\u043f\u0448\u0442\u0438\u043d\u0435 \u041f\u0440\u0435\u0448\u0435\u0432\u043e, \u0411\u0443\u0458\u0430\u043d\u043e\u0432\u0430\u0446 \u0438 \u041c\u0435\u0434\u0432\u0435\u0452a\",\"alternateName\":\"\u041a\u043e\u043e\u0440\u0434\u0438\u043d\u0430\u0446\u0438\u043e\u043d\u043e \u0442\u0435\u043b\u043e\",\"url\":\"https:\\\/\\\/kt.gov.rs\\\/\",\"logo\":{\"@type\":\"ImageObject\",\"inLanguage\":\"sq-AL\",\"@id\":\"https:\\\/\\\/kt.gov.rs\\\/#\\\/schema\\\/logo\\\/image\\\/\",\"url\":\"https:\\\/\\\/kt.gov.rs\\\/wp-content\\\/uploads\\\/2024\\\/12\\\/koord2.jpg\",\"contentUrl\":\"https:\\\/\\\/kt.gov.rs\\\/wp-content\\\/uploads\\\/2024\\\/12\\\/koord2.jpg\",\"width\":640,\"height\":480,\"caption\":\"\u041a\u043e\u043e\u0440\u0434\u0438\u043d\u0430\u0446\u0438\u043e\u043d\u043e \u0442\u0435\u043b\u043e \u0412\u043b\u0430\u0434\u0435 \u0420\u0435\u043f\u0443\u0431\u043b\u0438\u043a\u0435 \u0421\u0440\u0431\u0438\u0458\u0435 \u0437\u0430 \u043e\u043f\u0448\u0442\u0438\u043d\u0435 \u041f\u0440\u0435\u0448\u0435\u0432\u043e, \u0411\u0443\u0458\u0430\u043d\u043e\u0432\u0430\u0446 \u0438 \u041c\u0435\u0434\u0432\u0435\u0452a\"},\"image\":{\"@id\":\"https:\\\/\\\/kt.gov.rs\\\/#\\\/schema\\\/logo\\\/image\\\/\"},\"sameAs\":[\"https:\\\/\\\/www.facebook.com\\\/SluzbaKoordinacionogTelaVladeRepublikeSrbije\",\"https:\\\/\\\/x.com\\\/kt_gov\",\"https:\\\/\\\/www.youtube.com\\\/@koordinacionotelo\"]},{\"@type\":\"Person\",\"@id\":\"https:\\\/\\\/kt.gov.rs\\\/#\\\/schema\\\/person\\\/e426459ddb4173309103390602694571\",\"name\":\"ktmin\",\"image\":{\"@type\":\"ImageObject\",\"inLanguage\":\"sq-AL\",\"@id\":\"https:\\\/\\\/secure.gravatar.com\\\/avatar\\\/3985c961109853010c3fbc7ba30365bfba5db3dd6c525831d9c595c7525a615a?s=96&d=mm&r=g\",\"url\":\"https:\\\/\\\/secure.gravatar.com\\\/avatar\\\/3985c961109853010c3fbc7ba30365bfba5db3dd6c525831d9c595c7525a615a?s=96&d=mm&r=g\",\"contentUrl\":\"https:\\\/\\\/secure.gravatar.com\\\/avatar\\\/3985c961109853010c3fbc7ba30365bfba5db3dd6c525831d9c595c7525a615a?s=96&d=mm&r=g\",\"caption\":\"ktmin\"},\"sameAs\":[\"https:\\\/\\\/kt.gov.rs\"],\"url\":\"https:\\\/\\\/kt.gov.rs\\\/sq\\\/author\\\/ktmin\\\/\"}]}<\/script>\n<!-- \/ Yoast SEO plugin. -->","yoast_head_json":{"title":"SH\u00cbRBIMI I TRUPIT KOORDINUES SIGUROI \u00c7ANTA DHE PAJISJE SHKOLLORE P\u00cbR T\u00cb GJITH\u00cb NX\u00cbN\u00cbSIT E KLAS\u00cbS S\u00cb PAR\u00cb N\u00cb PRESHEV\u00cb, BUJANOC DHE MEDVEGJ\u00cb - Republika e S\u00ebrbis\u00eb Trupi Koordinues p\u00ebr komunat Bujanoc, Preshev\u00eb dhe Medvegj\u00eb","robots":{"index":"index","follow":"follow","max-snippet":"max-snippet:-1","max-image-preview":"max-image-preview:large","max-video-preview":"max-video-preview:-1"},"canonical":"https:\/\/kt.gov.rs\/sq\/sherbimi-i-trupit-koordinues-siguroi-canta-dhe-pajisje-shkollore-per-te-gjithe-nxenesit-e-klases-se-pare-ne-presheve-bujanoc-dhe-medvegje\/","og_locale":"sq_AL","og_type":"article","og_title":"SH\u00cbRBIMI I TRUPIT KOORDINUES SIGUROI \u00c7ANTA DHE PAJISJE SHKOLLORE P\u00cbR T\u00cb GJITH\u00cb NX\u00cbN\u00cbSIT E KLAS\u00cbS S\u00cb PAR\u00cb N\u00cb PRESHEV\u00cb, BUJANOC DHE MEDVEGJ\u00cb - Republika e S\u00ebrbis\u00eb Trupi Koordinues p\u00ebr komunat Bujanoc, Preshev\u00eb dhe Medvegj\u00eb","og_description":"Sh\u00ebrbimi i Trupit Koordinues t\u00eb Qeveris\u00eb s\u00eb Republik\u00ebs s\u00eb Serbis\u00eb p\u00ebr komunat Preshev\u00eb, Bujanoc dhe Medvegj\u00eb edhe k\u00ebt\u00eb vit ka siguruar mjete p\u00ebr blerjen e \u00e7antave dhe pajisjeve shkollore p\u00ebr t\u00eb gjith\u00eb nx\u00ebn\u00ebsit q\u00eb n\u00eb vitin shkollor 2026\/2027 fillojn\u00eb klas\u00ebn e par\u00eb t\u00eb shkoll\u00ebs fillore n\u00eb territorin e k\u00ebtyre tri komunave.","og_url":"https:\/\/kt.gov.rs\/sq\/sherbimi-i-trupit-koordinues-siguroi-canta-dhe-pajisje-shkollore-per-te-gjithe-nxenesit-e-klases-se-pare-ne-presheve-bujanoc-dhe-medvegje\/","og_site_name":"Republika e S\u00ebrbis\u00eb Trupi Koordinues p\u00ebr komunat Bujanoc, Preshev\u00eb dhe Medvegj\u00eb","article_publisher":"https:\/\/www.facebook.com\/SluzbaKoordinacionogTelaVladeRepublikeSrbije","article_published_time":"2026-08-31T08:39:19+00:00","article_modified_time":"2026-08-31T08:41:39+00:00","og_image":[{"width":1677,"height":938,"url":"http:\/\/kt.gov.rs\/wp-content\/uploads\/2026\/08\/viber-image-2026-08-31-09-37-39-747.jpg","type":"image\/jpeg"}],"author":"ktmin","twitter_card":"summary_large_image","twitter_creator":"@kt_gov","twitter_site":"@kt_gov","twitter_misc":{"Written by":"ktmin","Est. reading time":"2 minutes"},"schema":{"@context":"https:\/\/schema.org","@graph":[{"@type":"Article","@id":"https:\/\/kt.gov.rs\/sq\/sherbimi-i-trupit-koordinues-siguroi-canta-dhe-pajisje-shkollore-per-te-gjithe-nxenesit-e-klases-se-pare-ne-presheve-bujanoc-dhe-medvegje\/#article","isPartOf":{"@id":"https:\/\/kt.gov.rs\/sq\/sherbimi-i-trupit-koordinues-siguroi-canta-dhe-pajisje-shkollore-per-te-gjithe-nxenesit-e-klases-se-pare-ne-presheve-bujanoc-dhe-medvegje\/"},"author":{"name":"ktmin","@id":"https:\/\/kt.gov.rs\/#\/schema\/person\/e426459ddb4173309103390602694571"},"headline":"SH\u00cbRBIMI I TRUPIT KOORDINUES SIGUROI \u00c7ANTA DHE PAJISJE SHKOLLORE P\u00cbR T\u00cb GJITH\u00cb NX\u00cbN\u00cbSIT E KLAS\u00cbS S\u00cb PAR\u00cb N\u00cb PRESHEV\u00cb, BUJANOC DHE MEDVEGJ\u00cb","datePublished":"2026-08-31T08:39:19+00:00","dateModified":"2026-08-31T08:41:39+00:00","mainEntityOfPage":{"@id":"https:\/\/kt.gov.rs\/sq\/sherbimi-i-trupit-koordinues-siguroi-canta-dhe-pajisje-shkollore-per-te-gjithe-nxenesit-e-klases-se-pare-ne-presheve-bujanoc-dhe-medvegje\/"},"wordCount":203,"commentCount":0,"publisher":{"@id":"https:\/\/kt.gov.rs\/#organization"},"image":{"@id":"https:\/\/kt.gov.rs\/sq\/sherbimi-i-trupit-koordinues-siguroi-canta-dhe-pajisje-shkollore-per-te-gjithe-nxenesit-e-klases-se-pare-ne-presheve-bujanoc-dhe-medvegje\/#primaryimage"},"thumbnailUrl":"https:\/\/kt.gov.rs\/wp-content\/uploads\/2026\/08\/viber-image-2026-08-31-09-37-39-747.jpg","articleSection":["Lajme"],"inLanguage":"sq-AL","potentialAction":[{"@type":"CommentAction","name":"Comment","target":["https:\/\/kt.gov.rs\/sq\/sherbimi-i-trupit-koordinues-siguroi-canta-dhe-pajisje-shkollore-per-te-gjithe-nxenesit-e-klases-se-pare-ne-presheve-bujanoc-dhe-medvegje\/#respond"]}]},{"@type":"WebPage","@id":"https:\/\/kt.gov.rs\/sq\/sherbimi-i-trupit-koordinues-siguroi-canta-dhe-pajisje-shkollore-per-te-gjithe-nxenesit-e-klases-se-pare-ne-presheve-bujanoc-dhe-medvegje\/","url":"https:\/\/kt.gov.rs\/sq\/sherbimi-i-trupit-koordinues-siguroi-canta-dhe-pajisje-shkollore-per-te-gjithe-nxenesit-e-klases-se-pare-ne-presheve-bujanoc-dhe-medvegje\/","name":"SH\u00cbRBIMI I TRUPIT KOORDINUES SIGUROI \u00c7ANTA DHE PAJISJE SHKOLLORE P\u00cbR T\u00cb GJITH\u00cb NX\u00cbN\u00cbSIT E KLAS\u00cbS S\u00cb PAR\u00cb N\u00cb PRESHEV\u00cb, BUJANOC DHE MEDVEGJ\u00cb - Republika e S\u00ebrbis\u00eb Trupi Koordinues p\u00ebr komunat Bujanoc, Preshev\u00eb dhe Medvegj\u00eb","isPartOf":{"@id":"https:\/\/kt.gov.rs\/#website"},"primaryImageOfPage":{"@id":"https:\/\/kt.gov.rs\/sq\/sherbimi-i-trupit-koordinues-siguroi-canta-dhe-pajisje-shkollore-per-te-gjithe-nxenesit-e-klases-se-pare-ne-presheve-bujanoc-dhe-medvegje\/#primaryimage"},"image":{"@id":"https:\/\/kt.gov.rs\/sq\/sherbimi-i-trupit-koordinues-siguroi-canta-dhe-pajisje-shkollore-per-te-gjithe-nxenesit-e-klases-se-pare-ne-presheve-bujanoc-dhe-medvegje\/#primaryimage"},"thumbnailUrl":"https:\/\/kt.gov.rs\/wp-content\/uploads\/2026\/08\/viber-image-2026-08-31-09-37-39-747.jpg","datePublished":"2026-08-31T08:39:19+00:00","dateModified":"2026-08-31T08:41:39+00:00","breadcrumb":{"@id":"https:\/\/kt.gov.rs\/sq\/sherbimi-i-trupit-koordinues-siguroi-canta-dhe-pajisje-shkollore-per-te-gjithe-nxenesit-e-klases-se-pare-ne-presheve-bujanoc-dhe-medvegje\/#breadcrumb"},"inLanguage":"sq-AL","potentialAction":[{"@type":"ReadAction","target":["https:\/\/kt.gov.rs\/sq\/sherbimi-i-trupit-koordinues-siguroi-canta-dhe-pajisje-shkollore-per-te-gjithe-nxenesit-e-klases-se-pare-ne-presheve-bujanoc-dhe-medvegje\/"]}]},{"@type":"ImageObject","inLanguage":"sq-AL","@id":"https:\/\/kt.gov.rs\/sq\/sherbimi-i-trupit-koordinues-siguroi-canta-dhe-pajisje-shkollore-per-te-gjithe-nxenesit-e-klases-se-pare-ne-presheve-bujanoc-dhe-medvegje\/#primaryimage","url":"https:\/\/kt.gov.rs\/wp-content\/uploads\/2026\/08\/viber-image-2026-08-31-09-37-39-747.jpg","contentUrl":"https:\/\/kt.gov.rs\/wp-content\/uploads\/2026\/08\/viber-image-2026-08-31-09-37-39-747.jpg","width":1677,"height":938},{"@type":"BreadcrumbList","@id":"https:\/\/kt.gov.rs\/sq\/sherbimi-i-trupit-koordinues-siguroi-canta-dhe-pajisje-shkollore-per-te-gjithe-nxenesit-e-klases-se-pare-ne-presheve-bujanoc-dhe-medvegje\/#breadcrumb","itemListElement":[{"@type":"ListItem","position":1,"name":"\u041f\u043e\u0447\u0435\u0442\u043d\u0430","item":"https:\/\/kt.gov.rs\/sq\/"},{"@type":"ListItem","position":2,"name":"SH\u00cbRBIMI I TRUPIT KOORDINUES SIGUROI \u00c7ANTA DHE PAJISJE SHKOLLORE P\u00cbR T\u00cb GJITH\u00cb NX\u00cbN\u00cbSIT E KLAS\u00cbS S\u00cb PAR\u00cb N\u00cb PRESHEV\u00cb, BUJANOC DHE MEDVEGJ\u00cb"}]},{"@type":"WebSite","@id":"https:\/\/kt.gov.rs\/#website","url":"https:\/\/kt.gov.rs\/","name":"\u041a\u043e\u043e\u0440\u0434\u0438\u043d\u0430\u0446\u0438\u043e\u043d\u043e \u0442\u0435\u043b\u043e \u0412\u043b\u0430\u0434\u0435 \u0420\u0435\u043f\u0443\u0431\u043b\u0438\u043a\u0435 \u0421\u0440\u0431\u0438\u0458\u0435 \u0437\u0430 \u043e\u043f\u0448\u0442\u0438\u043d\u0435 \u041f\u0440\u0435\u0448\u0435\u0432\u043e, \u0411\u0443\u0458\u0430\u043d\u043e\u0432\u0430\u0446 \u0438 \u041c\u0435\u0434\u0432\u0435\u0452a","description":"","publisher":{"@id":"https:\/\/kt.gov.rs\/#organization"},"alternateName":"\u041a\u043e\u043e\u0440\u0434\u0438\u043d\u0430\u0446\u0438\u043e\u043d\u043e \u0442\u0435\u043b\u043e","potentialAction":[{"@type":"SearchAction","target":{"@type":"EntryPoint","urlTemplate":"https:\/\/kt.gov.rs\/?s={search_term_string}"},"query-input":{"@type":"PropertyValueSpecification","valueRequired":true,"valueName":"search_term_string"}}],"inLanguage":"sq-AL"},{"@type":"Organization","@id":"https:\/\/kt.gov.rs\/#organization","name":"\u041a\u043e\u043e\u0440\u0434\u0438\u043d\u0430\u0446\u0438\u043e\u043d\u043e \u0442\u0435\u043b\u043e \u0412\u043b\u0430\u0434\u0435 \u0420\u0435\u043f\u0443\u0431\u043b\u0438\u043a\u0435 \u0421\u0440\u0431\u0438\u0458\u0435 \u0437\u0430 \u043e\u043f\u0448\u0442\u0438\u043d\u0435 \u041f\u0440\u0435\u0448\u0435\u0432\u043e, \u0411\u0443\u0458\u0430\u043d\u043e\u0432\u0430\u0446 \u0438 \u041c\u0435\u0434\u0432\u0435\u0452a","alternateName":"\u041a\u043e\u043e\u0440\u0434\u0438\u043d\u0430\u0446\u0438\u043e\u043d\u043e \u0442\u0435\u043b\u043e","url":"https:\/\/kt.gov.rs\/","logo":{"@type":"ImageObject","inLanguage":"sq-AL","@id":"https:\/\/kt.gov.rs\/#\/schema\/logo\/image\/","url":"https:\/\/kt.gov.rs\/wp-content\/uploads\/2024\/12\/koord2.jpg","contentUrl":"https:\/\/kt.gov.rs\/wp-content\/uploads\/2024\/12\/koord2.jpg","width":640,"height":480,"caption":"\u041a\u043e\u043e\u0440\u0434\u0438\u043d\u0430\u0446\u0438\u043e\u043d\u043e \u0442\u0435\u043b\u043e \u0412\u043b\u0430\u0434\u0435 \u0420\u0435\u043f\u0443\u0431\u043b\u0438\u043a\u0435 \u0421\u0440\u0431\u0438\u0458\u0435 \u0437\u0430 \u043e\u043f\u0448\u0442\u0438\u043d\u0435 \u041f\u0440\u0435\u0448\u0435\u0432\u043e, \u0411\u0443\u0458\u0430\u043d\u043e\u0432\u0430\u0446 \u0438 \u041c\u0435\u0434\u0432\u0435\u0452a"},"image":{"@id":"https:\/\/kt.gov.rs\/#\/schema\/logo\/image\/"},"sameAs":["https:\/\/www.facebook.com\/SluzbaKoordinacionogTelaVladeRepublikeSrbije","https:\/\/x.com\/kt_gov","https:\/\/www.youtube.com\/@koordinacionotelo"]},{"@type":"Person","@id":"https:\/\/kt.gov.rs\/#\/schema\/person\/e426459ddb4173309103390602694571","name":"ktmin","image":{"@type":"ImageObject","inLanguage":"sq-AL","@id":"https:\/\/secure.gravatar.com\/avatar\/3985c961109853010c3fbc7ba30365bfba5db3dd6c525831d9c595c7525a615a?s=96&d=mm&r=g","url":"https:\/\/secure.gravatar.com\/avatar\/3985c961109853010c3fbc7ba30365bfba5db3dd6c525831d9c595c7525a615a?s=96&d=mm&r=g","contentUrl":"https:\/\/secure.gravatar.com\/avatar\/3985c961109853010c3fbc7ba30365bfba5db3dd6c525831d9c595c7525a615a?s=96&d=mm&r=g","caption":"ktmin"},"sameAs":["https:\/\/kt.gov.rs"],"url":"https:\/\/kt.gov.rs\/sq\/author\/ktmin\/"}]}},"_links":{"self":[{"href":"https:\/\/kt.gov.rs\/sq\/wp-json\/wp\/v2\/posts\/147263","targetHints":{"allow":["GET"]}}],"collection":[{"href":"https:\/\/kt.gov.rs\/sq\/wp-json\/wp\/v2\/posts"}],"about":[{"href":"https:\/\/kt.gov.rs\/sq\/wp-json\/wp\/v2\/types\/post"}],"author":[{"embeddable":true,"href":"https:\/\/kt.gov.rs\/sq\/wp-json\/wp\/v2\/users\/1"}],"replies":[{"embeddable":true,"href":"https:\/\/kt.gov.rs\/sq\/wp-json\/wp\/v2\/comments?post=147263"}],"version-history":[{"count":1,"href":"https:\/\/kt.gov.rs\/sq\/wp-json\/wp\/v2\/posts\/147263\/revisions"}],"predecessor-version":[{"id":147264,"href":"https:\/\/kt.gov.rs\/sq\/wp-json\/wp\/v2\/posts\/147263\/revisions\/147264"}],"wp:featuredmedia":[{"embeddable":true,"href":"https:\/\/kt.gov.rs\/sq\/wp-json\/wp\/v2\/media\/147256"}],"wp:attachment":[{"href":"https:\/\/kt.gov.rs\/sq\/wp-json\/wp\/v2\/media?parent=147263"}],"wp:term":[{"taxonomy":"category","embeddable":true,"href":"https:\/\/kt.gov.rs\/sq\/wp-json\/wp\/v2\/categories?post=147263"},{"taxonomy":"post_tag","embeddable":true,"href":"https:\/\/kt.gov.rs\/sq\/wp-json\/wp\/v2\/tags?post=147263"}],"curies":[{"name":"wp","href":"https:\/\/api.w.org\/{rel}","templated":true}]}}