{"id":143418,"date":"2009-03-07T00:00:00","date_gmt":"2009-03-07T00:00:00","guid":{"rendered":"http:\/\/kt.printandscreen.rs\/7-mars-2009\/"},"modified":"2009-03-07T00:00:00","modified_gmt":"2009-03-07T00:00:00","slug":"7-mars-2009","status":"publish","type":"post","link":"https:\/\/kt.gov.rs\/sq\/7-mars-2009\/","title":{"rendered":"7 mars 2009"},"content":{"rendered":"<p>Nd\u00ebrtimi i Koridorit 10, investimet n\u00eb infrastruktur\u00eb n\u00eb 40 komunat m\u00eb t\u00eb pazhvilluara, dhe mb\u00ebshtetja e industris\u00eb automobilistike n\u00eb Kragujevc, jan\u00eb tri projektet m\u00eb t\u00eb r\u00ebnd\u00ebsishme k\u00ebt\u00eb vit ku p\u00ebrmes Planit Nacional Investitor\u00eb do t\u00eb finansohet me rreth 8,2 miliard\u00eb dinar\u00eb.<br \/>\nSipas fjal\u00ebve t\u00eb Verica Kalanoviq, ministresh\u00eb e Planit Nacional Investiv, Qeveria e Republik\u00ebs s\u00eb Serbis\u00eb ka marr\u00eb vendim se nga PNI me 20,5 miliard\u00eb dinar\u00eb do t\u00eb finansohen gjithsej 431 nga 4.020 projekte t\u00eb arritura. P\u00ebr Koridorin 10 jan\u00eb parapar\u00eb t\u00eb ndahet nj\u00eb sum\u00eb prej pes\u00eb miliard\u00eb dinar\u00eb, p\u00ebr Kragujevc nj\u00eb miliard\u00eb e 150 milion\u00eb dinar\u00eb kurse p\u00ebr ndihm\u00eb komunave m\u00eb t\u00eb pazhvilluara siq jan\u00eb Bujanoci, Surdulica, Babushnica, Tutini, Bojnik jan\u00eb parapar\u00eb suma prej dy miliard\u00ebsh.<br \/>\n\u2013 N\u00ebse jemi mjaft\u00eb efikas dhe k\u00ebto investime t\u2019i harxhojm\u00eb n\u00eb m\u00ebnyre sa m\u00eb efikase, at\u00ebher\u00eb do t\u00eb v\u00ebrehet nj\u00eb p\u00ebrparim n\u00eb zhvillimin\u00a0 ekonomik k\u00ebt\u00eb vit\u00eb i cili do t\u00eb jet\u00eb i v\u00ebshtir\u00eb-potencoi ministresha Kalanoviq.<br \/>\nPrioritet strategjik i PNI-s\u00eb \u00ebsht\u00eb zhvillimi i infrastruktur\u00ebs, i cili \u00ebsht\u00eb kushti primar p\u00ebr zhvillimin e standardit t\u00eb qytetar\u00ebve dhe zhvillimin ekonomik t\u00eb vendit-potencoi ministresha Kalanoviq.<br \/>\nKjo \u00ebsht\u00eb hera e par\u00eb q\u00eb nga niveli nacional t\u00eb investohet n\u00eb zhvillimin e infrastruktur\u00ebs n\u00eb 40 komuna m\u00eb t\u00eb pazhvilluara n\u00eb\u00a0 Serbi- deklaroi p\u00ebr\u00a0 ,,Novosti\u2019\u2019 ministresha Kalanoviq-Infrastruktura e komunikacionit si dhe infrastrukturat tjera n\u00eb k\u00ebto komuna jan\u00eb n\u00eb nj\u00eb gjendje shum\u00eb t\u00eb r\u00ebnd\u00eb ku me vite t\u00eb t\u00ebra nuk \u00ebsht\u00eb investuar. Do t\u00eb ndajm\u00eb para edhe p\u00ebr edukimin e t\u00eb pun\u00ebsuar\u00ebve n\u00eb k\u00ebto k\u00ebto komuna n\u00eb m\u00ebnyr\u00eb q\u00eb t\u00eb fitojn\u00eb aft\u00ebsi p\u00ebr menaxhimin sa m\u00eb efikas t\u00eb projekteve.<\/p>\n","protected":false},"excerpt":{"rendered":"<p>Nd\u00ebrtimi i Koridorit 10, investimet n\u00eb infrastruktur\u00eb n\u00eb 40 komunat m\u00eb t\u00eb pazhvilluara, dhe mb\u00ebshtetja e industris\u00eb automobilistike n\u00eb Kragujevc, jan\u00eb tri projektet m\u00eb t\u00eb r\u00ebnd\u00ebsishme k\u00ebt\u00eb vit ku p\u00ebrmes Planit Nacional Investitor\u00eb do t\u00eb finansohet me rreth 8,2 miliard\u00eb dinar\u00eb.<\/p>\n","protected":false},"author":1,"featured_media":0,"comment_status":"closed","ping_status":"closed","sticky":false,"template":"","format":"standard","meta":{"footnotes":""},"categories":[55],"tags":[],"class_list":["post-143418","post","type-post","status-publish","format-standard","hentry","category-lajme"],"yoast_head":"<!-- This site is optimized with the Yoast SEO plugin v27.5 - https:\/\/yoast.com\/product\/yoast-seo-wordpress\/ -->\n<title>7 mars 2009 - Republika e S\u00ebrbis\u00eb Trupi Koordinues p\u00ebr komunat Bujanoc, Preshev\u00eb dhe Medvegj\u00eb<\/title>\n<meta name=\"robots\" content=\"index, follow, max-snippet:-1, max-image-preview:large, max-video-preview:-1\" \/>\n<link rel=\"canonical\" href=\"https:\/\/kt.gov.rs\/sq\/7-mars-2009\/\" \/>\n<meta property=\"og:locale\" content=\"sq_AL\" \/>\n<meta property=\"og:type\" content=\"article\" \/>\n<meta property=\"og:title\" content=\"7 mars 2009 - Republika e S\u00ebrbis\u00eb Trupi Koordinues p\u00ebr komunat Bujanoc, Preshev\u00eb dhe Medvegj\u00eb\" \/>\n<meta property=\"og:description\" content=\"Nd\u00ebrtimi i Koridorit 10, investimet n\u00eb infrastruktur\u00eb n\u00eb 40 komunat m\u00eb t\u00eb pazhvilluara, dhe mb\u00ebshtetja e industris\u00eb automobilistike n\u00eb Kragujevc, jan\u00eb tri projektet m\u00eb t\u00eb r\u00ebnd\u00ebsishme k\u00ebt\u00eb vit ku p\u00ebrmes Planit Nacional Investitor\u00eb do t\u00eb finansohet me rreth 8,2 miliard\u00eb dinar\u00eb.\" \/>\n<meta property=\"og:url\" content=\"https:\/\/kt.gov.rs\/sq\/7-mars-2009\/\" \/>\n<meta property=\"og:site_name\" content=\"Republika e S\u00ebrbis\u00eb Trupi Koordinues p\u00ebr komunat Bujanoc, Preshev\u00eb dhe Medvegj\u00eb\" \/>\n<meta property=\"article:publisher\" content=\"https:\/\/www.facebook.com\/SluzbaKoordinacionogTelaVladeRepublikeSrbije\" \/>\n<meta property=\"article:published_time\" content=\"2009-03-07T00:00:00+00:00\" \/>\n<meta name=\"author\" content=\"ktmin\" \/>\n<meta name=\"twitter:card\" content=\"summary_large_image\" \/>\n<meta name=\"twitter:creator\" content=\"@kt_gov\" \/>\n<meta name=\"twitter:site\" content=\"@kt_gov\" \/>\n<meta name=\"twitter:label1\" content=\"Written by\" \/>\n\t<meta name=\"twitter:data1\" content=\"ktmin\" \/>\n\t<meta name=\"twitter:label2\" content=\"Est. reading time\" \/>\n\t<meta name=\"twitter:data2\" content=\"1 minute\" \/>\n<script type=\"application\/ld+json\" class=\"yoast-schema-graph\">{\"@context\":\"https:\\\/\\\/schema.org\",\"@graph\":[{\"@type\":\"Article\",\"@id\":\"https:\\\/\\\/kt.gov.rs\\\/sq\\\/7-mars-2009\\\/#article\",\"isPartOf\":{\"@id\":\"https:\\\/\\\/kt.gov.rs\\\/sq\\\/7-mars-2009\\\/\"},\"author\":{\"name\":\"ktmin\",\"@id\":\"https:\\\/\\\/kt.gov.rs\\\/#\\\/schema\\\/person\\\/e426459ddb4173309103390602694571\"},\"headline\":\"7 mars 2009\",\"datePublished\":\"2009-03-07T00:00:00+00:00\",\"mainEntityOfPage\":{\"@id\":\"https:\\\/\\\/kt.gov.rs\\\/sq\\\/7-mars-2009\\\/\"},\"wordCount\":293,\"publisher\":{\"@id\":\"https:\\\/\\\/kt.gov.rs\\\/#organization\"},\"articleSection\":[\"Lajme\"],\"inLanguage\":\"sq-AL\"},{\"@type\":\"WebPage\",\"@id\":\"https:\\\/\\\/kt.gov.rs\\\/sq\\\/7-mars-2009\\\/\",\"url\":\"https:\\\/\\\/kt.gov.rs\\\/sq\\\/7-mars-2009\\\/\",\"name\":\"7 mars 2009 - Republika e S\u00ebrbis\u00eb Trupi Koordinues p\u00ebr komunat Bujanoc, Preshev\u00eb dhe Medvegj\u00eb\",\"isPartOf\":{\"@id\":\"https:\\\/\\\/kt.gov.rs\\\/#website\"},\"datePublished\":\"2009-03-07T00:00:00+00:00\",\"breadcrumb\":{\"@id\":\"https:\\\/\\\/kt.gov.rs\\\/sq\\\/7-mars-2009\\\/#breadcrumb\"},\"inLanguage\":\"sq-AL\",\"potentialAction\":[{\"@type\":\"ReadAction\",\"target\":[\"https:\\\/\\\/kt.gov.rs\\\/sq\\\/7-mars-2009\\\/\"]}]},{\"@type\":\"BreadcrumbList\",\"@id\":\"https:\\\/\\\/kt.gov.rs\\\/sq\\\/7-mars-2009\\\/#breadcrumb\",\"itemListElement\":[{\"@type\":\"ListItem\",\"position\":1,\"name\":\"Po\u010detna\",\"item\":\"https:\\\/\\\/kt.gov.rs\\\/sq\\\/\"},{\"@type\":\"ListItem\",\"position\":2,\"name\":\"7 mars 2009\"}]},{\"@type\":\"WebSite\",\"@id\":\"https:\\\/\\\/kt.gov.rs\\\/#website\",\"url\":\"https:\\\/\\\/kt.gov.rs\\\/\",\"name\":\"Koordinaciono telo Vlade Republike Srbije za op\u0161tine Pre\u0161evo, Bujanovac i Medve\u0111a\",\"description\":\"\",\"publisher\":{\"@id\":\"https:\\\/\\\/kt.gov.rs\\\/#organization\"},\"alternateName\":\"Koordinaciono telo\",\"potentialAction\":[{\"@type\":\"SearchAction\",\"target\":{\"@type\":\"EntryPoint\",\"urlTemplate\":\"https:\\\/\\\/kt.gov.rs\\\/?s={search_term_string}\"},\"query-input\":{\"@type\":\"PropertyValueSpecification\",\"valueRequired\":true,\"valueName\":\"search_term_string\"}}],\"inLanguage\":\"sq-AL\"},{\"@type\":\"Organization\",\"@id\":\"https:\\\/\\\/kt.gov.rs\\\/#organization\",\"name\":\"Koordinaciono telo Vlade Republike Srbije za op\u0161tine Pre\u0161evo, Bujanovac i Medve\u0111a\",\"alternateName\":\"Koordinaciono telo\",\"url\":\"https:\\\/\\\/kt.gov.rs\\\/\",\"logo\":{\"@type\":\"ImageObject\",\"inLanguage\":\"sq-AL\",\"@id\":\"https:\\\/\\\/kt.gov.rs\\\/#\\\/schema\\\/logo\\\/image\\\/\",\"url\":\"https:\\\/\\\/kt.gov.rs\\\/wp-content\\\/uploads\\\/2024\\\/12\\\/koord2.jpg\",\"contentUrl\":\"https:\\\/\\\/kt.gov.rs\\\/wp-content\\\/uploads\\\/2024\\\/12\\\/koord2.jpg\",\"width\":640,\"height\":480,\"caption\":\"Koordinaciono telo Vlade Republike Srbije za op\u0161tine Pre\u0161evo, Bujanovac i Medve\u0111a\"},\"image\":{\"@id\":\"https:\\\/\\\/kt.gov.rs\\\/#\\\/schema\\\/logo\\\/image\\\/\"},\"sameAs\":[\"https:\\\/\\\/www.facebook.com\\\/SluzbaKoordinacionogTelaVladeRepublikeSrbije\",\"https:\\\/\\\/x.com\\\/kt_gov\",\"https:\\\/\\\/www.youtube.com\\\/@koordinacionotelo\"]},{\"@type\":\"Person\",\"@id\":\"https:\\\/\\\/kt.gov.rs\\\/#\\\/schema\\\/person\\\/e426459ddb4173309103390602694571\",\"name\":\"ktmin\",\"image\":{\"@type\":\"ImageObject\",\"inLanguage\":\"sq-AL\",\"@id\":\"https:\\\/\\\/secure.gravatar.com\\\/avatar\\\/3985c961109853010c3fbc7ba30365bfba5db3dd6c525831d9c595c7525a615a?s=96&d=mm&r=g\",\"url\":\"https:\\\/\\\/secure.gravatar.com\\\/avatar\\\/3985c961109853010c3fbc7ba30365bfba5db3dd6c525831d9c595c7525a615a?s=96&d=mm&r=g\",\"contentUrl\":\"https:\\\/\\\/secure.gravatar.com\\\/avatar\\\/3985c961109853010c3fbc7ba30365bfba5db3dd6c525831d9c595c7525a615a?s=96&d=mm&r=g\",\"caption\":\"ktmin\"},\"sameAs\":[\"https:\\\/\\\/kt.gov.rs\"],\"url\":\"https:\\\/\\\/kt.gov.rs\\\/sq\\\/author\\\/ktmin\\\/\"}]}<\/script>\n<!-- \/ Yoast SEO plugin. -->","yoast_head_json":{"title":"7 mars 2009 - Republika e S\u00ebrbis\u00eb Trupi Koordinues p\u00ebr komunat Bujanoc, Preshev\u00eb dhe Medvegj\u00eb","robots":{"index":"index","follow":"follow","max-snippet":"max-snippet:-1","max-image-preview":"max-image-preview:large","max-video-preview":"max-video-preview:-1"},"canonical":"https:\/\/kt.gov.rs\/sq\/7-mars-2009\/","og_locale":"sq_AL","og_type":"article","og_title":"7 mars 2009 - Republika e S\u00ebrbis\u00eb Trupi Koordinues p\u00ebr komunat Bujanoc, Preshev\u00eb dhe Medvegj\u00eb","og_description":"Nd\u00ebrtimi i Koridorit 10, investimet n\u00eb infrastruktur\u00eb n\u00eb 40 komunat m\u00eb t\u00eb pazhvilluara, dhe mb\u00ebshtetja e industris\u00eb automobilistike n\u00eb Kragujevc, jan\u00eb tri projektet m\u00eb t\u00eb r\u00ebnd\u00ebsishme k\u00ebt\u00eb vit ku p\u00ebrmes Planit Nacional Investitor\u00eb do t\u00eb finansohet me rreth 8,2 miliard\u00eb dinar\u00eb.","og_url":"https:\/\/kt.gov.rs\/sq\/7-mars-2009\/","og_site_name":"Republika e S\u00ebrbis\u00eb Trupi Koordinues p\u00ebr komunat Bujanoc, Preshev\u00eb dhe Medvegj\u00eb","article_publisher":"https:\/\/www.facebook.com\/SluzbaKoordinacionogTelaVladeRepublikeSrbije","article_published_time":"2009-03-07T00:00:00+00:00","author":"ktmin","twitter_card":"summary_large_image","twitter_creator":"@kt_gov","twitter_site":"@kt_gov","twitter_misc":{"Written by":"ktmin","Est. reading time":"1 minute"},"schema":{"@context":"https:\/\/schema.org","@graph":[{"@type":"Article","@id":"https:\/\/kt.gov.rs\/sq\/7-mars-2009\/#article","isPartOf":{"@id":"https:\/\/kt.gov.rs\/sq\/7-mars-2009\/"},"author":{"name":"ktmin","@id":"https:\/\/kt.gov.rs\/#\/schema\/person\/e426459ddb4173309103390602694571"},"headline":"7 mars 2009","datePublished":"2009-03-07T00:00:00+00:00","mainEntityOfPage":{"@id":"https:\/\/kt.gov.rs\/sq\/7-mars-2009\/"},"wordCount":293,"publisher":{"@id":"https:\/\/kt.gov.rs\/#organization"},"articleSection":["Lajme"],"inLanguage":"sq-AL"},{"@type":"WebPage","@id":"https:\/\/kt.gov.rs\/sq\/7-mars-2009\/","url":"https:\/\/kt.gov.rs\/sq\/7-mars-2009\/","name":"7 mars 2009 - Republika e S\u00ebrbis\u00eb Trupi Koordinues p\u00ebr komunat Bujanoc, Preshev\u00eb dhe Medvegj\u00eb","isPartOf":{"@id":"https:\/\/kt.gov.rs\/#website"},"datePublished":"2009-03-07T00:00:00+00:00","breadcrumb":{"@id":"https:\/\/kt.gov.rs\/sq\/7-mars-2009\/#breadcrumb"},"inLanguage":"sq-AL","potentialAction":[{"@type":"ReadAction","target":["https:\/\/kt.gov.rs\/sq\/7-mars-2009\/"]}]},{"@type":"BreadcrumbList","@id":"https:\/\/kt.gov.rs\/sq\/7-mars-2009\/#breadcrumb","itemListElement":[{"@type":"ListItem","position":1,"name":"Po\u010detna","item":"https:\/\/kt.gov.rs\/sq\/"},{"@type":"ListItem","position":2,"name":"7 mars 2009"}]},{"@type":"WebSite","@id":"https:\/\/kt.gov.rs\/#website","url":"https:\/\/kt.gov.rs\/","name":"Koordinaciono telo Vlade Republike Srbije za op\u0161tine Pre\u0161evo, Bujanovac i Medve\u0111a","description":"","publisher":{"@id":"https:\/\/kt.gov.rs\/#organization"},"alternateName":"Koordinaciono telo","potentialAction":[{"@type":"SearchAction","target":{"@type":"EntryPoint","urlTemplate":"https:\/\/kt.gov.rs\/?s={search_term_string}"},"query-input":{"@type":"PropertyValueSpecification","valueRequired":true,"valueName":"search_term_string"}}],"inLanguage":"sq-AL"},{"@type":"Organization","@id":"https:\/\/kt.gov.rs\/#organization","name":"Koordinaciono telo Vlade Republike Srbije za op\u0161tine Pre\u0161evo, Bujanovac i Medve\u0111a","alternateName":"Koordinaciono telo","url":"https:\/\/kt.gov.rs\/","logo":{"@type":"ImageObject","inLanguage":"sq-AL","@id":"https:\/\/kt.gov.rs\/#\/schema\/logo\/image\/","url":"https:\/\/kt.gov.rs\/wp-content\/uploads\/2024\/12\/koord2.jpg","contentUrl":"https:\/\/kt.gov.rs\/wp-content\/uploads\/2024\/12\/koord2.jpg","width":640,"height":480,"caption":"Koordinaciono telo Vlade Republike Srbije za op\u0161tine Pre\u0161evo, Bujanovac i Medve\u0111a"},"image":{"@id":"https:\/\/kt.gov.rs\/#\/schema\/logo\/image\/"},"sameAs":["https:\/\/www.facebook.com\/SluzbaKoordinacionogTelaVladeRepublikeSrbije","https:\/\/x.com\/kt_gov","https:\/\/www.youtube.com\/@koordinacionotelo"]},{"@type":"Person","@id":"https:\/\/kt.gov.rs\/#\/schema\/person\/e426459ddb4173309103390602694571","name":"ktmin","image":{"@type":"ImageObject","inLanguage":"sq-AL","@id":"https:\/\/secure.gravatar.com\/avatar\/3985c961109853010c3fbc7ba30365bfba5db3dd6c525831d9c595c7525a615a?s=96&d=mm&r=g","url":"https:\/\/secure.gravatar.com\/avatar\/3985c961109853010c3fbc7ba30365bfba5db3dd6c525831d9c595c7525a615a?s=96&d=mm&r=g","contentUrl":"https:\/\/secure.gravatar.com\/avatar\/3985c961109853010c3fbc7ba30365bfba5db3dd6c525831d9c595c7525a615a?s=96&d=mm&r=g","caption":"ktmin"},"sameAs":["https:\/\/kt.gov.rs"],"url":"https:\/\/kt.gov.rs\/sq\/author\/ktmin\/"}]}},"_links":{"self":[{"href":"https:\/\/kt.gov.rs\/sq\/wp-json\/wp\/v2\/posts\/143418","targetHints":{"allow":["GET"]}}],"collection":[{"href":"https:\/\/kt.gov.rs\/sq\/wp-json\/wp\/v2\/posts"}],"about":[{"href":"https:\/\/kt.gov.rs\/sq\/wp-json\/wp\/v2\/types\/post"}],"author":[{"embeddable":true,"href":"https:\/\/kt.gov.rs\/sq\/wp-json\/wp\/v2\/users\/1"}],"replies":[{"embeddable":true,"href":"https:\/\/kt.gov.rs\/sq\/wp-json\/wp\/v2\/comments?post=143418"}],"version-history":[{"count":0,"href":"https:\/\/kt.gov.rs\/sq\/wp-json\/wp\/v2\/posts\/143418\/revisions"}],"wp:attachment":[{"href":"https:\/\/kt.gov.rs\/sq\/wp-json\/wp\/v2\/media?parent=143418"}],"wp:term":[{"taxonomy":"category","embeddable":true,"href":"https:\/\/kt.gov.rs\/sq\/wp-json\/wp\/v2\/categories?post=143418"},{"taxonomy":"post_tag","embeddable":true,"href":"https:\/\/kt.gov.rs\/sq\/wp-json\/wp\/v2\/tags?post=143418"}],"curies":[{"name":"wp","href":"https:\/\/api.w.org\/{rel}","templated":true}]}}