{"id":143409,"date":"2009-03-17T00:00:00","date_gmt":"2009-03-17T00:00:00","guid":{"rendered":"http:\/\/kt.printandscreen.rs\/donacion-tjeter-i-ministrise-se-bujqesise-per-presheve-bujanoc-dhe-medvegje\/"},"modified":"2024-07-30T20:25:14","modified_gmt":"2024-07-30T20:25:14","slug":"donacion-tjeter-i-ministrise-se-bujqesise-per-presheve-bujanoc-dhe-medvegje","status":"publish","type":"post","link":"https:\/\/kt.gov.rs\/sq\/donacion-tjeter-i-ministrise-se-bujqesise-per-presheve-bujanoc-dhe-medvegje\/","title":{"rendered":"Donacion tjet\u00ebr i Ministris\u00eb s\u00eb bujq\u00ebsis\u00eb p\u00ebr Preshev\u00eb, Bujanoc dhe Medvegj\u00eb"},"content":{"rendered":"<p><img decoding=\"async\" alt=\"\" align=\"left\" src=\"https:\/\/kt.gov.rs\/wp-content\/uploads\/2024\/07\/sasa_dragin_vesti-4.jpg\" \/>Ministi i bujq\u00ebsis\u00eb, pylltaris\u00eb dhe i ekonomis\u00eb s\u00eb uj\u00ebrave, Sasha Dragin dhe drejtori i Sh\u00ebrbimit t\u00eb Trupit Koordinues, Nenad Gjurgjeviq, vizituan m\u00eb 17 mars Bujanocin me q\u2019rast dhuruan donacione n\u00eb fidane p\u00ebr distribucion t\u00eb m\u00ebtutjesh\u00ebm p\u00ebr komunat e Bujanocit, Medvegj\u00ebs dhe Preshev\u00ebs. N\u00eb magazin\u00ebn e Bujanocit u dor\u00ebzuan 11 tonelat\u00eb elb, 6 tonelat\u00eb t\u00ebrsh\u00ebr\u00eb si dhe m\u00eb tep\u00ebr se 1 tonelat\u00eb mis\u00ebr. Gjithashtu u dor\u00ebyuan 10.000 fidane t\u00eb hardhis\u00eb s\u00eb rrushit, 4.900 fidane t\u00eb pem\u00ebve (moll\u00eb, dardh\u00eb, vishnje, qershi, kumbulla) si dhe 210 paketa familjare t\u00eb perimeve t\u00eb ndryshme. Prodhuesit nga t\u00eb cil\u00ebt \u00ebsht\u00eb grumbulluar materiali bujq\u00ebsor\u00eb q\u00eb t\u2019u mund\u00ebsohet dhe t\u2019u leht\u00ebsohet puna e fshatar\u00ebve, jan\u00eb: ,,Plan product d.o.o.\u2019\u2019 (Trstenik), ,,Tehnoprodukt\u2019\u2019 (Velika Drenova), ,,I.P.M. Milutovac\u2019\u2019 (Milutovac), ,,Kalem loza 007\u2019\u2019 dhe ,,P.R. Boshkoviq\u2019\u2019 (Konjuh), ,,Agroseme-Panonija\u2019\u2019 (Subotica), ,,Agrokop\u2019\u2019 (Novi Sad), ,,Banat-Seme\u2019\u2019 (Zrenjanin), ,,Hibrid\u2019\u2019, ,,PKB Korporacija-Padinska Skela\u2019\u2019 Reva dva d.o.o.\u2019\u2019 (Beograd), ,,PIK Becej\u2019\u2019 (Becej), ,,Agrobacka\u2019\u2019 (Backa Topola), ,,Institut za povrtarstvo (Smederevska Palanka),\u00a0 Institut za vocarstvo (Cacak), rasadnik ,,Kacarevic\u2019\u2019 (Topola) dhe ,,Milutovac (milutovac). Transportuesit e k\u00ebtij\u00eb materiali donues jan\u00eb: ,,Semenarstvo\u2019\u2019 (Novi Sad), ,,Bojoni\u2019\u2019 (Beograd) dhe ,,I.P.M. Milutovac\u2019\u2019 (Milutovac).<\/p>\n","protected":false},"excerpt":{"rendered":"<p>Ministi i bujq\u00ebsis\u00eb, pylltaris\u00eb dhe i ekonomis\u00eb s\u00eb uj\u00ebrave, Sasha Dragin dhe drejtori i Sh\u00ebrbimit t\u00eb Trupit Koordinues, Nenad Gjurgjeviq, vizituan m\u00eb 17 mars Bujanocin me q\u2019rast dhuruan donacione n\u00eb fidane p\u00ebr distribucion t\u00eb m\u00ebtutjesh\u00ebm p\u00ebr komunat e Bujanocit, Medvegj\u00ebs dhe Preshev\u00ebs.<\/p>\n","protected":false},"author":1,"featured_media":143414,"comment_status":"closed","ping_status":"closed","sticky":false,"template":"","format":"standard","meta":{"footnotes":""},"categories":[55],"tags":[],"class_list":["post-143409","post","type-post","status-publish","format-standard","has-post-thumbnail","hentry","category-lajme"],"yoast_head":"<!-- This site is optimized with the Yoast SEO plugin v27.5 - https:\/\/yoast.com\/product\/yoast-seo-wordpress\/ -->\n<title>Donacion tjet\u00ebr i Ministris\u00eb s\u00eb bujq\u00ebsis\u00eb p\u00ebr Preshev\u00eb, Bujanoc dhe Medvegj\u00eb - Republika e S\u00ebrbis\u00eb Trupi Koordinues p\u00ebr komunat Bujanoc, Preshev\u00eb dhe Medvegj\u00eb<\/title>\n<meta name=\"robots\" content=\"index, follow, max-snippet:-1, max-image-preview:large, max-video-preview:-1\" \/>\n<link rel=\"canonical\" href=\"https:\/\/kt.gov.rs\/sq\/donacion-tjeter-i-ministrise-se-bujqesise-per-presheve-bujanoc-dhe-medvegje\/\" \/>\n<meta property=\"og:locale\" content=\"sq_AL\" \/>\n<meta property=\"og:type\" content=\"article\" \/>\n<meta property=\"og:title\" content=\"Donacion tjet\u00ebr i Ministris\u00eb s\u00eb bujq\u00ebsis\u00eb p\u00ebr Preshev\u00eb, Bujanoc dhe Medvegj\u00eb - Republika e S\u00ebrbis\u00eb Trupi Koordinues p\u00ebr komunat Bujanoc, Preshev\u00eb dhe Medvegj\u00eb\" \/>\n<meta property=\"og:description\" content=\"Ministi i bujq\u00ebsis\u00eb, pylltaris\u00eb dhe i ekonomis\u00eb s\u00eb uj\u00ebrave, Sasha Dragin dhe drejtori i Sh\u00ebrbimit t\u00eb Trupit Koordinues, Nenad Gjurgjeviq, vizituan m\u00eb 17 mars Bujanocin me q\u2019rast dhuruan donacione n\u00eb fidane p\u00ebr distribucion t\u00eb m\u00ebtutjesh\u00ebm p\u00ebr komunat e Bujanocit, Medvegj\u00ebs dhe Preshev\u00ebs.\" \/>\n<meta property=\"og:url\" content=\"https:\/\/kt.gov.rs\/sq\/donacion-tjeter-i-ministrise-se-bujqesise-per-presheve-bujanoc-dhe-medvegje\/\" \/>\n<meta property=\"og:site_name\" content=\"Republika e S\u00ebrbis\u00eb Trupi Koordinues p\u00ebr komunat Bujanoc, Preshev\u00eb dhe Medvegj\u00eb\" \/>\n<meta property=\"article:publisher\" content=\"https:\/\/www.facebook.com\/SluzbaKoordinacionogTelaVladeRepublikeSrbije\" \/>\n<meta property=\"article:published_time\" content=\"2009-03-17T00:00:00+00:00\" \/>\n<meta property=\"article:modified_time\" content=\"2024-07-30T20:25:14+00:00\" \/>\n<meta property=\"og:image\" content=\"https:\/\/kt.gov.rs\/wp-content\/uploads\/2024\/07\/sasa_dragin_vesti-5.jpg\" \/>\n\t<meta property=\"og:image:width\" content=\"250\" \/>\n\t<meta property=\"og:image:height\" content=\"180\" \/>\n\t<meta property=\"og:image:type\" content=\"image\/jpeg\" \/>\n<meta name=\"author\" content=\"ktmin\" \/>\n<meta name=\"twitter:card\" content=\"summary_large_image\" \/>\n<meta name=\"twitter:creator\" content=\"@kt_gov\" \/>\n<meta name=\"twitter:site\" content=\"@kt_gov\" \/>\n<meta name=\"twitter:label1\" content=\"Written by\" \/>\n\t<meta name=\"twitter:data1\" content=\"ktmin\" \/>\n\t<meta name=\"twitter:label2\" content=\"Est. reading time\" \/>\n\t<meta name=\"twitter:data2\" content=\"1 minute\" \/>\n<script type=\"application\/ld+json\" class=\"yoast-schema-graph\">{\"@context\":\"https:\\\/\\\/schema.org\",\"@graph\":[{\"@type\":\"Article\",\"@id\":\"https:\\\/\\\/kt.gov.rs\\\/sq\\\/donacion-tjeter-i-ministrise-se-bujqesise-per-presheve-bujanoc-dhe-medvegje\\\/#article\",\"isPartOf\":{\"@id\":\"https:\\\/\\\/kt.gov.rs\\\/sq\\\/donacion-tjeter-i-ministrise-se-bujqesise-per-presheve-bujanoc-dhe-medvegje\\\/\"},\"author\":{\"name\":\"ktmin\",\"@id\":\"https:\\\/\\\/kt.gov.rs\\\/#\\\/schema\\\/person\\\/e426459ddb4173309103390602694571\"},\"headline\":\"Donacion tjet\u00ebr i Ministris\u00eb s\u00eb bujq\u00ebsis\u00eb p\u00ebr Preshev\u00eb, Bujanoc dhe Medvegj\u00eb\",\"datePublished\":\"2009-03-17T00:00:00+00:00\",\"dateModified\":\"2024-07-30T20:25:14+00:00\",\"mainEntityOfPage\":{\"@id\":\"https:\\\/\\\/kt.gov.rs\\\/sq\\\/donacion-tjeter-i-ministrise-se-bujqesise-per-presheve-bujanoc-dhe-medvegje\\\/\"},\"wordCount\":254,\"publisher\":{\"@id\":\"https:\\\/\\\/kt.gov.rs\\\/#organization\"},\"image\":{\"@id\":\"https:\\\/\\\/kt.gov.rs\\\/sq\\\/donacion-tjeter-i-ministrise-se-bujqesise-per-presheve-bujanoc-dhe-medvegje\\\/#primaryimage\"},\"thumbnailUrl\":\"https:\\\/\\\/kt.gov.rs\\\/wp-content\\\/uploads\\\/2024\\\/07\\\/sasa_dragin_vesti-5.jpg\",\"articleSection\":[\"Lajme\"],\"inLanguage\":\"sq-AL\"},{\"@type\":\"WebPage\",\"@id\":\"https:\\\/\\\/kt.gov.rs\\\/sq\\\/donacion-tjeter-i-ministrise-se-bujqesise-per-presheve-bujanoc-dhe-medvegje\\\/\",\"url\":\"https:\\\/\\\/kt.gov.rs\\\/sq\\\/donacion-tjeter-i-ministrise-se-bujqesise-per-presheve-bujanoc-dhe-medvegje\\\/\",\"name\":\"Donacion tjet\u00ebr i Ministris\u00eb s\u00eb bujq\u00ebsis\u00eb p\u00ebr Preshev\u00eb, Bujanoc dhe Medvegj\u00eb - Republika e S\u00ebrbis\u00eb Trupi Koordinues p\u00ebr komunat Bujanoc, Preshev\u00eb dhe Medvegj\u00eb\",\"isPartOf\":{\"@id\":\"https:\\\/\\\/kt.gov.rs\\\/#website\"},\"primaryImageOfPage\":{\"@id\":\"https:\\\/\\\/kt.gov.rs\\\/sq\\\/donacion-tjeter-i-ministrise-se-bujqesise-per-presheve-bujanoc-dhe-medvegje\\\/#primaryimage\"},\"image\":{\"@id\":\"https:\\\/\\\/kt.gov.rs\\\/sq\\\/donacion-tjeter-i-ministrise-se-bujqesise-per-presheve-bujanoc-dhe-medvegje\\\/#primaryimage\"},\"thumbnailUrl\":\"https:\\\/\\\/kt.gov.rs\\\/wp-content\\\/uploads\\\/2024\\\/07\\\/sasa_dragin_vesti-5.jpg\",\"datePublished\":\"2009-03-17T00:00:00+00:00\",\"dateModified\":\"2024-07-30T20:25:14+00:00\",\"breadcrumb\":{\"@id\":\"https:\\\/\\\/kt.gov.rs\\\/sq\\\/donacion-tjeter-i-ministrise-se-bujqesise-per-presheve-bujanoc-dhe-medvegje\\\/#breadcrumb\"},\"inLanguage\":\"sq-AL\",\"potentialAction\":[{\"@type\":\"ReadAction\",\"target\":[\"https:\\\/\\\/kt.gov.rs\\\/sq\\\/donacion-tjeter-i-ministrise-se-bujqesise-per-presheve-bujanoc-dhe-medvegje\\\/\"]}]},{\"@type\":\"ImageObject\",\"inLanguage\":\"sq-AL\",\"@id\":\"https:\\\/\\\/kt.gov.rs\\\/sq\\\/donacion-tjeter-i-ministrise-se-bujqesise-per-presheve-bujanoc-dhe-medvegje\\\/#primaryimage\",\"url\":\"https:\\\/\\\/kt.gov.rs\\\/wp-content\\\/uploads\\\/2024\\\/07\\\/sasa_dragin_vesti-5.jpg\",\"contentUrl\":\"https:\\\/\\\/kt.gov.rs\\\/wp-content\\\/uploads\\\/2024\\\/07\\\/sasa_dragin_vesti-5.jpg\",\"width\":250,\"height\":180},{\"@type\":\"BreadcrumbList\",\"@id\":\"https:\\\/\\\/kt.gov.rs\\\/sq\\\/donacion-tjeter-i-ministrise-se-bujqesise-per-presheve-bujanoc-dhe-medvegje\\\/#breadcrumb\",\"itemListElement\":[{\"@type\":\"ListItem\",\"position\":1,\"name\":\"\u041f\u043e\u0447\u0435\u0442\u043d\u0430\",\"item\":\"https:\\\/\\\/kt.gov.rs\\\/sq\\\/\"},{\"@type\":\"ListItem\",\"position\":2,\"name\":\"Donacion tjet\u00ebr i Ministris\u00eb s\u00eb bujq\u00ebsis\u00eb p\u00ebr Preshev\u00eb, Bujanoc dhe Medvegj\u00eb\"}]},{\"@type\":\"WebSite\",\"@id\":\"https:\\\/\\\/kt.gov.rs\\\/#website\",\"url\":\"https:\\\/\\\/kt.gov.rs\\\/\",\"name\":\"\u041a\u043e\u043e\u0440\u0434\u0438\u043d\u0430\u0446\u0438\u043e\u043d\u043e \u0442\u0435\u043b\u043e \u0412\u043b\u0430\u0434\u0435 \u0420\u0435\u043f\u0443\u0431\u043b\u0438\u043a\u0435 \u0421\u0440\u0431\u0438\u0458\u0435 \u0437\u0430 \u043e\u043f\u0448\u0442\u0438\u043d\u0435 \u041f\u0440\u0435\u0448\u0435\u0432\u043e, \u0411\u0443\u0458\u0430\u043d\u043e\u0432\u0430\u0446 \u0438 \u041c\u0435\u0434\u0432\u0435\u0452a\",\"description\":\"\",\"publisher\":{\"@id\":\"https:\\\/\\\/kt.gov.rs\\\/#organization\"},\"alternateName\":\"\u041a\u043e\u043e\u0440\u0434\u0438\u043d\u0430\u0446\u0438\u043e\u043d\u043e \u0442\u0435\u043b\u043e\",\"potentialAction\":[{\"@type\":\"SearchAction\",\"target\":{\"@type\":\"EntryPoint\",\"urlTemplate\":\"https:\\\/\\\/kt.gov.rs\\\/?s={search_term_string}\"},\"query-input\":{\"@type\":\"PropertyValueSpecification\",\"valueRequired\":true,\"valueName\":\"search_term_string\"}}],\"inLanguage\":\"sq-AL\"},{\"@type\":\"Organization\",\"@id\":\"https:\\\/\\\/kt.gov.rs\\\/#organization\",\"name\":\"\u041a\u043e\u043e\u0440\u0434\u0438\u043d\u0430\u0446\u0438\u043e\u043d\u043e \u0442\u0435\u043b\u043e \u0412\u043b\u0430\u0434\u0435 \u0420\u0435\u043f\u0443\u0431\u043b\u0438\u043a\u0435 \u0421\u0440\u0431\u0438\u0458\u0435 \u0437\u0430 \u043e\u043f\u0448\u0442\u0438\u043d\u0435 \u041f\u0440\u0435\u0448\u0435\u0432\u043e, \u0411\u0443\u0458\u0430\u043d\u043e\u0432\u0430\u0446 \u0438 \u041c\u0435\u0434\u0432\u0435\u0452a\",\"alternateName\":\"\u041a\u043e\u043e\u0440\u0434\u0438\u043d\u0430\u0446\u0438\u043e\u043d\u043e \u0442\u0435\u043b\u043e\",\"url\":\"https:\\\/\\\/kt.gov.rs\\\/\",\"logo\":{\"@type\":\"ImageObject\",\"inLanguage\":\"sq-AL\",\"@id\":\"https:\\\/\\\/kt.gov.rs\\\/#\\\/schema\\\/logo\\\/image\\\/\",\"url\":\"https:\\\/\\\/kt.gov.rs\\\/wp-content\\\/uploads\\\/2024\\\/12\\\/koord2.jpg\",\"contentUrl\":\"https:\\\/\\\/kt.gov.rs\\\/wp-content\\\/uploads\\\/2024\\\/12\\\/koord2.jpg\",\"width\":640,\"height\":480,\"caption\":\"\u041a\u043e\u043e\u0440\u0434\u0438\u043d\u0430\u0446\u0438\u043e\u043d\u043e \u0442\u0435\u043b\u043e \u0412\u043b\u0430\u0434\u0435 \u0420\u0435\u043f\u0443\u0431\u043b\u0438\u043a\u0435 \u0421\u0440\u0431\u0438\u0458\u0435 \u0437\u0430 \u043e\u043f\u0448\u0442\u0438\u043d\u0435 \u041f\u0440\u0435\u0448\u0435\u0432\u043e, \u0411\u0443\u0458\u0430\u043d\u043e\u0432\u0430\u0446 \u0438 \u041c\u0435\u0434\u0432\u0435\u0452a\"},\"image\":{\"@id\":\"https:\\\/\\\/kt.gov.rs\\\/#\\\/schema\\\/logo\\\/image\\\/\"},\"sameAs\":[\"https:\\\/\\\/www.facebook.com\\\/SluzbaKoordinacionogTelaVladeRepublikeSrbije\",\"https:\\\/\\\/x.com\\\/kt_gov\",\"https:\\\/\\\/www.youtube.com\\\/@koordinacionotelo\"]},{\"@type\":\"Person\",\"@id\":\"https:\\\/\\\/kt.gov.rs\\\/#\\\/schema\\\/person\\\/e426459ddb4173309103390602694571\",\"name\":\"ktmin\",\"image\":{\"@type\":\"ImageObject\",\"inLanguage\":\"sq-AL\",\"@id\":\"https:\\\/\\\/secure.gravatar.com\\\/avatar\\\/3985c961109853010c3fbc7ba30365bfba5db3dd6c525831d9c595c7525a615a?s=96&d=mm&r=g\",\"url\":\"https:\\\/\\\/secure.gravatar.com\\\/avatar\\\/3985c961109853010c3fbc7ba30365bfba5db3dd6c525831d9c595c7525a615a?s=96&d=mm&r=g\",\"contentUrl\":\"https:\\\/\\\/secure.gravatar.com\\\/avatar\\\/3985c961109853010c3fbc7ba30365bfba5db3dd6c525831d9c595c7525a615a?s=96&d=mm&r=g\",\"caption\":\"ktmin\"},\"sameAs\":[\"https:\\\/\\\/kt.gov.rs\"],\"url\":\"https:\\\/\\\/kt.gov.rs\\\/sq\\\/author\\\/ktmin\\\/\"}]}<\/script>\n<!-- \/ Yoast SEO plugin. -->","yoast_head_json":{"title":"Donacion tjet\u00ebr i Ministris\u00eb s\u00eb bujq\u00ebsis\u00eb p\u00ebr Preshev\u00eb, Bujanoc dhe Medvegj\u00eb - Republika e S\u00ebrbis\u00eb Trupi Koordinues p\u00ebr komunat Bujanoc, Preshev\u00eb dhe Medvegj\u00eb","robots":{"index":"index","follow":"follow","max-snippet":"max-snippet:-1","max-image-preview":"max-image-preview:large","max-video-preview":"max-video-preview:-1"},"canonical":"https:\/\/kt.gov.rs\/sq\/donacion-tjeter-i-ministrise-se-bujqesise-per-presheve-bujanoc-dhe-medvegje\/","og_locale":"sq_AL","og_type":"article","og_title":"Donacion tjet\u00ebr i Ministris\u00eb s\u00eb bujq\u00ebsis\u00eb p\u00ebr Preshev\u00eb, Bujanoc dhe Medvegj\u00eb - Republika e S\u00ebrbis\u00eb Trupi Koordinues p\u00ebr komunat Bujanoc, Preshev\u00eb dhe Medvegj\u00eb","og_description":"Ministi i bujq\u00ebsis\u00eb, pylltaris\u00eb dhe i ekonomis\u00eb s\u00eb uj\u00ebrave, Sasha Dragin dhe drejtori i Sh\u00ebrbimit t\u00eb Trupit Koordinues, Nenad Gjurgjeviq, vizituan m\u00eb 17 mars Bujanocin me q\u2019rast dhuruan donacione n\u00eb fidane p\u00ebr distribucion t\u00eb m\u00ebtutjesh\u00ebm p\u00ebr komunat e Bujanocit, Medvegj\u00ebs dhe Preshev\u00ebs.","og_url":"https:\/\/kt.gov.rs\/sq\/donacion-tjeter-i-ministrise-se-bujqesise-per-presheve-bujanoc-dhe-medvegje\/","og_site_name":"Republika e S\u00ebrbis\u00eb Trupi Koordinues p\u00ebr komunat Bujanoc, Preshev\u00eb dhe Medvegj\u00eb","article_publisher":"https:\/\/www.facebook.com\/SluzbaKoordinacionogTelaVladeRepublikeSrbije","article_published_time":"2009-03-17T00:00:00+00:00","article_modified_time":"2024-07-30T20:25:14+00:00","og_image":[{"width":250,"height":180,"url":"https:\/\/kt.gov.rs\/wp-content\/uploads\/2024\/07\/sasa_dragin_vesti-5.jpg","type":"image\/jpeg"}],"author":"ktmin","twitter_card":"summary_large_image","twitter_creator":"@kt_gov","twitter_site":"@kt_gov","twitter_misc":{"Written by":"ktmin","Est. reading time":"1 minute"},"schema":{"@context":"https:\/\/schema.org","@graph":[{"@type":"Article","@id":"https:\/\/kt.gov.rs\/sq\/donacion-tjeter-i-ministrise-se-bujqesise-per-presheve-bujanoc-dhe-medvegje\/#article","isPartOf":{"@id":"https:\/\/kt.gov.rs\/sq\/donacion-tjeter-i-ministrise-se-bujqesise-per-presheve-bujanoc-dhe-medvegje\/"},"author":{"name":"ktmin","@id":"https:\/\/kt.gov.rs\/#\/schema\/person\/e426459ddb4173309103390602694571"},"headline":"Donacion tjet\u00ebr i Ministris\u00eb s\u00eb bujq\u00ebsis\u00eb p\u00ebr Preshev\u00eb, Bujanoc dhe Medvegj\u00eb","datePublished":"2009-03-17T00:00:00+00:00","dateModified":"2024-07-30T20:25:14+00:00","mainEntityOfPage":{"@id":"https:\/\/kt.gov.rs\/sq\/donacion-tjeter-i-ministrise-se-bujqesise-per-presheve-bujanoc-dhe-medvegje\/"},"wordCount":254,"publisher":{"@id":"https:\/\/kt.gov.rs\/#organization"},"image":{"@id":"https:\/\/kt.gov.rs\/sq\/donacion-tjeter-i-ministrise-se-bujqesise-per-presheve-bujanoc-dhe-medvegje\/#primaryimage"},"thumbnailUrl":"https:\/\/kt.gov.rs\/wp-content\/uploads\/2024\/07\/sasa_dragin_vesti-5.jpg","articleSection":["Lajme"],"inLanguage":"sq-AL"},{"@type":"WebPage","@id":"https:\/\/kt.gov.rs\/sq\/donacion-tjeter-i-ministrise-se-bujqesise-per-presheve-bujanoc-dhe-medvegje\/","url":"https:\/\/kt.gov.rs\/sq\/donacion-tjeter-i-ministrise-se-bujqesise-per-presheve-bujanoc-dhe-medvegje\/","name":"Donacion tjet\u00ebr i Ministris\u00eb s\u00eb bujq\u00ebsis\u00eb p\u00ebr Preshev\u00eb, Bujanoc dhe Medvegj\u00eb - Republika e S\u00ebrbis\u00eb Trupi Koordinues p\u00ebr komunat Bujanoc, Preshev\u00eb dhe Medvegj\u00eb","isPartOf":{"@id":"https:\/\/kt.gov.rs\/#website"},"primaryImageOfPage":{"@id":"https:\/\/kt.gov.rs\/sq\/donacion-tjeter-i-ministrise-se-bujqesise-per-presheve-bujanoc-dhe-medvegje\/#primaryimage"},"image":{"@id":"https:\/\/kt.gov.rs\/sq\/donacion-tjeter-i-ministrise-se-bujqesise-per-presheve-bujanoc-dhe-medvegje\/#primaryimage"},"thumbnailUrl":"https:\/\/kt.gov.rs\/wp-content\/uploads\/2024\/07\/sasa_dragin_vesti-5.jpg","datePublished":"2009-03-17T00:00:00+00:00","dateModified":"2024-07-30T20:25:14+00:00","breadcrumb":{"@id":"https:\/\/kt.gov.rs\/sq\/donacion-tjeter-i-ministrise-se-bujqesise-per-presheve-bujanoc-dhe-medvegje\/#breadcrumb"},"inLanguage":"sq-AL","potentialAction":[{"@type":"ReadAction","target":["https:\/\/kt.gov.rs\/sq\/donacion-tjeter-i-ministrise-se-bujqesise-per-presheve-bujanoc-dhe-medvegje\/"]}]},{"@type":"ImageObject","inLanguage":"sq-AL","@id":"https:\/\/kt.gov.rs\/sq\/donacion-tjeter-i-ministrise-se-bujqesise-per-presheve-bujanoc-dhe-medvegje\/#primaryimage","url":"https:\/\/kt.gov.rs\/wp-content\/uploads\/2024\/07\/sasa_dragin_vesti-5.jpg","contentUrl":"https:\/\/kt.gov.rs\/wp-content\/uploads\/2024\/07\/sasa_dragin_vesti-5.jpg","width":250,"height":180},{"@type":"BreadcrumbList","@id":"https:\/\/kt.gov.rs\/sq\/donacion-tjeter-i-ministrise-se-bujqesise-per-presheve-bujanoc-dhe-medvegje\/#breadcrumb","itemListElement":[{"@type":"ListItem","position":1,"name":"\u041f\u043e\u0447\u0435\u0442\u043d\u0430","item":"https:\/\/kt.gov.rs\/sq\/"},{"@type":"ListItem","position":2,"name":"Donacion tjet\u00ebr i Ministris\u00eb s\u00eb bujq\u00ebsis\u00eb p\u00ebr Preshev\u00eb, Bujanoc dhe Medvegj\u00eb"}]},{"@type":"WebSite","@id":"https:\/\/kt.gov.rs\/#website","url":"https:\/\/kt.gov.rs\/","name":"\u041a\u043e\u043e\u0440\u0434\u0438\u043d\u0430\u0446\u0438\u043e\u043d\u043e \u0442\u0435\u043b\u043e \u0412\u043b\u0430\u0434\u0435 \u0420\u0435\u043f\u0443\u0431\u043b\u0438\u043a\u0435 \u0421\u0440\u0431\u0438\u0458\u0435 \u0437\u0430 \u043e\u043f\u0448\u0442\u0438\u043d\u0435 \u041f\u0440\u0435\u0448\u0435\u0432\u043e, \u0411\u0443\u0458\u0430\u043d\u043e\u0432\u0430\u0446 \u0438 \u041c\u0435\u0434\u0432\u0435\u0452a","description":"","publisher":{"@id":"https:\/\/kt.gov.rs\/#organization"},"alternateName":"\u041a\u043e\u043e\u0440\u0434\u0438\u043d\u0430\u0446\u0438\u043e\u043d\u043e \u0442\u0435\u043b\u043e","potentialAction":[{"@type":"SearchAction","target":{"@type":"EntryPoint","urlTemplate":"https:\/\/kt.gov.rs\/?s={search_term_string}"},"query-input":{"@type":"PropertyValueSpecification","valueRequired":true,"valueName":"search_term_string"}}],"inLanguage":"sq-AL"},{"@type":"Organization","@id":"https:\/\/kt.gov.rs\/#organization","name":"\u041a\u043e\u043e\u0440\u0434\u0438\u043d\u0430\u0446\u0438\u043e\u043d\u043e \u0442\u0435\u043b\u043e \u0412\u043b\u0430\u0434\u0435 \u0420\u0435\u043f\u0443\u0431\u043b\u0438\u043a\u0435 \u0421\u0440\u0431\u0438\u0458\u0435 \u0437\u0430 \u043e\u043f\u0448\u0442\u0438\u043d\u0435 \u041f\u0440\u0435\u0448\u0435\u0432\u043e, \u0411\u0443\u0458\u0430\u043d\u043e\u0432\u0430\u0446 \u0438 \u041c\u0435\u0434\u0432\u0435\u0452a","alternateName":"\u041a\u043e\u043e\u0440\u0434\u0438\u043d\u0430\u0446\u0438\u043e\u043d\u043e \u0442\u0435\u043b\u043e","url":"https:\/\/kt.gov.rs\/","logo":{"@type":"ImageObject","inLanguage":"sq-AL","@id":"https:\/\/kt.gov.rs\/#\/schema\/logo\/image\/","url":"https:\/\/kt.gov.rs\/wp-content\/uploads\/2024\/12\/koord2.jpg","contentUrl":"https:\/\/kt.gov.rs\/wp-content\/uploads\/2024\/12\/koord2.jpg","width":640,"height":480,"caption":"\u041a\u043e\u043e\u0440\u0434\u0438\u043d\u0430\u0446\u0438\u043e\u043d\u043e \u0442\u0435\u043b\u043e \u0412\u043b\u0430\u0434\u0435 \u0420\u0435\u043f\u0443\u0431\u043b\u0438\u043a\u0435 \u0421\u0440\u0431\u0438\u0458\u0435 \u0437\u0430 \u043e\u043f\u0448\u0442\u0438\u043d\u0435 \u041f\u0440\u0435\u0448\u0435\u0432\u043e, \u0411\u0443\u0458\u0430\u043d\u043e\u0432\u0430\u0446 \u0438 \u041c\u0435\u0434\u0432\u0435\u0452a"},"image":{"@id":"https:\/\/kt.gov.rs\/#\/schema\/logo\/image\/"},"sameAs":["https:\/\/www.facebook.com\/SluzbaKoordinacionogTelaVladeRepublikeSrbije","https:\/\/x.com\/kt_gov","https:\/\/www.youtube.com\/@koordinacionotelo"]},{"@type":"Person","@id":"https:\/\/kt.gov.rs\/#\/schema\/person\/e426459ddb4173309103390602694571","name":"ktmin","image":{"@type":"ImageObject","inLanguage":"sq-AL","@id":"https:\/\/secure.gravatar.com\/avatar\/3985c961109853010c3fbc7ba30365bfba5db3dd6c525831d9c595c7525a615a?s=96&d=mm&r=g","url":"https:\/\/secure.gravatar.com\/avatar\/3985c961109853010c3fbc7ba30365bfba5db3dd6c525831d9c595c7525a615a?s=96&d=mm&r=g","contentUrl":"https:\/\/secure.gravatar.com\/avatar\/3985c961109853010c3fbc7ba30365bfba5db3dd6c525831d9c595c7525a615a?s=96&d=mm&r=g","caption":"ktmin"},"sameAs":["https:\/\/kt.gov.rs"],"url":"https:\/\/kt.gov.rs\/sq\/author\/ktmin\/"}]}},"_links":{"self":[{"href":"https:\/\/kt.gov.rs\/sq\/wp-json\/wp\/v2\/posts\/143409","targetHints":{"allow":["GET"]}}],"collection":[{"href":"https:\/\/kt.gov.rs\/sq\/wp-json\/wp\/v2\/posts"}],"about":[{"href":"https:\/\/kt.gov.rs\/sq\/wp-json\/wp\/v2\/types\/post"}],"author":[{"embeddable":true,"href":"https:\/\/kt.gov.rs\/sq\/wp-json\/wp\/v2\/users\/1"}],"replies":[{"embeddable":true,"href":"https:\/\/kt.gov.rs\/sq\/wp-json\/wp\/v2\/comments?post=143409"}],"version-history":[{"count":1,"href":"https:\/\/kt.gov.rs\/sq\/wp-json\/wp\/v2\/posts\/143409\/revisions"}],"predecessor-version":[{"id":143413,"href":"https:\/\/kt.gov.rs\/sq\/wp-json\/wp\/v2\/posts\/143409\/revisions\/143413"}],"wp:featuredmedia":[{"embeddable":true,"href":"https:\/\/kt.gov.rs\/sq\/wp-json\/wp\/v2\/media\/143414"}],"wp:attachment":[{"href":"https:\/\/kt.gov.rs\/sq\/wp-json\/wp\/v2\/media?parent=143409"}],"wp:term":[{"taxonomy":"category","embeddable":true,"href":"https:\/\/kt.gov.rs\/sq\/wp-json\/wp\/v2\/categories?post=143409"},{"taxonomy":"post_tag","embeddable":true,"href":"https:\/\/kt.gov.rs\/sq\/wp-json\/wp\/v2\/tags?post=143409"}],"curies":[{"name":"wp","href":"https:\/\/api.w.org\/{rel}","templated":true}]}}