{"id":143383,"date":"2009-04-23T00:00:00","date_gmt":"2009-04-23T00:00:00","guid":{"rendered":"http:\/\/kt.printandscreen.rs\/aventurat-e-petar-panit-ne-bujanoc-dhe-presheve\/"},"modified":"2024-07-30T20:25:04","modified_gmt":"2024-07-30T20:25:04","slug":"aventurat-e-petar-panit-ne-bujanoc-dhe-presheve","status":"publish","type":"post","link":"https:\/\/kt.gov.rs\/sq\/aventurat-e-petar-panit-ne-bujanoc-dhe-presheve\/","title":{"rendered":"AVENTURAT E PETAR PANIT N\u00cb BUJANOC DHE PRESHEV\u00cb"},"content":{"rendered":"<p><img decoding=\"async\" align=\"left\" src=\"https:\/\/kt.gov.rs\/wp-content\/uploads\/2024\/07\/petar_panplakat-4.gif\" alt=\"\" \/>F\u00ebmij\u00ebt nga Bujanoci dhe Presheva t\u00eb mart\u00ebn m\u00eb 28 prill 2009 do t\u00eb ken rast\u00eb q\u00eb s\u00eb bashku me Petar Panin dhe Zilen, me muzik\u00eb, k\u00ebng\u00eb dhe\u00a0 valle, t\u00eb rezultojn\u00eb fitoren n\u00eb Tok\u00ebn e Pakthim dhe at\u00eb tok\u00eb p\u00ebrs\u00ebri ta b\u00ebjn\u00eb magjike. Shfaqja ,,Aventurat e Petar Panit\u2019\u2019, n\u00ebn realizimin e ,,Trupet prapa sken\u00ebs\u2019\u2019 nga Novi Sadi do t\u00eb egzekutohet s\u00eb pari Sht\u00ebpin\u00eb e Kultur\u00ebs Bujanoc n\u00eb ora 11.00, pastaj ora 15.00 do t\u00eb ket\u00eb p\u00ebrs\u00ebri shfaqje n\u00eb Sht\u00ebpin\u00eb e Kultur\u00ebs n\u00eb Preshev\u00eb. Ardhjen e ,,Trupet e prapasken\u00ebs\u2019\u2019 n\u00eb komunat tona e ka organizuar Trupi Koordinues i Qeveris\u00eb s\u00eb Republik\u00ebs s\u00eb Serbis\u00eb p\u00ebr komunat Preshev\u00eb, Bujanoc dhe Medvegj\u00eb. Hyrja p\u00ebr k\u00ebto shfaqje p\u00ebr f\u00ebmij\u00ebt dhe m\u00ebsuesit e tyre \u00ebsht\u00eb gratis.<\/p>\n<p>P\u00ebrralla p\u00ebr Petar Panin \u00ebsht\u00eb nj\u00eb tregim mbi pasigurin\u00eb, p\u00ebr nj\u00eb rrug\u00eb t\u00eb pazakont\u00eb dhe mall\u00ebngjyese n\u00ebp\u00ebr Bot\u00ebn t\u00eb Humbur n\u00eb t\u00eb cil\u00ebn mbizot\u00ebron lufta n\u00eb mes t\u00eb s\u00eb mir\u00ebs dhe s\u00eb keqes, ku shikuesit p\u00ebrmes shfaqjes i udh\u00ebheq Petan Pani dhe Zileja. Atje \u00ebsht\u00eb edhe keqb\u00ebr\u00ebsi Kapetan Kuk, i cili si gjith m\u00eb par\u00eb, harron betimin e tij\u00eb se do t\u00eb jet\u00eb i mir\u00eb, por vet\u00ebm sjell\u00eb probleme gati t\u00eb pazgjidhura. ,,Aventurat e Petar Panit\u2019\u2019 \u00ebsht\u00eb nj\u00eb kombinim i \u00e7faqjes dhe muzik\u00ebs me shum\u00eb k\u00ebng\u00eb dhe informacione arsimore. F\u00ebmij\u00ebt s\u00eb bashku me artist\u00ebt k\u00ebndojn\u00eb k\u00ebng\u00eb dhe zgjidhin problemin e misteris\u00eb s\u00eb Bot\u00ebs s\u00eb Humbur. Artisti Branimir si n\u00eb fillim e poashtu edhe n\u00eb fund t\u00eb shfaqjes egzekuton s\u00eb bashku me f\u00ebmij\u00ebt nj\u00eb koncert t\u00eb vog\u00ebl duke k\u00ebnduar k\u00ebng\u00eb f\u00ebmij\u00ebrore.<\/p>\n","protected":false},"excerpt":{"rendered":"<p>F\u00ebmij\u00ebt nga Bujanoci dhe Presheva t\u00eb mart\u00ebn m\u00eb 28 prill 2009 do t\u00eb ken rast\u00eb q\u00eb s\u00eb bashku me Petar Panin dhe Zilen, me muzik\u00eb, k\u00ebng\u00eb dhe\u00a0 valle, t\u00eb rezultojn\u00eb fitoren n\u00eb Tok\u00ebn e Pakthim dhe at\u00eb tok\u00eb p\u00ebrs\u00ebri ta b\u00ebjn\u00eb magjike. Shfaqja ,,Aventurat e Petar Panit\u2019\u2019, n\u00ebn realizimin e ,,Trupet prapa sken\u00ebs\u2019\u2019 nga Novi Sadi do t\u00eb egzekutohet s\u00eb pari Sht\u00ebpin\u00eb e Kultur\u00ebs Bujanoc n\u00eb ora 11.00, pastaj ora 15.00 do t\u00eb ket\u00eb p\u00ebrs\u00ebri shfaqje n\u00eb Sht\u00ebpin\u00eb e Kultur\u00ebs n\u00eb Preshev\u00eb. Ardhjen e ,,Trupet e prapasken\u00ebs\u2019\u2019 n\u00eb komunat tona e ka organizuar Trupi Koordinues i Qeveris\u00eb s\u00eb Republik\u00ebs s\u00eb Serbis\u00eb p\u00ebr komunat Preshev\u00eb, Bujanoc dhe Medvegj\u00eb. Hyrja p\u00ebr k\u00ebto shfaqje p\u00ebr f\u00ebmij\u00ebt dhe m\u00ebsuesit e tyre \u00ebsht\u00eb gratis.<\/p>\n","protected":false},"author":1,"featured_media":143388,"comment_status":"closed","ping_status":"closed","sticky":false,"template":"","format":"standard","meta":{"footnotes":""},"categories":[55],"tags":[],"class_list":["post-143383","post","type-post","status-publish","format-standard","has-post-thumbnail","hentry","category-lajme"],"yoast_head":"<!-- This site is optimized with the Yoast SEO plugin v27.5 - https:\/\/yoast.com\/product\/yoast-seo-wordpress\/ -->\n<title>AVENTURAT E PETAR PANIT N\u00cb BUJANOC DHE PRESHEV\u00cb - Republika e S\u00ebrbis\u00eb Trupi Koordinues p\u00ebr komunat Bujanoc, Preshev\u00eb dhe Medvegj\u00eb<\/title>\n<meta name=\"robots\" content=\"index, follow, max-snippet:-1, max-image-preview:large, max-video-preview:-1\" \/>\n<link rel=\"canonical\" href=\"https:\/\/kt.gov.rs\/sq\/aventurat-e-petar-panit-ne-bujanoc-dhe-presheve\/\" \/>\n<meta property=\"og:locale\" content=\"sq_AL\" \/>\n<meta property=\"og:type\" content=\"article\" \/>\n<meta property=\"og:title\" content=\"AVENTURAT E PETAR PANIT N\u00cb BUJANOC DHE PRESHEV\u00cb - Republika e S\u00ebrbis\u00eb Trupi Koordinues p\u00ebr komunat Bujanoc, Preshev\u00eb dhe Medvegj\u00eb\" \/>\n<meta property=\"og:description\" content=\"F\u00ebmij\u00ebt nga Bujanoci dhe Presheva t\u00eb mart\u00ebn m\u00eb 28 prill 2009 do t\u00eb ken rast\u00eb q\u00eb s\u00eb bashku me Petar Panin dhe Zilen, me muzik\u00eb, k\u00ebng\u00eb dhe\u00a0 valle, t\u00eb rezultojn\u00eb fitoren n\u00eb Tok\u00ebn e Pakthim dhe at\u00eb tok\u00eb p\u00ebrs\u00ebri ta b\u00ebjn\u00eb magjike. Shfaqja ,,Aventurat e Petar Panit\u2019\u2019, n\u00ebn realizimin e ,,Trupet prapa sken\u00ebs\u2019\u2019 nga Novi Sadi do t\u00eb egzekutohet s\u00eb pari Sht\u00ebpin\u00eb e Kultur\u00ebs Bujanoc n\u00eb ora 11.00, pastaj ora 15.00 do t\u00eb ket\u00eb p\u00ebrs\u00ebri shfaqje n\u00eb Sht\u00ebpin\u00eb e Kultur\u00ebs n\u00eb Preshev\u00eb. Ardhjen e ,,Trupet e prapasken\u00ebs\u2019\u2019 n\u00eb komunat tona e ka organizuar Trupi Koordinues i Qeveris\u00eb s\u00eb Republik\u00ebs s\u00eb Serbis\u00eb p\u00ebr komunat Preshev\u00eb, Bujanoc dhe Medvegj\u00eb. Hyrja p\u00ebr k\u00ebto shfaqje p\u00ebr f\u00ebmij\u00ebt dhe m\u00ebsuesit e tyre \u00ebsht\u00eb gratis.\" \/>\n<meta property=\"og:url\" content=\"https:\/\/kt.gov.rs\/sq\/aventurat-e-petar-panit-ne-bujanoc-dhe-presheve\/\" \/>\n<meta property=\"og:site_name\" content=\"Republika e S\u00ebrbis\u00eb Trupi Koordinues p\u00ebr komunat Bujanoc, Preshev\u00eb dhe Medvegj\u00eb\" \/>\n<meta property=\"article:publisher\" content=\"https:\/\/www.facebook.com\/SluzbaKoordinacionogTelaVladeRepublikeSrbije\" \/>\n<meta property=\"article:published_time\" content=\"2009-04-23T00:00:00+00:00\" \/>\n<meta property=\"article:modified_time\" content=\"2024-07-30T20:25:04+00:00\" \/>\n<meta property=\"og:image\" content=\"https:\/\/kt.gov.rs\/wp-content\/uploads\/2024\/07\/petar_panplakat-5.gif\" \/>\n\t<meta property=\"og:image:width\" content=\"145\" \/>\n\t<meta property=\"og:image:height\" content=\"201\" \/>\n\t<meta property=\"og:image:type\" content=\"image\/gif\" \/>\n<meta name=\"author\" content=\"ktmin\" \/>\n<meta name=\"twitter:card\" content=\"summary_large_image\" \/>\n<meta name=\"twitter:creator\" content=\"@kt_gov\" \/>\n<meta name=\"twitter:site\" content=\"@kt_gov\" \/>\n<meta name=\"twitter:label1\" content=\"Written by\" \/>\n\t<meta name=\"twitter:data1\" content=\"ktmin\" \/>\n\t<meta name=\"twitter:label2\" content=\"Est. reading time\" \/>\n\t<meta name=\"twitter:data2\" content=\"2 minutes\" \/>\n<script type=\"application\/ld+json\" class=\"yoast-schema-graph\">{\"@context\":\"https:\\\/\\\/schema.org\",\"@graph\":[{\"@type\":\"Article\",\"@id\":\"https:\\\/\\\/kt.gov.rs\\\/sq\\\/aventurat-e-petar-panit-ne-bujanoc-dhe-presheve\\\/#article\",\"isPartOf\":{\"@id\":\"https:\\\/\\\/kt.gov.rs\\\/sq\\\/aventurat-e-petar-panit-ne-bujanoc-dhe-presheve\\\/\"},\"author\":{\"name\":\"ktmin\",\"@id\":\"https:\\\/\\\/kt.gov.rs\\\/#\\\/schema\\\/person\\\/e426459ddb4173309103390602694571\"},\"headline\":\"AVENTURAT E PETAR PANIT N\u00cb BUJANOC DHE PRESHEV\u00cb\",\"datePublished\":\"2009-04-23T00:00:00+00:00\",\"dateModified\":\"2024-07-30T20:25:04+00:00\",\"mainEntityOfPage\":{\"@id\":\"https:\\\/\\\/kt.gov.rs\\\/sq\\\/aventurat-e-petar-panit-ne-bujanoc-dhe-presheve\\\/\"},\"wordCount\":317,\"publisher\":{\"@id\":\"https:\\\/\\\/kt.gov.rs\\\/#organization\"},\"image\":{\"@id\":\"https:\\\/\\\/kt.gov.rs\\\/sq\\\/aventurat-e-petar-panit-ne-bujanoc-dhe-presheve\\\/#primaryimage\"},\"thumbnailUrl\":\"https:\\\/\\\/kt.gov.rs\\\/wp-content\\\/uploads\\\/2024\\\/07\\\/petar_panplakat-5.gif\",\"articleSection\":[\"Lajme\"],\"inLanguage\":\"sq-AL\"},{\"@type\":\"WebPage\",\"@id\":\"https:\\\/\\\/kt.gov.rs\\\/sq\\\/aventurat-e-petar-panit-ne-bujanoc-dhe-presheve\\\/\",\"url\":\"https:\\\/\\\/kt.gov.rs\\\/sq\\\/aventurat-e-petar-panit-ne-bujanoc-dhe-presheve\\\/\",\"name\":\"AVENTURAT E PETAR PANIT N\u00cb BUJANOC DHE PRESHEV\u00cb - Republika e S\u00ebrbis\u00eb Trupi Koordinues p\u00ebr komunat Bujanoc, Preshev\u00eb dhe Medvegj\u00eb\",\"isPartOf\":{\"@id\":\"https:\\\/\\\/kt.gov.rs\\\/#website\"},\"primaryImageOfPage\":{\"@id\":\"https:\\\/\\\/kt.gov.rs\\\/sq\\\/aventurat-e-petar-panit-ne-bujanoc-dhe-presheve\\\/#primaryimage\"},\"image\":{\"@id\":\"https:\\\/\\\/kt.gov.rs\\\/sq\\\/aventurat-e-petar-panit-ne-bujanoc-dhe-presheve\\\/#primaryimage\"},\"thumbnailUrl\":\"https:\\\/\\\/kt.gov.rs\\\/wp-content\\\/uploads\\\/2024\\\/07\\\/petar_panplakat-5.gif\",\"datePublished\":\"2009-04-23T00:00:00+00:00\",\"dateModified\":\"2024-07-30T20:25:04+00:00\",\"breadcrumb\":{\"@id\":\"https:\\\/\\\/kt.gov.rs\\\/sq\\\/aventurat-e-petar-panit-ne-bujanoc-dhe-presheve\\\/#breadcrumb\"},\"inLanguage\":\"sq-AL\",\"potentialAction\":[{\"@type\":\"ReadAction\",\"target\":[\"https:\\\/\\\/kt.gov.rs\\\/sq\\\/aventurat-e-petar-panit-ne-bujanoc-dhe-presheve\\\/\"]}]},{\"@type\":\"ImageObject\",\"inLanguage\":\"sq-AL\",\"@id\":\"https:\\\/\\\/kt.gov.rs\\\/sq\\\/aventurat-e-petar-panit-ne-bujanoc-dhe-presheve\\\/#primaryimage\",\"url\":\"https:\\\/\\\/kt.gov.rs\\\/wp-content\\\/uploads\\\/2024\\\/07\\\/petar_panplakat-5.gif\",\"contentUrl\":\"https:\\\/\\\/kt.gov.rs\\\/wp-content\\\/uploads\\\/2024\\\/07\\\/petar_panplakat-5.gif\",\"width\":145,\"height\":201},{\"@type\":\"BreadcrumbList\",\"@id\":\"https:\\\/\\\/kt.gov.rs\\\/sq\\\/aventurat-e-petar-panit-ne-bujanoc-dhe-presheve\\\/#breadcrumb\",\"itemListElement\":[{\"@type\":\"ListItem\",\"position\":1,\"name\":\"\u041f\u043e\u0447\u0435\u0442\u043d\u0430\",\"item\":\"https:\\\/\\\/kt.gov.rs\\\/sq\\\/\"},{\"@type\":\"ListItem\",\"position\":2,\"name\":\"AVENTURAT E PETAR PANIT N\u00cb BUJANOC DHE PRESHEV\u00cb\"}]},{\"@type\":\"WebSite\",\"@id\":\"https:\\\/\\\/kt.gov.rs\\\/#website\",\"url\":\"https:\\\/\\\/kt.gov.rs\\\/\",\"name\":\"\u041a\u043e\u043e\u0440\u0434\u0438\u043d\u0430\u0446\u0438\u043e\u043d\u043e \u0442\u0435\u043b\u043e \u0412\u043b\u0430\u0434\u0435 \u0420\u0435\u043f\u0443\u0431\u043b\u0438\u043a\u0435 \u0421\u0440\u0431\u0438\u0458\u0435 \u0437\u0430 \u043e\u043f\u0448\u0442\u0438\u043d\u0435 \u041f\u0440\u0435\u0448\u0435\u0432\u043e, \u0411\u0443\u0458\u0430\u043d\u043e\u0432\u0430\u0446 \u0438 \u041c\u0435\u0434\u0432\u0435\u0452a\",\"description\":\"\",\"publisher\":{\"@id\":\"https:\\\/\\\/kt.gov.rs\\\/#organization\"},\"alternateName\":\"\u041a\u043e\u043e\u0440\u0434\u0438\u043d\u0430\u0446\u0438\u043e\u043d\u043e \u0442\u0435\u043b\u043e\",\"potentialAction\":[{\"@type\":\"SearchAction\",\"target\":{\"@type\":\"EntryPoint\",\"urlTemplate\":\"https:\\\/\\\/kt.gov.rs\\\/?s={search_term_string}\"},\"query-input\":{\"@type\":\"PropertyValueSpecification\",\"valueRequired\":true,\"valueName\":\"search_term_string\"}}],\"inLanguage\":\"sq-AL\"},{\"@type\":\"Organization\",\"@id\":\"https:\\\/\\\/kt.gov.rs\\\/#organization\",\"name\":\"\u041a\u043e\u043e\u0440\u0434\u0438\u043d\u0430\u0446\u0438\u043e\u043d\u043e \u0442\u0435\u043b\u043e \u0412\u043b\u0430\u0434\u0435 \u0420\u0435\u043f\u0443\u0431\u043b\u0438\u043a\u0435 \u0421\u0440\u0431\u0438\u0458\u0435 \u0437\u0430 \u043e\u043f\u0448\u0442\u0438\u043d\u0435 \u041f\u0440\u0435\u0448\u0435\u0432\u043e, \u0411\u0443\u0458\u0430\u043d\u043e\u0432\u0430\u0446 \u0438 \u041c\u0435\u0434\u0432\u0435\u0452a\",\"alternateName\":\"\u041a\u043e\u043e\u0440\u0434\u0438\u043d\u0430\u0446\u0438\u043e\u043d\u043e \u0442\u0435\u043b\u043e\",\"url\":\"https:\\\/\\\/kt.gov.rs\\\/\",\"logo\":{\"@type\":\"ImageObject\",\"inLanguage\":\"sq-AL\",\"@id\":\"https:\\\/\\\/kt.gov.rs\\\/#\\\/schema\\\/logo\\\/image\\\/\",\"url\":\"https:\\\/\\\/kt.gov.rs\\\/wp-content\\\/uploads\\\/2024\\\/12\\\/koord2.jpg\",\"contentUrl\":\"https:\\\/\\\/kt.gov.rs\\\/wp-content\\\/uploads\\\/2024\\\/12\\\/koord2.jpg\",\"width\":640,\"height\":480,\"caption\":\"\u041a\u043e\u043e\u0440\u0434\u0438\u043d\u0430\u0446\u0438\u043e\u043d\u043e \u0442\u0435\u043b\u043e \u0412\u043b\u0430\u0434\u0435 \u0420\u0435\u043f\u0443\u0431\u043b\u0438\u043a\u0435 \u0421\u0440\u0431\u0438\u0458\u0435 \u0437\u0430 \u043e\u043f\u0448\u0442\u0438\u043d\u0435 \u041f\u0440\u0435\u0448\u0435\u0432\u043e, \u0411\u0443\u0458\u0430\u043d\u043e\u0432\u0430\u0446 \u0438 \u041c\u0435\u0434\u0432\u0435\u0452a\"},\"image\":{\"@id\":\"https:\\\/\\\/kt.gov.rs\\\/#\\\/schema\\\/logo\\\/image\\\/\"},\"sameAs\":[\"https:\\\/\\\/www.facebook.com\\\/SluzbaKoordinacionogTelaVladeRepublikeSrbije\",\"https:\\\/\\\/x.com\\\/kt_gov\",\"https:\\\/\\\/www.youtube.com\\\/@koordinacionotelo\"]},{\"@type\":\"Person\",\"@id\":\"https:\\\/\\\/kt.gov.rs\\\/#\\\/schema\\\/person\\\/e426459ddb4173309103390602694571\",\"name\":\"ktmin\",\"image\":{\"@type\":\"ImageObject\",\"inLanguage\":\"sq-AL\",\"@id\":\"https:\\\/\\\/secure.gravatar.com\\\/avatar\\\/3985c961109853010c3fbc7ba30365bfba5db3dd6c525831d9c595c7525a615a?s=96&d=mm&r=g\",\"url\":\"https:\\\/\\\/secure.gravatar.com\\\/avatar\\\/3985c961109853010c3fbc7ba30365bfba5db3dd6c525831d9c595c7525a615a?s=96&d=mm&r=g\",\"contentUrl\":\"https:\\\/\\\/secure.gravatar.com\\\/avatar\\\/3985c961109853010c3fbc7ba30365bfba5db3dd6c525831d9c595c7525a615a?s=96&d=mm&r=g\",\"caption\":\"ktmin\"},\"sameAs\":[\"https:\\\/\\\/kt.gov.rs\"],\"url\":\"https:\\\/\\\/kt.gov.rs\\\/sq\\\/author\\\/ktmin\\\/\"}]}<\/script>\n<!-- \/ Yoast SEO plugin. -->","yoast_head_json":{"title":"AVENTURAT E PETAR PANIT N\u00cb BUJANOC DHE PRESHEV\u00cb - Republika e S\u00ebrbis\u00eb Trupi Koordinues p\u00ebr komunat Bujanoc, Preshev\u00eb dhe Medvegj\u00eb","robots":{"index":"index","follow":"follow","max-snippet":"max-snippet:-1","max-image-preview":"max-image-preview:large","max-video-preview":"max-video-preview:-1"},"canonical":"https:\/\/kt.gov.rs\/sq\/aventurat-e-petar-panit-ne-bujanoc-dhe-presheve\/","og_locale":"sq_AL","og_type":"article","og_title":"AVENTURAT E PETAR PANIT N\u00cb BUJANOC DHE PRESHEV\u00cb - Republika e S\u00ebrbis\u00eb Trupi Koordinues p\u00ebr komunat Bujanoc, Preshev\u00eb dhe Medvegj\u00eb","og_description":"F\u00ebmij\u00ebt nga Bujanoci dhe Presheva t\u00eb mart\u00ebn m\u00eb 28 prill 2009 do t\u00eb ken rast\u00eb q\u00eb s\u00eb bashku me Petar Panin dhe Zilen, me muzik\u00eb, k\u00ebng\u00eb dhe\u00a0 valle, t\u00eb rezultojn\u00eb fitoren n\u00eb Tok\u00ebn e Pakthim dhe at\u00eb tok\u00eb p\u00ebrs\u00ebri ta b\u00ebjn\u00eb magjike. Shfaqja ,,Aventurat e Petar Panit\u2019\u2019, n\u00ebn realizimin e ,,Trupet prapa sken\u00ebs\u2019\u2019 nga Novi Sadi do t\u00eb egzekutohet s\u00eb pari Sht\u00ebpin\u00eb e Kultur\u00ebs Bujanoc n\u00eb ora 11.00, pastaj ora 15.00 do t\u00eb ket\u00eb p\u00ebrs\u00ebri shfaqje n\u00eb Sht\u00ebpin\u00eb e Kultur\u00ebs n\u00eb Preshev\u00eb. Ardhjen e ,,Trupet e prapasken\u00ebs\u2019\u2019 n\u00eb komunat tona e ka organizuar Trupi Koordinues i Qeveris\u00eb s\u00eb Republik\u00ebs s\u00eb Serbis\u00eb p\u00ebr komunat Preshev\u00eb, Bujanoc dhe Medvegj\u00eb. Hyrja p\u00ebr k\u00ebto shfaqje p\u00ebr f\u00ebmij\u00ebt dhe m\u00ebsuesit e tyre \u00ebsht\u00eb gratis.","og_url":"https:\/\/kt.gov.rs\/sq\/aventurat-e-petar-panit-ne-bujanoc-dhe-presheve\/","og_site_name":"Republika e S\u00ebrbis\u00eb Trupi Koordinues p\u00ebr komunat Bujanoc, Preshev\u00eb dhe Medvegj\u00eb","article_publisher":"https:\/\/www.facebook.com\/SluzbaKoordinacionogTelaVladeRepublikeSrbije","article_published_time":"2009-04-23T00:00:00+00:00","article_modified_time":"2024-07-30T20:25:04+00:00","og_image":[{"width":145,"height":201,"url":"https:\/\/kt.gov.rs\/wp-content\/uploads\/2024\/07\/petar_panplakat-5.gif","type":"image\/gif"}],"author":"ktmin","twitter_card":"summary_large_image","twitter_creator":"@kt_gov","twitter_site":"@kt_gov","twitter_misc":{"Written by":"ktmin","Est. reading time":"2 minutes"},"schema":{"@context":"https:\/\/schema.org","@graph":[{"@type":"Article","@id":"https:\/\/kt.gov.rs\/sq\/aventurat-e-petar-panit-ne-bujanoc-dhe-presheve\/#article","isPartOf":{"@id":"https:\/\/kt.gov.rs\/sq\/aventurat-e-petar-panit-ne-bujanoc-dhe-presheve\/"},"author":{"name":"ktmin","@id":"https:\/\/kt.gov.rs\/#\/schema\/person\/e426459ddb4173309103390602694571"},"headline":"AVENTURAT E PETAR PANIT N\u00cb BUJANOC DHE PRESHEV\u00cb","datePublished":"2009-04-23T00:00:00+00:00","dateModified":"2024-07-30T20:25:04+00:00","mainEntityOfPage":{"@id":"https:\/\/kt.gov.rs\/sq\/aventurat-e-petar-panit-ne-bujanoc-dhe-presheve\/"},"wordCount":317,"publisher":{"@id":"https:\/\/kt.gov.rs\/#organization"},"image":{"@id":"https:\/\/kt.gov.rs\/sq\/aventurat-e-petar-panit-ne-bujanoc-dhe-presheve\/#primaryimage"},"thumbnailUrl":"https:\/\/kt.gov.rs\/wp-content\/uploads\/2024\/07\/petar_panplakat-5.gif","articleSection":["Lajme"],"inLanguage":"sq-AL"},{"@type":"WebPage","@id":"https:\/\/kt.gov.rs\/sq\/aventurat-e-petar-panit-ne-bujanoc-dhe-presheve\/","url":"https:\/\/kt.gov.rs\/sq\/aventurat-e-petar-panit-ne-bujanoc-dhe-presheve\/","name":"AVENTURAT E PETAR PANIT N\u00cb BUJANOC DHE PRESHEV\u00cb - Republika e S\u00ebrbis\u00eb Trupi Koordinues p\u00ebr komunat Bujanoc, Preshev\u00eb dhe Medvegj\u00eb","isPartOf":{"@id":"https:\/\/kt.gov.rs\/#website"},"primaryImageOfPage":{"@id":"https:\/\/kt.gov.rs\/sq\/aventurat-e-petar-panit-ne-bujanoc-dhe-presheve\/#primaryimage"},"image":{"@id":"https:\/\/kt.gov.rs\/sq\/aventurat-e-petar-panit-ne-bujanoc-dhe-presheve\/#primaryimage"},"thumbnailUrl":"https:\/\/kt.gov.rs\/wp-content\/uploads\/2024\/07\/petar_panplakat-5.gif","datePublished":"2009-04-23T00:00:00+00:00","dateModified":"2024-07-30T20:25:04+00:00","breadcrumb":{"@id":"https:\/\/kt.gov.rs\/sq\/aventurat-e-petar-panit-ne-bujanoc-dhe-presheve\/#breadcrumb"},"inLanguage":"sq-AL","potentialAction":[{"@type":"ReadAction","target":["https:\/\/kt.gov.rs\/sq\/aventurat-e-petar-panit-ne-bujanoc-dhe-presheve\/"]}]},{"@type":"ImageObject","inLanguage":"sq-AL","@id":"https:\/\/kt.gov.rs\/sq\/aventurat-e-petar-panit-ne-bujanoc-dhe-presheve\/#primaryimage","url":"https:\/\/kt.gov.rs\/wp-content\/uploads\/2024\/07\/petar_panplakat-5.gif","contentUrl":"https:\/\/kt.gov.rs\/wp-content\/uploads\/2024\/07\/petar_panplakat-5.gif","width":145,"height":201},{"@type":"BreadcrumbList","@id":"https:\/\/kt.gov.rs\/sq\/aventurat-e-petar-panit-ne-bujanoc-dhe-presheve\/#breadcrumb","itemListElement":[{"@type":"ListItem","position":1,"name":"\u041f\u043e\u0447\u0435\u0442\u043d\u0430","item":"https:\/\/kt.gov.rs\/sq\/"},{"@type":"ListItem","position":2,"name":"AVENTURAT E PETAR PANIT N\u00cb BUJANOC DHE PRESHEV\u00cb"}]},{"@type":"WebSite","@id":"https:\/\/kt.gov.rs\/#website","url":"https:\/\/kt.gov.rs\/","name":"\u041a\u043e\u043e\u0440\u0434\u0438\u043d\u0430\u0446\u0438\u043e\u043d\u043e \u0442\u0435\u043b\u043e \u0412\u043b\u0430\u0434\u0435 \u0420\u0435\u043f\u0443\u0431\u043b\u0438\u043a\u0435 \u0421\u0440\u0431\u0438\u0458\u0435 \u0437\u0430 \u043e\u043f\u0448\u0442\u0438\u043d\u0435 \u041f\u0440\u0435\u0448\u0435\u0432\u043e, \u0411\u0443\u0458\u0430\u043d\u043e\u0432\u0430\u0446 \u0438 \u041c\u0435\u0434\u0432\u0435\u0452a","description":"","publisher":{"@id":"https:\/\/kt.gov.rs\/#organization"},"alternateName":"\u041a\u043e\u043e\u0440\u0434\u0438\u043d\u0430\u0446\u0438\u043e\u043d\u043e \u0442\u0435\u043b\u043e","potentialAction":[{"@type":"SearchAction","target":{"@type":"EntryPoint","urlTemplate":"https:\/\/kt.gov.rs\/?s={search_term_string}"},"query-input":{"@type":"PropertyValueSpecification","valueRequired":true,"valueName":"search_term_string"}}],"inLanguage":"sq-AL"},{"@type":"Organization","@id":"https:\/\/kt.gov.rs\/#organization","name":"\u041a\u043e\u043e\u0440\u0434\u0438\u043d\u0430\u0446\u0438\u043e\u043d\u043e \u0442\u0435\u043b\u043e \u0412\u043b\u0430\u0434\u0435 \u0420\u0435\u043f\u0443\u0431\u043b\u0438\u043a\u0435 \u0421\u0440\u0431\u0438\u0458\u0435 \u0437\u0430 \u043e\u043f\u0448\u0442\u0438\u043d\u0435 \u041f\u0440\u0435\u0448\u0435\u0432\u043e, \u0411\u0443\u0458\u0430\u043d\u043e\u0432\u0430\u0446 \u0438 \u041c\u0435\u0434\u0432\u0435\u0452a","alternateName":"\u041a\u043e\u043e\u0440\u0434\u0438\u043d\u0430\u0446\u0438\u043e\u043d\u043e \u0442\u0435\u043b\u043e","url":"https:\/\/kt.gov.rs\/","logo":{"@type":"ImageObject","inLanguage":"sq-AL","@id":"https:\/\/kt.gov.rs\/#\/schema\/logo\/image\/","url":"https:\/\/kt.gov.rs\/wp-content\/uploads\/2024\/12\/koord2.jpg","contentUrl":"https:\/\/kt.gov.rs\/wp-content\/uploads\/2024\/12\/koord2.jpg","width":640,"height":480,"caption":"\u041a\u043e\u043e\u0440\u0434\u0438\u043d\u0430\u0446\u0438\u043e\u043d\u043e \u0442\u0435\u043b\u043e \u0412\u043b\u0430\u0434\u0435 \u0420\u0435\u043f\u0443\u0431\u043b\u0438\u043a\u0435 \u0421\u0440\u0431\u0438\u0458\u0435 \u0437\u0430 \u043e\u043f\u0448\u0442\u0438\u043d\u0435 \u041f\u0440\u0435\u0448\u0435\u0432\u043e, \u0411\u0443\u0458\u0430\u043d\u043e\u0432\u0430\u0446 \u0438 \u041c\u0435\u0434\u0432\u0435\u0452a"},"image":{"@id":"https:\/\/kt.gov.rs\/#\/schema\/logo\/image\/"},"sameAs":["https:\/\/www.facebook.com\/SluzbaKoordinacionogTelaVladeRepublikeSrbije","https:\/\/x.com\/kt_gov","https:\/\/www.youtube.com\/@koordinacionotelo"]},{"@type":"Person","@id":"https:\/\/kt.gov.rs\/#\/schema\/person\/e426459ddb4173309103390602694571","name":"ktmin","image":{"@type":"ImageObject","inLanguage":"sq-AL","@id":"https:\/\/secure.gravatar.com\/avatar\/3985c961109853010c3fbc7ba30365bfba5db3dd6c525831d9c595c7525a615a?s=96&d=mm&r=g","url":"https:\/\/secure.gravatar.com\/avatar\/3985c961109853010c3fbc7ba30365bfba5db3dd6c525831d9c595c7525a615a?s=96&d=mm&r=g","contentUrl":"https:\/\/secure.gravatar.com\/avatar\/3985c961109853010c3fbc7ba30365bfba5db3dd6c525831d9c595c7525a615a?s=96&d=mm&r=g","caption":"ktmin"},"sameAs":["https:\/\/kt.gov.rs"],"url":"https:\/\/kt.gov.rs\/sq\/author\/ktmin\/"}]}},"_links":{"self":[{"href":"https:\/\/kt.gov.rs\/sq\/wp-json\/wp\/v2\/posts\/143383","targetHints":{"allow":["GET"]}}],"collection":[{"href":"https:\/\/kt.gov.rs\/sq\/wp-json\/wp\/v2\/posts"}],"about":[{"href":"https:\/\/kt.gov.rs\/sq\/wp-json\/wp\/v2\/types\/post"}],"author":[{"embeddable":true,"href":"https:\/\/kt.gov.rs\/sq\/wp-json\/wp\/v2\/users\/1"}],"replies":[{"embeddable":true,"href":"https:\/\/kt.gov.rs\/sq\/wp-json\/wp\/v2\/comments?post=143383"}],"version-history":[{"count":1,"href":"https:\/\/kt.gov.rs\/sq\/wp-json\/wp\/v2\/posts\/143383\/revisions"}],"predecessor-version":[{"id":143387,"href":"https:\/\/kt.gov.rs\/sq\/wp-json\/wp\/v2\/posts\/143383\/revisions\/143387"}],"wp:featuredmedia":[{"embeddable":true,"href":"https:\/\/kt.gov.rs\/sq\/wp-json\/wp\/v2\/media\/143388"}],"wp:attachment":[{"href":"https:\/\/kt.gov.rs\/sq\/wp-json\/wp\/v2\/media?parent=143383"}],"wp:term":[{"taxonomy":"category","embeddable":true,"href":"https:\/\/kt.gov.rs\/sq\/wp-json\/wp\/v2\/categories?post=143383"},{"taxonomy":"post_tag","embeddable":true,"href":"https:\/\/kt.gov.rs\/sq\/wp-json\/wp\/v2\/tags?post=143383"}],"curies":[{"name":"wp","href":"https:\/\/api.w.org\/{rel}","templated":true}]}}