{"id":143372,"date":"2009-04-29T00:00:00","date_gmt":"2009-04-29T00:00:00","guid":{"rendered":"http:\/\/kt.printandscreen.rs\/aventurat-e-petar-panit-ne-bujanoc-dhe-presheve-28-04-2009\/"},"modified":"2024-07-30T20:25:01","modified_gmt":"2024-07-30T20:25:01","slug":"aventurat-e-petar-panit-ne-bujanoc-dhe-presheve-28-04-2009","status":"publish","type":"post","link":"https:\/\/kt.gov.rs\/sq\/aventurat-e-petar-panit-ne-bujanoc-dhe-presheve-28-04-2009\/","title":{"rendered":"Aventurat e Petar Panit ne Bujanoc dhe Presheve, 28. 04. 2009"},"content":{"rendered":"<p><img decoding=\"async\" align=\"left\" alt=\"\" src=\"https:\/\/kt.gov.rs\/wp-content\/uploads\/2024\/07\/pic002vesti-4.jpg\" \/>N\u00eb sall\u00ebn e plot\u00eb t\u00eb Sht\u00ebpis\u00eb s\u00eb kultur\u00ebs n\u00eb Bujanoc, nx\u00ebn\u00ebsit e shkollave fillore ,,Branko Radiqeviq\u2019\u2019 dhe Naim Frash\u00ebri\u2019\u2019 me m\u00ebsuesit e tyre, duke k\u00ebnduar dhe vall\u00ebzuar me artist\u00ebt, me entuziaz\u00ebm p\u00ebrcoll\u00ebn \u00e7faqjen ,,Aventurat e Petar Panit\u2019\u2019 t\u00eb trup\u00ebs teatrore ,,Prapa sken\u00ebs\u2019\u2019 nga Novi Sadi. Af\u00ebr 400 nx\u00ebn\u00ebs me z\u00eb t\u00eb bujsh\u00ebm kan\u00eb inkurajuar Petar Panin n\u00eb luft\u00eb kund\u00ebr t\u00eb ,,keqit\u2019\u2019 kapetan Kuk dhe n\u00eb fund\u00eb me duartrokitje t\u00eb pand\u00ebrprera p\u00ebrcoll\u00ebn artist\u00ebt.<br \/>\nInteresimi p\u00ebr k\u00ebt\u00eb \u00e7faqje i ka tejkaluar t\u00eb gjitha parashikimet e organizatorit, kurse lumturia dhe k\u00ebnaq\u00ebsia e f\u00ebmiij\u00ebve ka qen\u00eb nj\u00eb surpriz\u00eb p\u00ebr artist\u00ebt t\u00eb cil\u00ebt i kan\u00eb udh\u00ebhequr n\u00ebp\u00ebr tokat magjike t\u00eb k\u00ebsaj p\u00ebrrale. Nx\u00ebn\u00ebsitt nga Bujanoci s\u00eb bashku me artist\u00ebt kan\u00eb k\u00ebnduar dhe kan\u00eb luajtur n\u00ebp\u00ebr aventurat e Petar Panit. Pas p\u00ebrfundimit t\u00eb \u00e7faqjes, f\u00ebmij\u00ebt edhe nj\u00eb koh\u00eb t\u00eb gjat\u00eb kan\u00eb biseduar dhe shoq\u00ebruar artist\u00ebt duke k\u00ebrkuar nga ta edhe \u00e7faqje t\u00eb reja.<br \/>\nK\u00ebt\u00eb \u00e7faqje e kan\u00eb p\u00ebrcjellur edhe dy stacione televizive lokale t\u00eb cilat kan\u00eb biseduar me f\u00ebmij\u00ebt dhe kan\u00eb p\u00ebrcjellur k\u00ebnaq\u00ebsin\u00eb e tyre me k\u00ebt\u00eb \u00e7faqje.<br \/>\nDisa or\u00eb m\u00eb von\u00eb ,,Aventurat e Petar Panit\u2019\u2019 kan\u00eb qen\u00eb mysafir edhe n\u00eb Preshev\u00eb ku me t\u00eb nj\u00ebjt\u00ebn k\u00ebnaq\u00ebsi i kan\u00eb pritur rreth 350 f\u00ebmij\u00eb nga shkolla fillore ,,Vuk Karaxhiq\u2019\u2019. Nx\u00ebn\u00ebsit nga Presheva dhe m\u00ebsuesit e tyre k\u00ebrkuan nga artist\u00ebt q\u00eb prap ta vizitojn\u00eb Preshev\u00ebn me aventura dhe tregime t\u00eb reja. Pas p\u00ebrfundimit t\u00eb \u00e7faqjes, f\u00ebmij\u00ebt k\u00ebrkuan q\u00eb t\u00eb m\u00ebsojn\u00eb sa m\u00eb tep\u00ebr p\u00ebr artist\u00ebt e tyre t\u00eb dashur, duke \u00e7faqur interesim t\u00eb madh p\u00ebr \u00e7faqje dhe tregime p\u00ebr f\u00ebmij\u00eb.<br \/>\nStacionet televizive p\u00ebrcjoll\u00ebn k\u00ebt\u00eb \u00e7faqje duke sh\u00ebnuar p\u00ebrshtypjet e artist\u00ebve, nx\u00ebn\u00ebsve dhe m\u00ebsuesve t\u00eb tyre.<br \/>\nPas p\u00ebrfundimit t\u00eb \u00e7faqjes n\u00eb Preshev\u00eb, Aca Laziq i cili n\u00eb k\u00ebt\u00eb \u00e7faqje luan rolin e Petar Panit, deklaroi se \u00ebsht\u00eb shum\u00eb i k\u00ebnaqur m\u00eb prezentimin e tyre n\u00eb Bujanoc dhe Preshev\u00eb si dhe reaksioni i f\u00ebmij\u00ebve dhe k\u00ebanaq\u00ebsia e tyre me k\u00ebt\u00eb \u00e7faqje tregojn\u00eb se n\u00eb Serbin\u00eb Jugore duhet t\u00eb ket\u00eb sa m\u00eb tep\u00ebr aktivitete t\u00eb tilla kulturore. Laziq shprehu gatishm\u00ebrin\u00eb e tij q\u00eb n\u00eb periudh\u00ebn q\u00eb do t\u00eb vij\u00eb do t\u00eb intensifikoj\u00eb edhe m\u00eb tej bashk\u00ebpunimin me Trupin Koordinues me q\u00ebllim t\u00eb organizimeve t\u00eb projekteve dhe aktiviteteve nga sfera e kultur\u00ebs.<br \/>\n\u00c7faqjen ,,Aventurat e Petar Panit\u2019\u2019 e ka organizuar Sh\u00ebrbimi i Trupit Koordinues p\u00ebr komunat e Preshev\u00ebs, Bujanocit dhe Medvegj\u00ebs. Kjo ka qen\u00eb \u00e7faqja e par\u00eb p\u00ebr f\u00ebmij\u00eb n\u00eb dhjet\u00eb vitet e fundit, e cila \u00ebsht\u00eb organizuar n\u00eb suaza t\u00eb programit \u00e7\u00ebr f\u00ebmij\u00eb dhe rini t\u00eb Sh\u00ebrbimit t\u00eb Trupit Koordinues.<br \/>\nInteresimi dhe k\u00ebnaq\u00ebsia e f\u00ebmij\u00ebve m\u00eb s\u00eb miri tregojn\u00eb mbi domosdoshm\u00ebrin\u00eb e finansimit n\u00eb rini. <br \/>\nTrupi Koordinues deri n\u00eb fund t\u00eb vitit do t\u00eb vazhdoj\u00eb me organizimin e aktiviteteve t\u00eb tilla p\u00ebr f\u00ebmij\u00eb dhe rini n\u00eb Preshev\u00eb, Bujanoc dhe Medvegj\u00eb.<\/p>\n","protected":false},"excerpt":{"rendered":"<p>N\u00eb sall\u00ebn e plot\u00eb t\u00eb Sht\u00ebpis\u00eb s\u00eb kultur\u00ebs n\u00eb Bujanoc, nx\u00ebn\u00ebsit e shkollave fillore ,,Branko Radiqeviq\u2019\u2019 dhe Naim Frash\u00ebri\u2019\u2019 me m\u00ebsuesit e tyre, duke k\u00ebnduar dhe vall\u00ebzuar me artist\u00ebt, me entuziaz\u00ebm p\u00ebrcoll\u00ebn \u00e7faqjen ,,Aventurat e Petar Panit\u2019\u2019 t\u00eb trup\u00ebs teatrore ,,Prapa sken\u00ebs\u2019\u2019 nga Novi Sadi. Af\u00ebr 400 nx\u00ebn\u00ebs me z\u00eb t\u00eb bujsh\u00ebm kan\u00eb inkurajuar Petar Panin n\u00eb luft\u00eb kund\u00ebr t\u00eb ,,keqit\u2019\u2019 kapetan Kuk dhe n\u00eb fund\u00eb me duartrokitje t\u00eb pand\u00ebrprera p\u00ebrcoll\u00ebn artist\u00ebt.<\/p>\n","protected":false},"author":1,"featured_media":143377,"comment_status":"closed","ping_status":"closed","sticky":false,"template":"","format":"standard","meta":{"footnotes":""},"categories":[55],"tags":[],"class_list":["post-143372","post","type-post","status-publish","format-standard","has-post-thumbnail","hentry","category-lajme"],"yoast_head":"<!-- This site is optimized with the Yoast SEO plugin v27.5 - https:\/\/yoast.com\/product\/yoast-seo-wordpress\/ -->\n<title>Aventurat e Petar Panit ne Bujanoc dhe Presheve, 28. 04. 2009 - Republika e S\u00ebrbis\u00eb Trupi Koordinues p\u00ebr komunat Bujanoc, Preshev\u00eb dhe Medvegj\u00eb<\/title>\n<meta name=\"robots\" content=\"index, follow, max-snippet:-1, max-image-preview:large, max-video-preview:-1\" \/>\n<link rel=\"canonical\" href=\"https:\/\/kt.gov.rs\/sq\/aventurat-e-petar-panit-ne-bujanoc-dhe-presheve-28-04-2009\/\" \/>\n<meta property=\"og:locale\" content=\"sq_AL\" \/>\n<meta property=\"og:type\" content=\"article\" \/>\n<meta property=\"og:title\" content=\"Aventurat e Petar Panit ne Bujanoc dhe Presheve, 28. 04. 2009 - Republika e S\u00ebrbis\u00eb Trupi Koordinues p\u00ebr komunat Bujanoc, Preshev\u00eb dhe Medvegj\u00eb\" \/>\n<meta property=\"og:description\" content=\"N\u00eb sall\u00ebn e plot\u00eb t\u00eb Sht\u00ebpis\u00eb s\u00eb kultur\u00ebs n\u00eb Bujanoc, nx\u00ebn\u00ebsit e shkollave fillore ,,Branko Radiqeviq\u2019\u2019 dhe Naim Frash\u00ebri\u2019\u2019 me m\u00ebsuesit e tyre, duke k\u00ebnduar dhe vall\u00ebzuar me artist\u00ebt, me entuziaz\u00ebm p\u00ebrcoll\u00ebn \u00e7faqjen ,,Aventurat e Petar Panit\u2019\u2019 t\u00eb trup\u00ebs teatrore ,,Prapa sken\u00ebs\u2019\u2019 nga Novi Sadi. Af\u00ebr 400 nx\u00ebn\u00ebs me z\u00eb t\u00eb bujsh\u00ebm kan\u00eb inkurajuar Petar Panin n\u00eb luft\u00eb kund\u00ebr t\u00eb ,,keqit\u2019\u2019 kapetan Kuk dhe n\u00eb fund\u00eb me duartrokitje t\u00eb pand\u00ebrprera p\u00ebrcoll\u00ebn artist\u00ebt.\" \/>\n<meta property=\"og:url\" content=\"https:\/\/kt.gov.rs\/sq\/aventurat-e-petar-panit-ne-bujanoc-dhe-presheve-28-04-2009\/\" \/>\n<meta property=\"og:site_name\" content=\"Republika e S\u00ebrbis\u00eb Trupi Koordinues p\u00ebr komunat Bujanoc, Preshev\u00eb dhe Medvegj\u00eb\" \/>\n<meta property=\"article:publisher\" content=\"https:\/\/www.facebook.com\/SluzbaKoordinacionogTelaVladeRepublikeSrbije\" \/>\n<meta property=\"article:published_time\" content=\"2009-04-29T00:00:00+00:00\" \/>\n<meta property=\"article:modified_time\" content=\"2024-07-30T20:25:01+00:00\" \/>\n<meta property=\"og:image\" content=\"https:\/\/kt.gov.rs\/wp-content\/uploads\/2024\/07\/pic002vesti-5.jpg\" \/>\n\t<meta property=\"og:image:width\" content=\"250\" \/>\n\t<meta property=\"og:image:height\" content=\"180\" \/>\n\t<meta property=\"og:image:type\" content=\"image\/jpeg\" \/>\n<meta name=\"author\" content=\"ktmin\" \/>\n<meta name=\"twitter:card\" content=\"summary_large_image\" \/>\n<meta name=\"twitter:creator\" content=\"@kt_gov\" \/>\n<meta name=\"twitter:site\" content=\"@kt_gov\" \/>\n<meta name=\"twitter:label1\" content=\"Written by\" \/>\n\t<meta name=\"twitter:data1\" content=\"ktmin\" \/>\n\t<meta name=\"twitter:label2\" content=\"Est. reading time\" \/>\n\t<meta name=\"twitter:data2\" content=\"3 minutes\" \/>\n<script type=\"application\/ld+json\" class=\"yoast-schema-graph\">{\"@context\":\"https:\\\/\\\/schema.org\",\"@graph\":[{\"@type\":\"Article\",\"@id\":\"https:\\\/\\\/kt.gov.rs\\\/sq\\\/aventurat-e-petar-panit-ne-bujanoc-dhe-presheve-28-04-2009\\\/#article\",\"isPartOf\":{\"@id\":\"https:\\\/\\\/kt.gov.rs\\\/sq\\\/aventurat-e-petar-panit-ne-bujanoc-dhe-presheve-28-04-2009\\\/\"},\"author\":{\"name\":\"ktmin\",\"@id\":\"https:\\\/\\\/kt.gov.rs\\\/#\\\/schema\\\/person\\\/e426459ddb4173309103390602694571\"},\"headline\":\"Aventurat e Petar Panit ne Bujanoc dhe Presheve, 28. 04. 2009\",\"datePublished\":\"2009-04-29T00:00:00+00:00\",\"dateModified\":\"2024-07-30T20:25:01+00:00\",\"mainEntityOfPage\":{\"@id\":\"https:\\\/\\\/kt.gov.rs\\\/sq\\\/aventurat-e-petar-panit-ne-bujanoc-dhe-presheve-28-04-2009\\\/\"},\"wordCount\":589,\"publisher\":{\"@id\":\"https:\\\/\\\/kt.gov.rs\\\/#organization\"},\"image\":{\"@id\":\"https:\\\/\\\/kt.gov.rs\\\/sq\\\/aventurat-e-petar-panit-ne-bujanoc-dhe-presheve-28-04-2009\\\/#primaryimage\"},\"thumbnailUrl\":\"https:\\\/\\\/kt.gov.rs\\\/wp-content\\\/uploads\\\/2024\\\/07\\\/pic002vesti-5.jpg\",\"articleSection\":[\"Lajme\"],\"inLanguage\":\"sq-AL\"},{\"@type\":\"WebPage\",\"@id\":\"https:\\\/\\\/kt.gov.rs\\\/sq\\\/aventurat-e-petar-panit-ne-bujanoc-dhe-presheve-28-04-2009\\\/\",\"url\":\"https:\\\/\\\/kt.gov.rs\\\/sq\\\/aventurat-e-petar-panit-ne-bujanoc-dhe-presheve-28-04-2009\\\/\",\"name\":\"Aventurat e Petar Panit ne Bujanoc dhe Presheve, 28. 04. 2009 - Republika e S\u00ebrbis\u00eb Trupi Koordinues p\u00ebr komunat Bujanoc, Preshev\u00eb dhe Medvegj\u00eb\",\"isPartOf\":{\"@id\":\"https:\\\/\\\/kt.gov.rs\\\/#website\"},\"primaryImageOfPage\":{\"@id\":\"https:\\\/\\\/kt.gov.rs\\\/sq\\\/aventurat-e-petar-panit-ne-bujanoc-dhe-presheve-28-04-2009\\\/#primaryimage\"},\"image\":{\"@id\":\"https:\\\/\\\/kt.gov.rs\\\/sq\\\/aventurat-e-petar-panit-ne-bujanoc-dhe-presheve-28-04-2009\\\/#primaryimage\"},\"thumbnailUrl\":\"https:\\\/\\\/kt.gov.rs\\\/wp-content\\\/uploads\\\/2024\\\/07\\\/pic002vesti-5.jpg\",\"datePublished\":\"2009-04-29T00:00:00+00:00\",\"dateModified\":\"2024-07-30T20:25:01+00:00\",\"breadcrumb\":{\"@id\":\"https:\\\/\\\/kt.gov.rs\\\/sq\\\/aventurat-e-petar-panit-ne-bujanoc-dhe-presheve-28-04-2009\\\/#breadcrumb\"},\"inLanguage\":\"sq-AL\",\"potentialAction\":[{\"@type\":\"ReadAction\",\"target\":[\"https:\\\/\\\/kt.gov.rs\\\/sq\\\/aventurat-e-petar-panit-ne-bujanoc-dhe-presheve-28-04-2009\\\/\"]}]},{\"@type\":\"ImageObject\",\"inLanguage\":\"sq-AL\",\"@id\":\"https:\\\/\\\/kt.gov.rs\\\/sq\\\/aventurat-e-petar-panit-ne-bujanoc-dhe-presheve-28-04-2009\\\/#primaryimage\",\"url\":\"https:\\\/\\\/kt.gov.rs\\\/wp-content\\\/uploads\\\/2024\\\/07\\\/pic002vesti-5.jpg\",\"contentUrl\":\"https:\\\/\\\/kt.gov.rs\\\/wp-content\\\/uploads\\\/2024\\\/07\\\/pic002vesti-5.jpg\",\"width\":250,\"height\":180},{\"@type\":\"BreadcrumbList\",\"@id\":\"https:\\\/\\\/kt.gov.rs\\\/sq\\\/aventurat-e-petar-panit-ne-bujanoc-dhe-presheve-28-04-2009\\\/#breadcrumb\",\"itemListElement\":[{\"@type\":\"ListItem\",\"position\":1,\"name\":\"\u041f\u043e\u0447\u0435\u0442\u043d\u0430\",\"item\":\"https:\\\/\\\/kt.gov.rs\\\/sq\\\/\"},{\"@type\":\"ListItem\",\"position\":2,\"name\":\"Aventurat e Petar Panit ne Bujanoc dhe Presheve, 28. 04. 2009\"}]},{\"@type\":\"WebSite\",\"@id\":\"https:\\\/\\\/kt.gov.rs\\\/#website\",\"url\":\"https:\\\/\\\/kt.gov.rs\\\/\",\"name\":\"\u041a\u043e\u043e\u0440\u0434\u0438\u043d\u0430\u0446\u0438\u043e\u043d\u043e \u0442\u0435\u043b\u043e \u0412\u043b\u0430\u0434\u0435 \u0420\u0435\u043f\u0443\u0431\u043b\u0438\u043a\u0435 \u0421\u0440\u0431\u0438\u0458\u0435 \u0437\u0430 \u043e\u043f\u0448\u0442\u0438\u043d\u0435 \u041f\u0440\u0435\u0448\u0435\u0432\u043e, \u0411\u0443\u0458\u0430\u043d\u043e\u0432\u0430\u0446 \u0438 \u041c\u0435\u0434\u0432\u0435\u0452a\",\"description\":\"\",\"publisher\":{\"@id\":\"https:\\\/\\\/kt.gov.rs\\\/#organization\"},\"alternateName\":\"\u041a\u043e\u043e\u0440\u0434\u0438\u043d\u0430\u0446\u0438\u043e\u043d\u043e \u0442\u0435\u043b\u043e\",\"potentialAction\":[{\"@type\":\"SearchAction\",\"target\":{\"@type\":\"EntryPoint\",\"urlTemplate\":\"https:\\\/\\\/kt.gov.rs\\\/?s={search_term_string}\"},\"query-input\":{\"@type\":\"PropertyValueSpecification\",\"valueRequired\":true,\"valueName\":\"search_term_string\"}}],\"inLanguage\":\"sq-AL\"},{\"@type\":\"Organization\",\"@id\":\"https:\\\/\\\/kt.gov.rs\\\/#organization\",\"name\":\"\u041a\u043e\u043e\u0440\u0434\u0438\u043d\u0430\u0446\u0438\u043e\u043d\u043e \u0442\u0435\u043b\u043e \u0412\u043b\u0430\u0434\u0435 \u0420\u0435\u043f\u0443\u0431\u043b\u0438\u043a\u0435 \u0421\u0440\u0431\u0438\u0458\u0435 \u0437\u0430 \u043e\u043f\u0448\u0442\u0438\u043d\u0435 \u041f\u0440\u0435\u0448\u0435\u0432\u043e, \u0411\u0443\u0458\u0430\u043d\u043e\u0432\u0430\u0446 \u0438 \u041c\u0435\u0434\u0432\u0435\u0452a\",\"alternateName\":\"\u041a\u043e\u043e\u0440\u0434\u0438\u043d\u0430\u0446\u0438\u043e\u043d\u043e \u0442\u0435\u043b\u043e\",\"url\":\"https:\\\/\\\/kt.gov.rs\\\/\",\"logo\":{\"@type\":\"ImageObject\",\"inLanguage\":\"sq-AL\",\"@id\":\"https:\\\/\\\/kt.gov.rs\\\/#\\\/schema\\\/logo\\\/image\\\/\",\"url\":\"https:\\\/\\\/kt.gov.rs\\\/wp-content\\\/uploads\\\/2024\\\/12\\\/koord2.jpg\",\"contentUrl\":\"https:\\\/\\\/kt.gov.rs\\\/wp-content\\\/uploads\\\/2024\\\/12\\\/koord2.jpg\",\"width\":640,\"height\":480,\"caption\":\"\u041a\u043e\u043e\u0440\u0434\u0438\u043d\u0430\u0446\u0438\u043e\u043d\u043e \u0442\u0435\u043b\u043e \u0412\u043b\u0430\u0434\u0435 \u0420\u0435\u043f\u0443\u0431\u043b\u0438\u043a\u0435 \u0421\u0440\u0431\u0438\u0458\u0435 \u0437\u0430 \u043e\u043f\u0448\u0442\u0438\u043d\u0435 \u041f\u0440\u0435\u0448\u0435\u0432\u043e, \u0411\u0443\u0458\u0430\u043d\u043e\u0432\u0430\u0446 \u0438 \u041c\u0435\u0434\u0432\u0435\u0452a\"},\"image\":{\"@id\":\"https:\\\/\\\/kt.gov.rs\\\/#\\\/schema\\\/logo\\\/image\\\/\"},\"sameAs\":[\"https:\\\/\\\/www.facebook.com\\\/SluzbaKoordinacionogTelaVladeRepublikeSrbije\",\"https:\\\/\\\/x.com\\\/kt_gov\",\"https:\\\/\\\/www.youtube.com\\\/@koordinacionotelo\"]},{\"@type\":\"Person\",\"@id\":\"https:\\\/\\\/kt.gov.rs\\\/#\\\/schema\\\/person\\\/e426459ddb4173309103390602694571\",\"name\":\"ktmin\",\"image\":{\"@type\":\"ImageObject\",\"inLanguage\":\"sq-AL\",\"@id\":\"https:\\\/\\\/secure.gravatar.com\\\/avatar\\\/3985c961109853010c3fbc7ba30365bfba5db3dd6c525831d9c595c7525a615a?s=96&d=mm&r=g\",\"url\":\"https:\\\/\\\/secure.gravatar.com\\\/avatar\\\/3985c961109853010c3fbc7ba30365bfba5db3dd6c525831d9c595c7525a615a?s=96&d=mm&r=g\",\"contentUrl\":\"https:\\\/\\\/secure.gravatar.com\\\/avatar\\\/3985c961109853010c3fbc7ba30365bfba5db3dd6c525831d9c595c7525a615a?s=96&d=mm&r=g\",\"caption\":\"ktmin\"},\"sameAs\":[\"https:\\\/\\\/kt.gov.rs\"],\"url\":\"https:\\\/\\\/kt.gov.rs\\\/sq\\\/author\\\/ktmin\\\/\"}]}<\/script>\n<!-- \/ Yoast SEO plugin. -->","yoast_head_json":{"title":"Aventurat e Petar Panit ne Bujanoc dhe Presheve, 28. 04. 2009 - Republika e S\u00ebrbis\u00eb Trupi Koordinues p\u00ebr komunat Bujanoc, Preshev\u00eb dhe Medvegj\u00eb","robots":{"index":"index","follow":"follow","max-snippet":"max-snippet:-1","max-image-preview":"max-image-preview:large","max-video-preview":"max-video-preview:-1"},"canonical":"https:\/\/kt.gov.rs\/sq\/aventurat-e-petar-panit-ne-bujanoc-dhe-presheve-28-04-2009\/","og_locale":"sq_AL","og_type":"article","og_title":"Aventurat e Petar Panit ne Bujanoc dhe Presheve, 28. 04. 2009 - Republika e S\u00ebrbis\u00eb Trupi Koordinues p\u00ebr komunat Bujanoc, Preshev\u00eb dhe Medvegj\u00eb","og_description":"N\u00eb sall\u00ebn e plot\u00eb t\u00eb Sht\u00ebpis\u00eb s\u00eb kultur\u00ebs n\u00eb Bujanoc, nx\u00ebn\u00ebsit e shkollave fillore ,,Branko Radiqeviq\u2019\u2019 dhe Naim Frash\u00ebri\u2019\u2019 me m\u00ebsuesit e tyre, duke k\u00ebnduar dhe vall\u00ebzuar me artist\u00ebt, me entuziaz\u00ebm p\u00ebrcoll\u00ebn \u00e7faqjen ,,Aventurat e Petar Panit\u2019\u2019 t\u00eb trup\u00ebs teatrore ,,Prapa sken\u00ebs\u2019\u2019 nga Novi Sadi. Af\u00ebr 400 nx\u00ebn\u00ebs me z\u00eb t\u00eb bujsh\u00ebm kan\u00eb inkurajuar Petar Panin n\u00eb luft\u00eb kund\u00ebr t\u00eb ,,keqit\u2019\u2019 kapetan Kuk dhe n\u00eb fund\u00eb me duartrokitje t\u00eb pand\u00ebrprera p\u00ebrcoll\u00ebn artist\u00ebt.","og_url":"https:\/\/kt.gov.rs\/sq\/aventurat-e-petar-panit-ne-bujanoc-dhe-presheve-28-04-2009\/","og_site_name":"Republika e S\u00ebrbis\u00eb Trupi Koordinues p\u00ebr komunat Bujanoc, Preshev\u00eb dhe Medvegj\u00eb","article_publisher":"https:\/\/www.facebook.com\/SluzbaKoordinacionogTelaVladeRepublikeSrbije","article_published_time":"2009-04-29T00:00:00+00:00","article_modified_time":"2024-07-30T20:25:01+00:00","og_image":[{"width":250,"height":180,"url":"https:\/\/kt.gov.rs\/wp-content\/uploads\/2024\/07\/pic002vesti-5.jpg","type":"image\/jpeg"}],"author":"ktmin","twitter_card":"summary_large_image","twitter_creator":"@kt_gov","twitter_site":"@kt_gov","twitter_misc":{"Written by":"ktmin","Est. reading time":"3 minutes"},"schema":{"@context":"https:\/\/schema.org","@graph":[{"@type":"Article","@id":"https:\/\/kt.gov.rs\/sq\/aventurat-e-petar-panit-ne-bujanoc-dhe-presheve-28-04-2009\/#article","isPartOf":{"@id":"https:\/\/kt.gov.rs\/sq\/aventurat-e-petar-panit-ne-bujanoc-dhe-presheve-28-04-2009\/"},"author":{"name":"ktmin","@id":"https:\/\/kt.gov.rs\/#\/schema\/person\/e426459ddb4173309103390602694571"},"headline":"Aventurat e Petar Panit ne Bujanoc dhe Presheve, 28. 04. 2009","datePublished":"2009-04-29T00:00:00+00:00","dateModified":"2024-07-30T20:25:01+00:00","mainEntityOfPage":{"@id":"https:\/\/kt.gov.rs\/sq\/aventurat-e-petar-panit-ne-bujanoc-dhe-presheve-28-04-2009\/"},"wordCount":589,"publisher":{"@id":"https:\/\/kt.gov.rs\/#organization"},"image":{"@id":"https:\/\/kt.gov.rs\/sq\/aventurat-e-petar-panit-ne-bujanoc-dhe-presheve-28-04-2009\/#primaryimage"},"thumbnailUrl":"https:\/\/kt.gov.rs\/wp-content\/uploads\/2024\/07\/pic002vesti-5.jpg","articleSection":["Lajme"],"inLanguage":"sq-AL"},{"@type":"WebPage","@id":"https:\/\/kt.gov.rs\/sq\/aventurat-e-petar-panit-ne-bujanoc-dhe-presheve-28-04-2009\/","url":"https:\/\/kt.gov.rs\/sq\/aventurat-e-petar-panit-ne-bujanoc-dhe-presheve-28-04-2009\/","name":"Aventurat e Petar Panit ne Bujanoc dhe Presheve, 28. 04. 2009 - Republika e S\u00ebrbis\u00eb Trupi Koordinues p\u00ebr komunat Bujanoc, Preshev\u00eb dhe Medvegj\u00eb","isPartOf":{"@id":"https:\/\/kt.gov.rs\/#website"},"primaryImageOfPage":{"@id":"https:\/\/kt.gov.rs\/sq\/aventurat-e-petar-panit-ne-bujanoc-dhe-presheve-28-04-2009\/#primaryimage"},"image":{"@id":"https:\/\/kt.gov.rs\/sq\/aventurat-e-petar-panit-ne-bujanoc-dhe-presheve-28-04-2009\/#primaryimage"},"thumbnailUrl":"https:\/\/kt.gov.rs\/wp-content\/uploads\/2024\/07\/pic002vesti-5.jpg","datePublished":"2009-04-29T00:00:00+00:00","dateModified":"2024-07-30T20:25:01+00:00","breadcrumb":{"@id":"https:\/\/kt.gov.rs\/sq\/aventurat-e-petar-panit-ne-bujanoc-dhe-presheve-28-04-2009\/#breadcrumb"},"inLanguage":"sq-AL","potentialAction":[{"@type":"ReadAction","target":["https:\/\/kt.gov.rs\/sq\/aventurat-e-petar-panit-ne-bujanoc-dhe-presheve-28-04-2009\/"]}]},{"@type":"ImageObject","inLanguage":"sq-AL","@id":"https:\/\/kt.gov.rs\/sq\/aventurat-e-petar-panit-ne-bujanoc-dhe-presheve-28-04-2009\/#primaryimage","url":"https:\/\/kt.gov.rs\/wp-content\/uploads\/2024\/07\/pic002vesti-5.jpg","contentUrl":"https:\/\/kt.gov.rs\/wp-content\/uploads\/2024\/07\/pic002vesti-5.jpg","width":250,"height":180},{"@type":"BreadcrumbList","@id":"https:\/\/kt.gov.rs\/sq\/aventurat-e-petar-panit-ne-bujanoc-dhe-presheve-28-04-2009\/#breadcrumb","itemListElement":[{"@type":"ListItem","position":1,"name":"\u041f\u043e\u0447\u0435\u0442\u043d\u0430","item":"https:\/\/kt.gov.rs\/sq\/"},{"@type":"ListItem","position":2,"name":"Aventurat e Petar Panit ne Bujanoc dhe Presheve, 28. 04. 2009"}]},{"@type":"WebSite","@id":"https:\/\/kt.gov.rs\/#website","url":"https:\/\/kt.gov.rs\/","name":"\u041a\u043e\u043e\u0440\u0434\u0438\u043d\u0430\u0446\u0438\u043e\u043d\u043e \u0442\u0435\u043b\u043e \u0412\u043b\u0430\u0434\u0435 \u0420\u0435\u043f\u0443\u0431\u043b\u0438\u043a\u0435 \u0421\u0440\u0431\u0438\u0458\u0435 \u0437\u0430 \u043e\u043f\u0448\u0442\u0438\u043d\u0435 \u041f\u0440\u0435\u0448\u0435\u0432\u043e, \u0411\u0443\u0458\u0430\u043d\u043e\u0432\u0430\u0446 \u0438 \u041c\u0435\u0434\u0432\u0435\u0452a","description":"","publisher":{"@id":"https:\/\/kt.gov.rs\/#organization"},"alternateName":"\u041a\u043e\u043e\u0440\u0434\u0438\u043d\u0430\u0446\u0438\u043e\u043d\u043e \u0442\u0435\u043b\u043e","potentialAction":[{"@type":"SearchAction","target":{"@type":"EntryPoint","urlTemplate":"https:\/\/kt.gov.rs\/?s={search_term_string}"},"query-input":{"@type":"PropertyValueSpecification","valueRequired":true,"valueName":"search_term_string"}}],"inLanguage":"sq-AL"},{"@type":"Organization","@id":"https:\/\/kt.gov.rs\/#organization","name":"\u041a\u043e\u043e\u0440\u0434\u0438\u043d\u0430\u0446\u0438\u043e\u043d\u043e \u0442\u0435\u043b\u043e \u0412\u043b\u0430\u0434\u0435 \u0420\u0435\u043f\u0443\u0431\u043b\u0438\u043a\u0435 \u0421\u0440\u0431\u0438\u0458\u0435 \u0437\u0430 \u043e\u043f\u0448\u0442\u0438\u043d\u0435 \u041f\u0440\u0435\u0448\u0435\u0432\u043e, \u0411\u0443\u0458\u0430\u043d\u043e\u0432\u0430\u0446 \u0438 \u041c\u0435\u0434\u0432\u0435\u0452a","alternateName":"\u041a\u043e\u043e\u0440\u0434\u0438\u043d\u0430\u0446\u0438\u043e\u043d\u043e \u0442\u0435\u043b\u043e","url":"https:\/\/kt.gov.rs\/","logo":{"@type":"ImageObject","inLanguage":"sq-AL","@id":"https:\/\/kt.gov.rs\/#\/schema\/logo\/image\/","url":"https:\/\/kt.gov.rs\/wp-content\/uploads\/2024\/12\/koord2.jpg","contentUrl":"https:\/\/kt.gov.rs\/wp-content\/uploads\/2024\/12\/koord2.jpg","width":640,"height":480,"caption":"\u041a\u043e\u043e\u0440\u0434\u0438\u043d\u0430\u0446\u0438\u043e\u043d\u043e \u0442\u0435\u043b\u043e \u0412\u043b\u0430\u0434\u0435 \u0420\u0435\u043f\u0443\u0431\u043b\u0438\u043a\u0435 \u0421\u0440\u0431\u0438\u0458\u0435 \u0437\u0430 \u043e\u043f\u0448\u0442\u0438\u043d\u0435 \u041f\u0440\u0435\u0448\u0435\u0432\u043e, \u0411\u0443\u0458\u0430\u043d\u043e\u0432\u0430\u0446 \u0438 \u041c\u0435\u0434\u0432\u0435\u0452a"},"image":{"@id":"https:\/\/kt.gov.rs\/#\/schema\/logo\/image\/"},"sameAs":["https:\/\/www.facebook.com\/SluzbaKoordinacionogTelaVladeRepublikeSrbije","https:\/\/x.com\/kt_gov","https:\/\/www.youtube.com\/@koordinacionotelo"]},{"@type":"Person","@id":"https:\/\/kt.gov.rs\/#\/schema\/person\/e426459ddb4173309103390602694571","name":"ktmin","image":{"@type":"ImageObject","inLanguage":"sq-AL","@id":"https:\/\/secure.gravatar.com\/avatar\/3985c961109853010c3fbc7ba30365bfba5db3dd6c525831d9c595c7525a615a?s=96&d=mm&r=g","url":"https:\/\/secure.gravatar.com\/avatar\/3985c961109853010c3fbc7ba30365bfba5db3dd6c525831d9c595c7525a615a?s=96&d=mm&r=g","contentUrl":"https:\/\/secure.gravatar.com\/avatar\/3985c961109853010c3fbc7ba30365bfba5db3dd6c525831d9c595c7525a615a?s=96&d=mm&r=g","caption":"ktmin"},"sameAs":["https:\/\/kt.gov.rs"],"url":"https:\/\/kt.gov.rs\/sq\/author\/ktmin\/"}]}},"_links":{"self":[{"href":"https:\/\/kt.gov.rs\/sq\/wp-json\/wp\/v2\/posts\/143372","targetHints":{"allow":["GET"]}}],"collection":[{"href":"https:\/\/kt.gov.rs\/sq\/wp-json\/wp\/v2\/posts"}],"about":[{"href":"https:\/\/kt.gov.rs\/sq\/wp-json\/wp\/v2\/types\/post"}],"author":[{"embeddable":true,"href":"https:\/\/kt.gov.rs\/sq\/wp-json\/wp\/v2\/users\/1"}],"replies":[{"embeddable":true,"href":"https:\/\/kt.gov.rs\/sq\/wp-json\/wp\/v2\/comments?post=143372"}],"version-history":[{"count":1,"href":"https:\/\/kt.gov.rs\/sq\/wp-json\/wp\/v2\/posts\/143372\/revisions"}],"predecessor-version":[{"id":143376,"href":"https:\/\/kt.gov.rs\/sq\/wp-json\/wp\/v2\/posts\/143372\/revisions\/143376"}],"wp:featuredmedia":[{"embeddable":true,"href":"https:\/\/kt.gov.rs\/sq\/wp-json\/wp\/v2\/media\/143377"}],"wp:attachment":[{"href":"https:\/\/kt.gov.rs\/sq\/wp-json\/wp\/v2\/media?parent=143372"}],"wp:term":[{"taxonomy":"category","embeddable":true,"href":"https:\/\/kt.gov.rs\/sq\/wp-json\/wp\/v2\/categories?post=143372"},{"taxonomy":"post_tag","embeddable":true,"href":"https:\/\/kt.gov.rs\/sq\/wp-json\/wp\/v2\/tags?post=143372"}],"curies":[{"name":"wp","href":"https:\/\/api.w.org\/{rel}","templated":true}]}}