{"id":143370,"date":"2009-05-04T00:00:00","date_gmt":"2009-05-04T00:00:00","guid":{"rendered":"http:\/\/kt.printandscreen.rs\/03-05-2009\/"},"modified":"2009-05-04T00:00:00","modified_gmt":"2009-05-04T00:00:00","slug":"03-05-2009","status":"publish","type":"post","link":"https:\/\/kt.gov.rs\/sq\/03-05-2009\/","title":{"rendered":"03.05.2009"},"content":{"rendered":"<p>P\u00ebrfaq\u00ebsuesit e ,,Simpo-s\u2019\u2019 s\u00eb Vranj\u00ebs dhe ,,Ikea-s\u2019\u2019 suedeze n\u00ebnshkruan kontrat\u00ebn me vler\u00eb 5,5 milion eura.<br \/>\nDeri te n\u00ebnshkrimi i kontrat\u00ebs vie pas vizit\u00ebs s\u00eb m\u00ebparshme t\u00eb pronarit t\u00eb ,,Ikea-s\u2019\u2019 n\u00eb kompanin\u00eb ,,Simpo\u2019\u2019 n\u00eb\u00a0 Vranj\u00eb, me q\u2019rast kryetari i kompanis\u00eb ,,Simpo\u2019\u2019 Dragan Tomiq dhe zot\u00ebriu Ingvar Kamprad, pronar\u00eb i ,,Ikea-s\u2019\u2019 e cila nj\u00ebherit \u00ebsht\u00eb edhe zinxhiri m\u00eb i madh p\u00ebr treg\u00ebti t\u00eb mobileve n\u00eb bot\u00eb, n\u00ebnshkruan kontrat\u00ebn mbi bashk\u00ebpunimin p\u00ebr realizimin e interesave t\u00eb p\u00ebrbashk\u00ebta ekonomike.<br \/>\nMe k\u00ebt\u00eb rast\u00eb \u00ebsht\u00eb parapar\u00eb q\u00eb tregu rus t\u00eb ket\u00eb prioritet para s\u00eb gjithash duke e mar\u00eb parasysh\u00eb faktin q\u00eb ,,Simpo\u2019\u2019 \u00ebsht\u00eb exportues i madh\u00eb n\u00eb tregun rus. Pasiq\u00eb ekspert\u00ebt e ,,Ikea-s\u2019\u2019 parapregatit\u00ebn kushtet p\u00ebr realizimin e pun\u00ebve p\u00ebr k\u00ebt\u00eb treg, pasoi n\u00ebnshkrimi i kontrat\u00ebs. Jan\u00eb zgjedhur edhe modelet nga asortimeni i prodhimit t\u00eb ,,Simpo-s\u2019\u2019 p\u00ebr eksportimin e tyre n\u00eb tregun europian, sepse vet\u00ebm n\u00eb Gjermani ,,Ikea\u2019\u2019 posedon m\u00eb tep\u00ebr se 30 sht\u00ebpi mallrash, k\u00ebshtuq\u00eb n\u00eb k\u00ebto objekte exclusive s\u00eb shpejti do t\u00eb jen\u00eb prezente edhe prodhimet e ,,Simpo-s\u2019\u2019 n\u00eb vler\u00eb t\u00eb m\u00eb tep\u00ebr se nj\u00eb milion euro. N\u00eb ,,Simpo\u2019\u2019 t\u00eb Vranj\u00ebs presin q\u00eb k\u00ebt\u00eb periudh\u00eb t\u00eb kriz\u00ebs ekonomike, ,,Ikeas\u2019\u2019 do t\u2019i shesin mobile tapiseri n\u00eb vler\u00eb prej 10 milion\u00eb euro.<br \/>\nKompanija\u00a0 ,,Simpo\u2019\u2019 vazhdon bashk\u00ebpunimin me ,,Ikea-n\u2019\u2019 edhe n\u00eb sfer\u00ebn e plasimit t\u00eb mobileve p\u00ebr f\u00ebmij\u00eb. ,,Ikea\u2019\u2019 edhe m\u00eb tej do t\u00eb importoj nga ,,Simpo\u2019\u2019 2.000 krevat\u00eb n\u00eb muaj p\u00ebr f\u00ebmij\u00eb t\u00eb cilat prodhohen n\u00eb fabrik\u00ebn e saj n\u00eb Radovnic\u00eb deri n\u00eb momentin e mbarimit t\u00eb realizimit t\u00eb modernizimit n\u00eb fund t\u00eb korrikut, p\u00ebr qka edhe u kan\u00eb ndar\u00eb mjete nga Fondi Republikan p\u00ebr zhvillim. P\u00ebrmes ,,Ikea-s\u2019\u2019 do t\u00eb plasohet edhe stof nga ,,Simpo dekor\u2019\u2019 si dhe qylime nga fabrika n\u00eb Stajevc t\u00eb Trgovishtes.<br \/>\n,,Ikea\u2019\u2019 do t\u00eb jet\u00eb edhe partnere e ,,Simpo-s\u2019\u2019 n\u00eb procesin p\u00ebrfundimtar t\u00eb privatizimit t\u00eb saj.<\/p>\n","protected":false},"excerpt":{"rendered":"<p>P\u00ebrfaq\u00ebsuesit e ,,Simpo-s\u2019\u2019 s\u00eb Vranj\u00ebs dhe ,,Ikea-s\u2019\u2019 suedeze n\u00ebnshkruan kontrat\u00ebn me vler\u00eb 5,5 milion eura.<br \/>\nDeri te n\u00ebnshkrimi i kontrat\u00ebs vie pas vizit\u00ebs s\u00eb m\u00ebparshme t\u00eb pronarit t\u00eb ,,Ikea-s\u2019\u2019 n\u00eb kompanin\u00eb ,,Simpo\u2019\u2019 n\u00eb\u00a0 Vranj\u00eb, me q\u2019rast kryetari i kompanis\u00eb ,,Simpo\u2019\u2019 Dragan Tomiq dhe zot\u00ebriu Ingvar Kamprad, pronar\u00eb i ,,Ikea-s\u2019\u2019 e cila nj\u00ebherit \u00ebsht\u00eb edhe zinxhiri m\u00eb i madh p\u00ebr treg\u00ebti t\u00eb mobileve n\u00eb bot\u00eb, n\u00ebnshkruan kontrat\u00ebn mbi bashk\u00ebpunimin p\u00ebr realizimin e interesave t\u00eb p\u00ebrbashk\u00ebta ekonomike.<\/p>\n","protected":false},"author":1,"featured_media":0,"comment_status":"closed","ping_status":"closed","sticky":false,"template":"","format":"standard","meta":{"footnotes":""},"categories":[55],"tags":[],"class_list":["post-143370","post","type-post","status-publish","format-standard","hentry","category-lajme"],"yoast_head":"<!-- This site is optimized with the Yoast SEO plugin v27.5 - https:\/\/yoast.com\/product\/yoast-seo-wordpress\/ -->\n<title>03.05.2009 - Republika e S\u00ebrbis\u00eb Trupi Koordinues p\u00ebr komunat Bujanoc, Preshev\u00eb dhe Medvegj\u00eb<\/title>\n<meta name=\"robots\" content=\"index, follow, max-snippet:-1, max-image-preview:large, max-video-preview:-1\" \/>\n<link rel=\"canonical\" href=\"https:\/\/kt.gov.rs\/sq\/03-05-2009\/\" \/>\n<meta property=\"og:locale\" content=\"sq_AL\" \/>\n<meta property=\"og:type\" content=\"article\" \/>\n<meta property=\"og:title\" content=\"03.05.2009 - Republika e S\u00ebrbis\u00eb Trupi Koordinues p\u00ebr komunat Bujanoc, Preshev\u00eb dhe Medvegj\u00eb\" \/>\n<meta property=\"og:description\" content=\"P\u00ebrfaq\u00ebsuesit e ,,Simpo-s\u2019\u2019 s\u00eb Vranj\u00ebs dhe ,,Ikea-s\u2019\u2019 suedeze n\u00ebnshkruan kontrat\u00ebn me vler\u00eb 5,5 milion eura. Deri te n\u00ebnshkrimi i kontrat\u00ebs vie pas vizit\u00ebs s\u00eb m\u00ebparshme t\u00eb pronarit t\u00eb ,,Ikea-s\u2019\u2019 n\u00eb kompanin\u00eb ,,Simpo\u2019\u2019 n\u00eb\u00a0 Vranj\u00eb, me q\u2019rast kryetari i kompanis\u00eb ,,Simpo\u2019\u2019 Dragan Tomiq dhe zot\u00ebriu Ingvar Kamprad, pronar\u00eb i ,,Ikea-s\u2019\u2019 e cila nj\u00ebherit \u00ebsht\u00eb edhe zinxhiri m\u00eb i madh p\u00ebr treg\u00ebti t\u00eb mobileve n\u00eb bot\u00eb, n\u00ebnshkruan kontrat\u00ebn mbi bashk\u00ebpunimin p\u00ebr realizimin e interesave t\u00eb p\u00ebrbashk\u00ebta ekonomike.\" \/>\n<meta property=\"og:url\" content=\"https:\/\/kt.gov.rs\/sq\/03-05-2009\/\" \/>\n<meta property=\"og:site_name\" content=\"Republika e S\u00ebrbis\u00eb Trupi Koordinues p\u00ebr komunat Bujanoc, Preshev\u00eb dhe Medvegj\u00eb\" \/>\n<meta property=\"article:publisher\" content=\"https:\/\/www.facebook.com\/SluzbaKoordinacionogTelaVladeRepublikeSrbije\" \/>\n<meta property=\"article:published_time\" content=\"2009-05-04T00:00:00+00:00\" \/>\n<meta name=\"author\" content=\"ktmin\" \/>\n<meta name=\"twitter:card\" content=\"summary_large_image\" \/>\n<meta name=\"twitter:creator\" content=\"@kt_gov\" \/>\n<meta name=\"twitter:site\" content=\"@kt_gov\" \/>\n<meta name=\"twitter:label1\" content=\"Written by\" \/>\n\t<meta name=\"twitter:data1\" content=\"ktmin\" \/>\n\t<meta name=\"twitter:label2\" content=\"Est. reading time\" \/>\n\t<meta name=\"twitter:data2\" content=\"2 minutes\" \/>\n<script type=\"application\/ld+json\" class=\"yoast-schema-graph\">{\"@context\":\"https:\\\/\\\/schema.org\",\"@graph\":[{\"@type\":\"Article\",\"@id\":\"https:\\\/\\\/kt.gov.rs\\\/sq\\\/03-05-2009\\\/#article\",\"isPartOf\":{\"@id\":\"https:\\\/\\\/kt.gov.rs\\\/sq\\\/03-05-2009\\\/\"},\"author\":{\"name\":\"ktmin\",\"@id\":\"https:\\\/\\\/kt.gov.rs\\\/#\\\/schema\\\/person\\\/e426459ddb4173309103390602694571\"},\"headline\":\"03.05.2009\",\"datePublished\":\"2009-05-04T00:00:00+00:00\",\"mainEntityOfPage\":{\"@id\":\"https:\\\/\\\/kt.gov.rs\\\/sq\\\/03-05-2009\\\/\"},\"wordCount\":387,\"publisher\":{\"@id\":\"https:\\\/\\\/kt.gov.rs\\\/#organization\"},\"articleSection\":[\"Lajme\"],\"inLanguage\":\"sq-AL\"},{\"@type\":\"WebPage\",\"@id\":\"https:\\\/\\\/kt.gov.rs\\\/sq\\\/03-05-2009\\\/\",\"url\":\"https:\\\/\\\/kt.gov.rs\\\/sq\\\/03-05-2009\\\/\",\"name\":\"03.05.2009 - Republika e S\u00ebrbis\u00eb Trupi Koordinues p\u00ebr komunat Bujanoc, Preshev\u00eb dhe Medvegj\u00eb\",\"isPartOf\":{\"@id\":\"https:\\\/\\\/kt.gov.rs\\\/#website\"},\"datePublished\":\"2009-05-04T00:00:00+00:00\",\"breadcrumb\":{\"@id\":\"https:\\\/\\\/kt.gov.rs\\\/sq\\\/03-05-2009\\\/#breadcrumb\"},\"inLanguage\":\"sq-AL\",\"potentialAction\":[{\"@type\":\"ReadAction\",\"target\":[\"https:\\\/\\\/kt.gov.rs\\\/sq\\\/03-05-2009\\\/\"]}]},{\"@type\":\"BreadcrumbList\",\"@id\":\"https:\\\/\\\/kt.gov.rs\\\/sq\\\/03-05-2009\\\/#breadcrumb\",\"itemListElement\":[{\"@type\":\"ListItem\",\"position\":1,\"name\":\"\u041f\u043e\u0447\u0435\u0442\u043d\u0430\",\"item\":\"https:\\\/\\\/kt.gov.rs\\\/sq\\\/\"},{\"@type\":\"ListItem\",\"position\":2,\"name\":\"03.05.2009\"}]},{\"@type\":\"WebSite\",\"@id\":\"https:\\\/\\\/kt.gov.rs\\\/#website\",\"url\":\"https:\\\/\\\/kt.gov.rs\\\/\",\"name\":\"\u041a\u043e\u043e\u0440\u0434\u0438\u043d\u0430\u0446\u0438\u043e\u043d\u043e \u0442\u0435\u043b\u043e \u0412\u043b\u0430\u0434\u0435 \u0420\u0435\u043f\u0443\u0431\u043b\u0438\u043a\u0435 \u0421\u0440\u0431\u0438\u0458\u0435 \u0437\u0430 \u043e\u043f\u0448\u0442\u0438\u043d\u0435 \u041f\u0440\u0435\u0448\u0435\u0432\u043e, \u0411\u0443\u0458\u0430\u043d\u043e\u0432\u0430\u0446 \u0438 \u041c\u0435\u0434\u0432\u0435\u0452a\",\"description\":\"\",\"publisher\":{\"@id\":\"https:\\\/\\\/kt.gov.rs\\\/#organization\"},\"alternateName\":\"\u041a\u043e\u043e\u0440\u0434\u0438\u043d\u0430\u0446\u0438\u043e\u043d\u043e \u0442\u0435\u043b\u043e\",\"potentialAction\":[{\"@type\":\"SearchAction\",\"target\":{\"@type\":\"EntryPoint\",\"urlTemplate\":\"https:\\\/\\\/kt.gov.rs\\\/?s={search_term_string}\"},\"query-input\":{\"@type\":\"PropertyValueSpecification\",\"valueRequired\":true,\"valueName\":\"search_term_string\"}}],\"inLanguage\":\"sq-AL\"},{\"@type\":\"Organization\",\"@id\":\"https:\\\/\\\/kt.gov.rs\\\/#organization\",\"name\":\"\u041a\u043e\u043e\u0440\u0434\u0438\u043d\u0430\u0446\u0438\u043e\u043d\u043e \u0442\u0435\u043b\u043e \u0412\u043b\u0430\u0434\u0435 \u0420\u0435\u043f\u0443\u0431\u043b\u0438\u043a\u0435 \u0421\u0440\u0431\u0438\u0458\u0435 \u0437\u0430 \u043e\u043f\u0448\u0442\u0438\u043d\u0435 \u041f\u0440\u0435\u0448\u0435\u0432\u043e, \u0411\u0443\u0458\u0430\u043d\u043e\u0432\u0430\u0446 \u0438 \u041c\u0435\u0434\u0432\u0435\u0452a\",\"alternateName\":\"\u041a\u043e\u043e\u0440\u0434\u0438\u043d\u0430\u0446\u0438\u043e\u043d\u043e \u0442\u0435\u043b\u043e\",\"url\":\"https:\\\/\\\/kt.gov.rs\\\/\",\"logo\":{\"@type\":\"ImageObject\",\"inLanguage\":\"sq-AL\",\"@id\":\"https:\\\/\\\/kt.gov.rs\\\/#\\\/schema\\\/logo\\\/image\\\/\",\"url\":\"https:\\\/\\\/kt.gov.rs\\\/wp-content\\\/uploads\\\/2024\\\/12\\\/koord2.jpg\",\"contentUrl\":\"https:\\\/\\\/kt.gov.rs\\\/wp-content\\\/uploads\\\/2024\\\/12\\\/koord2.jpg\",\"width\":640,\"height\":480,\"caption\":\"\u041a\u043e\u043e\u0440\u0434\u0438\u043d\u0430\u0446\u0438\u043e\u043d\u043e \u0442\u0435\u043b\u043e \u0412\u043b\u0430\u0434\u0435 \u0420\u0435\u043f\u0443\u0431\u043b\u0438\u043a\u0435 \u0421\u0440\u0431\u0438\u0458\u0435 \u0437\u0430 \u043e\u043f\u0448\u0442\u0438\u043d\u0435 \u041f\u0440\u0435\u0448\u0435\u0432\u043e, \u0411\u0443\u0458\u0430\u043d\u043e\u0432\u0430\u0446 \u0438 \u041c\u0435\u0434\u0432\u0435\u0452a\"},\"image\":{\"@id\":\"https:\\\/\\\/kt.gov.rs\\\/#\\\/schema\\\/logo\\\/image\\\/\"},\"sameAs\":[\"https:\\\/\\\/www.facebook.com\\\/SluzbaKoordinacionogTelaVladeRepublikeSrbije\",\"https:\\\/\\\/x.com\\\/kt_gov\",\"https:\\\/\\\/www.youtube.com\\\/@koordinacionotelo\"]},{\"@type\":\"Person\",\"@id\":\"https:\\\/\\\/kt.gov.rs\\\/#\\\/schema\\\/person\\\/e426459ddb4173309103390602694571\",\"name\":\"ktmin\",\"image\":{\"@type\":\"ImageObject\",\"inLanguage\":\"sq-AL\",\"@id\":\"https:\\\/\\\/secure.gravatar.com\\\/avatar\\\/3985c961109853010c3fbc7ba30365bfba5db3dd6c525831d9c595c7525a615a?s=96&d=mm&r=g\",\"url\":\"https:\\\/\\\/secure.gravatar.com\\\/avatar\\\/3985c961109853010c3fbc7ba30365bfba5db3dd6c525831d9c595c7525a615a?s=96&d=mm&r=g\",\"contentUrl\":\"https:\\\/\\\/secure.gravatar.com\\\/avatar\\\/3985c961109853010c3fbc7ba30365bfba5db3dd6c525831d9c595c7525a615a?s=96&d=mm&r=g\",\"caption\":\"ktmin\"},\"sameAs\":[\"https:\\\/\\\/kt.gov.rs\"],\"url\":\"https:\\\/\\\/kt.gov.rs\\\/sq\\\/author\\\/ktmin\\\/\"}]}<\/script>\n<!-- \/ Yoast SEO plugin. -->","yoast_head_json":{"title":"03.05.2009 - Republika e S\u00ebrbis\u00eb Trupi Koordinues p\u00ebr komunat Bujanoc, Preshev\u00eb dhe Medvegj\u00eb","robots":{"index":"index","follow":"follow","max-snippet":"max-snippet:-1","max-image-preview":"max-image-preview:large","max-video-preview":"max-video-preview:-1"},"canonical":"https:\/\/kt.gov.rs\/sq\/03-05-2009\/","og_locale":"sq_AL","og_type":"article","og_title":"03.05.2009 - Republika e S\u00ebrbis\u00eb Trupi Koordinues p\u00ebr komunat Bujanoc, Preshev\u00eb dhe Medvegj\u00eb","og_description":"P\u00ebrfaq\u00ebsuesit e ,,Simpo-s\u2019\u2019 s\u00eb Vranj\u00ebs dhe ,,Ikea-s\u2019\u2019 suedeze n\u00ebnshkruan kontrat\u00ebn me vler\u00eb 5,5 milion eura. Deri te n\u00ebnshkrimi i kontrat\u00ebs vie pas vizit\u00ebs s\u00eb m\u00ebparshme t\u00eb pronarit t\u00eb ,,Ikea-s\u2019\u2019 n\u00eb kompanin\u00eb ,,Simpo\u2019\u2019 n\u00eb\u00a0 Vranj\u00eb, me q\u2019rast kryetari i kompanis\u00eb ,,Simpo\u2019\u2019 Dragan Tomiq dhe zot\u00ebriu Ingvar Kamprad, pronar\u00eb i ,,Ikea-s\u2019\u2019 e cila nj\u00ebherit \u00ebsht\u00eb edhe zinxhiri m\u00eb i madh p\u00ebr treg\u00ebti t\u00eb mobileve n\u00eb bot\u00eb, n\u00ebnshkruan kontrat\u00ebn mbi bashk\u00ebpunimin p\u00ebr realizimin e interesave t\u00eb p\u00ebrbashk\u00ebta ekonomike.","og_url":"https:\/\/kt.gov.rs\/sq\/03-05-2009\/","og_site_name":"Republika e S\u00ebrbis\u00eb Trupi Koordinues p\u00ebr komunat Bujanoc, Preshev\u00eb dhe Medvegj\u00eb","article_publisher":"https:\/\/www.facebook.com\/SluzbaKoordinacionogTelaVladeRepublikeSrbije","article_published_time":"2009-05-04T00:00:00+00:00","author":"ktmin","twitter_card":"summary_large_image","twitter_creator":"@kt_gov","twitter_site":"@kt_gov","twitter_misc":{"Written by":"ktmin","Est. reading time":"2 minutes"},"schema":{"@context":"https:\/\/schema.org","@graph":[{"@type":"Article","@id":"https:\/\/kt.gov.rs\/sq\/03-05-2009\/#article","isPartOf":{"@id":"https:\/\/kt.gov.rs\/sq\/03-05-2009\/"},"author":{"name":"ktmin","@id":"https:\/\/kt.gov.rs\/#\/schema\/person\/e426459ddb4173309103390602694571"},"headline":"03.05.2009","datePublished":"2009-05-04T00:00:00+00:00","mainEntityOfPage":{"@id":"https:\/\/kt.gov.rs\/sq\/03-05-2009\/"},"wordCount":387,"publisher":{"@id":"https:\/\/kt.gov.rs\/#organization"},"articleSection":["Lajme"],"inLanguage":"sq-AL"},{"@type":"WebPage","@id":"https:\/\/kt.gov.rs\/sq\/03-05-2009\/","url":"https:\/\/kt.gov.rs\/sq\/03-05-2009\/","name":"03.05.2009 - Republika e S\u00ebrbis\u00eb Trupi Koordinues p\u00ebr komunat Bujanoc, Preshev\u00eb dhe Medvegj\u00eb","isPartOf":{"@id":"https:\/\/kt.gov.rs\/#website"},"datePublished":"2009-05-04T00:00:00+00:00","breadcrumb":{"@id":"https:\/\/kt.gov.rs\/sq\/03-05-2009\/#breadcrumb"},"inLanguage":"sq-AL","potentialAction":[{"@type":"ReadAction","target":["https:\/\/kt.gov.rs\/sq\/03-05-2009\/"]}]},{"@type":"BreadcrumbList","@id":"https:\/\/kt.gov.rs\/sq\/03-05-2009\/#breadcrumb","itemListElement":[{"@type":"ListItem","position":1,"name":"\u041f\u043e\u0447\u0435\u0442\u043d\u0430","item":"https:\/\/kt.gov.rs\/sq\/"},{"@type":"ListItem","position":2,"name":"03.05.2009"}]},{"@type":"WebSite","@id":"https:\/\/kt.gov.rs\/#website","url":"https:\/\/kt.gov.rs\/","name":"\u041a\u043e\u043e\u0440\u0434\u0438\u043d\u0430\u0446\u0438\u043e\u043d\u043e \u0442\u0435\u043b\u043e \u0412\u043b\u0430\u0434\u0435 \u0420\u0435\u043f\u0443\u0431\u043b\u0438\u043a\u0435 \u0421\u0440\u0431\u0438\u0458\u0435 \u0437\u0430 \u043e\u043f\u0448\u0442\u0438\u043d\u0435 \u041f\u0440\u0435\u0448\u0435\u0432\u043e, \u0411\u0443\u0458\u0430\u043d\u043e\u0432\u0430\u0446 \u0438 \u041c\u0435\u0434\u0432\u0435\u0452a","description":"","publisher":{"@id":"https:\/\/kt.gov.rs\/#organization"},"alternateName":"\u041a\u043e\u043e\u0440\u0434\u0438\u043d\u0430\u0446\u0438\u043e\u043d\u043e \u0442\u0435\u043b\u043e","potentialAction":[{"@type":"SearchAction","target":{"@type":"EntryPoint","urlTemplate":"https:\/\/kt.gov.rs\/?s={search_term_string}"},"query-input":{"@type":"PropertyValueSpecification","valueRequired":true,"valueName":"search_term_string"}}],"inLanguage":"sq-AL"},{"@type":"Organization","@id":"https:\/\/kt.gov.rs\/#organization","name":"\u041a\u043e\u043e\u0440\u0434\u0438\u043d\u0430\u0446\u0438\u043e\u043d\u043e \u0442\u0435\u043b\u043e \u0412\u043b\u0430\u0434\u0435 \u0420\u0435\u043f\u0443\u0431\u043b\u0438\u043a\u0435 \u0421\u0440\u0431\u0438\u0458\u0435 \u0437\u0430 \u043e\u043f\u0448\u0442\u0438\u043d\u0435 \u041f\u0440\u0435\u0448\u0435\u0432\u043e, \u0411\u0443\u0458\u0430\u043d\u043e\u0432\u0430\u0446 \u0438 \u041c\u0435\u0434\u0432\u0435\u0452a","alternateName":"\u041a\u043e\u043e\u0440\u0434\u0438\u043d\u0430\u0446\u0438\u043e\u043d\u043e \u0442\u0435\u043b\u043e","url":"https:\/\/kt.gov.rs\/","logo":{"@type":"ImageObject","inLanguage":"sq-AL","@id":"https:\/\/kt.gov.rs\/#\/schema\/logo\/image\/","url":"https:\/\/kt.gov.rs\/wp-content\/uploads\/2024\/12\/koord2.jpg","contentUrl":"https:\/\/kt.gov.rs\/wp-content\/uploads\/2024\/12\/koord2.jpg","width":640,"height":480,"caption":"\u041a\u043e\u043e\u0440\u0434\u0438\u043d\u0430\u0446\u0438\u043e\u043d\u043e \u0442\u0435\u043b\u043e \u0412\u043b\u0430\u0434\u0435 \u0420\u0435\u043f\u0443\u0431\u043b\u0438\u043a\u0435 \u0421\u0440\u0431\u0438\u0458\u0435 \u0437\u0430 \u043e\u043f\u0448\u0442\u0438\u043d\u0435 \u041f\u0440\u0435\u0448\u0435\u0432\u043e, \u0411\u0443\u0458\u0430\u043d\u043e\u0432\u0430\u0446 \u0438 \u041c\u0435\u0434\u0432\u0435\u0452a"},"image":{"@id":"https:\/\/kt.gov.rs\/#\/schema\/logo\/image\/"},"sameAs":["https:\/\/www.facebook.com\/SluzbaKoordinacionogTelaVladeRepublikeSrbije","https:\/\/x.com\/kt_gov","https:\/\/www.youtube.com\/@koordinacionotelo"]},{"@type":"Person","@id":"https:\/\/kt.gov.rs\/#\/schema\/person\/e426459ddb4173309103390602694571","name":"ktmin","image":{"@type":"ImageObject","inLanguage":"sq-AL","@id":"https:\/\/secure.gravatar.com\/avatar\/3985c961109853010c3fbc7ba30365bfba5db3dd6c525831d9c595c7525a615a?s=96&d=mm&r=g","url":"https:\/\/secure.gravatar.com\/avatar\/3985c961109853010c3fbc7ba30365bfba5db3dd6c525831d9c595c7525a615a?s=96&d=mm&r=g","contentUrl":"https:\/\/secure.gravatar.com\/avatar\/3985c961109853010c3fbc7ba30365bfba5db3dd6c525831d9c595c7525a615a?s=96&d=mm&r=g","caption":"ktmin"},"sameAs":["https:\/\/kt.gov.rs"],"url":"https:\/\/kt.gov.rs\/sq\/author\/ktmin\/"}]}},"_links":{"self":[{"href":"https:\/\/kt.gov.rs\/sq\/wp-json\/wp\/v2\/posts\/143370","targetHints":{"allow":["GET"]}}],"collection":[{"href":"https:\/\/kt.gov.rs\/sq\/wp-json\/wp\/v2\/posts"}],"about":[{"href":"https:\/\/kt.gov.rs\/sq\/wp-json\/wp\/v2\/types\/post"}],"author":[{"embeddable":true,"href":"https:\/\/kt.gov.rs\/sq\/wp-json\/wp\/v2\/users\/1"}],"replies":[{"embeddable":true,"href":"https:\/\/kt.gov.rs\/sq\/wp-json\/wp\/v2\/comments?post=143370"}],"version-history":[{"count":0,"href":"https:\/\/kt.gov.rs\/sq\/wp-json\/wp\/v2\/posts\/143370\/revisions"}],"wp:attachment":[{"href":"https:\/\/kt.gov.rs\/sq\/wp-json\/wp\/v2\/media?parent=143370"}],"wp:term":[{"taxonomy":"category","embeddable":true,"href":"https:\/\/kt.gov.rs\/sq\/wp-json\/wp\/v2\/categories?post=143370"},{"taxonomy":"post_tag","embeddable":true,"href":"https:\/\/kt.gov.rs\/sq\/wp-json\/wp\/v2\/tags?post=143370"}],"curies":[{"name":"wp","href":"https:\/\/api.w.org\/{rel}","templated":true}]}}