{"id":143363,"date":"2009-05-26T00:00:00","date_gmt":"2009-05-26T00:00:00","guid":{"rendered":"http:\/\/kt.printandscreen.rs\/26-05-2009\/"},"modified":"2009-05-26T00:00:00","modified_gmt":"2009-05-26T00:00:00","slug":"26-05-2009","status":"publish","type":"post","link":"https:\/\/kt.gov.rs\/sq\/26-05-2009\/","title":{"rendered":"26.05.2009."},"content":{"rendered":"<p>Mbrojt\u00ebsi i qytetar\u00ebve t\u00eb Republik\u00ebs s\u00eb Serbis\u00eb (ombudsmani republikan) Sasha Jankoviq me z\u00ebvend\u00ebsit dhe me bashk\u00ebpun\u00ebtor\u00ebt e tij do t\u00eb vizitoj Bujanocin, Preshev\u00ebn dhe Medvegj\u00ebn m\u00eb <strong>26 dhe 27 maj<\/strong> <strong>t\u00eb k\u00ebtij viti<\/strong>,\u00a0 ku do t\u00eb takohet me p\u00ebrfaq\u00ebsuesit e pushtetit lokal si dhe do t\u00eb bisedoj\u00eb me qytetar\u00ebt p\u00ebr problemet q\u00eb i preokupojn\u00eb ata dhe avancimin e t\u00eb drejtave t\u00eb qytetar\u00ebve.<\/p>\n<p>Ombudsman me ministrin e pushtet lokal dhe t\u00eb qeverisjes lokale e nj\u00ebherit edhe kryetar\u00eb i Trupit Koordinues t\u00eb Qeveris\u00eb s\u00eb Republik\u00ebs s\u00eb Serbis\u00eb p\u00ebr komunat Preshev\u00eb, Bujanoc dhe Medvegj\u00eb, Milan Markoviq si dhe me kryetar\u00ebt e k\u00ebtyre komunave m\u00eb 26 maj n\u00eb Bujanoc do t\u00eb bisedoj\u00eb rreth hapjes s\u00eb zyres s\u00eb Mbrojt\u00ebsit t\u00eb drejtave t\u00eb qytetar\u00ebve n\u00eb Serbin\u00eb jugore.<\/p>\n<p>Gjat\u00eb ,,Dit\u00ebs s\u00eb Ombudsmanit\u201d n\u00eb Serbin\u00eb jugore, Mbrojt\u00ebsi i qytetar\u00ebve dhe z\u00ebvend\u00ebsit e tij do t\u00eb vizitojn\u00eb shkollat, qendrat p\u00ebr pun\u00eb sociale, stacionet policore, ushtrin\u00eb dhe baz\u00ebn e zhandarm\u00ebris\u00eb si dhe institucionet tjera publike. Gjithashtu do t\u00eb takohen edhe me p\u00ebrfaq\u00ebsuesit e organizatave joqeveritare, mediat lokale dhe me qytetar\u00ebt.<\/p>\n<p>N\u00eb suaza t\u00eb vizit\u00ebs s\u00eb Mbrojt\u00ebsit t\u00eb qytetar\u00ebve komunave t\u00eb lartp\u00ebrmendura n\u00eb Serbin\u00eb jugore m\u00eb <strong>27 maj n\u00eb ora 14.0<\/strong>0 do t\u00eb bahet dor\u00ebzimi i donacionit t\u00eb Republik\u00ebs \u00c7eke si dhe OSBE-s\u00eb Mbrojt\u00ebsit t\u00eb qytetar\u00ebve pran <strong>Sht\u00ebpis\u00eb s\u00eb Kultur\u00ebs n\u00eb Medvegj\u00eb<\/strong> (rruga Jabllani\u00e7ka 48) ku do t\u00eb mar\u00eb pjes\u00eb edhe ambasadorja e Republik\u00ebs \u00c7eke Hana Huba\u00e7kova kurse p\u00ebrfaq\u00ebsues i OSBE-s\u00eb do t\u00eb jet\u00eb Jeroen de Vries-koordinator i programit p\u00ebr Serbin\u00eb Jugore, Livio Sarandrea-z\u00ebvend\u00ebs i kryeshefit t\u00eb zyres p\u00ebr t\u00eb drejtat e njeriut si dhe Marianne Mahaffey-k\u00ebshill\u00ebtar\u00eb politik. Republika \u00c7eke dhe OSBE-ja kan\u00eb ndihmuar Ombudsmanin republikan p\u00ebr mbrojtjen e t\u00eb drejtave t\u00eb qytetar\u00ebve me mjete t\u00eb ndryshme p\u00ebr pun\u00eb n\u00eb teren.<\/p>\n","protected":false},"excerpt":{"rendered":"<p>Mbrojt\u00ebsi i qytetar\u00ebve t\u00eb Republik\u00ebs s\u00eb Serbis\u00eb (ombudsmani republikan) Sasha Jankoviq me z\u00ebvend\u00ebsit dhe me bashk\u00ebpun\u00ebtor\u00ebt e tij do t\u00eb vizitoj Bujanocin, Preshev\u00ebn dhe Medvegj\u00ebn m\u00eb 26 dhe 27 maj t\u00eb k\u00ebtij viti,\u00a0 ku do t\u00eb takohet me p\u00ebrfaq\u00ebsuesit e pushtetit lokal si dhe do t\u00eb bisedoj\u00eb me qytetar\u00ebt p\u00ebr problemet q\u00eb i preokupojn\u00eb ata dhe avancimin e t\u00eb drejtave t\u00eb qytetar\u00ebve.<\/p>\n","protected":false},"author":1,"featured_media":0,"comment_status":"closed","ping_status":"closed","sticky":false,"template":"","format":"standard","meta":{"footnotes":""},"categories":[55],"tags":[],"class_list":["post-143363","post","type-post","status-publish","format-standard","hentry","category-lajme"],"yoast_head":"<!-- This site is optimized with the Yoast SEO plugin v27.4 - https:\/\/yoast.com\/product\/yoast-seo-wordpress\/ -->\n<title>26.05.2009. - Republika e S\u00ebrbis\u00eb Trupi Koordinues p\u00ebr komunat Bujanoc, Preshev\u00eb dhe Medvegj\u00eb<\/title>\n<meta name=\"robots\" content=\"index, follow, max-snippet:-1, max-image-preview:large, max-video-preview:-1\" \/>\n<link rel=\"canonical\" href=\"https:\/\/kt.gov.rs\/sq\/26-05-2009\/\" \/>\n<meta property=\"og:locale\" content=\"sq_AL\" \/>\n<meta property=\"og:type\" content=\"article\" \/>\n<meta property=\"og:title\" content=\"26.05.2009. - Republika e S\u00ebrbis\u00eb Trupi Koordinues p\u00ebr komunat Bujanoc, Preshev\u00eb dhe Medvegj\u00eb\" \/>\n<meta property=\"og:description\" content=\"Mbrojt\u00ebsi i qytetar\u00ebve t\u00eb Republik\u00ebs s\u00eb Serbis\u00eb (ombudsmani republikan) Sasha Jankoviq me z\u00ebvend\u00ebsit dhe me bashk\u00ebpun\u00ebtor\u00ebt e tij do t\u00eb vizitoj Bujanocin, Preshev\u00ebn dhe Medvegj\u00ebn m\u00eb 26 dhe 27 maj t\u00eb k\u00ebtij viti,\u00a0 ku do t\u00eb takohet me p\u00ebrfaq\u00ebsuesit e pushtetit lokal si dhe do t\u00eb bisedoj\u00eb me qytetar\u00ebt p\u00ebr problemet q\u00eb i preokupojn\u00eb ata dhe avancimin e t\u00eb drejtave t\u00eb qytetar\u00ebve.\" \/>\n<meta property=\"og:url\" content=\"https:\/\/kt.gov.rs\/sq\/26-05-2009\/\" \/>\n<meta property=\"og:site_name\" content=\"Republika e S\u00ebrbis\u00eb Trupi Koordinues p\u00ebr komunat Bujanoc, Preshev\u00eb dhe Medvegj\u00eb\" \/>\n<meta property=\"article:publisher\" content=\"https:\/\/www.facebook.com\/SluzbaKoordinacionogTelaVladeRepublikeSrbije\" \/>\n<meta property=\"article:published_time\" content=\"2009-05-26T00:00:00+00:00\" \/>\n<meta name=\"author\" content=\"ktmin\" \/>\n<meta name=\"twitter:card\" content=\"summary_large_image\" \/>\n<meta name=\"twitter:creator\" content=\"@kt_gov\" \/>\n<meta name=\"twitter:site\" content=\"@kt_gov\" \/>\n<meta name=\"twitter:label1\" content=\"Written by\" \/>\n\t<meta name=\"twitter:data1\" content=\"ktmin\" \/>\n\t<meta name=\"twitter:label2\" content=\"Est. reading time\" \/>\n\t<meta name=\"twitter:data2\" content=\"2 minutes\" \/>\n<script type=\"application\/ld+json\" class=\"yoast-schema-graph\">{\"@context\":\"https:\\\/\\\/schema.org\",\"@graph\":[{\"@type\":\"Article\",\"@id\":\"https:\\\/\\\/kt.gov.rs\\\/sq\\\/26-05-2009\\\/#article\",\"isPartOf\":{\"@id\":\"https:\\\/\\\/kt.gov.rs\\\/sq\\\/26-05-2009\\\/\"},\"author\":{\"name\":\"ktmin\",\"@id\":\"https:\\\/\\\/kt.gov.rs\\\/#\\\/schema\\\/person\\\/e426459ddb4173309103390602694571\"},\"headline\":\"26.05.2009.\",\"datePublished\":\"2009-05-26T00:00:00+00:00\",\"mainEntityOfPage\":{\"@id\":\"https:\\\/\\\/kt.gov.rs\\\/sq\\\/26-05-2009\\\/\"},\"wordCount\":334,\"publisher\":{\"@id\":\"https:\\\/\\\/kt.gov.rs\\\/#organization\"},\"articleSection\":[\"Lajme\"],\"inLanguage\":\"sq-AL\"},{\"@type\":\"WebPage\",\"@id\":\"https:\\\/\\\/kt.gov.rs\\\/sq\\\/26-05-2009\\\/\",\"url\":\"https:\\\/\\\/kt.gov.rs\\\/sq\\\/26-05-2009\\\/\",\"name\":\"26.05.2009. - Republika e S\u00ebrbis\u00eb Trupi Koordinues p\u00ebr komunat Bujanoc, Preshev\u00eb dhe Medvegj\u00eb\",\"isPartOf\":{\"@id\":\"https:\\\/\\\/kt.gov.rs\\\/#website\"},\"datePublished\":\"2009-05-26T00:00:00+00:00\",\"breadcrumb\":{\"@id\":\"https:\\\/\\\/kt.gov.rs\\\/sq\\\/26-05-2009\\\/#breadcrumb\"},\"inLanguage\":\"sq-AL\",\"potentialAction\":[{\"@type\":\"ReadAction\",\"target\":[\"https:\\\/\\\/kt.gov.rs\\\/sq\\\/26-05-2009\\\/\"]}]},{\"@type\":\"BreadcrumbList\",\"@id\":\"https:\\\/\\\/kt.gov.rs\\\/sq\\\/26-05-2009\\\/#breadcrumb\",\"itemListElement\":[{\"@type\":\"ListItem\",\"position\":1,\"name\":\"Po\u010detna\",\"item\":\"https:\\\/\\\/kt.gov.rs\\\/sq\\\/\"},{\"@type\":\"ListItem\",\"position\":2,\"name\":\"26.05.2009.\"}]},{\"@type\":\"WebSite\",\"@id\":\"https:\\\/\\\/kt.gov.rs\\\/#website\",\"url\":\"https:\\\/\\\/kt.gov.rs\\\/\",\"name\":\"Koordinaciono telo Vlade Republike Srbije za op\u0161tine Pre\u0161evo, Bujanovac i Medve\u0111a\",\"description\":\"\",\"publisher\":{\"@id\":\"https:\\\/\\\/kt.gov.rs\\\/#organization\"},\"alternateName\":\"Koordinaciono telo\",\"potentialAction\":[{\"@type\":\"SearchAction\",\"target\":{\"@type\":\"EntryPoint\",\"urlTemplate\":\"https:\\\/\\\/kt.gov.rs\\\/?s={search_term_string}\"},\"query-input\":{\"@type\":\"PropertyValueSpecification\",\"valueRequired\":true,\"valueName\":\"search_term_string\"}}],\"inLanguage\":\"sq-AL\"},{\"@type\":\"Organization\",\"@id\":\"https:\\\/\\\/kt.gov.rs\\\/#organization\",\"name\":\"Koordinaciono telo Vlade Republike Srbije za op\u0161tine Pre\u0161evo, Bujanovac i Medve\u0111a\",\"alternateName\":\"Koordinaciono telo\",\"url\":\"https:\\\/\\\/kt.gov.rs\\\/\",\"logo\":{\"@type\":\"ImageObject\",\"inLanguage\":\"sq-AL\",\"@id\":\"https:\\\/\\\/kt.gov.rs\\\/#\\\/schema\\\/logo\\\/image\\\/\",\"url\":\"https:\\\/\\\/kt.gov.rs\\\/wp-content\\\/uploads\\\/2024\\\/12\\\/koord2.jpg\",\"contentUrl\":\"https:\\\/\\\/kt.gov.rs\\\/wp-content\\\/uploads\\\/2024\\\/12\\\/koord2.jpg\",\"width\":640,\"height\":480,\"caption\":\"Koordinaciono telo Vlade Republike Srbije za op\u0161tine Pre\u0161evo, Bujanovac i Medve\u0111a\"},\"image\":{\"@id\":\"https:\\\/\\\/kt.gov.rs\\\/#\\\/schema\\\/logo\\\/image\\\/\"},\"sameAs\":[\"https:\\\/\\\/www.facebook.com\\\/SluzbaKoordinacionogTelaVladeRepublikeSrbije\",\"https:\\\/\\\/x.com\\\/kt_gov\",\"https:\\\/\\\/www.youtube.com\\\/@koordinacionotelo\"]},{\"@type\":\"Person\",\"@id\":\"https:\\\/\\\/kt.gov.rs\\\/#\\\/schema\\\/person\\\/e426459ddb4173309103390602694571\",\"name\":\"ktmin\",\"image\":{\"@type\":\"ImageObject\",\"inLanguage\":\"sq-AL\",\"@id\":\"https:\\\/\\\/secure.gravatar.com\\\/avatar\\\/3985c961109853010c3fbc7ba30365bfba5db3dd6c525831d9c595c7525a615a?s=96&d=mm&r=g\",\"url\":\"https:\\\/\\\/secure.gravatar.com\\\/avatar\\\/3985c961109853010c3fbc7ba30365bfba5db3dd6c525831d9c595c7525a615a?s=96&d=mm&r=g\",\"contentUrl\":\"https:\\\/\\\/secure.gravatar.com\\\/avatar\\\/3985c961109853010c3fbc7ba30365bfba5db3dd6c525831d9c595c7525a615a?s=96&d=mm&r=g\",\"caption\":\"ktmin\"},\"sameAs\":[\"https:\\\/\\\/kt.gov.rs\"],\"url\":\"https:\\\/\\\/kt.gov.rs\\\/sq\\\/author\\\/ktmin\\\/\"}]}<\/script>\n<!-- \/ Yoast SEO plugin. -->","yoast_head_json":{"title":"26.05.2009. - Republika e S\u00ebrbis\u00eb Trupi Koordinues p\u00ebr komunat Bujanoc, Preshev\u00eb dhe Medvegj\u00eb","robots":{"index":"index","follow":"follow","max-snippet":"max-snippet:-1","max-image-preview":"max-image-preview:large","max-video-preview":"max-video-preview:-1"},"canonical":"https:\/\/kt.gov.rs\/sq\/26-05-2009\/","og_locale":"sq_AL","og_type":"article","og_title":"26.05.2009. - Republika e S\u00ebrbis\u00eb Trupi Koordinues p\u00ebr komunat Bujanoc, Preshev\u00eb dhe Medvegj\u00eb","og_description":"Mbrojt\u00ebsi i qytetar\u00ebve t\u00eb Republik\u00ebs s\u00eb Serbis\u00eb (ombudsmani republikan) Sasha Jankoviq me z\u00ebvend\u00ebsit dhe me bashk\u00ebpun\u00ebtor\u00ebt e tij do t\u00eb vizitoj Bujanocin, Preshev\u00ebn dhe Medvegj\u00ebn m\u00eb 26 dhe 27 maj t\u00eb k\u00ebtij viti,\u00a0 ku do t\u00eb takohet me p\u00ebrfaq\u00ebsuesit e pushtetit lokal si dhe do t\u00eb bisedoj\u00eb me qytetar\u00ebt p\u00ebr problemet q\u00eb i preokupojn\u00eb ata dhe avancimin e t\u00eb drejtave t\u00eb qytetar\u00ebve.","og_url":"https:\/\/kt.gov.rs\/sq\/26-05-2009\/","og_site_name":"Republika e S\u00ebrbis\u00eb Trupi Koordinues p\u00ebr komunat Bujanoc, Preshev\u00eb dhe Medvegj\u00eb","article_publisher":"https:\/\/www.facebook.com\/SluzbaKoordinacionogTelaVladeRepublikeSrbije","article_published_time":"2009-05-26T00:00:00+00:00","author":"ktmin","twitter_card":"summary_large_image","twitter_creator":"@kt_gov","twitter_site":"@kt_gov","twitter_misc":{"Written by":"ktmin","Est. reading time":"2 minutes"},"schema":{"@context":"https:\/\/schema.org","@graph":[{"@type":"Article","@id":"https:\/\/kt.gov.rs\/sq\/26-05-2009\/#article","isPartOf":{"@id":"https:\/\/kt.gov.rs\/sq\/26-05-2009\/"},"author":{"name":"ktmin","@id":"https:\/\/kt.gov.rs\/#\/schema\/person\/e426459ddb4173309103390602694571"},"headline":"26.05.2009.","datePublished":"2009-05-26T00:00:00+00:00","mainEntityOfPage":{"@id":"https:\/\/kt.gov.rs\/sq\/26-05-2009\/"},"wordCount":334,"publisher":{"@id":"https:\/\/kt.gov.rs\/#organization"},"articleSection":["Lajme"],"inLanguage":"sq-AL"},{"@type":"WebPage","@id":"https:\/\/kt.gov.rs\/sq\/26-05-2009\/","url":"https:\/\/kt.gov.rs\/sq\/26-05-2009\/","name":"26.05.2009. - Republika e S\u00ebrbis\u00eb Trupi Koordinues p\u00ebr komunat Bujanoc, Preshev\u00eb dhe Medvegj\u00eb","isPartOf":{"@id":"https:\/\/kt.gov.rs\/#website"},"datePublished":"2009-05-26T00:00:00+00:00","breadcrumb":{"@id":"https:\/\/kt.gov.rs\/sq\/26-05-2009\/#breadcrumb"},"inLanguage":"sq-AL","potentialAction":[{"@type":"ReadAction","target":["https:\/\/kt.gov.rs\/sq\/26-05-2009\/"]}]},{"@type":"BreadcrumbList","@id":"https:\/\/kt.gov.rs\/sq\/26-05-2009\/#breadcrumb","itemListElement":[{"@type":"ListItem","position":1,"name":"Po\u010detna","item":"https:\/\/kt.gov.rs\/sq\/"},{"@type":"ListItem","position":2,"name":"26.05.2009."}]},{"@type":"WebSite","@id":"https:\/\/kt.gov.rs\/#website","url":"https:\/\/kt.gov.rs\/","name":"Koordinaciono telo Vlade Republike Srbije za op\u0161tine Pre\u0161evo, Bujanovac i Medve\u0111a","description":"","publisher":{"@id":"https:\/\/kt.gov.rs\/#organization"},"alternateName":"Koordinaciono telo","potentialAction":[{"@type":"SearchAction","target":{"@type":"EntryPoint","urlTemplate":"https:\/\/kt.gov.rs\/?s={search_term_string}"},"query-input":{"@type":"PropertyValueSpecification","valueRequired":true,"valueName":"search_term_string"}}],"inLanguage":"sq-AL"},{"@type":"Organization","@id":"https:\/\/kt.gov.rs\/#organization","name":"Koordinaciono telo Vlade Republike Srbije za op\u0161tine Pre\u0161evo, Bujanovac i Medve\u0111a","alternateName":"Koordinaciono telo","url":"https:\/\/kt.gov.rs\/","logo":{"@type":"ImageObject","inLanguage":"sq-AL","@id":"https:\/\/kt.gov.rs\/#\/schema\/logo\/image\/","url":"https:\/\/kt.gov.rs\/wp-content\/uploads\/2024\/12\/koord2.jpg","contentUrl":"https:\/\/kt.gov.rs\/wp-content\/uploads\/2024\/12\/koord2.jpg","width":640,"height":480,"caption":"Koordinaciono telo Vlade Republike Srbije za op\u0161tine Pre\u0161evo, Bujanovac i Medve\u0111a"},"image":{"@id":"https:\/\/kt.gov.rs\/#\/schema\/logo\/image\/"},"sameAs":["https:\/\/www.facebook.com\/SluzbaKoordinacionogTelaVladeRepublikeSrbije","https:\/\/x.com\/kt_gov","https:\/\/www.youtube.com\/@koordinacionotelo"]},{"@type":"Person","@id":"https:\/\/kt.gov.rs\/#\/schema\/person\/e426459ddb4173309103390602694571","name":"ktmin","image":{"@type":"ImageObject","inLanguage":"sq-AL","@id":"https:\/\/secure.gravatar.com\/avatar\/3985c961109853010c3fbc7ba30365bfba5db3dd6c525831d9c595c7525a615a?s=96&d=mm&r=g","url":"https:\/\/secure.gravatar.com\/avatar\/3985c961109853010c3fbc7ba30365bfba5db3dd6c525831d9c595c7525a615a?s=96&d=mm&r=g","contentUrl":"https:\/\/secure.gravatar.com\/avatar\/3985c961109853010c3fbc7ba30365bfba5db3dd6c525831d9c595c7525a615a?s=96&d=mm&r=g","caption":"ktmin"},"sameAs":["https:\/\/kt.gov.rs"],"url":"https:\/\/kt.gov.rs\/sq\/author\/ktmin\/"}]}},"_links":{"self":[{"href":"https:\/\/kt.gov.rs\/sq\/wp-json\/wp\/v2\/posts\/143363","targetHints":{"allow":["GET"]}}],"collection":[{"href":"https:\/\/kt.gov.rs\/sq\/wp-json\/wp\/v2\/posts"}],"about":[{"href":"https:\/\/kt.gov.rs\/sq\/wp-json\/wp\/v2\/types\/post"}],"author":[{"embeddable":true,"href":"https:\/\/kt.gov.rs\/sq\/wp-json\/wp\/v2\/users\/1"}],"replies":[{"embeddable":true,"href":"https:\/\/kt.gov.rs\/sq\/wp-json\/wp\/v2\/comments?post=143363"}],"version-history":[{"count":0,"href":"https:\/\/kt.gov.rs\/sq\/wp-json\/wp\/v2\/posts\/143363\/revisions"}],"wp:attachment":[{"href":"https:\/\/kt.gov.rs\/sq\/wp-json\/wp\/v2\/media?parent=143363"}],"wp:term":[{"taxonomy":"category","embeddable":true,"href":"https:\/\/kt.gov.rs\/sq\/wp-json\/wp\/v2\/categories?post=143363"},{"taxonomy":"post_tag","embeddable":true,"href":"https:\/\/kt.gov.rs\/sq\/wp-json\/wp\/v2\/tags?post=143363"}],"curies":[{"name":"wp","href":"https:\/\/api.w.org\/{rel}","templated":true}]}}