{"id":143355,"date":"2009-05-27T00:00:00","date_gmt":"2009-05-27T00:00:00","guid":{"rendered":"http:\/\/kt.printandscreen.rs\/takimi-i-dyte-i-kryesise-se-trupit-koordinueste-qeverise-se-republikes-se-serbise-per-komunat-presheve-bujanoc-dhe-medvegje-26-maj-2009\/"},"modified":"2024-07-30T20:24:53","modified_gmt":"2024-07-30T20:24:53","slug":"takimi-i-dyte-i-kryesise-se-trupit-koordinueste-qeverise-se-republikes-se-serbise-per-komunat-presheve-bujanoc-dhe-medvegje-26-maj-2009","status":"publish","type":"post","link":"https:\/\/kt.gov.rs\/sq\/takimi-i-dyte-i-kryesise-se-trupit-koordinueste-qeverise-se-republikes-se-serbise-per-komunat-presheve-bujanoc-dhe-medvegje-26-maj-2009\/","title":{"rendered":"Takimi i dyt\u00eb i Kryesis\u00eb s\u00eb Trupit Koordinuest\u00eb Qeveris\u00eb s\u00eb Republik\u00ebs s\u00eb Serbis\u00eb p\u00ebr komunat Preshev\u00eb, Bujanoc dhe Medvegj\u00eb, 26 maj 2009"},"content":{"rendered":"<p><strong><img decoding=\"async\" align=\"left\" alt=\"\" src=\"https:\/\/kt.gov.rs\/wp-content\/uploads\/2024\/07\/pic021vesti-4.jpg\" \/>Optimiz\u00ebm i p\u00ebrmbajtur pas takimit t\u00eb kryesis\u00eb s\u00eb Trupit Koordinues.<\/strong><\/p>\n<p>Takimi i dyt\u00eb i pas rekonstruimit t\u00eb Trupit Koordinues t\u00eb Qeveris\u00eb s\u00eb Republik\u00ebs s\u00eb Serbis\u00eb p\u00ebr komunat Preshev\u00eb, Bujanoc dhe Medvegj\u00eb \u00ebsht\u00eb mbajtur n\u00eb zyret e Trupit Koordinues n\u00eb Bujanoc.<\/p>\n<p>Takimi i Kryesis\u00eb i \u00ebsht\u00eb dedikuar m\u00eb tep\u00ebr zgjidhjes s\u00eb problemeve kyqe t\u00eb cilat i preokupojn\u00eb k\u00ebto tri komuna n\u00eb Sebin\u00eb jugore. V\u00ebmendje t\u00eb veqant u \u00ebsht\u00eb dh\u00ebn\u00eb formimit t\u00eb qeveris\u00eb multietnike n\u00eb Bujanoc dhe Preshev\u00eb si dhe kyqjen e Shqip\u00ebtar\u00ebve n\u00eb institucionet shtet\u00ebrore t\u00eb Republik\u00ebs s\u00eb Serbis\u00eb n\u00eb nivelin lokal.<\/p>\n<p>N\u00eb takim mor\u00ebn pjes\u00eb jryetari i Trupit Koordinues Milan Markoviq, n\u00ebnkryetari Sima Gazikaloviq, kryetari i komun\u00ebs s\u00eb Bujanocit Shaip Kamberi, kryetar\u00ebt e kuvendeve t\u00eb komun\u00ebs s\u00eb Bujanocit Jonuz Musliu, kryetarja e Kuvendit komunal t\u00eb komun\u00ebs s\u00eb Medvegj\u00ebs Natasha Filiq pastaj kryetari i posazgjedhur i komun\u00ebs s\u00eb Prshev\u00ebs Ragmi Mustafa dhe kryetari i Kuvendit komunal i Preshev\u00ebs Sk\u00ebnder Destani.<\/p>\n<p>Kryetari Trupit Koordinues Milan Markoviq edhe nj\u00ebher\u00eb potencoi se, p\u00ebr ardhm\u00ebria e k\u00ebtyre tri komunave \u00ebsht\u00eb formimi i qeveris\u00eb multietnike dhe intedrimi i Shqip\u00ebtar\u00ebve n\u00eb institucionet shtet\u00ebrore t\u00eb nivelit lokal. Markoviq deklaroi se Trupi Koordinues po p\u00ebrpiqet q\u00eb t\u00eb vij\u00eb deri te arritja e k\u00ebtij q\u00ebllimi.<\/p>\n<p>\u00bbDisa dilema t\u00eb cilat i kemi pasur m\u00eb par\u00eb, faktikisht ne i kemi zgjidhur. Besoj se po e kuptojm\u00eb njani tjetrin shum\u00eb mir\u00eb. T\u00eb gjith\u00eb an\u00ebter\u00ebt e Trupit Koordinues, duke filluar nga z\u00ebvend\u00ebsi im e deri te kryetar\u00ebt e komunave t\u00eb Preshev\u00ebs, Bujanocit dhe Medvegj\u00ebs kan\u00eb nj\u00eb shfaqje se si duhet t\u00eb duket Trupi Koordinues. E v\u00ebrtet \u00ebsht\u00eb se nuk kemi mendim t\u00eb njejt\u00eb p\u00ebr disa gjana si psh se qka duhet nd\u00ebrmarr\u00eb por nj\u00eb \u00ebsht\u00eb e sigurt\u00eb, ne po punojm\u00eb n\u00eb nj\u00eb atmosfer\u00eb t\u00eb mir\u00eb dhe t\u00eb hapur\u00ab deklaroi Markoviq n\u00eb k\u00ebt\u00eb takim.<\/p>\n<p>Markoviq potencoi se p\u00ebr komunat e Bujanocit dhe Preshev\u00ebs \u00ebsht\u00eb shum\u00eb me r\u00ebnd\u00ebsi formimi i qeveris\u00eb multietnike si dhe n\u00eb periudh\u00ebn e ardhshme do t\u00eb formohet ekipet e Trupit Koordinuespuna e t\u00eb cilave \u00ebsht\u00eb definimi i problemeve si dhe m\u00ebnyra e zgjidhjes s\u00eb tyre.<br \/>\n\u00bbT\u00eb gjith\u00eb duhet t\u00eb marin p\u00ebrgjegj\u00ebsin\u00eb p\u00ebr ardhm\u00ebrin\u00eb e regjionit dhe t\u00eb punojn\u00eb s\u00eb bashku n\u00eb nivelin lokal. Mendoj q\u00eb pjes\u00ebmarrja e Serb\u00ebve dhe Shqip\u00ebtar\u00ebve n\u00eb strukturat udh\u00ebheq\u00ebse t\u00eb komun\u00ebs duhet t\u00eb jen\u00eb proporcional me rezultatet e regjistrimit t\u00eb popullsis\u00eb n\u00eb vitin 2002\u00ab deklaroi Markoviq.<\/p>\n<p>Kryetari i komun\u00ebs s\u00eb Bujanocit e nj\u00ebherit edhe n\u00ebnkryetar\u00eb i Trupit Koordinues Shaip Kamberi deklaroi se koalicioni i partive shqip\u00ebtare q\u00eb e p\u00ebrb\u00ebjn\u00eb udh\u00ebheq\u00ebsin\u00eb e k\u00ebsaj komune nuk \u00ebsht\u00eb kund\u00ebr udh\u00ebheq\u00ebsis\u00eb multietnike. Kamberi deklaroi se \u00bbmultietniciteti egziston n\u00eb komun\u00eb dhe nd\u00ebrmarrjet publike\u00ab. Ai poashtu deklaroi se shqip\u00ebtar\u00ebt presin q\u00eb edhe m\u00eb tep\u00ebr t\u00eb jen\u00eb t\u00eb p\u00ebrfaq\u00ebsur n\u00eb strukturan e organeve Republikane t\u00eb nivelit lokal n\u00eb komun\u00ebn e Bujanocit.<\/p>\n<p>Natasha Filiq, kryetarja e kuvendit komunal t\u00eb komun\u00ebs s\u00eb Medvegj\u00ebs deklaroi se n\u00eb komun\u00ebn e Medvegj\u00ebs strukturat multietnike fungsionojn\u00eb shum\u00eb mir\u00eb dhe apeloi tek koleg\u00ebt e saj\u00eb t\u00eb komunave t\u00eb Preshev\u00ebs dhe Bujanocit q\u00eb edhe ata t\u00eb ndjekin shembullin e komun\u00ebs s\u00eb Medvegj\u00ebs.<\/p>\n<p>Pas mbarimit t\u00eb k\u00ebtij takimi, an\u00ebtar\u00ebt e Trupit koordinues jan\u00eb takuar me Mbrojt\u00ebsin e t\u00eb drejtave t\u00eb qytetar\u00ebve Sasha Jankoviq i cili ka qen\u00eb p\u00ebr vizit\u00eb n\u00eb komunat e Preshev\u00eb, Bujanocit dhe Medvegj\u00ebs n\u00eb suaza t\u00eb projektit \u00bbDit\u00ebt e ombudsmanit n\u00eb Serbin\u00eb jugore\u00ab<\/p>\n<p>\u00bbPresheva, Bujanoci dhe Medvegja jan\u00eb zona n\u00eb t\u00eb cilat qytetar\u00ebt pa e marr\u00eb parasysh\u00eb p\u00ebrkat\u00ebsis\u00eb komb\u00ebtare, nuk kan\u00eb mund\u00ebsi t\u2019i paraqiten organeve gjegj\u00ebse p\u00ebr problemet e tyre t\u00eb cilat kan\u00eb t\u00eb b\u00ebjn\u00eb me sjellje jokorekte t\u00eb organeve qeveritare ndaj tyre\u00ab deklaroi Sasha Jankoviq.<\/p>\n<p>Prandaj \u00ebsht\u00eb propozuar q\u00eb zyrja e Mbrojt\u00ebsit t\u00eb qytetar\u00ebve t\u00eb hapet n\u00eb Serbin\u00eb jugore me q\u00ebllim t\u00eb avancimit t\u00eb t\u00eb drejtave t\u00eb qytetar\u00ebve n\u00eb k\u00ebto tri komuna.<\/p>\n<p>Kryetari i Trupit Koordinues e mb\u00ebshteti k\u00ebt\u00eb ide dhe siguroi q\u00eb Trupi Koordinues do t\u00eb ndihmoj\u00eb n\u00eb realizimin e k\u00ebsaj inisiative.<\/p>\n<p>Kryetari i Trupit koordinues Milan Markoviq dhe Mbrojt\u00ebsi i t\u00eb drejtave t\u00eb qytetar\u00ebve Sasha Jankoviq pas takimit mbajt\u00ebn nj\u00eb konferenc\u00eb me gazetar\u00eb n\u00eb zyren e Press Qendr\u00ebs t\u00eb Trupit Koordinues n\u00eb Bujanoc.<\/p>\n","protected":false},"excerpt":{"rendered":"<p>Optimiz\u00ebm i p\u00ebrmbajtur pas takimit t\u00eb kryesis\u00eb s\u00eb Trupit Koordinues.<\/p>\n<p>Takimi i dyt\u00eb i pas rekonstruimit t\u00eb Trupit Koordinues t\u00eb Qeveris\u00eb s\u00eb Republik\u00ebs s\u00eb Serbis\u00eb p\u00ebr komunat Preshev\u00eb, Bujanoc dhe Medvegj\u00eb \u00ebsht\u00eb mbajtur n\u00eb zyret e Trupit Koordinues n\u00eb Bujanoc.<\/p>\n<p>Takimi i Kryesis\u00eb i \u00ebsht\u00eb dedikuar m\u00eb tep\u00ebr zgjidhjes s\u00eb problemeve kyqe t\u00eb cilat i preokupojn\u00eb k\u00ebto tri komuna n\u00eb Sebin\u00eb jugore. V\u00ebmendje t\u00eb veqant u \u00ebsht\u00eb dh\u00ebn\u00eb formimit t\u00eb qeveris\u00eb multietnike n\u00eb Bujanoc dhe Preshev\u00eb si dhe kyqjen e Shqip\u00ebtar\u00ebve n\u00eb institucionet shtet\u00ebrore t\u00eb Republik\u00ebs s\u00eb Serbis\u00eb n\u00eb nivelin lokal.<\/p>\n","protected":false},"author":1,"featured_media":143360,"comment_status":"closed","ping_status":"closed","sticky":false,"template":"","format":"standard","meta":{"footnotes":""},"categories":[55],"tags":[],"class_list":["post-143355","post","type-post","status-publish","format-standard","has-post-thumbnail","hentry","category-lajme"],"yoast_head":"<!-- This site is optimized with the Yoast SEO plugin v27.4 - https:\/\/yoast.com\/product\/yoast-seo-wordpress\/ -->\n<title>Takimi i dyt\u00eb i Kryesis\u00eb s\u00eb Trupit Koordinuest\u00eb Qeveris\u00eb s\u00eb Republik\u00ebs s\u00eb Serbis\u00eb p\u00ebr komunat Preshev\u00eb, Bujanoc dhe Medvegj\u00eb, 26 maj 2009 - Republika e S\u00ebrbis\u00eb Trupi Koordinues p\u00ebr komunat Bujanoc, Preshev\u00eb dhe Medvegj\u00eb<\/title>\n<meta name=\"robots\" content=\"index, follow, max-snippet:-1, max-image-preview:large, max-video-preview:-1\" \/>\n<link rel=\"canonical\" href=\"https:\/\/kt.gov.rs\/sq\/takimi-i-dyte-i-kryesise-se-trupit-koordinueste-qeverise-se-republikes-se-serbise-per-komunat-presheve-bujanoc-dhe-medvegje-26-maj-2009\/\" \/>\n<meta property=\"og:locale\" content=\"sq_AL\" \/>\n<meta property=\"og:type\" content=\"article\" \/>\n<meta property=\"og:title\" content=\"Takimi i dyt\u00eb i Kryesis\u00eb s\u00eb Trupit Koordinuest\u00eb Qeveris\u00eb s\u00eb Republik\u00ebs s\u00eb Serbis\u00eb p\u00ebr komunat Preshev\u00eb, Bujanoc dhe Medvegj\u00eb, 26 maj 2009 - Republika e S\u00ebrbis\u00eb Trupi Koordinues p\u00ebr komunat Bujanoc, Preshev\u00eb dhe Medvegj\u00eb\" \/>\n<meta property=\"og:description\" content=\"Optimiz\u00ebm i p\u00ebrmbajtur pas takimit t\u00eb kryesis\u00eb s\u00eb Trupit Koordinues. Takimi i dyt\u00eb i pas rekonstruimit t\u00eb Trupit Koordinues t\u00eb Qeveris\u00eb s\u00eb Republik\u00ebs s\u00eb Serbis\u00eb p\u00ebr komunat Preshev\u00eb, Bujanoc dhe Medvegj\u00eb \u00ebsht\u00eb mbajtur n\u00eb zyret e Trupit Koordinues n\u00eb Bujanoc. Takimi i Kryesis\u00eb i \u00ebsht\u00eb dedikuar m\u00eb tep\u00ebr zgjidhjes s\u00eb problemeve kyqe t\u00eb cilat i preokupojn\u00eb k\u00ebto tri komuna n\u00eb Sebin\u00eb jugore. V\u00ebmendje t\u00eb veqant u \u00ebsht\u00eb dh\u00ebn\u00eb formimit t\u00eb qeveris\u00eb multietnike n\u00eb Bujanoc dhe Preshev\u00eb si dhe kyqjen e Shqip\u00ebtar\u00ebve n\u00eb institucionet shtet\u00ebrore t\u00eb Republik\u00ebs s\u00eb Serbis\u00eb n\u00eb nivelin lokal.\" \/>\n<meta property=\"og:url\" content=\"https:\/\/kt.gov.rs\/sq\/takimi-i-dyte-i-kryesise-se-trupit-koordinueste-qeverise-se-republikes-se-serbise-per-komunat-presheve-bujanoc-dhe-medvegje-26-maj-2009\/\" \/>\n<meta property=\"og:site_name\" content=\"Republika e S\u00ebrbis\u00eb Trupi Koordinues p\u00ebr komunat Bujanoc, Preshev\u00eb dhe Medvegj\u00eb\" \/>\n<meta property=\"article:publisher\" content=\"https:\/\/www.facebook.com\/SluzbaKoordinacionogTelaVladeRepublikeSrbije\" \/>\n<meta property=\"article:published_time\" content=\"2009-05-27T00:00:00+00:00\" \/>\n<meta property=\"article:modified_time\" content=\"2024-07-30T20:24:53+00:00\" \/>\n<meta property=\"og:image\" content=\"https:\/\/kt.gov.rs\/wp-content\/uploads\/2024\/07\/pic021vesti-5.jpg\" \/>\n\t<meta property=\"og:image:width\" content=\"250\" \/>\n\t<meta property=\"og:image:height\" content=\"180\" \/>\n\t<meta property=\"og:image:type\" content=\"image\/jpeg\" \/>\n<meta name=\"author\" content=\"ktmin\" \/>\n<meta name=\"twitter:card\" content=\"summary_large_image\" \/>\n<meta name=\"twitter:creator\" content=\"@kt_gov\" \/>\n<meta name=\"twitter:site\" content=\"@kt_gov\" \/>\n<meta name=\"twitter:label1\" content=\"Written by\" \/>\n\t<meta name=\"twitter:data1\" content=\"ktmin\" \/>\n\t<meta name=\"twitter:label2\" content=\"Est. reading time\" \/>\n\t<meta name=\"twitter:data2\" content=\"4 minutes\" \/>\n<script type=\"application\/ld+json\" class=\"yoast-schema-graph\">{\"@context\":\"https:\\\/\\\/schema.org\",\"@graph\":[{\"@type\":\"Article\",\"@id\":\"https:\\\/\\\/kt.gov.rs\\\/sq\\\/takimi-i-dyte-i-kryesise-se-trupit-koordinueste-qeverise-se-republikes-se-serbise-per-komunat-presheve-bujanoc-dhe-medvegje-26-maj-2009\\\/#article\",\"isPartOf\":{\"@id\":\"https:\\\/\\\/kt.gov.rs\\\/sq\\\/takimi-i-dyte-i-kryesise-se-trupit-koordinueste-qeverise-se-republikes-se-serbise-per-komunat-presheve-bujanoc-dhe-medvegje-26-maj-2009\\\/\"},\"author\":{\"name\":\"ktmin\",\"@id\":\"https:\\\/\\\/kt.gov.rs\\\/#\\\/schema\\\/person\\\/e426459ddb4173309103390602694571\"},\"headline\":\"Takimi i dyt\u00eb i Kryesis\u00eb s\u00eb Trupit Koordinuest\u00eb Qeveris\u00eb s\u00eb Republik\u00ebs s\u00eb Serbis\u00eb p\u00ebr komunat Preshev\u00eb, Bujanoc dhe Medvegj\u00eb, 26 maj 2009\",\"datePublished\":\"2009-05-27T00:00:00+00:00\",\"dateModified\":\"2024-07-30T20:24:53+00:00\",\"mainEntityOfPage\":{\"@id\":\"https:\\\/\\\/kt.gov.rs\\\/sq\\\/takimi-i-dyte-i-kryesise-se-trupit-koordinueste-qeverise-se-republikes-se-serbise-per-komunat-presheve-bujanoc-dhe-medvegje-26-maj-2009\\\/\"},\"wordCount\":803,\"publisher\":{\"@id\":\"https:\\\/\\\/kt.gov.rs\\\/#organization\"},\"image\":{\"@id\":\"https:\\\/\\\/kt.gov.rs\\\/sq\\\/takimi-i-dyte-i-kryesise-se-trupit-koordinueste-qeverise-se-republikes-se-serbise-per-komunat-presheve-bujanoc-dhe-medvegje-26-maj-2009\\\/#primaryimage\"},\"thumbnailUrl\":\"https:\\\/\\\/kt.gov.rs\\\/wp-content\\\/uploads\\\/2024\\\/07\\\/pic021vesti-5.jpg\",\"articleSection\":[\"Lajme\"],\"inLanguage\":\"sq-AL\"},{\"@type\":\"WebPage\",\"@id\":\"https:\\\/\\\/kt.gov.rs\\\/sq\\\/takimi-i-dyte-i-kryesise-se-trupit-koordinueste-qeverise-se-republikes-se-serbise-per-komunat-presheve-bujanoc-dhe-medvegje-26-maj-2009\\\/\",\"url\":\"https:\\\/\\\/kt.gov.rs\\\/sq\\\/takimi-i-dyte-i-kryesise-se-trupit-koordinueste-qeverise-se-republikes-se-serbise-per-komunat-presheve-bujanoc-dhe-medvegje-26-maj-2009\\\/\",\"name\":\"Takimi i dyt\u00eb i Kryesis\u00eb s\u00eb Trupit Koordinuest\u00eb Qeveris\u00eb s\u00eb Republik\u00ebs s\u00eb Serbis\u00eb p\u00ebr komunat Preshev\u00eb, Bujanoc dhe Medvegj\u00eb, 26 maj 2009 - Republika e S\u00ebrbis\u00eb Trupi Koordinues p\u00ebr komunat Bujanoc, Preshev\u00eb dhe Medvegj\u00eb\",\"isPartOf\":{\"@id\":\"https:\\\/\\\/kt.gov.rs\\\/#website\"},\"primaryImageOfPage\":{\"@id\":\"https:\\\/\\\/kt.gov.rs\\\/sq\\\/takimi-i-dyte-i-kryesise-se-trupit-koordinueste-qeverise-se-republikes-se-serbise-per-komunat-presheve-bujanoc-dhe-medvegje-26-maj-2009\\\/#primaryimage\"},\"image\":{\"@id\":\"https:\\\/\\\/kt.gov.rs\\\/sq\\\/takimi-i-dyte-i-kryesise-se-trupit-koordinueste-qeverise-se-republikes-se-serbise-per-komunat-presheve-bujanoc-dhe-medvegje-26-maj-2009\\\/#primaryimage\"},\"thumbnailUrl\":\"https:\\\/\\\/kt.gov.rs\\\/wp-content\\\/uploads\\\/2024\\\/07\\\/pic021vesti-5.jpg\",\"datePublished\":\"2009-05-27T00:00:00+00:00\",\"dateModified\":\"2024-07-30T20:24:53+00:00\",\"breadcrumb\":{\"@id\":\"https:\\\/\\\/kt.gov.rs\\\/sq\\\/takimi-i-dyte-i-kryesise-se-trupit-koordinueste-qeverise-se-republikes-se-serbise-per-komunat-presheve-bujanoc-dhe-medvegje-26-maj-2009\\\/#breadcrumb\"},\"inLanguage\":\"sq-AL\",\"potentialAction\":[{\"@type\":\"ReadAction\",\"target\":[\"https:\\\/\\\/kt.gov.rs\\\/sq\\\/takimi-i-dyte-i-kryesise-se-trupit-koordinueste-qeverise-se-republikes-se-serbise-per-komunat-presheve-bujanoc-dhe-medvegje-26-maj-2009\\\/\"]}]},{\"@type\":\"ImageObject\",\"inLanguage\":\"sq-AL\",\"@id\":\"https:\\\/\\\/kt.gov.rs\\\/sq\\\/takimi-i-dyte-i-kryesise-se-trupit-koordinueste-qeverise-se-republikes-se-serbise-per-komunat-presheve-bujanoc-dhe-medvegje-26-maj-2009\\\/#primaryimage\",\"url\":\"https:\\\/\\\/kt.gov.rs\\\/wp-content\\\/uploads\\\/2024\\\/07\\\/pic021vesti-5.jpg\",\"contentUrl\":\"https:\\\/\\\/kt.gov.rs\\\/wp-content\\\/uploads\\\/2024\\\/07\\\/pic021vesti-5.jpg\",\"width\":250,\"height\":180},{\"@type\":\"BreadcrumbList\",\"@id\":\"https:\\\/\\\/kt.gov.rs\\\/sq\\\/takimi-i-dyte-i-kryesise-se-trupit-koordinueste-qeverise-se-republikes-se-serbise-per-komunat-presheve-bujanoc-dhe-medvegje-26-maj-2009\\\/#breadcrumb\",\"itemListElement\":[{\"@type\":\"ListItem\",\"position\":1,\"name\":\"\u041f\u043e\u0447\u0435\u0442\u043d\u0430\",\"item\":\"https:\\\/\\\/kt.gov.rs\\\/sq\\\/\"},{\"@type\":\"ListItem\",\"position\":2,\"name\":\"Takimi i dyt\u00eb i Kryesis\u00eb s\u00eb Trupit Koordinuest\u00eb Qeveris\u00eb s\u00eb Republik\u00ebs s\u00eb Serbis\u00eb p\u00ebr komunat Preshev\u00eb, Bujanoc dhe Medvegj\u00eb, 26 maj 2009\"}]},{\"@type\":\"WebSite\",\"@id\":\"https:\\\/\\\/kt.gov.rs\\\/#website\",\"url\":\"https:\\\/\\\/kt.gov.rs\\\/\",\"name\":\"\u041a\u043e\u043e\u0440\u0434\u0438\u043d\u0430\u0446\u0438\u043e\u043d\u043e \u0442\u0435\u043b\u043e \u0412\u043b\u0430\u0434\u0435 \u0420\u0435\u043f\u0443\u0431\u043b\u0438\u043a\u0435 \u0421\u0440\u0431\u0438\u0458\u0435 \u0437\u0430 \u043e\u043f\u0448\u0442\u0438\u043d\u0435 \u041f\u0440\u0435\u0448\u0435\u0432\u043e, \u0411\u0443\u0458\u0430\u043d\u043e\u0432\u0430\u0446 \u0438 \u041c\u0435\u0434\u0432\u0435\u0452a\",\"description\":\"\",\"publisher\":{\"@id\":\"https:\\\/\\\/kt.gov.rs\\\/#organization\"},\"alternateName\":\"\u041a\u043e\u043e\u0440\u0434\u0438\u043d\u0430\u0446\u0438\u043e\u043d\u043e \u0442\u0435\u043b\u043e\",\"potentialAction\":[{\"@type\":\"SearchAction\",\"target\":{\"@type\":\"EntryPoint\",\"urlTemplate\":\"https:\\\/\\\/kt.gov.rs\\\/?s={search_term_string}\"},\"query-input\":{\"@type\":\"PropertyValueSpecification\",\"valueRequired\":true,\"valueName\":\"search_term_string\"}}],\"inLanguage\":\"sq-AL\"},{\"@type\":\"Organization\",\"@id\":\"https:\\\/\\\/kt.gov.rs\\\/#organization\",\"name\":\"\u041a\u043e\u043e\u0440\u0434\u0438\u043d\u0430\u0446\u0438\u043e\u043d\u043e \u0442\u0435\u043b\u043e \u0412\u043b\u0430\u0434\u0435 \u0420\u0435\u043f\u0443\u0431\u043b\u0438\u043a\u0435 \u0421\u0440\u0431\u0438\u0458\u0435 \u0437\u0430 \u043e\u043f\u0448\u0442\u0438\u043d\u0435 \u041f\u0440\u0435\u0448\u0435\u0432\u043e, \u0411\u0443\u0458\u0430\u043d\u043e\u0432\u0430\u0446 \u0438 \u041c\u0435\u0434\u0432\u0435\u0452a\",\"alternateName\":\"\u041a\u043e\u043e\u0440\u0434\u0438\u043d\u0430\u0446\u0438\u043e\u043d\u043e \u0442\u0435\u043b\u043e\",\"url\":\"https:\\\/\\\/kt.gov.rs\\\/\",\"logo\":{\"@type\":\"ImageObject\",\"inLanguage\":\"sq-AL\",\"@id\":\"https:\\\/\\\/kt.gov.rs\\\/#\\\/schema\\\/logo\\\/image\\\/\",\"url\":\"https:\\\/\\\/kt.gov.rs\\\/wp-content\\\/uploads\\\/2024\\\/12\\\/koord2.jpg\",\"contentUrl\":\"https:\\\/\\\/kt.gov.rs\\\/wp-content\\\/uploads\\\/2024\\\/12\\\/koord2.jpg\",\"width\":640,\"height\":480,\"caption\":\"\u041a\u043e\u043e\u0440\u0434\u0438\u043d\u0430\u0446\u0438\u043e\u043d\u043e \u0442\u0435\u043b\u043e \u0412\u043b\u0430\u0434\u0435 \u0420\u0435\u043f\u0443\u0431\u043b\u0438\u043a\u0435 \u0421\u0440\u0431\u0438\u0458\u0435 \u0437\u0430 \u043e\u043f\u0448\u0442\u0438\u043d\u0435 \u041f\u0440\u0435\u0448\u0435\u0432\u043e, \u0411\u0443\u0458\u0430\u043d\u043e\u0432\u0430\u0446 \u0438 \u041c\u0435\u0434\u0432\u0435\u0452a\"},\"image\":{\"@id\":\"https:\\\/\\\/kt.gov.rs\\\/#\\\/schema\\\/logo\\\/image\\\/\"},\"sameAs\":[\"https:\\\/\\\/www.facebook.com\\\/SluzbaKoordinacionogTelaVladeRepublikeSrbije\",\"https:\\\/\\\/x.com\\\/kt_gov\",\"https:\\\/\\\/www.youtube.com\\\/@koordinacionotelo\"]},{\"@type\":\"Person\",\"@id\":\"https:\\\/\\\/kt.gov.rs\\\/#\\\/schema\\\/person\\\/e426459ddb4173309103390602694571\",\"name\":\"ktmin\",\"image\":{\"@type\":\"ImageObject\",\"inLanguage\":\"sq-AL\",\"@id\":\"https:\\\/\\\/secure.gravatar.com\\\/avatar\\\/3985c961109853010c3fbc7ba30365bfba5db3dd6c525831d9c595c7525a615a?s=96&d=mm&r=g\",\"url\":\"https:\\\/\\\/secure.gravatar.com\\\/avatar\\\/3985c961109853010c3fbc7ba30365bfba5db3dd6c525831d9c595c7525a615a?s=96&d=mm&r=g\",\"contentUrl\":\"https:\\\/\\\/secure.gravatar.com\\\/avatar\\\/3985c961109853010c3fbc7ba30365bfba5db3dd6c525831d9c595c7525a615a?s=96&d=mm&r=g\",\"caption\":\"ktmin\"},\"sameAs\":[\"https:\\\/\\\/kt.gov.rs\"],\"url\":\"https:\\\/\\\/kt.gov.rs\\\/sq\\\/author\\\/ktmin\\\/\"}]}<\/script>\n<!-- \/ Yoast SEO plugin. -->","yoast_head_json":{"title":"Takimi i dyt\u00eb i Kryesis\u00eb s\u00eb Trupit Koordinuest\u00eb Qeveris\u00eb s\u00eb Republik\u00ebs s\u00eb Serbis\u00eb p\u00ebr komunat Preshev\u00eb, Bujanoc dhe Medvegj\u00eb, 26 maj 2009 - Republika e S\u00ebrbis\u00eb Trupi Koordinues p\u00ebr komunat Bujanoc, Preshev\u00eb dhe Medvegj\u00eb","robots":{"index":"index","follow":"follow","max-snippet":"max-snippet:-1","max-image-preview":"max-image-preview:large","max-video-preview":"max-video-preview:-1"},"canonical":"https:\/\/kt.gov.rs\/sq\/takimi-i-dyte-i-kryesise-se-trupit-koordinueste-qeverise-se-republikes-se-serbise-per-komunat-presheve-bujanoc-dhe-medvegje-26-maj-2009\/","og_locale":"sq_AL","og_type":"article","og_title":"Takimi i dyt\u00eb i Kryesis\u00eb s\u00eb Trupit Koordinuest\u00eb Qeveris\u00eb s\u00eb Republik\u00ebs s\u00eb Serbis\u00eb p\u00ebr komunat Preshev\u00eb, Bujanoc dhe Medvegj\u00eb, 26 maj 2009 - Republika e S\u00ebrbis\u00eb Trupi Koordinues p\u00ebr komunat Bujanoc, Preshev\u00eb dhe Medvegj\u00eb","og_description":"Optimiz\u00ebm i p\u00ebrmbajtur pas takimit t\u00eb kryesis\u00eb s\u00eb Trupit Koordinues. Takimi i dyt\u00eb i pas rekonstruimit t\u00eb Trupit Koordinues t\u00eb Qeveris\u00eb s\u00eb Republik\u00ebs s\u00eb Serbis\u00eb p\u00ebr komunat Preshev\u00eb, Bujanoc dhe Medvegj\u00eb \u00ebsht\u00eb mbajtur n\u00eb zyret e Trupit Koordinues n\u00eb Bujanoc. Takimi i Kryesis\u00eb i \u00ebsht\u00eb dedikuar m\u00eb tep\u00ebr zgjidhjes s\u00eb problemeve kyqe t\u00eb cilat i preokupojn\u00eb k\u00ebto tri komuna n\u00eb Sebin\u00eb jugore. V\u00ebmendje t\u00eb veqant u \u00ebsht\u00eb dh\u00ebn\u00eb formimit t\u00eb qeveris\u00eb multietnike n\u00eb Bujanoc dhe Preshev\u00eb si dhe kyqjen e Shqip\u00ebtar\u00ebve n\u00eb institucionet shtet\u00ebrore t\u00eb Republik\u00ebs s\u00eb Serbis\u00eb n\u00eb nivelin lokal.","og_url":"https:\/\/kt.gov.rs\/sq\/takimi-i-dyte-i-kryesise-se-trupit-koordinueste-qeverise-se-republikes-se-serbise-per-komunat-presheve-bujanoc-dhe-medvegje-26-maj-2009\/","og_site_name":"Republika e S\u00ebrbis\u00eb Trupi Koordinues p\u00ebr komunat Bujanoc, Preshev\u00eb dhe Medvegj\u00eb","article_publisher":"https:\/\/www.facebook.com\/SluzbaKoordinacionogTelaVladeRepublikeSrbije","article_published_time":"2009-05-27T00:00:00+00:00","article_modified_time":"2024-07-30T20:24:53+00:00","og_image":[{"width":250,"height":180,"url":"https:\/\/kt.gov.rs\/wp-content\/uploads\/2024\/07\/pic021vesti-5.jpg","type":"image\/jpeg"}],"author":"ktmin","twitter_card":"summary_large_image","twitter_creator":"@kt_gov","twitter_site":"@kt_gov","twitter_misc":{"Written by":"ktmin","Est. reading time":"4 minutes"},"schema":{"@context":"https:\/\/schema.org","@graph":[{"@type":"Article","@id":"https:\/\/kt.gov.rs\/sq\/takimi-i-dyte-i-kryesise-se-trupit-koordinueste-qeverise-se-republikes-se-serbise-per-komunat-presheve-bujanoc-dhe-medvegje-26-maj-2009\/#article","isPartOf":{"@id":"https:\/\/kt.gov.rs\/sq\/takimi-i-dyte-i-kryesise-se-trupit-koordinueste-qeverise-se-republikes-se-serbise-per-komunat-presheve-bujanoc-dhe-medvegje-26-maj-2009\/"},"author":{"name":"ktmin","@id":"https:\/\/kt.gov.rs\/#\/schema\/person\/e426459ddb4173309103390602694571"},"headline":"Takimi i dyt\u00eb i Kryesis\u00eb s\u00eb Trupit Koordinuest\u00eb Qeveris\u00eb s\u00eb Republik\u00ebs s\u00eb Serbis\u00eb p\u00ebr komunat Preshev\u00eb, Bujanoc dhe Medvegj\u00eb, 26 maj 2009","datePublished":"2009-05-27T00:00:00+00:00","dateModified":"2024-07-30T20:24:53+00:00","mainEntityOfPage":{"@id":"https:\/\/kt.gov.rs\/sq\/takimi-i-dyte-i-kryesise-se-trupit-koordinueste-qeverise-se-republikes-se-serbise-per-komunat-presheve-bujanoc-dhe-medvegje-26-maj-2009\/"},"wordCount":803,"publisher":{"@id":"https:\/\/kt.gov.rs\/#organization"},"image":{"@id":"https:\/\/kt.gov.rs\/sq\/takimi-i-dyte-i-kryesise-se-trupit-koordinueste-qeverise-se-republikes-se-serbise-per-komunat-presheve-bujanoc-dhe-medvegje-26-maj-2009\/#primaryimage"},"thumbnailUrl":"https:\/\/kt.gov.rs\/wp-content\/uploads\/2024\/07\/pic021vesti-5.jpg","articleSection":["Lajme"],"inLanguage":"sq-AL"},{"@type":"WebPage","@id":"https:\/\/kt.gov.rs\/sq\/takimi-i-dyte-i-kryesise-se-trupit-koordinueste-qeverise-se-republikes-se-serbise-per-komunat-presheve-bujanoc-dhe-medvegje-26-maj-2009\/","url":"https:\/\/kt.gov.rs\/sq\/takimi-i-dyte-i-kryesise-se-trupit-koordinueste-qeverise-se-republikes-se-serbise-per-komunat-presheve-bujanoc-dhe-medvegje-26-maj-2009\/","name":"Takimi i dyt\u00eb i Kryesis\u00eb s\u00eb Trupit Koordinuest\u00eb Qeveris\u00eb s\u00eb Republik\u00ebs s\u00eb Serbis\u00eb p\u00ebr komunat Preshev\u00eb, Bujanoc dhe Medvegj\u00eb, 26 maj 2009 - Republika e S\u00ebrbis\u00eb Trupi Koordinues p\u00ebr komunat Bujanoc, Preshev\u00eb dhe Medvegj\u00eb","isPartOf":{"@id":"https:\/\/kt.gov.rs\/#website"},"primaryImageOfPage":{"@id":"https:\/\/kt.gov.rs\/sq\/takimi-i-dyte-i-kryesise-se-trupit-koordinueste-qeverise-se-republikes-se-serbise-per-komunat-presheve-bujanoc-dhe-medvegje-26-maj-2009\/#primaryimage"},"image":{"@id":"https:\/\/kt.gov.rs\/sq\/takimi-i-dyte-i-kryesise-se-trupit-koordinueste-qeverise-se-republikes-se-serbise-per-komunat-presheve-bujanoc-dhe-medvegje-26-maj-2009\/#primaryimage"},"thumbnailUrl":"https:\/\/kt.gov.rs\/wp-content\/uploads\/2024\/07\/pic021vesti-5.jpg","datePublished":"2009-05-27T00:00:00+00:00","dateModified":"2024-07-30T20:24:53+00:00","breadcrumb":{"@id":"https:\/\/kt.gov.rs\/sq\/takimi-i-dyte-i-kryesise-se-trupit-koordinueste-qeverise-se-republikes-se-serbise-per-komunat-presheve-bujanoc-dhe-medvegje-26-maj-2009\/#breadcrumb"},"inLanguage":"sq-AL","potentialAction":[{"@type":"ReadAction","target":["https:\/\/kt.gov.rs\/sq\/takimi-i-dyte-i-kryesise-se-trupit-koordinueste-qeverise-se-republikes-se-serbise-per-komunat-presheve-bujanoc-dhe-medvegje-26-maj-2009\/"]}]},{"@type":"ImageObject","inLanguage":"sq-AL","@id":"https:\/\/kt.gov.rs\/sq\/takimi-i-dyte-i-kryesise-se-trupit-koordinueste-qeverise-se-republikes-se-serbise-per-komunat-presheve-bujanoc-dhe-medvegje-26-maj-2009\/#primaryimage","url":"https:\/\/kt.gov.rs\/wp-content\/uploads\/2024\/07\/pic021vesti-5.jpg","contentUrl":"https:\/\/kt.gov.rs\/wp-content\/uploads\/2024\/07\/pic021vesti-5.jpg","width":250,"height":180},{"@type":"BreadcrumbList","@id":"https:\/\/kt.gov.rs\/sq\/takimi-i-dyte-i-kryesise-se-trupit-koordinueste-qeverise-se-republikes-se-serbise-per-komunat-presheve-bujanoc-dhe-medvegje-26-maj-2009\/#breadcrumb","itemListElement":[{"@type":"ListItem","position":1,"name":"\u041f\u043e\u0447\u0435\u0442\u043d\u0430","item":"https:\/\/kt.gov.rs\/sq\/"},{"@type":"ListItem","position":2,"name":"Takimi i dyt\u00eb i Kryesis\u00eb s\u00eb Trupit Koordinuest\u00eb Qeveris\u00eb s\u00eb Republik\u00ebs s\u00eb Serbis\u00eb p\u00ebr komunat Preshev\u00eb, Bujanoc dhe Medvegj\u00eb, 26 maj 2009"}]},{"@type":"WebSite","@id":"https:\/\/kt.gov.rs\/#website","url":"https:\/\/kt.gov.rs\/","name":"\u041a\u043e\u043e\u0440\u0434\u0438\u043d\u0430\u0446\u0438\u043e\u043d\u043e \u0442\u0435\u043b\u043e \u0412\u043b\u0430\u0434\u0435 \u0420\u0435\u043f\u0443\u0431\u043b\u0438\u043a\u0435 \u0421\u0440\u0431\u0438\u0458\u0435 \u0437\u0430 \u043e\u043f\u0448\u0442\u0438\u043d\u0435 \u041f\u0440\u0435\u0448\u0435\u0432\u043e, \u0411\u0443\u0458\u0430\u043d\u043e\u0432\u0430\u0446 \u0438 \u041c\u0435\u0434\u0432\u0435\u0452a","description":"","publisher":{"@id":"https:\/\/kt.gov.rs\/#organization"},"alternateName":"\u041a\u043e\u043e\u0440\u0434\u0438\u043d\u0430\u0446\u0438\u043e\u043d\u043e \u0442\u0435\u043b\u043e","potentialAction":[{"@type":"SearchAction","target":{"@type":"EntryPoint","urlTemplate":"https:\/\/kt.gov.rs\/?s={search_term_string}"},"query-input":{"@type":"PropertyValueSpecification","valueRequired":true,"valueName":"search_term_string"}}],"inLanguage":"sq-AL"},{"@type":"Organization","@id":"https:\/\/kt.gov.rs\/#organization","name":"\u041a\u043e\u043e\u0440\u0434\u0438\u043d\u0430\u0446\u0438\u043e\u043d\u043e \u0442\u0435\u043b\u043e \u0412\u043b\u0430\u0434\u0435 \u0420\u0435\u043f\u0443\u0431\u043b\u0438\u043a\u0435 \u0421\u0440\u0431\u0438\u0458\u0435 \u0437\u0430 \u043e\u043f\u0448\u0442\u0438\u043d\u0435 \u041f\u0440\u0435\u0448\u0435\u0432\u043e, \u0411\u0443\u0458\u0430\u043d\u043e\u0432\u0430\u0446 \u0438 \u041c\u0435\u0434\u0432\u0435\u0452a","alternateName":"\u041a\u043e\u043e\u0440\u0434\u0438\u043d\u0430\u0446\u0438\u043e\u043d\u043e \u0442\u0435\u043b\u043e","url":"https:\/\/kt.gov.rs\/","logo":{"@type":"ImageObject","inLanguage":"sq-AL","@id":"https:\/\/kt.gov.rs\/#\/schema\/logo\/image\/","url":"https:\/\/kt.gov.rs\/wp-content\/uploads\/2024\/12\/koord2.jpg","contentUrl":"https:\/\/kt.gov.rs\/wp-content\/uploads\/2024\/12\/koord2.jpg","width":640,"height":480,"caption":"\u041a\u043e\u043e\u0440\u0434\u0438\u043d\u0430\u0446\u0438\u043e\u043d\u043e \u0442\u0435\u043b\u043e \u0412\u043b\u0430\u0434\u0435 \u0420\u0435\u043f\u0443\u0431\u043b\u0438\u043a\u0435 \u0421\u0440\u0431\u0438\u0458\u0435 \u0437\u0430 \u043e\u043f\u0448\u0442\u0438\u043d\u0435 \u041f\u0440\u0435\u0448\u0435\u0432\u043e, \u0411\u0443\u0458\u0430\u043d\u043e\u0432\u0430\u0446 \u0438 \u041c\u0435\u0434\u0432\u0435\u0452a"},"image":{"@id":"https:\/\/kt.gov.rs\/#\/schema\/logo\/image\/"},"sameAs":["https:\/\/www.facebook.com\/SluzbaKoordinacionogTelaVladeRepublikeSrbije","https:\/\/x.com\/kt_gov","https:\/\/www.youtube.com\/@koordinacionotelo"]},{"@type":"Person","@id":"https:\/\/kt.gov.rs\/#\/schema\/person\/e426459ddb4173309103390602694571","name":"ktmin","image":{"@type":"ImageObject","inLanguage":"sq-AL","@id":"https:\/\/secure.gravatar.com\/avatar\/3985c961109853010c3fbc7ba30365bfba5db3dd6c525831d9c595c7525a615a?s=96&d=mm&r=g","url":"https:\/\/secure.gravatar.com\/avatar\/3985c961109853010c3fbc7ba30365bfba5db3dd6c525831d9c595c7525a615a?s=96&d=mm&r=g","contentUrl":"https:\/\/secure.gravatar.com\/avatar\/3985c961109853010c3fbc7ba30365bfba5db3dd6c525831d9c595c7525a615a?s=96&d=mm&r=g","caption":"ktmin"},"sameAs":["https:\/\/kt.gov.rs"],"url":"https:\/\/kt.gov.rs\/sq\/author\/ktmin\/"}]}},"_links":{"self":[{"href":"https:\/\/kt.gov.rs\/sq\/wp-json\/wp\/v2\/posts\/143355","targetHints":{"allow":["GET"]}}],"collection":[{"href":"https:\/\/kt.gov.rs\/sq\/wp-json\/wp\/v2\/posts"}],"about":[{"href":"https:\/\/kt.gov.rs\/sq\/wp-json\/wp\/v2\/types\/post"}],"author":[{"embeddable":true,"href":"https:\/\/kt.gov.rs\/sq\/wp-json\/wp\/v2\/users\/1"}],"replies":[{"embeddable":true,"href":"https:\/\/kt.gov.rs\/sq\/wp-json\/wp\/v2\/comments?post=143355"}],"version-history":[{"count":1,"href":"https:\/\/kt.gov.rs\/sq\/wp-json\/wp\/v2\/posts\/143355\/revisions"}],"predecessor-version":[{"id":143359,"href":"https:\/\/kt.gov.rs\/sq\/wp-json\/wp\/v2\/posts\/143355\/revisions\/143359"}],"wp:featuredmedia":[{"embeddable":true,"href":"https:\/\/kt.gov.rs\/sq\/wp-json\/wp\/v2\/media\/143360"}],"wp:attachment":[{"href":"https:\/\/kt.gov.rs\/sq\/wp-json\/wp\/v2\/media?parent=143355"}],"wp:term":[{"taxonomy":"category","embeddable":true,"href":"https:\/\/kt.gov.rs\/sq\/wp-json\/wp\/v2\/categories?post=143355"},{"taxonomy":"post_tag","embeddable":true,"href":"https:\/\/kt.gov.rs\/sq\/wp-json\/wp\/v2\/tags?post=143355"}],"curies":[{"name":"wp","href":"https:\/\/api.w.org\/{rel}","templated":true}]}}