{"id":143347,"date":"2009-06-01T00:00:00","date_gmt":"2009-06-01T00:00:00","guid":{"rendered":"http:\/\/kt.printandscreen.rs\/cfaqja-e-perralles-muzikore-voglushi-peca-dhe-ujku-ne-bujanoc-dhe-medvegje\/"},"modified":"2024-07-30T20:24:52","modified_gmt":"2024-07-30T20:24:52","slug":"cfaqja-e-perralles-muzikore-voglushi-peca-dhe-ujku-ne-bujanoc-dhe-medvegje","status":"publish","type":"post","link":"https:\/\/kt.gov.rs\/sq\/cfaqja-e-perralles-muzikore-voglushi-peca-dhe-ujku-ne-bujanoc-dhe-medvegje\/","title":{"rendered":"\u00c7FAQJA E P\u00cbRRALL\u00cbS MUZIKORE ,,VOGLUSHI PECA DHE UJKU\u201d N\u00cb BUJANOC DHE MEDVEGJ\u00cb"},"content":{"rendered":"<p><strong><img decoding=\"async\" align=\"left\" src=\"https:\/\/kt.gov.rs\/wp-content\/uploads\/2024\/07\/pic022vesti-10.jpg\" alt=\"\" \/>Qfaqja ,,Vog\u00eblushi Peca dhe ujku\u201d n\u00eb realizimin e kvintetit t\u00eb filharmonis\u00eb s\u00eb Beogradit dhe n\u00eb bashk\u00ebpunim me artistin\/naratorin do paraqitet m\u00eb 11 qershor\u00eb t\u00eb vitit 2009 n\u00eb organizimin e Trupit Koordinues t\u00eb Qeveris\u00eb s\u00eb Republik\u00ebs s\u00eb Serbis\u00eb n\u00eb Sht\u00ebpin\u00eb e kultur\u00ebs n\u00eb Bujanoc n\u00eb ora 10.00 dhe n\u00eb Sht\u00ebpin\u00eb e kultur\u00ebs n\u00eb Medvegj\u00eb n\u00eb ora 16.00.<br \/>\n<\/strong><br \/>\n,,Vog\u00eblushi Peca dhe ujku\u201d\u00ebsht\u00eb p\u00ebrrall\u00eb muzikore e cila i ka njohur f\u00ebmij\u00ebt e shum\u00eb gjeneratave me muzik\u00ebn klasike. Muzik\u00ebn dhe tekstin e k\u00ebsaj p\u00ebrrale e ka shkruar kompozitori rus Sergej Prokofjev. K\u00ebt\u00eb vep\u00ebr muzikore Prokofjev e ka shkruar me q\u00ebllim q\u00eb f\u00ebmij\u00ebt t\u00eb fitojn\u00eb shijen e muzik\u00ebs klasike q\u00eb nga f\u00ebmij\u00ebria m\u00eb e hershme. Ky kompozim \u00ebsht\u00eb shkruar mbrenda kat\u00ebr dit\u00ebve, p\u00ebr her\u00eb t\u00eb par\u00eb \u00ebsht\u00eb \u00e7faqur n\u00eb vitin 1936 dhe paraqet kompozimin m\u00eb t\u00eb \u00e7faqur t\u00eb k\u00ebtij kompozitori.<\/p>\n<p>Muzika klasike e k\u00ebsaj p\u00ebrralle njofton f\u00ebmij\u00ebt me instrumentet frymore siq jan\u00eb: Flauta, oboa, klarineta dhe horna. Qdo instrument nga kjo p\u00ebrrall\u00eb paraqet nj\u00eb figur\u00eb nga kjo p\u00ebrrall\u00eb (Pec\u00ebn, zogun, macen, babgjyshin,, pat\u00ebn, ujkun, gjahtar\u00ebt). Llojllojshm\u00ebria e qdo instrumenti k\u00ebtu vihet n\u00eb pah, kurse kuinteti demostron jo vet\u00eb ate se si instrumentet ndihen s\u00eb bashku por edhe qka e b\u00ebn q\u00eb qdo instrument t\u00eb jet\u00eb i veqant.<\/p>\n<p>\u00c7faqja zgjat\u00eb 50 minuta kurse u \u00ebsht\u00eb dedikuar f\u00ebmij\u00ebve t\u00eb mosh\u00ebs s\u00eb shkoll\u00ebs fillore si dhe familjeve.<\/p>\n<p>Kuintetin e instrumenteve me frym\u00eb t\u00eb filharmonis\u00eb s\u00eb Beogradit e kan\u00eb formuar pes solist\u00eb eminent n\u00eb vitin 2005. Q\u00eb nga ajo koh\u00eb, grupi i muzikant\u00ebve t\u00eb rinj\u00eb dhe energjetik sjellin repertoar t\u00eb llojllojsh\u00ebm publikut t\u00eb gj\u00ebr\u00eb. Programi inventiv t\u00eb cilat i paraqet ky Kuintet ka p\u00ebr q\u00ebllim q\u00eb shikuesit t\u2019i d\u00ebrgoj\u00eb n\u00eb nj\u00eb udh\u00ebtim historik dhe muzikor\u00eb.<\/p>\n<p>Vitin e kaluar Kuintetii instrumenteve frymore i filharmonis\u00eb s\u00eb Beogradit ka marr\u00eb pjes\u00eb n\u00eb shum\u00eb festivale muzikore, n\u00eb tribun\u00ebn Nd\u00ebrkomb\u00ebtare t\u00eb kompozitor\u00ebve n\u00eb Beograd si dhe ka mbajtur shum\u00eb koncerte dhe kurse n\u00eb regjion. Kuinteti gjithashtu ka mar\u00eb pjes\u00eb edhe manifestimin e p\u00ebrvjetorit t\u00eb dit\u00ebs s\u00eb muzik\u00ebs n\u00eb Pariz.<\/p>\n","protected":false},"excerpt":{"rendered":"<p>Qfaqja ,,Vog\u00eblushi Peca dhe ujku\u201d n\u00eb realizimin e kvintetit t\u00eb filharmonis\u00eb s\u00eb Beogradit dhe n\u00eb bashk\u00ebpunim me artistin\/naratorin do paraqitet m\u00eb 11 qershor\u00eb t\u00eb vitit 2009 n\u00eb organizimin e Trupit Koordinues t\u00eb Qeveris\u00eb s\u00eb Republik\u00ebs s\u00eb Serbis\u00eb n\u00eb Sht\u00ebpin\u00eb e kultur\u00ebs n\u00eb Bujanoc n\u00eb ora 10.00 dhe n\u00eb Sht\u00ebpin\u00eb e kultur\u00ebs n\u00eb Medvegj\u00eb n\u00eb ora 16.00.<\/p>\n","protected":false},"author":1,"featured_media":143352,"comment_status":"closed","ping_status":"closed","sticky":false,"template":"","format":"standard","meta":{"footnotes":""},"categories":[55],"tags":[],"class_list":["post-143347","post","type-post","status-publish","format-standard","has-post-thumbnail","hentry","category-lajme"],"yoast_head":"<!-- This site is optimized with the Yoast SEO plugin v27.4 - https:\/\/yoast.com\/product\/yoast-seo-wordpress\/ -->\n<title>\u00c7FAQJA E P\u00cbRRALL\u00cbS MUZIKORE ,,VOGLUSHI PECA DHE UJKU\u201d N\u00cb BUJANOC DHE MEDVEGJ\u00cb - Republika e S\u00ebrbis\u00eb Trupi Koordinues p\u00ebr komunat Bujanoc, Preshev\u00eb dhe Medvegj\u00eb<\/title>\n<meta name=\"robots\" content=\"index, follow, max-snippet:-1, max-image-preview:large, max-video-preview:-1\" \/>\n<link rel=\"canonical\" href=\"https:\/\/kt.gov.rs\/sq\/cfaqja-e-perralles-muzikore-voglushi-peca-dhe-ujku-ne-bujanoc-dhe-medvegje\/\" \/>\n<meta property=\"og:locale\" content=\"sq_AL\" \/>\n<meta property=\"og:type\" content=\"article\" \/>\n<meta property=\"og:title\" content=\"\u00c7FAQJA E P\u00cbRRALL\u00cbS MUZIKORE ,,VOGLUSHI PECA DHE UJKU\u201d N\u00cb BUJANOC DHE MEDVEGJ\u00cb - Republika e S\u00ebrbis\u00eb Trupi Koordinues p\u00ebr komunat Bujanoc, Preshev\u00eb dhe Medvegj\u00eb\" \/>\n<meta property=\"og:description\" content=\"Qfaqja ,,Vog\u00eblushi Peca dhe ujku\u201d n\u00eb realizimin e kvintetit t\u00eb filharmonis\u00eb s\u00eb Beogradit dhe n\u00eb bashk\u00ebpunim me artistin\/naratorin do paraqitet m\u00eb 11 qershor\u00eb t\u00eb vitit 2009 n\u00eb organizimin e Trupit Koordinues t\u00eb Qeveris\u00eb s\u00eb Republik\u00ebs s\u00eb Serbis\u00eb n\u00eb Sht\u00ebpin\u00eb e kultur\u00ebs n\u00eb Bujanoc n\u00eb ora 10.00 dhe n\u00eb Sht\u00ebpin\u00eb e kultur\u00ebs n\u00eb Medvegj\u00eb n\u00eb ora 16.00.\" \/>\n<meta property=\"og:url\" content=\"https:\/\/kt.gov.rs\/sq\/cfaqja-e-perralles-muzikore-voglushi-peca-dhe-ujku-ne-bujanoc-dhe-medvegje\/\" \/>\n<meta property=\"og:site_name\" content=\"Republika e S\u00ebrbis\u00eb Trupi Koordinues p\u00ebr komunat Bujanoc, Preshev\u00eb dhe Medvegj\u00eb\" \/>\n<meta property=\"article:publisher\" content=\"https:\/\/www.facebook.com\/SluzbaKoordinacionogTelaVladeRepublikeSrbije\" \/>\n<meta property=\"article:published_time\" content=\"2009-06-01T00:00:00+00:00\" \/>\n<meta property=\"article:modified_time\" content=\"2024-07-30T20:24:52+00:00\" \/>\n<meta property=\"og:image\" content=\"https:\/\/kt.gov.rs\/wp-content\/uploads\/2024\/07\/pic022vesti-11.jpg\" \/>\n\t<meta property=\"og:image:width\" content=\"250\" \/>\n\t<meta property=\"og:image:height\" content=\"167\" \/>\n\t<meta property=\"og:image:type\" content=\"image\/jpeg\" \/>\n<meta name=\"author\" content=\"ktmin\" \/>\n<meta name=\"twitter:card\" content=\"summary_large_image\" \/>\n<meta name=\"twitter:creator\" content=\"@kt_gov\" \/>\n<meta name=\"twitter:site\" content=\"@kt_gov\" \/>\n<meta name=\"twitter:label1\" content=\"Written by\" \/>\n\t<meta name=\"twitter:data1\" content=\"ktmin\" \/>\n\t<meta name=\"twitter:label2\" content=\"Est. reading time\" \/>\n\t<meta name=\"twitter:data2\" content=\"2 minutes\" \/>\n<script type=\"application\/ld+json\" class=\"yoast-schema-graph\">{\"@context\":\"https:\\\/\\\/schema.org\",\"@graph\":[{\"@type\":\"Article\",\"@id\":\"https:\\\/\\\/kt.gov.rs\\\/sq\\\/cfaqja-e-perralles-muzikore-voglushi-peca-dhe-ujku-ne-bujanoc-dhe-medvegje\\\/#article\",\"isPartOf\":{\"@id\":\"https:\\\/\\\/kt.gov.rs\\\/sq\\\/cfaqja-e-perralles-muzikore-voglushi-peca-dhe-ujku-ne-bujanoc-dhe-medvegje\\\/\"},\"author\":{\"name\":\"ktmin\",\"@id\":\"https:\\\/\\\/kt.gov.rs\\\/#\\\/schema\\\/person\\\/e426459ddb4173309103390602694571\"},\"headline\":\"\u00c7FAQJA E P\u00cbRRALL\u00cbS MUZIKORE ,,VOGLUSHI PECA DHE UJKU\u201d N\u00cb BUJANOC DHE MEDVEGJ\u00cb\",\"datePublished\":\"2009-06-01T00:00:00+00:00\",\"dateModified\":\"2024-07-30T20:24:52+00:00\",\"mainEntityOfPage\":{\"@id\":\"https:\\\/\\\/kt.gov.rs\\\/sq\\\/cfaqja-e-perralles-muzikore-voglushi-peca-dhe-ujku-ne-bujanoc-dhe-medvegje\\\/\"},\"wordCount\":395,\"publisher\":{\"@id\":\"https:\\\/\\\/kt.gov.rs\\\/#organization\"},\"image\":{\"@id\":\"https:\\\/\\\/kt.gov.rs\\\/sq\\\/cfaqja-e-perralles-muzikore-voglushi-peca-dhe-ujku-ne-bujanoc-dhe-medvegje\\\/#primaryimage\"},\"thumbnailUrl\":\"https:\\\/\\\/kt.gov.rs\\\/wp-content\\\/uploads\\\/2024\\\/07\\\/pic022vesti-11.jpg\",\"articleSection\":[\"Lajme\"],\"inLanguage\":\"sq-AL\"},{\"@type\":\"WebPage\",\"@id\":\"https:\\\/\\\/kt.gov.rs\\\/sq\\\/cfaqja-e-perralles-muzikore-voglushi-peca-dhe-ujku-ne-bujanoc-dhe-medvegje\\\/\",\"url\":\"https:\\\/\\\/kt.gov.rs\\\/sq\\\/cfaqja-e-perralles-muzikore-voglushi-peca-dhe-ujku-ne-bujanoc-dhe-medvegje\\\/\",\"name\":\"\u00c7FAQJA E P\u00cbRRALL\u00cbS MUZIKORE ,,VOGLUSHI PECA DHE UJKU\u201d N\u00cb BUJANOC DHE MEDVEGJ\u00cb - Republika e S\u00ebrbis\u00eb Trupi Koordinues p\u00ebr komunat Bujanoc, Preshev\u00eb dhe Medvegj\u00eb\",\"isPartOf\":{\"@id\":\"https:\\\/\\\/kt.gov.rs\\\/#website\"},\"primaryImageOfPage\":{\"@id\":\"https:\\\/\\\/kt.gov.rs\\\/sq\\\/cfaqja-e-perralles-muzikore-voglushi-peca-dhe-ujku-ne-bujanoc-dhe-medvegje\\\/#primaryimage\"},\"image\":{\"@id\":\"https:\\\/\\\/kt.gov.rs\\\/sq\\\/cfaqja-e-perralles-muzikore-voglushi-peca-dhe-ujku-ne-bujanoc-dhe-medvegje\\\/#primaryimage\"},\"thumbnailUrl\":\"https:\\\/\\\/kt.gov.rs\\\/wp-content\\\/uploads\\\/2024\\\/07\\\/pic022vesti-11.jpg\",\"datePublished\":\"2009-06-01T00:00:00+00:00\",\"dateModified\":\"2024-07-30T20:24:52+00:00\",\"breadcrumb\":{\"@id\":\"https:\\\/\\\/kt.gov.rs\\\/sq\\\/cfaqja-e-perralles-muzikore-voglushi-peca-dhe-ujku-ne-bujanoc-dhe-medvegje\\\/#breadcrumb\"},\"inLanguage\":\"sq-AL\",\"potentialAction\":[{\"@type\":\"ReadAction\",\"target\":[\"https:\\\/\\\/kt.gov.rs\\\/sq\\\/cfaqja-e-perralles-muzikore-voglushi-peca-dhe-ujku-ne-bujanoc-dhe-medvegje\\\/\"]}]},{\"@type\":\"ImageObject\",\"inLanguage\":\"sq-AL\",\"@id\":\"https:\\\/\\\/kt.gov.rs\\\/sq\\\/cfaqja-e-perralles-muzikore-voglushi-peca-dhe-ujku-ne-bujanoc-dhe-medvegje\\\/#primaryimage\",\"url\":\"https:\\\/\\\/kt.gov.rs\\\/wp-content\\\/uploads\\\/2024\\\/07\\\/pic022vesti-11.jpg\",\"contentUrl\":\"https:\\\/\\\/kt.gov.rs\\\/wp-content\\\/uploads\\\/2024\\\/07\\\/pic022vesti-11.jpg\",\"width\":250,\"height\":167},{\"@type\":\"BreadcrumbList\",\"@id\":\"https:\\\/\\\/kt.gov.rs\\\/sq\\\/cfaqja-e-perralles-muzikore-voglushi-peca-dhe-ujku-ne-bujanoc-dhe-medvegje\\\/#breadcrumb\",\"itemListElement\":[{\"@type\":\"ListItem\",\"position\":1,\"name\":\"Po\u010detna\",\"item\":\"https:\\\/\\\/kt.gov.rs\\\/sq\\\/\"},{\"@type\":\"ListItem\",\"position\":2,\"name\":\"\u00c7FAQJA E P\u00cbRRALL\u00cbS MUZIKORE ,,VOGLUSHI PECA DHE UJKU\u201d N\u00cb BUJANOC DHE MEDVEGJ\u00cb\"}]},{\"@type\":\"WebSite\",\"@id\":\"https:\\\/\\\/kt.gov.rs\\\/#website\",\"url\":\"https:\\\/\\\/kt.gov.rs\\\/\",\"name\":\"Koordinaciono telo Vlade Republike Srbije za op\u0161tine Pre\u0161evo, Bujanovac i Medve\u0111a\",\"description\":\"\",\"publisher\":{\"@id\":\"https:\\\/\\\/kt.gov.rs\\\/#organization\"},\"alternateName\":\"Koordinaciono telo\",\"potentialAction\":[{\"@type\":\"SearchAction\",\"target\":{\"@type\":\"EntryPoint\",\"urlTemplate\":\"https:\\\/\\\/kt.gov.rs\\\/?s={search_term_string}\"},\"query-input\":{\"@type\":\"PropertyValueSpecification\",\"valueRequired\":true,\"valueName\":\"search_term_string\"}}],\"inLanguage\":\"sq-AL\"},{\"@type\":\"Organization\",\"@id\":\"https:\\\/\\\/kt.gov.rs\\\/#organization\",\"name\":\"Koordinaciono telo Vlade Republike Srbije za op\u0161tine Pre\u0161evo, Bujanovac i Medve\u0111a\",\"alternateName\":\"Koordinaciono telo\",\"url\":\"https:\\\/\\\/kt.gov.rs\\\/\",\"logo\":{\"@type\":\"ImageObject\",\"inLanguage\":\"sq-AL\",\"@id\":\"https:\\\/\\\/kt.gov.rs\\\/#\\\/schema\\\/logo\\\/image\\\/\",\"url\":\"https:\\\/\\\/kt.gov.rs\\\/wp-content\\\/uploads\\\/2024\\\/12\\\/koord2.jpg\",\"contentUrl\":\"https:\\\/\\\/kt.gov.rs\\\/wp-content\\\/uploads\\\/2024\\\/12\\\/koord2.jpg\",\"width\":640,\"height\":480,\"caption\":\"Koordinaciono telo Vlade Republike Srbije za op\u0161tine Pre\u0161evo, Bujanovac i Medve\u0111a\"},\"image\":{\"@id\":\"https:\\\/\\\/kt.gov.rs\\\/#\\\/schema\\\/logo\\\/image\\\/\"},\"sameAs\":[\"https:\\\/\\\/www.facebook.com\\\/SluzbaKoordinacionogTelaVladeRepublikeSrbije\",\"https:\\\/\\\/x.com\\\/kt_gov\",\"https:\\\/\\\/www.youtube.com\\\/@koordinacionotelo\"]},{\"@type\":\"Person\",\"@id\":\"https:\\\/\\\/kt.gov.rs\\\/#\\\/schema\\\/person\\\/e426459ddb4173309103390602694571\",\"name\":\"ktmin\",\"image\":{\"@type\":\"ImageObject\",\"inLanguage\":\"sq-AL\",\"@id\":\"https:\\\/\\\/secure.gravatar.com\\\/avatar\\\/3985c961109853010c3fbc7ba30365bfba5db3dd6c525831d9c595c7525a615a?s=96&d=mm&r=g\",\"url\":\"https:\\\/\\\/secure.gravatar.com\\\/avatar\\\/3985c961109853010c3fbc7ba30365bfba5db3dd6c525831d9c595c7525a615a?s=96&d=mm&r=g\",\"contentUrl\":\"https:\\\/\\\/secure.gravatar.com\\\/avatar\\\/3985c961109853010c3fbc7ba30365bfba5db3dd6c525831d9c595c7525a615a?s=96&d=mm&r=g\",\"caption\":\"ktmin\"},\"sameAs\":[\"https:\\\/\\\/kt.gov.rs\"],\"url\":\"https:\\\/\\\/kt.gov.rs\\\/sq\\\/author\\\/ktmin\\\/\"}]}<\/script>\n<!-- \/ Yoast SEO plugin. -->","yoast_head_json":{"title":"\u00c7FAQJA E P\u00cbRRALL\u00cbS MUZIKORE ,,VOGLUSHI PECA DHE UJKU\u201d N\u00cb BUJANOC DHE MEDVEGJ\u00cb - Republika e S\u00ebrbis\u00eb Trupi Koordinues p\u00ebr komunat Bujanoc, Preshev\u00eb dhe Medvegj\u00eb","robots":{"index":"index","follow":"follow","max-snippet":"max-snippet:-1","max-image-preview":"max-image-preview:large","max-video-preview":"max-video-preview:-1"},"canonical":"https:\/\/kt.gov.rs\/sq\/cfaqja-e-perralles-muzikore-voglushi-peca-dhe-ujku-ne-bujanoc-dhe-medvegje\/","og_locale":"sq_AL","og_type":"article","og_title":"\u00c7FAQJA E P\u00cbRRALL\u00cbS MUZIKORE ,,VOGLUSHI PECA DHE UJKU\u201d N\u00cb BUJANOC DHE MEDVEGJ\u00cb - Republika e S\u00ebrbis\u00eb Trupi Koordinues p\u00ebr komunat Bujanoc, Preshev\u00eb dhe Medvegj\u00eb","og_description":"Qfaqja ,,Vog\u00eblushi Peca dhe ujku\u201d n\u00eb realizimin e kvintetit t\u00eb filharmonis\u00eb s\u00eb Beogradit dhe n\u00eb bashk\u00ebpunim me artistin\/naratorin do paraqitet m\u00eb 11 qershor\u00eb t\u00eb vitit 2009 n\u00eb organizimin e Trupit Koordinues t\u00eb Qeveris\u00eb s\u00eb Republik\u00ebs s\u00eb Serbis\u00eb n\u00eb Sht\u00ebpin\u00eb e kultur\u00ebs n\u00eb Bujanoc n\u00eb ora 10.00 dhe n\u00eb Sht\u00ebpin\u00eb e kultur\u00ebs n\u00eb Medvegj\u00eb n\u00eb ora 16.00.","og_url":"https:\/\/kt.gov.rs\/sq\/cfaqja-e-perralles-muzikore-voglushi-peca-dhe-ujku-ne-bujanoc-dhe-medvegje\/","og_site_name":"Republika e S\u00ebrbis\u00eb Trupi Koordinues p\u00ebr komunat Bujanoc, Preshev\u00eb dhe Medvegj\u00eb","article_publisher":"https:\/\/www.facebook.com\/SluzbaKoordinacionogTelaVladeRepublikeSrbije","article_published_time":"2009-06-01T00:00:00+00:00","article_modified_time":"2024-07-30T20:24:52+00:00","og_image":[{"width":250,"height":167,"url":"https:\/\/kt.gov.rs\/wp-content\/uploads\/2024\/07\/pic022vesti-11.jpg","type":"image\/jpeg"}],"author":"ktmin","twitter_card":"summary_large_image","twitter_creator":"@kt_gov","twitter_site":"@kt_gov","twitter_misc":{"Written by":"ktmin","Est. reading time":"2 minutes"},"schema":{"@context":"https:\/\/schema.org","@graph":[{"@type":"Article","@id":"https:\/\/kt.gov.rs\/sq\/cfaqja-e-perralles-muzikore-voglushi-peca-dhe-ujku-ne-bujanoc-dhe-medvegje\/#article","isPartOf":{"@id":"https:\/\/kt.gov.rs\/sq\/cfaqja-e-perralles-muzikore-voglushi-peca-dhe-ujku-ne-bujanoc-dhe-medvegje\/"},"author":{"name":"ktmin","@id":"https:\/\/kt.gov.rs\/#\/schema\/person\/e426459ddb4173309103390602694571"},"headline":"\u00c7FAQJA E P\u00cbRRALL\u00cbS MUZIKORE ,,VOGLUSHI PECA DHE UJKU\u201d N\u00cb BUJANOC DHE MEDVEGJ\u00cb","datePublished":"2009-06-01T00:00:00+00:00","dateModified":"2024-07-30T20:24:52+00:00","mainEntityOfPage":{"@id":"https:\/\/kt.gov.rs\/sq\/cfaqja-e-perralles-muzikore-voglushi-peca-dhe-ujku-ne-bujanoc-dhe-medvegje\/"},"wordCount":395,"publisher":{"@id":"https:\/\/kt.gov.rs\/#organization"},"image":{"@id":"https:\/\/kt.gov.rs\/sq\/cfaqja-e-perralles-muzikore-voglushi-peca-dhe-ujku-ne-bujanoc-dhe-medvegje\/#primaryimage"},"thumbnailUrl":"https:\/\/kt.gov.rs\/wp-content\/uploads\/2024\/07\/pic022vesti-11.jpg","articleSection":["Lajme"],"inLanguage":"sq-AL"},{"@type":"WebPage","@id":"https:\/\/kt.gov.rs\/sq\/cfaqja-e-perralles-muzikore-voglushi-peca-dhe-ujku-ne-bujanoc-dhe-medvegje\/","url":"https:\/\/kt.gov.rs\/sq\/cfaqja-e-perralles-muzikore-voglushi-peca-dhe-ujku-ne-bujanoc-dhe-medvegje\/","name":"\u00c7FAQJA E P\u00cbRRALL\u00cbS MUZIKORE ,,VOGLUSHI PECA DHE UJKU\u201d N\u00cb BUJANOC DHE MEDVEGJ\u00cb - Republika e S\u00ebrbis\u00eb Trupi Koordinues p\u00ebr komunat Bujanoc, Preshev\u00eb dhe Medvegj\u00eb","isPartOf":{"@id":"https:\/\/kt.gov.rs\/#website"},"primaryImageOfPage":{"@id":"https:\/\/kt.gov.rs\/sq\/cfaqja-e-perralles-muzikore-voglushi-peca-dhe-ujku-ne-bujanoc-dhe-medvegje\/#primaryimage"},"image":{"@id":"https:\/\/kt.gov.rs\/sq\/cfaqja-e-perralles-muzikore-voglushi-peca-dhe-ujku-ne-bujanoc-dhe-medvegje\/#primaryimage"},"thumbnailUrl":"https:\/\/kt.gov.rs\/wp-content\/uploads\/2024\/07\/pic022vesti-11.jpg","datePublished":"2009-06-01T00:00:00+00:00","dateModified":"2024-07-30T20:24:52+00:00","breadcrumb":{"@id":"https:\/\/kt.gov.rs\/sq\/cfaqja-e-perralles-muzikore-voglushi-peca-dhe-ujku-ne-bujanoc-dhe-medvegje\/#breadcrumb"},"inLanguage":"sq-AL","potentialAction":[{"@type":"ReadAction","target":["https:\/\/kt.gov.rs\/sq\/cfaqja-e-perralles-muzikore-voglushi-peca-dhe-ujku-ne-bujanoc-dhe-medvegje\/"]}]},{"@type":"ImageObject","inLanguage":"sq-AL","@id":"https:\/\/kt.gov.rs\/sq\/cfaqja-e-perralles-muzikore-voglushi-peca-dhe-ujku-ne-bujanoc-dhe-medvegje\/#primaryimage","url":"https:\/\/kt.gov.rs\/wp-content\/uploads\/2024\/07\/pic022vesti-11.jpg","contentUrl":"https:\/\/kt.gov.rs\/wp-content\/uploads\/2024\/07\/pic022vesti-11.jpg","width":250,"height":167},{"@type":"BreadcrumbList","@id":"https:\/\/kt.gov.rs\/sq\/cfaqja-e-perralles-muzikore-voglushi-peca-dhe-ujku-ne-bujanoc-dhe-medvegje\/#breadcrumb","itemListElement":[{"@type":"ListItem","position":1,"name":"Po\u010detna","item":"https:\/\/kt.gov.rs\/sq\/"},{"@type":"ListItem","position":2,"name":"\u00c7FAQJA E P\u00cbRRALL\u00cbS MUZIKORE ,,VOGLUSHI PECA DHE UJKU\u201d N\u00cb BUJANOC DHE MEDVEGJ\u00cb"}]},{"@type":"WebSite","@id":"https:\/\/kt.gov.rs\/#website","url":"https:\/\/kt.gov.rs\/","name":"Koordinaciono telo Vlade Republike Srbije za op\u0161tine Pre\u0161evo, Bujanovac i Medve\u0111a","description":"","publisher":{"@id":"https:\/\/kt.gov.rs\/#organization"},"alternateName":"Koordinaciono telo","potentialAction":[{"@type":"SearchAction","target":{"@type":"EntryPoint","urlTemplate":"https:\/\/kt.gov.rs\/?s={search_term_string}"},"query-input":{"@type":"PropertyValueSpecification","valueRequired":true,"valueName":"search_term_string"}}],"inLanguage":"sq-AL"},{"@type":"Organization","@id":"https:\/\/kt.gov.rs\/#organization","name":"Koordinaciono telo Vlade Republike Srbije za op\u0161tine Pre\u0161evo, Bujanovac i Medve\u0111a","alternateName":"Koordinaciono telo","url":"https:\/\/kt.gov.rs\/","logo":{"@type":"ImageObject","inLanguage":"sq-AL","@id":"https:\/\/kt.gov.rs\/#\/schema\/logo\/image\/","url":"https:\/\/kt.gov.rs\/wp-content\/uploads\/2024\/12\/koord2.jpg","contentUrl":"https:\/\/kt.gov.rs\/wp-content\/uploads\/2024\/12\/koord2.jpg","width":640,"height":480,"caption":"Koordinaciono telo Vlade Republike Srbije za op\u0161tine Pre\u0161evo, Bujanovac i Medve\u0111a"},"image":{"@id":"https:\/\/kt.gov.rs\/#\/schema\/logo\/image\/"},"sameAs":["https:\/\/www.facebook.com\/SluzbaKoordinacionogTelaVladeRepublikeSrbije","https:\/\/x.com\/kt_gov","https:\/\/www.youtube.com\/@koordinacionotelo"]},{"@type":"Person","@id":"https:\/\/kt.gov.rs\/#\/schema\/person\/e426459ddb4173309103390602694571","name":"ktmin","image":{"@type":"ImageObject","inLanguage":"sq-AL","@id":"https:\/\/secure.gravatar.com\/avatar\/3985c961109853010c3fbc7ba30365bfba5db3dd6c525831d9c595c7525a615a?s=96&d=mm&r=g","url":"https:\/\/secure.gravatar.com\/avatar\/3985c961109853010c3fbc7ba30365bfba5db3dd6c525831d9c595c7525a615a?s=96&d=mm&r=g","contentUrl":"https:\/\/secure.gravatar.com\/avatar\/3985c961109853010c3fbc7ba30365bfba5db3dd6c525831d9c595c7525a615a?s=96&d=mm&r=g","caption":"ktmin"},"sameAs":["https:\/\/kt.gov.rs"],"url":"https:\/\/kt.gov.rs\/sq\/author\/ktmin\/"}]}},"_links":{"self":[{"href":"https:\/\/kt.gov.rs\/sq\/wp-json\/wp\/v2\/posts\/143347","targetHints":{"allow":["GET"]}}],"collection":[{"href":"https:\/\/kt.gov.rs\/sq\/wp-json\/wp\/v2\/posts"}],"about":[{"href":"https:\/\/kt.gov.rs\/sq\/wp-json\/wp\/v2\/types\/post"}],"author":[{"embeddable":true,"href":"https:\/\/kt.gov.rs\/sq\/wp-json\/wp\/v2\/users\/1"}],"replies":[{"embeddable":true,"href":"https:\/\/kt.gov.rs\/sq\/wp-json\/wp\/v2\/comments?post=143347"}],"version-history":[{"count":1,"href":"https:\/\/kt.gov.rs\/sq\/wp-json\/wp\/v2\/posts\/143347\/revisions"}],"predecessor-version":[{"id":143351,"href":"https:\/\/kt.gov.rs\/sq\/wp-json\/wp\/v2\/posts\/143347\/revisions\/143351"}],"wp:featuredmedia":[{"embeddable":true,"href":"https:\/\/kt.gov.rs\/sq\/wp-json\/wp\/v2\/media\/143352"}],"wp:attachment":[{"href":"https:\/\/kt.gov.rs\/sq\/wp-json\/wp\/v2\/media?parent=143347"}],"wp:term":[{"taxonomy":"category","embeddable":true,"href":"https:\/\/kt.gov.rs\/sq\/wp-json\/wp\/v2\/categories?post=143347"},{"taxonomy":"post_tag","embeddable":true,"href":"https:\/\/kt.gov.rs\/sq\/wp-json\/wp\/v2\/tags?post=143347"}],"curies":[{"name":"wp","href":"https:\/\/api.w.org\/{rel}","templated":true}]}}