{"id":143334,"date":"2009-06-10T00:00:00","date_gmt":"2009-06-10T00:00:00","guid":{"rendered":"http:\/\/kt.printandscreen.rs\/informim-per-media-10-qershore-2009-realizimi-i-perralles-muzikore-peca-dhe-ujku-ne-bujanoc-dhe-medvegje\/"},"modified":"2024-07-30T20:24:47","modified_gmt":"2024-07-30T20:24:47","slug":"informim-per-media-10-qershore-2009-realizimi-i-perralles-muzikore-peca-dhe-ujku-ne-bujanoc-dhe-medvegje","status":"publish","type":"post","link":"https:\/\/kt.gov.rs\/sq\/informim-per-media-10-qershore-2009-realizimi-i-perralles-muzikore-peca-dhe-ujku-ne-bujanoc-dhe-medvegje\/","title":{"rendered":"Informim p\u00ebr media, 10 qershor\u00eb 2009 \u2013 REALIZIMI I P\u00cbRRALL\u00cbS MUZIKORE ,,PECA DHE UJKU\u2019\u2019 N\u00cb BUJANOC DHE MEDVEGJ\u00cb"},"content":{"rendered":"<p><img decoding=\"async\" align=\"left\" src=\"https:\/\/kt.gov.rs\/wp-content\/uploads\/2024\/07\/pic022vesti-8.jpg\" alt=\"\" \/>Pas pritjes s\u00eb suksesshme t\u00eb ,,Petar Panit\u2019\u2019, \u00e7faqjes s\u00eb par\u00eb e cila u realizua pas shum\u00eb vitesh n\u00eb pranin\u00eb e m\u00eb se 750 nx\u00ebn\u00ebsve nga Presheva dhe Bujanoci, Trupi Koordinues i Qeveris\u00eb s\u00eb Republik\u00ebs s\u00eb Serbis\u00eb p\u00ebr komunat Preshev\u00eb, Bujanoc dhe Medvegj\u00eb vazhdon me organizimin e programeve me p\u00ebrbajtje kulturoro-edukuese p\u00ebr m\u00eb t\u00eb vegj\u00eblt.<\/p>\n<p>Me k\u00ebt\u00eb rast, Trupi Koordinues organizon \u00e7faqjen ,,Peca dhe Ujku\u2019\u2019, e cila egzekutohet nga kvinteti i ansamblit t\u00eb Filharmonis\u00eb s\u00eb Beogradit t\u00eb enjten m\u00eb 11 qershor\u00eb n\u00eb ora 10:00 n\u00eb Sht\u00ebpin\u00eb e Kultur\u00ebs n\u00eb Bujanoc e m\u00eb pastaj n\u00eb ora 16.00 n\u00eb Sht\u00ebpin\u00eb e Kultur\u00ebs n\u00eb Medvegj\u00eb.<\/p>\n<p>,,Dy q\u00ebllime kryesore t\u00eb Trupit Koordinues, pos zhvillimit ekonomik, jan\u00eb edhe pun\u00ebt me rinin\u00eb si dhe p\u00ebrparimi formal dhe joformal i edukat\u00ebs. \u00c7faqjet p\u00ebr f\u00ebmij\u00eb bashkojn\u00eb, edukojn\u00eb dhe g\u00ebzojn\u00eb f\u00ebmij\u00ebt pa e mar\u00eb parasysh\u00eb p\u00ebrkat\u00ebsin\u00eb etnike t\u00eb tyre dhe kjo \u00ebsht\u00eb nj\u00eb metod\u00eb n\u00eb t\u00eb cil\u00ebn mb\u00ebshtetet Trupi Koordinues p\u00ebr p\u00ebrparimin e mir\u00ebbesimit dhe shoq\u00ebrimin sa m\u00eb t\u00eb mir\u00eb n\u00eb mes t\u00eb f\u00ebmij\u00ebve t\u00eb t\u00eb gjitha komuniteteve etnike. F\u00ebmij\u00ebt nuk jan\u00eb t\u00eb ngarkuar me politik\u00eb dhe paragjykime e ne mu p\u00ebr ate investojm\u00eb tek f\u00ebmij\u00ebt sepse ata jan\u00eb ardhm\u00ebria e Preshev\u00ebs, Bujanocit dhe Medvegj\u00ebs apo ardhm\u00ebria e Serbis\u00eb\u2019\u2019 thekson Nenad Gjurgjeviq, Drejtor i Sh\u00ebrbimit t\u00eb Trupit koordinues.<br \/>\nAleksandar Laziq, udh\u00ebheq\u00ebsi i artist\u00ebve t\u00eb ,,Prapaskena\u2019\u2019, ka marr\u00eb pjes\u00eb n\u00eb Bujanoc dhe Preshev\u00eb me \u00e7faqjen ,,Petar Pan\u2019\u2019, kurse tash f\u00ebmij\u00ebt n\u00eb Bujanoc dhe Medvegj\u00eb do t\u2019i udh\u00ebheq\u00eb me p\u00ebrjetime t\u00eb posaqme muzikore. Laziq potencoi se \u00ebsht\u00eb i habitur me pritjen e publikut t\u00eb f\u00ebmij\u00ebve n\u00eb komunat e Serbis\u00eb Jugore. P\u00ebrshtypjet e grupit ,,Prapaskena\u2019\u2019 e cila punon gati nj\u00eb decenie me rinin\u00eb jan\u00eb se, rinia e Preshev\u00ebs, Bujanocit dhe Medvegj\u00ebs ka nevoj\u00eb p\u00ebr nj\u00eb politik\u00eb konkrete p\u00ebr rinin\u00eb. Hapat q\u00eb po i mer tani Trupi Koordinues qojn\u00eb n\u00eb at\u00eb drejtim. Kur jan\u00eb n\u00eb pyetje \u00e7faqjet, pun\u00ebtorit\u00eb apo kolonit\u00eb kulturore, ato duhet patjet\u00ebr t\u00eb jen\u00eb t\u00eb drejtuar ka rinia pa e mar\u00eb parasysh\u00eb p\u00ebrkat\u00ebsin\u00eb e tyre etnike, fen\u00eb apo ndonj\u00eb p\u00ebrkat\u00ebsi tjet\u00ebr, ashtuq\u00eb askush t\u00eb mos ndihet i diskriminuar.<br \/>\n,,Peca dhe Ujku\u2019\u2019 \u00ebsht\u00eb nj\u00eb p\u00ebrrall\u00eb muzikore e cila i ka njoftuar shum gjenerata t\u00eb f\u00ebmij\u00ebve nga e gjith\u00eb bota dhe ka ndikuar n\u00eb zhvillimin e shijes s\u00eb tyre p\u00ebr muzik\u00ebn klasike q\u00eb nga dit\u00ebt e hershme t\u00eb f\u00ebmij\u00ebris\u00eb s\u00eb tyre. Ajo ka edhe nj\u00eb rol arg\u00ebtues dhe edukativ sepse i njofton f\u00ebmij\u00ebt me instrumente t\u00eb ndryshme. Qdo instrument nga kvinteti paraqet nj\u00eb figur\u00eb nga kjo p\u00ebrrall\u00eb.<br \/>\n\u00c7faqja zgjat\u00eb 50 minuta, kurse publiku do t\u00eb jen\u00eb f\u00ebmij\u00ebt e shkoll\u00ebs fillore dhe familjar\u00ebt e tyre. Hyrja n\u00ebn organizimin e Trupit Koordinues do t\u00eb jet\u00eb falas.<\/p>\n<p>Kvinteti i instrumenteve frymore t\u00eb Filharmonis\u00eb s\u00eb Beogradit \u00ebsht\u00eb themeluar n\u00eb vitin 2005 dhe q\u00eb prej at\u00ebher\u00eb paraqitet me repertoare t\u00eb llojllojshme n\u00eb regjion. Vitin e kaluar kan\u00eb marr\u00eb pjes\u00eb n\u00eb shum\u00eb manifestime dhe festivale muzikore, n\u00eb Tribun\u00ebn Nd\u00ebrkomb\u00ebtare t\u00eb kompozitor\u00ebve n\u00eb Beograd si dhe kan\u00eb mbajtur shum\u00eb koncerte dhe kurse n\u00eb t\u00ebr\u00eb regjionin. Kvinteti gjithashtu ka marr\u00eb pjes\u00eb edhe n\u00eb manifestimin ,,Dita Nd\u00ebrkomb\u00ebtare e Muzik\u00ebs\u2019\u2019 q\u00eb \u00ebsht\u00eb mbajtur n\u00eb Pariz.<\/p>\n","protected":false},"excerpt":{"rendered":"<p>Pas pritjes s\u00eb suksesshme t\u00eb ,,Petar Panit\u2019\u2019, \u00e7faqjes s\u00eb par\u00eb e cila u realizua pas shum\u00eb vitesh n\u00eb pranin\u00eb e m\u00eb se 750 nx\u00ebn\u00ebsve nga Presheva dhe Bujanoci, Trupi Koordinues i Qeveris\u00eb s\u00eb Republik\u00ebs s\u00eb Serbis\u00eb p\u00ebr komunat Preshev\u00eb, Bujanoc dhe Medvegj\u00eb vazhdon me organizimin e programeve me p\u00ebrbajtje kulturoro-edukuese p\u00ebr m\u00eb t\u00eb vegj\u00eblt.<\/p>\n<p>Me k\u00ebt\u00eb rast, Trupi Koordinues organizon \u00e7faqjen ,,Peca dhe Ujku\u2019\u2019, e cila egzekutohet nga kvinteti i ansamblit t\u00eb Filharmonis\u00eb s\u00eb Beogradit t\u00eb enjten m\u00eb 11 qershor\u00eb n\u00eb ora 10:00 n\u00eb Sht\u00ebpin\u00eb e Kultur\u00ebs n\u00eb Bujanoc e m\u00eb pastaj n\u00eb ora 16.00 n\u00eb Sht\u00ebpin\u00eb e Kultur\u00ebs n\u00eb Medvegj\u00eb.<\/p>\n","protected":false},"author":1,"featured_media":143339,"comment_status":"closed","ping_status":"closed","sticky":false,"template":"","format":"standard","meta":{"footnotes":""},"categories":[55],"tags":[],"class_list":["post-143334","post","type-post","status-publish","format-standard","has-post-thumbnail","hentry","category-lajme"],"yoast_head":"<!-- This site is optimized with the Yoast SEO plugin v27.4 - https:\/\/yoast.com\/product\/yoast-seo-wordpress\/ -->\n<title>Informim p\u00ebr media, 10 qershor\u00eb 2009 - REALIZIMI I P\u00cbRRALL\u00cbS MUZIKORE ,,PECA DHE UJKU\u2019\u2019 N\u00cb BUJANOC DHE MEDVEGJ\u00cb - Republika e S\u00ebrbis\u00eb Trupi Koordinues p\u00ebr komunat Bujanoc, Preshev\u00eb dhe Medvegj\u00eb<\/title>\n<meta name=\"robots\" content=\"index, follow, max-snippet:-1, max-image-preview:large, max-video-preview:-1\" \/>\n<link rel=\"canonical\" href=\"https:\/\/kt.gov.rs\/sq\/informim-per-media-10-qershore-2009-realizimi-i-perralles-muzikore-peca-dhe-ujku-ne-bujanoc-dhe-medvegje\/\" \/>\n<meta property=\"og:locale\" content=\"sq_AL\" \/>\n<meta property=\"og:type\" content=\"article\" \/>\n<meta property=\"og:title\" content=\"Informim p\u00ebr media, 10 qershor\u00eb 2009 - REALIZIMI I P\u00cbRRALL\u00cbS MUZIKORE ,,PECA DHE UJKU\u2019\u2019 N\u00cb BUJANOC DHE MEDVEGJ\u00cb - Republika e S\u00ebrbis\u00eb Trupi Koordinues p\u00ebr komunat Bujanoc, Preshev\u00eb dhe Medvegj\u00eb\" \/>\n<meta property=\"og:description\" content=\"Pas pritjes s\u00eb suksesshme t\u00eb ,,Petar Panit\u2019\u2019, \u00e7faqjes s\u00eb par\u00eb e cila u realizua pas shum\u00eb vitesh n\u00eb pranin\u00eb e m\u00eb se 750 nx\u00ebn\u00ebsve nga Presheva dhe Bujanoci, Trupi Koordinues i Qeveris\u00eb s\u00eb Republik\u00ebs s\u00eb Serbis\u00eb p\u00ebr komunat Preshev\u00eb, Bujanoc dhe Medvegj\u00eb vazhdon me organizimin e programeve me p\u00ebrbajtje kulturoro-edukuese p\u00ebr m\u00eb t\u00eb vegj\u00eblt. Me k\u00ebt\u00eb rast, Trupi Koordinues organizon \u00e7faqjen ,,Peca dhe Ujku\u2019\u2019, e cila egzekutohet nga kvinteti i ansamblit t\u00eb Filharmonis\u00eb s\u00eb Beogradit t\u00eb enjten m\u00eb 11 qershor\u00eb n\u00eb ora 10:00 n\u00eb Sht\u00ebpin\u00eb e Kultur\u00ebs n\u00eb Bujanoc e m\u00eb pastaj n\u00eb ora 16.00 n\u00eb Sht\u00ebpin\u00eb e Kultur\u00ebs n\u00eb Medvegj\u00eb.\" \/>\n<meta property=\"og:url\" content=\"https:\/\/kt.gov.rs\/sq\/informim-per-media-10-qershore-2009-realizimi-i-perralles-muzikore-peca-dhe-ujku-ne-bujanoc-dhe-medvegje\/\" \/>\n<meta property=\"og:site_name\" content=\"Republika e S\u00ebrbis\u00eb Trupi Koordinues p\u00ebr komunat Bujanoc, Preshev\u00eb dhe Medvegj\u00eb\" \/>\n<meta property=\"article:publisher\" content=\"https:\/\/www.facebook.com\/SluzbaKoordinacionogTelaVladeRepublikeSrbije\" \/>\n<meta property=\"article:published_time\" content=\"2009-06-10T00:00:00+00:00\" \/>\n<meta property=\"article:modified_time\" content=\"2024-07-30T20:24:47+00:00\" \/>\n<meta property=\"og:image\" content=\"https:\/\/kt.gov.rs\/wp-content\/uploads\/2024\/07\/pic022vesti-9.jpg\" \/>\n\t<meta property=\"og:image:width\" content=\"250\" \/>\n\t<meta property=\"og:image:height\" content=\"167\" \/>\n\t<meta property=\"og:image:type\" content=\"image\/jpeg\" \/>\n<meta name=\"author\" content=\"ktmin\" \/>\n<meta name=\"twitter:card\" content=\"summary_large_image\" \/>\n<meta name=\"twitter:creator\" content=\"@kt_gov\" \/>\n<meta name=\"twitter:site\" content=\"@kt_gov\" \/>\n<meta name=\"twitter:label1\" content=\"Written by\" \/>\n\t<meta name=\"twitter:data1\" content=\"ktmin\" \/>\n\t<meta name=\"twitter:label2\" content=\"Est. reading time\" \/>\n\t<meta name=\"twitter:data2\" content=\"3 minutes\" \/>\n<script type=\"application\/ld+json\" class=\"yoast-schema-graph\">{\"@context\":\"https:\\\/\\\/schema.org\",\"@graph\":[{\"@type\":\"Article\",\"@id\":\"https:\\\/\\\/kt.gov.rs\\\/sq\\\/informim-per-media-10-qershore-2009-realizimi-i-perralles-muzikore-peca-dhe-ujku-ne-bujanoc-dhe-medvegje\\\/#article\",\"isPartOf\":{\"@id\":\"https:\\\/\\\/kt.gov.rs\\\/sq\\\/informim-per-media-10-qershore-2009-realizimi-i-perralles-muzikore-peca-dhe-ujku-ne-bujanoc-dhe-medvegje\\\/\"},\"author\":{\"name\":\"ktmin\",\"@id\":\"https:\\\/\\\/kt.gov.rs\\\/#\\\/schema\\\/person\\\/e426459ddb4173309103390602694571\"},\"headline\":\"Informim p\u00ebr media, 10 qershor\u00eb 2009 \u2013 REALIZIMI I P\u00cbRRALL\u00cbS MUZIKORE ,,PECA DHE UJKU\u2019\u2019 N\u00cb BUJANOC DHE MEDVEGJ\u00cb\",\"datePublished\":\"2009-06-10T00:00:00+00:00\",\"dateModified\":\"2024-07-30T20:24:47+00:00\",\"mainEntityOfPage\":{\"@id\":\"https:\\\/\\\/kt.gov.rs\\\/sq\\\/informim-per-media-10-qershore-2009-realizimi-i-perralles-muzikore-peca-dhe-ujku-ne-bujanoc-dhe-medvegje\\\/\"},\"wordCount\":620,\"publisher\":{\"@id\":\"https:\\\/\\\/kt.gov.rs\\\/#organization\"},\"image\":{\"@id\":\"https:\\\/\\\/kt.gov.rs\\\/sq\\\/informim-per-media-10-qershore-2009-realizimi-i-perralles-muzikore-peca-dhe-ujku-ne-bujanoc-dhe-medvegje\\\/#primaryimage\"},\"thumbnailUrl\":\"https:\\\/\\\/kt.gov.rs\\\/wp-content\\\/uploads\\\/2024\\\/07\\\/pic022vesti-9.jpg\",\"articleSection\":[\"Lajme\"],\"inLanguage\":\"sq-AL\"},{\"@type\":\"WebPage\",\"@id\":\"https:\\\/\\\/kt.gov.rs\\\/sq\\\/informim-per-media-10-qershore-2009-realizimi-i-perralles-muzikore-peca-dhe-ujku-ne-bujanoc-dhe-medvegje\\\/\",\"url\":\"https:\\\/\\\/kt.gov.rs\\\/sq\\\/informim-per-media-10-qershore-2009-realizimi-i-perralles-muzikore-peca-dhe-ujku-ne-bujanoc-dhe-medvegje\\\/\",\"name\":\"Informim p\u00ebr media, 10 qershor\u00eb 2009 - REALIZIMI I P\u00cbRRALL\u00cbS MUZIKORE ,,PECA DHE UJKU\u2019\u2019 N\u00cb BUJANOC DHE MEDVEGJ\u00cb - Republika e S\u00ebrbis\u00eb Trupi Koordinues p\u00ebr komunat Bujanoc, Preshev\u00eb dhe Medvegj\u00eb\",\"isPartOf\":{\"@id\":\"https:\\\/\\\/kt.gov.rs\\\/#website\"},\"primaryImageOfPage\":{\"@id\":\"https:\\\/\\\/kt.gov.rs\\\/sq\\\/informim-per-media-10-qershore-2009-realizimi-i-perralles-muzikore-peca-dhe-ujku-ne-bujanoc-dhe-medvegje\\\/#primaryimage\"},\"image\":{\"@id\":\"https:\\\/\\\/kt.gov.rs\\\/sq\\\/informim-per-media-10-qershore-2009-realizimi-i-perralles-muzikore-peca-dhe-ujku-ne-bujanoc-dhe-medvegje\\\/#primaryimage\"},\"thumbnailUrl\":\"https:\\\/\\\/kt.gov.rs\\\/wp-content\\\/uploads\\\/2024\\\/07\\\/pic022vesti-9.jpg\",\"datePublished\":\"2009-06-10T00:00:00+00:00\",\"dateModified\":\"2024-07-30T20:24:47+00:00\",\"breadcrumb\":{\"@id\":\"https:\\\/\\\/kt.gov.rs\\\/sq\\\/informim-per-media-10-qershore-2009-realizimi-i-perralles-muzikore-peca-dhe-ujku-ne-bujanoc-dhe-medvegje\\\/#breadcrumb\"},\"inLanguage\":\"sq-AL\",\"potentialAction\":[{\"@type\":\"ReadAction\",\"target\":[\"https:\\\/\\\/kt.gov.rs\\\/sq\\\/informim-per-media-10-qershore-2009-realizimi-i-perralles-muzikore-peca-dhe-ujku-ne-bujanoc-dhe-medvegje\\\/\"]}]},{\"@type\":\"ImageObject\",\"inLanguage\":\"sq-AL\",\"@id\":\"https:\\\/\\\/kt.gov.rs\\\/sq\\\/informim-per-media-10-qershore-2009-realizimi-i-perralles-muzikore-peca-dhe-ujku-ne-bujanoc-dhe-medvegje\\\/#primaryimage\",\"url\":\"https:\\\/\\\/kt.gov.rs\\\/wp-content\\\/uploads\\\/2024\\\/07\\\/pic022vesti-9.jpg\",\"contentUrl\":\"https:\\\/\\\/kt.gov.rs\\\/wp-content\\\/uploads\\\/2024\\\/07\\\/pic022vesti-9.jpg\",\"width\":250,\"height\":167},{\"@type\":\"BreadcrumbList\",\"@id\":\"https:\\\/\\\/kt.gov.rs\\\/sq\\\/informim-per-media-10-qershore-2009-realizimi-i-perralles-muzikore-peca-dhe-ujku-ne-bujanoc-dhe-medvegje\\\/#breadcrumb\",\"itemListElement\":[{\"@type\":\"ListItem\",\"position\":1,\"name\":\"Po\u010detna\",\"item\":\"https:\\\/\\\/kt.gov.rs\\\/sq\\\/\"},{\"@type\":\"ListItem\",\"position\":2,\"name\":\"Informim p\u00ebr media, 10 qershor\u00eb 2009 \u2013 REALIZIMI I P\u00cbRRALL\u00cbS MUZIKORE ,,PECA DHE UJKU\u2019\u2019 N\u00cb BUJANOC DHE MEDVEGJ\u00cb\"}]},{\"@type\":\"WebSite\",\"@id\":\"https:\\\/\\\/kt.gov.rs\\\/#website\",\"url\":\"https:\\\/\\\/kt.gov.rs\\\/\",\"name\":\"Koordinaciono telo Vlade Republike Srbije za op\u0161tine Pre\u0161evo, Bujanovac i Medve\u0111a\",\"description\":\"\",\"publisher\":{\"@id\":\"https:\\\/\\\/kt.gov.rs\\\/#organization\"},\"alternateName\":\"Koordinaciono telo\",\"potentialAction\":[{\"@type\":\"SearchAction\",\"target\":{\"@type\":\"EntryPoint\",\"urlTemplate\":\"https:\\\/\\\/kt.gov.rs\\\/?s={search_term_string}\"},\"query-input\":{\"@type\":\"PropertyValueSpecification\",\"valueRequired\":true,\"valueName\":\"search_term_string\"}}],\"inLanguage\":\"sq-AL\"},{\"@type\":\"Organization\",\"@id\":\"https:\\\/\\\/kt.gov.rs\\\/#organization\",\"name\":\"Koordinaciono telo Vlade Republike Srbije za op\u0161tine Pre\u0161evo, Bujanovac i Medve\u0111a\",\"alternateName\":\"Koordinaciono telo\",\"url\":\"https:\\\/\\\/kt.gov.rs\\\/\",\"logo\":{\"@type\":\"ImageObject\",\"inLanguage\":\"sq-AL\",\"@id\":\"https:\\\/\\\/kt.gov.rs\\\/#\\\/schema\\\/logo\\\/image\\\/\",\"url\":\"https:\\\/\\\/kt.gov.rs\\\/wp-content\\\/uploads\\\/2024\\\/12\\\/koord2.jpg\",\"contentUrl\":\"https:\\\/\\\/kt.gov.rs\\\/wp-content\\\/uploads\\\/2024\\\/12\\\/koord2.jpg\",\"width\":640,\"height\":480,\"caption\":\"Koordinaciono telo Vlade Republike Srbije za op\u0161tine Pre\u0161evo, Bujanovac i Medve\u0111a\"},\"image\":{\"@id\":\"https:\\\/\\\/kt.gov.rs\\\/#\\\/schema\\\/logo\\\/image\\\/\"},\"sameAs\":[\"https:\\\/\\\/www.facebook.com\\\/SluzbaKoordinacionogTelaVladeRepublikeSrbije\",\"https:\\\/\\\/x.com\\\/kt_gov\",\"https:\\\/\\\/www.youtube.com\\\/@koordinacionotelo\"]},{\"@type\":\"Person\",\"@id\":\"https:\\\/\\\/kt.gov.rs\\\/#\\\/schema\\\/person\\\/e426459ddb4173309103390602694571\",\"name\":\"ktmin\",\"image\":{\"@type\":\"ImageObject\",\"inLanguage\":\"sq-AL\",\"@id\":\"https:\\\/\\\/secure.gravatar.com\\\/avatar\\\/3985c961109853010c3fbc7ba30365bfba5db3dd6c525831d9c595c7525a615a?s=96&d=mm&r=g\",\"url\":\"https:\\\/\\\/secure.gravatar.com\\\/avatar\\\/3985c961109853010c3fbc7ba30365bfba5db3dd6c525831d9c595c7525a615a?s=96&d=mm&r=g\",\"contentUrl\":\"https:\\\/\\\/secure.gravatar.com\\\/avatar\\\/3985c961109853010c3fbc7ba30365bfba5db3dd6c525831d9c595c7525a615a?s=96&d=mm&r=g\",\"caption\":\"ktmin\"},\"sameAs\":[\"https:\\\/\\\/kt.gov.rs\"],\"url\":\"https:\\\/\\\/kt.gov.rs\\\/sq\\\/author\\\/ktmin\\\/\"}]}<\/script>\n<!-- \/ Yoast SEO plugin. -->","yoast_head_json":{"title":"Informim p\u00ebr media, 10 qershor\u00eb 2009 - REALIZIMI I P\u00cbRRALL\u00cbS MUZIKORE ,,PECA DHE UJKU\u2019\u2019 N\u00cb BUJANOC DHE MEDVEGJ\u00cb - Republika e S\u00ebrbis\u00eb Trupi Koordinues p\u00ebr komunat Bujanoc, Preshev\u00eb dhe Medvegj\u00eb","robots":{"index":"index","follow":"follow","max-snippet":"max-snippet:-1","max-image-preview":"max-image-preview:large","max-video-preview":"max-video-preview:-1"},"canonical":"https:\/\/kt.gov.rs\/sq\/informim-per-media-10-qershore-2009-realizimi-i-perralles-muzikore-peca-dhe-ujku-ne-bujanoc-dhe-medvegje\/","og_locale":"sq_AL","og_type":"article","og_title":"Informim p\u00ebr media, 10 qershor\u00eb 2009 - REALIZIMI I P\u00cbRRALL\u00cbS MUZIKORE ,,PECA DHE UJKU\u2019\u2019 N\u00cb BUJANOC DHE MEDVEGJ\u00cb - Republika e S\u00ebrbis\u00eb Trupi Koordinues p\u00ebr komunat Bujanoc, Preshev\u00eb dhe Medvegj\u00eb","og_description":"Pas pritjes s\u00eb suksesshme t\u00eb ,,Petar Panit\u2019\u2019, \u00e7faqjes s\u00eb par\u00eb e cila u realizua pas shum\u00eb vitesh n\u00eb pranin\u00eb e m\u00eb se 750 nx\u00ebn\u00ebsve nga Presheva dhe Bujanoci, Trupi Koordinues i Qeveris\u00eb s\u00eb Republik\u00ebs s\u00eb Serbis\u00eb p\u00ebr komunat Preshev\u00eb, Bujanoc dhe Medvegj\u00eb vazhdon me organizimin e programeve me p\u00ebrbajtje kulturoro-edukuese p\u00ebr m\u00eb t\u00eb vegj\u00eblt. Me k\u00ebt\u00eb rast, Trupi Koordinues organizon \u00e7faqjen ,,Peca dhe Ujku\u2019\u2019, e cila egzekutohet nga kvinteti i ansamblit t\u00eb Filharmonis\u00eb s\u00eb Beogradit t\u00eb enjten m\u00eb 11 qershor\u00eb n\u00eb ora 10:00 n\u00eb Sht\u00ebpin\u00eb e Kultur\u00ebs n\u00eb Bujanoc e m\u00eb pastaj n\u00eb ora 16.00 n\u00eb Sht\u00ebpin\u00eb e Kultur\u00ebs n\u00eb Medvegj\u00eb.","og_url":"https:\/\/kt.gov.rs\/sq\/informim-per-media-10-qershore-2009-realizimi-i-perralles-muzikore-peca-dhe-ujku-ne-bujanoc-dhe-medvegje\/","og_site_name":"Republika e S\u00ebrbis\u00eb Trupi Koordinues p\u00ebr komunat Bujanoc, Preshev\u00eb dhe Medvegj\u00eb","article_publisher":"https:\/\/www.facebook.com\/SluzbaKoordinacionogTelaVladeRepublikeSrbije","article_published_time":"2009-06-10T00:00:00+00:00","article_modified_time":"2024-07-30T20:24:47+00:00","og_image":[{"width":250,"height":167,"url":"https:\/\/kt.gov.rs\/wp-content\/uploads\/2024\/07\/pic022vesti-9.jpg","type":"image\/jpeg"}],"author":"ktmin","twitter_card":"summary_large_image","twitter_creator":"@kt_gov","twitter_site":"@kt_gov","twitter_misc":{"Written by":"ktmin","Est. reading time":"3 minutes"},"schema":{"@context":"https:\/\/schema.org","@graph":[{"@type":"Article","@id":"https:\/\/kt.gov.rs\/sq\/informim-per-media-10-qershore-2009-realizimi-i-perralles-muzikore-peca-dhe-ujku-ne-bujanoc-dhe-medvegje\/#article","isPartOf":{"@id":"https:\/\/kt.gov.rs\/sq\/informim-per-media-10-qershore-2009-realizimi-i-perralles-muzikore-peca-dhe-ujku-ne-bujanoc-dhe-medvegje\/"},"author":{"name":"ktmin","@id":"https:\/\/kt.gov.rs\/#\/schema\/person\/e426459ddb4173309103390602694571"},"headline":"Informim p\u00ebr media, 10 qershor\u00eb 2009 \u2013 REALIZIMI I P\u00cbRRALL\u00cbS MUZIKORE ,,PECA DHE UJKU\u2019\u2019 N\u00cb BUJANOC DHE MEDVEGJ\u00cb","datePublished":"2009-06-10T00:00:00+00:00","dateModified":"2024-07-30T20:24:47+00:00","mainEntityOfPage":{"@id":"https:\/\/kt.gov.rs\/sq\/informim-per-media-10-qershore-2009-realizimi-i-perralles-muzikore-peca-dhe-ujku-ne-bujanoc-dhe-medvegje\/"},"wordCount":620,"publisher":{"@id":"https:\/\/kt.gov.rs\/#organization"},"image":{"@id":"https:\/\/kt.gov.rs\/sq\/informim-per-media-10-qershore-2009-realizimi-i-perralles-muzikore-peca-dhe-ujku-ne-bujanoc-dhe-medvegje\/#primaryimage"},"thumbnailUrl":"https:\/\/kt.gov.rs\/wp-content\/uploads\/2024\/07\/pic022vesti-9.jpg","articleSection":["Lajme"],"inLanguage":"sq-AL"},{"@type":"WebPage","@id":"https:\/\/kt.gov.rs\/sq\/informim-per-media-10-qershore-2009-realizimi-i-perralles-muzikore-peca-dhe-ujku-ne-bujanoc-dhe-medvegje\/","url":"https:\/\/kt.gov.rs\/sq\/informim-per-media-10-qershore-2009-realizimi-i-perralles-muzikore-peca-dhe-ujku-ne-bujanoc-dhe-medvegje\/","name":"Informim p\u00ebr media, 10 qershor\u00eb 2009 - REALIZIMI I P\u00cbRRALL\u00cbS MUZIKORE ,,PECA DHE UJKU\u2019\u2019 N\u00cb BUJANOC DHE MEDVEGJ\u00cb - Republika e S\u00ebrbis\u00eb Trupi Koordinues p\u00ebr komunat Bujanoc, Preshev\u00eb dhe Medvegj\u00eb","isPartOf":{"@id":"https:\/\/kt.gov.rs\/#website"},"primaryImageOfPage":{"@id":"https:\/\/kt.gov.rs\/sq\/informim-per-media-10-qershore-2009-realizimi-i-perralles-muzikore-peca-dhe-ujku-ne-bujanoc-dhe-medvegje\/#primaryimage"},"image":{"@id":"https:\/\/kt.gov.rs\/sq\/informim-per-media-10-qershore-2009-realizimi-i-perralles-muzikore-peca-dhe-ujku-ne-bujanoc-dhe-medvegje\/#primaryimage"},"thumbnailUrl":"https:\/\/kt.gov.rs\/wp-content\/uploads\/2024\/07\/pic022vesti-9.jpg","datePublished":"2009-06-10T00:00:00+00:00","dateModified":"2024-07-30T20:24:47+00:00","breadcrumb":{"@id":"https:\/\/kt.gov.rs\/sq\/informim-per-media-10-qershore-2009-realizimi-i-perralles-muzikore-peca-dhe-ujku-ne-bujanoc-dhe-medvegje\/#breadcrumb"},"inLanguage":"sq-AL","potentialAction":[{"@type":"ReadAction","target":["https:\/\/kt.gov.rs\/sq\/informim-per-media-10-qershore-2009-realizimi-i-perralles-muzikore-peca-dhe-ujku-ne-bujanoc-dhe-medvegje\/"]}]},{"@type":"ImageObject","inLanguage":"sq-AL","@id":"https:\/\/kt.gov.rs\/sq\/informim-per-media-10-qershore-2009-realizimi-i-perralles-muzikore-peca-dhe-ujku-ne-bujanoc-dhe-medvegje\/#primaryimage","url":"https:\/\/kt.gov.rs\/wp-content\/uploads\/2024\/07\/pic022vesti-9.jpg","contentUrl":"https:\/\/kt.gov.rs\/wp-content\/uploads\/2024\/07\/pic022vesti-9.jpg","width":250,"height":167},{"@type":"BreadcrumbList","@id":"https:\/\/kt.gov.rs\/sq\/informim-per-media-10-qershore-2009-realizimi-i-perralles-muzikore-peca-dhe-ujku-ne-bujanoc-dhe-medvegje\/#breadcrumb","itemListElement":[{"@type":"ListItem","position":1,"name":"Po\u010detna","item":"https:\/\/kt.gov.rs\/sq\/"},{"@type":"ListItem","position":2,"name":"Informim p\u00ebr media, 10 qershor\u00eb 2009 \u2013 REALIZIMI I P\u00cbRRALL\u00cbS MUZIKORE ,,PECA DHE UJKU\u2019\u2019 N\u00cb BUJANOC DHE MEDVEGJ\u00cb"}]},{"@type":"WebSite","@id":"https:\/\/kt.gov.rs\/#website","url":"https:\/\/kt.gov.rs\/","name":"Koordinaciono telo Vlade Republike Srbije za op\u0161tine Pre\u0161evo, Bujanovac i Medve\u0111a","description":"","publisher":{"@id":"https:\/\/kt.gov.rs\/#organization"},"alternateName":"Koordinaciono telo","potentialAction":[{"@type":"SearchAction","target":{"@type":"EntryPoint","urlTemplate":"https:\/\/kt.gov.rs\/?s={search_term_string}"},"query-input":{"@type":"PropertyValueSpecification","valueRequired":true,"valueName":"search_term_string"}}],"inLanguage":"sq-AL"},{"@type":"Organization","@id":"https:\/\/kt.gov.rs\/#organization","name":"Koordinaciono telo Vlade Republike Srbije za op\u0161tine Pre\u0161evo, Bujanovac i Medve\u0111a","alternateName":"Koordinaciono telo","url":"https:\/\/kt.gov.rs\/","logo":{"@type":"ImageObject","inLanguage":"sq-AL","@id":"https:\/\/kt.gov.rs\/#\/schema\/logo\/image\/","url":"https:\/\/kt.gov.rs\/wp-content\/uploads\/2024\/12\/koord2.jpg","contentUrl":"https:\/\/kt.gov.rs\/wp-content\/uploads\/2024\/12\/koord2.jpg","width":640,"height":480,"caption":"Koordinaciono telo Vlade Republike Srbije za op\u0161tine Pre\u0161evo, Bujanovac i Medve\u0111a"},"image":{"@id":"https:\/\/kt.gov.rs\/#\/schema\/logo\/image\/"},"sameAs":["https:\/\/www.facebook.com\/SluzbaKoordinacionogTelaVladeRepublikeSrbije","https:\/\/x.com\/kt_gov","https:\/\/www.youtube.com\/@koordinacionotelo"]},{"@type":"Person","@id":"https:\/\/kt.gov.rs\/#\/schema\/person\/e426459ddb4173309103390602694571","name":"ktmin","image":{"@type":"ImageObject","inLanguage":"sq-AL","@id":"https:\/\/secure.gravatar.com\/avatar\/3985c961109853010c3fbc7ba30365bfba5db3dd6c525831d9c595c7525a615a?s=96&d=mm&r=g","url":"https:\/\/secure.gravatar.com\/avatar\/3985c961109853010c3fbc7ba30365bfba5db3dd6c525831d9c595c7525a615a?s=96&d=mm&r=g","contentUrl":"https:\/\/secure.gravatar.com\/avatar\/3985c961109853010c3fbc7ba30365bfba5db3dd6c525831d9c595c7525a615a?s=96&d=mm&r=g","caption":"ktmin"},"sameAs":["https:\/\/kt.gov.rs"],"url":"https:\/\/kt.gov.rs\/sq\/author\/ktmin\/"}]}},"_links":{"self":[{"href":"https:\/\/kt.gov.rs\/sq\/wp-json\/wp\/v2\/posts\/143334","targetHints":{"allow":["GET"]}}],"collection":[{"href":"https:\/\/kt.gov.rs\/sq\/wp-json\/wp\/v2\/posts"}],"about":[{"href":"https:\/\/kt.gov.rs\/sq\/wp-json\/wp\/v2\/types\/post"}],"author":[{"embeddable":true,"href":"https:\/\/kt.gov.rs\/sq\/wp-json\/wp\/v2\/users\/1"}],"replies":[{"embeddable":true,"href":"https:\/\/kt.gov.rs\/sq\/wp-json\/wp\/v2\/comments?post=143334"}],"version-history":[{"count":1,"href":"https:\/\/kt.gov.rs\/sq\/wp-json\/wp\/v2\/posts\/143334\/revisions"}],"predecessor-version":[{"id":143338,"href":"https:\/\/kt.gov.rs\/sq\/wp-json\/wp\/v2\/posts\/143334\/revisions\/143338"}],"wp:featuredmedia":[{"embeddable":true,"href":"https:\/\/kt.gov.rs\/sq\/wp-json\/wp\/v2\/media\/143339"}],"wp:attachment":[{"href":"https:\/\/kt.gov.rs\/sq\/wp-json\/wp\/v2\/media?parent=143334"}],"wp:term":[{"taxonomy":"category","embeddable":true,"href":"https:\/\/kt.gov.rs\/sq\/wp-json\/wp\/v2\/categories?post=143334"},{"taxonomy":"post_tag","embeddable":true,"href":"https:\/\/kt.gov.rs\/sq\/wp-json\/wp\/v2\/tags?post=143334"}],"curies":[{"name":"wp","href":"https:\/\/api.w.org\/{rel}","templated":true}]}}