{"id":143325,"date":"2009-06-16T00:00:00","date_gmt":"2009-06-16T00:00:00","guid":{"rendered":"http:\/\/kt.printandscreen.rs\/cfaqja-e-perralles-muzikore-peca-dhe-ujku-ne-bujanoc-dhe-medvegje-11-qershor-2009\/"},"modified":"2024-07-30T20:24:46","modified_gmt":"2024-07-30T20:24:46","slug":"cfaqja-e-perralles-muzikore-peca-dhe-ujku-ne-bujanoc-dhe-medvegje-11-qershor-2009","status":"publish","type":"post","link":"https:\/\/kt.gov.rs\/sq\/cfaqja-e-perralles-muzikore-peca-dhe-ujku-ne-bujanoc-dhe-medvegje-11-qershor-2009\/","title":{"rendered":"\u00c7FAQJA E P\u00cbRRALL\u00cbS MUZIKORE ,,PECA DHE UJKU\u2019\u2019 N\u00cb BUJANOC DHE MEDVEGJ\u00cb \u2013 11. qershor 2009"},"content":{"rendered":"<p><img decoding=\"async\" align=\"left\" src=\"https:\/\/kt.gov.rs\/wp-content\/uploads\/2024\/07\/pic026vesti-4.jpg\" alt=\"\" \/>Pas pritjes s\u00eb shk\u00eblqyeshme t\u00eb \u00e7faqjes ,,Petar Pan\u2019\u2019, \u00e7faqjes s\u00eb par\u00eb p\u00ebr f\u00ebmij\u00eb e cila pas shum\u00eb vitesh \u00ebsht\u00eb realizuar para afro 700 f\u00ebmij\u00ebve n\u00eb Bujanoc dhe Preshev\u00eb, Trupi Koordinues i Qeveris\u00eb s\u00eb Republik\u00ebs s\u00eb Serbis\u00eb p\u00ebr komunat Preshev\u00eb, Bujanoc dhe Medvegj\u00eb, me q\u00ebllim t\u00eb p\u00ebrforcimit t\u00eb p\u00ebrmbajtjeve kulturore p\u00ebr f\u00ebmij\u00eb, ka organizuar\u00a0 m\u00eb 11 qershor\u00eb n\u00eb Bujanoc dhe Medvegj\u00eb \u00e7faqjen ,,Peca dhe Ujku\u2019\u2019 n\u00ebn realizimin e kvintetit t\u00eb Filharmonis\u00eb s\u00eb Beeogradit.<\/p>\n<p>Sipas mendimit t\u00eb artist\u00ebve t\u00eb kvintetit t\u00eb filharmonis\u00eb s\u00eb Beogradit t\u00eb cil\u00ebt e realizuan p\u00ebrral\u00ebn simfonike ,,Peca dhe Ujku\u2019\u2019, pritja nga ana e shikuesve ishte fenomenale. ,,P\u00ebrs\u00ebri vijm\u00eb n\u00eb konstatim se p\u00ebr rinin\u00eb e Serbis\u00eb duhet q\u00eb kjart\u00eb t\u00eb definohet politika kulturore si dhe muzika klasike mund\u00eb t\u00eb bartet n\u00eb kontekst t\u00eb s\u00eb sotmes. Para s\u00eb gjithash, duhet t\u2019i fal\u00ebnderoj qytetar\u00ebt e Medvegj\u00ebs ku kemi qen\u00eb p\u00ebr her\u00eb t\u00eb par\u00eb e posaq\u00ebrisht personelin e agjensionit turistik t\u00eb Medvegj\u00ebs p\u00ebr ndihm\u00ebn dhe mikpritjen\u2019\u2019. F\u00ebmij\u00ebt me v\u00ebmendje t\u00eb veqant p\u00ebrcjellnin ,,Pink Panterin\u2019\u2019 dhe ,,Karmen\u2019\u2019 t\u00eb Zhorzh Bizes\u00eb, k\u00ebshtuq\u00eb kan pasur qasje m\u00eb t\u00eb mir\u00eb n\u00eb p\u00ebrrall\u00ebn e Sergej Prokofjevit e cila p\u00ebrmes muzik\u00ebs tregon p\u00ebr trim\u00ebrin\u00eb e nj\u00eb djaloshi, t\u00eb cilin f\u00ebmij\u00ebt duhet ta ken\u00eb si idol. Nga kjo konkludohet se \u2013 ,,Trupi Koordinues duhet patjet\u00ebr t\u00eb punoj n\u00eb k\u00ebt\u00eb drejtim dhe t\u00eb sjell\u00eb p\u00ebr mysafir spektrin m\u00eb t\u00eb gjer\u00eb t\u00eb artist\u00ebve n\u00eb k\u00ebto komuna\u2019\u2019, deklaroi pas p\u00ebrfundimit t\u00eb \u00e7faqjes Aleksandar Laziq, udh\u00ebheq\u00ebsi i grupit t\u00eb artist\u00ebve ,,Prapaskena\u2019\u2019 i cili edhe m\u00eb her\u00ebt ka mar\u00eb pjes\u00eb n\u00eb Bujanoc dhe Preshev\u00eb me qfaqjen ,,Petar Pan\u2019\u2019 kurse tash f\u00ebmij\u00ebt e Bujanocit dhe Medvegj\u00ebs i ka udh\u00ebhequr me nj\u00eb ngjarje t\u00eb posaqme muzikore.<\/p>\n<p>Nenad Gjurgjeviq, drejtori Sh\u00ebrbimit t\u00eb Trupit Koordinues, para \u00e7faqjes deklaroi se jan\u00eb dy q\u00ebllime kryesore t\u00eb Trupit Koordinues, p\u00ebrpos zhvillimit ekonomik edhe puna me rinin\u00eb. ,,Qfaqjet p\u00ebr f\u00ebmij\u00eb i bashkojn\u00eb, edukojn\u00eb dhe g\u00ebzojn\u00eb f\u00ebmij\u00ebt pa e mar\u00eb parasysh\u00eb p\u00ebrkat\u00ebsin\u00eb e tyre, e kjo \u00ebsht\u00eb metaoda m\u00eb e mir\u00eb t\u00eb cil\u00ebn e aplikon Trupi Koordinues q\u00eb t\u00eb ndikoj q\u00eb f\u00ebmij\u00ebt t\u00eb rriten n\u00eb nj\u00eb frym\u00eb t\u00eb mir\u00ebkuptimit dhe shoq\u00ebrimit n\u00eb nj\u00eb rreth t\u00eb till\u00eb shum\u00ebnacional. F\u00ebmij\u00ebt nuk jan\u00eb t\u00eb preokupuar me politik\u00eb dhe ne do t\u00eb investojm\u00eb edhe m\u00eb tep\u00ebr, se tek e fundit, rinia \u00ebsht\u00eb ardhm\u00ebria e Bujanocit, Preshev\u00ebs dhe Medvegj\u00ebs, e poashtu edhe ardhm\u00ebria e Serbis\u00eb\u2019\u2019.<\/p>\n<p>,,Peca dhe Ujku\u2019\u2019 \u00ebsht\u00eb nj\u00eb p\u00ebrrall\u00eb muzikore e cila ka ndikuar q\u00eb gjenerata t\u00eb t\u00ebra nga e t\u00ebr\u00eb bota t\u00eb ken\u00eb njohuri p\u00ebr muzik\u00ebn klasike q\u00eb nga f\u00ebmij\u00ebria e hershme.<\/p>\n","protected":false},"excerpt":{"rendered":"<p>Pas pritjes s\u00eb shk\u00eblqyeshme t\u00eb \u00e7faqjes ,,Petar Pan\u2019\u2019, \u00e7faqjes s\u00eb par\u00eb p\u00ebr f\u00ebmij\u00eb e cila pas shum\u00eb vitesh \u00ebsht\u00eb realizuar para afro 700 f\u00ebmij\u00ebve n\u00eb Bujanoc dhe Preshev\u00eb, Trupi Koordinues i Qeveris\u00eb s\u00eb Republik\u00ebs s\u00eb Serbis\u00eb p\u00ebr komunat Preshev\u00eb, Bujanoc dhe Medvegj\u00eb, me q\u00ebllim t\u00eb p\u00ebrforcimit t\u00eb p\u00ebrmbajtjeve kulturore p\u00ebr f\u00ebmij\u00eb, ka organizuar\u00a0 m\u00eb 11 qershor\u00eb n\u00eb Bujanoc dhe Medvegj\u00eb \u00e7faqjen ,,Peca dhe Ujku\u2019\u2019 n\u00ebn realizimin e kvintetit t\u00eb Filharmonis\u00eb s\u00eb Beeogradit.<\/p>\n","protected":false},"author":1,"featured_media":143330,"comment_status":"closed","ping_status":"closed","sticky":false,"template":"","format":"standard","meta":{"footnotes":""},"categories":[55],"tags":[],"class_list":["post-143325","post","type-post","status-publish","format-standard","has-post-thumbnail","hentry","category-lajme"],"yoast_head":"<!-- This site is optimized with the Yoast SEO plugin v27.4 - https:\/\/yoast.com\/product\/yoast-seo-wordpress\/ -->\n<title>\u00c7FAQJA E P\u00cbRRALL\u00cbS MUZIKORE ,,PECA DHE UJKU\u2019\u2019 N\u00cb BUJANOC DHE MEDVEGJ\u00cb - 11. qershor 2009 - Republika e S\u00ebrbis\u00eb Trupi Koordinues p\u00ebr komunat Bujanoc, Preshev\u00eb dhe Medvegj\u00eb<\/title>\n<meta name=\"robots\" content=\"index, follow, max-snippet:-1, max-image-preview:large, max-video-preview:-1\" \/>\n<link rel=\"canonical\" href=\"https:\/\/kt.gov.rs\/sq\/cfaqja-e-perralles-muzikore-peca-dhe-ujku-ne-bujanoc-dhe-medvegje-11-qershor-2009\/\" \/>\n<meta property=\"og:locale\" content=\"sq_AL\" \/>\n<meta property=\"og:type\" content=\"article\" \/>\n<meta property=\"og:title\" content=\"\u00c7FAQJA E P\u00cbRRALL\u00cbS MUZIKORE ,,PECA DHE UJKU\u2019\u2019 N\u00cb BUJANOC DHE MEDVEGJ\u00cb - 11. qershor 2009 - Republika e S\u00ebrbis\u00eb Trupi Koordinues p\u00ebr komunat Bujanoc, Preshev\u00eb dhe Medvegj\u00eb\" \/>\n<meta property=\"og:description\" content=\"Pas pritjes s\u00eb shk\u00eblqyeshme t\u00eb \u00e7faqjes ,,Petar Pan\u2019\u2019, \u00e7faqjes s\u00eb par\u00eb p\u00ebr f\u00ebmij\u00eb e cila pas shum\u00eb vitesh \u00ebsht\u00eb realizuar para afro 700 f\u00ebmij\u00ebve n\u00eb Bujanoc dhe Preshev\u00eb, Trupi Koordinues i Qeveris\u00eb s\u00eb Republik\u00ebs s\u00eb Serbis\u00eb p\u00ebr komunat Preshev\u00eb, Bujanoc dhe Medvegj\u00eb, me q\u00ebllim t\u00eb p\u00ebrforcimit t\u00eb p\u00ebrmbajtjeve kulturore p\u00ebr f\u00ebmij\u00eb, ka organizuar\u00a0 m\u00eb 11 qershor\u00eb n\u00eb Bujanoc dhe Medvegj\u00eb \u00e7faqjen ,,Peca dhe Ujku\u2019\u2019 n\u00ebn realizimin e kvintetit t\u00eb Filharmonis\u00eb s\u00eb Beeogradit.\" \/>\n<meta property=\"og:url\" content=\"https:\/\/kt.gov.rs\/sq\/cfaqja-e-perralles-muzikore-peca-dhe-ujku-ne-bujanoc-dhe-medvegje-11-qershor-2009\/\" \/>\n<meta property=\"og:site_name\" content=\"Republika e S\u00ebrbis\u00eb Trupi Koordinues p\u00ebr komunat Bujanoc, Preshev\u00eb dhe Medvegj\u00eb\" \/>\n<meta property=\"article:publisher\" content=\"https:\/\/www.facebook.com\/SluzbaKoordinacionogTelaVladeRepublikeSrbije\" \/>\n<meta property=\"article:published_time\" content=\"2009-06-16T00:00:00+00:00\" \/>\n<meta property=\"article:modified_time\" content=\"2024-07-30T20:24:46+00:00\" \/>\n<meta property=\"og:image\" content=\"https:\/\/kt.gov.rs\/wp-content\/uploads\/2024\/07\/pic026vesti-5.jpg\" \/>\n\t<meta property=\"og:image:width\" content=\"250\" \/>\n\t<meta property=\"og:image:height\" content=\"180\" \/>\n\t<meta property=\"og:image:type\" content=\"image\/jpeg\" \/>\n<meta name=\"author\" content=\"ktmin\" \/>\n<meta name=\"twitter:card\" content=\"summary_large_image\" \/>\n<meta name=\"twitter:creator\" content=\"@kt_gov\" \/>\n<meta name=\"twitter:site\" content=\"@kt_gov\" \/>\n<meta name=\"twitter:label1\" content=\"Written by\" \/>\n\t<meta name=\"twitter:data1\" content=\"ktmin\" \/>\n\t<meta name=\"twitter:label2\" content=\"Est. reading time\" \/>\n\t<meta name=\"twitter:data2\" content=\"3 minutes\" \/>\n<script type=\"application\/ld+json\" class=\"yoast-schema-graph\">{\"@context\":\"https:\\\/\\\/schema.org\",\"@graph\":[{\"@type\":\"Article\",\"@id\":\"https:\\\/\\\/kt.gov.rs\\\/sq\\\/cfaqja-e-perralles-muzikore-peca-dhe-ujku-ne-bujanoc-dhe-medvegje-11-qershor-2009\\\/#article\",\"isPartOf\":{\"@id\":\"https:\\\/\\\/kt.gov.rs\\\/sq\\\/cfaqja-e-perralles-muzikore-peca-dhe-ujku-ne-bujanoc-dhe-medvegje-11-qershor-2009\\\/\"},\"author\":{\"name\":\"ktmin\",\"@id\":\"https:\\\/\\\/kt.gov.rs\\\/#\\\/schema\\\/person\\\/e426459ddb4173309103390602694571\"},\"headline\":\"\u00c7FAQJA E P\u00cbRRALL\u00cbS MUZIKORE ,,PECA DHE UJKU\u2019\u2019 N\u00cb BUJANOC DHE MEDVEGJ\u00cb \u2013 11. qershor 2009\",\"datePublished\":\"2009-06-16T00:00:00+00:00\",\"dateModified\":\"2024-07-30T20:24:46+00:00\",\"mainEntityOfPage\":{\"@id\":\"https:\\\/\\\/kt.gov.rs\\\/sq\\\/cfaqja-e-perralles-muzikore-peca-dhe-ujku-ne-bujanoc-dhe-medvegje-11-qershor-2009\\\/\"},\"wordCount\":530,\"publisher\":{\"@id\":\"https:\\\/\\\/kt.gov.rs\\\/#organization\"},\"image\":{\"@id\":\"https:\\\/\\\/kt.gov.rs\\\/sq\\\/cfaqja-e-perralles-muzikore-peca-dhe-ujku-ne-bujanoc-dhe-medvegje-11-qershor-2009\\\/#primaryimage\"},\"thumbnailUrl\":\"https:\\\/\\\/kt.gov.rs\\\/wp-content\\\/uploads\\\/2024\\\/07\\\/pic026vesti-5.jpg\",\"articleSection\":[\"Lajme\"],\"inLanguage\":\"sq-AL\"},{\"@type\":\"WebPage\",\"@id\":\"https:\\\/\\\/kt.gov.rs\\\/sq\\\/cfaqja-e-perralles-muzikore-peca-dhe-ujku-ne-bujanoc-dhe-medvegje-11-qershor-2009\\\/\",\"url\":\"https:\\\/\\\/kt.gov.rs\\\/sq\\\/cfaqja-e-perralles-muzikore-peca-dhe-ujku-ne-bujanoc-dhe-medvegje-11-qershor-2009\\\/\",\"name\":\"\u00c7FAQJA E P\u00cbRRALL\u00cbS MUZIKORE ,,PECA DHE UJKU\u2019\u2019 N\u00cb BUJANOC DHE MEDVEGJ\u00cb - 11. qershor 2009 - Republika e S\u00ebrbis\u00eb Trupi Koordinues p\u00ebr komunat Bujanoc, Preshev\u00eb dhe Medvegj\u00eb\",\"isPartOf\":{\"@id\":\"https:\\\/\\\/kt.gov.rs\\\/#website\"},\"primaryImageOfPage\":{\"@id\":\"https:\\\/\\\/kt.gov.rs\\\/sq\\\/cfaqja-e-perralles-muzikore-peca-dhe-ujku-ne-bujanoc-dhe-medvegje-11-qershor-2009\\\/#primaryimage\"},\"image\":{\"@id\":\"https:\\\/\\\/kt.gov.rs\\\/sq\\\/cfaqja-e-perralles-muzikore-peca-dhe-ujku-ne-bujanoc-dhe-medvegje-11-qershor-2009\\\/#primaryimage\"},\"thumbnailUrl\":\"https:\\\/\\\/kt.gov.rs\\\/wp-content\\\/uploads\\\/2024\\\/07\\\/pic026vesti-5.jpg\",\"datePublished\":\"2009-06-16T00:00:00+00:00\",\"dateModified\":\"2024-07-30T20:24:46+00:00\",\"breadcrumb\":{\"@id\":\"https:\\\/\\\/kt.gov.rs\\\/sq\\\/cfaqja-e-perralles-muzikore-peca-dhe-ujku-ne-bujanoc-dhe-medvegje-11-qershor-2009\\\/#breadcrumb\"},\"inLanguage\":\"sq-AL\",\"potentialAction\":[{\"@type\":\"ReadAction\",\"target\":[\"https:\\\/\\\/kt.gov.rs\\\/sq\\\/cfaqja-e-perralles-muzikore-peca-dhe-ujku-ne-bujanoc-dhe-medvegje-11-qershor-2009\\\/\"]}]},{\"@type\":\"ImageObject\",\"inLanguage\":\"sq-AL\",\"@id\":\"https:\\\/\\\/kt.gov.rs\\\/sq\\\/cfaqja-e-perralles-muzikore-peca-dhe-ujku-ne-bujanoc-dhe-medvegje-11-qershor-2009\\\/#primaryimage\",\"url\":\"https:\\\/\\\/kt.gov.rs\\\/wp-content\\\/uploads\\\/2024\\\/07\\\/pic026vesti-5.jpg\",\"contentUrl\":\"https:\\\/\\\/kt.gov.rs\\\/wp-content\\\/uploads\\\/2024\\\/07\\\/pic026vesti-5.jpg\",\"width\":250,\"height\":180},{\"@type\":\"BreadcrumbList\",\"@id\":\"https:\\\/\\\/kt.gov.rs\\\/sq\\\/cfaqja-e-perralles-muzikore-peca-dhe-ujku-ne-bujanoc-dhe-medvegje-11-qershor-2009\\\/#breadcrumb\",\"itemListElement\":[{\"@type\":\"ListItem\",\"position\":1,\"name\":\"Po\u010detna\",\"item\":\"https:\\\/\\\/kt.gov.rs\\\/sq\\\/\"},{\"@type\":\"ListItem\",\"position\":2,\"name\":\"\u00c7FAQJA E P\u00cbRRALL\u00cbS MUZIKORE ,,PECA DHE UJKU\u2019\u2019 N\u00cb BUJANOC DHE MEDVEGJ\u00cb \u2013 11. qershor 2009\"}]},{\"@type\":\"WebSite\",\"@id\":\"https:\\\/\\\/kt.gov.rs\\\/#website\",\"url\":\"https:\\\/\\\/kt.gov.rs\\\/\",\"name\":\"Koordinaciono telo Vlade Republike Srbije za op\u0161tine Pre\u0161evo, Bujanovac i Medve\u0111a\",\"description\":\"\",\"publisher\":{\"@id\":\"https:\\\/\\\/kt.gov.rs\\\/#organization\"},\"alternateName\":\"Koordinaciono telo\",\"potentialAction\":[{\"@type\":\"SearchAction\",\"target\":{\"@type\":\"EntryPoint\",\"urlTemplate\":\"https:\\\/\\\/kt.gov.rs\\\/?s={search_term_string}\"},\"query-input\":{\"@type\":\"PropertyValueSpecification\",\"valueRequired\":true,\"valueName\":\"search_term_string\"}}],\"inLanguage\":\"sq-AL\"},{\"@type\":\"Organization\",\"@id\":\"https:\\\/\\\/kt.gov.rs\\\/#organization\",\"name\":\"Koordinaciono telo Vlade Republike Srbije za op\u0161tine Pre\u0161evo, Bujanovac i Medve\u0111a\",\"alternateName\":\"Koordinaciono telo\",\"url\":\"https:\\\/\\\/kt.gov.rs\\\/\",\"logo\":{\"@type\":\"ImageObject\",\"inLanguage\":\"sq-AL\",\"@id\":\"https:\\\/\\\/kt.gov.rs\\\/#\\\/schema\\\/logo\\\/image\\\/\",\"url\":\"https:\\\/\\\/kt.gov.rs\\\/wp-content\\\/uploads\\\/2024\\\/12\\\/koord2.jpg\",\"contentUrl\":\"https:\\\/\\\/kt.gov.rs\\\/wp-content\\\/uploads\\\/2024\\\/12\\\/koord2.jpg\",\"width\":640,\"height\":480,\"caption\":\"Koordinaciono telo Vlade Republike Srbije za op\u0161tine Pre\u0161evo, Bujanovac i Medve\u0111a\"},\"image\":{\"@id\":\"https:\\\/\\\/kt.gov.rs\\\/#\\\/schema\\\/logo\\\/image\\\/\"},\"sameAs\":[\"https:\\\/\\\/www.facebook.com\\\/SluzbaKoordinacionogTelaVladeRepublikeSrbije\",\"https:\\\/\\\/x.com\\\/kt_gov\",\"https:\\\/\\\/www.youtube.com\\\/@koordinacionotelo\"]},{\"@type\":\"Person\",\"@id\":\"https:\\\/\\\/kt.gov.rs\\\/#\\\/schema\\\/person\\\/e426459ddb4173309103390602694571\",\"name\":\"ktmin\",\"image\":{\"@type\":\"ImageObject\",\"inLanguage\":\"sq-AL\",\"@id\":\"https:\\\/\\\/secure.gravatar.com\\\/avatar\\\/3985c961109853010c3fbc7ba30365bfba5db3dd6c525831d9c595c7525a615a?s=96&d=mm&r=g\",\"url\":\"https:\\\/\\\/secure.gravatar.com\\\/avatar\\\/3985c961109853010c3fbc7ba30365bfba5db3dd6c525831d9c595c7525a615a?s=96&d=mm&r=g\",\"contentUrl\":\"https:\\\/\\\/secure.gravatar.com\\\/avatar\\\/3985c961109853010c3fbc7ba30365bfba5db3dd6c525831d9c595c7525a615a?s=96&d=mm&r=g\",\"caption\":\"ktmin\"},\"sameAs\":[\"https:\\\/\\\/kt.gov.rs\"],\"url\":\"https:\\\/\\\/kt.gov.rs\\\/sq\\\/author\\\/ktmin\\\/\"}]}<\/script>\n<!-- \/ Yoast SEO plugin. -->","yoast_head_json":{"title":"\u00c7FAQJA E P\u00cbRRALL\u00cbS MUZIKORE ,,PECA DHE UJKU\u2019\u2019 N\u00cb BUJANOC DHE MEDVEGJ\u00cb - 11. qershor 2009 - Republika e S\u00ebrbis\u00eb Trupi Koordinues p\u00ebr komunat Bujanoc, Preshev\u00eb dhe Medvegj\u00eb","robots":{"index":"index","follow":"follow","max-snippet":"max-snippet:-1","max-image-preview":"max-image-preview:large","max-video-preview":"max-video-preview:-1"},"canonical":"https:\/\/kt.gov.rs\/sq\/cfaqja-e-perralles-muzikore-peca-dhe-ujku-ne-bujanoc-dhe-medvegje-11-qershor-2009\/","og_locale":"sq_AL","og_type":"article","og_title":"\u00c7FAQJA E P\u00cbRRALL\u00cbS MUZIKORE ,,PECA DHE UJKU\u2019\u2019 N\u00cb BUJANOC DHE MEDVEGJ\u00cb - 11. qershor 2009 - Republika e S\u00ebrbis\u00eb Trupi Koordinues p\u00ebr komunat Bujanoc, Preshev\u00eb dhe Medvegj\u00eb","og_description":"Pas pritjes s\u00eb shk\u00eblqyeshme t\u00eb \u00e7faqjes ,,Petar Pan\u2019\u2019, \u00e7faqjes s\u00eb par\u00eb p\u00ebr f\u00ebmij\u00eb e cila pas shum\u00eb vitesh \u00ebsht\u00eb realizuar para afro 700 f\u00ebmij\u00ebve n\u00eb Bujanoc dhe Preshev\u00eb, Trupi Koordinues i Qeveris\u00eb s\u00eb Republik\u00ebs s\u00eb Serbis\u00eb p\u00ebr komunat Preshev\u00eb, Bujanoc dhe Medvegj\u00eb, me q\u00ebllim t\u00eb p\u00ebrforcimit t\u00eb p\u00ebrmbajtjeve kulturore p\u00ebr f\u00ebmij\u00eb, ka organizuar\u00a0 m\u00eb 11 qershor\u00eb n\u00eb Bujanoc dhe Medvegj\u00eb \u00e7faqjen ,,Peca dhe Ujku\u2019\u2019 n\u00ebn realizimin e kvintetit t\u00eb Filharmonis\u00eb s\u00eb Beeogradit.","og_url":"https:\/\/kt.gov.rs\/sq\/cfaqja-e-perralles-muzikore-peca-dhe-ujku-ne-bujanoc-dhe-medvegje-11-qershor-2009\/","og_site_name":"Republika e S\u00ebrbis\u00eb Trupi Koordinues p\u00ebr komunat Bujanoc, Preshev\u00eb dhe Medvegj\u00eb","article_publisher":"https:\/\/www.facebook.com\/SluzbaKoordinacionogTelaVladeRepublikeSrbije","article_published_time":"2009-06-16T00:00:00+00:00","article_modified_time":"2024-07-30T20:24:46+00:00","og_image":[{"width":250,"height":180,"url":"https:\/\/kt.gov.rs\/wp-content\/uploads\/2024\/07\/pic026vesti-5.jpg","type":"image\/jpeg"}],"author":"ktmin","twitter_card":"summary_large_image","twitter_creator":"@kt_gov","twitter_site":"@kt_gov","twitter_misc":{"Written by":"ktmin","Est. reading time":"3 minutes"},"schema":{"@context":"https:\/\/schema.org","@graph":[{"@type":"Article","@id":"https:\/\/kt.gov.rs\/sq\/cfaqja-e-perralles-muzikore-peca-dhe-ujku-ne-bujanoc-dhe-medvegje-11-qershor-2009\/#article","isPartOf":{"@id":"https:\/\/kt.gov.rs\/sq\/cfaqja-e-perralles-muzikore-peca-dhe-ujku-ne-bujanoc-dhe-medvegje-11-qershor-2009\/"},"author":{"name":"ktmin","@id":"https:\/\/kt.gov.rs\/#\/schema\/person\/e426459ddb4173309103390602694571"},"headline":"\u00c7FAQJA E P\u00cbRRALL\u00cbS MUZIKORE ,,PECA DHE UJKU\u2019\u2019 N\u00cb BUJANOC DHE MEDVEGJ\u00cb \u2013 11. qershor 2009","datePublished":"2009-06-16T00:00:00+00:00","dateModified":"2024-07-30T20:24:46+00:00","mainEntityOfPage":{"@id":"https:\/\/kt.gov.rs\/sq\/cfaqja-e-perralles-muzikore-peca-dhe-ujku-ne-bujanoc-dhe-medvegje-11-qershor-2009\/"},"wordCount":530,"publisher":{"@id":"https:\/\/kt.gov.rs\/#organization"},"image":{"@id":"https:\/\/kt.gov.rs\/sq\/cfaqja-e-perralles-muzikore-peca-dhe-ujku-ne-bujanoc-dhe-medvegje-11-qershor-2009\/#primaryimage"},"thumbnailUrl":"https:\/\/kt.gov.rs\/wp-content\/uploads\/2024\/07\/pic026vesti-5.jpg","articleSection":["Lajme"],"inLanguage":"sq-AL"},{"@type":"WebPage","@id":"https:\/\/kt.gov.rs\/sq\/cfaqja-e-perralles-muzikore-peca-dhe-ujku-ne-bujanoc-dhe-medvegje-11-qershor-2009\/","url":"https:\/\/kt.gov.rs\/sq\/cfaqja-e-perralles-muzikore-peca-dhe-ujku-ne-bujanoc-dhe-medvegje-11-qershor-2009\/","name":"\u00c7FAQJA E P\u00cbRRALL\u00cbS MUZIKORE ,,PECA DHE UJKU\u2019\u2019 N\u00cb BUJANOC DHE MEDVEGJ\u00cb - 11. qershor 2009 - Republika e S\u00ebrbis\u00eb Trupi Koordinues p\u00ebr komunat Bujanoc, Preshev\u00eb dhe Medvegj\u00eb","isPartOf":{"@id":"https:\/\/kt.gov.rs\/#website"},"primaryImageOfPage":{"@id":"https:\/\/kt.gov.rs\/sq\/cfaqja-e-perralles-muzikore-peca-dhe-ujku-ne-bujanoc-dhe-medvegje-11-qershor-2009\/#primaryimage"},"image":{"@id":"https:\/\/kt.gov.rs\/sq\/cfaqja-e-perralles-muzikore-peca-dhe-ujku-ne-bujanoc-dhe-medvegje-11-qershor-2009\/#primaryimage"},"thumbnailUrl":"https:\/\/kt.gov.rs\/wp-content\/uploads\/2024\/07\/pic026vesti-5.jpg","datePublished":"2009-06-16T00:00:00+00:00","dateModified":"2024-07-30T20:24:46+00:00","breadcrumb":{"@id":"https:\/\/kt.gov.rs\/sq\/cfaqja-e-perralles-muzikore-peca-dhe-ujku-ne-bujanoc-dhe-medvegje-11-qershor-2009\/#breadcrumb"},"inLanguage":"sq-AL","potentialAction":[{"@type":"ReadAction","target":["https:\/\/kt.gov.rs\/sq\/cfaqja-e-perralles-muzikore-peca-dhe-ujku-ne-bujanoc-dhe-medvegje-11-qershor-2009\/"]}]},{"@type":"ImageObject","inLanguage":"sq-AL","@id":"https:\/\/kt.gov.rs\/sq\/cfaqja-e-perralles-muzikore-peca-dhe-ujku-ne-bujanoc-dhe-medvegje-11-qershor-2009\/#primaryimage","url":"https:\/\/kt.gov.rs\/wp-content\/uploads\/2024\/07\/pic026vesti-5.jpg","contentUrl":"https:\/\/kt.gov.rs\/wp-content\/uploads\/2024\/07\/pic026vesti-5.jpg","width":250,"height":180},{"@type":"BreadcrumbList","@id":"https:\/\/kt.gov.rs\/sq\/cfaqja-e-perralles-muzikore-peca-dhe-ujku-ne-bujanoc-dhe-medvegje-11-qershor-2009\/#breadcrumb","itemListElement":[{"@type":"ListItem","position":1,"name":"Po\u010detna","item":"https:\/\/kt.gov.rs\/sq\/"},{"@type":"ListItem","position":2,"name":"\u00c7FAQJA E P\u00cbRRALL\u00cbS MUZIKORE ,,PECA DHE UJKU\u2019\u2019 N\u00cb BUJANOC DHE MEDVEGJ\u00cb \u2013 11. qershor 2009"}]},{"@type":"WebSite","@id":"https:\/\/kt.gov.rs\/#website","url":"https:\/\/kt.gov.rs\/","name":"Koordinaciono telo Vlade Republike Srbije za op\u0161tine Pre\u0161evo, Bujanovac i Medve\u0111a","description":"","publisher":{"@id":"https:\/\/kt.gov.rs\/#organization"},"alternateName":"Koordinaciono telo","potentialAction":[{"@type":"SearchAction","target":{"@type":"EntryPoint","urlTemplate":"https:\/\/kt.gov.rs\/?s={search_term_string}"},"query-input":{"@type":"PropertyValueSpecification","valueRequired":true,"valueName":"search_term_string"}}],"inLanguage":"sq-AL"},{"@type":"Organization","@id":"https:\/\/kt.gov.rs\/#organization","name":"Koordinaciono telo Vlade Republike Srbije za op\u0161tine Pre\u0161evo, Bujanovac i Medve\u0111a","alternateName":"Koordinaciono telo","url":"https:\/\/kt.gov.rs\/","logo":{"@type":"ImageObject","inLanguage":"sq-AL","@id":"https:\/\/kt.gov.rs\/#\/schema\/logo\/image\/","url":"https:\/\/kt.gov.rs\/wp-content\/uploads\/2024\/12\/koord2.jpg","contentUrl":"https:\/\/kt.gov.rs\/wp-content\/uploads\/2024\/12\/koord2.jpg","width":640,"height":480,"caption":"Koordinaciono telo Vlade Republike Srbije za op\u0161tine Pre\u0161evo, Bujanovac i Medve\u0111a"},"image":{"@id":"https:\/\/kt.gov.rs\/#\/schema\/logo\/image\/"},"sameAs":["https:\/\/www.facebook.com\/SluzbaKoordinacionogTelaVladeRepublikeSrbije","https:\/\/x.com\/kt_gov","https:\/\/www.youtube.com\/@koordinacionotelo"]},{"@type":"Person","@id":"https:\/\/kt.gov.rs\/#\/schema\/person\/e426459ddb4173309103390602694571","name":"ktmin","image":{"@type":"ImageObject","inLanguage":"sq-AL","@id":"https:\/\/secure.gravatar.com\/avatar\/3985c961109853010c3fbc7ba30365bfba5db3dd6c525831d9c595c7525a615a?s=96&d=mm&r=g","url":"https:\/\/secure.gravatar.com\/avatar\/3985c961109853010c3fbc7ba30365bfba5db3dd6c525831d9c595c7525a615a?s=96&d=mm&r=g","contentUrl":"https:\/\/secure.gravatar.com\/avatar\/3985c961109853010c3fbc7ba30365bfba5db3dd6c525831d9c595c7525a615a?s=96&d=mm&r=g","caption":"ktmin"},"sameAs":["https:\/\/kt.gov.rs"],"url":"https:\/\/kt.gov.rs\/sq\/author\/ktmin\/"}]}},"_links":{"self":[{"href":"https:\/\/kt.gov.rs\/sq\/wp-json\/wp\/v2\/posts\/143325","targetHints":{"allow":["GET"]}}],"collection":[{"href":"https:\/\/kt.gov.rs\/sq\/wp-json\/wp\/v2\/posts"}],"about":[{"href":"https:\/\/kt.gov.rs\/sq\/wp-json\/wp\/v2\/types\/post"}],"author":[{"embeddable":true,"href":"https:\/\/kt.gov.rs\/sq\/wp-json\/wp\/v2\/users\/1"}],"replies":[{"embeddable":true,"href":"https:\/\/kt.gov.rs\/sq\/wp-json\/wp\/v2\/comments?post=143325"}],"version-history":[{"count":1,"href":"https:\/\/kt.gov.rs\/sq\/wp-json\/wp\/v2\/posts\/143325\/revisions"}],"predecessor-version":[{"id":143329,"href":"https:\/\/kt.gov.rs\/sq\/wp-json\/wp\/v2\/posts\/143325\/revisions\/143329"}],"wp:featuredmedia":[{"embeddable":true,"href":"https:\/\/kt.gov.rs\/sq\/wp-json\/wp\/v2\/media\/143330"}],"wp:attachment":[{"href":"https:\/\/kt.gov.rs\/sq\/wp-json\/wp\/v2\/media?parent=143325"}],"wp:term":[{"taxonomy":"category","embeddable":true,"href":"https:\/\/kt.gov.rs\/sq\/wp-json\/wp\/v2\/categories?post=143325"},{"taxonomy":"post_tag","embeddable":true,"href":"https:\/\/kt.gov.rs\/sq\/wp-json\/wp\/v2\/tags?post=143325"}],"curies":[{"name":"wp","href":"https:\/\/api.w.org\/{rel}","templated":true}]}}