{"id":143322,"date":"2009-06-22T00:00:00","date_gmt":"2009-06-22T00:00:00","guid":{"rendered":"http:\/\/kt.printandscreen.rs\/22-6-2009\/"},"modified":"2009-06-22T00:00:00","modified_gmt":"2009-06-22T00:00:00","slug":"22-6-2009","status":"publish","type":"post","link":"https:\/\/kt.gov.rs\/sq\/22-6-2009\/","title":{"rendered":"22.6.2009"},"content":{"rendered":"<p>N\u00eb gjasht\u00eb komunat e Qarkut t\u00eb pazhvilluar t\u00eb Jabllanic\u00ebs, Leskoc, Leban\u00eb, Bojnik, Vllasotinc\u00eb, Medvegj\u00eb dhe C\u00ebrna Trav\u00eb, s\u00eb shpejti do t\u00eb filloj realizimi i pun\u00ebve publike n\u00eb shum\u00eb prej 91,5 milion dinar\u00eb, nd\u00ebrkaq do t\u00eb pun\u00ebsohen 661 pun\u00ebtor\u00eb. N\u00eb fund\u00eb t\u00eb vitit t\u00eb kaluar n\u00eb Leskoc jan\u00eb n\u00ebnshkruar 21 kontrata n\u00eb shum\u00eb prej 76 milion\u00eb dinar\u00ebsh p\u00ebr realizimin e pun\u00ebve n\u00eb at\u00eb mjedis, si n\u00eb Bojnik, Leban\u00eb dhe Medvegj\u00eb. N\u00eb t\u00eb nj\u00ebjt\u00ebn koh\u00eb n\u00eb Vllasotinc\u00eb jan\u00eb n\u00ebnshkruar 7 kontrata me vler\u00eb 15,5 milion dinar\u00eb p\u00ebr realizimin e projekteve n\u00eb at\u00eb komun\u00eb si dhe n\u00eb komun\u00ebn e C\u00ebrna Trav\u00ebs.<\/p>\n<p>Sipas fjal\u00ebve t\u00eb drejtorit t\u00eb entit p\u00ebr pun\u00ebsim, pun\u00ebt do t\u00eb zgjasin p\u00ebr gjasht\u00eb muaj, mir\u00ebpo do t\u00eb ket\u00eb dyfish m\u00eb tep\u00ebr t\u00eb pun\u00ebsuar se sa vitin e kaluar. Tremb\u00ebdhjet\u00eb projekte jan\u00eb lejuar nga sfera e mbrojtjes s\u00eb mjedisit, n\u00ebnt\u00eb nga sfera e infrastruktur\u00ebs dhe gjasht\u00eb nga sfera e mbrojtjes sociale si dhe veprimtaris\u00eb humanitare dhe kulturore.<\/p>\n<p>Me qindra familje, t\u00eb cilat jan\u00eb nga popullata m\u00eb e varf\u00ebr e Leskocit, Vllasotinc\u00ebs, Bojnikut si dhe mjediset tjera t\u00eb rrethit t\u00eb Jabllanic\u00ebs, nga dit\u00ebt e ardhshme do t\u00eb jen\u00eb t\u00eb angazhuar q\u00eb nga m\u00ebngjezi i hersh\u00ebm n\u00eb mbledhjen e vishnjeve.<\/p>\n","protected":false},"excerpt":{"rendered":"<p>N\u00eb gjasht\u00eb komunat e Qarkut t\u00eb pazhvilluar t\u00eb Jabllanic\u00ebs, Leskoc, Leban\u00eb, Bojnik, Vllasotinc\u00eb, Medvegj\u00eb dhe C\u00ebrna Trav\u00eb, s\u00eb shpejti do t\u00eb filloj realizimi i pun\u00ebve publike n\u00eb shum\u00eb prej 91,5 milion dinar\u00eb, nd\u00ebrkaq do t\u00eb pun\u00ebsohen 661 pun\u00ebtor\u00eb. N\u00eb fund\u00eb t\u00eb vitit t\u00eb kaluar n\u00eb Leskoc jan\u00eb n\u00ebnshkruar 21 kontrata n\u00eb shum\u00eb prej 76 milion\u00eb dinar\u00ebsh p\u00ebr realizimin e pun\u00ebve n\u00eb at\u00eb mjedis, si n\u00eb Bojnik, Leban\u00eb dhe Medvegj\u00eb. N\u00eb t\u00eb nj\u00ebjt\u00ebn koh\u00eb n\u00eb Vllasotinc\u00eb jan\u00eb n\u00ebnshkruar 7 kontrata me vler\u00eb 15,5 milion dinar\u00eb p\u00ebr realizimin e projekteve n\u00eb at\u00eb komun\u00eb si dhe n\u00eb komun\u00ebn e C\u00ebrna Trav\u00ebs.<\/p>\n","protected":false},"author":1,"featured_media":0,"comment_status":"closed","ping_status":"closed","sticky":false,"template":"","format":"standard","meta":{"footnotes":""},"categories":[55],"tags":[],"class_list":["post-143322","post","type-post","status-publish","format-standard","hentry","category-lajme"],"yoast_head":"<!-- This site is optimized with the Yoast SEO plugin v27.4 - https:\/\/yoast.com\/product\/yoast-seo-wordpress\/ -->\n<title>22.6.2009 - Republika e S\u00ebrbis\u00eb Trupi Koordinues p\u00ebr komunat Bujanoc, Preshev\u00eb dhe Medvegj\u00eb<\/title>\n<meta name=\"robots\" content=\"index, follow, max-snippet:-1, max-image-preview:large, max-video-preview:-1\" \/>\n<link rel=\"canonical\" href=\"https:\/\/kt.gov.rs\/sq\/22-6-2009\/\" \/>\n<meta property=\"og:locale\" content=\"sq_AL\" \/>\n<meta property=\"og:type\" content=\"article\" \/>\n<meta property=\"og:title\" content=\"22.6.2009 - Republika e S\u00ebrbis\u00eb Trupi Koordinues p\u00ebr komunat Bujanoc, Preshev\u00eb dhe Medvegj\u00eb\" \/>\n<meta property=\"og:description\" content=\"N\u00eb gjasht\u00eb komunat e Qarkut t\u00eb pazhvilluar t\u00eb Jabllanic\u00ebs, Leskoc, Leban\u00eb, Bojnik, Vllasotinc\u00eb, Medvegj\u00eb dhe C\u00ebrna Trav\u00eb, s\u00eb shpejti do t\u00eb filloj realizimi i pun\u00ebve publike n\u00eb shum\u00eb prej 91,5 milion dinar\u00eb, nd\u00ebrkaq do t\u00eb pun\u00ebsohen 661 pun\u00ebtor\u00eb. N\u00eb fund\u00eb t\u00eb vitit t\u00eb kaluar n\u00eb Leskoc jan\u00eb n\u00ebnshkruar 21 kontrata n\u00eb shum\u00eb prej 76 milion\u00eb dinar\u00ebsh p\u00ebr realizimin e pun\u00ebve n\u00eb at\u00eb mjedis, si n\u00eb Bojnik, Leban\u00eb dhe Medvegj\u00eb. N\u00eb t\u00eb nj\u00ebjt\u00ebn koh\u00eb n\u00eb Vllasotinc\u00eb jan\u00eb n\u00ebnshkruar 7 kontrata me vler\u00eb 15,5 milion dinar\u00eb p\u00ebr realizimin e projekteve n\u00eb at\u00eb komun\u00eb si dhe n\u00eb komun\u00ebn e C\u00ebrna Trav\u00ebs.\" \/>\n<meta property=\"og:url\" content=\"https:\/\/kt.gov.rs\/sq\/22-6-2009\/\" \/>\n<meta property=\"og:site_name\" content=\"Republika e S\u00ebrbis\u00eb Trupi Koordinues p\u00ebr komunat Bujanoc, Preshev\u00eb dhe Medvegj\u00eb\" \/>\n<meta property=\"article:publisher\" content=\"https:\/\/www.facebook.com\/SluzbaKoordinacionogTelaVladeRepublikeSrbije\" \/>\n<meta property=\"article:published_time\" content=\"2009-06-22T00:00:00+00:00\" \/>\n<meta name=\"author\" content=\"ktmin\" \/>\n<meta name=\"twitter:card\" content=\"summary_large_image\" \/>\n<meta name=\"twitter:creator\" content=\"@kt_gov\" \/>\n<meta name=\"twitter:site\" content=\"@kt_gov\" \/>\n<meta name=\"twitter:label1\" content=\"Written by\" \/>\n\t<meta name=\"twitter:data1\" content=\"ktmin\" \/>\n\t<meta name=\"twitter:label2\" content=\"Est. reading time\" \/>\n\t<meta name=\"twitter:data2\" content=\"1 minute\" \/>\n<script type=\"application\/ld+json\" class=\"yoast-schema-graph\">{\"@context\":\"https:\\\/\\\/schema.org\",\"@graph\":[{\"@type\":\"Article\",\"@id\":\"https:\\\/\\\/kt.gov.rs\\\/sq\\\/22-6-2009\\\/#article\",\"isPartOf\":{\"@id\":\"https:\\\/\\\/kt.gov.rs\\\/sq\\\/22-6-2009\\\/\"},\"author\":{\"name\":\"ktmin\",\"@id\":\"https:\\\/\\\/kt.gov.rs\\\/#\\\/schema\\\/person\\\/e426459ddb4173309103390602694571\"},\"headline\":\"22.6.2009\",\"datePublished\":\"2009-06-22T00:00:00+00:00\",\"mainEntityOfPage\":{\"@id\":\"https:\\\/\\\/kt.gov.rs\\\/sq\\\/22-6-2009\\\/\"},\"wordCount\":224,\"publisher\":{\"@id\":\"https:\\\/\\\/kt.gov.rs\\\/#organization\"},\"articleSection\":[\"Lajme\"],\"inLanguage\":\"sq-AL\"},{\"@type\":\"WebPage\",\"@id\":\"https:\\\/\\\/kt.gov.rs\\\/sq\\\/22-6-2009\\\/\",\"url\":\"https:\\\/\\\/kt.gov.rs\\\/sq\\\/22-6-2009\\\/\",\"name\":\"22.6.2009 - Republika e S\u00ebrbis\u00eb Trupi Koordinues p\u00ebr komunat Bujanoc, Preshev\u00eb dhe Medvegj\u00eb\",\"isPartOf\":{\"@id\":\"https:\\\/\\\/kt.gov.rs\\\/#website\"},\"datePublished\":\"2009-06-22T00:00:00+00:00\",\"breadcrumb\":{\"@id\":\"https:\\\/\\\/kt.gov.rs\\\/sq\\\/22-6-2009\\\/#breadcrumb\"},\"inLanguage\":\"sq-AL\",\"potentialAction\":[{\"@type\":\"ReadAction\",\"target\":[\"https:\\\/\\\/kt.gov.rs\\\/sq\\\/22-6-2009\\\/\"]}]},{\"@type\":\"BreadcrumbList\",\"@id\":\"https:\\\/\\\/kt.gov.rs\\\/sq\\\/22-6-2009\\\/#breadcrumb\",\"itemListElement\":[{\"@type\":\"ListItem\",\"position\":1,\"name\":\"Po\u010detna\",\"item\":\"https:\\\/\\\/kt.gov.rs\\\/sq\\\/\"},{\"@type\":\"ListItem\",\"position\":2,\"name\":\"22.6.2009\"}]},{\"@type\":\"WebSite\",\"@id\":\"https:\\\/\\\/kt.gov.rs\\\/#website\",\"url\":\"https:\\\/\\\/kt.gov.rs\\\/\",\"name\":\"Koordinaciono telo Vlade Republike Srbije za op\u0161tine Pre\u0161evo, Bujanovac i Medve\u0111a\",\"description\":\"\",\"publisher\":{\"@id\":\"https:\\\/\\\/kt.gov.rs\\\/#organization\"},\"alternateName\":\"Koordinaciono telo\",\"potentialAction\":[{\"@type\":\"SearchAction\",\"target\":{\"@type\":\"EntryPoint\",\"urlTemplate\":\"https:\\\/\\\/kt.gov.rs\\\/?s={search_term_string}\"},\"query-input\":{\"@type\":\"PropertyValueSpecification\",\"valueRequired\":true,\"valueName\":\"search_term_string\"}}],\"inLanguage\":\"sq-AL\"},{\"@type\":\"Organization\",\"@id\":\"https:\\\/\\\/kt.gov.rs\\\/#organization\",\"name\":\"Koordinaciono telo Vlade Republike Srbije za op\u0161tine Pre\u0161evo, Bujanovac i Medve\u0111a\",\"alternateName\":\"Koordinaciono telo\",\"url\":\"https:\\\/\\\/kt.gov.rs\\\/\",\"logo\":{\"@type\":\"ImageObject\",\"inLanguage\":\"sq-AL\",\"@id\":\"https:\\\/\\\/kt.gov.rs\\\/#\\\/schema\\\/logo\\\/image\\\/\",\"url\":\"https:\\\/\\\/kt.gov.rs\\\/wp-content\\\/uploads\\\/2024\\\/12\\\/koord2.jpg\",\"contentUrl\":\"https:\\\/\\\/kt.gov.rs\\\/wp-content\\\/uploads\\\/2024\\\/12\\\/koord2.jpg\",\"width\":640,\"height\":480,\"caption\":\"Koordinaciono telo Vlade Republike Srbije za op\u0161tine Pre\u0161evo, Bujanovac i Medve\u0111a\"},\"image\":{\"@id\":\"https:\\\/\\\/kt.gov.rs\\\/#\\\/schema\\\/logo\\\/image\\\/\"},\"sameAs\":[\"https:\\\/\\\/www.facebook.com\\\/SluzbaKoordinacionogTelaVladeRepublikeSrbije\",\"https:\\\/\\\/x.com\\\/kt_gov\",\"https:\\\/\\\/www.youtube.com\\\/@koordinacionotelo\"]},{\"@type\":\"Person\",\"@id\":\"https:\\\/\\\/kt.gov.rs\\\/#\\\/schema\\\/person\\\/e426459ddb4173309103390602694571\",\"name\":\"ktmin\",\"image\":{\"@type\":\"ImageObject\",\"inLanguage\":\"sq-AL\",\"@id\":\"https:\\\/\\\/secure.gravatar.com\\\/avatar\\\/3985c961109853010c3fbc7ba30365bfba5db3dd6c525831d9c595c7525a615a?s=96&d=mm&r=g\",\"url\":\"https:\\\/\\\/secure.gravatar.com\\\/avatar\\\/3985c961109853010c3fbc7ba30365bfba5db3dd6c525831d9c595c7525a615a?s=96&d=mm&r=g\",\"contentUrl\":\"https:\\\/\\\/secure.gravatar.com\\\/avatar\\\/3985c961109853010c3fbc7ba30365bfba5db3dd6c525831d9c595c7525a615a?s=96&d=mm&r=g\",\"caption\":\"ktmin\"},\"sameAs\":[\"https:\\\/\\\/kt.gov.rs\"],\"url\":\"https:\\\/\\\/kt.gov.rs\\\/sq\\\/author\\\/ktmin\\\/\"}]}<\/script>\n<!-- \/ Yoast SEO plugin. -->","yoast_head_json":{"title":"22.6.2009 - Republika e S\u00ebrbis\u00eb Trupi Koordinues p\u00ebr komunat Bujanoc, Preshev\u00eb dhe Medvegj\u00eb","robots":{"index":"index","follow":"follow","max-snippet":"max-snippet:-1","max-image-preview":"max-image-preview:large","max-video-preview":"max-video-preview:-1"},"canonical":"https:\/\/kt.gov.rs\/sq\/22-6-2009\/","og_locale":"sq_AL","og_type":"article","og_title":"22.6.2009 - Republika e S\u00ebrbis\u00eb Trupi Koordinues p\u00ebr komunat Bujanoc, Preshev\u00eb dhe Medvegj\u00eb","og_description":"N\u00eb gjasht\u00eb komunat e Qarkut t\u00eb pazhvilluar t\u00eb Jabllanic\u00ebs, Leskoc, Leban\u00eb, Bojnik, Vllasotinc\u00eb, Medvegj\u00eb dhe C\u00ebrna Trav\u00eb, s\u00eb shpejti do t\u00eb filloj realizimi i pun\u00ebve publike n\u00eb shum\u00eb prej 91,5 milion dinar\u00eb, nd\u00ebrkaq do t\u00eb pun\u00ebsohen 661 pun\u00ebtor\u00eb. N\u00eb fund\u00eb t\u00eb vitit t\u00eb kaluar n\u00eb Leskoc jan\u00eb n\u00ebnshkruar 21 kontrata n\u00eb shum\u00eb prej 76 milion\u00eb dinar\u00ebsh p\u00ebr realizimin e pun\u00ebve n\u00eb at\u00eb mjedis, si n\u00eb Bojnik, Leban\u00eb dhe Medvegj\u00eb. N\u00eb t\u00eb nj\u00ebjt\u00ebn koh\u00eb n\u00eb Vllasotinc\u00eb jan\u00eb n\u00ebnshkruar 7 kontrata me vler\u00eb 15,5 milion dinar\u00eb p\u00ebr realizimin e projekteve n\u00eb at\u00eb komun\u00eb si dhe n\u00eb komun\u00ebn e C\u00ebrna Trav\u00ebs.","og_url":"https:\/\/kt.gov.rs\/sq\/22-6-2009\/","og_site_name":"Republika e S\u00ebrbis\u00eb Trupi Koordinues p\u00ebr komunat Bujanoc, Preshev\u00eb dhe Medvegj\u00eb","article_publisher":"https:\/\/www.facebook.com\/SluzbaKoordinacionogTelaVladeRepublikeSrbije","article_published_time":"2009-06-22T00:00:00+00:00","author":"ktmin","twitter_card":"summary_large_image","twitter_creator":"@kt_gov","twitter_site":"@kt_gov","twitter_misc":{"Written by":"ktmin","Est. reading time":"1 minute"},"schema":{"@context":"https:\/\/schema.org","@graph":[{"@type":"Article","@id":"https:\/\/kt.gov.rs\/sq\/22-6-2009\/#article","isPartOf":{"@id":"https:\/\/kt.gov.rs\/sq\/22-6-2009\/"},"author":{"name":"ktmin","@id":"https:\/\/kt.gov.rs\/#\/schema\/person\/e426459ddb4173309103390602694571"},"headline":"22.6.2009","datePublished":"2009-06-22T00:00:00+00:00","mainEntityOfPage":{"@id":"https:\/\/kt.gov.rs\/sq\/22-6-2009\/"},"wordCount":224,"publisher":{"@id":"https:\/\/kt.gov.rs\/#organization"},"articleSection":["Lajme"],"inLanguage":"sq-AL"},{"@type":"WebPage","@id":"https:\/\/kt.gov.rs\/sq\/22-6-2009\/","url":"https:\/\/kt.gov.rs\/sq\/22-6-2009\/","name":"22.6.2009 - Republika e S\u00ebrbis\u00eb Trupi Koordinues p\u00ebr komunat Bujanoc, Preshev\u00eb dhe Medvegj\u00eb","isPartOf":{"@id":"https:\/\/kt.gov.rs\/#website"},"datePublished":"2009-06-22T00:00:00+00:00","breadcrumb":{"@id":"https:\/\/kt.gov.rs\/sq\/22-6-2009\/#breadcrumb"},"inLanguage":"sq-AL","potentialAction":[{"@type":"ReadAction","target":["https:\/\/kt.gov.rs\/sq\/22-6-2009\/"]}]},{"@type":"BreadcrumbList","@id":"https:\/\/kt.gov.rs\/sq\/22-6-2009\/#breadcrumb","itemListElement":[{"@type":"ListItem","position":1,"name":"Po\u010detna","item":"https:\/\/kt.gov.rs\/sq\/"},{"@type":"ListItem","position":2,"name":"22.6.2009"}]},{"@type":"WebSite","@id":"https:\/\/kt.gov.rs\/#website","url":"https:\/\/kt.gov.rs\/","name":"Koordinaciono telo Vlade Republike Srbije za op\u0161tine Pre\u0161evo, Bujanovac i Medve\u0111a","description":"","publisher":{"@id":"https:\/\/kt.gov.rs\/#organization"},"alternateName":"Koordinaciono telo","potentialAction":[{"@type":"SearchAction","target":{"@type":"EntryPoint","urlTemplate":"https:\/\/kt.gov.rs\/?s={search_term_string}"},"query-input":{"@type":"PropertyValueSpecification","valueRequired":true,"valueName":"search_term_string"}}],"inLanguage":"sq-AL"},{"@type":"Organization","@id":"https:\/\/kt.gov.rs\/#organization","name":"Koordinaciono telo Vlade Republike Srbije za op\u0161tine Pre\u0161evo, Bujanovac i Medve\u0111a","alternateName":"Koordinaciono telo","url":"https:\/\/kt.gov.rs\/","logo":{"@type":"ImageObject","inLanguage":"sq-AL","@id":"https:\/\/kt.gov.rs\/#\/schema\/logo\/image\/","url":"https:\/\/kt.gov.rs\/wp-content\/uploads\/2024\/12\/koord2.jpg","contentUrl":"https:\/\/kt.gov.rs\/wp-content\/uploads\/2024\/12\/koord2.jpg","width":640,"height":480,"caption":"Koordinaciono telo Vlade Republike Srbije za op\u0161tine Pre\u0161evo, Bujanovac i Medve\u0111a"},"image":{"@id":"https:\/\/kt.gov.rs\/#\/schema\/logo\/image\/"},"sameAs":["https:\/\/www.facebook.com\/SluzbaKoordinacionogTelaVladeRepublikeSrbije","https:\/\/x.com\/kt_gov","https:\/\/www.youtube.com\/@koordinacionotelo"]},{"@type":"Person","@id":"https:\/\/kt.gov.rs\/#\/schema\/person\/e426459ddb4173309103390602694571","name":"ktmin","image":{"@type":"ImageObject","inLanguage":"sq-AL","@id":"https:\/\/secure.gravatar.com\/avatar\/3985c961109853010c3fbc7ba30365bfba5db3dd6c525831d9c595c7525a615a?s=96&d=mm&r=g","url":"https:\/\/secure.gravatar.com\/avatar\/3985c961109853010c3fbc7ba30365bfba5db3dd6c525831d9c595c7525a615a?s=96&d=mm&r=g","contentUrl":"https:\/\/secure.gravatar.com\/avatar\/3985c961109853010c3fbc7ba30365bfba5db3dd6c525831d9c595c7525a615a?s=96&d=mm&r=g","caption":"ktmin"},"sameAs":["https:\/\/kt.gov.rs"],"url":"https:\/\/kt.gov.rs\/sq\/author\/ktmin\/"}]}},"_links":{"self":[{"href":"https:\/\/kt.gov.rs\/sq\/wp-json\/wp\/v2\/posts\/143322","targetHints":{"allow":["GET"]}}],"collection":[{"href":"https:\/\/kt.gov.rs\/sq\/wp-json\/wp\/v2\/posts"}],"about":[{"href":"https:\/\/kt.gov.rs\/sq\/wp-json\/wp\/v2\/types\/post"}],"author":[{"embeddable":true,"href":"https:\/\/kt.gov.rs\/sq\/wp-json\/wp\/v2\/users\/1"}],"replies":[{"embeddable":true,"href":"https:\/\/kt.gov.rs\/sq\/wp-json\/wp\/v2\/comments?post=143322"}],"version-history":[{"count":0,"href":"https:\/\/kt.gov.rs\/sq\/wp-json\/wp\/v2\/posts\/143322\/revisions"}],"wp:attachment":[{"href":"https:\/\/kt.gov.rs\/sq\/wp-json\/wp\/v2\/media?parent=143322"}],"wp:term":[{"taxonomy":"category","embeddable":true,"href":"https:\/\/kt.gov.rs\/sq\/wp-json\/wp\/v2\/categories?post=143322"},{"taxonomy":"post_tag","embeddable":true,"href":"https:\/\/kt.gov.rs\/sq\/wp-json\/wp\/v2\/tags?post=143322"}],"curies":[{"name":"wp","href":"https:\/\/api.w.org\/{rel}","templated":true}]}}