{"id":143310,"date":"2009-07-01T00:00:00","date_gmt":"2009-07-01T00:00:00","guid":{"rendered":"http:\/\/kt.printandscreen.rs\/mbahet-takimi-i-grupit-punues-per-arsim-kulture-sport-dhe-informim-24-06-2009\/"},"modified":"2024-07-30T20:24:38","modified_gmt":"2024-07-30T20:24:38","slug":"mbahet-takimi-i-grupit-punues-per-arsim-kulture-sport-dhe-informim-24-06-2009","status":"publish","type":"post","link":"https:\/\/kt.gov.rs\/sq\/mbahet-takimi-i-grupit-punues-per-arsim-kulture-sport-dhe-informim-24-06-2009\/","title":{"rendered":"Mbahet takimi I Grupit Punues p\u00ebr arsim, kultur\u00eb, sport dhe informim \u2013 24.06.2009"},"content":{"rendered":"<p><img decoding=\"async\" align=\"left\" alt=\"\" src=\"https:\/\/kt.gov.rs\/wp-content\/uploads\/2024\/07\/pic030vesti-4.jpg\" \/>Takimi konstituiv i grupit Punues p\u00ebr arsim \u00ebsht\u00eb mbajtur m\u00eb 24. qershor\u00eb 2009. \u00cbsht\u00eb biseduar rreth problemeve m\u00eb t\u00eb r\u00ebnd\u00ebsishme t\u00eb komunave t\u00eb Preshev\u00ebs, Bujanocit dhe Medvegj\u00ebs nga sfera e arsimit, kultur\u00ebs, sportit dhe informimit. Udh\u00ebheq\u00ebs i grupit, sekretaresha shtet\u00ebrore pran\u00eb Ministris\u00eb s\u00eb arsimit Tinde Kova\u00e7 Ceroviq deklaroi: edhepse sipas rregullave, rreth arsimit p\u00ebr pakicat komb\u00ebtare vendos\u00eb k\u00ebshilli nacional, n\u00eb rastin e shqip\u00ebtar\u00ebve ky k\u00ebshill ende nuk \u00ebsht\u00eb formuar dhe p\u00ebr k\u00ebt\u00eb arsye t\u00eb gjitha problemet nga sfera e arsimit t\u00eb k\u00ebtyre tri komunave do t\u00eb zgjidhen p\u00ebrmes grupit Punues.<\/p>\n<p>P\u00ebrpos Zonj\u00ebs Tinde Kova\u00e7 Ceroviq, grupin punues e p\u00ebrb\u00ebjn\u00eb edhe drejtori i Sh\u00ebrbimit t\u00eb Trupit Koordinues Nenad Gjurgjeviq, Biljana Stojanoviq nga Ministria e arsimit, kryeshefi i sektorit p\u00ebr sport n\u00eb Ministrin\u00eb e rinis\u00eb dhe sportit Dragan Tomasheviq, ndihm\u00ebsja e ministresh\u00ebs p\u00ebr mbrojtjen e trash\u00ebgimis\u00eb kulturore n\u00eb Ministrin\u00eb e kultur\u00ebs Dushica Zhivkoviq, p\u00ebrfaq\u00ebsuesja e Ministris\u00eb p\u00ebr t\u00eb drejtat e njeriut dhe pakicave Jasna Plavshiq si dhe p\u00ebrfaq\u00ebsuesit e komunave t\u00eb Preshev\u00ebs, Bujanocit dhe Medvegj\u00ebs.<br \/>\nGjat\u00eb takimit \u00ebsht\u00eb diskutuar edhe p\u00ebr p\u00ebrpilimin e studios s\u00eb fizibilitetit p\u00ebr hapjen e institucioneve t\u00eb shkollave t\u00eb larta n\u00eb Preshev\u00eb dhe Bujanoc, realizimi i t\u00eb cilit do t\u00eb ket\u00eb nj\u00eb r\u00ebnd\u00ebsi t\u00eb posaqme p\u00ebr planet e ardhshme t\u00eb Trupit Koordinues si dhe Ministris\u00eb s\u00eb Arsimit.<\/p>\n","protected":false},"excerpt":{"rendered":"<p>Takimi konstituiv i grupit Punues p\u00ebr arsim \u00ebsht\u00eb mbajtur m\u00eb 24. qershor\u00eb 2009. \u00cbsht\u00eb biseduar rreth problemeve m\u00eb t\u00eb r\u00ebnd\u00ebsishme t\u00eb komunave t\u00eb Preshev\u00ebs, Bujanocit dhe Medvegj\u00ebs nga sfera e arsimit, kultur\u00ebs, sportit dhe informimit. Udh\u00ebheq\u00ebs i grupit, sekretaresha shtet\u00ebrore pran\u00eb Ministris\u00eb s\u00eb arsimit Tinde Kova\u00e7 Ceroviq deklaroi: edhepse sipas rregullave, rreth arsimit p\u00ebr pakicat komb\u00ebtare vendos\u00eb k\u00ebshilli nacional, n\u00eb rastin e shqip\u00ebtar\u00ebve ky k\u00ebshill ende nuk \u00ebsht\u00eb formuar dhe p\u00ebr k\u00ebt\u00eb arsye t\u00eb gjitha problemet nga sfera e arsimit t\u00eb k\u00ebtyre tri komunave do t\u00eb zgjidhen p\u00ebrmes grupit Punues.<\/p>\n","protected":false},"author":1,"featured_media":143315,"comment_status":"closed","ping_status":"closed","sticky":false,"template":"","format":"standard","meta":{"footnotes":""},"categories":[55],"tags":[],"class_list":["post-143310","post","type-post","status-publish","format-standard","has-post-thumbnail","hentry","category-lajme"],"yoast_head":"<!-- This site is optimized with the Yoast SEO plugin v27.4 - https:\/\/yoast.com\/product\/yoast-seo-wordpress\/ -->\n<title>Mbahet takimi I Grupit Punues p\u00ebr arsim, kultur\u00eb, sport dhe informim - 24.06.2009 - Republika e S\u00ebrbis\u00eb Trupi Koordinues p\u00ebr komunat Bujanoc, Preshev\u00eb dhe Medvegj\u00eb<\/title>\n<meta name=\"robots\" content=\"index, follow, max-snippet:-1, max-image-preview:large, max-video-preview:-1\" \/>\n<link rel=\"canonical\" href=\"https:\/\/kt.gov.rs\/sq\/mbahet-takimi-i-grupit-punues-per-arsim-kulture-sport-dhe-informim-24-06-2009\/\" \/>\n<meta property=\"og:locale\" content=\"sq_AL\" \/>\n<meta property=\"og:type\" content=\"article\" \/>\n<meta property=\"og:title\" content=\"Mbahet takimi I Grupit Punues p\u00ebr arsim, kultur\u00eb, sport dhe informim - 24.06.2009 - Republika e S\u00ebrbis\u00eb Trupi Koordinues p\u00ebr komunat Bujanoc, Preshev\u00eb dhe Medvegj\u00eb\" \/>\n<meta property=\"og:description\" content=\"Takimi konstituiv i grupit Punues p\u00ebr arsim \u00ebsht\u00eb mbajtur m\u00eb 24. qershor\u00eb 2009. \u00cbsht\u00eb biseduar rreth problemeve m\u00eb t\u00eb r\u00ebnd\u00ebsishme t\u00eb komunave t\u00eb Preshev\u00ebs, Bujanocit dhe Medvegj\u00ebs nga sfera e arsimit, kultur\u00ebs, sportit dhe informimit. Udh\u00ebheq\u00ebs i grupit, sekretaresha shtet\u00ebrore pran\u00eb Ministris\u00eb s\u00eb arsimit Tinde Kova\u00e7 Ceroviq deklaroi: edhepse sipas rregullave, rreth arsimit p\u00ebr pakicat komb\u00ebtare vendos\u00eb k\u00ebshilli nacional, n\u00eb rastin e shqip\u00ebtar\u00ebve ky k\u00ebshill ende nuk \u00ebsht\u00eb formuar dhe p\u00ebr k\u00ebt\u00eb arsye t\u00eb gjitha problemet nga sfera e arsimit t\u00eb k\u00ebtyre tri komunave do t\u00eb zgjidhen p\u00ebrmes grupit Punues.\" \/>\n<meta property=\"og:url\" content=\"https:\/\/kt.gov.rs\/sq\/mbahet-takimi-i-grupit-punues-per-arsim-kulture-sport-dhe-informim-24-06-2009\/\" \/>\n<meta property=\"og:site_name\" content=\"Republika e S\u00ebrbis\u00eb Trupi Koordinues p\u00ebr komunat Bujanoc, Preshev\u00eb dhe Medvegj\u00eb\" \/>\n<meta property=\"article:publisher\" content=\"https:\/\/www.facebook.com\/SluzbaKoordinacionogTelaVladeRepublikeSrbije\" \/>\n<meta property=\"article:published_time\" content=\"2009-07-01T00:00:00+00:00\" \/>\n<meta property=\"article:modified_time\" content=\"2024-07-30T20:24:38+00:00\" \/>\n<meta property=\"og:image\" content=\"https:\/\/kt.gov.rs\/wp-content\/uploads\/2024\/07\/pic030vesti-5.jpg\" \/>\n\t<meta property=\"og:image:width\" content=\"250\" \/>\n\t<meta property=\"og:image:height\" content=\"180\" \/>\n\t<meta property=\"og:image:type\" content=\"image\/jpeg\" \/>\n<meta name=\"author\" content=\"ktmin\" \/>\n<meta name=\"twitter:card\" content=\"summary_large_image\" \/>\n<meta name=\"twitter:creator\" content=\"@kt_gov\" \/>\n<meta name=\"twitter:site\" content=\"@kt_gov\" \/>\n<meta name=\"twitter:label1\" content=\"Written by\" \/>\n\t<meta name=\"twitter:data1\" content=\"ktmin\" \/>\n\t<meta name=\"twitter:label2\" content=\"Est. reading time\" \/>\n\t<meta name=\"twitter:data2\" content=\"1 minute\" \/>\n<script type=\"application\/ld+json\" class=\"yoast-schema-graph\">{\"@context\":\"https:\\\/\\\/schema.org\",\"@graph\":[{\"@type\":\"Article\",\"@id\":\"https:\\\/\\\/kt.gov.rs\\\/sq\\\/mbahet-takimi-i-grupit-punues-per-arsim-kulture-sport-dhe-informim-24-06-2009\\\/#article\",\"isPartOf\":{\"@id\":\"https:\\\/\\\/kt.gov.rs\\\/sq\\\/mbahet-takimi-i-grupit-punues-per-arsim-kulture-sport-dhe-informim-24-06-2009\\\/\"},\"author\":{\"name\":\"ktmin\",\"@id\":\"https:\\\/\\\/kt.gov.rs\\\/#\\\/schema\\\/person\\\/e426459ddb4173309103390602694571\"},\"headline\":\"Mbahet takimi I Grupit Punues p\u00ebr arsim, kultur\u00eb, sport dhe informim \u2013 24.06.2009\",\"datePublished\":\"2009-07-01T00:00:00+00:00\",\"dateModified\":\"2024-07-30T20:24:38+00:00\",\"mainEntityOfPage\":{\"@id\":\"https:\\\/\\\/kt.gov.rs\\\/sq\\\/mbahet-takimi-i-grupit-punues-per-arsim-kulture-sport-dhe-informim-24-06-2009\\\/\"},\"wordCount\":263,\"publisher\":{\"@id\":\"https:\\\/\\\/kt.gov.rs\\\/#organization\"},\"image\":{\"@id\":\"https:\\\/\\\/kt.gov.rs\\\/sq\\\/mbahet-takimi-i-grupit-punues-per-arsim-kulture-sport-dhe-informim-24-06-2009\\\/#primaryimage\"},\"thumbnailUrl\":\"https:\\\/\\\/kt.gov.rs\\\/wp-content\\\/uploads\\\/2024\\\/07\\\/pic030vesti-5.jpg\",\"articleSection\":[\"Lajme\"],\"inLanguage\":\"sq-AL\"},{\"@type\":\"WebPage\",\"@id\":\"https:\\\/\\\/kt.gov.rs\\\/sq\\\/mbahet-takimi-i-grupit-punues-per-arsim-kulture-sport-dhe-informim-24-06-2009\\\/\",\"url\":\"https:\\\/\\\/kt.gov.rs\\\/sq\\\/mbahet-takimi-i-grupit-punues-per-arsim-kulture-sport-dhe-informim-24-06-2009\\\/\",\"name\":\"Mbahet takimi I Grupit Punues p\u00ebr arsim, kultur\u00eb, sport dhe informim - 24.06.2009 - Republika e S\u00ebrbis\u00eb Trupi Koordinues p\u00ebr komunat Bujanoc, Preshev\u00eb dhe Medvegj\u00eb\",\"isPartOf\":{\"@id\":\"https:\\\/\\\/kt.gov.rs\\\/#website\"},\"primaryImageOfPage\":{\"@id\":\"https:\\\/\\\/kt.gov.rs\\\/sq\\\/mbahet-takimi-i-grupit-punues-per-arsim-kulture-sport-dhe-informim-24-06-2009\\\/#primaryimage\"},\"image\":{\"@id\":\"https:\\\/\\\/kt.gov.rs\\\/sq\\\/mbahet-takimi-i-grupit-punues-per-arsim-kulture-sport-dhe-informim-24-06-2009\\\/#primaryimage\"},\"thumbnailUrl\":\"https:\\\/\\\/kt.gov.rs\\\/wp-content\\\/uploads\\\/2024\\\/07\\\/pic030vesti-5.jpg\",\"datePublished\":\"2009-07-01T00:00:00+00:00\",\"dateModified\":\"2024-07-30T20:24:38+00:00\",\"breadcrumb\":{\"@id\":\"https:\\\/\\\/kt.gov.rs\\\/sq\\\/mbahet-takimi-i-grupit-punues-per-arsim-kulture-sport-dhe-informim-24-06-2009\\\/#breadcrumb\"},\"inLanguage\":\"sq-AL\",\"potentialAction\":[{\"@type\":\"ReadAction\",\"target\":[\"https:\\\/\\\/kt.gov.rs\\\/sq\\\/mbahet-takimi-i-grupit-punues-per-arsim-kulture-sport-dhe-informim-24-06-2009\\\/\"]}]},{\"@type\":\"ImageObject\",\"inLanguage\":\"sq-AL\",\"@id\":\"https:\\\/\\\/kt.gov.rs\\\/sq\\\/mbahet-takimi-i-grupit-punues-per-arsim-kulture-sport-dhe-informim-24-06-2009\\\/#primaryimage\",\"url\":\"https:\\\/\\\/kt.gov.rs\\\/wp-content\\\/uploads\\\/2024\\\/07\\\/pic030vesti-5.jpg\",\"contentUrl\":\"https:\\\/\\\/kt.gov.rs\\\/wp-content\\\/uploads\\\/2024\\\/07\\\/pic030vesti-5.jpg\",\"width\":250,\"height\":180},{\"@type\":\"BreadcrumbList\",\"@id\":\"https:\\\/\\\/kt.gov.rs\\\/sq\\\/mbahet-takimi-i-grupit-punues-per-arsim-kulture-sport-dhe-informim-24-06-2009\\\/#breadcrumb\",\"itemListElement\":[{\"@type\":\"ListItem\",\"position\":1,\"name\":\"\u041f\u043e\u0447\u0435\u0442\u043d\u0430\",\"item\":\"https:\\\/\\\/kt.gov.rs\\\/sq\\\/\"},{\"@type\":\"ListItem\",\"position\":2,\"name\":\"Mbahet takimi I Grupit Punues p\u00ebr arsim, kultur\u00eb, sport dhe informim \u2013 24.06.2009\"}]},{\"@type\":\"WebSite\",\"@id\":\"https:\\\/\\\/kt.gov.rs\\\/#website\",\"url\":\"https:\\\/\\\/kt.gov.rs\\\/\",\"name\":\"\u041a\u043e\u043e\u0440\u0434\u0438\u043d\u0430\u0446\u0438\u043e\u043d\u043e \u0442\u0435\u043b\u043e \u0412\u043b\u0430\u0434\u0435 \u0420\u0435\u043f\u0443\u0431\u043b\u0438\u043a\u0435 \u0421\u0440\u0431\u0438\u0458\u0435 \u0437\u0430 \u043e\u043f\u0448\u0442\u0438\u043d\u0435 \u041f\u0440\u0435\u0448\u0435\u0432\u043e, \u0411\u0443\u0458\u0430\u043d\u043e\u0432\u0430\u0446 \u0438 \u041c\u0435\u0434\u0432\u0435\u0452a\",\"description\":\"\",\"publisher\":{\"@id\":\"https:\\\/\\\/kt.gov.rs\\\/#organization\"},\"alternateName\":\"\u041a\u043e\u043e\u0440\u0434\u0438\u043d\u0430\u0446\u0438\u043e\u043d\u043e \u0442\u0435\u043b\u043e\",\"potentialAction\":[{\"@type\":\"SearchAction\",\"target\":{\"@type\":\"EntryPoint\",\"urlTemplate\":\"https:\\\/\\\/kt.gov.rs\\\/?s={search_term_string}\"},\"query-input\":{\"@type\":\"PropertyValueSpecification\",\"valueRequired\":true,\"valueName\":\"search_term_string\"}}],\"inLanguage\":\"sq-AL\"},{\"@type\":\"Organization\",\"@id\":\"https:\\\/\\\/kt.gov.rs\\\/#organization\",\"name\":\"\u041a\u043e\u043e\u0440\u0434\u0438\u043d\u0430\u0446\u0438\u043e\u043d\u043e \u0442\u0435\u043b\u043e \u0412\u043b\u0430\u0434\u0435 \u0420\u0435\u043f\u0443\u0431\u043b\u0438\u043a\u0435 \u0421\u0440\u0431\u0438\u0458\u0435 \u0437\u0430 \u043e\u043f\u0448\u0442\u0438\u043d\u0435 \u041f\u0440\u0435\u0448\u0435\u0432\u043e, \u0411\u0443\u0458\u0430\u043d\u043e\u0432\u0430\u0446 \u0438 \u041c\u0435\u0434\u0432\u0435\u0452a\",\"alternateName\":\"\u041a\u043e\u043e\u0440\u0434\u0438\u043d\u0430\u0446\u0438\u043e\u043d\u043e \u0442\u0435\u043b\u043e\",\"url\":\"https:\\\/\\\/kt.gov.rs\\\/\",\"logo\":{\"@type\":\"ImageObject\",\"inLanguage\":\"sq-AL\",\"@id\":\"https:\\\/\\\/kt.gov.rs\\\/#\\\/schema\\\/logo\\\/image\\\/\",\"url\":\"https:\\\/\\\/kt.gov.rs\\\/wp-content\\\/uploads\\\/2024\\\/12\\\/koord2.jpg\",\"contentUrl\":\"https:\\\/\\\/kt.gov.rs\\\/wp-content\\\/uploads\\\/2024\\\/12\\\/koord2.jpg\",\"width\":640,\"height\":480,\"caption\":\"\u041a\u043e\u043e\u0440\u0434\u0438\u043d\u0430\u0446\u0438\u043e\u043d\u043e \u0442\u0435\u043b\u043e \u0412\u043b\u0430\u0434\u0435 \u0420\u0435\u043f\u0443\u0431\u043b\u0438\u043a\u0435 \u0421\u0440\u0431\u0438\u0458\u0435 \u0437\u0430 \u043e\u043f\u0448\u0442\u0438\u043d\u0435 \u041f\u0440\u0435\u0448\u0435\u0432\u043e, \u0411\u0443\u0458\u0430\u043d\u043e\u0432\u0430\u0446 \u0438 \u041c\u0435\u0434\u0432\u0435\u0452a\"},\"image\":{\"@id\":\"https:\\\/\\\/kt.gov.rs\\\/#\\\/schema\\\/logo\\\/image\\\/\"},\"sameAs\":[\"https:\\\/\\\/www.facebook.com\\\/SluzbaKoordinacionogTelaVladeRepublikeSrbije\",\"https:\\\/\\\/x.com\\\/kt_gov\",\"https:\\\/\\\/www.youtube.com\\\/@koordinacionotelo\"]},{\"@type\":\"Person\",\"@id\":\"https:\\\/\\\/kt.gov.rs\\\/#\\\/schema\\\/person\\\/e426459ddb4173309103390602694571\",\"name\":\"ktmin\",\"image\":{\"@type\":\"ImageObject\",\"inLanguage\":\"sq-AL\",\"@id\":\"https:\\\/\\\/secure.gravatar.com\\\/avatar\\\/3985c961109853010c3fbc7ba30365bfba5db3dd6c525831d9c595c7525a615a?s=96&d=mm&r=g\",\"url\":\"https:\\\/\\\/secure.gravatar.com\\\/avatar\\\/3985c961109853010c3fbc7ba30365bfba5db3dd6c525831d9c595c7525a615a?s=96&d=mm&r=g\",\"contentUrl\":\"https:\\\/\\\/secure.gravatar.com\\\/avatar\\\/3985c961109853010c3fbc7ba30365bfba5db3dd6c525831d9c595c7525a615a?s=96&d=mm&r=g\",\"caption\":\"ktmin\"},\"sameAs\":[\"https:\\\/\\\/kt.gov.rs\"],\"url\":\"https:\\\/\\\/kt.gov.rs\\\/sq\\\/author\\\/ktmin\\\/\"}]}<\/script>\n<!-- \/ Yoast SEO plugin. -->","yoast_head_json":{"title":"Mbahet takimi I Grupit Punues p\u00ebr arsim, kultur\u00eb, sport dhe informim - 24.06.2009 - Republika e S\u00ebrbis\u00eb Trupi Koordinues p\u00ebr komunat Bujanoc, Preshev\u00eb dhe Medvegj\u00eb","robots":{"index":"index","follow":"follow","max-snippet":"max-snippet:-1","max-image-preview":"max-image-preview:large","max-video-preview":"max-video-preview:-1"},"canonical":"https:\/\/kt.gov.rs\/sq\/mbahet-takimi-i-grupit-punues-per-arsim-kulture-sport-dhe-informim-24-06-2009\/","og_locale":"sq_AL","og_type":"article","og_title":"Mbahet takimi I Grupit Punues p\u00ebr arsim, kultur\u00eb, sport dhe informim - 24.06.2009 - Republika e S\u00ebrbis\u00eb Trupi Koordinues p\u00ebr komunat Bujanoc, Preshev\u00eb dhe Medvegj\u00eb","og_description":"Takimi konstituiv i grupit Punues p\u00ebr arsim \u00ebsht\u00eb mbajtur m\u00eb 24. qershor\u00eb 2009. \u00cbsht\u00eb biseduar rreth problemeve m\u00eb t\u00eb r\u00ebnd\u00ebsishme t\u00eb komunave t\u00eb Preshev\u00ebs, Bujanocit dhe Medvegj\u00ebs nga sfera e arsimit, kultur\u00ebs, sportit dhe informimit. Udh\u00ebheq\u00ebs i grupit, sekretaresha shtet\u00ebrore pran\u00eb Ministris\u00eb s\u00eb arsimit Tinde Kova\u00e7 Ceroviq deklaroi: edhepse sipas rregullave, rreth arsimit p\u00ebr pakicat komb\u00ebtare vendos\u00eb k\u00ebshilli nacional, n\u00eb rastin e shqip\u00ebtar\u00ebve ky k\u00ebshill ende nuk \u00ebsht\u00eb formuar dhe p\u00ebr k\u00ebt\u00eb arsye t\u00eb gjitha problemet nga sfera e arsimit t\u00eb k\u00ebtyre tri komunave do t\u00eb zgjidhen p\u00ebrmes grupit Punues.","og_url":"https:\/\/kt.gov.rs\/sq\/mbahet-takimi-i-grupit-punues-per-arsim-kulture-sport-dhe-informim-24-06-2009\/","og_site_name":"Republika e S\u00ebrbis\u00eb Trupi Koordinues p\u00ebr komunat Bujanoc, Preshev\u00eb dhe Medvegj\u00eb","article_publisher":"https:\/\/www.facebook.com\/SluzbaKoordinacionogTelaVladeRepublikeSrbije","article_published_time":"2009-07-01T00:00:00+00:00","article_modified_time":"2024-07-30T20:24:38+00:00","og_image":[{"width":250,"height":180,"url":"https:\/\/kt.gov.rs\/wp-content\/uploads\/2024\/07\/pic030vesti-5.jpg","type":"image\/jpeg"}],"author":"ktmin","twitter_card":"summary_large_image","twitter_creator":"@kt_gov","twitter_site":"@kt_gov","twitter_misc":{"Written by":"ktmin","Est. reading time":"1 minute"},"schema":{"@context":"https:\/\/schema.org","@graph":[{"@type":"Article","@id":"https:\/\/kt.gov.rs\/sq\/mbahet-takimi-i-grupit-punues-per-arsim-kulture-sport-dhe-informim-24-06-2009\/#article","isPartOf":{"@id":"https:\/\/kt.gov.rs\/sq\/mbahet-takimi-i-grupit-punues-per-arsim-kulture-sport-dhe-informim-24-06-2009\/"},"author":{"name":"ktmin","@id":"https:\/\/kt.gov.rs\/#\/schema\/person\/e426459ddb4173309103390602694571"},"headline":"Mbahet takimi I Grupit Punues p\u00ebr arsim, kultur\u00eb, sport dhe informim \u2013 24.06.2009","datePublished":"2009-07-01T00:00:00+00:00","dateModified":"2024-07-30T20:24:38+00:00","mainEntityOfPage":{"@id":"https:\/\/kt.gov.rs\/sq\/mbahet-takimi-i-grupit-punues-per-arsim-kulture-sport-dhe-informim-24-06-2009\/"},"wordCount":263,"publisher":{"@id":"https:\/\/kt.gov.rs\/#organization"},"image":{"@id":"https:\/\/kt.gov.rs\/sq\/mbahet-takimi-i-grupit-punues-per-arsim-kulture-sport-dhe-informim-24-06-2009\/#primaryimage"},"thumbnailUrl":"https:\/\/kt.gov.rs\/wp-content\/uploads\/2024\/07\/pic030vesti-5.jpg","articleSection":["Lajme"],"inLanguage":"sq-AL"},{"@type":"WebPage","@id":"https:\/\/kt.gov.rs\/sq\/mbahet-takimi-i-grupit-punues-per-arsim-kulture-sport-dhe-informim-24-06-2009\/","url":"https:\/\/kt.gov.rs\/sq\/mbahet-takimi-i-grupit-punues-per-arsim-kulture-sport-dhe-informim-24-06-2009\/","name":"Mbahet takimi I Grupit Punues p\u00ebr arsim, kultur\u00eb, sport dhe informim - 24.06.2009 - Republika e S\u00ebrbis\u00eb Trupi Koordinues p\u00ebr komunat Bujanoc, Preshev\u00eb dhe Medvegj\u00eb","isPartOf":{"@id":"https:\/\/kt.gov.rs\/#website"},"primaryImageOfPage":{"@id":"https:\/\/kt.gov.rs\/sq\/mbahet-takimi-i-grupit-punues-per-arsim-kulture-sport-dhe-informim-24-06-2009\/#primaryimage"},"image":{"@id":"https:\/\/kt.gov.rs\/sq\/mbahet-takimi-i-grupit-punues-per-arsim-kulture-sport-dhe-informim-24-06-2009\/#primaryimage"},"thumbnailUrl":"https:\/\/kt.gov.rs\/wp-content\/uploads\/2024\/07\/pic030vesti-5.jpg","datePublished":"2009-07-01T00:00:00+00:00","dateModified":"2024-07-30T20:24:38+00:00","breadcrumb":{"@id":"https:\/\/kt.gov.rs\/sq\/mbahet-takimi-i-grupit-punues-per-arsim-kulture-sport-dhe-informim-24-06-2009\/#breadcrumb"},"inLanguage":"sq-AL","potentialAction":[{"@type":"ReadAction","target":["https:\/\/kt.gov.rs\/sq\/mbahet-takimi-i-grupit-punues-per-arsim-kulture-sport-dhe-informim-24-06-2009\/"]}]},{"@type":"ImageObject","inLanguage":"sq-AL","@id":"https:\/\/kt.gov.rs\/sq\/mbahet-takimi-i-grupit-punues-per-arsim-kulture-sport-dhe-informim-24-06-2009\/#primaryimage","url":"https:\/\/kt.gov.rs\/wp-content\/uploads\/2024\/07\/pic030vesti-5.jpg","contentUrl":"https:\/\/kt.gov.rs\/wp-content\/uploads\/2024\/07\/pic030vesti-5.jpg","width":250,"height":180},{"@type":"BreadcrumbList","@id":"https:\/\/kt.gov.rs\/sq\/mbahet-takimi-i-grupit-punues-per-arsim-kulture-sport-dhe-informim-24-06-2009\/#breadcrumb","itemListElement":[{"@type":"ListItem","position":1,"name":"\u041f\u043e\u0447\u0435\u0442\u043d\u0430","item":"https:\/\/kt.gov.rs\/sq\/"},{"@type":"ListItem","position":2,"name":"Mbahet takimi I Grupit Punues p\u00ebr arsim, kultur\u00eb, sport dhe informim \u2013 24.06.2009"}]},{"@type":"WebSite","@id":"https:\/\/kt.gov.rs\/#website","url":"https:\/\/kt.gov.rs\/","name":"\u041a\u043e\u043e\u0440\u0434\u0438\u043d\u0430\u0446\u0438\u043e\u043d\u043e \u0442\u0435\u043b\u043e \u0412\u043b\u0430\u0434\u0435 \u0420\u0435\u043f\u0443\u0431\u043b\u0438\u043a\u0435 \u0421\u0440\u0431\u0438\u0458\u0435 \u0437\u0430 \u043e\u043f\u0448\u0442\u0438\u043d\u0435 \u041f\u0440\u0435\u0448\u0435\u0432\u043e, \u0411\u0443\u0458\u0430\u043d\u043e\u0432\u0430\u0446 \u0438 \u041c\u0435\u0434\u0432\u0435\u0452a","description":"","publisher":{"@id":"https:\/\/kt.gov.rs\/#organization"},"alternateName":"\u041a\u043e\u043e\u0440\u0434\u0438\u043d\u0430\u0446\u0438\u043e\u043d\u043e \u0442\u0435\u043b\u043e","potentialAction":[{"@type":"SearchAction","target":{"@type":"EntryPoint","urlTemplate":"https:\/\/kt.gov.rs\/?s={search_term_string}"},"query-input":{"@type":"PropertyValueSpecification","valueRequired":true,"valueName":"search_term_string"}}],"inLanguage":"sq-AL"},{"@type":"Organization","@id":"https:\/\/kt.gov.rs\/#organization","name":"\u041a\u043e\u043e\u0440\u0434\u0438\u043d\u0430\u0446\u0438\u043e\u043d\u043e \u0442\u0435\u043b\u043e \u0412\u043b\u0430\u0434\u0435 \u0420\u0435\u043f\u0443\u0431\u043b\u0438\u043a\u0435 \u0421\u0440\u0431\u0438\u0458\u0435 \u0437\u0430 \u043e\u043f\u0448\u0442\u0438\u043d\u0435 \u041f\u0440\u0435\u0448\u0435\u0432\u043e, \u0411\u0443\u0458\u0430\u043d\u043e\u0432\u0430\u0446 \u0438 \u041c\u0435\u0434\u0432\u0435\u0452a","alternateName":"\u041a\u043e\u043e\u0440\u0434\u0438\u043d\u0430\u0446\u0438\u043e\u043d\u043e \u0442\u0435\u043b\u043e","url":"https:\/\/kt.gov.rs\/","logo":{"@type":"ImageObject","inLanguage":"sq-AL","@id":"https:\/\/kt.gov.rs\/#\/schema\/logo\/image\/","url":"https:\/\/kt.gov.rs\/wp-content\/uploads\/2024\/12\/koord2.jpg","contentUrl":"https:\/\/kt.gov.rs\/wp-content\/uploads\/2024\/12\/koord2.jpg","width":640,"height":480,"caption":"\u041a\u043e\u043e\u0440\u0434\u0438\u043d\u0430\u0446\u0438\u043e\u043d\u043e \u0442\u0435\u043b\u043e \u0412\u043b\u0430\u0434\u0435 \u0420\u0435\u043f\u0443\u0431\u043b\u0438\u043a\u0435 \u0421\u0440\u0431\u0438\u0458\u0435 \u0437\u0430 \u043e\u043f\u0448\u0442\u0438\u043d\u0435 \u041f\u0440\u0435\u0448\u0435\u0432\u043e, \u0411\u0443\u0458\u0430\u043d\u043e\u0432\u0430\u0446 \u0438 \u041c\u0435\u0434\u0432\u0435\u0452a"},"image":{"@id":"https:\/\/kt.gov.rs\/#\/schema\/logo\/image\/"},"sameAs":["https:\/\/www.facebook.com\/SluzbaKoordinacionogTelaVladeRepublikeSrbije","https:\/\/x.com\/kt_gov","https:\/\/www.youtube.com\/@koordinacionotelo"]},{"@type":"Person","@id":"https:\/\/kt.gov.rs\/#\/schema\/person\/e426459ddb4173309103390602694571","name":"ktmin","image":{"@type":"ImageObject","inLanguage":"sq-AL","@id":"https:\/\/secure.gravatar.com\/avatar\/3985c961109853010c3fbc7ba30365bfba5db3dd6c525831d9c595c7525a615a?s=96&d=mm&r=g","url":"https:\/\/secure.gravatar.com\/avatar\/3985c961109853010c3fbc7ba30365bfba5db3dd6c525831d9c595c7525a615a?s=96&d=mm&r=g","contentUrl":"https:\/\/secure.gravatar.com\/avatar\/3985c961109853010c3fbc7ba30365bfba5db3dd6c525831d9c595c7525a615a?s=96&d=mm&r=g","caption":"ktmin"},"sameAs":["https:\/\/kt.gov.rs"],"url":"https:\/\/kt.gov.rs\/sq\/author\/ktmin\/"}]}},"_links":{"self":[{"href":"https:\/\/kt.gov.rs\/sq\/wp-json\/wp\/v2\/posts\/143310","targetHints":{"allow":["GET"]}}],"collection":[{"href":"https:\/\/kt.gov.rs\/sq\/wp-json\/wp\/v2\/posts"}],"about":[{"href":"https:\/\/kt.gov.rs\/sq\/wp-json\/wp\/v2\/types\/post"}],"author":[{"embeddable":true,"href":"https:\/\/kt.gov.rs\/sq\/wp-json\/wp\/v2\/users\/1"}],"replies":[{"embeddable":true,"href":"https:\/\/kt.gov.rs\/sq\/wp-json\/wp\/v2\/comments?post=143310"}],"version-history":[{"count":1,"href":"https:\/\/kt.gov.rs\/sq\/wp-json\/wp\/v2\/posts\/143310\/revisions"}],"predecessor-version":[{"id":143314,"href":"https:\/\/kt.gov.rs\/sq\/wp-json\/wp\/v2\/posts\/143310\/revisions\/143314"}],"wp:featuredmedia":[{"embeddable":true,"href":"https:\/\/kt.gov.rs\/sq\/wp-json\/wp\/v2\/media\/143315"}],"wp:attachment":[{"href":"https:\/\/kt.gov.rs\/sq\/wp-json\/wp\/v2\/media?parent=143310"}],"wp:term":[{"taxonomy":"category","embeddable":true,"href":"https:\/\/kt.gov.rs\/sq\/wp-json\/wp\/v2\/categories?post=143310"},{"taxonomy":"post_tag","embeddable":true,"href":"https:\/\/kt.gov.rs\/sq\/wp-json\/wp\/v2\/tags?post=143310"}],"curies":[{"name":"wp","href":"https:\/\/api.w.org\/{rel}","templated":true}]}}