{"id":143287,"date":"2009-07-15T00:00:00","date_gmt":"2009-07-15T00:00:00","guid":{"rendered":"http:\/\/kt.printandscreen.rs\/intervista-e-milan-markoviqit-dhene-gazetes-politika\/"},"modified":"2024-07-30T20:24:33","modified_gmt":"2024-07-30T20:24:33","slug":"intervista-e-milan-markoviqit-dhene-gazetes-politika","status":"publish","type":"post","link":"https:\/\/kt.gov.rs\/sq\/intervista-e-milan-markoviqit-dhene-gazetes-politika\/","title":{"rendered":"INTERVISTA E MILAN MARKOVIQIT DH\u00cbN\u00cb GAZET\u00cbS ,,POLITIKA\u2019\u2019"},"content":{"rendered":"<p><img decoding=\"async\" align=\"left\" src=\"https:\/\/kt.gov.rs\/wp-content\/uploads\/2024\/07\/pic043vesti-4.jpg\" alt=\"\" \/>,,Hetimet do t\u00eb tregojn\u00eb se a jan\u00eb t\u00eb lidhura sulmet e Preshev\u00ebs me sulmin kund\u00ebr zhandarmeris\u00eb q\u00eb ka ndodhur jav\u00ebn e kaluar n\u00eb komun\u00ebn e Bujanocit. Por, sipas t\u00eb gjitha gjasave, q\u00ebllimi i k\u00ebtij sulmi terorist \u00ebsht\u00eb v\u00ebnia e mossiguris\u00eb si dhe kompromitimi i aft\u00ebsive dhe mund\u00ebsive t\u00eb organeve shtet\u00ebrore e nj\u00ebherit t\u00eb frigoj\u00eb popullat\u00ebn shqip\u00ebtare kurse n\u00eb popullat\u00ebn serbe t\u00eb l\u00ebshoj\u00eb Preshev\u00ebn\u2019\u2019, deklaroi Milan Markoviq, kryetari i Trupit koordinues p\u00ebr komunat e Preshev\u00ebs, Bujanocit dhe Medvegj\u00ebs i cili \u00ebsht\u00eb n\u00eb kontakte me p\u00ebrfaq\u00ebsuesit e pushtetit lokal t\u00eb k\u00ebtyre komunave t\u00eb Serbis\u00eb jugore.<\/p>\n<p>Ministri Makoviq deklaroi se situata n\u00eb Serbin\u00eb jugore \u00ebsht\u00eb e nd\u00ebrlikuar dhe e r\u00ebnd\u00eb dhe \u00ebsht\u00eb logjike q\u00eb askush t\u00eb mos jet\u00eb i k\u00ebnaqur me k\u00ebt\u00eb gjendje. Nj\u00ebri nd\u00ebr problemet \u00ebsht\u00eb edhe arsimimi i shqip\u00ebtar\u00ebve si dhe mungesa e mjeteve shkollore n\u00eb gjuh\u00ebn shqipe. ,,P\u00ebrpos n\u00eb polici, pjes\u00ebmarrja e shqip\u00ebtar\u00ebve n\u00eb institucionet republikane nuk ka t\u00eb p\u00ebrfaq\u00ebsuar\u2019\u2019 potencoi Milan Markoviq, minist\u00ebr i pushtetit lokal dhe i vet\u00ebqeverisjes lokale, duke komentuar pak\u00ebnaq\u00ebsin\u00eb e Shqip\u00ebtar\u00ebve dhe Serb\u00ebve p\u00ebr gjendjen e tanishme n\u00eb k\u00ebto komuna.<\/p>\n<p><strong>Pas n\u00ebnshkrimit t\u00eb marr\u00ebveshjes p\u00ebr rekonstruimin e Trupit Koordinues, Shqip\u00ebtar\u00ebt p\u00ebrs\u00ebri marrin pjes\u00eb n\u00eb pun\u00ebn e saj\u00eb, mir\u00ebpo prap\u00eb nuk jan\u00eb t\u00eb p\u00ebrfaq\u00ebsuar n\u00eb institucionet republikane n\u00eb komunat e Serbis\u00eb jugore sikurse q\u00eb nuk jan\u00eb t\u00eb p\u00ebrfshir\u00eb Serb\u00ebt n\u00eb organet qeveritare n\u00eb nivelin lokal. Qka keni nd\u00ebrmarr\u00eb n\u00eb k\u00ebt\u00eb drejtim?<\/strong><br \/>\nKemi marrur hapat e par\u00eb n\u00eb zgjidhjen e k\u00ebtyre problemeve, mir\u00ebpo n\u00eb m\u00ebnyr\u00eb operative pa ndihm\u00ebn e ministris\u00eb s\u00eb arsimit dhe drejt\u00ebsis\u00eb, shumic\u00ebn e k\u00ebtyre problemeve nuk mundemi t\u2019i zgjidhim vetun. Psh, gjykimi n\u00eb gjuh\u00ebn shqipe. Egzistojn\u00eb t\u00eb drejta t\u00eb cilat jan\u00eb t\u00eb garantuara me Kushtetut\u00eb dhe ligj mir\u00ebpo nuk aplikohen n\u00eb k\u00ebto komuna. Nga ana tjet\u00ebr, Shqip\u00ebtar\u00ebt sikur nuk jan\u00eb t\u00eb gatsh\u00ebm p\u00ebr zgjidhjen s\u00eb problemeve, me shpres\u00eb q\u00eb k\u00ebto probleme m\u00eb von\u00eb t\u00eb p\u00ebrdoren si alibi dhe instrument p\u00ebr ndonj\u00eb situat\u00eb t\u00eb ardhshme<\/p>\n<p><strong>P\u00ebr cilat situata \u00ebsht\u00eb fjala?<\/strong><br \/>\nPara s\u00eb gjithash, n\u00eb raportet me p\u00ebrfaq\u00ebsuesit nd\u00ebrkomb\u00ebtar\u00eb. Edhe Shqip\u00ebtar\u00ebt por edhe Serb\u00ebt nuk jan\u00eb t\u00eb k\u00ebnaqur duke theksuar se Trupi Koordinues m\u00eb tep\u00ebr ka rolin konsultativ, organizon \u00e7faqje dhe koncerte, n\u00eb vend q\u00eb t\u00eb zgjidh\u00eb problemet reale t\u00eb integrimit\u2026 Un\u00eb plot\u00ebsisht i kuptoj ata, mir\u00ebpo Trupi Koordinues nuk ka aft\u00ebsi t\u2019i zgjidh\u00eb ato probleme. Trupi Koordinues mund\u00eb t\u00eb k\u00ebrkoj\u00eb nga organet gjegj\u00ebse n\u00eb zgjidhjen e k\u00ebtyre problemeve, gj\u00eb q\u00eb ne edhe e b\u00ebjm\u00eb.<\/p>\n<p><strong>Qka n\u00ebnkupton reforma e arsimit n\u00eb Serbin\u00eb jugore?<\/strong><br \/>\nP\u00ebrpos p\u00ebrgatitjes s\u00eb mjeteve m\u00ebsimore n\u00eb gjuh\u00ebn shqipe p\u00ebr shkollat fillore dhe t\u00eb mesme, q\u00eb nga shtatori n\u00eb Medvegj\u00eb t\u00eb hapen paralelet e fakultetit t\u00eb Drejt\u00ebsis\u00eb dhe Ekonomis\u00eb s\u00eb Univerzitetit t\u00eb Nishit, ku s\u00eb bashku do t\u00eb vijojn\u00eb studimet student\u00ebt Shqip\u00ebtar\u00eb dhe ata Serb\u00eb. Q\u00ebllimi yn\u00eb \u00ebsht\u00eb q\u00eb Shqip\u00ebtar\u00ebt nga Bujanoci dhe Presheva t\u00eb studjojn\u00eb n\u00eb gjuh\u00ebn e tyre am\u00ebtare me plan\u00ebprogramet e Republik\u00ebs s\u00eb Serbis\u00eb.<\/p>\n<p><strong>Keni deklaruar se k\u00ebto tri komuna jan\u00eb interne. Qka prisni nga udh\u00ebheq\u00ebsia e tyre?<\/strong><br \/>\nJo vet\u00ebm n\u00eb k\u00ebto komuna, por edhe n\u00eb komunat tjera, kryetar\u00ebt duhet t\u00eb jen\u00eb sa m\u00eb agil (shkath\u00ebt).<\/p>\n<p><strong>A mendoni se ata nuk po punojn\u00eb ashtu si duhet?<\/strong><br \/>\nPo punojn\u00eb, mir\u00ebpo gjithmon\u00eb mundet m\u00eb mir\u00eb dhe t\u00eb gjith\u00eb duhet t\u00eb mundohen m\u00eb tep\u00ebr. Shpesh\u00eb jan\u00eb t\u00eb ngarkuar me problemet e tyre n\u00eb parti dhe nd\u00ebrpartiake. Propozimi im \u00ebsht\u00eb q\u00eb t\u00eb formohet nj\u00eb qeveri e pushtetit multietnik, q\u00eb Serb\u00ebt t\u00eb kyqen n\u00eb pushtetin lokal t\u00eb Preshev\u00ebs dhe Bujanocit sepse kjo do t\u00eb ndikoj\u00eb n\u00eb zvog\u00eblimin e tensioneve. Ftoj Shqip\u00ebtar\u00ebt q\u00eb sa m\u00eb shpejt\u00eb t\u00eb b\u00ebjn\u00eb rekonstruimin e pushtetit n\u00eb k\u00ebto tri komuna.<\/p>\n","protected":false},"excerpt":{"rendered":"<p>,,Hetimet do t\u00eb tregojn\u00eb se a jan\u00eb t\u00eb lidhura sulmet e Preshev\u00ebs me sulmin kund\u00ebr zhandarmeris\u00eb q\u00eb ka ndodhur jav\u00ebn e kaluar n\u00eb komun\u00ebn e Bujanocit. Por, sipas t\u00eb gjitha gjasave, q\u00ebllimi i k\u00ebtij sulmi terorist \u00ebsht\u00eb v\u00ebnia e mossiguris\u00eb si dhe kompromitimi i aft\u00ebsive dhe mund\u00ebsive t\u00eb organeve shtet\u00ebrore e nj\u00ebherit t\u00eb frigoj\u00eb popullat\u00ebn shqip\u00ebtare kurse n\u00eb popullat\u00ebn serbe t\u00eb l\u00ebshoj\u00eb Preshev\u00ebn\u2019\u2019, deklaroi Milan Markoviq, kryetari i Trupit koordinues p\u00ebr komunat e Preshev\u00ebs, Bujanocit dhe Medvegj\u00ebs i cili \u00ebsht\u00eb n\u00eb kontakte me p\u00ebrfaq\u00ebsuesit e pushtetit lokal t\u00eb k\u00ebtyre komunave t\u00eb Serbis\u00eb jugore.<\/p>\n","protected":false},"author":1,"featured_media":143292,"comment_status":"closed","ping_status":"closed","sticky":false,"template":"","format":"standard","meta":{"footnotes":""},"categories":[55],"tags":[],"class_list":["post-143287","post","type-post","status-publish","format-standard","has-post-thumbnail","hentry","category-lajme"],"yoast_head":"<!-- This site is optimized with the Yoast SEO plugin v27.4 - https:\/\/yoast.com\/product\/yoast-seo-wordpress\/ -->\n<title>INTERVISTA E MILAN MARKOVIQIT DH\u00cbN\u00cb GAZET\u00cbS ,,POLITIKA\u2019\u2019 - Republika e S\u00ebrbis\u00eb Trupi Koordinues p\u00ebr komunat Bujanoc, Preshev\u00eb dhe Medvegj\u00eb<\/title>\n<meta name=\"robots\" content=\"index, follow, max-snippet:-1, max-image-preview:large, max-video-preview:-1\" \/>\n<link rel=\"canonical\" href=\"https:\/\/kt.gov.rs\/sq\/intervista-e-milan-markoviqit-dhene-gazetes-politika\/\" \/>\n<meta property=\"og:locale\" content=\"sq_AL\" \/>\n<meta property=\"og:type\" content=\"article\" \/>\n<meta property=\"og:title\" content=\"INTERVISTA E MILAN MARKOVIQIT DH\u00cbN\u00cb GAZET\u00cbS ,,POLITIKA\u2019\u2019 - Republika e S\u00ebrbis\u00eb Trupi Koordinues p\u00ebr komunat Bujanoc, Preshev\u00eb dhe Medvegj\u00eb\" \/>\n<meta property=\"og:description\" content=\",,Hetimet do t\u00eb tregojn\u00eb se a jan\u00eb t\u00eb lidhura sulmet e Preshev\u00ebs me sulmin kund\u00ebr zhandarmeris\u00eb q\u00eb ka ndodhur jav\u00ebn e kaluar n\u00eb komun\u00ebn e Bujanocit. Por, sipas t\u00eb gjitha gjasave, q\u00ebllimi i k\u00ebtij sulmi terorist \u00ebsht\u00eb v\u00ebnia e mossiguris\u00eb si dhe kompromitimi i aft\u00ebsive dhe mund\u00ebsive t\u00eb organeve shtet\u00ebrore e nj\u00ebherit t\u00eb frigoj\u00eb popullat\u00ebn shqip\u00ebtare kurse n\u00eb popullat\u00ebn serbe t\u00eb l\u00ebshoj\u00eb Preshev\u00ebn\u2019\u2019, deklaroi Milan Markoviq, kryetari i Trupit koordinues p\u00ebr komunat e Preshev\u00ebs, Bujanocit dhe Medvegj\u00ebs i cili \u00ebsht\u00eb n\u00eb kontakte me p\u00ebrfaq\u00ebsuesit e pushtetit lokal t\u00eb k\u00ebtyre komunave t\u00eb Serbis\u00eb jugore.\" \/>\n<meta property=\"og:url\" content=\"https:\/\/kt.gov.rs\/sq\/intervista-e-milan-markoviqit-dhene-gazetes-politika\/\" \/>\n<meta property=\"og:site_name\" content=\"Republika e S\u00ebrbis\u00eb Trupi Koordinues p\u00ebr komunat Bujanoc, Preshev\u00eb dhe Medvegj\u00eb\" \/>\n<meta property=\"article:publisher\" content=\"https:\/\/www.facebook.com\/SluzbaKoordinacionogTelaVladeRepublikeSrbije\" \/>\n<meta property=\"article:published_time\" content=\"2009-07-15T00:00:00+00:00\" \/>\n<meta property=\"article:modified_time\" content=\"2024-07-30T20:24:33+00:00\" \/>\n<meta property=\"og:image\" content=\"https:\/\/kt.gov.rs\/wp-content\/uploads\/2024\/07\/pic043vesti-5.jpg\" \/>\n\t<meta property=\"og:image:width\" content=\"250\" \/>\n\t<meta property=\"og:image:height\" content=\"180\" \/>\n\t<meta property=\"og:image:type\" content=\"image\/jpeg\" \/>\n<meta name=\"author\" content=\"ktmin\" \/>\n<meta name=\"twitter:card\" content=\"summary_large_image\" \/>\n<meta name=\"twitter:creator\" content=\"@kt_gov\" \/>\n<meta name=\"twitter:site\" content=\"@kt_gov\" \/>\n<meta name=\"twitter:label1\" content=\"Written by\" \/>\n\t<meta name=\"twitter:data1\" content=\"ktmin\" \/>\n\t<meta name=\"twitter:label2\" content=\"Est. reading time\" \/>\n\t<meta name=\"twitter:data2\" content=\"4 minutes\" \/>\n<script type=\"application\/ld+json\" class=\"yoast-schema-graph\">{\"@context\":\"https:\\\/\\\/schema.org\",\"@graph\":[{\"@type\":\"Article\",\"@id\":\"https:\\\/\\\/kt.gov.rs\\\/sq\\\/intervista-e-milan-markoviqit-dhene-gazetes-politika\\\/#article\",\"isPartOf\":{\"@id\":\"https:\\\/\\\/kt.gov.rs\\\/sq\\\/intervista-e-milan-markoviqit-dhene-gazetes-politika\\\/\"},\"author\":{\"name\":\"ktmin\",\"@id\":\"https:\\\/\\\/kt.gov.rs\\\/#\\\/schema\\\/person\\\/e426459ddb4173309103390602694571\"},\"headline\":\"INTERVISTA E MILAN MARKOVIQIT DH\u00cbN\u00cb GAZET\u00cbS ,,POLITIKA\u2019\u2019\",\"datePublished\":\"2009-07-15T00:00:00+00:00\",\"dateModified\":\"2024-07-30T20:24:33+00:00\",\"mainEntityOfPage\":{\"@id\":\"https:\\\/\\\/kt.gov.rs\\\/sq\\\/intervista-e-milan-markoviqit-dhene-gazetes-politika\\\/\"},\"wordCount\":724,\"publisher\":{\"@id\":\"https:\\\/\\\/kt.gov.rs\\\/#organization\"},\"image\":{\"@id\":\"https:\\\/\\\/kt.gov.rs\\\/sq\\\/intervista-e-milan-markoviqit-dhene-gazetes-politika\\\/#primaryimage\"},\"thumbnailUrl\":\"https:\\\/\\\/kt.gov.rs\\\/wp-content\\\/uploads\\\/2024\\\/07\\\/pic043vesti-5.jpg\",\"articleSection\":[\"Lajme\"],\"inLanguage\":\"sq-AL\"},{\"@type\":\"WebPage\",\"@id\":\"https:\\\/\\\/kt.gov.rs\\\/sq\\\/intervista-e-milan-markoviqit-dhene-gazetes-politika\\\/\",\"url\":\"https:\\\/\\\/kt.gov.rs\\\/sq\\\/intervista-e-milan-markoviqit-dhene-gazetes-politika\\\/\",\"name\":\"INTERVISTA E MILAN MARKOVIQIT DH\u00cbN\u00cb GAZET\u00cbS ,,POLITIKA\u2019\u2019 - Republika e S\u00ebrbis\u00eb Trupi Koordinues p\u00ebr komunat Bujanoc, Preshev\u00eb dhe Medvegj\u00eb\",\"isPartOf\":{\"@id\":\"https:\\\/\\\/kt.gov.rs\\\/#website\"},\"primaryImageOfPage\":{\"@id\":\"https:\\\/\\\/kt.gov.rs\\\/sq\\\/intervista-e-milan-markoviqit-dhene-gazetes-politika\\\/#primaryimage\"},\"image\":{\"@id\":\"https:\\\/\\\/kt.gov.rs\\\/sq\\\/intervista-e-milan-markoviqit-dhene-gazetes-politika\\\/#primaryimage\"},\"thumbnailUrl\":\"https:\\\/\\\/kt.gov.rs\\\/wp-content\\\/uploads\\\/2024\\\/07\\\/pic043vesti-5.jpg\",\"datePublished\":\"2009-07-15T00:00:00+00:00\",\"dateModified\":\"2024-07-30T20:24:33+00:00\",\"breadcrumb\":{\"@id\":\"https:\\\/\\\/kt.gov.rs\\\/sq\\\/intervista-e-milan-markoviqit-dhene-gazetes-politika\\\/#breadcrumb\"},\"inLanguage\":\"sq-AL\",\"potentialAction\":[{\"@type\":\"ReadAction\",\"target\":[\"https:\\\/\\\/kt.gov.rs\\\/sq\\\/intervista-e-milan-markoviqit-dhene-gazetes-politika\\\/\"]}]},{\"@type\":\"ImageObject\",\"inLanguage\":\"sq-AL\",\"@id\":\"https:\\\/\\\/kt.gov.rs\\\/sq\\\/intervista-e-milan-markoviqit-dhene-gazetes-politika\\\/#primaryimage\",\"url\":\"https:\\\/\\\/kt.gov.rs\\\/wp-content\\\/uploads\\\/2024\\\/07\\\/pic043vesti-5.jpg\",\"contentUrl\":\"https:\\\/\\\/kt.gov.rs\\\/wp-content\\\/uploads\\\/2024\\\/07\\\/pic043vesti-5.jpg\",\"width\":250,\"height\":180},{\"@type\":\"BreadcrumbList\",\"@id\":\"https:\\\/\\\/kt.gov.rs\\\/sq\\\/intervista-e-milan-markoviqit-dhene-gazetes-politika\\\/#breadcrumb\",\"itemListElement\":[{\"@type\":\"ListItem\",\"position\":1,\"name\":\"\u041f\u043e\u0447\u0435\u0442\u043d\u0430\",\"item\":\"https:\\\/\\\/kt.gov.rs\\\/sq\\\/\"},{\"@type\":\"ListItem\",\"position\":2,\"name\":\"INTERVISTA E MILAN MARKOVIQIT DH\u00cbN\u00cb GAZET\u00cbS ,,POLITIKA\u2019\u2019\"}]},{\"@type\":\"WebSite\",\"@id\":\"https:\\\/\\\/kt.gov.rs\\\/#website\",\"url\":\"https:\\\/\\\/kt.gov.rs\\\/\",\"name\":\"\u041a\u043e\u043e\u0440\u0434\u0438\u043d\u0430\u0446\u0438\u043e\u043d\u043e \u0442\u0435\u043b\u043e \u0412\u043b\u0430\u0434\u0435 \u0420\u0435\u043f\u0443\u0431\u043b\u0438\u043a\u0435 \u0421\u0440\u0431\u0438\u0458\u0435 \u0437\u0430 \u043e\u043f\u0448\u0442\u0438\u043d\u0435 \u041f\u0440\u0435\u0448\u0435\u0432\u043e, \u0411\u0443\u0458\u0430\u043d\u043e\u0432\u0430\u0446 \u0438 \u041c\u0435\u0434\u0432\u0435\u0452a\",\"description\":\"\",\"publisher\":{\"@id\":\"https:\\\/\\\/kt.gov.rs\\\/#organization\"},\"alternateName\":\"\u041a\u043e\u043e\u0440\u0434\u0438\u043d\u0430\u0446\u0438\u043e\u043d\u043e \u0442\u0435\u043b\u043e\",\"potentialAction\":[{\"@type\":\"SearchAction\",\"target\":{\"@type\":\"EntryPoint\",\"urlTemplate\":\"https:\\\/\\\/kt.gov.rs\\\/?s={search_term_string}\"},\"query-input\":{\"@type\":\"PropertyValueSpecification\",\"valueRequired\":true,\"valueName\":\"search_term_string\"}}],\"inLanguage\":\"sq-AL\"},{\"@type\":\"Organization\",\"@id\":\"https:\\\/\\\/kt.gov.rs\\\/#organization\",\"name\":\"\u041a\u043e\u043e\u0440\u0434\u0438\u043d\u0430\u0446\u0438\u043e\u043d\u043e \u0442\u0435\u043b\u043e \u0412\u043b\u0430\u0434\u0435 \u0420\u0435\u043f\u0443\u0431\u043b\u0438\u043a\u0435 \u0421\u0440\u0431\u0438\u0458\u0435 \u0437\u0430 \u043e\u043f\u0448\u0442\u0438\u043d\u0435 \u041f\u0440\u0435\u0448\u0435\u0432\u043e, \u0411\u0443\u0458\u0430\u043d\u043e\u0432\u0430\u0446 \u0438 \u041c\u0435\u0434\u0432\u0435\u0452a\",\"alternateName\":\"\u041a\u043e\u043e\u0440\u0434\u0438\u043d\u0430\u0446\u0438\u043e\u043d\u043e \u0442\u0435\u043b\u043e\",\"url\":\"https:\\\/\\\/kt.gov.rs\\\/\",\"logo\":{\"@type\":\"ImageObject\",\"inLanguage\":\"sq-AL\",\"@id\":\"https:\\\/\\\/kt.gov.rs\\\/#\\\/schema\\\/logo\\\/image\\\/\",\"url\":\"https:\\\/\\\/kt.gov.rs\\\/wp-content\\\/uploads\\\/2024\\\/12\\\/koord2.jpg\",\"contentUrl\":\"https:\\\/\\\/kt.gov.rs\\\/wp-content\\\/uploads\\\/2024\\\/12\\\/koord2.jpg\",\"width\":640,\"height\":480,\"caption\":\"\u041a\u043e\u043e\u0440\u0434\u0438\u043d\u0430\u0446\u0438\u043e\u043d\u043e \u0442\u0435\u043b\u043e \u0412\u043b\u0430\u0434\u0435 \u0420\u0435\u043f\u0443\u0431\u043b\u0438\u043a\u0435 \u0421\u0440\u0431\u0438\u0458\u0435 \u0437\u0430 \u043e\u043f\u0448\u0442\u0438\u043d\u0435 \u041f\u0440\u0435\u0448\u0435\u0432\u043e, \u0411\u0443\u0458\u0430\u043d\u043e\u0432\u0430\u0446 \u0438 \u041c\u0435\u0434\u0432\u0435\u0452a\"},\"image\":{\"@id\":\"https:\\\/\\\/kt.gov.rs\\\/#\\\/schema\\\/logo\\\/image\\\/\"},\"sameAs\":[\"https:\\\/\\\/www.facebook.com\\\/SluzbaKoordinacionogTelaVladeRepublikeSrbije\",\"https:\\\/\\\/x.com\\\/kt_gov\",\"https:\\\/\\\/www.youtube.com\\\/@koordinacionotelo\"]},{\"@type\":\"Person\",\"@id\":\"https:\\\/\\\/kt.gov.rs\\\/#\\\/schema\\\/person\\\/e426459ddb4173309103390602694571\",\"name\":\"ktmin\",\"image\":{\"@type\":\"ImageObject\",\"inLanguage\":\"sq-AL\",\"@id\":\"https:\\\/\\\/secure.gravatar.com\\\/avatar\\\/3985c961109853010c3fbc7ba30365bfba5db3dd6c525831d9c595c7525a615a?s=96&d=mm&r=g\",\"url\":\"https:\\\/\\\/secure.gravatar.com\\\/avatar\\\/3985c961109853010c3fbc7ba30365bfba5db3dd6c525831d9c595c7525a615a?s=96&d=mm&r=g\",\"contentUrl\":\"https:\\\/\\\/secure.gravatar.com\\\/avatar\\\/3985c961109853010c3fbc7ba30365bfba5db3dd6c525831d9c595c7525a615a?s=96&d=mm&r=g\",\"caption\":\"ktmin\"},\"sameAs\":[\"https:\\\/\\\/kt.gov.rs\"],\"url\":\"https:\\\/\\\/kt.gov.rs\\\/sq\\\/author\\\/ktmin\\\/\"}]}<\/script>\n<!-- \/ Yoast SEO plugin. -->","yoast_head_json":{"title":"INTERVISTA E MILAN MARKOVIQIT DH\u00cbN\u00cb GAZET\u00cbS ,,POLITIKA\u2019\u2019 - Republika e S\u00ebrbis\u00eb Trupi Koordinues p\u00ebr komunat Bujanoc, Preshev\u00eb dhe Medvegj\u00eb","robots":{"index":"index","follow":"follow","max-snippet":"max-snippet:-1","max-image-preview":"max-image-preview:large","max-video-preview":"max-video-preview:-1"},"canonical":"https:\/\/kt.gov.rs\/sq\/intervista-e-milan-markoviqit-dhene-gazetes-politika\/","og_locale":"sq_AL","og_type":"article","og_title":"INTERVISTA E MILAN MARKOVIQIT DH\u00cbN\u00cb GAZET\u00cbS ,,POLITIKA\u2019\u2019 - Republika e S\u00ebrbis\u00eb Trupi Koordinues p\u00ebr komunat Bujanoc, Preshev\u00eb dhe Medvegj\u00eb","og_description":",,Hetimet do t\u00eb tregojn\u00eb se a jan\u00eb t\u00eb lidhura sulmet e Preshev\u00ebs me sulmin kund\u00ebr zhandarmeris\u00eb q\u00eb ka ndodhur jav\u00ebn e kaluar n\u00eb komun\u00ebn e Bujanocit. Por, sipas t\u00eb gjitha gjasave, q\u00ebllimi i k\u00ebtij sulmi terorist \u00ebsht\u00eb v\u00ebnia e mossiguris\u00eb si dhe kompromitimi i aft\u00ebsive dhe mund\u00ebsive t\u00eb organeve shtet\u00ebrore e nj\u00ebherit t\u00eb frigoj\u00eb popullat\u00ebn shqip\u00ebtare kurse n\u00eb popullat\u00ebn serbe t\u00eb l\u00ebshoj\u00eb Preshev\u00ebn\u2019\u2019, deklaroi Milan Markoviq, kryetari i Trupit koordinues p\u00ebr komunat e Preshev\u00ebs, Bujanocit dhe Medvegj\u00ebs i cili \u00ebsht\u00eb n\u00eb kontakte me p\u00ebrfaq\u00ebsuesit e pushtetit lokal t\u00eb k\u00ebtyre komunave t\u00eb Serbis\u00eb jugore.","og_url":"https:\/\/kt.gov.rs\/sq\/intervista-e-milan-markoviqit-dhene-gazetes-politika\/","og_site_name":"Republika e S\u00ebrbis\u00eb Trupi Koordinues p\u00ebr komunat Bujanoc, Preshev\u00eb dhe Medvegj\u00eb","article_publisher":"https:\/\/www.facebook.com\/SluzbaKoordinacionogTelaVladeRepublikeSrbije","article_published_time":"2009-07-15T00:00:00+00:00","article_modified_time":"2024-07-30T20:24:33+00:00","og_image":[{"width":250,"height":180,"url":"https:\/\/kt.gov.rs\/wp-content\/uploads\/2024\/07\/pic043vesti-5.jpg","type":"image\/jpeg"}],"author":"ktmin","twitter_card":"summary_large_image","twitter_creator":"@kt_gov","twitter_site":"@kt_gov","twitter_misc":{"Written by":"ktmin","Est. reading time":"4 minutes"},"schema":{"@context":"https:\/\/schema.org","@graph":[{"@type":"Article","@id":"https:\/\/kt.gov.rs\/sq\/intervista-e-milan-markoviqit-dhene-gazetes-politika\/#article","isPartOf":{"@id":"https:\/\/kt.gov.rs\/sq\/intervista-e-milan-markoviqit-dhene-gazetes-politika\/"},"author":{"name":"ktmin","@id":"https:\/\/kt.gov.rs\/#\/schema\/person\/e426459ddb4173309103390602694571"},"headline":"INTERVISTA E MILAN MARKOVIQIT DH\u00cbN\u00cb GAZET\u00cbS ,,POLITIKA\u2019\u2019","datePublished":"2009-07-15T00:00:00+00:00","dateModified":"2024-07-30T20:24:33+00:00","mainEntityOfPage":{"@id":"https:\/\/kt.gov.rs\/sq\/intervista-e-milan-markoviqit-dhene-gazetes-politika\/"},"wordCount":724,"publisher":{"@id":"https:\/\/kt.gov.rs\/#organization"},"image":{"@id":"https:\/\/kt.gov.rs\/sq\/intervista-e-milan-markoviqit-dhene-gazetes-politika\/#primaryimage"},"thumbnailUrl":"https:\/\/kt.gov.rs\/wp-content\/uploads\/2024\/07\/pic043vesti-5.jpg","articleSection":["Lajme"],"inLanguage":"sq-AL"},{"@type":"WebPage","@id":"https:\/\/kt.gov.rs\/sq\/intervista-e-milan-markoviqit-dhene-gazetes-politika\/","url":"https:\/\/kt.gov.rs\/sq\/intervista-e-milan-markoviqit-dhene-gazetes-politika\/","name":"INTERVISTA E MILAN MARKOVIQIT DH\u00cbN\u00cb GAZET\u00cbS ,,POLITIKA\u2019\u2019 - Republika e S\u00ebrbis\u00eb Trupi Koordinues p\u00ebr komunat Bujanoc, Preshev\u00eb dhe Medvegj\u00eb","isPartOf":{"@id":"https:\/\/kt.gov.rs\/#website"},"primaryImageOfPage":{"@id":"https:\/\/kt.gov.rs\/sq\/intervista-e-milan-markoviqit-dhene-gazetes-politika\/#primaryimage"},"image":{"@id":"https:\/\/kt.gov.rs\/sq\/intervista-e-milan-markoviqit-dhene-gazetes-politika\/#primaryimage"},"thumbnailUrl":"https:\/\/kt.gov.rs\/wp-content\/uploads\/2024\/07\/pic043vesti-5.jpg","datePublished":"2009-07-15T00:00:00+00:00","dateModified":"2024-07-30T20:24:33+00:00","breadcrumb":{"@id":"https:\/\/kt.gov.rs\/sq\/intervista-e-milan-markoviqit-dhene-gazetes-politika\/#breadcrumb"},"inLanguage":"sq-AL","potentialAction":[{"@type":"ReadAction","target":["https:\/\/kt.gov.rs\/sq\/intervista-e-milan-markoviqit-dhene-gazetes-politika\/"]}]},{"@type":"ImageObject","inLanguage":"sq-AL","@id":"https:\/\/kt.gov.rs\/sq\/intervista-e-milan-markoviqit-dhene-gazetes-politika\/#primaryimage","url":"https:\/\/kt.gov.rs\/wp-content\/uploads\/2024\/07\/pic043vesti-5.jpg","contentUrl":"https:\/\/kt.gov.rs\/wp-content\/uploads\/2024\/07\/pic043vesti-5.jpg","width":250,"height":180},{"@type":"BreadcrumbList","@id":"https:\/\/kt.gov.rs\/sq\/intervista-e-milan-markoviqit-dhene-gazetes-politika\/#breadcrumb","itemListElement":[{"@type":"ListItem","position":1,"name":"\u041f\u043e\u0447\u0435\u0442\u043d\u0430","item":"https:\/\/kt.gov.rs\/sq\/"},{"@type":"ListItem","position":2,"name":"INTERVISTA E MILAN MARKOVIQIT DH\u00cbN\u00cb GAZET\u00cbS ,,POLITIKA\u2019\u2019"}]},{"@type":"WebSite","@id":"https:\/\/kt.gov.rs\/#website","url":"https:\/\/kt.gov.rs\/","name":"\u041a\u043e\u043e\u0440\u0434\u0438\u043d\u0430\u0446\u0438\u043e\u043d\u043e \u0442\u0435\u043b\u043e \u0412\u043b\u0430\u0434\u0435 \u0420\u0435\u043f\u0443\u0431\u043b\u0438\u043a\u0435 \u0421\u0440\u0431\u0438\u0458\u0435 \u0437\u0430 \u043e\u043f\u0448\u0442\u0438\u043d\u0435 \u041f\u0440\u0435\u0448\u0435\u0432\u043e, \u0411\u0443\u0458\u0430\u043d\u043e\u0432\u0430\u0446 \u0438 \u041c\u0435\u0434\u0432\u0435\u0452a","description":"","publisher":{"@id":"https:\/\/kt.gov.rs\/#organization"},"alternateName":"\u041a\u043e\u043e\u0440\u0434\u0438\u043d\u0430\u0446\u0438\u043e\u043d\u043e \u0442\u0435\u043b\u043e","potentialAction":[{"@type":"SearchAction","target":{"@type":"EntryPoint","urlTemplate":"https:\/\/kt.gov.rs\/?s={search_term_string}"},"query-input":{"@type":"PropertyValueSpecification","valueRequired":true,"valueName":"search_term_string"}}],"inLanguage":"sq-AL"},{"@type":"Organization","@id":"https:\/\/kt.gov.rs\/#organization","name":"\u041a\u043e\u043e\u0440\u0434\u0438\u043d\u0430\u0446\u0438\u043e\u043d\u043e \u0442\u0435\u043b\u043e \u0412\u043b\u0430\u0434\u0435 \u0420\u0435\u043f\u0443\u0431\u043b\u0438\u043a\u0435 \u0421\u0440\u0431\u0438\u0458\u0435 \u0437\u0430 \u043e\u043f\u0448\u0442\u0438\u043d\u0435 \u041f\u0440\u0435\u0448\u0435\u0432\u043e, \u0411\u0443\u0458\u0430\u043d\u043e\u0432\u0430\u0446 \u0438 \u041c\u0435\u0434\u0432\u0435\u0452a","alternateName":"\u041a\u043e\u043e\u0440\u0434\u0438\u043d\u0430\u0446\u0438\u043e\u043d\u043e \u0442\u0435\u043b\u043e","url":"https:\/\/kt.gov.rs\/","logo":{"@type":"ImageObject","inLanguage":"sq-AL","@id":"https:\/\/kt.gov.rs\/#\/schema\/logo\/image\/","url":"https:\/\/kt.gov.rs\/wp-content\/uploads\/2024\/12\/koord2.jpg","contentUrl":"https:\/\/kt.gov.rs\/wp-content\/uploads\/2024\/12\/koord2.jpg","width":640,"height":480,"caption":"\u041a\u043e\u043e\u0440\u0434\u0438\u043d\u0430\u0446\u0438\u043e\u043d\u043e \u0442\u0435\u043b\u043e \u0412\u043b\u0430\u0434\u0435 \u0420\u0435\u043f\u0443\u0431\u043b\u0438\u043a\u0435 \u0421\u0440\u0431\u0438\u0458\u0435 \u0437\u0430 \u043e\u043f\u0448\u0442\u0438\u043d\u0435 \u041f\u0440\u0435\u0448\u0435\u0432\u043e, \u0411\u0443\u0458\u0430\u043d\u043e\u0432\u0430\u0446 \u0438 \u041c\u0435\u0434\u0432\u0435\u0452a"},"image":{"@id":"https:\/\/kt.gov.rs\/#\/schema\/logo\/image\/"},"sameAs":["https:\/\/www.facebook.com\/SluzbaKoordinacionogTelaVladeRepublikeSrbije","https:\/\/x.com\/kt_gov","https:\/\/www.youtube.com\/@koordinacionotelo"]},{"@type":"Person","@id":"https:\/\/kt.gov.rs\/#\/schema\/person\/e426459ddb4173309103390602694571","name":"ktmin","image":{"@type":"ImageObject","inLanguage":"sq-AL","@id":"https:\/\/secure.gravatar.com\/avatar\/3985c961109853010c3fbc7ba30365bfba5db3dd6c525831d9c595c7525a615a?s=96&d=mm&r=g","url":"https:\/\/secure.gravatar.com\/avatar\/3985c961109853010c3fbc7ba30365bfba5db3dd6c525831d9c595c7525a615a?s=96&d=mm&r=g","contentUrl":"https:\/\/secure.gravatar.com\/avatar\/3985c961109853010c3fbc7ba30365bfba5db3dd6c525831d9c595c7525a615a?s=96&d=mm&r=g","caption":"ktmin"},"sameAs":["https:\/\/kt.gov.rs"],"url":"https:\/\/kt.gov.rs\/sq\/author\/ktmin\/"}]}},"_links":{"self":[{"href":"https:\/\/kt.gov.rs\/sq\/wp-json\/wp\/v2\/posts\/143287","targetHints":{"allow":["GET"]}}],"collection":[{"href":"https:\/\/kt.gov.rs\/sq\/wp-json\/wp\/v2\/posts"}],"about":[{"href":"https:\/\/kt.gov.rs\/sq\/wp-json\/wp\/v2\/types\/post"}],"author":[{"embeddable":true,"href":"https:\/\/kt.gov.rs\/sq\/wp-json\/wp\/v2\/users\/1"}],"replies":[{"embeddable":true,"href":"https:\/\/kt.gov.rs\/sq\/wp-json\/wp\/v2\/comments?post=143287"}],"version-history":[{"count":1,"href":"https:\/\/kt.gov.rs\/sq\/wp-json\/wp\/v2\/posts\/143287\/revisions"}],"predecessor-version":[{"id":143291,"href":"https:\/\/kt.gov.rs\/sq\/wp-json\/wp\/v2\/posts\/143287\/revisions\/143291"}],"wp:featuredmedia":[{"embeddable":true,"href":"https:\/\/kt.gov.rs\/sq\/wp-json\/wp\/v2\/media\/143292"}],"wp:attachment":[{"href":"https:\/\/kt.gov.rs\/sq\/wp-json\/wp\/v2\/media?parent=143287"}],"wp:term":[{"taxonomy":"category","embeddable":true,"href":"https:\/\/kt.gov.rs\/sq\/wp-json\/wp\/v2\/categories?post=143287"},{"taxonomy":"post_tag","embeddable":true,"href":"https:\/\/kt.gov.rs\/sq\/wp-json\/wp\/v2\/tags?post=143287"}],"curies":[{"name":"wp","href":"https:\/\/api.w.org\/{rel}","templated":true}]}}