{"id":143286,"date":"2009-07-21T00:00:00","date_gmt":"2009-07-21T00:00:00","guid":{"rendered":"http:\/\/kt.printandscreen.rs\/bursa-per-nxenesit-e-varfer-te-shkollave-te-mesme-dhe-nxenesit-pa-prinder\/"},"modified":"2009-07-21T00:00:00","modified_gmt":"2009-07-21T00:00:00","slug":"bursa-per-nxenesit-e-varfer-te-shkollave-te-mesme-dhe-nxenesit-pa-prinder","status":"publish","type":"post","link":"https:\/\/kt.gov.rs\/sq\/bursa-per-nxenesit-e-varfer-te-shkollave-te-mesme-dhe-nxenesit-pa-prinder\/","title":{"rendered":"BURSA P\u00cbR NX\u00cbN\u00cbSIT E VARF\u00cbR T\u00cb SHKOLLAVE T\u00cb MESME DHE NX\u00cbN\u00cbSIT PA PRIND\u00cbR"},"content":{"rendered":"<p>Trupi Koordinues p\u00ebr komunat e Preshev\u00ebs, Bujanocit dhe Medvegj\u00ebs vazhdon t\u00eb ndihmoj\u00eb qytetar\u00ebt m\u00eb t\u00eb varf\u00ebr n\u00eb Serbin\u00eb jugore. Pas ndarjes s\u00eb gjasht\u00eb milion\u00eb dinar\u00ebve p\u00ebr ndihm\u00eb urgjente p\u00ebr personat me nevoja t\u00eb posaqme, n\u00ebnave mbajt\u00ebse t\u00eb familjes si dhe f\u00ebmij\u00ebve jetim\u00eb, shpallet konkurs p\u00ebr ndarjen e bursave p\u00ebr nx\u00ebn\u00ebsit e shkollave t\u00eb mesme nga Presheva, Bujanoci dhe Medvegja t\u00eb cil\u00ebt jan\u00eb pa prind\u00eb apo jan\u00eb nga familjet varfanjake.<\/p>\n<p><strong>P\u00ebr bursimin e k\u00ebtyre nx\u00ebn\u00ebsve jan\u00eb t\u00eb ndar\u00eb dy milion\u00eb dinar\u00eb. Shuma e burs\u00ebs nj\u00ebmujore \u00ebsht\u00eb pes\u00eb mij\u00eb dinar\u00eb, kurse ndahet p\u00ebr kat\u00ebr muajt e fundit t\u00eb k\u00ebtij viti. Bursat do t\u2019i fitojn\u00eb nx\u00ebn\u00ebsit e shkollave t\u00eb mesme p\u00ebr t\u00eb cil\u00ebt ndihma \u00ebsht\u00eb e domosdoshme.<\/strong><\/p>\n<p>P\u00ebrpar\u00ebsi do t\u00eb ken\u00eb nx\u00ebn\u00ebsit jetim\u00eb ose nx\u00ebn\u00ebsit t\u00eb cil\u00ebt jetojn\u00eb n\u00eb familje n\u00eb t\u00eb cilat t\u00eb ardhurat e p\u00ebrgjithme nuk arrijn\u00eb shum\u00ebn prej 15 mij\u00eb dinar\u00eb. Kushti \u00ebsht\u00eb q\u00eb k\u00ebta persona t\u00eb jen\u00eb qytetar\u00eb t\u00eb Republik\u00ebs s\u00eb Serbis\u00eb, t\u00eb ken\u00eb vendbanimin n\u00eb komun\u00ebn e Preshev\u00ebs, Bujanocit dhe Medvegj\u00ebs, t\u00eb vijojn\u00eb shkollat e mesme n\u00eb k\u00ebto komuna si dhe t\u00eb mos ken\u00eb p\u00ebrs\u00ebritur asnj\u00eb vit shkollor\u00eb gjat\u00eb shkollimit. T\u00eb gjitha dokumentacionet e konkurimit mund\u00eb t\u00eb merren n\u00eb adres\u00ebn e webfaqes s\u00eb Trupit Koordinues <a href=\"http:\/\/www.kt.gov.rs\">www.kt.gov.rs<\/a> ose n\u00eb zyret e Truit Koordinues n\u00eb Bujanoc dhe Preshev\u00eb. Konkursi \u00ebsht\u00eb i hapur deri m\u00eb 5 shtator\u00eb 2009.<\/p>\n<p>N\u00ebse ndahen mjete shtes\u00eb, burset do t\u00eb ndahen edhe n\u00eb vitin shkollor\u00eb 2009\/2010.<\/p>\n","protected":false},"excerpt":{"rendered":"<p>Trupi Koordinues p\u00ebr komunat e Preshev\u00ebs, Bujanocit dhe Medvegj\u00ebs vazhdon t\u00eb ndihmoj\u00eb qytetar\u00ebt m\u00eb t\u00eb varf\u00ebr n\u00eb Serbin\u00eb jugore. Pas ndarjes s\u00eb gjasht\u00eb milion\u00eb dinar\u00ebve p\u00ebr ndihm\u00eb urgjente p\u00ebr personat me nevoja t\u00eb posaqme, n\u00ebnave mbajt\u00ebse t\u00eb familjes si dhe f\u00ebmij\u00ebve jetim\u00eb, shpallet konkurs p\u00ebr ndarjen e bursave p\u00ebr nx\u00ebn\u00ebsit e shkollave t\u00eb mesme nga Presheva, Bujanoci dhe Medvegja t\u00eb cil\u00ebt jan\u00eb pa prind\u00eb apo jan\u00eb nga familjet varfanjake.<\/p>\n","protected":false},"author":1,"featured_media":0,"comment_status":"closed","ping_status":"closed","sticky":false,"template":"","format":"standard","meta":{"footnotes":""},"categories":[55],"tags":[],"class_list":["post-143286","post","type-post","status-publish","format-standard","hentry","category-lajme"],"yoast_head":"<!-- This site is optimized with the Yoast SEO plugin v27.4 - https:\/\/yoast.com\/product\/yoast-seo-wordpress\/ -->\n<title>BURSA P\u00cbR NX\u00cbN\u00cbSIT E VARF\u00cbR T\u00cb SHKOLLAVE T\u00cb MESME DHE NX\u00cbN\u00cbSIT PA PRIND\u00cbR - Republika e S\u00ebrbis\u00eb Trupi Koordinues p\u00ebr komunat Bujanoc, Preshev\u00eb dhe Medvegj\u00eb<\/title>\n<meta name=\"robots\" content=\"index, follow, max-snippet:-1, max-image-preview:large, max-video-preview:-1\" \/>\n<link rel=\"canonical\" href=\"https:\/\/kt.gov.rs\/sq\/bursa-per-nxenesit-e-varfer-te-shkollave-te-mesme-dhe-nxenesit-pa-prinder\/\" \/>\n<meta property=\"og:locale\" content=\"sq_AL\" \/>\n<meta property=\"og:type\" content=\"article\" \/>\n<meta property=\"og:title\" content=\"BURSA P\u00cbR NX\u00cbN\u00cbSIT E VARF\u00cbR T\u00cb SHKOLLAVE T\u00cb MESME DHE NX\u00cbN\u00cbSIT PA PRIND\u00cbR - Republika e S\u00ebrbis\u00eb Trupi Koordinues p\u00ebr komunat Bujanoc, Preshev\u00eb dhe Medvegj\u00eb\" \/>\n<meta property=\"og:description\" content=\"Trupi Koordinues p\u00ebr komunat e Preshev\u00ebs, Bujanocit dhe Medvegj\u00ebs vazhdon t\u00eb ndihmoj\u00eb qytetar\u00ebt m\u00eb t\u00eb varf\u00ebr n\u00eb Serbin\u00eb jugore. Pas ndarjes s\u00eb gjasht\u00eb milion\u00eb dinar\u00ebve p\u00ebr ndihm\u00eb urgjente p\u00ebr personat me nevoja t\u00eb posaqme, n\u00ebnave mbajt\u00ebse t\u00eb familjes si dhe f\u00ebmij\u00ebve jetim\u00eb, shpallet konkurs p\u00ebr ndarjen e bursave p\u00ebr nx\u00ebn\u00ebsit e shkollave t\u00eb mesme nga Presheva, Bujanoci dhe Medvegja t\u00eb cil\u00ebt jan\u00eb pa prind\u00eb apo jan\u00eb nga familjet varfanjake.\" \/>\n<meta property=\"og:url\" content=\"https:\/\/kt.gov.rs\/sq\/bursa-per-nxenesit-e-varfer-te-shkollave-te-mesme-dhe-nxenesit-pa-prinder\/\" \/>\n<meta property=\"og:site_name\" content=\"Republika e S\u00ebrbis\u00eb Trupi Koordinues p\u00ebr komunat Bujanoc, Preshev\u00eb dhe Medvegj\u00eb\" \/>\n<meta property=\"article:publisher\" content=\"https:\/\/www.facebook.com\/SluzbaKoordinacionogTelaVladeRepublikeSrbije\" \/>\n<meta property=\"article:published_time\" content=\"2009-07-21T00:00:00+00:00\" \/>\n<meta name=\"author\" content=\"ktmin\" \/>\n<meta name=\"twitter:card\" content=\"summary_large_image\" \/>\n<meta name=\"twitter:creator\" content=\"@kt_gov\" \/>\n<meta name=\"twitter:site\" content=\"@kt_gov\" \/>\n<meta name=\"twitter:label1\" content=\"Written by\" \/>\n\t<meta name=\"twitter:data1\" content=\"ktmin\" \/>\n\t<meta name=\"twitter:label2\" content=\"Est. reading time\" \/>\n\t<meta name=\"twitter:data2\" content=\"1 minute\" \/>\n<script type=\"application\/ld+json\" class=\"yoast-schema-graph\">{\"@context\":\"https:\\\/\\\/schema.org\",\"@graph\":[{\"@type\":\"Article\",\"@id\":\"https:\\\/\\\/kt.gov.rs\\\/sq\\\/bursa-per-nxenesit-e-varfer-te-shkollave-te-mesme-dhe-nxenesit-pa-prinder\\\/#article\",\"isPartOf\":{\"@id\":\"https:\\\/\\\/kt.gov.rs\\\/sq\\\/bursa-per-nxenesit-e-varfer-te-shkollave-te-mesme-dhe-nxenesit-pa-prinder\\\/\"},\"author\":{\"name\":\"ktmin\",\"@id\":\"https:\\\/\\\/kt.gov.rs\\\/#\\\/schema\\\/person\\\/e426459ddb4173309103390602694571\"},\"headline\":\"BURSA P\u00cbR NX\u00cbN\u00cbSIT E VARF\u00cbR T\u00cb SHKOLLAVE T\u00cb MESME DHE NX\u00cbN\u00cbSIT PA PRIND\u00cbR\",\"datePublished\":\"2009-07-21T00:00:00+00:00\",\"mainEntityOfPage\":{\"@id\":\"https:\\\/\\\/kt.gov.rs\\\/sq\\\/bursa-per-nxenesit-e-varfer-te-shkollave-te-mesme-dhe-nxenesit-pa-prinder\\\/\"},\"wordCount\":300,\"publisher\":{\"@id\":\"https:\\\/\\\/kt.gov.rs\\\/#organization\"},\"articleSection\":[\"Lajme\"],\"inLanguage\":\"sq-AL\"},{\"@type\":\"WebPage\",\"@id\":\"https:\\\/\\\/kt.gov.rs\\\/sq\\\/bursa-per-nxenesit-e-varfer-te-shkollave-te-mesme-dhe-nxenesit-pa-prinder\\\/\",\"url\":\"https:\\\/\\\/kt.gov.rs\\\/sq\\\/bursa-per-nxenesit-e-varfer-te-shkollave-te-mesme-dhe-nxenesit-pa-prinder\\\/\",\"name\":\"BURSA P\u00cbR NX\u00cbN\u00cbSIT E VARF\u00cbR T\u00cb SHKOLLAVE T\u00cb MESME DHE NX\u00cbN\u00cbSIT PA PRIND\u00cbR - Republika e S\u00ebrbis\u00eb Trupi Koordinues p\u00ebr komunat Bujanoc, Preshev\u00eb dhe Medvegj\u00eb\",\"isPartOf\":{\"@id\":\"https:\\\/\\\/kt.gov.rs\\\/#website\"},\"datePublished\":\"2009-07-21T00:00:00+00:00\",\"breadcrumb\":{\"@id\":\"https:\\\/\\\/kt.gov.rs\\\/sq\\\/bursa-per-nxenesit-e-varfer-te-shkollave-te-mesme-dhe-nxenesit-pa-prinder\\\/#breadcrumb\"},\"inLanguage\":\"sq-AL\",\"potentialAction\":[{\"@type\":\"ReadAction\",\"target\":[\"https:\\\/\\\/kt.gov.rs\\\/sq\\\/bursa-per-nxenesit-e-varfer-te-shkollave-te-mesme-dhe-nxenesit-pa-prinder\\\/\"]}]},{\"@type\":\"BreadcrumbList\",\"@id\":\"https:\\\/\\\/kt.gov.rs\\\/sq\\\/bursa-per-nxenesit-e-varfer-te-shkollave-te-mesme-dhe-nxenesit-pa-prinder\\\/#breadcrumb\",\"itemListElement\":[{\"@type\":\"ListItem\",\"position\":1,\"name\":\"\u041f\u043e\u0447\u0435\u0442\u043d\u0430\",\"item\":\"https:\\\/\\\/kt.gov.rs\\\/sq\\\/\"},{\"@type\":\"ListItem\",\"position\":2,\"name\":\"BURSA P\u00cbR NX\u00cbN\u00cbSIT E VARF\u00cbR T\u00cb SHKOLLAVE T\u00cb MESME DHE NX\u00cbN\u00cbSIT PA PRIND\u00cbR\"}]},{\"@type\":\"WebSite\",\"@id\":\"https:\\\/\\\/kt.gov.rs\\\/#website\",\"url\":\"https:\\\/\\\/kt.gov.rs\\\/\",\"name\":\"\u041a\u043e\u043e\u0440\u0434\u0438\u043d\u0430\u0446\u0438\u043e\u043d\u043e \u0442\u0435\u043b\u043e \u0412\u043b\u0430\u0434\u0435 \u0420\u0435\u043f\u0443\u0431\u043b\u0438\u043a\u0435 \u0421\u0440\u0431\u0438\u0458\u0435 \u0437\u0430 \u043e\u043f\u0448\u0442\u0438\u043d\u0435 \u041f\u0440\u0435\u0448\u0435\u0432\u043e, \u0411\u0443\u0458\u0430\u043d\u043e\u0432\u0430\u0446 \u0438 \u041c\u0435\u0434\u0432\u0435\u0452a\",\"description\":\"\",\"publisher\":{\"@id\":\"https:\\\/\\\/kt.gov.rs\\\/#organization\"},\"alternateName\":\"\u041a\u043e\u043e\u0440\u0434\u0438\u043d\u0430\u0446\u0438\u043e\u043d\u043e \u0442\u0435\u043b\u043e\",\"potentialAction\":[{\"@type\":\"SearchAction\",\"target\":{\"@type\":\"EntryPoint\",\"urlTemplate\":\"https:\\\/\\\/kt.gov.rs\\\/?s={search_term_string}\"},\"query-input\":{\"@type\":\"PropertyValueSpecification\",\"valueRequired\":true,\"valueName\":\"search_term_string\"}}],\"inLanguage\":\"sq-AL\"},{\"@type\":\"Organization\",\"@id\":\"https:\\\/\\\/kt.gov.rs\\\/#organization\",\"name\":\"\u041a\u043e\u043e\u0440\u0434\u0438\u043d\u0430\u0446\u0438\u043e\u043d\u043e \u0442\u0435\u043b\u043e \u0412\u043b\u0430\u0434\u0435 \u0420\u0435\u043f\u0443\u0431\u043b\u0438\u043a\u0435 \u0421\u0440\u0431\u0438\u0458\u0435 \u0437\u0430 \u043e\u043f\u0448\u0442\u0438\u043d\u0435 \u041f\u0440\u0435\u0448\u0435\u0432\u043e, \u0411\u0443\u0458\u0430\u043d\u043e\u0432\u0430\u0446 \u0438 \u041c\u0435\u0434\u0432\u0435\u0452a\",\"alternateName\":\"\u041a\u043e\u043e\u0440\u0434\u0438\u043d\u0430\u0446\u0438\u043e\u043d\u043e \u0442\u0435\u043b\u043e\",\"url\":\"https:\\\/\\\/kt.gov.rs\\\/\",\"logo\":{\"@type\":\"ImageObject\",\"inLanguage\":\"sq-AL\",\"@id\":\"https:\\\/\\\/kt.gov.rs\\\/#\\\/schema\\\/logo\\\/image\\\/\",\"url\":\"https:\\\/\\\/kt.gov.rs\\\/wp-content\\\/uploads\\\/2024\\\/12\\\/koord2.jpg\",\"contentUrl\":\"https:\\\/\\\/kt.gov.rs\\\/wp-content\\\/uploads\\\/2024\\\/12\\\/koord2.jpg\",\"width\":640,\"height\":480,\"caption\":\"\u041a\u043e\u043e\u0440\u0434\u0438\u043d\u0430\u0446\u0438\u043e\u043d\u043e \u0442\u0435\u043b\u043e \u0412\u043b\u0430\u0434\u0435 \u0420\u0435\u043f\u0443\u0431\u043b\u0438\u043a\u0435 \u0421\u0440\u0431\u0438\u0458\u0435 \u0437\u0430 \u043e\u043f\u0448\u0442\u0438\u043d\u0435 \u041f\u0440\u0435\u0448\u0435\u0432\u043e, \u0411\u0443\u0458\u0430\u043d\u043e\u0432\u0430\u0446 \u0438 \u041c\u0435\u0434\u0432\u0435\u0452a\"},\"image\":{\"@id\":\"https:\\\/\\\/kt.gov.rs\\\/#\\\/schema\\\/logo\\\/image\\\/\"},\"sameAs\":[\"https:\\\/\\\/www.facebook.com\\\/SluzbaKoordinacionogTelaVladeRepublikeSrbije\",\"https:\\\/\\\/x.com\\\/kt_gov\",\"https:\\\/\\\/www.youtube.com\\\/@koordinacionotelo\"]},{\"@type\":\"Person\",\"@id\":\"https:\\\/\\\/kt.gov.rs\\\/#\\\/schema\\\/person\\\/e426459ddb4173309103390602694571\",\"name\":\"ktmin\",\"image\":{\"@type\":\"ImageObject\",\"inLanguage\":\"sq-AL\",\"@id\":\"https:\\\/\\\/secure.gravatar.com\\\/avatar\\\/3985c961109853010c3fbc7ba30365bfba5db3dd6c525831d9c595c7525a615a?s=96&d=mm&r=g\",\"url\":\"https:\\\/\\\/secure.gravatar.com\\\/avatar\\\/3985c961109853010c3fbc7ba30365bfba5db3dd6c525831d9c595c7525a615a?s=96&d=mm&r=g\",\"contentUrl\":\"https:\\\/\\\/secure.gravatar.com\\\/avatar\\\/3985c961109853010c3fbc7ba30365bfba5db3dd6c525831d9c595c7525a615a?s=96&d=mm&r=g\",\"caption\":\"ktmin\"},\"sameAs\":[\"https:\\\/\\\/kt.gov.rs\"],\"url\":\"https:\\\/\\\/kt.gov.rs\\\/sq\\\/author\\\/ktmin\\\/\"}]}<\/script>\n<!-- \/ Yoast SEO plugin. -->","yoast_head_json":{"title":"BURSA P\u00cbR NX\u00cbN\u00cbSIT E VARF\u00cbR T\u00cb SHKOLLAVE T\u00cb MESME DHE NX\u00cbN\u00cbSIT PA PRIND\u00cbR - Republika e S\u00ebrbis\u00eb Trupi Koordinues p\u00ebr komunat Bujanoc, Preshev\u00eb dhe Medvegj\u00eb","robots":{"index":"index","follow":"follow","max-snippet":"max-snippet:-1","max-image-preview":"max-image-preview:large","max-video-preview":"max-video-preview:-1"},"canonical":"https:\/\/kt.gov.rs\/sq\/bursa-per-nxenesit-e-varfer-te-shkollave-te-mesme-dhe-nxenesit-pa-prinder\/","og_locale":"sq_AL","og_type":"article","og_title":"BURSA P\u00cbR NX\u00cbN\u00cbSIT E VARF\u00cbR T\u00cb SHKOLLAVE T\u00cb MESME DHE NX\u00cbN\u00cbSIT PA PRIND\u00cbR - Republika e S\u00ebrbis\u00eb Trupi Koordinues p\u00ebr komunat Bujanoc, Preshev\u00eb dhe Medvegj\u00eb","og_description":"Trupi Koordinues p\u00ebr komunat e Preshev\u00ebs, Bujanocit dhe Medvegj\u00ebs vazhdon t\u00eb ndihmoj\u00eb qytetar\u00ebt m\u00eb t\u00eb varf\u00ebr n\u00eb Serbin\u00eb jugore. Pas ndarjes s\u00eb gjasht\u00eb milion\u00eb dinar\u00ebve p\u00ebr ndihm\u00eb urgjente p\u00ebr personat me nevoja t\u00eb posaqme, n\u00ebnave mbajt\u00ebse t\u00eb familjes si dhe f\u00ebmij\u00ebve jetim\u00eb, shpallet konkurs p\u00ebr ndarjen e bursave p\u00ebr nx\u00ebn\u00ebsit e shkollave t\u00eb mesme nga Presheva, Bujanoci dhe Medvegja t\u00eb cil\u00ebt jan\u00eb pa prind\u00eb apo jan\u00eb nga familjet varfanjake.","og_url":"https:\/\/kt.gov.rs\/sq\/bursa-per-nxenesit-e-varfer-te-shkollave-te-mesme-dhe-nxenesit-pa-prinder\/","og_site_name":"Republika e S\u00ebrbis\u00eb Trupi Koordinues p\u00ebr komunat Bujanoc, Preshev\u00eb dhe Medvegj\u00eb","article_publisher":"https:\/\/www.facebook.com\/SluzbaKoordinacionogTelaVladeRepublikeSrbije","article_published_time":"2009-07-21T00:00:00+00:00","author":"ktmin","twitter_card":"summary_large_image","twitter_creator":"@kt_gov","twitter_site":"@kt_gov","twitter_misc":{"Written by":"ktmin","Est. reading time":"1 minute"},"schema":{"@context":"https:\/\/schema.org","@graph":[{"@type":"Article","@id":"https:\/\/kt.gov.rs\/sq\/bursa-per-nxenesit-e-varfer-te-shkollave-te-mesme-dhe-nxenesit-pa-prinder\/#article","isPartOf":{"@id":"https:\/\/kt.gov.rs\/sq\/bursa-per-nxenesit-e-varfer-te-shkollave-te-mesme-dhe-nxenesit-pa-prinder\/"},"author":{"name":"ktmin","@id":"https:\/\/kt.gov.rs\/#\/schema\/person\/e426459ddb4173309103390602694571"},"headline":"BURSA P\u00cbR NX\u00cbN\u00cbSIT E VARF\u00cbR T\u00cb SHKOLLAVE T\u00cb MESME DHE NX\u00cbN\u00cbSIT PA PRIND\u00cbR","datePublished":"2009-07-21T00:00:00+00:00","mainEntityOfPage":{"@id":"https:\/\/kt.gov.rs\/sq\/bursa-per-nxenesit-e-varfer-te-shkollave-te-mesme-dhe-nxenesit-pa-prinder\/"},"wordCount":300,"publisher":{"@id":"https:\/\/kt.gov.rs\/#organization"},"articleSection":["Lajme"],"inLanguage":"sq-AL"},{"@type":"WebPage","@id":"https:\/\/kt.gov.rs\/sq\/bursa-per-nxenesit-e-varfer-te-shkollave-te-mesme-dhe-nxenesit-pa-prinder\/","url":"https:\/\/kt.gov.rs\/sq\/bursa-per-nxenesit-e-varfer-te-shkollave-te-mesme-dhe-nxenesit-pa-prinder\/","name":"BURSA P\u00cbR NX\u00cbN\u00cbSIT E VARF\u00cbR T\u00cb SHKOLLAVE T\u00cb MESME DHE NX\u00cbN\u00cbSIT PA PRIND\u00cbR - Republika e S\u00ebrbis\u00eb Trupi Koordinues p\u00ebr komunat Bujanoc, Preshev\u00eb dhe Medvegj\u00eb","isPartOf":{"@id":"https:\/\/kt.gov.rs\/#website"},"datePublished":"2009-07-21T00:00:00+00:00","breadcrumb":{"@id":"https:\/\/kt.gov.rs\/sq\/bursa-per-nxenesit-e-varfer-te-shkollave-te-mesme-dhe-nxenesit-pa-prinder\/#breadcrumb"},"inLanguage":"sq-AL","potentialAction":[{"@type":"ReadAction","target":["https:\/\/kt.gov.rs\/sq\/bursa-per-nxenesit-e-varfer-te-shkollave-te-mesme-dhe-nxenesit-pa-prinder\/"]}]},{"@type":"BreadcrumbList","@id":"https:\/\/kt.gov.rs\/sq\/bursa-per-nxenesit-e-varfer-te-shkollave-te-mesme-dhe-nxenesit-pa-prinder\/#breadcrumb","itemListElement":[{"@type":"ListItem","position":1,"name":"\u041f\u043e\u0447\u0435\u0442\u043d\u0430","item":"https:\/\/kt.gov.rs\/sq\/"},{"@type":"ListItem","position":2,"name":"BURSA P\u00cbR NX\u00cbN\u00cbSIT E VARF\u00cbR T\u00cb SHKOLLAVE T\u00cb MESME DHE NX\u00cbN\u00cbSIT PA PRIND\u00cbR"}]},{"@type":"WebSite","@id":"https:\/\/kt.gov.rs\/#website","url":"https:\/\/kt.gov.rs\/","name":"\u041a\u043e\u043e\u0440\u0434\u0438\u043d\u0430\u0446\u0438\u043e\u043d\u043e \u0442\u0435\u043b\u043e \u0412\u043b\u0430\u0434\u0435 \u0420\u0435\u043f\u0443\u0431\u043b\u0438\u043a\u0435 \u0421\u0440\u0431\u0438\u0458\u0435 \u0437\u0430 \u043e\u043f\u0448\u0442\u0438\u043d\u0435 \u041f\u0440\u0435\u0448\u0435\u0432\u043e, \u0411\u0443\u0458\u0430\u043d\u043e\u0432\u0430\u0446 \u0438 \u041c\u0435\u0434\u0432\u0435\u0452a","description":"","publisher":{"@id":"https:\/\/kt.gov.rs\/#organization"},"alternateName":"\u041a\u043e\u043e\u0440\u0434\u0438\u043d\u0430\u0446\u0438\u043e\u043d\u043e \u0442\u0435\u043b\u043e","potentialAction":[{"@type":"SearchAction","target":{"@type":"EntryPoint","urlTemplate":"https:\/\/kt.gov.rs\/?s={search_term_string}"},"query-input":{"@type":"PropertyValueSpecification","valueRequired":true,"valueName":"search_term_string"}}],"inLanguage":"sq-AL"},{"@type":"Organization","@id":"https:\/\/kt.gov.rs\/#organization","name":"\u041a\u043e\u043e\u0440\u0434\u0438\u043d\u0430\u0446\u0438\u043e\u043d\u043e \u0442\u0435\u043b\u043e \u0412\u043b\u0430\u0434\u0435 \u0420\u0435\u043f\u0443\u0431\u043b\u0438\u043a\u0435 \u0421\u0440\u0431\u0438\u0458\u0435 \u0437\u0430 \u043e\u043f\u0448\u0442\u0438\u043d\u0435 \u041f\u0440\u0435\u0448\u0435\u0432\u043e, \u0411\u0443\u0458\u0430\u043d\u043e\u0432\u0430\u0446 \u0438 \u041c\u0435\u0434\u0432\u0435\u0452a","alternateName":"\u041a\u043e\u043e\u0440\u0434\u0438\u043d\u0430\u0446\u0438\u043e\u043d\u043e \u0442\u0435\u043b\u043e","url":"https:\/\/kt.gov.rs\/","logo":{"@type":"ImageObject","inLanguage":"sq-AL","@id":"https:\/\/kt.gov.rs\/#\/schema\/logo\/image\/","url":"https:\/\/kt.gov.rs\/wp-content\/uploads\/2024\/12\/koord2.jpg","contentUrl":"https:\/\/kt.gov.rs\/wp-content\/uploads\/2024\/12\/koord2.jpg","width":640,"height":480,"caption":"\u041a\u043e\u043e\u0440\u0434\u0438\u043d\u0430\u0446\u0438\u043e\u043d\u043e \u0442\u0435\u043b\u043e \u0412\u043b\u0430\u0434\u0435 \u0420\u0435\u043f\u0443\u0431\u043b\u0438\u043a\u0435 \u0421\u0440\u0431\u0438\u0458\u0435 \u0437\u0430 \u043e\u043f\u0448\u0442\u0438\u043d\u0435 \u041f\u0440\u0435\u0448\u0435\u0432\u043e, \u0411\u0443\u0458\u0430\u043d\u043e\u0432\u0430\u0446 \u0438 \u041c\u0435\u0434\u0432\u0435\u0452a"},"image":{"@id":"https:\/\/kt.gov.rs\/#\/schema\/logo\/image\/"},"sameAs":["https:\/\/www.facebook.com\/SluzbaKoordinacionogTelaVladeRepublikeSrbije","https:\/\/x.com\/kt_gov","https:\/\/www.youtube.com\/@koordinacionotelo"]},{"@type":"Person","@id":"https:\/\/kt.gov.rs\/#\/schema\/person\/e426459ddb4173309103390602694571","name":"ktmin","image":{"@type":"ImageObject","inLanguage":"sq-AL","@id":"https:\/\/secure.gravatar.com\/avatar\/3985c961109853010c3fbc7ba30365bfba5db3dd6c525831d9c595c7525a615a?s=96&d=mm&r=g","url":"https:\/\/secure.gravatar.com\/avatar\/3985c961109853010c3fbc7ba30365bfba5db3dd6c525831d9c595c7525a615a?s=96&d=mm&r=g","contentUrl":"https:\/\/secure.gravatar.com\/avatar\/3985c961109853010c3fbc7ba30365bfba5db3dd6c525831d9c595c7525a615a?s=96&d=mm&r=g","caption":"ktmin"},"sameAs":["https:\/\/kt.gov.rs"],"url":"https:\/\/kt.gov.rs\/sq\/author\/ktmin\/"}]}},"_links":{"self":[{"href":"https:\/\/kt.gov.rs\/sq\/wp-json\/wp\/v2\/posts\/143286","targetHints":{"allow":["GET"]}}],"collection":[{"href":"https:\/\/kt.gov.rs\/sq\/wp-json\/wp\/v2\/posts"}],"about":[{"href":"https:\/\/kt.gov.rs\/sq\/wp-json\/wp\/v2\/types\/post"}],"author":[{"embeddable":true,"href":"https:\/\/kt.gov.rs\/sq\/wp-json\/wp\/v2\/users\/1"}],"replies":[{"embeddable":true,"href":"https:\/\/kt.gov.rs\/sq\/wp-json\/wp\/v2\/comments?post=143286"}],"version-history":[{"count":0,"href":"https:\/\/kt.gov.rs\/sq\/wp-json\/wp\/v2\/posts\/143286\/revisions"}],"wp:attachment":[{"href":"https:\/\/kt.gov.rs\/sq\/wp-json\/wp\/v2\/media?parent=143286"}],"wp:term":[{"taxonomy":"category","embeddable":true,"href":"https:\/\/kt.gov.rs\/sq\/wp-json\/wp\/v2\/categories?post=143286"},{"taxonomy":"post_tag","embeddable":true,"href":"https:\/\/kt.gov.rs\/sq\/wp-json\/wp\/v2\/tags?post=143286"}],"curies":[{"name":"wp","href":"https:\/\/api.w.org\/{rel}","templated":true}]}}