{"id":143270,"date":"2009-08-25T00:00:00","date_gmt":"2009-08-25T00:00:00","guid":{"rendered":"http:\/\/kt.printandscreen.rs\/sherbimit-te-trupit-koordinues-i-kan-mberri-49-propozim-projekte\/"},"modified":"2009-08-25T00:00:00","modified_gmt":"2009-08-25T00:00:00","slug":"sherbimit-te-trupit-koordinues-i-kan-mberri-49-propozim-projekte","status":"publish","type":"post","link":"https:\/\/kt.gov.rs\/sq\/sherbimit-te-trupit-koordinues-i-kan-mberri-49-propozim-projekte\/","title":{"rendered":"SH\u00cbRBIMIT T\u00cb TRUPIT KOORDINUES I KAN MB\u00cbRRI 49 PROPOZIM PROJEKTE"},"content":{"rendered":"<p>N\u00eb konkurset p\u00ebr realizimin e t\u00eb drejtave sociale dhe t\u00eb pakicave si dhe p\u00ebr programe dhe projekte t\u00eb shoqatave t\u00eb qytetar\u00ebve, t\u00eb cilat konkurse kan\u00eb qen\u00eb t\u00eb hapura deri m\u00eb 21 gusht t\u00eb vitit 2009, Sh\u00ebrbimit t\u00eb Trupit Koordinues t\u00eb Qeveris\u00eb s\u00eb Republik\u00ebs s\u00eb Serbis\u00eb p\u00ebr komunat e Preshev\u00ebs, Bujanocit dhe Medvegj\u00ebs u kan\u00eb arritur 49 propozim projekte.<br \/>\nKomisioni i formuar nga Drejtori i Sh\u00ebrbimit t\u00eb Trupit Koordinues, Nenad Gjurgjeviq, s\u00eb pari do t\u2019i kontrolloj\u00eb projektet e dor\u00ebzuara e pastaj do t\u2019i zgjedh\u00eb ato projekte p\u00ebr t\u00eb cilat \u00ebsht\u00eb i mundur realizimi n\u00eb vitin 2009 dhe t\u00eb cilat projekte do t\u00eb ken\u00eb m\u00eb tep\u00ebr efekt n\u00eb kualitetin e jet\u00ebs s\u00eb qytetar\u00ebve t\u00eb k\u00ebtyre tri komunave.<br \/>\nVendimi mbi ate se cilat projekte do t\u00eb finansohen, do t\u00eb vendoset m\u00eb 4 shtator\u00eb kur Sh\u00ebrbimi i Trupit Koordinues do t\u00eb informoj\u00eb t\u00eb gjith ata t\u00eb cil\u00ebt kan\u00eb dor\u00ebzuar propozim projektet si dhe t\u00eb n\u00ebnshkruajn\u00eb kontratat me organizatat e zgjedhura.<\/p>\n<p>Lista e projekteve:<\/p>\n<p><a href=\"http:\/\/www.kt.gov.rs\/images\/Lista NVO_4_9_2009_al.pdf\">Konkursi p\u00ebr realizimin e projekteve t\u00eb shoqatave t\u00eb qytetar\u00ebve<\/a><\/p>\n<p><a href=\"http:\/\/www.kt.gov.rs\/images\/Lista projekata_socijalna davanja_4_9_2009_al.pdf\">Konkursi p\u00ebr finansimin e projekteve t\u00eb programeve mbi realizimin t\u00eb drejtave sociale dhe pakicave<\/a><\/p>\n","protected":false},"excerpt":{"rendered":"<p>N\u00eb konkurset p\u00ebr realizimin e t\u00eb drejtave sociale dhe t\u00eb pakicave si dhe p\u00ebr programe dhe projekte t\u00eb shoqatave t\u00eb qytetar\u00ebve, t\u00eb cilat konkurse kan\u00eb qen\u00eb t\u00eb hapura deri m\u00eb 21 gusht t\u00eb vitit 2009, Sh\u00ebrbimit t\u00eb Trupit Koordinues t\u00eb Qeveris\u00eb s\u00eb Republik\u00ebs s\u00eb Serbis\u00eb p\u00ebr komunat e Preshev\u00ebs, Bujanocit dhe Medvegj\u00ebs u kan\u00eb arritur 49 propozim projekte.<\/p>\n","protected":false},"author":1,"featured_media":0,"comment_status":"closed","ping_status":"closed","sticky":false,"template":"","format":"standard","meta":{"footnotes":""},"categories":[55],"tags":[],"class_list":["post-143270","post","type-post","status-publish","format-standard","hentry","category-lajme"],"yoast_head":"<!-- This site is optimized with the Yoast SEO plugin v27.4 - https:\/\/yoast.com\/product\/yoast-seo-wordpress\/ -->\n<title>SH\u00cbRBIMIT T\u00cb TRUPIT KOORDINUES I KAN MB\u00cbRRI 49 PROPOZIM PROJEKTE - Republika e S\u00ebrbis\u00eb Trupi Koordinues p\u00ebr komunat Bujanoc, Preshev\u00eb dhe Medvegj\u00eb<\/title>\n<meta name=\"robots\" content=\"index, follow, max-snippet:-1, max-image-preview:large, max-video-preview:-1\" \/>\n<link rel=\"canonical\" href=\"https:\/\/kt.gov.rs\/sq\/sherbimit-te-trupit-koordinues-i-kan-mberri-49-propozim-projekte\/\" \/>\n<meta property=\"og:locale\" content=\"sq_AL\" \/>\n<meta property=\"og:type\" content=\"article\" \/>\n<meta property=\"og:title\" content=\"SH\u00cbRBIMIT T\u00cb TRUPIT KOORDINUES I KAN MB\u00cbRRI 49 PROPOZIM PROJEKTE - Republika e S\u00ebrbis\u00eb Trupi Koordinues p\u00ebr komunat Bujanoc, Preshev\u00eb dhe Medvegj\u00eb\" \/>\n<meta property=\"og:description\" content=\"N\u00eb konkurset p\u00ebr realizimin e t\u00eb drejtave sociale dhe t\u00eb pakicave si dhe p\u00ebr programe dhe projekte t\u00eb shoqatave t\u00eb qytetar\u00ebve, t\u00eb cilat konkurse kan\u00eb qen\u00eb t\u00eb hapura deri m\u00eb 21 gusht t\u00eb vitit 2009, Sh\u00ebrbimit t\u00eb Trupit Koordinues t\u00eb Qeveris\u00eb s\u00eb Republik\u00ebs s\u00eb Serbis\u00eb p\u00ebr komunat e Preshev\u00ebs, Bujanocit dhe Medvegj\u00ebs u kan\u00eb arritur 49 propozim projekte.\" \/>\n<meta property=\"og:url\" content=\"https:\/\/kt.gov.rs\/sq\/sherbimit-te-trupit-koordinues-i-kan-mberri-49-propozim-projekte\/\" \/>\n<meta property=\"og:site_name\" content=\"Republika e S\u00ebrbis\u00eb Trupi Koordinues p\u00ebr komunat Bujanoc, Preshev\u00eb dhe Medvegj\u00eb\" \/>\n<meta property=\"article:publisher\" content=\"https:\/\/www.facebook.com\/SluzbaKoordinacionogTelaVladeRepublikeSrbije\" \/>\n<meta property=\"article:published_time\" content=\"2009-08-25T00:00:00+00:00\" \/>\n<meta name=\"author\" content=\"ktmin\" \/>\n<meta name=\"twitter:card\" content=\"summary_large_image\" \/>\n<meta name=\"twitter:creator\" content=\"@kt_gov\" \/>\n<meta name=\"twitter:site\" content=\"@kt_gov\" \/>\n<meta name=\"twitter:label1\" content=\"Written by\" \/>\n\t<meta name=\"twitter:data1\" content=\"ktmin\" \/>\n\t<meta name=\"twitter:label2\" content=\"Est. reading time\" \/>\n\t<meta name=\"twitter:data2\" content=\"1 minute\" \/>\n<script type=\"application\/ld+json\" class=\"yoast-schema-graph\">{\"@context\":\"https:\\\/\\\/schema.org\",\"@graph\":[{\"@type\":\"Article\",\"@id\":\"https:\\\/\\\/kt.gov.rs\\\/sq\\\/sherbimit-te-trupit-koordinues-i-kan-mberri-49-propozim-projekte\\\/#article\",\"isPartOf\":{\"@id\":\"https:\\\/\\\/kt.gov.rs\\\/sq\\\/sherbimit-te-trupit-koordinues-i-kan-mberri-49-propozim-projekte\\\/\"},\"author\":{\"name\":\"ktmin\",\"@id\":\"https:\\\/\\\/kt.gov.rs\\\/#\\\/schema\\\/person\\\/e426459ddb4173309103390602694571\"},\"headline\":\"SH\u00cbRBIMIT T\u00cb TRUPIT KOORDINUES I KAN MB\u00cbRRI 49 PROPOZIM PROJEKTE\",\"datePublished\":\"2009-08-25T00:00:00+00:00\",\"mainEntityOfPage\":{\"@id\":\"https:\\\/\\\/kt.gov.rs\\\/sq\\\/sherbimit-te-trupit-koordinues-i-kan-mberri-49-propozim-projekte\\\/\"},\"wordCount\":214,\"publisher\":{\"@id\":\"https:\\\/\\\/kt.gov.rs\\\/#organization\"},\"articleSection\":[\"Lajme\"],\"inLanguage\":\"sq-AL\"},{\"@type\":\"WebPage\",\"@id\":\"https:\\\/\\\/kt.gov.rs\\\/sq\\\/sherbimit-te-trupit-koordinues-i-kan-mberri-49-propozim-projekte\\\/\",\"url\":\"https:\\\/\\\/kt.gov.rs\\\/sq\\\/sherbimit-te-trupit-koordinues-i-kan-mberri-49-propozim-projekte\\\/\",\"name\":\"SH\u00cbRBIMIT T\u00cb TRUPIT KOORDINUES I KAN MB\u00cbRRI 49 PROPOZIM PROJEKTE - Republika e S\u00ebrbis\u00eb Trupi Koordinues p\u00ebr komunat Bujanoc, Preshev\u00eb dhe Medvegj\u00eb\",\"isPartOf\":{\"@id\":\"https:\\\/\\\/kt.gov.rs\\\/#website\"},\"datePublished\":\"2009-08-25T00:00:00+00:00\",\"breadcrumb\":{\"@id\":\"https:\\\/\\\/kt.gov.rs\\\/sq\\\/sherbimit-te-trupit-koordinues-i-kan-mberri-49-propozim-projekte\\\/#breadcrumb\"},\"inLanguage\":\"sq-AL\",\"potentialAction\":[{\"@type\":\"ReadAction\",\"target\":[\"https:\\\/\\\/kt.gov.rs\\\/sq\\\/sherbimit-te-trupit-koordinues-i-kan-mberri-49-propozim-projekte\\\/\"]}]},{\"@type\":\"BreadcrumbList\",\"@id\":\"https:\\\/\\\/kt.gov.rs\\\/sq\\\/sherbimit-te-trupit-koordinues-i-kan-mberri-49-propozim-projekte\\\/#breadcrumb\",\"itemListElement\":[{\"@type\":\"ListItem\",\"position\":1,\"name\":\"\u041f\u043e\u0447\u0435\u0442\u043d\u0430\",\"item\":\"https:\\\/\\\/kt.gov.rs\\\/sq\\\/\"},{\"@type\":\"ListItem\",\"position\":2,\"name\":\"SH\u00cbRBIMIT T\u00cb TRUPIT KOORDINUES I KAN MB\u00cbRRI 49 PROPOZIM PROJEKTE\"}]},{\"@type\":\"WebSite\",\"@id\":\"https:\\\/\\\/kt.gov.rs\\\/#website\",\"url\":\"https:\\\/\\\/kt.gov.rs\\\/\",\"name\":\"\u041a\u043e\u043e\u0440\u0434\u0438\u043d\u0430\u0446\u0438\u043e\u043d\u043e \u0442\u0435\u043b\u043e \u0412\u043b\u0430\u0434\u0435 \u0420\u0435\u043f\u0443\u0431\u043b\u0438\u043a\u0435 \u0421\u0440\u0431\u0438\u0458\u0435 \u0437\u0430 \u043e\u043f\u0448\u0442\u0438\u043d\u0435 \u041f\u0440\u0435\u0448\u0435\u0432\u043e, \u0411\u0443\u0458\u0430\u043d\u043e\u0432\u0430\u0446 \u0438 \u041c\u0435\u0434\u0432\u0435\u0452a\",\"description\":\"\",\"publisher\":{\"@id\":\"https:\\\/\\\/kt.gov.rs\\\/#organization\"},\"alternateName\":\"\u041a\u043e\u043e\u0440\u0434\u0438\u043d\u0430\u0446\u0438\u043e\u043d\u043e \u0442\u0435\u043b\u043e\",\"potentialAction\":[{\"@type\":\"SearchAction\",\"target\":{\"@type\":\"EntryPoint\",\"urlTemplate\":\"https:\\\/\\\/kt.gov.rs\\\/?s={search_term_string}\"},\"query-input\":{\"@type\":\"PropertyValueSpecification\",\"valueRequired\":true,\"valueName\":\"search_term_string\"}}],\"inLanguage\":\"sq-AL\"},{\"@type\":\"Organization\",\"@id\":\"https:\\\/\\\/kt.gov.rs\\\/#organization\",\"name\":\"\u041a\u043e\u043e\u0440\u0434\u0438\u043d\u0430\u0446\u0438\u043e\u043d\u043e \u0442\u0435\u043b\u043e \u0412\u043b\u0430\u0434\u0435 \u0420\u0435\u043f\u0443\u0431\u043b\u0438\u043a\u0435 \u0421\u0440\u0431\u0438\u0458\u0435 \u0437\u0430 \u043e\u043f\u0448\u0442\u0438\u043d\u0435 \u041f\u0440\u0435\u0448\u0435\u0432\u043e, \u0411\u0443\u0458\u0430\u043d\u043e\u0432\u0430\u0446 \u0438 \u041c\u0435\u0434\u0432\u0435\u0452a\",\"alternateName\":\"\u041a\u043e\u043e\u0440\u0434\u0438\u043d\u0430\u0446\u0438\u043e\u043d\u043e \u0442\u0435\u043b\u043e\",\"url\":\"https:\\\/\\\/kt.gov.rs\\\/\",\"logo\":{\"@type\":\"ImageObject\",\"inLanguage\":\"sq-AL\",\"@id\":\"https:\\\/\\\/kt.gov.rs\\\/#\\\/schema\\\/logo\\\/image\\\/\",\"url\":\"https:\\\/\\\/kt.gov.rs\\\/wp-content\\\/uploads\\\/2024\\\/12\\\/koord2.jpg\",\"contentUrl\":\"https:\\\/\\\/kt.gov.rs\\\/wp-content\\\/uploads\\\/2024\\\/12\\\/koord2.jpg\",\"width\":640,\"height\":480,\"caption\":\"\u041a\u043e\u043e\u0440\u0434\u0438\u043d\u0430\u0446\u0438\u043e\u043d\u043e \u0442\u0435\u043b\u043e \u0412\u043b\u0430\u0434\u0435 \u0420\u0435\u043f\u0443\u0431\u043b\u0438\u043a\u0435 \u0421\u0440\u0431\u0438\u0458\u0435 \u0437\u0430 \u043e\u043f\u0448\u0442\u0438\u043d\u0435 \u041f\u0440\u0435\u0448\u0435\u0432\u043e, \u0411\u0443\u0458\u0430\u043d\u043e\u0432\u0430\u0446 \u0438 \u041c\u0435\u0434\u0432\u0435\u0452a\"},\"image\":{\"@id\":\"https:\\\/\\\/kt.gov.rs\\\/#\\\/schema\\\/logo\\\/image\\\/\"},\"sameAs\":[\"https:\\\/\\\/www.facebook.com\\\/SluzbaKoordinacionogTelaVladeRepublikeSrbije\",\"https:\\\/\\\/x.com\\\/kt_gov\",\"https:\\\/\\\/www.youtube.com\\\/@koordinacionotelo\"]},{\"@type\":\"Person\",\"@id\":\"https:\\\/\\\/kt.gov.rs\\\/#\\\/schema\\\/person\\\/e426459ddb4173309103390602694571\",\"name\":\"ktmin\",\"image\":{\"@type\":\"ImageObject\",\"inLanguage\":\"sq-AL\",\"@id\":\"https:\\\/\\\/secure.gravatar.com\\\/avatar\\\/3985c961109853010c3fbc7ba30365bfba5db3dd6c525831d9c595c7525a615a?s=96&d=mm&r=g\",\"url\":\"https:\\\/\\\/secure.gravatar.com\\\/avatar\\\/3985c961109853010c3fbc7ba30365bfba5db3dd6c525831d9c595c7525a615a?s=96&d=mm&r=g\",\"contentUrl\":\"https:\\\/\\\/secure.gravatar.com\\\/avatar\\\/3985c961109853010c3fbc7ba30365bfba5db3dd6c525831d9c595c7525a615a?s=96&d=mm&r=g\",\"caption\":\"ktmin\"},\"sameAs\":[\"https:\\\/\\\/kt.gov.rs\"],\"url\":\"https:\\\/\\\/kt.gov.rs\\\/sq\\\/author\\\/ktmin\\\/\"}]}<\/script>\n<!-- \/ Yoast SEO plugin. -->","yoast_head_json":{"title":"SH\u00cbRBIMIT T\u00cb TRUPIT KOORDINUES I KAN MB\u00cbRRI 49 PROPOZIM PROJEKTE - Republika e S\u00ebrbis\u00eb Trupi Koordinues p\u00ebr komunat Bujanoc, Preshev\u00eb dhe Medvegj\u00eb","robots":{"index":"index","follow":"follow","max-snippet":"max-snippet:-1","max-image-preview":"max-image-preview:large","max-video-preview":"max-video-preview:-1"},"canonical":"https:\/\/kt.gov.rs\/sq\/sherbimit-te-trupit-koordinues-i-kan-mberri-49-propozim-projekte\/","og_locale":"sq_AL","og_type":"article","og_title":"SH\u00cbRBIMIT T\u00cb TRUPIT KOORDINUES I KAN MB\u00cbRRI 49 PROPOZIM PROJEKTE - Republika e S\u00ebrbis\u00eb Trupi Koordinues p\u00ebr komunat Bujanoc, Preshev\u00eb dhe Medvegj\u00eb","og_description":"N\u00eb konkurset p\u00ebr realizimin e t\u00eb drejtave sociale dhe t\u00eb pakicave si dhe p\u00ebr programe dhe projekte t\u00eb shoqatave t\u00eb qytetar\u00ebve, t\u00eb cilat konkurse kan\u00eb qen\u00eb t\u00eb hapura deri m\u00eb 21 gusht t\u00eb vitit 2009, Sh\u00ebrbimit t\u00eb Trupit Koordinues t\u00eb Qeveris\u00eb s\u00eb Republik\u00ebs s\u00eb Serbis\u00eb p\u00ebr komunat e Preshev\u00ebs, Bujanocit dhe Medvegj\u00ebs u kan\u00eb arritur 49 propozim projekte.","og_url":"https:\/\/kt.gov.rs\/sq\/sherbimit-te-trupit-koordinues-i-kan-mberri-49-propozim-projekte\/","og_site_name":"Republika e S\u00ebrbis\u00eb Trupi Koordinues p\u00ebr komunat Bujanoc, Preshev\u00eb dhe Medvegj\u00eb","article_publisher":"https:\/\/www.facebook.com\/SluzbaKoordinacionogTelaVladeRepublikeSrbije","article_published_time":"2009-08-25T00:00:00+00:00","author":"ktmin","twitter_card":"summary_large_image","twitter_creator":"@kt_gov","twitter_site":"@kt_gov","twitter_misc":{"Written by":"ktmin","Est. reading time":"1 minute"},"schema":{"@context":"https:\/\/schema.org","@graph":[{"@type":"Article","@id":"https:\/\/kt.gov.rs\/sq\/sherbimit-te-trupit-koordinues-i-kan-mberri-49-propozim-projekte\/#article","isPartOf":{"@id":"https:\/\/kt.gov.rs\/sq\/sherbimit-te-trupit-koordinues-i-kan-mberri-49-propozim-projekte\/"},"author":{"name":"ktmin","@id":"https:\/\/kt.gov.rs\/#\/schema\/person\/e426459ddb4173309103390602694571"},"headline":"SH\u00cbRBIMIT T\u00cb TRUPIT KOORDINUES I KAN MB\u00cbRRI 49 PROPOZIM PROJEKTE","datePublished":"2009-08-25T00:00:00+00:00","mainEntityOfPage":{"@id":"https:\/\/kt.gov.rs\/sq\/sherbimit-te-trupit-koordinues-i-kan-mberri-49-propozim-projekte\/"},"wordCount":214,"publisher":{"@id":"https:\/\/kt.gov.rs\/#organization"},"articleSection":["Lajme"],"inLanguage":"sq-AL"},{"@type":"WebPage","@id":"https:\/\/kt.gov.rs\/sq\/sherbimit-te-trupit-koordinues-i-kan-mberri-49-propozim-projekte\/","url":"https:\/\/kt.gov.rs\/sq\/sherbimit-te-trupit-koordinues-i-kan-mberri-49-propozim-projekte\/","name":"SH\u00cbRBIMIT T\u00cb TRUPIT KOORDINUES I KAN MB\u00cbRRI 49 PROPOZIM PROJEKTE - Republika e S\u00ebrbis\u00eb Trupi Koordinues p\u00ebr komunat Bujanoc, Preshev\u00eb dhe Medvegj\u00eb","isPartOf":{"@id":"https:\/\/kt.gov.rs\/#website"},"datePublished":"2009-08-25T00:00:00+00:00","breadcrumb":{"@id":"https:\/\/kt.gov.rs\/sq\/sherbimit-te-trupit-koordinues-i-kan-mberri-49-propozim-projekte\/#breadcrumb"},"inLanguage":"sq-AL","potentialAction":[{"@type":"ReadAction","target":["https:\/\/kt.gov.rs\/sq\/sherbimit-te-trupit-koordinues-i-kan-mberri-49-propozim-projekte\/"]}]},{"@type":"BreadcrumbList","@id":"https:\/\/kt.gov.rs\/sq\/sherbimit-te-trupit-koordinues-i-kan-mberri-49-propozim-projekte\/#breadcrumb","itemListElement":[{"@type":"ListItem","position":1,"name":"\u041f\u043e\u0447\u0435\u0442\u043d\u0430","item":"https:\/\/kt.gov.rs\/sq\/"},{"@type":"ListItem","position":2,"name":"SH\u00cbRBIMIT T\u00cb TRUPIT KOORDINUES I KAN MB\u00cbRRI 49 PROPOZIM PROJEKTE"}]},{"@type":"WebSite","@id":"https:\/\/kt.gov.rs\/#website","url":"https:\/\/kt.gov.rs\/","name":"\u041a\u043e\u043e\u0440\u0434\u0438\u043d\u0430\u0446\u0438\u043e\u043d\u043e \u0442\u0435\u043b\u043e \u0412\u043b\u0430\u0434\u0435 \u0420\u0435\u043f\u0443\u0431\u043b\u0438\u043a\u0435 \u0421\u0440\u0431\u0438\u0458\u0435 \u0437\u0430 \u043e\u043f\u0448\u0442\u0438\u043d\u0435 \u041f\u0440\u0435\u0448\u0435\u0432\u043e, \u0411\u0443\u0458\u0430\u043d\u043e\u0432\u0430\u0446 \u0438 \u041c\u0435\u0434\u0432\u0435\u0452a","description":"","publisher":{"@id":"https:\/\/kt.gov.rs\/#organization"},"alternateName":"\u041a\u043e\u043e\u0440\u0434\u0438\u043d\u0430\u0446\u0438\u043e\u043d\u043e \u0442\u0435\u043b\u043e","potentialAction":[{"@type":"SearchAction","target":{"@type":"EntryPoint","urlTemplate":"https:\/\/kt.gov.rs\/?s={search_term_string}"},"query-input":{"@type":"PropertyValueSpecification","valueRequired":true,"valueName":"search_term_string"}}],"inLanguage":"sq-AL"},{"@type":"Organization","@id":"https:\/\/kt.gov.rs\/#organization","name":"\u041a\u043e\u043e\u0440\u0434\u0438\u043d\u0430\u0446\u0438\u043e\u043d\u043e \u0442\u0435\u043b\u043e \u0412\u043b\u0430\u0434\u0435 \u0420\u0435\u043f\u0443\u0431\u043b\u0438\u043a\u0435 \u0421\u0440\u0431\u0438\u0458\u0435 \u0437\u0430 \u043e\u043f\u0448\u0442\u0438\u043d\u0435 \u041f\u0440\u0435\u0448\u0435\u0432\u043e, \u0411\u0443\u0458\u0430\u043d\u043e\u0432\u0430\u0446 \u0438 \u041c\u0435\u0434\u0432\u0435\u0452a","alternateName":"\u041a\u043e\u043e\u0440\u0434\u0438\u043d\u0430\u0446\u0438\u043e\u043d\u043e \u0442\u0435\u043b\u043e","url":"https:\/\/kt.gov.rs\/","logo":{"@type":"ImageObject","inLanguage":"sq-AL","@id":"https:\/\/kt.gov.rs\/#\/schema\/logo\/image\/","url":"https:\/\/kt.gov.rs\/wp-content\/uploads\/2024\/12\/koord2.jpg","contentUrl":"https:\/\/kt.gov.rs\/wp-content\/uploads\/2024\/12\/koord2.jpg","width":640,"height":480,"caption":"\u041a\u043e\u043e\u0440\u0434\u0438\u043d\u0430\u0446\u0438\u043e\u043d\u043e \u0442\u0435\u043b\u043e \u0412\u043b\u0430\u0434\u0435 \u0420\u0435\u043f\u0443\u0431\u043b\u0438\u043a\u0435 \u0421\u0440\u0431\u0438\u0458\u0435 \u0437\u0430 \u043e\u043f\u0448\u0442\u0438\u043d\u0435 \u041f\u0440\u0435\u0448\u0435\u0432\u043e, \u0411\u0443\u0458\u0430\u043d\u043e\u0432\u0430\u0446 \u0438 \u041c\u0435\u0434\u0432\u0435\u0452a"},"image":{"@id":"https:\/\/kt.gov.rs\/#\/schema\/logo\/image\/"},"sameAs":["https:\/\/www.facebook.com\/SluzbaKoordinacionogTelaVladeRepublikeSrbije","https:\/\/x.com\/kt_gov","https:\/\/www.youtube.com\/@koordinacionotelo"]},{"@type":"Person","@id":"https:\/\/kt.gov.rs\/#\/schema\/person\/e426459ddb4173309103390602694571","name":"ktmin","image":{"@type":"ImageObject","inLanguage":"sq-AL","@id":"https:\/\/secure.gravatar.com\/avatar\/3985c961109853010c3fbc7ba30365bfba5db3dd6c525831d9c595c7525a615a?s=96&d=mm&r=g","url":"https:\/\/secure.gravatar.com\/avatar\/3985c961109853010c3fbc7ba30365bfba5db3dd6c525831d9c595c7525a615a?s=96&d=mm&r=g","contentUrl":"https:\/\/secure.gravatar.com\/avatar\/3985c961109853010c3fbc7ba30365bfba5db3dd6c525831d9c595c7525a615a?s=96&d=mm&r=g","caption":"ktmin"},"sameAs":["https:\/\/kt.gov.rs"],"url":"https:\/\/kt.gov.rs\/sq\/author\/ktmin\/"}]}},"_links":{"self":[{"href":"https:\/\/kt.gov.rs\/sq\/wp-json\/wp\/v2\/posts\/143270","targetHints":{"allow":["GET"]}}],"collection":[{"href":"https:\/\/kt.gov.rs\/sq\/wp-json\/wp\/v2\/posts"}],"about":[{"href":"https:\/\/kt.gov.rs\/sq\/wp-json\/wp\/v2\/types\/post"}],"author":[{"embeddable":true,"href":"https:\/\/kt.gov.rs\/sq\/wp-json\/wp\/v2\/users\/1"}],"replies":[{"embeddable":true,"href":"https:\/\/kt.gov.rs\/sq\/wp-json\/wp\/v2\/comments?post=143270"}],"version-history":[{"count":0,"href":"https:\/\/kt.gov.rs\/sq\/wp-json\/wp\/v2\/posts\/143270\/revisions"}],"wp:attachment":[{"href":"https:\/\/kt.gov.rs\/sq\/wp-json\/wp\/v2\/media?parent=143270"}],"wp:term":[{"taxonomy":"category","embeddable":true,"href":"https:\/\/kt.gov.rs\/sq\/wp-json\/wp\/v2\/categories?post=143270"},{"taxonomy":"post_tag","embeddable":true,"href":"https:\/\/kt.gov.rs\/sq\/wp-json\/wp\/v2\/tags?post=143270"}],"curies":[{"name":"wp","href":"https:\/\/api.w.org\/{rel}","templated":true}]}}