{"id":143269,"date":"2009-08-28T00:00:00","date_gmt":"2009-08-28T00:00:00","guid":{"rendered":"http:\/\/kt.printandscreen.rs\/ftese-per-gazetare-pajisje-shkollore-falas-per-nxenesit-e-klaseve-te-para-ne-presheve-bujanoc-dhe-medvegje\/"},"modified":"2009-08-28T00:00:00","modified_gmt":"2009-08-28T00:00:00","slug":"ftese-per-gazetare-pajisje-shkollore-falas-per-nxenesit-e-klaseve-te-para-ne-presheve-bujanoc-dhe-medvegje","status":"publish","type":"post","link":"https:\/\/kt.gov.rs\/sq\/ftese-per-gazetare-pajisje-shkollore-falas-per-nxenesit-e-klaseve-te-para-ne-presheve-bujanoc-dhe-medvegje\/","title":{"rendered":"Ftes\u00eb p\u00ebr gazetar\u00eb: PAJISJE SHKOLLORE FALAS P\u00cbR NX\u00cbN\u00cbSIT E KLAS\u00cbVE T\u00cb PARA N\u00cb PRESHEV\u00cb, BUJANOC DHE MEDVEGJ\u00cb"},"content":{"rendered":"<p>BEOGRAD, 28 GUSHT 2009 \u2013 T\u00eb mart\u00ebn, m\u00eb 1 shtator\u00eb, nj\u00eb mij\u00eb e treqind (1300) nx\u00ebn\u00ebs t\u00eb klas\u00ebve t\u00eb para t\u00eb shkollave fillore n\u00eb Preshev\u00eb, Bujanoc dhe Medvegj\u00eb do t\u00eb marrin falas pajisje shkollore n\u00eb vler\u00eb prej 2 milion e 800 mij\u00eb dinar\u00ebsh. Donacionin e ka siguruar Trupi Koordinues i k\u00ebtyre tri komunave. Kompleti i pajisjeve shkollore p\u00ebrmban\u00eb \u00e7ant\u00ebn shkollore, kutiz\u00ebn p\u00ebr pajisje, gjasht\u00eb fletore, bllok p\u00ebr vizatim, vizore, ngjyrat e drurit, logarit\u00ebsen, gdhend\u00ebsin, gom\u00ebn, lapsat grafik dhe kimik. Vlera e nj\u00eb kompleti \u00ebsht\u00eb 2.100 dinar\u00eb.<\/p>\n<p>Kryetari i Trupit Koordinues t\u00eb Qeveris\u00eb s\u00eb Republik\u00ebs s\u00eb Serbis\u00eb p\u00ebr komunat Preshev\u00eb, Bujanoc dhe Medvegj\u00eb e nj\u00ebherit edhe kryetar\u00eb i pushtetit lokal dhe vet\u00ebqeverisjes lokale, ministri Milan Markoviq s\u00eb bashku me kryetar\u00ebt e komunave do t\u2019i dor\u00ebzoj\u00eb k\u00ebto mjete nx\u00ebn\u00ebsve t\u00eb klasave t\u00eb para n\u00eb shkollat fillore\u00a0 ,,Ibrahim Kelmendi\u2019\u2019 dhe ,,Vuk Karaxhiq\u2019\u2019 n\u00eb Preshev\u00eb si dhe n\u00eb shkollat fillore ,,Naim Frash\u00ebri\u2019\u2019 dhe ,,Branko Radiqeviq\u2019\u2019 n\u00eb Bujanoc.<br \/>\nP\u00ebrpos k\u00ebsaj, ministri Milan Markoviq me p\u00ebrfaq\u00ebsuesit e pushtetit lokal, n\u00eb m\u00ebnyr\u00eb solemne do t\u00eb hap\u00eb fillim e rregullimit e zon\u00ebs qendrore si dhe fillimin e elektrifikimit e nj\u00eb pjese t\u00eb Bujanocit. K\u00ebto projekte finansohen nga Trupi Koordinues p\u00ebr komunat e Preshev\u00ebs, Bujanocit dhe Medvegj\u00ebs si dhe nga Agjensioni Amerikan p\u00ebr zhvillim nd\u00ebrkomb\u00ebtar\u00eb (USAID).<\/p>\n<p>Plani i vizit\u00ebs s\u00eb ministrit Milan Markoviq:<br \/>\n11:00 Preshev\u00eb- dor\u00ebzimi i mjeteve shkollore nx\u00ebn\u00ebsve t\u00eb SH.F. ,,Ibrahim Kelmendi\u2019\u2019<br \/>\n11:45 Preshev\u00eb- dor\u00ebzimi i mjeteve shkollore nx\u00ebn\u00ebsve t\u00eb SH.F. ,,Vuk Karaxhiq\u2019\u2019<br \/>\n12:30 Fillimi i pun\u00ebve n\u00eb rregullimin e zon\u00ebs qendrore n\u00eb Preshev\u00eb<br \/>\n13:15 Bujanoc \u2013 dor\u00ebzimi i mjeteve shkollore nx\u00ebn\u00ebsve t\u00eb SH.F. ,,Naim Frash\u00ebri\u2019\u2019<br \/>\n14:00 Bujanoc \u2013 dor\u00ebzimi i mjeteve shkollore nx\u00ebn\u00ebsve t\u00eb SH.F. ,,Branko Radiqeviq \u2019\u2019<br \/>\n14:30 Bujanoc \u2013 fillimi i projektit ,,Elektrifikimi i sektorit 6\u2019\u2019<br \/>\n\u041aontakt personi: Nebojsha Andriq tel: 066 389 264.<\/p>\n","protected":false},"excerpt":{"rendered":"<p>BEOGRAD, 28 GUSHT 2009 \u2013 T\u00eb mart\u00ebn, m\u00eb 1 shtator\u00eb, nj\u00eb mij\u00eb e treqind (1300) nx\u00ebn\u00ebs t\u00eb klas\u00ebve t\u00eb para t\u00eb shkollave fillore n\u00eb Preshev\u00eb, Bujanoc dhe Medvegj\u00eb do t\u00eb marrin falas pajisje shkollore n\u00eb vler\u00eb prej 2 milion e 800 mij\u00eb dinar\u00ebsh. Donacionin e ka siguruar Trupi Koordinues i k\u00ebtyre tri komunave. Kompleti i pajisjeve shkollore p\u00ebrmban\u00eb \u00e7ant\u00ebn shkollore, kutiz\u00ebn p\u00ebr pajisje, gjasht\u00eb fletore, bllok p\u00ebr vizatim, vizore, ngjyrat e drurit, logarit\u00ebsen, gdhend\u00ebsin, gom\u00ebn, lapsat grafik dhe kimik. Vlera e nj\u00eb kompleti \u00ebsht\u00eb 2.100 dinar\u00eb.<\/p>\n","protected":false},"author":1,"featured_media":0,"comment_status":"closed","ping_status":"closed","sticky":false,"template":"","format":"standard","meta":{"footnotes":""},"categories":[55],"tags":[],"class_list":["post-143269","post","type-post","status-publish","format-standard","hentry","category-lajme"],"yoast_head":"<!-- This site is optimized with the Yoast SEO plugin v27.4 - https:\/\/yoast.com\/product\/yoast-seo-wordpress\/ -->\n<title>Ftes\u00eb p\u00ebr gazetar\u00eb: PAJISJE SHKOLLORE FALAS P\u00cbR NX\u00cbN\u00cbSIT E KLAS\u00cbVE T\u00cb PARA N\u00cb PRESHEV\u00cb, BUJANOC DHE MEDVEGJ\u00cb - Republika e S\u00ebrbis\u00eb Trupi Koordinues p\u00ebr komunat Bujanoc, Preshev\u00eb dhe Medvegj\u00eb<\/title>\n<meta name=\"robots\" content=\"index, follow, max-snippet:-1, max-image-preview:large, max-video-preview:-1\" \/>\n<link rel=\"canonical\" href=\"https:\/\/kt.gov.rs\/sq\/ftese-per-gazetare-pajisje-shkollore-falas-per-nxenesit-e-klaseve-te-para-ne-presheve-bujanoc-dhe-medvegje\/\" \/>\n<meta property=\"og:locale\" content=\"sq_AL\" \/>\n<meta property=\"og:type\" content=\"article\" \/>\n<meta property=\"og:title\" content=\"Ftes\u00eb p\u00ebr gazetar\u00eb: PAJISJE SHKOLLORE FALAS P\u00cbR NX\u00cbN\u00cbSIT E KLAS\u00cbVE T\u00cb PARA N\u00cb PRESHEV\u00cb, BUJANOC DHE MEDVEGJ\u00cb - Republika e S\u00ebrbis\u00eb Trupi Koordinues p\u00ebr komunat Bujanoc, Preshev\u00eb dhe Medvegj\u00eb\" \/>\n<meta property=\"og:description\" content=\"BEOGRAD, 28 GUSHT 2009 \u2013 T\u00eb mart\u00ebn, m\u00eb 1 shtator\u00eb, nj\u00eb mij\u00eb e treqind (1300) nx\u00ebn\u00ebs t\u00eb klas\u00ebve t\u00eb para t\u00eb shkollave fillore n\u00eb Preshev\u00eb, Bujanoc dhe Medvegj\u00eb do t\u00eb marrin falas pajisje shkollore n\u00eb vler\u00eb prej 2 milion e 800 mij\u00eb dinar\u00ebsh. Donacionin e ka siguruar Trupi Koordinues i k\u00ebtyre tri komunave. Kompleti i pajisjeve shkollore p\u00ebrmban\u00eb \u00e7ant\u00ebn shkollore, kutiz\u00ebn p\u00ebr pajisje, gjasht\u00eb fletore, bllok p\u00ebr vizatim, vizore, ngjyrat e drurit, logarit\u00ebsen, gdhend\u00ebsin, gom\u00ebn, lapsat grafik dhe kimik. Vlera e nj\u00eb kompleti \u00ebsht\u00eb 2.100 dinar\u00eb.\" \/>\n<meta property=\"og:url\" content=\"https:\/\/kt.gov.rs\/sq\/ftese-per-gazetare-pajisje-shkollore-falas-per-nxenesit-e-klaseve-te-para-ne-presheve-bujanoc-dhe-medvegje\/\" \/>\n<meta property=\"og:site_name\" content=\"Republika e S\u00ebrbis\u00eb Trupi Koordinues p\u00ebr komunat Bujanoc, Preshev\u00eb dhe Medvegj\u00eb\" \/>\n<meta property=\"article:publisher\" content=\"https:\/\/www.facebook.com\/SluzbaKoordinacionogTelaVladeRepublikeSrbije\" \/>\n<meta property=\"article:published_time\" content=\"2009-08-28T00:00:00+00:00\" \/>\n<meta name=\"author\" content=\"ktmin\" \/>\n<meta name=\"twitter:card\" content=\"summary_large_image\" \/>\n<meta name=\"twitter:creator\" content=\"@kt_gov\" \/>\n<meta name=\"twitter:site\" content=\"@kt_gov\" \/>\n<meta name=\"twitter:label1\" content=\"Written by\" \/>\n\t<meta name=\"twitter:data1\" content=\"ktmin\" \/>\n\t<meta name=\"twitter:label2\" content=\"Est. reading time\" \/>\n\t<meta name=\"twitter:data2\" content=\"2 minutes\" \/>\n<script type=\"application\/ld+json\" class=\"yoast-schema-graph\">{\"@context\":\"https:\\\/\\\/schema.org\",\"@graph\":[{\"@type\":\"Article\",\"@id\":\"https:\\\/\\\/kt.gov.rs\\\/sq\\\/ftese-per-gazetare-pajisje-shkollore-falas-per-nxenesit-e-klaseve-te-para-ne-presheve-bujanoc-dhe-medvegje\\\/#article\",\"isPartOf\":{\"@id\":\"https:\\\/\\\/kt.gov.rs\\\/sq\\\/ftese-per-gazetare-pajisje-shkollore-falas-per-nxenesit-e-klaseve-te-para-ne-presheve-bujanoc-dhe-medvegje\\\/\"},\"author\":{\"name\":\"ktmin\",\"@id\":\"https:\\\/\\\/kt.gov.rs\\\/#\\\/schema\\\/person\\\/e426459ddb4173309103390602694571\"},\"headline\":\"Ftes\u00eb p\u00ebr gazetar\u00eb: PAJISJE SHKOLLORE FALAS P\u00cbR NX\u00cbN\u00cbSIT E KLAS\u00cbVE T\u00cb PARA N\u00cb PRESHEV\u00cb, BUJANOC DHE MEDVEGJ\u00cb\",\"datePublished\":\"2009-08-28T00:00:00+00:00\",\"mainEntityOfPage\":{\"@id\":\"https:\\\/\\\/kt.gov.rs\\\/sq\\\/ftese-per-gazetare-pajisje-shkollore-falas-per-nxenesit-e-klaseve-te-para-ne-presheve-bujanoc-dhe-medvegje\\\/\"},\"wordCount\":374,\"publisher\":{\"@id\":\"https:\\\/\\\/kt.gov.rs\\\/#organization\"},\"articleSection\":[\"Lajme\"],\"inLanguage\":\"sq-AL\"},{\"@type\":\"WebPage\",\"@id\":\"https:\\\/\\\/kt.gov.rs\\\/sq\\\/ftese-per-gazetare-pajisje-shkollore-falas-per-nxenesit-e-klaseve-te-para-ne-presheve-bujanoc-dhe-medvegje\\\/\",\"url\":\"https:\\\/\\\/kt.gov.rs\\\/sq\\\/ftese-per-gazetare-pajisje-shkollore-falas-per-nxenesit-e-klaseve-te-para-ne-presheve-bujanoc-dhe-medvegje\\\/\",\"name\":\"Ftes\u00eb p\u00ebr gazetar\u00eb: PAJISJE SHKOLLORE FALAS P\u00cbR NX\u00cbN\u00cbSIT E KLAS\u00cbVE T\u00cb PARA N\u00cb PRESHEV\u00cb, BUJANOC DHE MEDVEGJ\u00cb - Republika e S\u00ebrbis\u00eb Trupi Koordinues p\u00ebr komunat Bujanoc, Preshev\u00eb dhe Medvegj\u00eb\",\"isPartOf\":{\"@id\":\"https:\\\/\\\/kt.gov.rs\\\/#website\"},\"datePublished\":\"2009-08-28T00:00:00+00:00\",\"breadcrumb\":{\"@id\":\"https:\\\/\\\/kt.gov.rs\\\/sq\\\/ftese-per-gazetare-pajisje-shkollore-falas-per-nxenesit-e-klaseve-te-para-ne-presheve-bujanoc-dhe-medvegje\\\/#breadcrumb\"},\"inLanguage\":\"sq-AL\",\"potentialAction\":[{\"@type\":\"ReadAction\",\"target\":[\"https:\\\/\\\/kt.gov.rs\\\/sq\\\/ftese-per-gazetare-pajisje-shkollore-falas-per-nxenesit-e-klaseve-te-para-ne-presheve-bujanoc-dhe-medvegje\\\/\"]}]},{\"@type\":\"BreadcrumbList\",\"@id\":\"https:\\\/\\\/kt.gov.rs\\\/sq\\\/ftese-per-gazetare-pajisje-shkollore-falas-per-nxenesit-e-klaseve-te-para-ne-presheve-bujanoc-dhe-medvegje\\\/#breadcrumb\",\"itemListElement\":[{\"@type\":\"ListItem\",\"position\":1,\"name\":\"\u041f\u043e\u0447\u0435\u0442\u043d\u0430\",\"item\":\"https:\\\/\\\/kt.gov.rs\\\/sq\\\/\"},{\"@type\":\"ListItem\",\"position\":2,\"name\":\"Ftes\u00eb p\u00ebr gazetar\u00eb: PAJISJE SHKOLLORE FALAS P\u00cbR NX\u00cbN\u00cbSIT E KLAS\u00cbVE T\u00cb PARA N\u00cb PRESHEV\u00cb, BUJANOC DHE MEDVEGJ\u00cb\"}]},{\"@type\":\"WebSite\",\"@id\":\"https:\\\/\\\/kt.gov.rs\\\/#website\",\"url\":\"https:\\\/\\\/kt.gov.rs\\\/\",\"name\":\"\u041a\u043e\u043e\u0440\u0434\u0438\u043d\u0430\u0446\u0438\u043e\u043d\u043e \u0442\u0435\u043b\u043e \u0412\u043b\u0430\u0434\u0435 \u0420\u0435\u043f\u0443\u0431\u043b\u0438\u043a\u0435 \u0421\u0440\u0431\u0438\u0458\u0435 \u0437\u0430 \u043e\u043f\u0448\u0442\u0438\u043d\u0435 \u041f\u0440\u0435\u0448\u0435\u0432\u043e, \u0411\u0443\u0458\u0430\u043d\u043e\u0432\u0430\u0446 \u0438 \u041c\u0435\u0434\u0432\u0435\u0452a\",\"description\":\"\",\"publisher\":{\"@id\":\"https:\\\/\\\/kt.gov.rs\\\/#organization\"},\"alternateName\":\"\u041a\u043e\u043e\u0440\u0434\u0438\u043d\u0430\u0446\u0438\u043e\u043d\u043e \u0442\u0435\u043b\u043e\",\"potentialAction\":[{\"@type\":\"SearchAction\",\"target\":{\"@type\":\"EntryPoint\",\"urlTemplate\":\"https:\\\/\\\/kt.gov.rs\\\/?s={search_term_string}\"},\"query-input\":{\"@type\":\"PropertyValueSpecification\",\"valueRequired\":true,\"valueName\":\"search_term_string\"}}],\"inLanguage\":\"sq-AL\"},{\"@type\":\"Organization\",\"@id\":\"https:\\\/\\\/kt.gov.rs\\\/#organization\",\"name\":\"\u041a\u043e\u043e\u0440\u0434\u0438\u043d\u0430\u0446\u0438\u043e\u043d\u043e \u0442\u0435\u043b\u043e \u0412\u043b\u0430\u0434\u0435 \u0420\u0435\u043f\u0443\u0431\u043b\u0438\u043a\u0435 \u0421\u0440\u0431\u0438\u0458\u0435 \u0437\u0430 \u043e\u043f\u0448\u0442\u0438\u043d\u0435 \u041f\u0440\u0435\u0448\u0435\u0432\u043e, \u0411\u0443\u0458\u0430\u043d\u043e\u0432\u0430\u0446 \u0438 \u041c\u0435\u0434\u0432\u0435\u0452a\",\"alternateName\":\"\u041a\u043e\u043e\u0440\u0434\u0438\u043d\u0430\u0446\u0438\u043e\u043d\u043e \u0442\u0435\u043b\u043e\",\"url\":\"https:\\\/\\\/kt.gov.rs\\\/\",\"logo\":{\"@type\":\"ImageObject\",\"inLanguage\":\"sq-AL\",\"@id\":\"https:\\\/\\\/kt.gov.rs\\\/#\\\/schema\\\/logo\\\/image\\\/\",\"url\":\"https:\\\/\\\/kt.gov.rs\\\/wp-content\\\/uploads\\\/2024\\\/12\\\/koord2.jpg\",\"contentUrl\":\"https:\\\/\\\/kt.gov.rs\\\/wp-content\\\/uploads\\\/2024\\\/12\\\/koord2.jpg\",\"width\":640,\"height\":480,\"caption\":\"\u041a\u043e\u043e\u0440\u0434\u0438\u043d\u0430\u0446\u0438\u043e\u043d\u043e \u0442\u0435\u043b\u043e \u0412\u043b\u0430\u0434\u0435 \u0420\u0435\u043f\u0443\u0431\u043b\u0438\u043a\u0435 \u0421\u0440\u0431\u0438\u0458\u0435 \u0437\u0430 \u043e\u043f\u0448\u0442\u0438\u043d\u0435 \u041f\u0440\u0435\u0448\u0435\u0432\u043e, \u0411\u0443\u0458\u0430\u043d\u043e\u0432\u0430\u0446 \u0438 \u041c\u0435\u0434\u0432\u0435\u0452a\"},\"image\":{\"@id\":\"https:\\\/\\\/kt.gov.rs\\\/#\\\/schema\\\/logo\\\/image\\\/\"},\"sameAs\":[\"https:\\\/\\\/www.facebook.com\\\/SluzbaKoordinacionogTelaVladeRepublikeSrbije\",\"https:\\\/\\\/x.com\\\/kt_gov\",\"https:\\\/\\\/www.youtube.com\\\/@koordinacionotelo\"]},{\"@type\":\"Person\",\"@id\":\"https:\\\/\\\/kt.gov.rs\\\/#\\\/schema\\\/person\\\/e426459ddb4173309103390602694571\",\"name\":\"ktmin\",\"image\":{\"@type\":\"ImageObject\",\"inLanguage\":\"sq-AL\",\"@id\":\"https:\\\/\\\/secure.gravatar.com\\\/avatar\\\/3985c961109853010c3fbc7ba30365bfba5db3dd6c525831d9c595c7525a615a?s=96&d=mm&r=g\",\"url\":\"https:\\\/\\\/secure.gravatar.com\\\/avatar\\\/3985c961109853010c3fbc7ba30365bfba5db3dd6c525831d9c595c7525a615a?s=96&d=mm&r=g\",\"contentUrl\":\"https:\\\/\\\/secure.gravatar.com\\\/avatar\\\/3985c961109853010c3fbc7ba30365bfba5db3dd6c525831d9c595c7525a615a?s=96&d=mm&r=g\",\"caption\":\"ktmin\"},\"sameAs\":[\"https:\\\/\\\/kt.gov.rs\"],\"url\":\"https:\\\/\\\/kt.gov.rs\\\/sq\\\/author\\\/ktmin\\\/\"}]}<\/script>\n<!-- \/ Yoast SEO plugin. -->","yoast_head_json":{"title":"Ftes\u00eb p\u00ebr gazetar\u00eb: PAJISJE SHKOLLORE FALAS P\u00cbR NX\u00cbN\u00cbSIT E KLAS\u00cbVE T\u00cb PARA N\u00cb PRESHEV\u00cb, BUJANOC DHE MEDVEGJ\u00cb - Republika e S\u00ebrbis\u00eb Trupi Koordinues p\u00ebr komunat Bujanoc, Preshev\u00eb dhe Medvegj\u00eb","robots":{"index":"index","follow":"follow","max-snippet":"max-snippet:-1","max-image-preview":"max-image-preview:large","max-video-preview":"max-video-preview:-1"},"canonical":"https:\/\/kt.gov.rs\/sq\/ftese-per-gazetare-pajisje-shkollore-falas-per-nxenesit-e-klaseve-te-para-ne-presheve-bujanoc-dhe-medvegje\/","og_locale":"sq_AL","og_type":"article","og_title":"Ftes\u00eb p\u00ebr gazetar\u00eb: PAJISJE SHKOLLORE FALAS P\u00cbR NX\u00cbN\u00cbSIT E KLAS\u00cbVE T\u00cb PARA N\u00cb PRESHEV\u00cb, BUJANOC DHE MEDVEGJ\u00cb - Republika e S\u00ebrbis\u00eb Trupi Koordinues p\u00ebr komunat Bujanoc, Preshev\u00eb dhe Medvegj\u00eb","og_description":"BEOGRAD, 28 GUSHT 2009 \u2013 T\u00eb mart\u00ebn, m\u00eb 1 shtator\u00eb, nj\u00eb mij\u00eb e treqind (1300) nx\u00ebn\u00ebs t\u00eb klas\u00ebve t\u00eb para t\u00eb shkollave fillore n\u00eb Preshev\u00eb, Bujanoc dhe Medvegj\u00eb do t\u00eb marrin falas pajisje shkollore n\u00eb vler\u00eb prej 2 milion e 800 mij\u00eb dinar\u00ebsh. Donacionin e ka siguruar Trupi Koordinues i k\u00ebtyre tri komunave. Kompleti i pajisjeve shkollore p\u00ebrmban\u00eb \u00e7ant\u00ebn shkollore, kutiz\u00ebn p\u00ebr pajisje, gjasht\u00eb fletore, bllok p\u00ebr vizatim, vizore, ngjyrat e drurit, logarit\u00ebsen, gdhend\u00ebsin, gom\u00ebn, lapsat grafik dhe kimik. Vlera e nj\u00eb kompleti \u00ebsht\u00eb 2.100 dinar\u00eb.","og_url":"https:\/\/kt.gov.rs\/sq\/ftese-per-gazetare-pajisje-shkollore-falas-per-nxenesit-e-klaseve-te-para-ne-presheve-bujanoc-dhe-medvegje\/","og_site_name":"Republika e S\u00ebrbis\u00eb Trupi Koordinues p\u00ebr komunat Bujanoc, Preshev\u00eb dhe Medvegj\u00eb","article_publisher":"https:\/\/www.facebook.com\/SluzbaKoordinacionogTelaVladeRepublikeSrbije","article_published_time":"2009-08-28T00:00:00+00:00","author":"ktmin","twitter_card":"summary_large_image","twitter_creator":"@kt_gov","twitter_site":"@kt_gov","twitter_misc":{"Written by":"ktmin","Est. reading time":"2 minutes"},"schema":{"@context":"https:\/\/schema.org","@graph":[{"@type":"Article","@id":"https:\/\/kt.gov.rs\/sq\/ftese-per-gazetare-pajisje-shkollore-falas-per-nxenesit-e-klaseve-te-para-ne-presheve-bujanoc-dhe-medvegje\/#article","isPartOf":{"@id":"https:\/\/kt.gov.rs\/sq\/ftese-per-gazetare-pajisje-shkollore-falas-per-nxenesit-e-klaseve-te-para-ne-presheve-bujanoc-dhe-medvegje\/"},"author":{"name":"ktmin","@id":"https:\/\/kt.gov.rs\/#\/schema\/person\/e426459ddb4173309103390602694571"},"headline":"Ftes\u00eb p\u00ebr gazetar\u00eb: PAJISJE SHKOLLORE FALAS P\u00cbR NX\u00cbN\u00cbSIT E KLAS\u00cbVE T\u00cb PARA N\u00cb PRESHEV\u00cb, BUJANOC DHE MEDVEGJ\u00cb","datePublished":"2009-08-28T00:00:00+00:00","mainEntityOfPage":{"@id":"https:\/\/kt.gov.rs\/sq\/ftese-per-gazetare-pajisje-shkollore-falas-per-nxenesit-e-klaseve-te-para-ne-presheve-bujanoc-dhe-medvegje\/"},"wordCount":374,"publisher":{"@id":"https:\/\/kt.gov.rs\/#organization"},"articleSection":["Lajme"],"inLanguage":"sq-AL"},{"@type":"WebPage","@id":"https:\/\/kt.gov.rs\/sq\/ftese-per-gazetare-pajisje-shkollore-falas-per-nxenesit-e-klaseve-te-para-ne-presheve-bujanoc-dhe-medvegje\/","url":"https:\/\/kt.gov.rs\/sq\/ftese-per-gazetare-pajisje-shkollore-falas-per-nxenesit-e-klaseve-te-para-ne-presheve-bujanoc-dhe-medvegje\/","name":"Ftes\u00eb p\u00ebr gazetar\u00eb: PAJISJE SHKOLLORE FALAS P\u00cbR NX\u00cbN\u00cbSIT E KLAS\u00cbVE T\u00cb PARA N\u00cb PRESHEV\u00cb, BUJANOC DHE MEDVEGJ\u00cb - Republika e S\u00ebrbis\u00eb Trupi Koordinues p\u00ebr komunat Bujanoc, Preshev\u00eb dhe Medvegj\u00eb","isPartOf":{"@id":"https:\/\/kt.gov.rs\/#website"},"datePublished":"2009-08-28T00:00:00+00:00","breadcrumb":{"@id":"https:\/\/kt.gov.rs\/sq\/ftese-per-gazetare-pajisje-shkollore-falas-per-nxenesit-e-klaseve-te-para-ne-presheve-bujanoc-dhe-medvegje\/#breadcrumb"},"inLanguage":"sq-AL","potentialAction":[{"@type":"ReadAction","target":["https:\/\/kt.gov.rs\/sq\/ftese-per-gazetare-pajisje-shkollore-falas-per-nxenesit-e-klaseve-te-para-ne-presheve-bujanoc-dhe-medvegje\/"]}]},{"@type":"BreadcrumbList","@id":"https:\/\/kt.gov.rs\/sq\/ftese-per-gazetare-pajisje-shkollore-falas-per-nxenesit-e-klaseve-te-para-ne-presheve-bujanoc-dhe-medvegje\/#breadcrumb","itemListElement":[{"@type":"ListItem","position":1,"name":"\u041f\u043e\u0447\u0435\u0442\u043d\u0430","item":"https:\/\/kt.gov.rs\/sq\/"},{"@type":"ListItem","position":2,"name":"Ftes\u00eb p\u00ebr gazetar\u00eb: PAJISJE SHKOLLORE FALAS P\u00cbR NX\u00cbN\u00cbSIT E KLAS\u00cbVE T\u00cb PARA N\u00cb PRESHEV\u00cb, BUJANOC DHE MEDVEGJ\u00cb"}]},{"@type":"WebSite","@id":"https:\/\/kt.gov.rs\/#website","url":"https:\/\/kt.gov.rs\/","name":"\u041a\u043e\u043e\u0440\u0434\u0438\u043d\u0430\u0446\u0438\u043e\u043d\u043e \u0442\u0435\u043b\u043e \u0412\u043b\u0430\u0434\u0435 \u0420\u0435\u043f\u0443\u0431\u043b\u0438\u043a\u0435 \u0421\u0440\u0431\u0438\u0458\u0435 \u0437\u0430 \u043e\u043f\u0448\u0442\u0438\u043d\u0435 \u041f\u0440\u0435\u0448\u0435\u0432\u043e, \u0411\u0443\u0458\u0430\u043d\u043e\u0432\u0430\u0446 \u0438 \u041c\u0435\u0434\u0432\u0435\u0452a","description":"","publisher":{"@id":"https:\/\/kt.gov.rs\/#organization"},"alternateName":"\u041a\u043e\u043e\u0440\u0434\u0438\u043d\u0430\u0446\u0438\u043e\u043d\u043e \u0442\u0435\u043b\u043e","potentialAction":[{"@type":"SearchAction","target":{"@type":"EntryPoint","urlTemplate":"https:\/\/kt.gov.rs\/?s={search_term_string}"},"query-input":{"@type":"PropertyValueSpecification","valueRequired":true,"valueName":"search_term_string"}}],"inLanguage":"sq-AL"},{"@type":"Organization","@id":"https:\/\/kt.gov.rs\/#organization","name":"\u041a\u043e\u043e\u0440\u0434\u0438\u043d\u0430\u0446\u0438\u043e\u043d\u043e \u0442\u0435\u043b\u043e \u0412\u043b\u0430\u0434\u0435 \u0420\u0435\u043f\u0443\u0431\u043b\u0438\u043a\u0435 \u0421\u0440\u0431\u0438\u0458\u0435 \u0437\u0430 \u043e\u043f\u0448\u0442\u0438\u043d\u0435 \u041f\u0440\u0435\u0448\u0435\u0432\u043e, \u0411\u0443\u0458\u0430\u043d\u043e\u0432\u0430\u0446 \u0438 \u041c\u0435\u0434\u0432\u0435\u0452a","alternateName":"\u041a\u043e\u043e\u0440\u0434\u0438\u043d\u0430\u0446\u0438\u043e\u043d\u043e \u0442\u0435\u043b\u043e","url":"https:\/\/kt.gov.rs\/","logo":{"@type":"ImageObject","inLanguage":"sq-AL","@id":"https:\/\/kt.gov.rs\/#\/schema\/logo\/image\/","url":"https:\/\/kt.gov.rs\/wp-content\/uploads\/2024\/12\/koord2.jpg","contentUrl":"https:\/\/kt.gov.rs\/wp-content\/uploads\/2024\/12\/koord2.jpg","width":640,"height":480,"caption":"\u041a\u043e\u043e\u0440\u0434\u0438\u043d\u0430\u0446\u0438\u043e\u043d\u043e \u0442\u0435\u043b\u043e \u0412\u043b\u0430\u0434\u0435 \u0420\u0435\u043f\u0443\u0431\u043b\u0438\u043a\u0435 \u0421\u0440\u0431\u0438\u0458\u0435 \u0437\u0430 \u043e\u043f\u0448\u0442\u0438\u043d\u0435 \u041f\u0440\u0435\u0448\u0435\u0432\u043e, \u0411\u0443\u0458\u0430\u043d\u043e\u0432\u0430\u0446 \u0438 \u041c\u0435\u0434\u0432\u0435\u0452a"},"image":{"@id":"https:\/\/kt.gov.rs\/#\/schema\/logo\/image\/"},"sameAs":["https:\/\/www.facebook.com\/SluzbaKoordinacionogTelaVladeRepublikeSrbije","https:\/\/x.com\/kt_gov","https:\/\/www.youtube.com\/@koordinacionotelo"]},{"@type":"Person","@id":"https:\/\/kt.gov.rs\/#\/schema\/person\/e426459ddb4173309103390602694571","name":"ktmin","image":{"@type":"ImageObject","inLanguage":"sq-AL","@id":"https:\/\/secure.gravatar.com\/avatar\/3985c961109853010c3fbc7ba30365bfba5db3dd6c525831d9c595c7525a615a?s=96&d=mm&r=g","url":"https:\/\/secure.gravatar.com\/avatar\/3985c961109853010c3fbc7ba30365bfba5db3dd6c525831d9c595c7525a615a?s=96&d=mm&r=g","contentUrl":"https:\/\/secure.gravatar.com\/avatar\/3985c961109853010c3fbc7ba30365bfba5db3dd6c525831d9c595c7525a615a?s=96&d=mm&r=g","caption":"ktmin"},"sameAs":["https:\/\/kt.gov.rs"],"url":"https:\/\/kt.gov.rs\/sq\/author\/ktmin\/"}]}},"_links":{"self":[{"href":"https:\/\/kt.gov.rs\/sq\/wp-json\/wp\/v2\/posts\/143269","targetHints":{"allow":["GET"]}}],"collection":[{"href":"https:\/\/kt.gov.rs\/sq\/wp-json\/wp\/v2\/posts"}],"about":[{"href":"https:\/\/kt.gov.rs\/sq\/wp-json\/wp\/v2\/types\/post"}],"author":[{"embeddable":true,"href":"https:\/\/kt.gov.rs\/sq\/wp-json\/wp\/v2\/users\/1"}],"replies":[{"embeddable":true,"href":"https:\/\/kt.gov.rs\/sq\/wp-json\/wp\/v2\/comments?post=143269"}],"version-history":[{"count":0,"href":"https:\/\/kt.gov.rs\/sq\/wp-json\/wp\/v2\/posts\/143269\/revisions"}],"wp:attachment":[{"href":"https:\/\/kt.gov.rs\/sq\/wp-json\/wp\/v2\/media?parent=143269"}],"wp:term":[{"taxonomy":"category","embeddable":true,"href":"https:\/\/kt.gov.rs\/sq\/wp-json\/wp\/v2\/categories?post=143269"},{"taxonomy":"post_tag","embeddable":true,"href":"https:\/\/kt.gov.rs\/sq\/wp-json\/wp\/v2\/tags?post=143269"}],"curies":[{"name":"wp","href":"https:\/\/api.w.org\/{rel}","templated":true}]}}