{"id":143244,"date":"2009-09-10T00:00:00","date_gmt":"2009-09-10T00:00:00","guid":{"rendered":"http:\/\/kt.printandscreen.rs\/mbahet-takimi-i-kryesise-se-trupit-koordinues-per-komunat-e-presheves-bujanocit-dhe-medvegjes\/"},"modified":"2024-07-30T20:24:18","modified_gmt":"2024-07-30T20:24:18","slug":"mbahet-takimi-i-kryesise-se-trupit-koordinues-per-komunat-e-presheves-bujanocit-dhe-medvegjes","status":"publish","type":"post","link":"https:\/\/kt.gov.rs\/sq\/mbahet-takimi-i-kryesise-se-trupit-koordinues-per-komunat-e-presheves-bujanocit-dhe-medvegjes\/","title":{"rendered":"MBAHET TAKIMI I KRYESIS\u00cb S\u00cb TRUPIT KOORDINUES P\u00cbR KOMUNAT E PRESHEV\u00cbS, BUJANOCIT DHE MEDVEGJ\u00cbS"},"content":{"rendered":"<p><img decoding=\"async\" align=\"left\" alt=\"\" src=\"https:\/\/kt.gov.rs\/wp-content\/uploads\/2024\/07\/pic049vesti-4.jpg\" \/>Beograd 10. 09. 2009. Q\u00eb prej kyqjes s\u00eb p\u00ebrfaq\u00ebsuesve shqip\u00ebtar\u00eb n\u00eb pun\u00ebn e Trupit Koordinues, n\u00eb takimin e tret\u00eb t\u00eb Kryesis\u00eb s\u00eb Trupit mor\u00ebn pjes\u00eb t\u00eb gjith\u00eb an\u00ebtar\u00ebt e Kryesis\u00eb si dhe p\u00ebrfaq\u00ebsuesit e OSBE-s\u00eb, Ministris\u00eb s\u00eb Drejt\u00ebsis\u00eb si dhe Ministris\u00eb p\u00ebr t\u00eb drejtat e njeriut dhe t\u00eb pakicave komb\u00ebtare.<\/p>\n<p>N\u00eb atmosfer\u00ebn konstruktive \u00ebsht\u00eb biseduar p\u00ebr temat aktuale politike dhe ekonomike p\u00ebr Serbin\u00eb jugore. Kryesia posaq\u00ebrisht ka biseduar p\u00ebr pyetjet nga sfera e arsimit, p\u00ebr formimin e K\u00ebshillit Nacional t\u00eb Shqip\u00ebtar\u00ebve, problemet nga sfera e mediave si dhe p\u00ebp problemet nga sfera e drejt\u00ebsis\u00eb.<\/p>\n<p>Kryetari i Trupit Koordinues dhe minister i pushtetit lokal dhe vet\u00ebqeverisjes lokale Milan Markoviq, paralajm\u00ebroi edhe hapjen e zyres s\u00eb mbrojtjt\u00ebsit republikan t\u00eb qytetar\u00ebve n\u00eb Bunjanoc dhe Preshev\u00eb.<\/p>\n<p>Ndihm\u00ebsministri p\u00ebr mbrojtjen e t\u00eb drejtave t\u00eb njeriut dhe pakicave komb\u00ebtare Petar Antiq u ka paraqitur an\u00ebtar\u00ebve t\u00eb kryesis\u00eb dispozitat e Ligjit\u00a0 p\u00ebr k\u00ebshillat nacionale t\u00eb pakicave komb\u00ebtare dhe paralajm\u00ebroi takimin n\u00eb Bujanoc n\u00eb t\u00eb cilin t\u00eb gjith\u00eb p\u00ebrfaq\u00ebsuesve politik t\u00eb Shqip\u00ebtar\u00ebve nga Serbia jugore do t\u2019u p\u00ebrgjigjet n\u00eb pyetjet n\u00eb lidhje me ligjin e ri i cili definon formimin e k\u00ebshillave nacionale.<\/p>\n<p>Ndihm\u00ebsja e ministresh\u00ebs s\u00eb drejt\u00ebsis\u00eb Mira Tadiq i informoi an\u00ebtar\u00ebt e kryesis\u00eb mbi situat\u00ebn e cila ka t\u00eb b\u00ebj\u00eb me zgjedhjen e gjyq\u00ebtar\u00ebve n\u00eb komunat e Preshev\u00ebs, Bujanocit dhe Medvegj\u00ebs.<\/p>\n","protected":false},"excerpt":{"rendered":"<p>Beograd 10. 09. 2009. Q\u00eb prej kyqjes s\u00eb p\u00ebrfaq\u00ebsuesve shqip\u00ebtar\u00eb n\u00eb pun\u00ebn e Trupit Koordinues, n\u00eb takimin e tret\u00eb t\u00eb Kryesis\u00eb s\u00eb Trupit mor\u00ebn pjes\u00eb t\u00eb gjith\u00eb an\u00ebtar\u00ebt e Kryesis\u00eb si dhe p\u00ebrfaq\u00ebsuesit e OSBE-s\u00eb, Ministris\u00eb s\u00eb Drejt\u00ebsis\u00eb si dhe Ministris\u00eb p\u00ebr t\u00eb drejtat e njeriut dhe t\u00eb pakicave komb\u00ebtare.<\/p>\n","protected":false},"author":1,"featured_media":143249,"comment_status":"closed","ping_status":"closed","sticky":false,"template":"","format":"standard","meta":{"footnotes":""},"categories":[55],"tags":[],"class_list":["post-143244","post","type-post","status-publish","format-standard","has-post-thumbnail","hentry","category-lajme"],"yoast_head":"<!-- This site is optimized with the Yoast SEO plugin v27.4 - https:\/\/yoast.com\/product\/yoast-seo-wordpress\/ -->\n<title>MBAHET TAKIMI I KRYESIS\u00cb S\u00cb TRUPIT KOORDINUES P\u00cbR KOMUNAT E PRESHEV\u00cbS, BUJANOCIT DHE MEDVEGJ\u00cbS - Republika e S\u00ebrbis\u00eb Trupi Koordinues p\u00ebr komunat Bujanoc, Preshev\u00eb dhe Medvegj\u00eb<\/title>\n<meta name=\"robots\" content=\"index, follow, max-snippet:-1, max-image-preview:large, max-video-preview:-1\" \/>\n<link rel=\"canonical\" href=\"https:\/\/kt.gov.rs\/sq\/mbahet-takimi-i-kryesise-se-trupit-koordinues-per-komunat-e-presheves-bujanocit-dhe-medvegjes\/\" \/>\n<meta property=\"og:locale\" content=\"sq_AL\" \/>\n<meta property=\"og:type\" content=\"article\" \/>\n<meta property=\"og:title\" content=\"MBAHET TAKIMI I KRYESIS\u00cb S\u00cb TRUPIT KOORDINUES P\u00cbR KOMUNAT E PRESHEV\u00cbS, BUJANOCIT DHE MEDVEGJ\u00cbS - Republika e S\u00ebrbis\u00eb Trupi Koordinues p\u00ebr komunat Bujanoc, Preshev\u00eb dhe Medvegj\u00eb\" \/>\n<meta property=\"og:description\" content=\"Beograd 10. 09. 2009. Q\u00eb prej kyqjes s\u00eb p\u00ebrfaq\u00ebsuesve shqip\u00ebtar\u00eb n\u00eb pun\u00ebn e Trupit Koordinues, n\u00eb takimin e tret\u00eb t\u00eb Kryesis\u00eb s\u00eb Trupit mor\u00ebn pjes\u00eb t\u00eb gjith\u00eb an\u00ebtar\u00ebt e Kryesis\u00eb si dhe p\u00ebrfaq\u00ebsuesit e OSBE-s\u00eb, Ministris\u00eb s\u00eb Drejt\u00ebsis\u00eb si dhe Ministris\u00eb p\u00ebr t\u00eb drejtat e njeriut dhe t\u00eb pakicave komb\u00ebtare.\" \/>\n<meta property=\"og:url\" content=\"https:\/\/kt.gov.rs\/sq\/mbahet-takimi-i-kryesise-se-trupit-koordinues-per-komunat-e-presheves-bujanocit-dhe-medvegjes\/\" \/>\n<meta property=\"og:site_name\" content=\"Republika e S\u00ebrbis\u00eb Trupi Koordinues p\u00ebr komunat Bujanoc, Preshev\u00eb dhe Medvegj\u00eb\" \/>\n<meta property=\"article:publisher\" content=\"https:\/\/www.facebook.com\/SluzbaKoordinacionogTelaVladeRepublikeSrbije\" \/>\n<meta property=\"article:published_time\" content=\"2009-09-10T00:00:00+00:00\" \/>\n<meta property=\"article:modified_time\" content=\"2024-07-30T20:24:18+00:00\" \/>\n<meta property=\"og:image\" content=\"https:\/\/kt.gov.rs\/wp-content\/uploads\/2024\/07\/pic049vesti-5.jpg\" \/>\n\t<meta property=\"og:image:width\" content=\"250\" \/>\n\t<meta property=\"og:image:height\" content=\"123\" \/>\n\t<meta property=\"og:image:type\" content=\"image\/jpeg\" \/>\n<meta name=\"author\" content=\"ktmin\" \/>\n<meta name=\"twitter:card\" content=\"summary_large_image\" \/>\n<meta name=\"twitter:creator\" content=\"@kt_gov\" \/>\n<meta name=\"twitter:site\" content=\"@kt_gov\" \/>\n<meta name=\"twitter:label1\" content=\"Written by\" \/>\n\t<meta name=\"twitter:data1\" content=\"ktmin\" \/>\n\t<meta name=\"twitter:label2\" content=\"Est. reading time\" \/>\n\t<meta name=\"twitter:data2\" content=\"1 minute\" \/>\n<script type=\"application\/ld+json\" class=\"yoast-schema-graph\">{\"@context\":\"https:\\\/\\\/schema.org\",\"@graph\":[{\"@type\":\"Article\",\"@id\":\"https:\\\/\\\/kt.gov.rs\\\/sq\\\/mbahet-takimi-i-kryesise-se-trupit-koordinues-per-komunat-e-presheves-bujanocit-dhe-medvegjes\\\/#article\",\"isPartOf\":{\"@id\":\"https:\\\/\\\/kt.gov.rs\\\/sq\\\/mbahet-takimi-i-kryesise-se-trupit-koordinues-per-komunat-e-presheves-bujanocit-dhe-medvegjes\\\/\"},\"author\":{\"name\":\"ktmin\",\"@id\":\"https:\\\/\\\/kt.gov.rs\\\/#\\\/schema\\\/person\\\/e426459ddb4173309103390602694571\"},\"headline\":\"MBAHET TAKIMI I KRYESIS\u00cb S\u00cb TRUPIT KOORDINUES P\u00cbR KOMUNAT E PRESHEV\u00cbS, BUJANOCIT DHE MEDVEGJ\u00cbS\",\"datePublished\":\"2009-09-10T00:00:00+00:00\",\"dateModified\":\"2024-07-30T20:24:18+00:00\",\"mainEntityOfPage\":{\"@id\":\"https:\\\/\\\/kt.gov.rs\\\/sq\\\/mbahet-takimi-i-kryesise-se-trupit-koordinues-per-komunat-e-presheves-bujanocit-dhe-medvegjes\\\/\"},\"wordCount\":285,\"publisher\":{\"@id\":\"https:\\\/\\\/kt.gov.rs\\\/#organization\"},\"image\":{\"@id\":\"https:\\\/\\\/kt.gov.rs\\\/sq\\\/mbahet-takimi-i-kryesise-se-trupit-koordinues-per-komunat-e-presheves-bujanocit-dhe-medvegjes\\\/#primaryimage\"},\"thumbnailUrl\":\"https:\\\/\\\/kt.gov.rs\\\/wp-content\\\/uploads\\\/2024\\\/07\\\/pic049vesti-5.jpg\",\"articleSection\":[\"Lajme\"],\"inLanguage\":\"sq-AL\"},{\"@type\":\"WebPage\",\"@id\":\"https:\\\/\\\/kt.gov.rs\\\/sq\\\/mbahet-takimi-i-kryesise-se-trupit-koordinues-per-komunat-e-presheves-bujanocit-dhe-medvegjes\\\/\",\"url\":\"https:\\\/\\\/kt.gov.rs\\\/sq\\\/mbahet-takimi-i-kryesise-se-trupit-koordinues-per-komunat-e-presheves-bujanocit-dhe-medvegjes\\\/\",\"name\":\"MBAHET TAKIMI I KRYESIS\u00cb S\u00cb TRUPIT KOORDINUES P\u00cbR KOMUNAT E PRESHEV\u00cbS, BUJANOCIT DHE MEDVEGJ\u00cbS - Republika e S\u00ebrbis\u00eb Trupi Koordinues p\u00ebr komunat Bujanoc, Preshev\u00eb dhe Medvegj\u00eb\",\"isPartOf\":{\"@id\":\"https:\\\/\\\/kt.gov.rs\\\/#website\"},\"primaryImageOfPage\":{\"@id\":\"https:\\\/\\\/kt.gov.rs\\\/sq\\\/mbahet-takimi-i-kryesise-se-trupit-koordinues-per-komunat-e-presheves-bujanocit-dhe-medvegjes\\\/#primaryimage\"},\"image\":{\"@id\":\"https:\\\/\\\/kt.gov.rs\\\/sq\\\/mbahet-takimi-i-kryesise-se-trupit-koordinues-per-komunat-e-presheves-bujanocit-dhe-medvegjes\\\/#primaryimage\"},\"thumbnailUrl\":\"https:\\\/\\\/kt.gov.rs\\\/wp-content\\\/uploads\\\/2024\\\/07\\\/pic049vesti-5.jpg\",\"datePublished\":\"2009-09-10T00:00:00+00:00\",\"dateModified\":\"2024-07-30T20:24:18+00:00\",\"breadcrumb\":{\"@id\":\"https:\\\/\\\/kt.gov.rs\\\/sq\\\/mbahet-takimi-i-kryesise-se-trupit-koordinues-per-komunat-e-presheves-bujanocit-dhe-medvegjes\\\/#breadcrumb\"},\"inLanguage\":\"sq-AL\",\"potentialAction\":[{\"@type\":\"ReadAction\",\"target\":[\"https:\\\/\\\/kt.gov.rs\\\/sq\\\/mbahet-takimi-i-kryesise-se-trupit-koordinues-per-komunat-e-presheves-bujanocit-dhe-medvegjes\\\/\"]}]},{\"@type\":\"ImageObject\",\"inLanguage\":\"sq-AL\",\"@id\":\"https:\\\/\\\/kt.gov.rs\\\/sq\\\/mbahet-takimi-i-kryesise-se-trupit-koordinues-per-komunat-e-presheves-bujanocit-dhe-medvegjes\\\/#primaryimage\",\"url\":\"https:\\\/\\\/kt.gov.rs\\\/wp-content\\\/uploads\\\/2024\\\/07\\\/pic049vesti-5.jpg\",\"contentUrl\":\"https:\\\/\\\/kt.gov.rs\\\/wp-content\\\/uploads\\\/2024\\\/07\\\/pic049vesti-5.jpg\",\"width\":250,\"height\":123},{\"@type\":\"BreadcrumbList\",\"@id\":\"https:\\\/\\\/kt.gov.rs\\\/sq\\\/mbahet-takimi-i-kryesise-se-trupit-koordinues-per-komunat-e-presheves-bujanocit-dhe-medvegjes\\\/#breadcrumb\",\"itemListElement\":[{\"@type\":\"ListItem\",\"position\":1,\"name\":\"\u041f\u043e\u0447\u0435\u0442\u043d\u0430\",\"item\":\"https:\\\/\\\/kt.gov.rs\\\/sq\\\/\"},{\"@type\":\"ListItem\",\"position\":2,\"name\":\"MBAHET TAKIMI I KRYESIS\u00cb S\u00cb TRUPIT KOORDINUES P\u00cbR KOMUNAT E PRESHEV\u00cbS, BUJANOCIT DHE MEDVEGJ\u00cbS\"}]},{\"@type\":\"WebSite\",\"@id\":\"https:\\\/\\\/kt.gov.rs\\\/#website\",\"url\":\"https:\\\/\\\/kt.gov.rs\\\/\",\"name\":\"\u041a\u043e\u043e\u0440\u0434\u0438\u043d\u0430\u0446\u0438\u043e\u043d\u043e \u0442\u0435\u043b\u043e \u0412\u043b\u0430\u0434\u0435 \u0420\u0435\u043f\u0443\u0431\u043b\u0438\u043a\u0435 \u0421\u0440\u0431\u0438\u0458\u0435 \u0437\u0430 \u043e\u043f\u0448\u0442\u0438\u043d\u0435 \u041f\u0440\u0435\u0448\u0435\u0432\u043e, \u0411\u0443\u0458\u0430\u043d\u043e\u0432\u0430\u0446 \u0438 \u041c\u0435\u0434\u0432\u0435\u0452a\",\"description\":\"\",\"publisher\":{\"@id\":\"https:\\\/\\\/kt.gov.rs\\\/#organization\"},\"alternateName\":\"\u041a\u043e\u043e\u0440\u0434\u0438\u043d\u0430\u0446\u0438\u043e\u043d\u043e \u0442\u0435\u043b\u043e\",\"potentialAction\":[{\"@type\":\"SearchAction\",\"target\":{\"@type\":\"EntryPoint\",\"urlTemplate\":\"https:\\\/\\\/kt.gov.rs\\\/?s={search_term_string}\"},\"query-input\":{\"@type\":\"PropertyValueSpecification\",\"valueRequired\":true,\"valueName\":\"search_term_string\"}}],\"inLanguage\":\"sq-AL\"},{\"@type\":\"Organization\",\"@id\":\"https:\\\/\\\/kt.gov.rs\\\/#organization\",\"name\":\"\u041a\u043e\u043e\u0440\u0434\u0438\u043d\u0430\u0446\u0438\u043e\u043d\u043e \u0442\u0435\u043b\u043e \u0412\u043b\u0430\u0434\u0435 \u0420\u0435\u043f\u0443\u0431\u043b\u0438\u043a\u0435 \u0421\u0440\u0431\u0438\u0458\u0435 \u0437\u0430 \u043e\u043f\u0448\u0442\u0438\u043d\u0435 \u041f\u0440\u0435\u0448\u0435\u0432\u043e, \u0411\u0443\u0458\u0430\u043d\u043e\u0432\u0430\u0446 \u0438 \u041c\u0435\u0434\u0432\u0435\u0452a\",\"alternateName\":\"\u041a\u043e\u043e\u0440\u0434\u0438\u043d\u0430\u0446\u0438\u043e\u043d\u043e \u0442\u0435\u043b\u043e\",\"url\":\"https:\\\/\\\/kt.gov.rs\\\/\",\"logo\":{\"@type\":\"ImageObject\",\"inLanguage\":\"sq-AL\",\"@id\":\"https:\\\/\\\/kt.gov.rs\\\/#\\\/schema\\\/logo\\\/image\\\/\",\"url\":\"https:\\\/\\\/kt.gov.rs\\\/wp-content\\\/uploads\\\/2024\\\/12\\\/koord2.jpg\",\"contentUrl\":\"https:\\\/\\\/kt.gov.rs\\\/wp-content\\\/uploads\\\/2024\\\/12\\\/koord2.jpg\",\"width\":640,\"height\":480,\"caption\":\"\u041a\u043e\u043e\u0440\u0434\u0438\u043d\u0430\u0446\u0438\u043e\u043d\u043e \u0442\u0435\u043b\u043e \u0412\u043b\u0430\u0434\u0435 \u0420\u0435\u043f\u0443\u0431\u043b\u0438\u043a\u0435 \u0421\u0440\u0431\u0438\u0458\u0435 \u0437\u0430 \u043e\u043f\u0448\u0442\u0438\u043d\u0435 \u041f\u0440\u0435\u0448\u0435\u0432\u043e, \u0411\u0443\u0458\u0430\u043d\u043e\u0432\u0430\u0446 \u0438 \u041c\u0435\u0434\u0432\u0435\u0452a\"},\"image\":{\"@id\":\"https:\\\/\\\/kt.gov.rs\\\/#\\\/schema\\\/logo\\\/image\\\/\"},\"sameAs\":[\"https:\\\/\\\/www.facebook.com\\\/SluzbaKoordinacionogTelaVladeRepublikeSrbije\",\"https:\\\/\\\/x.com\\\/kt_gov\",\"https:\\\/\\\/www.youtube.com\\\/@koordinacionotelo\"]},{\"@type\":\"Person\",\"@id\":\"https:\\\/\\\/kt.gov.rs\\\/#\\\/schema\\\/person\\\/e426459ddb4173309103390602694571\",\"name\":\"ktmin\",\"image\":{\"@type\":\"ImageObject\",\"inLanguage\":\"sq-AL\",\"@id\":\"https:\\\/\\\/secure.gravatar.com\\\/avatar\\\/3985c961109853010c3fbc7ba30365bfba5db3dd6c525831d9c595c7525a615a?s=96&d=mm&r=g\",\"url\":\"https:\\\/\\\/secure.gravatar.com\\\/avatar\\\/3985c961109853010c3fbc7ba30365bfba5db3dd6c525831d9c595c7525a615a?s=96&d=mm&r=g\",\"contentUrl\":\"https:\\\/\\\/secure.gravatar.com\\\/avatar\\\/3985c961109853010c3fbc7ba30365bfba5db3dd6c525831d9c595c7525a615a?s=96&d=mm&r=g\",\"caption\":\"ktmin\"},\"sameAs\":[\"https:\\\/\\\/kt.gov.rs\"],\"url\":\"https:\\\/\\\/kt.gov.rs\\\/sq\\\/author\\\/ktmin\\\/\"}]}<\/script>\n<!-- \/ Yoast SEO plugin. -->","yoast_head_json":{"title":"MBAHET TAKIMI I KRYESIS\u00cb S\u00cb TRUPIT KOORDINUES P\u00cbR KOMUNAT E PRESHEV\u00cbS, BUJANOCIT DHE MEDVEGJ\u00cbS - Republika e S\u00ebrbis\u00eb Trupi Koordinues p\u00ebr komunat Bujanoc, Preshev\u00eb dhe Medvegj\u00eb","robots":{"index":"index","follow":"follow","max-snippet":"max-snippet:-1","max-image-preview":"max-image-preview:large","max-video-preview":"max-video-preview:-1"},"canonical":"https:\/\/kt.gov.rs\/sq\/mbahet-takimi-i-kryesise-se-trupit-koordinues-per-komunat-e-presheves-bujanocit-dhe-medvegjes\/","og_locale":"sq_AL","og_type":"article","og_title":"MBAHET TAKIMI I KRYESIS\u00cb S\u00cb TRUPIT KOORDINUES P\u00cbR KOMUNAT E PRESHEV\u00cbS, BUJANOCIT DHE MEDVEGJ\u00cbS - Republika e S\u00ebrbis\u00eb Trupi Koordinues p\u00ebr komunat Bujanoc, Preshev\u00eb dhe Medvegj\u00eb","og_description":"Beograd 10. 09. 2009. Q\u00eb prej kyqjes s\u00eb p\u00ebrfaq\u00ebsuesve shqip\u00ebtar\u00eb n\u00eb pun\u00ebn e Trupit Koordinues, n\u00eb takimin e tret\u00eb t\u00eb Kryesis\u00eb s\u00eb Trupit mor\u00ebn pjes\u00eb t\u00eb gjith\u00eb an\u00ebtar\u00ebt e Kryesis\u00eb si dhe p\u00ebrfaq\u00ebsuesit e OSBE-s\u00eb, Ministris\u00eb s\u00eb Drejt\u00ebsis\u00eb si dhe Ministris\u00eb p\u00ebr t\u00eb drejtat e njeriut dhe t\u00eb pakicave komb\u00ebtare.","og_url":"https:\/\/kt.gov.rs\/sq\/mbahet-takimi-i-kryesise-se-trupit-koordinues-per-komunat-e-presheves-bujanocit-dhe-medvegjes\/","og_site_name":"Republika e S\u00ebrbis\u00eb Trupi Koordinues p\u00ebr komunat Bujanoc, Preshev\u00eb dhe Medvegj\u00eb","article_publisher":"https:\/\/www.facebook.com\/SluzbaKoordinacionogTelaVladeRepublikeSrbije","article_published_time":"2009-09-10T00:00:00+00:00","article_modified_time":"2024-07-30T20:24:18+00:00","og_image":[{"width":250,"height":123,"url":"https:\/\/kt.gov.rs\/wp-content\/uploads\/2024\/07\/pic049vesti-5.jpg","type":"image\/jpeg"}],"author":"ktmin","twitter_card":"summary_large_image","twitter_creator":"@kt_gov","twitter_site":"@kt_gov","twitter_misc":{"Written by":"ktmin","Est. reading time":"1 minute"},"schema":{"@context":"https:\/\/schema.org","@graph":[{"@type":"Article","@id":"https:\/\/kt.gov.rs\/sq\/mbahet-takimi-i-kryesise-se-trupit-koordinues-per-komunat-e-presheves-bujanocit-dhe-medvegjes\/#article","isPartOf":{"@id":"https:\/\/kt.gov.rs\/sq\/mbahet-takimi-i-kryesise-se-trupit-koordinues-per-komunat-e-presheves-bujanocit-dhe-medvegjes\/"},"author":{"name":"ktmin","@id":"https:\/\/kt.gov.rs\/#\/schema\/person\/e426459ddb4173309103390602694571"},"headline":"MBAHET TAKIMI I KRYESIS\u00cb S\u00cb TRUPIT KOORDINUES P\u00cbR KOMUNAT E PRESHEV\u00cbS, BUJANOCIT DHE MEDVEGJ\u00cbS","datePublished":"2009-09-10T00:00:00+00:00","dateModified":"2024-07-30T20:24:18+00:00","mainEntityOfPage":{"@id":"https:\/\/kt.gov.rs\/sq\/mbahet-takimi-i-kryesise-se-trupit-koordinues-per-komunat-e-presheves-bujanocit-dhe-medvegjes\/"},"wordCount":285,"publisher":{"@id":"https:\/\/kt.gov.rs\/#organization"},"image":{"@id":"https:\/\/kt.gov.rs\/sq\/mbahet-takimi-i-kryesise-se-trupit-koordinues-per-komunat-e-presheves-bujanocit-dhe-medvegjes\/#primaryimage"},"thumbnailUrl":"https:\/\/kt.gov.rs\/wp-content\/uploads\/2024\/07\/pic049vesti-5.jpg","articleSection":["Lajme"],"inLanguage":"sq-AL"},{"@type":"WebPage","@id":"https:\/\/kt.gov.rs\/sq\/mbahet-takimi-i-kryesise-se-trupit-koordinues-per-komunat-e-presheves-bujanocit-dhe-medvegjes\/","url":"https:\/\/kt.gov.rs\/sq\/mbahet-takimi-i-kryesise-se-trupit-koordinues-per-komunat-e-presheves-bujanocit-dhe-medvegjes\/","name":"MBAHET TAKIMI I KRYESIS\u00cb S\u00cb TRUPIT KOORDINUES P\u00cbR KOMUNAT E PRESHEV\u00cbS, BUJANOCIT DHE MEDVEGJ\u00cbS - Republika e S\u00ebrbis\u00eb Trupi Koordinues p\u00ebr komunat Bujanoc, Preshev\u00eb dhe Medvegj\u00eb","isPartOf":{"@id":"https:\/\/kt.gov.rs\/#website"},"primaryImageOfPage":{"@id":"https:\/\/kt.gov.rs\/sq\/mbahet-takimi-i-kryesise-se-trupit-koordinues-per-komunat-e-presheves-bujanocit-dhe-medvegjes\/#primaryimage"},"image":{"@id":"https:\/\/kt.gov.rs\/sq\/mbahet-takimi-i-kryesise-se-trupit-koordinues-per-komunat-e-presheves-bujanocit-dhe-medvegjes\/#primaryimage"},"thumbnailUrl":"https:\/\/kt.gov.rs\/wp-content\/uploads\/2024\/07\/pic049vesti-5.jpg","datePublished":"2009-09-10T00:00:00+00:00","dateModified":"2024-07-30T20:24:18+00:00","breadcrumb":{"@id":"https:\/\/kt.gov.rs\/sq\/mbahet-takimi-i-kryesise-se-trupit-koordinues-per-komunat-e-presheves-bujanocit-dhe-medvegjes\/#breadcrumb"},"inLanguage":"sq-AL","potentialAction":[{"@type":"ReadAction","target":["https:\/\/kt.gov.rs\/sq\/mbahet-takimi-i-kryesise-se-trupit-koordinues-per-komunat-e-presheves-bujanocit-dhe-medvegjes\/"]}]},{"@type":"ImageObject","inLanguage":"sq-AL","@id":"https:\/\/kt.gov.rs\/sq\/mbahet-takimi-i-kryesise-se-trupit-koordinues-per-komunat-e-presheves-bujanocit-dhe-medvegjes\/#primaryimage","url":"https:\/\/kt.gov.rs\/wp-content\/uploads\/2024\/07\/pic049vesti-5.jpg","contentUrl":"https:\/\/kt.gov.rs\/wp-content\/uploads\/2024\/07\/pic049vesti-5.jpg","width":250,"height":123},{"@type":"BreadcrumbList","@id":"https:\/\/kt.gov.rs\/sq\/mbahet-takimi-i-kryesise-se-trupit-koordinues-per-komunat-e-presheves-bujanocit-dhe-medvegjes\/#breadcrumb","itemListElement":[{"@type":"ListItem","position":1,"name":"\u041f\u043e\u0447\u0435\u0442\u043d\u0430","item":"https:\/\/kt.gov.rs\/sq\/"},{"@type":"ListItem","position":2,"name":"MBAHET TAKIMI I KRYESIS\u00cb S\u00cb TRUPIT KOORDINUES P\u00cbR KOMUNAT E PRESHEV\u00cbS, BUJANOCIT DHE MEDVEGJ\u00cbS"}]},{"@type":"WebSite","@id":"https:\/\/kt.gov.rs\/#website","url":"https:\/\/kt.gov.rs\/","name":"\u041a\u043e\u043e\u0440\u0434\u0438\u043d\u0430\u0446\u0438\u043e\u043d\u043e \u0442\u0435\u043b\u043e \u0412\u043b\u0430\u0434\u0435 \u0420\u0435\u043f\u0443\u0431\u043b\u0438\u043a\u0435 \u0421\u0440\u0431\u0438\u0458\u0435 \u0437\u0430 \u043e\u043f\u0448\u0442\u0438\u043d\u0435 \u041f\u0440\u0435\u0448\u0435\u0432\u043e, \u0411\u0443\u0458\u0430\u043d\u043e\u0432\u0430\u0446 \u0438 \u041c\u0435\u0434\u0432\u0435\u0452a","description":"","publisher":{"@id":"https:\/\/kt.gov.rs\/#organization"},"alternateName":"\u041a\u043e\u043e\u0440\u0434\u0438\u043d\u0430\u0446\u0438\u043e\u043d\u043e \u0442\u0435\u043b\u043e","potentialAction":[{"@type":"SearchAction","target":{"@type":"EntryPoint","urlTemplate":"https:\/\/kt.gov.rs\/?s={search_term_string}"},"query-input":{"@type":"PropertyValueSpecification","valueRequired":true,"valueName":"search_term_string"}}],"inLanguage":"sq-AL"},{"@type":"Organization","@id":"https:\/\/kt.gov.rs\/#organization","name":"\u041a\u043e\u043e\u0440\u0434\u0438\u043d\u0430\u0446\u0438\u043e\u043d\u043e \u0442\u0435\u043b\u043e \u0412\u043b\u0430\u0434\u0435 \u0420\u0435\u043f\u0443\u0431\u043b\u0438\u043a\u0435 \u0421\u0440\u0431\u0438\u0458\u0435 \u0437\u0430 \u043e\u043f\u0448\u0442\u0438\u043d\u0435 \u041f\u0440\u0435\u0448\u0435\u0432\u043e, \u0411\u0443\u0458\u0430\u043d\u043e\u0432\u0430\u0446 \u0438 \u041c\u0435\u0434\u0432\u0435\u0452a","alternateName":"\u041a\u043e\u043e\u0440\u0434\u0438\u043d\u0430\u0446\u0438\u043e\u043d\u043e \u0442\u0435\u043b\u043e","url":"https:\/\/kt.gov.rs\/","logo":{"@type":"ImageObject","inLanguage":"sq-AL","@id":"https:\/\/kt.gov.rs\/#\/schema\/logo\/image\/","url":"https:\/\/kt.gov.rs\/wp-content\/uploads\/2024\/12\/koord2.jpg","contentUrl":"https:\/\/kt.gov.rs\/wp-content\/uploads\/2024\/12\/koord2.jpg","width":640,"height":480,"caption":"\u041a\u043e\u043e\u0440\u0434\u0438\u043d\u0430\u0446\u0438\u043e\u043d\u043e \u0442\u0435\u043b\u043e \u0412\u043b\u0430\u0434\u0435 \u0420\u0435\u043f\u0443\u0431\u043b\u0438\u043a\u0435 \u0421\u0440\u0431\u0438\u0458\u0435 \u0437\u0430 \u043e\u043f\u0448\u0442\u0438\u043d\u0435 \u041f\u0440\u0435\u0448\u0435\u0432\u043e, \u0411\u0443\u0458\u0430\u043d\u043e\u0432\u0430\u0446 \u0438 \u041c\u0435\u0434\u0432\u0435\u0452a"},"image":{"@id":"https:\/\/kt.gov.rs\/#\/schema\/logo\/image\/"},"sameAs":["https:\/\/www.facebook.com\/SluzbaKoordinacionogTelaVladeRepublikeSrbije","https:\/\/x.com\/kt_gov","https:\/\/www.youtube.com\/@koordinacionotelo"]},{"@type":"Person","@id":"https:\/\/kt.gov.rs\/#\/schema\/person\/e426459ddb4173309103390602694571","name":"ktmin","image":{"@type":"ImageObject","inLanguage":"sq-AL","@id":"https:\/\/secure.gravatar.com\/avatar\/3985c961109853010c3fbc7ba30365bfba5db3dd6c525831d9c595c7525a615a?s=96&d=mm&r=g","url":"https:\/\/secure.gravatar.com\/avatar\/3985c961109853010c3fbc7ba30365bfba5db3dd6c525831d9c595c7525a615a?s=96&d=mm&r=g","contentUrl":"https:\/\/secure.gravatar.com\/avatar\/3985c961109853010c3fbc7ba30365bfba5db3dd6c525831d9c595c7525a615a?s=96&d=mm&r=g","caption":"ktmin"},"sameAs":["https:\/\/kt.gov.rs"],"url":"https:\/\/kt.gov.rs\/sq\/author\/ktmin\/"}]}},"_links":{"self":[{"href":"https:\/\/kt.gov.rs\/sq\/wp-json\/wp\/v2\/posts\/143244","targetHints":{"allow":["GET"]}}],"collection":[{"href":"https:\/\/kt.gov.rs\/sq\/wp-json\/wp\/v2\/posts"}],"about":[{"href":"https:\/\/kt.gov.rs\/sq\/wp-json\/wp\/v2\/types\/post"}],"author":[{"embeddable":true,"href":"https:\/\/kt.gov.rs\/sq\/wp-json\/wp\/v2\/users\/1"}],"replies":[{"embeddable":true,"href":"https:\/\/kt.gov.rs\/sq\/wp-json\/wp\/v2\/comments?post=143244"}],"version-history":[{"count":1,"href":"https:\/\/kt.gov.rs\/sq\/wp-json\/wp\/v2\/posts\/143244\/revisions"}],"predecessor-version":[{"id":143248,"href":"https:\/\/kt.gov.rs\/sq\/wp-json\/wp\/v2\/posts\/143244\/revisions\/143248"}],"wp:featuredmedia":[{"embeddable":true,"href":"https:\/\/kt.gov.rs\/sq\/wp-json\/wp\/v2\/media\/143249"}],"wp:attachment":[{"href":"https:\/\/kt.gov.rs\/sq\/wp-json\/wp\/v2\/media?parent=143244"}],"wp:term":[{"taxonomy":"category","embeddable":true,"href":"https:\/\/kt.gov.rs\/sq\/wp-json\/wp\/v2\/categories?post=143244"},{"taxonomy":"post_tag","embeddable":true,"href":"https:\/\/kt.gov.rs\/sq\/wp-json\/wp\/v2\/tags?post=143244"}],"curies":[{"name":"wp","href":"https:\/\/api.w.org\/{rel}","templated":true}]}}