{"id":143236,"date":"2009-09-15T00:00:00","date_gmt":"2009-09-15T00:00:00","guid":{"rendered":"http:\/\/kt.printandscreen.rs\/projektet-per-ruajtjen-e-paqes\/"},"modified":"2024-07-30T20:24:17","modified_gmt":"2024-07-30T20:24:17","slug":"projektet-per-ruajtjen-e-paqes","status":"publish","type":"post","link":"https:\/\/kt.gov.rs\/sq\/projektet-per-ruajtjen-e-paqes\/","title":{"rendered":"PROJEKTET P\u00cbR RUAJTJEN E PAQES"},"content":{"rendered":"<p><img decoding=\"async\" align=\"left\" src=\"https:\/\/kt.gov.rs\/wp-content\/uploads\/2024\/07\/pic050vesti-4.jpg\" alt=\"\" \/>N\u00eb Serbin\u00eb jugore fillon aplikimi i dy projekteve q\u00ebllimi i p\u00ebrbashk\u00ebt i t\u00eb cil\u00ebve \u00ebsht\u00eb zvog\u00eblimi i rrezikut nga acarimi n\u00eb mes t\u00eb komuniteteve q\u00eb jetojn\u00eb n\u00eb k\u00ebt\u00eb pjes\u00eb t\u00eb Serbis\u00eb. Kontratat p\u00ebr realizimin e projekteve ,,P\u00ebrforcimi i kapaciteteve p\u00ebr zhvillim inkluziv n\u00eb Serbin\u00eb jugore\u2019\u2019 dhe ,,Promovimi i ruajtjes s\u00eb paqes n\u00eb Serbin\u00eb jugore\u2019\u2019 n\u00eb Qeverin\u00eb e Serbis\u00eb kan\u00eb n\u00ebnshkruar ministri i pushtetit lokal dhe i vet\u00ebqeverisjes lokale dhe kryetar\u00eb i Trupit koordinues p\u00ebr komunat Preshev\u00eb, Bujanoc dhe Medvegj\u00eb Milan Markoviq dhe koordinatori i Ekipit t\u00eb Kombeve t\u00eb Bashkuara n\u00eb Serbi Vilijam Infante.<\/p>\n<p>,,N\u00eb projekt jan\u00eb investuar 7.920.000 dolar\u00eb, kurse do t\u00eb zbatohet n\u00eb teritoret e 13 qyteteve dhe komunave t\u00eb regjionit t\u00eb P\u00e7inj\u00ebs dhe Jabllanic\u00ebs. K\u00ebto jan\u00eb vendet t\u00eb cilat kan\u00eb m\u00eb s\u00eb tep\u00ebrmi nevoj\u00eb\u2019\u2019, theksoi Markoviq.<\/p>\n<p>Ai precizoi se projektet do t\u00eb realizohen n\u00eb Vranj\u00eb, Trgovisht\u00eb, Bosilegrad, Vlladi\u00e7in Han, Surdulic\u00eb, Bojnik, Medvegj\u00eb, Leskoc, Leban\u00eb, Vlasotinc\u00eb, Crna Trav\u00eb, Preshev\u00eb dhe Bujanoc.<\/p>\n<p>Vilijam Infante \u00ebsht\u00eb optimist se k\u00ebto dy projekte do t\u00eb ken\u00eb ndikim n\u00eb p\u00ebrforcimin e paqes n\u00eb Serbin\u00eb jugore. ,,S\u00eb bashku me pushtetet lokale n\u00eb Serbin\u00eb jugore do t\u00eb punojm\u00eb q\u00eb institucionet t\u00eb jen\u00eb sa m\u00eb af\u00ebr qytetar\u00ebve si dhe t\u00eb p\u00ebrmir\u00ebsohet puna e tyre. K\u00ebshtuq\u00eb do t\u00eb kemi parakushtet e para p\u00ebr zhvillim ekonomik si dhe p\u00ebrparimin e kualitetit t\u00eb jet\u00ebs s\u00eb qytetar\u00ebve\u2019\u2019, theksoi Infante.<\/p>\n<p>Projekti ,,P\u00ebrforcimi i kapaciteteve p\u00ebr zhvillim inkluziv n\u00eb Serbin\u00eb jugore\u2019\u2019\u00a0 do t\u00eb zgjas\u00eb tri vite, kurse mjetet prej 5.420.000 dolar\u00ebsh jan\u00eb siguruar nga agjensioni Suedez p\u00ebr bashk\u00ebpunim t\u00eb zhvillimit nd\u00ebrkomb\u00ebtar\u00eb, agjensioni Zviceran p\u00ebr zhvillim dhe bashk\u00ebpunim, Qeveria Norvegjeze si dhe Programi p\u00ebr zhvillim i Kombeve t\u00eb Bashkuara (UNDP).<\/p>\n<p>Projekti ,,Promovimi i ruajtjes s\u00eb paqes n\u00eb Serbin\u00eb jugore\u2019\u2019 do t\u00eb zgjas\u00eb dy vite e gjys\u00ebm, kurse p\u00ebr realizimin e k\u00ebtij projekti jan\u00ebsiguruar mjete prej 2,5 milion\u00eb dollar\u00ebsh nga Fondi p\u00ebr zhvillimin e q\u00ebllimeve mileniume t\u00eb Qeveris\u00eb Spanjolle.<\/p>\n<p>Donator\u00ebt nga Zvicra, Suedia dhe Spanja kan\u00eb paralajm\u00ebruar se do t\u00eb vazhdojn\u00eb edhe m\u00eb tutje t\u00eb japin ndihm\u00eb Serbis\u00eb n\u00eb p\u00ebrforcimin e kapaciteteve t\u00eb qeveris\u00eb lokale si dhe n\u00eb afrimin e instituciioneve ndaj qytetar\u00ebve.<\/p>\n","protected":false},"excerpt":{"rendered":"<p>N\u00eb Serbin\u00eb jugore fillon aplikimi i dy projekteve q\u00ebllimi i p\u00ebrbashk\u00ebt i t\u00eb cil\u00ebve \u00ebsht\u00eb zvog\u00eblimi i rrezikut nga acarimi n\u00eb mes t\u00eb komuniteteve q\u00eb jetojn\u00eb n\u00eb k\u00ebt\u00eb pjes\u00eb t\u00eb Serbis\u00eb. Kontratat p\u00ebr realizimin e projekteve ,,P\u00ebrforcimi i kapaciteteve p\u00ebr zhvillim inkluziv n\u00eb Serbin\u00eb jugore\u2019\u2019 dhe ,,Promovimi i ruajtjes s\u00eb paqes n\u00eb Serbin\u00eb jugore\u2019\u2019 n\u00eb Qeverin\u00eb e Serbis\u00eb kan\u00eb n\u00ebnshkruar ministri i pushtetit lokal dhe i vet\u00ebqeverisjes lokale dhe kryetar\u00eb i Trupit koordinues p\u00ebr komunat Preshev\u00eb, Bujanoc dhe Medvegj\u00eb Milan Markoviq dhe koordinatori i Ekipit t\u00eb Kombeve t\u00eb Bashkuara n\u00eb Serbi Vilijam Infante.<\/p>\n","protected":false},"author":1,"featured_media":143241,"comment_status":"closed","ping_status":"closed","sticky":false,"template":"","format":"standard","meta":{"footnotes":""},"categories":[55],"tags":[],"class_list":["post-143236","post","type-post","status-publish","format-standard","has-post-thumbnail","hentry","category-lajme"],"yoast_head":"<!-- This site is optimized with the Yoast SEO plugin v27.4 - https:\/\/yoast.com\/product\/yoast-seo-wordpress\/ -->\n<title>PROJEKTET P\u00cbR RUAJTJEN E PAQES - Republika e S\u00ebrbis\u00eb Trupi Koordinues p\u00ebr komunat Bujanoc, Preshev\u00eb dhe Medvegj\u00eb<\/title>\n<meta name=\"robots\" content=\"index, follow, max-snippet:-1, max-image-preview:large, max-video-preview:-1\" \/>\n<link rel=\"canonical\" href=\"https:\/\/kt.gov.rs\/sq\/projektet-per-ruajtjen-e-paqes\/\" \/>\n<meta property=\"og:locale\" content=\"sq_AL\" \/>\n<meta property=\"og:type\" content=\"article\" \/>\n<meta property=\"og:title\" content=\"PROJEKTET P\u00cbR RUAJTJEN E PAQES - Republika e S\u00ebrbis\u00eb Trupi Koordinues p\u00ebr komunat Bujanoc, Preshev\u00eb dhe Medvegj\u00eb\" \/>\n<meta property=\"og:description\" content=\"N\u00eb Serbin\u00eb jugore fillon aplikimi i dy projekteve q\u00ebllimi i p\u00ebrbashk\u00ebt i t\u00eb cil\u00ebve \u00ebsht\u00eb zvog\u00eblimi i rrezikut nga acarimi n\u00eb mes t\u00eb komuniteteve q\u00eb jetojn\u00eb n\u00eb k\u00ebt\u00eb pjes\u00eb t\u00eb Serbis\u00eb. Kontratat p\u00ebr realizimin e projekteve ,,P\u00ebrforcimi i kapaciteteve p\u00ebr zhvillim inkluziv n\u00eb Serbin\u00eb jugore\u2019\u2019 dhe ,,Promovimi i ruajtjes s\u00eb paqes n\u00eb Serbin\u00eb jugore\u2019\u2019 n\u00eb Qeverin\u00eb e Serbis\u00eb kan\u00eb n\u00ebnshkruar ministri i pushtetit lokal dhe i vet\u00ebqeverisjes lokale dhe kryetar\u00eb i Trupit koordinues p\u00ebr komunat Preshev\u00eb, Bujanoc dhe Medvegj\u00eb Milan Markoviq dhe koordinatori i Ekipit t\u00eb Kombeve t\u00eb Bashkuara n\u00eb Serbi Vilijam Infante.\" \/>\n<meta property=\"og:url\" content=\"https:\/\/kt.gov.rs\/sq\/projektet-per-ruajtjen-e-paqes\/\" \/>\n<meta property=\"og:site_name\" content=\"Republika e S\u00ebrbis\u00eb Trupi Koordinues p\u00ebr komunat Bujanoc, Preshev\u00eb dhe Medvegj\u00eb\" \/>\n<meta property=\"article:publisher\" content=\"https:\/\/www.facebook.com\/SluzbaKoordinacionogTelaVladeRepublikeSrbije\" \/>\n<meta property=\"article:published_time\" content=\"2009-09-15T00:00:00+00:00\" \/>\n<meta property=\"article:modified_time\" content=\"2024-07-30T20:24:17+00:00\" \/>\n<meta property=\"og:image\" content=\"https:\/\/kt.gov.rs\/wp-content\/uploads\/2024\/07\/pic050vesti-5.jpg\" \/>\n\t<meta property=\"og:image:width\" content=\"250\" \/>\n\t<meta property=\"og:image:height\" content=\"180\" \/>\n\t<meta property=\"og:image:type\" content=\"image\/jpeg\" \/>\n<meta name=\"author\" content=\"ktmin\" \/>\n<meta name=\"twitter:card\" content=\"summary_large_image\" \/>\n<meta name=\"twitter:creator\" content=\"@kt_gov\" \/>\n<meta name=\"twitter:site\" content=\"@kt_gov\" \/>\n<meta name=\"twitter:label1\" content=\"Written by\" \/>\n\t<meta name=\"twitter:data1\" content=\"ktmin\" \/>\n\t<meta name=\"twitter:label2\" content=\"Est. reading time\" \/>\n\t<meta name=\"twitter:data2\" content=\"2 minutes\" \/>\n<script type=\"application\/ld+json\" class=\"yoast-schema-graph\">{\"@context\":\"https:\\\/\\\/schema.org\",\"@graph\":[{\"@type\":\"Article\",\"@id\":\"https:\\\/\\\/kt.gov.rs\\\/sq\\\/projektet-per-ruajtjen-e-paqes\\\/#article\",\"isPartOf\":{\"@id\":\"https:\\\/\\\/kt.gov.rs\\\/sq\\\/projektet-per-ruajtjen-e-paqes\\\/\"},\"author\":{\"name\":\"ktmin\",\"@id\":\"https:\\\/\\\/kt.gov.rs\\\/#\\\/schema\\\/person\\\/e426459ddb4173309103390602694571\"},\"headline\":\"PROJEKTET P\u00cbR RUAJTJEN E PAQES\",\"datePublished\":\"2009-09-15T00:00:00+00:00\",\"dateModified\":\"2024-07-30T20:24:17+00:00\",\"mainEntityOfPage\":{\"@id\":\"https:\\\/\\\/kt.gov.rs\\\/sq\\\/projektet-per-ruajtjen-e-paqes\\\/\"},\"wordCount\":403,\"publisher\":{\"@id\":\"https:\\\/\\\/kt.gov.rs\\\/#organization\"},\"image\":{\"@id\":\"https:\\\/\\\/kt.gov.rs\\\/sq\\\/projektet-per-ruajtjen-e-paqes\\\/#primaryimage\"},\"thumbnailUrl\":\"https:\\\/\\\/kt.gov.rs\\\/wp-content\\\/uploads\\\/2024\\\/07\\\/pic050vesti-5.jpg\",\"articleSection\":[\"Lajme\"],\"inLanguage\":\"sq-AL\"},{\"@type\":\"WebPage\",\"@id\":\"https:\\\/\\\/kt.gov.rs\\\/sq\\\/projektet-per-ruajtjen-e-paqes\\\/\",\"url\":\"https:\\\/\\\/kt.gov.rs\\\/sq\\\/projektet-per-ruajtjen-e-paqes\\\/\",\"name\":\"PROJEKTET P\u00cbR RUAJTJEN E PAQES - Republika e S\u00ebrbis\u00eb Trupi Koordinues p\u00ebr komunat Bujanoc, Preshev\u00eb dhe Medvegj\u00eb\",\"isPartOf\":{\"@id\":\"https:\\\/\\\/kt.gov.rs\\\/#website\"},\"primaryImageOfPage\":{\"@id\":\"https:\\\/\\\/kt.gov.rs\\\/sq\\\/projektet-per-ruajtjen-e-paqes\\\/#primaryimage\"},\"image\":{\"@id\":\"https:\\\/\\\/kt.gov.rs\\\/sq\\\/projektet-per-ruajtjen-e-paqes\\\/#primaryimage\"},\"thumbnailUrl\":\"https:\\\/\\\/kt.gov.rs\\\/wp-content\\\/uploads\\\/2024\\\/07\\\/pic050vesti-5.jpg\",\"datePublished\":\"2009-09-15T00:00:00+00:00\",\"dateModified\":\"2024-07-30T20:24:17+00:00\",\"breadcrumb\":{\"@id\":\"https:\\\/\\\/kt.gov.rs\\\/sq\\\/projektet-per-ruajtjen-e-paqes\\\/#breadcrumb\"},\"inLanguage\":\"sq-AL\",\"potentialAction\":[{\"@type\":\"ReadAction\",\"target\":[\"https:\\\/\\\/kt.gov.rs\\\/sq\\\/projektet-per-ruajtjen-e-paqes\\\/\"]}]},{\"@type\":\"ImageObject\",\"inLanguage\":\"sq-AL\",\"@id\":\"https:\\\/\\\/kt.gov.rs\\\/sq\\\/projektet-per-ruajtjen-e-paqes\\\/#primaryimage\",\"url\":\"https:\\\/\\\/kt.gov.rs\\\/wp-content\\\/uploads\\\/2024\\\/07\\\/pic050vesti-5.jpg\",\"contentUrl\":\"https:\\\/\\\/kt.gov.rs\\\/wp-content\\\/uploads\\\/2024\\\/07\\\/pic050vesti-5.jpg\",\"width\":250,\"height\":180},{\"@type\":\"BreadcrumbList\",\"@id\":\"https:\\\/\\\/kt.gov.rs\\\/sq\\\/projektet-per-ruajtjen-e-paqes\\\/#breadcrumb\",\"itemListElement\":[{\"@type\":\"ListItem\",\"position\":1,\"name\":\"\u041f\u043e\u0447\u0435\u0442\u043d\u0430\",\"item\":\"https:\\\/\\\/kt.gov.rs\\\/sq\\\/\"},{\"@type\":\"ListItem\",\"position\":2,\"name\":\"PROJEKTET P\u00cbR RUAJTJEN E PAQES\"}]},{\"@type\":\"WebSite\",\"@id\":\"https:\\\/\\\/kt.gov.rs\\\/#website\",\"url\":\"https:\\\/\\\/kt.gov.rs\\\/\",\"name\":\"\u041a\u043e\u043e\u0440\u0434\u0438\u043d\u0430\u0446\u0438\u043e\u043d\u043e \u0442\u0435\u043b\u043e \u0412\u043b\u0430\u0434\u0435 \u0420\u0435\u043f\u0443\u0431\u043b\u0438\u043a\u0435 \u0421\u0440\u0431\u0438\u0458\u0435 \u0437\u0430 \u043e\u043f\u0448\u0442\u0438\u043d\u0435 \u041f\u0440\u0435\u0448\u0435\u0432\u043e, \u0411\u0443\u0458\u0430\u043d\u043e\u0432\u0430\u0446 \u0438 \u041c\u0435\u0434\u0432\u0435\u0452a\",\"description\":\"\",\"publisher\":{\"@id\":\"https:\\\/\\\/kt.gov.rs\\\/#organization\"},\"alternateName\":\"\u041a\u043e\u043e\u0440\u0434\u0438\u043d\u0430\u0446\u0438\u043e\u043d\u043e \u0442\u0435\u043b\u043e\",\"potentialAction\":[{\"@type\":\"SearchAction\",\"target\":{\"@type\":\"EntryPoint\",\"urlTemplate\":\"https:\\\/\\\/kt.gov.rs\\\/?s={search_term_string}\"},\"query-input\":{\"@type\":\"PropertyValueSpecification\",\"valueRequired\":true,\"valueName\":\"search_term_string\"}}],\"inLanguage\":\"sq-AL\"},{\"@type\":\"Organization\",\"@id\":\"https:\\\/\\\/kt.gov.rs\\\/#organization\",\"name\":\"\u041a\u043e\u043e\u0440\u0434\u0438\u043d\u0430\u0446\u0438\u043e\u043d\u043e \u0442\u0435\u043b\u043e \u0412\u043b\u0430\u0434\u0435 \u0420\u0435\u043f\u0443\u0431\u043b\u0438\u043a\u0435 \u0421\u0440\u0431\u0438\u0458\u0435 \u0437\u0430 \u043e\u043f\u0448\u0442\u0438\u043d\u0435 \u041f\u0440\u0435\u0448\u0435\u0432\u043e, \u0411\u0443\u0458\u0430\u043d\u043e\u0432\u0430\u0446 \u0438 \u041c\u0435\u0434\u0432\u0435\u0452a\",\"alternateName\":\"\u041a\u043e\u043e\u0440\u0434\u0438\u043d\u0430\u0446\u0438\u043e\u043d\u043e \u0442\u0435\u043b\u043e\",\"url\":\"https:\\\/\\\/kt.gov.rs\\\/\",\"logo\":{\"@type\":\"ImageObject\",\"inLanguage\":\"sq-AL\",\"@id\":\"https:\\\/\\\/kt.gov.rs\\\/#\\\/schema\\\/logo\\\/image\\\/\",\"url\":\"https:\\\/\\\/kt.gov.rs\\\/wp-content\\\/uploads\\\/2024\\\/12\\\/koord2.jpg\",\"contentUrl\":\"https:\\\/\\\/kt.gov.rs\\\/wp-content\\\/uploads\\\/2024\\\/12\\\/koord2.jpg\",\"width\":640,\"height\":480,\"caption\":\"\u041a\u043e\u043e\u0440\u0434\u0438\u043d\u0430\u0446\u0438\u043e\u043d\u043e \u0442\u0435\u043b\u043e \u0412\u043b\u0430\u0434\u0435 \u0420\u0435\u043f\u0443\u0431\u043b\u0438\u043a\u0435 \u0421\u0440\u0431\u0438\u0458\u0435 \u0437\u0430 \u043e\u043f\u0448\u0442\u0438\u043d\u0435 \u041f\u0440\u0435\u0448\u0435\u0432\u043e, \u0411\u0443\u0458\u0430\u043d\u043e\u0432\u0430\u0446 \u0438 \u041c\u0435\u0434\u0432\u0435\u0452a\"},\"image\":{\"@id\":\"https:\\\/\\\/kt.gov.rs\\\/#\\\/schema\\\/logo\\\/image\\\/\"},\"sameAs\":[\"https:\\\/\\\/www.facebook.com\\\/SluzbaKoordinacionogTelaVladeRepublikeSrbije\",\"https:\\\/\\\/x.com\\\/kt_gov\",\"https:\\\/\\\/www.youtube.com\\\/@koordinacionotelo\"]},{\"@type\":\"Person\",\"@id\":\"https:\\\/\\\/kt.gov.rs\\\/#\\\/schema\\\/person\\\/e426459ddb4173309103390602694571\",\"name\":\"ktmin\",\"image\":{\"@type\":\"ImageObject\",\"inLanguage\":\"sq-AL\",\"@id\":\"https:\\\/\\\/secure.gravatar.com\\\/avatar\\\/3985c961109853010c3fbc7ba30365bfba5db3dd6c525831d9c595c7525a615a?s=96&d=mm&r=g\",\"url\":\"https:\\\/\\\/secure.gravatar.com\\\/avatar\\\/3985c961109853010c3fbc7ba30365bfba5db3dd6c525831d9c595c7525a615a?s=96&d=mm&r=g\",\"contentUrl\":\"https:\\\/\\\/secure.gravatar.com\\\/avatar\\\/3985c961109853010c3fbc7ba30365bfba5db3dd6c525831d9c595c7525a615a?s=96&d=mm&r=g\",\"caption\":\"ktmin\"},\"sameAs\":[\"https:\\\/\\\/kt.gov.rs\"],\"url\":\"https:\\\/\\\/kt.gov.rs\\\/sq\\\/author\\\/ktmin\\\/\"}]}<\/script>\n<!-- \/ Yoast SEO plugin. -->","yoast_head_json":{"title":"PROJEKTET P\u00cbR RUAJTJEN E PAQES - Republika e S\u00ebrbis\u00eb Trupi Koordinues p\u00ebr komunat Bujanoc, Preshev\u00eb dhe Medvegj\u00eb","robots":{"index":"index","follow":"follow","max-snippet":"max-snippet:-1","max-image-preview":"max-image-preview:large","max-video-preview":"max-video-preview:-1"},"canonical":"https:\/\/kt.gov.rs\/sq\/projektet-per-ruajtjen-e-paqes\/","og_locale":"sq_AL","og_type":"article","og_title":"PROJEKTET P\u00cbR RUAJTJEN E PAQES - Republika e S\u00ebrbis\u00eb Trupi Koordinues p\u00ebr komunat Bujanoc, Preshev\u00eb dhe Medvegj\u00eb","og_description":"N\u00eb Serbin\u00eb jugore fillon aplikimi i dy projekteve q\u00ebllimi i p\u00ebrbashk\u00ebt i t\u00eb cil\u00ebve \u00ebsht\u00eb zvog\u00eblimi i rrezikut nga acarimi n\u00eb mes t\u00eb komuniteteve q\u00eb jetojn\u00eb n\u00eb k\u00ebt\u00eb pjes\u00eb t\u00eb Serbis\u00eb. Kontratat p\u00ebr realizimin e projekteve ,,P\u00ebrforcimi i kapaciteteve p\u00ebr zhvillim inkluziv n\u00eb Serbin\u00eb jugore\u2019\u2019 dhe ,,Promovimi i ruajtjes s\u00eb paqes n\u00eb Serbin\u00eb jugore\u2019\u2019 n\u00eb Qeverin\u00eb e Serbis\u00eb kan\u00eb n\u00ebnshkruar ministri i pushtetit lokal dhe i vet\u00ebqeverisjes lokale dhe kryetar\u00eb i Trupit koordinues p\u00ebr komunat Preshev\u00eb, Bujanoc dhe Medvegj\u00eb Milan Markoviq dhe koordinatori i Ekipit t\u00eb Kombeve t\u00eb Bashkuara n\u00eb Serbi Vilijam Infante.","og_url":"https:\/\/kt.gov.rs\/sq\/projektet-per-ruajtjen-e-paqes\/","og_site_name":"Republika e S\u00ebrbis\u00eb Trupi Koordinues p\u00ebr komunat Bujanoc, Preshev\u00eb dhe Medvegj\u00eb","article_publisher":"https:\/\/www.facebook.com\/SluzbaKoordinacionogTelaVladeRepublikeSrbije","article_published_time":"2009-09-15T00:00:00+00:00","article_modified_time":"2024-07-30T20:24:17+00:00","og_image":[{"width":250,"height":180,"url":"https:\/\/kt.gov.rs\/wp-content\/uploads\/2024\/07\/pic050vesti-5.jpg","type":"image\/jpeg"}],"author":"ktmin","twitter_card":"summary_large_image","twitter_creator":"@kt_gov","twitter_site":"@kt_gov","twitter_misc":{"Written by":"ktmin","Est. reading time":"2 minutes"},"schema":{"@context":"https:\/\/schema.org","@graph":[{"@type":"Article","@id":"https:\/\/kt.gov.rs\/sq\/projektet-per-ruajtjen-e-paqes\/#article","isPartOf":{"@id":"https:\/\/kt.gov.rs\/sq\/projektet-per-ruajtjen-e-paqes\/"},"author":{"name":"ktmin","@id":"https:\/\/kt.gov.rs\/#\/schema\/person\/e426459ddb4173309103390602694571"},"headline":"PROJEKTET P\u00cbR RUAJTJEN E PAQES","datePublished":"2009-09-15T00:00:00+00:00","dateModified":"2024-07-30T20:24:17+00:00","mainEntityOfPage":{"@id":"https:\/\/kt.gov.rs\/sq\/projektet-per-ruajtjen-e-paqes\/"},"wordCount":403,"publisher":{"@id":"https:\/\/kt.gov.rs\/#organization"},"image":{"@id":"https:\/\/kt.gov.rs\/sq\/projektet-per-ruajtjen-e-paqes\/#primaryimage"},"thumbnailUrl":"https:\/\/kt.gov.rs\/wp-content\/uploads\/2024\/07\/pic050vesti-5.jpg","articleSection":["Lajme"],"inLanguage":"sq-AL"},{"@type":"WebPage","@id":"https:\/\/kt.gov.rs\/sq\/projektet-per-ruajtjen-e-paqes\/","url":"https:\/\/kt.gov.rs\/sq\/projektet-per-ruajtjen-e-paqes\/","name":"PROJEKTET P\u00cbR RUAJTJEN E PAQES - Republika e S\u00ebrbis\u00eb Trupi Koordinues p\u00ebr komunat Bujanoc, Preshev\u00eb dhe Medvegj\u00eb","isPartOf":{"@id":"https:\/\/kt.gov.rs\/#website"},"primaryImageOfPage":{"@id":"https:\/\/kt.gov.rs\/sq\/projektet-per-ruajtjen-e-paqes\/#primaryimage"},"image":{"@id":"https:\/\/kt.gov.rs\/sq\/projektet-per-ruajtjen-e-paqes\/#primaryimage"},"thumbnailUrl":"https:\/\/kt.gov.rs\/wp-content\/uploads\/2024\/07\/pic050vesti-5.jpg","datePublished":"2009-09-15T00:00:00+00:00","dateModified":"2024-07-30T20:24:17+00:00","breadcrumb":{"@id":"https:\/\/kt.gov.rs\/sq\/projektet-per-ruajtjen-e-paqes\/#breadcrumb"},"inLanguage":"sq-AL","potentialAction":[{"@type":"ReadAction","target":["https:\/\/kt.gov.rs\/sq\/projektet-per-ruajtjen-e-paqes\/"]}]},{"@type":"ImageObject","inLanguage":"sq-AL","@id":"https:\/\/kt.gov.rs\/sq\/projektet-per-ruajtjen-e-paqes\/#primaryimage","url":"https:\/\/kt.gov.rs\/wp-content\/uploads\/2024\/07\/pic050vesti-5.jpg","contentUrl":"https:\/\/kt.gov.rs\/wp-content\/uploads\/2024\/07\/pic050vesti-5.jpg","width":250,"height":180},{"@type":"BreadcrumbList","@id":"https:\/\/kt.gov.rs\/sq\/projektet-per-ruajtjen-e-paqes\/#breadcrumb","itemListElement":[{"@type":"ListItem","position":1,"name":"\u041f\u043e\u0447\u0435\u0442\u043d\u0430","item":"https:\/\/kt.gov.rs\/sq\/"},{"@type":"ListItem","position":2,"name":"PROJEKTET P\u00cbR RUAJTJEN E PAQES"}]},{"@type":"WebSite","@id":"https:\/\/kt.gov.rs\/#website","url":"https:\/\/kt.gov.rs\/","name":"\u041a\u043e\u043e\u0440\u0434\u0438\u043d\u0430\u0446\u0438\u043e\u043d\u043e \u0442\u0435\u043b\u043e \u0412\u043b\u0430\u0434\u0435 \u0420\u0435\u043f\u0443\u0431\u043b\u0438\u043a\u0435 \u0421\u0440\u0431\u0438\u0458\u0435 \u0437\u0430 \u043e\u043f\u0448\u0442\u0438\u043d\u0435 \u041f\u0440\u0435\u0448\u0435\u0432\u043e, \u0411\u0443\u0458\u0430\u043d\u043e\u0432\u0430\u0446 \u0438 \u041c\u0435\u0434\u0432\u0435\u0452a","description":"","publisher":{"@id":"https:\/\/kt.gov.rs\/#organization"},"alternateName":"\u041a\u043e\u043e\u0440\u0434\u0438\u043d\u0430\u0446\u0438\u043e\u043d\u043e \u0442\u0435\u043b\u043e","potentialAction":[{"@type":"SearchAction","target":{"@type":"EntryPoint","urlTemplate":"https:\/\/kt.gov.rs\/?s={search_term_string}"},"query-input":{"@type":"PropertyValueSpecification","valueRequired":true,"valueName":"search_term_string"}}],"inLanguage":"sq-AL"},{"@type":"Organization","@id":"https:\/\/kt.gov.rs\/#organization","name":"\u041a\u043e\u043e\u0440\u0434\u0438\u043d\u0430\u0446\u0438\u043e\u043d\u043e \u0442\u0435\u043b\u043e \u0412\u043b\u0430\u0434\u0435 \u0420\u0435\u043f\u0443\u0431\u043b\u0438\u043a\u0435 \u0421\u0440\u0431\u0438\u0458\u0435 \u0437\u0430 \u043e\u043f\u0448\u0442\u0438\u043d\u0435 \u041f\u0440\u0435\u0448\u0435\u0432\u043e, \u0411\u0443\u0458\u0430\u043d\u043e\u0432\u0430\u0446 \u0438 \u041c\u0435\u0434\u0432\u0435\u0452a","alternateName":"\u041a\u043e\u043e\u0440\u0434\u0438\u043d\u0430\u0446\u0438\u043e\u043d\u043e \u0442\u0435\u043b\u043e","url":"https:\/\/kt.gov.rs\/","logo":{"@type":"ImageObject","inLanguage":"sq-AL","@id":"https:\/\/kt.gov.rs\/#\/schema\/logo\/image\/","url":"https:\/\/kt.gov.rs\/wp-content\/uploads\/2024\/12\/koord2.jpg","contentUrl":"https:\/\/kt.gov.rs\/wp-content\/uploads\/2024\/12\/koord2.jpg","width":640,"height":480,"caption":"\u041a\u043e\u043e\u0440\u0434\u0438\u043d\u0430\u0446\u0438\u043e\u043d\u043e \u0442\u0435\u043b\u043e \u0412\u043b\u0430\u0434\u0435 \u0420\u0435\u043f\u0443\u0431\u043b\u0438\u043a\u0435 \u0421\u0440\u0431\u0438\u0458\u0435 \u0437\u0430 \u043e\u043f\u0448\u0442\u0438\u043d\u0435 \u041f\u0440\u0435\u0448\u0435\u0432\u043e, \u0411\u0443\u0458\u0430\u043d\u043e\u0432\u0430\u0446 \u0438 \u041c\u0435\u0434\u0432\u0435\u0452a"},"image":{"@id":"https:\/\/kt.gov.rs\/#\/schema\/logo\/image\/"},"sameAs":["https:\/\/www.facebook.com\/SluzbaKoordinacionogTelaVladeRepublikeSrbije","https:\/\/x.com\/kt_gov","https:\/\/www.youtube.com\/@koordinacionotelo"]},{"@type":"Person","@id":"https:\/\/kt.gov.rs\/#\/schema\/person\/e426459ddb4173309103390602694571","name":"ktmin","image":{"@type":"ImageObject","inLanguage":"sq-AL","@id":"https:\/\/secure.gravatar.com\/avatar\/3985c961109853010c3fbc7ba30365bfba5db3dd6c525831d9c595c7525a615a?s=96&d=mm&r=g","url":"https:\/\/secure.gravatar.com\/avatar\/3985c961109853010c3fbc7ba30365bfba5db3dd6c525831d9c595c7525a615a?s=96&d=mm&r=g","contentUrl":"https:\/\/secure.gravatar.com\/avatar\/3985c961109853010c3fbc7ba30365bfba5db3dd6c525831d9c595c7525a615a?s=96&d=mm&r=g","caption":"ktmin"},"sameAs":["https:\/\/kt.gov.rs"],"url":"https:\/\/kt.gov.rs\/sq\/author\/ktmin\/"}]}},"_links":{"self":[{"href":"https:\/\/kt.gov.rs\/sq\/wp-json\/wp\/v2\/posts\/143236","targetHints":{"allow":["GET"]}}],"collection":[{"href":"https:\/\/kt.gov.rs\/sq\/wp-json\/wp\/v2\/posts"}],"about":[{"href":"https:\/\/kt.gov.rs\/sq\/wp-json\/wp\/v2\/types\/post"}],"author":[{"embeddable":true,"href":"https:\/\/kt.gov.rs\/sq\/wp-json\/wp\/v2\/users\/1"}],"replies":[{"embeddable":true,"href":"https:\/\/kt.gov.rs\/sq\/wp-json\/wp\/v2\/comments?post=143236"}],"version-history":[{"count":1,"href":"https:\/\/kt.gov.rs\/sq\/wp-json\/wp\/v2\/posts\/143236\/revisions"}],"predecessor-version":[{"id":143240,"href":"https:\/\/kt.gov.rs\/sq\/wp-json\/wp\/v2\/posts\/143236\/revisions\/143240"}],"wp:featuredmedia":[{"embeddable":true,"href":"https:\/\/kt.gov.rs\/sq\/wp-json\/wp\/v2\/media\/143241"}],"wp:attachment":[{"href":"https:\/\/kt.gov.rs\/sq\/wp-json\/wp\/v2\/media?parent=143236"}],"wp:term":[{"taxonomy":"category","embeddable":true,"href":"https:\/\/kt.gov.rs\/sq\/wp-json\/wp\/v2\/categories?post=143236"},{"taxonomy":"post_tag","embeddable":true,"href":"https:\/\/kt.gov.rs\/sq\/wp-json\/wp\/v2\/tags?post=143236"}],"curies":[{"name":"wp","href":"https:\/\/api.w.org\/{rel}","templated":true}]}}