{"id":143213,"date":"2009-10-12T00:00:00","date_gmt":"2009-10-12T00:00:00","guid":{"rendered":"http:\/\/kt.printandscreen.rs\/kryministri-mirko-cvetkoviq-hapi-fakultetin-ne-medvegje\/"},"modified":"2024-07-30T20:24:10","modified_gmt":"2024-07-30T20:24:10","slug":"kryministri-mirko-cvetkoviq-hapi-fakultetin-ne-medvegje","status":"publish","type":"post","link":"https:\/\/kt.gov.rs\/sq\/kryministri-mirko-cvetkoviq-hapi-fakultetin-ne-medvegje\/","title":{"rendered":"KRYMINISTRI MIRKO CVETKOVIQ HAPI FAKULTETIN N\u00cb MEDVEGJ\u00cb"},"content":{"rendered":"<p><img decoding=\"async\" align=\"left\" alt=\"\" src=\"https:\/\/kt.gov.rs\/wp-content\/uploads\/2024\/07\/pic052vesti-4.jpg\" \/>Kryeministri i Serbis\u00eb Mirko Cvetkoviq, n\u00eb pranin\u00eb e Kryetarit t\u00eb Trupit Koordinues p\u00ebr komunat Preshev\u00eb, Bujanoc dhe Medvegj\u00eb e nj\u00ebherit edhe minist\u00ebr i pushtetit lokal dhe vet\u00ebqeverisjes lokale Milan Markoviq, ministrit t\u00eb arsimit Zharko Obradoviq, z\u00ebvend\u00ebsambasadorit t\u00eb SHBA-s\u00eb Troy Peterson, ambasadorit t\u00eb OSBE-s\u00eb Dimitros Kipreos, p\u00ebrfaq\u00ebsuesit t\u00eb ambasad\u00ebs Greke, Austriake dhe Franceze, prorektorit, dekanit dhe profesor\u00ebve t\u00eb Univerzitetit t\u00eb Nishit, p\u00ebrfaq\u00ebsuesve t\u00eb regjioneve, komunave dhe qyteteve nga Serbia jugore dhe student\u00ebve, m\u00eb 12 tetor\u00eb n\u00eb Medvegj\u00eb hapi paralelen e ndar\u00eb t\u00eb fakultetit Ekonomik dhe Juridik t\u00eb Univerzitetit t\u00eb Nishit, n\u00eb t\u00eb cilin do t\u00eb vijojn\u00eb m\u00ebsimin student\u00ebt Shqip\u00ebtar\u00eb dhe Serb\u00eb n\u00eb gjuh\u00ebn e tyre amtare.<\/p>\n<p>,,Hapja e paraleles s\u00eb ndar\u00eb t\u00eb k\u00ebtyre fakulteteve n\u00eb Medvegj\u00eb paraqet nj\u00eb hap\u00eb strategjik e p\u00ebrpjekjes s\u00eb shtetit n\u00eb nxitjen e zhvillimit t\u00eb komunave\u2019\u2019, theksoi Cvetkoviq. Ai theksoi se me hapjen e k\u00ebtyre paraleleve, hapet edhe perspektiva p\u00ebr student\u00ebt q\u00eb t\u00eb m\u00ebsojn\u00eb dhe t\u00eb shkollohen n\u00eb baz\u00eb t\u00eb standardeve europiane si dhe t\u00eb jetojn\u00eb dhe punojn\u00eb n\u00eb vendlindjen e tyre. Kryeministri i Qeveris\u00eb s\u00eb Serbis\u00eb rikujtoi se n\u00eb Medvegj\u00eb Shqip\u00ebtar\u00ebt p\u00ebrb\u00ebjn\u00eb nj\u00eb t\u00eb kat\u00ebrt\u00ebn e popullat\u00ebs dhe se hapja e k\u00ebtij fakulteti \u00ebsht\u00eb \u00e7el\u00ebsi n\u00eb zgjidhjen e problemeve t\u00eb k\u00ebsaj komune, \u00ebsht\u00eb nj\u00eb hap q\u00eb do t\u00eb ndikoj\u00eb n\u00eb integrimin e Shqip\u00ebtar\u00ebve n\u00eb mjedis. Kryeministri rikujtoi se Presheva, Bujanoci dhe Medvegja p\u00ebrballen me migrimin e popullat\u00ebs, me infrastruktur\u00ebn jo t\u00eb plot\u00eb si dhe me papun\u00ebsi t\u00eb konsiderueshme dhe se q\u00ebllimi i Qeveris\u00eb \u00ebsht\u00eb q\u00eb t\u00eb p\u00ebrmir\u00ebsoj k\u00ebt\u00eb gjendje. Prioritet i Qeveris\u00eb \u00ebsht\u00eb investimi n\u00eb ekonomi, theksoi Kryeministri dhe p\u00ebrs\u00ebriti se pret q\u00eb p\u00ebrs\u00ebri t\u00eb filloj\u00eb pun\u00ebs miniera Leqe si dhe puna n\u00eb rekonstruimin e aktit rrugor\u00eb Leskoc-Medvegj\u00eb. Kryeministri Cvetkoviq lajm\u00ebroi edhe p\u00ebrpilimin e studios s\u00eb vizibilitetit mbi hapjen e shkollave t\u00eb ngjajshme n\u00eb Preshev\u00eb dhe Bujanoc.<\/p>\n<p>Kryetari i Trupit Koordinues p\u00ebr komunat Preshev\u00eb, Bujanoc dhe Medvegj\u00eb dhe minist\u00ebr i pushtetit lokal dhe i vet\u00ebqeverisjes lokale Milan Markoviq theksoi se hapja e paraleles s\u00eb ndar\u00eb t\u00eb fakultetit Ekonomik dhe Juridik b\u00eb Medvegj\u00eb \u00ebsht\u00eb edhe nj\u00eb d\u00ebshmi e q\u00ebllimeve t\u00eb Qerveris\u00eb s\u00eb Republik\u00ebs s\u00eb Serbis\u00eb q\u00eb n\u00eb Serbin\u00eb Jugore t\u00eb krijohen kushtet p\u00ebr nj\u00eb jet\u00eb m\u00eb t\u00eb mir\u00eb t\u00eb qytetar\u00ebve. Ministri Markoviq theksoi se k\u00ebto paralele nuk do t\u00eb ishin hapur pa partneritet me ministrin\u00eb e arsimit, pa vullnetin e Univerzitetit t\u00eb Nishit, ndihm\u00ebs finansiare t\u00eb Agjensionit Amerikan p\u00ebr zhvillim nd\u00ebrkomb\u00ebtar\u00eb (USAID) e cila ka siguruar p\u00ebrkthimin e librave n\u00eb gjuh\u00ebn shqipe, pa p\u00ebrkrahjen e OSBE-s\u00eb si dhe mundit t\u00eb madh t\u00eb p\u00ebrfaq\u00ebsuesve n\u00eb komun\u00ebn e Medvegj\u00ebs. Markoviq paralajm\u00ebroi s\u00eb shpejti edhe formimin e K\u00ebshillit Nacional t\u00eb Shqip\u00ebtar\u00ebve, gj\u00eb q\u00eb do t\u00eb jet\u00eb parakusht p\u00ebr jetes\u00eb t\u00eb p\u00ebrbashk\u00ebt n\u00eb k\u00ebto komuna multietnike. Ai potencoi se Qeveria ka nj\u00eb q\u00ebndrim unitar\u00eb kur \u00ebsht\u00eb fjala p\u00ebr politik\u00ebn q\u00eb udh\u00ebheqet ndaj Preshev\u00ebs, Bujanocit dhe Medvegj\u00ebs. Markoviq edhe k\u00ebt\u00eb her\u00eb p\u00ebrmendi se Beogradi nuk ka problem q\u00eb t\u00eb pranoj\u00eb diplomat e Univerzitetit t\u00eb Prishtin\u00ebs n\u00ebse n\u00eb ato diploma nuk potencohet statusi i Kosov\u00ebs. Ministri paralajm\u00ebroi edhe hapjen e zyreve t\u00eb p\u00ebrhershme t\u00eb ombudspersonit n\u00eb k\u00ebto tri qytete q\u00eb do t\u00eb ndikoj\u00eb n\u00eb mos manipulimin me t\u00eb drejtat e qytetar\u00ebve. Kryetari i Trupit Koordinues p\u00ebrkujtoi edhe nj\u00eb her\u00eb se Qeveria e serbis\u00eb p\u00ebr nd\u00ebrtimin e objekteve infrastrukturore n\u00eb Preshev\u00eb, Bujanoc dhe Medvegj\u00eb ka investuar 158 milion\u00eb dinar\u00eb dhe se deri n\u00eb fund\u00eb t\u00eb k\u00ebtij\u00eb viti \u00ebsht\u00eb parapar\u00eb investimi edhe i 68 milion\u00ebve, kurse k\u00ebto dit\u00eb ministria p\u00ebr PIN (Plani investiv nacional) ka lejuar mjete n\u00eb sum\u00eb prej 76 milion\u00eb dinar\u00ebsh p\u00ebr projekte n\u00eb k\u00ebto tri komuna.<\/p>\n<p>Indeksat e par\u00eb student\u00ebve t\u00eb k\u00ebtij fakulteti u dor\u00ebzoi Milan Markoviq dhe Zharko Koraq s\u00eb bashku me dekanin e fakultetit ekonomik t\u00eb Univerzitetit t\u00eb Nishit Evica Peroviq dhe koordinatorin e Fakultetit Juridik Zoran Qiriq. N\u00eb em\u00ebr t\u00eb 50 brucosh\u00ebve, nga t\u00eb cil\u00ebt 9 prej\u00a0 tyre do t\u00eb studjojn\u00eb n\u00eb gjuh\u00ebn shqipe, ju fal\u00ebnderuan Razije Jakupi dhe studenti i ekonomis\u00eb Rade Peroviq. Duke ju drejtuar t\u00eb pranishm\u00ebve n\u00eb amfitatrin e plot\u00eb me mysafir, Razije dhe Rade theksuan se kjo \u00ebsht\u00eb mund\u00ebsia e vetme q\u00eb t\u00eb studjojn\u00eb. P\u00ebrpos t\u00eb rinj\u00ebve nga Medvegja, n\u00eb k\u00ebto tri paralele jan\u00eb regjistruar edhe t\u00eb rinj\u00eb nga Lebane, Bojniku dhe Leskoci mir\u00ebpo edhe nga Beogradi. Nj\u00ebri nd\u00ebr ta \u00ebsht\u00eb Dejan Mladenoviq, prind\u00ebrit e t\u00eb cilit jan\u00eb t\u00eb lindur n\u00eb Medvegj\u00eb.<\/p>\n<p>\u2013 Erdha k\u00ebtu p\u00ebr arsye se n\u00eb Beograd nuk ka pasur vende p\u00ebr studjim me mjete buxhetore- theksoi Mladenoviq.<\/p>\n","protected":false},"excerpt":{"rendered":"<p>Kryeministri i Serbis\u00eb Mirko Cvetkoviq, n\u00eb pranin\u00eb e Kryetarit t\u00eb Trupit Koordinues p\u00ebr komunat Preshev\u00eb, Bujanoc dhe Medvegj\u00eb e nj\u00ebherit edhe minist\u00ebr i pushtetit lokal dhe vet\u00ebqeverisjes lokale Milan Markoviq, ministrit t\u00eb arsimit Zharko Obradoviq, z\u00ebvend\u00ebsambasadorit t\u00eb SHBA-s\u00eb Troy Peterson, ambasadorit t\u00eb OSBE-s\u00eb Dimitros Kipreos, p\u00ebrfaq\u00ebsuesit t\u00eb ambasad\u00ebs Greke, Austriake dhe Franceze, prorektorit, dekanit dhe profesor\u00ebve t\u00eb Univerzitetit t\u00eb Nishit, p\u00ebrfaq\u00ebsuesve t\u00eb regjioneve, komunave dhe qyteteve nga Serbia jugore dhe student\u00ebve, m\u00eb 12 tetor\u00eb n\u00eb Medvegj\u00eb hapi paralelen e ndar\u00eb t\u00eb fakultetit Ekonomik dhe Juridik t\u00eb Univerzitetit t\u00eb Nishit, n\u00eb t\u00eb cilin do t\u00eb vijojn\u00eb m\u00ebsimin student\u00ebt Shqip\u00ebtar\u00eb dhe Serb\u00eb n\u00eb gjuh\u00ebn e tyre amtare.<\/p>\n","protected":false},"author":1,"featured_media":143218,"comment_status":"closed","ping_status":"closed","sticky":false,"template":"","format":"standard","meta":{"footnotes":""},"categories":[55],"tags":[],"class_list":["post-143213","post","type-post","status-publish","format-standard","has-post-thumbnail","hentry","category-lajme"],"yoast_head":"<!-- This site is optimized with the Yoast SEO plugin v27.5 - https:\/\/yoast.com\/product\/yoast-seo-wordpress\/ -->\n<title>KRYMINISTRI MIRKO CVETKOVIQ HAPI FAKULTETIN N\u00cb MEDVEGJ\u00cb - Republika e S\u00ebrbis\u00eb Trupi Koordinues p\u00ebr komunat Bujanoc, Preshev\u00eb dhe Medvegj\u00eb<\/title>\n<meta name=\"robots\" content=\"index, follow, max-snippet:-1, max-image-preview:large, max-video-preview:-1\" \/>\n<link rel=\"canonical\" href=\"https:\/\/kt.gov.rs\/sq\/kryministri-mirko-cvetkoviq-hapi-fakultetin-ne-medvegje\/\" \/>\n<meta property=\"og:locale\" content=\"sq_AL\" \/>\n<meta property=\"og:type\" content=\"article\" \/>\n<meta property=\"og:title\" content=\"KRYMINISTRI MIRKO CVETKOVIQ HAPI FAKULTETIN N\u00cb MEDVEGJ\u00cb - Republika e S\u00ebrbis\u00eb Trupi Koordinues p\u00ebr komunat Bujanoc, Preshev\u00eb dhe Medvegj\u00eb\" \/>\n<meta property=\"og:description\" content=\"Kryeministri i Serbis\u00eb Mirko Cvetkoviq, n\u00eb pranin\u00eb e Kryetarit t\u00eb Trupit Koordinues p\u00ebr komunat Preshev\u00eb, Bujanoc dhe Medvegj\u00eb e nj\u00ebherit edhe minist\u00ebr i pushtetit lokal dhe vet\u00ebqeverisjes lokale Milan Markoviq, ministrit t\u00eb arsimit Zharko Obradoviq, z\u00ebvend\u00ebsambasadorit t\u00eb SHBA-s\u00eb Troy Peterson, ambasadorit t\u00eb OSBE-s\u00eb Dimitros Kipreos, p\u00ebrfaq\u00ebsuesit t\u00eb ambasad\u00ebs Greke, Austriake dhe Franceze, prorektorit, dekanit dhe profesor\u00ebve t\u00eb Univerzitetit t\u00eb Nishit, p\u00ebrfaq\u00ebsuesve t\u00eb regjioneve, komunave dhe qyteteve nga Serbia jugore dhe student\u00ebve, m\u00eb 12 tetor\u00eb n\u00eb Medvegj\u00eb hapi paralelen e ndar\u00eb t\u00eb fakultetit Ekonomik dhe Juridik t\u00eb Univerzitetit t\u00eb Nishit, n\u00eb t\u00eb cilin do t\u00eb vijojn\u00eb m\u00ebsimin student\u00ebt Shqip\u00ebtar\u00eb dhe Serb\u00eb n\u00eb gjuh\u00ebn e tyre amtare.\" \/>\n<meta property=\"og:url\" content=\"https:\/\/kt.gov.rs\/sq\/kryministri-mirko-cvetkoviq-hapi-fakultetin-ne-medvegje\/\" \/>\n<meta property=\"og:site_name\" content=\"Republika e S\u00ebrbis\u00eb Trupi Koordinues p\u00ebr komunat Bujanoc, Preshev\u00eb dhe Medvegj\u00eb\" \/>\n<meta property=\"article:publisher\" content=\"https:\/\/www.facebook.com\/SluzbaKoordinacionogTelaVladeRepublikeSrbije\" \/>\n<meta property=\"article:published_time\" content=\"2009-10-12T00:00:00+00:00\" \/>\n<meta property=\"article:modified_time\" content=\"2024-07-30T20:24:10+00:00\" \/>\n<meta property=\"og:image\" content=\"https:\/\/kt.gov.rs\/wp-content\/uploads\/2024\/07\/pic052vesti-5.jpg\" \/>\n\t<meta property=\"og:image:width\" content=\"250\" \/>\n\t<meta property=\"og:image:height\" content=\"180\" \/>\n\t<meta property=\"og:image:type\" content=\"image\/jpeg\" \/>\n<meta name=\"author\" content=\"ktmin\" \/>\n<meta name=\"twitter:card\" content=\"summary_large_image\" \/>\n<meta name=\"twitter:creator\" content=\"@kt_gov\" \/>\n<meta name=\"twitter:site\" content=\"@kt_gov\" \/>\n<meta name=\"twitter:label1\" content=\"Written by\" \/>\n\t<meta name=\"twitter:data1\" content=\"ktmin\" \/>\n\t<meta name=\"twitter:label2\" content=\"Est. reading time\" \/>\n\t<meta name=\"twitter:data2\" content=\"4 minutes\" \/>\n<script type=\"application\/ld+json\" class=\"yoast-schema-graph\">{\"@context\":\"https:\\\/\\\/schema.org\",\"@graph\":[{\"@type\":\"Article\",\"@id\":\"https:\\\/\\\/kt.gov.rs\\\/sq\\\/kryministri-mirko-cvetkoviq-hapi-fakultetin-ne-medvegje\\\/#article\",\"isPartOf\":{\"@id\":\"https:\\\/\\\/kt.gov.rs\\\/sq\\\/kryministri-mirko-cvetkoviq-hapi-fakultetin-ne-medvegje\\\/\"},\"author\":{\"name\":\"ktmin\",\"@id\":\"https:\\\/\\\/kt.gov.rs\\\/#\\\/schema\\\/person\\\/e426459ddb4173309103390602694571\"},\"headline\":\"KRYMINISTRI MIRKO CVETKOVIQ HAPI FAKULTETIN N\u00cb MEDVEGJ\u00cb\",\"datePublished\":\"2009-10-12T00:00:00+00:00\",\"dateModified\":\"2024-07-30T20:24:10+00:00\",\"mainEntityOfPage\":{\"@id\":\"https:\\\/\\\/kt.gov.rs\\\/sq\\\/kryministri-mirko-cvetkoviq-hapi-fakultetin-ne-medvegje\\\/\"},\"wordCount\":843,\"publisher\":{\"@id\":\"https:\\\/\\\/kt.gov.rs\\\/#organization\"},\"image\":{\"@id\":\"https:\\\/\\\/kt.gov.rs\\\/sq\\\/kryministri-mirko-cvetkoviq-hapi-fakultetin-ne-medvegje\\\/#primaryimage\"},\"thumbnailUrl\":\"https:\\\/\\\/kt.gov.rs\\\/wp-content\\\/uploads\\\/2024\\\/07\\\/pic052vesti-5.jpg\",\"articleSection\":[\"Lajme\"],\"inLanguage\":\"sq-AL\"},{\"@type\":\"WebPage\",\"@id\":\"https:\\\/\\\/kt.gov.rs\\\/sq\\\/kryministri-mirko-cvetkoviq-hapi-fakultetin-ne-medvegje\\\/\",\"url\":\"https:\\\/\\\/kt.gov.rs\\\/sq\\\/kryministri-mirko-cvetkoviq-hapi-fakultetin-ne-medvegje\\\/\",\"name\":\"KRYMINISTRI MIRKO CVETKOVIQ HAPI FAKULTETIN N\u00cb MEDVEGJ\u00cb - Republika e S\u00ebrbis\u00eb Trupi Koordinues p\u00ebr komunat Bujanoc, Preshev\u00eb dhe Medvegj\u00eb\",\"isPartOf\":{\"@id\":\"https:\\\/\\\/kt.gov.rs\\\/#website\"},\"primaryImageOfPage\":{\"@id\":\"https:\\\/\\\/kt.gov.rs\\\/sq\\\/kryministri-mirko-cvetkoviq-hapi-fakultetin-ne-medvegje\\\/#primaryimage\"},\"image\":{\"@id\":\"https:\\\/\\\/kt.gov.rs\\\/sq\\\/kryministri-mirko-cvetkoviq-hapi-fakultetin-ne-medvegje\\\/#primaryimage\"},\"thumbnailUrl\":\"https:\\\/\\\/kt.gov.rs\\\/wp-content\\\/uploads\\\/2024\\\/07\\\/pic052vesti-5.jpg\",\"datePublished\":\"2009-10-12T00:00:00+00:00\",\"dateModified\":\"2024-07-30T20:24:10+00:00\",\"breadcrumb\":{\"@id\":\"https:\\\/\\\/kt.gov.rs\\\/sq\\\/kryministri-mirko-cvetkoviq-hapi-fakultetin-ne-medvegje\\\/#breadcrumb\"},\"inLanguage\":\"sq-AL\",\"potentialAction\":[{\"@type\":\"ReadAction\",\"target\":[\"https:\\\/\\\/kt.gov.rs\\\/sq\\\/kryministri-mirko-cvetkoviq-hapi-fakultetin-ne-medvegje\\\/\"]}]},{\"@type\":\"ImageObject\",\"inLanguage\":\"sq-AL\",\"@id\":\"https:\\\/\\\/kt.gov.rs\\\/sq\\\/kryministri-mirko-cvetkoviq-hapi-fakultetin-ne-medvegje\\\/#primaryimage\",\"url\":\"https:\\\/\\\/kt.gov.rs\\\/wp-content\\\/uploads\\\/2024\\\/07\\\/pic052vesti-5.jpg\",\"contentUrl\":\"https:\\\/\\\/kt.gov.rs\\\/wp-content\\\/uploads\\\/2024\\\/07\\\/pic052vesti-5.jpg\",\"width\":250,\"height\":180},{\"@type\":\"BreadcrumbList\",\"@id\":\"https:\\\/\\\/kt.gov.rs\\\/sq\\\/kryministri-mirko-cvetkoviq-hapi-fakultetin-ne-medvegje\\\/#breadcrumb\",\"itemListElement\":[{\"@type\":\"ListItem\",\"position\":1,\"name\":\"\u041f\u043e\u0447\u0435\u0442\u043d\u0430\",\"item\":\"https:\\\/\\\/kt.gov.rs\\\/sq\\\/\"},{\"@type\":\"ListItem\",\"position\":2,\"name\":\"KRYMINISTRI MIRKO CVETKOVIQ HAPI FAKULTETIN N\u00cb MEDVEGJ\u00cb\"}]},{\"@type\":\"WebSite\",\"@id\":\"https:\\\/\\\/kt.gov.rs\\\/#website\",\"url\":\"https:\\\/\\\/kt.gov.rs\\\/\",\"name\":\"\u041a\u043e\u043e\u0440\u0434\u0438\u043d\u0430\u0446\u0438\u043e\u043d\u043e \u0442\u0435\u043b\u043e \u0412\u043b\u0430\u0434\u0435 \u0420\u0435\u043f\u0443\u0431\u043b\u0438\u043a\u0435 \u0421\u0440\u0431\u0438\u0458\u0435 \u0437\u0430 \u043e\u043f\u0448\u0442\u0438\u043d\u0435 \u041f\u0440\u0435\u0448\u0435\u0432\u043e, \u0411\u0443\u0458\u0430\u043d\u043e\u0432\u0430\u0446 \u0438 \u041c\u0435\u0434\u0432\u0435\u0452a\",\"description\":\"\",\"publisher\":{\"@id\":\"https:\\\/\\\/kt.gov.rs\\\/#organization\"},\"alternateName\":\"\u041a\u043e\u043e\u0440\u0434\u0438\u043d\u0430\u0446\u0438\u043e\u043d\u043e \u0442\u0435\u043b\u043e\",\"potentialAction\":[{\"@type\":\"SearchAction\",\"target\":{\"@type\":\"EntryPoint\",\"urlTemplate\":\"https:\\\/\\\/kt.gov.rs\\\/?s={search_term_string}\"},\"query-input\":{\"@type\":\"PropertyValueSpecification\",\"valueRequired\":true,\"valueName\":\"search_term_string\"}}],\"inLanguage\":\"sq-AL\"},{\"@type\":\"Organization\",\"@id\":\"https:\\\/\\\/kt.gov.rs\\\/#organization\",\"name\":\"\u041a\u043e\u043e\u0440\u0434\u0438\u043d\u0430\u0446\u0438\u043e\u043d\u043e \u0442\u0435\u043b\u043e \u0412\u043b\u0430\u0434\u0435 \u0420\u0435\u043f\u0443\u0431\u043b\u0438\u043a\u0435 \u0421\u0440\u0431\u0438\u0458\u0435 \u0437\u0430 \u043e\u043f\u0448\u0442\u0438\u043d\u0435 \u041f\u0440\u0435\u0448\u0435\u0432\u043e, \u0411\u0443\u0458\u0430\u043d\u043e\u0432\u0430\u0446 \u0438 \u041c\u0435\u0434\u0432\u0435\u0452a\",\"alternateName\":\"\u041a\u043e\u043e\u0440\u0434\u0438\u043d\u0430\u0446\u0438\u043e\u043d\u043e \u0442\u0435\u043b\u043e\",\"url\":\"https:\\\/\\\/kt.gov.rs\\\/\",\"logo\":{\"@type\":\"ImageObject\",\"inLanguage\":\"sq-AL\",\"@id\":\"https:\\\/\\\/kt.gov.rs\\\/#\\\/schema\\\/logo\\\/image\\\/\",\"url\":\"https:\\\/\\\/kt.gov.rs\\\/wp-content\\\/uploads\\\/2024\\\/12\\\/koord2.jpg\",\"contentUrl\":\"https:\\\/\\\/kt.gov.rs\\\/wp-content\\\/uploads\\\/2024\\\/12\\\/koord2.jpg\",\"width\":640,\"height\":480,\"caption\":\"\u041a\u043e\u043e\u0440\u0434\u0438\u043d\u0430\u0446\u0438\u043e\u043d\u043e \u0442\u0435\u043b\u043e \u0412\u043b\u0430\u0434\u0435 \u0420\u0435\u043f\u0443\u0431\u043b\u0438\u043a\u0435 \u0421\u0440\u0431\u0438\u0458\u0435 \u0437\u0430 \u043e\u043f\u0448\u0442\u0438\u043d\u0435 \u041f\u0440\u0435\u0448\u0435\u0432\u043e, \u0411\u0443\u0458\u0430\u043d\u043e\u0432\u0430\u0446 \u0438 \u041c\u0435\u0434\u0432\u0435\u0452a\"},\"image\":{\"@id\":\"https:\\\/\\\/kt.gov.rs\\\/#\\\/schema\\\/logo\\\/image\\\/\"},\"sameAs\":[\"https:\\\/\\\/www.facebook.com\\\/SluzbaKoordinacionogTelaVladeRepublikeSrbije\",\"https:\\\/\\\/x.com\\\/kt_gov\",\"https:\\\/\\\/www.youtube.com\\\/@koordinacionotelo\"]},{\"@type\":\"Person\",\"@id\":\"https:\\\/\\\/kt.gov.rs\\\/#\\\/schema\\\/person\\\/e426459ddb4173309103390602694571\",\"name\":\"ktmin\",\"image\":{\"@type\":\"ImageObject\",\"inLanguage\":\"sq-AL\",\"@id\":\"https:\\\/\\\/secure.gravatar.com\\\/avatar\\\/3985c961109853010c3fbc7ba30365bfba5db3dd6c525831d9c595c7525a615a?s=96&d=mm&r=g\",\"url\":\"https:\\\/\\\/secure.gravatar.com\\\/avatar\\\/3985c961109853010c3fbc7ba30365bfba5db3dd6c525831d9c595c7525a615a?s=96&d=mm&r=g\",\"contentUrl\":\"https:\\\/\\\/secure.gravatar.com\\\/avatar\\\/3985c961109853010c3fbc7ba30365bfba5db3dd6c525831d9c595c7525a615a?s=96&d=mm&r=g\",\"caption\":\"ktmin\"},\"sameAs\":[\"https:\\\/\\\/kt.gov.rs\"],\"url\":\"https:\\\/\\\/kt.gov.rs\\\/sq\\\/author\\\/ktmin\\\/\"}]}<\/script>\n<!-- \/ Yoast SEO plugin. -->","yoast_head_json":{"title":"KRYMINISTRI MIRKO CVETKOVIQ HAPI FAKULTETIN N\u00cb MEDVEGJ\u00cb - Republika e S\u00ebrbis\u00eb Trupi Koordinues p\u00ebr komunat Bujanoc, Preshev\u00eb dhe Medvegj\u00eb","robots":{"index":"index","follow":"follow","max-snippet":"max-snippet:-1","max-image-preview":"max-image-preview:large","max-video-preview":"max-video-preview:-1"},"canonical":"https:\/\/kt.gov.rs\/sq\/kryministri-mirko-cvetkoviq-hapi-fakultetin-ne-medvegje\/","og_locale":"sq_AL","og_type":"article","og_title":"KRYMINISTRI MIRKO CVETKOVIQ HAPI FAKULTETIN N\u00cb MEDVEGJ\u00cb - Republika e S\u00ebrbis\u00eb Trupi Koordinues p\u00ebr komunat Bujanoc, Preshev\u00eb dhe Medvegj\u00eb","og_description":"Kryeministri i Serbis\u00eb Mirko Cvetkoviq, n\u00eb pranin\u00eb e Kryetarit t\u00eb Trupit Koordinues p\u00ebr komunat Preshev\u00eb, Bujanoc dhe Medvegj\u00eb e nj\u00ebherit edhe minist\u00ebr i pushtetit lokal dhe vet\u00ebqeverisjes lokale Milan Markoviq, ministrit t\u00eb arsimit Zharko Obradoviq, z\u00ebvend\u00ebsambasadorit t\u00eb SHBA-s\u00eb Troy Peterson, ambasadorit t\u00eb OSBE-s\u00eb Dimitros Kipreos, p\u00ebrfaq\u00ebsuesit t\u00eb ambasad\u00ebs Greke, Austriake dhe Franceze, prorektorit, dekanit dhe profesor\u00ebve t\u00eb Univerzitetit t\u00eb Nishit, p\u00ebrfaq\u00ebsuesve t\u00eb regjioneve, komunave dhe qyteteve nga Serbia jugore dhe student\u00ebve, m\u00eb 12 tetor\u00eb n\u00eb Medvegj\u00eb hapi paralelen e ndar\u00eb t\u00eb fakultetit Ekonomik dhe Juridik t\u00eb Univerzitetit t\u00eb Nishit, n\u00eb t\u00eb cilin do t\u00eb vijojn\u00eb m\u00ebsimin student\u00ebt Shqip\u00ebtar\u00eb dhe Serb\u00eb n\u00eb gjuh\u00ebn e tyre amtare.","og_url":"https:\/\/kt.gov.rs\/sq\/kryministri-mirko-cvetkoviq-hapi-fakultetin-ne-medvegje\/","og_site_name":"Republika e S\u00ebrbis\u00eb Trupi Koordinues p\u00ebr komunat Bujanoc, Preshev\u00eb dhe Medvegj\u00eb","article_publisher":"https:\/\/www.facebook.com\/SluzbaKoordinacionogTelaVladeRepublikeSrbije","article_published_time":"2009-10-12T00:00:00+00:00","article_modified_time":"2024-07-30T20:24:10+00:00","og_image":[{"width":250,"height":180,"url":"https:\/\/kt.gov.rs\/wp-content\/uploads\/2024\/07\/pic052vesti-5.jpg","type":"image\/jpeg"}],"author":"ktmin","twitter_card":"summary_large_image","twitter_creator":"@kt_gov","twitter_site":"@kt_gov","twitter_misc":{"Written by":"ktmin","Est. reading time":"4 minutes"},"schema":{"@context":"https:\/\/schema.org","@graph":[{"@type":"Article","@id":"https:\/\/kt.gov.rs\/sq\/kryministri-mirko-cvetkoviq-hapi-fakultetin-ne-medvegje\/#article","isPartOf":{"@id":"https:\/\/kt.gov.rs\/sq\/kryministri-mirko-cvetkoviq-hapi-fakultetin-ne-medvegje\/"},"author":{"name":"ktmin","@id":"https:\/\/kt.gov.rs\/#\/schema\/person\/e426459ddb4173309103390602694571"},"headline":"KRYMINISTRI MIRKO CVETKOVIQ HAPI FAKULTETIN N\u00cb MEDVEGJ\u00cb","datePublished":"2009-10-12T00:00:00+00:00","dateModified":"2024-07-30T20:24:10+00:00","mainEntityOfPage":{"@id":"https:\/\/kt.gov.rs\/sq\/kryministri-mirko-cvetkoviq-hapi-fakultetin-ne-medvegje\/"},"wordCount":843,"publisher":{"@id":"https:\/\/kt.gov.rs\/#organization"},"image":{"@id":"https:\/\/kt.gov.rs\/sq\/kryministri-mirko-cvetkoviq-hapi-fakultetin-ne-medvegje\/#primaryimage"},"thumbnailUrl":"https:\/\/kt.gov.rs\/wp-content\/uploads\/2024\/07\/pic052vesti-5.jpg","articleSection":["Lajme"],"inLanguage":"sq-AL"},{"@type":"WebPage","@id":"https:\/\/kt.gov.rs\/sq\/kryministri-mirko-cvetkoviq-hapi-fakultetin-ne-medvegje\/","url":"https:\/\/kt.gov.rs\/sq\/kryministri-mirko-cvetkoviq-hapi-fakultetin-ne-medvegje\/","name":"KRYMINISTRI MIRKO CVETKOVIQ HAPI FAKULTETIN N\u00cb MEDVEGJ\u00cb - Republika e S\u00ebrbis\u00eb Trupi Koordinues p\u00ebr komunat Bujanoc, Preshev\u00eb dhe Medvegj\u00eb","isPartOf":{"@id":"https:\/\/kt.gov.rs\/#website"},"primaryImageOfPage":{"@id":"https:\/\/kt.gov.rs\/sq\/kryministri-mirko-cvetkoviq-hapi-fakultetin-ne-medvegje\/#primaryimage"},"image":{"@id":"https:\/\/kt.gov.rs\/sq\/kryministri-mirko-cvetkoviq-hapi-fakultetin-ne-medvegje\/#primaryimage"},"thumbnailUrl":"https:\/\/kt.gov.rs\/wp-content\/uploads\/2024\/07\/pic052vesti-5.jpg","datePublished":"2009-10-12T00:00:00+00:00","dateModified":"2024-07-30T20:24:10+00:00","breadcrumb":{"@id":"https:\/\/kt.gov.rs\/sq\/kryministri-mirko-cvetkoviq-hapi-fakultetin-ne-medvegje\/#breadcrumb"},"inLanguage":"sq-AL","potentialAction":[{"@type":"ReadAction","target":["https:\/\/kt.gov.rs\/sq\/kryministri-mirko-cvetkoviq-hapi-fakultetin-ne-medvegje\/"]}]},{"@type":"ImageObject","inLanguage":"sq-AL","@id":"https:\/\/kt.gov.rs\/sq\/kryministri-mirko-cvetkoviq-hapi-fakultetin-ne-medvegje\/#primaryimage","url":"https:\/\/kt.gov.rs\/wp-content\/uploads\/2024\/07\/pic052vesti-5.jpg","contentUrl":"https:\/\/kt.gov.rs\/wp-content\/uploads\/2024\/07\/pic052vesti-5.jpg","width":250,"height":180},{"@type":"BreadcrumbList","@id":"https:\/\/kt.gov.rs\/sq\/kryministri-mirko-cvetkoviq-hapi-fakultetin-ne-medvegje\/#breadcrumb","itemListElement":[{"@type":"ListItem","position":1,"name":"\u041f\u043e\u0447\u0435\u0442\u043d\u0430","item":"https:\/\/kt.gov.rs\/sq\/"},{"@type":"ListItem","position":2,"name":"KRYMINISTRI MIRKO CVETKOVIQ HAPI FAKULTETIN N\u00cb MEDVEGJ\u00cb"}]},{"@type":"WebSite","@id":"https:\/\/kt.gov.rs\/#website","url":"https:\/\/kt.gov.rs\/","name":"\u041a\u043e\u043e\u0440\u0434\u0438\u043d\u0430\u0446\u0438\u043e\u043d\u043e \u0442\u0435\u043b\u043e \u0412\u043b\u0430\u0434\u0435 \u0420\u0435\u043f\u0443\u0431\u043b\u0438\u043a\u0435 \u0421\u0440\u0431\u0438\u0458\u0435 \u0437\u0430 \u043e\u043f\u0448\u0442\u0438\u043d\u0435 \u041f\u0440\u0435\u0448\u0435\u0432\u043e, \u0411\u0443\u0458\u0430\u043d\u043e\u0432\u0430\u0446 \u0438 \u041c\u0435\u0434\u0432\u0435\u0452a","description":"","publisher":{"@id":"https:\/\/kt.gov.rs\/#organization"},"alternateName":"\u041a\u043e\u043e\u0440\u0434\u0438\u043d\u0430\u0446\u0438\u043e\u043d\u043e \u0442\u0435\u043b\u043e","potentialAction":[{"@type":"SearchAction","target":{"@type":"EntryPoint","urlTemplate":"https:\/\/kt.gov.rs\/?s={search_term_string}"},"query-input":{"@type":"PropertyValueSpecification","valueRequired":true,"valueName":"search_term_string"}}],"inLanguage":"sq-AL"},{"@type":"Organization","@id":"https:\/\/kt.gov.rs\/#organization","name":"\u041a\u043e\u043e\u0440\u0434\u0438\u043d\u0430\u0446\u0438\u043e\u043d\u043e \u0442\u0435\u043b\u043e \u0412\u043b\u0430\u0434\u0435 \u0420\u0435\u043f\u0443\u0431\u043b\u0438\u043a\u0435 \u0421\u0440\u0431\u0438\u0458\u0435 \u0437\u0430 \u043e\u043f\u0448\u0442\u0438\u043d\u0435 \u041f\u0440\u0435\u0448\u0435\u0432\u043e, \u0411\u0443\u0458\u0430\u043d\u043e\u0432\u0430\u0446 \u0438 \u041c\u0435\u0434\u0432\u0435\u0452a","alternateName":"\u041a\u043e\u043e\u0440\u0434\u0438\u043d\u0430\u0446\u0438\u043e\u043d\u043e \u0442\u0435\u043b\u043e","url":"https:\/\/kt.gov.rs\/","logo":{"@type":"ImageObject","inLanguage":"sq-AL","@id":"https:\/\/kt.gov.rs\/#\/schema\/logo\/image\/","url":"https:\/\/kt.gov.rs\/wp-content\/uploads\/2024\/12\/koord2.jpg","contentUrl":"https:\/\/kt.gov.rs\/wp-content\/uploads\/2024\/12\/koord2.jpg","width":640,"height":480,"caption":"\u041a\u043e\u043e\u0440\u0434\u0438\u043d\u0430\u0446\u0438\u043e\u043d\u043e \u0442\u0435\u043b\u043e \u0412\u043b\u0430\u0434\u0435 \u0420\u0435\u043f\u0443\u0431\u043b\u0438\u043a\u0435 \u0421\u0440\u0431\u0438\u0458\u0435 \u0437\u0430 \u043e\u043f\u0448\u0442\u0438\u043d\u0435 \u041f\u0440\u0435\u0448\u0435\u0432\u043e, \u0411\u0443\u0458\u0430\u043d\u043e\u0432\u0430\u0446 \u0438 \u041c\u0435\u0434\u0432\u0435\u0452a"},"image":{"@id":"https:\/\/kt.gov.rs\/#\/schema\/logo\/image\/"},"sameAs":["https:\/\/www.facebook.com\/SluzbaKoordinacionogTelaVladeRepublikeSrbije","https:\/\/x.com\/kt_gov","https:\/\/www.youtube.com\/@koordinacionotelo"]},{"@type":"Person","@id":"https:\/\/kt.gov.rs\/#\/schema\/person\/e426459ddb4173309103390602694571","name":"ktmin","image":{"@type":"ImageObject","inLanguage":"sq-AL","@id":"https:\/\/secure.gravatar.com\/avatar\/3985c961109853010c3fbc7ba30365bfba5db3dd6c525831d9c595c7525a615a?s=96&d=mm&r=g","url":"https:\/\/secure.gravatar.com\/avatar\/3985c961109853010c3fbc7ba30365bfba5db3dd6c525831d9c595c7525a615a?s=96&d=mm&r=g","contentUrl":"https:\/\/secure.gravatar.com\/avatar\/3985c961109853010c3fbc7ba30365bfba5db3dd6c525831d9c595c7525a615a?s=96&d=mm&r=g","caption":"ktmin"},"sameAs":["https:\/\/kt.gov.rs"],"url":"https:\/\/kt.gov.rs\/sq\/author\/ktmin\/"}]}},"_links":{"self":[{"href":"https:\/\/kt.gov.rs\/sq\/wp-json\/wp\/v2\/posts\/143213","targetHints":{"allow":["GET"]}}],"collection":[{"href":"https:\/\/kt.gov.rs\/sq\/wp-json\/wp\/v2\/posts"}],"about":[{"href":"https:\/\/kt.gov.rs\/sq\/wp-json\/wp\/v2\/types\/post"}],"author":[{"embeddable":true,"href":"https:\/\/kt.gov.rs\/sq\/wp-json\/wp\/v2\/users\/1"}],"replies":[{"embeddable":true,"href":"https:\/\/kt.gov.rs\/sq\/wp-json\/wp\/v2\/comments?post=143213"}],"version-history":[{"count":1,"href":"https:\/\/kt.gov.rs\/sq\/wp-json\/wp\/v2\/posts\/143213\/revisions"}],"predecessor-version":[{"id":143217,"href":"https:\/\/kt.gov.rs\/sq\/wp-json\/wp\/v2\/posts\/143213\/revisions\/143217"}],"wp:featuredmedia":[{"embeddable":true,"href":"https:\/\/kt.gov.rs\/sq\/wp-json\/wp\/v2\/media\/143218"}],"wp:attachment":[{"href":"https:\/\/kt.gov.rs\/sq\/wp-json\/wp\/v2\/media?parent=143213"}],"wp:term":[{"taxonomy":"category","embeddable":true,"href":"https:\/\/kt.gov.rs\/sq\/wp-json\/wp\/v2\/categories?post=143213"},{"taxonomy":"post_tag","embeddable":true,"href":"https:\/\/kt.gov.rs\/sq\/wp-json\/wp\/v2\/tags?post=143213"}],"curies":[{"name":"wp","href":"https:\/\/api.w.org\/{rel}","templated":true}]}}