{"id":143190,"date":"2009-11-09T00:00:00","date_gmt":"2009-11-09T00:00:00","guid":{"rendered":"http:\/\/kt.printandscreen.rs\/informim-per-mediat-vizita-e-nxenesve-te-shkollave-te-mesme-nga-presheva-bujanoci-dhe-medvegja-shtyhet-per-daten-18-nentore\/"},"modified":"2009-11-09T00:00:00","modified_gmt":"2009-11-09T00:00:00","slug":"informim-per-mediat-vizita-e-nxenesve-te-shkollave-te-mesme-nga-presheva-bujanoci-dhe-medvegja-shtyhet-per-daten-18-nentore","status":"publish","type":"post","link":"https:\/\/kt.gov.rs\/sq\/informim-per-mediat-vizita-e-nxenesve-te-shkollave-te-mesme-nga-presheva-bujanoci-dhe-medvegja-shtyhet-per-daten-18-nentore\/","title":{"rendered":"INFORMIM P\u00cbR MEDIAT \u2013 VIZITA E NX\u00cbN\u00cbSVE T\u00cb SHKOLLAVE T\u00cb MESME NGA PRESHEVA, BUJANOCI DHE MEDVEGJA SHTYHET P\u00cbR DAT\u00cbN 18 N\u00cbNTOR\u00cb"},"content":{"rendered":"<p>VIZITA E NX\u00cbN\u00cbSVE T\u00cb SHKOLLAVE T\u00cb MESME, BURSIST\u00cbVE T\u00cb TRUPIT KOORDINUES P\u00cbR KOMUNAT PRESHEV\u00cb, BUJANOC DHE MEDVEGJ\u00cb N\u00cb BEOGRAD P\u00cbR T\u00cb CIL\u00cbN JU KEMI LAJM\u00cbRUAR T\u00cb PREMTEN ME AN\u00cb T\u00cb INFORMAT\u00cbS Q\u00cb \u00cbSHT\u00cb PARAPAR\u00cb P\u00cbR NES\u00cbR M\u00cb 10 N\u00cbNTOR\u00cb, \u00cbSHT\u00cb SHTY P\u00cbR T\u00cb M\u00cbRKUR\u00cbN M\u00cb 18 N\u00cbNTOR\u00cb. KOHA DHE PROGRAMI I VIZIT\u00cbS DO T\u00cb MBETET I NJEJT\u00cb. JU LUTEMI Q\u00cb T\u00cb NA KUPTONI DHE K\u00cbRKOJM\u00cb NDJES\u00cb P\u00cbR K\u00cbT\u00cb RAST. P\u00cbR T\u00cb GJITHA DETAJET E VIZIT\u00cbS N\u00cb BEOGRAD NGA ANA E NX\u00cbN\u00cbSVE NGA SERBIA JUGORE DO T\u00cb INFORMOHENI ME KOH\u00cb.<\/p>\n<p>P\u00ebr informata m\u00eb t\u00eb holl\u00ebsishme Ju lutemi t\u00eb kontaktoni zot\u00ebri Nebojsha Arsiqin, Zyr\u00ebn e Trupit Koordinues n\u00eb tel:\u00a0 011 21 20 906 \/ 066 389 264 ose n\u00eb <a href=\"mailto:nebojsa.andric@kt.gov.rs\">nebojsa.andric@kt.gov.rs<\/a>.<\/p>\n","protected":false},"excerpt":{"rendered":"<p>VIZITA E NX\u00cbN\u00cbSVE T\u00cb SHKOLLAVE T\u00cb MESME, BURSIST\u00cbVE T\u00cb TRUPIT KOORDINUES P\u00cbR KOMUNAT PRESHEV\u00cb, BUJANOC DHE MEDVEGJ\u00cb N\u00cb BEOGRAD P\u00cbR T\u00cb CIL\u00cbN JU KEMI LAJM\u00cbRUAR T\u00cb PREMTEN ME AN\u00cb T\u00cb INFORMAT\u00cbS Q\u00cb \u00cbSHT\u00cb PARAPAR\u00cb P\u00cbR NES\u00cbR M\u00cb 10 N\u00cbNTOR\u00cb, \u00cbSHT\u00cb SHTY P\u00cbR T\u00cb M\u00cbRKUR\u00cbN M\u00cb 18 N\u00cbNTOR\u00cb. KOHA DHE PROGRAMI I VIZIT\u00cbS DO T\u00cb MBETET I NJEJT\u00cb. JU LUTEMI Q\u00cb T\u00cb NA KUPTONI DHE K\u00cbRKOJM\u00cb NDJES\u00cb P\u00cbR K\u00cbT\u00cb RAST. P\u00cbR T\u00cb GJITHA DETAJET E VIZIT\u00cbS N\u00cb BEOGRAD NGA ANA E NX\u00cbN\u00cbSVE NGA SERBIA JUGORE DO T\u00cb INFORMOHENI ME KOH\u00cb.<\/p>\n","protected":false},"author":1,"featured_media":0,"comment_status":"closed","ping_status":"closed","sticky":false,"template":"","format":"standard","meta":{"footnotes":""},"categories":[55],"tags":[],"class_list":["post-143190","post","type-post","status-publish","format-standard","hentry","category-lajme"],"yoast_head":"<!-- This site is optimized with the Yoast SEO plugin v27.4 - https:\/\/yoast.com\/product\/yoast-seo-wordpress\/ -->\n<title>INFORMIM P\u00cbR MEDIAT - VIZITA E NX\u00cbN\u00cbSVE T\u00cb SHKOLLAVE T\u00cb MESME NGA PRESHEVA, BUJANOCI DHE MEDVEGJA SHTYHET P\u00cbR DAT\u00cbN 18 N\u00cbNTOR\u00cb - Republika e S\u00ebrbis\u00eb Trupi Koordinues p\u00ebr komunat Bujanoc, Preshev\u00eb dhe Medvegj\u00eb<\/title>\n<meta name=\"robots\" content=\"index, follow, max-snippet:-1, max-image-preview:large, max-video-preview:-1\" \/>\n<link rel=\"canonical\" href=\"https:\/\/kt.gov.rs\/sq\/informim-per-mediat-vizita-e-nxenesve-te-shkollave-te-mesme-nga-presheva-bujanoci-dhe-medvegja-shtyhet-per-daten-18-nentore\/\" \/>\n<meta property=\"og:locale\" content=\"sq_AL\" \/>\n<meta property=\"og:type\" content=\"article\" \/>\n<meta property=\"og:title\" content=\"INFORMIM P\u00cbR MEDIAT - VIZITA E NX\u00cbN\u00cbSVE T\u00cb SHKOLLAVE T\u00cb MESME NGA PRESHEVA, BUJANOCI DHE MEDVEGJA SHTYHET P\u00cbR DAT\u00cbN 18 N\u00cbNTOR\u00cb - Republika e S\u00ebrbis\u00eb Trupi Koordinues p\u00ebr komunat Bujanoc, Preshev\u00eb dhe Medvegj\u00eb\" \/>\n<meta property=\"og:description\" content=\"VIZITA E NX\u00cbN\u00cbSVE T\u00cb SHKOLLAVE T\u00cb MESME, BURSIST\u00cbVE T\u00cb TRUPIT KOORDINUES P\u00cbR KOMUNAT PRESHEV\u00cb, BUJANOC DHE MEDVEGJ\u00cb N\u00cb BEOGRAD P\u00cbR T\u00cb CIL\u00cbN JU KEMI LAJM\u00cbRUAR T\u00cb PREMTEN ME AN\u00cb T\u00cb INFORMAT\u00cbS Q\u00cb \u00cbSHT\u00cb PARAPAR\u00cb P\u00cbR NES\u00cbR M\u00cb 10 N\u00cbNTOR\u00cb, \u00cbSHT\u00cb SHTY P\u00cbR T\u00cb M\u00cbRKUR\u00cbN M\u00cb 18 N\u00cbNTOR\u00cb. KOHA DHE PROGRAMI I VIZIT\u00cbS DO T\u00cb MBETET I NJEJT\u00cb. JU LUTEMI Q\u00cb T\u00cb NA KUPTONI DHE K\u00cbRKOJM\u00cb NDJES\u00cb P\u00cbR K\u00cbT\u00cb RAST. P\u00cbR T\u00cb GJITHA DETAJET E VIZIT\u00cbS N\u00cb BEOGRAD NGA ANA E NX\u00cbN\u00cbSVE NGA SERBIA JUGORE DO T\u00cb INFORMOHENI ME KOH\u00cb.\" \/>\n<meta property=\"og:url\" content=\"https:\/\/kt.gov.rs\/sq\/informim-per-mediat-vizita-e-nxenesve-te-shkollave-te-mesme-nga-presheva-bujanoci-dhe-medvegja-shtyhet-per-daten-18-nentore\/\" \/>\n<meta property=\"og:site_name\" content=\"Republika e S\u00ebrbis\u00eb Trupi Koordinues p\u00ebr komunat Bujanoc, Preshev\u00eb dhe Medvegj\u00eb\" \/>\n<meta property=\"article:publisher\" content=\"https:\/\/www.facebook.com\/SluzbaKoordinacionogTelaVladeRepublikeSrbije\" \/>\n<meta property=\"article:published_time\" content=\"2009-11-09T00:00:00+00:00\" \/>\n<meta name=\"author\" content=\"ktmin\" \/>\n<meta name=\"twitter:card\" content=\"summary_large_image\" \/>\n<meta name=\"twitter:creator\" content=\"@kt_gov\" \/>\n<meta name=\"twitter:site\" content=\"@kt_gov\" \/>\n<meta name=\"twitter:label1\" content=\"Written by\" \/>\n\t<meta name=\"twitter:data1\" content=\"ktmin\" \/>\n\t<meta name=\"twitter:label2\" content=\"Est. reading time\" \/>\n\t<meta name=\"twitter:data2\" content=\"1 minute\" \/>\n<script type=\"application\/ld+json\" class=\"yoast-schema-graph\">{\"@context\":\"https:\\\/\\\/schema.org\",\"@graph\":[{\"@type\":\"Article\",\"@id\":\"https:\\\/\\\/kt.gov.rs\\\/sq\\\/informim-per-mediat-vizita-e-nxenesve-te-shkollave-te-mesme-nga-presheva-bujanoci-dhe-medvegja-shtyhet-per-daten-18-nentore\\\/#article\",\"isPartOf\":{\"@id\":\"https:\\\/\\\/kt.gov.rs\\\/sq\\\/informim-per-mediat-vizita-e-nxenesve-te-shkollave-te-mesme-nga-presheva-bujanoci-dhe-medvegja-shtyhet-per-daten-18-nentore\\\/\"},\"author\":{\"name\":\"ktmin\",\"@id\":\"https:\\\/\\\/kt.gov.rs\\\/#\\\/schema\\\/person\\\/e426459ddb4173309103390602694571\"},\"headline\":\"INFORMIM P\u00cbR MEDIAT \u2013 VIZITA E NX\u00cbN\u00cbSVE T\u00cb SHKOLLAVE T\u00cb MESME NGA PRESHEVA, BUJANOCI DHE MEDVEGJA SHTYHET P\u00cbR DAT\u00cbN 18 N\u00cbNTOR\u00cb\",\"datePublished\":\"2009-11-09T00:00:00+00:00\",\"mainEntityOfPage\":{\"@id\":\"https:\\\/\\\/kt.gov.rs\\\/sq\\\/informim-per-mediat-vizita-e-nxenesve-te-shkollave-te-mesme-nga-presheva-bujanoci-dhe-medvegja-shtyhet-per-daten-18-nentore\\\/\"},\"wordCount\":166,\"publisher\":{\"@id\":\"https:\\\/\\\/kt.gov.rs\\\/#organization\"},\"articleSection\":[\"Lajme\"],\"inLanguage\":\"sq-AL\"},{\"@type\":\"WebPage\",\"@id\":\"https:\\\/\\\/kt.gov.rs\\\/sq\\\/informim-per-mediat-vizita-e-nxenesve-te-shkollave-te-mesme-nga-presheva-bujanoci-dhe-medvegja-shtyhet-per-daten-18-nentore\\\/\",\"url\":\"https:\\\/\\\/kt.gov.rs\\\/sq\\\/informim-per-mediat-vizita-e-nxenesve-te-shkollave-te-mesme-nga-presheva-bujanoci-dhe-medvegja-shtyhet-per-daten-18-nentore\\\/\",\"name\":\"INFORMIM P\u00cbR MEDIAT - VIZITA E NX\u00cbN\u00cbSVE T\u00cb SHKOLLAVE T\u00cb MESME NGA PRESHEVA, BUJANOCI DHE MEDVEGJA SHTYHET P\u00cbR DAT\u00cbN 18 N\u00cbNTOR\u00cb - Republika e S\u00ebrbis\u00eb Trupi Koordinues p\u00ebr komunat Bujanoc, Preshev\u00eb dhe Medvegj\u00eb\",\"isPartOf\":{\"@id\":\"https:\\\/\\\/kt.gov.rs\\\/#website\"},\"datePublished\":\"2009-11-09T00:00:00+00:00\",\"breadcrumb\":{\"@id\":\"https:\\\/\\\/kt.gov.rs\\\/sq\\\/informim-per-mediat-vizita-e-nxenesve-te-shkollave-te-mesme-nga-presheva-bujanoci-dhe-medvegja-shtyhet-per-daten-18-nentore\\\/#breadcrumb\"},\"inLanguage\":\"sq-AL\",\"potentialAction\":[{\"@type\":\"ReadAction\",\"target\":[\"https:\\\/\\\/kt.gov.rs\\\/sq\\\/informim-per-mediat-vizita-e-nxenesve-te-shkollave-te-mesme-nga-presheva-bujanoci-dhe-medvegja-shtyhet-per-daten-18-nentore\\\/\"]}]},{\"@type\":\"BreadcrumbList\",\"@id\":\"https:\\\/\\\/kt.gov.rs\\\/sq\\\/informim-per-mediat-vizita-e-nxenesve-te-shkollave-te-mesme-nga-presheva-bujanoci-dhe-medvegja-shtyhet-per-daten-18-nentore\\\/#breadcrumb\",\"itemListElement\":[{\"@type\":\"ListItem\",\"position\":1,\"name\":\"\u041f\u043e\u0447\u0435\u0442\u043d\u0430\",\"item\":\"https:\\\/\\\/kt.gov.rs\\\/sq\\\/\"},{\"@type\":\"ListItem\",\"position\":2,\"name\":\"INFORMIM P\u00cbR MEDIAT \u2013 VIZITA E NX\u00cbN\u00cbSVE T\u00cb SHKOLLAVE T\u00cb MESME NGA PRESHEVA, BUJANOCI DHE MEDVEGJA SHTYHET P\u00cbR DAT\u00cbN 18 N\u00cbNTOR\u00cb\"}]},{\"@type\":\"WebSite\",\"@id\":\"https:\\\/\\\/kt.gov.rs\\\/#website\",\"url\":\"https:\\\/\\\/kt.gov.rs\\\/\",\"name\":\"\u041a\u043e\u043e\u0440\u0434\u0438\u043d\u0430\u0446\u0438\u043e\u043d\u043e \u0442\u0435\u043b\u043e \u0412\u043b\u0430\u0434\u0435 \u0420\u0435\u043f\u0443\u0431\u043b\u0438\u043a\u0435 \u0421\u0440\u0431\u0438\u0458\u0435 \u0437\u0430 \u043e\u043f\u0448\u0442\u0438\u043d\u0435 \u041f\u0440\u0435\u0448\u0435\u0432\u043e, \u0411\u0443\u0458\u0430\u043d\u043e\u0432\u0430\u0446 \u0438 \u041c\u0435\u0434\u0432\u0435\u0452a\",\"description\":\"\",\"publisher\":{\"@id\":\"https:\\\/\\\/kt.gov.rs\\\/#organization\"},\"alternateName\":\"\u041a\u043e\u043e\u0440\u0434\u0438\u043d\u0430\u0446\u0438\u043e\u043d\u043e \u0442\u0435\u043b\u043e\",\"potentialAction\":[{\"@type\":\"SearchAction\",\"target\":{\"@type\":\"EntryPoint\",\"urlTemplate\":\"https:\\\/\\\/kt.gov.rs\\\/?s={search_term_string}\"},\"query-input\":{\"@type\":\"PropertyValueSpecification\",\"valueRequired\":true,\"valueName\":\"search_term_string\"}}],\"inLanguage\":\"sq-AL\"},{\"@type\":\"Organization\",\"@id\":\"https:\\\/\\\/kt.gov.rs\\\/#organization\",\"name\":\"\u041a\u043e\u043e\u0440\u0434\u0438\u043d\u0430\u0446\u0438\u043e\u043d\u043e \u0442\u0435\u043b\u043e \u0412\u043b\u0430\u0434\u0435 \u0420\u0435\u043f\u0443\u0431\u043b\u0438\u043a\u0435 \u0421\u0440\u0431\u0438\u0458\u0435 \u0437\u0430 \u043e\u043f\u0448\u0442\u0438\u043d\u0435 \u041f\u0440\u0435\u0448\u0435\u0432\u043e, \u0411\u0443\u0458\u0430\u043d\u043e\u0432\u0430\u0446 \u0438 \u041c\u0435\u0434\u0432\u0435\u0452a\",\"alternateName\":\"\u041a\u043e\u043e\u0440\u0434\u0438\u043d\u0430\u0446\u0438\u043e\u043d\u043e \u0442\u0435\u043b\u043e\",\"url\":\"https:\\\/\\\/kt.gov.rs\\\/\",\"logo\":{\"@type\":\"ImageObject\",\"inLanguage\":\"sq-AL\",\"@id\":\"https:\\\/\\\/kt.gov.rs\\\/#\\\/schema\\\/logo\\\/image\\\/\",\"url\":\"https:\\\/\\\/kt.gov.rs\\\/wp-content\\\/uploads\\\/2024\\\/12\\\/koord2.jpg\",\"contentUrl\":\"https:\\\/\\\/kt.gov.rs\\\/wp-content\\\/uploads\\\/2024\\\/12\\\/koord2.jpg\",\"width\":640,\"height\":480,\"caption\":\"\u041a\u043e\u043e\u0440\u0434\u0438\u043d\u0430\u0446\u0438\u043e\u043d\u043e \u0442\u0435\u043b\u043e \u0412\u043b\u0430\u0434\u0435 \u0420\u0435\u043f\u0443\u0431\u043b\u0438\u043a\u0435 \u0421\u0440\u0431\u0438\u0458\u0435 \u0437\u0430 \u043e\u043f\u0448\u0442\u0438\u043d\u0435 \u041f\u0440\u0435\u0448\u0435\u0432\u043e, \u0411\u0443\u0458\u0430\u043d\u043e\u0432\u0430\u0446 \u0438 \u041c\u0435\u0434\u0432\u0435\u0452a\"},\"image\":{\"@id\":\"https:\\\/\\\/kt.gov.rs\\\/#\\\/schema\\\/logo\\\/image\\\/\"},\"sameAs\":[\"https:\\\/\\\/www.facebook.com\\\/SluzbaKoordinacionogTelaVladeRepublikeSrbije\",\"https:\\\/\\\/x.com\\\/kt_gov\",\"https:\\\/\\\/www.youtube.com\\\/@koordinacionotelo\"]},{\"@type\":\"Person\",\"@id\":\"https:\\\/\\\/kt.gov.rs\\\/#\\\/schema\\\/person\\\/e426459ddb4173309103390602694571\",\"name\":\"ktmin\",\"image\":{\"@type\":\"ImageObject\",\"inLanguage\":\"sq-AL\",\"@id\":\"https:\\\/\\\/secure.gravatar.com\\\/avatar\\\/3985c961109853010c3fbc7ba30365bfba5db3dd6c525831d9c595c7525a615a?s=96&d=mm&r=g\",\"url\":\"https:\\\/\\\/secure.gravatar.com\\\/avatar\\\/3985c961109853010c3fbc7ba30365bfba5db3dd6c525831d9c595c7525a615a?s=96&d=mm&r=g\",\"contentUrl\":\"https:\\\/\\\/secure.gravatar.com\\\/avatar\\\/3985c961109853010c3fbc7ba30365bfba5db3dd6c525831d9c595c7525a615a?s=96&d=mm&r=g\",\"caption\":\"ktmin\"},\"sameAs\":[\"https:\\\/\\\/kt.gov.rs\"],\"url\":\"https:\\\/\\\/kt.gov.rs\\\/sq\\\/author\\\/ktmin\\\/\"}]}<\/script>\n<!-- \/ Yoast SEO plugin. -->","yoast_head_json":{"title":"INFORMIM P\u00cbR MEDIAT - VIZITA E NX\u00cbN\u00cbSVE T\u00cb SHKOLLAVE T\u00cb MESME NGA PRESHEVA, BUJANOCI DHE MEDVEGJA SHTYHET P\u00cbR DAT\u00cbN 18 N\u00cbNTOR\u00cb - Republika e S\u00ebrbis\u00eb Trupi Koordinues p\u00ebr komunat Bujanoc, Preshev\u00eb dhe Medvegj\u00eb","robots":{"index":"index","follow":"follow","max-snippet":"max-snippet:-1","max-image-preview":"max-image-preview:large","max-video-preview":"max-video-preview:-1"},"canonical":"https:\/\/kt.gov.rs\/sq\/informim-per-mediat-vizita-e-nxenesve-te-shkollave-te-mesme-nga-presheva-bujanoci-dhe-medvegja-shtyhet-per-daten-18-nentore\/","og_locale":"sq_AL","og_type":"article","og_title":"INFORMIM P\u00cbR MEDIAT - VIZITA E NX\u00cbN\u00cbSVE T\u00cb SHKOLLAVE T\u00cb MESME NGA PRESHEVA, BUJANOCI DHE MEDVEGJA SHTYHET P\u00cbR DAT\u00cbN 18 N\u00cbNTOR\u00cb - Republika e S\u00ebrbis\u00eb Trupi Koordinues p\u00ebr komunat Bujanoc, Preshev\u00eb dhe Medvegj\u00eb","og_description":"VIZITA E NX\u00cbN\u00cbSVE T\u00cb SHKOLLAVE T\u00cb MESME, BURSIST\u00cbVE T\u00cb TRUPIT KOORDINUES P\u00cbR KOMUNAT PRESHEV\u00cb, BUJANOC DHE MEDVEGJ\u00cb N\u00cb BEOGRAD P\u00cbR T\u00cb CIL\u00cbN JU KEMI LAJM\u00cbRUAR T\u00cb PREMTEN ME AN\u00cb T\u00cb INFORMAT\u00cbS Q\u00cb \u00cbSHT\u00cb PARAPAR\u00cb P\u00cbR NES\u00cbR M\u00cb 10 N\u00cbNTOR\u00cb, \u00cbSHT\u00cb SHTY P\u00cbR T\u00cb M\u00cbRKUR\u00cbN M\u00cb 18 N\u00cbNTOR\u00cb. KOHA DHE PROGRAMI I VIZIT\u00cbS DO T\u00cb MBETET I NJEJT\u00cb. JU LUTEMI Q\u00cb T\u00cb NA KUPTONI DHE K\u00cbRKOJM\u00cb NDJES\u00cb P\u00cbR K\u00cbT\u00cb RAST. P\u00cbR T\u00cb GJITHA DETAJET E VIZIT\u00cbS N\u00cb BEOGRAD NGA ANA E NX\u00cbN\u00cbSVE NGA SERBIA JUGORE DO T\u00cb INFORMOHENI ME KOH\u00cb.","og_url":"https:\/\/kt.gov.rs\/sq\/informim-per-mediat-vizita-e-nxenesve-te-shkollave-te-mesme-nga-presheva-bujanoci-dhe-medvegja-shtyhet-per-daten-18-nentore\/","og_site_name":"Republika e S\u00ebrbis\u00eb Trupi Koordinues p\u00ebr komunat Bujanoc, Preshev\u00eb dhe Medvegj\u00eb","article_publisher":"https:\/\/www.facebook.com\/SluzbaKoordinacionogTelaVladeRepublikeSrbije","article_published_time":"2009-11-09T00:00:00+00:00","author":"ktmin","twitter_card":"summary_large_image","twitter_creator":"@kt_gov","twitter_site":"@kt_gov","twitter_misc":{"Written by":"ktmin","Est. reading time":"1 minute"},"schema":{"@context":"https:\/\/schema.org","@graph":[{"@type":"Article","@id":"https:\/\/kt.gov.rs\/sq\/informim-per-mediat-vizita-e-nxenesve-te-shkollave-te-mesme-nga-presheva-bujanoci-dhe-medvegja-shtyhet-per-daten-18-nentore\/#article","isPartOf":{"@id":"https:\/\/kt.gov.rs\/sq\/informim-per-mediat-vizita-e-nxenesve-te-shkollave-te-mesme-nga-presheva-bujanoci-dhe-medvegja-shtyhet-per-daten-18-nentore\/"},"author":{"name":"ktmin","@id":"https:\/\/kt.gov.rs\/#\/schema\/person\/e426459ddb4173309103390602694571"},"headline":"INFORMIM P\u00cbR MEDIAT \u2013 VIZITA E NX\u00cbN\u00cbSVE T\u00cb SHKOLLAVE T\u00cb MESME NGA PRESHEVA, BUJANOCI DHE MEDVEGJA SHTYHET P\u00cbR DAT\u00cbN 18 N\u00cbNTOR\u00cb","datePublished":"2009-11-09T00:00:00+00:00","mainEntityOfPage":{"@id":"https:\/\/kt.gov.rs\/sq\/informim-per-mediat-vizita-e-nxenesve-te-shkollave-te-mesme-nga-presheva-bujanoci-dhe-medvegja-shtyhet-per-daten-18-nentore\/"},"wordCount":166,"publisher":{"@id":"https:\/\/kt.gov.rs\/#organization"},"articleSection":["Lajme"],"inLanguage":"sq-AL"},{"@type":"WebPage","@id":"https:\/\/kt.gov.rs\/sq\/informim-per-mediat-vizita-e-nxenesve-te-shkollave-te-mesme-nga-presheva-bujanoci-dhe-medvegja-shtyhet-per-daten-18-nentore\/","url":"https:\/\/kt.gov.rs\/sq\/informim-per-mediat-vizita-e-nxenesve-te-shkollave-te-mesme-nga-presheva-bujanoci-dhe-medvegja-shtyhet-per-daten-18-nentore\/","name":"INFORMIM P\u00cbR MEDIAT - VIZITA E NX\u00cbN\u00cbSVE T\u00cb SHKOLLAVE T\u00cb MESME NGA PRESHEVA, BUJANOCI DHE MEDVEGJA SHTYHET P\u00cbR DAT\u00cbN 18 N\u00cbNTOR\u00cb - Republika e S\u00ebrbis\u00eb Trupi Koordinues p\u00ebr komunat Bujanoc, Preshev\u00eb dhe Medvegj\u00eb","isPartOf":{"@id":"https:\/\/kt.gov.rs\/#website"},"datePublished":"2009-11-09T00:00:00+00:00","breadcrumb":{"@id":"https:\/\/kt.gov.rs\/sq\/informim-per-mediat-vizita-e-nxenesve-te-shkollave-te-mesme-nga-presheva-bujanoci-dhe-medvegja-shtyhet-per-daten-18-nentore\/#breadcrumb"},"inLanguage":"sq-AL","potentialAction":[{"@type":"ReadAction","target":["https:\/\/kt.gov.rs\/sq\/informim-per-mediat-vizita-e-nxenesve-te-shkollave-te-mesme-nga-presheva-bujanoci-dhe-medvegja-shtyhet-per-daten-18-nentore\/"]}]},{"@type":"BreadcrumbList","@id":"https:\/\/kt.gov.rs\/sq\/informim-per-mediat-vizita-e-nxenesve-te-shkollave-te-mesme-nga-presheva-bujanoci-dhe-medvegja-shtyhet-per-daten-18-nentore\/#breadcrumb","itemListElement":[{"@type":"ListItem","position":1,"name":"\u041f\u043e\u0447\u0435\u0442\u043d\u0430","item":"https:\/\/kt.gov.rs\/sq\/"},{"@type":"ListItem","position":2,"name":"INFORMIM P\u00cbR MEDIAT \u2013 VIZITA E NX\u00cbN\u00cbSVE T\u00cb SHKOLLAVE T\u00cb MESME NGA PRESHEVA, BUJANOCI DHE MEDVEGJA SHTYHET P\u00cbR DAT\u00cbN 18 N\u00cbNTOR\u00cb"}]},{"@type":"WebSite","@id":"https:\/\/kt.gov.rs\/#website","url":"https:\/\/kt.gov.rs\/","name":"\u041a\u043e\u043e\u0440\u0434\u0438\u043d\u0430\u0446\u0438\u043e\u043d\u043e \u0442\u0435\u043b\u043e \u0412\u043b\u0430\u0434\u0435 \u0420\u0435\u043f\u0443\u0431\u043b\u0438\u043a\u0435 \u0421\u0440\u0431\u0438\u0458\u0435 \u0437\u0430 \u043e\u043f\u0448\u0442\u0438\u043d\u0435 \u041f\u0440\u0435\u0448\u0435\u0432\u043e, \u0411\u0443\u0458\u0430\u043d\u043e\u0432\u0430\u0446 \u0438 \u041c\u0435\u0434\u0432\u0435\u0452a","description":"","publisher":{"@id":"https:\/\/kt.gov.rs\/#organization"},"alternateName":"\u041a\u043e\u043e\u0440\u0434\u0438\u043d\u0430\u0446\u0438\u043e\u043d\u043e \u0442\u0435\u043b\u043e","potentialAction":[{"@type":"SearchAction","target":{"@type":"EntryPoint","urlTemplate":"https:\/\/kt.gov.rs\/?s={search_term_string}"},"query-input":{"@type":"PropertyValueSpecification","valueRequired":true,"valueName":"search_term_string"}}],"inLanguage":"sq-AL"},{"@type":"Organization","@id":"https:\/\/kt.gov.rs\/#organization","name":"\u041a\u043e\u043e\u0440\u0434\u0438\u043d\u0430\u0446\u0438\u043e\u043d\u043e \u0442\u0435\u043b\u043e \u0412\u043b\u0430\u0434\u0435 \u0420\u0435\u043f\u0443\u0431\u043b\u0438\u043a\u0435 \u0421\u0440\u0431\u0438\u0458\u0435 \u0437\u0430 \u043e\u043f\u0448\u0442\u0438\u043d\u0435 \u041f\u0440\u0435\u0448\u0435\u0432\u043e, \u0411\u0443\u0458\u0430\u043d\u043e\u0432\u0430\u0446 \u0438 \u041c\u0435\u0434\u0432\u0435\u0452a","alternateName":"\u041a\u043e\u043e\u0440\u0434\u0438\u043d\u0430\u0446\u0438\u043e\u043d\u043e \u0442\u0435\u043b\u043e","url":"https:\/\/kt.gov.rs\/","logo":{"@type":"ImageObject","inLanguage":"sq-AL","@id":"https:\/\/kt.gov.rs\/#\/schema\/logo\/image\/","url":"https:\/\/kt.gov.rs\/wp-content\/uploads\/2024\/12\/koord2.jpg","contentUrl":"https:\/\/kt.gov.rs\/wp-content\/uploads\/2024\/12\/koord2.jpg","width":640,"height":480,"caption":"\u041a\u043e\u043e\u0440\u0434\u0438\u043d\u0430\u0446\u0438\u043e\u043d\u043e \u0442\u0435\u043b\u043e \u0412\u043b\u0430\u0434\u0435 \u0420\u0435\u043f\u0443\u0431\u043b\u0438\u043a\u0435 \u0421\u0440\u0431\u0438\u0458\u0435 \u0437\u0430 \u043e\u043f\u0448\u0442\u0438\u043d\u0435 \u041f\u0440\u0435\u0448\u0435\u0432\u043e, \u0411\u0443\u0458\u0430\u043d\u043e\u0432\u0430\u0446 \u0438 \u041c\u0435\u0434\u0432\u0435\u0452a"},"image":{"@id":"https:\/\/kt.gov.rs\/#\/schema\/logo\/image\/"},"sameAs":["https:\/\/www.facebook.com\/SluzbaKoordinacionogTelaVladeRepublikeSrbije","https:\/\/x.com\/kt_gov","https:\/\/www.youtube.com\/@koordinacionotelo"]},{"@type":"Person","@id":"https:\/\/kt.gov.rs\/#\/schema\/person\/e426459ddb4173309103390602694571","name":"ktmin","image":{"@type":"ImageObject","inLanguage":"sq-AL","@id":"https:\/\/secure.gravatar.com\/avatar\/3985c961109853010c3fbc7ba30365bfba5db3dd6c525831d9c595c7525a615a?s=96&d=mm&r=g","url":"https:\/\/secure.gravatar.com\/avatar\/3985c961109853010c3fbc7ba30365bfba5db3dd6c525831d9c595c7525a615a?s=96&d=mm&r=g","contentUrl":"https:\/\/secure.gravatar.com\/avatar\/3985c961109853010c3fbc7ba30365bfba5db3dd6c525831d9c595c7525a615a?s=96&d=mm&r=g","caption":"ktmin"},"sameAs":["https:\/\/kt.gov.rs"],"url":"https:\/\/kt.gov.rs\/sq\/author\/ktmin\/"}]}},"_links":{"self":[{"href":"https:\/\/kt.gov.rs\/sq\/wp-json\/wp\/v2\/posts\/143190","targetHints":{"allow":["GET"]}}],"collection":[{"href":"https:\/\/kt.gov.rs\/sq\/wp-json\/wp\/v2\/posts"}],"about":[{"href":"https:\/\/kt.gov.rs\/sq\/wp-json\/wp\/v2\/types\/post"}],"author":[{"embeddable":true,"href":"https:\/\/kt.gov.rs\/sq\/wp-json\/wp\/v2\/users\/1"}],"replies":[{"embeddable":true,"href":"https:\/\/kt.gov.rs\/sq\/wp-json\/wp\/v2\/comments?post=143190"}],"version-history":[{"count":0,"href":"https:\/\/kt.gov.rs\/sq\/wp-json\/wp\/v2\/posts\/143190\/revisions"}],"wp:attachment":[{"href":"https:\/\/kt.gov.rs\/sq\/wp-json\/wp\/v2\/media?parent=143190"}],"wp:term":[{"taxonomy":"category","embeddable":true,"href":"https:\/\/kt.gov.rs\/sq\/wp-json\/wp\/v2\/categories?post=143190"},{"taxonomy":"post_tag","embeddable":true,"href":"https:\/\/kt.gov.rs\/sq\/wp-json\/wp\/v2\/tags?post=143190"}],"curies":[{"name":"wp","href":"https:\/\/api.w.org\/{rel}","templated":true}]}}