{"id":143189,"date":"2009-11-06T00:00:00","date_gmt":"2009-11-06T00:00:00","guid":{"rendered":"http:\/\/kt.printandscreen.rs\/bursistet-e-trupit-koordinues-nga-presheva-bujanoci-dhe-medvegja-ne-beograd\/"},"modified":"2009-11-06T00:00:00","modified_gmt":"2009-11-06T00:00:00","slug":"bursistet-e-trupit-koordinues-nga-presheva-bujanoci-dhe-medvegja-ne-beograd","status":"publish","type":"post","link":"https:\/\/kt.gov.rs\/sq\/bursistet-e-trupit-koordinues-nga-presheva-bujanoci-dhe-medvegja-ne-beograd\/","title":{"rendered":"BURSIST\u00cbT E TRUPIT KOORDINUES NGA PRESHEVA, BUJANOCI DHE MEDVEGJA N\u00cb BEOGRAD"},"content":{"rendered":"<p><strong>BEOGRAD<\/strong> \u2013 E Mart\u00eb, 10. n\u00ebntor\u00eb, 152 nx\u00ebn\u00ebs t\u00eb shkollave t\u00eb mesme nga Presheva, Bujanoci dhe Medvegja t\u00eb cil\u00ebt kan\u00eb fituar burs\u00ebn nga Trupi Koordinues do t\u00eb vizitojn\u00eb Beogradin. Ata do t\u00eb vizitojn\u00eb institucionet m\u00eb t\u00eb r\u00ebnd\u00ebsishme shtet\u00ebrore, dhe n\u00eb fund\u00eb pasiq\u00eb kjo p\u00ebr shumic\u00ebn e tyre \u00ebsht\u00eb vizita e par\u00eb n\u00eb qytetin e Beogradit, kryetari i Trupit koordinues, minist\u00ebr i pushtetit lokal dhe i vet\u00ebqeverisjes lokale, Millan Markoviq dhe ministri i arsimit Zharko Obradoviq, n\u00eb m\u00ebnyr\u00eb solemne do t\u2019i dor\u00ebzoj\u00eb kontratat e bursave. Para k\u00ebsaj\u00eb ngjarjeje, bursist\u00ebt do t\u2019i pranoj\u00eb kryetari i Republik\u00ebs s\u00eb Serbis\u00eb Boris Tadiq, kryetarja e prlamentit t\u00eb Kuvendit Popullor\u00eb\u00a0 Sllavica Gjukiq Dejanoviq dhe ndihm\u00ebsja e kryetarit t\u00eb qytetit t\u00eb Beogradit, Radmila Hrustanoviq.<\/p>\n<p>Gjat\u00eb k\u00ebsaj vizite, me nx\u00ebn\u00ebsit do t\u00eb jen\u00eb\u00a0 t\u00eb pranish\u00ebm edhe p\u00ebrfaq\u00ebsuesit e shkollave t\u00eb mesme, kryetar\u00ebt e komunave t\u00eb Preshev\u00ebs, Bujanocit dhe Medvegj\u00ebs, Ragmi Mustafa, Shaip Kamberi, Sllobodan Drashkoviq si dhe deputeti popullor\u00eb Riza Halimi.<\/p>\n<p>Trupi Koordinues n\u00eb qershor\u00eb t\u00eb k\u00ebtij viti ka shpallur konkurs p\u00ebr shp\u00ebrndarjen e bursave p\u00ebr nx\u00ebn\u00ebsit e shkollave t\u00eb mesme nga Presheva, Bujanoci dhe Medvegja. N\u00eb konkurs jan\u00eb paraqitur 819 nx\u00ebn\u00ebs, t\u00eb drejt\u00ebn p\u00ebr burs\u00eb e kan\u00eb fituar 152 nx\u00ebn\u00ebs. Burs\u00ebn, para s\u00eb gjithash e kan\u00eb fituar nx\u00ebn\u00ebsit t\u00eb cil\u00ebt jan\u00eb pa nj\u00ebrin apo t\u00eb dy prind\u00ebrit, p\u00ebrpos k\u00ebsaj kriteriumi ka qen\u00eb q\u00eb p\u00ebrpos k\u00ebtyre, t\u00eb ken\u00eb p\u00ebrpar\u00ebsi ata nx\u00ebn\u00ebs t\u00eb cilat kan\u00eb kushte m\u00eb t\u00eb v\u00ebshtira ekonomike si dhe suksesin m\u00eb t\u00eb mir\u00eb gjat\u00eb shkollimit. N\u00eb baz\u00eb t\u00eb k\u00ebtyre kriteriumeve, burs\u00ebn e kan\u00eb fituar 58 nx\u00ebn\u00ebs nga Presheva, 55 nx\u00ebn\u00ebs nga Bujanoci dhe 39 nx\u00ebn\u00ebs nga Medvegja. Nga k\u00ebta nx\u00ebn\u00ebs, 99 jan\u00eb Shqip\u00ebtar\u00eb, 41 Serb\u00eb dhe 12 Rom\u00eb. Suma e burs\u00ebs \u00ebsht\u00eb 5000 dinar\u00eb n\u00eb muaj dhe n\u00eb k\u00ebt\u00eb konkurs\u00eb, bursat do t\u00eb fitojn\u00eb deri n\u00eb fund\u00eb t\u00eb k\u00ebtij\u00eb viti shkollor\u00eb.<\/p>\n<p>Kjo \u00ebsht\u00eb hera e par\u00eb q\u00eb Trupi koordinues p\u00ebr komunat Preshev\u00eb, Bujanoc dhe Medvegj\u00eb ndan\u00eb bursa nx\u00ebn\u00ebsve t\u00eb shkollave t\u00eb mesme me kushte t\u00eb v\u00ebshtira materiale. \u00cbsht\u00eb planifikuar q\u00eb konkursi t\u00eb shpallet edhe n\u00eb vitin e ardhsh\u00ebm shkollor\u00eb.<\/p>\n<p>K\u00ebt\u00eb aksion e ka p\u00ebrkrahur Banka Serbe e cila qdo bursisti t\u00eb Trupit koordinues do t\u2019i dhuroj\u00eb librez\u00eb kursimi me 4000 dinar\u00eb t\u00eb deponuar.<\/p>\n<p>N\u00eb vijim \u00ebsht\u00eb <a href=\"http:\/\/www.kt.gov.rs\/images\/plan_saopstenjealb.pdf\">plan\u00ebprogrami<\/a> i vizit\u00ebs s\u00eb nx\u00ebn\u00ebsve. P\u00ebr informata m\u00eb t\u00eb hol\u00ebsishme, Ju lutemi t\u00eb kontaktoni Nebojsha Andriq, Zyrja e Trupit koordinues n\u00eb tel: 011 21 20 906 \/ 066 389 264 ose ne e-mail adres\u00ebn: <a href=\"mailto:nebojsa.andric@kt.gov.rs\">nebojsa.andric@kt.gov.rs<\/a>.<\/p>\n","protected":false},"excerpt":{"rendered":"<p>BEOGRAD \u2013 E Mart\u00eb, 10. n\u00ebntor\u00eb, 152 nx\u00ebn\u00ebs t\u00eb shkollave t\u00eb mesme nga Presheva, Bujanoci dhe Medvegja t\u00eb cil\u00ebt kan\u00eb fituar burs\u00ebn nga Trupi Koordinues do t\u00eb vizitojn\u00eb Beogradin. Ata do t\u00eb vizitojn\u00eb institucionet m\u00eb t\u00eb r\u00ebnd\u00ebsishme shtet\u00ebrore, dhe n\u00eb fund\u00eb pasiq\u00eb kjo p\u00ebr shumic\u00ebn e tyre \u00ebsht\u00eb vizita e par\u00eb n\u00eb qytetin e Beogradit, kryetari i Trupit koordinues, minist\u00ebr i pushtetit lokal dhe i vet\u00ebqeverisjes lokale, Millan Markoviq dhe ministri i arsimit Zharko Obradoviq, n\u00eb m\u00ebnyr\u00eb solemne do t\u2019i dor\u00ebzoj\u00eb kontratat e bursave. Para k\u00ebsaj\u00eb ngjarjeje, bursist\u00ebt do t\u2019i pranoj\u00eb kryetari i Republik\u00ebs s\u00eb Serbis\u00eb Boris Tadiq, kryetarja e prlamentit t\u00eb Kuvendit Popullor\u00eb\u00a0 Sllavica Gjukiq Dejanoviq dhe ndihm\u00ebsja e kryetarit t\u00eb qytetit t\u00eb Beogradit, Radmila Hrustanoviq.<\/p>\n","protected":false},"author":1,"featured_media":0,"comment_status":"closed","ping_status":"closed","sticky":false,"template":"","format":"standard","meta":{"footnotes":""},"categories":[55],"tags":[],"class_list":["post-143189","post","type-post","status-publish","format-standard","hentry","category-lajme"],"yoast_head":"<!-- This site is optimized with the Yoast SEO plugin v27.4 - https:\/\/yoast.com\/product\/yoast-seo-wordpress\/ -->\n<title>BURSIST\u00cbT E TRUPIT KOORDINUES NGA PRESHEVA, BUJANOCI DHE MEDVEGJA N\u00cb BEOGRAD - Republika e S\u00ebrbis\u00eb Trupi Koordinues p\u00ebr komunat Bujanoc, Preshev\u00eb dhe Medvegj\u00eb<\/title>\n<meta name=\"robots\" content=\"index, follow, max-snippet:-1, max-image-preview:large, max-video-preview:-1\" \/>\n<link rel=\"canonical\" href=\"https:\/\/kt.gov.rs\/sq\/bursistet-e-trupit-koordinues-nga-presheva-bujanoci-dhe-medvegja-ne-beograd\/\" \/>\n<meta property=\"og:locale\" content=\"sq_AL\" \/>\n<meta property=\"og:type\" content=\"article\" \/>\n<meta property=\"og:title\" content=\"BURSIST\u00cbT E TRUPIT KOORDINUES NGA PRESHEVA, BUJANOCI DHE MEDVEGJA N\u00cb BEOGRAD - Republika e S\u00ebrbis\u00eb Trupi Koordinues p\u00ebr komunat Bujanoc, Preshev\u00eb dhe Medvegj\u00eb\" \/>\n<meta property=\"og:description\" content=\"BEOGRAD \u2013 E Mart\u00eb, 10. n\u00ebntor\u00eb, 152 nx\u00ebn\u00ebs t\u00eb shkollave t\u00eb mesme nga Presheva, Bujanoci dhe Medvegja t\u00eb cil\u00ebt kan\u00eb fituar burs\u00ebn nga Trupi Koordinues do t\u00eb vizitojn\u00eb Beogradin. Ata do t\u00eb vizitojn\u00eb institucionet m\u00eb t\u00eb r\u00ebnd\u00ebsishme shtet\u00ebrore, dhe n\u00eb fund\u00eb pasiq\u00eb kjo p\u00ebr shumic\u00ebn e tyre \u00ebsht\u00eb vizita e par\u00eb n\u00eb qytetin e Beogradit, kryetari i Trupit koordinues, minist\u00ebr i pushtetit lokal dhe i vet\u00ebqeverisjes lokale, Millan Markoviq dhe ministri i arsimit Zharko Obradoviq, n\u00eb m\u00ebnyr\u00eb solemne do t\u2019i dor\u00ebzoj\u00eb kontratat e bursave. Para k\u00ebsaj\u00eb ngjarjeje, bursist\u00ebt do t\u2019i pranoj\u00eb kryetari i Republik\u00ebs s\u00eb Serbis\u00eb Boris Tadiq, kryetarja e prlamentit t\u00eb Kuvendit Popullor\u00eb\u00a0 Sllavica Gjukiq Dejanoviq dhe ndihm\u00ebsja e kryetarit t\u00eb qytetit t\u00eb Beogradit, Radmila Hrustanoviq.\" \/>\n<meta property=\"og:url\" content=\"https:\/\/kt.gov.rs\/sq\/bursistet-e-trupit-koordinues-nga-presheva-bujanoci-dhe-medvegja-ne-beograd\/\" \/>\n<meta property=\"og:site_name\" content=\"Republika e S\u00ebrbis\u00eb Trupi Koordinues p\u00ebr komunat Bujanoc, Preshev\u00eb dhe Medvegj\u00eb\" \/>\n<meta property=\"article:publisher\" content=\"https:\/\/www.facebook.com\/SluzbaKoordinacionogTelaVladeRepublikeSrbije\" \/>\n<meta property=\"article:published_time\" content=\"2009-11-06T00:00:00+00:00\" \/>\n<meta name=\"author\" content=\"ktmin\" \/>\n<meta name=\"twitter:card\" content=\"summary_large_image\" \/>\n<meta name=\"twitter:creator\" content=\"@kt_gov\" \/>\n<meta name=\"twitter:site\" content=\"@kt_gov\" \/>\n<meta name=\"twitter:label1\" content=\"Written by\" \/>\n\t<meta name=\"twitter:data1\" content=\"ktmin\" \/>\n\t<meta name=\"twitter:label2\" content=\"Est. reading time\" \/>\n\t<meta name=\"twitter:data2\" content=\"2 minutes\" \/>\n<script type=\"application\/ld+json\" class=\"yoast-schema-graph\">{\"@context\":\"https:\\\/\\\/schema.org\",\"@graph\":[{\"@type\":\"Article\",\"@id\":\"https:\\\/\\\/kt.gov.rs\\\/sq\\\/bursistet-e-trupit-koordinues-nga-presheva-bujanoci-dhe-medvegja-ne-beograd\\\/#article\",\"isPartOf\":{\"@id\":\"https:\\\/\\\/kt.gov.rs\\\/sq\\\/bursistet-e-trupit-koordinues-nga-presheva-bujanoci-dhe-medvegja-ne-beograd\\\/\"},\"author\":{\"name\":\"ktmin\",\"@id\":\"https:\\\/\\\/kt.gov.rs\\\/#\\\/schema\\\/person\\\/e426459ddb4173309103390602694571\"},\"headline\":\"BURSIST\u00cbT E TRUPIT KOORDINUES NGA PRESHEVA, BUJANOCI DHE MEDVEGJA N\u00cb BEOGRAD\",\"datePublished\":\"2009-11-06T00:00:00+00:00\",\"mainEntityOfPage\":{\"@id\":\"https:\\\/\\\/kt.gov.rs\\\/sq\\\/bursistet-e-trupit-koordinues-nga-presheva-bujanoci-dhe-medvegja-ne-beograd\\\/\"},\"wordCount\":482,\"publisher\":{\"@id\":\"https:\\\/\\\/kt.gov.rs\\\/#organization\"},\"articleSection\":[\"Lajme\"],\"inLanguage\":\"sq-AL\"},{\"@type\":\"WebPage\",\"@id\":\"https:\\\/\\\/kt.gov.rs\\\/sq\\\/bursistet-e-trupit-koordinues-nga-presheva-bujanoci-dhe-medvegja-ne-beograd\\\/\",\"url\":\"https:\\\/\\\/kt.gov.rs\\\/sq\\\/bursistet-e-trupit-koordinues-nga-presheva-bujanoci-dhe-medvegja-ne-beograd\\\/\",\"name\":\"BURSIST\u00cbT E TRUPIT KOORDINUES NGA PRESHEVA, BUJANOCI DHE MEDVEGJA N\u00cb BEOGRAD - Republika e S\u00ebrbis\u00eb Trupi Koordinues p\u00ebr komunat Bujanoc, Preshev\u00eb dhe Medvegj\u00eb\",\"isPartOf\":{\"@id\":\"https:\\\/\\\/kt.gov.rs\\\/#website\"},\"datePublished\":\"2009-11-06T00:00:00+00:00\",\"breadcrumb\":{\"@id\":\"https:\\\/\\\/kt.gov.rs\\\/sq\\\/bursistet-e-trupit-koordinues-nga-presheva-bujanoci-dhe-medvegja-ne-beograd\\\/#breadcrumb\"},\"inLanguage\":\"sq-AL\",\"potentialAction\":[{\"@type\":\"ReadAction\",\"target\":[\"https:\\\/\\\/kt.gov.rs\\\/sq\\\/bursistet-e-trupit-koordinues-nga-presheva-bujanoci-dhe-medvegja-ne-beograd\\\/\"]}]},{\"@type\":\"BreadcrumbList\",\"@id\":\"https:\\\/\\\/kt.gov.rs\\\/sq\\\/bursistet-e-trupit-koordinues-nga-presheva-bujanoci-dhe-medvegja-ne-beograd\\\/#breadcrumb\",\"itemListElement\":[{\"@type\":\"ListItem\",\"position\":1,\"name\":\"\u041f\u043e\u0447\u0435\u0442\u043d\u0430\",\"item\":\"https:\\\/\\\/kt.gov.rs\\\/sq\\\/\"},{\"@type\":\"ListItem\",\"position\":2,\"name\":\"BURSIST\u00cbT E TRUPIT KOORDINUES NGA PRESHEVA, BUJANOCI DHE MEDVEGJA N\u00cb BEOGRAD\"}]},{\"@type\":\"WebSite\",\"@id\":\"https:\\\/\\\/kt.gov.rs\\\/#website\",\"url\":\"https:\\\/\\\/kt.gov.rs\\\/\",\"name\":\"\u041a\u043e\u043e\u0440\u0434\u0438\u043d\u0430\u0446\u0438\u043e\u043d\u043e \u0442\u0435\u043b\u043e \u0412\u043b\u0430\u0434\u0435 \u0420\u0435\u043f\u0443\u0431\u043b\u0438\u043a\u0435 \u0421\u0440\u0431\u0438\u0458\u0435 \u0437\u0430 \u043e\u043f\u0448\u0442\u0438\u043d\u0435 \u041f\u0440\u0435\u0448\u0435\u0432\u043e, \u0411\u0443\u0458\u0430\u043d\u043e\u0432\u0430\u0446 \u0438 \u041c\u0435\u0434\u0432\u0435\u0452a\",\"description\":\"\",\"publisher\":{\"@id\":\"https:\\\/\\\/kt.gov.rs\\\/#organization\"},\"alternateName\":\"\u041a\u043e\u043e\u0440\u0434\u0438\u043d\u0430\u0446\u0438\u043e\u043d\u043e \u0442\u0435\u043b\u043e\",\"potentialAction\":[{\"@type\":\"SearchAction\",\"target\":{\"@type\":\"EntryPoint\",\"urlTemplate\":\"https:\\\/\\\/kt.gov.rs\\\/?s={search_term_string}\"},\"query-input\":{\"@type\":\"PropertyValueSpecification\",\"valueRequired\":true,\"valueName\":\"search_term_string\"}}],\"inLanguage\":\"sq-AL\"},{\"@type\":\"Organization\",\"@id\":\"https:\\\/\\\/kt.gov.rs\\\/#organization\",\"name\":\"\u041a\u043e\u043e\u0440\u0434\u0438\u043d\u0430\u0446\u0438\u043e\u043d\u043e \u0442\u0435\u043b\u043e \u0412\u043b\u0430\u0434\u0435 \u0420\u0435\u043f\u0443\u0431\u043b\u0438\u043a\u0435 \u0421\u0440\u0431\u0438\u0458\u0435 \u0437\u0430 \u043e\u043f\u0448\u0442\u0438\u043d\u0435 \u041f\u0440\u0435\u0448\u0435\u0432\u043e, \u0411\u0443\u0458\u0430\u043d\u043e\u0432\u0430\u0446 \u0438 \u041c\u0435\u0434\u0432\u0435\u0452a\",\"alternateName\":\"\u041a\u043e\u043e\u0440\u0434\u0438\u043d\u0430\u0446\u0438\u043e\u043d\u043e \u0442\u0435\u043b\u043e\",\"url\":\"https:\\\/\\\/kt.gov.rs\\\/\",\"logo\":{\"@type\":\"ImageObject\",\"inLanguage\":\"sq-AL\",\"@id\":\"https:\\\/\\\/kt.gov.rs\\\/#\\\/schema\\\/logo\\\/image\\\/\",\"url\":\"https:\\\/\\\/kt.gov.rs\\\/wp-content\\\/uploads\\\/2024\\\/12\\\/koord2.jpg\",\"contentUrl\":\"https:\\\/\\\/kt.gov.rs\\\/wp-content\\\/uploads\\\/2024\\\/12\\\/koord2.jpg\",\"width\":640,\"height\":480,\"caption\":\"\u041a\u043e\u043e\u0440\u0434\u0438\u043d\u0430\u0446\u0438\u043e\u043d\u043e \u0442\u0435\u043b\u043e \u0412\u043b\u0430\u0434\u0435 \u0420\u0435\u043f\u0443\u0431\u043b\u0438\u043a\u0435 \u0421\u0440\u0431\u0438\u0458\u0435 \u0437\u0430 \u043e\u043f\u0448\u0442\u0438\u043d\u0435 \u041f\u0440\u0435\u0448\u0435\u0432\u043e, \u0411\u0443\u0458\u0430\u043d\u043e\u0432\u0430\u0446 \u0438 \u041c\u0435\u0434\u0432\u0435\u0452a\"},\"image\":{\"@id\":\"https:\\\/\\\/kt.gov.rs\\\/#\\\/schema\\\/logo\\\/image\\\/\"},\"sameAs\":[\"https:\\\/\\\/www.facebook.com\\\/SluzbaKoordinacionogTelaVladeRepublikeSrbije\",\"https:\\\/\\\/x.com\\\/kt_gov\",\"https:\\\/\\\/www.youtube.com\\\/@koordinacionotelo\"]},{\"@type\":\"Person\",\"@id\":\"https:\\\/\\\/kt.gov.rs\\\/#\\\/schema\\\/person\\\/e426459ddb4173309103390602694571\",\"name\":\"ktmin\",\"image\":{\"@type\":\"ImageObject\",\"inLanguage\":\"sq-AL\",\"@id\":\"https:\\\/\\\/secure.gravatar.com\\\/avatar\\\/3985c961109853010c3fbc7ba30365bfba5db3dd6c525831d9c595c7525a615a?s=96&d=mm&r=g\",\"url\":\"https:\\\/\\\/secure.gravatar.com\\\/avatar\\\/3985c961109853010c3fbc7ba30365bfba5db3dd6c525831d9c595c7525a615a?s=96&d=mm&r=g\",\"contentUrl\":\"https:\\\/\\\/secure.gravatar.com\\\/avatar\\\/3985c961109853010c3fbc7ba30365bfba5db3dd6c525831d9c595c7525a615a?s=96&d=mm&r=g\",\"caption\":\"ktmin\"},\"sameAs\":[\"https:\\\/\\\/kt.gov.rs\"],\"url\":\"https:\\\/\\\/kt.gov.rs\\\/sq\\\/author\\\/ktmin\\\/\"}]}<\/script>\n<!-- \/ Yoast SEO plugin. -->","yoast_head_json":{"title":"BURSIST\u00cbT E TRUPIT KOORDINUES NGA PRESHEVA, BUJANOCI DHE MEDVEGJA N\u00cb BEOGRAD - Republika e S\u00ebrbis\u00eb Trupi Koordinues p\u00ebr komunat Bujanoc, Preshev\u00eb dhe Medvegj\u00eb","robots":{"index":"index","follow":"follow","max-snippet":"max-snippet:-1","max-image-preview":"max-image-preview:large","max-video-preview":"max-video-preview:-1"},"canonical":"https:\/\/kt.gov.rs\/sq\/bursistet-e-trupit-koordinues-nga-presheva-bujanoci-dhe-medvegja-ne-beograd\/","og_locale":"sq_AL","og_type":"article","og_title":"BURSIST\u00cbT E TRUPIT KOORDINUES NGA PRESHEVA, BUJANOCI DHE MEDVEGJA N\u00cb BEOGRAD - Republika e S\u00ebrbis\u00eb Trupi Koordinues p\u00ebr komunat Bujanoc, Preshev\u00eb dhe Medvegj\u00eb","og_description":"BEOGRAD \u2013 E Mart\u00eb, 10. n\u00ebntor\u00eb, 152 nx\u00ebn\u00ebs t\u00eb shkollave t\u00eb mesme nga Presheva, Bujanoci dhe Medvegja t\u00eb cil\u00ebt kan\u00eb fituar burs\u00ebn nga Trupi Koordinues do t\u00eb vizitojn\u00eb Beogradin. Ata do t\u00eb vizitojn\u00eb institucionet m\u00eb t\u00eb r\u00ebnd\u00ebsishme shtet\u00ebrore, dhe n\u00eb fund\u00eb pasiq\u00eb kjo p\u00ebr shumic\u00ebn e tyre \u00ebsht\u00eb vizita e par\u00eb n\u00eb qytetin e Beogradit, kryetari i Trupit koordinues, minist\u00ebr i pushtetit lokal dhe i vet\u00ebqeverisjes lokale, Millan Markoviq dhe ministri i arsimit Zharko Obradoviq, n\u00eb m\u00ebnyr\u00eb solemne do t\u2019i dor\u00ebzoj\u00eb kontratat e bursave. Para k\u00ebsaj\u00eb ngjarjeje, bursist\u00ebt do t\u2019i pranoj\u00eb kryetari i Republik\u00ebs s\u00eb Serbis\u00eb Boris Tadiq, kryetarja e prlamentit t\u00eb Kuvendit Popullor\u00eb\u00a0 Sllavica Gjukiq Dejanoviq dhe ndihm\u00ebsja e kryetarit t\u00eb qytetit t\u00eb Beogradit, Radmila Hrustanoviq.","og_url":"https:\/\/kt.gov.rs\/sq\/bursistet-e-trupit-koordinues-nga-presheva-bujanoci-dhe-medvegja-ne-beograd\/","og_site_name":"Republika e S\u00ebrbis\u00eb Trupi Koordinues p\u00ebr komunat Bujanoc, Preshev\u00eb dhe Medvegj\u00eb","article_publisher":"https:\/\/www.facebook.com\/SluzbaKoordinacionogTelaVladeRepublikeSrbije","article_published_time":"2009-11-06T00:00:00+00:00","author":"ktmin","twitter_card":"summary_large_image","twitter_creator":"@kt_gov","twitter_site":"@kt_gov","twitter_misc":{"Written by":"ktmin","Est. reading time":"2 minutes"},"schema":{"@context":"https:\/\/schema.org","@graph":[{"@type":"Article","@id":"https:\/\/kt.gov.rs\/sq\/bursistet-e-trupit-koordinues-nga-presheva-bujanoci-dhe-medvegja-ne-beograd\/#article","isPartOf":{"@id":"https:\/\/kt.gov.rs\/sq\/bursistet-e-trupit-koordinues-nga-presheva-bujanoci-dhe-medvegja-ne-beograd\/"},"author":{"name":"ktmin","@id":"https:\/\/kt.gov.rs\/#\/schema\/person\/e426459ddb4173309103390602694571"},"headline":"BURSIST\u00cbT E TRUPIT KOORDINUES NGA PRESHEVA, BUJANOCI DHE MEDVEGJA N\u00cb BEOGRAD","datePublished":"2009-11-06T00:00:00+00:00","mainEntityOfPage":{"@id":"https:\/\/kt.gov.rs\/sq\/bursistet-e-trupit-koordinues-nga-presheva-bujanoci-dhe-medvegja-ne-beograd\/"},"wordCount":482,"publisher":{"@id":"https:\/\/kt.gov.rs\/#organization"},"articleSection":["Lajme"],"inLanguage":"sq-AL"},{"@type":"WebPage","@id":"https:\/\/kt.gov.rs\/sq\/bursistet-e-trupit-koordinues-nga-presheva-bujanoci-dhe-medvegja-ne-beograd\/","url":"https:\/\/kt.gov.rs\/sq\/bursistet-e-trupit-koordinues-nga-presheva-bujanoci-dhe-medvegja-ne-beograd\/","name":"BURSIST\u00cbT E TRUPIT KOORDINUES NGA PRESHEVA, BUJANOCI DHE MEDVEGJA N\u00cb BEOGRAD - Republika e S\u00ebrbis\u00eb Trupi Koordinues p\u00ebr komunat Bujanoc, Preshev\u00eb dhe Medvegj\u00eb","isPartOf":{"@id":"https:\/\/kt.gov.rs\/#website"},"datePublished":"2009-11-06T00:00:00+00:00","breadcrumb":{"@id":"https:\/\/kt.gov.rs\/sq\/bursistet-e-trupit-koordinues-nga-presheva-bujanoci-dhe-medvegja-ne-beograd\/#breadcrumb"},"inLanguage":"sq-AL","potentialAction":[{"@type":"ReadAction","target":["https:\/\/kt.gov.rs\/sq\/bursistet-e-trupit-koordinues-nga-presheva-bujanoci-dhe-medvegja-ne-beograd\/"]}]},{"@type":"BreadcrumbList","@id":"https:\/\/kt.gov.rs\/sq\/bursistet-e-trupit-koordinues-nga-presheva-bujanoci-dhe-medvegja-ne-beograd\/#breadcrumb","itemListElement":[{"@type":"ListItem","position":1,"name":"\u041f\u043e\u0447\u0435\u0442\u043d\u0430","item":"https:\/\/kt.gov.rs\/sq\/"},{"@type":"ListItem","position":2,"name":"BURSIST\u00cbT E TRUPIT KOORDINUES NGA PRESHEVA, BUJANOCI DHE MEDVEGJA N\u00cb BEOGRAD"}]},{"@type":"WebSite","@id":"https:\/\/kt.gov.rs\/#website","url":"https:\/\/kt.gov.rs\/","name":"\u041a\u043e\u043e\u0440\u0434\u0438\u043d\u0430\u0446\u0438\u043e\u043d\u043e \u0442\u0435\u043b\u043e \u0412\u043b\u0430\u0434\u0435 \u0420\u0435\u043f\u0443\u0431\u043b\u0438\u043a\u0435 \u0421\u0440\u0431\u0438\u0458\u0435 \u0437\u0430 \u043e\u043f\u0448\u0442\u0438\u043d\u0435 \u041f\u0440\u0435\u0448\u0435\u0432\u043e, \u0411\u0443\u0458\u0430\u043d\u043e\u0432\u0430\u0446 \u0438 \u041c\u0435\u0434\u0432\u0435\u0452a","description":"","publisher":{"@id":"https:\/\/kt.gov.rs\/#organization"},"alternateName":"\u041a\u043e\u043e\u0440\u0434\u0438\u043d\u0430\u0446\u0438\u043e\u043d\u043e \u0442\u0435\u043b\u043e","potentialAction":[{"@type":"SearchAction","target":{"@type":"EntryPoint","urlTemplate":"https:\/\/kt.gov.rs\/?s={search_term_string}"},"query-input":{"@type":"PropertyValueSpecification","valueRequired":true,"valueName":"search_term_string"}}],"inLanguage":"sq-AL"},{"@type":"Organization","@id":"https:\/\/kt.gov.rs\/#organization","name":"\u041a\u043e\u043e\u0440\u0434\u0438\u043d\u0430\u0446\u0438\u043e\u043d\u043e \u0442\u0435\u043b\u043e \u0412\u043b\u0430\u0434\u0435 \u0420\u0435\u043f\u0443\u0431\u043b\u0438\u043a\u0435 \u0421\u0440\u0431\u0438\u0458\u0435 \u0437\u0430 \u043e\u043f\u0448\u0442\u0438\u043d\u0435 \u041f\u0440\u0435\u0448\u0435\u0432\u043e, \u0411\u0443\u0458\u0430\u043d\u043e\u0432\u0430\u0446 \u0438 \u041c\u0435\u0434\u0432\u0435\u0452a","alternateName":"\u041a\u043e\u043e\u0440\u0434\u0438\u043d\u0430\u0446\u0438\u043e\u043d\u043e \u0442\u0435\u043b\u043e","url":"https:\/\/kt.gov.rs\/","logo":{"@type":"ImageObject","inLanguage":"sq-AL","@id":"https:\/\/kt.gov.rs\/#\/schema\/logo\/image\/","url":"https:\/\/kt.gov.rs\/wp-content\/uploads\/2024\/12\/koord2.jpg","contentUrl":"https:\/\/kt.gov.rs\/wp-content\/uploads\/2024\/12\/koord2.jpg","width":640,"height":480,"caption":"\u041a\u043e\u043e\u0440\u0434\u0438\u043d\u0430\u0446\u0438\u043e\u043d\u043e \u0442\u0435\u043b\u043e \u0412\u043b\u0430\u0434\u0435 \u0420\u0435\u043f\u0443\u0431\u043b\u0438\u043a\u0435 \u0421\u0440\u0431\u0438\u0458\u0435 \u0437\u0430 \u043e\u043f\u0448\u0442\u0438\u043d\u0435 \u041f\u0440\u0435\u0448\u0435\u0432\u043e, \u0411\u0443\u0458\u0430\u043d\u043e\u0432\u0430\u0446 \u0438 \u041c\u0435\u0434\u0432\u0435\u0452a"},"image":{"@id":"https:\/\/kt.gov.rs\/#\/schema\/logo\/image\/"},"sameAs":["https:\/\/www.facebook.com\/SluzbaKoordinacionogTelaVladeRepublikeSrbije","https:\/\/x.com\/kt_gov","https:\/\/www.youtube.com\/@koordinacionotelo"]},{"@type":"Person","@id":"https:\/\/kt.gov.rs\/#\/schema\/person\/e426459ddb4173309103390602694571","name":"ktmin","image":{"@type":"ImageObject","inLanguage":"sq-AL","@id":"https:\/\/secure.gravatar.com\/avatar\/3985c961109853010c3fbc7ba30365bfba5db3dd6c525831d9c595c7525a615a?s=96&d=mm&r=g","url":"https:\/\/secure.gravatar.com\/avatar\/3985c961109853010c3fbc7ba30365bfba5db3dd6c525831d9c595c7525a615a?s=96&d=mm&r=g","contentUrl":"https:\/\/secure.gravatar.com\/avatar\/3985c961109853010c3fbc7ba30365bfba5db3dd6c525831d9c595c7525a615a?s=96&d=mm&r=g","caption":"ktmin"},"sameAs":["https:\/\/kt.gov.rs"],"url":"https:\/\/kt.gov.rs\/sq\/author\/ktmin\/"}]}},"_links":{"self":[{"href":"https:\/\/kt.gov.rs\/sq\/wp-json\/wp\/v2\/posts\/143189","targetHints":{"allow":["GET"]}}],"collection":[{"href":"https:\/\/kt.gov.rs\/sq\/wp-json\/wp\/v2\/posts"}],"about":[{"href":"https:\/\/kt.gov.rs\/sq\/wp-json\/wp\/v2\/types\/post"}],"author":[{"embeddable":true,"href":"https:\/\/kt.gov.rs\/sq\/wp-json\/wp\/v2\/users\/1"}],"replies":[{"embeddable":true,"href":"https:\/\/kt.gov.rs\/sq\/wp-json\/wp\/v2\/comments?post=143189"}],"version-history":[{"count":0,"href":"https:\/\/kt.gov.rs\/sq\/wp-json\/wp\/v2\/posts\/143189\/revisions"}],"wp:attachment":[{"href":"https:\/\/kt.gov.rs\/sq\/wp-json\/wp\/v2\/media?parent=143189"}],"wp:term":[{"taxonomy":"category","embeddable":true,"href":"https:\/\/kt.gov.rs\/sq\/wp-json\/wp\/v2\/categories?post=143189"},{"taxonomy":"post_tag","embeddable":true,"href":"https:\/\/kt.gov.rs\/sq\/wp-json\/wp\/v2\/tags?post=143189"}],"curies":[{"name":"wp","href":"https:\/\/api.w.org\/{rel}","templated":true}]}}