{"id":143181,"date":"2009-11-13T00:00:00","date_gmt":"2009-11-13T00:00:00","guid":{"rendered":"http:\/\/kt.printandscreen.rs\/ti-dhe-une-jemi-ne-e-ne-krenohemi-qe-punojme-me-ty\/"},"modified":"2024-07-30T20:24:01","modified_gmt":"2024-07-30T20:24:01","slug":"ti-dhe-une-jemi-ne-e-ne-krenohemi-qe-punojme-me-ty","status":"publish","type":"post","link":"https:\/\/kt.gov.rs\/sq\/ti-dhe-une-jemi-ne-e-ne-krenohemi-qe-punojme-me-ty\/","title":{"rendered":"\u201eTI DHE UN\u00cb JEMI NE, E NE KRENOHEMI Q\u00cb PUNOJM\u00cb ME TY!\u201c"},"content":{"rendered":"<p>\n<meta content=\"text\/html; charset=utf-8\" http-equiv=\"Content-Type\"><br \/>\n<meta content=\"Word.Document\" name=\"ProgId\"><br \/>\n<meta content=\"Microsoft Word 11\" name=\"Generator\"><br \/>\n<meta content=\"Microsoft Word 11\" name=\"Originator\">\n<link href=\"file:\/\/\/C:%5CDOCUME%7E1%5CRio%5CLOCALS%7E1%5CTemp%5Cmsohtml1%5C01%5Cclip_filelist.xml\" rel=\"File-List\" \/><!--[if gte mso 9]><xml>\n \n  Normal\n  0\n  \n  \n  false\n  false\n  false\n  \n   \n   \n   \n   \n   \n  \n  MicrosoftInternetExplorer4\n \n<\/xml><![endif]--><!--[if gte mso 9]><![endif]--><\/p>\n<style type=\"text\/css\">\n<!--\n \/* Font Definitions *\/\n @font-face\n\t{\n\tpanose-1:2 4 5 3 5 4 6 3 2 4;}\n@font-face\n\t{\n\tpanose-1:2 15 5 2 2 2 4 3 2 4;}\n \/* Style Definitions *\/\n p.MsoNormal, li.MsoNormal, div.MsoNormal\n\t{mso-style-parent:\"\";\n\tmargin-top:0cm;\n\tmargin-right:0cm;\n\tmargin-bottom:10.0pt;\n\tmargin-left:0cm;\n\tline-height:115%;\n\tfont-size:11.0pt;\n\tmso-bidi-\"Times New Roman\";}\n@page Section1\n\t{size:612.0pt 792.0pt;\n\tmargin:72.0pt 72.0pt 72.0pt 72.0pt;}\ndiv.Section1\n\t{page:Section1;}\n-->\n<\/style>\n<p><!--[if gte mso 10]>\n\n\n<style>\n \/* Style Definitions *\/\n table.MsoNormalTable\n\t{mso-style-name:\"Table Normal\";\n\tmso-style-parent:\"\";\n\tfont-size:10.0pt;\"Times New Roman\";}\n<\/style>\n\n\n<![endif]--><\/p>\n<p><img decoding=\"async\" align=\"left\" src=\"https:\/\/kt.gov.rs\/wp-content\/uploads\/2024\/07\/pic056vesti-4.jpg\" alt=\"\" \/>Gjasht\u00ebmb\u00ebdhjet\u00eb t\u00eb rinj\u00eb nga Presheva, Bujanoci dhe Medvegja nga t\u00eb gjitha grupet etnike (pes\u00eb Shqip\u00ebtar\u00eb, gjasht\u00eb Serb\u00eb dhe pes\u00eb Rom\u00eb) momentalisht\u00eb me forca t\u00eb p\u00ebrbashk\u00ebta punojn\u00eb n\u00eb pregatitjen e \u00e7faqjes ,,Ti dhe un\u00eb jemi Ne\u2019\u2019 e cila ka t\u00eb b\u00ebj\u00eb me periudh\u00ebn e rritjes. Artist\u00ebt dhe autor\u00ebt e \u00e7faqjes, nj\u00ebkoh\u00ebsisht\u00eb jan\u00eb edhe figurat kryesore t\u00eb \u00e7faqjes, prandaj teksti nis\u00eb me kombinimin e shiqimit t\u00eb tyre n\u00eb k\u00ebt\u00eb bot\u00eb. P\u00ebrmbledhja e materialit p\u00ebr \u00e7faqje ka filluar me p\u00ebrpilimin e pyetjeve t\u00eb shumta t\u00eb cilat frekuentuesit \u00ebsht\u00eb dashur t\u2019i plot\u00ebsojn\u00eb. Pyet\u00ebsori i ka pasur m\u00eb tep\u00ebr se 100 pyetje t\u00eb grupuara sipas temave t\u00eb ndryshme- familja, relacioni n\u00eb mes t\u00eb v\u00ebllez\u00ebrve dhe motrave, shoq\u00ebrimi, shoq\u00ebria, shkolla dhe m\u00ebsimi, hobi, idol\u00ebt, koha e lir\u00eb, dashuria, planet e ardhm\u00ebris\u00eb, kan\u00eb qen\u00eb vet\u00ebm nj\u00ebrat nga temat.<\/p>\n<p>Ju paraqesim vet\u00ebm disa nga detajet m\u00eb interesante nga pun\u00ebtoria dhe disa nga p\u00ebrgjegjet m\u00eb interesante nga ky pyet\u00ebsor\u00eb.<\/p>\n<p>\u2026<\/p>\n<p><strong>Formimi i grupeve<\/strong><\/p>\n<p>N\u00eb pun\u00ebn e qdo \u00e7faqjeje, ndodhin kriza. N\u00eb qfaqjen ,,Ti dhe Un\u00eb ne jemi Ne\u2019\u2019 ka ndodhur kur ligj\u00ebruesi dhe artisti Aleksandar Laziq \u00ebsht\u00eb hidh\u00ebruar n\u00eb frekuentuesit e pun\u00ebtoris\u00eb, t\u00eb cil\u00ebt kan\u00eb qen\u00eb aq t\u00eb dekoncentruar, i cili m\u00eb pastaj n\u00eb m\u00ebnyr\u00eb demostrative ka l\u00ebshuar or\u00ebn. Askush nga ligj\u00ebruesit nuk din se qka kan\u00eb b\u00ebr\u00eb frekuentuesit m\u00eb pastaj, mir\u00ebpo Aleksandrin n\u00eb prov\u00ebn e ardhshme e ka prit\u00eb nj\u00eb surpriz\u00eb e madhe. Kur ka hy n\u00eb sall\u00ebn\u00a0e madhe t\u00eb Sht\u00ebpis\u00eb s\u00eb Kultur\u00ebs, ka par\u00eb ekipin e plot\u00eb t\u00eb artist\u00ebve t\u00eb rinj\u00eb. N\u00eb nj\u00eb qet\u00ebsi absolute, kan\u00eb mbaruar ushtrimet parapregatit\u00ebse, jan\u00eb rreshtuar dhe nj\u00eb nga nj\u00eb kan\u00eb paraqitur ate q\u00eb kan\u00eb m\u00ebsuar n\u00eb ushtrimet e m\u00ebparshme. Aleksandrit nuk i mbeti asgj\u00eb tjet\u00ebr p\u00ebrpos t\u00eb duartrokas\u00eb. Artist\u00ebt e rinj\u00eb p\u00ebr her\u00eb t\u00eb par\u00eb n\u00eb k\u00ebt\u00eb projekt treguan marr\u00ebveshjen e tyre dhe se tash jan\u00eb grupacion i plot\u00eb dhe me m\u00eb p\u00ebrgjegj\u00ebsi!<\/p>\n<p>Fakti se sa kan\u00eb p\u00ebrparuar an\u00ebtar\u00ebt e grupit, jan\u00eb diskutimet e tyre pas mbarimit t\u00eb ushtrimeve. Moderatorja e k\u00ebtyre bisedave, Milena Bogavac, n\u00eb fillim \u00ebsht\u00eb ballafaquar me shum\u00eb probleme, sepse p\u00ebrpos barier\u00ebs n\u00eb gjuh\u00eb, n\u00eb mes t\u00eb nx\u00ebn\u00ebsve t\u00eb komuniteteve t\u00eb ndryshme kan egzistuar edhe shum\u00eb bariera t\u00eb tjera. Diskutimet kan\u00eb qen\u00eb dramatike dhe t\u00eb ashpra. Psh n\u00eb pyetjen se qka do t\u00eb b\u00ebnit n\u00ebse prind\u00ebritt u ndalojn\u00eb t\u00eb martoheshit me nj\u00eb vajz\u00eb t\u00eb cil\u00ebn e dashuron, Sadrija Raimoviq para t\u00ebr\u00eb grupit p\u00ebrgjigjet ,,Un\u00eb do ta kisha v\u00ebra veten\u2019\u2019\u2026kurse q\u00ebndrimi i t\u00eb gjith\u00ebve ka qen\u00eb ndryshe. Pas disa jav\u00ebsh, diskutimet kan\u00eb marr\u00eb nj\u00eb atmosfr\u00eb tjet\u00ebr m\u00eb t\u00eb p\u00ebrshtatshme. Nx\u00ebn\u00ebsit kan\u00eb m\u00ebsuar q\u00eb nuk \u00ebsht\u00eb mir\u00eb q\u00eb q\u00ebndrimet e t\u00eb tjer\u00ebve t\u2019i marrin n\u00eb kuptimin ,,Kjo nuk \u00ebsht\u00eb normale\u2019\u2019 dhe qka \u00ebsht\u00eb me r\u00ebnd\u00ebsi tash m\u00eb nuk po i nd\u00ebrhyjn\u00eb njani tjetrit gjat\u00eb bised\u00ebs. N\u00eb p\u00ebrgjegjen e saj\u00eb t\u00eb para disa jav\u00ebve, Sadrija Raimoviq tha se ka qen\u00eb p\u00ebrgjegje jo serioze, nd\u00ebrsa kur \u00ebsht\u00eb fjala p\u00ebr mendimeve p\u00ebr kultur\u00ebn e t\u00eb tjer\u00ebve, nx\u00ebn\u00ebsit ju p\u00ebrgjegjen n\u00eb k\u00ebt\u00eb m\u00ebnyr\u00eb ,,Mos u hidh\u00ebro por mua s\u00eb paku k\u00ebshtu m\u00eb duket\u2019\u2019\u2026 Rolin e moderatorit ngadal ka filluar ta marr\u00eb Nesibe Osmani, e cila ka arritur n\u00eb m\u00ebnyr\u00eb t\u00eb d\u00ebshmuar t\u2019i bind\u00eb moshatar\u00ebt e saj\u00eb. N\u00eb k\u00ebt\u00eb drejtim, \u00ebsht\u00eb me r\u00ebnd\u00ebsi fakti se Nesibeja ka vijuar kursin e meditimit, \u00ebsht\u00eb an\u00ebtare e parlamentit t\u00eb nx\u00ebn\u00ebsve dhe se nga profesor\u00ebt e shkol\u00ebs ka marr\u00eb lavd\u00ebrata p\u00ebr aft\u00ebsit\u00eb e saj\u00eb medituese.<\/p>\n<p>\u2026<\/p>\n<p><strong>\u201eTi dhe Un\u00eb jemi Ne, kurse Ne mburremi q\u00eb punojm\u00eb me Ty!\u201c <\/strong><\/p>\n<p>Frekuentuesit e pun\u00ebtoris\u00eb po punojn\u00eb n\u00eb testin e \u00e7faqjes nga intervistat dhe bisedat e dramaturges s\u00eb \u00e7faqjes Milena Bogavac. N\u00eb atmosfer\u00ebn e lir\u00eb, Milena me frekuentuesit bisedon rreth shum\u00eb gj\u00ebrave, kurse bised\u00ebn q\u00eb ka zhvilluar me Nesibe Osmanin, e ka inspiruar q\u00eb t\u2019ja kushtoj\u00eb t\u00eb shtun\u00ebn tem\u00ebn n\u00eb gazet\u00ebn ,,N\u00eb ve\u00e7ernje novosti\u2019\u2019. Pas shkrimit n\u00eb k\u00ebt\u00eb gazet\u00eb, Aleksandar Laziq ka vendosur q\u00eb t\u2019ua lexoj\u00eb t\u00ebr\u00eb grupit. Reagimet kan\u00eb qen\u00eb m\u00eb se pozitive, nd\u00ebrsa Milena ka marr\u00eb sms mesazhe nga shum\u00eb frekuentues.. Mesazhi m\u00eb simpatik ka qen\u00eb i Miljana Nikoliqit: ,,Ti dhe Un\u00eb jemi Ne\u2019\u2019, ka shkruar Milana e m\u00eb pastajk ka vazhduar ,,Nd\u00ebrsa Ne jemi kranar\u00eb q\u00eb punojm\u00eb me Ju!\u2019\u2019<\/p>\n<p>\u2026<\/p>\n<p><strong>P\u00ebr her\u00eb t\u00eb par\u00eb n\u00eb fest\u00eb<\/strong><\/p>\n<p>Bashk\u00ebpun\u00ebtori i pakrahasuesh\u00ebm n\u00eb projektin ,, Ti dhe Un\u00eb jemi Ne\u2019\u2019 \u00ebsht\u00eb Rahim Salihu. Edhepse s\u00eb pari \u00ebsht\u00eb angazhuar vet\u00ebm si p\u00ebrkthyes p\u00ebr gjuh\u00eb shqipe, Rahimi \u00ebsht\u00eb edehe m\u00eb tep\u00ebr se sa p\u00ebrkthyes. Ai \u00ebsht\u00eb p\u00ebrkthyes, organizator\u00eb, vozit\u00ebs dhe nikoqir i cili mundohet q\u00eb t\u00eb na dal\u00eb n\u00eb ndihm\u00eb p\u00ebr qdo situat\u00eb t\u00eb mundshme. Kur ka kuptuar se Milena Andrejeviq gjat\u00eb koh\u00ebs s\u00eb ushtrimev ka dit\u00eblindjen, rahimi me shpejt\u00ebsi i ka organizuar frekuentuesit p\u00ebr nj\u00eb surpriz\u00eb ndaj Milen\u00ebs.\u00a0Gjat\u00eb ushtrimeve, me shpejt\u00ebsi n\u00eb xhepin sakos s\u00eb Milen\u00ebs e ka vendosur diqka\u2026 Pasiq\u00eb \u00ebsht\u00eb shoq\u00ebruar me ekipin autor\u00eb t\u00eb \u00e7faqjes, Rahimi p\u00ebr her\u00eb t\u00eb par\u00eb n\u00eb jet\u00ebn e tij\u00eb ka qen\u00eb n\u00eb nj\u00eb fest\u00eb fetare serbe dhe siq tha ai ka kaluar n\u00eb m\u00ebnyr\u00eb shk\u00eblqyeshme. Edhepse dit\u00ebt i kalon n\u00eb ushtrime dhe pun\u00eb n\u00eb teste, Rahimi gjen\u00eb koh\u00eb edhe t\u00eb m\u00ebsoj\u00eb, dhe nganj\u00ebher\u00eb shkon\u00eb edhe n\u00eb kolokuijume n\u00eb Tetov\u00eb, ku studjon diplomacin\u00eb. Nd\u00ebrsa Rahimi jep provimet, rolin e p\u00ebrkthyesit e merr Dafina Aliu, frekuentuesja e talentuar e cila flet shk\u00eblqyesh\u00ebm gjuh\u00ebn serbe. Dafina ka nj\u00eb ndjesi t\u00eb p\u00ebrsosur dhe nuk qudit fakti q\u00eb ajo \u00ebsht\u00eb k\u00ebng\u00ebtarja m\u00eb e mir\u00eb e grupit.<\/p>\n<p>\u2026<\/p>\n<p><strong>Mb\u00ebshtetja e prind\u00ebrve<\/strong><\/p>\n<p>N\u00eb m\u00ebnyr\u00eb q\u00eb prind\u00ebrit t\u00eb jen\u00eb m\u00eb mir\u00eb t\u00eb njohur rreth projektit n\u00eb t\u00eb cilin marrin pjes\u00eb f\u00ebmij\u00ebt e tyre, nj\u00eb nat\u00eb para ushtrimeve \u00ebsht\u00eb organizuar nj\u00eb takim me ta. N\u00ebna e Blerim Hasanit n\u00eb takim ka marr\u00eb edhe motr\u00ebn e Blerimit Erin\u00ebn, e cila \u00ebsht\u00eb nj\u00ebvjeqare. Gjat\u00eb koh\u00ebs s\u00eb takimit, Erina e vog\u00ebl \u00ebsht\u00eb zvaritur n\u00ebp\u00ebr sall\u00eb dhe ka qeshur dhe asnj\u00eb nga frekuentuesit nuk kan\u00eb mundur ta ndalin veten e t\u00eb mos e p\u00ebrqafojn\u00eb dhe puthin. Pas takimit, t\u00eb gjith\u00eb prind\u00ebrit q\u00eb kan\u00eb shpreh\u00eb d\u00ebshir\u00ebn kan\u00eb mundur q\u00eb ti p\u00ebrcjellin ushtrimet. Ushtrimin e ka p\u00ebrcjellur n\u00ebna e Dejan Jaqimoviqit, nd\u00ebrsa Dejani at\u00eb dit\u00eb e ka treguar veten n\u00eb m\u00ebnyr\u00eb t\u00eb p\u00ebrsosur. Duke marr\u00eb parasysh\u00eb q\u00eb Dejani at\u00eb dit\u00eb \u00ebsht\u00eb treguar i shk\u00eblqyesh\u00ebm, ligj\u00ebruesit ju kan\u00eb lutur n\u00ebn\u00ebs s\u00eb tij\u00eb q\u00eb ajo t\u00eb vij\u00eb sa m\u00eb shpesh n\u00eb ushtrime.<\/p>\n<p>\u2026<\/p>\n<p><strong>Artistt\u00ebt n\u00eb park<\/strong><\/p>\n<p>Qytetar\u00ebt e Bujanocit t\u00eb cil\u00ebt pasditet e tetorit i kan\u00eb kaluar n\u00eb parkun pran\u00eb qerdhes s\u00eb f\u00ebmij\u00ebve n\u00eb Bujanoc, kan\u00eb pasur rastin q\u00eb t\u00eb shohin ushtrimet e frekuentuesve me \u00e7faqjen ,,Ti dhe Un\u00eb jemi Ne\u2019\u2019 e udh\u00ebhequr nga Aleksandar Laziq i cili ka paramenduar q\u00eb ushtrimet t\u00eb zhvillohen edhe n\u00eb hap\u00ebsira publike, duke qen\u00eb indiferent ndaj njer\u00ebzve t\u00eb cil\u00ebt me qudi v\u00ebshtronin ushtrimet e tyre. K\u00ebshtuq\u00eb ky ka qen\u00eb ushtrimi i par\u00eb i tyre para publikut. N\u00eb k\u00ebt\u00eb or\u00eb eksperimentale,\u00a0m\u00eb s\u00eb dob\u00ebti \u00ebsht\u00eb paraqitur Ersana Kadriq p\u00ebr arsye se atje kan\u00eb qen\u00eb shum\u00eb f\u00ebmij\u00eb nga lagje e saj ku jeton ajo. Ajo ju drejtua Aleksandrit me fjal\u00ebt: po turp\u00ebrohem q\u00eb para f\u00ebmij\u00ebve\u00a0ta paraqes veten si ,,artiste e cila luan rolin e artistes\u2019\u2019. Aleksandri i dha kurajo e m\u00eb\u00a0pastaj Ersana ushtrimet i kaloi pa asnj\u00eb gabim. Frekuentuesit m\u00eb pastaj i duartrokit\u00ebn, ku ju bashkangjit\u00ebn edhe f\u00ebmij\u00ebt q\u00eb ishin prezent nga lagjja e saj\u00eb. Ata quditeshin se si ajo u b\u00eb nj\u00eb artiste e v\u00ebrtet.<\/p>\n<p>\u2026<\/p>\n<p><strong>Detajet e mod\u00ebs<\/strong><\/p>\n<p>Q\u00eb frekuentuesit t\u2019i m\u00ebsojn\u00eb m\u00eb shpejt\u00eb emrat e bashk\u00ebpun\u00ebtor\u00ebve t\u00eb tyre, Zoran Laziq ka ardhur n\u00eb ide q\u00eb\u00a0t\u2019i shkruaj\u00eb kartela, me fotografit\u00eb e tyre, emrat dhe mbiemrat t\u00eb cilat munden t\u2019i mbajn\u00eb n\u00eb qaf\u00eb. Kjo ka qen\u00eb ide q\u00eb n\u00eb radh\u00eb t\u00eb par\u00eb q\u00eb k\u00ebto kartela t\u00eb ken\u00eb fungsionin praktik, mir\u00ebpo as q\u00eb e ka paramenduar q\u00eb ka shpikur nj\u00eb detaj mjaft me r\u00ebnd\u00ebsi. Frekuentuesit e pun\u00ebtoris\u00eb aq shum\u00eb jan\u00eb t\u00eb k\u00ebnaqur me k\u00ebt\u00eb detaj, saq\u00eb ,,akreditimet\u2019\u2019 e tyre nuk i hjekin as n\u00eb shkolla apo edhe kur dal\u00ebn n\u00eb qytet.<\/p>\n<p>\u2026<\/p>\n<p><strong>Paramendo q\u00eb p\u00ebrnj\u00ebher k\u00eb fituar nj\u00eb shum\u00eb t\u00eb madhe t\u00eb parave, psh nj\u00eb milion dollar\u00eb. Si do t\u2019i harxhonit?<\/strong><\/p>\n<p>\u201eEh, sikur t\u2019i fitoja! \u2026 dij\u00eb se ku do t\u2019i harxhoja. S\u00eb pari do t\u00eb bleja nj\u00eb banes\u00eb e cila p\u00ebr at\u00eb moment do t\u00eb m\u00eb p\u00ebrshtatej. Pastaj nj\u00eb auto t\u00eb mir\u00eb, patjet\u00ebr me ngjyr\u00eb t\u00eb zez\u00eb. Do t\u00eb shkoja e t\u00eb udh\u00ebtoja n\u00ebp\u00ebr destinime egzotike, e m\u00eb pastaj do t\u00eb bleja dhe do t\u00eb bleja: vesh\u00ebmbathje, k\u00ebpuc\u00eb, shminka (karakteristike p\u00ebr vajzat). Nga pjesa tjet\u00ebr e mbetur e parave, gjysm\u00ebn do ta deponoja n\u00eb bank\u00eb kurse pjes\u00ebn tjet\u00ebr do ta ndaja n\u00eb tri pjes\u00eb: 1) pjes\u00ebn e par\u00eb do t\u2019ja jepja familjes; 2) pjes\u00ebn e dyt\u00eb do ta jepja n\u00eb m\u00ebnyr\u00eb humanitare; 3) kurse me pjes\u00ebn e tret\u00eb t\u00eb mbetur do t\u2019u bleja shok\u00ebve dhe miq\u00ebve dhurata ose do t\u2019u jepja nj\u00eb sum\u00eb m\u00eb t\u00eb vog\u00ebl parash n\u00ebse kan\u00eb nevoj\u00eb\u2026 E tash m\u00eb tregoni, ku ndahet ajo sum\u00eb e parave q\u00eb t\u00eb kaloj rast\u00ebsisht atypari!\u2019\u2019<\/p>\n<p>Milena Andrejeviq<\/p>\n<p><strong>Cilat l\u00ebnd\u00eb i adhuron n\u00eb shkoll\u00eb m\u00eb tep\u00ebr dhe p\u00ebrse?<\/strong><\/p>\n<p>\u201eMatematik\u00ebn, sepse \u00ebsht\u00eb m\u00eb e v\u00ebshtir\u00eb\u00a0e un\u00eb kam\u00eb d\u00ebshir\u00eb kur n\u00eb shkoll\u00eb \u00ebsht\u00eb v\u00ebshtir\u00eb. Sikur t\u00eb kishim 200 or\u00eb matematik\u00eb n\u00eb shkoll\u00eb, un\u00eb kurr nuk do t\u00eb ikja nga m\u00ebsimi!\u2019\u2019<\/p>\n<p>Dejan Jaqimoviq<\/p>\n<p><strong>Qka do t\u00eb b\u00ebnit dhe qka do t\u00eb mendonit t\u00eb sikur q\u00eb t\u00eb gjith\u00eb nx\u00ebn\u00ebsit t\u00eb jen\u00eb dakord q\u00eb t\u00eb iknit nga ora m\u00ebsimore?<\/strong><\/p>\n<p>\u201eUn\u00eb i pari do t\u00eb ikja nga ora m\u00ebsimore, dhe do ta qarosja at\u00eb i cila ka ardh\u00eb n\u00eb k\u00ebt\u00eb ide gjeniale\u201c<\/p>\n<p>Mentor Zaqiri<\/p>\n<p><strong>A i p\u00ebrcjellni lajmet dhe p\u00ebrse? <\/strong><\/p>\n<p>\u201eP\u00ebrcjell, t\u00eb shoh\u00eb kushtet atmosferike dhe t\u00eb dij\u00eb se a do t\u00eb hym\u00eb n\u00eb Unionin Europian\u2019\u2019<\/p>\n<p>Nesibe Osmani<\/p>\n<p><strong>Qka \u00ebsht\u00eb politika?<\/strong><\/p>\n<p>\u201ePolitika \u00ebsht\u00eb ajo qka e dua un\u00eb\u2019\u2019<\/p>\n<p>Nesibe Osmani<\/p>\n<p>\u201eNuk dij\u00eb se qka \u00ebsht\u00eb politika sepse ajo gjith po ndryshon!\u201c<\/p>\n<p>Blerim Hasani<\/p>\n<p><strong>A p\u00ebrcjell emisionet t\u00eb cilat nuk jan\u00eb p\u00ebr mosh\u00ebn e juaj?<\/strong><\/p>\n<p>\u201eI p\u00ebrcjel\u00eb, me q\u00ebllim, q\u00eb t\u00eb shoh se qka nuk \u00ebsht\u00eb p\u00ebr mua!\u201c<\/p>\n<p>Ersana Kadriq<\/p>\n<p><strong>Cilja \u00ebsht\u00eb dita m\u00eb e umtur n\u00eb jet\u00ebn t\u00ebnde?\u00a0 <\/strong><\/p>\n<p>\u201eKur Barcelona ka fituar ndaj Realit me rezultat 6:2!\u201c<\/p>\n<p>Abelant Zahiri<\/p>\n<p><strong>Si duket nj\u00eb dit\u00eb e juaja?<\/strong><\/p>\n<p>\u201eNj\u00eb dit\u00eb e imja duket k\u00ebshtu: zgjimi, m\u00ebngjezi, kafeja me shoq\u00ebrin\u00eb, sht\u00ebpi, gjum, p\u00ebrcjelja e t\u00eb gjitha emisioneve t\u00eb mundura spanjolle. N\u00eb rast t\u00eb koh\u00ebs s\u00eb lir\u00eb, ndodh\u00eb q\u00eb t\u00eb m\u00ebsoj para se t\u00eb fle\u2019\u2019<\/p>\n<p>Milena Andrejeviq\u00a0<\/p>\n<p><strong>A duhet q\u00eb simpatia yte t\u2019i tregoj\u00eb ndjenjat e saj publikisht?<\/strong><\/p>\n<p>\u201eN\u00ebse i vjen keq publikisht, at\u00ebher\u00eb t\u2019i tregoj\u00eb n\u00eb msheft\u00ebsi\u201c<\/p>\n<p>Miroslav Xhikiq<\/p>\n<p><strong>Qka \u00ebsht\u00eb divorci?<\/strong><\/p>\n<p>\u201eKur dy divorcohen, kurse vet\u00ebm f\u00ebmij\u00ebve u vjen keq!\u201c<\/p>\n<p>Dalip Idiq<\/p>\n<p><strong>Me cilin profesion kurr nuk do t\u00eb merresh?\u00a0<\/strong><\/p>\n<p>\u201eKurr\u00eb nuk do t\u00eb\u00a0merresha me narkomanin\u00eb!\u201c<\/p>\n<p>Bujar Bajrami\u00a0<\/p>\n<p>Projektin ,,Ti dhe Un\u00eb jemi Ne\u2019\u2019 finanson Trupi Koordinues i Qeveris\u00eb s\u00eb Republik\u00ebs s\u00eb Serbis\u00eb. Q\u00ebllimi i \u00ebsht\u00eb q\u00eb n\u00eb m\u00ebnyr\u00eb kreative dhe krijuese t\u00eb inkurajojm\u00eb rinin\u00eb t\u00eb marrin pjes\u00eb n\u00eb shoq\u00ebri.<\/p>\n<p><\/meta><br \/>\n<\/meta><br \/>\n<\/meta><br \/>\n<\/meta><\/p>\n","protected":false},"excerpt":{"rendered":"<p>Gjasht\u00ebmb\u00ebdhjet\u00eb t\u00eb rinj\u00eb nga Presheva, Bujanoci dhe Medvegja nga t\u00eb gjitha grupet etnike (pes\u00eb Shqip\u00ebtar\u00eb, gjasht\u00eb Serb\u00eb dhe pes\u00eb Rom\u00eb) momentalisht\u00eb me forca t\u00eb p\u00ebrbashk\u00ebta punojn\u00eb n\u00eb pregatitjen e \u00e7faqjes ,,Ti dhe un\u00eb jemi Ne\u2019\u2019 e cila ka t\u00eb b\u00ebj\u00eb me periudh\u00ebn e rritjes. Artist\u00ebt dhe autor\u00ebt e \u00e7faqjes, nj\u00ebkoh\u00ebsisht\u00eb jan\u00eb edhe figurat kryesore t\u00eb \u00e7faqjes, prandaj teksti nis\u00eb me kombinimin e shiqimit t\u00eb tyre n\u00eb k\u00ebt\u00eb bot\u00eb. P\u00ebrmbledhja e materialit p\u00ebr \u00e7faqje ka filluar me p\u00ebrpilimin e pyetjeve t\u00eb shumta t\u00eb cilat frekuentuesit \u00ebsht\u00eb dashur t\u2019i plot\u00ebsojn\u00eb.<\/p>\n","protected":false},"author":1,"featured_media":143186,"comment_status":"closed","ping_status":"closed","sticky":false,"template":"","format":"standard","meta":{"footnotes":""},"categories":[55],"tags":[],"class_list":["post-143181","post","type-post","status-publish","format-standard","has-post-thumbnail","hentry","category-lajme"],"yoast_head":"<!-- This site is optimized with the Yoast SEO plugin v27.4 - https:\/\/yoast.com\/product\/yoast-seo-wordpress\/ -->\n<title>\u201eTI DHE UN\u00cb JEMI NE, E NE KRENOHEMI Q\u00cb PUNOJM\u00cb ME TY!\u201c - Republika e S\u00ebrbis\u00eb Trupi Koordinues p\u00ebr komunat Bujanoc, Preshev\u00eb dhe Medvegj\u00eb<\/title>\n<meta name=\"robots\" content=\"index, follow, max-snippet:-1, max-image-preview:large, max-video-preview:-1\" \/>\n<link rel=\"canonical\" href=\"https:\/\/kt.gov.rs\/sq\/ti-dhe-une-jemi-ne-e-ne-krenohemi-qe-punojme-me-ty\/\" \/>\n<meta property=\"og:locale\" content=\"sq_AL\" \/>\n<meta property=\"og:type\" content=\"article\" \/>\n<meta property=\"og:title\" content=\"\u201eTI DHE UN\u00cb JEMI NE, E NE KRENOHEMI Q\u00cb PUNOJM\u00cb ME TY!\u201c - Republika e S\u00ebrbis\u00eb Trupi Koordinues p\u00ebr komunat Bujanoc, Preshev\u00eb dhe Medvegj\u00eb\" \/>\n<meta property=\"og:description\" content=\"Gjasht\u00ebmb\u00ebdhjet\u00eb t\u00eb rinj\u00eb nga Presheva, Bujanoci dhe Medvegja nga t\u00eb gjitha grupet etnike (pes\u00eb Shqip\u00ebtar\u00eb, gjasht\u00eb Serb\u00eb dhe pes\u00eb Rom\u00eb) momentalisht\u00eb me forca t\u00eb p\u00ebrbashk\u00ebta punojn\u00eb n\u00eb pregatitjen e \u00e7faqjes ,,Ti dhe un\u00eb jemi Ne\u2019\u2019 e cila ka t\u00eb b\u00ebj\u00eb me periudh\u00ebn e rritjes. Artist\u00ebt dhe autor\u00ebt e \u00e7faqjes, nj\u00ebkoh\u00ebsisht\u00eb jan\u00eb edhe figurat kryesore t\u00eb \u00e7faqjes, prandaj teksti nis\u00eb me kombinimin e shiqimit t\u00eb tyre n\u00eb k\u00ebt\u00eb bot\u00eb. P\u00ebrmbledhja e materialit p\u00ebr \u00e7faqje ka filluar me p\u00ebrpilimin e pyetjeve t\u00eb shumta t\u00eb cilat frekuentuesit \u00ebsht\u00eb dashur t\u2019i plot\u00ebsojn\u00eb.\" \/>\n<meta property=\"og:url\" content=\"https:\/\/kt.gov.rs\/sq\/ti-dhe-une-jemi-ne-e-ne-krenohemi-qe-punojme-me-ty\/\" \/>\n<meta property=\"og:site_name\" content=\"Republika e S\u00ebrbis\u00eb Trupi Koordinues p\u00ebr komunat Bujanoc, Preshev\u00eb dhe Medvegj\u00eb\" \/>\n<meta property=\"article:publisher\" content=\"https:\/\/www.facebook.com\/SluzbaKoordinacionogTelaVladeRepublikeSrbije\" \/>\n<meta property=\"article:published_time\" content=\"2009-11-13T00:00:00+00:00\" \/>\n<meta property=\"article:modified_time\" content=\"2024-07-30T20:24:01+00:00\" \/>\n<meta property=\"og:image\" content=\"https:\/\/kt.gov.rs\/wp-content\/uploads\/2024\/07\/pic056vesti-5.jpg\" \/>\n\t<meta property=\"og:image:width\" content=\"250\" \/>\n\t<meta property=\"og:image:height\" content=\"166\" \/>\n\t<meta property=\"og:image:type\" content=\"image\/jpeg\" \/>\n<meta name=\"author\" content=\"ktmin\" \/>\n<meta name=\"twitter:card\" content=\"summary_large_image\" \/>\n<meta name=\"twitter:creator\" content=\"@kt_gov\" \/>\n<meta name=\"twitter:site\" content=\"@kt_gov\" \/>\n<meta name=\"twitter:label1\" content=\"Written by\" \/>\n\t<meta name=\"twitter:data1\" content=\"ktmin\" \/>\n\t<meta name=\"twitter:label2\" content=\"Est. reading time\" \/>\n\t<meta name=\"twitter:data2\" content=\"11 minutes\" \/>\n<script type=\"application\/ld+json\" class=\"yoast-schema-graph\">{\"@context\":\"https:\\\/\\\/schema.org\",\"@graph\":[{\"@type\":\"Article\",\"@id\":\"https:\\\/\\\/kt.gov.rs\\\/sq\\\/ti-dhe-une-jemi-ne-e-ne-krenohemi-qe-punojme-me-ty\\\/#article\",\"isPartOf\":{\"@id\":\"https:\\\/\\\/kt.gov.rs\\\/sq\\\/ti-dhe-une-jemi-ne-e-ne-krenohemi-qe-punojme-me-ty\\\/\"},\"author\":{\"name\":\"ktmin\",\"@id\":\"https:\\\/\\\/kt.gov.rs\\\/#\\\/schema\\\/person\\\/e426459ddb4173309103390602694571\"},\"headline\":\"\u201eTI DHE UN\u00cb JEMI NE, E NE KRENOHEMI Q\u00cb PUNOJM\u00cb ME TY!\u201c\",\"datePublished\":\"2009-11-13T00:00:00+00:00\",\"dateModified\":\"2024-07-30T20:24:01+00:00\",\"mainEntityOfPage\":{\"@id\":\"https:\\\/\\\/kt.gov.rs\\\/sq\\\/ti-dhe-une-jemi-ne-e-ne-krenohemi-qe-punojme-me-ty\\\/\"},\"wordCount\":2154,\"publisher\":{\"@id\":\"https:\\\/\\\/kt.gov.rs\\\/#organization\"},\"image\":{\"@id\":\"https:\\\/\\\/kt.gov.rs\\\/sq\\\/ti-dhe-une-jemi-ne-e-ne-krenohemi-qe-punojme-me-ty\\\/#primaryimage\"},\"thumbnailUrl\":\"https:\\\/\\\/kt.gov.rs\\\/wp-content\\\/uploads\\\/2024\\\/07\\\/pic056vesti-5.jpg\",\"articleSection\":[\"Lajme\"],\"inLanguage\":\"sq-AL\"},{\"@type\":\"WebPage\",\"@id\":\"https:\\\/\\\/kt.gov.rs\\\/sq\\\/ti-dhe-une-jemi-ne-e-ne-krenohemi-qe-punojme-me-ty\\\/\",\"url\":\"https:\\\/\\\/kt.gov.rs\\\/sq\\\/ti-dhe-une-jemi-ne-e-ne-krenohemi-qe-punojme-me-ty\\\/\",\"name\":\"\u201eTI DHE UN\u00cb JEMI NE, E NE KRENOHEMI Q\u00cb PUNOJM\u00cb ME TY!\u201c - Republika e S\u00ebrbis\u00eb Trupi Koordinues p\u00ebr komunat Bujanoc, Preshev\u00eb dhe Medvegj\u00eb\",\"isPartOf\":{\"@id\":\"https:\\\/\\\/kt.gov.rs\\\/#website\"},\"primaryImageOfPage\":{\"@id\":\"https:\\\/\\\/kt.gov.rs\\\/sq\\\/ti-dhe-une-jemi-ne-e-ne-krenohemi-qe-punojme-me-ty\\\/#primaryimage\"},\"image\":{\"@id\":\"https:\\\/\\\/kt.gov.rs\\\/sq\\\/ti-dhe-une-jemi-ne-e-ne-krenohemi-qe-punojme-me-ty\\\/#primaryimage\"},\"thumbnailUrl\":\"https:\\\/\\\/kt.gov.rs\\\/wp-content\\\/uploads\\\/2024\\\/07\\\/pic056vesti-5.jpg\",\"datePublished\":\"2009-11-13T00:00:00+00:00\",\"dateModified\":\"2024-07-30T20:24:01+00:00\",\"breadcrumb\":{\"@id\":\"https:\\\/\\\/kt.gov.rs\\\/sq\\\/ti-dhe-une-jemi-ne-e-ne-krenohemi-qe-punojme-me-ty\\\/#breadcrumb\"},\"inLanguage\":\"sq-AL\",\"potentialAction\":[{\"@type\":\"ReadAction\",\"target\":[\"https:\\\/\\\/kt.gov.rs\\\/sq\\\/ti-dhe-une-jemi-ne-e-ne-krenohemi-qe-punojme-me-ty\\\/\"]}]},{\"@type\":\"ImageObject\",\"inLanguage\":\"sq-AL\",\"@id\":\"https:\\\/\\\/kt.gov.rs\\\/sq\\\/ti-dhe-une-jemi-ne-e-ne-krenohemi-qe-punojme-me-ty\\\/#primaryimage\",\"url\":\"https:\\\/\\\/kt.gov.rs\\\/wp-content\\\/uploads\\\/2024\\\/07\\\/pic056vesti-5.jpg\",\"contentUrl\":\"https:\\\/\\\/kt.gov.rs\\\/wp-content\\\/uploads\\\/2024\\\/07\\\/pic056vesti-5.jpg\",\"width\":250,\"height\":166},{\"@type\":\"BreadcrumbList\",\"@id\":\"https:\\\/\\\/kt.gov.rs\\\/sq\\\/ti-dhe-une-jemi-ne-e-ne-krenohemi-qe-punojme-me-ty\\\/#breadcrumb\",\"itemListElement\":[{\"@type\":\"ListItem\",\"position\":1,\"name\":\"\u041f\u043e\u0447\u0435\u0442\u043d\u0430\",\"item\":\"https:\\\/\\\/kt.gov.rs\\\/sq\\\/\"},{\"@type\":\"ListItem\",\"position\":2,\"name\":\"\u201eTI DHE UN\u00cb JEMI NE, E NE KRENOHEMI Q\u00cb PUNOJM\u00cb ME TY!\u201c\"}]},{\"@type\":\"WebSite\",\"@id\":\"https:\\\/\\\/kt.gov.rs\\\/#website\",\"url\":\"https:\\\/\\\/kt.gov.rs\\\/\",\"name\":\"\u041a\u043e\u043e\u0440\u0434\u0438\u043d\u0430\u0446\u0438\u043e\u043d\u043e \u0442\u0435\u043b\u043e \u0412\u043b\u0430\u0434\u0435 \u0420\u0435\u043f\u0443\u0431\u043b\u0438\u043a\u0435 \u0421\u0440\u0431\u0438\u0458\u0435 \u0437\u0430 \u043e\u043f\u0448\u0442\u0438\u043d\u0435 \u041f\u0440\u0435\u0448\u0435\u0432\u043e, \u0411\u0443\u0458\u0430\u043d\u043e\u0432\u0430\u0446 \u0438 \u041c\u0435\u0434\u0432\u0435\u0452a\",\"description\":\"\",\"publisher\":{\"@id\":\"https:\\\/\\\/kt.gov.rs\\\/#organization\"},\"alternateName\":\"\u041a\u043e\u043e\u0440\u0434\u0438\u043d\u0430\u0446\u0438\u043e\u043d\u043e \u0442\u0435\u043b\u043e\",\"potentialAction\":[{\"@type\":\"SearchAction\",\"target\":{\"@type\":\"EntryPoint\",\"urlTemplate\":\"https:\\\/\\\/kt.gov.rs\\\/?s={search_term_string}\"},\"query-input\":{\"@type\":\"PropertyValueSpecification\",\"valueRequired\":true,\"valueName\":\"search_term_string\"}}],\"inLanguage\":\"sq-AL\"},{\"@type\":\"Organization\",\"@id\":\"https:\\\/\\\/kt.gov.rs\\\/#organization\",\"name\":\"\u041a\u043e\u043e\u0440\u0434\u0438\u043d\u0430\u0446\u0438\u043e\u043d\u043e \u0442\u0435\u043b\u043e \u0412\u043b\u0430\u0434\u0435 \u0420\u0435\u043f\u0443\u0431\u043b\u0438\u043a\u0435 \u0421\u0440\u0431\u0438\u0458\u0435 \u0437\u0430 \u043e\u043f\u0448\u0442\u0438\u043d\u0435 \u041f\u0440\u0435\u0448\u0435\u0432\u043e, \u0411\u0443\u0458\u0430\u043d\u043e\u0432\u0430\u0446 \u0438 \u041c\u0435\u0434\u0432\u0435\u0452a\",\"alternateName\":\"\u041a\u043e\u043e\u0440\u0434\u0438\u043d\u0430\u0446\u0438\u043e\u043d\u043e \u0442\u0435\u043b\u043e\",\"url\":\"https:\\\/\\\/kt.gov.rs\\\/\",\"logo\":{\"@type\":\"ImageObject\",\"inLanguage\":\"sq-AL\",\"@id\":\"https:\\\/\\\/kt.gov.rs\\\/#\\\/schema\\\/logo\\\/image\\\/\",\"url\":\"https:\\\/\\\/kt.gov.rs\\\/wp-content\\\/uploads\\\/2024\\\/12\\\/koord2.jpg\",\"contentUrl\":\"https:\\\/\\\/kt.gov.rs\\\/wp-content\\\/uploads\\\/2024\\\/12\\\/koord2.jpg\",\"width\":640,\"height\":480,\"caption\":\"\u041a\u043e\u043e\u0440\u0434\u0438\u043d\u0430\u0446\u0438\u043e\u043d\u043e \u0442\u0435\u043b\u043e \u0412\u043b\u0430\u0434\u0435 \u0420\u0435\u043f\u0443\u0431\u043b\u0438\u043a\u0435 \u0421\u0440\u0431\u0438\u0458\u0435 \u0437\u0430 \u043e\u043f\u0448\u0442\u0438\u043d\u0435 \u041f\u0440\u0435\u0448\u0435\u0432\u043e, \u0411\u0443\u0458\u0430\u043d\u043e\u0432\u0430\u0446 \u0438 \u041c\u0435\u0434\u0432\u0435\u0452a\"},\"image\":{\"@id\":\"https:\\\/\\\/kt.gov.rs\\\/#\\\/schema\\\/logo\\\/image\\\/\"},\"sameAs\":[\"https:\\\/\\\/www.facebook.com\\\/SluzbaKoordinacionogTelaVladeRepublikeSrbije\",\"https:\\\/\\\/x.com\\\/kt_gov\",\"https:\\\/\\\/www.youtube.com\\\/@koordinacionotelo\"]},{\"@type\":\"Person\",\"@id\":\"https:\\\/\\\/kt.gov.rs\\\/#\\\/schema\\\/person\\\/e426459ddb4173309103390602694571\",\"name\":\"ktmin\",\"image\":{\"@type\":\"ImageObject\",\"inLanguage\":\"sq-AL\",\"@id\":\"https:\\\/\\\/secure.gravatar.com\\\/avatar\\\/3985c961109853010c3fbc7ba30365bfba5db3dd6c525831d9c595c7525a615a?s=96&d=mm&r=g\",\"url\":\"https:\\\/\\\/secure.gravatar.com\\\/avatar\\\/3985c961109853010c3fbc7ba30365bfba5db3dd6c525831d9c595c7525a615a?s=96&d=mm&r=g\",\"contentUrl\":\"https:\\\/\\\/secure.gravatar.com\\\/avatar\\\/3985c961109853010c3fbc7ba30365bfba5db3dd6c525831d9c595c7525a615a?s=96&d=mm&r=g\",\"caption\":\"ktmin\"},\"sameAs\":[\"https:\\\/\\\/kt.gov.rs\"],\"url\":\"https:\\\/\\\/kt.gov.rs\\\/sq\\\/author\\\/ktmin\\\/\"}]}<\/script>\n<!-- \/ Yoast SEO plugin. -->","yoast_head_json":{"title":"\u201eTI DHE UN\u00cb JEMI NE, E NE KRENOHEMI Q\u00cb PUNOJM\u00cb ME TY!\u201c - Republika e S\u00ebrbis\u00eb Trupi Koordinues p\u00ebr komunat Bujanoc, Preshev\u00eb dhe Medvegj\u00eb","robots":{"index":"index","follow":"follow","max-snippet":"max-snippet:-1","max-image-preview":"max-image-preview:large","max-video-preview":"max-video-preview:-1"},"canonical":"https:\/\/kt.gov.rs\/sq\/ti-dhe-une-jemi-ne-e-ne-krenohemi-qe-punojme-me-ty\/","og_locale":"sq_AL","og_type":"article","og_title":"\u201eTI DHE UN\u00cb JEMI NE, E NE KRENOHEMI Q\u00cb PUNOJM\u00cb ME TY!\u201c - Republika e S\u00ebrbis\u00eb Trupi Koordinues p\u00ebr komunat Bujanoc, Preshev\u00eb dhe Medvegj\u00eb","og_description":"Gjasht\u00ebmb\u00ebdhjet\u00eb t\u00eb rinj\u00eb nga Presheva, Bujanoci dhe Medvegja nga t\u00eb gjitha grupet etnike (pes\u00eb Shqip\u00ebtar\u00eb, gjasht\u00eb Serb\u00eb dhe pes\u00eb Rom\u00eb) momentalisht\u00eb me forca t\u00eb p\u00ebrbashk\u00ebta punojn\u00eb n\u00eb pregatitjen e \u00e7faqjes ,,Ti dhe un\u00eb jemi Ne\u2019\u2019 e cila ka t\u00eb b\u00ebj\u00eb me periudh\u00ebn e rritjes. Artist\u00ebt dhe autor\u00ebt e \u00e7faqjes, nj\u00ebkoh\u00ebsisht\u00eb jan\u00eb edhe figurat kryesore t\u00eb \u00e7faqjes, prandaj teksti nis\u00eb me kombinimin e shiqimit t\u00eb tyre n\u00eb k\u00ebt\u00eb bot\u00eb. P\u00ebrmbledhja e materialit p\u00ebr \u00e7faqje ka filluar me p\u00ebrpilimin e pyetjeve t\u00eb shumta t\u00eb cilat frekuentuesit \u00ebsht\u00eb dashur t\u2019i plot\u00ebsojn\u00eb.","og_url":"https:\/\/kt.gov.rs\/sq\/ti-dhe-une-jemi-ne-e-ne-krenohemi-qe-punojme-me-ty\/","og_site_name":"Republika e S\u00ebrbis\u00eb Trupi Koordinues p\u00ebr komunat Bujanoc, Preshev\u00eb dhe Medvegj\u00eb","article_publisher":"https:\/\/www.facebook.com\/SluzbaKoordinacionogTelaVladeRepublikeSrbije","article_published_time":"2009-11-13T00:00:00+00:00","article_modified_time":"2024-07-30T20:24:01+00:00","og_image":[{"width":250,"height":166,"url":"https:\/\/kt.gov.rs\/wp-content\/uploads\/2024\/07\/pic056vesti-5.jpg","type":"image\/jpeg"}],"author":"ktmin","twitter_card":"summary_large_image","twitter_creator":"@kt_gov","twitter_site":"@kt_gov","twitter_misc":{"Written by":"ktmin","Est. reading time":"11 minutes"},"schema":{"@context":"https:\/\/schema.org","@graph":[{"@type":"Article","@id":"https:\/\/kt.gov.rs\/sq\/ti-dhe-une-jemi-ne-e-ne-krenohemi-qe-punojme-me-ty\/#article","isPartOf":{"@id":"https:\/\/kt.gov.rs\/sq\/ti-dhe-une-jemi-ne-e-ne-krenohemi-qe-punojme-me-ty\/"},"author":{"name":"ktmin","@id":"https:\/\/kt.gov.rs\/#\/schema\/person\/e426459ddb4173309103390602694571"},"headline":"\u201eTI DHE UN\u00cb JEMI NE, E NE KRENOHEMI Q\u00cb PUNOJM\u00cb ME TY!\u201c","datePublished":"2009-11-13T00:00:00+00:00","dateModified":"2024-07-30T20:24:01+00:00","mainEntityOfPage":{"@id":"https:\/\/kt.gov.rs\/sq\/ti-dhe-une-jemi-ne-e-ne-krenohemi-qe-punojme-me-ty\/"},"wordCount":2154,"publisher":{"@id":"https:\/\/kt.gov.rs\/#organization"},"image":{"@id":"https:\/\/kt.gov.rs\/sq\/ti-dhe-une-jemi-ne-e-ne-krenohemi-qe-punojme-me-ty\/#primaryimage"},"thumbnailUrl":"https:\/\/kt.gov.rs\/wp-content\/uploads\/2024\/07\/pic056vesti-5.jpg","articleSection":["Lajme"],"inLanguage":"sq-AL"},{"@type":"WebPage","@id":"https:\/\/kt.gov.rs\/sq\/ti-dhe-une-jemi-ne-e-ne-krenohemi-qe-punojme-me-ty\/","url":"https:\/\/kt.gov.rs\/sq\/ti-dhe-une-jemi-ne-e-ne-krenohemi-qe-punojme-me-ty\/","name":"\u201eTI DHE UN\u00cb JEMI NE, E NE KRENOHEMI Q\u00cb PUNOJM\u00cb ME TY!\u201c - Republika e S\u00ebrbis\u00eb Trupi Koordinues p\u00ebr komunat Bujanoc, Preshev\u00eb dhe Medvegj\u00eb","isPartOf":{"@id":"https:\/\/kt.gov.rs\/#website"},"primaryImageOfPage":{"@id":"https:\/\/kt.gov.rs\/sq\/ti-dhe-une-jemi-ne-e-ne-krenohemi-qe-punojme-me-ty\/#primaryimage"},"image":{"@id":"https:\/\/kt.gov.rs\/sq\/ti-dhe-une-jemi-ne-e-ne-krenohemi-qe-punojme-me-ty\/#primaryimage"},"thumbnailUrl":"https:\/\/kt.gov.rs\/wp-content\/uploads\/2024\/07\/pic056vesti-5.jpg","datePublished":"2009-11-13T00:00:00+00:00","dateModified":"2024-07-30T20:24:01+00:00","breadcrumb":{"@id":"https:\/\/kt.gov.rs\/sq\/ti-dhe-une-jemi-ne-e-ne-krenohemi-qe-punojme-me-ty\/#breadcrumb"},"inLanguage":"sq-AL","potentialAction":[{"@type":"ReadAction","target":["https:\/\/kt.gov.rs\/sq\/ti-dhe-une-jemi-ne-e-ne-krenohemi-qe-punojme-me-ty\/"]}]},{"@type":"ImageObject","inLanguage":"sq-AL","@id":"https:\/\/kt.gov.rs\/sq\/ti-dhe-une-jemi-ne-e-ne-krenohemi-qe-punojme-me-ty\/#primaryimage","url":"https:\/\/kt.gov.rs\/wp-content\/uploads\/2024\/07\/pic056vesti-5.jpg","contentUrl":"https:\/\/kt.gov.rs\/wp-content\/uploads\/2024\/07\/pic056vesti-5.jpg","width":250,"height":166},{"@type":"BreadcrumbList","@id":"https:\/\/kt.gov.rs\/sq\/ti-dhe-une-jemi-ne-e-ne-krenohemi-qe-punojme-me-ty\/#breadcrumb","itemListElement":[{"@type":"ListItem","position":1,"name":"\u041f\u043e\u0447\u0435\u0442\u043d\u0430","item":"https:\/\/kt.gov.rs\/sq\/"},{"@type":"ListItem","position":2,"name":"\u201eTI DHE UN\u00cb JEMI NE, E NE KRENOHEMI Q\u00cb PUNOJM\u00cb ME TY!\u201c"}]},{"@type":"WebSite","@id":"https:\/\/kt.gov.rs\/#website","url":"https:\/\/kt.gov.rs\/","name":"\u041a\u043e\u043e\u0440\u0434\u0438\u043d\u0430\u0446\u0438\u043e\u043d\u043e \u0442\u0435\u043b\u043e \u0412\u043b\u0430\u0434\u0435 \u0420\u0435\u043f\u0443\u0431\u043b\u0438\u043a\u0435 \u0421\u0440\u0431\u0438\u0458\u0435 \u0437\u0430 \u043e\u043f\u0448\u0442\u0438\u043d\u0435 \u041f\u0440\u0435\u0448\u0435\u0432\u043e, \u0411\u0443\u0458\u0430\u043d\u043e\u0432\u0430\u0446 \u0438 \u041c\u0435\u0434\u0432\u0435\u0452a","description":"","publisher":{"@id":"https:\/\/kt.gov.rs\/#organization"},"alternateName":"\u041a\u043e\u043e\u0440\u0434\u0438\u043d\u0430\u0446\u0438\u043e\u043d\u043e \u0442\u0435\u043b\u043e","potentialAction":[{"@type":"SearchAction","target":{"@type":"EntryPoint","urlTemplate":"https:\/\/kt.gov.rs\/?s={search_term_string}"},"query-input":{"@type":"PropertyValueSpecification","valueRequired":true,"valueName":"search_term_string"}}],"inLanguage":"sq-AL"},{"@type":"Organization","@id":"https:\/\/kt.gov.rs\/#organization","name":"\u041a\u043e\u043e\u0440\u0434\u0438\u043d\u0430\u0446\u0438\u043e\u043d\u043e \u0442\u0435\u043b\u043e \u0412\u043b\u0430\u0434\u0435 \u0420\u0435\u043f\u0443\u0431\u043b\u0438\u043a\u0435 \u0421\u0440\u0431\u0438\u0458\u0435 \u0437\u0430 \u043e\u043f\u0448\u0442\u0438\u043d\u0435 \u041f\u0440\u0435\u0448\u0435\u0432\u043e, \u0411\u0443\u0458\u0430\u043d\u043e\u0432\u0430\u0446 \u0438 \u041c\u0435\u0434\u0432\u0435\u0452a","alternateName":"\u041a\u043e\u043e\u0440\u0434\u0438\u043d\u0430\u0446\u0438\u043e\u043d\u043e \u0442\u0435\u043b\u043e","url":"https:\/\/kt.gov.rs\/","logo":{"@type":"ImageObject","inLanguage":"sq-AL","@id":"https:\/\/kt.gov.rs\/#\/schema\/logo\/image\/","url":"https:\/\/kt.gov.rs\/wp-content\/uploads\/2024\/12\/koord2.jpg","contentUrl":"https:\/\/kt.gov.rs\/wp-content\/uploads\/2024\/12\/koord2.jpg","width":640,"height":480,"caption":"\u041a\u043e\u043e\u0440\u0434\u0438\u043d\u0430\u0446\u0438\u043e\u043d\u043e \u0442\u0435\u043b\u043e \u0412\u043b\u0430\u0434\u0435 \u0420\u0435\u043f\u0443\u0431\u043b\u0438\u043a\u0435 \u0421\u0440\u0431\u0438\u0458\u0435 \u0437\u0430 \u043e\u043f\u0448\u0442\u0438\u043d\u0435 \u041f\u0440\u0435\u0448\u0435\u0432\u043e, \u0411\u0443\u0458\u0430\u043d\u043e\u0432\u0430\u0446 \u0438 \u041c\u0435\u0434\u0432\u0435\u0452a"},"image":{"@id":"https:\/\/kt.gov.rs\/#\/schema\/logo\/image\/"},"sameAs":["https:\/\/www.facebook.com\/SluzbaKoordinacionogTelaVladeRepublikeSrbije","https:\/\/x.com\/kt_gov","https:\/\/www.youtube.com\/@koordinacionotelo"]},{"@type":"Person","@id":"https:\/\/kt.gov.rs\/#\/schema\/person\/e426459ddb4173309103390602694571","name":"ktmin","image":{"@type":"ImageObject","inLanguage":"sq-AL","@id":"https:\/\/secure.gravatar.com\/avatar\/3985c961109853010c3fbc7ba30365bfba5db3dd6c525831d9c595c7525a615a?s=96&d=mm&r=g","url":"https:\/\/secure.gravatar.com\/avatar\/3985c961109853010c3fbc7ba30365bfba5db3dd6c525831d9c595c7525a615a?s=96&d=mm&r=g","contentUrl":"https:\/\/secure.gravatar.com\/avatar\/3985c961109853010c3fbc7ba30365bfba5db3dd6c525831d9c595c7525a615a?s=96&d=mm&r=g","caption":"ktmin"},"sameAs":["https:\/\/kt.gov.rs"],"url":"https:\/\/kt.gov.rs\/sq\/author\/ktmin\/"}]}},"_links":{"self":[{"href":"https:\/\/kt.gov.rs\/sq\/wp-json\/wp\/v2\/posts\/143181","targetHints":{"allow":["GET"]}}],"collection":[{"href":"https:\/\/kt.gov.rs\/sq\/wp-json\/wp\/v2\/posts"}],"about":[{"href":"https:\/\/kt.gov.rs\/sq\/wp-json\/wp\/v2\/types\/post"}],"author":[{"embeddable":true,"href":"https:\/\/kt.gov.rs\/sq\/wp-json\/wp\/v2\/users\/1"}],"replies":[{"embeddable":true,"href":"https:\/\/kt.gov.rs\/sq\/wp-json\/wp\/v2\/comments?post=143181"}],"version-history":[{"count":1,"href":"https:\/\/kt.gov.rs\/sq\/wp-json\/wp\/v2\/posts\/143181\/revisions"}],"predecessor-version":[{"id":143185,"href":"https:\/\/kt.gov.rs\/sq\/wp-json\/wp\/v2\/posts\/143181\/revisions\/143185"}],"wp:featuredmedia":[{"embeddable":true,"href":"https:\/\/kt.gov.rs\/sq\/wp-json\/wp\/v2\/media\/143186"}],"wp:attachment":[{"href":"https:\/\/kt.gov.rs\/sq\/wp-json\/wp\/v2\/media?parent=143181"}],"wp:term":[{"taxonomy":"category","embeddable":true,"href":"https:\/\/kt.gov.rs\/sq\/wp-json\/wp\/v2\/categories?post=143181"},{"taxonomy":"post_tag","embeddable":true,"href":"https:\/\/kt.gov.rs\/sq\/wp-json\/wp\/v2\/tags?post=143181"}],"curies":[{"name":"wp","href":"https:\/\/api.w.org\/{rel}","templated":true}]}}