{"id":143160,"date":"2009-11-20T00:00:00","date_gmt":"2009-11-20T00:00:00","guid":{"rendered":"http:\/\/kt.printandscreen.rs\/bursistet-e-trupit-koordinues-ne-beograd\/"},"modified":"2024-07-30T20:23:58","modified_gmt":"2024-07-30T20:23:58","slug":"bursistet-e-trupit-koordinues-ne-beograd","status":"publish","type":"post","link":"https:\/\/kt.gov.rs\/sq\/bursistet-e-trupit-koordinues-ne-beograd\/","title":{"rendered":"BURSIST\u00cbT E TRUPIT KOORDINUES N\u00cb BEOGRAD"},"content":{"rendered":"<p>\n<meta http-equiv=\"Content-Type\" content=\"text\/html; charset=utf-8\"><br \/>\n<meta name=\"ProgId\" content=\"Word.Document\"><br \/>\n<meta name=\"Generator\" content=\"Microsoft Word 11\"><br \/>\n<meta name=\"Originator\" content=\"Microsoft Word 11\">\n<link rel=\"File-List\" href=\"file:\/\/\/C:%5CDOCUME%7E1%5CRio%5CLOCALS%7E1%5CTemp%5Cmsohtml1%5C01%5Cclip_filelist.xml\" \/><!--[if gte mso 9]><xml>\n \n  Normal\n  0\n  \n  \n  false\n  false\n  false\n  \n   \n   \n   \n   \n   \n  \n  MicrosoftInternetExplorer4\n \n<\/xml><![endif]--><!--[if gte mso 9]><![endif]--><\/p>\n<style type=\"text\/css\">\n<!--\n \/* Style Definitions *\/\n p.MsoNormal, li.MsoNormal, div.MsoNormal\n\t{mso-style-parent:\"\";\n\tmargin:0cm;\n\tmargin-bottom:.0001pt;\n\tfont-size:12.0pt;\"Times New Roman\";\n\tmso-fareast-\"Times New Roman\";}\np.MsoHeader, li.MsoHeader, div.MsoHeader\n\t{margin:0cm;\n\tmargin-bottom:.0001pt;\n\tfont-size:12.0pt;\"Times New Roman\";\n\tmso-fareast-\"Times New Roman\";}\np.MsoFooter, li.MsoFooter, div.MsoFooter\n\t{margin:0cm;\n\tmargin-bottom:.0001pt;\n\tfont-size:12.0pt;\"Times New Roman\";\n\tmso-fareast-\"Times New Roman\";}\n@page Section1\n\t{size:612.0pt 792.0pt;\n\tmargin:72.0pt 90.0pt 72.0pt 90.0pt;}\ndiv.Section1\n\t{page:Section1;}\n-->\n<\/style>\n<p><!--[if gte mso 10]>\n\n\n<style>\n \/* Style Definitions *\/\n table.MsoNormalTable\n\t{mso-style-name:\"Table Normal\";\n\tmso-style-parent:\"\";\n\tfont-size:10.0pt;\"Times New Roman\";}\n<\/style>\n\n\n<![endif]--> <\/meta><br \/>\n<\/meta><br \/>\n<\/meta><br \/>\n<\/meta>\n<\/p>\n<p><img decoding=\"async\" align=\"left\" alt=\"\" src=\"https:\/\/kt.gov.rs\/wp-content\/uploads\/2024\/07\/pic066vesti-4.jpg\" \/>N\u00eb fotografin\u00eb e p\u00ebrbashk\u00ebt me kryetarin e Serbis\u00eb Boris Tadiq, Semra Hyseni dhe Milan Jovanoviq nga Presheva, Suada Latifi dhe Nikola Jovanoviq nga Bujanoci, Milica Shukoviq dhe Alban Salihu nga Medvagja si dhe 145 f\u00ebmij\u00eb, nx\u00ebn\u00ebs t\u00eb shkollave t\u00eb mesme nga Serbija jugore, bursist\u00eb t\u00eb Trupit Koordinues. Pas dit\u00ebs p\u00ebrplot ngjarjesh, bursist\u00ebt nuk I kan\u00eb mshehur p\u00ebrshtypjet e tyre.<\/p>\n<p>Ja disa nga fjalit\u00eb e tyre:<\/p>\n<p><strong>\u201eM\u00eb p\u00eblqen shum\u00eb Beogradi, \u00ebsht\u00eb shum\u00eb qytet i bukur, jam\u00eb shum\u00eb e lumtur dhe e mall\u00ebngjyer. Nuk dij\u00eb\u00a0qka t\u00eb them, qka ndjej tash k\u00ebtu. M\u00eb ka l\u00ebn\u00eb mbresa pritja tek kryetari Tadiq\u2019\u2019, deklaroi n\u00eb fund\u00eb t\u00eb vizit\u00ebs, nx\u00ebn\u00ebsja Emra Hyseni nga Presheva.<\/strong><\/p>\n<p><strong>Suada Latifi nga Bujanoci tha: ,,M\u00eb s\u00eb tep\u00ebrmi m\u00eb ka p\u00eblqyer kur kemi qen\u00eb n\u00eb Kuvendin e Republik\u00ebs s\u00eb Serbis\u00eb, ajo m\u00eb ka l\u00ebn\u00eb mbresa m\u00eb t\u00eb mira.\u2019\u2019, nd\u00ebrsa Milica Cukoviq nga Medvegja deklaroi: \u2019\u2019Kemi kaluar shum\u00eb mire, na kan\u00eb p\u00eblqyer nd\u00ebrtesat t\u00eb cilat i kemi vizituar, nd\u00ebrsa m\u00eb s\u00eb tep\u00ebrmi pritja nga ana e kryetarit Tadiq\u2019\u2019<\/strong><\/p>\n<p><strong>\u2018\u2019M\u00eb p\u00eblqen p\u00ebr s\u00eb teprmi qyteti, m\u00eb p\u00eblqejn\u00eb t\u00eb gjitha q\u00eb kemi par\u00eb si dhe takimi me kryetrin Tadiq. M\u00eb p\u00eblqen p\u00ebr s\u00eb tep\u00ebrmi kryeqyteti jon\u00eb\u2019\u2019, deklaroi Nuran Aliji<\/strong><\/p>\n<p>Kan\u00eb ardhur n\u00eb kryeqytetin e tyre n\u00eb ndarjen solemne t\u00eb kontratave t\u00eb bursave, me k\u00ebt\u00eb rast\u00eb p\u00ebrpos kryetarit t\u00eb Serbis\u00eb, kan\u00eb vizituar Kuvendin e Beogradit, kan\u00eb shetitur qendr\u00ebs s\u00eb qytetit dhe Kalemegdanin. N\u00eb fund\u00eb, p\u00ebr t\u00eb gjith\u00eb nx\u00ebn\u00ebsit gjat\u00eb vizit\u00ebs s\u00eb tyre t\u00eb par\u00eb t\u00eb kryeqytetit,\u00a0n\u00eb Pallat\u00ebn Serbija u jan\u00eb dor\u00ebzuar n\u00eb m\u00ebnyr\u00eb solemne kontratat e burs\u00ebs. P\u00ebrpos kontratave, Banka Serba (Srpska Banka) qdonj\u00ebrit prej tyre u ka dor\u00ebzuar nga nj\u00eb librez\u00eb kursimi me nga 5.000 dinar\u00eb t\u00eb deponuar. K\u00ebto dhurata nga Banka Serbe dhe Telekomi i Serbis\u00eb u kan\u00eb b\u00ebr\u00eb edhe m\u00eb t\u00eb lumtur vizit\u00ebn e bursist\u00ebve n\u00eb Beograd. N\u00eb fillim t\u00eb vizit\u00ebs s\u00eb tyre, mir\u00ebseardhje u ka d\u00ebshirua kryetari i Trupit Koordinues p\u00ebr komunat Preshev\u00eb, Bujanoc dhe Medvegj\u00eb dhe kryetar\u00eb i pushtetit lokal dhe i vet\u00ebqeverisjes lokale Milan Markoviq me shpres\u00eb se gjat\u00eb vizit\u00ebs s\u00eb tyre n\u00eb Beograd, f\u00ebmij\u00ebt do t\u00eb jen\u00eb t\u00eb lumtur duke shtuar: ,,<strong>S\u00eb shpejti ju do t\u00eb jeni profesor\u00eb, deputet\u00eb popullor\u00eb, zejtar\u00eb por para s\u00eb gjithash t\u00eb jeni njer\u00ebz t\u00eb mir\u00eb dhe Trupi Koordinues s\u00eb bashku me deputetin popullor\u00eb Riza Halimi dhe me kryetar\u00ebt e komunave t\u00eb juaja do t\u00eb b\u00ebjn\u00eb gjithqka q\u00eb \u00ebsht\u00eb e mundur q\u00eb t\u00eb sigurojn\u00eb\u00a0testet adekuate shkollore p\u00ebr shkollimin e juaj, mir\u00ebpo edhe mund\u00ebsin\u00eb t\u00eb cil\u00ebn e ka Medvegja, q\u00eb t\u00eb studjoni n\u00eb gjuh\u00ebn e juaj amtare atje ku edhe jetoni\u2019\u2019. <\/strong><\/p>\n<p><strong>Kryetari i Serbis\u00eb Boris Tadiq n\u00eb bised\u00eb me nx\u00ebn\u00ebsit e shkollave t\u00eb mesme nga komunat e Preshev\u00ebs, Bujanocit dhe Medvegj\u00ebs tha se ky \u00ebsht\u00eb nj\u00eb nder\u00eb i madh q\u00eb f\u00ebmij\u00ebt jan\u00eb n\u00eb nd\u00ebrtes\u00ebn e Kryesis\u00eb s\u00eb Serbis\u00eb me shpres\u00eb q\u00eb jan\u00eb pritur mir\u00eb n\u00eb kryeqytetin ton\u00eb. N\u00eb bised\u00eb me nx\u00ebn\u00ebsit e nacionaliteteve shqip\u00ebtare, serbe dhe rome tha se \u00ebsht\u00eb i krenar\u00eb nga d\u00ebshira e tyre q\u00eb t\u00eb m\u00ebsojn\u00eb dhe se shteti nga ana\u00a0e tij\u00eb ka gjetur m\u00ebnyr\u00ebn se si t\u2019i ndihmoj\u00eb finansiarisht p\u00ebr shkollimin\u00a0tyre.<\/strong><\/p>\n<p><strong>\u2013\u00a0Nuk ka gj\u00eb m\u00eb t\u00eb r\u00ebnd\u00ebsishme p\u00ebr f\u00ebmij\u00ebt dhe rinin\u00eb se sa t\u00eb shkollohen dhe t\u2019i p\u00ebrsosin aft\u00ebsit e tyre, sepse n\u00eb t\u00eb ardhmen do t\u00eb garoni me njer\u00ebzit nga shtetet e tjera t\u00eb cil\u00ebt do t\u00eb jen\u00eb konkurent\u00ebt e juaj- theksoi Tadiq dhe porositi bursist\u00ebt e rinj\u00eb se p\u00ebrpos m\u00ebsimit, ata duhet t\u00eb gjejn\u00eb koh\u00eb edhe p\u00ebr arg\u00ebtim.<\/strong><\/p>\n<p>Nx\u00ebn\u00ebsit para se t\u00eb takohen me kryetarin Tadiq, kan\u00eb qen\u00eb mysafir n\u00eb Kuvendin e Serbis\u00eb ku p\u00ebrpos kryetarit t\u00eb Trupit Koordinues Milan Markoviq i ka p\u00ebrsh\u00ebndetur edhe kryetarja e parlamentit Slavica Gjukiq Dejanoviq dhe deputeti popullor\u00eb nga Serbija jugore Riza Halimi. Nj\u00ebzet minuta nga galerija kan\u00eb ndjekur mbledhjen e parlamentit t\u00eb Serbis\u00eb. Kryetarja e kuvendit popullor\u00eb i ka porositur se bursat e fituara duhet t\u00eb sh\u00ebrbejn\u00eb p\u00ebr p\u00ebrfitimin e diturive t\u00eb reja dhe emocioneve pozitive.<\/p>\n<p><img decoding=\"async\" align=\"left\" alt=\"\" src=\"https:\/\/kt.gov.rs\/wp-content\/uploads\/2024\/07\/pic067vesti-2.jpg\" \/>Nx\u00ebn\u00ebsit n\u00eb kuvendin e Beogradit i priti ndihm\u00ebsja e kryetarit Radmila Hrustanoviq. <strong>N\u00eb fund\u00eb t\u00eb k\u00ebtij takimi, kryetari i komun\u00ebs s\u00eb Medvegj\u00ebs Sllobodan Drashkoviq u deklaroi gazetar\u00ebve: \u2019\u201999% e k\u00ebtyre f\u00ebmij\u00ebve jan\u00eb p\u00ebr her\u00eb t\u00eb par\u00eb n\u00eb Beograd, dhe kjo ka nj\u00eb dometh\u00ebnie t\u00eb madhe p\u00ebr ta. Mjaft\u00eb nd\u00ebgjojn\u00eb dhe shohin p\u00ebrmes Tv p\u00ebr\u00a0Beogradin, nd\u00ebrsa kur ta shijojn\u00eb dhe shohin, at\u00ebher\u00eb edhe m\u00eb tep\u00ebr do ta duan si Beogradin poashtu edhe vendlindjen e tyre\u2019\u2019<\/strong><\/p>\n<p>Nx\u00ebn\u00ebsit e shkollave t\u00eb mesme, bursist\u00ebt nga Presheva, Bujanoci, dhe Medvegja vizit\u00ebn e tyre n\u00eb Bg e kan\u00eb p\u00ebrfunduar n\u00eb Pallat\u00ebn Serbija ku u jan\u00eb dor\u00ebzuar n\u00eb m\u00ebnyr\u00eb solemne kontratat e bursave. Kontratat p\u00ebr 58 nx\u00ebn\u00ebs nga Presheva, 54 nga Bujanoci dhe 39 nga Medvegja u ka dor\u00ebzuar kryetari i Trupit Koordinues p\u00ebr komunat e Preshev\u00ebs, Bujanocit dhe Medvegj\u00ebs dhe ministri i arsimit Zharko Obradoviq. Suma e burs\u00ebs nj\u00ebmujore \u00ebsht\u00eb nga 5.000 dinar\u00eb. <strong>Me k\u00ebt\u00eb rast\u00eb ministri Markoviq theksoi: ,,Q\u00ebllimi yn\u00eb ka qen\u00eb q\u00eb t\u00eb finansojm\u00eb sa m\u00eb tep\u00ebr nx\u00ebn\u00ebs dhe ja, pas konkursit k\u00ebtu jan\u00eb 151 nx\u00ebn\u00ebs q\u00eb do t\u00eb finansohen gjat\u00eb t\u00ebr\u00eb vitit shkollor\u00eb me nj\u00eb sum\u00eb solide t\u00eb hollash e cila sum\u00eb do t\u2019u ndihmoj\u00eb n\u00eb jet\u00ebn e p\u00ebrditshme. Natyrisht\u00eb, ky \u00ebsht\u00eb vet\u00ebm nj\u00eb nga projektet. Q\u00ebllimi yn\u00eb \u00ebsht\u00eb, kur \u00ebsht\u00eb n\u00eb pyetje arsimi, q\u00eb qdo f\u00ebmij\u00eb nga Presheva, Bujanoci dhe Medvegja t\u00eb m\u00ebsojn\u00eb shkoll\u00ebn fillore dhe t\u00eb mesme dhe t\u00eb studjojn\u00eb n\u00eb gjuh\u00ebn e tyre amtare. Ne k\u00ebt\u00eb vit\u00eb kemi filluar me shkolat fillore, me klas\u00ebt e para,\u00a0e un\u00eb shpresoj se gjat\u00eb vitit t\u00eb ardhsh\u00ebm, e m\u00eb s\u00eb voni pas dy vitesh do t\u00eb kemi kompletet e librave p\u00ebr nx\u00ebn\u00ebsit e k\u00ebtyre tri komunave n\u00eb gjuh\u00ebn e tyre amtare. Ne mendojm\u00eb q\u00eb nuk ka zhvillim t\u00eb Preshev\u00ebs, Bujanocit dhe Medvegj\u00ebs dhe nuk ka jet\u00eb t\u00eb mir\u00ebfillt\u00eb t\u00eb p\u00ebrbashk\u00ebt t\u00eb Serb\u00ebve, Shqip\u00ebtar\u00ebve dhe Rom\u00ebve q\u00eb jetojn\u00eb n\u00eb k\u00ebto komuna pa investim n\u00eb rini, n\u00eb shkollimin e tyre, n\u00eb ardhm\u00ebrin\u00eb e tyre. Ata jan\u00eb ata t\u00eb cil\u00ebt duhet t\u2019i p\u00ebrmir\u00ebsojn\u00eb gabimet e paraardh\u00ebsve t\u00eb tyre, ata jan\u00eb t\u00eb cil\u00ebve duhet\u00a0 t\u2019ua mund\u00ebsojm\u00eb nj\u00eb ardhm\u00ebri m\u00eb t\u00eb lumtur se ate q\u00eb kemi pasur ne n\u00eb t\u00eb kaluar\u00ebn ton\u00eb. P\u00ebr ate, theks t\u00eb veqant\u00eb Trupi Koordinues u ka dh\u00ebn\u00eb rinis\u00eb, posaq\u00ebrisht\u00eb f\u00ebmij\u00ebve q\u00eb tash jan\u00eb n\u00eb shkolla fillore, t\u00eb mesme dhe ata t\u00eb cil\u00ebt tash studjojn\u00eb. E dini se pak m\u00eb her\u00ebt kemi hapur dy paralele t\u00eb Univerzitetit t\u00eb Nishit n\u00eb Medvegj\u00eb. Atje tash \u00ebsht\u00eb e mundur q\u00eb t\u00eb studjohet drejt\u00ebsia\u00a0dhe ekonomia n\u00eb gjuh\u00ebn shqipe.\u00a0 Tekstet jan\u00eb t\u00eb p\u00ebrkthyera duke ju fal\u00ebnderuar miq\u00ebve tan\u00eb nga USAID-i, deri n\u00eb fund t\u00eb vitit do t\u2019i p\u00ebrkthejm\u00eb edhe tekstet p\u00ebr vitin e dyt\u00eb, t\u00eb tret\u00eb dhe t\u00eb kat\u00ebrt, nd\u00ebrsa intenzivisht punojm\u00eb me OSBE-n\u00eb n\u00eb studion e fiziblitetit q\u00eb p\u00ebr nx\u00ebn\u00ebsit nga Presheva dhe Bujanoci q\u00eb aty ku jetojn\u00eb t\u00eb hapen paralele t\u00eb ngjajshme q\u00eb k\u00ebta nx\u00ebn\u00ebs m\u00eb von\u00eb t\u00eb studjojn\u00eb n\u00eb gjuh\u00ebn e tyre amtare. P\u00ebrpos k\u00ebsaj\u00eb, mund\u00eb t\u00eb ju siguroj se edhe p\u00ebr vitin e ardhsh\u00ebm kemi sigurar mjete p\u00ebr finansimin e nj\u00eb numri edhe m\u00eb t\u00eb madh\u00eb nx\u00ebn\u00ebsish e q\u00eb detyra e tyre e vetme t\u00eb jet\u00eb m\u00ebsimi dhe n\u00eb at\u00eb m\u00ebnyr\u00eb q\u00eb ata t\u2019u kthehen shtetit t\u00eb tyre dhe t\u00eb kontribuojn\u00eb p\u00ebr t\u00eb mir\u00ebn e shtetit dhe shoq\u00ebris\u00eb ku edhe jetojn\u00eb. Ate qka mund t\u2019i porosis nx\u00ebn\u00ebsit \u00ebsht\u00eb: m\u00ebsoni se nuk keni obligime m\u00eb t\u00eb m\u00ebdha se m\u00ebsimi, dhe dijen q\u00eb e fitoni, askush nuk mund\u00eb t\u2019ua marr\u00eb dhe nga dija mvaret se qfar jete do t\u00eb keni. Kjo q\u00eb sot punoni, ky \u00ebsht\u00eb investimi p\u00ebr t\u00eb ardhm\u00ebn e juaj. Ne do t\u00eb mundohemi q\u00eb t\u2019ua sigurojm\u00eb kushtet m\u00eb t\u00eb mira, nd\u00ebrsa ju k\u00ebt\u00eb e b\u00ebni p\u00ebr vet\u00ebveten, p\u00ebr komun\u00ebn tuaj dhe p\u00ebr k\u00ebt\u00eb shtet\u2019\u2019.<\/strong><\/p>\n<p><strong><img decoding=\"async\" align=\"left\" alt=\"\" src=\"https:\/\/kt.gov.rs\/wp-content\/uploads\/2024\/07\/pic068vesti-2.jpg\" \/>Ministri Zharko Obradoviq edhe k\u00ebsaj here theksoi se ministria e <\/strong><\/p>\n<p><strong>arsimit pa rezerv\u00eb p\u00ebrkrah\u00eb pun\u00ebn e Trupit Koordinues n\u00eb drejtim t\u00eb arsimit dhe se k\u00ebt\u00eb do ta b\u00ebj\u00eb edhe n\u00eb t\u00eb ardhmen.<\/strong><\/p>\n<p>N\u00eb em\u00ebr t\u00eb komun\u00ebs s\u00eb Preshev\u00ebs, Bujanocit dhe Medvegj\u00ebs gjat\u00eb dor\u00ebzimit t\u00eb kontratave t\u00eb bursave, kryetari i <strong>komun\u00ebs s\u00eb Bujanocit Shaip Kamberi deklaroi: ,,Kjo \u00ebsht\u00eb hera e par\u00eb q\u00eb organizohet nj\u00eb gj\u00eb e till\u00eb. Ne do t\u00eb mundohemi q\u00eb p\u00ebrmes bashk\u00ebpunimit me Trupin Koordinues, para s\u00eb gjithash p\u00ebrmes projekteve t\u00eb cilat i bashkojn\u00eb komunitetet e ndryshme n\u00eb Bujanoc dhe ndikojn\u00eb n\u00eb stabilitetin e komunave tona\u2019\u2019.<\/strong><\/p>\n<p>Kryetari i bordit t\u00eb drejtor\u00ebve t\u00eb Bank\u00ebs Serbe (Srpska Banka)Ivan Mari\u00e7iq qdo bursisti i ka dhuruar librez\u00eb kursimi me nga pes\u00eb mij\u00eb dinar\u00eb t\u00eb deponuar. Milica Amixhiq n\u00eb em\u00ebr t\u00eb Telekomit ka dhuruar nx\u00ebn\u00ebsve t\u00eb shkollave t\u00eb mesme dhurata solide. Zonja Amixhiq dhe zot\u00ebriu Mari\u00e7iq theksuan se kompanit\u00eb e tyre gjithmon\u00eb me k\u00ebnaq\u00ebsi investojn\u00eb n\u00eb rini dhe dituri.<\/p>\n<p><img decoding=\"async\" align=\"left\" src=\"https:\/\/kt.gov.rs\/wp-content\/uploads\/2024\/07\/pic070vesti-2.jpg\" alt=\"\" \/>Gjersa n\u00eb konkurs kan\u00eb konkuruar 819 nx\u00ebn\u00ebs, burs\u00ebn e kan\u00eb fituar 151 nx\u00ebn\u00ebs. Burs\u00ebn e kan\u00eb fituar para s\u00eb gjithash nx\u00ebn\u00ebsit t\u00eb cil\u00ebt nuk kan\u00eb nj\u00ebrin apo t\u00eb dy prind\u00ebrit, por pas k\u00ebsaj\u00eb, kriteriumi p\u00ebr p\u00ebrfitimin e burs\u00ebs ka qen\u00eb statusi social i prind\u00ebrve apo kujdestar\u00ebve t\u00eb tyre si dhe suksesi i vitit t\u00eb kaluar shkollor\u00eb. Midis bursist\u00ebve, 89 jan\u00eb Shqip\u00ebtar\u00eb, 41 Serb\u00eb dhe 12 Rom\u00eb. Bursat e fituara, nx\u00ebn\u00ebsit do t\u2019i marrin deri n\u00eb fund\u00eb t\u00eb vitit shkollor\u00eb. Trupi Koordinues n\u00eb qershor\u00eb t\u00eb vitit t\u00eb ardsh\u00ebm prap\u00eb do t\u00eb shpall\u00eb konkurs p\u00ebr finansimin e nx\u00ebn\u00ebsve t\u00eb shkollave t\u00eb mesme p\u00ebr vitin shkollor\u00eb 2010\/2011<\/p>\n<p>\u00a0<\/p>\n","protected":false},"excerpt":{"rendered":"<p>N\u00eb fotografin\u00eb e p\u00ebrbashk\u00ebt me kryetarin e Serbis\u00eb Boris Tadiq, Semra Hyseni dhe Milan Jovanoviq nga Presheva, Suada Latifi dhe Nikola Jovanoviq nga Bujanoci, Milica Shukoviq dhe Alban Salihu nga Medvagja si dhe 145 f\u00ebmij\u00eb, nx\u00ebn\u00ebs t\u00eb shkollave t\u00eb mesme nga Serbija jugore, bursist\u00eb t\u00eb Trupit Koordinues. Pas dit\u00ebs p\u00ebrplot ngjarjesh, bursist\u00ebt nuk I kan\u00eb mshehur p\u00ebrshtypjet e tyre.<\/p>\n","protected":false},"author":1,"featured_media":143174,"comment_status":"closed","ping_status":"closed","sticky":false,"template":"","format":"standard","meta":{"footnotes":""},"categories":[55],"tags":[],"class_list":["post-143160","post","type-post","status-publish","format-standard","has-post-thumbnail","hentry","category-lajme"],"yoast_head":"<!-- This site is optimized with the Yoast SEO plugin v27.4 - https:\/\/yoast.com\/product\/yoast-seo-wordpress\/ -->\n<title>BURSIST\u00cbT E TRUPIT KOORDINUES N\u00cb BEOGRAD - Republika e S\u00ebrbis\u00eb Trupi Koordinues p\u00ebr komunat Bujanoc, Preshev\u00eb dhe Medvegj\u00eb<\/title>\n<meta name=\"robots\" content=\"index, follow, max-snippet:-1, max-image-preview:large, max-video-preview:-1\" \/>\n<link rel=\"canonical\" href=\"https:\/\/kt.gov.rs\/sq\/bursistet-e-trupit-koordinues-ne-beograd\/\" \/>\n<meta property=\"og:locale\" content=\"sq_AL\" \/>\n<meta property=\"og:type\" content=\"article\" \/>\n<meta property=\"og:title\" content=\"BURSIST\u00cbT E TRUPIT KOORDINUES N\u00cb BEOGRAD - Republika e S\u00ebrbis\u00eb Trupi Koordinues p\u00ebr komunat Bujanoc, Preshev\u00eb dhe Medvegj\u00eb\" \/>\n<meta property=\"og:description\" content=\"N\u00eb fotografin\u00eb e p\u00ebrbashk\u00ebt me kryetarin e Serbis\u00eb Boris Tadiq, Semra Hyseni dhe Milan Jovanoviq nga Presheva, Suada Latifi dhe Nikola Jovanoviq nga Bujanoci, Milica Shukoviq dhe Alban Salihu nga Medvagja si dhe 145 f\u00ebmij\u00eb, nx\u00ebn\u00ebs t\u00eb shkollave t\u00eb mesme nga Serbija jugore, bursist\u00eb t\u00eb Trupit Koordinues. Pas dit\u00ebs p\u00ebrplot ngjarjesh, bursist\u00ebt nuk I kan\u00eb mshehur p\u00ebrshtypjet e tyre.\" \/>\n<meta property=\"og:url\" content=\"https:\/\/kt.gov.rs\/sq\/bursistet-e-trupit-koordinues-ne-beograd\/\" \/>\n<meta property=\"og:site_name\" content=\"Republika e S\u00ebrbis\u00eb Trupi Koordinues p\u00ebr komunat Bujanoc, Preshev\u00eb dhe Medvegj\u00eb\" \/>\n<meta property=\"article:publisher\" content=\"https:\/\/www.facebook.com\/SluzbaKoordinacionogTelaVladeRepublikeSrbije\" \/>\n<meta property=\"article:published_time\" content=\"2009-11-20T00:00:00+00:00\" \/>\n<meta property=\"article:modified_time\" content=\"2024-07-30T20:23:58+00:00\" \/>\n<meta property=\"og:image\" content=\"https:\/\/kt.gov.rs\/wp-content\/uploads\/2024\/07\/pic066vesti-5.jpg\" \/>\n\t<meta property=\"og:image:width\" content=\"250\" \/>\n\t<meta property=\"og:image:height\" content=\"166\" \/>\n\t<meta property=\"og:image:type\" content=\"image\/jpeg\" \/>\n<meta name=\"author\" content=\"ktmin\" \/>\n<meta name=\"twitter:card\" content=\"summary_large_image\" \/>\n<meta name=\"twitter:creator\" content=\"@kt_gov\" \/>\n<meta name=\"twitter:site\" content=\"@kt_gov\" \/>\n<meta name=\"twitter:label1\" content=\"Written by\" \/>\n\t<meta name=\"twitter:data1\" content=\"ktmin\" \/>\n\t<meta name=\"twitter:label2\" content=\"Est. reading time\" \/>\n\t<meta name=\"twitter:data2\" content=\"9 minutes\" \/>\n<script type=\"application\/ld+json\" class=\"yoast-schema-graph\">{\"@context\":\"https:\\\/\\\/schema.org\",\"@graph\":[{\"@type\":\"Article\",\"@id\":\"https:\\\/\\\/kt.gov.rs\\\/sq\\\/bursistet-e-trupit-koordinues-ne-beograd\\\/#article\",\"isPartOf\":{\"@id\":\"https:\\\/\\\/kt.gov.rs\\\/sq\\\/bursistet-e-trupit-koordinues-ne-beograd\\\/\"},\"author\":{\"name\":\"ktmin\",\"@id\":\"https:\\\/\\\/kt.gov.rs\\\/#\\\/schema\\\/person\\\/e426459ddb4173309103390602694571\"},\"headline\":\"BURSIST\u00cbT E TRUPIT KOORDINUES N\u00cb BEOGRAD\",\"datePublished\":\"2009-11-20T00:00:00+00:00\",\"dateModified\":\"2024-07-30T20:23:58+00:00\",\"mainEntityOfPage\":{\"@id\":\"https:\\\/\\\/kt.gov.rs\\\/sq\\\/bursistet-e-trupit-koordinues-ne-beograd\\\/\"},\"wordCount\":1846,\"publisher\":{\"@id\":\"https:\\\/\\\/kt.gov.rs\\\/#organization\"},\"image\":{\"@id\":\"https:\\\/\\\/kt.gov.rs\\\/sq\\\/bursistet-e-trupit-koordinues-ne-beograd\\\/#primaryimage\"},\"thumbnailUrl\":\"https:\\\/\\\/kt.gov.rs\\\/wp-content\\\/uploads\\\/2024\\\/07\\\/pic066vesti-5.jpg\",\"articleSection\":[\"Lajme\"],\"inLanguage\":\"sq-AL\"},{\"@type\":\"WebPage\",\"@id\":\"https:\\\/\\\/kt.gov.rs\\\/sq\\\/bursistet-e-trupit-koordinues-ne-beograd\\\/\",\"url\":\"https:\\\/\\\/kt.gov.rs\\\/sq\\\/bursistet-e-trupit-koordinues-ne-beograd\\\/\",\"name\":\"BURSIST\u00cbT E TRUPIT KOORDINUES N\u00cb BEOGRAD - Republika e S\u00ebrbis\u00eb Trupi Koordinues p\u00ebr komunat Bujanoc, Preshev\u00eb dhe Medvegj\u00eb\",\"isPartOf\":{\"@id\":\"https:\\\/\\\/kt.gov.rs\\\/#website\"},\"primaryImageOfPage\":{\"@id\":\"https:\\\/\\\/kt.gov.rs\\\/sq\\\/bursistet-e-trupit-koordinues-ne-beograd\\\/#primaryimage\"},\"image\":{\"@id\":\"https:\\\/\\\/kt.gov.rs\\\/sq\\\/bursistet-e-trupit-koordinues-ne-beograd\\\/#primaryimage\"},\"thumbnailUrl\":\"https:\\\/\\\/kt.gov.rs\\\/wp-content\\\/uploads\\\/2024\\\/07\\\/pic066vesti-5.jpg\",\"datePublished\":\"2009-11-20T00:00:00+00:00\",\"dateModified\":\"2024-07-30T20:23:58+00:00\",\"breadcrumb\":{\"@id\":\"https:\\\/\\\/kt.gov.rs\\\/sq\\\/bursistet-e-trupit-koordinues-ne-beograd\\\/#breadcrumb\"},\"inLanguage\":\"sq-AL\",\"potentialAction\":[{\"@type\":\"ReadAction\",\"target\":[\"https:\\\/\\\/kt.gov.rs\\\/sq\\\/bursistet-e-trupit-koordinues-ne-beograd\\\/\"]}]},{\"@type\":\"ImageObject\",\"inLanguage\":\"sq-AL\",\"@id\":\"https:\\\/\\\/kt.gov.rs\\\/sq\\\/bursistet-e-trupit-koordinues-ne-beograd\\\/#primaryimage\",\"url\":\"https:\\\/\\\/kt.gov.rs\\\/wp-content\\\/uploads\\\/2024\\\/07\\\/pic066vesti-5.jpg\",\"contentUrl\":\"https:\\\/\\\/kt.gov.rs\\\/wp-content\\\/uploads\\\/2024\\\/07\\\/pic066vesti-5.jpg\",\"width\":250,\"height\":166},{\"@type\":\"BreadcrumbList\",\"@id\":\"https:\\\/\\\/kt.gov.rs\\\/sq\\\/bursistet-e-trupit-koordinues-ne-beograd\\\/#breadcrumb\",\"itemListElement\":[{\"@type\":\"ListItem\",\"position\":1,\"name\":\"\u041f\u043e\u0447\u0435\u0442\u043d\u0430\",\"item\":\"https:\\\/\\\/kt.gov.rs\\\/sq\\\/\"},{\"@type\":\"ListItem\",\"position\":2,\"name\":\"BURSIST\u00cbT E TRUPIT KOORDINUES N\u00cb BEOGRAD\"}]},{\"@type\":\"WebSite\",\"@id\":\"https:\\\/\\\/kt.gov.rs\\\/#website\",\"url\":\"https:\\\/\\\/kt.gov.rs\\\/\",\"name\":\"\u041a\u043e\u043e\u0440\u0434\u0438\u043d\u0430\u0446\u0438\u043e\u043d\u043e \u0442\u0435\u043b\u043e \u0412\u043b\u0430\u0434\u0435 \u0420\u0435\u043f\u0443\u0431\u043b\u0438\u043a\u0435 \u0421\u0440\u0431\u0438\u0458\u0435 \u0437\u0430 \u043e\u043f\u0448\u0442\u0438\u043d\u0435 \u041f\u0440\u0435\u0448\u0435\u0432\u043e, \u0411\u0443\u0458\u0430\u043d\u043e\u0432\u0430\u0446 \u0438 \u041c\u0435\u0434\u0432\u0435\u0452a\",\"description\":\"\",\"publisher\":{\"@id\":\"https:\\\/\\\/kt.gov.rs\\\/#organization\"},\"alternateName\":\"\u041a\u043e\u043e\u0440\u0434\u0438\u043d\u0430\u0446\u0438\u043e\u043d\u043e \u0442\u0435\u043b\u043e\",\"potentialAction\":[{\"@type\":\"SearchAction\",\"target\":{\"@type\":\"EntryPoint\",\"urlTemplate\":\"https:\\\/\\\/kt.gov.rs\\\/?s={search_term_string}\"},\"query-input\":{\"@type\":\"PropertyValueSpecification\",\"valueRequired\":true,\"valueName\":\"search_term_string\"}}],\"inLanguage\":\"sq-AL\"},{\"@type\":\"Organization\",\"@id\":\"https:\\\/\\\/kt.gov.rs\\\/#organization\",\"name\":\"\u041a\u043e\u043e\u0440\u0434\u0438\u043d\u0430\u0446\u0438\u043e\u043d\u043e \u0442\u0435\u043b\u043e \u0412\u043b\u0430\u0434\u0435 \u0420\u0435\u043f\u0443\u0431\u043b\u0438\u043a\u0435 \u0421\u0440\u0431\u0438\u0458\u0435 \u0437\u0430 \u043e\u043f\u0448\u0442\u0438\u043d\u0435 \u041f\u0440\u0435\u0448\u0435\u0432\u043e, \u0411\u0443\u0458\u0430\u043d\u043e\u0432\u0430\u0446 \u0438 \u041c\u0435\u0434\u0432\u0435\u0452a\",\"alternateName\":\"\u041a\u043e\u043e\u0440\u0434\u0438\u043d\u0430\u0446\u0438\u043e\u043d\u043e \u0442\u0435\u043b\u043e\",\"url\":\"https:\\\/\\\/kt.gov.rs\\\/\",\"logo\":{\"@type\":\"ImageObject\",\"inLanguage\":\"sq-AL\",\"@id\":\"https:\\\/\\\/kt.gov.rs\\\/#\\\/schema\\\/logo\\\/image\\\/\",\"url\":\"https:\\\/\\\/kt.gov.rs\\\/wp-content\\\/uploads\\\/2024\\\/12\\\/koord2.jpg\",\"contentUrl\":\"https:\\\/\\\/kt.gov.rs\\\/wp-content\\\/uploads\\\/2024\\\/12\\\/koord2.jpg\",\"width\":640,\"height\":480,\"caption\":\"\u041a\u043e\u043e\u0440\u0434\u0438\u043d\u0430\u0446\u0438\u043e\u043d\u043e \u0442\u0435\u043b\u043e \u0412\u043b\u0430\u0434\u0435 \u0420\u0435\u043f\u0443\u0431\u043b\u0438\u043a\u0435 \u0421\u0440\u0431\u0438\u0458\u0435 \u0437\u0430 \u043e\u043f\u0448\u0442\u0438\u043d\u0435 \u041f\u0440\u0435\u0448\u0435\u0432\u043e, \u0411\u0443\u0458\u0430\u043d\u043e\u0432\u0430\u0446 \u0438 \u041c\u0435\u0434\u0432\u0435\u0452a\"},\"image\":{\"@id\":\"https:\\\/\\\/kt.gov.rs\\\/#\\\/schema\\\/logo\\\/image\\\/\"},\"sameAs\":[\"https:\\\/\\\/www.facebook.com\\\/SluzbaKoordinacionogTelaVladeRepublikeSrbije\",\"https:\\\/\\\/x.com\\\/kt_gov\",\"https:\\\/\\\/www.youtube.com\\\/@koordinacionotelo\"]},{\"@type\":\"Person\",\"@id\":\"https:\\\/\\\/kt.gov.rs\\\/#\\\/schema\\\/person\\\/e426459ddb4173309103390602694571\",\"name\":\"ktmin\",\"image\":{\"@type\":\"ImageObject\",\"inLanguage\":\"sq-AL\",\"@id\":\"https:\\\/\\\/secure.gravatar.com\\\/avatar\\\/3985c961109853010c3fbc7ba30365bfba5db3dd6c525831d9c595c7525a615a?s=96&d=mm&r=g\",\"url\":\"https:\\\/\\\/secure.gravatar.com\\\/avatar\\\/3985c961109853010c3fbc7ba30365bfba5db3dd6c525831d9c595c7525a615a?s=96&d=mm&r=g\",\"contentUrl\":\"https:\\\/\\\/secure.gravatar.com\\\/avatar\\\/3985c961109853010c3fbc7ba30365bfba5db3dd6c525831d9c595c7525a615a?s=96&d=mm&r=g\",\"caption\":\"ktmin\"},\"sameAs\":[\"https:\\\/\\\/kt.gov.rs\"],\"url\":\"https:\\\/\\\/kt.gov.rs\\\/sq\\\/author\\\/ktmin\\\/\"}]}<\/script>\n<!-- \/ Yoast SEO plugin. -->","yoast_head_json":{"title":"BURSIST\u00cbT E TRUPIT KOORDINUES N\u00cb BEOGRAD - Republika e S\u00ebrbis\u00eb Trupi Koordinues p\u00ebr komunat Bujanoc, Preshev\u00eb dhe Medvegj\u00eb","robots":{"index":"index","follow":"follow","max-snippet":"max-snippet:-1","max-image-preview":"max-image-preview:large","max-video-preview":"max-video-preview:-1"},"canonical":"https:\/\/kt.gov.rs\/sq\/bursistet-e-trupit-koordinues-ne-beograd\/","og_locale":"sq_AL","og_type":"article","og_title":"BURSIST\u00cbT E TRUPIT KOORDINUES N\u00cb BEOGRAD - Republika e S\u00ebrbis\u00eb Trupi Koordinues p\u00ebr komunat Bujanoc, Preshev\u00eb dhe Medvegj\u00eb","og_description":"N\u00eb fotografin\u00eb e p\u00ebrbashk\u00ebt me kryetarin e Serbis\u00eb Boris Tadiq, Semra Hyseni dhe Milan Jovanoviq nga Presheva, Suada Latifi dhe Nikola Jovanoviq nga Bujanoci, Milica Shukoviq dhe Alban Salihu nga Medvagja si dhe 145 f\u00ebmij\u00eb, nx\u00ebn\u00ebs t\u00eb shkollave t\u00eb mesme nga Serbija jugore, bursist\u00eb t\u00eb Trupit Koordinues. Pas dit\u00ebs p\u00ebrplot ngjarjesh, bursist\u00ebt nuk I kan\u00eb mshehur p\u00ebrshtypjet e tyre.","og_url":"https:\/\/kt.gov.rs\/sq\/bursistet-e-trupit-koordinues-ne-beograd\/","og_site_name":"Republika e S\u00ebrbis\u00eb Trupi Koordinues p\u00ebr komunat Bujanoc, Preshev\u00eb dhe Medvegj\u00eb","article_publisher":"https:\/\/www.facebook.com\/SluzbaKoordinacionogTelaVladeRepublikeSrbije","article_published_time":"2009-11-20T00:00:00+00:00","article_modified_time":"2024-07-30T20:23:58+00:00","og_image":[{"width":250,"height":166,"url":"https:\/\/kt.gov.rs\/wp-content\/uploads\/2024\/07\/pic066vesti-5.jpg","type":"image\/jpeg"}],"author":"ktmin","twitter_card":"summary_large_image","twitter_creator":"@kt_gov","twitter_site":"@kt_gov","twitter_misc":{"Written by":"ktmin","Est. reading time":"9 minutes"},"schema":{"@context":"https:\/\/schema.org","@graph":[{"@type":"Article","@id":"https:\/\/kt.gov.rs\/sq\/bursistet-e-trupit-koordinues-ne-beograd\/#article","isPartOf":{"@id":"https:\/\/kt.gov.rs\/sq\/bursistet-e-trupit-koordinues-ne-beograd\/"},"author":{"name":"ktmin","@id":"https:\/\/kt.gov.rs\/#\/schema\/person\/e426459ddb4173309103390602694571"},"headline":"BURSIST\u00cbT E TRUPIT KOORDINUES N\u00cb BEOGRAD","datePublished":"2009-11-20T00:00:00+00:00","dateModified":"2024-07-30T20:23:58+00:00","mainEntityOfPage":{"@id":"https:\/\/kt.gov.rs\/sq\/bursistet-e-trupit-koordinues-ne-beograd\/"},"wordCount":1846,"publisher":{"@id":"https:\/\/kt.gov.rs\/#organization"},"image":{"@id":"https:\/\/kt.gov.rs\/sq\/bursistet-e-trupit-koordinues-ne-beograd\/#primaryimage"},"thumbnailUrl":"https:\/\/kt.gov.rs\/wp-content\/uploads\/2024\/07\/pic066vesti-5.jpg","articleSection":["Lajme"],"inLanguage":"sq-AL"},{"@type":"WebPage","@id":"https:\/\/kt.gov.rs\/sq\/bursistet-e-trupit-koordinues-ne-beograd\/","url":"https:\/\/kt.gov.rs\/sq\/bursistet-e-trupit-koordinues-ne-beograd\/","name":"BURSIST\u00cbT E TRUPIT KOORDINUES N\u00cb BEOGRAD - Republika e S\u00ebrbis\u00eb Trupi Koordinues p\u00ebr komunat Bujanoc, Preshev\u00eb dhe Medvegj\u00eb","isPartOf":{"@id":"https:\/\/kt.gov.rs\/#website"},"primaryImageOfPage":{"@id":"https:\/\/kt.gov.rs\/sq\/bursistet-e-trupit-koordinues-ne-beograd\/#primaryimage"},"image":{"@id":"https:\/\/kt.gov.rs\/sq\/bursistet-e-trupit-koordinues-ne-beograd\/#primaryimage"},"thumbnailUrl":"https:\/\/kt.gov.rs\/wp-content\/uploads\/2024\/07\/pic066vesti-5.jpg","datePublished":"2009-11-20T00:00:00+00:00","dateModified":"2024-07-30T20:23:58+00:00","breadcrumb":{"@id":"https:\/\/kt.gov.rs\/sq\/bursistet-e-trupit-koordinues-ne-beograd\/#breadcrumb"},"inLanguage":"sq-AL","potentialAction":[{"@type":"ReadAction","target":["https:\/\/kt.gov.rs\/sq\/bursistet-e-trupit-koordinues-ne-beograd\/"]}]},{"@type":"ImageObject","inLanguage":"sq-AL","@id":"https:\/\/kt.gov.rs\/sq\/bursistet-e-trupit-koordinues-ne-beograd\/#primaryimage","url":"https:\/\/kt.gov.rs\/wp-content\/uploads\/2024\/07\/pic066vesti-5.jpg","contentUrl":"https:\/\/kt.gov.rs\/wp-content\/uploads\/2024\/07\/pic066vesti-5.jpg","width":250,"height":166},{"@type":"BreadcrumbList","@id":"https:\/\/kt.gov.rs\/sq\/bursistet-e-trupit-koordinues-ne-beograd\/#breadcrumb","itemListElement":[{"@type":"ListItem","position":1,"name":"\u041f\u043e\u0447\u0435\u0442\u043d\u0430","item":"https:\/\/kt.gov.rs\/sq\/"},{"@type":"ListItem","position":2,"name":"BURSIST\u00cbT E TRUPIT KOORDINUES N\u00cb BEOGRAD"}]},{"@type":"WebSite","@id":"https:\/\/kt.gov.rs\/#website","url":"https:\/\/kt.gov.rs\/","name":"\u041a\u043e\u043e\u0440\u0434\u0438\u043d\u0430\u0446\u0438\u043e\u043d\u043e \u0442\u0435\u043b\u043e \u0412\u043b\u0430\u0434\u0435 \u0420\u0435\u043f\u0443\u0431\u043b\u0438\u043a\u0435 \u0421\u0440\u0431\u0438\u0458\u0435 \u0437\u0430 \u043e\u043f\u0448\u0442\u0438\u043d\u0435 \u041f\u0440\u0435\u0448\u0435\u0432\u043e, \u0411\u0443\u0458\u0430\u043d\u043e\u0432\u0430\u0446 \u0438 \u041c\u0435\u0434\u0432\u0435\u0452a","description":"","publisher":{"@id":"https:\/\/kt.gov.rs\/#organization"},"alternateName":"\u041a\u043e\u043e\u0440\u0434\u0438\u043d\u0430\u0446\u0438\u043e\u043d\u043e \u0442\u0435\u043b\u043e","potentialAction":[{"@type":"SearchAction","target":{"@type":"EntryPoint","urlTemplate":"https:\/\/kt.gov.rs\/?s={search_term_string}"},"query-input":{"@type":"PropertyValueSpecification","valueRequired":true,"valueName":"search_term_string"}}],"inLanguage":"sq-AL"},{"@type":"Organization","@id":"https:\/\/kt.gov.rs\/#organization","name":"\u041a\u043e\u043e\u0440\u0434\u0438\u043d\u0430\u0446\u0438\u043e\u043d\u043e \u0442\u0435\u043b\u043e \u0412\u043b\u0430\u0434\u0435 \u0420\u0435\u043f\u0443\u0431\u043b\u0438\u043a\u0435 \u0421\u0440\u0431\u0438\u0458\u0435 \u0437\u0430 \u043e\u043f\u0448\u0442\u0438\u043d\u0435 \u041f\u0440\u0435\u0448\u0435\u0432\u043e, \u0411\u0443\u0458\u0430\u043d\u043e\u0432\u0430\u0446 \u0438 \u041c\u0435\u0434\u0432\u0435\u0452a","alternateName":"\u041a\u043e\u043e\u0440\u0434\u0438\u043d\u0430\u0446\u0438\u043e\u043d\u043e \u0442\u0435\u043b\u043e","url":"https:\/\/kt.gov.rs\/","logo":{"@type":"ImageObject","inLanguage":"sq-AL","@id":"https:\/\/kt.gov.rs\/#\/schema\/logo\/image\/","url":"https:\/\/kt.gov.rs\/wp-content\/uploads\/2024\/12\/koord2.jpg","contentUrl":"https:\/\/kt.gov.rs\/wp-content\/uploads\/2024\/12\/koord2.jpg","width":640,"height":480,"caption":"\u041a\u043e\u043e\u0440\u0434\u0438\u043d\u0430\u0446\u0438\u043e\u043d\u043e \u0442\u0435\u043b\u043e \u0412\u043b\u0430\u0434\u0435 \u0420\u0435\u043f\u0443\u0431\u043b\u0438\u043a\u0435 \u0421\u0440\u0431\u0438\u0458\u0435 \u0437\u0430 \u043e\u043f\u0448\u0442\u0438\u043d\u0435 \u041f\u0440\u0435\u0448\u0435\u0432\u043e, \u0411\u0443\u0458\u0430\u043d\u043e\u0432\u0430\u0446 \u0438 \u041c\u0435\u0434\u0432\u0435\u0452a"},"image":{"@id":"https:\/\/kt.gov.rs\/#\/schema\/logo\/image\/"},"sameAs":["https:\/\/www.facebook.com\/SluzbaKoordinacionogTelaVladeRepublikeSrbije","https:\/\/x.com\/kt_gov","https:\/\/www.youtube.com\/@koordinacionotelo"]},{"@type":"Person","@id":"https:\/\/kt.gov.rs\/#\/schema\/person\/e426459ddb4173309103390602694571","name":"ktmin","image":{"@type":"ImageObject","inLanguage":"sq-AL","@id":"https:\/\/secure.gravatar.com\/avatar\/3985c961109853010c3fbc7ba30365bfba5db3dd6c525831d9c595c7525a615a?s=96&d=mm&r=g","url":"https:\/\/secure.gravatar.com\/avatar\/3985c961109853010c3fbc7ba30365bfba5db3dd6c525831d9c595c7525a615a?s=96&d=mm&r=g","contentUrl":"https:\/\/secure.gravatar.com\/avatar\/3985c961109853010c3fbc7ba30365bfba5db3dd6c525831d9c595c7525a615a?s=96&d=mm&r=g","caption":"ktmin"},"sameAs":["https:\/\/kt.gov.rs"],"url":"https:\/\/kt.gov.rs\/sq\/author\/ktmin\/"}]}},"_links":{"self":[{"href":"https:\/\/kt.gov.rs\/sq\/wp-json\/wp\/v2\/posts\/143160","targetHints":{"allow":["GET"]}}],"collection":[{"href":"https:\/\/kt.gov.rs\/sq\/wp-json\/wp\/v2\/posts"}],"about":[{"href":"https:\/\/kt.gov.rs\/sq\/wp-json\/wp\/v2\/types\/post"}],"author":[{"embeddable":true,"href":"https:\/\/kt.gov.rs\/sq\/wp-json\/wp\/v2\/users\/1"}],"replies":[{"embeddable":true,"href":"https:\/\/kt.gov.rs\/sq\/wp-json\/wp\/v2\/comments?post=143160"}],"version-history":[{"count":1,"href":"https:\/\/kt.gov.rs\/sq\/wp-json\/wp\/v2\/posts\/143160\/revisions"}],"predecessor-version":[{"id":143173,"href":"https:\/\/kt.gov.rs\/sq\/wp-json\/wp\/v2\/posts\/143160\/revisions\/143173"}],"wp:featuredmedia":[{"embeddable":true,"href":"https:\/\/kt.gov.rs\/sq\/wp-json\/wp\/v2\/media\/143174"}],"wp:attachment":[{"href":"https:\/\/kt.gov.rs\/sq\/wp-json\/wp\/v2\/media?parent=143160"}],"wp:term":[{"taxonomy":"category","embeddable":true,"href":"https:\/\/kt.gov.rs\/sq\/wp-json\/wp\/v2\/categories?post=143160"},{"taxonomy":"post_tag","embeddable":true,"href":"https:\/\/kt.gov.rs\/sq\/wp-json\/wp\/v2\/tags?post=143160"}],"curies":[{"name":"wp","href":"https:\/\/api.w.org\/{rel}","templated":true}]}}