{"id":143159,"date":"2009-11-25T00:00:00","date_gmt":"2009-11-25T00:00:00","guid":{"rendered":"http:\/\/kt.printandscreen.rs\/24-11-2009\/"},"modified":"2009-11-25T00:00:00","modified_gmt":"2009-11-25T00:00:00","slug":"24-11-2009","status":"publish","type":"post","link":"https:\/\/kt.gov.rs\/sq\/24-11-2009\/","title":{"rendered":"24.11.2009"},"content":{"rendered":"<p>Kryetari i Serbis\u00eb dhe ministri i mbrojtjes Dragan Shutanovac dje solemnisht kan\u00eb hapur baz\u00ebn ushtarake ,,Jug\u2019\u2019 n\u00eb Bujanoc duke potencuar se kjo baz\u00eb do t\u00eb jet\u00eb faktori kyq i stabilitetit n\u00eb k\u00ebt\u00eb pjes\u00eb t\u00eb Serbis\u00eb, mir\u00ebpo edhe potencial zhvillimor\u00eb, duke marr\u00eb parasysh\u00eb se k\u00ebtu do t\u00eb pun\u00ebsohen me mij\u00ebra ushtarak profesional.<\/p>\n<p>Kryetari Tadiq, gjat\u00eb hapjes solemne, theksoi se, ekzistenca e baz\u00ebs ushtarake n\u00eb komun\u00ebn e Bujanocit \u00ebsht\u00eb garancion i stabilitetit dhe siguris\u00eb n\u00eb k\u00ebt\u00eb pjes\u00eb t\u00eb Serbis\u00eb. ,,T\u00eb gjith\u00eb ata q\u00eb d\u00ebshirojn\u00eb paqen, stabilitetin, mar\u00ebdh\u00ebnie t\u00eb mira nd\u00ebrkomb\u00ebtare dhe stabilitet regjional sot duhet t\u00eb jen\u00eb t\u00eb lumtur me hapjen e baz\u00ebs ,,Jug\u2019\u2019. Kryetari i Serbis\u00eb theksoi se me hapjen e k\u00ebsaj baze, nuk do t\u00eb jen\u00eb t\u00eb lumtur, vet\u00ebm ata t\u00eb cil\u00ebt nuk d\u00ebshirojn\u00eb stabilitetin dhe paqen por edhe ata t\u00eb cil\u00ebt d\u00ebshirojn\u00eb q\u00eb jugu i Serbis\u00eb t\u00eb jet\u00eb koridor kontrabandimi dhe teritor nga i cili do t\u00eb p\u00ebrhapet kriminaliteti i organizuar. Ushtria, sipas fjal\u00ebve t\u00eb tij\u00eb, nuk \u00ebsht\u00eb vet\u00ebm garant i stabilitetit dhe integritetit teritorial, por do t\u00eb jet\u00eb edhe element kyq shtet\u00ebror\u00eb n\u00eb luft\u00eb kund\u00ebr kriminalitetit t\u00eb organizuar dhe terorizmit. ,,Pres q\u00eb baza Jug t\u00eb jet\u00eb nj\u00eb element kyq n\u00eb kontribut p\u00ebr pregatitjen e ushtris\u00eb son\u00eb n\u00eb pjes\u00ebmarrjen e misioneve paq\u00ebsore, sepse p\u00ebrgjegj\u00ebsia nd\u00ebrkomb\u00ebtare e Serbis\u00eb \u00ebsht\u00eb nj\u00eb parakusht i kredibilitetit t\u00eb saj\u00eb n\u00eb bot\u00eb\u2019\u2019, teksoi Tadiq dhe tha se dy interese strategjike t\u00eb Serbis\u00eb jan\u00eb: an\u00ebtar\u00ebsimi i Serbis\u00eb n\u00eb UE dhe ruajtja e integritetit teritorial n\u00eb Kosov\u00eb. Sipas fjal\u00ebve t\u00eb tij\u00eb, hapja e baz\u00ebs ,,Jug\u2019\u2019 \u00ebsht\u00eb e r\u00ebnd\u00ebsishme edhe p\u00ebr zhvillimin ekonomik t\u00eb Serbis\u00eb sepse s\u00eb bashku me Koridorin 10 kjo do t\u00eb ndikoj\u00eb n\u00eb zhvillimin regjional t\u00eb k\u00ebsaj pjese t\u00eb Serbis\u00eb.<\/p>\n<p>Kryetari Tadiq poashtu deklaroi se n\u00eb teritorin e Serbis\u00eb kurr\u00eb nuk do t\u00eb ket\u00eb baza t\u00eb huaja ushtarake. Tadiq theksoi se n\u00eb baz\u00ebn ushtarake ,,Jug\u2019\u2019 p\u00ebr pjes\u00ebmarrje n\u00eb misione paq\u00ebsore k\u00ebtu do t\u00eb trajnohen edhe pjes\u00ebtar\u00ebt e ushtrive t\u00eb huaja-por vet\u00ebm s\u00eb bashku me Ushtrin\u00eb e Serbis\u00eb. Ai prap potencoi r\u00ebnd\u00ebsin\u00eb e pjes\u00ebmarrjes s\u00eb ustar\u00ebve nga Serbia n\u00eb operacionet e KB p\u00ebr ngritjen e reputacionit t\u00eb vendit.<\/p>\n<p>Ministri i mbrojtjes Dragan Shutanovac rikujtoi se baza ,,Jug\u2019\u2019 \u00ebsht\u00eb objekti m\u00eb i madh dhe m\u00eb i r\u00ebnd\u00ebsish\u00ebm infrastrukturor\u00eb t\u00eb silin ka nd\u00ebrtuar n\u00eb k\u00ebto decenie t\u00eb fundit Ministria e mbrojtjes, duke shtuar se n\u00eb nd\u00ebrtimin e saj\u00eb jan\u00eb investuar nj\u00eb miliard\u00eb e shtat\u00ebqind milion dinar\u00eb. Shutanovac paralajm\u00ebroi se egsiston mund\u00ebsia q\u00eb kjo baz\u00eb t\u00eb zgjerohet edhe p\u00ebr 60 hektar\u00eb n\u00eb m\u00ebnyr\u00eb q\u00eb kjo t\u00eb sh\u00ebnd\u00ebrrohet n\u00eb qend\u00ebr p\u00ebr trajnimin e pjes\u00ebtar\u00ebve p\u00ebr misione nd\u00ebrkomb\u00ebtare. ,,D\u00ebshira jon\u00eb \u00ebsht\u00eb q\u00eb kjo baz\u00eb ushtarake t\u00eb sh\u00ebrbej\u00eb si model p\u00ebr nd\u00ebrtimin e bazave tjera ushtarake n\u00eb Serbi\u2019\u2019 tha Shutanovac. Duke potencuar r\u00ebnd\u00ebsin\u00eb bashk\u00ebpunimin civilo-ushtarak dhe kontributin e baz\u00ebs n\u00eb zhvillimin ekonomik regjional, Shutanovac theksoi se p\u00ebrpos q\u00eb n\u00eb k\u00ebt\u00eb baz\u00eb do t\u00eb pun\u00ebsohen qytetar\u00ebt lokal, qytetar\u00ebt do t\u00eb ken\u00eb n\u00eb dispozicion edhe sh\u00ebrbimet e ambulanc\u00ebs s\u00eb k\u00ebsaj baze.<\/p>\n<p>Kompleksi n\u00eb t\u00eb cilin gjendet baza kap\u00eb nj\u00eb sip\u00ebrfaqe prej 35 hektar\u00ebsh me 66 objekte, nga t\u00eb cilat 44 jan\u00eb objekte t\u00eb larta nd\u00ebrtimore, me nj\u00eb sip\u00ebrfaqe t\u00eb p\u00ebrgjithshme prej 22.000 metrash katror\u00eb. Baza duhet t\u2019i siguroj\u00eb kushte jet\u00ebsore p\u00ebr 1000 ushtar\u00eb dhe polic\u00eb, akomodimin e pajisjeve speciale dhe pajisjeve teknike, me an\u00eb t\u00eb s\u00eb cil\u00ebs do t\u00eb rritet gatishm\u00ebria luftarake e nj\u00ebsive t\u00eb cilat kan\u00eb detyra specifike n\u00eb hap\u00ebsirat e zon\u00ebs kufitare t\u00eb siguris\u00eb. Baza, p\u00ebrpos objekteve p\u00ebr akomodimin e personave, pajisjeve dhe teknik\u00ebs, ka edhe kapacitete t\u00eb trajnimit, mb\u00ebshtetje logjistike, pushim dhe aktivitete sportive. N\u00eb baz\u00eb tani jan\u00eb t\u00eb vendosur pjes\u00ebtar\u00ebt e batalionit 41 t\u00eb k\u00ebmb\u00ebsoris\u00eb t\u00eb Brigad\u00ebs s\u00eb kat\u00ebrt t\u00eb ushtris\u00eb k\u00ebmb\u00ebsorike, t\u00eb cil\u00ebt n\u00eb vitet e kaluara kan\u00eb qen\u00eb n\u00eb hap\u00ebsirat joadekuate t\u00eb fabrik\u00ebs s\u00eb braktisur ,,Crvena zastava\u2019\u2019 n\u00eb Bujanoc.<br \/>\nN\u00eb hapjen solemne t\u00eb k\u00ebsaj baze ushtarake kan\u00eb marr\u00eb pjes\u00eb edhe kryeministri i Serbis\u00eb Mirko Cvetkoviq, kryesia e e ushtris\u00eb s\u00eb Serbis\u00eb, p\u00ebrfaq\u00ebsuesit e pushteteve lokale, pjes\u00ebtar\u00ebt diplomatik si dhe an\u00ebtar\u00ebt e korit ushtarako-diplomatik.<\/p>\n","protected":false},"excerpt":{"rendered":"<p>Kryetari i Serbis\u00eb dhe ministri i mbrojtjes Dragan Shutanovac dje solemnisht kan\u00eb hapur baz\u00ebn ushtarake ,,Jug\u2019\u2019 n\u00eb Bujanoc duke potencuar se kjo baz\u00eb do t\u00eb jet\u00eb faktori kyq i stabilitetit n\u00eb k\u00ebt\u00eb pjes\u00eb t\u00eb Serbis\u00eb, mir\u00ebpo edhe potencial zhvillimor\u00eb, duke marr\u00eb parasysh\u00eb se k\u00ebtu do t\u00eb pun\u00ebsohen me mij\u00ebra ushtarak profesional.<\/p>\n","protected":false},"author":1,"featured_media":0,"comment_status":"closed","ping_status":"closed","sticky":false,"template":"","format":"standard","meta":{"footnotes":""},"categories":[55],"tags":[],"class_list":["post-143159","post","type-post","status-publish","format-standard","hentry","category-lajme"],"yoast_head":"<!-- This site is optimized with the Yoast SEO plugin v27.4 - https:\/\/yoast.com\/product\/yoast-seo-wordpress\/ -->\n<title>24.11.2009 - Republika e S\u00ebrbis\u00eb Trupi Koordinues p\u00ebr komunat Bujanoc, Preshev\u00eb dhe Medvegj\u00eb<\/title>\n<meta name=\"robots\" content=\"index, follow, max-snippet:-1, max-image-preview:large, max-video-preview:-1\" \/>\n<link rel=\"canonical\" href=\"https:\/\/kt.gov.rs\/sq\/24-11-2009\/\" \/>\n<meta property=\"og:locale\" content=\"sq_AL\" \/>\n<meta property=\"og:type\" content=\"article\" \/>\n<meta property=\"og:title\" content=\"24.11.2009 - Republika e S\u00ebrbis\u00eb Trupi Koordinues p\u00ebr komunat Bujanoc, Preshev\u00eb dhe Medvegj\u00eb\" \/>\n<meta property=\"og:description\" content=\"Kryetari i Serbis\u00eb dhe ministri i mbrojtjes Dragan Shutanovac dje solemnisht kan\u00eb hapur baz\u00ebn ushtarake ,,Jug\u2019\u2019 n\u00eb Bujanoc duke potencuar se kjo baz\u00eb do t\u00eb jet\u00eb faktori kyq i stabilitetit n\u00eb k\u00ebt\u00eb pjes\u00eb t\u00eb Serbis\u00eb, mir\u00ebpo edhe potencial zhvillimor\u00eb, duke marr\u00eb parasysh\u00eb se k\u00ebtu do t\u00eb pun\u00ebsohen me mij\u00ebra ushtarak profesional.\" \/>\n<meta property=\"og:url\" content=\"https:\/\/kt.gov.rs\/sq\/24-11-2009\/\" \/>\n<meta property=\"og:site_name\" content=\"Republika e S\u00ebrbis\u00eb Trupi Koordinues p\u00ebr komunat Bujanoc, Preshev\u00eb dhe Medvegj\u00eb\" \/>\n<meta property=\"article:publisher\" content=\"https:\/\/www.facebook.com\/SluzbaKoordinacionogTelaVladeRepublikeSrbije\" \/>\n<meta property=\"article:published_time\" content=\"2009-11-25T00:00:00+00:00\" \/>\n<meta name=\"author\" content=\"ktmin\" \/>\n<meta name=\"twitter:card\" content=\"summary_large_image\" \/>\n<meta name=\"twitter:creator\" content=\"@kt_gov\" \/>\n<meta name=\"twitter:site\" content=\"@kt_gov\" \/>\n<meta name=\"twitter:label1\" content=\"Written by\" \/>\n\t<meta name=\"twitter:data1\" content=\"ktmin\" \/>\n\t<meta name=\"twitter:label2\" content=\"Est. reading time\" \/>\n\t<meta name=\"twitter:data2\" content=\"4 minutes\" \/>\n<script type=\"application\/ld+json\" class=\"yoast-schema-graph\">{\"@context\":\"https:\\\/\\\/schema.org\",\"@graph\":[{\"@type\":\"Article\",\"@id\":\"https:\\\/\\\/kt.gov.rs\\\/sq\\\/24-11-2009\\\/#article\",\"isPartOf\":{\"@id\":\"https:\\\/\\\/kt.gov.rs\\\/sq\\\/24-11-2009\\\/\"},\"author\":{\"name\":\"ktmin\",\"@id\":\"https:\\\/\\\/kt.gov.rs\\\/#\\\/schema\\\/person\\\/e426459ddb4173309103390602694571\"},\"headline\":\"24.11.2009\",\"datePublished\":\"2009-11-25T00:00:00+00:00\",\"mainEntityOfPage\":{\"@id\":\"https:\\\/\\\/kt.gov.rs\\\/sq\\\/24-11-2009\\\/\"},\"wordCount\":779,\"publisher\":{\"@id\":\"https:\\\/\\\/kt.gov.rs\\\/#organization\"},\"articleSection\":[\"Lajme\"],\"inLanguage\":\"sq-AL\"},{\"@type\":\"WebPage\",\"@id\":\"https:\\\/\\\/kt.gov.rs\\\/sq\\\/24-11-2009\\\/\",\"url\":\"https:\\\/\\\/kt.gov.rs\\\/sq\\\/24-11-2009\\\/\",\"name\":\"24.11.2009 - Republika e S\u00ebrbis\u00eb Trupi Koordinues p\u00ebr komunat Bujanoc, Preshev\u00eb dhe Medvegj\u00eb\",\"isPartOf\":{\"@id\":\"https:\\\/\\\/kt.gov.rs\\\/#website\"},\"datePublished\":\"2009-11-25T00:00:00+00:00\",\"breadcrumb\":{\"@id\":\"https:\\\/\\\/kt.gov.rs\\\/sq\\\/24-11-2009\\\/#breadcrumb\"},\"inLanguage\":\"sq-AL\",\"potentialAction\":[{\"@type\":\"ReadAction\",\"target\":[\"https:\\\/\\\/kt.gov.rs\\\/sq\\\/24-11-2009\\\/\"]}]},{\"@type\":\"BreadcrumbList\",\"@id\":\"https:\\\/\\\/kt.gov.rs\\\/sq\\\/24-11-2009\\\/#breadcrumb\",\"itemListElement\":[{\"@type\":\"ListItem\",\"position\":1,\"name\":\"\u041f\u043e\u0447\u0435\u0442\u043d\u0430\",\"item\":\"https:\\\/\\\/kt.gov.rs\\\/sq\\\/\"},{\"@type\":\"ListItem\",\"position\":2,\"name\":\"24.11.2009\"}]},{\"@type\":\"WebSite\",\"@id\":\"https:\\\/\\\/kt.gov.rs\\\/#website\",\"url\":\"https:\\\/\\\/kt.gov.rs\\\/\",\"name\":\"\u041a\u043e\u043e\u0440\u0434\u0438\u043d\u0430\u0446\u0438\u043e\u043d\u043e \u0442\u0435\u043b\u043e \u0412\u043b\u0430\u0434\u0435 \u0420\u0435\u043f\u0443\u0431\u043b\u0438\u043a\u0435 \u0421\u0440\u0431\u0438\u0458\u0435 \u0437\u0430 \u043e\u043f\u0448\u0442\u0438\u043d\u0435 \u041f\u0440\u0435\u0448\u0435\u0432\u043e, \u0411\u0443\u0458\u0430\u043d\u043e\u0432\u0430\u0446 \u0438 \u041c\u0435\u0434\u0432\u0435\u0452a\",\"description\":\"\",\"publisher\":{\"@id\":\"https:\\\/\\\/kt.gov.rs\\\/#organization\"},\"alternateName\":\"\u041a\u043e\u043e\u0440\u0434\u0438\u043d\u0430\u0446\u0438\u043e\u043d\u043e \u0442\u0435\u043b\u043e\",\"potentialAction\":[{\"@type\":\"SearchAction\",\"target\":{\"@type\":\"EntryPoint\",\"urlTemplate\":\"https:\\\/\\\/kt.gov.rs\\\/?s={search_term_string}\"},\"query-input\":{\"@type\":\"PropertyValueSpecification\",\"valueRequired\":true,\"valueName\":\"search_term_string\"}}],\"inLanguage\":\"sq-AL\"},{\"@type\":\"Organization\",\"@id\":\"https:\\\/\\\/kt.gov.rs\\\/#organization\",\"name\":\"\u041a\u043e\u043e\u0440\u0434\u0438\u043d\u0430\u0446\u0438\u043e\u043d\u043e \u0442\u0435\u043b\u043e \u0412\u043b\u0430\u0434\u0435 \u0420\u0435\u043f\u0443\u0431\u043b\u0438\u043a\u0435 \u0421\u0440\u0431\u0438\u0458\u0435 \u0437\u0430 \u043e\u043f\u0448\u0442\u0438\u043d\u0435 \u041f\u0440\u0435\u0448\u0435\u0432\u043e, \u0411\u0443\u0458\u0430\u043d\u043e\u0432\u0430\u0446 \u0438 \u041c\u0435\u0434\u0432\u0435\u0452a\",\"alternateName\":\"\u041a\u043e\u043e\u0440\u0434\u0438\u043d\u0430\u0446\u0438\u043e\u043d\u043e \u0442\u0435\u043b\u043e\",\"url\":\"https:\\\/\\\/kt.gov.rs\\\/\",\"logo\":{\"@type\":\"ImageObject\",\"inLanguage\":\"sq-AL\",\"@id\":\"https:\\\/\\\/kt.gov.rs\\\/#\\\/schema\\\/logo\\\/image\\\/\",\"url\":\"https:\\\/\\\/kt.gov.rs\\\/wp-content\\\/uploads\\\/2024\\\/12\\\/koord2.jpg\",\"contentUrl\":\"https:\\\/\\\/kt.gov.rs\\\/wp-content\\\/uploads\\\/2024\\\/12\\\/koord2.jpg\",\"width\":640,\"height\":480,\"caption\":\"\u041a\u043e\u043e\u0440\u0434\u0438\u043d\u0430\u0446\u0438\u043e\u043d\u043e \u0442\u0435\u043b\u043e \u0412\u043b\u0430\u0434\u0435 \u0420\u0435\u043f\u0443\u0431\u043b\u0438\u043a\u0435 \u0421\u0440\u0431\u0438\u0458\u0435 \u0437\u0430 \u043e\u043f\u0448\u0442\u0438\u043d\u0435 \u041f\u0440\u0435\u0448\u0435\u0432\u043e, \u0411\u0443\u0458\u0430\u043d\u043e\u0432\u0430\u0446 \u0438 \u041c\u0435\u0434\u0432\u0435\u0452a\"},\"image\":{\"@id\":\"https:\\\/\\\/kt.gov.rs\\\/#\\\/schema\\\/logo\\\/image\\\/\"},\"sameAs\":[\"https:\\\/\\\/www.facebook.com\\\/SluzbaKoordinacionogTelaVladeRepublikeSrbije\",\"https:\\\/\\\/x.com\\\/kt_gov\",\"https:\\\/\\\/www.youtube.com\\\/@koordinacionotelo\"]},{\"@type\":\"Person\",\"@id\":\"https:\\\/\\\/kt.gov.rs\\\/#\\\/schema\\\/person\\\/e426459ddb4173309103390602694571\",\"name\":\"ktmin\",\"image\":{\"@type\":\"ImageObject\",\"inLanguage\":\"sq-AL\",\"@id\":\"https:\\\/\\\/secure.gravatar.com\\\/avatar\\\/3985c961109853010c3fbc7ba30365bfba5db3dd6c525831d9c595c7525a615a?s=96&d=mm&r=g\",\"url\":\"https:\\\/\\\/secure.gravatar.com\\\/avatar\\\/3985c961109853010c3fbc7ba30365bfba5db3dd6c525831d9c595c7525a615a?s=96&d=mm&r=g\",\"contentUrl\":\"https:\\\/\\\/secure.gravatar.com\\\/avatar\\\/3985c961109853010c3fbc7ba30365bfba5db3dd6c525831d9c595c7525a615a?s=96&d=mm&r=g\",\"caption\":\"ktmin\"},\"sameAs\":[\"https:\\\/\\\/kt.gov.rs\"],\"url\":\"https:\\\/\\\/kt.gov.rs\\\/sq\\\/author\\\/ktmin\\\/\"}]}<\/script>\n<!-- \/ Yoast SEO plugin. -->","yoast_head_json":{"title":"24.11.2009 - Republika e S\u00ebrbis\u00eb Trupi Koordinues p\u00ebr komunat Bujanoc, Preshev\u00eb dhe Medvegj\u00eb","robots":{"index":"index","follow":"follow","max-snippet":"max-snippet:-1","max-image-preview":"max-image-preview:large","max-video-preview":"max-video-preview:-1"},"canonical":"https:\/\/kt.gov.rs\/sq\/24-11-2009\/","og_locale":"sq_AL","og_type":"article","og_title":"24.11.2009 - Republika e S\u00ebrbis\u00eb Trupi Koordinues p\u00ebr komunat Bujanoc, Preshev\u00eb dhe Medvegj\u00eb","og_description":"Kryetari i Serbis\u00eb dhe ministri i mbrojtjes Dragan Shutanovac dje solemnisht kan\u00eb hapur baz\u00ebn ushtarake ,,Jug\u2019\u2019 n\u00eb Bujanoc duke potencuar se kjo baz\u00eb do t\u00eb jet\u00eb faktori kyq i stabilitetit n\u00eb k\u00ebt\u00eb pjes\u00eb t\u00eb Serbis\u00eb, mir\u00ebpo edhe potencial zhvillimor\u00eb, duke marr\u00eb parasysh\u00eb se k\u00ebtu do t\u00eb pun\u00ebsohen me mij\u00ebra ushtarak profesional.","og_url":"https:\/\/kt.gov.rs\/sq\/24-11-2009\/","og_site_name":"Republika e S\u00ebrbis\u00eb Trupi Koordinues p\u00ebr komunat Bujanoc, Preshev\u00eb dhe Medvegj\u00eb","article_publisher":"https:\/\/www.facebook.com\/SluzbaKoordinacionogTelaVladeRepublikeSrbije","article_published_time":"2009-11-25T00:00:00+00:00","author":"ktmin","twitter_card":"summary_large_image","twitter_creator":"@kt_gov","twitter_site":"@kt_gov","twitter_misc":{"Written by":"ktmin","Est. reading time":"4 minutes"},"schema":{"@context":"https:\/\/schema.org","@graph":[{"@type":"Article","@id":"https:\/\/kt.gov.rs\/sq\/24-11-2009\/#article","isPartOf":{"@id":"https:\/\/kt.gov.rs\/sq\/24-11-2009\/"},"author":{"name":"ktmin","@id":"https:\/\/kt.gov.rs\/#\/schema\/person\/e426459ddb4173309103390602694571"},"headline":"24.11.2009","datePublished":"2009-11-25T00:00:00+00:00","mainEntityOfPage":{"@id":"https:\/\/kt.gov.rs\/sq\/24-11-2009\/"},"wordCount":779,"publisher":{"@id":"https:\/\/kt.gov.rs\/#organization"},"articleSection":["Lajme"],"inLanguage":"sq-AL"},{"@type":"WebPage","@id":"https:\/\/kt.gov.rs\/sq\/24-11-2009\/","url":"https:\/\/kt.gov.rs\/sq\/24-11-2009\/","name":"24.11.2009 - Republika e S\u00ebrbis\u00eb Trupi Koordinues p\u00ebr komunat Bujanoc, Preshev\u00eb dhe Medvegj\u00eb","isPartOf":{"@id":"https:\/\/kt.gov.rs\/#website"},"datePublished":"2009-11-25T00:00:00+00:00","breadcrumb":{"@id":"https:\/\/kt.gov.rs\/sq\/24-11-2009\/#breadcrumb"},"inLanguage":"sq-AL","potentialAction":[{"@type":"ReadAction","target":["https:\/\/kt.gov.rs\/sq\/24-11-2009\/"]}]},{"@type":"BreadcrumbList","@id":"https:\/\/kt.gov.rs\/sq\/24-11-2009\/#breadcrumb","itemListElement":[{"@type":"ListItem","position":1,"name":"\u041f\u043e\u0447\u0435\u0442\u043d\u0430","item":"https:\/\/kt.gov.rs\/sq\/"},{"@type":"ListItem","position":2,"name":"24.11.2009"}]},{"@type":"WebSite","@id":"https:\/\/kt.gov.rs\/#website","url":"https:\/\/kt.gov.rs\/","name":"\u041a\u043e\u043e\u0440\u0434\u0438\u043d\u0430\u0446\u0438\u043e\u043d\u043e \u0442\u0435\u043b\u043e \u0412\u043b\u0430\u0434\u0435 \u0420\u0435\u043f\u0443\u0431\u043b\u0438\u043a\u0435 \u0421\u0440\u0431\u0438\u0458\u0435 \u0437\u0430 \u043e\u043f\u0448\u0442\u0438\u043d\u0435 \u041f\u0440\u0435\u0448\u0435\u0432\u043e, \u0411\u0443\u0458\u0430\u043d\u043e\u0432\u0430\u0446 \u0438 \u041c\u0435\u0434\u0432\u0435\u0452a","description":"","publisher":{"@id":"https:\/\/kt.gov.rs\/#organization"},"alternateName":"\u041a\u043e\u043e\u0440\u0434\u0438\u043d\u0430\u0446\u0438\u043e\u043d\u043e \u0442\u0435\u043b\u043e","potentialAction":[{"@type":"SearchAction","target":{"@type":"EntryPoint","urlTemplate":"https:\/\/kt.gov.rs\/?s={search_term_string}"},"query-input":{"@type":"PropertyValueSpecification","valueRequired":true,"valueName":"search_term_string"}}],"inLanguage":"sq-AL"},{"@type":"Organization","@id":"https:\/\/kt.gov.rs\/#organization","name":"\u041a\u043e\u043e\u0440\u0434\u0438\u043d\u0430\u0446\u0438\u043e\u043d\u043e \u0442\u0435\u043b\u043e \u0412\u043b\u0430\u0434\u0435 \u0420\u0435\u043f\u0443\u0431\u043b\u0438\u043a\u0435 \u0421\u0440\u0431\u0438\u0458\u0435 \u0437\u0430 \u043e\u043f\u0448\u0442\u0438\u043d\u0435 \u041f\u0440\u0435\u0448\u0435\u0432\u043e, \u0411\u0443\u0458\u0430\u043d\u043e\u0432\u0430\u0446 \u0438 \u041c\u0435\u0434\u0432\u0435\u0452a","alternateName":"\u041a\u043e\u043e\u0440\u0434\u0438\u043d\u0430\u0446\u0438\u043e\u043d\u043e \u0442\u0435\u043b\u043e","url":"https:\/\/kt.gov.rs\/","logo":{"@type":"ImageObject","inLanguage":"sq-AL","@id":"https:\/\/kt.gov.rs\/#\/schema\/logo\/image\/","url":"https:\/\/kt.gov.rs\/wp-content\/uploads\/2024\/12\/koord2.jpg","contentUrl":"https:\/\/kt.gov.rs\/wp-content\/uploads\/2024\/12\/koord2.jpg","width":640,"height":480,"caption":"\u041a\u043e\u043e\u0440\u0434\u0438\u043d\u0430\u0446\u0438\u043e\u043d\u043e \u0442\u0435\u043b\u043e \u0412\u043b\u0430\u0434\u0435 \u0420\u0435\u043f\u0443\u0431\u043b\u0438\u043a\u0435 \u0421\u0440\u0431\u0438\u0458\u0435 \u0437\u0430 \u043e\u043f\u0448\u0442\u0438\u043d\u0435 \u041f\u0440\u0435\u0448\u0435\u0432\u043e, \u0411\u0443\u0458\u0430\u043d\u043e\u0432\u0430\u0446 \u0438 \u041c\u0435\u0434\u0432\u0435\u0452a"},"image":{"@id":"https:\/\/kt.gov.rs\/#\/schema\/logo\/image\/"},"sameAs":["https:\/\/www.facebook.com\/SluzbaKoordinacionogTelaVladeRepublikeSrbije","https:\/\/x.com\/kt_gov","https:\/\/www.youtube.com\/@koordinacionotelo"]},{"@type":"Person","@id":"https:\/\/kt.gov.rs\/#\/schema\/person\/e426459ddb4173309103390602694571","name":"ktmin","image":{"@type":"ImageObject","inLanguage":"sq-AL","@id":"https:\/\/secure.gravatar.com\/avatar\/3985c961109853010c3fbc7ba30365bfba5db3dd6c525831d9c595c7525a615a?s=96&d=mm&r=g","url":"https:\/\/secure.gravatar.com\/avatar\/3985c961109853010c3fbc7ba30365bfba5db3dd6c525831d9c595c7525a615a?s=96&d=mm&r=g","contentUrl":"https:\/\/secure.gravatar.com\/avatar\/3985c961109853010c3fbc7ba30365bfba5db3dd6c525831d9c595c7525a615a?s=96&d=mm&r=g","caption":"ktmin"},"sameAs":["https:\/\/kt.gov.rs"],"url":"https:\/\/kt.gov.rs\/sq\/author\/ktmin\/"}]}},"_links":{"self":[{"href":"https:\/\/kt.gov.rs\/sq\/wp-json\/wp\/v2\/posts\/143159","targetHints":{"allow":["GET"]}}],"collection":[{"href":"https:\/\/kt.gov.rs\/sq\/wp-json\/wp\/v2\/posts"}],"about":[{"href":"https:\/\/kt.gov.rs\/sq\/wp-json\/wp\/v2\/types\/post"}],"author":[{"embeddable":true,"href":"https:\/\/kt.gov.rs\/sq\/wp-json\/wp\/v2\/users\/1"}],"replies":[{"embeddable":true,"href":"https:\/\/kt.gov.rs\/sq\/wp-json\/wp\/v2\/comments?post=143159"}],"version-history":[{"count":0,"href":"https:\/\/kt.gov.rs\/sq\/wp-json\/wp\/v2\/posts\/143159\/revisions"}],"wp:attachment":[{"href":"https:\/\/kt.gov.rs\/sq\/wp-json\/wp\/v2\/media?parent=143159"}],"wp:term":[{"taxonomy":"category","embeddable":true,"href":"https:\/\/kt.gov.rs\/sq\/wp-json\/wp\/v2\/categories?post=143159"},{"taxonomy":"post_tag","embeddable":true,"href":"https:\/\/kt.gov.rs\/sq\/wp-json\/wp\/v2\/tags?post=143159"}],"curies":[{"name":"wp","href":"https:\/\/api.w.org\/{rel}","templated":true}]}}