{"id":143158,"date":"2009-12-03T00:00:00","date_gmt":"2009-12-03T00:00:00","guid":{"rendered":"http:\/\/kt.printandscreen.rs\/informim-per-mediat-ti-dhe-une-jemi-ne\/"},"modified":"2009-12-03T00:00:00","modified_gmt":"2009-12-03T00:00:00","slug":"informim-per-mediat-ti-dhe-une-jemi-ne","status":"publish","type":"post","link":"https:\/\/kt.gov.rs\/sq\/informim-per-mediat-ti-dhe-une-jemi-ne\/","title":{"rendered":"INFORMIM P\u00cbR MEDIAT \u2013 TI DHE UN\u00cb JEMI NE"},"content":{"rendered":"<p>\n<meta content=\"text\/html; charset=utf-8\" http-equiv=\"Content-Type\"><br \/>\n<meta content=\"Word.Document\" name=\"ProgId\"><br \/>\n<meta content=\"Microsoft Word 11\" name=\"Generator\"><br \/>\n<meta content=\"Microsoft Word 11\" name=\"Originator\">\n<link href=\"file:\/\/\/C:%5CDOCUME%7E1%5CRio%5CLOCALS%7E1%5CTemp%5Cmsohtml1%5C01%5Cclip_filelist.xml\" rel=\"File-List\" \/><!--[if gte mso 9]><xml>\n \n  Normal\n  0\n  \n  \n  false\n  false\n  false\n  \n   \n   \n   \n   \n   \n  \n  MicrosoftInternetExplorer4\n \n<\/xml><![endif]--><!--[if gte mso 9]><![endif]--><\/p>\n<style type=\"text\/css\">\n<!--\n \/* Font Definitions *\/\n @font-face\n\t{\n\tpanose-1:2 15 5 2 2 2 4 3 2 4;}\n \/* Style Definitions *\/\n p.MsoNormal, li.MsoNormal, div.MsoNormal\n\t{mso-style-parent:\"\";\n\tmargin-top:0cm;\n\tmargin-right:0cm;\n\tmargin-bottom:10.0pt;\n\tmargin-left:0cm;\n\tline-height:115%;\n\tfont-size:11.0pt;\n\tmso-bidi-\"Times New Roman\";}\na:link, span.MsoHyperlink\n\t{color:blue;\n\ttext-decoration:underline;\n\ttext-underline:single;}\na:visited, span.MsoHyperlinkFollowed\n\t{color:purple;\n\ttext-decoration:underline;\n\ttext-underline:single;}\n@page Section1\n\t{size:612.0pt 792.0pt;\n\tmargin:72.0pt 90.0pt 72.0pt 90.0pt;}\ndiv.Section1\n\t{page:Section1;}\n-->\n<\/style>\n<p><!--[if gte mso 10]>\n\n\n<style>\n \/* Style Definitions *\/\n table.MsoNormalTable\n\t{mso-style-name:\"Table Normal\";\n\tmso-style-parent:\"\";\n\tfont-size:10.0pt;\"Times New Roman\";}\n<\/style>\n\n\n<![endif]-->    <strong>Nuk jemi njejt\u00eb-por jemi t\u00eb njejt\u00eb. Ti je ti. Un\u00eb jam\u00eb un\u00eb. S\u00eb bashku mundemi t\u00eb jemi bot\u00eb.<\/strong>     <\/meta><br \/>\n<\/meta><br \/>\n<\/meta><br \/>\n<\/meta>\n<\/p>\n<p>F\u00ebmij\u00ebt, nx\u00ebn\u00ebsit e shkollave t\u00eb mesme, Shqip\u00ebtar\u00eb, Serb\u00eb dhe Rom\u00eb nga Bujanoci dhe Presheva jan\u00eb autor\u00eb por edhe artist\u00eb t\u00eb \u00e7faqjes teatrale ,,Ti dhe un\u00eb jemi ne\u2019\u2019. <strong>Premijera \u00ebsht\u00eb m\u00eb 2 dhjetor\u00eb t\u00eb vitit 2009 n\u00eb ora 17 n\u00eb sall\u00ebn e Sht\u00ebpis\u00eb s\u00eb Kultur\u00ebs n\u00eb Bujanoc. <\/strong>Ata kat\u00ebrmb\u00ebdh\u00ebjet\u00eb kan\u00eb shkruar tekstin p\u00ebrmes t\u00eb cilit tekst flasin p\u00ebr jet\u00ebn e tyre, paraqesin q\u00ebndrimin e tyre. Aktrojn\u00eb n\u00eb gjuh\u00ebn e tyre dhe n\u00eb gjuh\u00ebn angleze. <strong>K\u00ebt\u00eb pun\u00ebtori unike artist\u00ebsh ka finansuar Trupi Koordinues i Qeveris\u00eb s\u00eb Republik\u00ebs s\u00eb Serbis\u00eb p\u00ebr komunat Preshev\u00eb, Bujanoc dhe Medvegj\u00eb.<\/strong><\/p>\n<p><strong>,,Ti dhe un\u00eb jemi ne\u2019\u2019 <\/strong>\u00ebsht\u00eb nj\u00eb projekt edukativo-artistik i konceptuar si dhe shum\u00eb pun\u00ebtori kreative, ku si rezultat \u00ebsht\u00eb \u00e7faqja teatrale. Pas audicionit, nx\u00ebn\u00ebsit e shkollave t\u00eb mesme kan\u00eb pasur rastin t\u00eb punojn\u00eb me artist\u00ebt dhe ligj\u00ebdh\u00ebn\u00ebsit nga Beogradi, Valeva, Novi Sadi dhe Sombori. Pas nj\u00eb pune\u00a0dy mujore t\u00eb p\u00ebrb\u00ebra nga provat intenzive, seminare dhe trajnime t\u00eb bazuara n\u00eb teknikat dramaturgjike, nx\u00ebn\u00ebsit s\u00eb pari do t\u00eb paraqitet n\u00eb Bujanoc e m\u00eb pastaj n\u00eb Beograd. P\u00ebrmes k\u00ebtij projekti, nx\u00ebn\u00ebsit e shkollave t\u00eb mesme, p\u00ebrpos rastit q\u00eb t\u00eb fitojn\u00eb dijeni themelore mbi arsimin teatral, fitojn\u00eb edhe p\u00ebrvoj\u00eb t\u00eb pun\u00ebs s\u00eb p\u00ebrbashk\u00ebt me moshatar\u00ebt e tyre nga grupet e ndryshme etnike. <strong>P\u00ebr ate ,,Ti dhe\u00a0un\u00eb jemi ne\u2019\u2019 \u00ebsht\u00eb nj\u00eb program arsimor\u00eb i cili frekuentuesve u mund\u00ebson q\u00eb p\u00ebrmes loj\u00ebs dhe shoq\u00ebrimit t\u00eb zhvillojn\u00eb kuptueshm\u00ebrin\u00eb dhe toleranc\u00ebn ndaj kulturave tjera.<\/strong><\/p>\n<p>K\u00ebt\u00eb projektin e ka hartuar dhe realizuar agjensioni ,,Trust me,, nga Valeva. Ky \u00ebsht\u00eb nj\u00ebri nd\u00ebr n\u00ebnt\u00eb projektet t\u00eb cilin k\u00ebt\u00eb vit\u00eb, pas dy\u00a0konkurseve,Trupi Koordinues i ka p\u00ebrkrahur finansiarisht.<\/p>\n<p>\u00a0<\/p>\n<p>\u00a0<\/p>\n","protected":false},"excerpt":{"rendered":"<p>Nuk jemi njejt\u00eb-por jemi t\u00eb njejt\u00eb. Ti je ti. Un\u00eb jam\u00eb un\u00eb. S\u00eb bashku mundemi t\u00eb jemi bot\u00eb.<br \/>\nF\u00ebmij\u00ebt, nx\u00ebn\u00ebsit e shkollave t\u00eb mesme, Shqip\u00ebtar\u00eb, Serb\u00eb dhe Rom\u00eb nga Bujanoci dhe Presheva jan\u00eb autor\u00eb por edhe artist\u00eb t\u00eb \u00e7faqjes teatrale ,,Ti dhe un\u00eb jemi ne\u2019\u2019. Premijera \u00ebsht\u00eb m\u00eb 2 dhjetor\u00eb t\u00eb vitit 2009 n\u00eb ora 17 n\u00eb sall\u00ebn e Sht\u00ebpis\u00eb s\u00eb Kultur\u00ebs n\u00eb Bujanoc. Ata kat\u00ebrmb\u00ebdh\u00ebjet\u00eb kan\u00eb shkruar tekstin p\u00ebrmes t\u00eb cilit tekst flasin p\u00ebr jet\u00ebn e tyre, paraqesin q\u00ebndrimin e tyre. Aktrojn\u00eb n\u00eb gjuh\u00ebn e tyre dhe n\u00eb gjuh\u00ebn angleze. K\u00ebt\u00eb pun\u00ebtori unike artist\u00ebsh ka finansuar Trupi Koordinues i Qeveris\u00eb s\u00eb Republik\u00ebs s\u00eb Serbis\u00eb p\u00ebr komunat Preshev\u00eb, Bujanoc dhe Medvegj\u00eb.<\/p>\n","protected":false},"author":1,"featured_media":0,"comment_status":"closed","ping_status":"closed","sticky":false,"template":"","format":"standard","meta":{"footnotes":""},"categories":[55],"tags":[],"class_list":["post-143158","post","type-post","status-publish","format-standard","hentry","category-lajme"],"yoast_head":"<!-- This site is optimized with the Yoast SEO plugin v27.4 - https:\/\/yoast.com\/product\/yoast-seo-wordpress\/ -->\n<title>INFORMIM P\u00cbR MEDIAT - TI DHE UN\u00cb JEMI NE - Republika e S\u00ebrbis\u00eb Trupi Koordinues p\u00ebr komunat Bujanoc, Preshev\u00eb dhe Medvegj\u00eb<\/title>\n<meta name=\"robots\" content=\"index, follow, max-snippet:-1, max-image-preview:large, max-video-preview:-1\" \/>\n<link rel=\"canonical\" href=\"https:\/\/kt.gov.rs\/sq\/informim-per-mediat-ti-dhe-une-jemi-ne\/\" \/>\n<meta property=\"og:locale\" content=\"sq_AL\" \/>\n<meta property=\"og:type\" content=\"article\" \/>\n<meta property=\"og:title\" content=\"INFORMIM P\u00cbR MEDIAT - TI DHE UN\u00cb JEMI NE - Republika e S\u00ebrbis\u00eb Trupi Koordinues p\u00ebr komunat Bujanoc, Preshev\u00eb dhe Medvegj\u00eb\" \/>\n<meta property=\"og:description\" content=\"Nuk jemi njejt\u00eb-por jemi t\u00eb njejt\u00eb. Ti je ti. Un\u00eb jam\u00eb un\u00eb. S\u00eb bashku mundemi t\u00eb jemi bot\u00eb. F\u00ebmij\u00ebt, nx\u00ebn\u00ebsit e shkollave t\u00eb mesme, Shqip\u00ebtar\u00eb, Serb\u00eb dhe Rom\u00eb nga Bujanoci dhe Presheva jan\u00eb autor\u00eb por edhe artist\u00eb t\u00eb \u00e7faqjes teatrale ,,Ti dhe un\u00eb jemi ne\u2019\u2019. Premijera \u00ebsht\u00eb m\u00eb 2 dhjetor\u00eb t\u00eb vitit 2009 n\u00eb ora 17 n\u00eb sall\u00ebn e Sht\u00ebpis\u00eb s\u00eb Kultur\u00ebs n\u00eb Bujanoc. Ata kat\u00ebrmb\u00ebdh\u00ebjet\u00eb kan\u00eb shkruar tekstin p\u00ebrmes t\u00eb cilit tekst flasin p\u00ebr jet\u00ebn e tyre, paraqesin q\u00ebndrimin e tyre. Aktrojn\u00eb n\u00eb gjuh\u00ebn e tyre dhe n\u00eb gjuh\u00ebn angleze. K\u00ebt\u00eb pun\u00ebtori unike artist\u00ebsh ka finansuar Trupi Koordinues i Qeveris\u00eb s\u00eb Republik\u00ebs s\u00eb Serbis\u00eb p\u00ebr komunat Preshev\u00eb, Bujanoc dhe Medvegj\u00eb.\" \/>\n<meta property=\"og:url\" content=\"https:\/\/kt.gov.rs\/sq\/informim-per-mediat-ti-dhe-une-jemi-ne\/\" \/>\n<meta property=\"og:site_name\" content=\"Republika e S\u00ebrbis\u00eb Trupi Koordinues p\u00ebr komunat Bujanoc, Preshev\u00eb dhe Medvegj\u00eb\" \/>\n<meta property=\"article:publisher\" content=\"https:\/\/www.facebook.com\/SluzbaKoordinacionogTelaVladeRepublikeSrbije\" \/>\n<meta property=\"article:published_time\" content=\"2009-12-03T00:00:00+00:00\" \/>\n<meta name=\"author\" content=\"ktmin\" \/>\n<meta name=\"twitter:card\" content=\"summary_large_image\" \/>\n<meta name=\"twitter:creator\" content=\"@kt_gov\" \/>\n<meta name=\"twitter:site\" content=\"@kt_gov\" \/>\n<meta name=\"twitter:label1\" content=\"Written by\" \/>\n\t<meta name=\"twitter:data1\" content=\"ktmin\" \/>\n\t<meta name=\"twitter:label2\" content=\"Est. reading time\" \/>\n\t<meta name=\"twitter:data2\" content=\"2 minutes\" \/>\n<script type=\"application\/ld+json\" class=\"yoast-schema-graph\">{\"@context\":\"https:\\\/\\\/schema.org\",\"@graph\":[{\"@type\":\"Article\",\"@id\":\"https:\\\/\\\/kt.gov.rs\\\/sq\\\/informim-per-mediat-ti-dhe-une-jemi-ne\\\/#article\",\"isPartOf\":{\"@id\":\"https:\\\/\\\/kt.gov.rs\\\/sq\\\/informim-per-mediat-ti-dhe-une-jemi-ne\\\/\"},\"author\":{\"name\":\"ktmin\",\"@id\":\"https:\\\/\\\/kt.gov.rs\\\/#\\\/schema\\\/person\\\/e426459ddb4173309103390602694571\"},\"headline\":\"INFORMIM P\u00cbR MEDIAT \u2013 TI DHE UN\u00cb JEMI NE\",\"datePublished\":\"2009-12-03T00:00:00+00:00\",\"mainEntityOfPage\":{\"@id\":\"https:\\\/\\\/kt.gov.rs\\\/sq\\\/informim-per-mediat-ti-dhe-une-jemi-ne\\\/\"},\"wordCount\":356,\"publisher\":{\"@id\":\"https:\\\/\\\/kt.gov.rs\\\/#organization\"},\"articleSection\":[\"Lajme\"],\"inLanguage\":\"sq-AL\"},{\"@type\":\"WebPage\",\"@id\":\"https:\\\/\\\/kt.gov.rs\\\/sq\\\/informim-per-mediat-ti-dhe-une-jemi-ne\\\/\",\"url\":\"https:\\\/\\\/kt.gov.rs\\\/sq\\\/informim-per-mediat-ti-dhe-une-jemi-ne\\\/\",\"name\":\"INFORMIM P\u00cbR MEDIAT - TI DHE UN\u00cb JEMI NE - Republika e S\u00ebrbis\u00eb Trupi Koordinues p\u00ebr komunat Bujanoc, Preshev\u00eb dhe Medvegj\u00eb\",\"isPartOf\":{\"@id\":\"https:\\\/\\\/kt.gov.rs\\\/#website\"},\"datePublished\":\"2009-12-03T00:00:00+00:00\",\"breadcrumb\":{\"@id\":\"https:\\\/\\\/kt.gov.rs\\\/sq\\\/informim-per-mediat-ti-dhe-une-jemi-ne\\\/#breadcrumb\"},\"inLanguage\":\"sq-AL\",\"potentialAction\":[{\"@type\":\"ReadAction\",\"target\":[\"https:\\\/\\\/kt.gov.rs\\\/sq\\\/informim-per-mediat-ti-dhe-une-jemi-ne\\\/\"]}]},{\"@type\":\"BreadcrumbList\",\"@id\":\"https:\\\/\\\/kt.gov.rs\\\/sq\\\/informim-per-mediat-ti-dhe-une-jemi-ne\\\/#breadcrumb\",\"itemListElement\":[{\"@type\":\"ListItem\",\"position\":1,\"name\":\"\u041f\u043e\u0447\u0435\u0442\u043d\u0430\",\"item\":\"https:\\\/\\\/kt.gov.rs\\\/sq\\\/\"},{\"@type\":\"ListItem\",\"position\":2,\"name\":\"INFORMIM P\u00cbR MEDIAT \u2013 TI DHE UN\u00cb JEMI NE\"}]},{\"@type\":\"WebSite\",\"@id\":\"https:\\\/\\\/kt.gov.rs\\\/#website\",\"url\":\"https:\\\/\\\/kt.gov.rs\\\/\",\"name\":\"\u041a\u043e\u043e\u0440\u0434\u0438\u043d\u0430\u0446\u0438\u043e\u043d\u043e \u0442\u0435\u043b\u043e \u0412\u043b\u0430\u0434\u0435 \u0420\u0435\u043f\u0443\u0431\u043b\u0438\u043a\u0435 \u0421\u0440\u0431\u0438\u0458\u0435 \u0437\u0430 \u043e\u043f\u0448\u0442\u0438\u043d\u0435 \u041f\u0440\u0435\u0448\u0435\u0432\u043e, \u0411\u0443\u0458\u0430\u043d\u043e\u0432\u0430\u0446 \u0438 \u041c\u0435\u0434\u0432\u0435\u0452a\",\"description\":\"\",\"publisher\":{\"@id\":\"https:\\\/\\\/kt.gov.rs\\\/#organization\"},\"alternateName\":\"\u041a\u043e\u043e\u0440\u0434\u0438\u043d\u0430\u0446\u0438\u043e\u043d\u043e \u0442\u0435\u043b\u043e\",\"potentialAction\":[{\"@type\":\"SearchAction\",\"target\":{\"@type\":\"EntryPoint\",\"urlTemplate\":\"https:\\\/\\\/kt.gov.rs\\\/?s={search_term_string}\"},\"query-input\":{\"@type\":\"PropertyValueSpecification\",\"valueRequired\":true,\"valueName\":\"search_term_string\"}}],\"inLanguage\":\"sq-AL\"},{\"@type\":\"Organization\",\"@id\":\"https:\\\/\\\/kt.gov.rs\\\/#organization\",\"name\":\"\u041a\u043e\u043e\u0440\u0434\u0438\u043d\u0430\u0446\u0438\u043e\u043d\u043e \u0442\u0435\u043b\u043e \u0412\u043b\u0430\u0434\u0435 \u0420\u0435\u043f\u0443\u0431\u043b\u0438\u043a\u0435 \u0421\u0440\u0431\u0438\u0458\u0435 \u0437\u0430 \u043e\u043f\u0448\u0442\u0438\u043d\u0435 \u041f\u0440\u0435\u0448\u0435\u0432\u043e, \u0411\u0443\u0458\u0430\u043d\u043e\u0432\u0430\u0446 \u0438 \u041c\u0435\u0434\u0432\u0435\u0452a\",\"alternateName\":\"\u041a\u043e\u043e\u0440\u0434\u0438\u043d\u0430\u0446\u0438\u043e\u043d\u043e \u0442\u0435\u043b\u043e\",\"url\":\"https:\\\/\\\/kt.gov.rs\\\/\",\"logo\":{\"@type\":\"ImageObject\",\"inLanguage\":\"sq-AL\",\"@id\":\"https:\\\/\\\/kt.gov.rs\\\/#\\\/schema\\\/logo\\\/image\\\/\",\"url\":\"https:\\\/\\\/kt.gov.rs\\\/wp-content\\\/uploads\\\/2024\\\/12\\\/koord2.jpg\",\"contentUrl\":\"https:\\\/\\\/kt.gov.rs\\\/wp-content\\\/uploads\\\/2024\\\/12\\\/koord2.jpg\",\"width\":640,\"height\":480,\"caption\":\"\u041a\u043e\u043e\u0440\u0434\u0438\u043d\u0430\u0446\u0438\u043e\u043d\u043e \u0442\u0435\u043b\u043e \u0412\u043b\u0430\u0434\u0435 \u0420\u0435\u043f\u0443\u0431\u043b\u0438\u043a\u0435 \u0421\u0440\u0431\u0438\u0458\u0435 \u0437\u0430 \u043e\u043f\u0448\u0442\u0438\u043d\u0435 \u041f\u0440\u0435\u0448\u0435\u0432\u043e, \u0411\u0443\u0458\u0430\u043d\u043e\u0432\u0430\u0446 \u0438 \u041c\u0435\u0434\u0432\u0435\u0452a\"},\"image\":{\"@id\":\"https:\\\/\\\/kt.gov.rs\\\/#\\\/schema\\\/logo\\\/image\\\/\"},\"sameAs\":[\"https:\\\/\\\/www.facebook.com\\\/SluzbaKoordinacionogTelaVladeRepublikeSrbije\",\"https:\\\/\\\/x.com\\\/kt_gov\",\"https:\\\/\\\/www.youtube.com\\\/@koordinacionotelo\"]},{\"@type\":\"Person\",\"@id\":\"https:\\\/\\\/kt.gov.rs\\\/#\\\/schema\\\/person\\\/e426459ddb4173309103390602694571\",\"name\":\"ktmin\",\"image\":{\"@type\":\"ImageObject\",\"inLanguage\":\"sq-AL\",\"@id\":\"https:\\\/\\\/secure.gravatar.com\\\/avatar\\\/3985c961109853010c3fbc7ba30365bfba5db3dd6c525831d9c595c7525a615a?s=96&d=mm&r=g\",\"url\":\"https:\\\/\\\/secure.gravatar.com\\\/avatar\\\/3985c961109853010c3fbc7ba30365bfba5db3dd6c525831d9c595c7525a615a?s=96&d=mm&r=g\",\"contentUrl\":\"https:\\\/\\\/secure.gravatar.com\\\/avatar\\\/3985c961109853010c3fbc7ba30365bfba5db3dd6c525831d9c595c7525a615a?s=96&d=mm&r=g\",\"caption\":\"ktmin\"},\"sameAs\":[\"https:\\\/\\\/kt.gov.rs\"],\"url\":\"https:\\\/\\\/kt.gov.rs\\\/sq\\\/author\\\/ktmin\\\/\"}]}<\/script>\n<!-- \/ Yoast SEO plugin. -->","yoast_head_json":{"title":"INFORMIM P\u00cbR MEDIAT - TI DHE UN\u00cb JEMI NE - Republika e S\u00ebrbis\u00eb Trupi Koordinues p\u00ebr komunat Bujanoc, Preshev\u00eb dhe Medvegj\u00eb","robots":{"index":"index","follow":"follow","max-snippet":"max-snippet:-1","max-image-preview":"max-image-preview:large","max-video-preview":"max-video-preview:-1"},"canonical":"https:\/\/kt.gov.rs\/sq\/informim-per-mediat-ti-dhe-une-jemi-ne\/","og_locale":"sq_AL","og_type":"article","og_title":"INFORMIM P\u00cbR MEDIAT - TI DHE UN\u00cb JEMI NE - Republika e S\u00ebrbis\u00eb Trupi Koordinues p\u00ebr komunat Bujanoc, Preshev\u00eb dhe Medvegj\u00eb","og_description":"Nuk jemi njejt\u00eb-por jemi t\u00eb njejt\u00eb. Ti je ti. Un\u00eb jam\u00eb un\u00eb. S\u00eb bashku mundemi t\u00eb jemi bot\u00eb. F\u00ebmij\u00ebt, nx\u00ebn\u00ebsit e shkollave t\u00eb mesme, Shqip\u00ebtar\u00eb, Serb\u00eb dhe Rom\u00eb nga Bujanoci dhe Presheva jan\u00eb autor\u00eb por edhe artist\u00eb t\u00eb \u00e7faqjes teatrale ,,Ti dhe un\u00eb jemi ne\u2019\u2019. Premijera \u00ebsht\u00eb m\u00eb 2 dhjetor\u00eb t\u00eb vitit 2009 n\u00eb ora 17 n\u00eb sall\u00ebn e Sht\u00ebpis\u00eb s\u00eb Kultur\u00ebs n\u00eb Bujanoc. Ata kat\u00ebrmb\u00ebdh\u00ebjet\u00eb kan\u00eb shkruar tekstin p\u00ebrmes t\u00eb cilit tekst flasin p\u00ebr jet\u00ebn e tyre, paraqesin q\u00ebndrimin e tyre. Aktrojn\u00eb n\u00eb gjuh\u00ebn e tyre dhe n\u00eb gjuh\u00ebn angleze. K\u00ebt\u00eb pun\u00ebtori unike artist\u00ebsh ka finansuar Trupi Koordinues i Qeveris\u00eb s\u00eb Republik\u00ebs s\u00eb Serbis\u00eb p\u00ebr komunat Preshev\u00eb, Bujanoc dhe Medvegj\u00eb.","og_url":"https:\/\/kt.gov.rs\/sq\/informim-per-mediat-ti-dhe-une-jemi-ne\/","og_site_name":"Republika e S\u00ebrbis\u00eb Trupi Koordinues p\u00ebr komunat Bujanoc, Preshev\u00eb dhe Medvegj\u00eb","article_publisher":"https:\/\/www.facebook.com\/SluzbaKoordinacionogTelaVladeRepublikeSrbije","article_published_time":"2009-12-03T00:00:00+00:00","author":"ktmin","twitter_card":"summary_large_image","twitter_creator":"@kt_gov","twitter_site":"@kt_gov","twitter_misc":{"Written by":"ktmin","Est. reading time":"2 minutes"},"schema":{"@context":"https:\/\/schema.org","@graph":[{"@type":"Article","@id":"https:\/\/kt.gov.rs\/sq\/informim-per-mediat-ti-dhe-une-jemi-ne\/#article","isPartOf":{"@id":"https:\/\/kt.gov.rs\/sq\/informim-per-mediat-ti-dhe-une-jemi-ne\/"},"author":{"name":"ktmin","@id":"https:\/\/kt.gov.rs\/#\/schema\/person\/e426459ddb4173309103390602694571"},"headline":"INFORMIM P\u00cbR MEDIAT \u2013 TI DHE UN\u00cb JEMI NE","datePublished":"2009-12-03T00:00:00+00:00","mainEntityOfPage":{"@id":"https:\/\/kt.gov.rs\/sq\/informim-per-mediat-ti-dhe-une-jemi-ne\/"},"wordCount":356,"publisher":{"@id":"https:\/\/kt.gov.rs\/#organization"},"articleSection":["Lajme"],"inLanguage":"sq-AL"},{"@type":"WebPage","@id":"https:\/\/kt.gov.rs\/sq\/informim-per-mediat-ti-dhe-une-jemi-ne\/","url":"https:\/\/kt.gov.rs\/sq\/informim-per-mediat-ti-dhe-une-jemi-ne\/","name":"INFORMIM P\u00cbR MEDIAT - TI DHE UN\u00cb JEMI NE - Republika e S\u00ebrbis\u00eb Trupi Koordinues p\u00ebr komunat Bujanoc, Preshev\u00eb dhe Medvegj\u00eb","isPartOf":{"@id":"https:\/\/kt.gov.rs\/#website"},"datePublished":"2009-12-03T00:00:00+00:00","breadcrumb":{"@id":"https:\/\/kt.gov.rs\/sq\/informim-per-mediat-ti-dhe-une-jemi-ne\/#breadcrumb"},"inLanguage":"sq-AL","potentialAction":[{"@type":"ReadAction","target":["https:\/\/kt.gov.rs\/sq\/informim-per-mediat-ti-dhe-une-jemi-ne\/"]}]},{"@type":"BreadcrumbList","@id":"https:\/\/kt.gov.rs\/sq\/informim-per-mediat-ti-dhe-une-jemi-ne\/#breadcrumb","itemListElement":[{"@type":"ListItem","position":1,"name":"\u041f\u043e\u0447\u0435\u0442\u043d\u0430","item":"https:\/\/kt.gov.rs\/sq\/"},{"@type":"ListItem","position":2,"name":"INFORMIM P\u00cbR MEDIAT \u2013 TI DHE UN\u00cb JEMI NE"}]},{"@type":"WebSite","@id":"https:\/\/kt.gov.rs\/#website","url":"https:\/\/kt.gov.rs\/","name":"\u041a\u043e\u043e\u0440\u0434\u0438\u043d\u0430\u0446\u0438\u043e\u043d\u043e \u0442\u0435\u043b\u043e \u0412\u043b\u0430\u0434\u0435 \u0420\u0435\u043f\u0443\u0431\u043b\u0438\u043a\u0435 \u0421\u0440\u0431\u0438\u0458\u0435 \u0437\u0430 \u043e\u043f\u0448\u0442\u0438\u043d\u0435 \u041f\u0440\u0435\u0448\u0435\u0432\u043e, \u0411\u0443\u0458\u0430\u043d\u043e\u0432\u0430\u0446 \u0438 \u041c\u0435\u0434\u0432\u0435\u0452a","description":"","publisher":{"@id":"https:\/\/kt.gov.rs\/#organization"},"alternateName":"\u041a\u043e\u043e\u0440\u0434\u0438\u043d\u0430\u0446\u0438\u043e\u043d\u043e \u0442\u0435\u043b\u043e","potentialAction":[{"@type":"SearchAction","target":{"@type":"EntryPoint","urlTemplate":"https:\/\/kt.gov.rs\/?s={search_term_string}"},"query-input":{"@type":"PropertyValueSpecification","valueRequired":true,"valueName":"search_term_string"}}],"inLanguage":"sq-AL"},{"@type":"Organization","@id":"https:\/\/kt.gov.rs\/#organization","name":"\u041a\u043e\u043e\u0440\u0434\u0438\u043d\u0430\u0446\u0438\u043e\u043d\u043e \u0442\u0435\u043b\u043e \u0412\u043b\u0430\u0434\u0435 \u0420\u0435\u043f\u0443\u0431\u043b\u0438\u043a\u0435 \u0421\u0440\u0431\u0438\u0458\u0435 \u0437\u0430 \u043e\u043f\u0448\u0442\u0438\u043d\u0435 \u041f\u0440\u0435\u0448\u0435\u0432\u043e, \u0411\u0443\u0458\u0430\u043d\u043e\u0432\u0430\u0446 \u0438 \u041c\u0435\u0434\u0432\u0435\u0452a","alternateName":"\u041a\u043e\u043e\u0440\u0434\u0438\u043d\u0430\u0446\u0438\u043e\u043d\u043e \u0442\u0435\u043b\u043e","url":"https:\/\/kt.gov.rs\/","logo":{"@type":"ImageObject","inLanguage":"sq-AL","@id":"https:\/\/kt.gov.rs\/#\/schema\/logo\/image\/","url":"https:\/\/kt.gov.rs\/wp-content\/uploads\/2024\/12\/koord2.jpg","contentUrl":"https:\/\/kt.gov.rs\/wp-content\/uploads\/2024\/12\/koord2.jpg","width":640,"height":480,"caption":"\u041a\u043e\u043e\u0440\u0434\u0438\u043d\u0430\u0446\u0438\u043e\u043d\u043e \u0442\u0435\u043b\u043e \u0412\u043b\u0430\u0434\u0435 \u0420\u0435\u043f\u0443\u0431\u043b\u0438\u043a\u0435 \u0421\u0440\u0431\u0438\u0458\u0435 \u0437\u0430 \u043e\u043f\u0448\u0442\u0438\u043d\u0435 \u041f\u0440\u0435\u0448\u0435\u0432\u043e, \u0411\u0443\u0458\u0430\u043d\u043e\u0432\u0430\u0446 \u0438 \u041c\u0435\u0434\u0432\u0435\u0452a"},"image":{"@id":"https:\/\/kt.gov.rs\/#\/schema\/logo\/image\/"},"sameAs":["https:\/\/www.facebook.com\/SluzbaKoordinacionogTelaVladeRepublikeSrbije","https:\/\/x.com\/kt_gov","https:\/\/www.youtube.com\/@koordinacionotelo"]},{"@type":"Person","@id":"https:\/\/kt.gov.rs\/#\/schema\/person\/e426459ddb4173309103390602694571","name":"ktmin","image":{"@type":"ImageObject","inLanguage":"sq-AL","@id":"https:\/\/secure.gravatar.com\/avatar\/3985c961109853010c3fbc7ba30365bfba5db3dd6c525831d9c595c7525a615a?s=96&d=mm&r=g","url":"https:\/\/secure.gravatar.com\/avatar\/3985c961109853010c3fbc7ba30365bfba5db3dd6c525831d9c595c7525a615a?s=96&d=mm&r=g","contentUrl":"https:\/\/secure.gravatar.com\/avatar\/3985c961109853010c3fbc7ba30365bfba5db3dd6c525831d9c595c7525a615a?s=96&d=mm&r=g","caption":"ktmin"},"sameAs":["https:\/\/kt.gov.rs"],"url":"https:\/\/kt.gov.rs\/sq\/author\/ktmin\/"}]}},"_links":{"self":[{"href":"https:\/\/kt.gov.rs\/sq\/wp-json\/wp\/v2\/posts\/143158","targetHints":{"allow":["GET"]}}],"collection":[{"href":"https:\/\/kt.gov.rs\/sq\/wp-json\/wp\/v2\/posts"}],"about":[{"href":"https:\/\/kt.gov.rs\/sq\/wp-json\/wp\/v2\/types\/post"}],"author":[{"embeddable":true,"href":"https:\/\/kt.gov.rs\/sq\/wp-json\/wp\/v2\/users\/1"}],"replies":[{"embeddable":true,"href":"https:\/\/kt.gov.rs\/sq\/wp-json\/wp\/v2\/comments?post=143158"}],"version-history":[{"count":0,"href":"https:\/\/kt.gov.rs\/sq\/wp-json\/wp\/v2\/posts\/143158\/revisions"}],"wp:attachment":[{"href":"https:\/\/kt.gov.rs\/sq\/wp-json\/wp\/v2\/media?parent=143158"}],"wp:term":[{"taxonomy":"category","embeddable":true,"href":"https:\/\/kt.gov.rs\/sq\/wp-json\/wp\/v2\/categories?post=143158"},{"taxonomy":"post_tag","embeddable":true,"href":"https:\/\/kt.gov.rs\/sq\/wp-json\/wp\/v2\/tags?post=143158"}],"curies":[{"name":"wp","href":"https:\/\/api.w.org\/{rel}","templated":true}]}}