{"id":143157,"date":"2009-11-26T00:00:00","date_gmt":"2009-11-26T00:00:00","guid":{"rendered":"http:\/\/kt.printandscreen.rs\/26-11-2009\/"},"modified":"2009-11-26T00:00:00","modified_gmt":"2009-11-26T00:00:00","slug":"26-11-2009","status":"publish","type":"post","link":"https:\/\/kt.gov.rs\/sq\/26-11-2009\/","title":{"rendered":"26.11.2009."},"content":{"rendered":"<p>Marrr\u00ebveshjen mbi kyqjen n\u00eb procesin e sertifikimit t\u00eb komunave me mjedis t\u00eb favorsh\u00ebm p\u00ebr afariz\u00ebm, n\u00eb Ingji dje kan\u00eb n\u00ebnshkruar n\u00ebnt\u00ebmb\u00ebdh\u00ebjet\u00eb komuna. Ky dokument \u00ebsht\u00eb me r\u00ebnd\u00ebsi sepse duhet t\u2019u jap\u00eb garancione afarist\u00ebve dhe investitor\u00ebve potencial se do t\u00eb marrin sh\u00ebrbime dhe informata t\u00eb cilat do t\u00eb leht\u00ebsojn\u00eb afarizmin e tyre. Nga 53 pushtete lokale, n\u00eb k\u00ebt\u00eb program jan\u00eb kyqur: Shabaci, Medvegja, Bujanoci, Nishi, Piroti, Smedereva, Zrenjanini, Pan\u00e7eva, Krushevci, Llapova, Koceleva, Stara Pazova, Sombori, Zaje\u00e7ari, Sremska Mitrovica, \u00c7a\u00e7aku, Valeva dhe Ruma.<\/p>\n<p>Sipas fjal\u00ebve t\u00eb ministrit t\u00eb ekonomis\u00eb Mlagjan Dinkiq, kushtet p\u00ebr aferiz\u00ebm jan\u00eb p\u00ebrpar\u00ebsit\u00eb kyqe p\u00ebr t\u00ebrheqjen e investitor\u00ebve dhe p\u00ebr ate duhet t\u00eb kyqim konkurenc\u00ebn n\u00eb gar\u00ebn p\u00ebr standarde.<br \/>\nAi paralajm\u00ebron q\u00eb industria n\u00eb vitin e ardhsh\u00ebm nga ana e Unionit Europian ngadal\u00eb do t\u00eb koncentrohet n\u00eb Serbi duke marr\u00eb parasysh\u00eb q\u00eb vendi yn\u00eb nuk i ka rritur tatimet gjat\u00eb koh\u00ebs s\u00eb kriz\u00ebs ekonomike, ashtu siq kan\u00eb b\u00ebr\u00eb shtetet tjera p\u00ebrreth nesh, p\u00ebr k\u00ebt\u00eb arsye edhe jemi m\u00eb konkurent.<\/p>\n<p>Nga ajo se qfar komunikimi kan\u00eb pushtetet lokale me afarist\u00ebt, qfar kualiteti informatash ofrojn\u00eb dhe me qfar shpejt\u00ebsie, do t\u00eb mvaret se a do t\u00eb investojn\u00eb investitor\u00ebt n\u00eb teritoret e k\u00ebtyre komunave.<\/p>\n<p>,,N\u00eb k\u00ebt\u00eb kuptim, sa m\u00eb pak t\u00eb ket\u00eb byrokraci, sa m\u00eb shpejt\u00eb t\u00eb bien vendimet dhe sa m\u00eb t\u00eb leht\u00eb t\u00eb ken\u00eb qasje, garantojn\u00eb m\u00eb tep\u00ebr investime dhe vende pune\u2019\u2019, theksoi Dinkiq.<br \/>\nAi p\u00ebrkujtoi se investitor\u00ebt nuk duan komplikime dhe zvarritje, mir\u00ebpo as korrupcionin, e cila \u00ebsht\u00eb si rezultat i k\u00ebtyre dhe porositi komunat heqjen e akteve t\u00eb panevojshme edhe n\u00eb nivelin lokal.<\/p>\n<p>K\u00ebt\u00eb Program implementon aliansa Nacionale p\u00ebr zhvillim ekonomik lokal (NALED), e cila bashk\u00ebpunon me Ministrin\u00eb e ekonomis\u00eb dhe zhvillimit regjional, sekretariatin Krahinor\u00eb t\u00eb pushtetit lokal dhe bashk\u00ebpunim nd\u00ebrkomunal, Agjensionin p\u00ebr investime t\u00eb jashtme dhe promovimit t\u00eb eksportit si dhe MEGA programin e USAID-it p\u00ebr mb\u00ebshtetje t\u00eb zhvillimit ekonomik t\u00eb komunave n\u00eb Serbi.<\/p>\n","protected":false},"excerpt":{"rendered":"<p>Marrr\u00ebveshjen mbi kyqjen n\u00eb procesin e sertifikimit t\u00eb komunave me mjedis t\u00eb favorsh\u00ebm p\u00ebr afariz\u00ebm, n\u00eb Ingji dje kan\u00eb n\u00ebnshkruar n\u00ebnt\u00ebmb\u00ebdh\u00ebjet\u00eb komuna. Ky dokument \u00ebsht\u00eb me r\u00ebnd\u00ebsi sepse duhet t\u2019u jap\u00eb garancione afarist\u00ebve dhe investitor\u00ebve potencial se do t\u00eb marrin sh\u00ebrbime dhe informata t\u00eb cilat do t\u00eb leht\u00ebsojn\u00eb afarizmin e tyre. Nga 53 pushtete lokale, n\u00eb k\u00ebt\u00eb program jan\u00eb kyqur: Shabaci, Medvegja, Bujanoci, Nishi, Piroti, Smedereva, Zrenjanini, Pan\u00e7eva, Krushevci, Llapova, Koceleva, Stara Pazova, Sombori, Zaje\u00e7ari, Sremska Mitrovica, \u00c7a\u00e7aku, Valeva dhe Ruma.<\/p>\n","protected":false},"author":1,"featured_media":0,"comment_status":"closed","ping_status":"closed","sticky":false,"template":"","format":"standard","meta":{"footnotes":""},"categories":[55],"tags":[],"class_list":["post-143157","post","type-post","status-publish","format-standard","hentry","category-lajme"],"yoast_head":"<!-- This site is optimized with the Yoast SEO plugin v27.4 - https:\/\/yoast.com\/product\/yoast-seo-wordpress\/ -->\n<title>26.11.2009. - Republika e S\u00ebrbis\u00eb Trupi Koordinues p\u00ebr komunat Bujanoc, Preshev\u00eb dhe Medvegj\u00eb<\/title>\n<meta name=\"robots\" content=\"index, follow, max-snippet:-1, max-image-preview:large, max-video-preview:-1\" \/>\n<link rel=\"canonical\" href=\"https:\/\/kt.gov.rs\/sq\/26-11-2009\/\" \/>\n<meta property=\"og:locale\" content=\"sq_AL\" \/>\n<meta property=\"og:type\" content=\"article\" \/>\n<meta property=\"og:title\" content=\"26.11.2009. - Republika e S\u00ebrbis\u00eb Trupi Koordinues p\u00ebr komunat Bujanoc, Preshev\u00eb dhe Medvegj\u00eb\" \/>\n<meta property=\"og:description\" content=\"Marrr\u00ebveshjen mbi kyqjen n\u00eb procesin e sertifikimit t\u00eb komunave me mjedis t\u00eb favorsh\u00ebm p\u00ebr afariz\u00ebm, n\u00eb Ingji dje kan\u00eb n\u00ebnshkruar n\u00ebnt\u00ebmb\u00ebdh\u00ebjet\u00eb komuna. Ky dokument \u00ebsht\u00eb me r\u00ebnd\u00ebsi sepse duhet t\u2019u jap\u00eb garancione afarist\u00ebve dhe investitor\u00ebve potencial se do t\u00eb marrin sh\u00ebrbime dhe informata t\u00eb cilat do t\u00eb leht\u00ebsojn\u00eb afarizmin e tyre. Nga 53 pushtete lokale, n\u00eb k\u00ebt\u00eb program jan\u00eb kyqur: Shabaci, Medvegja, Bujanoci, Nishi, Piroti, Smedereva, Zrenjanini, Pan\u00e7eva, Krushevci, Llapova, Koceleva, Stara Pazova, Sombori, Zaje\u00e7ari, Sremska Mitrovica, \u00c7a\u00e7aku, Valeva dhe Ruma.\" \/>\n<meta property=\"og:url\" content=\"https:\/\/kt.gov.rs\/sq\/26-11-2009\/\" \/>\n<meta property=\"og:site_name\" content=\"Republika e S\u00ebrbis\u00eb Trupi Koordinues p\u00ebr komunat Bujanoc, Preshev\u00eb dhe Medvegj\u00eb\" \/>\n<meta property=\"article:publisher\" content=\"https:\/\/www.facebook.com\/SluzbaKoordinacionogTelaVladeRepublikeSrbije\" \/>\n<meta property=\"article:published_time\" content=\"2009-11-26T00:00:00+00:00\" \/>\n<meta name=\"author\" content=\"ktmin\" \/>\n<meta name=\"twitter:card\" content=\"summary_large_image\" \/>\n<meta name=\"twitter:creator\" content=\"@kt_gov\" \/>\n<meta name=\"twitter:site\" content=\"@kt_gov\" \/>\n<meta name=\"twitter:label1\" content=\"Written by\" \/>\n\t<meta name=\"twitter:data1\" content=\"ktmin\" \/>\n\t<meta name=\"twitter:label2\" content=\"Est. reading time\" \/>\n\t<meta name=\"twitter:data2\" content=\"2 minutes\" \/>\n<script type=\"application\/ld+json\" class=\"yoast-schema-graph\">{\"@context\":\"https:\\\/\\\/schema.org\",\"@graph\":[{\"@type\":\"Article\",\"@id\":\"https:\\\/\\\/kt.gov.rs\\\/sq\\\/26-11-2009\\\/#article\",\"isPartOf\":{\"@id\":\"https:\\\/\\\/kt.gov.rs\\\/sq\\\/26-11-2009\\\/\"},\"author\":{\"name\":\"ktmin\",\"@id\":\"https:\\\/\\\/kt.gov.rs\\\/#\\\/schema\\\/person\\\/e426459ddb4173309103390602694571\"},\"headline\":\"26.11.2009.\",\"datePublished\":\"2009-11-26T00:00:00+00:00\",\"mainEntityOfPage\":{\"@id\":\"https:\\\/\\\/kt.gov.rs\\\/sq\\\/26-11-2009\\\/\"},\"wordCount\":367,\"publisher\":{\"@id\":\"https:\\\/\\\/kt.gov.rs\\\/#organization\"},\"articleSection\":[\"Lajme\"],\"inLanguage\":\"sq-AL\"},{\"@type\":\"WebPage\",\"@id\":\"https:\\\/\\\/kt.gov.rs\\\/sq\\\/26-11-2009\\\/\",\"url\":\"https:\\\/\\\/kt.gov.rs\\\/sq\\\/26-11-2009\\\/\",\"name\":\"26.11.2009. - Republika e S\u00ebrbis\u00eb Trupi Koordinues p\u00ebr komunat Bujanoc, Preshev\u00eb dhe Medvegj\u00eb\",\"isPartOf\":{\"@id\":\"https:\\\/\\\/kt.gov.rs\\\/#website\"},\"datePublished\":\"2009-11-26T00:00:00+00:00\",\"breadcrumb\":{\"@id\":\"https:\\\/\\\/kt.gov.rs\\\/sq\\\/26-11-2009\\\/#breadcrumb\"},\"inLanguage\":\"sq-AL\",\"potentialAction\":[{\"@type\":\"ReadAction\",\"target\":[\"https:\\\/\\\/kt.gov.rs\\\/sq\\\/26-11-2009\\\/\"]}]},{\"@type\":\"BreadcrumbList\",\"@id\":\"https:\\\/\\\/kt.gov.rs\\\/sq\\\/26-11-2009\\\/#breadcrumb\",\"itemListElement\":[{\"@type\":\"ListItem\",\"position\":1,\"name\":\"\u041f\u043e\u0447\u0435\u0442\u043d\u0430\",\"item\":\"https:\\\/\\\/kt.gov.rs\\\/sq\\\/\"},{\"@type\":\"ListItem\",\"position\":2,\"name\":\"26.11.2009.\"}]},{\"@type\":\"WebSite\",\"@id\":\"https:\\\/\\\/kt.gov.rs\\\/#website\",\"url\":\"https:\\\/\\\/kt.gov.rs\\\/\",\"name\":\"\u041a\u043e\u043e\u0440\u0434\u0438\u043d\u0430\u0446\u0438\u043e\u043d\u043e \u0442\u0435\u043b\u043e \u0412\u043b\u0430\u0434\u0435 \u0420\u0435\u043f\u0443\u0431\u043b\u0438\u043a\u0435 \u0421\u0440\u0431\u0438\u0458\u0435 \u0437\u0430 \u043e\u043f\u0448\u0442\u0438\u043d\u0435 \u041f\u0440\u0435\u0448\u0435\u0432\u043e, \u0411\u0443\u0458\u0430\u043d\u043e\u0432\u0430\u0446 \u0438 \u041c\u0435\u0434\u0432\u0435\u0452a\",\"description\":\"\",\"publisher\":{\"@id\":\"https:\\\/\\\/kt.gov.rs\\\/#organization\"},\"alternateName\":\"\u041a\u043e\u043e\u0440\u0434\u0438\u043d\u0430\u0446\u0438\u043e\u043d\u043e \u0442\u0435\u043b\u043e\",\"potentialAction\":[{\"@type\":\"SearchAction\",\"target\":{\"@type\":\"EntryPoint\",\"urlTemplate\":\"https:\\\/\\\/kt.gov.rs\\\/?s={search_term_string}\"},\"query-input\":{\"@type\":\"PropertyValueSpecification\",\"valueRequired\":true,\"valueName\":\"search_term_string\"}}],\"inLanguage\":\"sq-AL\"},{\"@type\":\"Organization\",\"@id\":\"https:\\\/\\\/kt.gov.rs\\\/#organization\",\"name\":\"\u041a\u043e\u043e\u0440\u0434\u0438\u043d\u0430\u0446\u0438\u043e\u043d\u043e \u0442\u0435\u043b\u043e \u0412\u043b\u0430\u0434\u0435 \u0420\u0435\u043f\u0443\u0431\u043b\u0438\u043a\u0435 \u0421\u0440\u0431\u0438\u0458\u0435 \u0437\u0430 \u043e\u043f\u0448\u0442\u0438\u043d\u0435 \u041f\u0440\u0435\u0448\u0435\u0432\u043e, \u0411\u0443\u0458\u0430\u043d\u043e\u0432\u0430\u0446 \u0438 \u041c\u0435\u0434\u0432\u0435\u0452a\",\"alternateName\":\"\u041a\u043e\u043e\u0440\u0434\u0438\u043d\u0430\u0446\u0438\u043e\u043d\u043e \u0442\u0435\u043b\u043e\",\"url\":\"https:\\\/\\\/kt.gov.rs\\\/\",\"logo\":{\"@type\":\"ImageObject\",\"inLanguage\":\"sq-AL\",\"@id\":\"https:\\\/\\\/kt.gov.rs\\\/#\\\/schema\\\/logo\\\/image\\\/\",\"url\":\"https:\\\/\\\/kt.gov.rs\\\/wp-content\\\/uploads\\\/2024\\\/12\\\/koord2.jpg\",\"contentUrl\":\"https:\\\/\\\/kt.gov.rs\\\/wp-content\\\/uploads\\\/2024\\\/12\\\/koord2.jpg\",\"width\":640,\"height\":480,\"caption\":\"\u041a\u043e\u043e\u0440\u0434\u0438\u043d\u0430\u0446\u0438\u043e\u043d\u043e \u0442\u0435\u043b\u043e \u0412\u043b\u0430\u0434\u0435 \u0420\u0435\u043f\u0443\u0431\u043b\u0438\u043a\u0435 \u0421\u0440\u0431\u0438\u0458\u0435 \u0437\u0430 \u043e\u043f\u0448\u0442\u0438\u043d\u0435 \u041f\u0440\u0435\u0448\u0435\u0432\u043e, \u0411\u0443\u0458\u0430\u043d\u043e\u0432\u0430\u0446 \u0438 \u041c\u0435\u0434\u0432\u0435\u0452a\"},\"image\":{\"@id\":\"https:\\\/\\\/kt.gov.rs\\\/#\\\/schema\\\/logo\\\/image\\\/\"},\"sameAs\":[\"https:\\\/\\\/www.facebook.com\\\/SluzbaKoordinacionogTelaVladeRepublikeSrbije\",\"https:\\\/\\\/x.com\\\/kt_gov\",\"https:\\\/\\\/www.youtube.com\\\/@koordinacionotelo\"]},{\"@type\":\"Person\",\"@id\":\"https:\\\/\\\/kt.gov.rs\\\/#\\\/schema\\\/person\\\/e426459ddb4173309103390602694571\",\"name\":\"ktmin\",\"image\":{\"@type\":\"ImageObject\",\"inLanguage\":\"sq-AL\",\"@id\":\"https:\\\/\\\/secure.gravatar.com\\\/avatar\\\/3985c961109853010c3fbc7ba30365bfba5db3dd6c525831d9c595c7525a615a?s=96&d=mm&r=g\",\"url\":\"https:\\\/\\\/secure.gravatar.com\\\/avatar\\\/3985c961109853010c3fbc7ba30365bfba5db3dd6c525831d9c595c7525a615a?s=96&d=mm&r=g\",\"contentUrl\":\"https:\\\/\\\/secure.gravatar.com\\\/avatar\\\/3985c961109853010c3fbc7ba30365bfba5db3dd6c525831d9c595c7525a615a?s=96&d=mm&r=g\",\"caption\":\"ktmin\"},\"sameAs\":[\"https:\\\/\\\/kt.gov.rs\"],\"url\":\"https:\\\/\\\/kt.gov.rs\\\/sq\\\/author\\\/ktmin\\\/\"}]}<\/script>\n<!-- \/ Yoast SEO plugin. -->","yoast_head_json":{"title":"26.11.2009. - Republika e S\u00ebrbis\u00eb Trupi Koordinues p\u00ebr komunat Bujanoc, Preshev\u00eb dhe Medvegj\u00eb","robots":{"index":"index","follow":"follow","max-snippet":"max-snippet:-1","max-image-preview":"max-image-preview:large","max-video-preview":"max-video-preview:-1"},"canonical":"https:\/\/kt.gov.rs\/sq\/26-11-2009\/","og_locale":"sq_AL","og_type":"article","og_title":"26.11.2009. - Republika e S\u00ebrbis\u00eb Trupi Koordinues p\u00ebr komunat Bujanoc, Preshev\u00eb dhe Medvegj\u00eb","og_description":"Marrr\u00ebveshjen mbi kyqjen n\u00eb procesin e sertifikimit t\u00eb komunave me mjedis t\u00eb favorsh\u00ebm p\u00ebr afariz\u00ebm, n\u00eb Ingji dje kan\u00eb n\u00ebnshkruar n\u00ebnt\u00ebmb\u00ebdh\u00ebjet\u00eb komuna. Ky dokument \u00ebsht\u00eb me r\u00ebnd\u00ebsi sepse duhet t\u2019u jap\u00eb garancione afarist\u00ebve dhe investitor\u00ebve potencial se do t\u00eb marrin sh\u00ebrbime dhe informata t\u00eb cilat do t\u00eb leht\u00ebsojn\u00eb afarizmin e tyre. Nga 53 pushtete lokale, n\u00eb k\u00ebt\u00eb program jan\u00eb kyqur: Shabaci, Medvegja, Bujanoci, Nishi, Piroti, Smedereva, Zrenjanini, Pan\u00e7eva, Krushevci, Llapova, Koceleva, Stara Pazova, Sombori, Zaje\u00e7ari, Sremska Mitrovica, \u00c7a\u00e7aku, Valeva dhe Ruma.","og_url":"https:\/\/kt.gov.rs\/sq\/26-11-2009\/","og_site_name":"Republika e S\u00ebrbis\u00eb Trupi Koordinues p\u00ebr komunat Bujanoc, Preshev\u00eb dhe Medvegj\u00eb","article_publisher":"https:\/\/www.facebook.com\/SluzbaKoordinacionogTelaVladeRepublikeSrbije","article_published_time":"2009-11-26T00:00:00+00:00","author":"ktmin","twitter_card":"summary_large_image","twitter_creator":"@kt_gov","twitter_site":"@kt_gov","twitter_misc":{"Written by":"ktmin","Est. reading time":"2 minutes"},"schema":{"@context":"https:\/\/schema.org","@graph":[{"@type":"Article","@id":"https:\/\/kt.gov.rs\/sq\/26-11-2009\/#article","isPartOf":{"@id":"https:\/\/kt.gov.rs\/sq\/26-11-2009\/"},"author":{"name":"ktmin","@id":"https:\/\/kt.gov.rs\/#\/schema\/person\/e426459ddb4173309103390602694571"},"headline":"26.11.2009.","datePublished":"2009-11-26T00:00:00+00:00","mainEntityOfPage":{"@id":"https:\/\/kt.gov.rs\/sq\/26-11-2009\/"},"wordCount":367,"publisher":{"@id":"https:\/\/kt.gov.rs\/#organization"},"articleSection":["Lajme"],"inLanguage":"sq-AL"},{"@type":"WebPage","@id":"https:\/\/kt.gov.rs\/sq\/26-11-2009\/","url":"https:\/\/kt.gov.rs\/sq\/26-11-2009\/","name":"26.11.2009. - Republika e S\u00ebrbis\u00eb Trupi Koordinues p\u00ebr komunat Bujanoc, Preshev\u00eb dhe Medvegj\u00eb","isPartOf":{"@id":"https:\/\/kt.gov.rs\/#website"},"datePublished":"2009-11-26T00:00:00+00:00","breadcrumb":{"@id":"https:\/\/kt.gov.rs\/sq\/26-11-2009\/#breadcrumb"},"inLanguage":"sq-AL","potentialAction":[{"@type":"ReadAction","target":["https:\/\/kt.gov.rs\/sq\/26-11-2009\/"]}]},{"@type":"BreadcrumbList","@id":"https:\/\/kt.gov.rs\/sq\/26-11-2009\/#breadcrumb","itemListElement":[{"@type":"ListItem","position":1,"name":"\u041f\u043e\u0447\u0435\u0442\u043d\u0430","item":"https:\/\/kt.gov.rs\/sq\/"},{"@type":"ListItem","position":2,"name":"26.11.2009."}]},{"@type":"WebSite","@id":"https:\/\/kt.gov.rs\/#website","url":"https:\/\/kt.gov.rs\/","name":"\u041a\u043e\u043e\u0440\u0434\u0438\u043d\u0430\u0446\u0438\u043e\u043d\u043e \u0442\u0435\u043b\u043e \u0412\u043b\u0430\u0434\u0435 \u0420\u0435\u043f\u0443\u0431\u043b\u0438\u043a\u0435 \u0421\u0440\u0431\u0438\u0458\u0435 \u0437\u0430 \u043e\u043f\u0448\u0442\u0438\u043d\u0435 \u041f\u0440\u0435\u0448\u0435\u0432\u043e, \u0411\u0443\u0458\u0430\u043d\u043e\u0432\u0430\u0446 \u0438 \u041c\u0435\u0434\u0432\u0435\u0452a","description":"","publisher":{"@id":"https:\/\/kt.gov.rs\/#organization"},"alternateName":"\u041a\u043e\u043e\u0440\u0434\u0438\u043d\u0430\u0446\u0438\u043e\u043d\u043e \u0442\u0435\u043b\u043e","potentialAction":[{"@type":"SearchAction","target":{"@type":"EntryPoint","urlTemplate":"https:\/\/kt.gov.rs\/?s={search_term_string}"},"query-input":{"@type":"PropertyValueSpecification","valueRequired":true,"valueName":"search_term_string"}}],"inLanguage":"sq-AL"},{"@type":"Organization","@id":"https:\/\/kt.gov.rs\/#organization","name":"\u041a\u043e\u043e\u0440\u0434\u0438\u043d\u0430\u0446\u0438\u043e\u043d\u043e \u0442\u0435\u043b\u043e \u0412\u043b\u0430\u0434\u0435 \u0420\u0435\u043f\u0443\u0431\u043b\u0438\u043a\u0435 \u0421\u0440\u0431\u0438\u0458\u0435 \u0437\u0430 \u043e\u043f\u0448\u0442\u0438\u043d\u0435 \u041f\u0440\u0435\u0448\u0435\u0432\u043e, \u0411\u0443\u0458\u0430\u043d\u043e\u0432\u0430\u0446 \u0438 \u041c\u0435\u0434\u0432\u0435\u0452a","alternateName":"\u041a\u043e\u043e\u0440\u0434\u0438\u043d\u0430\u0446\u0438\u043e\u043d\u043e \u0442\u0435\u043b\u043e","url":"https:\/\/kt.gov.rs\/","logo":{"@type":"ImageObject","inLanguage":"sq-AL","@id":"https:\/\/kt.gov.rs\/#\/schema\/logo\/image\/","url":"https:\/\/kt.gov.rs\/wp-content\/uploads\/2024\/12\/koord2.jpg","contentUrl":"https:\/\/kt.gov.rs\/wp-content\/uploads\/2024\/12\/koord2.jpg","width":640,"height":480,"caption":"\u041a\u043e\u043e\u0440\u0434\u0438\u043d\u0430\u0446\u0438\u043e\u043d\u043e \u0442\u0435\u043b\u043e \u0412\u043b\u0430\u0434\u0435 \u0420\u0435\u043f\u0443\u0431\u043b\u0438\u043a\u0435 \u0421\u0440\u0431\u0438\u0458\u0435 \u0437\u0430 \u043e\u043f\u0448\u0442\u0438\u043d\u0435 \u041f\u0440\u0435\u0448\u0435\u0432\u043e, \u0411\u0443\u0458\u0430\u043d\u043e\u0432\u0430\u0446 \u0438 \u041c\u0435\u0434\u0432\u0435\u0452a"},"image":{"@id":"https:\/\/kt.gov.rs\/#\/schema\/logo\/image\/"},"sameAs":["https:\/\/www.facebook.com\/SluzbaKoordinacionogTelaVladeRepublikeSrbije","https:\/\/x.com\/kt_gov","https:\/\/www.youtube.com\/@koordinacionotelo"]},{"@type":"Person","@id":"https:\/\/kt.gov.rs\/#\/schema\/person\/e426459ddb4173309103390602694571","name":"ktmin","image":{"@type":"ImageObject","inLanguage":"sq-AL","@id":"https:\/\/secure.gravatar.com\/avatar\/3985c961109853010c3fbc7ba30365bfba5db3dd6c525831d9c595c7525a615a?s=96&d=mm&r=g","url":"https:\/\/secure.gravatar.com\/avatar\/3985c961109853010c3fbc7ba30365bfba5db3dd6c525831d9c595c7525a615a?s=96&d=mm&r=g","contentUrl":"https:\/\/secure.gravatar.com\/avatar\/3985c961109853010c3fbc7ba30365bfba5db3dd6c525831d9c595c7525a615a?s=96&d=mm&r=g","caption":"ktmin"},"sameAs":["https:\/\/kt.gov.rs"],"url":"https:\/\/kt.gov.rs\/sq\/author\/ktmin\/"}]}},"_links":{"self":[{"href":"https:\/\/kt.gov.rs\/sq\/wp-json\/wp\/v2\/posts\/143157","targetHints":{"allow":["GET"]}}],"collection":[{"href":"https:\/\/kt.gov.rs\/sq\/wp-json\/wp\/v2\/posts"}],"about":[{"href":"https:\/\/kt.gov.rs\/sq\/wp-json\/wp\/v2\/types\/post"}],"author":[{"embeddable":true,"href":"https:\/\/kt.gov.rs\/sq\/wp-json\/wp\/v2\/users\/1"}],"replies":[{"embeddable":true,"href":"https:\/\/kt.gov.rs\/sq\/wp-json\/wp\/v2\/comments?post=143157"}],"version-history":[{"count":0,"href":"https:\/\/kt.gov.rs\/sq\/wp-json\/wp\/v2\/posts\/143157\/revisions"}],"wp:attachment":[{"href":"https:\/\/kt.gov.rs\/sq\/wp-json\/wp\/v2\/media?parent=143157"}],"wp:term":[{"taxonomy":"category","embeddable":true,"href":"https:\/\/kt.gov.rs\/sq\/wp-json\/wp\/v2\/categories?post=143157"},{"taxonomy":"post_tag","embeddable":true,"href":"https:\/\/kt.gov.rs\/sq\/wp-json\/wp\/v2\/tags?post=143157"}],"curies":[{"name":"wp","href":"https:\/\/api.w.org\/{rel}","templated":true}]}}