{"id":143156,"date":"2009-11-30T00:00:00","date_gmt":"2009-11-30T00:00:00","guid":{"rendered":"http:\/\/kt.printandscreen.rs\/30-nentor-2009-2\/"},"modified":"2009-11-30T00:00:00","modified_gmt":"2009-11-30T00:00:00","slug":"30-nentor-2009-2","status":"publish","type":"post","link":"https:\/\/kt.gov.rs\/sq\/30-nentor-2009-2\/","title":{"rendered":"30. n\u00ebntor 2009"},"content":{"rendered":"<p>Komuna e Bujanocit pret q\u00eb deri n\u00eb qershor\u00eb t\u00eb vitit t\u00eb ardhsh\u00ebm t\u00eb fitoj\u00eb vler\u00ebsimin e\u00a0 p\u00ebrmbushjes s\u00eb kushteve p\u00ebr marrjen e sertifikat\u00ebs p\u00ebr mjedis t\u00eb favorsh\u00ebm p\u00ebr biznes, e cila do t\u00eb krijoj\u00eb parakushte p\u00ebr nj\u00eb zhvillim m\u00eb t\u00eb shpejt\u00eb ekonomik, deklaroi kryetari i komun\u00ebs s\u00eb Bujanocit Shaip Kamberi. Ai theksoi se\u00a0 n\u00eb periudh\u00ebn e ardhshme n\u00eb komun\u00ebn e Bujanocit Aliansa Nacionale p\u00ebr zhvillim\u00a0 ekonomik lokal (NALED), s\u00eb bashku me Ministrin\u00eb e ekonomis\u00eb dhe t\u00eb zhvillimit ekonomik do t\u00eb vler\u00ebsoj\u00eb kualitetin e mjedisit p\u00ebr biznes, mund\u00ebsin\u00eb e investimit dhe inisiativ\u00ebn p\u00ebr t\u00ebrheqjen e investitor\u00ebve i cili edhe \u00ebsht\u00eb parakusht p\u00ebr marrjen e k\u00ebsaj sertifikate.<\/p>\n<p>,,Egzistojn\u00eb kriteriume t\u00eb caktuara p\u00ebr marrjen e sertifikat\u00ebs mbi mjedis t\u00eb favorsh\u00ebm p\u00ebr biznes, vler\u00ebsohet pun\u00ebn e administrat\u00ebs, n\u00ebse ajo \u00ebsht\u00eb n\u00eb dispozicion t\u00eb sip\u00ebrmarr\u00ebsit, suma e takseve, dhe un\u00eb pres q\u00eb komuna e Bujanocit do t\u00eb plot\u00ebsoj\u00eb k\u00ebto kriteriume dhe se deri n\u00eb qershor\u00eb t\u00eb vitit t\u00eb ardhsh\u00ebm do t\u00eb marrim sertifikat\u00ebn\u2019\u2019, deklaroi Kamberi.<\/p>\n<p>Kamberi \u00ebsht\u00eb nj\u00ebri nd\u00ebr 18 kryetar\u00ebt e komunave t\u00eb cil\u00ebt n\u00eb Ingji kan\u00eb n\u00ebnshkruar marr\u00ebveshjen p\u00ebr fitimin e sertifikat\u00ebs p\u00ebr mjedis t\u00eb favorsh\u00ebm p\u00ebr biznes me NALED-in, Ministrin\u00eb e ekonomis\u00eb dhe zhvillimit lokal, Agjensionin Amerikan p\u00ebr zhvillim nd\u00ebrkomb\u00ebtar\u00eb dhe Agjensionin p\u00ebr investime t\u00eb huaja dhe promovim t\u00eb eksportit. N\u00eb Serbi deri m\u00eb tani jan\u00eb sertifikuar k\u00ebto komuna: Ingjija, Loznica dhe Kragujevci, nd\u00ebrsa n\u00eb process p\u00ebr marrjen e k\u00ebsaj sertifikate jan\u00eb edhe Subotica, Vranja, Uzhica dhe Prokupla.<\/p>\n","protected":false},"excerpt":{"rendered":"<p>Komuna e Bujanocit pret q\u00eb deri n\u00eb qershor\u00eb t\u00eb vitit t\u00eb ardhsh\u00ebm t\u00eb fitoj\u00eb vler\u00ebsimin e\u00a0 p\u00ebrmbushjes s\u00eb kushteve p\u00ebr marrjen e sertifikat\u00ebs p\u00ebr mjedis t\u00eb favorsh\u00ebm p\u00ebr biznes, e cila do t\u00eb krijoj\u00eb parakushte p\u00ebr nj\u00eb zhvillim m\u00eb t\u00eb shpejt\u00eb ekonomik, deklaroi kryetari i komun\u00ebs s\u00eb Bujanocit Shaip Kamberi. Ai theksoi se\u00a0 n\u00eb periudh\u00ebn e ardhshme n\u00eb komun\u00ebn e Bujanocit Aliansa Nacionale p\u00ebr zhvillim\u00a0 ekonomik lokal (NALED), s\u00eb bashku me Ministrin\u00eb e ekonomis\u00eb dhe t\u00eb zhvillimit ekonomik do t\u00eb vler\u00ebsoj\u00eb kualitetin e mjedisit p\u00ebr biznes, mund\u00ebsin\u00eb e investimit dhe inisiativ\u00ebn p\u00ebr t\u00ebrheqjen e investitor\u00ebve i cili edhe \u00ebsht\u00eb parakusht p\u00ebr marrjen e k\u00ebsaj sertifikate.<\/p>\n","protected":false},"author":1,"featured_media":0,"comment_status":"closed","ping_status":"closed","sticky":false,"template":"","format":"standard","meta":{"footnotes":""},"categories":[55],"tags":[],"class_list":["post-143156","post","type-post","status-publish","format-standard","hentry","category-lajme"],"yoast_head":"<!-- This site is optimized with the Yoast SEO plugin v27.4 - https:\/\/yoast.com\/product\/yoast-seo-wordpress\/ -->\n<title>30. n\u00ebntor 2009 - Republika e S\u00ebrbis\u00eb Trupi Koordinues p\u00ebr komunat Bujanoc, Preshev\u00eb dhe Medvegj\u00eb<\/title>\n<meta name=\"robots\" content=\"index, follow, max-snippet:-1, max-image-preview:large, max-video-preview:-1\" \/>\n<link rel=\"canonical\" href=\"https:\/\/kt.gov.rs\/sq\/30-nentor-2009-2\/\" \/>\n<meta property=\"og:locale\" content=\"sq_AL\" \/>\n<meta property=\"og:type\" content=\"article\" \/>\n<meta property=\"og:title\" content=\"30. n\u00ebntor 2009 - Republika e S\u00ebrbis\u00eb Trupi Koordinues p\u00ebr komunat Bujanoc, Preshev\u00eb dhe Medvegj\u00eb\" \/>\n<meta property=\"og:description\" content=\"Komuna e Bujanocit pret q\u00eb deri n\u00eb qershor\u00eb t\u00eb vitit t\u00eb ardhsh\u00ebm t\u00eb fitoj\u00eb vler\u00ebsimin e\u00a0 p\u00ebrmbushjes s\u00eb kushteve p\u00ebr marrjen e sertifikat\u00ebs p\u00ebr mjedis t\u00eb favorsh\u00ebm p\u00ebr biznes, e cila do t\u00eb krijoj\u00eb parakushte p\u00ebr nj\u00eb zhvillim m\u00eb t\u00eb shpejt\u00eb ekonomik, deklaroi kryetari i komun\u00ebs s\u00eb Bujanocit Shaip Kamberi. Ai theksoi se\u00a0 n\u00eb periudh\u00ebn e ardhshme n\u00eb komun\u00ebn e Bujanocit Aliansa Nacionale p\u00ebr zhvillim\u00a0 ekonomik lokal (NALED), s\u00eb bashku me Ministrin\u00eb e ekonomis\u00eb dhe t\u00eb zhvillimit ekonomik do t\u00eb vler\u00ebsoj\u00eb kualitetin e mjedisit p\u00ebr biznes, mund\u00ebsin\u00eb e investimit dhe inisiativ\u00ebn p\u00ebr t\u00ebrheqjen e investitor\u00ebve i cili edhe \u00ebsht\u00eb parakusht p\u00ebr marrjen e k\u00ebsaj sertifikate.\" \/>\n<meta property=\"og:url\" content=\"https:\/\/kt.gov.rs\/sq\/30-nentor-2009-2\/\" \/>\n<meta property=\"og:site_name\" content=\"Republika e S\u00ebrbis\u00eb Trupi Koordinues p\u00ebr komunat Bujanoc, Preshev\u00eb dhe Medvegj\u00eb\" \/>\n<meta property=\"article:publisher\" content=\"https:\/\/www.facebook.com\/SluzbaKoordinacionogTelaVladeRepublikeSrbije\" \/>\n<meta property=\"article:published_time\" content=\"2009-11-30T00:00:00+00:00\" \/>\n<meta name=\"author\" content=\"ktmin\" \/>\n<meta name=\"twitter:card\" content=\"summary_large_image\" \/>\n<meta name=\"twitter:creator\" content=\"@kt_gov\" \/>\n<meta name=\"twitter:site\" content=\"@kt_gov\" \/>\n<meta name=\"twitter:label1\" content=\"Written by\" \/>\n\t<meta name=\"twitter:data1\" content=\"ktmin\" \/>\n\t<meta name=\"twitter:label2\" content=\"Est. reading time\" \/>\n\t<meta name=\"twitter:data2\" content=\"1 minute\" \/>\n<script type=\"application\/ld+json\" class=\"yoast-schema-graph\">{\"@context\":\"https:\\\/\\\/schema.org\",\"@graph\":[{\"@type\":\"Article\",\"@id\":\"https:\\\/\\\/kt.gov.rs\\\/sq\\\/30-nentor-2009-2\\\/#article\",\"isPartOf\":{\"@id\":\"https:\\\/\\\/kt.gov.rs\\\/sq\\\/30-nentor-2009-2\\\/\"},\"author\":{\"name\":\"ktmin\",\"@id\":\"https:\\\/\\\/kt.gov.rs\\\/#\\\/schema\\\/person\\\/e426459ddb4173309103390602694571\"},\"headline\":\"30. n\u00ebntor 2009\",\"datePublished\":\"2009-11-30T00:00:00+00:00\",\"mainEntityOfPage\":{\"@id\":\"https:\\\/\\\/kt.gov.rs\\\/sq\\\/30-nentor-2009-2\\\/\"},\"wordCount\":297,\"publisher\":{\"@id\":\"https:\\\/\\\/kt.gov.rs\\\/#organization\"},\"articleSection\":[\"Lajme\"],\"inLanguage\":\"sq-AL\"},{\"@type\":\"WebPage\",\"@id\":\"https:\\\/\\\/kt.gov.rs\\\/sq\\\/30-nentor-2009-2\\\/\",\"url\":\"https:\\\/\\\/kt.gov.rs\\\/sq\\\/30-nentor-2009-2\\\/\",\"name\":\"30. n\u00ebntor 2009 - Republika e S\u00ebrbis\u00eb Trupi Koordinues p\u00ebr komunat Bujanoc, Preshev\u00eb dhe Medvegj\u00eb\",\"isPartOf\":{\"@id\":\"https:\\\/\\\/kt.gov.rs\\\/#website\"},\"datePublished\":\"2009-11-30T00:00:00+00:00\",\"breadcrumb\":{\"@id\":\"https:\\\/\\\/kt.gov.rs\\\/sq\\\/30-nentor-2009-2\\\/#breadcrumb\"},\"inLanguage\":\"sq-AL\",\"potentialAction\":[{\"@type\":\"ReadAction\",\"target\":[\"https:\\\/\\\/kt.gov.rs\\\/sq\\\/30-nentor-2009-2\\\/\"]}]},{\"@type\":\"BreadcrumbList\",\"@id\":\"https:\\\/\\\/kt.gov.rs\\\/sq\\\/30-nentor-2009-2\\\/#breadcrumb\",\"itemListElement\":[{\"@type\":\"ListItem\",\"position\":1,\"name\":\"\u041f\u043e\u0447\u0435\u0442\u043d\u0430\",\"item\":\"https:\\\/\\\/kt.gov.rs\\\/sq\\\/\"},{\"@type\":\"ListItem\",\"position\":2,\"name\":\"30. n\u00ebntor 2009\"}]},{\"@type\":\"WebSite\",\"@id\":\"https:\\\/\\\/kt.gov.rs\\\/#website\",\"url\":\"https:\\\/\\\/kt.gov.rs\\\/\",\"name\":\"\u041a\u043e\u043e\u0440\u0434\u0438\u043d\u0430\u0446\u0438\u043e\u043d\u043e \u0442\u0435\u043b\u043e \u0412\u043b\u0430\u0434\u0435 \u0420\u0435\u043f\u0443\u0431\u043b\u0438\u043a\u0435 \u0421\u0440\u0431\u0438\u0458\u0435 \u0437\u0430 \u043e\u043f\u0448\u0442\u0438\u043d\u0435 \u041f\u0440\u0435\u0448\u0435\u0432\u043e, \u0411\u0443\u0458\u0430\u043d\u043e\u0432\u0430\u0446 \u0438 \u041c\u0435\u0434\u0432\u0435\u0452a\",\"description\":\"\",\"publisher\":{\"@id\":\"https:\\\/\\\/kt.gov.rs\\\/#organization\"},\"alternateName\":\"\u041a\u043e\u043e\u0440\u0434\u0438\u043d\u0430\u0446\u0438\u043e\u043d\u043e \u0442\u0435\u043b\u043e\",\"potentialAction\":[{\"@type\":\"SearchAction\",\"target\":{\"@type\":\"EntryPoint\",\"urlTemplate\":\"https:\\\/\\\/kt.gov.rs\\\/?s={search_term_string}\"},\"query-input\":{\"@type\":\"PropertyValueSpecification\",\"valueRequired\":true,\"valueName\":\"search_term_string\"}}],\"inLanguage\":\"sq-AL\"},{\"@type\":\"Organization\",\"@id\":\"https:\\\/\\\/kt.gov.rs\\\/#organization\",\"name\":\"\u041a\u043e\u043e\u0440\u0434\u0438\u043d\u0430\u0446\u0438\u043e\u043d\u043e \u0442\u0435\u043b\u043e \u0412\u043b\u0430\u0434\u0435 \u0420\u0435\u043f\u0443\u0431\u043b\u0438\u043a\u0435 \u0421\u0440\u0431\u0438\u0458\u0435 \u0437\u0430 \u043e\u043f\u0448\u0442\u0438\u043d\u0435 \u041f\u0440\u0435\u0448\u0435\u0432\u043e, \u0411\u0443\u0458\u0430\u043d\u043e\u0432\u0430\u0446 \u0438 \u041c\u0435\u0434\u0432\u0435\u0452a\",\"alternateName\":\"\u041a\u043e\u043e\u0440\u0434\u0438\u043d\u0430\u0446\u0438\u043e\u043d\u043e \u0442\u0435\u043b\u043e\",\"url\":\"https:\\\/\\\/kt.gov.rs\\\/\",\"logo\":{\"@type\":\"ImageObject\",\"inLanguage\":\"sq-AL\",\"@id\":\"https:\\\/\\\/kt.gov.rs\\\/#\\\/schema\\\/logo\\\/image\\\/\",\"url\":\"https:\\\/\\\/kt.gov.rs\\\/wp-content\\\/uploads\\\/2024\\\/12\\\/koord2.jpg\",\"contentUrl\":\"https:\\\/\\\/kt.gov.rs\\\/wp-content\\\/uploads\\\/2024\\\/12\\\/koord2.jpg\",\"width\":640,\"height\":480,\"caption\":\"\u041a\u043e\u043e\u0440\u0434\u0438\u043d\u0430\u0446\u0438\u043e\u043d\u043e \u0442\u0435\u043b\u043e \u0412\u043b\u0430\u0434\u0435 \u0420\u0435\u043f\u0443\u0431\u043b\u0438\u043a\u0435 \u0421\u0440\u0431\u0438\u0458\u0435 \u0437\u0430 \u043e\u043f\u0448\u0442\u0438\u043d\u0435 \u041f\u0440\u0435\u0448\u0435\u0432\u043e, \u0411\u0443\u0458\u0430\u043d\u043e\u0432\u0430\u0446 \u0438 \u041c\u0435\u0434\u0432\u0435\u0452a\"},\"image\":{\"@id\":\"https:\\\/\\\/kt.gov.rs\\\/#\\\/schema\\\/logo\\\/image\\\/\"},\"sameAs\":[\"https:\\\/\\\/www.facebook.com\\\/SluzbaKoordinacionogTelaVladeRepublikeSrbije\",\"https:\\\/\\\/x.com\\\/kt_gov\",\"https:\\\/\\\/www.youtube.com\\\/@koordinacionotelo\"]},{\"@type\":\"Person\",\"@id\":\"https:\\\/\\\/kt.gov.rs\\\/#\\\/schema\\\/person\\\/e426459ddb4173309103390602694571\",\"name\":\"ktmin\",\"image\":{\"@type\":\"ImageObject\",\"inLanguage\":\"sq-AL\",\"@id\":\"https:\\\/\\\/secure.gravatar.com\\\/avatar\\\/3985c961109853010c3fbc7ba30365bfba5db3dd6c525831d9c595c7525a615a?s=96&d=mm&r=g\",\"url\":\"https:\\\/\\\/secure.gravatar.com\\\/avatar\\\/3985c961109853010c3fbc7ba30365bfba5db3dd6c525831d9c595c7525a615a?s=96&d=mm&r=g\",\"contentUrl\":\"https:\\\/\\\/secure.gravatar.com\\\/avatar\\\/3985c961109853010c3fbc7ba30365bfba5db3dd6c525831d9c595c7525a615a?s=96&d=mm&r=g\",\"caption\":\"ktmin\"},\"sameAs\":[\"https:\\\/\\\/kt.gov.rs\"],\"url\":\"https:\\\/\\\/kt.gov.rs\\\/sq\\\/author\\\/ktmin\\\/\"}]}<\/script>\n<!-- \/ Yoast SEO plugin. -->","yoast_head_json":{"title":"30. n\u00ebntor 2009 - Republika e S\u00ebrbis\u00eb Trupi Koordinues p\u00ebr komunat Bujanoc, Preshev\u00eb dhe Medvegj\u00eb","robots":{"index":"index","follow":"follow","max-snippet":"max-snippet:-1","max-image-preview":"max-image-preview:large","max-video-preview":"max-video-preview:-1"},"canonical":"https:\/\/kt.gov.rs\/sq\/30-nentor-2009-2\/","og_locale":"sq_AL","og_type":"article","og_title":"30. n\u00ebntor 2009 - Republika e S\u00ebrbis\u00eb Trupi Koordinues p\u00ebr komunat Bujanoc, Preshev\u00eb dhe Medvegj\u00eb","og_description":"Komuna e Bujanocit pret q\u00eb deri n\u00eb qershor\u00eb t\u00eb vitit t\u00eb ardhsh\u00ebm t\u00eb fitoj\u00eb vler\u00ebsimin e\u00a0 p\u00ebrmbushjes s\u00eb kushteve p\u00ebr marrjen e sertifikat\u00ebs p\u00ebr mjedis t\u00eb favorsh\u00ebm p\u00ebr biznes, e cila do t\u00eb krijoj\u00eb parakushte p\u00ebr nj\u00eb zhvillim m\u00eb t\u00eb shpejt\u00eb ekonomik, deklaroi kryetari i komun\u00ebs s\u00eb Bujanocit Shaip Kamberi. Ai theksoi se\u00a0 n\u00eb periudh\u00ebn e ardhshme n\u00eb komun\u00ebn e Bujanocit Aliansa Nacionale p\u00ebr zhvillim\u00a0 ekonomik lokal (NALED), s\u00eb bashku me Ministrin\u00eb e ekonomis\u00eb dhe t\u00eb zhvillimit ekonomik do t\u00eb vler\u00ebsoj\u00eb kualitetin e mjedisit p\u00ebr biznes, mund\u00ebsin\u00eb e investimit dhe inisiativ\u00ebn p\u00ebr t\u00ebrheqjen e investitor\u00ebve i cili edhe \u00ebsht\u00eb parakusht p\u00ebr marrjen e k\u00ebsaj sertifikate.","og_url":"https:\/\/kt.gov.rs\/sq\/30-nentor-2009-2\/","og_site_name":"Republika e S\u00ebrbis\u00eb Trupi Koordinues p\u00ebr komunat Bujanoc, Preshev\u00eb dhe Medvegj\u00eb","article_publisher":"https:\/\/www.facebook.com\/SluzbaKoordinacionogTelaVladeRepublikeSrbije","article_published_time":"2009-11-30T00:00:00+00:00","author":"ktmin","twitter_card":"summary_large_image","twitter_creator":"@kt_gov","twitter_site":"@kt_gov","twitter_misc":{"Written by":"ktmin","Est. reading time":"1 minute"},"schema":{"@context":"https:\/\/schema.org","@graph":[{"@type":"Article","@id":"https:\/\/kt.gov.rs\/sq\/30-nentor-2009-2\/#article","isPartOf":{"@id":"https:\/\/kt.gov.rs\/sq\/30-nentor-2009-2\/"},"author":{"name":"ktmin","@id":"https:\/\/kt.gov.rs\/#\/schema\/person\/e426459ddb4173309103390602694571"},"headline":"30. n\u00ebntor 2009","datePublished":"2009-11-30T00:00:00+00:00","mainEntityOfPage":{"@id":"https:\/\/kt.gov.rs\/sq\/30-nentor-2009-2\/"},"wordCount":297,"publisher":{"@id":"https:\/\/kt.gov.rs\/#organization"},"articleSection":["Lajme"],"inLanguage":"sq-AL"},{"@type":"WebPage","@id":"https:\/\/kt.gov.rs\/sq\/30-nentor-2009-2\/","url":"https:\/\/kt.gov.rs\/sq\/30-nentor-2009-2\/","name":"30. n\u00ebntor 2009 - Republika e S\u00ebrbis\u00eb Trupi Koordinues p\u00ebr komunat Bujanoc, Preshev\u00eb dhe Medvegj\u00eb","isPartOf":{"@id":"https:\/\/kt.gov.rs\/#website"},"datePublished":"2009-11-30T00:00:00+00:00","breadcrumb":{"@id":"https:\/\/kt.gov.rs\/sq\/30-nentor-2009-2\/#breadcrumb"},"inLanguage":"sq-AL","potentialAction":[{"@type":"ReadAction","target":["https:\/\/kt.gov.rs\/sq\/30-nentor-2009-2\/"]}]},{"@type":"BreadcrumbList","@id":"https:\/\/kt.gov.rs\/sq\/30-nentor-2009-2\/#breadcrumb","itemListElement":[{"@type":"ListItem","position":1,"name":"\u041f\u043e\u0447\u0435\u0442\u043d\u0430","item":"https:\/\/kt.gov.rs\/sq\/"},{"@type":"ListItem","position":2,"name":"30. n\u00ebntor 2009"}]},{"@type":"WebSite","@id":"https:\/\/kt.gov.rs\/#website","url":"https:\/\/kt.gov.rs\/","name":"\u041a\u043e\u043e\u0440\u0434\u0438\u043d\u0430\u0446\u0438\u043e\u043d\u043e \u0442\u0435\u043b\u043e \u0412\u043b\u0430\u0434\u0435 \u0420\u0435\u043f\u0443\u0431\u043b\u0438\u043a\u0435 \u0421\u0440\u0431\u0438\u0458\u0435 \u0437\u0430 \u043e\u043f\u0448\u0442\u0438\u043d\u0435 \u041f\u0440\u0435\u0448\u0435\u0432\u043e, \u0411\u0443\u0458\u0430\u043d\u043e\u0432\u0430\u0446 \u0438 \u041c\u0435\u0434\u0432\u0435\u0452a","description":"","publisher":{"@id":"https:\/\/kt.gov.rs\/#organization"},"alternateName":"\u041a\u043e\u043e\u0440\u0434\u0438\u043d\u0430\u0446\u0438\u043e\u043d\u043e \u0442\u0435\u043b\u043e","potentialAction":[{"@type":"SearchAction","target":{"@type":"EntryPoint","urlTemplate":"https:\/\/kt.gov.rs\/?s={search_term_string}"},"query-input":{"@type":"PropertyValueSpecification","valueRequired":true,"valueName":"search_term_string"}}],"inLanguage":"sq-AL"},{"@type":"Organization","@id":"https:\/\/kt.gov.rs\/#organization","name":"\u041a\u043e\u043e\u0440\u0434\u0438\u043d\u0430\u0446\u0438\u043e\u043d\u043e \u0442\u0435\u043b\u043e \u0412\u043b\u0430\u0434\u0435 \u0420\u0435\u043f\u0443\u0431\u043b\u0438\u043a\u0435 \u0421\u0440\u0431\u0438\u0458\u0435 \u0437\u0430 \u043e\u043f\u0448\u0442\u0438\u043d\u0435 \u041f\u0440\u0435\u0448\u0435\u0432\u043e, \u0411\u0443\u0458\u0430\u043d\u043e\u0432\u0430\u0446 \u0438 \u041c\u0435\u0434\u0432\u0435\u0452a","alternateName":"\u041a\u043e\u043e\u0440\u0434\u0438\u043d\u0430\u0446\u0438\u043e\u043d\u043e \u0442\u0435\u043b\u043e","url":"https:\/\/kt.gov.rs\/","logo":{"@type":"ImageObject","inLanguage":"sq-AL","@id":"https:\/\/kt.gov.rs\/#\/schema\/logo\/image\/","url":"https:\/\/kt.gov.rs\/wp-content\/uploads\/2024\/12\/koord2.jpg","contentUrl":"https:\/\/kt.gov.rs\/wp-content\/uploads\/2024\/12\/koord2.jpg","width":640,"height":480,"caption":"\u041a\u043e\u043e\u0440\u0434\u0438\u043d\u0430\u0446\u0438\u043e\u043d\u043e \u0442\u0435\u043b\u043e \u0412\u043b\u0430\u0434\u0435 \u0420\u0435\u043f\u0443\u0431\u043b\u0438\u043a\u0435 \u0421\u0440\u0431\u0438\u0458\u0435 \u0437\u0430 \u043e\u043f\u0448\u0442\u0438\u043d\u0435 \u041f\u0440\u0435\u0448\u0435\u0432\u043e, \u0411\u0443\u0458\u0430\u043d\u043e\u0432\u0430\u0446 \u0438 \u041c\u0435\u0434\u0432\u0435\u0452a"},"image":{"@id":"https:\/\/kt.gov.rs\/#\/schema\/logo\/image\/"},"sameAs":["https:\/\/www.facebook.com\/SluzbaKoordinacionogTelaVladeRepublikeSrbije","https:\/\/x.com\/kt_gov","https:\/\/www.youtube.com\/@koordinacionotelo"]},{"@type":"Person","@id":"https:\/\/kt.gov.rs\/#\/schema\/person\/e426459ddb4173309103390602694571","name":"ktmin","image":{"@type":"ImageObject","inLanguage":"sq-AL","@id":"https:\/\/secure.gravatar.com\/avatar\/3985c961109853010c3fbc7ba30365bfba5db3dd6c525831d9c595c7525a615a?s=96&d=mm&r=g","url":"https:\/\/secure.gravatar.com\/avatar\/3985c961109853010c3fbc7ba30365bfba5db3dd6c525831d9c595c7525a615a?s=96&d=mm&r=g","contentUrl":"https:\/\/secure.gravatar.com\/avatar\/3985c961109853010c3fbc7ba30365bfba5db3dd6c525831d9c595c7525a615a?s=96&d=mm&r=g","caption":"ktmin"},"sameAs":["https:\/\/kt.gov.rs"],"url":"https:\/\/kt.gov.rs\/sq\/author\/ktmin\/"}]}},"_links":{"self":[{"href":"https:\/\/kt.gov.rs\/sq\/wp-json\/wp\/v2\/posts\/143156","targetHints":{"allow":["GET"]}}],"collection":[{"href":"https:\/\/kt.gov.rs\/sq\/wp-json\/wp\/v2\/posts"}],"about":[{"href":"https:\/\/kt.gov.rs\/sq\/wp-json\/wp\/v2\/types\/post"}],"author":[{"embeddable":true,"href":"https:\/\/kt.gov.rs\/sq\/wp-json\/wp\/v2\/users\/1"}],"replies":[{"embeddable":true,"href":"https:\/\/kt.gov.rs\/sq\/wp-json\/wp\/v2\/comments?post=143156"}],"version-history":[{"count":0,"href":"https:\/\/kt.gov.rs\/sq\/wp-json\/wp\/v2\/posts\/143156\/revisions"}],"wp:attachment":[{"href":"https:\/\/kt.gov.rs\/sq\/wp-json\/wp\/v2\/media?parent=143156"}],"wp:term":[{"taxonomy":"category","embeddable":true,"href":"https:\/\/kt.gov.rs\/sq\/wp-json\/wp\/v2\/categories?post=143156"},{"taxonomy":"post_tag","embeddable":true,"href":"https:\/\/kt.gov.rs\/sq\/wp-json\/wp\/v2\/tags?post=143156"}],"curies":[{"name":"wp","href":"https:\/\/api.w.org\/{rel}","templated":true}]}}