{"id":143140,"date":"2009-12-07T00:00:00","date_gmt":"2009-12-07T00:00:00","guid":{"rendered":"http:\/\/kt.printandscreen.rs\/ti-dhe-une-jemi-ne\/"},"modified":"2024-07-30T20:23:52","modified_gmt":"2024-07-30T20:23:52","slug":"ti-dhe-une-jemi-ne","status":"publish","type":"post","link":"https:\/\/kt.gov.rs\/sq\/ti-dhe-une-jemi-ne\/","title":{"rendered":"TI DHE UN\u00cb JEMI NE"},"content":{"rendered":"<p><strong><em><img decoding=\"async\" align=\"left\" src=\"https:\/\/kt.gov.rs\/wp-content\/uploads\/2024\/07\/pic071vesti-4.jpg\" alt=\"\" \/>\u201eTi dhe un\u00eb jemi ne, nd\u00ebrsa ne jemi t\u00ebr\u00eb bot\u00eb. Ne mundemi ta ndryshojm\u00eb bot\u00ebn. Zi-bardh-lara. Latinic\u00eb-qirilic\u00eb. E gjith kjo \u00ebsht\u00eb arg\u00ebtuese, bota \u00ebsht\u00eb p\u00ebrplot llojllojshm\u00ebrish\u00eb. Nuk je si un\u00eb e un\u00eb nuk jam\u00eb si ti, ti dhe un\u00eb jemi ekip\u00eb\u2019\u2019.<\/em><br \/>\n<\/strong><br \/>\nKy \u00ebsht\u00eb refreni i kat\u00ebrmb\u00ebdh\u00ebjet\u00eb nx\u00ebn\u00ebsve t\u00eb shkollave t\u00eb mesme, Serb\u00eb, Shqip\u00ebtar\u00eb dhe Rom\u00eb nga Bujanoci dhe Presheva t\u00eb cil\u00ebt mbaruan premier\u00ebn e \u00e7faqjes teatrale ,,Ti dhe un\u00eb jemi ne\u2019\u2019. Artist\u00ebt e rinj\u00eb jan\u00eb pritur me ovacione frenetike n\u00eb sall\u00ebn p\u00ebrplot\u00eb n\u00eb Sht\u00ebpin\u00eb e kultur\u00ebs n\u00eb Bujanoc, t\u00eb mart\u00ebn m\u00eb 2 dhjetor\u00eb. Nx\u00ebn\u00ebsit jan\u00eb autor\u00eb t\u00eb tekstit e nj\u00ebherit edhe artist\u00eb n\u00eb k\u00ebt\u00eb \u00e7faqje ku b\u00ebhet fjal\u00eb p\u00ebr jet\u00ebn e tyre, n\u00eb t\u00eb tri gjuh\u00ebt e tyre dhe n\u00eb anglisht. Kjo ka qen\u00eb finale, q\u00eb p\u00ebr her\u00eb t\u00eb par\u00eb \u00ebsht\u00eb organizuar pas nj\u00eb pregatitje dymujore t\u00eb udh\u00ebhequr nga artist\u00ebt m\u00eb me p\u00ebrvoj\u00eb nga Beogradi, Valjeva dhe Sombori. K\u00ebta t\u00eb rinj\u00eb p\u00ebrpos arsimit t\u00eb tyre baz\u00eb n\u00eb teat\u00ebr, kan\u00eb kaluar edhe p\u00ebrvoj\u00ebn e pun\u00ebs me koleg\u00ebt e tyre nga komunitetet e tjera etnike. P\u00ebrmes pun\u00ebtoris\u00eb teatrale, duke i m\u00ebsuar teknikat dramaturgjike, kan\u00eb zhvilluar t\u00eb kuptuarit e toleranc\u00ebs ndaj kulturave dhe komuniteteve tjera.<\/p>\n<p><img decoding=\"async\" align=\"left\" src=\"https:\/\/kt.gov.rs\/wp-content\/uploads\/2024\/07\/pic072vesti-2.jpg\" alt=\"\" \/>Projektin e ka finansuar Trupi Koordinues i Qeveris\u00eb s\u00eb Serbis\u00eb p\u00ebr komunat Preshev\u00eb, Bujanoc dhe Medvegj\u00eb. Para \u00e7faqjes, me t\u00eb njejtin tekst publikut n\u00eb gjuh\u00ebn angleze u \u00ebsht\u00eb drejtuar Aleksandar Laziq, n\u00eb gjuh\u00ebn serbe dramaturgeja Milena Bogavac dhe n\u00eb gjuh\u00ebn shqipe koordinatori Rahim Salihu. <strong>Ata porosit\u00ebn se \u00e7faqja ,,Ti dhe un\u00eb jemi ne\u2019\u2019 \u00ebsht\u00eb pasqyrja m\u00eb e mir\u00eb multietnike t\u00eb cil\u00ebn nga Serbia jugore i d\u00ebrgojm\u00eb bot\u00ebs.<\/p>\n<p>Pas tyre, Kryetari i Trupit Koordinues e nj\u00ebherit edhe kryetar\u00eb i pushtetit lokal dhe i vet\u00ebqeverisjes lokale Millan Markoviq ju drejtua para s\u00eb gjithash t\u00eb rinj\u00ebve dhe publikut me fjal\u00ebt: ,,Ky \u00ebsht\u00eb projekti m\u00eb i mir\u00eb q\u00eb Trupi Koordinues ka b\u00ebr\u00eb deri m\u00eb tani dhe se kjo tregon relacionin ton\u00eb ndaj t\u00eb rinj\u00ebve. Ne nuk do t\u00eb ndalemi s\u00eb investuari n\u00eb rini dhe n\u00eb shkollimin e tyre\u2019\u2019.<\/strong> Kryetari i komun\u00ebs Shaip Kamberi ka p\u00ebrkrahur k\u00ebt\u00eb dhe t\u00eb gjitha aktivitetet tjera t\u00eb Trupit Koordinues t\u00eb cilat jan\u00eb t\u00eb drejtuara n\u00eb jet\u00ebn e p\u00ebrbashk\u00ebt n\u00eb t\u00eb mir\u00eb t\u00eb Bujanocit dhe t\u00eb t\u00ebr\u00eb Serbis\u00eb jugore.<\/p>\n<p><img decoding=\"async\" align=\"left\" src=\"https:\/\/kt.gov.rs\/wp-content\/uploads\/2024\/07\/pic073vesti-2.jpg\" alt=\"\" \/>Rinia n\u00eb publik\u00eb kan\u00eb reaguar n\u00eb ndodhit\u00eb n\u00eb sken\u00eb duke e njohur vitalitetin artistik t\u00eb moshatar\u00ebve t\u00eb tyre n\u00eb tekstet ku b\u00ebhet fjal\u00eb p\u00ebr ta, p\u00ebr p\u00ebrditshm\u00ebrin\u00eb e nx\u00ebn\u00ebsve t\u00eb shkollave t\u00eb mesme n\u00eb Serbin\u00eb jugore. Urimet e para, artist\u00ebt i kan\u00eb marr\u00eb nga ministri Millan Markoviq, kryetari i komun\u00ebs s\u00eb Bujanocit Shaip Kamberi dhe deputeti popullor\u00eb Riza Halimi. Pas dy muajsh pune dhe premier\u00ebs s\u00eb suksesshme, nx\u00ebn\u00ebsit e shkollave t\u00eb mesme, Shqip\u00ebtar\u00eb, Serb\u00eb dhe Rom\u00eb, s\u00eb\u00a0 bashku kan\u00eb festuar p\u00ebrvoj\u00ebn e tyre t\u00eb par\u00eb artistike.<\/p>\n<p>Ky ka qen\u00eb pushimi i vet\u00ebm n\u00eb dy muajt e fundit sepse ata i pret\u00eb premiera beogradase m\u00eb 14. dhjetor\u00eb n\u00eb teatrin ,,Dushko Radoviq\u2019\u2019.<\/p>\n","protected":false},"excerpt":{"rendered":"<p>\u201eTi dhe un\u00eb jemi ne, nd\u00ebrsa ne jemi t\u00ebr\u00eb bot\u00eb. Ne mundemi ta ndryshojm\u00eb bot\u00ebn. Zi-bardh-lara. Latinic\u00eb-qirilic\u00eb. E gjith kjo \u00ebsht\u00eb arg\u00ebtuese, bota \u00ebsht\u00eb p\u00ebrplot llojllojshm\u00ebrish\u00eb. Nuk je si un\u00eb e un\u00eb nuk jam\u00eb si ti, ti dhe un\u00eb jemi ekip\u00eb\u2019\u2019. Ky \u00ebsht\u00eb refreni i kat\u00ebrmb\u00ebdh\u00ebjet\u00eb nx\u00ebn\u00ebsve t\u00eb shkollave t\u00eb mesme, Serb\u00eb, Shqip\u00ebtar\u00eb dhe Rom\u00eb nga Bujanoci dhe Presheva t\u00eb cil\u00ebt mbaruan premier\u00ebn e \u00e7faqjes teatrale ,,Ti dhe un\u00eb jemi ne\u2019\u2019. Artist\u00ebt e rinj\u00eb jan\u00eb pritur me ovacione frenetike n\u00eb sall\u00ebn p\u00ebrplot\u00eb n\u00eb Sht\u00ebpin\u00eb e kultur\u00ebs n\u00eb Bujanoc, t\u00eb mart\u00ebn m\u00eb 2 dhjetor\u00eb.<\/p>\n","protected":false},"author":1,"featured_media":143151,"comment_status":"closed","ping_status":"closed","sticky":false,"template":"","format":"standard","meta":{"footnotes":""},"categories":[55],"tags":[],"class_list":["post-143140","post","type-post","status-publish","format-standard","has-post-thumbnail","hentry","category-lajme"],"yoast_head":"<!-- This site is optimized with the Yoast SEO plugin v27.4 - https:\/\/yoast.com\/product\/yoast-seo-wordpress\/ -->\n<title>TI DHE UN\u00cb JEMI NE - Republika e S\u00ebrbis\u00eb Trupi Koordinues p\u00ebr komunat Bujanoc, Preshev\u00eb dhe Medvegj\u00eb<\/title>\n<meta name=\"robots\" content=\"index, follow, max-snippet:-1, max-image-preview:large, max-video-preview:-1\" \/>\n<link rel=\"canonical\" href=\"https:\/\/kt.gov.rs\/sq\/ti-dhe-une-jemi-ne\/\" \/>\n<meta property=\"og:locale\" content=\"sq_AL\" \/>\n<meta property=\"og:type\" content=\"article\" \/>\n<meta property=\"og:title\" content=\"TI DHE UN\u00cb JEMI NE - Republika e S\u00ebrbis\u00eb Trupi Koordinues p\u00ebr komunat Bujanoc, Preshev\u00eb dhe Medvegj\u00eb\" \/>\n<meta property=\"og:description\" content=\"\u201eTi dhe un\u00eb jemi ne, nd\u00ebrsa ne jemi t\u00ebr\u00eb bot\u00eb. Ne mundemi ta ndryshojm\u00eb bot\u00ebn. Zi-bardh-lara. Latinic\u00eb-qirilic\u00eb. E gjith kjo \u00ebsht\u00eb arg\u00ebtuese, bota \u00ebsht\u00eb p\u00ebrplot llojllojshm\u00ebrish\u00eb. Nuk je si un\u00eb e un\u00eb nuk jam\u00eb si ti, ti dhe un\u00eb jemi ekip\u00eb\u2019\u2019. Ky \u00ebsht\u00eb refreni i kat\u00ebrmb\u00ebdh\u00ebjet\u00eb nx\u00ebn\u00ebsve t\u00eb shkollave t\u00eb mesme, Serb\u00eb, Shqip\u00ebtar\u00eb dhe Rom\u00eb nga Bujanoci dhe Presheva t\u00eb cil\u00ebt mbaruan premier\u00ebn e \u00e7faqjes teatrale ,,Ti dhe un\u00eb jemi ne\u2019\u2019. Artist\u00ebt e rinj\u00eb jan\u00eb pritur me ovacione frenetike n\u00eb sall\u00ebn p\u00ebrplot\u00eb n\u00eb Sht\u00ebpin\u00eb e kultur\u00ebs n\u00eb Bujanoc, t\u00eb mart\u00ebn m\u00eb 2 dhjetor\u00eb.\" \/>\n<meta property=\"og:url\" content=\"https:\/\/kt.gov.rs\/sq\/ti-dhe-une-jemi-ne\/\" \/>\n<meta property=\"og:site_name\" content=\"Republika e S\u00ebrbis\u00eb Trupi Koordinues p\u00ebr komunat Bujanoc, Preshev\u00eb dhe Medvegj\u00eb\" \/>\n<meta property=\"article:publisher\" content=\"https:\/\/www.facebook.com\/SluzbaKoordinacionogTelaVladeRepublikeSrbije\" \/>\n<meta property=\"article:published_time\" content=\"2009-12-07T00:00:00+00:00\" \/>\n<meta property=\"article:modified_time\" content=\"2024-07-30T20:23:52+00:00\" \/>\n<meta property=\"og:image\" content=\"https:\/\/kt.gov.rs\/wp-content\/uploads\/2024\/07\/pic071vesti-5.jpg\" \/>\n\t<meta property=\"og:image:width\" content=\"250\" \/>\n\t<meta property=\"og:image:height\" content=\"166\" \/>\n\t<meta property=\"og:image:type\" content=\"image\/jpeg\" \/>\n<meta name=\"author\" content=\"ktmin\" \/>\n<meta name=\"twitter:card\" content=\"summary_large_image\" \/>\n<meta name=\"twitter:creator\" content=\"@kt_gov\" \/>\n<meta name=\"twitter:site\" content=\"@kt_gov\" \/>\n<meta name=\"twitter:label1\" content=\"Written by\" \/>\n\t<meta name=\"twitter:data1\" content=\"ktmin\" \/>\n\t<meta name=\"twitter:label2\" content=\"Est. reading time\" \/>\n\t<meta name=\"twitter:data2\" content=\"3 minutes\" \/>\n<script type=\"application\/ld+json\" class=\"yoast-schema-graph\">{\"@context\":\"https:\\\/\\\/schema.org\",\"@graph\":[{\"@type\":\"Article\",\"@id\":\"https:\\\/\\\/kt.gov.rs\\\/sq\\\/ti-dhe-une-jemi-ne\\\/#article\",\"isPartOf\":{\"@id\":\"https:\\\/\\\/kt.gov.rs\\\/sq\\\/ti-dhe-une-jemi-ne\\\/\"},\"author\":{\"name\":\"ktmin\",\"@id\":\"https:\\\/\\\/kt.gov.rs\\\/#\\\/schema\\\/person\\\/e426459ddb4173309103390602694571\"},\"headline\":\"TI DHE UN\u00cb JEMI NE\",\"datePublished\":\"2009-12-07T00:00:00+00:00\",\"dateModified\":\"2024-07-30T20:23:52+00:00\",\"mainEntityOfPage\":{\"@id\":\"https:\\\/\\\/kt.gov.rs\\\/sq\\\/ti-dhe-une-jemi-ne\\\/\"},\"wordCount\":568,\"publisher\":{\"@id\":\"https:\\\/\\\/kt.gov.rs\\\/#organization\"},\"image\":{\"@id\":\"https:\\\/\\\/kt.gov.rs\\\/sq\\\/ti-dhe-une-jemi-ne\\\/#primaryimage\"},\"thumbnailUrl\":\"https:\\\/\\\/kt.gov.rs\\\/wp-content\\\/uploads\\\/2024\\\/07\\\/pic071vesti-5.jpg\",\"articleSection\":[\"Lajme\"],\"inLanguage\":\"sq-AL\"},{\"@type\":\"WebPage\",\"@id\":\"https:\\\/\\\/kt.gov.rs\\\/sq\\\/ti-dhe-une-jemi-ne\\\/\",\"url\":\"https:\\\/\\\/kt.gov.rs\\\/sq\\\/ti-dhe-une-jemi-ne\\\/\",\"name\":\"TI DHE UN\u00cb JEMI NE - Republika e S\u00ebrbis\u00eb Trupi Koordinues p\u00ebr komunat Bujanoc, Preshev\u00eb dhe Medvegj\u00eb\",\"isPartOf\":{\"@id\":\"https:\\\/\\\/kt.gov.rs\\\/#website\"},\"primaryImageOfPage\":{\"@id\":\"https:\\\/\\\/kt.gov.rs\\\/sq\\\/ti-dhe-une-jemi-ne\\\/#primaryimage\"},\"image\":{\"@id\":\"https:\\\/\\\/kt.gov.rs\\\/sq\\\/ti-dhe-une-jemi-ne\\\/#primaryimage\"},\"thumbnailUrl\":\"https:\\\/\\\/kt.gov.rs\\\/wp-content\\\/uploads\\\/2024\\\/07\\\/pic071vesti-5.jpg\",\"datePublished\":\"2009-12-07T00:00:00+00:00\",\"dateModified\":\"2024-07-30T20:23:52+00:00\",\"breadcrumb\":{\"@id\":\"https:\\\/\\\/kt.gov.rs\\\/sq\\\/ti-dhe-une-jemi-ne\\\/#breadcrumb\"},\"inLanguage\":\"sq-AL\",\"potentialAction\":[{\"@type\":\"ReadAction\",\"target\":[\"https:\\\/\\\/kt.gov.rs\\\/sq\\\/ti-dhe-une-jemi-ne\\\/\"]}]},{\"@type\":\"ImageObject\",\"inLanguage\":\"sq-AL\",\"@id\":\"https:\\\/\\\/kt.gov.rs\\\/sq\\\/ti-dhe-une-jemi-ne\\\/#primaryimage\",\"url\":\"https:\\\/\\\/kt.gov.rs\\\/wp-content\\\/uploads\\\/2024\\\/07\\\/pic071vesti-5.jpg\",\"contentUrl\":\"https:\\\/\\\/kt.gov.rs\\\/wp-content\\\/uploads\\\/2024\\\/07\\\/pic071vesti-5.jpg\",\"width\":250,\"height\":166},{\"@type\":\"BreadcrumbList\",\"@id\":\"https:\\\/\\\/kt.gov.rs\\\/sq\\\/ti-dhe-une-jemi-ne\\\/#breadcrumb\",\"itemListElement\":[{\"@type\":\"ListItem\",\"position\":1,\"name\":\"\u041f\u043e\u0447\u0435\u0442\u043d\u0430\",\"item\":\"https:\\\/\\\/kt.gov.rs\\\/sq\\\/\"},{\"@type\":\"ListItem\",\"position\":2,\"name\":\"TI DHE UN\u00cb JEMI NE\"}]},{\"@type\":\"WebSite\",\"@id\":\"https:\\\/\\\/kt.gov.rs\\\/#website\",\"url\":\"https:\\\/\\\/kt.gov.rs\\\/\",\"name\":\"\u041a\u043e\u043e\u0440\u0434\u0438\u043d\u0430\u0446\u0438\u043e\u043d\u043e \u0442\u0435\u043b\u043e \u0412\u043b\u0430\u0434\u0435 \u0420\u0435\u043f\u0443\u0431\u043b\u0438\u043a\u0435 \u0421\u0440\u0431\u0438\u0458\u0435 \u0437\u0430 \u043e\u043f\u0448\u0442\u0438\u043d\u0435 \u041f\u0440\u0435\u0448\u0435\u0432\u043e, \u0411\u0443\u0458\u0430\u043d\u043e\u0432\u0430\u0446 \u0438 \u041c\u0435\u0434\u0432\u0435\u0452a\",\"description\":\"\",\"publisher\":{\"@id\":\"https:\\\/\\\/kt.gov.rs\\\/#organization\"},\"alternateName\":\"\u041a\u043e\u043e\u0440\u0434\u0438\u043d\u0430\u0446\u0438\u043e\u043d\u043e \u0442\u0435\u043b\u043e\",\"potentialAction\":[{\"@type\":\"SearchAction\",\"target\":{\"@type\":\"EntryPoint\",\"urlTemplate\":\"https:\\\/\\\/kt.gov.rs\\\/?s={search_term_string}\"},\"query-input\":{\"@type\":\"PropertyValueSpecification\",\"valueRequired\":true,\"valueName\":\"search_term_string\"}}],\"inLanguage\":\"sq-AL\"},{\"@type\":\"Organization\",\"@id\":\"https:\\\/\\\/kt.gov.rs\\\/#organization\",\"name\":\"\u041a\u043e\u043e\u0440\u0434\u0438\u043d\u0430\u0446\u0438\u043e\u043d\u043e \u0442\u0435\u043b\u043e \u0412\u043b\u0430\u0434\u0435 \u0420\u0435\u043f\u0443\u0431\u043b\u0438\u043a\u0435 \u0421\u0440\u0431\u0438\u0458\u0435 \u0437\u0430 \u043e\u043f\u0448\u0442\u0438\u043d\u0435 \u041f\u0440\u0435\u0448\u0435\u0432\u043e, \u0411\u0443\u0458\u0430\u043d\u043e\u0432\u0430\u0446 \u0438 \u041c\u0435\u0434\u0432\u0435\u0452a\",\"alternateName\":\"\u041a\u043e\u043e\u0440\u0434\u0438\u043d\u0430\u0446\u0438\u043e\u043d\u043e \u0442\u0435\u043b\u043e\",\"url\":\"https:\\\/\\\/kt.gov.rs\\\/\",\"logo\":{\"@type\":\"ImageObject\",\"inLanguage\":\"sq-AL\",\"@id\":\"https:\\\/\\\/kt.gov.rs\\\/#\\\/schema\\\/logo\\\/image\\\/\",\"url\":\"https:\\\/\\\/kt.gov.rs\\\/wp-content\\\/uploads\\\/2024\\\/12\\\/koord2.jpg\",\"contentUrl\":\"https:\\\/\\\/kt.gov.rs\\\/wp-content\\\/uploads\\\/2024\\\/12\\\/koord2.jpg\",\"width\":640,\"height\":480,\"caption\":\"\u041a\u043e\u043e\u0440\u0434\u0438\u043d\u0430\u0446\u0438\u043e\u043d\u043e \u0442\u0435\u043b\u043e \u0412\u043b\u0430\u0434\u0435 \u0420\u0435\u043f\u0443\u0431\u043b\u0438\u043a\u0435 \u0421\u0440\u0431\u0438\u0458\u0435 \u0437\u0430 \u043e\u043f\u0448\u0442\u0438\u043d\u0435 \u041f\u0440\u0435\u0448\u0435\u0432\u043e, \u0411\u0443\u0458\u0430\u043d\u043e\u0432\u0430\u0446 \u0438 \u041c\u0435\u0434\u0432\u0435\u0452a\"},\"image\":{\"@id\":\"https:\\\/\\\/kt.gov.rs\\\/#\\\/schema\\\/logo\\\/image\\\/\"},\"sameAs\":[\"https:\\\/\\\/www.facebook.com\\\/SluzbaKoordinacionogTelaVladeRepublikeSrbije\",\"https:\\\/\\\/x.com\\\/kt_gov\",\"https:\\\/\\\/www.youtube.com\\\/@koordinacionotelo\"]},{\"@type\":\"Person\",\"@id\":\"https:\\\/\\\/kt.gov.rs\\\/#\\\/schema\\\/person\\\/e426459ddb4173309103390602694571\",\"name\":\"ktmin\",\"image\":{\"@type\":\"ImageObject\",\"inLanguage\":\"sq-AL\",\"@id\":\"https:\\\/\\\/secure.gravatar.com\\\/avatar\\\/3985c961109853010c3fbc7ba30365bfba5db3dd6c525831d9c595c7525a615a?s=96&d=mm&r=g\",\"url\":\"https:\\\/\\\/secure.gravatar.com\\\/avatar\\\/3985c961109853010c3fbc7ba30365bfba5db3dd6c525831d9c595c7525a615a?s=96&d=mm&r=g\",\"contentUrl\":\"https:\\\/\\\/secure.gravatar.com\\\/avatar\\\/3985c961109853010c3fbc7ba30365bfba5db3dd6c525831d9c595c7525a615a?s=96&d=mm&r=g\",\"caption\":\"ktmin\"},\"sameAs\":[\"https:\\\/\\\/kt.gov.rs\"],\"url\":\"https:\\\/\\\/kt.gov.rs\\\/sq\\\/author\\\/ktmin\\\/\"}]}<\/script>\n<!-- \/ Yoast SEO plugin. -->","yoast_head_json":{"title":"TI DHE UN\u00cb JEMI NE - Republika e S\u00ebrbis\u00eb Trupi Koordinues p\u00ebr komunat Bujanoc, Preshev\u00eb dhe Medvegj\u00eb","robots":{"index":"index","follow":"follow","max-snippet":"max-snippet:-1","max-image-preview":"max-image-preview:large","max-video-preview":"max-video-preview:-1"},"canonical":"https:\/\/kt.gov.rs\/sq\/ti-dhe-une-jemi-ne\/","og_locale":"sq_AL","og_type":"article","og_title":"TI DHE UN\u00cb JEMI NE - Republika e S\u00ebrbis\u00eb Trupi Koordinues p\u00ebr komunat Bujanoc, Preshev\u00eb dhe Medvegj\u00eb","og_description":"\u201eTi dhe un\u00eb jemi ne, nd\u00ebrsa ne jemi t\u00ebr\u00eb bot\u00eb. Ne mundemi ta ndryshojm\u00eb bot\u00ebn. Zi-bardh-lara. Latinic\u00eb-qirilic\u00eb. E gjith kjo \u00ebsht\u00eb arg\u00ebtuese, bota \u00ebsht\u00eb p\u00ebrplot llojllojshm\u00ebrish\u00eb. Nuk je si un\u00eb e un\u00eb nuk jam\u00eb si ti, ti dhe un\u00eb jemi ekip\u00eb\u2019\u2019. Ky \u00ebsht\u00eb refreni i kat\u00ebrmb\u00ebdh\u00ebjet\u00eb nx\u00ebn\u00ebsve t\u00eb shkollave t\u00eb mesme, Serb\u00eb, Shqip\u00ebtar\u00eb dhe Rom\u00eb nga Bujanoci dhe Presheva t\u00eb cil\u00ebt mbaruan premier\u00ebn e \u00e7faqjes teatrale ,,Ti dhe un\u00eb jemi ne\u2019\u2019. Artist\u00ebt e rinj\u00eb jan\u00eb pritur me ovacione frenetike n\u00eb sall\u00ebn p\u00ebrplot\u00eb n\u00eb Sht\u00ebpin\u00eb e kultur\u00ebs n\u00eb Bujanoc, t\u00eb mart\u00ebn m\u00eb 2 dhjetor\u00eb.","og_url":"https:\/\/kt.gov.rs\/sq\/ti-dhe-une-jemi-ne\/","og_site_name":"Republika e S\u00ebrbis\u00eb Trupi Koordinues p\u00ebr komunat Bujanoc, Preshev\u00eb dhe Medvegj\u00eb","article_publisher":"https:\/\/www.facebook.com\/SluzbaKoordinacionogTelaVladeRepublikeSrbije","article_published_time":"2009-12-07T00:00:00+00:00","article_modified_time":"2024-07-30T20:23:52+00:00","og_image":[{"width":250,"height":166,"url":"https:\/\/kt.gov.rs\/wp-content\/uploads\/2024\/07\/pic071vesti-5.jpg","type":"image\/jpeg"}],"author":"ktmin","twitter_card":"summary_large_image","twitter_creator":"@kt_gov","twitter_site":"@kt_gov","twitter_misc":{"Written by":"ktmin","Est. reading time":"3 minutes"},"schema":{"@context":"https:\/\/schema.org","@graph":[{"@type":"Article","@id":"https:\/\/kt.gov.rs\/sq\/ti-dhe-une-jemi-ne\/#article","isPartOf":{"@id":"https:\/\/kt.gov.rs\/sq\/ti-dhe-une-jemi-ne\/"},"author":{"name":"ktmin","@id":"https:\/\/kt.gov.rs\/#\/schema\/person\/e426459ddb4173309103390602694571"},"headline":"TI DHE UN\u00cb JEMI NE","datePublished":"2009-12-07T00:00:00+00:00","dateModified":"2024-07-30T20:23:52+00:00","mainEntityOfPage":{"@id":"https:\/\/kt.gov.rs\/sq\/ti-dhe-une-jemi-ne\/"},"wordCount":568,"publisher":{"@id":"https:\/\/kt.gov.rs\/#organization"},"image":{"@id":"https:\/\/kt.gov.rs\/sq\/ti-dhe-une-jemi-ne\/#primaryimage"},"thumbnailUrl":"https:\/\/kt.gov.rs\/wp-content\/uploads\/2024\/07\/pic071vesti-5.jpg","articleSection":["Lajme"],"inLanguage":"sq-AL"},{"@type":"WebPage","@id":"https:\/\/kt.gov.rs\/sq\/ti-dhe-une-jemi-ne\/","url":"https:\/\/kt.gov.rs\/sq\/ti-dhe-une-jemi-ne\/","name":"TI DHE UN\u00cb JEMI NE - Republika e S\u00ebrbis\u00eb Trupi Koordinues p\u00ebr komunat Bujanoc, Preshev\u00eb dhe Medvegj\u00eb","isPartOf":{"@id":"https:\/\/kt.gov.rs\/#website"},"primaryImageOfPage":{"@id":"https:\/\/kt.gov.rs\/sq\/ti-dhe-une-jemi-ne\/#primaryimage"},"image":{"@id":"https:\/\/kt.gov.rs\/sq\/ti-dhe-une-jemi-ne\/#primaryimage"},"thumbnailUrl":"https:\/\/kt.gov.rs\/wp-content\/uploads\/2024\/07\/pic071vesti-5.jpg","datePublished":"2009-12-07T00:00:00+00:00","dateModified":"2024-07-30T20:23:52+00:00","breadcrumb":{"@id":"https:\/\/kt.gov.rs\/sq\/ti-dhe-une-jemi-ne\/#breadcrumb"},"inLanguage":"sq-AL","potentialAction":[{"@type":"ReadAction","target":["https:\/\/kt.gov.rs\/sq\/ti-dhe-une-jemi-ne\/"]}]},{"@type":"ImageObject","inLanguage":"sq-AL","@id":"https:\/\/kt.gov.rs\/sq\/ti-dhe-une-jemi-ne\/#primaryimage","url":"https:\/\/kt.gov.rs\/wp-content\/uploads\/2024\/07\/pic071vesti-5.jpg","contentUrl":"https:\/\/kt.gov.rs\/wp-content\/uploads\/2024\/07\/pic071vesti-5.jpg","width":250,"height":166},{"@type":"BreadcrumbList","@id":"https:\/\/kt.gov.rs\/sq\/ti-dhe-une-jemi-ne\/#breadcrumb","itemListElement":[{"@type":"ListItem","position":1,"name":"\u041f\u043e\u0447\u0435\u0442\u043d\u0430","item":"https:\/\/kt.gov.rs\/sq\/"},{"@type":"ListItem","position":2,"name":"TI DHE UN\u00cb JEMI NE"}]},{"@type":"WebSite","@id":"https:\/\/kt.gov.rs\/#website","url":"https:\/\/kt.gov.rs\/","name":"\u041a\u043e\u043e\u0440\u0434\u0438\u043d\u0430\u0446\u0438\u043e\u043d\u043e \u0442\u0435\u043b\u043e \u0412\u043b\u0430\u0434\u0435 \u0420\u0435\u043f\u0443\u0431\u043b\u0438\u043a\u0435 \u0421\u0440\u0431\u0438\u0458\u0435 \u0437\u0430 \u043e\u043f\u0448\u0442\u0438\u043d\u0435 \u041f\u0440\u0435\u0448\u0435\u0432\u043e, \u0411\u0443\u0458\u0430\u043d\u043e\u0432\u0430\u0446 \u0438 \u041c\u0435\u0434\u0432\u0435\u0452a","description":"","publisher":{"@id":"https:\/\/kt.gov.rs\/#organization"},"alternateName":"\u041a\u043e\u043e\u0440\u0434\u0438\u043d\u0430\u0446\u0438\u043e\u043d\u043e \u0442\u0435\u043b\u043e","potentialAction":[{"@type":"SearchAction","target":{"@type":"EntryPoint","urlTemplate":"https:\/\/kt.gov.rs\/?s={search_term_string}"},"query-input":{"@type":"PropertyValueSpecification","valueRequired":true,"valueName":"search_term_string"}}],"inLanguage":"sq-AL"},{"@type":"Organization","@id":"https:\/\/kt.gov.rs\/#organization","name":"\u041a\u043e\u043e\u0440\u0434\u0438\u043d\u0430\u0446\u0438\u043e\u043d\u043e \u0442\u0435\u043b\u043e \u0412\u043b\u0430\u0434\u0435 \u0420\u0435\u043f\u0443\u0431\u043b\u0438\u043a\u0435 \u0421\u0440\u0431\u0438\u0458\u0435 \u0437\u0430 \u043e\u043f\u0448\u0442\u0438\u043d\u0435 \u041f\u0440\u0435\u0448\u0435\u0432\u043e, \u0411\u0443\u0458\u0430\u043d\u043e\u0432\u0430\u0446 \u0438 \u041c\u0435\u0434\u0432\u0435\u0452a","alternateName":"\u041a\u043e\u043e\u0440\u0434\u0438\u043d\u0430\u0446\u0438\u043e\u043d\u043e \u0442\u0435\u043b\u043e","url":"https:\/\/kt.gov.rs\/","logo":{"@type":"ImageObject","inLanguage":"sq-AL","@id":"https:\/\/kt.gov.rs\/#\/schema\/logo\/image\/","url":"https:\/\/kt.gov.rs\/wp-content\/uploads\/2024\/12\/koord2.jpg","contentUrl":"https:\/\/kt.gov.rs\/wp-content\/uploads\/2024\/12\/koord2.jpg","width":640,"height":480,"caption":"\u041a\u043e\u043e\u0440\u0434\u0438\u043d\u0430\u0446\u0438\u043e\u043d\u043e \u0442\u0435\u043b\u043e \u0412\u043b\u0430\u0434\u0435 \u0420\u0435\u043f\u0443\u0431\u043b\u0438\u043a\u0435 \u0421\u0440\u0431\u0438\u0458\u0435 \u0437\u0430 \u043e\u043f\u0448\u0442\u0438\u043d\u0435 \u041f\u0440\u0435\u0448\u0435\u0432\u043e, \u0411\u0443\u0458\u0430\u043d\u043e\u0432\u0430\u0446 \u0438 \u041c\u0435\u0434\u0432\u0435\u0452a"},"image":{"@id":"https:\/\/kt.gov.rs\/#\/schema\/logo\/image\/"},"sameAs":["https:\/\/www.facebook.com\/SluzbaKoordinacionogTelaVladeRepublikeSrbije","https:\/\/x.com\/kt_gov","https:\/\/www.youtube.com\/@koordinacionotelo"]},{"@type":"Person","@id":"https:\/\/kt.gov.rs\/#\/schema\/person\/e426459ddb4173309103390602694571","name":"ktmin","image":{"@type":"ImageObject","inLanguage":"sq-AL","@id":"https:\/\/secure.gravatar.com\/avatar\/3985c961109853010c3fbc7ba30365bfba5db3dd6c525831d9c595c7525a615a?s=96&d=mm&r=g","url":"https:\/\/secure.gravatar.com\/avatar\/3985c961109853010c3fbc7ba30365bfba5db3dd6c525831d9c595c7525a615a?s=96&d=mm&r=g","contentUrl":"https:\/\/secure.gravatar.com\/avatar\/3985c961109853010c3fbc7ba30365bfba5db3dd6c525831d9c595c7525a615a?s=96&d=mm&r=g","caption":"ktmin"},"sameAs":["https:\/\/kt.gov.rs"],"url":"https:\/\/kt.gov.rs\/sq\/author\/ktmin\/"}]}},"_links":{"self":[{"href":"https:\/\/kt.gov.rs\/sq\/wp-json\/wp\/v2\/posts\/143140","targetHints":{"allow":["GET"]}}],"collection":[{"href":"https:\/\/kt.gov.rs\/sq\/wp-json\/wp\/v2\/posts"}],"about":[{"href":"https:\/\/kt.gov.rs\/sq\/wp-json\/wp\/v2\/types\/post"}],"author":[{"embeddable":true,"href":"https:\/\/kt.gov.rs\/sq\/wp-json\/wp\/v2\/users\/1"}],"replies":[{"embeddable":true,"href":"https:\/\/kt.gov.rs\/sq\/wp-json\/wp\/v2\/comments?post=143140"}],"version-history":[{"count":1,"href":"https:\/\/kt.gov.rs\/sq\/wp-json\/wp\/v2\/posts\/143140\/revisions"}],"predecessor-version":[{"id":143150,"href":"https:\/\/kt.gov.rs\/sq\/wp-json\/wp\/v2\/posts\/143140\/revisions\/143150"}],"wp:featuredmedia":[{"embeddable":true,"href":"https:\/\/kt.gov.rs\/sq\/wp-json\/wp\/v2\/media\/143151"}],"wp:attachment":[{"href":"https:\/\/kt.gov.rs\/sq\/wp-json\/wp\/v2\/media?parent=143140"}],"wp:term":[{"taxonomy":"category","embeddable":true,"href":"https:\/\/kt.gov.rs\/sq\/wp-json\/wp\/v2\/categories?post=143140"},{"taxonomy":"post_tag","embeddable":true,"href":"https:\/\/kt.gov.rs\/sq\/wp-json\/wp\/v2\/tags?post=143140"}],"curies":[{"name":"wp","href":"https:\/\/api.w.org\/{rel}","templated":true}]}}