{"id":143124,"date":"2009-12-15T00:00:00","date_gmt":"2009-12-15T00:00:00","guid":{"rendered":"http:\/\/kt.printandscreen.rs\/ovacione-per-ti-dhe-une-jemi-ne\/"},"modified":"2024-07-30T20:23:46","modified_gmt":"2024-07-30T20:23:46","slug":"ovacione-per-ti-dhe-une-jemi-ne","status":"publish","type":"post","link":"https:\/\/kt.gov.rs\/sq\/ovacione-per-ti-dhe-une-jemi-ne\/","title":{"rendered":"OVACIONE P\u00cbR ,,TI DHE UN\u00cb JEMI NE\u2019\u2019"},"content":{"rendered":"<p><img decoding=\"async\" align=\"left\" src=\"https:\/\/kt.gov.rs\/wp-content\/uploads\/2024\/07\/pic075vesti-4.jpg\" alt=\"\" \/>Me brohoritjet ,,bravo\u2019\u2019 dhe me duartrokitje t\u00eb pand\u00ebrprera dhe me ca lot\u00eb n\u00eb sy, publiku ka p\u00ebrcjellur nx\u00ebn\u00ebsit e shkollave t\u00eb mesme nga Bujanoci dhe Presheva n\u00eb teatrin e vog\u00ebl ,,Dushko Radoviq\u2019\u2019 n\u00eb prezentimin e \u00e7faqjes ,,Ti dhe un\u00eb jemi ne\u2019\u2019. Mundi me nder\u00eb, p\u00ebrkushtim dhe dashuri, si gjithnj\u00eb, edhe k\u00ebsaj here \u00ebsht\u00eb paguar. Kjo \u00ebsht\u00eb nj\u00eb dhurat\u00eb e v\u00ebrtet\u00eb p\u00ebr k\u00ebta nx\u00ebn\u00ebs. Dy muaj pune intenzive dhe t\u00eb mundimshme \u00ebsht\u00eb shpaguar me shoq\u00ebrim dhe me nj\u00eb projekt unikat. Si rezultat i k\u00ebsaj pune \u00ebsht\u00eb pop show mbi jet\u00ebn e tinejgjer\u00ebve t\u00eb Serbis\u00eb jugore p\u00ebr t\u00eb cil\u00ebt tekstin e kan\u00eb b\u00ebr\u00eb ata vet\u00eb dhe vet\u00eb kan\u00eb aktruar n\u00eb gjuh\u00ebn shqipe, serbe, rome dhe angleze. \u00c7faqja ,,Ti dhe un\u00eb jemi ne\u2019\u2019 t\u00ebr\u00eb koh\u00ebn ka komunikuar me publikun t\u00eb cil\u00ebt kan\u00eb qesh\u00eb bashk\u00eb me ta. Dhe n\u00eb fund\u00eb ovacione frenetike. N\u00eb at\u00eb publik\u00eb ka pasur aktor\u00eb, regjisor\u00eb, skenar\u00eb, shkrimtar\u00eb t\u00eb dramave etj, dhe t\u00eb gjith\u00eb ata kan\u00eb shprehur vet\u00ebm fjal\u00eb fal\u00ebnderimi p\u00ebr k\u00ebt\u00eb pun\u00eb q\u00eb e kan\u00eb treguar nx\u00ebn\u00ebsit Shqip\u00ebtar\u00eb, Serb\u00eb\u00a0 dhe Rom\u00eb nga Serbia jugore. Dafina, Milena, Ersana, Milana, Nesibe, Milica, Miroslavi, Mentori, Bujari, Blerimi, Ivani, Sadriu, Dejani dhe Abelanti kan\u00eb qen\u00eb n\u00eb tri grupe t\u00eb shp\u00ebrndara sipas nacionalitetit. N\u00eb fund\u00eb jan\u00eb bashkuar n\u00eb nj\u00eb grup\u00eb t\u00eb p\u00ebrbashk\u00ebt pa dallim p\u00ebrkat\u00ebsie duke vler\u00ebsuar njani tjetrin. T\u00eb gjith\u00eb q\u00eb kan\u00eb qen\u00eb n\u00eb sall\u00ebn e Teatrit t\u00eb vog\u00ebl ,,Dushko Radoviq\u2019\u2019 kan\u00eb qen\u00eb t\u00eb mbushur me dashuri e cila ka ardh\u00eb nga skena. Dashuria e cila \u00ebsht\u00eb mbi t\u00eb gjitha, mir\u00ebpo edhe aft\u00ebsia, gjestet e tyre, dialogu, t\u00eb gjitha gati pa asnj\u00eb gabim, n\u00eb at\u00eb m\u00ebnyr\u00eb q\u00eb ua kan\u00eb kaluar edhe shum\u00eb artist\u00ebve profesional\u00eb. T\u00eb gjith\u00eb k\u00ebta jan\u00eb\u00a0 f\u00ebmij\u00eb, edhepse me aktrim jan\u00eb ballafaquar p\u00ebr her\u00eb t\u00eb par\u00eb, kan\u00eb arritur k\u00ebt\u00eb projekt me ndihm\u00ebn e koleg\u00ebve t\u00eb tyre m\u00eb t\u00eb vjet\u00ebr dhe me ndihm\u00ebn finansiare t\u00eb Trupit Koordinues p\u00ebr komunat Preshev\u00eb, Bujanoc dhe Medvegj\u00eb. Duhet p\u00ebrmendur edhe emrat e tyre. Autor i projektit, ligj\u00ebrues dhe regjisor\u00eb Aleksandar Laziq, dramaturgeja, ligj\u00ebruesja dhe regjisorja Milena Bogavac, ligj\u00ebruesja, koreografja dhe bashk\u00ebpun\u00ebtorja profesionale Tinja Doshen, organizator\u00eb dhe p\u00ebrkthyes Rahim Salihu, produksioni ekzekutiv Zoran Laziq, skenaristin Dushan Arseniq dhe kompozitor\u00eb Igor Markoviq. Kjo \u00e7faqje do t\u00eb inqizohet si nj\u00eb film dokumentar\u00eb, regjin\u00eb dhe montimin e t\u00eb cilit do ta b\u00ebj\u00eb\u00a0 Igor Tomiq dhe Predrag Stankoviq.<br \/>\n\u00a0<br \/>\n<img decoding=\"async\" align=\"left\" src=\"https:\/\/kt.gov.rs\/wp-content\/uploads\/2024\/07\/pic076vesti-2.jpg\" alt=\"\" \/>T\u00eb k\u00ebnaqur me k\u00ebt\u00eb qfaqje kan\u00eb qen\u00eb edhe Kryeministri i Qeveris\u00eb s\u00eb Serbis\u00eb Mirko Cvetkoviq, ministrat Nebojsha Bradiq dhe Millan Markoviq, p\u00ebrfaq\u00ebsuesit e komunave nga Serbia jugore, p\u00ebrfaq\u00ebsuesit korit diplomatik, p\u00ebrfaq\u00ebsuesit e organizatave dhe fondacioneve nd\u00ebrkomb\u00ebtare, sip\u00ebrmarrjeve publike vendase, biznismen\u00ebve dhe organizatave joqeveritare t\u00eb cil\u00ebt nj\u00ebz\u00ebsh\u00ebm kan\u00eb shprehur d\u00ebshir\u00ebn q\u00eb ky projekt t\u00eb vazhdoj\u00eb dhe se do t\u2019i p\u00ebrkrahin aktivitete e tilla t\u00eb Trupit Koordinues por edhe aktivitetet tjera dedikuara rinis\u00eb, afrimit t\u00eb tyre mes veti, arsimimit si dhe projekte tjera t\u00eb cilat do t\u00eb ken\u00eb ndikim n\u00eb jet\u00ebn m\u00eb t\u00eb mir\u00eb t\u00eb qytetar\u00ebve t\u00eb komunave t\u00eb Preshev\u00ebs, Bujanocit dhe Medvegj\u00ebs.<\/p>\n<p>Ministri i kultur\u00ebs Nebojsha Bradiq para k\u00ebsaj \u00e7faqjeje multietnike, pos t\u00eb tjerash tha: ,,Rinia \u00ebsht\u00eb n\u00eb gjendje q\u00eb edhe personave m\u00eb t\u00eb moshuar t\u2019ua p\u00ebrkujtoj vler\u00ebn e v\u00ebrtet. Rinia \u00ebsht\u00eb e mir\u00eb dhe e hjeshme sepse beson p\u00ebr mir\u00ebb\u00ebrjen dhe idealet, \u00ebsht\u00eb e mir\u00eb sepse tek ta nd\u00ebrlidhet shoq\u00ebrimi nj\u00ebher\u00eb e p\u00ebrgjithmon\u00eb si dhe lindin dashurit\u00eb e p\u00ebrhershme\u2019\u2019.\u00a0\u00a0\u00a0 <\/p>\n<p>Deputeti popullor\u00eb Riza Halimi \u00ebsht\u00eb i k\u00ebnaqur sepse rinia p\u00ebrmes \u00e7faqjes d\u00ebrgojn\u00eb nj\u00eb porosi t\u00eb fort\u00eb edhe m\u00eb t\u00eb moshuar\u00ebve se me forca t\u00eb p\u00ebrbashk\u00ebta munden t\u00eb arrihen rezultate t\u00eb konsiderueshme.<\/p>\n<p>Ministri i pushtetit lokal dhe i vet\u00ebqeverisjes lokale e nj\u00ebherit edhe kryetar\u00eb i Trupit Koordinues, Millan Markoviq, deklaroi se ,,f\u00ebmij\u00ebve duhet t\u2019ua sigurojm\u00eb nj\u00eb t\u00eb ardhme sa m\u00eb t\u00eb mir\u00eb dhe perspektive dhe se nuk duhet t\u00eb lejojm\u00eb q\u00eb jeta dhe fati i tyre t\u00eb jen\u00eb peng i ngjarjeve q\u00eb kan\u00eb ndodhur para 10 apo 14 viteve\u2019\u2019<\/p>\n<p>Kat\u00ebrmb\u00ebdh\u00ebjet\u00eb nx\u00ebn\u00ebsit n\u00eb Beograd kan\u00eb q\u00ebndruar kat\u00ebr dit\u00eb, p\u00ebr t\u00eb cil\u00ebt theksuan se jan\u00eb momentet m\u00eb t\u00eb lumtura t\u00eb jet\u00ebs s\u00eb tyre. ,,Do t\u00eb q\u00ebndroja ende n\u00eb Beograd. Kam\u00eb kaluar shum\u00eb mir\u00eb, t\u00eb gjith\u00eb kan\u00eb qen\u00eb shum\u00eb t\u00eb kujdessh\u00ebm dhe t\u00eb dashur ndaj nesh, nd\u00ebrsa Beogradi \u00ebsht\u00eb m\u00eb i mir\u00eb se sa q\u00eb e kam paramenduar\u2019\u2019 theksoi Dafina Aliu para se t\u00eb kthehej n\u00eb Bujanoc. ,,M\u00eb \u00ebsht\u00eb plot\u00ebsuar \u00ebndrra ime q\u00eb t\u00eb shoh\u00eb Marakan\u00ebn dhe p\u00ebr ate do ta kujtoj\u00eb p\u00ebrgjithmon\u00eb vizit\u00ebn time n\u00eb Beograd\u2019\u2019 theksoi Sadrija Raimoviq. Qfaqja ,,Neki to vole vruqe\u2019\u2019 t\u00eb cil\u00ebn nx\u00ebn\u00ebsit e kan\u00eb p\u00ebrcjellur n\u00eb Teatrin n\u00eb Terazije u ka p\u00eblqyer tep\u00ebr dhe ky do t\u00eb jet\u00eb nj\u00eb moment i veqant n\u00eb jet\u00ebn e tyre.<\/p>\n<p>,,Trupi Koordinues u ka plot\u00ebsuar t\u00eb gjitha d\u00ebshirat aktor\u00ebve t\u00eb rinj\u00eb\u2019\u2019 theksoi redaktori i \u00e7faqjes Zoran Llaziq, i cili vendlindjen e tij\u00eb Valev\u00ebn dy muaj e ka z\u00ebvend\u00ebsuar me jet\u00eb n\u00eb Bujanoc. Nx\u00ebn\u00ebsit e shkollave t\u00eb mesme kan\u00eb qen\u00eb mysafir t\u00eb Kuvendit t\u00eb Republik\u00ebs s\u00eb Serbis\u00eb, kan\u00eb vizituar Aren\u00ebn beogradase, Bajrakli xhamin\u00eb, kish\u00ebn, Kalemegdanin. Vizit\u00ebn do ta p\u00ebrkujtojn\u00eb edhe me sill\u00ebn q\u00eb kan\u00eb ngr\u00ebn\u00eb s\u00eb bashku me ministrin Markoviq ku me tort\u00eb dhe me qirinj\u00eb kan\u00eb festuar dy dit\u00eblindje, Ersana Kadriq dhe Milana Nikoliqit.<\/p>\n","protected":false},"excerpt":{"rendered":"<p>Me brohoritjet ,,bravo\u2019\u2019 dhe me duartrokitje t\u00eb pand\u00ebrprera dhe me ca lot\u00eb n\u00eb sy, publiku ka p\u00ebrcjellur nx\u00ebn\u00ebsit e shkollave t\u00eb mesme nga Bujanoci dhe Presheva n\u00eb teatrin e vog\u00ebl ,,Dushko Radoviq\u2019\u2019 n\u00eb prezentimin e \u00e7faqjes ,,Ti dhe un\u00eb jemi ne\u2019\u2019. Mundi me nder\u00eb, p\u00ebrkushtim dhe dashuri, si gjithnj\u00eb, edhe k\u00ebsaj here \u00ebsht\u00eb paguar. Kjo \u00ebsht\u00eb nj\u00eb dhurat\u00eb e v\u00ebrtet\u00eb p\u00ebr k\u00ebta nx\u00ebn\u00ebs. Dy muaj pune intenzive dhe t\u00eb mundimshme \u00ebsht\u00eb shpaguar me shoq\u00ebrim dhe me nj\u00eb projekt unikat. Si rezultat i k\u00ebsaj pune \u00ebsht\u00eb pop show mbi jet\u00ebn e tinejgjer\u00ebve t\u00eb Serbis\u00eb jugore p\u00ebr t\u00eb cil\u00ebt tekstin e kan\u00eb b\u00ebr\u00eb ata vet\u00eb dhe vet\u00eb kan\u00eb aktruar n\u00eb gjuh\u00ebn shqipe, serbe, rome dhe angleze.<\/p>\n","protected":false},"author":1,"featured_media":143132,"comment_status":"closed","ping_status":"closed","sticky":false,"template":"","format":"standard","meta":{"footnotes":""},"categories":[55],"tags":[],"class_list":["post-143124","post","type-post","status-publish","format-standard","has-post-thumbnail","hentry","category-lajme"],"yoast_head":"<!-- This site is optimized with the Yoast SEO plugin v27.4 - https:\/\/yoast.com\/product\/yoast-seo-wordpress\/ -->\n<title>OVACIONE P\u00cbR ,,TI DHE UN\u00cb JEMI NE\u2019\u2019 - Republika e S\u00ebrbis\u00eb Trupi Koordinues p\u00ebr komunat Bujanoc, Preshev\u00eb dhe Medvegj\u00eb<\/title>\n<meta name=\"robots\" content=\"index, follow, max-snippet:-1, max-image-preview:large, max-video-preview:-1\" \/>\n<link rel=\"canonical\" href=\"https:\/\/kt.gov.rs\/sq\/ovacione-per-ti-dhe-une-jemi-ne\/\" \/>\n<meta property=\"og:locale\" content=\"sq_AL\" \/>\n<meta property=\"og:type\" content=\"article\" \/>\n<meta property=\"og:title\" content=\"OVACIONE P\u00cbR ,,TI DHE UN\u00cb JEMI NE\u2019\u2019 - Republika e S\u00ebrbis\u00eb Trupi Koordinues p\u00ebr komunat Bujanoc, Preshev\u00eb dhe Medvegj\u00eb\" \/>\n<meta property=\"og:description\" content=\"Me brohoritjet ,,bravo\u2019\u2019 dhe me duartrokitje t\u00eb pand\u00ebrprera dhe me ca lot\u00eb n\u00eb sy, publiku ka p\u00ebrcjellur nx\u00ebn\u00ebsit e shkollave t\u00eb mesme nga Bujanoci dhe Presheva n\u00eb teatrin e vog\u00ebl ,,Dushko Radoviq\u2019\u2019 n\u00eb prezentimin e \u00e7faqjes ,,Ti dhe un\u00eb jemi ne\u2019\u2019. Mundi me nder\u00eb, p\u00ebrkushtim dhe dashuri, si gjithnj\u00eb, edhe k\u00ebsaj here \u00ebsht\u00eb paguar. Kjo \u00ebsht\u00eb nj\u00eb dhurat\u00eb e v\u00ebrtet\u00eb p\u00ebr k\u00ebta nx\u00ebn\u00ebs. Dy muaj pune intenzive dhe t\u00eb mundimshme \u00ebsht\u00eb shpaguar me shoq\u00ebrim dhe me nj\u00eb projekt unikat. Si rezultat i k\u00ebsaj pune \u00ebsht\u00eb pop show mbi jet\u00ebn e tinejgjer\u00ebve t\u00eb Serbis\u00eb jugore p\u00ebr t\u00eb cil\u00ebt tekstin e kan\u00eb b\u00ebr\u00eb ata vet\u00eb dhe vet\u00eb kan\u00eb aktruar n\u00eb gjuh\u00ebn shqipe, serbe, rome dhe angleze.\" \/>\n<meta property=\"og:url\" content=\"https:\/\/kt.gov.rs\/sq\/ovacione-per-ti-dhe-une-jemi-ne\/\" \/>\n<meta property=\"og:site_name\" content=\"Republika e S\u00ebrbis\u00eb Trupi Koordinues p\u00ebr komunat Bujanoc, Preshev\u00eb dhe Medvegj\u00eb\" \/>\n<meta property=\"article:publisher\" content=\"https:\/\/www.facebook.com\/SluzbaKoordinacionogTelaVladeRepublikeSrbije\" \/>\n<meta property=\"article:published_time\" content=\"2009-12-15T00:00:00+00:00\" \/>\n<meta property=\"article:modified_time\" content=\"2024-07-30T20:23:46+00:00\" \/>\n<meta property=\"og:image\" content=\"https:\/\/kt.gov.rs\/wp-content\/uploads\/2024\/07\/pic075vesti-5.jpg\" \/>\n\t<meta property=\"og:image:width\" content=\"250\" \/>\n\t<meta property=\"og:image:height\" content=\"166\" \/>\n\t<meta property=\"og:image:type\" content=\"image\/jpeg\" \/>\n<meta name=\"author\" content=\"ktmin\" \/>\n<meta name=\"twitter:card\" content=\"summary_large_image\" \/>\n<meta name=\"twitter:creator\" content=\"@kt_gov\" \/>\n<meta name=\"twitter:site\" content=\"@kt_gov\" \/>\n<meta name=\"twitter:label1\" content=\"Written by\" \/>\n\t<meta name=\"twitter:data1\" content=\"ktmin\" \/>\n\t<meta name=\"twitter:label2\" content=\"Est. reading time\" \/>\n\t<meta name=\"twitter:data2\" content=\"5 minutes\" \/>\n<script type=\"application\/ld+json\" class=\"yoast-schema-graph\">{\"@context\":\"https:\\\/\\\/schema.org\",\"@graph\":[{\"@type\":\"Article\",\"@id\":\"https:\\\/\\\/kt.gov.rs\\\/sq\\\/ovacione-per-ti-dhe-une-jemi-ne\\\/#article\",\"isPartOf\":{\"@id\":\"https:\\\/\\\/kt.gov.rs\\\/sq\\\/ovacione-per-ti-dhe-une-jemi-ne\\\/\"},\"author\":{\"name\":\"ktmin\",\"@id\":\"https:\\\/\\\/kt.gov.rs\\\/#\\\/schema\\\/person\\\/e426459ddb4173309103390602694571\"},\"headline\":\"OVACIONE P\u00cbR ,,TI DHE UN\u00cb JEMI NE\u2019\u2019\",\"datePublished\":\"2009-12-15T00:00:00+00:00\",\"dateModified\":\"2024-07-30T20:23:46+00:00\",\"mainEntityOfPage\":{\"@id\":\"https:\\\/\\\/kt.gov.rs\\\/sq\\\/ovacione-per-ti-dhe-une-jemi-ne\\\/\"},\"wordCount\":1014,\"publisher\":{\"@id\":\"https:\\\/\\\/kt.gov.rs\\\/#organization\"},\"image\":{\"@id\":\"https:\\\/\\\/kt.gov.rs\\\/sq\\\/ovacione-per-ti-dhe-une-jemi-ne\\\/#primaryimage\"},\"thumbnailUrl\":\"https:\\\/\\\/kt.gov.rs\\\/wp-content\\\/uploads\\\/2024\\\/07\\\/pic075vesti-5.jpg\",\"articleSection\":[\"Lajme\"],\"inLanguage\":\"sq-AL\"},{\"@type\":\"WebPage\",\"@id\":\"https:\\\/\\\/kt.gov.rs\\\/sq\\\/ovacione-per-ti-dhe-une-jemi-ne\\\/\",\"url\":\"https:\\\/\\\/kt.gov.rs\\\/sq\\\/ovacione-per-ti-dhe-une-jemi-ne\\\/\",\"name\":\"OVACIONE P\u00cbR ,,TI DHE UN\u00cb JEMI NE\u2019\u2019 - Republika e S\u00ebrbis\u00eb Trupi Koordinues p\u00ebr komunat Bujanoc, Preshev\u00eb dhe Medvegj\u00eb\",\"isPartOf\":{\"@id\":\"https:\\\/\\\/kt.gov.rs\\\/#website\"},\"primaryImageOfPage\":{\"@id\":\"https:\\\/\\\/kt.gov.rs\\\/sq\\\/ovacione-per-ti-dhe-une-jemi-ne\\\/#primaryimage\"},\"image\":{\"@id\":\"https:\\\/\\\/kt.gov.rs\\\/sq\\\/ovacione-per-ti-dhe-une-jemi-ne\\\/#primaryimage\"},\"thumbnailUrl\":\"https:\\\/\\\/kt.gov.rs\\\/wp-content\\\/uploads\\\/2024\\\/07\\\/pic075vesti-5.jpg\",\"datePublished\":\"2009-12-15T00:00:00+00:00\",\"dateModified\":\"2024-07-30T20:23:46+00:00\",\"breadcrumb\":{\"@id\":\"https:\\\/\\\/kt.gov.rs\\\/sq\\\/ovacione-per-ti-dhe-une-jemi-ne\\\/#breadcrumb\"},\"inLanguage\":\"sq-AL\",\"potentialAction\":[{\"@type\":\"ReadAction\",\"target\":[\"https:\\\/\\\/kt.gov.rs\\\/sq\\\/ovacione-per-ti-dhe-une-jemi-ne\\\/\"]}]},{\"@type\":\"ImageObject\",\"inLanguage\":\"sq-AL\",\"@id\":\"https:\\\/\\\/kt.gov.rs\\\/sq\\\/ovacione-per-ti-dhe-une-jemi-ne\\\/#primaryimage\",\"url\":\"https:\\\/\\\/kt.gov.rs\\\/wp-content\\\/uploads\\\/2024\\\/07\\\/pic075vesti-5.jpg\",\"contentUrl\":\"https:\\\/\\\/kt.gov.rs\\\/wp-content\\\/uploads\\\/2024\\\/07\\\/pic075vesti-5.jpg\",\"width\":250,\"height\":166},{\"@type\":\"BreadcrumbList\",\"@id\":\"https:\\\/\\\/kt.gov.rs\\\/sq\\\/ovacione-per-ti-dhe-une-jemi-ne\\\/#breadcrumb\",\"itemListElement\":[{\"@type\":\"ListItem\",\"position\":1,\"name\":\"\u041f\u043e\u0447\u0435\u0442\u043d\u0430\",\"item\":\"https:\\\/\\\/kt.gov.rs\\\/sq\\\/\"},{\"@type\":\"ListItem\",\"position\":2,\"name\":\"OVACIONE P\u00cbR ,,TI DHE UN\u00cb JEMI NE\u2019\u2019\"}]},{\"@type\":\"WebSite\",\"@id\":\"https:\\\/\\\/kt.gov.rs\\\/#website\",\"url\":\"https:\\\/\\\/kt.gov.rs\\\/\",\"name\":\"\u041a\u043e\u043e\u0440\u0434\u0438\u043d\u0430\u0446\u0438\u043e\u043d\u043e \u0442\u0435\u043b\u043e \u0412\u043b\u0430\u0434\u0435 \u0420\u0435\u043f\u0443\u0431\u043b\u0438\u043a\u0435 \u0421\u0440\u0431\u0438\u0458\u0435 \u0437\u0430 \u043e\u043f\u0448\u0442\u0438\u043d\u0435 \u041f\u0440\u0435\u0448\u0435\u0432\u043e, \u0411\u0443\u0458\u0430\u043d\u043e\u0432\u0430\u0446 \u0438 \u041c\u0435\u0434\u0432\u0435\u0452a\",\"description\":\"\",\"publisher\":{\"@id\":\"https:\\\/\\\/kt.gov.rs\\\/#organization\"},\"alternateName\":\"\u041a\u043e\u043e\u0440\u0434\u0438\u043d\u0430\u0446\u0438\u043e\u043d\u043e \u0442\u0435\u043b\u043e\",\"potentialAction\":[{\"@type\":\"SearchAction\",\"target\":{\"@type\":\"EntryPoint\",\"urlTemplate\":\"https:\\\/\\\/kt.gov.rs\\\/?s={search_term_string}\"},\"query-input\":{\"@type\":\"PropertyValueSpecification\",\"valueRequired\":true,\"valueName\":\"search_term_string\"}}],\"inLanguage\":\"sq-AL\"},{\"@type\":\"Organization\",\"@id\":\"https:\\\/\\\/kt.gov.rs\\\/#organization\",\"name\":\"\u041a\u043e\u043e\u0440\u0434\u0438\u043d\u0430\u0446\u0438\u043e\u043d\u043e \u0442\u0435\u043b\u043e \u0412\u043b\u0430\u0434\u0435 \u0420\u0435\u043f\u0443\u0431\u043b\u0438\u043a\u0435 \u0421\u0440\u0431\u0438\u0458\u0435 \u0437\u0430 \u043e\u043f\u0448\u0442\u0438\u043d\u0435 \u041f\u0440\u0435\u0448\u0435\u0432\u043e, \u0411\u0443\u0458\u0430\u043d\u043e\u0432\u0430\u0446 \u0438 \u041c\u0435\u0434\u0432\u0435\u0452a\",\"alternateName\":\"\u041a\u043e\u043e\u0440\u0434\u0438\u043d\u0430\u0446\u0438\u043e\u043d\u043e \u0442\u0435\u043b\u043e\",\"url\":\"https:\\\/\\\/kt.gov.rs\\\/\",\"logo\":{\"@type\":\"ImageObject\",\"inLanguage\":\"sq-AL\",\"@id\":\"https:\\\/\\\/kt.gov.rs\\\/#\\\/schema\\\/logo\\\/image\\\/\",\"url\":\"https:\\\/\\\/kt.gov.rs\\\/wp-content\\\/uploads\\\/2024\\\/12\\\/koord2.jpg\",\"contentUrl\":\"https:\\\/\\\/kt.gov.rs\\\/wp-content\\\/uploads\\\/2024\\\/12\\\/koord2.jpg\",\"width\":640,\"height\":480,\"caption\":\"\u041a\u043e\u043e\u0440\u0434\u0438\u043d\u0430\u0446\u0438\u043e\u043d\u043e \u0442\u0435\u043b\u043e \u0412\u043b\u0430\u0434\u0435 \u0420\u0435\u043f\u0443\u0431\u043b\u0438\u043a\u0435 \u0421\u0440\u0431\u0438\u0458\u0435 \u0437\u0430 \u043e\u043f\u0448\u0442\u0438\u043d\u0435 \u041f\u0440\u0435\u0448\u0435\u0432\u043e, \u0411\u0443\u0458\u0430\u043d\u043e\u0432\u0430\u0446 \u0438 \u041c\u0435\u0434\u0432\u0435\u0452a\"},\"image\":{\"@id\":\"https:\\\/\\\/kt.gov.rs\\\/#\\\/schema\\\/logo\\\/image\\\/\"},\"sameAs\":[\"https:\\\/\\\/www.facebook.com\\\/SluzbaKoordinacionogTelaVladeRepublikeSrbije\",\"https:\\\/\\\/x.com\\\/kt_gov\",\"https:\\\/\\\/www.youtube.com\\\/@koordinacionotelo\"]},{\"@type\":\"Person\",\"@id\":\"https:\\\/\\\/kt.gov.rs\\\/#\\\/schema\\\/person\\\/e426459ddb4173309103390602694571\",\"name\":\"ktmin\",\"image\":{\"@type\":\"ImageObject\",\"inLanguage\":\"sq-AL\",\"@id\":\"https:\\\/\\\/secure.gravatar.com\\\/avatar\\\/3985c961109853010c3fbc7ba30365bfba5db3dd6c525831d9c595c7525a615a?s=96&d=mm&r=g\",\"url\":\"https:\\\/\\\/secure.gravatar.com\\\/avatar\\\/3985c961109853010c3fbc7ba30365bfba5db3dd6c525831d9c595c7525a615a?s=96&d=mm&r=g\",\"contentUrl\":\"https:\\\/\\\/secure.gravatar.com\\\/avatar\\\/3985c961109853010c3fbc7ba30365bfba5db3dd6c525831d9c595c7525a615a?s=96&d=mm&r=g\",\"caption\":\"ktmin\"},\"sameAs\":[\"https:\\\/\\\/kt.gov.rs\"],\"url\":\"https:\\\/\\\/kt.gov.rs\\\/sq\\\/author\\\/ktmin\\\/\"}]}<\/script>\n<!-- \/ Yoast SEO plugin. -->","yoast_head_json":{"title":"OVACIONE P\u00cbR ,,TI DHE UN\u00cb JEMI NE\u2019\u2019 - Republika e S\u00ebrbis\u00eb Trupi Koordinues p\u00ebr komunat Bujanoc, Preshev\u00eb dhe Medvegj\u00eb","robots":{"index":"index","follow":"follow","max-snippet":"max-snippet:-1","max-image-preview":"max-image-preview:large","max-video-preview":"max-video-preview:-1"},"canonical":"https:\/\/kt.gov.rs\/sq\/ovacione-per-ti-dhe-une-jemi-ne\/","og_locale":"sq_AL","og_type":"article","og_title":"OVACIONE P\u00cbR ,,TI DHE UN\u00cb JEMI NE\u2019\u2019 - Republika e S\u00ebrbis\u00eb Trupi Koordinues p\u00ebr komunat Bujanoc, Preshev\u00eb dhe Medvegj\u00eb","og_description":"Me brohoritjet ,,bravo\u2019\u2019 dhe me duartrokitje t\u00eb pand\u00ebrprera dhe me ca lot\u00eb n\u00eb sy, publiku ka p\u00ebrcjellur nx\u00ebn\u00ebsit e shkollave t\u00eb mesme nga Bujanoci dhe Presheva n\u00eb teatrin e vog\u00ebl ,,Dushko Radoviq\u2019\u2019 n\u00eb prezentimin e \u00e7faqjes ,,Ti dhe un\u00eb jemi ne\u2019\u2019. Mundi me nder\u00eb, p\u00ebrkushtim dhe dashuri, si gjithnj\u00eb, edhe k\u00ebsaj here \u00ebsht\u00eb paguar. Kjo \u00ebsht\u00eb nj\u00eb dhurat\u00eb e v\u00ebrtet\u00eb p\u00ebr k\u00ebta nx\u00ebn\u00ebs. Dy muaj pune intenzive dhe t\u00eb mundimshme \u00ebsht\u00eb shpaguar me shoq\u00ebrim dhe me nj\u00eb projekt unikat. Si rezultat i k\u00ebsaj pune \u00ebsht\u00eb pop show mbi jet\u00ebn e tinejgjer\u00ebve t\u00eb Serbis\u00eb jugore p\u00ebr t\u00eb cil\u00ebt tekstin e kan\u00eb b\u00ebr\u00eb ata vet\u00eb dhe vet\u00eb kan\u00eb aktruar n\u00eb gjuh\u00ebn shqipe, serbe, rome dhe angleze.","og_url":"https:\/\/kt.gov.rs\/sq\/ovacione-per-ti-dhe-une-jemi-ne\/","og_site_name":"Republika e S\u00ebrbis\u00eb Trupi Koordinues p\u00ebr komunat Bujanoc, Preshev\u00eb dhe Medvegj\u00eb","article_publisher":"https:\/\/www.facebook.com\/SluzbaKoordinacionogTelaVladeRepublikeSrbije","article_published_time":"2009-12-15T00:00:00+00:00","article_modified_time":"2024-07-30T20:23:46+00:00","og_image":[{"width":250,"height":166,"url":"https:\/\/kt.gov.rs\/wp-content\/uploads\/2024\/07\/pic075vesti-5.jpg","type":"image\/jpeg"}],"author":"ktmin","twitter_card":"summary_large_image","twitter_creator":"@kt_gov","twitter_site":"@kt_gov","twitter_misc":{"Written by":"ktmin","Est. reading time":"5 minutes"},"schema":{"@context":"https:\/\/schema.org","@graph":[{"@type":"Article","@id":"https:\/\/kt.gov.rs\/sq\/ovacione-per-ti-dhe-une-jemi-ne\/#article","isPartOf":{"@id":"https:\/\/kt.gov.rs\/sq\/ovacione-per-ti-dhe-une-jemi-ne\/"},"author":{"name":"ktmin","@id":"https:\/\/kt.gov.rs\/#\/schema\/person\/e426459ddb4173309103390602694571"},"headline":"OVACIONE P\u00cbR ,,TI DHE UN\u00cb JEMI NE\u2019\u2019","datePublished":"2009-12-15T00:00:00+00:00","dateModified":"2024-07-30T20:23:46+00:00","mainEntityOfPage":{"@id":"https:\/\/kt.gov.rs\/sq\/ovacione-per-ti-dhe-une-jemi-ne\/"},"wordCount":1014,"publisher":{"@id":"https:\/\/kt.gov.rs\/#organization"},"image":{"@id":"https:\/\/kt.gov.rs\/sq\/ovacione-per-ti-dhe-une-jemi-ne\/#primaryimage"},"thumbnailUrl":"https:\/\/kt.gov.rs\/wp-content\/uploads\/2024\/07\/pic075vesti-5.jpg","articleSection":["Lajme"],"inLanguage":"sq-AL"},{"@type":"WebPage","@id":"https:\/\/kt.gov.rs\/sq\/ovacione-per-ti-dhe-une-jemi-ne\/","url":"https:\/\/kt.gov.rs\/sq\/ovacione-per-ti-dhe-une-jemi-ne\/","name":"OVACIONE P\u00cbR ,,TI DHE UN\u00cb JEMI NE\u2019\u2019 - Republika e S\u00ebrbis\u00eb Trupi Koordinues p\u00ebr komunat Bujanoc, Preshev\u00eb dhe Medvegj\u00eb","isPartOf":{"@id":"https:\/\/kt.gov.rs\/#website"},"primaryImageOfPage":{"@id":"https:\/\/kt.gov.rs\/sq\/ovacione-per-ti-dhe-une-jemi-ne\/#primaryimage"},"image":{"@id":"https:\/\/kt.gov.rs\/sq\/ovacione-per-ti-dhe-une-jemi-ne\/#primaryimage"},"thumbnailUrl":"https:\/\/kt.gov.rs\/wp-content\/uploads\/2024\/07\/pic075vesti-5.jpg","datePublished":"2009-12-15T00:00:00+00:00","dateModified":"2024-07-30T20:23:46+00:00","breadcrumb":{"@id":"https:\/\/kt.gov.rs\/sq\/ovacione-per-ti-dhe-une-jemi-ne\/#breadcrumb"},"inLanguage":"sq-AL","potentialAction":[{"@type":"ReadAction","target":["https:\/\/kt.gov.rs\/sq\/ovacione-per-ti-dhe-une-jemi-ne\/"]}]},{"@type":"ImageObject","inLanguage":"sq-AL","@id":"https:\/\/kt.gov.rs\/sq\/ovacione-per-ti-dhe-une-jemi-ne\/#primaryimage","url":"https:\/\/kt.gov.rs\/wp-content\/uploads\/2024\/07\/pic075vesti-5.jpg","contentUrl":"https:\/\/kt.gov.rs\/wp-content\/uploads\/2024\/07\/pic075vesti-5.jpg","width":250,"height":166},{"@type":"BreadcrumbList","@id":"https:\/\/kt.gov.rs\/sq\/ovacione-per-ti-dhe-une-jemi-ne\/#breadcrumb","itemListElement":[{"@type":"ListItem","position":1,"name":"\u041f\u043e\u0447\u0435\u0442\u043d\u0430","item":"https:\/\/kt.gov.rs\/sq\/"},{"@type":"ListItem","position":2,"name":"OVACIONE P\u00cbR ,,TI DHE UN\u00cb JEMI NE\u2019\u2019"}]},{"@type":"WebSite","@id":"https:\/\/kt.gov.rs\/#website","url":"https:\/\/kt.gov.rs\/","name":"\u041a\u043e\u043e\u0440\u0434\u0438\u043d\u0430\u0446\u0438\u043e\u043d\u043e \u0442\u0435\u043b\u043e \u0412\u043b\u0430\u0434\u0435 \u0420\u0435\u043f\u0443\u0431\u043b\u0438\u043a\u0435 \u0421\u0440\u0431\u0438\u0458\u0435 \u0437\u0430 \u043e\u043f\u0448\u0442\u0438\u043d\u0435 \u041f\u0440\u0435\u0448\u0435\u0432\u043e, \u0411\u0443\u0458\u0430\u043d\u043e\u0432\u0430\u0446 \u0438 \u041c\u0435\u0434\u0432\u0435\u0452a","description":"","publisher":{"@id":"https:\/\/kt.gov.rs\/#organization"},"alternateName":"\u041a\u043e\u043e\u0440\u0434\u0438\u043d\u0430\u0446\u0438\u043e\u043d\u043e \u0442\u0435\u043b\u043e","potentialAction":[{"@type":"SearchAction","target":{"@type":"EntryPoint","urlTemplate":"https:\/\/kt.gov.rs\/?s={search_term_string}"},"query-input":{"@type":"PropertyValueSpecification","valueRequired":true,"valueName":"search_term_string"}}],"inLanguage":"sq-AL"},{"@type":"Organization","@id":"https:\/\/kt.gov.rs\/#organization","name":"\u041a\u043e\u043e\u0440\u0434\u0438\u043d\u0430\u0446\u0438\u043e\u043d\u043e \u0442\u0435\u043b\u043e \u0412\u043b\u0430\u0434\u0435 \u0420\u0435\u043f\u0443\u0431\u043b\u0438\u043a\u0435 \u0421\u0440\u0431\u0438\u0458\u0435 \u0437\u0430 \u043e\u043f\u0448\u0442\u0438\u043d\u0435 \u041f\u0440\u0435\u0448\u0435\u0432\u043e, \u0411\u0443\u0458\u0430\u043d\u043e\u0432\u0430\u0446 \u0438 \u041c\u0435\u0434\u0432\u0435\u0452a","alternateName":"\u041a\u043e\u043e\u0440\u0434\u0438\u043d\u0430\u0446\u0438\u043e\u043d\u043e \u0442\u0435\u043b\u043e","url":"https:\/\/kt.gov.rs\/","logo":{"@type":"ImageObject","inLanguage":"sq-AL","@id":"https:\/\/kt.gov.rs\/#\/schema\/logo\/image\/","url":"https:\/\/kt.gov.rs\/wp-content\/uploads\/2024\/12\/koord2.jpg","contentUrl":"https:\/\/kt.gov.rs\/wp-content\/uploads\/2024\/12\/koord2.jpg","width":640,"height":480,"caption":"\u041a\u043e\u043e\u0440\u0434\u0438\u043d\u0430\u0446\u0438\u043e\u043d\u043e \u0442\u0435\u043b\u043e \u0412\u043b\u0430\u0434\u0435 \u0420\u0435\u043f\u0443\u0431\u043b\u0438\u043a\u0435 \u0421\u0440\u0431\u0438\u0458\u0435 \u0437\u0430 \u043e\u043f\u0448\u0442\u0438\u043d\u0435 \u041f\u0440\u0435\u0448\u0435\u0432\u043e, \u0411\u0443\u0458\u0430\u043d\u043e\u0432\u0430\u0446 \u0438 \u041c\u0435\u0434\u0432\u0435\u0452a"},"image":{"@id":"https:\/\/kt.gov.rs\/#\/schema\/logo\/image\/"},"sameAs":["https:\/\/www.facebook.com\/SluzbaKoordinacionogTelaVladeRepublikeSrbije","https:\/\/x.com\/kt_gov","https:\/\/www.youtube.com\/@koordinacionotelo"]},{"@type":"Person","@id":"https:\/\/kt.gov.rs\/#\/schema\/person\/e426459ddb4173309103390602694571","name":"ktmin","image":{"@type":"ImageObject","inLanguage":"sq-AL","@id":"https:\/\/secure.gravatar.com\/avatar\/3985c961109853010c3fbc7ba30365bfba5db3dd6c525831d9c595c7525a615a?s=96&d=mm&r=g","url":"https:\/\/secure.gravatar.com\/avatar\/3985c961109853010c3fbc7ba30365bfba5db3dd6c525831d9c595c7525a615a?s=96&d=mm&r=g","contentUrl":"https:\/\/secure.gravatar.com\/avatar\/3985c961109853010c3fbc7ba30365bfba5db3dd6c525831d9c595c7525a615a?s=96&d=mm&r=g","caption":"ktmin"},"sameAs":["https:\/\/kt.gov.rs"],"url":"https:\/\/kt.gov.rs\/sq\/author\/ktmin\/"}]}},"_links":{"self":[{"href":"https:\/\/kt.gov.rs\/sq\/wp-json\/wp\/v2\/posts\/143124","targetHints":{"allow":["GET"]}}],"collection":[{"href":"https:\/\/kt.gov.rs\/sq\/wp-json\/wp\/v2\/posts"}],"about":[{"href":"https:\/\/kt.gov.rs\/sq\/wp-json\/wp\/v2\/types\/post"}],"author":[{"embeddable":true,"href":"https:\/\/kt.gov.rs\/sq\/wp-json\/wp\/v2\/users\/1"}],"replies":[{"embeddable":true,"href":"https:\/\/kt.gov.rs\/sq\/wp-json\/wp\/v2\/comments?post=143124"}],"version-history":[{"count":1,"href":"https:\/\/kt.gov.rs\/sq\/wp-json\/wp\/v2\/posts\/143124\/revisions"}],"predecessor-version":[{"id":143131,"href":"https:\/\/kt.gov.rs\/sq\/wp-json\/wp\/v2\/posts\/143124\/revisions\/143131"}],"wp:featuredmedia":[{"embeddable":true,"href":"https:\/\/kt.gov.rs\/sq\/wp-json\/wp\/v2\/media\/143132"}],"wp:attachment":[{"href":"https:\/\/kt.gov.rs\/sq\/wp-json\/wp\/v2\/media?parent=143124"}],"wp:term":[{"taxonomy":"category","embeddable":true,"href":"https:\/\/kt.gov.rs\/sq\/wp-json\/wp\/v2\/categories?post=143124"},{"taxonomy":"post_tag","embeddable":true,"href":"https:\/\/kt.gov.rs\/sq\/wp-json\/wp\/v2\/tags?post=143124"}],"curies":[{"name":"wp","href":"https:\/\/api.w.org\/{rel}","templated":true}]}}