{"id":143112,"date":"2010-01-14T00:00:00","date_gmt":"2010-01-14T00:00:00","guid":{"rendered":"http:\/\/kt.printandscreen.rs\/14-janare-2010\/"},"modified":"2010-01-14T00:00:00","modified_gmt":"2010-01-14T00:00:00","slug":"14-janare-2010","status":"publish","type":"post","link":"https:\/\/kt.gov.rs\/sq\/14-janare-2010\/","title":{"rendered":"14 janar\u00eb 2010"},"content":{"rendered":"<p>\n<meta content=\"text\/html; charset=utf-8\" http-equiv=\"Content-Type\"><br \/>\n<meta content=\"Word.Document\" name=\"ProgId\"><br \/>\n<meta content=\"Microsoft Word 11\" name=\"Generator\"><br \/>\n<meta content=\"Microsoft Word 11\" name=\"Originator\">\n<link href=\"file:\/\/\/C:%5CDOCUME%7E1%5CRio%5CLOCALS%7E1%5CTemp%5Cmsohtml1%5C01%5Cclip_filelist.xml\" rel=\"File-List\" \/><!--[if gte mso 9]><xml>\n \n  Normal\n  0\n  \n  \n  false\n  false\n  false\n  \n   \n   \n   \n   \n   \n   \n  \n  MicrosoftInternetExplorer4\n \n<\/xml><![endif]--><!--[if gte mso 9]><![endif]--><\/p>\n<style type=\"text\/css\">\n<!--\n \/* Font Definitions *\/\n @font-face\n\t{\n\tpanose-1:5 0 0 0 0 0 0 0 0 0;}\n@font-face\n\t{\n\tpanose-1:2 3 6 0 0 1 1 1 1 1;\n\tmso-font-alt:\"Arial Unicode MS\";}\n@font-face\n\t{\"@Batang\";\n\tpanose-1:0 0 0 0 0 0 0 0 0 0;}\n \/* Style Definitions *\/\n p.MsoNormal, li.MsoNormal, div.MsoNormal\n\t{mso-style-parent:\"\";\n\tmargin:0cm;\n\tmargin-bottom:.0001pt;\n\tfont-size:12.0pt;\"Times New Roman\";\n\tmso-fareast-\"Times New Roman\";}\n@page Section1\n\t{size:612.0pt 792.0pt;\n\tmargin:72.0pt 90.0pt 72.0pt 90.0pt;}\ndiv.Section1\n\t{page:Section1;}\n \/* List Definitions *\/\n @list l0\n\t{}\n@list l0:level1\n\t{\n\ttext-indent:-18.0pt;\"Times New Roman\";\n\tmso-fareast-\"Times New Roman\";}\nol\n\t{margin-bottom:0cm;}\nul\n\t{margin-bottom:0cm;}\n-->\n<\/style>\n<p><!--[if gte mso 10]>\n\n\n<style>\n \/* Style Definitions *\/\n table.MsoNormalTable\n\t{mso-style-name:\"Table Normal\";\n\tmso-style-parent:\"\";\n\tfont-size:10.0pt;\"Times New Roman\";}\n<\/style>\n\n\n<![endif]--><\/p>\n<p><strong>BESOJ N\u00cb QEVERIN\u00cb E SERBIS\u00cb <\/strong><\/p>\n<p><strong>BISED\u00cb: SK\u00cbNDER DESTANI, KRYETAR\u00cb I KUVENDIT T\u00cb PRESHEV\u00cbS <\/strong><\/p>\n<p>Sk\u00ebnder Destani, mjek-pediat\u00ebr, kryetar\u00eb i parlamentit lokal n\u00eb Preshev\u00eb dhe lider i Unionit Demokratik t\u00eb Lugin\u00ebs (UDI), s\u00eb bashku me kryetar\u00ebt e komunave dhe kryetar\u00ebt e kuvendeve komunale t\u00eb Preshev\u00ebs, Bujanocit dhe Medvegj\u00ebs, \u00ebsht\u00eb an\u00ebtar\u00eb i Kryesis\u00eb s\u00eb Trupit Koordinues. Qeveria e Republik\u00ebs s\u00eb Serbis\u00eb e ka formuar k\u00ebt\u00eb institucion n\u00eb m\u00ebnyr\u00eb q\u00eb t\u2019i zbus\u00eb pasojat e konfliktit t\u00eb armatosur n\u00eb mes t\u00eb shqip\u00ebtar\u00ebve t\u00eb mllefosur dhe forcave serbe t\u00eb sigurimit n\u00eb vitin 2001 dhe 2002.<\/p>\n<p><strong>VRANJSKE: Pas rekonstruimit t\u00eb Trupit Koordinues, Ju dhe partija e Juaj jeni t\u00eb kyqur tek pas dy muajsh. P\u00ebrse?<\/strong><\/p>\n<p>DESTANI: Ne, n\u00eb momentin e rekonstruimit t\u00eb TK nuk kemi qeverisur Preshev\u00ebn, k\u00ebshtu q\u00eb edhe nuk kemi qen\u00eb n\u00eb kombinim. Kur n\u00eb maj kemi ardhur n\u00eb qeveri, automatikisht jemi kyqur n\u00eb pun\u00ebn e k\u00ebtij institucioni.<\/p>\n<p><strong>JAM I VET\u00cbDIJSH\u00cbM P\u00cbR KRIZ\u00cbN <\/strong><\/p>\n<p><strong>Sa jeni t\u00eb k\u00ebnaqur me pun\u00ebn e deritanishme t\u00eb TK?<\/strong><\/p>\n<p>\u2013 Mund\u00eb t\u00eb them se p\u00ebrparimi \u00ebsht\u00eb i duksh\u00ebm edhe pse n\u00eb disa gj\u00ebra \u00ebsht\u00eb vonuar. Ka kaluar gati nj\u00eb vit\u00eb nga rekonstruimi i TK dhe tek tash ka filluar me formimin e grupeve punuese t\u00eb cilat tash po i p\u00ebrpilojn\u00eb planet p\u00ebr pun\u00ebn e m\u00ebtutjeshme.<\/p>\n<p><strong>Cilat jan\u00eb pasojat e vones\u00ebs kur dijm\u00eb se grupet punuese, me ndihm\u00ebn e ministris\u00eb duhet t\u2019i p\u00ebrparojn\u00eb gjasht\u00eb sferat kyqe p\u00ebr regjionin ton\u00eb: arsimin, drejt\u00ebsin\u00eb, sigurin\u00eb, informimin, ekonomin\u00eb dhe sh\u00ebndet\u00ebsin\u00eb?<\/strong><\/p>\n<p>-Shum\u00eb gj\u00ebra jan\u00eb l\u00ebn\u00eb pasdore, faktikisht jemi nj\u00eb vit\u00eb vones\u00eb. Vet\u00ebm grupi punues p\u00ebr arsim ka b\u00ebr\u00eb diqka, nd\u00ebrsa pes\u00eb grupet tjera\u00a0nuk kan\u00eb b\u00ebr\u00eb ende asgj\u00eb.<\/p>\n<p><strong>P\u00ebr qfar arsye ka ardhur deri te vonesa, kush \u00ebsht\u00eb p\u00ebrgjegj\u00ebs? <\/strong><\/p>\n<p>\u2013 Sa i p\u00ebrket Preshev\u00ebs, ne kemi kryer obligimin ton\u00eb rreth formimit t\u00eb grupit punues dhe ate n\u00eb korrik t\u00eb vitit 2009. Problemi ka qen\u00eb tek p\u00ebrfaq\u00ebsuesit serb kur nuk kan\u00eb mundur t\u00eb merren vesh\u00eb se kend do ta zgjedhin p\u00ebr an\u00ebtar\u00eb n\u00eb k\u00ebto grupe. Pres q\u00eb s\u00eb shpejti t\u00eb vijn\u00eb p\u00ebrfaq\u00ebsuesit e ministrive q\u00eb n\u00eb takimin e Kryesis\u00eb s\u00eb TK t\u00eb p\u00ebrpilojn\u00eb planin e pun\u00ebs p\u00ebr vitin e ardhsh\u00ebm.<\/p>\n<p><strong>Theksuat se po v\u00ebrehet p\u00ebrparim n\u00eb Preshev\u00eb pas rekonstruimit t\u00eb TK. P\u00ebr qka b\u00ebhet fjal\u00eb? <\/strong><\/p>\n<p>-Nga 98 milion dinar\u00eb, sa \u00ebsht\u00eb parapar\u00eb q\u00eb k\u00ebt\u00eb vit\u00eb t\u00eb investohet n\u00eb Preshev\u00eb, p\u00ebrmes TK kan\u00eb arritur 80%. Mjetet arrijn\u00eb me koh\u00eb dhe pa problem, pa e marr\u00eb parasysh\u00eb vones\u00ebn e grupeve punuese, TK i p\u00ebrmbush\u00eb obligimet e saj\u00eb.<\/p>\n<p><strong>Ku jan\u00eb investuar ato mjete?<\/strong><\/p>\n<p>\u2013 M\u00eb s\u00eb tep\u00ebrmi n\u00eb infrastruktur\u00eb dhe rrug\u00eb. P\u00ebrpos k\u00ebsaj\u00eb, Presheva s\u00eb shpejti do ta ket\u00eb sheshin qendror\u00eb, nd\u00ebrtimi i s\u00eb cilit do t\u00eb kushtoj\u00eb 24 milion\u00eb dinar\u00eb. Sum\u00ebn m\u00eb t\u00eb madhe p\u00ebr k\u00ebt\u00eb projekt na e ka dh\u00ebn\u00eb TK nd\u00ebrsa suma tjet\u00ebr nga vet\u00ebkontributi dhe donator\u00ebt e jasht\u00ebm.<\/p>\n<p><strong>Ajeni t\u00eb k\u00ebnaqur me 98 milion\u00eb duke e mar\u00eb parasysh\u00eb se vitet e kaluara keni mar\u00eb m\u00eb tep\u00ebr mjete nga TK?<\/strong><\/p>\n<p>\u2013 Personalisht mendoj se Presheva ka nevoj\u00eb p\u00ebr m\u00eb tep\u00ebr mjete, mir\u00ebpo jam\u00eb i vet\u00ebdijsh\u00ebm me kriz\u00ebn q\u00eb na ka kapluar. E dij\u00eb q\u00eb kjo q\u00eb \u00ebsht\u00eb maksimumi q\u00eb mund\u00eb t\u00eb marrim n\u00eb k\u00ebto momente. Nuk \u00ebsht\u00eb keq\u00eb duke marr\u00eb parasysh\u00eb kriz\u00ebn dhe situat\u00ebn ekonomike.<\/p>\n<p><strong>That\u00eb se prisni takimin e Kryesis\u00eb s\u00eb TK ku do t\u00eb flisni p\u00ebr prioritetet. Cilat jan\u00eb problemet kryesore q\u00eb e preokupojn\u00eb Preshev\u00ebn dhe qfar do t\u00eb propozoni p\u00ebr zgjidhjen e k\u00ebtyre problemeve?<\/strong><\/p>\n<p>\u2013 Kemi dy probleme t\u00eb m\u00ebdha: mungesa e nj\u00eb shkolle t\u00eb lart\u00eb n\u00eb gjuh\u00ebn shqipe dhe reparti p\u00ebr lidje. F\u00ebmij\u00ebt tan\u00eb lindin n\u00eb Vranj\u00eb e cila \u00ebsht\u00eb larg Preshev\u00ebs 50 km. Kemi premtimin nga ana e TK por edhe t\u00eb disa institucioneve nd\u00ebrkomb\u00ebtare dhe OSBE-s\u00eb se ky problem do t\u00eb zgjidhet s\u00eb shpejti. Sa i p\u00ebrket fakultetit, sipas studios q\u00eb e kemi b\u00ebr\u00eb, na nevojitet drejtimet ekonomike q\u00eb do t\u2019i trajnojn\u00eb kuadrott p\u00ebr zhvillim t\u00eb biznesit t\u00eb vog\u00ebl privat. Mendoj se zhvillimi ekonomik do t\u00eb jet\u00eb prioritet sepse pa zhvillim ekonomik nuk do t\u00eb ket\u00eb as paqe e as stabilitet.<\/p>\n<p>I asht\u00ebquajturi ,,Plan i \u00c7oviqit\u201c nga viti 2001 ka parapar\u00eb stabilitetin politik, zhvillimin ekonomik dhe integrimin e Shqip\u00ebtar\u00ebve n\u00eb institucionet shtet\u00ebrore si dhe tri kushte primare p\u00ebr daljen e regjionit nga kriza.<\/p>\n<p><strong>Qka \u00ebsht\u00eb arritur deri m\u00eb tani nga e gjith\u00eb ajo?<\/strong><\/p>\n<p>\u2013 Pjesa e par\u00eb \u00ebsht\u00eb kryer. Kemi pasur disa her\u00eb zgjedhje t\u00eb lira dhe pushtetet lokale fungsionojn\u00eb. Sa i p\u00ebrket zhvillimit ekonomik, nuk jam\u00eb i k\u00ebnaqur, sepse ky regjion ende mbetet shum\u00eb i varf\u00ebr. Sipas meje, pa ndihm\u00ebn e Qeveris\u00eb p\u00ebrmes TK nuk do t\u00eb jet\u00eb e mundur q\u00eb t\u00eb kemi zhvillim ekonomik. Sa i p\u00ebrket integrimeve, \u00ebsht\u00eb b\u00ebr\u00eb nj\u00eb p\u00ebrparim i madh dhe se nuk mund t\u00eb them se nuk \u00ebsht\u00eb b\u00ebr\u00eb asgj\u00eb.<\/p>\n<p><strong>Sipas Jush, a jeni t\u00eb k\u00ebnaqur me integrimin e deritanish\u00ebm t\u00eb Shqip\u00ebtar\u00ebve? <\/strong><\/p>\n<p>\u2013 Patjet\u00ebr duhet t\u00eb jemi real. Qdokush i cili thot t\u00eb kund\u00ebrt\u00ebn nuk e ka me t\u00eb drejt\u00eb. Nuk duhet t\u00eb harrojm\u00eb se deri n\u00eb vitin 2001 n\u00eb polici n\u00eb Preshev\u00eb ka punuar nj\u00eb nr i vog\u00ebl i Shqip\u00ebtar\u00ebve, nd\u00ebrsa tash ata p\u00ebrb\u00ebjn\u00eb rreth 60% t\u00eb nr t\u00eb p\u00ebrgjitsh\u00ebm t\u00eb policis\u00eb n\u00eb Preshev\u00eb. N\u00eb gjykata kan\u00eb punuar 2 apo 3 Shqip\u00ebtar\u00eb, nd\u00ebrsa tash jan\u00eb rreth 30%. N\u00eb institucionet komunale n\u00eb Preshev\u00eb ka m\u00eb tep\u00ebr Shqip\u00ebtar\u00eb se sa Serb.<\/p>\n<p><strong>A mendoni se qeveria e Beogradit ka vullnet politik q\u00eb t\u2019i zgjidh\u00eb problemet e Shqip\u00ebtar\u00ebve? <\/strong><\/p>\n<p>\u2013 Po, mendoj se egziston vullneti politik i qeveris\u00eb qendrore. P\u00ebr ate edhe pres q\u00eb problemet t\u00eb fillojn\u00eb t\u00eb zgjidhen<\/p>\n<p><strong>Disa lider\u00eb politik nuk do t\u00eb jen\u00eb dakord me fjal\u00ebt e Juaja? Psh, Jonuz Musliu, kryetar\u00eb i kuvendit komunal t\u00eb Bujanocit, n\u00eb intervist\u00ebn dh\u00ebn\u00eb gazet\u00ebs son\u00eb ka deklaruar se Beogradi Shqip\u00ebtar\u00ebt i trajton si qytetar\u00eb t\u00eb rendit t\u00eb dyt\u00eb dhe se nuk egziston vullnet p\u00ebr zgjidhjen e problemit.<\/strong><\/p>\n<p>\u2013 Musliu nuk ka t\u00eb drejt\u00eb. Ashtu sjellen vet\u00ebm vendet jodemokratike, nd\u00ebrsa qytetar\u00eb t\u00eb rendit t\u00eb dyt\u00eb jan\u00eb \u00c7ifut\u00ebt n\u00eb Gjermanin\u00eb e koh\u00ebs s\u00eb Hitlerit. Serbia \u00ebsht\u00eb shtet demokratik i cili nj\u00ebsoj i trajton t\u00eb gjith\u00eb qytetar\u00ebt e saj\u00eb.<\/p>\n<p><strong>NUK MUNDEMI VET\u00cbM<\/strong><\/p>\n<p><strong>Qfar r\u00ebnd\u00ebsie ka egzistimi i TK p\u00ebr k\u00ebt\u00eb regjion? \u00a0<\/strong><\/p>\n<p>\u2013 Egzistimi i TK \u00ebsht\u00eb i patjet\u00ebrsuesh\u00ebm si nd\u00ebrlidh\u00ebs me Beogradin por edhe p\u00ebr forcimin e kapaciteteve t\u00eb pushteteve lokale n\u00eb tri komunat. Komunat nuk jan\u00eb n\u00eb gjendje q\u00eb n\u00eb m\u00ebnyr\u00eb t\u00eb pavarur t\u00eb punojn\u00eb n\u00eb projektet e m\u00ebdha sepse investitor\u00ebt dhe donator\u00ebt k\u00ebrkojn\u00eb respektimin e standardeve europiane, nd\u00ebrsa komunat nuk kan\u00eb nr t\u00eb mjaftuesh\u00ebm t\u00eb njer\u00ebzve t\u00eb kualifikuar p\u00ebr t\u00eb siguruar ato standarde.<\/p>\n<p><strong>A mendoni se duhet rekonstruar pun\u00ebn e TK? <\/strong><\/p>\n<p>\u2013 Njer\u00ebzit n\u00eb TK jan\u00eb ekspert dhe t\u00eb kualifikuar. Duhet vet\u00ebm zbatuar ate q\u00eb \u00ebsht\u00eb b\u00ebr\u00eb marr\u00ebveshja. Tash jam\u00eb i k\u00ebnaqur me gj\u00ebrat q\u00eb po b\u00ebhen.<\/p>\n<p><strong>A mendoni se Qeveria duhet t\u00eb jet\u00eb edhe m\u00eb aktive n\u00eb regjion? <\/strong><\/p>\n<p>\u2013 Po, k\u00ebtu gjithnj\u00eb duhet t\u00eb ket\u00eb p\u00ebrfaq\u00ebsues nga qeveria sepse kan\u00eb nj\u00eb forc\u00eb t\u00eb madhe politike dhe mund\u00eb t\u00eb veprojn\u00eb. Mendoj se Qeveria ka shum\u00eb probleme shtet\u00ebrore t\u00eb cilat k\u00ebrkojn\u00eb zgjidhje, nd\u00ebrsa nj\u00ebri nd\u00ebr k\u00ebta probleme \u00ebsht\u00eb edhe Lugina e Preshev\u00ebs. Njer\u00ebzit nga Qeveria nuk kan\u00eb ide se si jetohet k\u00ebtu, nd\u00ebrsa binden vet\u00ebm kur ta vizitojn\u00eb k\u00ebt\u00eb regjion.<\/p>\n<p><strong>That\u00eb se nuk jeni t\u00eb k\u00ebnaqur me zhvillimin ekonomik. Sa \u00ebsht\u00eb p\u00ebrgjegj\u00ebsia e TK n\u00eb k\u00ebt\u00eb drejtim? <\/strong><\/p>\n<p>\u2013\u00a0 Trupi Koordinues nuk \u00ebsht\u00eb n\u00eb m\u00ebnyr\u00eb direkte p\u00ebrgjegj\u00ebs, por Qeveria e Serbis\u00eb. K\u00ebtu n\u00eb Preshev\u00eb psh, privatizimi \u00ebsht\u00eb b\u00ebr\u00eb n\u00eb m\u00ebnyr\u00eb jo t\u00eb rregullt dhe nuk ka pasur kurrfar investimesh n\u00eb ekonomi. Rreth 60% t\u00eb njer\u00ebzve t\u00eb aft\u00eb p\u00ebr pun\u00eb jan\u00eb t\u00eb papun\u00ebsuar. N\u00eb planin ekonomik e gjith ajo q\u00eb \u00ebsht\u00eb b\u00ebr\u00eb, \u00ebsht\u00eb b\u00ebr\u00eb n\u00eb vitin 2005 n\u00eb koh\u00ebn e mandatit t\u00eb Nebojsha \u00c7oviqit, kryetarit t\u00eb par\u00eb t\u00eb TK. Pas asaj, deri n\u00eb rekonstruimin e tij\u00eb, Trupi Koordinues ka qen\u00eb vet\u00ebm organ politik.<\/p>\n<p><strong>Qka mendoni, nj\u00eb pjese t\u00eb p\u00ebrgjegj\u00ebsis\u00eb p\u00ebr nj\u00eb situat\u00eb t\u00eb till\u00eb a e mban edhe pushteti lokal? <\/strong><\/p>\n<p>\u2013 Pun\u00ebn e TK n\u00eb m\u00ebnyr\u00eb t\u00eb dukshme e stagnojn\u00eb edhe mosmarr\u00ebveshjet n\u00eb mes t\u00eb politikan\u00ebve Serb dhe Shqip\u00ebtar\u00eb lokal\u00eb. Problem i madh \u00ebsht\u00eb se n\u00eb pushtetin lokal t\u00eb Bujanocit dhe Preshev\u00ebs nuk ka p\u00ebrfaq\u00ebsues Serb. N\u00eb Bujanoc ky \u00ebsht\u00eb problem i madh sepse TK nuk mund\u00eb t\u00eb punoj\u00eb n\u00ebse nuk egziston pushteti multietnik.<\/p>\n<p><strong>Kush \u00ebsht\u00eb p\u00ebrgjej\u00ebs p\u00ebr k\u00ebt\u00eb? \u00a0<\/strong><\/p>\n<p>\u2013 P\u00ebrgjegj\u00ebsia \u00ebsht\u00eb edhe tek Shqip\u00ebtar\u00ebt por edhe tek Serb\u00ebt. Mir\u00ebpo, Shqip\u00ebtar\u00ebt duhet t\u00eb tregojn\u00eb vullnet q\u00eb duan q\u00eb Serb\u00ebt t\u00eb jen\u00eb n\u00eb pushtet, e k\u00ebtu TK duhet ta ket\u00eb rolin kyq. Mendoj se pushteti multietnik \u00ebsht\u00eb pasuri e madhe p\u00ebr t\u00eb gjitha mjediset ku k\u00ebrkohet nevoja.<\/p>\n<p><strong>Si \u00ebsht\u00eb situata n\u00eb Preshev\u00eb? \u00a0<\/strong><\/p>\n<p>\u2013 Tek ne \u00ebsht\u00eb problemi se kemi pak Serb\u00eb. Nga 38 vendet n\u00eb kuvendin komunal t\u00eb Preshev\u00ebs, Serb\u00ebt i kan\u00eb 2 vende, nj\u00eb i partis\u00eb radikale dhe nj\u00eb i partis\u00eb socialiste. Bashk\u00ebpunojm\u00eb shum\u00eb mir\u00eb me ata dhe partija ime u ka koncesuar disa vende n\u00eb bordin komunal dhe komisione.<\/p>\n<p><\/meta><br \/>\n<\/meta><br \/>\n<\/meta><br \/>\n<\/meta><\/p>\n","protected":false},"excerpt":{"rendered":"<p>BESOJ N\u00cb QEVERIN\u00cb E SERBIS\u00cb<br \/>\nBISED\u00cb: SK\u00cbNDER DESTANI, KRYETAR\u00cb I KUVENDIT T\u00cb PRESHEV\u00cbS<br \/>\nSk\u00ebnder Destani, mjek-pediat\u00ebr, kryetar\u00eb i parlamentit lokal n\u00eb Preshev\u00eb dhe lider i Unionit Demokratik t\u00eb Lugin\u00ebs (UDI), s\u00eb bashku me kryetar\u00ebt e komunave dhe kryetar\u00ebt e kuvendeve komunale t\u00eb Preshev\u00ebs, Bujanocit dhe Medvegj\u00ebs, \u00ebsht\u00eb an\u00ebtar\u00eb i Kryesis\u00eb s\u00eb Trupit Koordinues. Qeveria e Republik\u00ebs s\u00eb Serbis\u00eb e ka formuar k\u00ebt\u00eb institucion n\u00eb m\u00ebnyr\u00eb q\u00eb t\u2019i zbus\u00eb pasojat e konfliktit t\u00eb armatosur n\u00eb mes t\u00eb shqip\u00ebtar\u00ebve t\u00eb mllefosur dhe forcave serbe t\u00eb sigurimit n\u00eb vitin 2001 dhe 2002.<\/p>\n","protected":false},"author":1,"featured_media":0,"comment_status":"closed","ping_status":"closed","sticky":false,"template":"","format":"standard","meta":{"footnotes":""},"categories":[55],"tags":[],"class_list":["post-143112","post","type-post","status-publish","format-standard","hentry","category-lajme"],"yoast_head":"<!-- This site is optimized with the Yoast SEO plugin v27.4 - https:\/\/yoast.com\/product\/yoast-seo-wordpress\/ -->\n<title>14 janar\u00eb 2010 - Republika e S\u00ebrbis\u00eb Trupi Koordinues p\u00ebr komunat Bujanoc, Preshev\u00eb dhe Medvegj\u00eb<\/title>\n<meta name=\"robots\" content=\"index, follow, max-snippet:-1, max-image-preview:large, max-video-preview:-1\" \/>\n<link rel=\"canonical\" href=\"https:\/\/kt.gov.rs\/sq\/14-janare-2010\/\" \/>\n<meta property=\"og:locale\" content=\"sq_AL\" \/>\n<meta property=\"og:type\" content=\"article\" \/>\n<meta property=\"og:title\" content=\"14 janar\u00eb 2010 - Republika e S\u00ebrbis\u00eb Trupi Koordinues p\u00ebr komunat Bujanoc, Preshev\u00eb dhe Medvegj\u00eb\" \/>\n<meta property=\"og:description\" content=\"BESOJ N\u00cb QEVERIN\u00cb E SERBIS\u00cb BISED\u00cb: SK\u00cbNDER DESTANI, KRYETAR\u00cb I KUVENDIT T\u00cb PRESHEV\u00cbS Sk\u00ebnder Destani, mjek-pediat\u00ebr, kryetar\u00eb i parlamentit lokal n\u00eb Preshev\u00eb dhe lider i Unionit Demokratik t\u00eb Lugin\u00ebs (UDI), s\u00eb bashku me kryetar\u00ebt e komunave dhe kryetar\u00ebt e kuvendeve komunale t\u00eb Preshev\u00ebs, Bujanocit dhe Medvegj\u00ebs, \u00ebsht\u00eb an\u00ebtar\u00eb i Kryesis\u00eb s\u00eb Trupit Koordinues. Qeveria e Republik\u00ebs s\u00eb Serbis\u00eb e ka formuar k\u00ebt\u00eb institucion n\u00eb m\u00ebnyr\u00eb q\u00eb t&#039;i zbus\u00eb pasojat e konfliktit t\u00eb armatosur n\u00eb mes t\u00eb shqip\u00ebtar\u00ebve t\u00eb mllefosur dhe forcave serbe t\u00eb sigurimit n\u00eb vitin 2001 dhe 2002.\" \/>\n<meta property=\"og:url\" content=\"https:\/\/kt.gov.rs\/sq\/14-janare-2010\/\" \/>\n<meta property=\"og:site_name\" content=\"Republika e S\u00ebrbis\u00eb Trupi Koordinues p\u00ebr komunat Bujanoc, Preshev\u00eb dhe Medvegj\u00eb\" \/>\n<meta property=\"article:publisher\" content=\"https:\/\/www.facebook.com\/SluzbaKoordinacionogTelaVladeRepublikeSrbije\" \/>\n<meta property=\"article:published_time\" content=\"2010-01-14T00:00:00+00:00\" \/>\n<meta name=\"author\" content=\"ktmin\" \/>\n<meta name=\"twitter:card\" content=\"summary_large_image\" \/>\n<meta name=\"twitter:creator\" content=\"@kt_gov\" \/>\n<meta name=\"twitter:site\" content=\"@kt_gov\" \/>\n<meta name=\"twitter:label1\" content=\"Written by\" \/>\n\t<meta name=\"twitter:data1\" content=\"ktmin\" \/>\n\t<meta name=\"twitter:label2\" content=\"Est. reading time\" \/>\n\t<meta name=\"twitter:data2\" content=\"8 minutes\" \/>\n<script type=\"application\/ld+json\" class=\"yoast-schema-graph\">{\"@context\":\"https:\\\/\\\/schema.org\",\"@graph\":[{\"@type\":\"Article\",\"@id\":\"https:\\\/\\\/kt.gov.rs\\\/sq\\\/14-janare-2010\\\/#article\",\"isPartOf\":{\"@id\":\"https:\\\/\\\/kt.gov.rs\\\/sq\\\/14-janare-2010\\\/\"},\"author\":{\"name\":\"ktmin\",\"@id\":\"https:\\\/\\\/kt.gov.rs\\\/#\\\/schema\\\/person\\\/e426459ddb4173309103390602694571\"},\"headline\":\"14 janar\u00eb 2010\",\"datePublished\":\"2010-01-14T00:00:00+00:00\",\"mainEntityOfPage\":{\"@id\":\"https:\\\/\\\/kt.gov.rs\\\/sq\\\/14-janare-2010\\\/\"},\"wordCount\":1680,\"publisher\":{\"@id\":\"https:\\\/\\\/kt.gov.rs\\\/#organization\"},\"articleSection\":[\"Lajme\"],\"inLanguage\":\"sq-AL\"},{\"@type\":\"WebPage\",\"@id\":\"https:\\\/\\\/kt.gov.rs\\\/sq\\\/14-janare-2010\\\/\",\"url\":\"https:\\\/\\\/kt.gov.rs\\\/sq\\\/14-janare-2010\\\/\",\"name\":\"14 janar\u00eb 2010 - Republika e S\u00ebrbis\u00eb Trupi Koordinues p\u00ebr komunat Bujanoc, Preshev\u00eb dhe Medvegj\u00eb\",\"isPartOf\":{\"@id\":\"https:\\\/\\\/kt.gov.rs\\\/#website\"},\"datePublished\":\"2010-01-14T00:00:00+00:00\",\"breadcrumb\":{\"@id\":\"https:\\\/\\\/kt.gov.rs\\\/sq\\\/14-janare-2010\\\/#breadcrumb\"},\"inLanguage\":\"sq-AL\",\"potentialAction\":[{\"@type\":\"ReadAction\",\"target\":[\"https:\\\/\\\/kt.gov.rs\\\/sq\\\/14-janare-2010\\\/\"]}]},{\"@type\":\"BreadcrumbList\",\"@id\":\"https:\\\/\\\/kt.gov.rs\\\/sq\\\/14-janare-2010\\\/#breadcrumb\",\"itemListElement\":[{\"@type\":\"ListItem\",\"position\":1,\"name\":\"\u041f\u043e\u0447\u0435\u0442\u043d\u0430\",\"item\":\"https:\\\/\\\/kt.gov.rs\\\/sq\\\/\"},{\"@type\":\"ListItem\",\"position\":2,\"name\":\"14 janar\u00eb 2010\"}]},{\"@type\":\"WebSite\",\"@id\":\"https:\\\/\\\/kt.gov.rs\\\/#website\",\"url\":\"https:\\\/\\\/kt.gov.rs\\\/\",\"name\":\"\u041a\u043e\u043e\u0440\u0434\u0438\u043d\u0430\u0446\u0438\u043e\u043d\u043e \u0442\u0435\u043b\u043e \u0412\u043b\u0430\u0434\u0435 \u0420\u0435\u043f\u0443\u0431\u043b\u0438\u043a\u0435 \u0421\u0440\u0431\u0438\u0458\u0435 \u0437\u0430 \u043e\u043f\u0448\u0442\u0438\u043d\u0435 \u041f\u0440\u0435\u0448\u0435\u0432\u043e, \u0411\u0443\u0458\u0430\u043d\u043e\u0432\u0430\u0446 \u0438 \u041c\u0435\u0434\u0432\u0435\u0452a\",\"description\":\"\",\"publisher\":{\"@id\":\"https:\\\/\\\/kt.gov.rs\\\/#organization\"},\"alternateName\":\"\u041a\u043e\u043e\u0440\u0434\u0438\u043d\u0430\u0446\u0438\u043e\u043d\u043e \u0442\u0435\u043b\u043e\",\"potentialAction\":[{\"@type\":\"SearchAction\",\"target\":{\"@type\":\"EntryPoint\",\"urlTemplate\":\"https:\\\/\\\/kt.gov.rs\\\/?s={search_term_string}\"},\"query-input\":{\"@type\":\"PropertyValueSpecification\",\"valueRequired\":true,\"valueName\":\"search_term_string\"}}],\"inLanguage\":\"sq-AL\"},{\"@type\":\"Organization\",\"@id\":\"https:\\\/\\\/kt.gov.rs\\\/#organization\",\"name\":\"\u041a\u043e\u043e\u0440\u0434\u0438\u043d\u0430\u0446\u0438\u043e\u043d\u043e \u0442\u0435\u043b\u043e \u0412\u043b\u0430\u0434\u0435 \u0420\u0435\u043f\u0443\u0431\u043b\u0438\u043a\u0435 \u0421\u0440\u0431\u0438\u0458\u0435 \u0437\u0430 \u043e\u043f\u0448\u0442\u0438\u043d\u0435 \u041f\u0440\u0435\u0448\u0435\u0432\u043e, \u0411\u0443\u0458\u0430\u043d\u043e\u0432\u0430\u0446 \u0438 \u041c\u0435\u0434\u0432\u0435\u0452a\",\"alternateName\":\"\u041a\u043e\u043e\u0440\u0434\u0438\u043d\u0430\u0446\u0438\u043e\u043d\u043e \u0442\u0435\u043b\u043e\",\"url\":\"https:\\\/\\\/kt.gov.rs\\\/\",\"logo\":{\"@type\":\"ImageObject\",\"inLanguage\":\"sq-AL\",\"@id\":\"https:\\\/\\\/kt.gov.rs\\\/#\\\/schema\\\/logo\\\/image\\\/\",\"url\":\"https:\\\/\\\/kt.gov.rs\\\/wp-content\\\/uploads\\\/2024\\\/12\\\/koord2.jpg\",\"contentUrl\":\"https:\\\/\\\/kt.gov.rs\\\/wp-content\\\/uploads\\\/2024\\\/12\\\/koord2.jpg\",\"width\":640,\"height\":480,\"caption\":\"\u041a\u043e\u043e\u0440\u0434\u0438\u043d\u0430\u0446\u0438\u043e\u043d\u043e \u0442\u0435\u043b\u043e \u0412\u043b\u0430\u0434\u0435 \u0420\u0435\u043f\u0443\u0431\u043b\u0438\u043a\u0435 \u0421\u0440\u0431\u0438\u0458\u0435 \u0437\u0430 \u043e\u043f\u0448\u0442\u0438\u043d\u0435 \u041f\u0440\u0435\u0448\u0435\u0432\u043e, \u0411\u0443\u0458\u0430\u043d\u043e\u0432\u0430\u0446 \u0438 \u041c\u0435\u0434\u0432\u0435\u0452a\"},\"image\":{\"@id\":\"https:\\\/\\\/kt.gov.rs\\\/#\\\/schema\\\/logo\\\/image\\\/\"},\"sameAs\":[\"https:\\\/\\\/www.facebook.com\\\/SluzbaKoordinacionogTelaVladeRepublikeSrbije\",\"https:\\\/\\\/x.com\\\/kt_gov\",\"https:\\\/\\\/www.youtube.com\\\/@koordinacionotelo\"]},{\"@type\":\"Person\",\"@id\":\"https:\\\/\\\/kt.gov.rs\\\/#\\\/schema\\\/person\\\/e426459ddb4173309103390602694571\",\"name\":\"ktmin\",\"image\":{\"@type\":\"ImageObject\",\"inLanguage\":\"sq-AL\",\"@id\":\"https:\\\/\\\/secure.gravatar.com\\\/avatar\\\/3985c961109853010c3fbc7ba30365bfba5db3dd6c525831d9c595c7525a615a?s=96&d=mm&r=g\",\"url\":\"https:\\\/\\\/secure.gravatar.com\\\/avatar\\\/3985c961109853010c3fbc7ba30365bfba5db3dd6c525831d9c595c7525a615a?s=96&d=mm&r=g\",\"contentUrl\":\"https:\\\/\\\/secure.gravatar.com\\\/avatar\\\/3985c961109853010c3fbc7ba30365bfba5db3dd6c525831d9c595c7525a615a?s=96&d=mm&r=g\",\"caption\":\"ktmin\"},\"sameAs\":[\"https:\\\/\\\/kt.gov.rs\"],\"url\":\"https:\\\/\\\/kt.gov.rs\\\/sq\\\/author\\\/ktmin\\\/\"}]}<\/script>\n<!-- \/ Yoast SEO plugin. -->","yoast_head_json":{"title":"14 janar\u00eb 2010 - Republika e S\u00ebrbis\u00eb Trupi Koordinues p\u00ebr komunat Bujanoc, Preshev\u00eb dhe Medvegj\u00eb","robots":{"index":"index","follow":"follow","max-snippet":"max-snippet:-1","max-image-preview":"max-image-preview:large","max-video-preview":"max-video-preview:-1"},"canonical":"https:\/\/kt.gov.rs\/sq\/14-janare-2010\/","og_locale":"sq_AL","og_type":"article","og_title":"14 janar\u00eb 2010 - Republika e S\u00ebrbis\u00eb Trupi Koordinues p\u00ebr komunat Bujanoc, Preshev\u00eb dhe Medvegj\u00eb","og_description":"BESOJ N\u00cb QEVERIN\u00cb E SERBIS\u00cb BISED\u00cb: SK\u00cbNDER DESTANI, KRYETAR\u00cb I KUVENDIT T\u00cb PRESHEV\u00cbS Sk\u00ebnder Destani, mjek-pediat\u00ebr, kryetar\u00eb i parlamentit lokal n\u00eb Preshev\u00eb dhe lider i Unionit Demokratik t\u00eb Lugin\u00ebs (UDI), s\u00eb bashku me kryetar\u00ebt e komunave dhe kryetar\u00ebt e kuvendeve komunale t\u00eb Preshev\u00ebs, Bujanocit dhe Medvegj\u00ebs, \u00ebsht\u00eb an\u00ebtar\u00eb i Kryesis\u00eb s\u00eb Trupit Koordinues. Qeveria e Republik\u00ebs s\u00eb Serbis\u00eb e ka formuar k\u00ebt\u00eb institucion n\u00eb m\u00ebnyr\u00eb q\u00eb t'i zbus\u00eb pasojat e konfliktit t\u00eb armatosur n\u00eb mes t\u00eb shqip\u00ebtar\u00ebve t\u00eb mllefosur dhe forcave serbe t\u00eb sigurimit n\u00eb vitin 2001 dhe 2002.","og_url":"https:\/\/kt.gov.rs\/sq\/14-janare-2010\/","og_site_name":"Republika e S\u00ebrbis\u00eb Trupi Koordinues p\u00ebr komunat Bujanoc, Preshev\u00eb dhe Medvegj\u00eb","article_publisher":"https:\/\/www.facebook.com\/SluzbaKoordinacionogTelaVladeRepublikeSrbije","article_published_time":"2010-01-14T00:00:00+00:00","author":"ktmin","twitter_card":"summary_large_image","twitter_creator":"@kt_gov","twitter_site":"@kt_gov","twitter_misc":{"Written by":"ktmin","Est. reading time":"8 minutes"},"schema":{"@context":"https:\/\/schema.org","@graph":[{"@type":"Article","@id":"https:\/\/kt.gov.rs\/sq\/14-janare-2010\/#article","isPartOf":{"@id":"https:\/\/kt.gov.rs\/sq\/14-janare-2010\/"},"author":{"name":"ktmin","@id":"https:\/\/kt.gov.rs\/#\/schema\/person\/e426459ddb4173309103390602694571"},"headline":"14 janar\u00eb 2010","datePublished":"2010-01-14T00:00:00+00:00","mainEntityOfPage":{"@id":"https:\/\/kt.gov.rs\/sq\/14-janare-2010\/"},"wordCount":1680,"publisher":{"@id":"https:\/\/kt.gov.rs\/#organization"},"articleSection":["Lajme"],"inLanguage":"sq-AL"},{"@type":"WebPage","@id":"https:\/\/kt.gov.rs\/sq\/14-janare-2010\/","url":"https:\/\/kt.gov.rs\/sq\/14-janare-2010\/","name":"14 janar\u00eb 2010 - Republika e S\u00ebrbis\u00eb Trupi Koordinues p\u00ebr komunat Bujanoc, Preshev\u00eb dhe Medvegj\u00eb","isPartOf":{"@id":"https:\/\/kt.gov.rs\/#website"},"datePublished":"2010-01-14T00:00:00+00:00","breadcrumb":{"@id":"https:\/\/kt.gov.rs\/sq\/14-janare-2010\/#breadcrumb"},"inLanguage":"sq-AL","potentialAction":[{"@type":"ReadAction","target":["https:\/\/kt.gov.rs\/sq\/14-janare-2010\/"]}]},{"@type":"BreadcrumbList","@id":"https:\/\/kt.gov.rs\/sq\/14-janare-2010\/#breadcrumb","itemListElement":[{"@type":"ListItem","position":1,"name":"\u041f\u043e\u0447\u0435\u0442\u043d\u0430","item":"https:\/\/kt.gov.rs\/sq\/"},{"@type":"ListItem","position":2,"name":"14 janar\u00eb 2010"}]},{"@type":"WebSite","@id":"https:\/\/kt.gov.rs\/#website","url":"https:\/\/kt.gov.rs\/","name":"\u041a\u043e\u043e\u0440\u0434\u0438\u043d\u0430\u0446\u0438\u043e\u043d\u043e \u0442\u0435\u043b\u043e \u0412\u043b\u0430\u0434\u0435 \u0420\u0435\u043f\u0443\u0431\u043b\u0438\u043a\u0435 \u0421\u0440\u0431\u0438\u0458\u0435 \u0437\u0430 \u043e\u043f\u0448\u0442\u0438\u043d\u0435 \u041f\u0440\u0435\u0448\u0435\u0432\u043e, \u0411\u0443\u0458\u0430\u043d\u043e\u0432\u0430\u0446 \u0438 \u041c\u0435\u0434\u0432\u0435\u0452a","description":"","publisher":{"@id":"https:\/\/kt.gov.rs\/#organization"},"alternateName":"\u041a\u043e\u043e\u0440\u0434\u0438\u043d\u0430\u0446\u0438\u043e\u043d\u043e \u0442\u0435\u043b\u043e","potentialAction":[{"@type":"SearchAction","target":{"@type":"EntryPoint","urlTemplate":"https:\/\/kt.gov.rs\/?s={search_term_string}"},"query-input":{"@type":"PropertyValueSpecification","valueRequired":true,"valueName":"search_term_string"}}],"inLanguage":"sq-AL"},{"@type":"Organization","@id":"https:\/\/kt.gov.rs\/#organization","name":"\u041a\u043e\u043e\u0440\u0434\u0438\u043d\u0430\u0446\u0438\u043e\u043d\u043e \u0442\u0435\u043b\u043e \u0412\u043b\u0430\u0434\u0435 \u0420\u0435\u043f\u0443\u0431\u043b\u0438\u043a\u0435 \u0421\u0440\u0431\u0438\u0458\u0435 \u0437\u0430 \u043e\u043f\u0448\u0442\u0438\u043d\u0435 \u041f\u0440\u0435\u0448\u0435\u0432\u043e, \u0411\u0443\u0458\u0430\u043d\u043e\u0432\u0430\u0446 \u0438 \u041c\u0435\u0434\u0432\u0435\u0452a","alternateName":"\u041a\u043e\u043e\u0440\u0434\u0438\u043d\u0430\u0446\u0438\u043e\u043d\u043e \u0442\u0435\u043b\u043e","url":"https:\/\/kt.gov.rs\/","logo":{"@type":"ImageObject","inLanguage":"sq-AL","@id":"https:\/\/kt.gov.rs\/#\/schema\/logo\/image\/","url":"https:\/\/kt.gov.rs\/wp-content\/uploads\/2024\/12\/koord2.jpg","contentUrl":"https:\/\/kt.gov.rs\/wp-content\/uploads\/2024\/12\/koord2.jpg","width":640,"height":480,"caption":"\u041a\u043e\u043e\u0440\u0434\u0438\u043d\u0430\u0446\u0438\u043e\u043d\u043e \u0442\u0435\u043b\u043e \u0412\u043b\u0430\u0434\u0435 \u0420\u0435\u043f\u0443\u0431\u043b\u0438\u043a\u0435 \u0421\u0440\u0431\u0438\u0458\u0435 \u0437\u0430 \u043e\u043f\u0448\u0442\u0438\u043d\u0435 \u041f\u0440\u0435\u0448\u0435\u0432\u043e, \u0411\u0443\u0458\u0430\u043d\u043e\u0432\u0430\u0446 \u0438 \u041c\u0435\u0434\u0432\u0435\u0452a"},"image":{"@id":"https:\/\/kt.gov.rs\/#\/schema\/logo\/image\/"},"sameAs":["https:\/\/www.facebook.com\/SluzbaKoordinacionogTelaVladeRepublikeSrbije","https:\/\/x.com\/kt_gov","https:\/\/www.youtube.com\/@koordinacionotelo"]},{"@type":"Person","@id":"https:\/\/kt.gov.rs\/#\/schema\/person\/e426459ddb4173309103390602694571","name":"ktmin","image":{"@type":"ImageObject","inLanguage":"sq-AL","@id":"https:\/\/secure.gravatar.com\/avatar\/3985c961109853010c3fbc7ba30365bfba5db3dd6c525831d9c595c7525a615a?s=96&d=mm&r=g","url":"https:\/\/secure.gravatar.com\/avatar\/3985c961109853010c3fbc7ba30365bfba5db3dd6c525831d9c595c7525a615a?s=96&d=mm&r=g","contentUrl":"https:\/\/secure.gravatar.com\/avatar\/3985c961109853010c3fbc7ba30365bfba5db3dd6c525831d9c595c7525a615a?s=96&d=mm&r=g","caption":"ktmin"},"sameAs":["https:\/\/kt.gov.rs"],"url":"https:\/\/kt.gov.rs\/sq\/author\/ktmin\/"}]}},"_links":{"self":[{"href":"https:\/\/kt.gov.rs\/sq\/wp-json\/wp\/v2\/posts\/143112","targetHints":{"allow":["GET"]}}],"collection":[{"href":"https:\/\/kt.gov.rs\/sq\/wp-json\/wp\/v2\/posts"}],"about":[{"href":"https:\/\/kt.gov.rs\/sq\/wp-json\/wp\/v2\/types\/post"}],"author":[{"embeddable":true,"href":"https:\/\/kt.gov.rs\/sq\/wp-json\/wp\/v2\/users\/1"}],"replies":[{"embeddable":true,"href":"https:\/\/kt.gov.rs\/sq\/wp-json\/wp\/v2\/comments?post=143112"}],"version-history":[{"count":0,"href":"https:\/\/kt.gov.rs\/sq\/wp-json\/wp\/v2\/posts\/143112\/revisions"}],"wp:attachment":[{"href":"https:\/\/kt.gov.rs\/sq\/wp-json\/wp\/v2\/media?parent=143112"}],"wp:term":[{"taxonomy":"category","embeddable":true,"href":"https:\/\/kt.gov.rs\/sq\/wp-json\/wp\/v2\/categories?post=143112"},{"taxonomy":"post_tag","embeddable":true,"href":"https:\/\/kt.gov.rs\/sq\/wp-json\/wp\/v2\/tags?post=143112"}],"curies":[{"name":"wp","href":"https:\/\/api.w.org\/{rel}","templated":true}]}}