{"id":143101,"date":"2010-01-22T00:00:00","date_gmt":"2010-01-22T00:00:00","guid":{"rendered":"http:\/\/kt.printandscreen.rs\/ne-prill-perterirja-e-prodhimit-ne-minieren-leqe-pune-per-300-minatore\/"},"modified":"2024-07-30T20:23:39","modified_gmt":"2024-07-30T20:23:39","slug":"ne-prill-perterirja-e-prodhimit-ne-minieren-leqe-pune-per-300-minatore","status":"publish","type":"post","link":"https:\/\/kt.gov.rs\/sq\/ne-prill-perterirja-e-prodhimit-ne-minieren-leqe-pune-per-300-minatore\/","title":{"rendered":"N\u00cb PRILL P\u00cbRT\u00cbRIRJA E PRODHIMIT N\u00cb MINIER\u00cbN LEQE \u2013 PUN\u00cb P\u00cbR 300 MINATOR\u00cb"},"content":{"rendered":"<p><img decoding=\"async\" align=\"left\" src=\"https:\/\/kt.gov.rs\/wp-content\/uploads\/2024\/07\/pic080vesti-4.jpg\" alt=\"\" \/>MEDVEGJ\u00cb \u2013 N\u00eb konferenc\u00ebn p\u00ebr media t\u00eb mbajtur n\u00eb Medvegj\u00eb m\u00eb 21 janar\u00eb, Kryetari i Trupit Koordinues p\u00ebr komunat Preshev\u00eb, Bujanoc dhe Medvegj\u00eb, ministri Milan Markoviq, paralajm\u00ebroi hapjen e minier\u00ebs Leqe p\u00ebr muajin mars nd\u00ebrsa fillimi i Prodhimit dhe angazhimi i 300 minator\u00ebve do t\u00eb filloj\u00eb n\u00eb prill t\u00eb k\u00ebtij\u00eb viti. Ministri Markoviq theksoi se n\u00eb fillim t\u00eb mandatit t\u00eb tij\u00eb n\u00eb Trupin Koordinues, kur \u00ebsht\u00eb n\u00eb pyetje Medvegja, ka parashtruar dy q\u00ebllime, hapjen e paraleleve t\u00eb fakultetit n\u00eb t\u00eb dy gjuh\u00ebt si dhe hapjen e minier\u00ebs Leqe. T\u00eb dy k\u00ebto premtime i ka p\u00ebrmbushur dhe me ruajtjen e multietnicitetit dhe jet\u00ebs s\u00eb p\u00ebrbashk\u00ebt p\u00ebrb\u00ebjn\u00eb gur\u00ebthemelin e politik\u00ebs s\u00eb Trupit Koordinues n\u00eb Medvegj\u00eb. Markoviq e fal\u00ebnderoi kryetarin e Medvegj\u00ebs, Slobodan Drashkoviq q\u00eb n\u00eb dhjet\u00eb vjet\u00ebt e fundit me mjete t\u00eb komun\u00ebs ka arritur ta ruaj\u00eb minier\u00ebn dhe paralajm\u00ebroi q\u00eb k\u00ebt\u00eb vit\u00eb mund\u00eb t\u00eb konstatojm\u00eb se Medvegja ka ndryshuar dhe m\u00eb nuk do t\u00eb jet\u00eb n\u00eb kategorin\u00eb e komunave m\u00eb t\u00eb pazhvilluara n\u00eb Serbi.<\/p>\n<p>Kryetari i komun\u00ebs s\u00eb Medvegj\u00ebs Slobodan Drashkoviq theksoi se kjo \u00ebsht\u00eb nj\u00eb dit\u00eb e madhe p\u00ebr Medvegj\u00ebn dhe se pa angazhimin e ministrit Milan Markoviq dhe kryeministrit Mirko Cvetkoviq, miniera Leqe nuk do t\u00eb ishte shtylla e zhvillimit ekonomik t\u00eb Medvegj\u00ebs.<br \/>\nDelegacionin prej 28 afarist\u00ebve, n\u00eb mes t\u00eb t\u00eb cil\u00ebve kan\u00eb qen\u00eb p\u00ebrfaq\u00ebsuesit e RTB Bor, qum\u00ebshtores s\u00eb Shabacit., 7 juli, shkritores nga Gu\u00e7a dhe fabrik\u00ebs s\u00eb baterive nga Sombori, t\u00eb udh\u00ebhequr nga pronari i minier\u00ebs Leqe, njeriut t\u00eb par\u00eb t\u00eb Farmakom MB, Miroslav Bogiqeviq, i cili theksoi se Farmakom e cila ka 2500 pun\u00ebtor\u00eb dhe me nj\u00eb qarkullim vjetor\u00eb 200 euro, \u00ebsht\u00eb kombinim i l\u00ebnd\u00ebve t\u00eb para vendase, menquris\u00eb dhe prodhimit. Bogiqeviq konfirmoi se ashtu do t\u00eb jet\u00eb edhe n\u00eb minier\u00ebn Leqe. \u00cbsht\u00eb i sigurt se nuk ka gabuar kur u bind nga nj\u00eb shok i tij\u00eb se pasuria \u00ebsht\u00eb n\u00eb jug t\u00eb Serbis\u00eb dhe se me propozimin e tij\u00eb e bleu minier\u00ebn Leqe. P\u00ebrpos p\u00ebrt\u00ebrirjes s\u00eb minier\u00ebs, Bogiqeviq paralajm\u00ebroi edhe investime tjera serioze n\u00eb zhvillimin e blektoris\u00eb dhe qum\u00ebshtoris\u00eb n\u00eb k\u00ebt\u00eb regjion.<\/p>\n<p>Drejtori i RTB Bor Blagoje Spaskovski e fal\u00ebnderoi Miroslav Bogiqeviqin dhe Qeverin\u00eb e Serbis\u00eb p\u00ebr revitalizimin e minier\u00ebs Leqe duke theksuar se n\u00eb faz\u00ebn e par\u00eb n\u00eb rekonstruimin e minier\u00ebs do t\u00eb investohen 3.5 nd\u00ebrsa n\u00eb faz\u00ebn e dyt\u00eb n\u00eb nd\u00ebrtimin e e flotacionit m\u00eb bashk\u00ebkohor\u00eb ku do t\u00eb punojn\u00eb kuadrot m\u00eb t\u00eb mira, edhe 6 milion\u00eb euro. Nga miniera Leqe do t\u00eb nxirren 3.250 tonelat\u00eb plumb\u00eb, 450 kg ari, 3.100 kg argjend dhe 6.200 tonelat\u00eb zink. K\u00ebto l\u00ebnd\u00eb t\u00eb para nuk do t\u00eb eksportohen por nga k\u00ebto do t\u00eb prodhohen prodhime finale vendase.<\/p>\n","protected":false},"excerpt":{"rendered":"<p>MEDVEGJ\u00cb \u2013 N\u00eb konferenc\u00ebn p\u00ebr media t\u00eb mbajtur n\u00eb Medvegj\u00eb m\u00eb 21 janar\u00eb, Kryetari i Trupit Koordinues p\u00ebr komunat Preshev\u00eb, Bujanoc dhe Medvegj\u00eb, ministri Milan Markoviq, paralajm\u00ebroi hapjen e minier\u00ebs Leqe p\u00ebr muajin mars nd\u00ebrsa fillimi i Prodhimit dhe angazhimi i 300 minator\u00ebve do t\u00eb filloj\u00eb n\u00eb prill t\u00eb k\u00ebtij\u00eb viti. Ministri Markoviq theksoi se n\u00eb fillim t\u00eb mandatit t\u00eb tij\u00eb n\u00eb Trupin Koordinues, kur \u00ebsht\u00eb n\u00eb pyetje Medvegja, ka parashtruar dy q\u00ebllime, hapjen e paraleleve t\u00eb fakultetit n\u00eb t\u00eb dy gjuh\u00ebt si dhe hapjen e minier\u00ebs Leqe.<\/p>\n","protected":false},"author":1,"featured_media":143106,"comment_status":"closed","ping_status":"closed","sticky":false,"template":"","format":"standard","meta":{"footnotes":""},"categories":[55],"tags":[],"class_list":["post-143101","post","type-post","status-publish","format-standard","has-post-thumbnail","hentry","category-lajme"],"yoast_head":"<!-- This site is optimized with the Yoast SEO plugin v27.4 - https:\/\/yoast.com\/product\/yoast-seo-wordpress\/ -->\n<title>N\u00cb PRILL P\u00cbRT\u00cbRIRJA E PRODHIMIT N\u00cb MINIER\u00cbN LEQE - PUN\u00cb P\u00cbR 300 MINATOR\u00cb - Republika e S\u00ebrbis\u00eb Trupi Koordinues p\u00ebr komunat Bujanoc, Preshev\u00eb dhe Medvegj\u00eb<\/title>\n<meta name=\"robots\" content=\"index, follow, max-snippet:-1, max-image-preview:large, max-video-preview:-1\" \/>\n<link rel=\"canonical\" href=\"https:\/\/kt.gov.rs\/sq\/ne-prill-perterirja-e-prodhimit-ne-minieren-leqe-pune-per-300-minatore\/\" \/>\n<meta property=\"og:locale\" content=\"sq_AL\" \/>\n<meta property=\"og:type\" content=\"article\" \/>\n<meta property=\"og:title\" content=\"N\u00cb PRILL P\u00cbRT\u00cbRIRJA E PRODHIMIT N\u00cb MINIER\u00cbN LEQE - PUN\u00cb P\u00cbR 300 MINATOR\u00cb - Republika e S\u00ebrbis\u00eb Trupi Koordinues p\u00ebr komunat Bujanoc, Preshev\u00eb dhe Medvegj\u00eb\" \/>\n<meta property=\"og:description\" content=\"MEDVEGJ\u00cb \u2013 N\u00eb konferenc\u00ebn p\u00ebr media t\u00eb mbajtur n\u00eb Medvegj\u00eb m\u00eb 21 janar\u00eb, Kryetari i Trupit Koordinues p\u00ebr komunat Preshev\u00eb, Bujanoc dhe Medvegj\u00eb, ministri Milan Markoviq, paralajm\u00ebroi hapjen e minier\u00ebs Leqe p\u00ebr muajin mars nd\u00ebrsa fillimi i Prodhimit dhe angazhimi i 300 minator\u00ebve do t\u00eb filloj\u00eb n\u00eb prill t\u00eb k\u00ebtij\u00eb viti. Ministri Markoviq theksoi se n\u00eb fillim t\u00eb mandatit t\u00eb tij\u00eb n\u00eb Trupin Koordinues, kur \u00ebsht\u00eb n\u00eb pyetje Medvegja, ka parashtruar dy q\u00ebllime, hapjen e paraleleve t\u00eb fakultetit n\u00eb t\u00eb dy gjuh\u00ebt si dhe hapjen e minier\u00ebs Leqe.\" \/>\n<meta property=\"og:url\" content=\"https:\/\/kt.gov.rs\/sq\/ne-prill-perterirja-e-prodhimit-ne-minieren-leqe-pune-per-300-minatore\/\" \/>\n<meta property=\"og:site_name\" content=\"Republika e S\u00ebrbis\u00eb Trupi Koordinues p\u00ebr komunat Bujanoc, Preshev\u00eb dhe Medvegj\u00eb\" \/>\n<meta property=\"article:publisher\" content=\"https:\/\/www.facebook.com\/SluzbaKoordinacionogTelaVladeRepublikeSrbije\" \/>\n<meta property=\"article:published_time\" content=\"2010-01-22T00:00:00+00:00\" \/>\n<meta property=\"article:modified_time\" content=\"2024-07-30T20:23:39+00:00\" \/>\n<meta property=\"og:image\" content=\"https:\/\/kt.gov.rs\/wp-content\/uploads\/2024\/07\/pic080vesti-5.jpg\" \/>\n\t<meta property=\"og:image:width\" content=\"250\" \/>\n\t<meta property=\"og:image:height\" content=\"166\" \/>\n\t<meta property=\"og:image:type\" content=\"image\/jpeg\" \/>\n<meta name=\"author\" content=\"ktmin\" \/>\n<meta name=\"twitter:card\" content=\"summary_large_image\" \/>\n<meta name=\"twitter:creator\" content=\"@kt_gov\" \/>\n<meta name=\"twitter:site\" content=\"@kt_gov\" \/>\n<meta name=\"twitter:label1\" content=\"Written by\" \/>\n\t<meta name=\"twitter:data1\" content=\"ktmin\" \/>\n\t<meta name=\"twitter:label2\" content=\"Est. reading time\" \/>\n\t<meta name=\"twitter:data2\" content=\"2 minutes\" \/>\n<script type=\"application\/ld+json\" class=\"yoast-schema-graph\">{\"@context\":\"https:\\\/\\\/schema.org\",\"@graph\":[{\"@type\":\"Article\",\"@id\":\"https:\\\/\\\/kt.gov.rs\\\/sq\\\/ne-prill-perterirja-e-prodhimit-ne-minieren-leqe-pune-per-300-minatore\\\/#article\",\"isPartOf\":{\"@id\":\"https:\\\/\\\/kt.gov.rs\\\/sq\\\/ne-prill-perterirja-e-prodhimit-ne-minieren-leqe-pune-per-300-minatore\\\/\"},\"author\":{\"name\":\"ktmin\",\"@id\":\"https:\\\/\\\/kt.gov.rs\\\/#\\\/schema\\\/person\\\/e426459ddb4173309103390602694571\"},\"headline\":\"N\u00cb PRILL P\u00cbRT\u00cbRIRJA E PRODHIMIT N\u00cb MINIER\u00cbN LEQE \u2013 PUN\u00cb P\u00cbR 300 MINATOR\u00cb\",\"datePublished\":\"2010-01-22T00:00:00+00:00\",\"dateModified\":\"2024-07-30T20:23:39+00:00\",\"mainEntityOfPage\":{\"@id\":\"https:\\\/\\\/kt.gov.rs\\\/sq\\\/ne-prill-perterirja-e-prodhimit-ne-minieren-leqe-pune-per-300-minatore\\\/\"},\"wordCount\":501,\"publisher\":{\"@id\":\"https:\\\/\\\/kt.gov.rs\\\/#organization\"},\"image\":{\"@id\":\"https:\\\/\\\/kt.gov.rs\\\/sq\\\/ne-prill-perterirja-e-prodhimit-ne-minieren-leqe-pune-per-300-minatore\\\/#primaryimage\"},\"thumbnailUrl\":\"https:\\\/\\\/kt.gov.rs\\\/wp-content\\\/uploads\\\/2024\\\/07\\\/pic080vesti-5.jpg\",\"articleSection\":[\"Lajme\"],\"inLanguage\":\"sq-AL\"},{\"@type\":\"WebPage\",\"@id\":\"https:\\\/\\\/kt.gov.rs\\\/sq\\\/ne-prill-perterirja-e-prodhimit-ne-minieren-leqe-pune-per-300-minatore\\\/\",\"url\":\"https:\\\/\\\/kt.gov.rs\\\/sq\\\/ne-prill-perterirja-e-prodhimit-ne-minieren-leqe-pune-per-300-minatore\\\/\",\"name\":\"N\u00cb PRILL P\u00cbRT\u00cbRIRJA E PRODHIMIT N\u00cb MINIER\u00cbN LEQE - PUN\u00cb P\u00cbR 300 MINATOR\u00cb - Republika e S\u00ebrbis\u00eb Trupi Koordinues p\u00ebr komunat Bujanoc, Preshev\u00eb dhe Medvegj\u00eb\",\"isPartOf\":{\"@id\":\"https:\\\/\\\/kt.gov.rs\\\/#website\"},\"primaryImageOfPage\":{\"@id\":\"https:\\\/\\\/kt.gov.rs\\\/sq\\\/ne-prill-perterirja-e-prodhimit-ne-minieren-leqe-pune-per-300-minatore\\\/#primaryimage\"},\"image\":{\"@id\":\"https:\\\/\\\/kt.gov.rs\\\/sq\\\/ne-prill-perterirja-e-prodhimit-ne-minieren-leqe-pune-per-300-minatore\\\/#primaryimage\"},\"thumbnailUrl\":\"https:\\\/\\\/kt.gov.rs\\\/wp-content\\\/uploads\\\/2024\\\/07\\\/pic080vesti-5.jpg\",\"datePublished\":\"2010-01-22T00:00:00+00:00\",\"dateModified\":\"2024-07-30T20:23:39+00:00\",\"breadcrumb\":{\"@id\":\"https:\\\/\\\/kt.gov.rs\\\/sq\\\/ne-prill-perterirja-e-prodhimit-ne-minieren-leqe-pune-per-300-minatore\\\/#breadcrumb\"},\"inLanguage\":\"sq-AL\",\"potentialAction\":[{\"@type\":\"ReadAction\",\"target\":[\"https:\\\/\\\/kt.gov.rs\\\/sq\\\/ne-prill-perterirja-e-prodhimit-ne-minieren-leqe-pune-per-300-minatore\\\/\"]}]},{\"@type\":\"ImageObject\",\"inLanguage\":\"sq-AL\",\"@id\":\"https:\\\/\\\/kt.gov.rs\\\/sq\\\/ne-prill-perterirja-e-prodhimit-ne-minieren-leqe-pune-per-300-minatore\\\/#primaryimage\",\"url\":\"https:\\\/\\\/kt.gov.rs\\\/wp-content\\\/uploads\\\/2024\\\/07\\\/pic080vesti-5.jpg\",\"contentUrl\":\"https:\\\/\\\/kt.gov.rs\\\/wp-content\\\/uploads\\\/2024\\\/07\\\/pic080vesti-5.jpg\",\"width\":250,\"height\":166},{\"@type\":\"BreadcrumbList\",\"@id\":\"https:\\\/\\\/kt.gov.rs\\\/sq\\\/ne-prill-perterirja-e-prodhimit-ne-minieren-leqe-pune-per-300-minatore\\\/#breadcrumb\",\"itemListElement\":[{\"@type\":\"ListItem\",\"position\":1,\"name\":\"\u041f\u043e\u0447\u0435\u0442\u043d\u0430\",\"item\":\"https:\\\/\\\/kt.gov.rs\\\/sq\\\/\"},{\"@type\":\"ListItem\",\"position\":2,\"name\":\"N\u00cb PRILL P\u00cbRT\u00cbRIRJA E PRODHIMIT N\u00cb MINIER\u00cbN LEQE \u2013 PUN\u00cb P\u00cbR 300 MINATOR\u00cb\"}]},{\"@type\":\"WebSite\",\"@id\":\"https:\\\/\\\/kt.gov.rs\\\/#website\",\"url\":\"https:\\\/\\\/kt.gov.rs\\\/\",\"name\":\"\u041a\u043e\u043e\u0440\u0434\u0438\u043d\u0430\u0446\u0438\u043e\u043d\u043e \u0442\u0435\u043b\u043e \u0412\u043b\u0430\u0434\u0435 \u0420\u0435\u043f\u0443\u0431\u043b\u0438\u043a\u0435 \u0421\u0440\u0431\u0438\u0458\u0435 \u0437\u0430 \u043e\u043f\u0448\u0442\u0438\u043d\u0435 \u041f\u0440\u0435\u0448\u0435\u0432\u043e, \u0411\u0443\u0458\u0430\u043d\u043e\u0432\u0430\u0446 \u0438 \u041c\u0435\u0434\u0432\u0435\u0452a\",\"description\":\"\",\"publisher\":{\"@id\":\"https:\\\/\\\/kt.gov.rs\\\/#organization\"},\"alternateName\":\"\u041a\u043e\u043e\u0440\u0434\u0438\u043d\u0430\u0446\u0438\u043e\u043d\u043e \u0442\u0435\u043b\u043e\",\"potentialAction\":[{\"@type\":\"SearchAction\",\"target\":{\"@type\":\"EntryPoint\",\"urlTemplate\":\"https:\\\/\\\/kt.gov.rs\\\/?s={search_term_string}\"},\"query-input\":{\"@type\":\"PropertyValueSpecification\",\"valueRequired\":true,\"valueName\":\"search_term_string\"}}],\"inLanguage\":\"sq-AL\"},{\"@type\":\"Organization\",\"@id\":\"https:\\\/\\\/kt.gov.rs\\\/#organization\",\"name\":\"\u041a\u043e\u043e\u0440\u0434\u0438\u043d\u0430\u0446\u0438\u043e\u043d\u043e \u0442\u0435\u043b\u043e \u0412\u043b\u0430\u0434\u0435 \u0420\u0435\u043f\u0443\u0431\u043b\u0438\u043a\u0435 \u0421\u0440\u0431\u0438\u0458\u0435 \u0437\u0430 \u043e\u043f\u0448\u0442\u0438\u043d\u0435 \u041f\u0440\u0435\u0448\u0435\u0432\u043e, \u0411\u0443\u0458\u0430\u043d\u043e\u0432\u0430\u0446 \u0438 \u041c\u0435\u0434\u0432\u0435\u0452a\",\"alternateName\":\"\u041a\u043e\u043e\u0440\u0434\u0438\u043d\u0430\u0446\u0438\u043e\u043d\u043e \u0442\u0435\u043b\u043e\",\"url\":\"https:\\\/\\\/kt.gov.rs\\\/\",\"logo\":{\"@type\":\"ImageObject\",\"inLanguage\":\"sq-AL\",\"@id\":\"https:\\\/\\\/kt.gov.rs\\\/#\\\/schema\\\/logo\\\/image\\\/\",\"url\":\"https:\\\/\\\/kt.gov.rs\\\/wp-content\\\/uploads\\\/2024\\\/12\\\/koord2.jpg\",\"contentUrl\":\"https:\\\/\\\/kt.gov.rs\\\/wp-content\\\/uploads\\\/2024\\\/12\\\/koord2.jpg\",\"width\":640,\"height\":480,\"caption\":\"\u041a\u043e\u043e\u0440\u0434\u0438\u043d\u0430\u0446\u0438\u043e\u043d\u043e \u0442\u0435\u043b\u043e \u0412\u043b\u0430\u0434\u0435 \u0420\u0435\u043f\u0443\u0431\u043b\u0438\u043a\u0435 \u0421\u0440\u0431\u0438\u0458\u0435 \u0437\u0430 \u043e\u043f\u0448\u0442\u0438\u043d\u0435 \u041f\u0440\u0435\u0448\u0435\u0432\u043e, \u0411\u0443\u0458\u0430\u043d\u043e\u0432\u0430\u0446 \u0438 \u041c\u0435\u0434\u0432\u0435\u0452a\"},\"image\":{\"@id\":\"https:\\\/\\\/kt.gov.rs\\\/#\\\/schema\\\/logo\\\/image\\\/\"},\"sameAs\":[\"https:\\\/\\\/www.facebook.com\\\/SluzbaKoordinacionogTelaVladeRepublikeSrbije\",\"https:\\\/\\\/x.com\\\/kt_gov\",\"https:\\\/\\\/www.youtube.com\\\/@koordinacionotelo\"]},{\"@type\":\"Person\",\"@id\":\"https:\\\/\\\/kt.gov.rs\\\/#\\\/schema\\\/person\\\/e426459ddb4173309103390602694571\",\"name\":\"ktmin\",\"image\":{\"@type\":\"ImageObject\",\"inLanguage\":\"sq-AL\",\"@id\":\"https:\\\/\\\/secure.gravatar.com\\\/avatar\\\/3985c961109853010c3fbc7ba30365bfba5db3dd6c525831d9c595c7525a615a?s=96&d=mm&r=g\",\"url\":\"https:\\\/\\\/secure.gravatar.com\\\/avatar\\\/3985c961109853010c3fbc7ba30365bfba5db3dd6c525831d9c595c7525a615a?s=96&d=mm&r=g\",\"contentUrl\":\"https:\\\/\\\/secure.gravatar.com\\\/avatar\\\/3985c961109853010c3fbc7ba30365bfba5db3dd6c525831d9c595c7525a615a?s=96&d=mm&r=g\",\"caption\":\"ktmin\"},\"sameAs\":[\"https:\\\/\\\/kt.gov.rs\"],\"url\":\"https:\\\/\\\/kt.gov.rs\\\/sq\\\/author\\\/ktmin\\\/\"}]}<\/script>\n<!-- \/ Yoast SEO plugin. -->","yoast_head_json":{"title":"N\u00cb PRILL P\u00cbRT\u00cbRIRJA E PRODHIMIT N\u00cb MINIER\u00cbN LEQE - PUN\u00cb P\u00cbR 300 MINATOR\u00cb - Republika e S\u00ebrbis\u00eb Trupi Koordinues p\u00ebr komunat Bujanoc, Preshev\u00eb dhe Medvegj\u00eb","robots":{"index":"index","follow":"follow","max-snippet":"max-snippet:-1","max-image-preview":"max-image-preview:large","max-video-preview":"max-video-preview:-1"},"canonical":"https:\/\/kt.gov.rs\/sq\/ne-prill-perterirja-e-prodhimit-ne-minieren-leqe-pune-per-300-minatore\/","og_locale":"sq_AL","og_type":"article","og_title":"N\u00cb PRILL P\u00cbRT\u00cbRIRJA E PRODHIMIT N\u00cb MINIER\u00cbN LEQE - PUN\u00cb P\u00cbR 300 MINATOR\u00cb - Republika e S\u00ebrbis\u00eb Trupi Koordinues p\u00ebr komunat Bujanoc, Preshev\u00eb dhe Medvegj\u00eb","og_description":"MEDVEGJ\u00cb \u2013 N\u00eb konferenc\u00ebn p\u00ebr media t\u00eb mbajtur n\u00eb Medvegj\u00eb m\u00eb 21 janar\u00eb, Kryetari i Trupit Koordinues p\u00ebr komunat Preshev\u00eb, Bujanoc dhe Medvegj\u00eb, ministri Milan Markoviq, paralajm\u00ebroi hapjen e minier\u00ebs Leqe p\u00ebr muajin mars nd\u00ebrsa fillimi i Prodhimit dhe angazhimi i 300 minator\u00ebve do t\u00eb filloj\u00eb n\u00eb prill t\u00eb k\u00ebtij\u00eb viti. Ministri Markoviq theksoi se n\u00eb fillim t\u00eb mandatit t\u00eb tij\u00eb n\u00eb Trupin Koordinues, kur \u00ebsht\u00eb n\u00eb pyetje Medvegja, ka parashtruar dy q\u00ebllime, hapjen e paraleleve t\u00eb fakultetit n\u00eb t\u00eb dy gjuh\u00ebt si dhe hapjen e minier\u00ebs Leqe.","og_url":"https:\/\/kt.gov.rs\/sq\/ne-prill-perterirja-e-prodhimit-ne-minieren-leqe-pune-per-300-minatore\/","og_site_name":"Republika e S\u00ebrbis\u00eb Trupi Koordinues p\u00ebr komunat Bujanoc, Preshev\u00eb dhe Medvegj\u00eb","article_publisher":"https:\/\/www.facebook.com\/SluzbaKoordinacionogTelaVladeRepublikeSrbije","article_published_time":"2010-01-22T00:00:00+00:00","article_modified_time":"2024-07-30T20:23:39+00:00","og_image":[{"width":250,"height":166,"url":"https:\/\/kt.gov.rs\/wp-content\/uploads\/2024\/07\/pic080vesti-5.jpg","type":"image\/jpeg"}],"author":"ktmin","twitter_card":"summary_large_image","twitter_creator":"@kt_gov","twitter_site":"@kt_gov","twitter_misc":{"Written by":"ktmin","Est. reading time":"2 minutes"},"schema":{"@context":"https:\/\/schema.org","@graph":[{"@type":"Article","@id":"https:\/\/kt.gov.rs\/sq\/ne-prill-perterirja-e-prodhimit-ne-minieren-leqe-pune-per-300-minatore\/#article","isPartOf":{"@id":"https:\/\/kt.gov.rs\/sq\/ne-prill-perterirja-e-prodhimit-ne-minieren-leqe-pune-per-300-minatore\/"},"author":{"name":"ktmin","@id":"https:\/\/kt.gov.rs\/#\/schema\/person\/e426459ddb4173309103390602694571"},"headline":"N\u00cb PRILL P\u00cbRT\u00cbRIRJA E PRODHIMIT N\u00cb MINIER\u00cbN LEQE \u2013 PUN\u00cb P\u00cbR 300 MINATOR\u00cb","datePublished":"2010-01-22T00:00:00+00:00","dateModified":"2024-07-30T20:23:39+00:00","mainEntityOfPage":{"@id":"https:\/\/kt.gov.rs\/sq\/ne-prill-perterirja-e-prodhimit-ne-minieren-leqe-pune-per-300-minatore\/"},"wordCount":501,"publisher":{"@id":"https:\/\/kt.gov.rs\/#organization"},"image":{"@id":"https:\/\/kt.gov.rs\/sq\/ne-prill-perterirja-e-prodhimit-ne-minieren-leqe-pune-per-300-minatore\/#primaryimage"},"thumbnailUrl":"https:\/\/kt.gov.rs\/wp-content\/uploads\/2024\/07\/pic080vesti-5.jpg","articleSection":["Lajme"],"inLanguage":"sq-AL"},{"@type":"WebPage","@id":"https:\/\/kt.gov.rs\/sq\/ne-prill-perterirja-e-prodhimit-ne-minieren-leqe-pune-per-300-minatore\/","url":"https:\/\/kt.gov.rs\/sq\/ne-prill-perterirja-e-prodhimit-ne-minieren-leqe-pune-per-300-minatore\/","name":"N\u00cb PRILL P\u00cbRT\u00cbRIRJA E PRODHIMIT N\u00cb MINIER\u00cbN LEQE - PUN\u00cb P\u00cbR 300 MINATOR\u00cb - Republika e S\u00ebrbis\u00eb Trupi Koordinues p\u00ebr komunat Bujanoc, Preshev\u00eb dhe Medvegj\u00eb","isPartOf":{"@id":"https:\/\/kt.gov.rs\/#website"},"primaryImageOfPage":{"@id":"https:\/\/kt.gov.rs\/sq\/ne-prill-perterirja-e-prodhimit-ne-minieren-leqe-pune-per-300-minatore\/#primaryimage"},"image":{"@id":"https:\/\/kt.gov.rs\/sq\/ne-prill-perterirja-e-prodhimit-ne-minieren-leqe-pune-per-300-minatore\/#primaryimage"},"thumbnailUrl":"https:\/\/kt.gov.rs\/wp-content\/uploads\/2024\/07\/pic080vesti-5.jpg","datePublished":"2010-01-22T00:00:00+00:00","dateModified":"2024-07-30T20:23:39+00:00","breadcrumb":{"@id":"https:\/\/kt.gov.rs\/sq\/ne-prill-perterirja-e-prodhimit-ne-minieren-leqe-pune-per-300-minatore\/#breadcrumb"},"inLanguage":"sq-AL","potentialAction":[{"@type":"ReadAction","target":["https:\/\/kt.gov.rs\/sq\/ne-prill-perterirja-e-prodhimit-ne-minieren-leqe-pune-per-300-minatore\/"]}]},{"@type":"ImageObject","inLanguage":"sq-AL","@id":"https:\/\/kt.gov.rs\/sq\/ne-prill-perterirja-e-prodhimit-ne-minieren-leqe-pune-per-300-minatore\/#primaryimage","url":"https:\/\/kt.gov.rs\/wp-content\/uploads\/2024\/07\/pic080vesti-5.jpg","contentUrl":"https:\/\/kt.gov.rs\/wp-content\/uploads\/2024\/07\/pic080vesti-5.jpg","width":250,"height":166},{"@type":"BreadcrumbList","@id":"https:\/\/kt.gov.rs\/sq\/ne-prill-perterirja-e-prodhimit-ne-minieren-leqe-pune-per-300-minatore\/#breadcrumb","itemListElement":[{"@type":"ListItem","position":1,"name":"\u041f\u043e\u0447\u0435\u0442\u043d\u0430","item":"https:\/\/kt.gov.rs\/sq\/"},{"@type":"ListItem","position":2,"name":"N\u00cb PRILL P\u00cbRT\u00cbRIRJA E PRODHIMIT N\u00cb MINIER\u00cbN LEQE \u2013 PUN\u00cb P\u00cbR 300 MINATOR\u00cb"}]},{"@type":"WebSite","@id":"https:\/\/kt.gov.rs\/#website","url":"https:\/\/kt.gov.rs\/","name":"\u041a\u043e\u043e\u0440\u0434\u0438\u043d\u0430\u0446\u0438\u043e\u043d\u043e \u0442\u0435\u043b\u043e \u0412\u043b\u0430\u0434\u0435 \u0420\u0435\u043f\u0443\u0431\u043b\u0438\u043a\u0435 \u0421\u0440\u0431\u0438\u0458\u0435 \u0437\u0430 \u043e\u043f\u0448\u0442\u0438\u043d\u0435 \u041f\u0440\u0435\u0448\u0435\u0432\u043e, \u0411\u0443\u0458\u0430\u043d\u043e\u0432\u0430\u0446 \u0438 \u041c\u0435\u0434\u0432\u0435\u0452a","description":"","publisher":{"@id":"https:\/\/kt.gov.rs\/#organization"},"alternateName":"\u041a\u043e\u043e\u0440\u0434\u0438\u043d\u0430\u0446\u0438\u043e\u043d\u043e \u0442\u0435\u043b\u043e","potentialAction":[{"@type":"SearchAction","target":{"@type":"EntryPoint","urlTemplate":"https:\/\/kt.gov.rs\/?s={search_term_string}"},"query-input":{"@type":"PropertyValueSpecification","valueRequired":true,"valueName":"search_term_string"}}],"inLanguage":"sq-AL"},{"@type":"Organization","@id":"https:\/\/kt.gov.rs\/#organization","name":"\u041a\u043e\u043e\u0440\u0434\u0438\u043d\u0430\u0446\u0438\u043e\u043d\u043e \u0442\u0435\u043b\u043e \u0412\u043b\u0430\u0434\u0435 \u0420\u0435\u043f\u0443\u0431\u043b\u0438\u043a\u0435 \u0421\u0440\u0431\u0438\u0458\u0435 \u0437\u0430 \u043e\u043f\u0448\u0442\u0438\u043d\u0435 \u041f\u0440\u0435\u0448\u0435\u0432\u043e, \u0411\u0443\u0458\u0430\u043d\u043e\u0432\u0430\u0446 \u0438 \u041c\u0435\u0434\u0432\u0435\u0452a","alternateName":"\u041a\u043e\u043e\u0440\u0434\u0438\u043d\u0430\u0446\u0438\u043e\u043d\u043e \u0442\u0435\u043b\u043e","url":"https:\/\/kt.gov.rs\/","logo":{"@type":"ImageObject","inLanguage":"sq-AL","@id":"https:\/\/kt.gov.rs\/#\/schema\/logo\/image\/","url":"https:\/\/kt.gov.rs\/wp-content\/uploads\/2024\/12\/koord2.jpg","contentUrl":"https:\/\/kt.gov.rs\/wp-content\/uploads\/2024\/12\/koord2.jpg","width":640,"height":480,"caption":"\u041a\u043e\u043e\u0440\u0434\u0438\u043d\u0430\u0446\u0438\u043e\u043d\u043e \u0442\u0435\u043b\u043e \u0412\u043b\u0430\u0434\u0435 \u0420\u0435\u043f\u0443\u0431\u043b\u0438\u043a\u0435 \u0421\u0440\u0431\u0438\u0458\u0435 \u0437\u0430 \u043e\u043f\u0448\u0442\u0438\u043d\u0435 \u041f\u0440\u0435\u0448\u0435\u0432\u043e, \u0411\u0443\u0458\u0430\u043d\u043e\u0432\u0430\u0446 \u0438 \u041c\u0435\u0434\u0432\u0435\u0452a"},"image":{"@id":"https:\/\/kt.gov.rs\/#\/schema\/logo\/image\/"},"sameAs":["https:\/\/www.facebook.com\/SluzbaKoordinacionogTelaVladeRepublikeSrbije","https:\/\/x.com\/kt_gov","https:\/\/www.youtube.com\/@koordinacionotelo"]},{"@type":"Person","@id":"https:\/\/kt.gov.rs\/#\/schema\/person\/e426459ddb4173309103390602694571","name":"ktmin","image":{"@type":"ImageObject","inLanguage":"sq-AL","@id":"https:\/\/secure.gravatar.com\/avatar\/3985c961109853010c3fbc7ba30365bfba5db3dd6c525831d9c595c7525a615a?s=96&d=mm&r=g","url":"https:\/\/secure.gravatar.com\/avatar\/3985c961109853010c3fbc7ba30365bfba5db3dd6c525831d9c595c7525a615a?s=96&d=mm&r=g","contentUrl":"https:\/\/secure.gravatar.com\/avatar\/3985c961109853010c3fbc7ba30365bfba5db3dd6c525831d9c595c7525a615a?s=96&d=mm&r=g","caption":"ktmin"},"sameAs":["https:\/\/kt.gov.rs"],"url":"https:\/\/kt.gov.rs\/sq\/author\/ktmin\/"}]}},"_links":{"self":[{"href":"https:\/\/kt.gov.rs\/sq\/wp-json\/wp\/v2\/posts\/143101","targetHints":{"allow":["GET"]}}],"collection":[{"href":"https:\/\/kt.gov.rs\/sq\/wp-json\/wp\/v2\/posts"}],"about":[{"href":"https:\/\/kt.gov.rs\/sq\/wp-json\/wp\/v2\/types\/post"}],"author":[{"embeddable":true,"href":"https:\/\/kt.gov.rs\/sq\/wp-json\/wp\/v2\/users\/1"}],"replies":[{"embeddable":true,"href":"https:\/\/kt.gov.rs\/sq\/wp-json\/wp\/v2\/comments?post=143101"}],"version-history":[{"count":1,"href":"https:\/\/kt.gov.rs\/sq\/wp-json\/wp\/v2\/posts\/143101\/revisions"}],"predecessor-version":[{"id":143105,"href":"https:\/\/kt.gov.rs\/sq\/wp-json\/wp\/v2\/posts\/143101\/revisions\/143105"}],"wp:featuredmedia":[{"embeddable":true,"href":"https:\/\/kt.gov.rs\/sq\/wp-json\/wp\/v2\/media\/143106"}],"wp:attachment":[{"href":"https:\/\/kt.gov.rs\/sq\/wp-json\/wp\/v2\/media?parent=143101"}],"wp:term":[{"taxonomy":"category","embeddable":true,"href":"https:\/\/kt.gov.rs\/sq\/wp-json\/wp\/v2\/categories?post=143101"},{"taxonomy":"post_tag","embeddable":true,"href":"https:\/\/kt.gov.rs\/sq\/wp-json\/wp\/v2\/tags?post=143101"}],"curies":[{"name":"wp","href":"https:\/\/api.w.org\/{rel}","templated":true}]}}