{"id":143054,"date":"2010-02-08T00:00:00","date_gmt":"2010-02-08T00:00:00","guid":{"rendered":"http:\/\/kt.printandscreen.rs\/te-rinjet-shqipetare-serbe-dhe-rome-se-bashku-ne-ligjerata-ne-bujanoc\/"},"modified":"2024-07-30T20:23:30","modified_gmt":"2024-07-30T20:23:30","slug":"te-rinjet-shqipetare-serbe-dhe-rome-se-bashku-ne-ligjerata-ne-bujanoc","status":"publish","type":"post","link":"https:\/\/kt.gov.rs\/sq\/te-rinjet-shqipetare-serbe-dhe-rome-se-bashku-ne-ligjerata-ne-bujanoc\/","title":{"rendered":"T\u00cb RINJ\u00cbT SHQIP\u00cbTAR\u00cb, SERB\u00cb DHE ROM\u00cb S\u00cb BASHKU N\u00cb LIGJ\u00cbRATA N\u00cb BUJANOC"},"content":{"rendered":"<p><img decoding=\"async\" align=\"left\" alt=\"\" src=\"https:\/\/kt.gov.rs\/wp-content\/uploads\/2024\/07\/pic092vesti-4.jpg\" \/>T\u00eb shtun\u00ebn m\u00eb 6 shkurt\u00eb, Qendra Resursi civil n\u00eb Bujanoc, n\u00eb suaza t\u00eb projektit ,,T\u00eb rinj\u00ebt p\u00ebr t\u00eb rinj\u00ebt\u201d i cili finansohet nga Trupi Koordinues p\u00ebr komunat Preshev\u00eb, Bujanoc dhe Medvegj\u00eb, kan\u00eb organizuar dy ligj\u00ebrata. Ligj\u00ebrata e par\u00eb u \u00ebsht\u00eb kushtuar volonterizmit\u00a0 nd\u00ebrsa ligj\u00ebrata e dyt\u00eb d\u00ebmit t\u00eb duhanit.<\/p>\n<p>N\u00eb bised\u00eb me psikologen Jelena Iliqin nga Bujanoci kan\u00eb marr\u00eb pjes\u00eb 22 nx\u00ebn\u00ebs dhe ate 11 meshkuj dhe 11 femra t\u00eb shkollave t\u00eb mesme, fillore dhe student\u00eb nga kjo komun\u00eb. N\u00eb k\u00ebt\u00eb ligj\u00ebrat\u00eb kan\u00eb qen\u00eb t\u00eb pranish\u00ebm Shqip\u00ebtar\u00eb, Serb\u00eb dhe Rom\u00eb. N\u00eb fund\u00eb t\u00eb k\u00ebsaj\u00eb ligj\u00ebrate nuk e kan\u00eb fshehur k\u00ebnaq\u00ebsin\u00eb e tyre p\u00ebr organizimin e k\u00ebsaj pun\u00ebtorie dhe mund\u00ebsie p\u00ebr t\u2019u shoq\u00ebruar, duke shk\u00ebmbyer mendimet dhe kontaktet p\u00ebr komunikim dhe shoq\u00ebrim m\u00eb t\u00eb tutjesh\u00ebm.<\/p>\n<p>Qendra p\u00ebr resurse civile organizoi vizit\u00ebn kryesisht t\u00eb nx\u00ebn\u00ebsve t\u00eb shkollave t\u00eb mesme administrat\u00ebs komunale n\u00eb Preshev\u00eb. Q\u00ebllimi i vizit\u00ebs ka qen\u00eb q\u00eb t\u00eb rinj\u00ebt t\u00eb njoftohen n\u00eb qfar m\u00ebnyre fungsionojn\u00eb sh\u00ebrbimet e pushtetit lokal. Koordinatorja e qendr\u00ebs p\u00ebr resurse Civile Adrijana Berisha paralajm\u00ebroi hapjen e klubit p\u00ebr t\u00eb rinj\u00eb n\u00eb Preshev\u00eb.<\/p>\n","protected":false},"excerpt":{"rendered":"<p>T\u00eb shtun\u00ebn m\u00eb 6 shkurt\u00eb, Qendra Resursi civil n\u00eb Bujanoc, n\u00eb suaza t\u00eb projektit ,,T\u00eb rinj\u00ebt p\u00ebr t\u00eb rinj\u00ebt\u201d i cili finansohet nga Trupi Koordinues p\u00ebr komunat Preshev\u00eb, Bujanoc dhe Medvegj\u00eb, kan\u00eb organizuar dy ligj\u00ebrata. Ligj\u00ebrata e par\u00eb u \u00ebsht\u00eb kushtuar volonterizmit\u00a0 nd\u00ebrsa ligj\u00ebrata e dyt\u00eb d\u00ebmit t\u00eb duhanit.<\/p>\n","protected":false},"author":1,"featured_media":143059,"comment_status":"closed","ping_status":"closed","sticky":false,"template":"","format":"standard","meta":{"footnotes":""},"categories":[55],"tags":[],"class_list":["post-143054","post","type-post","status-publish","format-standard","has-post-thumbnail","hentry","category-lajme"],"yoast_head":"<!-- This site is optimized with the Yoast SEO plugin v27.4 - https:\/\/yoast.com\/product\/yoast-seo-wordpress\/ -->\n<title>T\u00cb RINJ\u00cbT SHQIP\u00cbTAR\u00cb, SERB\u00cb DHE ROM\u00cb S\u00cb BASHKU N\u00cb LIGJ\u00cbRATA N\u00cb BUJANOC - Republika e S\u00ebrbis\u00eb Trupi Koordinues p\u00ebr komunat Bujanoc, Preshev\u00eb dhe Medvegj\u00eb<\/title>\n<meta name=\"robots\" content=\"index, follow, max-snippet:-1, max-image-preview:large, max-video-preview:-1\" \/>\n<link rel=\"canonical\" href=\"https:\/\/kt.gov.rs\/sq\/te-rinjet-shqipetare-serbe-dhe-rome-se-bashku-ne-ligjerata-ne-bujanoc\/\" \/>\n<meta property=\"og:locale\" content=\"sq_AL\" \/>\n<meta property=\"og:type\" content=\"article\" \/>\n<meta property=\"og:title\" content=\"T\u00cb RINJ\u00cbT SHQIP\u00cbTAR\u00cb, SERB\u00cb DHE ROM\u00cb S\u00cb BASHKU N\u00cb LIGJ\u00cbRATA N\u00cb BUJANOC - Republika e S\u00ebrbis\u00eb Trupi Koordinues p\u00ebr komunat Bujanoc, Preshev\u00eb dhe Medvegj\u00eb\" \/>\n<meta property=\"og:description\" content=\"T\u00eb shtun\u00ebn m\u00eb 6 shkurt\u00eb, Qendra Resursi civil n\u00eb Bujanoc, n\u00eb suaza t\u00eb projektit ,,T\u00eb rinj\u00ebt p\u00ebr t\u00eb rinj\u00ebt\u201d i cili finansohet nga Trupi Koordinues p\u00ebr komunat Preshev\u00eb, Bujanoc dhe Medvegj\u00eb, kan\u00eb organizuar dy ligj\u00ebrata. Ligj\u00ebrata e par\u00eb u \u00ebsht\u00eb kushtuar volonterizmit\u00a0 nd\u00ebrsa ligj\u00ebrata e dyt\u00eb d\u00ebmit t\u00eb duhanit.\" \/>\n<meta property=\"og:url\" content=\"https:\/\/kt.gov.rs\/sq\/te-rinjet-shqipetare-serbe-dhe-rome-se-bashku-ne-ligjerata-ne-bujanoc\/\" \/>\n<meta property=\"og:site_name\" content=\"Republika e S\u00ebrbis\u00eb Trupi Koordinues p\u00ebr komunat Bujanoc, Preshev\u00eb dhe Medvegj\u00eb\" \/>\n<meta property=\"article:publisher\" content=\"https:\/\/www.facebook.com\/SluzbaKoordinacionogTelaVladeRepublikeSrbije\" \/>\n<meta property=\"article:published_time\" content=\"2010-02-08T00:00:00+00:00\" \/>\n<meta property=\"article:modified_time\" content=\"2024-07-30T20:23:30+00:00\" \/>\n<meta property=\"og:image\" content=\"https:\/\/kt.gov.rs\/wp-content\/uploads\/2024\/07\/pic092vesti-5.jpg\" \/>\n\t<meta property=\"og:image:width\" content=\"250\" \/>\n\t<meta property=\"og:image:height\" content=\"166\" \/>\n\t<meta property=\"og:image:type\" content=\"image\/jpeg\" \/>\n<meta name=\"author\" content=\"ktmin\" \/>\n<meta name=\"twitter:card\" content=\"summary_large_image\" \/>\n<meta name=\"twitter:creator\" content=\"@kt_gov\" \/>\n<meta name=\"twitter:site\" content=\"@kt_gov\" \/>\n<meta name=\"twitter:label1\" content=\"Written by\" \/>\n\t<meta name=\"twitter:data1\" content=\"ktmin\" \/>\n\t<meta name=\"twitter:label2\" content=\"Est. reading time\" \/>\n\t<meta name=\"twitter:data2\" content=\"1 minute\" \/>\n<script type=\"application\/ld+json\" class=\"yoast-schema-graph\">{\"@context\":\"https:\\\/\\\/schema.org\",\"@graph\":[{\"@type\":\"Article\",\"@id\":\"https:\\\/\\\/kt.gov.rs\\\/sq\\\/te-rinjet-shqipetare-serbe-dhe-rome-se-bashku-ne-ligjerata-ne-bujanoc\\\/#article\",\"isPartOf\":{\"@id\":\"https:\\\/\\\/kt.gov.rs\\\/sq\\\/te-rinjet-shqipetare-serbe-dhe-rome-se-bashku-ne-ligjerata-ne-bujanoc\\\/\"},\"author\":{\"name\":\"ktmin\",\"@id\":\"https:\\\/\\\/kt.gov.rs\\\/#\\\/schema\\\/person\\\/e426459ddb4173309103390602694571\"},\"headline\":\"T\u00cb RINJ\u00cbT SHQIP\u00cbTAR\u00cb, SERB\u00cb DHE ROM\u00cb S\u00cb BASHKU N\u00cb LIGJ\u00cbRATA N\u00cb BUJANOC\",\"datePublished\":\"2010-02-08T00:00:00+00:00\",\"dateModified\":\"2024-07-30T20:23:30+00:00\",\"mainEntityOfPage\":{\"@id\":\"https:\\\/\\\/kt.gov.rs\\\/sq\\\/te-rinjet-shqipetare-serbe-dhe-rome-se-bashku-ne-ligjerata-ne-bujanoc\\\/\"},\"wordCount\":235,\"publisher\":{\"@id\":\"https:\\\/\\\/kt.gov.rs\\\/#organization\"},\"image\":{\"@id\":\"https:\\\/\\\/kt.gov.rs\\\/sq\\\/te-rinjet-shqipetare-serbe-dhe-rome-se-bashku-ne-ligjerata-ne-bujanoc\\\/#primaryimage\"},\"thumbnailUrl\":\"https:\\\/\\\/kt.gov.rs\\\/wp-content\\\/uploads\\\/2024\\\/07\\\/pic092vesti-5.jpg\",\"articleSection\":[\"Lajme\"],\"inLanguage\":\"sq-AL\"},{\"@type\":\"WebPage\",\"@id\":\"https:\\\/\\\/kt.gov.rs\\\/sq\\\/te-rinjet-shqipetare-serbe-dhe-rome-se-bashku-ne-ligjerata-ne-bujanoc\\\/\",\"url\":\"https:\\\/\\\/kt.gov.rs\\\/sq\\\/te-rinjet-shqipetare-serbe-dhe-rome-se-bashku-ne-ligjerata-ne-bujanoc\\\/\",\"name\":\"T\u00cb RINJ\u00cbT SHQIP\u00cbTAR\u00cb, SERB\u00cb DHE ROM\u00cb S\u00cb BASHKU N\u00cb LIGJ\u00cbRATA N\u00cb BUJANOC - Republika e S\u00ebrbis\u00eb Trupi Koordinues p\u00ebr komunat Bujanoc, Preshev\u00eb dhe Medvegj\u00eb\",\"isPartOf\":{\"@id\":\"https:\\\/\\\/kt.gov.rs\\\/#website\"},\"primaryImageOfPage\":{\"@id\":\"https:\\\/\\\/kt.gov.rs\\\/sq\\\/te-rinjet-shqipetare-serbe-dhe-rome-se-bashku-ne-ligjerata-ne-bujanoc\\\/#primaryimage\"},\"image\":{\"@id\":\"https:\\\/\\\/kt.gov.rs\\\/sq\\\/te-rinjet-shqipetare-serbe-dhe-rome-se-bashku-ne-ligjerata-ne-bujanoc\\\/#primaryimage\"},\"thumbnailUrl\":\"https:\\\/\\\/kt.gov.rs\\\/wp-content\\\/uploads\\\/2024\\\/07\\\/pic092vesti-5.jpg\",\"datePublished\":\"2010-02-08T00:00:00+00:00\",\"dateModified\":\"2024-07-30T20:23:30+00:00\",\"breadcrumb\":{\"@id\":\"https:\\\/\\\/kt.gov.rs\\\/sq\\\/te-rinjet-shqipetare-serbe-dhe-rome-se-bashku-ne-ligjerata-ne-bujanoc\\\/#breadcrumb\"},\"inLanguage\":\"sq-AL\",\"potentialAction\":[{\"@type\":\"ReadAction\",\"target\":[\"https:\\\/\\\/kt.gov.rs\\\/sq\\\/te-rinjet-shqipetare-serbe-dhe-rome-se-bashku-ne-ligjerata-ne-bujanoc\\\/\"]}]},{\"@type\":\"ImageObject\",\"inLanguage\":\"sq-AL\",\"@id\":\"https:\\\/\\\/kt.gov.rs\\\/sq\\\/te-rinjet-shqipetare-serbe-dhe-rome-se-bashku-ne-ligjerata-ne-bujanoc\\\/#primaryimage\",\"url\":\"https:\\\/\\\/kt.gov.rs\\\/wp-content\\\/uploads\\\/2024\\\/07\\\/pic092vesti-5.jpg\",\"contentUrl\":\"https:\\\/\\\/kt.gov.rs\\\/wp-content\\\/uploads\\\/2024\\\/07\\\/pic092vesti-5.jpg\",\"width\":250,\"height\":166},{\"@type\":\"BreadcrumbList\",\"@id\":\"https:\\\/\\\/kt.gov.rs\\\/sq\\\/te-rinjet-shqipetare-serbe-dhe-rome-se-bashku-ne-ligjerata-ne-bujanoc\\\/#breadcrumb\",\"itemListElement\":[{\"@type\":\"ListItem\",\"position\":1,\"name\":\"\u041f\u043e\u0447\u0435\u0442\u043d\u0430\",\"item\":\"https:\\\/\\\/kt.gov.rs\\\/sq\\\/\"},{\"@type\":\"ListItem\",\"position\":2,\"name\":\"T\u00cb RINJ\u00cbT SHQIP\u00cbTAR\u00cb, SERB\u00cb DHE ROM\u00cb S\u00cb BASHKU N\u00cb LIGJ\u00cbRATA N\u00cb BUJANOC\"}]},{\"@type\":\"WebSite\",\"@id\":\"https:\\\/\\\/kt.gov.rs\\\/#website\",\"url\":\"https:\\\/\\\/kt.gov.rs\\\/\",\"name\":\"\u041a\u043e\u043e\u0440\u0434\u0438\u043d\u0430\u0446\u0438\u043e\u043d\u043e \u0442\u0435\u043b\u043e \u0412\u043b\u0430\u0434\u0435 \u0420\u0435\u043f\u0443\u0431\u043b\u0438\u043a\u0435 \u0421\u0440\u0431\u0438\u0458\u0435 \u0437\u0430 \u043e\u043f\u0448\u0442\u0438\u043d\u0435 \u041f\u0440\u0435\u0448\u0435\u0432\u043e, \u0411\u0443\u0458\u0430\u043d\u043e\u0432\u0430\u0446 \u0438 \u041c\u0435\u0434\u0432\u0435\u0452a\",\"description\":\"\",\"publisher\":{\"@id\":\"https:\\\/\\\/kt.gov.rs\\\/#organization\"},\"alternateName\":\"\u041a\u043e\u043e\u0440\u0434\u0438\u043d\u0430\u0446\u0438\u043e\u043d\u043e \u0442\u0435\u043b\u043e\",\"potentialAction\":[{\"@type\":\"SearchAction\",\"target\":{\"@type\":\"EntryPoint\",\"urlTemplate\":\"https:\\\/\\\/kt.gov.rs\\\/?s={search_term_string}\"},\"query-input\":{\"@type\":\"PropertyValueSpecification\",\"valueRequired\":true,\"valueName\":\"search_term_string\"}}],\"inLanguage\":\"sq-AL\"},{\"@type\":\"Organization\",\"@id\":\"https:\\\/\\\/kt.gov.rs\\\/#organization\",\"name\":\"\u041a\u043e\u043e\u0440\u0434\u0438\u043d\u0430\u0446\u0438\u043e\u043d\u043e \u0442\u0435\u043b\u043e \u0412\u043b\u0430\u0434\u0435 \u0420\u0435\u043f\u0443\u0431\u043b\u0438\u043a\u0435 \u0421\u0440\u0431\u0438\u0458\u0435 \u0437\u0430 \u043e\u043f\u0448\u0442\u0438\u043d\u0435 \u041f\u0440\u0435\u0448\u0435\u0432\u043e, \u0411\u0443\u0458\u0430\u043d\u043e\u0432\u0430\u0446 \u0438 \u041c\u0435\u0434\u0432\u0435\u0452a\",\"alternateName\":\"\u041a\u043e\u043e\u0440\u0434\u0438\u043d\u0430\u0446\u0438\u043e\u043d\u043e \u0442\u0435\u043b\u043e\",\"url\":\"https:\\\/\\\/kt.gov.rs\\\/\",\"logo\":{\"@type\":\"ImageObject\",\"inLanguage\":\"sq-AL\",\"@id\":\"https:\\\/\\\/kt.gov.rs\\\/#\\\/schema\\\/logo\\\/image\\\/\",\"url\":\"https:\\\/\\\/kt.gov.rs\\\/wp-content\\\/uploads\\\/2024\\\/12\\\/koord2.jpg\",\"contentUrl\":\"https:\\\/\\\/kt.gov.rs\\\/wp-content\\\/uploads\\\/2024\\\/12\\\/koord2.jpg\",\"width\":640,\"height\":480,\"caption\":\"\u041a\u043e\u043e\u0440\u0434\u0438\u043d\u0430\u0446\u0438\u043e\u043d\u043e \u0442\u0435\u043b\u043e \u0412\u043b\u0430\u0434\u0435 \u0420\u0435\u043f\u0443\u0431\u043b\u0438\u043a\u0435 \u0421\u0440\u0431\u0438\u0458\u0435 \u0437\u0430 \u043e\u043f\u0448\u0442\u0438\u043d\u0435 \u041f\u0440\u0435\u0448\u0435\u0432\u043e, \u0411\u0443\u0458\u0430\u043d\u043e\u0432\u0430\u0446 \u0438 \u041c\u0435\u0434\u0432\u0435\u0452a\"},\"image\":{\"@id\":\"https:\\\/\\\/kt.gov.rs\\\/#\\\/schema\\\/logo\\\/image\\\/\"},\"sameAs\":[\"https:\\\/\\\/www.facebook.com\\\/SluzbaKoordinacionogTelaVladeRepublikeSrbije\",\"https:\\\/\\\/x.com\\\/kt_gov\",\"https:\\\/\\\/www.youtube.com\\\/@koordinacionotelo\"]},{\"@type\":\"Person\",\"@id\":\"https:\\\/\\\/kt.gov.rs\\\/#\\\/schema\\\/person\\\/e426459ddb4173309103390602694571\",\"name\":\"ktmin\",\"image\":{\"@type\":\"ImageObject\",\"inLanguage\":\"sq-AL\",\"@id\":\"https:\\\/\\\/secure.gravatar.com\\\/avatar\\\/3985c961109853010c3fbc7ba30365bfba5db3dd6c525831d9c595c7525a615a?s=96&d=mm&r=g\",\"url\":\"https:\\\/\\\/secure.gravatar.com\\\/avatar\\\/3985c961109853010c3fbc7ba30365bfba5db3dd6c525831d9c595c7525a615a?s=96&d=mm&r=g\",\"contentUrl\":\"https:\\\/\\\/secure.gravatar.com\\\/avatar\\\/3985c961109853010c3fbc7ba30365bfba5db3dd6c525831d9c595c7525a615a?s=96&d=mm&r=g\",\"caption\":\"ktmin\"},\"sameAs\":[\"https:\\\/\\\/kt.gov.rs\"],\"url\":\"https:\\\/\\\/kt.gov.rs\\\/sq\\\/author\\\/ktmin\\\/\"}]}<\/script>\n<!-- \/ Yoast SEO plugin. -->","yoast_head_json":{"title":"T\u00cb RINJ\u00cbT SHQIP\u00cbTAR\u00cb, SERB\u00cb DHE ROM\u00cb S\u00cb BASHKU N\u00cb LIGJ\u00cbRATA N\u00cb BUJANOC - Republika e S\u00ebrbis\u00eb Trupi Koordinues p\u00ebr komunat Bujanoc, Preshev\u00eb dhe Medvegj\u00eb","robots":{"index":"index","follow":"follow","max-snippet":"max-snippet:-1","max-image-preview":"max-image-preview:large","max-video-preview":"max-video-preview:-1"},"canonical":"https:\/\/kt.gov.rs\/sq\/te-rinjet-shqipetare-serbe-dhe-rome-se-bashku-ne-ligjerata-ne-bujanoc\/","og_locale":"sq_AL","og_type":"article","og_title":"T\u00cb RINJ\u00cbT SHQIP\u00cbTAR\u00cb, SERB\u00cb DHE ROM\u00cb S\u00cb BASHKU N\u00cb LIGJ\u00cbRATA N\u00cb BUJANOC - Republika e S\u00ebrbis\u00eb Trupi Koordinues p\u00ebr komunat Bujanoc, Preshev\u00eb dhe Medvegj\u00eb","og_description":"T\u00eb shtun\u00ebn m\u00eb 6 shkurt\u00eb, Qendra Resursi civil n\u00eb Bujanoc, n\u00eb suaza t\u00eb projektit ,,T\u00eb rinj\u00ebt p\u00ebr t\u00eb rinj\u00ebt\u201d i cili finansohet nga Trupi Koordinues p\u00ebr komunat Preshev\u00eb, Bujanoc dhe Medvegj\u00eb, kan\u00eb organizuar dy ligj\u00ebrata. Ligj\u00ebrata e par\u00eb u \u00ebsht\u00eb kushtuar volonterizmit\u00a0 nd\u00ebrsa ligj\u00ebrata e dyt\u00eb d\u00ebmit t\u00eb duhanit.","og_url":"https:\/\/kt.gov.rs\/sq\/te-rinjet-shqipetare-serbe-dhe-rome-se-bashku-ne-ligjerata-ne-bujanoc\/","og_site_name":"Republika e S\u00ebrbis\u00eb Trupi Koordinues p\u00ebr komunat Bujanoc, Preshev\u00eb dhe Medvegj\u00eb","article_publisher":"https:\/\/www.facebook.com\/SluzbaKoordinacionogTelaVladeRepublikeSrbije","article_published_time":"2010-02-08T00:00:00+00:00","article_modified_time":"2024-07-30T20:23:30+00:00","og_image":[{"width":250,"height":166,"url":"https:\/\/kt.gov.rs\/wp-content\/uploads\/2024\/07\/pic092vesti-5.jpg","type":"image\/jpeg"}],"author":"ktmin","twitter_card":"summary_large_image","twitter_creator":"@kt_gov","twitter_site":"@kt_gov","twitter_misc":{"Written by":"ktmin","Est. reading time":"1 minute"},"schema":{"@context":"https:\/\/schema.org","@graph":[{"@type":"Article","@id":"https:\/\/kt.gov.rs\/sq\/te-rinjet-shqipetare-serbe-dhe-rome-se-bashku-ne-ligjerata-ne-bujanoc\/#article","isPartOf":{"@id":"https:\/\/kt.gov.rs\/sq\/te-rinjet-shqipetare-serbe-dhe-rome-se-bashku-ne-ligjerata-ne-bujanoc\/"},"author":{"name":"ktmin","@id":"https:\/\/kt.gov.rs\/#\/schema\/person\/e426459ddb4173309103390602694571"},"headline":"T\u00cb RINJ\u00cbT SHQIP\u00cbTAR\u00cb, SERB\u00cb DHE ROM\u00cb S\u00cb BASHKU N\u00cb LIGJ\u00cbRATA N\u00cb BUJANOC","datePublished":"2010-02-08T00:00:00+00:00","dateModified":"2024-07-30T20:23:30+00:00","mainEntityOfPage":{"@id":"https:\/\/kt.gov.rs\/sq\/te-rinjet-shqipetare-serbe-dhe-rome-se-bashku-ne-ligjerata-ne-bujanoc\/"},"wordCount":235,"publisher":{"@id":"https:\/\/kt.gov.rs\/#organization"},"image":{"@id":"https:\/\/kt.gov.rs\/sq\/te-rinjet-shqipetare-serbe-dhe-rome-se-bashku-ne-ligjerata-ne-bujanoc\/#primaryimage"},"thumbnailUrl":"https:\/\/kt.gov.rs\/wp-content\/uploads\/2024\/07\/pic092vesti-5.jpg","articleSection":["Lajme"],"inLanguage":"sq-AL"},{"@type":"WebPage","@id":"https:\/\/kt.gov.rs\/sq\/te-rinjet-shqipetare-serbe-dhe-rome-se-bashku-ne-ligjerata-ne-bujanoc\/","url":"https:\/\/kt.gov.rs\/sq\/te-rinjet-shqipetare-serbe-dhe-rome-se-bashku-ne-ligjerata-ne-bujanoc\/","name":"T\u00cb RINJ\u00cbT SHQIP\u00cbTAR\u00cb, SERB\u00cb DHE ROM\u00cb S\u00cb BASHKU N\u00cb LIGJ\u00cbRATA N\u00cb BUJANOC - Republika e S\u00ebrbis\u00eb Trupi Koordinues p\u00ebr komunat Bujanoc, Preshev\u00eb dhe Medvegj\u00eb","isPartOf":{"@id":"https:\/\/kt.gov.rs\/#website"},"primaryImageOfPage":{"@id":"https:\/\/kt.gov.rs\/sq\/te-rinjet-shqipetare-serbe-dhe-rome-se-bashku-ne-ligjerata-ne-bujanoc\/#primaryimage"},"image":{"@id":"https:\/\/kt.gov.rs\/sq\/te-rinjet-shqipetare-serbe-dhe-rome-se-bashku-ne-ligjerata-ne-bujanoc\/#primaryimage"},"thumbnailUrl":"https:\/\/kt.gov.rs\/wp-content\/uploads\/2024\/07\/pic092vesti-5.jpg","datePublished":"2010-02-08T00:00:00+00:00","dateModified":"2024-07-30T20:23:30+00:00","breadcrumb":{"@id":"https:\/\/kt.gov.rs\/sq\/te-rinjet-shqipetare-serbe-dhe-rome-se-bashku-ne-ligjerata-ne-bujanoc\/#breadcrumb"},"inLanguage":"sq-AL","potentialAction":[{"@type":"ReadAction","target":["https:\/\/kt.gov.rs\/sq\/te-rinjet-shqipetare-serbe-dhe-rome-se-bashku-ne-ligjerata-ne-bujanoc\/"]}]},{"@type":"ImageObject","inLanguage":"sq-AL","@id":"https:\/\/kt.gov.rs\/sq\/te-rinjet-shqipetare-serbe-dhe-rome-se-bashku-ne-ligjerata-ne-bujanoc\/#primaryimage","url":"https:\/\/kt.gov.rs\/wp-content\/uploads\/2024\/07\/pic092vesti-5.jpg","contentUrl":"https:\/\/kt.gov.rs\/wp-content\/uploads\/2024\/07\/pic092vesti-5.jpg","width":250,"height":166},{"@type":"BreadcrumbList","@id":"https:\/\/kt.gov.rs\/sq\/te-rinjet-shqipetare-serbe-dhe-rome-se-bashku-ne-ligjerata-ne-bujanoc\/#breadcrumb","itemListElement":[{"@type":"ListItem","position":1,"name":"\u041f\u043e\u0447\u0435\u0442\u043d\u0430","item":"https:\/\/kt.gov.rs\/sq\/"},{"@type":"ListItem","position":2,"name":"T\u00cb RINJ\u00cbT SHQIP\u00cbTAR\u00cb, SERB\u00cb DHE ROM\u00cb S\u00cb BASHKU N\u00cb LIGJ\u00cbRATA N\u00cb BUJANOC"}]},{"@type":"WebSite","@id":"https:\/\/kt.gov.rs\/#website","url":"https:\/\/kt.gov.rs\/","name":"\u041a\u043e\u043e\u0440\u0434\u0438\u043d\u0430\u0446\u0438\u043e\u043d\u043e \u0442\u0435\u043b\u043e \u0412\u043b\u0430\u0434\u0435 \u0420\u0435\u043f\u0443\u0431\u043b\u0438\u043a\u0435 \u0421\u0440\u0431\u0438\u0458\u0435 \u0437\u0430 \u043e\u043f\u0448\u0442\u0438\u043d\u0435 \u041f\u0440\u0435\u0448\u0435\u0432\u043e, \u0411\u0443\u0458\u0430\u043d\u043e\u0432\u0430\u0446 \u0438 \u041c\u0435\u0434\u0432\u0435\u0452a","description":"","publisher":{"@id":"https:\/\/kt.gov.rs\/#organization"},"alternateName":"\u041a\u043e\u043e\u0440\u0434\u0438\u043d\u0430\u0446\u0438\u043e\u043d\u043e \u0442\u0435\u043b\u043e","potentialAction":[{"@type":"SearchAction","target":{"@type":"EntryPoint","urlTemplate":"https:\/\/kt.gov.rs\/?s={search_term_string}"},"query-input":{"@type":"PropertyValueSpecification","valueRequired":true,"valueName":"search_term_string"}}],"inLanguage":"sq-AL"},{"@type":"Organization","@id":"https:\/\/kt.gov.rs\/#organization","name":"\u041a\u043e\u043e\u0440\u0434\u0438\u043d\u0430\u0446\u0438\u043e\u043d\u043e \u0442\u0435\u043b\u043e \u0412\u043b\u0430\u0434\u0435 \u0420\u0435\u043f\u0443\u0431\u043b\u0438\u043a\u0435 \u0421\u0440\u0431\u0438\u0458\u0435 \u0437\u0430 \u043e\u043f\u0448\u0442\u0438\u043d\u0435 \u041f\u0440\u0435\u0448\u0435\u0432\u043e, \u0411\u0443\u0458\u0430\u043d\u043e\u0432\u0430\u0446 \u0438 \u041c\u0435\u0434\u0432\u0435\u0452a","alternateName":"\u041a\u043e\u043e\u0440\u0434\u0438\u043d\u0430\u0446\u0438\u043e\u043d\u043e \u0442\u0435\u043b\u043e","url":"https:\/\/kt.gov.rs\/","logo":{"@type":"ImageObject","inLanguage":"sq-AL","@id":"https:\/\/kt.gov.rs\/#\/schema\/logo\/image\/","url":"https:\/\/kt.gov.rs\/wp-content\/uploads\/2024\/12\/koord2.jpg","contentUrl":"https:\/\/kt.gov.rs\/wp-content\/uploads\/2024\/12\/koord2.jpg","width":640,"height":480,"caption":"\u041a\u043e\u043e\u0440\u0434\u0438\u043d\u0430\u0446\u0438\u043e\u043d\u043e \u0442\u0435\u043b\u043e \u0412\u043b\u0430\u0434\u0435 \u0420\u0435\u043f\u0443\u0431\u043b\u0438\u043a\u0435 \u0421\u0440\u0431\u0438\u0458\u0435 \u0437\u0430 \u043e\u043f\u0448\u0442\u0438\u043d\u0435 \u041f\u0440\u0435\u0448\u0435\u0432\u043e, \u0411\u0443\u0458\u0430\u043d\u043e\u0432\u0430\u0446 \u0438 \u041c\u0435\u0434\u0432\u0435\u0452a"},"image":{"@id":"https:\/\/kt.gov.rs\/#\/schema\/logo\/image\/"},"sameAs":["https:\/\/www.facebook.com\/SluzbaKoordinacionogTelaVladeRepublikeSrbije","https:\/\/x.com\/kt_gov","https:\/\/www.youtube.com\/@koordinacionotelo"]},{"@type":"Person","@id":"https:\/\/kt.gov.rs\/#\/schema\/person\/e426459ddb4173309103390602694571","name":"ktmin","image":{"@type":"ImageObject","inLanguage":"sq-AL","@id":"https:\/\/secure.gravatar.com\/avatar\/3985c961109853010c3fbc7ba30365bfba5db3dd6c525831d9c595c7525a615a?s=96&d=mm&r=g","url":"https:\/\/secure.gravatar.com\/avatar\/3985c961109853010c3fbc7ba30365bfba5db3dd6c525831d9c595c7525a615a?s=96&d=mm&r=g","contentUrl":"https:\/\/secure.gravatar.com\/avatar\/3985c961109853010c3fbc7ba30365bfba5db3dd6c525831d9c595c7525a615a?s=96&d=mm&r=g","caption":"ktmin"},"sameAs":["https:\/\/kt.gov.rs"],"url":"https:\/\/kt.gov.rs\/sq\/author\/ktmin\/"}]}},"_links":{"self":[{"href":"https:\/\/kt.gov.rs\/sq\/wp-json\/wp\/v2\/posts\/143054","targetHints":{"allow":["GET"]}}],"collection":[{"href":"https:\/\/kt.gov.rs\/sq\/wp-json\/wp\/v2\/posts"}],"about":[{"href":"https:\/\/kt.gov.rs\/sq\/wp-json\/wp\/v2\/types\/post"}],"author":[{"embeddable":true,"href":"https:\/\/kt.gov.rs\/sq\/wp-json\/wp\/v2\/users\/1"}],"replies":[{"embeddable":true,"href":"https:\/\/kt.gov.rs\/sq\/wp-json\/wp\/v2\/comments?post=143054"}],"version-history":[{"count":1,"href":"https:\/\/kt.gov.rs\/sq\/wp-json\/wp\/v2\/posts\/143054\/revisions"}],"predecessor-version":[{"id":143058,"href":"https:\/\/kt.gov.rs\/sq\/wp-json\/wp\/v2\/posts\/143054\/revisions\/143058"}],"wp:featuredmedia":[{"embeddable":true,"href":"https:\/\/kt.gov.rs\/sq\/wp-json\/wp\/v2\/media\/143059"}],"wp:attachment":[{"href":"https:\/\/kt.gov.rs\/sq\/wp-json\/wp\/v2\/media?parent=143054"}],"wp:term":[{"taxonomy":"category","embeddable":true,"href":"https:\/\/kt.gov.rs\/sq\/wp-json\/wp\/v2\/categories?post=143054"},{"taxonomy":"post_tag","embeddable":true,"href":"https:\/\/kt.gov.rs\/sq\/wp-json\/wp\/v2\/tags?post=143054"}],"curies":[{"name":"wp","href":"https:\/\/api.w.org\/{rel}","templated":true}]}}