{"id":143046,"date":"2010-02-10T00:00:00","date_gmt":"2010-02-10T00:00:00","guid":{"rendered":"http:\/\/kt.printandscreen.rs\/mbrojtja-shendetesore-shtese-per-861-banore-te-medvegjes\/"},"modified":"2024-07-30T20:23:29","modified_gmt":"2024-07-30T20:23:29","slug":"mbrojtja-shendetesore-shtese-per-861-banore-te-medvegjes","status":"publish","type":"post","link":"https:\/\/kt.gov.rs\/sq\/mbrojtja-shendetesore-shtese-per-861-banore-te-medvegjes\/","title":{"rendered":"MBROJTJA SH\u00cbNDET\u00cbSORE SHTES\u00cb P\u00cbR 861 BANOR\u00cb T\u00cb MEDVEGJ\u00cbS"},"content":{"rendered":"<p><img decoding=\"async\" align=\"left\" src=\"https:\/\/kt.gov.rs\/wp-content\/uploads\/2024\/07\/pic093vesti-4.jpg\" alt=\"\" \/>Sht\u00ebpia e sh\u00ebndetit n\u00eb Medvegj\u00eb n\u00eb shtator\u00eb t\u00eb vitit 2009 ka konkuruar n\u00eb Trupin Koordinues p\u00ebr finansimin\u00a0 e projektit ,,Ndihma sh\u00ebndet\u00ebsore dhe p\u00ebrkujdesja e personave me nevoja t\u00eb posaqme e posaq\u00ebrisht t\u00eb grupeve m\u00eb t\u00eb ndjeshme t\u00eb banor\u00ebve\u201d n\u00eb suaza t\u00eb Programit p\u00ebr shp\u00ebrndarjen dhe shfryt\u00ebzimin e mjeteve p\u00ebr programet mbi p\u00ebrmir\u00ebsimin e gjendjes p\u00ebr m\u00eb t\u00eb rrezikuarit. Mjetet n\u00eb nj\u00eb sum\u00eb prej 1.356.500,00 dinar\u00ebsh u jan\u00eb lejuar dhe Medvegja n\u00eb dhjetor\u00eb t\u00eb vitit 2009 ka marr\u00eb nj\u00eb auto sanitar\u00eb me q\u00ebllim t\u00eb p\u00ebrmir\u00ebsimit t\u00eb mbrojtjes sh\u00ebndet\u00ebsore, p\u00ebrcjellja dhe dh\u00ebnia e ndihm\u00ebs shtes\u00eb posaq\u00ebrisht grupit t\u00eb popullat\u00ebs m\u00eb t\u00eb ndjeshme.<\/p>\n<p>,, Deri n\u00eb k\u00ebt\u00eb moment, me k\u00ebt\u00eb projekt u \u00ebsht\u00eb dh\u00ebn\u00eb ndihm\u00eb shtes\u00eb e p\u00ebrkujdesjes sh\u00ebndet\u00ebsore e cila p\u00ebrfshin\u00eb kontrollim t\u00eb plot\u00eb p\u00ebr 861 persona me nevoja\u00a0 t\u00eb posaqme si dhe persona nga kategoria vulnerabile. P\u00ebrpos k\u00ebsaj\u00eb, kemi arritur q\u00eb t\u00eb sigurojm\u00eb laboratorin komplet (hematogramin dhe analizat biometrike) p\u00ebr 105 persona si dhe preventiv\u00ebn e s\u00ebmundjeve kardiovaskulare dhe s\u00ebmundjes s\u00eb sheqerit p\u00ebr 496 persona\u201d delaroi Dr. Dragan Angjelkoviq, organizator\u00eb dhe menaxher aktiviteteve dhe projekteve n\u00eb Sht\u00ebpin\u00eb e sh\u00ebndetit n\u00eb Medvegj\u00eb.<\/p>\n<p>Sh\u00ebrbimi i Trupit Koordinues do t\u00eb vazhdoj\u00eb t\u00eb p\u00ebrcjell\u00eb aktivitetet n\u00eb projektet e finansuara nga mjetet e tatim\u00ebdh\u00ebn\u00ebsve s\u00eb bashku me partner\u00ebt e saj\u00eb n\u00eb teren n\u00eb m\u00ebnyr\u00eb q\u00eb t\u00eb ndikoj\u00eb n\u00eb p\u00ebrmir\u00ebsimin e standardit jet\u00ebsor\u00eb t\u00eb qytetar\u00ebve n\u00eb komunat Preshev\u00eb, Bujanoc dhe Medvegj\u00eb.<\/p>\n","protected":false},"excerpt":{"rendered":"<p>Sht\u00ebpia e sh\u00ebndetit n\u00eb Medvegj\u00eb n\u00eb shtator\u00eb t\u00eb vitit 2009 ka konkuruar n\u00eb Trupin Koordinues p\u00ebr finansimin\u00a0 e projektit ,,Ndihma sh\u00ebndet\u00ebsore dhe p\u00ebrkujdesja e personave me nevoja t\u00eb posaqme e posaq\u00ebrisht t\u00eb grupeve m\u00eb t\u00eb ndjeshme t\u00eb banor\u00ebve\u201d n\u00eb suaza t\u00eb Programit p\u00ebr shp\u00ebrndarjen dhe shfryt\u00ebzimin e mjeteve p\u00ebr programet mbi p\u00ebrmir\u00ebsimin e gjendjes p\u00ebr m\u00eb t\u00eb rrezikuarit. Mjetet n\u00eb nj\u00eb sum\u00eb prej 1.356.500,00 dinar\u00ebsh u jan\u00eb lejuar dhe Medvegja n\u00eb dhjetor\u00eb t\u00eb vitit 2009 ka marr\u00eb nj\u00eb auto sanitar\u00eb me q\u00ebllim t\u00eb p\u00ebrmir\u00ebsimit t\u00eb mbrojtjes sh\u00ebndet\u00ebsore, p\u00ebrcjellja dhe dh\u00ebnia e ndihm\u00ebs shtes\u00eb posaq\u00ebrisht grupit t\u00eb popullat\u00ebs m\u00eb t\u00eb ndjeshme.<\/p>\n","protected":false},"author":1,"featured_media":143051,"comment_status":"closed","ping_status":"closed","sticky":false,"template":"","format":"standard","meta":{"footnotes":""},"categories":[55],"tags":[],"class_list":["post-143046","post","type-post","status-publish","format-standard","has-post-thumbnail","hentry","category-lajme"],"yoast_head":"<!-- This site is optimized with the Yoast SEO plugin v27.4 - https:\/\/yoast.com\/product\/yoast-seo-wordpress\/ -->\n<title>MBROJTJA SH\u00cbNDET\u00cbSORE SHTES\u00cb P\u00cbR 861 BANOR\u00cb T\u00cb MEDVEGJ\u00cbS - Republika e S\u00ebrbis\u00eb Trupi Koordinues p\u00ebr komunat Bujanoc, Preshev\u00eb dhe Medvegj\u00eb<\/title>\n<meta name=\"robots\" content=\"index, follow, max-snippet:-1, max-image-preview:large, max-video-preview:-1\" \/>\n<link rel=\"canonical\" href=\"https:\/\/kt.gov.rs\/sq\/mbrojtja-shendetesore-shtese-per-861-banore-te-medvegjes\/\" \/>\n<meta property=\"og:locale\" content=\"sq_AL\" \/>\n<meta property=\"og:type\" content=\"article\" \/>\n<meta property=\"og:title\" content=\"MBROJTJA SH\u00cbNDET\u00cbSORE SHTES\u00cb P\u00cbR 861 BANOR\u00cb T\u00cb MEDVEGJ\u00cbS - Republika e S\u00ebrbis\u00eb Trupi Koordinues p\u00ebr komunat Bujanoc, Preshev\u00eb dhe Medvegj\u00eb\" \/>\n<meta property=\"og:description\" content=\"Sht\u00ebpia e sh\u00ebndetit n\u00eb Medvegj\u00eb n\u00eb shtator\u00eb t\u00eb vitit 2009 ka konkuruar n\u00eb Trupin Koordinues p\u00ebr finansimin\u00a0 e projektit ,,Ndihma sh\u00ebndet\u00ebsore dhe p\u00ebrkujdesja e personave me nevoja t\u00eb posaqme e posaq\u00ebrisht t\u00eb grupeve m\u00eb t\u00eb ndjeshme t\u00eb banor\u00ebve\u201d n\u00eb suaza t\u00eb Programit p\u00ebr shp\u00ebrndarjen dhe shfryt\u00ebzimin e mjeteve p\u00ebr programet mbi p\u00ebrmir\u00ebsimin e gjendjes p\u00ebr m\u00eb t\u00eb rrezikuarit. Mjetet n\u00eb nj\u00eb sum\u00eb prej 1.356.500,00 dinar\u00ebsh u jan\u00eb lejuar dhe Medvegja n\u00eb dhjetor\u00eb t\u00eb vitit 2009 ka marr\u00eb nj\u00eb auto sanitar\u00eb me q\u00ebllim t\u00eb p\u00ebrmir\u00ebsimit t\u00eb mbrojtjes sh\u00ebndet\u00ebsore, p\u00ebrcjellja dhe dh\u00ebnia e ndihm\u00ebs shtes\u00eb posaq\u00ebrisht grupit t\u00eb popullat\u00ebs m\u00eb t\u00eb ndjeshme.\" \/>\n<meta property=\"og:url\" content=\"https:\/\/kt.gov.rs\/sq\/mbrojtja-shendetesore-shtese-per-861-banore-te-medvegjes\/\" \/>\n<meta property=\"og:site_name\" content=\"Republika e S\u00ebrbis\u00eb Trupi Koordinues p\u00ebr komunat Bujanoc, Preshev\u00eb dhe Medvegj\u00eb\" \/>\n<meta property=\"article:publisher\" content=\"https:\/\/www.facebook.com\/SluzbaKoordinacionogTelaVladeRepublikeSrbije\" \/>\n<meta property=\"article:published_time\" content=\"2010-02-10T00:00:00+00:00\" \/>\n<meta property=\"article:modified_time\" content=\"2024-07-30T20:23:29+00:00\" \/>\n<meta property=\"og:image\" content=\"https:\/\/kt.gov.rs\/wp-content\/uploads\/2024\/07\/pic093vesti-5.jpg\" \/>\n\t<meta property=\"og:image:width\" content=\"250\" \/>\n\t<meta property=\"og:image:height\" content=\"166\" \/>\n\t<meta property=\"og:image:type\" content=\"image\/jpeg\" \/>\n<meta name=\"author\" content=\"ktmin\" \/>\n<meta name=\"twitter:card\" content=\"summary_large_image\" \/>\n<meta name=\"twitter:creator\" content=\"@kt_gov\" \/>\n<meta name=\"twitter:site\" content=\"@kt_gov\" \/>\n<meta name=\"twitter:label1\" content=\"Written by\" \/>\n\t<meta name=\"twitter:data1\" content=\"ktmin\" \/>\n\t<meta name=\"twitter:label2\" content=\"Est. reading time\" \/>\n\t<meta name=\"twitter:data2\" content=\"1 minute\" \/>\n<script type=\"application\/ld+json\" class=\"yoast-schema-graph\">{\"@context\":\"https:\\\/\\\/schema.org\",\"@graph\":[{\"@type\":\"Article\",\"@id\":\"https:\\\/\\\/kt.gov.rs\\\/sq\\\/mbrojtja-shendetesore-shtese-per-861-banore-te-medvegjes\\\/#article\",\"isPartOf\":{\"@id\":\"https:\\\/\\\/kt.gov.rs\\\/sq\\\/mbrojtja-shendetesore-shtese-per-861-banore-te-medvegjes\\\/\"},\"author\":{\"name\":\"ktmin\",\"@id\":\"https:\\\/\\\/kt.gov.rs\\\/#\\\/schema\\\/person\\\/e426459ddb4173309103390602694571\"},\"headline\":\"MBROJTJA SH\u00cbNDET\u00cbSORE SHTES\u00cb P\u00cbR 861 BANOR\u00cb T\u00cb MEDVEGJ\u00cbS\",\"datePublished\":\"2010-02-10T00:00:00+00:00\",\"dateModified\":\"2024-07-30T20:23:29+00:00\",\"mainEntityOfPage\":{\"@id\":\"https:\\\/\\\/kt.gov.rs\\\/sq\\\/mbrojtja-shendetesore-shtese-per-861-banore-te-medvegjes\\\/\"},\"wordCount\":286,\"publisher\":{\"@id\":\"https:\\\/\\\/kt.gov.rs\\\/#organization\"},\"image\":{\"@id\":\"https:\\\/\\\/kt.gov.rs\\\/sq\\\/mbrojtja-shendetesore-shtese-per-861-banore-te-medvegjes\\\/#primaryimage\"},\"thumbnailUrl\":\"https:\\\/\\\/kt.gov.rs\\\/wp-content\\\/uploads\\\/2024\\\/07\\\/pic093vesti-5.jpg\",\"articleSection\":[\"Lajme\"],\"inLanguage\":\"sq-AL\"},{\"@type\":\"WebPage\",\"@id\":\"https:\\\/\\\/kt.gov.rs\\\/sq\\\/mbrojtja-shendetesore-shtese-per-861-banore-te-medvegjes\\\/\",\"url\":\"https:\\\/\\\/kt.gov.rs\\\/sq\\\/mbrojtja-shendetesore-shtese-per-861-banore-te-medvegjes\\\/\",\"name\":\"MBROJTJA SH\u00cbNDET\u00cbSORE SHTES\u00cb P\u00cbR 861 BANOR\u00cb T\u00cb MEDVEGJ\u00cbS - Republika e S\u00ebrbis\u00eb Trupi Koordinues p\u00ebr komunat Bujanoc, Preshev\u00eb dhe Medvegj\u00eb\",\"isPartOf\":{\"@id\":\"https:\\\/\\\/kt.gov.rs\\\/#website\"},\"primaryImageOfPage\":{\"@id\":\"https:\\\/\\\/kt.gov.rs\\\/sq\\\/mbrojtja-shendetesore-shtese-per-861-banore-te-medvegjes\\\/#primaryimage\"},\"image\":{\"@id\":\"https:\\\/\\\/kt.gov.rs\\\/sq\\\/mbrojtja-shendetesore-shtese-per-861-banore-te-medvegjes\\\/#primaryimage\"},\"thumbnailUrl\":\"https:\\\/\\\/kt.gov.rs\\\/wp-content\\\/uploads\\\/2024\\\/07\\\/pic093vesti-5.jpg\",\"datePublished\":\"2010-02-10T00:00:00+00:00\",\"dateModified\":\"2024-07-30T20:23:29+00:00\",\"breadcrumb\":{\"@id\":\"https:\\\/\\\/kt.gov.rs\\\/sq\\\/mbrojtja-shendetesore-shtese-per-861-banore-te-medvegjes\\\/#breadcrumb\"},\"inLanguage\":\"sq-AL\",\"potentialAction\":[{\"@type\":\"ReadAction\",\"target\":[\"https:\\\/\\\/kt.gov.rs\\\/sq\\\/mbrojtja-shendetesore-shtese-per-861-banore-te-medvegjes\\\/\"]}]},{\"@type\":\"ImageObject\",\"inLanguage\":\"sq-AL\",\"@id\":\"https:\\\/\\\/kt.gov.rs\\\/sq\\\/mbrojtja-shendetesore-shtese-per-861-banore-te-medvegjes\\\/#primaryimage\",\"url\":\"https:\\\/\\\/kt.gov.rs\\\/wp-content\\\/uploads\\\/2024\\\/07\\\/pic093vesti-5.jpg\",\"contentUrl\":\"https:\\\/\\\/kt.gov.rs\\\/wp-content\\\/uploads\\\/2024\\\/07\\\/pic093vesti-5.jpg\",\"width\":250,\"height\":166},{\"@type\":\"BreadcrumbList\",\"@id\":\"https:\\\/\\\/kt.gov.rs\\\/sq\\\/mbrojtja-shendetesore-shtese-per-861-banore-te-medvegjes\\\/#breadcrumb\",\"itemListElement\":[{\"@type\":\"ListItem\",\"position\":1,\"name\":\"\u041f\u043e\u0447\u0435\u0442\u043d\u0430\",\"item\":\"https:\\\/\\\/kt.gov.rs\\\/sq\\\/\"},{\"@type\":\"ListItem\",\"position\":2,\"name\":\"MBROJTJA SH\u00cbNDET\u00cbSORE SHTES\u00cb P\u00cbR 861 BANOR\u00cb T\u00cb MEDVEGJ\u00cbS\"}]},{\"@type\":\"WebSite\",\"@id\":\"https:\\\/\\\/kt.gov.rs\\\/#website\",\"url\":\"https:\\\/\\\/kt.gov.rs\\\/\",\"name\":\"\u041a\u043e\u043e\u0440\u0434\u0438\u043d\u0430\u0446\u0438\u043e\u043d\u043e \u0442\u0435\u043b\u043e \u0412\u043b\u0430\u0434\u0435 \u0420\u0435\u043f\u0443\u0431\u043b\u0438\u043a\u0435 \u0421\u0440\u0431\u0438\u0458\u0435 \u0437\u0430 \u043e\u043f\u0448\u0442\u0438\u043d\u0435 \u041f\u0440\u0435\u0448\u0435\u0432\u043e, \u0411\u0443\u0458\u0430\u043d\u043e\u0432\u0430\u0446 \u0438 \u041c\u0435\u0434\u0432\u0435\u0452a\",\"description\":\"\",\"publisher\":{\"@id\":\"https:\\\/\\\/kt.gov.rs\\\/#organization\"},\"alternateName\":\"\u041a\u043e\u043e\u0440\u0434\u0438\u043d\u0430\u0446\u0438\u043e\u043d\u043e \u0442\u0435\u043b\u043e\",\"potentialAction\":[{\"@type\":\"SearchAction\",\"target\":{\"@type\":\"EntryPoint\",\"urlTemplate\":\"https:\\\/\\\/kt.gov.rs\\\/?s={search_term_string}\"},\"query-input\":{\"@type\":\"PropertyValueSpecification\",\"valueRequired\":true,\"valueName\":\"search_term_string\"}}],\"inLanguage\":\"sq-AL\"},{\"@type\":\"Organization\",\"@id\":\"https:\\\/\\\/kt.gov.rs\\\/#organization\",\"name\":\"\u041a\u043e\u043e\u0440\u0434\u0438\u043d\u0430\u0446\u0438\u043e\u043d\u043e \u0442\u0435\u043b\u043e \u0412\u043b\u0430\u0434\u0435 \u0420\u0435\u043f\u0443\u0431\u043b\u0438\u043a\u0435 \u0421\u0440\u0431\u0438\u0458\u0435 \u0437\u0430 \u043e\u043f\u0448\u0442\u0438\u043d\u0435 \u041f\u0440\u0435\u0448\u0435\u0432\u043e, \u0411\u0443\u0458\u0430\u043d\u043e\u0432\u0430\u0446 \u0438 \u041c\u0435\u0434\u0432\u0435\u0452a\",\"alternateName\":\"\u041a\u043e\u043e\u0440\u0434\u0438\u043d\u0430\u0446\u0438\u043e\u043d\u043e \u0442\u0435\u043b\u043e\",\"url\":\"https:\\\/\\\/kt.gov.rs\\\/\",\"logo\":{\"@type\":\"ImageObject\",\"inLanguage\":\"sq-AL\",\"@id\":\"https:\\\/\\\/kt.gov.rs\\\/#\\\/schema\\\/logo\\\/image\\\/\",\"url\":\"https:\\\/\\\/kt.gov.rs\\\/wp-content\\\/uploads\\\/2024\\\/12\\\/koord2.jpg\",\"contentUrl\":\"https:\\\/\\\/kt.gov.rs\\\/wp-content\\\/uploads\\\/2024\\\/12\\\/koord2.jpg\",\"width\":640,\"height\":480,\"caption\":\"\u041a\u043e\u043e\u0440\u0434\u0438\u043d\u0430\u0446\u0438\u043e\u043d\u043e \u0442\u0435\u043b\u043e \u0412\u043b\u0430\u0434\u0435 \u0420\u0435\u043f\u0443\u0431\u043b\u0438\u043a\u0435 \u0421\u0440\u0431\u0438\u0458\u0435 \u0437\u0430 \u043e\u043f\u0448\u0442\u0438\u043d\u0435 \u041f\u0440\u0435\u0448\u0435\u0432\u043e, \u0411\u0443\u0458\u0430\u043d\u043e\u0432\u0430\u0446 \u0438 \u041c\u0435\u0434\u0432\u0435\u0452a\"},\"image\":{\"@id\":\"https:\\\/\\\/kt.gov.rs\\\/#\\\/schema\\\/logo\\\/image\\\/\"},\"sameAs\":[\"https:\\\/\\\/www.facebook.com\\\/SluzbaKoordinacionogTelaVladeRepublikeSrbije\",\"https:\\\/\\\/x.com\\\/kt_gov\",\"https:\\\/\\\/www.youtube.com\\\/@koordinacionotelo\"]},{\"@type\":\"Person\",\"@id\":\"https:\\\/\\\/kt.gov.rs\\\/#\\\/schema\\\/person\\\/e426459ddb4173309103390602694571\",\"name\":\"ktmin\",\"image\":{\"@type\":\"ImageObject\",\"inLanguage\":\"sq-AL\",\"@id\":\"https:\\\/\\\/secure.gravatar.com\\\/avatar\\\/3985c961109853010c3fbc7ba30365bfba5db3dd6c525831d9c595c7525a615a?s=96&d=mm&r=g\",\"url\":\"https:\\\/\\\/secure.gravatar.com\\\/avatar\\\/3985c961109853010c3fbc7ba30365bfba5db3dd6c525831d9c595c7525a615a?s=96&d=mm&r=g\",\"contentUrl\":\"https:\\\/\\\/secure.gravatar.com\\\/avatar\\\/3985c961109853010c3fbc7ba30365bfba5db3dd6c525831d9c595c7525a615a?s=96&d=mm&r=g\",\"caption\":\"ktmin\"},\"sameAs\":[\"https:\\\/\\\/kt.gov.rs\"],\"url\":\"https:\\\/\\\/kt.gov.rs\\\/sq\\\/author\\\/ktmin\\\/\"}]}<\/script>\n<!-- \/ Yoast SEO plugin. -->","yoast_head_json":{"title":"MBROJTJA SH\u00cbNDET\u00cbSORE SHTES\u00cb P\u00cbR 861 BANOR\u00cb T\u00cb MEDVEGJ\u00cbS - Republika e S\u00ebrbis\u00eb Trupi Koordinues p\u00ebr komunat Bujanoc, Preshev\u00eb dhe Medvegj\u00eb","robots":{"index":"index","follow":"follow","max-snippet":"max-snippet:-1","max-image-preview":"max-image-preview:large","max-video-preview":"max-video-preview:-1"},"canonical":"https:\/\/kt.gov.rs\/sq\/mbrojtja-shendetesore-shtese-per-861-banore-te-medvegjes\/","og_locale":"sq_AL","og_type":"article","og_title":"MBROJTJA SH\u00cbNDET\u00cbSORE SHTES\u00cb P\u00cbR 861 BANOR\u00cb T\u00cb MEDVEGJ\u00cbS - Republika e S\u00ebrbis\u00eb Trupi Koordinues p\u00ebr komunat Bujanoc, Preshev\u00eb dhe Medvegj\u00eb","og_description":"Sht\u00ebpia e sh\u00ebndetit n\u00eb Medvegj\u00eb n\u00eb shtator\u00eb t\u00eb vitit 2009 ka konkuruar n\u00eb Trupin Koordinues p\u00ebr finansimin\u00a0 e projektit ,,Ndihma sh\u00ebndet\u00ebsore dhe p\u00ebrkujdesja e personave me nevoja t\u00eb posaqme e posaq\u00ebrisht t\u00eb grupeve m\u00eb t\u00eb ndjeshme t\u00eb banor\u00ebve\u201d n\u00eb suaza t\u00eb Programit p\u00ebr shp\u00ebrndarjen dhe shfryt\u00ebzimin e mjeteve p\u00ebr programet mbi p\u00ebrmir\u00ebsimin e gjendjes p\u00ebr m\u00eb t\u00eb rrezikuarit. Mjetet n\u00eb nj\u00eb sum\u00eb prej 1.356.500,00 dinar\u00ebsh u jan\u00eb lejuar dhe Medvegja n\u00eb dhjetor\u00eb t\u00eb vitit 2009 ka marr\u00eb nj\u00eb auto sanitar\u00eb me q\u00ebllim t\u00eb p\u00ebrmir\u00ebsimit t\u00eb mbrojtjes sh\u00ebndet\u00ebsore, p\u00ebrcjellja dhe dh\u00ebnia e ndihm\u00ebs shtes\u00eb posaq\u00ebrisht grupit t\u00eb popullat\u00ebs m\u00eb t\u00eb ndjeshme.","og_url":"https:\/\/kt.gov.rs\/sq\/mbrojtja-shendetesore-shtese-per-861-banore-te-medvegjes\/","og_site_name":"Republika e S\u00ebrbis\u00eb Trupi Koordinues p\u00ebr komunat Bujanoc, Preshev\u00eb dhe Medvegj\u00eb","article_publisher":"https:\/\/www.facebook.com\/SluzbaKoordinacionogTelaVladeRepublikeSrbije","article_published_time":"2010-02-10T00:00:00+00:00","article_modified_time":"2024-07-30T20:23:29+00:00","og_image":[{"width":250,"height":166,"url":"https:\/\/kt.gov.rs\/wp-content\/uploads\/2024\/07\/pic093vesti-5.jpg","type":"image\/jpeg"}],"author":"ktmin","twitter_card":"summary_large_image","twitter_creator":"@kt_gov","twitter_site":"@kt_gov","twitter_misc":{"Written by":"ktmin","Est. reading time":"1 minute"},"schema":{"@context":"https:\/\/schema.org","@graph":[{"@type":"Article","@id":"https:\/\/kt.gov.rs\/sq\/mbrojtja-shendetesore-shtese-per-861-banore-te-medvegjes\/#article","isPartOf":{"@id":"https:\/\/kt.gov.rs\/sq\/mbrojtja-shendetesore-shtese-per-861-banore-te-medvegjes\/"},"author":{"name":"ktmin","@id":"https:\/\/kt.gov.rs\/#\/schema\/person\/e426459ddb4173309103390602694571"},"headline":"MBROJTJA SH\u00cbNDET\u00cbSORE SHTES\u00cb P\u00cbR 861 BANOR\u00cb T\u00cb MEDVEGJ\u00cbS","datePublished":"2010-02-10T00:00:00+00:00","dateModified":"2024-07-30T20:23:29+00:00","mainEntityOfPage":{"@id":"https:\/\/kt.gov.rs\/sq\/mbrojtja-shendetesore-shtese-per-861-banore-te-medvegjes\/"},"wordCount":286,"publisher":{"@id":"https:\/\/kt.gov.rs\/#organization"},"image":{"@id":"https:\/\/kt.gov.rs\/sq\/mbrojtja-shendetesore-shtese-per-861-banore-te-medvegjes\/#primaryimage"},"thumbnailUrl":"https:\/\/kt.gov.rs\/wp-content\/uploads\/2024\/07\/pic093vesti-5.jpg","articleSection":["Lajme"],"inLanguage":"sq-AL"},{"@type":"WebPage","@id":"https:\/\/kt.gov.rs\/sq\/mbrojtja-shendetesore-shtese-per-861-banore-te-medvegjes\/","url":"https:\/\/kt.gov.rs\/sq\/mbrojtja-shendetesore-shtese-per-861-banore-te-medvegjes\/","name":"MBROJTJA SH\u00cbNDET\u00cbSORE SHTES\u00cb P\u00cbR 861 BANOR\u00cb T\u00cb MEDVEGJ\u00cbS - Republika e S\u00ebrbis\u00eb Trupi Koordinues p\u00ebr komunat Bujanoc, Preshev\u00eb dhe Medvegj\u00eb","isPartOf":{"@id":"https:\/\/kt.gov.rs\/#website"},"primaryImageOfPage":{"@id":"https:\/\/kt.gov.rs\/sq\/mbrojtja-shendetesore-shtese-per-861-banore-te-medvegjes\/#primaryimage"},"image":{"@id":"https:\/\/kt.gov.rs\/sq\/mbrojtja-shendetesore-shtese-per-861-banore-te-medvegjes\/#primaryimage"},"thumbnailUrl":"https:\/\/kt.gov.rs\/wp-content\/uploads\/2024\/07\/pic093vesti-5.jpg","datePublished":"2010-02-10T00:00:00+00:00","dateModified":"2024-07-30T20:23:29+00:00","breadcrumb":{"@id":"https:\/\/kt.gov.rs\/sq\/mbrojtja-shendetesore-shtese-per-861-banore-te-medvegjes\/#breadcrumb"},"inLanguage":"sq-AL","potentialAction":[{"@type":"ReadAction","target":["https:\/\/kt.gov.rs\/sq\/mbrojtja-shendetesore-shtese-per-861-banore-te-medvegjes\/"]}]},{"@type":"ImageObject","inLanguage":"sq-AL","@id":"https:\/\/kt.gov.rs\/sq\/mbrojtja-shendetesore-shtese-per-861-banore-te-medvegjes\/#primaryimage","url":"https:\/\/kt.gov.rs\/wp-content\/uploads\/2024\/07\/pic093vesti-5.jpg","contentUrl":"https:\/\/kt.gov.rs\/wp-content\/uploads\/2024\/07\/pic093vesti-5.jpg","width":250,"height":166},{"@type":"BreadcrumbList","@id":"https:\/\/kt.gov.rs\/sq\/mbrojtja-shendetesore-shtese-per-861-banore-te-medvegjes\/#breadcrumb","itemListElement":[{"@type":"ListItem","position":1,"name":"\u041f\u043e\u0447\u0435\u0442\u043d\u0430","item":"https:\/\/kt.gov.rs\/sq\/"},{"@type":"ListItem","position":2,"name":"MBROJTJA SH\u00cbNDET\u00cbSORE SHTES\u00cb P\u00cbR 861 BANOR\u00cb T\u00cb MEDVEGJ\u00cbS"}]},{"@type":"WebSite","@id":"https:\/\/kt.gov.rs\/#website","url":"https:\/\/kt.gov.rs\/","name":"\u041a\u043e\u043e\u0440\u0434\u0438\u043d\u0430\u0446\u0438\u043e\u043d\u043e \u0442\u0435\u043b\u043e \u0412\u043b\u0430\u0434\u0435 \u0420\u0435\u043f\u0443\u0431\u043b\u0438\u043a\u0435 \u0421\u0440\u0431\u0438\u0458\u0435 \u0437\u0430 \u043e\u043f\u0448\u0442\u0438\u043d\u0435 \u041f\u0440\u0435\u0448\u0435\u0432\u043e, \u0411\u0443\u0458\u0430\u043d\u043e\u0432\u0430\u0446 \u0438 \u041c\u0435\u0434\u0432\u0435\u0452a","description":"","publisher":{"@id":"https:\/\/kt.gov.rs\/#organization"},"alternateName":"\u041a\u043e\u043e\u0440\u0434\u0438\u043d\u0430\u0446\u0438\u043e\u043d\u043e \u0442\u0435\u043b\u043e","potentialAction":[{"@type":"SearchAction","target":{"@type":"EntryPoint","urlTemplate":"https:\/\/kt.gov.rs\/?s={search_term_string}"},"query-input":{"@type":"PropertyValueSpecification","valueRequired":true,"valueName":"search_term_string"}}],"inLanguage":"sq-AL"},{"@type":"Organization","@id":"https:\/\/kt.gov.rs\/#organization","name":"\u041a\u043e\u043e\u0440\u0434\u0438\u043d\u0430\u0446\u0438\u043e\u043d\u043e \u0442\u0435\u043b\u043e \u0412\u043b\u0430\u0434\u0435 \u0420\u0435\u043f\u0443\u0431\u043b\u0438\u043a\u0435 \u0421\u0440\u0431\u0438\u0458\u0435 \u0437\u0430 \u043e\u043f\u0448\u0442\u0438\u043d\u0435 \u041f\u0440\u0435\u0448\u0435\u0432\u043e, \u0411\u0443\u0458\u0430\u043d\u043e\u0432\u0430\u0446 \u0438 \u041c\u0435\u0434\u0432\u0435\u0452a","alternateName":"\u041a\u043e\u043e\u0440\u0434\u0438\u043d\u0430\u0446\u0438\u043e\u043d\u043e \u0442\u0435\u043b\u043e","url":"https:\/\/kt.gov.rs\/","logo":{"@type":"ImageObject","inLanguage":"sq-AL","@id":"https:\/\/kt.gov.rs\/#\/schema\/logo\/image\/","url":"https:\/\/kt.gov.rs\/wp-content\/uploads\/2024\/12\/koord2.jpg","contentUrl":"https:\/\/kt.gov.rs\/wp-content\/uploads\/2024\/12\/koord2.jpg","width":640,"height":480,"caption":"\u041a\u043e\u043e\u0440\u0434\u0438\u043d\u0430\u0446\u0438\u043e\u043d\u043e \u0442\u0435\u043b\u043e \u0412\u043b\u0430\u0434\u0435 \u0420\u0435\u043f\u0443\u0431\u043b\u0438\u043a\u0435 \u0421\u0440\u0431\u0438\u0458\u0435 \u0437\u0430 \u043e\u043f\u0448\u0442\u0438\u043d\u0435 \u041f\u0440\u0435\u0448\u0435\u0432\u043e, \u0411\u0443\u0458\u0430\u043d\u043e\u0432\u0430\u0446 \u0438 \u041c\u0435\u0434\u0432\u0435\u0452a"},"image":{"@id":"https:\/\/kt.gov.rs\/#\/schema\/logo\/image\/"},"sameAs":["https:\/\/www.facebook.com\/SluzbaKoordinacionogTelaVladeRepublikeSrbije","https:\/\/x.com\/kt_gov","https:\/\/www.youtube.com\/@koordinacionotelo"]},{"@type":"Person","@id":"https:\/\/kt.gov.rs\/#\/schema\/person\/e426459ddb4173309103390602694571","name":"ktmin","image":{"@type":"ImageObject","inLanguage":"sq-AL","@id":"https:\/\/secure.gravatar.com\/avatar\/3985c961109853010c3fbc7ba30365bfba5db3dd6c525831d9c595c7525a615a?s=96&d=mm&r=g","url":"https:\/\/secure.gravatar.com\/avatar\/3985c961109853010c3fbc7ba30365bfba5db3dd6c525831d9c595c7525a615a?s=96&d=mm&r=g","contentUrl":"https:\/\/secure.gravatar.com\/avatar\/3985c961109853010c3fbc7ba30365bfba5db3dd6c525831d9c595c7525a615a?s=96&d=mm&r=g","caption":"ktmin"},"sameAs":["https:\/\/kt.gov.rs"],"url":"https:\/\/kt.gov.rs\/sq\/author\/ktmin\/"}]}},"_links":{"self":[{"href":"https:\/\/kt.gov.rs\/sq\/wp-json\/wp\/v2\/posts\/143046","targetHints":{"allow":["GET"]}}],"collection":[{"href":"https:\/\/kt.gov.rs\/sq\/wp-json\/wp\/v2\/posts"}],"about":[{"href":"https:\/\/kt.gov.rs\/sq\/wp-json\/wp\/v2\/types\/post"}],"author":[{"embeddable":true,"href":"https:\/\/kt.gov.rs\/sq\/wp-json\/wp\/v2\/users\/1"}],"replies":[{"embeddable":true,"href":"https:\/\/kt.gov.rs\/sq\/wp-json\/wp\/v2\/comments?post=143046"}],"version-history":[{"count":1,"href":"https:\/\/kt.gov.rs\/sq\/wp-json\/wp\/v2\/posts\/143046\/revisions"}],"predecessor-version":[{"id":143050,"href":"https:\/\/kt.gov.rs\/sq\/wp-json\/wp\/v2\/posts\/143046\/revisions\/143050"}],"wp:featuredmedia":[{"embeddable":true,"href":"https:\/\/kt.gov.rs\/sq\/wp-json\/wp\/v2\/media\/143051"}],"wp:attachment":[{"href":"https:\/\/kt.gov.rs\/sq\/wp-json\/wp\/v2\/media?parent=143046"}],"wp:term":[{"taxonomy":"category","embeddable":true,"href":"https:\/\/kt.gov.rs\/sq\/wp-json\/wp\/v2\/categories?post=143046"},{"taxonomy":"post_tag","embeddable":true,"href":"https:\/\/kt.gov.rs\/sq\/wp-json\/wp\/v2\/tags?post=143046"}],"curies":[{"name":"wp","href":"https:\/\/api.w.org\/{rel}","templated":true}]}}