{"id":143035,"date":"2010-02-16T00:00:00","date_gmt":"2010-02-16T00:00:00","guid":{"rendered":"http:\/\/kt.printandscreen.rs\/rezultatet-preliminare-te-studios-se-vizibilitetit-per-hapjen-e-shkollave-te-larta-ne-bujanoc-dhe-presheve\/"},"modified":"2010-02-16T00:00:00","modified_gmt":"2010-02-16T00:00:00","slug":"rezultatet-preliminare-te-studios-se-vizibilitetit-per-hapjen-e-shkollave-te-larta-ne-bujanoc-dhe-presheve","status":"publish","type":"post","link":"https:\/\/kt.gov.rs\/sq\/rezultatet-preliminare-te-studios-se-vizibilitetit-per-hapjen-e-shkollave-te-larta-ne-bujanoc-dhe-presheve\/","title":{"rendered":"REZULTATET PRELIMINARE T\u00cb STUDIOS S\u00cb VIZIBILITETIT P\u00cbR HAPJEN E SHKOLLAVE T\u00cb LARTA N\u00cb BUJANOC DHE PRESHEV\u00cb"},"content":{"rendered":"<p>\n<meta content=\"text\/html; charset=utf-8\" http-equiv=\"Content-Type\"><br \/>\n<meta content=\"Word.Document\" name=\"ProgId\"><br \/>\n<meta content=\"Microsoft Word 11\" name=\"Generator\"><br \/>\n<meta content=\"Microsoft Word 11\" name=\"Originator\">\n<link href=\"file:\/\/\/C:%5CDOCUME%7E1%5Coliver%5CLOCALS%7E1%5CTemp%5Cmsohtml1%5C01%5Cclip_filelist.xml\" rel=\"File-List\" \/><!--[if gte mso 9]><xml>\n \n  Normal\n  0\n  \n  \n  false\n  false\n  false\n  \n   \n   \n   \n   \n   \n  \n  MicrosoftInternetExplorer4\n \n<\/xml><![endif]--><!--[if gte mso 9]><![endif]--><\/p>\n<style type=\"text\/css\">\n<!--\n \/* Style Definitions *\/\n p.MsoNormal, li.MsoNormal, div.MsoNormal\n\t{mso-style-parent:\"\";\n\tmargin:0in;\n\tmargin-bottom:.0001pt;\n\tfont-size:12.0pt;\"Times New Roman\";\n\tmso-fareast-\"Times New Roman\";}\n@page Section1\n\t{size:8.5in 11.0in;\n\tmargin:1.0in 1.25in 1.0in 1.25in;}\ndiv.Section1\n\t{page:Section1;}\n-->\n<\/style>\n<p><!--[if gte mso 10]>\n\n\n<style>\n \/* Style Definitions *\/\n table.MsoNormalTable\n\t{mso-style-name:\"Table Normal\";\n\tmso-style-parent:\"\";\n\tfont-size:10.0pt;\"Times New Roman\";}\n<\/style>\n\n\n<![endif]--><\/p>\n<p>BUJANOC \u2013 <strong>Qendra kund\u00ebr dhun\u00ebs dhe Qendra p\u00ebr politik\u00eb arsimore, t\u00eb enjten, m\u00eb 18 shkurt\u00eb t\u00eb vitit 2010 n\u00eb Sall\u00ebn e vog\u00ebl t\u00eb Sht\u00ebpis\u00eb s\u00eb Kulturs n\u00eb Bujanoc duke filluar n\u00eb ora 10h, <\/strong>do t\u00eb prezentoj\u00eb rezultatet preliminare t\u00eb <strong>Studios s\u00eb vizibilitetit p\u00ebr hapjen e shkollave t\u00eb larta n\u00eb Preshev\u00eb dhe Bujanoc. <\/strong>Studioja \u00ebsht\u00eb rezultat i hulumtimeve disamujore n\u00eb suaza t\u00eb projektit ,,<strong>Reforma e politik\u00ebs arsimore n\u00eb Serbin\u00eb jugore\u2019\u2019 <\/strong>i cili ka sistematizuar elementet e sistemit arsimor\u00eb n\u00eb Serbi n\u00eb baz\u00eb t\u00eb p\u00ebrvojave nga regjioni, e m\u00eb pastaj baz\u00eb s\u00eb cilave p\u00ebrvoja ka ofruar skenarin e aktiviteteve t\u00eb ardhshme.<\/p>\n<p>Rezultatet preliminare do t\u2019i paraqes\u00eb dr Jana Baqeviq, lidere e ekipit hulumtues Qendra p\u00ebr rezistenc\u00eb jo t\u00eb dhunsh\u00ebm dhe Qendra p\u00ebr politik\u00eb arsimore, organizatave joqeveritare t\u00eb cilat kan\u00eb pregatitur Studion e vizibilitetit. Pas k\u00ebsaj\u00eb, me an\u00eb t\u00eb diskutimeve, p\u00ebr rezultate finale t\u00eb Studios, do t\u00eb merren parasysh\u00eb edhe komentet e p\u00ebrfaq\u00ebsuesve t\u00eb t\u00eb gjith\u00eb komuniteteve nga Presheva dhe Bujanoci.<\/p>\n<p>N\u00eb k\u00ebt\u00eb prezentim do t\u00eb marrin pjes\u00eb edhe p\u00ebrfaq\u00ebsuesit e Zyres s\u00eb Lart\u00eb t\u00eb OSBE-s\u00eb p\u00ebr t\u00eb drejtat e njeriut dhe t\u00eb pakicave, Robert Shup, Sebastian Dvorak dhe Marianne Mahafy. N\u00eb diskutim do t\u00eb marrin pjes\u00eb edhe p\u00ebrfaq\u00ebsuesit e Trupit Koordinues t\u00eb Qeveris\u00eb s\u00eb Republik\u00ebs s\u00eb Serbis\u00eb p\u00ebr komunat Preshev\u00eb, Bujanoc dhe Medvegj\u00eb.<\/p>\n<p>Studion e vizibilitetit finansiarisht e ka p\u00ebrkrahur <strong>Fondi p\u00ebr shoq\u00ebri t\u00eb hapur, Zyrja p\u00ebr zhvillim nd\u00ebrkomb\u00ebtar\u00eb pran\u00eb Mbret\u00ebris\u00eb s\u00eb Bashkuar, Fondi Ballkanik p\u00ebr demokraci dhe Trupi Koordinues i Qeveris\u00eb s\u00eb Republik\u00ebs s\u00eb Serbis\u00eb p\u00ebr komunat Preshev\u00eb, Bujanoc dhe Medvegj\u00eb. <\/strong>Prezentimi i rezultateve finale i Studios s\u00eb vizibilitetit do t\u00eb organizohet m\u00eb 3 mars t\u00eb vitit 2010 n\u00eb Beograd.<\/p>\n<p><\/meta><br \/>\n<\/meta><br \/>\n<\/meta><br \/>\n<\/meta><\/p>\n","protected":false},"excerpt":{"rendered":"<p>BUJANOC \u2013 Qendra kund\u00ebr dhun\u00ebs dhe Qendra p\u00ebr politik\u00eb arsimore, t\u00eb enjten, m\u00eb 18 shkurt\u00eb t\u00eb vitit 2010 n\u00eb Sall\u00ebn e vog\u00ebl t\u00eb Sht\u00ebpis\u00eb s\u00eb Kulturs n\u00eb Bujanoc duke filluar n\u00eb ora 10h, do t\u00eb prezentoj\u00eb rezultatet preliminare t\u00eb Studios s\u00eb vizibilitetit p\u00ebr hapjen e shkollave t\u00eb larta n\u00eb Preshev\u00eb dhe Bujanoc. Studioja \u00ebsht\u00eb rezultat i hulumtimeve disamujore n\u00eb suaza t\u00eb projektit ,,Reforma e politik\u00ebs arsimore n\u00eb Serbin\u00eb jugore\u2019\u2019 i cili ka sistematizuar elementet e sistemit arsimor\u00eb n\u00eb Serbi n\u00eb baz\u00eb t\u00eb p\u00ebrvojave nga regjioni, e m\u00eb pastaj baz\u00eb s\u00eb cilave p\u00ebrvoja ka ofruar skenarin e aktiviteteve t\u00eb ardhshme.<\/p>\n","protected":false},"author":1,"featured_media":0,"comment_status":"closed","ping_status":"closed","sticky":false,"template":"","format":"standard","meta":{"footnotes":""},"categories":[55],"tags":[],"class_list":["post-143035","post","type-post","status-publish","format-standard","hentry","category-lajme"],"yoast_head":"<!-- This site is optimized with the Yoast SEO plugin v27.4 - https:\/\/yoast.com\/product\/yoast-seo-wordpress\/ -->\n<title>REZULTATET PRELIMINARE T\u00cb STUDIOS S\u00cb VIZIBILITETIT P\u00cbR HAPJEN E SHKOLLAVE T\u00cb LARTA N\u00cb BUJANOC DHE PRESHEV\u00cb - Republika e S\u00ebrbis\u00eb Trupi Koordinues p\u00ebr komunat Bujanoc, Preshev\u00eb dhe Medvegj\u00eb<\/title>\n<meta name=\"robots\" content=\"index, follow, max-snippet:-1, max-image-preview:large, max-video-preview:-1\" \/>\n<link rel=\"canonical\" href=\"https:\/\/kt.gov.rs\/sq\/rezultatet-preliminare-te-studios-se-vizibilitetit-per-hapjen-e-shkollave-te-larta-ne-bujanoc-dhe-presheve\/\" \/>\n<meta property=\"og:locale\" content=\"sq_AL\" \/>\n<meta property=\"og:type\" content=\"article\" \/>\n<meta property=\"og:title\" content=\"REZULTATET PRELIMINARE T\u00cb STUDIOS S\u00cb VIZIBILITETIT P\u00cbR HAPJEN E SHKOLLAVE T\u00cb LARTA N\u00cb BUJANOC DHE PRESHEV\u00cb - Republika e S\u00ebrbis\u00eb Trupi Koordinues p\u00ebr komunat Bujanoc, Preshev\u00eb dhe Medvegj\u00eb\" \/>\n<meta property=\"og:description\" content=\"BUJANOC \u2013 Qendra kund\u00ebr dhun\u00ebs dhe Qendra p\u00ebr politik\u00eb arsimore, t\u00eb enjten, m\u00eb 18 shkurt\u00eb t\u00eb vitit 2010 n\u00eb Sall\u00ebn e vog\u00ebl t\u00eb Sht\u00ebpis\u00eb s\u00eb Kulturs n\u00eb Bujanoc duke filluar n\u00eb ora 10h, do t\u00eb prezentoj\u00eb rezultatet preliminare t\u00eb Studios s\u00eb vizibilitetit p\u00ebr hapjen e shkollave t\u00eb larta n\u00eb Preshev\u00eb dhe Bujanoc. Studioja \u00ebsht\u00eb rezultat i hulumtimeve disamujore n\u00eb suaza t\u00eb projektit ,,Reforma e politik\u00ebs arsimore n\u00eb Serbin\u00eb jugore\u2019\u2019 i cili ka sistematizuar elementet e sistemit arsimor\u00eb n\u00eb Serbi n\u00eb baz\u00eb t\u00eb p\u00ebrvojave nga regjioni, e m\u00eb pastaj baz\u00eb s\u00eb cilave p\u00ebrvoja ka ofruar skenarin e aktiviteteve t\u00eb ardhshme.\" \/>\n<meta property=\"og:url\" content=\"https:\/\/kt.gov.rs\/sq\/rezultatet-preliminare-te-studios-se-vizibilitetit-per-hapjen-e-shkollave-te-larta-ne-bujanoc-dhe-presheve\/\" \/>\n<meta property=\"og:site_name\" content=\"Republika e S\u00ebrbis\u00eb Trupi Koordinues p\u00ebr komunat Bujanoc, Preshev\u00eb dhe Medvegj\u00eb\" \/>\n<meta property=\"article:publisher\" content=\"https:\/\/www.facebook.com\/SluzbaKoordinacionogTelaVladeRepublikeSrbije\" \/>\n<meta property=\"article:published_time\" content=\"2010-02-16T00:00:00+00:00\" \/>\n<meta name=\"author\" content=\"ktmin\" \/>\n<meta name=\"twitter:card\" content=\"summary_large_image\" \/>\n<meta name=\"twitter:creator\" content=\"@kt_gov\" \/>\n<meta name=\"twitter:site\" content=\"@kt_gov\" \/>\n<meta name=\"twitter:label1\" content=\"Written by\" \/>\n\t<meta name=\"twitter:data1\" content=\"ktmin\" \/>\n\t<meta name=\"twitter:label2\" content=\"Est. reading time\" \/>\n\t<meta name=\"twitter:data2\" content=\"2 minutes\" \/>\n<script type=\"application\/ld+json\" class=\"yoast-schema-graph\">{\"@context\":\"https:\\\/\\\/schema.org\",\"@graph\":[{\"@type\":\"Article\",\"@id\":\"https:\\\/\\\/kt.gov.rs\\\/sq\\\/rezultatet-preliminare-te-studios-se-vizibilitetit-per-hapjen-e-shkollave-te-larta-ne-bujanoc-dhe-presheve\\\/#article\",\"isPartOf\":{\"@id\":\"https:\\\/\\\/kt.gov.rs\\\/sq\\\/rezultatet-preliminare-te-studios-se-vizibilitetit-per-hapjen-e-shkollave-te-larta-ne-bujanoc-dhe-presheve\\\/\"},\"author\":{\"name\":\"ktmin\",\"@id\":\"https:\\\/\\\/kt.gov.rs\\\/#\\\/schema\\\/person\\\/e426459ddb4173309103390602694571\"},\"headline\":\"REZULTATET PRELIMINARE T\u00cb STUDIOS S\u00cb VIZIBILITETIT P\u00cbR HAPJEN E SHKOLLAVE T\u00cb LARTA N\u00cb BUJANOC DHE PRESHEV\u00cb\",\"datePublished\":\"2010-02-16T00:00:00+00:00\",\"mainEntityOfPage\":{\"@id\":\"https:\\\/\\\/kt.gov.rs\\\/sq\\\/rezultatet-preliminare-te-studios-se-vizibilitetit-per-hapjen-e-shkollave-te-larta-ne-bujanoc-dhe-presheve\\\/\"},\"wordCount\":321,\"publisher\":{\"@id\":\"https:\\\/\\\/kt.gov.rs\\\/#organization\"},\"articleSection\":[\"Lajme\"],\"inLanguage\":\"sq-AL\"},{\"@type\":\"WebPage\",\"@id\":\"https:\\\/\\\/kt.gov.rs\\\/sq\\\/rezultatet-preliminare-te-studios-se-vizibilitetit-per-hapjen-e-shkollave-te-larta-ne-bujanoc-dhe-presheve\\\/\",\"url\":\"https:\\\/\\\/kt.gov.rs\\\/sq\\\/rezultatet-preliminare-te-studios-se-vizibilitetit-per-hapjen-e-shkollave-te-larta-ne-bujanoc-dhe-presheve\\\/\",\"name\":\"REZULTATET PRELIMINARE T\u00cb STUDIOS S\u00cb VIZIBILITETIT P\u00cbR HAPJEN E SHKOLLAVE T\u00cb LARTA N\u00cb BUJANOC DHE PRESHEV\u00cb - Republika e S\u00ebrbis\u00eb Trupi Koordinues p\u00ebr komunat Bujanoc, Preshev\u00eb dhe Medvegj\u00eb\",\"isPartOf\":{\"@id\":\"https:\\\/\\\/kt.gov.rs\\\/#website\"},\"datePublished\":\"2010-02-16T00:00:00+00:00\",\"breadcrumb\":{\"@id\":\"https:\\\/\\\/kt.gov.rs\\\/sq\\\/rezultatet-preliminare-te-studios-se-vizibilitetit-per-hapjen-e-shkollave-te-larta-ne-bujanoc-dhe-presheve\\\/#breadcrumb\"},\"inLanguage\":\"sq-AL\",\"potentialAction\":[{\"@type\":\"ReadAction\",\"target\":[\"https:\\\/\\\/kt.gov.rs\\\/sq\\\/rezultatet-preliminare-te-studios-se-vizibilitetit-per-hapjen-e-shkollave-te-larta-ne-bujanoc-dhe-presheve\\\/\"]}]},{\"@type\":\"BreadcrumbList\",\"@id\":\"https:\\\/\\\/kt.gov.rs\\\/sq\\\/rezultatet-preliminare-te-studios-se-vizibilitetit-per-hapjen-e-shkollave-te-larta-ne-bujanoc-dhe-presheve\\\/#breadcrumb\",\"itemListElement\":[{\"@type\":\"ListItem\",\"position\":1,\"name\":\"\u041f\u043e\u0447\u0435\u0442\u043d\u0430\",\"item\":\"https:\\\/\\\/kt.gov.rs\\\/sq\\\/\"},{\"@type\":\"ListItem\",\"position\":2,\"name\":\"REZULTATET PRELIMINARE T\u00cb STUDIOS S\u00cb VIZIBILITETIT P\u00cbR HAPJEN E SHKOLLAVE T\u00cb LARTA N\u00cb BUJANOC DHE PRESHEV\u00cb\"}]},{\"@type\":\"WebSite\",\"@id\":\"https:\\\/\\\/kt.gov.rs\\\/#website\",\"url\":\"https:\\\/\\\/kt.gov.rs\\\/\",\"name\":\"\u041a\u043e\u043e\u0440\u0434\u0438\u043d\u0430\u0446\u0438\u043e\u043d\u043e \u0442\u0435\u043b\u043e \u0412\u043b\u0430\u0434\u0435 \u0420\u0435\u043f\u0443\u0431\u043b\u0438\u043a\u0435 \u0421\u0440\u0431\u0438\u0458\u0435 \u0437\u0430 \u043e\u043f\u0448\u0442\u0438\u043d\u0435 \u041f\u0440\u0435\u0448\u0435\u0432\u043e, \u0411\u0443\u0458\u0430\u043d\u043e\u0432\u0430\u0446 \u0438 \u041c\u0435\u0434\u0432\u0435\u0452a\",\"description\":\"\",\"publisher\":{\"@id\":\"https:\\\/\\\/kt.gov.rs\\\/#organization\"},\"alternateName\":\"\u041a\u043e\u043e\u0440\u0434\u0438\u043d\u0430\u0446\u0438\u043e\u043d\u043e \u0442\u0435\u043b\u043e\",\"potentialAction\":[{\"@type\":\"SearchAction\",\"target\":{\"@type\":\"EntryPoint\",\"urlTemplate\":\"https:\\\/\\\/kt.gov.rs\\\/?s={search_term_string}\"},\"query-input\":{\"@type\":\"PropertyValueSpecification\",\"valueRequired\":true,\"valueName\":\"search_term_string\"}}],\"inLanguage\":\"sq-AL\"},{\"@type\":\"Organization\",\"@id\":\"https:\\\/\\\/kt.gov.rs\\\/#organization\",\"name\":\"\u041a\u043e\u043e\u0440\u0434\u0438\u043d\u0430\u0446\u0438\u043e\u043d\u043e \u0442\u0435\u043b\u043e \u0412\u043b\u0430\u0434\u0435 \u0420\u0435\u043f\u0443\u0431\u043b\u0438\u043a\u0435 \u0421\u0440\u0431\u0438\u0458\u0435 \u0437\u0430 \u043e\u043f\u0448\u0442\u0438\u043d\u0435 \u041f\u0440\u0435\u0448\u0435\u0432\u043e, \u0411\u0443\u0458\u0430\u043d\u043e\u0432\u0430\u0446 \u0438 \u041c\u0435\u0434\u0432\u0435\u0452a\",\"alternateName\":\"\u041a\u043e\u043e\u0440\u0434\u0438\u043d\u0430\u0446\u0438\u043e\u043d\u043e \u0442\u0435\u043b\u043e\",\"url\":\"https:\\\/\\\/kt.gov.rs\\\/\",\"logo\":{\"@type\":\"ImageObject\",\"inLanguage\":\"sq-AL\",\"@id\":\"https:\\\/\\\/kt.gov.rs\\\/#\\\/schema\\\/logo\\\/image\\\/\",\"url\":\"https:\\\/\\\/kt.gov.rs\\\/wp-content\\\/uploads\\\/2024\\\/12\\\/koord2.jpg\",\"contentUrl\":\"https:\\\/\\\/kt.gov.rs\\\/wp-content\\\/uploads\\\/2024\\\/12\\\/koord2.jpg\",\"width\":640,\"height\":480,\"caption\":\"\u041a\u043e\u043e\u0440\u0434\u0438\u043d\u0430\u0446\u0438\u043e\u043d\u043e \u0442\u0435\u043b\u043e \u0412\u043b\u0430\u0434\u0435 \u0420\u0435\u043f\u0443\u0431\u043b\u0438\u043a\u0435 \u0421\u0440\u0431\u0438\u0458\u0435 \u0437\u0430 \u043e\u043f\u0448\u0442\u0438\u043d\u0435 \u041f\u0440\u0435\u0448\u0435\u0432\u043e, \u0411\u0443\u0458\u0430\u043d\u043e\u0432\u0430\u0446 \u0438 \u041c\u0435\u0434\u0432\u0435\u0452a\"},\"image\":{\"@id\":\"https:\\\/\\\/kt.gov.rs\\\/#\\\/schema\\\/logo\\\/image\\\/\"},\"sameAs\":[\"https:\\\/\\\/www.facebook.com\\\/SluzbaKoordinacionogTelaVladeRepublikeSrbije\",\"https:\\\/\\\/x.com\\\/kt_gov\",\"https:\\\/\\\/www.youtube.com\\\/@koordinacionotelo\"]},{\"@type\":\"Person\",\"@id\":\"https:\\\/\\\/kt.gov.rs\\\/#\\\/schema\\\/person\\\/e426459ddb4173309103390602694571\",\"name\":\"ktmin\",\"image\":{\"@type\":\"ImageObject\",\"inLanguage\":\"sq-AL\",\"@id\":\"https:\\\/\\\/secure.gravatar.com\\\/avatar\\\/3985c961109853010c3fbc7ba30365bfba5db3dd6c525831d9c595c7525a615a?s=96&d=mm&r=g\",\"url\":\"https:\\\/\\\/secure.gravatar.com\\\/avatar\\\/3985c961109853010c3fbc7ba30365bfba5db3dd6c525831d9c595c7525a615a?s=96&d=mm&r=g\",\"contentUrl\":\"https:\\\/\\\/secure.gravatar.com\\\/avatar\\\/3985c961109853010c3fbc7ba30365bfba5db3dd6c525831d9c595c7525a615a?s=96&d=mm&r=g\",\"caption\":\"ktmin\"},\"sameAs\":[\"https:\\\/\\\/kt.gov.rs\"],\"url\":\"https:\\\/\\\/kt.gov.rs\\\/sq\\\/author\\\/ktmin\\\/\"}]}<\/script>\n<!-- \/ Yoast SEO plugin. -->","yoast_head_json":{"title":"REZULTATET PRELIMINARE T\u00cb STUDIOS S\u00cb VIZIBILITETIT P\u00cbR HAPJEN E SHKOLLAVE T\u00cb LARTA N\u00cb BUJANOC DHE PRESHEV\u00cb - Republika e S\u00ebrbis\u00eb Trupi Koordinues p\u00ebr komunat Bujanoc, Preshev\u00eb dhe Medvegj\u00eb","robots":{"index":"index","follow":"follow","max-snippet":"max-snippet:-1","max-image-preview":"max-image-preview:large","max-video-preview":"max-video-preview:-1"},"canonical":"https:\/\/kt.gov.rs\/sq\/rezultatet-preliminare-te-studios-se-vizibilitetit-per-hapjen-e-shkollave-te-larta-ne-bujanoc-dhe-presheve\/","og_locale":"sq_AL","og_type":"article","og_title":"REZULTATET PRELIMINARE T\u00cb STUDIOS S\u00cb VIZIBILITETIT P\u00cbR HAPJEN E SHKOLLAVE T\u00cb LARTA N\u00cb BUJANOC DHE PRESHEV\u00cb - Republika e S\u00ebrbis\u00eb Trupi Koordinues p\u00ebr komunat Bujanoc, Preshev\u00eb dhe Medvegj\u00eb","og_description":"BUJANOC \u2013 Qendra kund\u00ebr dhun\u00ebs dhe Qendra p\u00ebr politik\u00eb arsimore, t\u00eb enjten, m\u00eb 18 shkurt\u00eb t\u00eb vitit 2010 n\u00eb Sall\u00ebn e vog\u00ebl t\u00eb Sht\u00ebpis\u00eb s\u00eb Kulturs n\u00eb Bujanoc duke filluar n\u00eb ora 10h, do t\u00eb prezentoj\u00eb rezultatet preliminare t\u00eb Studios s\u00eb vizibilitetit p\u00ebr hapjen e shkollave t\u00eb larta n\u00eb Preshev\u00eb dhe Bujanoc. Studioja \u00ebsht\u00eb rezultat i hulumtimeve disamujore n\u00eb suaza t\u00eb projektit ,,Reforma e politik\u00ebs arsimore n\u00eb Serbin\u00eb jugore\u2019\u2019 i cili ka sistematizuar elementet e sistemit arsimor\u00eb n\u00eb Serbi n\u00eb baz\u00eb t\u00eb p\u00ebrvojave nga regjioni, e m\u00eb pastaj baz\u00eb s\u00eb cilave p\u00ebrvoja ka ofruar skenarin e aktiviteteve t\u00eb ardhshme.","og_url":"https:\/\/kt.gov.rs\/sq\/rezultatet-preliminare-te-studios-se-vizibilitetit-per-hapjen-e-shkollave-te-larta-ne-bujanoc-dhe-presheve\/","og_site_name":"Republika e S\u00ebrbis\u00eb Trupi Koordinues p\u00ebr komunat Bujanoc, Preshev\u00eb dhe Medvegj\u00eb","article_publisher":"https:\/\/www.facebook.com\/SluzbaKoordinacionogTelaVladeRepublikeSrbije","article_published_time":"2010-02-16T00:00:00+00:00","author":"ktmin","twitter_card":"summary_large_image","twitter_creator":"@kt_gov","twitter_site":"@kt_gov","twitter_misc":{"Written by":"ktmin","Est. reading time":"2 minutes"},"schema":{"@context":"https:\/\/schema.org","@graph":[{"@type":"Article","@id":"https:\/\/kt.gov.rs\/sq\/rezultatet-preliminare-te-studios-se-vizibilitetit-per-hapjen-e-shkollave-te-larta-ne-bujanoc-dhe-presheve\/#article","isPartOf":{"@id":"https:\/\/kt.gov.rs\/sq\/rezultatet-preliminare-te-studios-se-vizibilitetit-per-hapjen-e-shkollave-te-larta-ne-bujanoc-dhe-presheve\/"},"author":{"name":"ktmin","@id":"https:\/\/kt.gov.rs\/#\/schema\/person\/e426459ddb4173309103390602694571"},"headline":"REZULTATET PRELIMINARE T\u00cb STUDIOS S\u00cb VIZIBILITETIT P\u00cbR HAPJEN E SHKOLLAVE T\u00cb LARTA N\u00cb BUJANOC DHE PRESHEV\u00cb","datePublished":"2010-02-16T00:00:00+00:00","mainEntityOfPage":{"@id":"https:\/\/kt.gov.rs\/sq\/rezultatet-preliminare-te-studios-se-vizibilitetit-per-hapjen-e-shkollave-te-larta-ne-bujanoc-dhe-presheve\/"},"wordCount":321,"publisher":{"@id":"https:\/\/kt.gov.rs\/#organization"},"articleSection":["Lajme"],"inLanguage":"sq-AL"},{"@type":"WebPage","@id":"https:\/\/kt.gov.rs\/sq\/rezultatet-preliminare-te-studios-se-vizibilitetit-per-hapjen-e-shkollave-te-larta-ne-bujanoc-dhe-presheve\/","url":"https:\/\/kt.gov.rs\/sq\/rezultatet-preliminare-te-studios-se-vizibilitetit-per-hapjen-e-shkollave-te-larta-ne-bujanoc-dhe-presheve\/","name":"REZULTATET PRELIMINARE T\u00cb STUDIOS S\u00cb VIZIBILITETIT P\u00cbR HAPJEN E SHKOLLAVE T\u00cb LARTA N\u00cb BUJANOC DHE PRESHEV\u00cb - Republika e S\u00ebrbis\u00eb Trupi Koordinues p\u00ebr komunat Bujanoc, Preshev\u00eb dhe Medvegj\u00eb","isPartOf":{"@id":"https:\/\/kt.gov.rs\/#website"},"datePublished":"2010-02-16T00:00:00+00:00","breadcrumb":{"@id":"https:\/\/kt.gov.rs\/sq\/rezultatet-preliminare-te-studios-se-vizibilitetit-per-hapjen-e-shkollave-te-larta-ne-bujanoc-dhe-presheve\/#breadcrumb"},"inLanguage":"sq-AL","potentialAction":[{"@type":"ReadAction","target":["https:\/\/kt.gov.rs\/sq\/rezultatet-preliminare-te-studios-se-vizibilitetit-per-hapjen-e-shkollave-te-larta-ne-bujanoc-dhe-presheve\/"]}]},{"@type":"BreadcrumbList","@id":"https:\/\/kt.gov.rs\/sq\/rezultatet-preliminare-te-studios-se-vizibilitetit-per-hapjen-e-shkollave-te-larta-ne-bujanoc-dhe-presheve\/#breadcrumb","itemListElement":[{"@type":"ListItem","position":1,"name":"\u041f\u043e\u0447\u0435\u0442\u043d\u0430","item":"https:\/\/kt.gov.rs\/sq\/"},{"@type":"ListItem","position":2,"name":"REZULTATET PRELIMINARE T\u00cb STUDIOS S\u00cb VIZIBILITETIT P\u00cbR HAPJEN E SHKOLLAVE T\u00cb LARTA N\u00cb BUJANOC DHE PRESHEV\u00cb"}]},{"@type":"WebSite","@id":"https:\/\/kt.gov.rs\/#website","url":"https:\/\/kt.gov.rs\/","name":"\u041a\u043e\u043e\u0440\u0434\u0438\u043d\u0430\u0446\u0438\u043e\u043d\u043e \u0442\u0435\u043b\u043e \u0412\u043b\u0430\u0434\u0435 \u0420\u0435\u043f\u0443\u0431\u043b\u0438\u043a\u0435 \u0421\u0440\u0431\u0438\u0458\u0435 \u0437\u0430 \u043e\u043f\u0448\u0442\u0438\u043d\u0435 \u041f\u0440\u0435\u0448\u0435\u0432\u043e, \u0411\u0443\u0458\u0430\u043d\u043e\u0432\u0430\u0446 \u0438 \u041c\u0435\u0434\u0432\u0435\u0452a","description":"","publisher":{"@id":"https:\/\/kt.gov.rs\/#organization"},"alternateName":"\u041a\u043e\u043e\u0440\u0434\u0438\u043d\u0430\u0446\u0438\u043e\u043d\u043e \u0442\u0435\u043b\u043e","potentialAction":[{"@type":"SearchAction","target":{"@type":"EntryPoint","urlTemplate":"https:\/\/kt.gov.rs\/?s={search_term_string}"},"query-input":{"@type":"PropertyValueSpecification","valueRequired":true,"valueName":"search_term_string"}}],"inLanguage":"sq-AL"},{"@type":"Organization","@id":"https:\/\/kt.gov.rs\/#organization","name":"\u041a\u043e\u043e\u0440\u0434\u0438\u043d\u0430\u0446\u0438\u043e\u043d\u043e \u0442\u0435\u043b\u043e \u0412\u043b\u0430\u0434\u0435 \u0420\u0435\u043f\u0443\u0431\u043b\u0438\u043a\u0435 \u0421\u0440\u0431\u0438\u0458\u0435 \u0437\u0430 \u043e\u043f\u0448\u0442\u0438\u043d\u0435 \u041f\u0440\u0435\u0448\u0435\u0432\u043e, \u0411\u0443\u0458\u0430\u043d\u043e\u0432\u0430\u0446 \u0438 \u041c\u0435\u0434\u0432\u0435\u0452a","alternateName":"\u041a\u043e\u043e\u0440\u0434\u0438\u043d\u0430\u0446\u0438\u043e\u043d\u043e \u0442\u0435\u043b\u043e","url":"https:\/\/kt.gov.rs\/","logo":{"@type":"ImageObject","inLanguage":"sq-AL","@id":"https:\/\/kt.gov.rs\/#\/schema\/logo\/image\/","url":"https:\/\/kt.gov.rs\/wp-content\/uploads\/2024\/12\/koord2.jpg","contentUrl":"https:\/\/kt.gov.rs\/wp-content\/uploads\/2024\/12\/koord2.jpg","width":640,"height":480,"caption":"\u041a\u043e\u043e\u0440\u0434\u0438\u043d\u0430\u0446\u0438\u043e\u043d\u043e \u0442\u0435\u043b\u043e \u0412\u043b\u0430\u0434\u0435 \u0420\u0435\u043f\u0443\u0431\u043b\u0438\u043a\u0435 \u0421\u0440\u0431\u0438\u0458\u0435 \u0437\u0430 \u043e\u043f\u0448\u0442\u0438\u043d\u0435 \u041f\u0440\u0435\u0448\u0435\u0432\u043e, \u0411\u0443\u0458\u0430\u043d\u043e\u0432\u0430\u0446 \u0438 \u041c\u0435\u0434\u0432\u0435\u0452a"},"image":{"@id":"https:\/\/kt.gov.rs\/#\/schema\/logo\/image\/"},"sameAs":["https:\/\/www.facebook.com\/SluzbaKoordinacionogTelaVladeRepublikeSrbije","https:\/\/x.com\/kt_gov","https:\/\/www.youtube.com\/@koordinacionotelo"]},{"@type":"Person","@id":"https:\/\/kt.gov.rs\/#\/schema\/person\/e426459ddb4173309103390602694571","name":"ktmin","image":{"@type":"ImageObject","inLanguage":"sq-AL","@id":"https:\/\/secure.gravatar.com\/avatar\/3985c961109853010c3fbc7ba30365bfba5db3dd6c525831d9c595c7525a615a?s=96&d=mm&r=g","url":"https:\/\/secure.gravatar.com\/avatar\/3985c961109853010c3fbc7ba30365bfba5db3dd6c525831d9c595c7525a615a?s=96&d=mm&r=g","contentUrl":"https:\/\/secure.gravatar.com\/avatar\/3985c961109853010c3fbc7ba30365bfba5db3dd6c525831d9c595c7525a615a?s=96&d=mm&r=g","caption":"ktmin"},"sameAs":["https:\/\/kt.gov.rs"],"url":"https:\/\/kt.gov.rs\/sq\/author\/ktmin\/"}]}},"_links":{"self":[{"href":"https:\/\/kt.gov.rs\/sq\/wp-json\/wp\/v2\/posts\/143035","targetHints":{"allow":["GET"]}}],"collection":[{"href":"https:\/\/kt.gov.rs\/sq\/wp-json\/wp\/v2\/posts"}],"about":[{"href":"https:\/\/kt.gov.rs\/sq\/wp-json\/wp\/v2\/types\/post"}],"author":[{"embeddable":true,"href":"https:\/\/kt.gov.rs\/sq\/wp-json\/wp\/v2\/users\/1"}],"replies":[{"embeddable":true,"href":"https:\/\/kt.gov.rs\/sq\/wp-json\/wp\/v2\/comments?post=143035"}],"version-history":[{"count":0,"href":"https:\/\/kt.gov.rs\/sq\/wp-json\/wp\/v2\/posts\/143035\/revisions"}],"wp:attachment":[{"href":"https:\/\/kt.gov.rs\/sq\/wp-json\/wp\/v2\/media?parent=143035"}],"wp:term":[{"taxonomy":"category","embeddable":true,"href":"https:\/\/kt.gov.rs\/sq\/wp-json\/wp\/v2\/categories?post=143035"},{"taxonomy":"post_tag","embeddable":true,"href":"https:\/\/kt.gov.rs\/sq\/wp-json\/wp\/v2\/tags?post=143035"}],"curies":[{"name":"wp","href":"https:\/\/api.w.org\/{rel}","templated":true}]}}