{"id":143008,"date":"2010-02-18T00:00:00","date_gmt":"2010-02-18T00:00:00","guid":{"rendered":"http:\/\/kt.printandscreen.rs\/shqipetaret-dhe-serbet-e-rinje-duan-fjalorin-shqip-serbisht\/"},"modified":"2024-07-30T20:23:24","modified_gmt":"2024-07-30T20:23:24","slug":"shqipetaret-dhe-serbet-e-rinje-duan-fjalorin-shqip-serbisht","status":"publish","type":"post","link":"https:\/\/kt.gov.rs\/sq\/shqipetaret-dhe-serbet-e-rinje-duan-fjalorin-shqip-serbisht\/","title":{"rendered":"SHQIP\u00cbTAR\u00cbT DHE SERB\u00cbT E RINJ\u00cb DUAN FJALORIN SHQIP-SERBISHT"},"content":{"rendered":"<p>\n<meta content=\"text\/html; charset=utf-8\" http-equiv=\"Content-Type\"><br \/>\n<meta content=\"Word.Document\" name=\"ProgId\"><br \/>\n<meta content=\"Microsoft Word 11\" name=\"Generator\"><br \/>\n<meta content=\"Microsoft Word 11\" name=\"Originator\">\n<link href=\"file:\/\/\/C:%5CDOCUME%7E1%5Coliver%5CLOCALS%7E1%5CTemp%5Cmsohtml1%5C01%5Cclip_filelist.xml\" rel=\"File-List\" \/><!--[if gte mso 9]><xml>\n \n  Normal\n  0\n  \n  \n  false\n  false\n  false\n  \n   \n   \n   \n   \n   \n  \n  MicrosoftInternetExplorer4\n \n<\/xml><![endif]--><!--[if gte mso 9]><![endif]--><\/p>\n<style type=\"text\/css\">\n<!--\n \/* Font Definitions *\/\n @font-face\n\t{\"Arial Unicode MS\";\n\tpanose-1:2 11 6 4 2 2 2 2 2 4;}\n@font-face\n\t{\"@Arial Unicode MS\";\n\tpanose-1:2 11 6 4 2 2 2 2 2 4;}\n \/* Style Definitions *\/\n p.MsoNormal, li.MsoNormal, div.MsoNormal\n\t{mso-style-parent:\"\";\n\tmargin:0in;\n\tmargin-bottom:.0001pt;\n\tfont-size:12.0pt;\"Times New Roman\";\n\tmso-fareast-\"Times New Roman\";}\n@page Section1\n\t{size:8.5in 11.0in;\n\tmargin:1.0in 1.25in 1.0in 1.25in;}\ndiv.Section1\n\t{page:Section1;}\n-->\n<\/style>\n<p><!--[if gte mso 10]>\n\n\n<style>\n \/* Style Definitions *\/\n table.MsoNormalTable\n\t{mso-style-name:\"Table Normal\";\n\tmso-style-parent:\"\";\n\tfont-size:10.0pt;\"Times New Roman\";}\n<\/style>\n\n\n<![endif]-->     <\/meta><br \/>\n<\/meta><br \/>\n<\/meta><br \/>\n<\/meta>\n<\/p>\n<p><img decoding=\"async\" align=\"left\" src=\"https:\/\/kt.gov.rs\/wp-content\/uploads\/2024\/07\/pic100vesti12-4.jpg\" alt=\"\" \/>Nx\u00ebn\u00ebsit e shkollave t\u00eb mesme, Shqip\u00ebtar\u00eb dhe Serb\u00eb, duan t\u00eb p\u00ebrpilojn\u00eb fjalorin shqip-serbisht i cili do t\u2019ua leht\u00ebsonte komunikimin e p\u00ebrditsh\u00ebm. Ky \u00ebsht\u00eb nj\u00ebri nd\u00ebr konkluzionet e pun\u00ebtoris\u00eb mbi nevojat kulturore t\u00eb rinis\u00eb Preshevare t\u00eb cilin e ka organizuar Qendra p\u00ebr demokraci dhe zhvillim t\u00eb Serbis\u00eb jugore. T\u00eb rinj\u00ebt Shqip\u00ebtar\u00eb dhe Serb\u00eb jan\u00eb t\u00eb pajtimit se organizimi i nj\u00eb kursi intenziv p\u00ebr m\u00ebsimin e gjuh\u00ebs serbe dhe shqipe \u00ebsht\u00eb nj\u00eb ide e mir\u00eb dhe konsiderojn\u00eb q\u00eb nj\u00eb num\u00ebr i madh i moshatar\u00ebve t\u00eb tyre dhe shum\u00eb t\u00eb rinj\u00eb t\u00eb tjer\u00eb do t\u00eb jen\u00eb t\u00eb interesuar p\u00ebr vijimin e k\u00ebtij\u00eb kurs.<\/p>\n<p>P\u00ebrpos k\u00ebsaj\u00eb, t\u00eb rinj\u00ebt Shqip\u00ebtar\u00eb, Serb\u00eb dhe Rom\u00eb t\u00eb Preshev\u00ebs kan\u00eb ide p\u00ebr projekte t\u00eb p\u00ebrbashk\u00ebta, mir\u00ebpo u nevojitet edhe mb\u00ebshtetja e t\u00eb rriturve n\u00eb sigurimin e kushteve finansiare. Psikologu i shkoll\u00ebs s\u00eb mesme zot\u00ebri Sami Salihu tha se n\u00eb Preshev\u00eb ka t\u00eb rinj\u00eb t\u00eb talentuar nga t\u00eb gjitha komunitetet t\u00eb cil\u00ebt kan\u00eb d\u00ebshir\u00eb t\u00eb merren me sport, kultur\u00eb dhe muzik\u00eb, mir\u00ebpo atyre duhet t\u2019u ndihmohet nga ana e t\u00eb rriturve.<\/p>\n<p>Kryeshefi i zyres s\u00eb Trupit Koordinues n\u00eb Preshev\u00eb, Branko Delibashiq, duke marr\u00eb pjes\u00eb n\u00eb k\u00ebt\u00eb pun\u00ebtori, tha se Trupi Koordinues ka parapare ndarje t\u00eb konsiderueshme t\u00eb \u00a0mjeteve finansiare p\u00ebr mb\u00ebshtetjen e aktiviteteve rinore n\u00eb Preshev\u00eb, Bujanoc dhe Medvegj\u00eb. Ai p\u00ebrkujtoi se konkursi p\u00ebr projekte t\u00eb ngjajshme do t\u00eb shpallet dy her\u00eb n\u00eb vit\u00eb dhe se disa nga idet\u00eb t\u00eb cilat u paraqit\u00ebn gjat\u00eb k\u00ebsaj\u00eb pun\u00ebtorie mund\u00eb t\u00eb sh\u00ebnd\u00ebrrohen n\u00eb projekte me t\u00eb cilat do t\u00eb mund\u00eb t\u00eb konkurohej p\u00ebr finansimin e tyre nga ana e Trupit Koordinues p\u00ebr komunat Preshev\u00eb, Bujanoc dhe Medvegj\u00eb.<\/p>\n<p>Pun\u00ebtoria n\u00eb Preshev\u00eb \u00ebsht\u00eb organizuar n\u00eb suaza t\u00eb projektit ,,Proovimi i nevojave kulturore n\u00eb frym\u00ebn e toleranc\u00ebs n\u00eb mes t\u00eb rinis\u00eb dhe f\u00ebmij\u00ebve n\u00eb komunat Preshev\u00eb, Bujanoc dhe Medvegj\u00eb\u2019\u2019 t\u00eb cilin e p\u00ebrkrah\u00eb Trupi Koordinues p\u00ebr Serbin\u00eb jugore nd\u00ebrsa realizohet nga Qendra p\u00ebr demokraci dhe zhvillim t\u00eb Serbis\u00eb jugore.<\/p>\n","protected":false},"excerpt":{"rendered":"<p>Nx\u00ebn\u00ebsit e shkollave t\u00eb mesme, Shqip\u00ebtar\u00eb dhe Serb\u00eb, duan t\u00eb p\u00ebrpilojn\u00eb fjalorin shqip-serbisht i cili do t\u2019ua leht\u00ebsonte komunikimin e p\u00ebrditsh\u00ebm. Ky \u00ebsht\u00eb nj\u00ebri nd\u00ebr konkluzionet e pun\u00ebtoris\u00eb mbi nevojat kulturore t\u00eb rinis\u00eb Preshevare t\u00eb cilin e ka organizuar Qendra p\u00ebr demokraci dhe zhvillim t\u00eb Serbis\u00eb jugore.<\/p>\n","protected":false},"author":1,"featured_media":143013,"comment_status":"closed","ping_status":"closed","sticky":false,"template":"","format":"standard","meta":{"footnotes":""},"categories":[55],"tags":[],"class_list":["post-143008","post","type-post","status-publish","format-standard","has-post-thumbnail","hentry","category-lajme"],"yoast_head":"<!-- This site is optimized with the Yoast SEO plugin v27.4 - https:\/\/yoast.com\/product\/yoast-seo-wordpress\/ -->\n<title>SHQIP\u00cbTAR\u00cbT DHE SERB\u00cbT E RINJ\u00cb DUAN FJALORIN SHQIP-SERBISHT - Republika e S\u00ebrbis\u00eb Trupi Koordinues p\u00ebr komunat Bujanoc, Preshev\u00eb dhe Medvegj\u00eb<\/title>\n<meta name=\"robots\" content=\"index, follow, max-snippet:-1, max-image-preview:large, max-video-preview:-1\" \/>\n<link rel=\"canonical\" href=\"https:\/\/kt.gov.rs\/sq\/shqipetaret-dhe-serbet-e-rinje-duan-fjalorin-shqip-serbisht\/\" \/>\n<meta property=\"og:locale\" content=\"sq_AL\" \/>\n<meta property=\"og:type\" content=\"article\" \/>\n<meta property=\"og:title\" content=\"SHQIP\u00cbTAR\u00cbT DHE SERB\u00cbT E RINJ\u00cb DUAN FJALORIN SHQIP-SERBISHT - Republika e S\u00ebrbis\u00eb Trupi Koordinues p\u00ebr komunat Bujanoc, Preshev\u00eb dhe Medvegj\u00eb\" \/>\n<meta property=\"og:description\" content=\"Nx\u00ebn\u00ebsit e shkollave t\u00eb mesme, Shqip\u00ebtar\u00eb dhe Serb\u00eb, duan t\u00eb p\u00ebrpilojn\u00eb fjalorin shqip-serbisht i cili do t\u2019ua leht\u00ebsonte komunikimin e p\u00ebrditsh\u00ebm. Ky \u00ebsht\u00eb nj\u00ebri nd\u00ebr konkluzionet e pun\u00ebtoris\u00eb mbi nevojat kulturore t\u00eb rinis\u00eb Preshevare t\u00eb cilin e ka organizuar Qendra p\u00ebr demokraci dhe zhvillim t\u00eb Serbis\u00eb jugore.\" \/>\n<meta property=\"og:url\" content=\"https:\/\/kt.gov.rs\/sq\/shqipetaret-dhe-serbet-e-rinje-duan-fjalorin-shqip-serbisht\/\" \/>\n<meta property=\"og:site_name\" content=\"Republika e S\u00ebrbis\u00eb Trupi Koordinues p\u00ebr komunat Bujanoc, Preshev\u00eb dhe Medvegj\u00eb\" \/>\n<meta property=\"article:publisher\" content=\"https:\/\/www.facebook.com\/SluzbaKoordinacionogTelaVladeRepublikeSrbije\" \/>\n<meta property=\"article:published_time\" content=\"2010-02-18T00:00:00+00:00\" \/>\n<meta property=\"article:modified_time\" content=\"2024-07-30T20:23:24+00:00\" \/>\n<meta property=\"og:image\" content=\"https:\/\/kt.gov.rs\/wp-content\/uploads\/2024\/07\/pic100vesti12-5.jpg\" \/>\n\t<meta property=\"og:image:width\" content=\"250\" \/>\n\t<meta property=\"og:image:height\" content=\"166\" \/>\n\t<meta property=\"og:image:type\" content=\"image\/jpeg\" \/>\n<meta name=\"author\" content=\"ktmin\" \/>\n<meta name=\"twitter:card\" content=\"summary_large_image\" \/>\n<meta name=\"twitter:creator\" content=\"@kt_gov\" \/>\n<meta name=\"twitter:site\" content=\"@kt_gov\" \/>\n<meta name=\"twitter:label1\" content=\"Written by\" \/>\n\t<meta name=\"twitter:data1\" content=\"ktmin\" \/>\n\t<meta name=\"twitter:label2\" content=\"Est. reading time\" \/>\n\t<meta name=\"twitter:data2\" content=\"2 minutes\" \/>\n<script type=\"application\/ld+json\" class=\"yoast-schema-graph\">{\"@context\":\"https:\\\/\\\/schema.org\",\"@graph\":[{\"@type\":\"Article\",\"@id\":\"https:\\\/\\\/kt.gov.rs\\\/sq\\\/shqipetaret-dhe-serbet-e-rinje-duan-fjalorin-shqip-serbisht\\\/#article\",\"isPartOf\":{\"@id\":\"https:\\\/\\\/kt.gov.rs\\\/sq\\\/shqipetaret-dhe-serbet-e-rinje-duan-fjalorin-shqip-serbisht\\\/\"},\"author\":{\"name\":\"ktmin\",\"@id\":\"https:\\\/\\\/kt.gov.rs\\\/#\\\/schema\\\/person\\\/e426459ddb4173309103390602694571\"},\"headline\":\"SHQIP\u00cbTAR\u00cbT DHE SERB\u00cbT E RINJ\u00cb DUAN FJALORIN SHQIP-SERBISHT\",\"datePublished\":\"2010-02-18T00:00:00+00:00\",\"dateModified\":\"2024-07-30T20:23:24+00:00\",\"mainEntityOfPage\":{\"@id\":\"https:\\\/\\\/kt.gov.rs\\\/sq\\\/shqipetaret-dhe-serbet-e-rinje-duan-fjalorin-shqip-serbisht\\\/\"},\"wordCount\":388,\"publisher\":{\"@id\":\"https:\\\/\\\/kt.gov.rs\\\/#organization\"},\"image\":{\"@id\":\"https:\\\/\\\/kt.gov.rs\\\/sq\\\/shqipetaret-dhe-serbet-e-rinje-duan-fjalorin-shqip-serbisht\\\/#primaryimage\"},\"thumbnailUrl\":\"https:\\\/\\\/kt.gov.rs\\\/wp-content\\\/uploads\\\/2024\\\/07\\\/pic100vesti12-5.jpg\",\"articleSection\":[\"Lajme\"],\"inLanguage\":\"sq-AL\"},{\"@type\":\"WebPage\",\"@id\":\"https:\\\/\\\/kt.gov.rs\\\/sq\\\/shqipetaret-dhe-serbet-e-rinje-duan-fjalorin-shqip-serbisht\\\/\",\"url\":\"https:\\\/\\\/kt.gov.rs\\\/sq\\\/shqipetaret-dhe-serbet-e-rinje-duan-fjalorin-shqip-serbisht\\\/\",\"name\":\"SHQIP\u00cbTAR\u00cbT DHE SERB\u00cbT E RINJ\u00cb DUAN FJALORIN SHQIP-SERBISHT - Republika e S\u00ebrbis\u00eb Trupi Koordinues p\u00ebr komunat Bujanoc, Preshev\u00eb dhe Medvegj\u00eb\",\"isPartOf\":{\"@id\":\"https:\\\/\\\/kt.gov.rs\\\/#website\"},\"primaryImageOfPage\":{\"@id\":\"https:\\\/\\\/kt.gov.rs\\\/sq\\\/shqipetaret-dhe-serbet-e-rinje-duan-fjalorin-shqip-serbisht\\\/#primaryimage\"},\"image\":{\"@id\":\"https:\\\/\\\/kt.gov.rs\\\/sq\\\/shqipetaret-dhe-serbet-e-rinje-duan-fjalorin-shqip-serbisht\\\/#primaryimage\"},\"thumbnailUrl\":\"https:\\\/\\\/kt.gov.rs\\\/wp-content\\\/uploads\\\/2024\\\/07\\\/pic100vesti12-5.jpg\",\"datePublished\":\"2010-02-18T00:00:00+00:00\",\"dateModified\":\"2024-07-30T20:23:24+00:00\",\"breadcrumb\":{\"@id\":\"https:\\\/\\\/kt.gov.rs\\\/sq\\\/shqipetaret-dhe-serbet-e-rinje-duan-fjalorin-shqip-serbisht\\\/#breadcrumb\"},\"inLanguage\":\"sq-AL\",\"potentialAction\":[{\"@type\":\"ReadAction\",\"target\":[\"https:\\\/\\\/kt.gov.rs\\\/sq\\\/shqipetaret-dhe-serbet-e-rinje-duan-fjalorin-shqip-serbisht\\\/\"]}]},{\"@type\":\"ImageObject\",\"inLanguage\":\"sq-AL\",\"@id\":\"https:\\\/\\\/kt.gov.rs\\\/sq\\\/shqipetaret-dhe-serbet-e-rinje-duan-fjalorin-shqip-serbisht\\\/#primaryimage\",\"url\":\"https:\\\/\\\/kt.gov.rs\\\/wp-content\\\/uploads\\\/2024\\\/07\\\/pic100vesti12-5.jpg\",\"contentUrl\":\"https:\\\/\\\/kt.gov.rs\\\/wp-content\\\/uploads\\\/2024\\\/07\\\/pic100vesti12-5.jpg\",\"width\":250,\"height\":166},{\"@type\":\"BreadcrumbList\",\"@id\":\"https:\\\/\\\/kt.gov.rs\\\/sq\\\/shqipetaret-dhe-serbet-e-rinje-duan-fjalorin-shqip-serbisht\\\/#breadcrumb\",\"itemListElement\":[{\"@type\":\"ListItem\",\"position\":1,\"name\":\"\u041f\u043e\u0447\u0435\u0442\u043d\u0430\",\"item\":\"https:\\\/\\\/kt.gov.rs\\\/sq\\\/\"},{\"@type\":\"ListItem\",\"position\":2,\"name\":\"SHQIP\u00cbTAR\u00cbT DHE SERB\u00cbT E RINJ\u00cb DUAN FJALORIN SHQIP-SERBISHT\"}]},{\"@type\":\"WebSite\",\"@id\":\"https:\\\/\\\/kt.gov.rs\\\/#website\",\"url\":\"https:\\\/\\\/kt.gov.rs\\\/\",\"name\":\"\u041a\u043e\u043e\u0440\u0434\u0438\u043d\u0430\u0446\u0438\u043e\u043d\u043e \u0442\u0435\u043b\u043e \u0412\u043b\u0430\u0434\u0435 \u0420\u0435\u043f\u0443\u0431\u043b\u0438\u043a\u0435 \u0421\u0440\u0431\u0438\u0458\u0435 \u0437\u0430 \u043e\u043f\u0448\u0442\u0438\u043d\u0435 \u041f\u0440\u0435\u0448\u0435\u0432\u043e, \u0411\u0443\u0458\u0430\u043d\u043e\u0432\u0430\u0446 \u0438 \u041c\u0435\u0434\u0432\u0435\u0452a\",\"description\":\"\",\"publisher\":{\"@id\":\"https:\\\/\\\/kt.gov.rs\\\/#organization\"},\"alternateName\":\"\u041a\u043e\u043e\u0440\u0434\u0438\u043d\u0430\u0446\u0438\u043e\u043d\u043e \u0442\u0435\u043b\u043e\",\"potentialAction\":[{\"@type\":\"SearchAction\",\"target\":{\"@type\":\"EntryPoint\",\"urlTemplate\":\"https:\\\/\\\/kt.gov.rs\\\/?s={search_term_string}\"},\"query-input\":{\"@type\":\"PropertyValueSpecification\",\"valueRequired\":true,\"valueName\":\"search_term_string\"}}],\"inLanguage\":\"sq-AL\"},{\"@type\":\"Organization\",\"@id\":\"https:\\\/\\\/kt.gov.rs\\\/#organization\",\"name\":\"\u041a\u043e\u043e\u0440\u0434\u0438\u043d\u0430\u0446\u0438\u043e\u043d\u043e \u0442\u0435\u043b\u043e \u0412\u043b\u0430\u0434\u0435 \u0420\u0435\u043f\u0443\u0431\u043b\u0438\u043a\u0435 \u0421\u0440\u0431\u0438\u0458\u0435 \u0437\u0430 \u043e\u043f\u0448\u0442\u0438\u043d\u0435 \u041f\u0440\u0435\u0448\u0435\u0432\u043e, \u0411\u0443\u0458\u0430\u043d\u043e\u0432\u0430\u0446 \u0438 \u041c\u0435\u0434\u0432\u0435\u0452a\",\"alternateName\":\"\u041a\u043e\u043e\u0440\u0434\u0438\u043d\u0430\u0446\u0438\u043e\u043d\u043e \u0442\u0435\u043b\u043e\",\"url\":\"https:\\\/\\\/kt.gov.rs\\\/\",\"logo\":{\"@type\":\"ImageObject\",\"inLanguage\":\"sq-AL\",\"@id\":\"https:\\\/\\\/kt.gov.rs\\\/#\\\/schema\\\/logo\\\/image\\\/\",\"url\":\"https:\\\/\\\/kt.gov.rs\\\/wp-content\\\/uploads\\\/2024\\\/12\\\/koord2.jpg\",\"contentUrl\":\"https:\\\/\\\/kt.gov.rs\\\/wp-content\\\/uploads\\\/2024\\\/12\\\/koord2.jpg\",\"width\":640,\"height\":480,\"caption\":\"\u041a\u043e\u043e\u0440\u0434\u0438\u043d\u0430\u0446\u0438\u043e\u043d\u043e \u0442\u0435\u043b\u043e \u0412\u043b\u0430\u0434\u0435 \u0420\u0435\u043f\u0443\u0431\u043b\u0438\u043a\u0435 \u0421\u0440\u0431\u0438\u0458\u0435 \u0437\u0430 \u043e\u043f\u0448\u0442\u0438\u043d\u0435 \u041f\u0440\u0435\u0448\u0435\u0432\u043e, \u0411\u0443\u0458\u0430\u043d\u043e\u0432\u0430\u0446 \u0438 \u041c\u0435\u0434\u0432\u0435\u0452a\"},\"image\":{\"@id\":\"https:\\\/\\\/kt.gov.rs\\\/#\\\/schema\\\/logo\\\/image\\\/\"},\"sameAs\":[\"https:\\\/\\\/www.facebook.com\\\/SluzbaKoordinacionogTelaVladeRepublikeSrbije\",\"https:\\\/\\\/x.com\\\/kt_gov\",\"https:\\\/\\\/www.youtube.com\\\/@koordinacionotelo\"]},{\"@type\":\"Person\",\"@id\":\"https:\\\/\\\/kt.gov.rs\\\/#\\\/schema\\\/person\\\/e426459ddb4173309103390602694571\",\"name\":\"ktmin\",\"image\":{\"@type\":\"ImageObject\",\"inLanguage\":\"sq-AL\",\"@id\":\"https:\\\/\\\/secure.gravatar.com\\\/avatar\\\/3985c961109853010c3fbc7ba30365bfba5db3dd6c525831d9c595c7525a615a?s=96&d=mm&r=g\",\"url\":\"https:\\\/\\\/secure.gravatar.com\\\/avatar\\\/3985c961109853010c3fbc7ba30365bfba5db3dd6c525831d9c595c7525a615a?s=96&d=mm&r=g\",\"contentUrl\":\"https:\\\/\\\/secure.gravatar.com\\\/avatar\\\/3985c961109853010c3fbc7ba30365bfba5db3dd6c525831d9c595c7525a615a?s=96&d=mm&r=g\",\"caption\":\"ktmin\"},\"sameAs\":[\"https:\\\/\\\/kt.gov.rs\"],\"url\":\"https:\\\/\\\/kt.gov.rs\\\/sq\\\/author\\\/ktmin\\\/\"}]}<\/script>\n<!-- \/ Yoast SEO plugin. -->","yoast_head_json":{"title":"SHQIP\u00cbTAR\u00cbT DHE SERB\u00cbT E RINJ\u00cb DUAN FJALORIN SHQIP-SERBISHT - Republika e S\u00ebrbis\u00eb Trupi Koordinues p\u00ebr komunat Bujanoc, Preshev\u00eb dhe Medvegj\u00eb","robots":{"index":"index","follow":"follow","max-snippet":"max-snippet:-1","max-image-preview":"max-image-preview:large","max-video-preview":"max-video-preview:-1"},"canonical":"https:\/\/kt.gov.rs\/sq\/shqipetaret-dhe-serbet-e-rinje-duan-fjalorin-shqip-serbisht\/","og_locale":"sq_AL","og_type":"article","og_title":"SHQIP\u00cbTAR\u00cbT DHE SERB\u00cbT E RINJ\u00cb DUAN FJALORIN SHQIP-SERBISHT - Republika e S\u00ebrbis\u00eb Trupi Koordinues p\u00ebr komunat Bujanoc, Preshev\u00eb dhe Medvegj\u00eb","og_description":"Nx\u00ebn\u00ebsit e shkollave t\u00eb mesme, Shqip\u00ebtar\u00eb dhe Serb\u00eb, duan t\u00eb p\u00ebrpilojn\u00eb fjalorin shqip-serbisht i cili do t\u2019ua leht\u00ebsonte komunikimin e p\u00ebrditsh\u00ebm. Ky \u00ebsht\u00eb nj\u00ebri nd\u00ebr konkluzionet e pun\u00ebtoris\u00eb mbi nevojat kulturore t\u00eb rinis\u00eb Preshevare t\u00eb cilin e ka organizuar Qendra p\u00ebr demokraci dhe zhvillim t\u00eb Serbis\u00eb jugore.","og_url":"https:\/\/kt.gov.rs\/sq\/shqipetaret-dhe-serbet-e-rinje-duan-fjalorin-shqip-serbisht\/","og_site_name":"Republika e S\u00ebrbis\u00eb Trupi Koordinues p\u00ebr komunat Bujanoc, Preshev\u00eb dhe Medvegj\u00eb","article_publisher":"https:\/\/www.facebook.com\/SluzbaKoordinacionogTelaVladeRepublikeSrbije","article_published_time":"2010-02-18T00:00:00+00:00","article_modified_time":"2024-07-30T20:23:24+00:00","og_image":[{"width":250,"height":166,"url":"https:\/\/kt.gov.rs\/wp-content\/uploads\/2024\/07\/pic100vesti12-5.jpg","type":"image\/jpeg"}],"author":"ktmin","twitter_card":"summary_large_image","twitter_creator":"@kt_gov","twitter_site":"@kt_gov","twitter_misc":{"Written by":"ktmin","Est. reading time":"2 minutes"},"schema":{"@context":"https:\/\/schema.org","@graph":[{"@type":"Article","@id":"https:\/\/kt.gov.rs\/sq\/shqipetaret-dhe-serbet-e-rinje-duan-fjalorin-shqip-serbisht\/#article","isPartOf":{"@id":"https:\/\/kt.gov.rs\/sq\/shqipetaret-dhe-serbet-e-rinje-duan-fjalorin-shqip-serbisht\/"},"author":{"name":"ktmin","@id":"https:\/\/kt.gov.rs\/#\/schema\/person\/e426459ddb4173309103390602694571"},"headline":"SHQIP\u00cbTAR\u00cbT DHE SERB\u00cbT E RINJ\u00cb DUAN FJALORIN SHQIP-SERBISHT","datePublished":"2010-02-18T00:00:00+00:00","dateModified":"2024-07-30T20:23:24+00:00","mainEntityOfPage":{"@id":"https:\/\/kt.gov.rs\/sq\/shqipetaret-dhe-serbet-e-rinje-duan-fjalorin-shqip-serbisht\/"},"wordCount":388,"publisher":{"@id":"https:\/\/kt.gov.rs\/#organization"},"image":{"@id":"https:\/\/kt.gov.rs\/sq\/shqipetaret-dhe-serbet-e-rinje-duan-fjalorin-shqip-serbisht\/#primaryimage"},"thumbnailUrl":"https:\/\/kt.gov.rs\/wp-content\/uploads\/2024\/07\/pic100vesti12-5.jpg","articleSection":["Lajme"],"inLanguage":"sq-AL"},{"@type":"WebPage","@id":"https:\/\/kt.gov.rs\/sq\/shqipetaret-dhe-serbet-e-rinje-duan-fjalorin-shqip-serbisht\/","url":"https:\/\/kt.gov.rs\/sq\/shqipetaret-dhe-serbet-e-rinje-duan-fjalorin-shqip-serbisht\/","name":"SHQIP\u00cbTAR\u00cbT DHE SERB\u00cbT E RINJ\u00cb DUAN FJALORIN SHQIP-SERBISHT - Republika e S\u00ebrbis\u00eb Trupi Koordinues p\u00ebr komunat Bujanoc, Preshev\u00eb dhe Medvegj\u00eb","isPartOf":{"@id":"https:\/\/kt.gov.rs\/#website"},"primaryImageOfPage":{"@id":"https:\/\/kt.gov.rs\/sq\/shqipetaret-dhe-serbet-e-rinje-duan-fjalorin-shqip-serbisht\/#primaryimage"},"image":{"@id":"https:\/\/kt.gov.rs\/sq\/shqipetaret-dhe-serbet-e-rinje-duan-fjalorin-shqip-serbisht\/#primaryimage"},"thumbnailUrl":"https:\/\/kt.gov.rs\/wp-content\/uploads\/2024\/07\/pic100vesti12-5.jpg","datePublished":"2010-02-18T00:00:00+00:00","dateModified":"2024-07-30T20:23:24+00:00","breadcrumb":{"@id":"https:\/\/kt.gov.rs\/sq\/shqipetaret-dhe-serbet-e-rinje-duan-fjalorin-shqip-serbisht\/#breadcrumb"},"inLanguage":"sq-AL","potentialAction":[{"@type":"ReadAction","target":["https:\/\/kt.gov.rs\/sq\/shqipetaret-dhe-serbet-e-rinje-duan-fjalorin-shqip-serbisht\/"]}]},{"@type":"ImageObject","inLanguage":"sq-AL","@id":"https:\/\/kt.gov.rs\/sq\/shqipetaret-dhe-serbet-e-rinje-duan-fjalorin-shqip-serbisht\/#primaryimage","url":"https:\/\/kt.gov.rs\/wp-content\/uploads\/2024\/07\/pic100vesti12-5.jpg","contentUrl":"https:\/\/kt.gov.rs\/wp-content\/uploads\/2024\/07\/pic100vesti12-5.jpg","width":250,"height":166},{"@type":"BreadcrumbList","@id":"https:\/\/kt.gov.rs\/sq\/shqipetaret-dhe-serbet-e-rinje-duan-fjalorin-shqip-serbisht\/#breadcrumb","itemListElement":[{"@type":"ListItem","position":1,"name":"\u041f\u043e\u0447\u0435\u0442\u043d\u0430","item":"https:\/\/kt.gov.rs\/sq\/"},{"@type":"ListItem","position":2,"name":"SHQIP\u00cbTAR\u00cbT DHE SERB\u00cbT E RINJ\u00cb DUAN FJALORIN SHQIP-SERBISHT"}]},{"@type":"WebSite","@id":"https:\/\/kt.gov.rs\/#website","url":"https:\/\/kt.gov.rs\/","name":"\u041a\u043e\u043e\u0440\u0434\u0438\u043d\u0430\u0446\u0438\u043e\u043d\u043e \u0442\u0435\u043b\u043e \u0412\u043b\u0430\u0434\u0435 \u0420\u0435\u043f\u0443\u0431\u043b\u0438\u043a\u0435 \u0421\u0440\u0431\u0438\u0458\u0435 \u0437\u0430 \u043e\u043f\u0448\u0442\u0438\u043d\u0435 \u041f\u0440\u0435\u0448\u0435\u0432\u043e, \u0411\u0443\u0458\u0430\u043d\u043e\u0432\u0430\u0446 \u0438 \u041c\u0435\u0434\u0432\u0435\u0452a","description":"","publisher":{"@id":"https:\/\/kt.gov.rs\/#organization"},"alternateName":"\u041a\u043e\u043e\u0440\u0434\u0438\u043d\u0430\u0446\u0438\u043e\u043d\u043e \u0442\u0435\u043b\u043e","potentialAction":[{"@type":"SearchAction","target":{"@type":"EntryPoint","urlTemplate":"https:\/\/kt.gov.rs\/?s={search_term_string}"},"query-input":{"@type":"PropertyValueSpecification","valueRequired":true,"valueName":"search_term_string"}}],"inLanguage":"sq-AL"},{"@type":"Organization","@id":"https:\/\/kt.gov.rs\/#organization","name":"\u041a\u043e\u043e\u0440\u0434\u0438\u043d\u0430\u0446\u0438\u043e\u043d\u043e \u0442\u0435\u043b\u043e \u0412\u043b\u0430\u0434\u0435 \u0420\u0435\u043f\u0443\u0431\u043b\u0438\u043a\u0435 \u0421\u0440\u0431\u0438\u0458\u0435 \u0437\u0430 \u043e\u043f\u0448\u0442\u0438\u043d\u0435 \u041f\u0440\u0435\u0448\u0435\u0432\u043e, \u0411\u0443\u0458\u0430\u043d\u043e\u0432\u0430\u0446 \u0438 \u041c\u0435\u0434\u0432\u0435\u0452a","alternateName":"\u041a\u043e\u043e\u0440\u0434\u0438\u043d\u0430\u0446\u0438\u043e\u043d\u043e \u0442\u0435\u043b\u043e","url":"https:\/\/kt.gov.rs\/","logo":{"@type":"ImageObject","inLanguage":"sq-AL","@id":"https:\/\/kt.gov.rs\/#\/schema\/logo\/image\/","url":"https:\/\/kt.gov.rs\/wp-content\/uploads\/2024\/12\/koord2.jpg","contentUrl":"https:\/\/kt.gov.rs\/wp-content\/uploads\/2024\/12\/koord2.jpg","width":640,"height":480,"caption":"\u041a\u043e\u043e\u0440\u0434\u0438\u043d\u0430\u0446\u0438\u043e\u043d\u043e \u0442\u0435\u043b\u043e \u0412\u043b\u0430\u0434\u0435 \u0420\u0435\u043f\u0443\u0431\u043b\u0438\u043a\u0435 \u0421\u0440\u0431\u0438\u0458\u0435 \u0437\u0430 \u043e\u043f\u0448\u0442\u0438\u043d\u0435 \u041f\u0440\u0435\u0448\u0435\u0432\u043e, \u0411\u0443\u0458\u0430\u043d\u043e\u0432\u0430\u0446 \u0438 \u041c\u0435\u0434\u0432\u0435\u0452a"},"image":{"@id":"https:\/\/kt.gov.rs\/#\/schema\/logo\/image\/"},"sameAs":["https:\/\/www.facebook.com\/SluzbaKoordinacionogTelaVladeRepublikeSrbije","https:\/\/x.com\/kt_gov","https:\/\/www.youtube.com\/@koordinacionotelo"]},{"@type":"Person","@id":"https:\/\/kt.gov.rs\/#\/schema\/person\/e426459ddb4173309103390602694571","name":"ktmin","image":{"@type":"ImageObject","inLanguage":"sq-AL","@id":"https:\/\/secure.gravatar.com\/avatar\/3985c961109853010c3fbc7ba30365bfba5db3dd6c525831d9c595c7525a615a?s=96&d=mm&r=g","url":"https:\/\/secure.gravatar.com\/avatar\/3985c961109853010c3fbc7ba30365bfba5db3dd6c525831d9c595c7525a615a?s=96&d=mm&r=g","contentUrl":"https:\/\/secure.gravatar.com\/avatar\/3985c961109853010c3fbc7ba30365bfba5db3dd6c525831d9c595c7525a615a?s=96&d=mm&r=g","caption":"ktmin"},"sameAs":["https:\/\/kt.gov.rs"],"url":"https:\/\/kt.gov.rs\/sq\/author\/ktmin\/"}]}},"_links":{"self":[{"href":"https:\/\/kt.gov.rs\/sq\/wp-json\/wp\/v2\/posts\/143008","targetHints":{"allow":["GET"]}}],"collection":[{"href":"https:\/\/kt.gov.rs\/sq\/wp-json\/wp\/v2\/posts"}],"about":[{"href":"https:\/\/kt.gov.rs\/sq\/wp-json\/wp\/v2\/types\/post"}],"author":[{"embeddable":true,"href":"https:\/\/kt.gov.rs\/sq\/wp-json\/wp\/v2\/users\/1"}],"replies":[{"embeddable":true,"href":"https:\/\/kt.gov.rs\/sq\/wp-json\/wp\/v2\/comments?post=143008"}],"version-history":[{"count":1,"href":"https:\/\/kt.gov.rs\/sq\/wp-json\/wp\/v2\/posts\/143008\/revisions"}],"predecessor-version":[{"id":143012,"href":"https:\/\/kt.gov.rs\/sq\/wp-json\/wp\/v2\/posts\/143008\/revisions\/143012"}],"wp:featuredmedia":[{"embeddable":true,"href":"https:\/\/kt.gov.rs\/sq\/wp-json\/wp\/v2\/media\/143013"}],"wp:attachment":[{"href":"https:\/\/kt.gov.rs\/sq\/wp-json\/wp\/v2\/media?parent=143008"}],"wp:term":[{"taxonomy":"category","embeddable":true,"href":"https:\/\/kt.gov.rs\/sq\/wp-json\/wp\/v2\/categories?post=143008"},{"taxonomy":"post_tag","embeddable":true,"href":"https:\/\/kt.gov.rs\/sq\/wp-json\/wp\/v2\/tags?post=143008"}],"curies":[{"name":"wp","href":"https:\/\/api.w.org\/{rel}","templated":true}]}}