{"id":142999,"date":"2010-02-20T00:00:00","date_gmt":"2010-02-20T00:00:00","guid":{"rendered":"http:\/\/kt.printandscreen.rs\/deputeti-popullore-riza-halimi-me-maturantet-per-formimin-e-keshillit-nacional-te-shqipetareve\/"},"modified":"2024-07-30T20:23:22","modified_gmt":"2024-07-30T20:23:22","slug":"deputeti-popullore-riza-halimi-me-maturantet-per-formimin-e-keshillit-nacional-te-shqipetareve","status":"publish","type":"post","link":"https:\/\/kt.gov.rs\/sq\/deputeti-popullore-riza-halimi-me-maturantet-per-formimin-e-keshillit-nacional-te-shqipetareve\/","title":{"rendered":"Deputeti popullor\u00eb Riza Halimi me maturant\u00ebt p\u00ebr formimin e K\u00ebshillit Nacional t\u00eb Shqip\u00ebtar\u00ebve"},"content":{"rendered":"<p>\n<meta http-equiv=\"Content-Type\" content=\"text\/html; charset=utf-8\"><br \/>\n<meta name=\"ProgId\" content=\"Word.Document\"><br \/>\n<meta name=\"Generator\" content=\"Microsoft Word 11\"><br \/>\n<meta name=\"Originator\" content=\"Microsoft Word 11\">\n<link rel=\"File-List\" href=\"file:\/\/\/C:%5CDOCUME%7E1%5Coliver%5CLOCALS%7E1%5CTemp%5Cmsohtml1%5C01%5Cclip_filelist.xml\" \/><!--[if gte mso 9]><xml>\n \n  Normal\n  0\n  \n  \n  false\n  false\n  false\n  \n   \n   \n   \n   \n   \n  \n  MicrosoftInternetExplorer4\n \n<\/xml><![endif]--><!--[if gte mso 9]><![endif]--><\/p>\n<style type=\"text\/css\">\n<!--\n \/* Style Definitions *\/\n p.MsoNormal, li.MsoNormal, div.MsoNormal\n\t{mso-style-parent:\"\";\n\tmargin:0in;\n\tmargin-bottom:.0001pt;\n\tfont-size:12.0pt;\"Times New Roman\";\n\tmso-fareast-\"Times New Roman\";}\n@page Section1\n\t{size:8.5in 11.0in;\n\tmargin:1.0in 1.25in 1.0in 1.25in;}\ndiv.Section1\n\t{page:Section1;}\n-->\n<\/style>\n<p><!--[if gte mso 10]>\n\n\n<style>\n \/* Style Definitions *\/\n table.MsoNormalTable\n\t{mso-style-name:\"Table Normal\";\n\tmso-style-parent:\"\";\n\tfont-size:10.0pt;\"Times New Roman\";}\n<\/style>\n\n\n<![endif]-->         <\/meta><br \/>\n<\/meta><br \/>\n<\/meta><br \/>\n<\/meta>\n<\/p>\n<p><img decoding=\"async\" align=\"left\" src=\"https:\/\/kt.gov.rs\/wp-content\/uploads\/2024\/07\/pic201vesti-4.jpg\" alt=\"\" \/>N\u00eb suaza t\u00eb projektit \u201cT\u2019i njohim te drejtat tona\u201d i cili realizohet nga OJQ ,,Qendra p\u00ebr Arsimim Multikulturor\u00eb\u2019\u2019 nga Presheva, n\u00eb zyret e organizat\u00ebs ,,Iniciativa e t\u00eb Rinj\u00ebve p\u00ebr t\u00eb Drejtat e Njeriut\u2019\u2019 \u00ebsht\u00eb organizuar tryeza e rrumbullak\u00ebt mbi r\u00ebnd\u00ebsin\u00eb e formimit t\u00eb K\u00ebshillit Nacional t\u00eb Shqip\u00ebtar\u00ebve.<\/p>\n<p>Deputeti popullor\u00eb n\u00eb parlamentin e Serbis\u00eb, Riza Halimi ka biseduar me afro nj\u00ebzet maturanta nga dy shkollat e mesme t\u00eb Preshev\u00ebs.<\/p>\n<p>Q\u00ebllimet e projektit \u201cT\u2019i njohim te drejtat tona\u201d i ka paraqitur kryetari i OJQ ,,Qendra p\u00ebr Arsimim Multikulturor\u00eb\u2019\u2019 Belul Nasufi i cili nj\u00ebherit fal\u00ebnderoi Trupin Koordinues p\u00ebr komunat Preshev\u00eb, Bujnaoc dhe Medvegj\u00eb i cili finanson k\u00ebt\u00eb projekt. N\u00eb suaza t\u00eb projektit jan\u00eb parapar\u00eb edhe tri tryeza t\u00eb rrumbullak\u00ebta n\u00eb t\u00eb cilat do t\u00eb marin pjes\u00eb kryetari i komun\u00ebs s\u00eb Bujanocit, Shaip Kamberi, z\u00ebvend\u00ebsi i tij\u00eb Nagip Arifi, nd\u00ebrsa n\u00eb takimin e fundit do t\u00eb jet\u00eb i ftuar\u00a0edhe ministri p\u00ebr t\u00eb drejtat e njeriut dhe t\u00eb pakicave dr Svetozar \u00c7ipliq.<\/p>\n<p>Deputeti popullor\u00eb Riza Halimi foli rreth r\u00ebnd\u00ebsis\u00eb dhe rolit t\u00eb K\u00ebshillit Nacional t\u00eb Shqip\u00ebtar\u00ebve, dhe deklaroi se me formimin e K\u00ebshillit Nacional garantohen t\u00eb gjitha t\u00eb drejtat e pakicave t\u00eb parapara me konventat nd\u00ebrkomb\u00ebtare p\u00ebr mbrojtjen e pakicave.<\/p>\n<p>T\u00eb rinj\u00ebt u informuan p\u00ebr mund\u00ebsin\u00eb dhe kompetencat e K\u00ebshillit Nacional p\u00ebrmes s\u00eb cil\u00ebs komuniteti mund\u00eb t\u2019i arrij\u00eb t\u00eb drejtat e tyre t\u00eb parapara me ligj\u00eb dhe mund\u00ebson\u00eb zgjidhjen e problemeve nga sfera e arsimit, kultur\u00ebs, informimit t\u00eb pakicave komb\u00ebtare n\u00eb gjuh\u00ebn e tyre amtare dhe p\u00ebrdorimin zyrtar t\u00eb gjuh\u00ebs s\u00eb tyre, shkrim leximin. P\u00ebrpos k\u00ebsaj\u00eb, K\u00ebshilli Nacional merr pjes\u00eb n\u00eb shum\u00eb procese vendim\u00ebmarr\u00ebse ose vendos\u00eb p\u00ebr gj\u00ebrat e r\u00ebnd\u00ebsishme dhe mund\u00eb t\u00eb jet\u00eb themelues i institucioneve dhe organizatave t\u00eb ndryshme siq jan\u00eb psh mediat elektronike ose revistat n\u00eb gjuh\u00ebn e pakicave. Deputeti Halimi deklaroi se K\u00ebshilli Nacional \u00ebsht\u00eb mund\u00ebsia q\u00eb t\u00eb zgjidhen problemet shum\u00ebvjeqare t\u00eb Shqip\u00ebtar\u00ebve siq jan\u00eb, arsimi, plan\u00ebprogrami arsimor\u00eb dhe tekstet n\u00eb gjuh\u00ebn amtare.<\/p>\n<p>Deri m\u00eb tani p\u00ebr formimin e K\u00ebshillit Nacional t\u00eb Shqip\u00ebtar\u00ebve n\u00eb Preshev\u00eb jan\u00eb mbledhur rreth 8.000 n\u00ebnshkrime nd\u00ebrsa n\u00eb Bujanoc af\u00ebr 7.000 n\u00ebnshkrime. Deputeti popullor\u00eb Halimi tha se \u00ebsht\u00eb optimist dhe se deri n\u00eb fund\u00eb t\u00eb afatit do t\u00eb mblidhen num\u00ebr i mjaftuesh\u00ebm i n\u00ebnshkrimeve p\u00ebr formimin e K\u00ebshillit Nacional.<\/p>\n<p>Belul Nasufi maturant\u00ebve u prezentoi Konvent\u00ebn nd\u00ebrkomb\u00ebtare p\u00ebr t\u00eb drejtat e njeriut, t\u00eb drejtat e pakicave n\u00eb suaza t\u00eb Kushtetut\u00ebs s\u00eb Serbis\u00eb dhe Ligjin p\u00ebr pakicat Komb\u00ebtare.<\/p>\n<p>\u00a0<\/p>\n","protected":false},"excerpt":{"rendered":"<p>N\u00eb suaza t\u00eb projektit \u201cT\u2019i njohim te drejtat tona\u201d i cili realizohet nga OJQ ,,Qendra p\u00ebr Arsimim Multikulturor\u00eb\u2019\u2019 nga Presheva, n\u00eb zyret e organizat\u00ebs ,,Iniciativa e t\u00eb Rinj\u00ebve p\u00ebr t\u00eb Drejtat e Njeriut\u2019\u2019 \u00ebsht\u00eb organizuar tryeza e rrumbullak\u00ebt mbi r\u00ebnd\u00ebsin\u00eb e formimit t\u00eb K\u00ebshillit Nacional t\u00eb Shqip\u00ebtar\u00ebve.<\/p>\n","protected":false},"author":1,"featured_media":143004,"comment_status":"closed","ping_status":"closed","sticky":false,"template":"","format":"standard","meta":{"footnotes":""},"categories":[55],"tags":[],"class_list":["post-142999","post","type-post","status-publish","format-standard","has-post-thumbnail","hentry","category-lajme"],"yoast_head":"<!-- This site is optimized with the Yoast SEO plugin v27.4 - https:\/\/yoast.com\/product\/yoast-seo-wordpress\/ -->\n<title>Deputeti popullor\u00eb Riza Halimi me maturant\u00ebt p\u00ebr formimin e K\u00ebshillit Nacional t\u00eb Shqip\u00ebtar\u00ebve - Republika e S\u00ebrbis\u00eb Trupi Koordinues p\u00ebr komunat Bujanoc, Preshev\u00eb dhe Medvegj\u00eb<\/title>\n<meta name=\"robots\" content=\"index, follow, max-snippet:-1, max-image-preview:large, max-video-preview:-1\" \/>\n<link rel=\"canonical\" href=\"https:\/\/kt.gov.rs\/sq\/deputeti-popullore-riza-halimi-me-maturantet-per-formimin-e-keshillit-nacional-te-shqipetareve\/\" \/>\n<meta property=\"og:locale\" content=\"sq_AL\" \/>\n<meta property=\"og:type\" content=\"article\" \/>\n<meta property=\"og:title\" content=\"Deputeti popullor\u00eb Riza Halimi me maturant\u00ebt p\u00ebr formimin e K\u00ebshillit Nacional t\u00eb Shqip\u00ebtar\u00ebve - Republika e S\u00ebrbis\u00eb Trupi Koordinues p\u00ebr komunat Bujanoc, Preshev\u00eb dhe Medvegj\u00eb\" \/>\n<meta property=\"og:description\" content=\"N\u00eb suaza t\u00eb projektit \u201cT\u2019i njohim te drejtat tona\u201d i cili realizohet nga OJQ ,,Qendra p\u00ebr Arsimim Multikulturor\u00eb\u2019\u2019 nga Presheva, n\u00eb zyret e organizat\u00ebs ,,Iniciativa e t\u00eb Rinj\u00ebve p\u00ebr t\u00eb Drejtat e Njeriut\u2019\u2019 \u00ebsht\u00eb organizuar tryeza e rrumbullak\u00ebt mbi r\u00ebnd\u00ebsin\u00eb e formimit t\u00eb K\u00ebshillit Nacional t\u00eb Shqip\u00ebtar\u00ebve.\" \/>\n<meta property=\"og:url\" content=\"https:\/\/kt.gov.rs\/sq\/deputeti-popullore-riza-halimi-me-maturantet-per-formimin-e-keshillit-nacional-te-shqipetareve\/\" \/>\n<meta property=\"og:site_name\" content=\"Republika e S\u00ebrbis\u00eb Trupi Koordinues p\u00ebr komunat Bujanoc, Preshev\u00eb dhe Medvegj\u00eb\" \/>\n<meta property=\"article:publisher\" content=\"https:\/\/www.facebook.com\/SluzbaKoordinacionogTelaVladeRepublikeSrbije\" \/>\n<meta property=\"article:published_time\" content=\"2010-02-20T00:00:00+00:00\" \/>\n<meta property=\"article:modified_time\" content=\"2024-07-30T20:23:22+00:00\" \/>\n<meta property=\"og:image\" content=\"https:\/\/kt.gov.rs\/wp-content\/uploads\/2024\/07\/pic201vesti-5.jpg\" \/>\n\t<meta property=\"og:image:width\" content=\"250\" \/>\n\t<meta property=\"og:image:height\" content=\"166\" \/>\n\t<meta property=\"og:image:type\" content=\"image\/jpeg\" \/>\n<meta name=\"author\" content=\"ktmin\" \/>\n<meta name=\"twitter:card\" content=\"summary_large_image\" \/>\n<meta name=\"twitter:creator\" content=\"@kt_gov\" \/>\n<meta name=\"twitter:site\" content=\"@kt_gov\" \/>\n<meta name=\"twitter:label1\" content=\"Written by\" \/>\n\t<meta name=\"twitter:data1\" content=\"ktmin\" \/>\n\t<meta name=\"twitter:label2\" content=\"Est. reading time\" \/>\n\t<meta name=\"twitter:data2\" content=\"2 minutes\" \/>\n<script type=\"application\/ld+json\" class=\"yoast-schema-graph\">{\"@context\":\"https:\\\/\\\/schema.org\",\"@graph\":[{\"@type\":\"Article\",\"@id\":\"https:\\\/\\\/kt.gov.rs\\\/sq\\\/deputeti-popullore-riza-halimi-me-maturantet-per-formimin-e-keshillit-nacional-te-shqipetareve\\\/#article\",\"isPartOf\":{\"@id\":\"https:\\\/\\\/kt.gov.rs\\\/sq\\\/deputeti-popullore-riza-halimi-me-maturantet-per-formimin-e-keshillit-nacional-te-shqipetareve\\\/\"},\"author\":{\"name\":\"ktmin\",\"@id\":\"https:\\\/\\\/kt.gov.rs\\\/#\\\/schema\\\/person\\\/e426459ddb4173309103390602694571\"},\"headline\":\"Deputeti popullor\u00eb Riza Halimi me maturant\u00ebt p\u00ebr formimin e K\u00ebshillit Nacional t\u00eb Shqip\u00ebtar\u00ebve\",\"datePublished\":\"2010-02-20T00:00:00+00:00\",\"dateModified\":\"2024-07-30T20:23:22+00:00\",\"mainEntityOfPage\":{\"@id\":\"https:\\\/\\\/kt.gov.rs\\\/sq\\\/deputeti-popullore-riza-halimi-me-maturantet-per-formimin-e-keshillit-nacional-te-shqipetareve\\\/\"},\"wordCount\":507,\"publisher\":{\"@id\":\"https:\\\/\\\/kt.gov.rs\\\/#organization\"},\"image\":{\"@id\":\"https:\\\/\\\/kt.gov.rs\\\/sq\\\/deputeti-popullore-riza-halimi-me-maturantet-per-formimin-e-keshillit-nacional-te-shqipetareve\\\/#primaryimage\"},\"thumbnailUrl\":\"https:\\\/\\\/kt.gov.rs\\\/wp-content\\\/uploads\\\/2024\\\/07\\\/pic201vesti-5.jpg\",\"articleSection\":[\"Lajme\"],\"inLanguage\":\"sq-AL\"},{\"@type\":\"WebPage\",\"@id\":\"https:\\\/\\\/kt.gov.rs\\\/sq\\\/deputeti-popullore-riza-halimi-me-maturantet-per-formimin-e-keshillit-nacional-te-shqipetareve\\\/\",\"url\":\"https:\\\/\\\/kt.gov.rs\\\/sq\\\/deputeti-popullore-riza-halimi-me-maturantet-per-formimin-e-keshillit-nacional-te-shqipetareve\\\/\",\"name\":\"Deputeti popullor\u00eb Riza Halimi me maturant\u00ebt p\u00ebr formimin e K\u00ebshillit Nacional t\u00eb Shqip\u00ebtar\u00ebve - Republika e S\u00ebrbis\u00eb Trupi Koordinues p\u00ebr komunat Bujanoc, Preshev\u00eb dhe Medvegj\u00eb\",\"isPartOf\":{\"@id\":\"https:\\\/\\\/kt.gov.rs\\\/#website\"},\"primaryImageOfPage\":{\"@id\":\"https:\\\/\\\/kt.gov.rs\\\/sq\\\/deputeti-popullore-riza-halimi-me-maturantet-per-formimin-e-keshillit-nacional-te-shqipetareve\\\/#primaryimage\"},\"image\":{\"@id\":\"https:\\\/\\\/kt.gov.rs\\\/sq\\\/deputeti-popullore-riza-halimi-me-maturantet-per-formimin-e-keshillit-nacional-te-shqipetareve\\\/#primaryimage\"},\"thumbnailUrl\":\"https:\\\/\\\/kt.gov.rs\\\/wp-content\\\/uploads\\\/2024\\\/07\\\/pic201vesti-5.jpg\",\"datePublished\":\"2010-02-20T00:00:00+00:00\",\"dateModified\":\"2024-07-30T20:23:22+00:00\",\"breadcrumb\":{\"@id\":\"https:\\\/\\\/kt.gov.rs\\\/sq\\\/deputeti-popullore-riza-halimi-me-maturantet-per-formimin-e-keshillit-nacional-te-shqipetareve\\\/#breadcrumb\"},\"inLanguage\":\"sq-AL\",\"potentialAction\":[{\"@type\":\"ReadAction\",\"target\":[\"https:\\\/\\\/kt.gov.rs\\\/sq\\\/deputeti-popullore-riza-halimi-me-maturantet-per-formimin-e-keshillit-nacional-te-shqipetareve\\\/\"]}]},{\"@type\":\"ImageObject\",\"inLanguage\":\"sq-AL\",\"@id\":\"https:\\\/\\\/kt.gov.rs\\\/sq\\\/deputeti-popullore-riza-halimi-me-maturantet-per-formimin-e-keshillit-nacional-te-shqipetareve\\\/#primaryimage\",\"url\":\"https:\\\/\\\/kt.gov.rs\\\/wp-content\\\/uploads\\\/2024\\\/07\\\/pic201vesti-5.jpg\",\"contentUrl\":\"https:\\\/\\\/kt.gov.rs\\\/wp-content\\\/uploads\\\/2024\\\/07\\\/pic201vesti-5.jpg\",\"width\":250,\"height\":166},{\"@type\":\"BreadcrumbList\",\"@id\":\"https:\\\/\\\/kt.gov.rs\\\/sq\\\/deputeti-popullore-riza-halimi-me-maturantet-per-formimin-e-keshillit-nacional-te-shqipetareve\\\/#breadcrumb\",\"itemListElement\":[{\"@type\":\"ListItem\",\"position\":1,\"name\":\"\u041f\u043e\u0447\u0435\u0442\u043d\u0430\",\"item\":\"https:\\\/\\\/kt.gov.rs\\\/sq\\\/\"},{\"@type\":\"ListItem\",\"position\":2,\"name\":\"Deputeti popullor\u00eb Riza Halimi me maturant\u00ebt p\u00ebr formimin e K\u00ebshillit Nacional t\u00eb Shqip\u00ebtar\u00ebve\"}]},{\"@type\":\"WebSite\",\"@id\":\"https:\\\/\\\/kt.gov.rs\\\/#website\",\"url\":\"https:\\\/\\\/kt.gov.rs\\\/\",\"name\":\"\u041a\u043e\u043e\u0440\u0434\u0438\u043d\u0430\u0446\u0438\u043e\u043d\u043e \u0442\u0435\u043b\u043e \u0412\u043b\u0430\u0434\u0435 \u0420\u0435\u043f\u0443\u0431\u043b\u0438\u043a\u0435 \u0421\u0440\u0431\u0438\u0458\u0435 \u0437\u0430 \u043e\u043f\u0448\u0442\u0438\u043d\u0435 \u041f\u0440\u0435\u0448\u0435\u0432\u043e, \u0411\u0443\u0458\u0430\u043d\u043e\u0432\u0430\u0446 \u0438 \u041c\u0435\u0434\u0432\u0435\u0452a\",\"description\":\"\",\"publisher\":{\"@id\":\"https:\\\/\\\/kt.gov.rs\\\/#organization\"},\"alternateName\":\"\u041a\u043e\u043e\u0440\u0434\u0438\u043d\u0430\u0446\u0438\u043e\u043d\u043e \u0442\u0435\u043b\u043e\",\"potentialAction\":[{\"@type\":\"SearchAction\",\"target\":{\"@type\":\"EntryPoint\",\"urlTemplate\":\"https:\\\/\\\/kt.gov.rs\\\/?s={search_term_string}\"},\"query-input\":{\"@type\":\"PropertyValueSpecification\",\"valueRequired\":true,\"valueName\":\"search_term_string\"}}],\"inLanguage\":\"sq-AL\"},{\"@type\":\"Organization\",\"@id\":\"https:\\\/\\\/kt.gov.rs\\\/#organization\",\"name\":\"\u041a\u043e\u043e\u0440\u0434\u0438\u043d\u0430\u0446\u0438\u043e\u043d\u043e \u0442\u0435\u043b\u043e \u0412\u043b\u0430\u0434\u0435 \u0420\u0435\u043f\u0443\u0431\u043b\u0438\u043a\u0435 \u0421\u0440\u0431\u0438\u0458\u0435 \u0437\u0430 \u043e\u043f\u0448\u0442\u0438\u043d\u0435 \u041f\u0440\u0435\u0448\u0435\u0432\u043e, \u0411\u0443\u0458\u0430\u043d\u043e\u0432\u0430\u0446 \u0438 \u041c\u0435\u0434\u0432\u0435\u0452a\",\"alternateName\":\"\u041a\u043e\u043e\u0440\u0434\u0438\u043d\u0430\u0446\u0438\u043e\u043d\u043e \u0442\u0435\u043b\u043e\",\"url\":\"https:\\\/\\\/kt.gov.rs\\\/\",\"logo\":{\"@type\":\"ImageObject\",\"inLanguage\":\"sq-AL\",\"@id\":\"https:\\\/\\\/kt.gov.rs\\\/#\\\/schema\\\/logo\\\/image\\\/\",\"url\":\"https:\\\/\\\/kt.gov.rs\\\/wp-content\\\/uploads\\\/2024\\\/12\\\/koord2.jpg\",\"contentUrl\":\"https:\\\/\\\/kt.gov.rs\\\/wp-content\\\/uploads\\\/2024\\\/12\\\/koord2.jpg\",\"width\":640,\"height\":480,\"caption\":\"\u041a\u043e\u043e\u0440\u0434\u0438\u043d\u0430\u0446\u0438\u043e\u043d\u043e \u0442\u0435\u043b\u043e \u0412\u043b\u0430\u0434\u0435 \u0420\u0435\u043f\u0443\u0431\u043b\u0438\u043a\u0435 \u0421\u0440\u0431\u0438\u0458\u0435 \u0437\u0430 \u043e\u043f\u0448\u0442\u0438\u043d\u0435 \u041f\u0440\u0435\u0448\u0435\u0432\u043e, \u0411\u0443\u0458\u0430\u043d\u043e\u0432\u0430\u0446 \u0438 \u041c\u0435\u0434\u0432\u0435\u0452a\"},\"image\":{\"@id\":\"https:\\\/\\\/kt.gov.rs\\\/#\\\/schema\\\/logo\\\/image\\\/\"},\"sameAs\":[\"https:\\\/\\\/www.facebook.com\\\/SluzbaKoordinacionogTelaVladeRepublikeSrbije\",\"https:\\\/\\\/x.com\\\/kt_gov\",\"https:\\\/\\\/www.youtube.com\\\/@koordinacionotelo\"]},{\"@type\":\"Person\",\"@id\":\"https:\\\/\\\/kt.gov.rs\\\/#\\\/schema\\\/person\\\/e426459ddb4173309103390602694571\",\"name\":\"ktmin\",\"image\":{\"@type\":\"ImageObject\",\"inLanguage\":\"sq-AL\",\"@id\":\"https:\\\/\\\/secure.gravatar.com\\\/avatar\\\/3985c961109853010c3fbc7ba30365bfba5db3dd6c525831d9c595c7525a615a?s=96&d=mm&r=g\",\"url\":\"https:\\\/\\\/secure.gravatar.com\\\/avatar\\\/3985c961109853010c3fbc7ba30365bfba5db3dd6c525831d9c595c7525a615a?s=96&d=mm&r=g\",\"contentUrl\":\"https:\\\/\\\/secure.gravatar.com\\\/avatar\\\/3985c961109853010c3fbc7ba30365bfba5db3dd6c525831d9c595c7525a615a?s=96&d=mm&r=g\",\"caption\":\"ktmin\"},\"sameAs\":[\"https:\\\/\\\/kt.gov.rs\"],\"url\":\"https:\\\/\\\/kt.gov.rs\\\/sq\\\/author\\\/ktmin\\\/\"}]}<\/script>\n<!-- \/ Yoast SEO plugin. -->","yoast_head_json":{"title":"Deputeti popullor\u00eb Riza Halimi me maturant\u00ebt p\u00ebr formimin e K\u00ebshillit Nacional t\u00eb Shqip\u00ebtar\u00ebve - Republika e S\u00ebrbis\u00eb Trupi Koordinues p\u00ebr komunat Bujanoc, Preshev\u00eb dhe Medvegj\u00eb","robots":{"index":"index","follow":"follow","max-snippet":"max-snippet:-1","max-image-preview":"max-image-preview:large","max-video-preview":"max-video-preview:-1"},"canonical":"https:\/\/kt.gov.rs\/sq\/deputeti-popullore-riza-halimi-me-maturantet-per-formimin-e-keshillit-nacional-te-shqipetareve\/","og_locale":"sq_AL","og_type":"article","og_title":"Deputeti popullor\u00eb Riza Halimi me maturant\u00ebt p\u00ebr formimin e K\u00ebshillit Nacional t\u00eb Shqip\u00ebtar\u00ebve - Republika e S\u00ebrbis\u00eb Trupi Koordinues p\u00ebr komunat Bujanoc, Preshev\u00eb dhe Medvegj\u00eb","og_description":"N\u00eb suaza t\u00eb projektit \u201cT\u2019i njohim te drejtat tona\u201d i cili realizohet nga OJQ ,,Qendra p\u00ebr Arsimim Multikulturor\u00eb\u2019\u2019 nga Presheva, n\u00eb zyret e organizat\u00ebs ,,Iniciativa e t\u00eb Rinj\u00ebve p\u00ebr t\u00eb Drejtat e Njeriut\u2019\u2019 \u00ebsht\u00eb organizuar tryeza e rrumbullak\u00ebt mbi r\u00ebnd\u00ebsin\u00eb e formimit t\u00eb K\u00ebshillit Nacional t\u00eb Shqip\u00ebtar\u00ebve.","og_url":"https:\/\/kt.gov.rs\/sq\/deputeti-popullore-riza-halimi-me-maturantet-per-formimin-e-keshillit-nacional-te-shqipetareve\/","og_site_name":"Republika e S\u00ebrbis\u00eb Trupi Koordinues p\u00ebr komunat Bujanoc, Preshev\u00eb dhe Medvegj\u00eb","article_publisher":"https:\/\/www.facebook.com\/SluzbaKoordinacionogTelaVladeRepublikeSrbije","article_published_time":"2010-02-20T00:00:00+00:00","article_modified_time":"2024-07-30T20:23:22+00:00","og_image":[{"width":250,"height":166,"url":"https:\/\/kt.gov.rs\/wp-content\/uploads\/2024\/07\/pic201vesti-5.jpg","type":"image\/jpeg"}],"author":"ktmin","twitter_card":"summary_large_image","twitter_creator":"@kt_gov","twitter_site":"@kt_gov","twitter_misc":{"Written by":"ktmin","Est. reading time":"2 minutes"},"schema":{"@context":"https:\/\/schema.org","@graph":[{"@type":"Article","@id":"https:\/\/kt.gov.rs\/sq\/deputeti-popullore-riza-halimi-me-maturantet-per-formimin-e-keshillit-nacional-te-shqipetareve\/#article","isPartOf":{"@id":"https:\/\/kt.gov.rs\/sq\/deputeti-popullore-riza-halimi-me-maturantet-per-formimin-e-keshillit-nacional-te-shqipetareve\/"},"author":{"name":"ktmin","@id":"https:\/\/kt.gov.rs\/#\/schema\/person\/e426459ddb4173309103390602694571"},"headline":"Deputeti popullor\u00eb Riza Halimi me maturant\u00ebt p\u00ebr formimin e K\u00ebshillit Nacional t\u00eb Shqip\u00ebtar\u00ebve","datePublished":"2010-02-20T00:00:00+00:00","dateModified":"2024-07-30T20:23:22+00:00","mainEntityOfPage":{"@id":"https:\/\/kt.gov.rs\/sq\/deputeti-popullore-riza-halimi-me-maturantet-per-formimin-e-keshillit-nacional-te-shqipetareve\/"},"wordCount":507,"publisher":{"@id":"https:\/\/kt.gov.rs\/#organization"},"image":{"@id":"https:\/\/kt.gov.rs\/sq\/deputeti-popullore-riza-halimi-me-maturantet-per-formimin-e-keshillit-nacional-te-shqipetareve\/#primaryimage"},"thumbnailUrl":"https:\/\/kt.gov.rs\/wp-content\/uploads\/2024\/07\/pic201vesti-5.jpg","articleSection":["Lajme"],"inLanguage":"sq-AL"},{"@type":"WebPage","@id":"https:\/\/kt.gov.rs\/sq\/deputeti-popullore-riza-halimi-me-maturantet-per-formimin-e-keshillit-nacional-te-shqipetareve\/","url":"https:\/\/kt.gov.rs\/sq\/deputeti-popullore-riza-halimi-me-maturantet-per-formimin-e-keshillit-nacional-te-shqipetareve\/","name":"Deputeti popullor\u00eb Riza Halimi me maturant\u00ebt p\u00ebr formimin e K\u00ebshillit Nacional t\u00eb Shqip\u00ebtar\u00ebve - Republika e S\u00ebrbis\u00eb Trupi Koordinues p\u00ebr komunat Bujanoc, Preshev\u00eb dhe Medvegj\u00eb","isPartOf":{"@id":"https:\/\/kt.gov.rs\/#website"},"primaryImageOfPage":{"@id":"https:\/\/kt.gov.rs\/sq\/deputeti-popullore-riza-halimi-me-maturantet-per-formimin-e-keshillit-nacional-te-shqipetareve\/#primaryimage"},"image":{"@id":"https:\/\/kt.gov.rs\/sq\/deputeti-popullore-riza-halimi-me-maturantet-per-formimin-e-keshillit-nacional-te-shqipetareve\/#primaryimage"},"thumbnailUrl":"https:\/\/kt.gov.rs\/wp-content\/uploads\/2024\/07\/pic201vesti-5.jpg","datePublished":"2010-02-20T00:00:00+00:00","dateModified":"2024-07-30T20:23:22+00:00","breadcrumb":{"@id":"https:\/\/kt.gov.rs\/sq\/deputeti-popullore-riza-halimi-me-maturantet-per-formimin-e-keshillit-nacional-te-shqipetareve\/#breadcrumb"},"inLanguage":"sq-AL","potentialAction":[{"@type":"ReadAction","target":["https:\/\/kt.gov.rs\/sq\/deputeti-popullore-riza-halimi-me-maturantet-per-formimin-e-keshillit-nacional-te-shqipetareve\/"]}]},{"@type":"ImageObject","inLanguage":"sq-AL","@id":"https:\/\/kt.gov.rs\/sq\/deputeti-popullore-riza-halimi-me-maturantet-per-formimin-e-keshillit-nacional-te-shqipetareve\/#primaryimage","url":"https:\/\/kt.gov.rs\/wp-content\/uploads\/2024\/07\/pic201vesti-5.jpg","contentUrl":"https:\/\/kt.gov.rs\/wp-content\/uploads\/2024\/07\/pic201vesti-5.jpg","width":250,"height":166},{"@type":"BreadcrumbList","@id":"https:\/\/kt.gov.rs\/sq\/deputeti-popullore-riza-halimi-me-maturantet-per-formimin-e-keshillit-nacional-te-shqipetareve\/#breadcrumb","itemListElement":[{"@type":"ListItem","position":1,"name":"\u041f\u043e\u0447\u0435\u0442\u043d\u0430","item":"https:\/\/kt.gov.rs\/sq\/"},{"@type":"ListItem","position":2,"name":"Deputeti popullor\u00eb Riza Halimi me maturant\u00ebt p\u00ebr formimin e K\u00ebshillit Nacional t\u00eb Shqip\u00ebtar\u00ebve"}]},{"@type":"WebSite","@id":"https:\/\/kt.gov.rs\/#website","url":"https:\/\/kt.gov.rs\/","name":"\u041a\u043e\u043e\u0440\u0434\u0438\u043d\u0430\u0446\u0438\u043e\u043d\u043e \u0442\u0435\u043b\u043e \u0412\u043b\u0430\u0434\u0435 \u0420\u0435\u043f\u0443\u0431\u043b\u0438\u043a\u0435 \u0421\u0440\u0431\u0438\u0458\u0435 \u0437\u0430 \u043e\u043f\u0448\u0442\u0438\u043d\u0435 \u041f\u0440\u0435\u0448\u0435\u0432\u043e, \u0411\u0443\u0458\u0430\u043d\u043e\u0432\u0430\u0446 \u0438 \u041c\u0435\u0434\u0432\u0435\u0452a","description":"","publisher":{"@id":"https:\/\/kt.gov.rs\/#organization"},"alternateName":"\u041a\u043e\u043e\u0440\u0434\u0438\u043d\u0430\u0446\u0438\u043e\u043d\u043e \u0442\u0435\u043b\u043e","potentialAction":[{"@type":"SearchAction","target":{"@type":"EntryPoint","urlTemplate":"https:\/\/kt.gov.rs\/?s={search_term_string}"},"query-input":{"@type":"PropertyValueSpecification","valueRequired":true,"valueName":"search_term_string"}}],"inLanguage":"sq-AL"},{"@type":"Organization","@id":"https:\/\/kt.gov.rs\/#organization","name":"\u041a\u043e\u043e\u0440\u0434\u0438\u043d\u0430\u0446\u0438\u043e\u043d\u043e \u0442\u0435\u043b\u043e \u0412\u043b\u0430\u0434\u0435 \u0420\u0435\u043f\u0443\u0431\u043b\u0438\u043a\u0435 \u0421\u0440\u0431\u0438\u0458\u0435 \u0437\u0430 \u043e\u043f\u0448\u0442\u0438\u043d\u0435 \u041f\u0440\u0435\u0448\u0435\u0432\u043e, \u0411\u0443\u0458\u0430\u043d\u043e\u0432\u0430\u0446 \u0438 \u041c\u0435\u0434\u0432\u0435\u0452a","alternateName":"\u041a\u043e\u043e\u0440\u0434\u0438\u043d\u0430\u0446\u0438\u043e\u043d\u043e \u0442\u0435\u043b\u043e","url":"https:\/\/kt.gov.rs\/","logo":{"@type":"ImageObject","inLanguage":"sq-AL","@id":"https:\/\/kt.gov.rs\/#\/schema\/logo\/image\/","url":"https:\/\/kt.gov.rs\/wp-content\/uploads\/2024\/12\/koord2.jpg","contentUrl":"https:\/\/kt.gov.rs\/wp-content\/uploads\/2024\/12\/koord2.jpg","width":640,"height":480,"caption":"\u041a\u043e\u043e\u0440\u0434\u0438\u043d\u0430\u0446\u0438\u043e\u043d\u043e \u0442\u0435\u043b\u043e \u0412\u043b\u0430\u0434\u0435 \u0420\u0435\u043f\u0443\u0431\u043b\u0438\u043a\u0435 \u0421\u0440\u0431\u0438\u0458\u0435 \u0437\u0430 \u043e\u043f\u0448\u0442\u0438\u043d\u0435 \u041f\u0440\u0435\u0448\u0435\u0432\u043e, \u0411\u0443\u0458\u0430\u043d\u043e\u0432\u0430\u0446 \u0438 \u041c\u0435\u0434\u0432\u0435\u0452a"},"image":{"@id":"https:\/\/kt.gov.rs\/#\/schema\/logo\/image\/"},"sameAs":["https:\/\/www.facebook.com\/SluzbaKoordinacionogTelaVladeRepublikeSrbije","https:\/\/x.com\/kt_gov","https:\/\/www.youtube.com\/@koordinacionotelo"]},{"@type":"Person","@id":"https:\/\/kt.gov.rs\/#\/schema\/person\/e426459ddb4173309103390602694571","name":"ktmin","image":{"@type":"ImageObject","inLanguage":"sq-AL","@id":"https:\/\/secure.gravatar.com\/avatar\/3985c961109853010c3fbc7ba30365bfba5db3dd6c525831d9c595c7525a615a?s=96&d=mm&r=g","url":"https:\/\/secure.gravatar.com\/avatar\/3985c961109853010c3fbc7ba30365bfba5db3dd6c525831d9c595c7525a615a?s=96&d=mm&r=g","contentUrl":"https:\/\/secure.gravatar.com\/avatar\/3985c961109853010c3fbc7ba30365bfba5db3dd6c525831d9c595c7525a615a?s=96&d=mm&r=g","caption":"ktmin"},"sameAs":["https:\/\/kt.gov.rs"],"url":"https:\/\/kt.gov.rs\/sq\/author\/ktmin\/"}]}},"_links":{"self":[{"href":"https:\/\/kt.gov.rs\/sq\/wp-json\/wp\/v2\/posts\/142999","targetHints":{"allow":["GET"]}}],"collection":[{"href":"https:\/\/kt.gov.rs\/sq\/wp-json\/wp\/v2\/posts"}],"about":[{"href":"https:\/\/kt.gov.rs\/sq\/wp-json\/wp\/v2\/types\/post"}],"author":[{"embeddable":true,"href":"https:\/\/kt.gov.rs\/sq\/wp-json\/wp\/v2\/users\/1"}],"replies":[{"embeddable":true,"href":"https:\/\/kt.gov.rs\/sq\/wp-json\/wp\/v2\/comments?post=142999"}],"version-history":[{"count":1,"href":"https:\/\/kt.gov.rs\/sq\/wp-json\/wp\/v2\/posts\/142999\/revisions"}],"predecessor-version":[{"id":143003,"href":"https:\/\/kt.gov.rs\/sq\/wp-json\/wp\/v2\/posts\/142999\/revisions\/143003"}],"wp:featuredmedia":[{"embeddable":true,"href":"https:\/\/kt.gov.rs\/sq\/wp-json\/wp\/v2\/media\/143004"}],"wp:attachment":[{"href":"https:\/\/kt.gov.rs\/sq\/wp-json\/wp\/v2\/media?parent=142999"}],"wp:term":[{"taxonomy":"category","embeddable":true,"href":"https:\/\/kt.gov.rs\/sq\/wp-json\/wp\/v2\/categories?post=142999"},{"taxonomy":"post_tag","embeddable":true,"href":"https:\/\/kt.gov.rs\/sq\/wp-json\/wp\/v2\/tags?post=142999"}],"curies":[{"name":"wp","href":"https:\/\/api.w.org\/{rel}","templated":true}]}}