{"id":142998,"date":"2010-02-23T00:00:00","date_gmt":"2010-02-23T00:00:00","guid":{"rendered":"http:\/\/kt.printandscreen.rs\/komunikate-per-media-ti-dhe-une-jemi-ne-ne-kikinde-sremska-mitrovice-shid-sombor-dhe-lloznice\/"},"modified":"2010-02-23T00:00:00","modified_gmt":"2010-02-23T00:00:00","slug":"komunikate-per-media-ti-dhe-une-jemi-ne-ne-kikinde-sremska-mitrovice-shid-sombor-dhe-lloznice","status":"publish","type":"post","link":"https:\/\/kt.gov.rs\/sq\/komunikate-per-media-ti-dhe-une-jemi-ne-ne-kikinde-sremska-mitrovice-shid-sombor-dhe-lloznice\/","title":{"rendered":"Komunikat\u00eb p\u00ebr media \u2013 \u201eTI DHE UN\u00cb JEMI NE\u201c N\u00cb KIKIND\u00cb, SREMSKA MITROVIC\u00cb, SHID, SOMBOR DHE LLOZNIC\u00cb"},"content":{"rendered":"<p>\n<meta content=\"text\/html; charset=utf-8\" http-equiv=\"Content-Type\"><br \/>\n<meta content=\"Word.Document\" name=\"ProgId\"><br \/>\n<meta content=\"Microsoft Word 11\" name=\"Generator\"><br \/>\n<meta content=\"Microsoft Word 11\" name=\"Originator\">\n<link href=\"file:\/\/\/C:%5CDOCUME%7E1%5Coliver%5CLOCALS%7E1%5CTemp%5Cmsohtml1%5C01%5Cclip_filelist.xml\" rel=\"File-List\" \/>\n<link href=\"file:\/\/\/C:%5CDOCUME%7E1%5Coliver%5CLOCALS%7E1%5CTemp%5Cmsohtml1%5C01%5Cclip_editdata.mso\" rel=\"Edit-Time-Data\" \/><!--[if !mso]>\n\n\n<style>\nv:* {behavior:url(#default#VML);}\no:* {behavior:url(#default#VML);}\nw:* {behavior:url(#default#VML);}\n.shape {behavior:url(#default#VML);}\n<\/style>\n\n\n<![endif]--><!--[if gte mso 9]><xml>\n \n  Normal\n  0\n  \n  \n  false\n  false\n  false\n  \n   \n   \n   \n   \n   \n  \n  MicrosoftInternetExplorer4\n \n<\/xml><![endif]--><!--[if gte mso 9]><![endif]--><\/p>\n<style type=\"text\/css\">\n<!--\n \/* Font Definitions *\/\n @font-face\n\t{\n\tpanose-1:2 11 6 4 3 5 4 4 2 4;}\n@font-face\n\t{\n\tpanose-1:2 4 5 3 5 4 6 3 2 4;}\n \/* Style Definitions *\/\n p.MsoNormal, li.MsoNormal, div.MsoNormal\n\t{mso-style-parent:\"\";\n\tmargin:0in;\n\tmargin-bottom:.0001pt;\n\tfont-size:12.0pt;\"Times New Roman\";\n\tmso-fareast-\"Times New Roman\";}\np.MsoHeader, li.MsoHeader, div.MsoHeader\n\t{margin:0in;\n\tmargin-bottom:.0001pt;\n\tfont-size:12.0pt;\"Times New Roman\";\n\tmso-fareast-\"Times New Roman\";}\np.MsoFooter, li.MsoFooter, div.MsoFooter\n\t{\n\tmargin:0in;\n\tmargin-bottom:.0001pt;\n\tfont-size:12.0pt;\"Times New Roman\";\n\tmso-fareast-\"Times New Roman\";}\na:link, span.MsoHyperlink\n\t{color:blue;\n\ttext-decoration:underline;\n\ttext-underline:single;}\na:visited, span.MsoHyperlinkFollowed\n\t{color:purple;\n\ttext-decoration:underline;\n\ttext-underline:single;}\np.ecxmsonormal, li.ecxmsonormal, div.ecxmsonormal\n\t{\n\tmargin-top:0in;\n\tmargin-right:0in;\n\tmargin-bottom:16.2pt;\n\tmargin-left:0in;\n\tfont-size:12.0pt;\"Times New Roman\";\n\tmso-fareast-\"Times New Roman\";}\n@page Section1\n\t{size:612.1pt 792.1pt;\n\tmargin:1.0in 1.0in 1.0in 1.0in;}\ndiv.Section1\n\t{page:Section1;}\n-->\n<\/style>\n<p><!--[if gte mso 10]>\n\n\n<style>\n \/* Style Definitions *\/\n table.MsoNormalTable\n\t{mso-style-name:\"Table Normal\";\n\tmso-style-parent:\"\";\n\tfont-size:10.0pt;\"Times New Roman\";}\n<\/style>\n\n\n<![endif]--><\/p>\n<p>NOVI SAD<strong> \u2013 <\/strong>Pas suksesit t\u00eb \u00e7faqjes teatrale multietnike ,,Ti dhe\u00a0Un\u00eb jemi Ne\u2019\u2019 n\u00eb Bujanoc dhe Beograd n\u00eb dhjetor\u00eb t\u00eb vitit 2009, nx\u00ebn\u00ebsit e shkollave t\u00eb mesme, Shqip\u00ebtar\u00eb, Serb\u00eb dhe Rom\u00eb nga Bujanoci dhe Presheva, \u00e7faqjen rinore p\u00ebr jet\u00ebn e tyre n\u00eb Serbin\u00eb jugore, n\u00eb t\u00eb tri gjuh\u00ebt e tyre dhe n\u00eb gjuh\u00ebn angleze, do ta luajn\u00eb n\u00eb <strong>Kikind\u00eb<\/strong> (m\u00eb 25 shkurt\u00eb), <strong>Zrenjanin<\/strong> (m\u00eb 26 shkurt\u00eb), <strong>Sremska Mitrovic\u00eb<\/strong> (m\u00eb 27 shkurt\u00eb), <strong>Shid<\/strong> (m\u00eb 28 shkurt\u00eb) dhe n\u00eb <strong>Sombor<\/strong> (2 mars\u00eb). \u00c7faqja m\u00eb 19 maj do ta hap\u00eb <strong>Vukov Sabor-in e 39 n\u00eb Lloznic\u00eb.<\/strong><\/p>\n<p><strong>Mbi turnen\u00eb e \u00e7faqjes ,,Ti dhe Un\u00eb jemi Ne\u2019\u2019 n\u00ebp\u00ebr Vojvodin\u00eb do t\u00eb b\u00ebhet fjal\u00eb n\u00eb konferenc\u00ebn e gazetar\u00ebve t\u00eb enjten, m\u00eb 25 shkurt\u00eb n\u00eb ora 12:00 n\u00eb K\u00ebshillin ekzekutiv t\u00eb Vojvodin\u00ebs n\u00eb t\u00eb cil\u00ebn do t\u00eb marr\u00eb pjes\u00eb kryetari i Trupit Koordinues, ministri Milan Markoviq, kryetari i K\u00ebshillit Ekzekutiv, dr Bojan Pajtiq dhe p\u00ebrfaq\u00ebsuesit e nx\u00ebn\u00ebsve t\u00eb shkollave t\u00eb\u00a0mesme t\u00eb ekipit ,,Ti dhe Un\u00eb jemi Ne\u2019\u2019.<\/strong><\/p>\n<p>Drejtori i Sh\u00ebrbimit t\u00eb Trupit Koordinues t\u00eb Qeveris\u00eb s\u00eb Republik\u00ebs s\u00eb Serbis\u00eb p\u00ebr komunat Preshev\u00eb, Bujanoc dhe Medvegj\u00eb, Nenad Gjurgjeviq rreth k\u00ebtij projekti tha: ,,Trupi Koordiues ka finansuar projektin multietnik <strong>,,Ti dhe Un\u00eb jemi Ne\u2019\u2019<\/strong> nga e cila ka dalur \u00e7faqja unike e k\u00ebtij\u00eb lloji n\u00eb Serbi me t\u00eb nj\u00ebjtin titull. Nx\u00ebn\u00ebsit e shkollave t\u00eb mesme Serb\u00ebt, Shqip\u00ebtar\u00ebt dhe Rom\u00ebt nga Bujanoci dhe Presheva jan\u00eb autor\u00eb t\u00eb tekstit t\u00eb k\u00ebsaj\u00eb \u00e7faqjeje n\u00eb t\u00eb cil\u00ebn luajn\u00eb edhe rolet. Ky projekt i ka tejkaluar shpresat tona n\u00eb at\u00eb drejtim q\u00eb ka ndikuar n\u00eb shoq\u00ebrimin e t\u00eb rinj\u00ebve pa e mar\u00eb parasysh\u00eb p\u00ebrkat\u00ebsin\u00eb e tyre nacionale dhe \u00ebsht\u00eb sh\u00ebnd\u00ebrruar n\u00eb nj\u00eb trup multietnik i cili pas \u00e7faqjeve t\u00eb saj t\u00eb shk\u00eblqyeshme n\u00eb Bujanoc dhe Beograd, tash vazhdon \u00e7faqjen e saj\u00eb n\u00eb t\u00eb gjith\u00eb vendin, nd\u00ebrsa \u00ebsht\u00eb paralajm\u00ebruar edhe vizita e tyre n\u00eb Slloveni. Kjo \u00ebsht\u00eb ndoshta\u00a0hera e par\u00eb\u00a0q\u00eb qyteter\u00ebt e Serbis\u00eb jugore i japin m\u00ebsim t\u00ebr\u00eb vendit dhe regjionit mbi toleranc\u00ebn dhe integritetin\u2019\u2019<\/p>\n<p>Premiera e \u00e7faqjes ,,Ti dhe Un\u00eb jemi Ne\u2019\u2019 \u00eb Bujanoc\u00a0\u00ebsht\u00eb mbajtur m\u00eb 2 dhjetor\u00eb, e m\u00eb pastaj n\u00eb Beograd n\u00eb teatrin ,,Dushko Radoviq\u2019\u2019 ka b\u00ebr\u00eb hapjen e aksionit tradicional humanitar\u00eb ,,Teatri \u00ebsht\u00eb solidaritet\u2019\u2019. Premier\u00ebn Beogradase e ka p\u00ebrkrahur me pranin\u00eb e tij\u00eb edhe kryeministri i Qeveris\u00eb s\u00eb\u00a0Republik\u00ebs s\u00eb Serbis\u00eb Mirko Cvetkoviq, ministri i kultur\u00ebs Nebojsha Brediq, kryetari i Trupit Koordinues dhe minist\u00ebr i pushtetit lokal dhe i vet\u00ebqeverisjes lokale Milan Markoviq, p\u00ebrfaq\u00ebsuesit e komunave nga Serbia jugore, korit diplomatik, organizatave nd\u00ebrkomb\u00ebtare, p\u00ebrfaq\u00ebsuesit e sip\u00ebrmarrjeve shoq\u00ebrore, afarist\u00ebt si dhe t\u00eb organizatave joqeveritare.<\/p>\n<p align=\"center\">#\u00a0#\u00a0#\u00a0#<\/p>\n<p>Kontakt personi: Nebojsha Andriq, Sh\u00ebrbimi i Trupit Koordinues n\u00eb tel: 011 21 20 906; 011 21 20 907<\/p>\n<p><\/meta><br \/>\n<\/meta><br \/>\n<\/meta><br \/>\n<\/meta><\/p>\n","protected":false},"excerpt":{"rendered":"<p>NOVI SAD \u2013 Pas suksesit t\u00eb \u00e7faqjes teatrale multietnike ,,Ti dhe\u00a0Un\u00eb jemi Ne\u2019\u2019 n\u00eb Bujanoc dhe Beograd n\u00eb dhjetor\u00eb t\u00eb vitit 2009, nx\u00ebn\u00ebsit e shkollave t\u00eb mesme, Shqip\u00ebtar\u00eb, Serb\u00eb dhe Rom\u00eb nga Bujanoci dhe Presheva, \u00e7faqjen rinore p\u00ebr jet\u00ebn e tyre n\u00eb Serbin\u00eb jugore, n\u00eb t\u00eb tri gjuh\u00ebt e tyre dhe n\u00eb gjuh\u00ebn angleze, do ta luajn\u00eb n\u00eb Kikind\u00eb (m\u00eb 25 shkurt\u00eb), Zrenjanin (m\u00eb 26 shkurt\u00eb), Sremska Mitrovic\u00eb (m\u00eb 27 shkurt\u00eb), Shid (m\u00eb 28 shkurt\u00eb) dhe n\u00eb Sombor (2 mars\u00eb). \u00c7faqja m\u00eb 19 maj do ta hap\u00eb Vukov Sabor-in e 39 n\u00eb Lloznic\u00eb.<\/p>\n","protected":false},"author":1,"featured_media":0,"comment_status":"closed","ping_status":"closed","sticky":false,"template":"","format":"standard","meta":{"footnotes":""},"categories":[55],"tags":[],"class_list":["post-142998","post","type-post","status-publish","format-standard","hentry","category-lajme"],"yoast_head":"<!-- This site is optimized with the Yoast SEO plugin v27.4 - https:\/\/yoast.com\/product\/yoast-seo-wordpress\/ -->\n<title>Komunikat\u00eb p\u00ebr media - \u201eTI DHE UN\u00cb JEMI NE\u201c N\u00cb KIKIND\u00cb, SREMSKA MITROVIC\u00cb, SHID, SOMBOR DHE LLOZNIC\u00cb - Republika e S\u00ebrbis\u00eb Trupi Koordinues p\u00ebr komunat Bujanoc, Preshev\u00eb dhe Medvegj\u00eb<\/title>\n<meta name=\"robots\" content=\"index, follow, max-snippet:-1, max-image-preview:large, max-video-preview:-1\" \/>\n<link rel=\"canonical\" href=\"https:\/\/kt.gov.rs\/sq\/komunikate-per-media-ti-dhe-une-jemi-ne-ne-kikinde-sremska-mitrovice-shid-sombor-dhe-lloznice\/\" \/>\n<meta property=\"og:locale\" content=\"sq_AL\" \/>\n<meta property=\"og:type\" content=\"article\" \/>\n<meta property=\"og:title\" content=\"Komunikat\u00eb p\u00ebr media - \u201eTI DHE UN\u00cb JEMI NE\u201c N\u00cb KIKIND\u00cb, SREMSKA MITROVIC\u00cb, SHID, SOMBOR DHE LLOZNIC\u00cb - Republika e S\u00ebrbis\u00eb Trupi Koordinues p\u00ebr komunat Bujanoc, Preshev\u00eb dhe Medvegj\u00eb\" \/>\n<meta property=\"og:description\" content=\"NOVI SAD \u2013 Pas suksesit t\u00eb \u00e7faqjes teatrale multietnike ,,Ti dhe\u00a0Un\u00eb jemi Ne\u2019\u2019 n\u00eb Bujanoc dhe Beograd n\u00eb dhjetor\u00eb t\u00eb vitit 2009, nx\u00ebn\u00ebsit e shkollave t\u00eb mesme, Shqip\u00ebtar\u00eb, Serb\u00eb dhe Rom\u00eb nga Bujanoci dhe Presheva, \u00e7faqjen rinore p\u00ebr jet\u00ebn e tyre n\u00eb Serbin\u00eb jugore, n\u00eb t\u00eb tri gjuh\u00ebt e tyre dhe n\u00eb gjuh\u00ebn angleze, do ta luajn\u00eb n\u00eb Kikind\u00eb (m\u00eb 25 shkurt\u00eb), Zrenjanin (m\u00eb 26 shkurt\u00eb), Sremska Mitrovic\u00eb (m\u00eb 27 shkurt\u00eb), Shid (m\u00eb 28 shkurt\u00eb) dhe n\u00eb Sombor (2 mars\u00eb). \u00c7faqja m\u00eb 19 maj do ta hap\u00eb Vukov Sabor-in e 39 n\u00eb Lloznic\u00eb.\" \/>\n<meta property=\"og:url\" content=\"https:\/\/kt.gov.rs\/sq\/komunikate-per-media-ti-dhe-une-jemi-ne-ne-kikinde-sremska-mitrovice-shid-sombor-dhe-lloznice\/\" \/>\n<meta property=\"og:site_name\" content=\"Republika e S\u00ebrbis\u00eb Trupi Koordinues p\u00ebr komunat Bujanoc, Preshev\u00eb dhe Medvegj\u00eb\" \/>\n<meta property=\"article:publisher\" content=\"https:\/\/www.facebook.com\/SluzbaKoordinacionogTelaVladeRepublikeSrbije\" \/>\n<meta property=\"article:published_time\" content=\"2010-02-23T00:00:00+00:00\" \/>\n<meta name=\"author\" content=\"ktmin\" \/>\n<meta name=\"twitter:card\" content=\"summary_large_image\" \/>\n<meta name=\"twitter:creator\" content=\"@kt_gov\" \/>\n<meta name=\"twitter:site\" content=\"@kt_gov\" \/>\n<meta name=\"twitter:label1\" content=\"Written by\" \/>\n\t<meta name=\"twitter:data1\" content=\"ktmin\" \/>\n\t<meta name=\"twitter:label2\" content=\"Est. reading time\" \/>\n\t<meta name=\"twitter:data2\" content=\"3 minutes\" \/>\n<script type=\"application\/ld+json\" class=\"yoast-schema-graph\">{\"@context\":\"https:\\\/\\\/schema.org\",\"@graph\":[{\"@type\":\"Article\",\"@id\":\"https:\\\/\\\/kt.gov.rs\\\/sq\\\/komunikate-per-media-ti-dhe-une-jemi-ne-ne-kikinde-sremska-mitrovice-shid-sombor-dhe-lloznice\\\/#article\",\"isPartOf\":{\"@id\":\"https:\\\/\\\/kt.gov.rs\\\/sq\\\/komunikate-per-media-ti-dhe-une-jemi-ne-ne-kikinde-sremska-mitrovice-shid-sombor-dhe-lloznice\\\/\"},\"author\":{\"name\":\"ktmin\",\"@id\":\"https:\\\/\\\/kt.gov.rs\\\/#\\\/schema\\\/person\\\/e426459ddb4173309103390602694571\"},\"headline\":\"Komunikat\u00eb p\u00ebr media \u2013 \u201eTI DHE UN\u00cb JEMI NE\u201c N\u00cb KIKIND\u00cb, SREMSKA MITROVIC\u00cb, SHID, SOMBOR DHE LLOZNIC\u00cb\",\"datePublished\":\"2010-02-23T00:00:00+00:00\",\"mainEntityOfPage\":{\"@id\":\"https:\\\/\\\/kt.gov.rs\\\/sq\\\/komunikate-per-media-ti-dhe-une-jemi-ne-ne-kikinde-sremska-mitrovice-shid-sombor-dhe-lloznice\\\/\"},\"wordCount\":522,\"publisher\":{\"@id\":\"https:\\\/\\\/kt.gov.rs\\\/#organization\"},\"articleSection\":[\"Lajme\"],\"inLanguage\":\"sq-AL\"},{\"@type\":\"WebPage\",\"@id\":\"https:\\\/\\\/kt.gov.rs\\\/sq\\\/komunikate-per-media-ti-dhe-une-jemi-ne-ne-kikinde-sremska-mitrovice-shid-sombor-dhe-lloznice\\\/\",\"url\":\"https:\\\/\\\/kt.gov.rs\\\/sq\\\/komunikate-per-media-ti-dhe-une-jemi-ne-ne-kikinde-sremska-mitrovice-shid-sombor-dhe-lloznice\\\/\",\"name\":\"Komunikat\u00eb p\u00ebr media - \u201eTI DHE UN\u00cb JEMI NE\u201c N\u00cb KIKIND\u00cb, SREMSKA MITROVIC\u00cb, SHID, SOMBOR DHE LLOZNIC\u00cb - Republika e S\u00ebrbis\u00eb Trupi Koordinues p\u00ebr komunat Bujanoc, Preshev\u00eb dhe Medvegj\u00eb\",\"isPartOf\":{\"@id\":\"https:\\\/\\\/kt.gov.rs\\\/#website\"},\"datePublished\":\"2010-02-23T00:00:00+00:00\",\"breadcrumb\":{\"@id\":\"https:\\\/\\\/kt.gov.rs\\\/sq\\\/komunikate-per-media-ti-dhe-une-jemi-ne-ne-kikinde-sremska-mitrovice-shid-sombor-dhe-lloznice\\\/#breadcrumb\"},\"inLanguage\":\"sq-AL\",\"potentialAction\":[{\"@type\":\"ReadAction\",\"target\":[\"https:\\\/\\\/kt.gov.rs\\\/sq\\\/komunikate-per-media-ti-dhe-une-jemi-ne-ne-kikinde-sremska-mitrovice-shid-sombor-dhe-lloznice\\\/\"]}]},{\"@type\":\"BreadcrumbList\",\"@id\":\"https:\\\/\\\/kt.gov.rs\\\/sq\\\/komunikate-per-media-ti-dhe-une-jemi-ne-ne-kikinde-sremska-mitrovice-shid-sombor-dhe-lloznice\\\/#breadcrumb\",\"itemListElement\":[{\"@type\":\"ListItem\",\"position\":1,\"name\":\"\u041f\u043e\u0447\u0435\u0442\u043d\u0430\",\"item\":\"https:\\\/\\\/kt.gov.rs\\\/sq\\\/\"},{\"@type\":\"ListItem\",\"position\":2,\"name\":\"Komunikat\u00eb p\u00ebr media \u2013 \u201eTI DHE UN\u00cb JEMI NE\u201c N\u00cb KIKIND\u00cb, SREMSKA MITROVIC\u00cb, SHID, SOMBOR DHE LLOZNIC\u00cb\"}]},{\"@type\":\"WebSite\",\"@id\":\"https:\\\/\\\/kt.gov.rs\\\/#website\",\"url\":\"https:\\\/\\\/kt.gov.rs\\\/\",\"name\":\"\u041a\u043e\u043e\u0440\u0434\u0438\u043d\u0430\u0446\u0438\u043e\u043d\u043e \u0442\u0435\u043b\u043e \u0412\u043b\u0430\u0434\u0435 \u0420\u0435\u043f\u0443\u0431\u043b\u0438\u043a\u0435 \u0421\u0440\u0431\u0438\u0458\u0435 \u0437\u0430 \u043e\u043f\u0448\u0442\u0438\u043d\u0435 \u041f\u0440\u0435\u0448\u0435\u0432\u043e, \u0411\u0443\u0458\u0430\u043d\u043e\u0432\u0430\u0446 \u0438 \u041c\u0435\u0434\u0432\u0435\u0452a\",\"description\":\"\",\"publisher\":{\"@id\":\"https:\\\/\\\/kt.gov.rs\\\/#organization\"},\"alternateName\":\"\u041a\u043e\u043e\u0440\u0434\u0438\u043d\u0430\u0446\u0438\u043e\u043d\u043e \u0442\u0435\u043b\u043e\",\"potentialAction\":[{\"@type\":\"SearchAction\",\"target\":{\"@type\":\"EntryPoint\",\"urlTemplate\":\"https:\\\/\\\/kt.gov.rs\\\/?s={search_term_string}\"},\"query-input\":{\"@type\":\"PropertyValueSpecification\",\"valueRequired\":true,\"valueName\":\"search_term_string\"}}],\"inLanguage\":\"sq-AL\"},{\"@type\":\"Organization\",\"@id\":\"https:\\\/\\\/kt.gov.rs\\\/#organization\",\"name\":\"\u041a\u043e\u043e\u0440\u0434\u0438\u043d\u0430\u0446\u0438\u043e\u043d\u043e \u0442\u0435\u043b\u043e \u0412\u043b\u0430\u0434\u0435 \u0420\u0435\u043f\u0443\u0431\u043b\u0438\u043a\u0435 \u0421\u0440\u0431\u0438\u0458\u0435 \u0437\u0430 \u043e\u043f\u0448\u0442\u0438\u043d\u0435 \u041f\u0440\u0435\u0448\u0435\u0432\u043e, \u0411\u0443\u0458\u0430\u043d\u043e\u0432\u0430\u0446 \u0438 \u041c\u0435\u0434\u0432\u0435\u0452a\",\"alternateName\":\"\u041a\u043e\u043e\u0440\u0434\u0438\u043d\u0430\u0446\u0438\u043e\u043d\u043e \u0442\u0435\u043b\u043e\",\"url\":\"https:\\\/\\\/kt.gov.rs\\\/\",\"logo\":{\"@type\":\"ImageObject\",\"inLanguage\":\"sq-AL\",\"@id\":\"https:\\\/\\\/kt.gov.rs\\\/#\\\/schema\\\/logo\\\/image\\\/\",\"url\":\"https:\\\/\\\/kt.gov.rs\\\/wp-content\\\/uploads\\\/2024\\\/12\\\/koord2.jpg\",\"contentUrl\":\"https:\\\/\\\/kt.gov.rs\\\/wp-content\\\/uploads\\\/2024\\\/12\\\/koord2.jpg\",\"width\":640,\"height\":480,\"caption\":\"\u041a\u043e\u043e\u0440\u0434\u0438\u043d\u0430\u0446\u0438\u043e\u043d\u043e \u0442\u0435\u043b\u043e \u0412\u043b\u0430\u0434\u0435 \u0420\u0435\u043f\u0443\u0431\u043b\u0438\u043a\u0435 \u0421\u0440\u0431\u0438\u0458\u0435 \u0437\u0430 \u043e\u043f\u0448\u0442\u0438\u043d\u0435 \u041f\u0440\u0435\u0448\u0435\u0432\u043e, \u0411\u0443\u0458\u0430\u043d\u043e\u0432\u0430\u0446 \u0438 \u041c\u0435\u0434\u0432\u0435\u0452a\"},\"image\":{\"@id\":\"https:\\\/\\\/kt.gov.rs\\\/#\\\/schema\\\/logo\\\/image\\\/\"},\"sameAs\":[\"https:\\\/\\\/www.facebook.com\\\/SluzbaKoordinacionogTelaVladeRepublikeSrbije\",\"https:\\\/\\\/x.com\\\/kt_gov\",\"https:\\\/\\\/www.youtube.com\\\/@koordinacionotelo\"]},{\"@type\":\"Person\",\"@id\":\"https:\\\/\\\/kt.gov.rs\\\/#\\\/schema\\\/person\\\/e426459ddb4173309103390602694571\",\"name\":\"ktmin\",\"image\":{\"@type\":\"ImageObject\",\"inLanguage\":\"sq-AL\",\"@id\":\"https:\\\/\\\/secure.gravatar.com\\\/avatar\\\/3985c961109853010c3fbc7ba30365bfba5db3dd6c525831d9c595c7525a615a?s=96&d=mm&r=g\",\"url\":\"https:\\\/\\\/secure.gravatar.com\\\/avatar\\\/3985c961109853010c3fbc7ba30365bfba5db3dd6c525831d9c595c7525a615a?s=96&d=mm&r=g\",\"contentUrl\":\"https:\\\/\\\/secure.gravatar.com\\\/avatar\\\/3985c961109853010c3fbc7ba30365bfba5db3dd6c525831d9c595c7525a615a?s=96&d=mm&r=g\",\"caption\":\"ktmin\"},\"sameAs\":[\"https:\\\/\\\/kt.gov.rs\"],\"url\":\"https:\\\/\\\/kt.gov.rs\\\/sq\\\/author\\\/ktmin\\\/\"}]}<\/script>\n<!-- \/ Yoast SEO plugin. -->","yoast_head_json":{"title":"Komunikat\u00eb p\u00ebr media - \u201eTI DHE UN\u00cb JEMI NE\u201c N\u00cb KIKIND\u00cb, SREMSKA MITROVIC\u00cb, SHID, SOMBOR DHE LLOZNIC\u00cb - Republika e S\u00ebrbis\u00eb Trupi Koordinues p\u00ebr komunat Bujanoc, Preshev\u00eb dhe Medvegj\u00eb","robots":{"index":"index","follow":"follow","max-snippet":"max-snippet:-1","max-image-preview":"max-image-preview:large","max-video-preview":"max-video-preview:-1"},"canonical":"https:\/\/kt.gov.rs\/sq\/komunikate-per-media-ti-dhe-une-jemi-ne-ne-kikinde-sremska-mitrovice-shid-sombor-dhe-lloznice\/","og_locale":"sq_AL","og_type":"article","og_title":"Komunikat\u00eb p\u00ebr media - \u201eTI DHE UN\u00cb JEMI NE\u201c N\u00cb KIKIND\u00cb, SREMSKA MITROVIC\u00cb, SHID, SOMBOR DHE LLOZNIC\u00cb - Republika e S\u00ebrbis\u00eb Trupi Koordinues p\u00ebr komunat Bujanoc, Preshev\u00eb dhe Medvegj\u00eb","og_description":"NOVI SAD \u2013 Pas suksesit t\u00eb \u00e7faqjes teatrale multietnike ,,Ti dhe\u00a0Un\u00eb jemi Ne\u2019\u2019 n\u00eb Bujanoc dhe Beograd n\u00eb dhjetor\u00eb t\u00eb vitit 2009, nx\u00ebn\u00ebsit e shkollave t\u00eb mesme, Shqip\u00ebtar\u00eb, Serb\u00eb dhe Rom\u00eb nga Bujanoci dhe Presheva, \u00e7faqjen rinore p\u00ebr jet\u00ebn e tyre n\u00eb Serbin\u00eb jugore, n\u00eb t\u00eb tri gjuh\u00ebt e tyre dhe n\u00eb gjuh\u00ebn angleze, do ta luajn\u00eb n\u00eb Kikind\u00eb (m\u00eb 25 shkurt\u00eb), Zrenjanin (m\u00eb 26 shkurt\u00eb), Sremska Mitrovic\u00eb (m\u00eb 27 shkurt\u00eb), Shid (m\u00eb 28 shkurt\u00eb) dhe n\u00eb Sombor (2 mars\u00eb). \u00c7faqja m\u00eb 19 maj do ta hap\u00eb Vukov Sabor-in e 39 n\u00eb Lloznic\u00eb.","og_url":"https:\/\/kt.gov.rs\/sq\/komunikate-per-media-ti-dhe-une-jemi-ne-ne-kikinde-sremska-mitrovice-shid-sombor-dhe-lloznice\/","og_site_name":"Republika e S\u00ebrbis\u00eb Trupi Koordinues p\u00ebr komunat Bujanoc, Preshev\u00eb dhe Medvegj\u00eb","article_publisher":"https:\/\/www.facebook.com\/SluzbaKoordinacionogTelaVladeRepublikeSrbije","article_published_time":"2010-02-23T00:00:00+00:00","author":"ktmin","twitter_card":"summary_large_image","twitter_creator":"@kt_gov","twitter_site":"@kt_gov","twitter_misc":{"Written by":"ktmin","Est. reading time":"3 minutes"},"schema":{"@context":"https:\/\/schema.org","@graph":[{"@type":"Article","@id":"https:\/\/kt.gov.rs\/sq\/komunikate-per-media-ti-dhe-une-jemi-ne-ne-kikinde-sremska-mitrovice-shid-sombor-dhe-lloznice\/#article","isPartOf":{"@id":"https:\/\/kt.gov.rs\/sq\/komunikate-per-media-ti-dhe-une-jemi-ne-ne-kikinde-sremska-mitrovice-shid-sombor-dhe-lloznice\/"},"author":{"name":"ktmin","@id":"https:\/\/kt.gov.rs\/#\/schema\/person\/e426459ddb4173309103390602694571"},"headline":"Komunikat\u00eb p\u00ebr media \u2013 \u201eTI DHE UN\u00cb JEMI NE\u201c N\u00cb KIKIND\u00cb, SREMSKA MITROVIC\u00cb, SHID, SOMBOR DHE LLOZNIC\u00cb","datePublished":"2010-02-23T00:00:00+00:00","mainEntityOfPage":{"@id":"https:\/\/kt.gov.rs\/sq\/komunikate-per-media-ti-dhe-une-jemi-ne-ne-kikinde-sremska-mitrovice-shid-sombor-dhe-lloznice\/"},"wordCount":522,"publisher":{"@id":"https:\/\/kt.gov.rs\/#organization"},"articleSection":["Lajme"],"inLanguage":"sq-AL"},{"@type":"WebPage","@id":"https:\/\/kt.gov.rs\/sq\/komunikate-per-media-ti-dhe-une-jemi-ne-ne-kikinde-sremska-mitrovice-shid-sombor-dhe-lloznice\/","url":"https:\/\/kt.gov.rs\/sq\/komunikate-per-media-ti-dhe-une-jemi-ne-ne-kikinde-sremska-mitrovice-shid-sombor-dhe-lloznice\/","name":"Komunikat\u00eb p\u00ebr media - \u201eTI DHE UN\u00cb JEMI NE\u201c N\u00cb KIKIND\u00cb, SREMSKA MITROVIC\u00cb, SHID, SOMBOR DHE LLOZNIC\u00cb - Republika e S\u00ebrbis\u00eb Trupi Koordinues p\u00ebr komunat Bujanoc, Preshev\u00eb dhe Medvegj\u00eb","isPartOf":{"@id":"https:\/\/kt.gov.rs\/#website"},"datePublished":"2010-02-23T00:00:00+00:00","breadcrumb":{"@id":"https:\/\/kt.gov.rs\/sq\/komunikate-per-media-ti-dhe-une-jemi-ne-ne-kikinde-sremska-mitrovice-shid-sombor-dhe-lloznice\/#breadcrumb"},"inLanguage":"sq-AL","potentialAction":[{"@type":"ReadAction","target":["https:\/\/kt.gov.rs\/sq\/komunikate-per-media-ti-dhe-une-jemi-ne-ne-kikinde-sremska-mitrovice-shid-sombor-dhe-lloznice\/"]}]},{"@type":"BreadcrumbList","@id":"https:\/\/kt.gov.rs\/sq\/komunikate-per-media-ti-dhe-une-jemi-ne-ne-kikinde-sremska-mitrovice-shid-sombor-dhe-lloznice\/#breadcrumb","itemListElement":[{"@type":"ListItem","position":1,"name":"\u041f\u043e\u0447\u0435\u0442\u043d\u0430","item":"https:\/\/kt.gov.rs\/sq\/"},{"@type":"ListItem","position":2,"name":"Komunikat\u00eb p\u00ebr media \u2013 \u201eTI DHE UN\u00cb JEMI NE\u201c N\u00cb KIKIND\u00cb, SREMSKA MITROVIC\u00cb, SHID, SOMBOR DHE LLOZNIC\u00cb"}]},{"@type":"WebSite","@id":"https:\/\/kt.gov.rs\/#website","url":"https:\/\/kt.gov.rs\/","name":"\u041a\u043e\u043e\u0440\u0434\u0438\u043d\u0430\u0446\u0438\u043e\u043d\u043e \u0442\u0435\u043b\u043e \u0412\u043b\u0430\u0434\u0435 \u0420\u0435\u043f\u0443\u0431\u043b\u0438\u043a\u0435 \u0421\u0440\u0431\u0438\u0458\u0435 \u0437\u0430 \u043e\u043f\u0448\u0442\u0438\u043d\u0435 \u041f\u0440\u0435\u0448\u0435\u0432\u043e, \u0411\u0443\u0458\u0430\u043d\u043e\u0432\u0430\u0446 \u0438 \u041c\u0435\u0434\u0432\u0435\u0452a","description":"","publisher":{"@id":"https:\/\/kt.gov.rs\/#organization"},"alternateName":"\u041a\u043e\u043e\u0440\u0434\u0438\u043d\u0430\u0446\u0438\u043e\u043d\u043e \u0442\u0435\u043b\u043e","potentialAction":[{"@type":"SearchAction","target":{"@type":"EntryPoint","urlTemplate":"https:\/\/kt.gov.rs\/?s={search_term_string}"},"query-input":{"@type":"PropertyValueSpecification","valueRequired":true,"valueName":"search_term_string"}}],"inLanguage":"sq-AL"},{"@type":"Organization","@id":"https:\/\/kt.gov.rs\/#organization","name":"\u041a\u043e\u043e\u0440\u0434\u0438\u043d\u0430\u0446\u0438\u043e\u043d\u043e \u0442\u0435\u043b\u043e \u0412\u043b\u0430\u0434\u0435 \u0420\u0435\u043f\u0443\u0431\u043b\u0438\u043a\u0435 \u0421\u0440\u0431\u0438\u0458\u0435 \u0437\u0430 \u043e\u043f\u0448\u0442\u0438\u043d\u0435 \u041f\u0440\u0435\u0448\u0435\u0432\u043e, \u0411\u0443\u0458\u0430\u043d\u043e\u0432\u0430\u0446 \u0438 \u041c\u0435\u0434\u0432\u0435\u0452a","alternateName":"\u041a\u043e\u043e\u0440\u0434\u0438\u043d\u0430\u0446\u0438\u043e\u043d\u043e \u0442\u0435\u043b\u043e","url":"https:\/\/kt.gov.rs\/","logo":{"@type":"ImageObject","inLanguage":"sq-AL","@id":"https:\/\/kt.gov.rs\/#\/schema\/logo\/image\/","url":"https:\/\/kt.gov.rs\/wp-content\/uploads\/2024\/12\/koord2.jpg","contentUrl":"https:\/\/kt.gov.rs\/wp-content\/uploads\/2024\/12\/koord2.jpg","width":640,"height":480,"caption":"\u041a\u043e\u043e\u0440\u0434\u0438\u043d\u0430\u0446\u0438\u043e\u043d\u043e \u0442\u0435\u043b\u043e \u0412\u043b\u0430\u0434\u0435 \u0420\u0435\u043f\u0443\u0431\u043b\u0438\u043a\u0435 \u0421\u0440\u0431\u0438\u0458\u0435 \u0437\u0430 \u043e\u043f\u0448\u0442\u0438\u043d\u0435 \u041f\u0440\u0435\u0448\u0435\u0432\u043e, \u0411\u0443\u0458\u0430\u043d\u043e\u0432\u0430\u0446 \u0438 \u041c\u0435\u0434\u0432\u0435\u0452a"},"image":{"@id":"https:\/\/kt.gov.rs\/#\/schema\/logo\/image\/"},"sameAs":["https:\/\/www.facebook.com\/SluzbaKoordinacionogTelaVladeRepublikeSrbije","https:\/\/x.com\/kt_gov","https:\/\/www.youtube.com\/@koordinacionotelo"]},{"@type":"Person","@id":"https:\/\/kt.gov.rs\/#\/schema\/person\/e426459ddb4173309103390602694571","name":"ktmin","image":{"@type":"ImageObject","inLanguage":"sq-AL","@id":"https:\/\/secure.gravatar.com\/avatar\/3985c961109853010c3fbc7ba30365bfba5db3dd6c525831d9c595c7525a615a?s=96&d=mm&r=g","url":"https:\/\/secure.gravatar.com\/avatar\/3985c961109853010c3fbc7ba30365bfba5db3dd6c525831d9c595c7525a615a?s=96&d=mm&r=g","contentUrl":"https:\/\/secure.gravatar.com\/avatar\/3985c961109853010c3fbc7ba30365bfba5db3dd6c525831d9c595c7525a615a?s=96&d=mm&r=g","caption":"ktmin"},"sameAs":["https:\/\/kt.gov.rs"],"url":"https:\/\/kt.gov.rs\/sq\/author\/ktmin\/"}]}},"_links":{"self":[{"href":"https:\/\/kt.gov.rs\/sq\/wp-json\/wp\/v2\/posts\/142998","targetHints":{"allow":["GET"]}}],"collection":[{"href":"https:\/\/kt.gov.rs\/sq\/wp-json\/wp\/v2\/posts"}],"about":[{"href":"https:\/\/kt.gov.rs\/sq\/wp-json\/wp\/v2\/types\/post"}],"author":[{"embeddable":true,"href":"https:\/\/kt.gov.rs\/sq\/wp-json\/wp\/v2\/users\/1"}],"replies":[{"embeddable":true,"href":"https:\/\/kt.gov.rs\/sq\/wp-json\/wp\/v2\/comments?post=142998"}],"version-history":[{"count":0,"href":"https:\/\/kt.gov.rs\/sq\/wp-json\/wp\/v2\/posts\/142998\/revisions"}],"wp:attachment":[{"href":"https:\/\/kt.gov.rs\/sq\/wp-json\/wp\/v2\/media?parent=142998"}],"wp:term":[{"taxonomy":"category","embeddable":true,"href":"https:\/\/kt.gov.rs\/sq\/wp-json\/wp\/v2\/categories?post=142998"},{"taxonomy":"post_tag","embeddable":true,"href":"https:\/\/kt.gov.rs\/sq\/wp-json\/wp\/v2\/tags?post=142998"}],"curies":[{"name":"wp","href":"https:\/\/api.w.org\/{rel}","templated":true}]}}