{"id":142990,"date":"2010-02-23T00:00:00","date_gmt":"2010-02-23T00:00:00","guid":{"rendered":"http:\/\/kt.printandscreen.rs\/pjesemarrja-e-komuniteteve-te-pakicave-ne-institucione-dhe-realizimi-i-te-drejtave-te-tyre\/"},"modified":"2024-07-30T20:23:21","modified_gmt":"2024-07-30T20:23:21","slug":"pjesemarrja-e-komuniteteve-te-pakicave-ne-institucione-dhe-realizimi-i-te-drejtave-te-tyre","status":"publish","type":"post","link":"https:\/\/kt.gov.rs\/sq\/pjesemarrja-e-komuniteteve-te-pakicave-ne-institucione-dhe-realizimi-i-te-drejtave-te-tyre\/","title":{"rendered":"PJES\u00cbMARRJA E KOMUNITETEVE T\u00cb PAKICAVE N\u00cb INSTITUCIONE DHE REALIZIMI I T\u00cb DREJTAVE T\u00cb TYRE"},"content":{"rendered":"<p><img decoding=\"async\" align=\"left\" src=\"https:\/\/kt.gov.rs\/wp-content\/uploads\/2024\/07\/pic202vesti-4.jpg\" alt=\"\" \/>Qendra p\u00ebr demokraci dhe zhvillim t\u00eb Serbis\u00eb jugore dhe agjensioni Regjional informativ JUGpress m\u00eb 23 shkurt\u00eb ka organizuar tribun\u00ebn ,,Kosova nga ana tjet\u00ebr, qka pas konfliktit\u2019\u2019 ku tema kryesore ka qen\u00eb r\u00ebnd\u00ebsia e pjes\u00ebmarrjes s\u00eb pakicave komb\u00ebtare n\u00eb institucionet dhe realizimi i t\u00eb drejtave t\u00eb tyre n\u00eb regjion. N\u00eb tribun\u00eb kan\u00eb folur kryetari i Trupit Koordinues s\u00eb Qeveris\u00eb s\u00eb republik\u00ebs s\u00eb Serbis\u00eb p\u00ebr komunat Preshev\u00eb, Bujanoc dhe Medvegj\u00eb, ministri Milan Markoviq, ambasadori i Britanis\u00eb s\u00eb madhe n\u00eb Serbi, Stiven Worsworth, kryeshefi i misiont t\u00eb OSBE-s\u00eb n\u00eb Beograd, Dimitrios Kiprios dhe sekrataresha e par\u00eb e ambasad\u00ebs s\u00eb SHBA-ve e nj\u00ebherit kryeshefe e repartit politik, Debora Menuti. N\u00eb tribun\u00eb gjithashtu kan\u00eb marr\u00eb pjes\u00eb edhe politikan\u00ebt lokal nga Bujanoci, kryetari i komun\u00ebs, Shaip Kamberi, kryetari i kuvendit komunal t\u00eb Bujanocit, Jonuz Musliu dhe p\u00ebrfaq\u00ebsuesit e organizatave politike serbe.<\/p>\n<p>Kryetari i Trupit Koordinues Milan Markoviq n\u00eb k\u00ebt\u00eb tribun\u00eb theksoi se politika e Qeveris\u00eb s\u00eb Republik\u00ebs s\u00eb Serbis\u00eb \u00ebsht\u00eb e njohur mir\u00eb dhe se egziston vullneti i mir\u00eb q\u00eb t\u00eb gjith\u00eb p\u00ebrfaq\u00ebsuesit relevant t\u2019i kthehen ardhm\u00ebris\u00eb. Sipas fjal\u00ebve t\u00eb ministrit Markoviq, prioritetet e Trupit Koordinues jan\u00eb t\u00eb rinj\u00ebt e k\u00ebsaj komune. ,,Gj\u00ebrat shkojn\u00eb m\u00eb ngadal se sa q\u00eb duam ne, mir\u00ebpo ne jemi t\u00eb p\u00ebrkushtuar n\u00eb send\u00ebrtimin e besimit t\u00eb plot\u00eb, integrimin dhe respektimin e t\u00eb drejtave p\u00ebr t\u00eb gjith\u00eb qytetar\u00ebt. Un\u00eb nuk dua t\u00eb besoj se t\u00eb gjitha k\u00ebto nuk mund\u00eb t\u00eb arrihen\u2019\u2019. Ministri Markoviq ftoi p\u00ebr durim se t\u00eb gjitha k\u00ebto nuk mundet t\u00eb arrihen aq shpejt\u00eb. ,,N\u00ebse vazhdojm\u00eb t\u00eb punojm\u00eb s\u00eb bashku, jeta n\u00eb Bujanoc pas disa vitesh do t\u00eb jet\u00eb ashtu siq e kemi paramenduar ne\u2019\u2019, shtoi kryetari i Trupit Koordinues. ,,Ideja jon\u00eb \u00ebsht\u00eb q\u00eb t\u00eb p\u00ebrmir\u00ebsojm\u00eb shkollimin, t\u00eb hapim fakultete, t\u2019i integrojm\u00eb Shqip\u00ebtar\u00ebt n\u00eb institucionet republikane dhe Serb\u00ebt n\u00eb pushtetin lokal, ta p\u00ebrmir\u00ebsojm\u00eb situat\u00ebn ekonomike. K\u00ebto dy procese jan\u00eb t\u00eb lidhura ngusht\u00eb me nj\u00ebri tjetrin dhe se do t\u00eb ndikojn\u00eb n\u00eb p\u00ebrmir\u00ebsimin e stabilitetit. Veprimet tona duhet t\u00eb jen\u00eb t\u00eb kujdessh\u00ebm, dhe askush nuk ka t\u00eb drejt\u00eb q\u00eb partnerin tjet\u00ebr ta bjer\u00eb n\u00eb situat\u00eb t\u00eb palakmueshme\u2019\u2019. Ministri Markoviq edhe nj\u00ebher\u00eb p\u00ebrs\u00ebriti se \u00ebsht\u00eb shum\u00eb me r\u00ebnd\u00ebsi q\u00eb Shqip\u00ebtar\u00ebt ta formojn\u00eb K\u00ebshillin Nacional t\u00eb tyre duke fal\u00ebnderuar komunitetin nd\u00ebrkomb\u00ebtar\u00eb n\u00eb mb\u00ebshtetjen e tyre konstante.<\/p>\n<p>Ambasadori i Britanis\u00eb s\u00eb Madhe n\u00eb Serbi, Stiven Worsworth, gjat\u00eb fjalimit t\u00eb tij\u00eb potencoi se \u00ebsht\u00eb b\u00ebr\u00eb nj\u00eb p\u00ebrparim i konsideruesh\u00ebm n\u00eb k\u00ebto vitet e fundit, para s\u00eb gjithash n\u00eb infrastruktur\u00eb, dhe se nd\u00ebr suksest m\u00eb t\u00eb m\u00ebdha \u00ebsht\u00eb hapja e fakultetit n\u00eb Medvegj\u00eb. Ambasadori fal\u00ebnderoi kyqjen m\u00eb intenzive t\u00eb Qeveris\u00eb s\u00eb Republik\u00ebs s\u00eb Serbis\u00eb n\u00eb krahasim me vitin 2006. ,,Qeveria e re ka b\u00ebr\u00eb p\u00ebrmir\u00ebsim n\u00eb Serbin\u00eb jugore. Kjo nuk do t\u00eb thot\u00eb se t\u00eb gjitha problemet jan\u00eb zgjidhur. Duhet t\u00eb kemi durim edhepse njer\u00ebzit k\u00ebrkojn\u00eb pun\u00eb dhe presin prosperitet\u2019\u2019,\u00a0 ka th\u00ebn\u00eb Worsworth, i cili sikurse edhe ministri Markoviq potencoi se stabiliteti i plot\u00eb politik ka r\u00ebnd\u00ebsi esenciale. ,,Formimi i K\u00ebshillit Nacional ka nj\u00eb r\u00ebnd\u00ebsi t\u00eb madhe. D\u00ebshirojm\u00eb q\u00eb sa m\u00eb tep\u00ebr qytetar\u00eb t\u00eb marrin pjes\u00eb n\u00eb formiin e K\u00ebshillit Nacional, q\u00eb t\u00eb regjistrohen dhe t\u00eb votojn\u00eb. N\u00eb m\u00ebnyr\u00eb q\u00eb K\u00ebshilli Nacional t\u00eb punoj\u00eb, ai duhet ta ket\u00eb mb\u00ebshtetjen e nj\u00eb numri sa m\u00eb t\u00eb madh t\u00eb qytetar\u00ebve. Disa thon\u00eb se formimi i K\u00ebshillit Nacional nuk \u00ebsht\u00eb zgjidhje e mir\u00eb. Ajo tash nuk \u00ebsht\u00eb me r\u00ebnd\u00ebsi, procesi ka filluar dhe se \u00ebsht\u00eb me r\u00ebnd\u00ebsi formimi i k\u00ebtij K\u00ebshilli\u2019\u2019, tha n\u00eb fund ambasadori i Britanis\u00eb s\u00eb Madhe.<\/p>\n<p>Kryeshefi i OSBE-s\u00eb n\u00eb Beograd, Dimitros Kiprios deklaroi gjithashtu se n\u00eb Serbin\u00eb jugore \u00ebsht\u00eb b\u00ebr\u00eb nj\u00eb p\u00ebrmir\u00ebsim i duksh\u00ebm duke potencuar edhe problemin e TV Preshev\u00ebs, hapjen e fakultetit n\u00eb Medvegj\u00eb, studion e vizibilitetit p\u00ebr hapjen e shkollave t\u00eb larta n\u00eb Preshev\u00eb dhe Bujanoc. Kiprios, sikurse edhe bashk\u00ebbiseduesit e m\u00ebhersh\u00ebm, ftoi n\u00eb formimin e K\u00ebshillit Nacional t\u00eb Shqip\u00ebtar\u00ebve. K\u00ebt\u00eb e potencoi edhe Debora Menuti, sekretaresha e par\u00eb e nj\u00ebherit edhe kryeshefe e repartit politik pran ambasad\u00ebs s\u00eb SHBA-ve n\u00eb Beograd. ,,Ky institucion ka r\u00ebnd\u00ebsi t\u00eb konsideruesh\u00ebm, e sidomos p\u00ebr f\u00ebmij\u00ebt e juaj sepse do t\u2019i zgjidhin problemet nga sfera e informimit, p\u00ebrdorimit zyrtar\u00eb t\u00eb gjuh\u00ebs dhe shkrimit, kultur\u00ebs, arsimit dhe t\u00eb ngjajshme. Ky \u00ebsht\u00eb rasti p\u00ebr prind\u00ebrit q\u00eb t\u2019i ndihmojn\u00eb f\u00ebmij\u00ebt e tyre\u2019\u2019, theksoi Menuti duke potencuar se formimi i K\u00ebshillit Nacional \u00ebsht\u00eb nj\u00eb d\u00ebshmi e pjekuris\u00eb politike dhe stabilitetit n\u00eb regjion. ,,Formimi i K\u00ebshillit Nacional do t\u00eb ndikoj\u00eb n\u00eb zhvillimin e konomik sepse stabiliteti do t\u2019i t\u00ebrhjek\u00eb investitor\u00ebt\u2019\u2019, tha m\u00eb n\u00eb fund Menuti.<\/p>\n<p>Kjo ka qen\u00eb tribuna e pest\u00eb t\u00eb cil\u00ebn tradicionalisht e organizon Jug Press.<\/p>\n","protected":false},"excerpt":{"rendered":"<p>Qendra p\u00ebr demokraci dhe zhvillim t\u00eb Serbis\u00eb jugore dhe agjensioni Regjional informativ JUGpress m\u00eb 23 shkurt\u00eb ka organizuar tribun\u00ebn ,,Kosova nga ana tjet\u00ebr, qka pas konfliktit\u2019\u2019 ku tema kryesore ka qen\u00eb r\u00ebnd\u00ebsia e pjes\u00ebmarrjes s\u00eb pakicave komb\u00ebtare n\u00eb institucionet dhe realizimi i t\u00eb drejtave t\u00eb tyre n\u00eb regjion.<\/p>\n","protected":false},"author":1,"featured_media":142995,"comment_status":"closed","ping_status":"closed","sticky":false,"template":"","format":"standard","meta":{"footnotes":""},"categories":[55],"tags":[],"class_list":["post-142990","post","type-post","status-publish","format-standard","has-post-thumbnail","hentry","category-lajme"],"yoast_head":"<!-- This site is optimized with the Yoast SEO plugin v27.4 - https:\/\/yoast.com\/product\/yoast-seo-wordpress\/ -->\n<title>PJES\u00cbMARRJA E KOMUNITETEVE T\u00cb PAKICAVE N\u00cb INSTITUCIONE DHE REALIZIMI I T\u00cb DREJTAVE T\u00cb TYRE - Republika e S\u00ebrbis\u00eb Trupi Koordinues p\u00ebr komunat Bujanoc, Preshev\u00eb dhe Medvegj\u00eb<\/title>\n<meta name=\"robots\" content=\"index, follow, max-snippet:-1, max-image-preview:large, max-video-preview:-1\" \/>\n<link rel=\"canonical\" href=\"https:\/\/kt.gov.rs\/sq\/pjesemarrja-e-komuniteteve-te-pakicave-ne-institucione-dhe-realizimi-i-te-drejtave-te-tyre\/\" \/>\n<meta property=\"og:locale\" content=\"sq_AL\" \/>\n<meta property=\"og:type\" content=\"article\" \/>\n<meta property=\"og:title\" content=\"PJES\u00cbMARRJA E KOMUNITETEVE T\u00cb PAKICAVE N\u00cb INSTITUCIONE DHE REALIZIMI I T\u00cb DREJTAVE T\u00cb TYRE - Republika e S\u00ebrbis\u00eb Trupi Koordinues p\u00ebr komunat Bujanoc, Preshev\u00eb dhe Medvegj\u00eb\" \/>\n<meta property=\"og:description\" content=\"Qendra p\u00ebr demokraci dhe zhvillim t\u00eb Serbis\u00eb jugore dhe agjensioni Regjional informativ JUGpress m\u00eb 23 shkurt\u00eb ka organizuar tribun\u00ebn ,,Kosova nga ana tjet\u00ebr, qka pas konfliktit\u2019\u2019 ku tema kryesore ka qen\u00eb r\u00ebnd\u00ebsia e pjes\u00ebmarrjes s\u00eb pakicave komb\u00ebtare n\u00eb institucionet dhe realizimi i t\u00eb drejtave t\u00eb tyre n\u00eb regjion.\" \/>\n<meta property=\"og:url\" content=\"https:\/\/kt.gov.rs\/sq\/pjesemarrja-e-komuniteteve-te-pakicave-ne-institucione-dhe-realizimi-i-te-drejtave-te-tyre\/\" \/>\n<meta property=\"og:site_name\" content=\"Republika e S\u00ebrbis\u00eb Trupi Koordinues p\u00ebr komunat Bujanoc, Preshev\u00eb dhe Medvegj\u00eb\" \/>\n<meta property=\"article:publisher\" content=\"https:\/\/www.facebook.com\/SluzbaKoordinacionogTelaVladeRepublikeSrbije\" \/>\n<meta property=\"article:published_time\" content=\"2010-02-23T00:00:00+00:00\" \/>\n<meta property=\"article:modified_time\" content=\"2024-07-30T20:23:21+00:00\" \/>\n<meta property=\"og:image\" content=\"https:\/\/kt.gov.rs\/wp-content\/uploads\/2024\/07\/pic202vesti-5.jpg\" \/>\n\t<meta property=\"og:image:width\" content=\"250\" \/>\n\t<meta property=\"og:image:height\" content=\"166\" \/>\n\t<meta property=\"og:image:type\" content=\"image\/jpeg\" \/>\n<meta name=\"author\" content=\"ktmin\" \/>\n<meta name=\"twitter:card\" content=\"summary_large_image\" \/>\n<meta name=\"twitter:creator\" content=\"@kt_gov\" \/>\n<meta name=\"twitter:site\" content=\"@kt_gov\" \/>\n<meta name=\"twitter:label1\" content=\"Written by\" \/>\n\t<meta name=\"twitter:data1\" content=\"ktmin\" \/>\n\t<meta name=\"twitter:label2\" content=\"Est. reading time\" \/>\n\t<meta name=\"twitter:data2\" content=\"4 minutes\" \/>\n<script type=\"application\/ld+json\" class=\"yoast-schema-graph\">{\"@context\":\"https:\\\/\\\/schema.org\",\"@graph\":[{\"@type\":\"Article\",\"@id\":\"https:\\\/\\\/kt.gov.rs\\\/sq\\\/pjesemarrja-e-komuniteteve-te-pakicave-ne-institucione-dhe-realizimi-i-te-drejtave-te-tyre\\\/#article\",\"isPartOf\":{\"@id\":\"https:\\\/\\\/kt.gov.rs\\\/sq\\\/pjesemarrja-e-komuniteteve-te-pakicave-ne-institucione-dhe-realizimi-i-te-drejtave-te-tyre\\\/\"},\"author\":{\"name\":\"ktmin\",\"@id\":\"https:\\\/\\\/kt.gov.rs\\\/#\\\/schema\\\/person\\\/e426459ddb4173309103390602694571\"},\"headline\":\"PJES\u00cbMARRJA E KOMUNITETEVE T\u00cb PAKICAVE N\u00cb INSTITUCIONE DHE REALIZIMI I T\u00cb DREJTAVE T\u00cb TYRE\",\"datePublished\":\"2010-02-23T00:00:00+00:00\",\"dateModified\":\"2024-07-30T20:23:21+00:00\",\"mainEntityOfPage\":{\"@id\":\"https:\\\/\\\/kt.gov.rs\\\/sq\\\/pjesemarrja-e-komuniteteve-te-pakicave-ne-institucione-dhe-realizimi-i-te-drejtave-te-tyre\\\/\"},\"wordCount\":903,\"publisher\":{\"@id\":\"https:\\\/\\\/kt.gov.rs\\\/#organization\"},\"image\":{\"@id\":\"https:\\\/\\\/kt.gov.rs\\\/sq\\\/pjesemarrja-e-komuniteteve-te-pakicave-ne-institucione-dhe-realizimi-i-te-drejtave-te-tyre\\\/#primaryimage\"},\"thumbnailUrl\":\"https:\\\/\\\/kt.gov.rs\\\/wp-content\\\/uploads\\\/2024\\\/07\\\/pic202vesti-5.jpg\",\"articleSection\":[\"Lajme\"],\"inLanguage\":\"sq-AL\"},{\"@type\":\"WebPage\",\"@id\":\"https:\\\/\\\/kt.gov.rs\\\/sq\\\/pjesemarrja-e-komuniteteve-te-pakicave-ne-institucione-dhe-realizimi-i-te-drejtave-te-tyre\\\/\",\"url\":\"https:\\\/\\\/kt.gov.rs\\\/sq\\\/pjesemarrja-e-komuniteteve-te-pakicave-ne-institucione-dhe-realizimi-i-te-drejtave-te-tyre\\\/\",\"name\":\"PJES\u00cbMARRJA E KOMUNITETEVE T\u00cb PAKICAVE N\u00cb INSTITUCIONE DHE REALIZIMI I T\u00cb DREJTAVE T\u00cb TYRE - Republika e S\u00ebrbis\u00eb Trupi Koordinues p\u00ebr komunat Bujanoc, Preshev\u00eb dhe Medvegj\u00eb\",\"isPartOf\":{\"@id\":\"https:\\\/\\\/kt.gov.rs\\\/#website\"},\"primaryImageOfPage\":{\"@id\":\"https:\\\/\\\/kt.gov.rs\\\/sq\\\/pjesemarrja-e-komuniteteve-te-pakicave-ne-institucione-dhe-realizimi-i-te-drejtave-te-tyre\\\/#primaryimage\"},\"image\":{\"@id\":\"https:\\\/\\\/kt.gov.rs\\\/sq\\\/pjesemarrja-e-komuniteteve-te-pakicave-ne-institucione-dhe-realizimi-i-te-drejtave-te-tyre\\\/#primaryimage\"},\"thumbnailUrl\":\"https:\\\/\\\/kt.gov.rs\\\/wp-content\\\/uploads\\\/2024\\\/07\\\/pic202vesti-5.jpg\",\"datePublished\":\"2010-02-23T00:00:00+00:00\",\"dateModified\":\"2024-07-30T20:23:21+00:00\",\"breadcrumb\":{\"@id\":\"https:\\\/\\\/kt.gov.rs\\\/sq\\\/pjesemarrja-e-komuniteteve-te-pakicave-ne-institucione-dhe-realizimi-i-te-drejtave-te-tyre\\\/#breadcrumb\"},\"inLanguage\":\"sq-AL\",\"potentialAction\":[{\"@type\":\"ReadAction\",\"target\":[\"https:\\\/\\\/kt.gov.rs\\\/sq\\\/pjesemarrja-e-komuniteteve-te-pakicave-ne-institucione-dhe-realizimi-i-te-drejtave-te-tyre\\\/\"]}]},{\"@type\":\"ImageObject\",\"inLanguage\":\"sq-AL\",\"@id\":\"https:\\\/\\\/kt.gov.rs\\\/sq\\\/pjesemarrja-e-komuniteteve-te-pakicave-ne-institucione-dhe-realizimi-i-te-drejtave-te-tyre\\\/#primaryimage\",\"url\":\"https:\\\/\\\/kt.gov.rs\\\/wp-content\\\/uploads\\\/2024\\\/07\\\/pic202vesti-5.jpg\",\"contentUrl\":\"https:\\\/\\\/kt.gov.rs\\\/wp-content\\\/uploads\\\/2024\\\/07\\\/pic202vesti-5.jpg\",\"width\":250,\"height\":166},{\"@type\":\"BreadcrumbList\",\"@id\":\"https:\\\/\\\/kt.gov.rs\\\/sq\\\/pjesemarrja-e-komuniteteve-te-pakicave-ne-institucione-dhe-realizimi-i-te-drejtave-te-tyre\\\/#breadcrumb\",\"itemListElement\":[{\"@type\":\"ListItem\",\"position\":1,\"name\":\"\u041f\u043e\u0447\u0435\u0442\u043d\u0430\",\"item\":\"https:\\\/\\\/kt.gov.rs\\\/sq\\\/\"},{\"@type\":\"ListItem\",\"position\":2,\"name\":\"PJES\u00cbMARRJA E KOMUNITETEVE T\u00cb PAKICAVE N\u00cb INSTITUCIONE DHE REALIZIMI I T\u00cb DREJTAVE T\u00cb TYRE\"}]},{\"@type\":\"WebSite\",\"@id\":\"https:\\\/\\\/kt.gov.rs\\\/#website\",\"url\":\"https:\\\/\\\/kt.gov.rs\\\/\",\"name\":\"\u041a\u043e\u043e\u0440\u0434\u0438\u043d\u0430\u0446\u0438\u043e\u043d\u043e \u0442\u0435\u043b\u043e \u0412\u043b\u0430\u0434\u0435 \u0420\u0435\u043f\u0443\u0431\u043b\u0438\u043a\u0435 \u0421\u0440\u0431\u0438\u0458\u0435 \u0437\u0430 \u043e\u043f\u0448\u0442\u0438\u043d\u0435 \u041f\u0440\u0435\u0448\u0435\u0432\u043e, \u0411\u0443\u0458\u0430\u043d\u043e\u0432\u0430\u0446 \u0438 \u041c\u0435\u0434\u0432\u0435\u0452a\",\"description\":\"\",\"publisher\":{\"@id\":\"https:\\\/\\\/kt.gov.rs\\\/#organization\"},\"alternateName\":\"\u041a\u043e\u043e\u0440\u0434\u0438\u043d\u0430\u0446\u0438\u043e\u043d\u043e \u0442\u0435\u043b\u043e\",\"potentialAction\":[{\"@type\":\"SearchAction\",\"target\":{\"@type\":\"EntryPoint\",\"urlTemplate\":\"https:\\\/\\\/kt.gov.rs\\\/?s={search_term_string}\"},\"query-input\":{\"@type\":\"PropertyValueSpecification\",\"valueRequired\":true,\"valueName\":\"search_term_string\"}}],\"inLanguage\":\"sq-AL\"},{\"@type\":\"Organization\",\"@id\":\"https:\\\/\\\/kt.gov.rs\\\/#organization\",\"name\":\"\u041a\u043e\u043e\u0440\u0434\u0438\u043d\u0430\u0446\u0438\u043e\u043d\u043e \u0442\u0435\u043b\u043e \u0412\u043b\u0430\u0434\u0435 \u0420\u0435\u043f\u0443\u0431\u043b\u0438\u043a\u0435 \u0421\u0440\u0431\u0438\u0458\u0435 \u0437\u0430 \u043e\u043f\u0448\u0442\u0438\u043d\u0435 \u041f\u0440\u0435\u0448\u0435\u0432\u043e, \u0411\u0443\u0458\u0430\u043d\u043e\u0432\u0430\u0446 \u0438 \u041c\u0435\u0434\u0432\u0435\u0452a\",\"alternateName\":\"\u041a\u043e\u043e\u0440\u0434\u0438\u043d\u0430\u0446\u0438\u043e\u043d\u043e \u0442\u0435\u043b\u043e\",\"url\":\"https:\\\/\\\/kt.gov.rs\\\/\",\"logo\":{\"@type\":\"ImageObject\",\"inLanguage\":\"sq-AL\",\"@id\":\"https:\\\/\\\/kt.gov.rs\\\/#\\\/schema\\\/logo\\\/image\\\/\",\"url\":\"https:\\\/\\\/kt.gov.rs\\\/wp-content\\\/uploads\\\/2024\\\/12\\\/koord2.jpg\",\"contentUrl\":\"https:\\\/\\\/kt.gov.rs\\\/wp-content\\\/uploads\\\/2024\\\/12\\\/koord2.jpg\",\"width\":640,\"height\":480,\"caption\":\"\u041a\u043e\u043e\u0440\u0434\u0438\u043d\u0430\u0446\u0438\u043e\u043d\u043e \u0442\u0435\u043b\u043e \u0412\u043b\u0430\u0434\u0435 \u0420\u0435\u043f\u0443\u0431\u043b\u0438\u043a\u0435 \u0421\u0440\u0431\u0438\u0458\u0435 \u0437\u0430 \u043e\u043f\u0448\u0442\u0438\u043d\u0435 \u041f\u0440\u0435\u0448\u0435\u0432\u043e, \u0411\u0443\u0458\u0430\u043d\u043e\u0432\u0430\u0446 \u0438 \u041c\u0435\u0434\u0432\u0435\u0452a\"},\"image\":{\"@id\":\"https:\\\/\\\/kt.gov.rs\\\/#\\\/schema\\\/logo\\\/image\\\/\"},\"sameAs\":[\"https:\\\/\\\/www.facebook.com\\\/SluzbaKoordinacionogTelaVladeRepublikeSrbije\",\"https:\\\/\\\/x.com\\\/kt_gov\",\"https:\\\/\\\/www.youtube.com\\\/@koordinacionotelo\"]},{\"@type\":\"Person\",\"@id\":\"https:\\\/\\\/kt.gov.rs\\\/#\\\/schema\\\/person\\\/e426459ddb4173309103390602694571\",\"name\":\"ktmin\",\"image\":{\"@type\":\"ImageObject\",\"inLanguage\":\"sq-AL\",\"@id\":\"https:\\\/\\\/secure.gravatar.com\\\/avatar\\\/3985c961109853010c3fbc7ba30365bfba5db3dd6c525831d9c595c7525a615a?s=96&d=mm&r=g\",\"url\":\"https:\\\/\\\/secure.gravatar.com\\\/avatar\\\/3985c961109853010c3fbc7ba30365bfba5db3dd6c525831d9c595c7525a615a?s=96&d=mm&r=g\",\"contentUrl\":\"https:\\\/\\\/secure.gravatar.com\\\/avatar\\\/3985c961109853010c3fbc7ba30365bfba5db3dd6c525831d9c595c7525a615a?s=96&d=mm&r=g\",\"caption\":\"ktmin\"},\"sameAs\":[\"https:\\\/\\\/kt.gov.rs\"],\"url\":\"https:\\\/\\\/kt.gov.rs\\\/sq\\\/author\\\/ktmin\\\/\"}]}<\/script>\n<!-- \/ Yoast SEO plugin. -->","yoast_head_json":{"title":"PJES\u00cbMARRJA E KOMUNITETEVE T\u00cb PAKICAVE N\u00cb INSTITUCIONE DHE REALIZIMI I T\u00cb DREJTAVE T\u00cb TYRE - Republika e S\u00ebrbis\u00eb Trupi Koordinues p\u00ebr komunat Bujanoc, Preshev\u00eb dhe Medvegj\u00eb","robots":{"index":"index","follow":"follow","max-snippet":"max-snippet:-1","max-image-preview":"max-image-preview:large","max-video-preview":"max-video-preview:-1"},"canonical":"https:\/\/kt.gov.rs\/sq\/pjesemarrja-e-komuniteteve-te-pakicave-ne-institucione-dhe-realizimi-i-te-drejtave-te-tyre\/","og_locale":"sq_AL","og_type":"article","og_title":"PJES\u00cbMARRJA E KOMUNITETEVE T\u00cb PAKICAVE N\u00cb INSTITUCIONE DHE REALIZIMI I T\u00cb DREJTAVE T\u00cb TYRE - Republika e S\u00ebrbis\u00eb Trupi Koordinues p\u00ebr komunat Bujanoc, Preshev\u00eb dhe Medvegj\u00eb","og_description":"Qendra p\u00ebr demokraci dhe zhvillim t\u00eb Serbis\u00eb jugore dhe agjensioni Regjional informativ JUGpress m\u00eb 23 shkurt\u00eb ka organizuar tribun\u00ebn ,,Kosova nga ana tjet\u00ebr, qka pas konfliktit\u2019\u2019 ku tema kryesore ka qen\u00eb r\u00ebnd\u00ebsia e pjes\u00ebmarrjes s\u00eb pakicave komb\u00ebtare n\u00eb institucionet dhe realizimi i t\u00eb drejtave t\u00eb tyre n\u00eb regjion.","og_url":"https:\/\/kt.gov.rs\/sq\/pjesemarrja-e-komuniteteve-te-pakicave-ne-institucione-dhe-realizimi-i-te-drejtave-te-tyre\/","og_site_name":"Republika e S\u00ebrbis\u00eb Trupi Koordinues p\u00ebr komunat Bujanoc, Preshev\u00eb dhe Medvegj\u00eb","article_publisher":"https:\/\/www.facebook.com\/SluzbaKoordinacionogTelaVladeRepublikeSrbije","article_published_time":"2010-02-23T00:00:00+00:00","article_modified_time":"2024-07-30T20:23:21+00:00","og_image":[{"width":250,"height":166,"url":"https:\/\/kt.gov.rs\/wp-content\/uploads\/2024\/07\/pic202vesti-5.jpg","type":"image\/jpeg"}],"author":"ktmin","twitter_card":"summary_large_image","twitter_creator":"@kt_gov","twitter_site":"@kt_gov","twitter_misc":{"Written by":"ktmin","Est. reading time":"4 minutes"},"schema":{"@context":"https:\/\/schema.org","@graph":[{"@type":"Article","@id":"https:\/\/kt.gov.rs\/sq\/pjesemarrja-e-komuniteteve-te-pakicave-ne-institucione-dhe-realizimi-i-te-drejtave-te-tyre\/#article","isPartOf":{"@id":"https:\/\/kt.gov.rs\/sq\/pjesemarrja-e-komuniteteve-te-pakicave-ne-institucione-dhe-realizimi-i-te-drejtave-te-tyre\/"},"author":{"name":"ktmin","@id":"https:\/\/kt.gov.rs\/#\/schema\/person\/e426459ddb4173309103390602694571"},"headline":"PJES\u00cbMARRJA E KOMUNITETEVE T\u00cb PAKICAVE N\u00cb INSTITUCIONE DHE REALIZIMI I T\u00cb DREJTAVE T\u00cb TYRE","datePublished":"2010-02-23T00:00:00+00:00","dateModified":"2024-07-30T20:23:21+00:00","mainEntityOfPage":{"@id":"https:\/\/kt.gov.rs\/sq\/pjesemarrja-e-komuniteteve-te-pakicave-ne-institucione-dhe-realizimi-i-te-drejtave-te-tyre\/"},"wordCount":903,"publisher":{"@id":"https:\/\/kt.gov.rs\/#organization"},"image":{"@id":"https:\/\/kt.gov.rs\/sq\/pjesemarrja-e-komuniteteve-te-pakicave-ne-institucione-dhe-realizimi-i-te-drejtave-te-tyre\/#primaryimage"},"thumbnailUrl":"https:\/\/kt.gov.rs\/wp-content\/uploads\/2024\/07\/pic202vesti-5.jpg","articleSection":["Lajme"],"inLanguage":"sq-AL"},{"@type":"WebPage","@id":"https:\/\/kt.gov.rs\/sq\/pjesemarrja-e-komuniteteve-te-pakicave-ne-institucione-dhe-realizimi-i-te-drejtave-te-tyre\/","url":"https:\/\/kt.gov.rs\/sq\/pjesemarrja-e-komuniteteve-te-pakicave-ne-institucione-dhe-realizimi-i-te-drejtave-te-tyre\/","name":"PJES\u00cbMARRJA E KOMUNITETEVE T\u00cb PAKICAVE N\u00cb INSTITUCIONE DHE REALIZIMI I T\u00cb DREJTAVE T\u00cb TYRE - Republika e S\u00ebrbis\u00eb Trupi Koordinues p\u00ebr komunat Bujanoc, Preshev\u00eb dhe Medvegj\u00eb","isPartOf":{"@id":"https:\/\/kt.gov.rs\/#website"},"primaryImageOfPage":{"@id":"https:\/\/kt.gov.rs\/sq\/pjesemarrja-e-komuniteteve-te-pakicave-ne-institucione-dhe-realizimi-i-te-drejtave-te-tyre\/#primaryimage"},"image":{"@id":"https:\/\/kt.gov.rs\/sq\/pjesemarrja-e-komuniteteve-te-pakicave-ne-institucione-dhe-realizimi-i-te-drejtave-te-tyre\/#primaryimage"},"thumbnailUrl":"https:\/\/kt.gov.rs\/wp-content\/uploads\/2024\/07\/pic202vesti-5.jpg","datePublished":"2010-02-23T00:00:00+00:00","dateModified":"2024-07-30T20:23:21+00:00","breadcrumb":{"@id":"https:\/\/kt.gov.rs\/sq\/pjesemarrja-e-komuniteteve-te-pakicave-ne-institucione-dhe-realizimi-i-te-drejtave-te-tyre\/#breadcrumb"},"inLanguage":"sq-AL","potentialAction":[{"@type":"ReadAction","target":["https:\/\/kt.gov.rs\/sq\/pjesemarrja-e-komuniteteve-te-pakicave-ne-institucione-dhe-realizimi-i-te-drejtave-te-tyre\/"]}]},{"@type":"ImageObject","inLanguage":"sq-AL","@id":"https:\/\/kt.gov.rs\/sq\/pjesemarrja-e-komuniteteve-te-pakicave-ne-institucione-dhe-realizimi-i-te-drejtave-te-tyre\/#primaryimage","url":"https:\/\/kt.gov.rs\/wp-content\/uploads\/2024\/07\/pic202vesti-5.jpg","contentUrl":"https:\/\/kt.gov.rs\/wp-content\/uploads\/2024\/07\/pic202vesti-5.jpg","width":250,"height":166},{"@type":"BreadcrumbList","@id":"https:\/\/kt.gov.rs\/sq\/pjesemarrja-e-komuniteteve-te-pakicave-ne-institucione-dhe-realizimi-i-te-drejtave-te-tyre\/#breadcrumb","itemListElement":[{"@type":"ListItem","position":1,"name":"\u041f\u043e\u0447\u0435\u0442\u043d\u0430","item":"https:\/\/kt.gov.rs\/sq\/"},{"@type":"ListItem","position":2,"name":"PJES\u00cbMARRJA E KOMUNITETEVE T\u00cb PAKICAVE N\u00cb INSTITUCIONE DHE REALIZIMI I T\u00cb DREJTAVE T\u00cb TYRE"}]},{"@type":"WebSite","@id":"https:\/\/kt.gov.rs\/#website","url":"https:\/\/kt.gov.rs\/","name":"\u041a\u043e\u043e\u0440\u0434\u0438\u043d\u0430\u0446\u0438\u043e\u043d\u043e \u0442\u0435\u043b\u043e \u0412\u043b\u0430\u0434\u0435 \u0420\u0435\u043f\u0443\u0431\u043b\u0438\u043a\u0435 \u0421\u0440\u0431\u0438\u0458\u0435 \u0437\u0430 \u043e\u043f\u0448\u0442\u0438\u043d\u0435 \u041f\u0440\u0435\u0448\u0435\u0432\u043e, \u0411\u0443\u0458\u0430\u043d\u043e\u0432\u0430\u0446 \u0438 \u041c\u0435\u0434\u0432\u0435\u0452a","description":"","publisher":{"@id":"https:\/\/kt.gov.rs\/#organization"},"alternateName":"\u041a\u043e\u043e\u0440\u0434\u0438\u043d\u0430\u0446\u0438\u043e\u043d\u043e \u0442\u0435\u043b\u043e","potentialAction":[{"@type":"SearchAction","target":{"@type":"EntryPoint","urlTemplate":"https:\/\/kt.gov.rs\/?s={search_term_string}"},"query-input":{"@type":"PropertyValueSpecification","valueRequired":true,"valueName":"search_term_string"}}],"inLanguage":"sq-AL"},{"@type":"Organization","@id":"https:\/\/kt.gov.rs\/#organization","name":"\u041a\u043e\u043e\u0440\u0434\u0438\u043d\u0430\u0446\u0438\u043e\u043d\u043e \u0442\u0435\u043b\u043e \u0412\u043b\u0430\u0434\u0435 \u0420\u0435\u043f\u0443\u0431\u043b\u0438\u043a\u0435 \u0421\u0440\u0431\u0438\u0458\u0435 \u0437\u0430 \u043e\u043f\u0448\u0442\u0438\u043d\u0435 \u041f\u0440\u0435\u0448\u0435\u0432\u043e, \u0411\u0443\u0458\u0430\u043d\u043e\u0432\u0430\u0446 \u0438 \u041c\u0435\u0434\u0432\u0435\u0452a","alternateName":"\u041a\u043e\u043e\u0440\u0434\u0438\u043d\u0430\u0446\u0438\u043e\u043d\u043e \u0442\u0435\u043b\u043e","url":"https:\/\/kt.gov.rs\/","logo":{"@type":"ImageObject","inLanguage":"sq-AL","@id":"https:\/\/kt.gov.rs\/#\/schema\/logo\/image\/","url":"https:\/\/kt.gov.rs\/wp-content\/uploads\/2024\/12\/koord2.jpg","contentUrl":"https:\/\/kt.gov.rs\/wp-content\/uploads\/2024\/12\/koord2.jpg","width":640,"height":480,"caption":"\u041a\u043e\u043e\u0440\u0434\u0438\u043d\u0430\u0446\u0438\u043e\u043d\u043e \u0442\u0435\u043b\u043e \u0412\u043b\u0430\u0434\u0435 \u0420\u0435\u043f\u0443\u0431\u043b\u0438\u043a\u0435 \u0421\u0440\u0431\u0438\u0458\u0435 \u0437\u0430 \u043e\u043f\u0448\u0442\u0438\u043d\u0435 \u041f\u0440\u0435\u0448\u0435\u0432\u043e, \u0411\u0443\u0458\u0430\u043d\u043e\u0432\u0430\u0446 \u0438 \u041c\u0435\u0434\u0432\u0435\u0452a"},"image":{"@id":"https:\/\/kt.gov.rs\/#\/schema\/logo\/image\/"},"sameAs":["https:\/\/www.facebook.com\/SluzbaKoordinacionogTelaVladeRepublikeSrbije","https:\/\/x.com\/kt_gov","https:\/\/www.youtube.com\/@koordinacionotelo"]},{"@type":"Person","@id":"https:\/\/kt.gov.rs\/#\/schema\/person\/e426459ddb4173309103390602694571","name":"ktmin","image":{"@type":"ImageObject","inLanguage":"sq-AL","@id":"https:\/\/secure.gravatar.com\/avatar\/3985c961109853010c3fbc7ba30365bfba5db3dd6c525831d9c595c7525a615a?s=96&d=mm&r=g","url":"https:\/\/secure.gravatar.com\/avatar\/3985c961109853010c3fbc7ba30365bfba5db3dd6c525831d9c595c7525a615a?s=96&d=mm&r=g","contentUrl":"https:\/\/secure.gravatar.com\/avatar\/3985c961109853010c3fbc7ba30365bfba5db3dd6c525831d9c595c7525a615a?s=96&d=mm&r=g","caption":"ktmin"},"sameAs":["https:\/\/kt.gov.rs"],"url":"https:\/\/kt.gov.rs\/sq\/author\/ktmin\/"}]}},"_links":{"self":[{"href":"https:\/\/kt.gov.rs\/sq\/wp-json\/wp\/v2\/posts\/142990","targetHints":{"allow":["GET"]}}],"collection":[{"href":"https:\/\/kt.gov.rs\/sq\/wp-json\/wp\/v2\/posts"}],"about":[{"href":"https:\/\/kt.gov.rs\/sq\/wp-json\/wp\/v2\/types\/post"}],"author":[{"embeddable":true,"href":"https:\/\/kt.gov.rs\/sq\/wp-json\/wp\/v2\/users\/1"}],"replies":[{"embeddable":true,"href":"https:\/\/kt.gov.rs\/sq\/wp-json\/wp\/v2\/comments?post=142990"}],"version-history":[{"count":1,"href":"https:\/\/kt.gov.rs\/sq\/wp-json\/wp\/v2\/posts\/142990\/revisions"}],"predecessor-version":[{"id":142994,"href":"https:\/\/kt.gov.rs\/sq\/wp-json\/wp\/v2\/posts\/142990\/revisions\/142994"}],"wp:featuredmedia":[{"embeddable":true,"href":"https:\/\/kt.gov.rs\/sq\/wp-json\/wp\/v2\/media\/142995"}],"wp:attachment":[{"href":"https:\/\/kt.gov.rs\/sq\/wp-json\/wp\/v2\/media?parent=142990"}],"wp:term":[{"taxonomy":"category","embeddable":true,"href":"https:\/\/kt.gov.rs\/sq\/wp-json\/wp\/v2\/categories?post=142990"},{"taxonomy":"post_tag","embeddable":true,"href":"https:\/\/kt.gov.rs\/sq\/wp-json\/wp\/v2\/tags?post=142990"}],"curies":[{"name":"wp","href":"https:\/\/api.w.org\/{rel}","templated":true}]}}