{"id":142982,"date":"2010-02-23T00:00:00","date_gmt":"2010-02-23T00:00:00","guid":{"rendered":"http:\/\/kt.printandscreen.rs\/eshte-nenshkruar-marreveshja-per-bashkepunim-ne-mes-te-klubeve-basketbollistike-bsk-junior-dhe-elita\/"},"modified":"2024-07-30T20:23:20","modified_gmt":"2024-07-30T20:23:20","slug":"eshte-nenshkruar-marreveshja-per-bashkepunim-ne-mes-te-klubeve-basketbollistike-bsk-junior-dhe-elita","status":"publish","type":"post","link":"https:\/\/kt.gov.rs\/sq\/eshte-nenshkruar-marreveshja-per-bashkepunim-ne-mes-te-klubeve-basketbollistike-bsk-junior-dhe-elita\/","title":{"rendered":"\u00cbSHT\u00cb N\u00cbNSHKRUAR MARR\u00cbVESHJA P\u00cbR BASHK\u00cbPUNIM N\u00cb MES T\u00cb KLUBEVE BASKETBOLLISTIKE ,,BSK JUNIOR\u2019\u2019 DHE ,,ELITA\u2019\u2019"},"content":{"rendered":"<p><img decoding=\"async\" align=\"left\" src=\"https:\/\/kt.gov.rs\/wp-content\/uploads\/2024\/07\/pic203vesti-4.jpg\" alt=\"\" \/>BUJANOC \u2013 T\u00eb <strong>mart\u00ebn, m\u00eb 23 shkurt\u00eb<\/strong>, n\u00eb Bujanoc \u00ebsht\u00eb n\u00ebnshkruar Marr\u00ebveshja p\u00ebr bashk\u00ebpunimin n\u00eb mes t\u00eb dy klubeve Basketbollistike ,,BSK Junior\u2019\u2019 dhe ,,Elita\u2019\u2019. <strong>Marr\u00ebveshjen e kan\u00eb n\u00ebnshkruar Miroslav Ristiq nga KB ,,BSK Junior\u2019\u2019 dhe Selami Selimi n\u00eb em\u00ebr t\u00eb KB ,,Elita\u2019<\/strong>\u2019, si dhe kryetari i Trupit Koordinues i Qeveris\u00eb s\u00eb Republik\u00ebs s\u00eb Serbis\u00eb p\u00ebr komunat Preshev\u00eb, Bujanoc dhe Medvegj\u00eb, ministri Milan Markoviq dhe kryetari i komun\u00ebs s\u00eb Bujanocit, Shaip Kamberi, si garantues t\u00eb marr\u00ebveshjes.<\/p>\n<p>,,Marr\u00ebveshja parasheh bashk\u00ebpunimin afat\u00ebgjat\u00eb sportiv n\u00eb mes t\u00eb k\u00ebtyre dy klubeve n\u00eb krijimin e kushteve q\u00eb f\u00ebmij\u00ebt dhe rinia n\u00eb suaza t\u00eb k\u00ebtyre dy klubeve t\u00eb merren m\u00eb tep\u00ebr me sport p\u00ebr arritjen e rezultateve sa m\u00eb t\u00eb mira, si dhe formimin e ekipeve t\u00eb p\u00ebrbashk\u00ebta p\u00ebr garim, duke filluar nga Liga verore e vitit 2010. <strong>Jan\u00eb parapar\u00eb garimet e p\u00ebrbashk\u00ebta, kombinimi dhe k\u00ebmbimi i lojtar\u00ebve t\u00eb k\u00ebtyre dy ekipeve an\u00ebtar\u00eb t\u00eb t\u00eb cil\u00ebve jan\u00eb Serb\u00eb, Shqip\u00ebtar\u00eb dhe Rom\u00eb\u2019\u2019<\/strong>, gjat\u00eb k\u00ebtij\u00eb solemniteti deklaroi kryetari i Trupit Koordinues p\u00ebr komunat Preshev\u00eb, Bujanoc dhe Medvegj\u00eb, ministri Milan Markoviq.<\/p>\n<p>Organi drejtues dhe vendimmarr\u00ebs mbi aksionet do t\u00eb jet\u00eb Bordi drejtues i p\u00ebrb\u00ebr\u00eb nga kat\u00ebr an\u00ebtar\u00eb. KB ,,BSK Junior\u2019\u2019 do ta p\u00ebrfaq\u00ebsoj\u00eb Miroslav Ristiq dhe Nenad Stajiq nd\u00ebrsa KB,,Elita\u2019\u2019 Selami Selimi dhe Vehid Vebiu.<\/p>\n","protected":false},"excerpt":{"rendered":"<p>BUJANOC \u2013 T\u00eb mart\u00ebn, m\u00eb 23 shkurt\u00eb, n\u00eb Bujanoc \u00ebsht\u00eb n\u00ebnshkruar Marr\u00ebveshja p\u00ebr bashk\u00ebpunimin n\u00eb mes t\u00eb dy klubeve Basketbollistike ,,BSK Junior\u2019\u2019 dhe ,,Elita\u2019\u2019. Marr\u00ebveshjen e kan\u00eb n\u00ebnshkruar Miroslav Ristiq nga KB ,,BSK Junior\u2019\u2019 dhe Selami Selimi n\u00eb em\u00ebr t\u00eb KB ,,Elita\u2019\u2019, si dhe kryetari i Trupit Koordinues i Qeveris\u00eb s\u00eb Republik\u00ebs s\u00eb Serbis\u00eb p\u00ebr komunat Preshev\u00eb, Bujanoc dhe Medvegj\u00eb, ministri Milan Markoviq dhe kryetari i komun\u00ebs s\u00eb Bujanocit, Shaip Kamberi, si garantues t\u00eb marr\u00ebveshjes.<\/p>\n","protected":false},"author":1,"featured_media":142987,"comment_status":"closed","ping_status":"closed","sticky":false,"template":"","format":"standard","meta":{"footnotes":""},"categories":[55],"tags":[],"class_list":["post-142982","post","type-post","status-publish","format-standard","has-post-thumbnail","hentry","category-lajme"],"yoast_head":"<!-- This site is optimized with the Yoast SEO plugin v27.4 - https:\/\/yoast.com\/product\/yoast-seo-wordpress\/ -->\n<title>\u00cbSHT\u00cb N\u00cbNSHKRUAR MARR\u00cbVESHJA P\u00cbR BASHK\u00cbPUNIM N\u00cb MES T\u00cb KLUBEVE BASKETBOLLISTIKE ,,BSK JUNIOR\u2019\u2019 DHE ,,ELITA\u2019\u2019 - Republika e S\u00ebrbis\u00eb Trupi Koordinues p\u00ebr komunat Bujanoc, Preshev\u00eb dhe Medvegj\u00eb<\/title>\n<meta name=\"robots\" content=\"index, follow, max-snippet:-1, max-image-preview:large, max-video-preview:-1\" \/>\n<link rel=\"canonical\" href=\"https:\/\/kt.gov.rs\/sq\/eshte-nenshkruar-marreveshja-per-bashkepunim-ne-mes-te-klubeve-basketbollistike-bsk-junior-dhe-elita\/\" \/>\n<meta property=\"og:locale\" content=\"sq_AL\" \/>\n<meta property=\"og:type\" content=\"article\" \/>\n<meta property=\"og:title\" content=\"\u00cbSHT\u00cb N\u00cbNSHKRUAR MARR\u00cbVESHJA P\u00cbR BASHK\u00cbPUNIM N\u00cb MES T\u00cb KLUBEVE BASKETBOLLISTIKE ,,BSK JUNIOR\u2019\u2019 DHE ,,ELITA\u2019\u2019 - Republika e S\u00ebrbis\u00eb Trupi Koordinues p\u00ebr komunat Bujanoc, Preshev\u00eb dhe Medvegj\u00eb\" \/>\n<meta property=\"og:description\" content=\"BUJANOC \u2013 T\u00eb mart\u00ebn, m\u00eb 23 shkurt\u00eb, n\u00eb Bujanoc \u00ebsht\u00eb n\u00ebnshkruar Marr\u00ebveshja p\u00ebr bashk\u00ebpunimin n\u00eb mes t\u00eb dy klubeve Basketbollistike ,,BSK Junior\u2019\u2019 dhe ,,Elita\u2019\u2019. Marr\u00ebveshjen e kan\u00eb n\u00ebnshkruar Miroslav Ristiq nga KB ,,BSK Junior\u2019\u2019 dhe Selami Selimi n\u00eb em\u00ebr t\u00eb KB ,,Elita\u2019\u2019, si dhe kryetari i Trupit Koordinues i Qeveris\u00eb s\u00eb Republik\u00ebs s\u00eb Serbis\u00eb p\u00ebr komunat Preshev\u00eb, Bujanoc dhe Medvegj\u00eb, ministri Milan Markoviq dhe kryetari i komun\u00ebs s\u00eb Bujanocit, Shaip Kamberi, si garantues t\u00eb marr\u00ebveshjes.\" \/>\n<meta property=\"og:url\" content=\"https:\/\/kt.gov.rs\/sq\/eshte-nenshkruar-marreveshja-per-bashkepunim-ne-mes-te-klubeve-basketbollistike-bsk-junior-dhe-elita\/\" \/>\n<meta property=\"og:site_name\" content=\"Republika e S\u00ebrbis\u00eb Trupi Koordinues p\u00ebr komunat Bujanoc, Preshev\u00eb dhe Medvegj\u00eb\" \/>\n<meta property=\"article:publisher\" content=\"https:\/\/www.facebook.com\/SluzbaKoordinacionogTelaVladeRepublikeSrbije\" \/>\n<meta property=\"article:published_time\" content=\"2010-02-23T00:00:00+00:00\" \/>\n<meta property=\"article:modified_time\" content=\"2024-07-30T20:23:20+00:00\" \/>\n<meta property=\"og:image\" content=\"https:\/\/kt.gov.rs\/wp-content\/uploads\/2024\/07\/pic203vesti-5.jpg\" \/>\n\t<meta property=\"og:image:width\" content=\"250\" \/>\n\t<meta property=\"og:image:height\" content=\"137\" \/>\n\t<meta property=\"og:image:type\" content=\"image\/jpeg\" \/>\n<meta name=\"author\" content=\"ktmin\" \/>\n<meta name=\"twitter:card\" content=\"summary_large_image\" \/>\n<meta name=\"twitter:creator\" content=\"@kt_gov\" \/>\n<meta name=\"twitter:site\" content=\"@kt_gov\" \/>\n<meta name=\"twitter:label1\" content=\"Written by\" \/>\n\t<meta name=\"twitter:data1\" content=\"ktmin\" \/>\n\t<meta name=\"twitter:label2\" content=\"Est. reading time\" \/>\n\t<meta name=\"twitter:data2\" content=\"1 minute\" \/>\n<script type=\"application\/ld+json\" class=\"yoast-schema-graph\">{\"@context\":\"https:\\\/\\\/schema.org\",\"@graph\":[{\"@type\":\"Article\",\"@id\":\"https:\\\/\\\/kt.gov.rs\\\/sq\\\/eshte-nenshkruar-marreveshja-per-bashkepunim-ne-mes-te-klubeve-basketbollistike-bsk-junior-dhe-elita\\\/#article\",\"isPartOf\":{\"@id\":\"https:\\\/\\\/kt.gov.rs\\\/sq\\\/eshte-nenshkruar-marreveshja-per-bashkepunim-ne-mes-te-klubeve-basketbollistike-bsk-junior-dhe-elita\\\/\"},\"author\":{\"name\":\"ktmin\",\"@id\":\"https:\\\/\\\/kt.gov.rs\\\/#\\\/schema\\\/person\\\/e426459ddb4173309103390602694571\"},\"headline\":\"\u00cbSHT\u00cb N\u00cbNSHKRUAR MARR\u00cbVESHJA P\u00cbR BASHK\u00cbPUNIM N\u00cb MES T\u00cb KLUBEVE BASKETBOLLISTIKE ,,BSK JUNIOR\u2019\u2019 DHE ,,ELITA\u2019\u2019\",\"datePublished\":\"2010-02-23T00:00:00+00:00\",\"dateModified\":\"2024-07-30T20:23:20+00:00\",\"mainEntityOfPage\":{\"@id\":\"https:\\\/\\\/kt.gov.rs\\\/sq\\\/eshte-nenshkruar-marreveshja-per-bashkepunim-ne-mes-te-klubeve-basketbollistike-bsk-junior-dhe-elita\\\/\"},\"wordCount\":278,\"publisher\":{\"@id\":\"https:\\\/\\\/kt.gov.rs\\\/#organization\"},\"image\":{\"@id\":\"https:\\\/\\\/kt.gov.rs\\\/sq\\\/eshte-nenshkruar-marreveshja-per-bashkepunim-ne-mes-te-klubeve-basketbollistike-bsk-junior-dhe-elita\\\/#primaryimage\"},\"thumbnailUrl\":\"https:\\\/\\\/kt.gov.rs\\\/wp-content\\\/uploads\\\/2024\\\/07\\\/pic203vesti-5.jpg\",\"articleSection\":[\"Lajme\"],\"inLanguage\":\"sq-AL\"},{\"@type\":\"WebPage\",\"@id\":\"https:\\\/\\\/kt.gov.rs\\\/sq\\\/eshte-nenshkruar-marreveshja-per-bashkepunim-ne-mes-te-klubeve-basketbollistike-bsk-junior-dhe-elita\\\/\",\"url\":\"https:\\\/\\\/kt.gov.rs\\\/sq\\\/eshte-nenshkruar-marreveshja-per-bashkepunim-ne-mes-te-klubeve-basketbollistike-bsk-junior-dhe-elita\\\/\",\"name\":\"\u00cbSHT\u00cb N\u00cbNSHKRUAR MARR\u00cbVESHJA P\u00cbR BASHK\u00cbPUNIM N\u00cb MES T\u00cb KLUBEVE BASKETBOLLISTIKE ,,BSK JUNIOR\u2019\u2019 DHE ,,ELITA\u2019\u2019 - Republika e S\u00ebrbis\u00eb Trupi Koordinues p\u00ebr komunat Bujanoc, Preshev\u00eb dhe Medvegj\u00eb\",\"isPartOf\":{\"@id\":\"https:\\\/\\\/kt.gov.rs\\\/#website\"},\"primaryImageOfPage\":{\"@id\":\"https:\\\/\\\/kt.gov.rs\\\/sq\\\/eshte-nenshkruar-marreveshja-per-bashkepunim-ne-mes-te-klubeve-basketbollistike-bsk-junior-dhe-elita\\\/#primaryimage\"},\"image\":{\"@id\":\"https:\\\/\\\/kt.gov.rs\\\/sq\\\/eshte-nenshkruar-marreveshja-per-bashkepunim-ne-mes-te-klubeve-basketbollistike-bsk-junior-dhe-elita\\\/#primaryimage\"},\"thumbnailUrl\":\"https:\\\/\\\/kt.gov.rs\\\/wp-content\\\/uploads\\\/2024\\\/07\\\/pic203vesti-5.jpg\",\"datePublished\":\"2010-02-23T00:00:00+00:00\",\"dateModified\":\"2024-07-30T20:23:20+00:00\",\"breadcrumb\":{\"@id\":\"https:\\\/\\\/kt.gov.rs\\\/sq\\\/eshte-nenshkruar-marreveshja-per-bashkepunim-ne-mes-te-klubeve-basketbollistike-bsk-junior-dhe-elita\\\/#breadcrumb\"},\"inLanguage\":\"sq-AL\",\"potentialAction\":[{\"@type\":\"ReadAction\",\"target\":[\"https:\\\/\\\/kt.gov.rs\\\/sq\\\/eshte-nenshkruar-marreveshja-per-bashkepunim-ne-mes-te-klubeve-basketbollistike-bsk-junior-dhe-elita\\\/\"]}]},{\"@type\":\"ImageObject\",\"inLanguage\":\"sq-AL\",\"@id\":\"https:\\\/\\\/kt.gov.rs\\\/sq\\\/eshte-nenshkruar-marreveshja-per-bashkepunim-ne-mes-te-klubeve-basketbollistike-bsk-junior-dhe-elita\\\/#primaryimage\",\"url\":\"https:\\\/\\\/kt.gov.rs\\\/wp-content\\\/uploads\\\/2024\\\/07\\\/pic203vesti-5.jpg\",\"contentUrl\":\"https:\\\/\\\/kt.gov.rs\\\/wp-content\\\/uploads\\\/2024\\\/07\\\/pic203vesti-5.jpg\",\"width\":250,\"height\":137},{\"@type\":\"BreadcrumbList\",\"@id\":\"https:\\\/\\\/kt.gov.rs\\\/sq\\\/eshte-nenshkruar-marreveshja-per-bashkepunim-ne-mes-te-klubeve-basketbollistike-bsk-junior-dhe-elita\\\/#breadcrumb\",\"itemListElement\":[{\"@type\":\"ListItem\",\"position\":1,\"name\":\"\u041f\u043e\u0447\u0435\u0442\u043d\u0430\",\"item\":\"https:\\\/\\\/kt.gov.rs\\\/sq\\\/\"},{\"@type\":\"ListItem\",\"position\":2,\"name\":\"\u00cbSHT\u00cb N\u00cbNSHKRUAR MARR\u00cbVESHJA P\u00cbR BASHK\u00cbPUNIM N\u00cb MES T\u00cb KLUBEVE BASKETBOLLISTIKE ,,BSK JUNIOR\u2019\u2019 DHE ,,ELITA\u2019\u2019\"}]},{\"@type\":\"WebSite\",\"@id\":\"https:\\\/\\\/kt.gov.rs\\\/#website\",\"url\":\"https:\\\/\\\/kt.gov.rs\\\/\",\"name\":\"\u041a\u043e\u043e\u0440\u0434\u0438\u043d\u0430\u0446\u0438\u043e\u043d\u043e \u0442\u0435\u043b\u043e \u0412\u043b\u0430\u0434\u0435 \u0420\u0435\u043f\u0443\u0431\u043b\u0438\u043a\u0435 \u0421\u0440\u0431\u0438\u0458\u0435 \u0437\u0430 \u043e\u043f\u0448\u0442\u0438\u043d\u0435 \u041f\u0440\u0435\u0448\u0435\u0432\u043e, \u0411\u0443\u0458\u0430\u043d\u043e\u0432\u0430\u0446 \u0438 \u041c\u0435\u0434\u0432\u0435\u0452a\",\"description\":\"\",\"publisher\":{\"@id\":\"https:\\\/\\\/kt.gov.rs\\\/#organization\"},\"alternateName\":\"\u041a\u043e\u043e\u0440\u0434\u0438\u043d\u0430\u0446\u0438\u043e\u043d\u043e \u0442\u0435\u043b\u043e\",\"potentialAction\":[{\"@type\":\"SearchAction\",\"target\":{\"@type\":\"EntryPoint\",\"urlTemplate\":\"https:\\\/\\\/kt.gov.rs\\\/?s={search_term_string}\"},\"query-input\":{\"@type\":\"PropertyValueSpecification\",\"valueRequired\":true,\"valueName\":\"search_term_string\"}}],\"inLanguage\":\"sq-AL\"},{\"@type\":\"Organization\",\"@id\":\"https:\\\/\\\/kt.gov.rs\\\/#organization\",\"name\":\"\u041a\u043e\u043e\u0440\u0434\u0438\u043d\u0430\u0446\u0438\u043e\u043d\u043e \u0442\u0435\u043b\u043e \u0412\u043b\u0430\u0434\u0435 \u0420\u0435\u043f\u0443\u0431\u043b\u0438\u043a\u0435 \u0421\u0440\u0431\u0438\u0458\u0435 \u0437\u0430 \u043e\u043f\u0448\u0442\u0438\u043d\u0435 \u041f\u0440\u0435\u0448\u0435\u0432\u043e, \u0411\u0443\u0458\u0430\u043d\u043e\u0432\u0430\u0446 \u0438 \u041c\u0435\u0434\u0432\u0435\u0452a\",\"alternateName\":\"\u041a\u043e\u043e\u0440\u0434\u0438\u043d\u0430\u0446\u0438\u043e\u043d\u043e \u0442\u0435\u043b\u043e\",\"url\":\"https:\\\/\\\/kt.gov.rs\\\/\",\"logo\":{\"@type\":\"ImageObject\",\"inLanguage\":\"sq-AL\",\"@id\":\"https:\\\/\\\/kt.gov.rs\\\/#\\\/schema\\\/logo\\\/image\\\/\",\"url\":\"https:\\\/\\\/kt.gov.rs\\\/wp-content\\\/uploads\\\/2024\\\/12\\\/koord2.jpg\",\"contentUrl\":\"https:\\\/\\\/kt.gov.rs\\\/wp-content\\\/uploads\\\/2024\\\/12\\\/koord2.jpg\",\"width\":640,\"height\":480,\"caption\":\"\u041a\u043e\u043e\u0440\u0434\u0438\u043d\u0430\u0446\u0438\u043e\u043d\u043e \u0442\u0435\u043b\u043e \u0412\u043b\u0430\u0434\u0435 \u0420\u0435\u043f\u0443\u0431\u043b\u0438\u043a\u0435 \u0421\u0440\u0431\u0438\u0458\u0435 \u0437\u0430 \u043e\u043f\u0448\u0442\u0438\u043d\u0435 \u041f\u0440\u0435\u0448\u0435\u0432\u043e, \u0411\u0443\u0458\u0430\u043d\u043e\u0432\u0430\u0446 \u0438 \u041c\u0435\u0434\u0432\u0435\u0452a\"},\"image\":{\"@id\":\"https:\\\/\\\/kt.gov.rs\\\/#\\\/schema\\\/logo\\\/image\\\/\"},\"sameAs\":[\"https:\\\/\\\/www.facebook.com\\\/SluzbaKoordinacionogTelaVladeRepublikeSrbije\",\"https:\\\/\\\/x.com\\\/kt_gov\",\"https:\\\/\\\/www.youtube.com\\\/@koordinacionotelo\"]},{\"@type\":\"Person\",\"@id\":\"https:\\\/\\\/kt.gov.rs\\\/#\\\/schema\\\/person\\\/e426459ddb4173309103390602694571\",\"name\":\"ktmin\",\"image\":{\"@type\":\"ImageObject\",\"inLanguage\":\"sq-AL\",\"@id\":\"https:\\\/\\\/secure.gravatar.com\\\/avatar\\\/3985c961109853010c3fbc7ba30365bfba5db3dd6c525831d9c595c7525a615a?s=96&d=mm&r=g\",\"url\":\"https:\\\/\\\/secure.gravatar.com\\\/avatar\\\/3985c961109853010c3fbc7ba30365bfba5db3dd6c525831d9c595c7525a615a?s=96&d=mm&r=g\",\"contentUrl\":\"https:\\\/\\\/secure.gravatar.com\\\/avatar\\\/3985c961109853010c3fbc7ba30365bfba5db3dd6c525831d9c595c7525a615a?s=96&d=mm&r=g\",\"caption\":\"ktmin\"},\"sameAs\":[\"https:\\\/\\\/kt.gov.rs\"],\"url\":\"https:\\\/\\\/kt.gov.rs\\\/sq\\\/author\\\/ktmin\\\/\"}]}<\/script>\n<!-- \/ Yoast SEO plugin. -->","yoast_head_json":{"title":"\u00cbSHT\u00cb N\u00cbNSHKRUAR MARR\u00cbVESHJA P\u00cbR BASHK\u00cbPUNIM N\u00cb MES T\u00cb KLUBEVE BASKETBOLLISTIKE ,,BSK JUNIOR\u2019\u2019 DHE ,,ELITA\u2019\u2019 - Republika e S\u00ebrbis\u00eb Trupi Koordinues p\u00ebr komunat Bujanoc, Preshev\u00eb dhe Medvegj\u00eb","robots":{"index":"index","follow":"follow","max-snippet":"max-snippet:-1","max-image-preview":"max-image-preview:large","max-video-preview":"max-video-preview:-1"},"canonical":"https:\/\/kt.gov.rs\/sq\/eshte-nenshkruar-marreveshja-per-bashkepunim-ne-mes-te-klubeve-basketbollistike-bsk-junior-dhe-elita\/","og_locale":"sq_AL","og_type":"article","og_title":"\u00cbSHT\u00cb N\u00cbNSHKRUAR MARR\u00cbVESHJA P\u00cbR BASHK\u00cbPUNIM N\u00cb MES T\u00cb KLUBEVE BASKETBOLLISTIKE ,,BSK JUNIOR\u2019\u2019 DHE ,,ELITA\u2019\u2019 - Republika e S\u00ebrbis\u00eb Trupi Koordinues p\u00ebr komunat Bujanoc, Preshev\u00eb dhe Medvegj\u00eb","og_description":"BUJANOC \u2013 T\u00eb mart\u00ebn, m\u00eb 23 shkurt\u00eb, n\u00eb Bujanoc \u00ebsht\u00eb n\u00ebnshkruar Marr\u00ebveshja p\u00ebr bashk\u00ebpunimin n\u00eb mes t\u00eb dy klubeve Basketbollistike ,,BSK Junior\u2019\u2019 dhe ,,Elita\u2019\u2019. Marr\u00ebveshjen e kan\u00eb n\u00ebnshkruar Miroslav Ristiq nga KB ,,BSK Junior\u2019\u2019 dhe Selami Selimi n\u00eb em\u00ebr t\u00eb KB ,,Elita\u2019\u2019, si dhe kryetari i Trupit Koordinues i Qeveris\u00eb s\u00eb Republik\u00ebs s\u00eb Serbis\u00eb p\u00ebr komunat Preshev\u00eb, Bujanoc dhe Medvegj\u00eb, ministri Milan Markoviq dhe kryetari i komun\u00ebs s\u00eb Bujanocit, Shaip Kamberi, si garantues t\u00eb marr\u00ebveshjes.","og_url":"https:\/\/kt.gov.rs\/sq\/eshte-nenshkruar-marreveshja-per-bashkepunim-ne-mes-te-klubeve-basketbollistike-bsk-junior-dhe-elita\/","og_site_name":"Republika e S\u00ebrbis\u00eb Trupi Koordinues p\u00ebr komunat Bujanoc, Preshev\u00eb dhe Medvegj\u00eb","article_publisher":"https:\/\/www.facebook.com\/SluzbaKoordinacionogTelaVladeRepublikeSrbije","article_published_time":"2010-02-23T00:00:00+00:00","article_modified_time":"2024-07-30T20:23:20+00:00","og_image":[{"width":250,"height":137,"url":"https:\/\/kt.gov.rs\/wp-content\/uploads\/2024\/07\/pic203vesti-5.jpg","type":"image\/jpeg"}],"author":"ktmin","twitter_card":"summary_large_image","twitter_creator":"@kt_gov","twitter_site":"@kt_gov","twitter_misc":{"Written by":"ktmin","Est. reading time":"1 minute"},"schema":{"@context":"https:\/\/schema.org","@graph":[{"@type":"Article","@id":"https:\/\/kt.gov.rs\/sq\/eshte-nenshkruar-marreveshja-per-bashkepunim-ne-mes-te-klubeve-basketbollistike-bsk-junior-dhe-elita\/#article","isPartOf":{"@id":"https:\/\/kt.gov.rs\/sq\/eshte-nenshkruar-marreveshja-per-bashkepunim-ne-mes-te-klubeve-basketbollistike-bsk-junior-dhe-elita\/"},"author":{"name":"ktmin","@id":"https:\/\/kt.gov.rs\/#\/schema\/person\/e426459ddb4173309103390602694571"},"headline":"\u00cbSHT\u00cb N\u00cbNSHKRUAR MARR\u00cbVESHJA P\u00cbR BASHK\u00cbPUNIM N\u00cb MES T\u00cb KLUBEVE BASKETBOLLISTIKE ,,BSK JUNIOR\u2019\u2019 DHE ,,ELITA\u2019\u2019","datePublished":"2010-02-23T00:00:00+00:00","dateModified":"2024-07-30T20:23:20+00:00","mainEntityOfPage":{"@id":"https:\/\/kt.gov.rs\/sq\/eshte-nenshkruar-marreveshja-per-bashkepunim-ne-mes-te-klubeve-basketbollistike-bsk-junior-dhe-elita\/"},"wordCount":278,"publisher":{"@id":"https:\/\/kt.gov.rs\/#organization"},"image":{"@id":"https:\/\/kt.gov.rs\/sq\/eshte-nenshkruar-marreveshja-per-bashkepunim-ne-mes-te-klubeve-basketbollistike-bsk-junior-dhe-elita\/#primaryimage"},"thumbnailUrl":"https:\/\/kt.gov.rs\/wp-content\/uploads\/2024\/07\/pic203vesti-5.jpg","articleSection":["Lajme"],"inLanguage":"sq-AL"},{"@type":"WebPage","@id":"https:\/\/kt.gov.rs\/sq\/eshte-nenshkruar-marreveshja-per-bashkepunim-ne-mes-te-klubeve-basketbollistike-bsk-junior-dhe-elita\/","url":"https:\/\/kt.gov.rs\/sq\/eshte-nenshkruar-marreveshja-per-bashkepunim-ne-mes-te-klubeve-basketbollistike-bsk-junior-dhe-elita\/","name":"\u00cbSHT\u00cb N\u00cbNSHKRUAR MARR\u00cbVESHJA P\u00cbR BASHK\u00cbPUNIM N\u00cb MES T\u00cb KLUBEVE BASKETBOLLISTIKE ,,BSK JUNIOR\u2019\u2019 DHE ,,ELITA\u2019\u2019 - Republika e S\u00ebrbis\u00eb Trupi Koordinues p\u00ebr komunat Bujanoc, Preshev\u00eb dhe Medvegj\u00eb","isPartOf":{"@id":"https:\/\/kt.gov.rs\/#website"},"primaryImageOfPage":{"@id":"https:\/\/kt.gov.rs\/sq\/eshte-nenshkruar-marreveshja-per-bashkepunim-ne-mes-te-klubeve-basketbollistike-bsk-junior-dhe-elita\/#primaryimage"},"image":{"@id":"https:\/\/kt.gov.rs\/sq\/eshte-nenshkruar-marreveshja-per-bashkepunim-ne-mes-te-klubeve-basketbollistike-bsk-junior-dhe-elita\/#primaryimage"},"thumbnailUrl":"https:\/\/kt.gov.rs\/wp-content\/uploads\/2024\/07\/pic203vesti-5.jpg","datePublished":"2010-02-23T00:00:00+00:00","dateModified":"2024-07-30T20:23:20+00:00","breadcrumb":{"@id":"https:\/\/kt.gov.rs\/sq\/eshte-nenshkruar-marreveshja-per-bashkepunim-ne-mes-te-klubeve-basketbollistike-bsk-junior-dhe-elita\/#breadcrumb"},"inLanguage":"sq-AL","potentialAction":[{"@type":"ReadAction","target":["https:\/\/kt.gov.rs\/sq\/eshte-nenshkruar-marreveshja-per-bashkepunim-ne-mes-te-klubeve-basketbollistike-bsk-junior-dhe-elita\/"]}]},{"@type":"ImageObject","inLanguage":"sq-AL","@id":"https:\/\/kt.gov.rs\/sq\/eshte-nenshkruar-marreveshja-per-bashkepunim-ne-mes-te-klubeve-basketbollistike-bsk-junior-dhe-elita\/#primaryimage","url":"https:\/\/kt.gov.rs\/wp-content\/uploads\/2024\/07\/pic203vesti-5.jpg","contentUrl":"https:\/\/kt.gov.rs\/wp-content\/uploads\/2024\/07\/pic203vesti-5.jpg","width":250,"height":137},{"@type":"BreadcrumbList","@id":"https:\/\/kt.gov.rs\/sq\/eshte-nenshkruar-marreveshja-per-bashkepunim-ne-mes-te-klubeve-basketbollistike-bsk-junior-dhe-elita\/#breadcrumb","itemListElement":[{"@type":"ListItem","position":1,"name":"\u041f\u043e\u0447\u0435\u0442\u043d\u0430","item":"https:\/\/kt.gov.rs\/sq\/"},{"@type":"ListItem","position":2,"name":"\u00cbSHT\u00cb N\u00cbNSHKRUAR MARR\u00cbVESHJA P\u00cbR BASHK\u00cbPUNIM N\u00cb MES T\u00cb KLUBEVE BASKETBOLLISTIKE ,,BSK JUNIOR\u2019\u2019 DHE ,,ELITA\u2019\u2019"}]},{"@type":"WebSite","@id":"https:\/\/kt.gov.rs\/#website","url":"https:\/\/kt.gov.rs\/","name":"\u041a\u043e\u043e\u0440\u0434\u0438\u043d\u0430\u0446\u0438\u043e\u043d\u043e \u0442\u0435\u043b\u043e \u0412\u043b\u0430\u0434\u0435 \u0420\u0435\u043f\u0443\u0431\u043b\u0438\u043a\u0435 \u0421\u0440\u0431\u0438\u0458\u0435 \u0437\u0430 \u043e\u043f\u0448\u0442\u0438\u043d\u0435 \u041f\u0440\u0435\u0448\u0435\u0432\u043e, \u0411\u0443\u0458\u0430\u043d\u043e\u0432\u0430\u0446 \u0438 \u041c\u0435\u0434\u0432\u0435\u0452a","description":"","publisher":{"@id":"https:\/\/kt.gov.rs\/#organization"},"alternateName":"\u041a\u043e\u043e\u0440\u0434\u0438\u043d\u0430\u0446\u0438\u043e\u043d\u043e \u0442\u0435\u043b\u043e","potentialAction":[{"@type":"SearchAction","target":{"@type":"EntryPoint","urlTemplate":"https:\/\/kt.gov.rs\/?s={search_term_string}"},"query-input":{"@type":"PropertyValueSpecification","valueRequired":true,"valueName":"search_term_string"}}],"inLanguage":"sq-AL"},{"@type":"Organization","@id":"https:\/\/kt.gov.rs\/#organization","name":"\u041a\u043e\u043e\u0440\u0434\u0438\u043d\u0430\u0446\u0438\u043e\u043d\u043e \u0442\u0435\u043b\u043e \u0412\u043b\u0430\u0434\u0435 \u0420\u0435\u043f\u0443\u0431\u043b\u0438\u043a\u0435 \u0421\u0440\u0431\u0438\u0458\u0435 \u0437\u0430 \u043e\u043f\u0448\u0442\u0438\u043d\u0435 \u041f\u0440\u0435\u0448\u0435\u0432\u043e, \u0411\u0443\u0458\u0430\u043d\u043e\u0432\u0430\u0446 \u0438 \u041c\u0435\u0434\u0432\u0435\u0452a","alternateName":"\u041a\u043e\u043e\u0440\u0434\u0438\u043d\u0430\u0446\u0438\u043e\u043d\u043e \u0442\u0435\u043b\u043e","url":"https:\/\/kt.gov.rs\/","logo":{"@type":"ImageObject","inLanguage":"sq-AL","@id":"https:\/\/kt.gov.rs\/#\/schema\/logo\/image\/","url":"https:\/\/kt.gov.rs\/wp-content\/uploads\/2024\/12\/koord2.jpg","contentUrl":"https:\/\/kt.gov.rs\/wp-content\/uploads\/2024\/12\/koord2.jpg","width":640,"height":480,"caption":"\u041a\u043e\u043e\u0440\u0434\u0438\u043d\u0430\u0446\u0438\u043e\u043d\u043e \u0442\u0435\u043b\u043e \u0412\u043b\u0430\u0434\u0435 \u0420\u0435\u043f\u0443\u0431\u043b\u0438\u043a\u0435 \u0421\u0440\u0431\u0438\u0458\u0435 \u0437\u0430 \u043e\u043f\u0448\u0442\u0438\u043d\u0435 \u041f\u0440\u0435\u0448\u0435\u0432\u043e, \u0411\u0443\u0458\u0430\u043d\u043e\u0432\u0430\u0446 \u0438 \u041c\u0435\u0434\u0432\u0435\u0452a"},"image":{"@id":"https:\/\/kt.gov.rs\/#\/schema\/logo\/image\/"},"sameAs":["https:\/\/www.facebook.com\/SluzbaKoordinacionogTelaVladeRepublikeSrbije","https:\/\/x.com\/kt_gov","https:\/\/www.youtube.com\/@koordinacionotelo"]},{"@type":"Person","@id":"https:\/\/kt.gov.rs\/#\/schema\/person\/e426459ddb4173309103390602694571","name":"ktmin","image":{"@type":"ImageObject","inLanguage":"sq-AL","@id":"https:\/\/secure.gravatar.com\/avatar\/3985c961109853010c3fbc7ba30365bfba5db3dd6c525831d9c595c7525a615a?s=96&d=mm&r=g","url":"https:\/\/secure.gravatar.com\/avatar\/3985c961109853010c3fbc7ba30365bfba5db3dd6c525831d9c595c7525a615a?s=96&d=mm&r=g","contentUrl":"https:\/\/secure.gravatar.com\/avatar\/3985c961109853010c3fbc7ba30365bfba5db3dd6c525831d9c595c7525a615a?s=96&d=mm&r=g","caption":"ktmin"},"sameAs":["https:\/\/kt.gov.rs"],"url":"https:\/\/kt.gov.rs\/sq\/author\/ktmin\/"}]}},"_links":{"self":[{"href":"https:\/\/kt.gov.rs\/sq\/wp-json\/wp\/v2\/posts\/142982","targetHints":{"allow":["GET"]}}],"collection":[{"href":"https:\/\/kt.gov.rs\/sq\/wp-json\/wp\/v2\/posts"}],"about":[{"href":"https:\/\/kt.gov.rs\/sq\/wp-json\/wp\/v2\/types\/post"}],"author":[{"embeddable":true,"href":"https:\/\/kt.gov.rs\/sq\/wp-json\/wp\/v2\/users\/1"}],"replies":[{"embeddable":true,"href":"https:\/\/kt.gov.rs\/sq\/wp-json\/wp\/v2\/comments?post=142982"}],"version-history":[{"count":1,"href":"https:\/\/kt.gov.rs\/sq\/wp-json\/wp\/v2\/posts\/142982\/revisions"}],"predecessor-version":[{"id":142986,"href":"https:\/\/kt.gov.rs\/sq\/wp-json\/wp\/v2\/posts\/142982\/revisions\/142986"}],"wp:featuredmedia":[{"embeddable":true,"href":"https:\/\/kt.gov.rs\/sq\/wp-json\/wp\/v2\/media\/142987"}],"wp:attachment":[{"href":"https:\/\/kt.gov.rs\/sq\/wp-json\/wp\/v2\/media?parent=142982"}],"wp:term":[{"taxonomy":"category","embeddable":true,"href":"https:\/\/kt.gov.rs\/sq\/wp-json\/wp\/v2\/categories?post=142982"},{"taxonomy":"post_tag","embeddable":true,"href":"https:\/\/kt.gov.rs\/sq\/wp-json\/wp\/v2\/tags?post=142982"}],"curies":[{"name":"wp","href":"https:\/\/api.w.org\/{rel}","templated":true}]}}