{"id":142971,"date":"2010-03-05T00:00:00","date_gmt":"2010-03-05T00:00:00","guid":{"rendered":"http:\/\/kt.printandscreen.rs\/trupi-koordinues-ka-publikuar-konkurse-te-reja-per-finansimin-e-projekteve-ne-presheve-bujanoc-dhe-medvegje\/"},"modified":"2010-03-05T00:00:00","modified_gmt":"2010-03-05T00:00:00","slug":"trupi-koordinues-ka-publikuar-konkurse-te-reja-per-finansimin-e-projekteve-ne-presheve-bujanoc-dhe-medvegje","status":"publish","type":"post","link":"https:\/\/kt.gov.rs\/sq\/trupi-koordinues-ka-publikuar-konkurse-te-reja-per-finansimin-e-projekteve-ne-presheve-bujanoc-dhe-medvegje\/","title":{"rendered":"TRUPI KOORDINUES KA PUBLIKUAR KONKURSE T\u00cb REJA P\u00cbR FINANSIMIN E PROJEKTEVE N\u00cb PRESHEV\u00cb, BUJANOC DHE MEDVEGJ\u00cb"},"content":{"rendered":"<p>Sh\u00ebrbimi i Trupit Koordinues m\u00eb 5 mars ka publikuar dy konkurse t\u00eb reja p\u00ebr finansimin e projekteve n\u00eb Preshev\u00eb, Bujanoc dhe Medvegj\u00eb.<\/p>\n<p>\u00cbsht\u00eb shpallur konkurs p\u00ebr projekte t\u00eb shoqatave t\u00eb qytetar\u00ebve p\u00ebr ndihm\u00eb qytetar\u00ebve n\u00eb rajonin e komunave t\u00eb Preshev\u00ebs, Bujanocit dhe Medvegj\u00ebs p\u00ebr vitin 2010 n\u00eb t\u00eb cilat projekte kan\u00eb t\u00eb drejt\u00eb t\u00eb konkurojn\u00eb <strong>shoqatat e qytetar\u00ebve <\/strong>t\u00eb cilat jan\u00eb t\u00eb regjistruara n\u00eb teritorin e republik\u00ebs s\u00eb Serbis\u00eb dhe t\u00eb cilat shoqata i dor\u00ebzojn\u00eb projektpropozimet n\u00eb baz\u00eb t\u00eb udh\u00ebzimeve p\u00ebr paraqitjen e propozimprojekteve. Me k\u00ebt\u00eb konkurs \u00ebsht\u00eb parapar\u00eb suma e finansimit prej <strong>5.000.000,00<\/strong><strong> dinar\u00eb, <\/strong>nd\u00ebrsa shuma maksimale p\u00ebr finansim t\u00eb ndonj\u00eb projekti \u00ebsht\u00eb <strong>500.000,00<\/strong>dinar\u00eb.      <\/p>\n<p><a href=\"http:\/\/www.kt.gov.rs\/images\/Tekst konkursa za nevladine organizacije_2010.doc\">Teksti i konkursit <\/a><br \/>\n<meta http-equiv=\"Content-Type\" content=\"text\/html; charset=utf-8\"><br \/>\n<meta name=\"ProgId\" content=\"Word.Document\"><br \/>\n<meta name=\"Generator\" content=\"Microsoft Word 11\"><br \/>\n<meta name=\"Originator\" content=\"Microsoft Word 11\"><\/p>\n<p><a href=\"http:\/\/www.kt.gov.rs\/images\/Smernice za podnosioce predloga projekata_2010_2.doc\">Udh\u00ebzimet p\u00ebr paraqitjen e propozimprojekteve<\/a><\/p>\n<p><a href=\"http:\/\/www.kt.gov.rs\/images\/Obrazac za pisanje predloga projekta_2010_2.doc\">Modeli p\u00ebr paraqitjen e projektpropozimeve<\/a><\/p>\n<p><a href=\"http:\/\/www.kt.gov.rs\/images\/Budzet - formular_KT.xls\">Formulari mbi buxhetin e projektit<\/a><\/p>\n<p>\nSh\u00ebrbimi i Trupit koordinues ka shpallur konkurs p\u00ebr finansimin e projekteve n\u00eb suaza t\u00eb Programit p\u00ebr shp\u00ebrndarjen dhe shfryt\u00ebzimin e mjeteve p\u00ebr programet mbi send\u00ebrtimin dhe p\u00ebrmir\u00ebsimin e t\u00eb drejtave t\u00eb pakicave p\u00ebr vitin 2010 n\u00eb komunat Preshev\u00eb, Bujanoc dhe Medvegj\u00eb. T\u00eb drejt\u00eb konkurimi kan\u00eb t\u00eb gjitha <strong>shoqatat e qytetar\u00ebve, organizatat joprofitabile si dhe personat juridik. <\/strong>P\u00ebr k\u00ebt\u00eb konkurs jan\u00eb ndar\u00eb mjete p\u00ebr finansim n\u00eb nj\u00eb shum\u00eb prej <strong>12.000.000,00<\/strong><strong> dinar\u00ebsh <\/strong>nd\u00ebrsa p\u00ebr finansimin e ndonj\u00eb projekti nuk \u00ebsht\u00eb parapar\u00eb limiti i mjeteve.<\/p>\n<p><a href=\"http:\/\/www.kt.gov.rs\/images\/Tekst konkursa za socijalna davanja 2010.doc\">Teksti i konkursit<\/a><\/p>\n<p><a href=\"http:\/\/www.kt.gov.rs\/images\/Smernice za podnosioce predloga projekata_2010.doc\">Udh\u00ebzimet p\u00ebr paraqitjen e propozimprojekteve<\/a><\/p>\n<p><a href=\"http:\/\/www.kt.gov.rs\/images\/Obrazac za pisanje predloga projekta_2010.doc\">Modeli p\u00ebr paraqitjen e projektpropozimeve<\/a><\/p>\n<p><a href=\"http:\/\/www.kt.gov.rs\/images\/Budzet - formular_KT2.xls\">Formulari mbi buxhetin e projektit<\/a><\/p>\n<p>\nPropozimprogramet dhe projektet me t\u00eb cilat konkurohet p\u00ebr finansim n\u00eb baz\u00eb t\u00eb k\u00ebtyre konkurseve duhet t\u00eb d\u00ebrgohen n\u00eb Trupin Koordinues deri m\u00eb <strong><u>31. <\/u><\/strong><strong><u>mars t\u00eb vitit<\/u><\/strong><strong><u> 2010. <\/u><\/strong><strong><u>n\u00eb ora <\/u><\/strong><strong><u>16:30<\/u><\/strong>.<\/p>\n<p>\u00a0<\/p>\n<p><\/meta><br \/>\n<\/meta><br \/>\n<\/meta><br \/>\n<\/meta><\/p>\n","protected":false},"excerpt":{"rendered":"<p>Sh\u00ebrbimi i Trupit Koordinues m\u00eb 5 mars ka publikuar dy konkurse t\u00eb reja p\u00ebr finansimin e projekteve n\u00eb Preshev\u00eb, Bujanoc dhe Medvegj\u00eb.<\/p>\n<p>\u00cbsht\u00eb shpallur konkurs p\u00ebr projekte t\u00eb shoqatave t\u00eb qytetar\u00ebve p\u00ebr ndihm\u00eb qytetar\u00ebve n\u00eb rajonin e komunave t\u00eb Preshev\u00ebs, Bujanocit dhe Medvegj\u00ebs p\u00ebr vitin 2010 n\u00eb t\u00eb cilat projekte kan\u00eb t\u00eb drejt\u00eb t\u00eb konkurojn\u00eb shoqatat e qytetar\u00ebve t\u00eb cilat jan\u00eb t\u00eb regjistruara n\u00eb teritorin e republik\u00ebs s\u00eb Serbis\u00eb dhe t\u00eb cilat shoqata i dor\u00ebzojn\u00eb projektpropozimet n\u00eb baz\u00eb t\u00eb udh\u00ebzimeve p\u00ebr paraqitjen e propozimprojekteve. Me k\u00ebt\u00eb konkurs \u00ebsht\u00eb parapar\u00eb suma e finansimit prej 5.000.000,00 dinar\u00eb, nd\u00ebrsa shuma maksimale p\u00ebr finansim t\u00eb ndonj\u00eb projekti \u00ebsht\u00eb 500.000,00dinar\u00eb.<\/p>\n","protected":false},"author":1,"featured_media":0,"comment_status":"closed","ping_status":"closed","sticky":false,"template":"","format":"standard","meta":{"footnotes":""},"categories":[55],"tags":[],"class_list":["post-142971","post","type-post","status-publish","format-standard","hentry","category-lajme"],"yoast_head":"<!-- This site is optimized with the Yoast SEO plugin v27.4 - https:\/\/yoast.com\/product\/yoast-seo-wordpress\/ -->\n<title>TRUPI KOORDINUES KA PUBLIKUAR KONKURSE T\u00cb REJA P\u00cbR FINANSIMIN E PROJEKTEVE N\u00cb PRESHEV\u00cb, BUJANOC DHE MEDVEGJ\u00cb - Republika e S\u00ebrbis\u00eb Trupi Koordinues p\u00ebr komunat Bujanoc, Preshev\u00eb dhe Medvegj\u00eb<\/title>\n<meta name=\"robots\" content=\"index, follow, max-snippet:-1, max-image-preview:large, max-video-preview:-1\" \/>\n<link rel=\"canonical\" href=\"https:\/\/kt.gov.rs\/sq\/trupi-koordinues-ka-publikuar-konkurse-te-reja-per-finansimin-e-projekteve-ne-presheve-bujanoc-dhe-medvegje\/\" \/>\n<meta property=\"og:locale\" content=\"sq_AL\" \/>\n<meta property=\"og:type\" content=\"article\" \/>\n<meta property=\"og:title\" content=\"TRUPI KOORDINUES KA PUBLIKUAR KONKURSE T\u00cb REJA P\u00cbR FINANSIMIN E PROJEKTEVE N\u00cb PRESHEV\u00cb, BUJANOC DHE MEDVEGJ\u00cb - Republika e S\u00ebrbis\u00eb Trupi Koordinues p\u00ebr komunat Bujanoc, Preshev\u00eb dhe Medvegj\u00eb\" \/>\n<meta property=\"og:description\" content=\"Sh\u00ebrbimi i Trupit Koordinues m\u00eb 5 mars ka publikuar dy konkurse t\u00eb reja p\u00ebr finansimin e projekteve n\u00eb Preshev\u00eb, Bujanoc dhe Medvegj\u00eb. \u00cbsht\u00eb shpallur konkurs p\u00ebr projekte t\u00eb shoqatave t\u00eb qytetar\u00ebve p\u00ebr ndihm\u00eb qytetar\u00ebve n\u00eb rajonin e komunave t\u00eb Preshev\u00ebs, Bujanocit dhe Medvegj\u00ebs p\u00ebr vitin 2010 n\u00eb t\u00eb cilat projekte kan\u00eb t\u00eb drejt\u00eb t\u00eb konkurojn\u00eb shoqatat e qytetar\u00ebve t\u00eb cilat jan\u00eb t\u00eb regjistruara n\u00eb teritorin e republik\u00ebs s\u00eb Serbis\u00eb dhe t\u00eb cilat shoqata i dor\u00ebzojn\u00eb projektpropozimet n\u00eb baz\u00eb t\u00eb udh\u00ebzimeve p\u00ebr paraqitjen e propozimprojekteve. Me k\u00ebt\u00eb konkurs \u00ebsht\u00eb parapar\u00eb suma e finansimit prej 5.000.000,00 dinar\u00eb, nd\u00ebrsa shuma maksimale p\u00ebr finansim t\u00eb ndonj\u00eb projekti \u00ebsht\u00eb 500.000,00dinar\u00eb.\" \/>\n<meta property=\"og:url\" content=\"https:\/\/kt.gov.rs\/sq\/trupi-koordinues-ka-publikuar-konkurse-te-reja-per-finansimin-e-projekteve-ne-presheve-bujanoc-dhe-medvegje\/\" \/>\n<meta property=\"og:site_name\" content=\"Republika e S\u00ebrbis\u00eb Trupi Koordinues p\u00ebr komunat Bujanoc, Preshev\u00eb dhe Medvegj\u00eb\" \/>\n<meta property=\"article:publisher\" content=\"https:\/\/www.facebook.com\/SluzbaKoordinacionogTelaVladeRepublikeSrbije\" \/>\n<meta property=\"article:published_time\" content=\"2010-03-05T00:00:00+00:00\" \/>\n<meta name=\"author\" content=\"ktmin\" \/>\n<meta name=\"twitter:card\" content=\"summary_large_image\" \/>\n<meta name=\"twitter:creator\" content=\"@kt_gov\" \/>\n<meta name=\"twitter:site\" content=\"@kt_gov\" \/>\n<meta name=\"twitter:label1\" content=\"Written by\" \/>\n\t<meta name=\"twitter:data1\" content=\"ktmin\" \/>\n\t<meta name=\"twitter:label2\" content=\"Est. reading time\" \/>\n\t<meta name=\"twitter:data2\" content=\"1 minute\" \/>\n<script type=\"application\/ld+json\" class=\"yoast-schema-graph\">{\"@context\":\"https:\\\/\\\/schema.org\",\"@graph\":[{\"@type\":\"Article\",\"@id\":\"https:\\\/\\\/kt.gov.rs\\\/sq\\\/trupi-koordinues-ka-publikuar-konkurse-te-reja-per-finansimin-e-projekteve-ne-presheve-bujanoc-dhe-medvegje\\\/#article\",\"isPartOf\":{\"@id\":\"https:\\\/\\\/kt.gov.rs\\\/sq\\\/trupi-koordinues-ka-publikuar-konkurse-te-reja-per-finansimin-e-projekteve-ne-presheve-bujanoc-dhe-medvegje\\\/\"},\"author\":{\"name\":\"ktmin\",\"@id\":\"https:\\\/\\\/kt.gov.rs\\\/#\\\/schema\\\/person\\\/e426459ddb4173309103390602694571\"},\"headline\":\"TRUPI KOORDINUES KA PUBLIKUAR KONKURSE T\u00cb REJA P\u00cbR FINANSIMIN E PROJEKTEVE N\u00cb PRESHEV\u00cb, BUJANOC DHE MEDVEGJ\u00cb\",\"datePublished\":\"2010-03-05T00:00:00+00:00\",\"mainEntityOfPage\":{\"@id\":\"https:\\\/\\\/kt.gov.rs\\\/sq\\\/trupi-koordinues-ka-publikuar-konkurse-te-reja-per-finansimin-e-projekteve-ne-presheve-bujanoc-dhe-medvegje\\\/\"},\"wordCount\":306,\"publisher\":{\"@id\":\"https:\\\/\\\/kt.gov.rs\\\/#organization\"},\"articleSection\":[\"Lajme\"],\"inLanguage\":\"sq-AL\"},{\"@type\":\"WebPage\",\"@id\":\"https:\\\/\\\/kt.gov.rs\\\/sq\\\/trupi-koordinues-ka-publikuar-konkurse-te-reja-per-finansimin-e-projekteve-ne-presheve-bujanoc-dhe-medvegje\\\/\",\"url\":\"https:\\\/\\\/kt.gov.rs\\\/sq\\\/trupi-koordinues-ka-publikuar-konkurse-te-reja-per-finansimin-e-projekteve-ne-presheve-bujanoc-dhe-medvegje\\\/\",\"name\":\"TRUPI KOORDINUES KA PUBLIKUAR KONKURSE T\u00cb REJA P\u00cbR FINANSIMIN E PROJEKTEVE N\u00cb PRESHEV\u00cb, BUJANOC DHE MEDVEGJ\u00cb - Republika e S\u00ebrbis\u00eb Trupi Koordinues p\u00ebr komunat Bujanoc, Preshev\u00eb dhe Medvegj\u00eb\",\"isPartOf\":{\"@id\":\"https:\\\/\\\/kt.gov.rs\\\/#website\"},\"datePublished\":\"2010-03-05T00:00:00+00:00\",\"breadcrumb\":{\"@id\":\"https:\\\/\\\/kt.gov.rs\\\/sq\\\/trupi-koordinues-ka-publikuar-konkurse-te-reja-per-finansimin-e-projekteve-ne-presheve-bujanoc-dhe-medvegje\\\/#breadcrumb\"},\"inLanguage\":\"sq-AL\",\"potentialAction\":[{\"@type\":\"ReadAction\",\"target\":[\"https:\\\/\\\/kt.gov.rs\\\/sq\\\/trupi-koordinues-ka-publikuar-konkurse-te-reja-per-finansimin-e-projekteve-ne-presheve-bujanoc-dhe-medvegje\\\/\"]}]},{\"@type\":\"BreadcrumbList\",\"@id\":\"https:\\\/\\\/kt.gov.rs\\\/sq\\\/trupi-koordinues-ka-publikuar-konkurse-te-reja-per-finansimin-e-projekteve-ne-presheve-bujanoc-dhe-medvegje\\\/#breadcrumb\",\"itemListElement\":[{\"@type\":\"ListItem\",\"position\":1,\"name\":\"\u041f\u043e\u0447\u0435\u0442\u043d\u0430\",\"item\":\"https:\\\/\\\/kt.gov.rs\\\/sq\\\/\"},{\"@type\":\"ListItem\",\"position\":2,\"name\":\"TRUPI KOORDINUES KA PUBLIKUAR KONKURSE T\u00cb REJA P\u00cbR FINANSIMIN E PROJEKTEVE N\u00cb PRESHEV\u00cb, BUJANOC DHE MEDVEGJ\u00cb\"}]},{\"@type\":\"WebSite\",\"@id\":\"https:\\\/\\\/kt.gov.rs\\\/#website\",\"url\":\"https:\\\/\\\/kt.gov.rs\\\/\",\"name\":\"\u041a\u043e\u043e\u0440\u0434\u0438\u043d\u0430\u0446\u0438\u043e\u043d\u043e \u0442\u0435\u043b\u043e \u0412\u043b\u0430\u0434\u0435 \u0420\u0435\u043f\u0443\u0431\u043b\u0438\u043a\u0435 \u0421\u0440\u0431\u0438\u0458\u0435 \u0437\u0430 \u043e\u043f\u0448\u0442\u0438\u043d\u0435 \u041f\u0440\u0435\u0448\u0435\u0432\u043e, \u0411\u0443\u0458\u0430\u043d\u043e\u0432\u0430\u0446 \u0438 \u041c\u0435\u0434\u0432\u0435\u0452a\",\"description\":\"\",\"publisher\":{\"@id\":\"https:\\\/\\\/kt.gov.rs\\\/#organization\"},\"alternateName\":\"\u041a\u043e\u043e\u0440\u0434\u0438\u043d\u0430\u0446\u0438\u043e\u043d\u043e \u0442\u0435\u043b\u043e\",\"potentialAction\":[{\"@type\":\"SearchAction\",\"target\":{\"@type\":\"EntryPoint\",\"urlTemplate\":\"https:\\\/\\\/kt.gov.rs\\\/?s={search_term_string}\"},\"query-input\":{\"@type\":\"PropertyValueSpecification\",\"valueRequired\":true,\"valueName\":\"search_term_string\"}}],\"inLanguage\":\"sq-AL\"},{\"@type\":\"Organization\",\"@id\":\"https:\\\/\\\/kt.gov.rs\\\/#organization\",\"name\":\"\u041a\u043e\u043e\u0440\u0434\u0438\u043d\u0430\u0446\u0438\u043e\u043d\u043e \u0442\u0435\u043b\u043e \u0412\u043b\u0430\u0434\u0435 \u0420\u0435\u043f\u0443\u0431\u043b\u0438\u043a\u0435 \u0421\u0440\u0431\u0438\u0458\u0435 \u0437\u0430 \u043e\u043f\u0448\u0442\u0438\u043d\u0435 \u041f\u0440\u0435\u0448\u0435\u0432\u043e, \u0411\u0443\u0458\u0430\u043d\u043e\u0432\u0430\u0446 \u0438 \u041c\u0435\u0434\u0432\u0435\u0452a\",\"alternateName\":\"\u041a\u043e\u043e\u0440\u0434\u0438\u043d\u0430\u0446\u0438\u043e\u043d\u043e \u0442\u0435\u043b\u043e\",\"url\":\"https:\\\/\\\/kt.gov.rs\\\/\",\"logo\":{\"@type\":\"ImageObject\",\"inLanguage\":\"sq-AL\",\"@id\":\"https:\\\/\\\/kt.gov.rs\\\/#\\\/schema\\\/logo\\\/image\\\/\",\"url\":\"https:\\\/\\\/kt.gov.rs\\\/wp-content\\\/uploads\\\/2024\\\/12\\\/koord2.jpg\",\"contentUrl\":\"https:\\\/\\\/kt.gov.rs\\\/wp-content\\\/uploads\\\/2024\\\/12\\\/koord2.jpg\",\"width\":640,\"height\":480,\"caption\":\"\u041a\u043e\u043e\u0440\u0434\u0438\u043d\u0430\u0446\u0438\u043e\u043d\u043e \u0442\u0435\u043b\u043e \u0412\u043b\u0430\u0434\u0435 \u0420\u0435\u043f\u0443\u0431\u043b\u0438\u043a\u0435 \u0421\u0440\u0431\u0438\u0458\u0435 \u0437\u0430 \u043e\u043f\u0448\u0442\u0438\u043d\u0435 \u041f\u0440\u0435\u0448\u0435\u0432\u043e, \u0411\u0443\u0458\u0430\u043d\u043e\u0432\u0430\u0446 \u0438 \u041c\u0435\u0434\u0432\u0435\u0452a\"},\"image\":{\"@id\":\"https:\\\/\\\/kt.gov.rs\\\/#\\\/schema\\\/logo\\\/image\\\/\"},\"sameAs\":[\"https:\\\/\\\/www.facebook.com\\\/SluzbaKoordinacionogTelaVladeRepublikeSrbije\",\"https:\\\/\\\/x.com\\\/kt_gov\",\"https:\\\/\\\/www.youtube.com\\\/@koordinacionotelo\"]},{\"@type\":\"Person\",\"@id\":\"https:\\\/\\\/kt.gov.rs\\\/#\\\/schema\\\/person\\\/e426459ddb4173309103390602694571\",\"name\":\"ktmin\",\"image\":{\"@type\":\"ImageObject\",\"inLanguage\":\"sq-AL\",\"@id\":\"https:\\\/\\\/secure.gravatar.com\\\/avatar\\\/3985c961109853010c3fbc7ba30365bfba5db3dd6c525831d9c595c7525a615a?s=96&d=mm&r=g\",\"url\":\"https:\\\/\\\/secure.gravatar.com\\\/avatar\\\/3985c961109853010c3fbc7ba30365bfba5db3dd6c525831d9c595c7525a615a?s=96&d=mm&r=g\",\"contentUrl\":\"https:\\\/\\\/secure.gravatar.com\\\/avatar\\\/3985c961109853010c3fbc7ba30365bfba5db3dd6c525831d9c595c7525a615a?s=96&d=mm&r=g\",\"caption\":\"ktmin\"},\"sameAs\":[\"https:\\\/\\\/kt.gov.rs\"],\"url\":\"https:\\\/\\\/kt.gov.rs\\\/sq\\\/author\\\/ktmin\\\/\"}]}<\/script>\n<!-- \/ Yoast SEO plugin. -->","yoast_head_json":{"title":"TRUPI KOORDINUES KA PUBLIKUAR KONKURSE T\u00cb REJA P\u00cbR FINANSIMIN E PROJEKTEVE N\u00cb PRESHEV\u00cb, BUJANOC DHE MEDVEGJ\u00cb - Republika e S\u00ebrbis\u00eb Trupi Koordinues p\u00ebr komunat Bujanoc, Preshev\u00eb dhe Medvegj\u00eb","robots":{"index":"index","follow":"follow","max-snippet":"max-snippet:-1","max-image-preview":"max-image-preview:large","max-video-preview":"max-video-preview:-1"},"canonical":"https:\/\/kt.gov.rs\/sq\/trupi-koordinues-ka-publikuar-konkurse-te-reja-per-finansimin-e-projekteve-ne-presheve-bujanoc-dhe-medvegje\/","og_locale":"sq_AL","og_type":"article","og_title":"TRUPI KOORDINUES KA PUBLIKUAR KONKURSE T\u00cb REJA P\u00cbR FINANSIMIN E PROJEKTEVE N\u00cb PRESHEV\u00cb, BUJANOC DHE MEDVEGJ\u00cb - Republika e S\u00ebrbis\u00eb Trupi Koordinues p\u00ebr komunat Bujanoc, Preshev\u00eb dhe Medvegj\u00eb","og_description":"Sh\u00ebrbimi i Trupit Koordinues m\u00eb 5 mars ka publikuar dy konkurse t\u00eb reja p\u00ebr finansimin e projekteve n\u00eb Preshev\u00eb, Bujanoc dhe Medvegj\u00eb. \u00cbsht\u00eb shpallur konkurs p\u00ebr projekte t\u00eb shoqatave t\u00eb qytetar\u00ebve p\u00ebr ndihm\u00eb qytetar\u00ebve n\u00eb rajonin e komunave t\u00eb Preshev\u00ebs, Bujanocit dhe Medvegj\u00ebs p\u00ebr vitin 2010 n\u00eb t\u00eb cilat projekte kan\u00eb t\u00eb drejt\u00eb t\u00eb konkurojn\u00eb shoqatat e qytetar\u00ebve t\u00eb cilat jan\u00eb t\u00eb regjistruara n\u00eb teritorin e republik\u00ebs s\u00eb Serbis\u00eb dhe t\u00eb cilat shoqata i dor\u00ebzojn\u00eb projektpropozimet n\u00eb baz\u00eb t\u00eb udh\u00ebzimeve p\u00ebr paraqitjen e propozimprojekteve. Me k\u00ebt\u00eb konkurs \u00ebsht\u00eb parapar\u00eb suma e finansimit prej 5.000.000,00 dinar\u00eb, nd\u00ebrsa shuma maksimale p\u00ebr finansim t\u00eb ndonj\u00eb projekti \u00ebsht\u00eb 500.000,00dinar\u00eb.","og_url":"https:\/\/kt.gov.rs\/sq\/trupi-koordinues-ka-publikuar-konkurse-te-reja-per-finansimin-e-projekteve-ne-presheve-bujanoc-dhe-medvegje\/","og_site_name":"Republika e S\u00ebrbis\u00eb Trupi Koordinues p\u00ebr komunat Bujanoc, Preshev\u00eb dhe Medvegj\u00eb","article_publisher":"https:\/\/www.facebook.com\/SluzbaKoordinacionogTelaVladeRepublikeSrbije","article_published_time":"2010-03-05T00:00:00+00:00","author":"ktmin","twitter_card":"summary_large_image","twitter_creator":"@kt_gov","twitter_site":"@kt_gov","twitter_misc":{"Written by":"ktmin","Est. reading time":"1 minute"},"schema":{"@context":"https:\/\/schema.org","@graph":[{"@type":"Article","@id":"https:\/\/kt.gov.rs\/sq\/trupi-koordinues-ka-publikuar-konkurse-te-reja-per-finansimin-e-projekteve-ne-presheve-bujanoc-dhe-medvegje\/#article","isPartOf":{"@id":"https:\/\/kt.gov.rs\/sq\/trupi-koordinues-ka-publikuar-konkurse-te-reja-per-finansimin-e-projekteve-ne-presheve-bujanoc-dhe-medvegje\/"},"author":{"name":"ktmin","@id":"https:\/\/kt.gov.rs\/#\/schema\/person\/e426459ddb4173309103390602694571"},"headline":"TRUPI KOORDINUES KA PUBLIKUAR KONKURSE T\u00cb REJA P\u00cbR FINANSIMIN E PROJEKTEVE N\u00cb PRESHEV\u00cb, BUJANOC DHE MEDVEGJ\u00cb","datePublished":"2010-03-05T00:00:00+00:00","mainEntityOfPage":{"@id":"https:\/\/kt.gov.rs\/sq\/trupi-koordinues-ka-publikuar-konkurse-te-reja-per-finansimin-e-projekteve-ne-presheve-bujanoc-dhe-medvegje\/"},"wordCount":306,"publisher":{"@id":"https:\/\/kt.gov.rs\/#organization"},"articleSection":["Lajme"],"inLanguage":"sq-AL"},{"@type":"WebPage","@id":"https:\/\/kt.gov.rs\/sq\/trupi-koordinues-ka-publikuar-konkurse-te-reja-per-finansimin-e-projekteve-ne-presheve-bujanoc-dhe-medvegje\/","url":"https:\/\/kt.gov.rs\/sq\/trupi-koordinues-ka-publikuar-konkurse-te-reja-per-finansimin-e-projekteve-ne-presheve-bujanoc-dhe-medvegje\/","name":"TRUPI KOORDINUES KA PUBLIKUAR KONKURSE T\u00cb REJA P\u00cbR FINANSIMIN E PROJEKTEVE N\u00cb PRESHEV\u00cb, BUJANOC DHE MEDVEGJ\u00cb - Republika e S\u00ebrbis\u00eb Trupi Koordinues p\u00ebr komunat Bujanoc, Preshev\u00eb dhe Medvegj\u00eb","isPartOf":{"@id":"https:\/\/kt.gov.rs\/#website"},"datePublished":"2010-03-05T00:00:00+00:00","breadcrumb":{"@id":"https:\/\/kt.gov.rs\/sq\/trupi-koordinues-ka-publikuar-konkurse-te-reja-per-finansimin-e-projekteve-ne-presheve-bujanoc-dhe-medvegje\/#breadcrumb"},"inLanguage":"sq-AL","potentialAction":[{"@type":"ReadAction","target":["https:\/\/kt.gov.rs\/sq\/trupi-koordinues-ka-publikuar-konkurse-te-reja-per-finansimin-e-projekteve-ne-presheve-bujanoc-dhe-medvegje\/"]}]},{"@type":"BreadcrumbList","@id":"https:\/\/kt.gov.rs\/sq\/trupi-koordinues-ka-publikuar-konkurse-te-reja-per-finansimin-e-projekteve-ne-presheve-bujanoc-dhe-medvegje\/#breadcrumb","itemListElement":[{"@type":"ListItem","position":1,"name":"\u041f\u043e\u0447\u0435\u0442\u043d\u0430","item":"https:\/\/kt.gov.rs\/sq\/"},{"@type":"ListItem","position":2,"name":"TRUPI KOORDINUES KA PUBLIKUAR KONKURSE T\u00cb REJA P\u00cbR FINANSIMIN E PROJEKTEVE N\u00cb PRESHEV\u00cb, BUJANOC DHE MEDVEGJ\u00cb"}]},{"@type":"WebSite","@id":"https:\/\/kt.gov.rs\/#website","url":"https:\/\/kt.gov.rs\/","name":"\u041a\u043e\u043e\u0440\u0434\u0438\u043d\u0430\u0446\u0438\u043e\u043d\u043e \u0442\u0435\u043b\u043e \u0412\u043b\u0430\u0434\u0435 \u0420\u0435\u043f\u0443\u0431\u043b\u0438\u043a\u0435 \u0421\u0440\u0431\u0438\u0458\u0435 \u0437\u0430 \u043e\u043f\u0448\u0442\u0438\u043d\u0435 \u041f\u0440\u0435\u0448\u0435\u0432\u043e, \u0411\u0443\u0458\u0430\u043d\u043e\u0432\u0430\u0446 \u0438 \u041c\u0435\u0434\u0432\u0435\u0452a","description":"","publisher":{"@id":"https:\/\/kt.gov.rs\/#organization"},"alternateName":"\u041a\u043e\u043e\u0440\u0434\u0438\u043d\u0430\u0446\u0438\u043e\u043d\u043e \u0442\u0435\u043b\u043e","potentialAction":[{"@type":"SearchAction","target":{"@type":"EntryPoint","urlTemplate":"https:\/\/kt.gov.rs\/?s={search_term_string}"},"query-input":{"@type":"PropertyValueSpecification","valueRequired":true,"valueName":"search_term_string"}}],"inLanguage":"sq-AL"},{"@type":"Organization","@id":"https:\/\/kt.gov.rs\/#organization","name":"\u041a\u043e\u043e\u0440\u0434\u0438\u043d\u0430\u0446\u0438\u043e\u043d\u043e \u0442\u0435\u043b\u043e \u0412\u043b\u0430\u0434\u0435 \u0420\u0435\u043f\u0443\u0431\u043b\u0438\u043a\u0435 \u0421\u0440\u0431\u0438\u0458\u0435 \u0437\u0430 \u043e\u043f\u0448\u0442\u0438\u043d\u0435 \u041f\u0440\u0435\u0448\u0435\u0432\u043e, \u0411\u0443\u0458\u0430\u043d\u043e\u0432\u0430\u0446 \u0438 \u041c\u0435\u0434\u0432\u0435\u0452a","alternateName":"\u041a\u043e\u043e\u0440\u0434\u0438\u043d\u0430\u0446\u0438\u043e\u043d\u043e \u0442\u0435\u043b\u043e","url":"https:\/\/kt.gov.rs\/","logo":{"@type":"ImageObject","inLanguage":"sq-AL","@id":"https:\/\/kt.gov.rs\/#\/schema\/logo\/image\/","url":"https:\/\/kt.gov.rs\/wp-content\/uploads\/2024\/12\/koord2.jpg","contentUrl":"https:\/\/kt.gov.rs\/wp-content\/uploads\/2024\/12\/koord2.jpg","width":640,"height":480,"caption":"\u041a\u043e\u043e\u0440\u0434\u0438\u043d\u0430\u0446\u0438\u043e\u043d\u043e \u0442\u0435\u043b\u043e \u0412\u043b\u0430\u0434\u0435 \u0420\u0435\u043f\u0443\u0431\u043b\u0438\u043a\u0435 \u0421\u0440\u0431\u0438\u0458\u0435 \u0437\u0430 \u043e\u043f\u0448\u0442\u0438\u043d\u0435 \u041f\u0440\u0435\u0448\u0435\u0432\u043e, \u0411\u0443\u0458\u0430\u043d\u043e\u0432\u0430\u0446 \u0438 \u041c\u0435\u0434\u0432\u0435\u0452a"},"image":{"@id":"https:\/\/kt.gov.rs\/#\/schema\/logo\/image\/"},"sameAs":["https:\/\/www.facebook.com\/SluzbaKoordinacionogTelaVladeRepublikeSrbije","https:\/\/x.com\/kt_gov","https:\/\/www.youtube.com\/@koordinacionotelo"]},{"@type":"Person","@id":"https:\/\/kt.gov.rs\/#\/schema\/person\/e426459ddb4173309103390602694571","name":"ktmin","image":{"@type":"ImageObject","inLanguage":"sq-AL","@id":"https:\/\/secure.gravatar.com\/avatar\/3985c961109853010c3fbc7ba30365bfba5db3dd6c525831d9c595c7525a615a?s=96&d=mm&r=g","url":"https:\/\/secure.gravatar.com\/avatar\/3985c961109853010c3fbc7ba30365bfba5db3dd6c525831d9c595c7525a615a?s=96&d=mm&r=g","contentUrl":"https:\/\/secure.gravatar.com\/avatar\/3985c961109853010c3fbc7ba30365bfba5db3dd6c525831d9c595c7525a615a?s=96&d=mm&r=g","caption":"ktmin"},"sameAs":["https:\/\/kt.gov.rs"],"url":"https:\/\/kt.gov.rs\/sq\/author\/ktmin\/"}]}},"_links":{"self":[{"href":"https:\/\/kt.gov.rs\/sq\/wp-json\/wp\/v2\/posts\/142971","targetHints":{"allow":["GET"]}}],"collection":[{"href":"https:\/\/kt.gov.rs\/sq\/wp-json\/wp\/v2\/posts"}],"about":[{"href":"https:\/\/kt.gov.rs\/sq\/wp-json\/wp\/v2\/types\/post"}],"author":[{"embeddable":true,"href":"https:\/\/kt.gov.rs\/sq\/wp-json\/wp\/v2\/users\/1"}],"replies":[{"embeddable":true,"href":"https:\/\/kt.gov.rs\/sq\/wp-json\/wp\/v2\/comments?post=142971"}],"version-history":[{"count":0,"href":"https:\/\/kt.gov.rs\/sq\/wp-json\/wp\/v2\/posts\/142971\/revisions"}],"wp:attachment":[{"href":"https:\/\/kt.gov.rs\/sq\/wp-json\/wp\/v2\/media?parent=142971"}],"wp:term":[{"taxonomy":"category","embeddable":true,"href":"https:\/\/kt.gov.rs\/sq\/wp-json\/wp\/v2\/categories?post=142971"},{"taxonomy":"post_tag","embeddable":true,"href":"https:\/\/kt.gov.rs\/sq\/wp-json\/wp\/v2\/tags?post=142971"}],"curies":[{"name":"wp","href":"https:\/\/api.w.org\/{rel}","templated":true}]}}