{"id":142963,"date":"2010-03-08T00:00:00","date_gmt":"2010-03-08T00:00:00","guid":{"rendered":"http:\/\/kt.printandscreen.rs\/formimi-i-grupit-punues-per-zhvillimin-e-arsimit-te-larte-ne-presheve-dhe-bujanoc\/"},"modified":"2024-07-30T20:23:16","modified_gmt":"2024-07-30T20:23:16","slug":"formimi-i-grupit-punues-per-zhvillimin-e-arsimit-te-larte-ne-presheve-dhe-bujanoc","status":"publish","type":"post","link":"https:\/\/kt.gov.rs\/sq\/formimi-i-grupit-punues-per-zhvillimin-e-arsimit-te-larte-ne-presheve-dhe-bujanoc\/","title":{"rendered":"FORMIMI I GRUPIT PUNUES P\u00cbR ZHVILLIMIN E ARSIMIT T\u00cb LART\u00cb N\u00cb PRESHEV\u00cb DHE BUJANOC"},"content":{"rendered":"<p><img decoding=\"async\" align=\"left\" src=\"https:\/\/kt.gov.rs\/wp-content\/uploads\/2024\/07\/pic211vesti-4.jpg\" alt=\"\" \/>BEOGRAD \u2013 Trupi Koordinues i Qeveris\u00eb s\u00eb Republik\u00ebs s\u00eb Serbis\u00eb p\u00ebr komunat preshev\u00eb, Bujanoc dhe Medvegj\u00eb dhe ministria e Arsimit, n\u00eb bashk\u00ebpunim me Qendr\u00ebn p\u00ebr rezistenc\u00eb jo t\u00eb dhunshme dhe Qendr\u00ebs p\u00ebr politika arsimore, m\u00eb 3 mars t\u00eb\u00a0 vitit 2010 n\u00eb Pallat\u00ebn Srbija kan\u00eb mbajtur prezentimin e rezultateve preliminare t\u00eb studios s\u00eb vizibilitetit p\u00ebr hapjen e shkollave t\u00eb larta n\u00eb Preshev\u00eb dhe Bujanoc. Diskutimin e hapi drejtori i Sh\u00ebrbimit t\u00eb Trupit Koordinues Nenad Gjurgjeviq, p\u00ebrfaq\u00ebsuesi i lart\u00eb i OSBE-s\u00eb p\u00ebr pakica komb\u00ebtare Knut Volebek dhe sekretaresha shtet\u00ebrore e ministris\u00eb s\u00eb Arsimit pran\u00eb Qeveris\u00eb s\u00eb Republik\u00ebs s\u00eb Serbis\u00eb, Tinde Kova\u00e7 Ceroviq. P\u00ebrfundimin e Studios s\u00eb vizibilitetit e paraqiti udh\u00ebheq\u00ebsja e ekipit hulumtues dr Jana Baqeviq.<\/p>\n<p>Drejtori i Sh\u00ebrbimit t\u00eb Trupit Koordinues, Nenad Gjurgjeviq n\u00eb fjal\u00ebn e tij\u00eb hyr\u00ebse paralajm\u00ebroi formimin e grupit punues i cili do t\u00eb merret me zhvillimin e arsimit t\u00eb lart\u00eb n\u00eb Preshev\u00eb dhe Bujanoc. ,,K\u00ebt\u00eb grup punues do ta formojn\u00eb s\u00eb bashku Trupi Koordinues, Ministria e Arsimit, p\u00ebrfaq\u00ebsuesit e OSBE-s\u00eb dhe komuniteti lokal n\u00eb baz\u00eb t\u00eb Studios s\u00eb vizibilitetit p\u00ebr hapjen e shkollave t\u00eb larta n\u00eb Preshev\u00eb dhe Bujanoc\u2019\u2019, Nenad Gjurgjeviq potencoi se ,,zhvillimi i arsimit t\u00eb lart\u00eb n\u00eb Preshev\u00eb dhe Bujanoc \u00ebsht\u00eb i motivuar jo vet\u00ebm me nevoj\u00ebn q\u00eb komunitietit shqip\u00ebtar\u00eb t\u2019u mund\u00ebsohet shkollimi i lart\u00eb n\u00eb gjuh\u00ebn e\u00a0 tyre amtare, por\u00a0 edhe nevoj\u00ebn q\u00eb me rritjen e nivelit r\u00eb shkollimit t\u00eb qytetar\u00ebve t\u00eb kontibuojm\u00eb n\u00eb zhvillimin ekonomik t\u00eb k\u00ebtij regjioni t\u00eb pazhvilluar\u2019\u2019.<\/p>\n<p>Studioja e vizibilitetit, teksti final i t\u00eb cilit do t\u00eb p\u00ebrfundohet dhe paraqitet n\u00eb prill, parasheh q\u00eb zhvillimi i shkollimit t\u00eb lart\u00eb n\u00eb Preshev\u00eb dhe Bujanoc do t\u00eb b\u00ebhet sipas korniz\u00ebs institucionale t\u00eb shkollimit t\u00eb lart\u00eb t\u00eb Republik\u00ebs s\u00eb Serbis\u00eb dhe n\u00ebse \u00ebsht\u00eb e mundur, sipas korniz\u00ebs s\u00eb shkollave t\u00eb larta egzistuese t\u00eb Nishit, Kragujevcit dhe Novi Pazarit. Siq theksoi Nenad Gjurgjeviq ,,zhvillimi i shkollimit t\u00eb lart\u00eb duhet patjet\u00ebr t\u00eb jet\u00eb i q\u00ebndruesh\u00ebm, nd\u00ebrsa programet e studios do t\u2019i p\u00ebrmbushin nevojat p\u00ebr nj\u00eb zhillim sa m\u00eb t\u00eb mir\u00eb ekonomik\u2019\u2019. Nj\u00eb nd\u00ebr p\u00ebrfundimet preliminare t\u00eb Studios s\u00eb vizibilitetit si q\u00ebndrim kyq parashihet edhe zhvillimi i aktiviteteve shtes\u00eb q\u00eb t\u00eb mund\u00ebsohet socializimi i p\u00ebrbashk\u00ebt dhe komunikimi nd\u00ebrmjet pjes\u00ebtar\u00ebve t\u00eb kominiteteve t\u00eb ndryshme, potencoi drejtori i Trupit koordinues.<\/p>\n<p>Tinde Kova\u00e7 Ceroviq, sekretaresha shtet\u00ebrore pran\u00eb Ministris\u00eb s\u00eb arsimit, tha se q\u00ebshtja rreth krijimit t\u00eb sistemit t\u00eb arsimit t\u00eb lart\u00eb shkollor\u00eb n\u00eb Serbin\u00eb jugore \u00ebsht\u00eb prioritet i Ministris\u00eb s\u00eb arsimit e cila ka filluar t\u00eb angazhohet n\u00eb k\u00ebt\u00eb projekt para nj\u00eb viti dhe ate n\u00eb pun\u00ebn p\u00ebr hapjen e paraleleve t\u00eb shkollave t\u00eb larta t\u00eb fakultetit Juridik dhe Ekonomik t\u00eb univerzitetit t\u00eb Nishit n\u00eb Medvegj\u00eb. Sekretaresha shtet\u00ebrore deklaroi se Ministria e arsimit po zhvillon nj\u00eb politik\u00eb t\u00eb re arsimore, e cila mb\u00ebshtetet n\u00eb k\u00ebto tri q\u00ebllime: rritjen e pun\u00ebsimit, sigurimit t\u00eb arsimit adekuat p\u00ebr t\u00eb gjitha grupet etnike dhe inovacion kualitativ- duke u bazuar n\u00eb k\u00ebrkesat p\u00ebr dituri t\u00eb reja.<br \/>\nAjo shtoi se q\u00ebllimi e Ministris\u00eb s\u00eb arsimit \u00ebsht\u00eb aplikimi i t\u00eb gjitha elementeve t\u00eb kontekstit shoq\u00ebror\u00eb n\u00eb praktik\u00eb dhe se Ministria e arsimit \u00ebsht\u00eb e\u00a0 gatshme t\u00eb angazhohet edhe m\u00eb tutje n\u00eb realizimin e ktij\u00eb projekti.<\/p>\n<p>Komesari i lart\u00eb i OSBE-s\u00eb p\u00ebr pakica komb\u00ebtare, ambasadori Knut Volebek deklaroi se arsimi n\u00eb Serbin\u00eb jugore duhet t\u00eb jet\u00eb multietnik dhe multigjuh\u00ebsor\u00eb me vler\u00ebsim se kjo do t\u00eb ket\u00eb ndikim n\u00eb zhvillimin e Serbis\u00eb jugore. Volebek theksoi se arsimimi \u00ebsht\u00eb m\u00ebnyra m\u00eb e mir\u00eb p\u00ebr nj\u00eb ardhm\u00ebri m\u00eb t\u00eb mir\u00eb, duke shtuar se shkollimi i lart\u00eb n\u00eb Preshev\u00eb dhe Bujanoc do t\u2019u mund\u00ebsoj\u00eb Serb\u00ebve, Shqip\u00ebtar\u00ebve dhe Rom\u00ebve studimin n\u00eb gjuh\u00ebn e tyre amtare, k\u00ebshtuq\u00eb do t\u2019u leht\u00ebsoj\u00eb integrimin e t\u00eb tre komuniteteve. Ambasadori Volebek shtoi se nevojitet angazhimi i t\u00eb tre komuniteteve etnike n\u00eb k\u00ebt\u00eb projekt duke p\u00ebrfshir\u00eb edhe p\u00ebrfaq\u00ebsuesit e t\u00eb tri qeverive lokale sepse projekti aplikohet p\u00ebr t\u00eb mir\u00ebn e qytetar\u00ebve t\u00eb Serbis\u00eb jugore. ,,Zyrja e komesariatit t\u00eb lart\u00eb t\u00eb OSBE-s\u00eb p\u00ebr pakica komb\u00ebtare do t\u2019i jap\u00eb p\u00ebrkahje t\u00eb plot\u00eb n\u00eb aplikimin e pjes\u00ebs s\u00eb mbetur t\u00eb k\u00ebtij\u00eb projekti\u2019\u2019, tha n\u00eb fund t\u00eb fjalimit t\u00eb tij\u00eb Knut Volebek.<\/p>\n<p>N\u00eb debatin ku mor\u00ebn pjes\u00eb p\u00ebrfaq\u00ebsuesit e komunave t\u00eb Preshev\u00ebs, Bujanocit dhe Medvegj\u00ebs \u2013 Ragmi Mustafa, Shaip Kamberi dhe Slobodan Drashkoviq, deputeti popullor\u00eb Riza Halimi, kryetar\u00ebt e KK t\u00eb Preshev\u00ebs dhe Bujanocit \u2013 Sk\u00ebnder Destani dhe Jonuz Musliu dhe deputeti n\u00eb KK t\u00eb Bujanocit Dr. Stojan\u00e7a Arsiq, jan\u00eb paraqitur v\u00ebrejtjet konstruktive n\u00eb disa konkluzione t\u00eb Studios mir\u00ebpo q\u00ebndrimi i p\u00ebrgjithsh\u00ebm ishte se Studioja e vizibilitetit \u00ebsht\u00eb nj\u00eb hap\u00eb i q\u00eblluar dhe shpreh\u00ebn gatishm\u00ebrin\u00eb e tyre n\u00eb kyqjen, formimin dhe p\u00ebrfshirjen e grupit punues p\u00ebr realizimin e k\u00ebtij projekti.<\/p>\n<p>Studioja e vizibilitetit \u00ebsht\u00eb rezultat i projektit ,,Reforma e politik\u00ebs arsimore n\u00eb Serbin\u00eb jugore\u2019\u2019, e cila ka p\u00ebr q\u00ebllim sistematizimin e elementeve t\u00eb sistemit arsimor\u00eb n\u00eb Serbi, t\u00eb analizoj\u00eb p\u00ebrvojat komperative nga regjioni dhe t\u2019u ofroj skenarin e mundsh\u00ebm p\u00ebr aktivitetet e ardshme.<\/p>\n<p>Studion e vizibilitetit finansiarisht e ka p\u00ebrkrahur Fondi p\u00ebr shoq\u00ebri t\u00eb hapur, Zyrja p\u00ebr zhvillim nd\u00ebrkomb\u00ebtar\u00eb e Britanis\u00eb s\u00eb Madhe, Fondi Ballkanik p\u00ebr demokraci dhe Trupi Koordinues i Qeveris\u00eb s\u00eb Republik\u00ebs s\u00eb Serbis\u00eb p\u00ebr komunat Preshev\u00eb, Bujanoc dhe Medvegj\u00eb.<\/p>\n","protected":false},"excerpt":{"rendered":"<p>BEOGRAD \u2013 Trupi Koordinues i Qeveris\u00eb s\u00eb Republik\u00ebs s\u00eb Serbis\u00eb p\u00ebr komunat preshev\u00eb, Bujanoc dhe Medvegj\u00eb dhe ministria e Arsimit, n\u00eb bashk\u00ebpunim me Qendr\u00ebn p\u00ebr rezistenc\u00eb jo t\u00eb dhunshme dhe Qendr\u00ebs p\u00ebr politika arsimore, m\u00eb 3 mars t\u00eb\u00a0 vitit 2010 n\u00eb Pallat\u00ebn Srbija kan\u00eb mbajtur prezentimin e rezultateve preliminare t\u00eb studios s\u00eb vizibilitetit p\u00ebr hapjen e shkollave t\u00eb larta n\u00eb Preshev\u00eb dhe Bujanoc.<\/p>\n","protected":false},"author":1,"featured_media":142968,"comment_status":"closed","ping_status":"closed","sticky":false,"template":"","format":"standard","meta":{"footnotes":""},"categories":[55],"tags":[],"class_list":["post-142963","post","type-post","status-publish","format-standard","has-post-thumbnail","hentry","category-lajme"],"yoast_head":"<!-- This site is optimized with the Yoast SEO plugin v27.5 - https:\/\/yoast.com\/product\/yoast-seo-wordpress\/ -->\n<title>FORMIMI I GRUPIT PUNUES P\u00cbR ZHVILLIMIN E ARSIMIT T\u00cb LART\u00cb N\u00cb PRESHEV\u00cb DHE BUJANOC - Republika e S\u00ebrbis\u00eb Trupi Koordinues p\u00ebr komunat Bujanoc, Preshev\u00eb dhe Medvegj\u00eb<\/title>\n<meta name=\"robots\" content=\"index, follow, max-snippet:-1, max-image-preview:large, max-video-preview:-1\" \/>\n<link rel=\"canonical\" href=\"https:\/\/kt.gov.rs\/sq\/formimi-i-grupit-punues-per-zhvillimin-e-arsimit-te-larte-ne-presheve-dhe-bujanoc\/\" \/>\n<meta property=\"og:locale\" content=\"sq_AL\" \/>\n<meta property=\"og:type\" content=\"article\" \/>\n<meta property=\"og:title\" content=\"FORMIMI I GRUPIT PUNUES P\u00cbR ZHVILLIMIN E ARSIMIT T\u00cb LART\u00cb N\u00cb PRESHEV\u00cb DHE BUJANOC - Republika e S\u00ebrbis\u00eb Trupi Koordinues p\u00ebr komunat Bujanoc, Preshev\u00eb dhe Medvegj\u00eb\" \/>\n<meta property=\"og:description\" content=\"BEOGRAD \u2013 Trupi Koordinues i Qeveris\u00eb s\u00eb Republik\u00ebs s\u00eb Serbis\u00eb p\u00ebr komunat preshev\u00eb, Bujanoc dhe Medvegj\u00eb dhe ministria e Arsimit, n\u00eb bashk\u00ebpunim me Qendr\u00ebn p\u00ebr rezistenc\u00eb jo t\u00eb dhunshme dhe Qendr\u00ebs p\u00ebr politika arsimore, m\u00eb 3 mars t\u00eb\u00a0 vitit 2010 n\u00eb Pallat\u00ebn Srbija kan\u00eb mbajtur prezentimin e rezultateve preliminare t\u00eb studios s\u00eb vizibilitetit p\u00ebr hapjen e shkollave t\u00eb larta n\u00eb Preshev\u00eb dhe Bujanoc.\" \/>\n<meta property=\"og:url\" content=\"https:\/\/kt.gov.rs\/sq\/formimi-i-grupit-punues-per-zhvillimin-e-arsimit-te-larte-ne-presheve-dhe-bujanoc\/\" \/>\n<meta property=\"og:site_name\" content=\"Republika e S\u00ebrbis\u00eb Trupi Koordinues p\u00ebr komunat Bujanoc, Preshev\u00eb dhe Medvegj\u00eb\" \/>\n<meta property=\"article:publisher\" content=\"https:\/\/www.facebook.com\/SluzbaKoordinacionogTelaVladeRepublikeSrbije\" \/>\n<meta property=\"article:published_time\" content=\"2010-03-08T00:00:00+00:00\" \/>\n<meta property=\"article:modified_time\" content=\"2024-07-30T20:23:16+00:00\" \/>\n<meta property=\"og:image\" content=\"https:\/\/kt.gov.rs\/wp-content\/uploads\/2024\/07\/pic211vesti-5.jpg\" \/>\n\t<meta property=\"og:image:width\" content=\"250\" \/>\n\t<meta property=\"og:image:height\" content=\"166\" \/>\n\t<meta property=\"og:image:type\" content=\"image\/jpeg\" \/>\n<meta name=\"author\" content=\"ktmin\" \/>\n<meta name=\"twitter:card\" content=\"summary_large_image\" \/>\n<meta name=\"twitter:creator\" content=\"@kt_gov\" \/>\n<meta name=\"twitter:site\" content=\"@kt_gov\" \/>\n<meta name=\"twitter:label1\" content=\"Written by\" \/>\n\t<meta name=\"twitter:data1\" content=\"ktmin\" \/>\n\t<meta name=\"twitter:label2\" content=\"Est. reading time\" \/>\n\t<meta name=\"twitter:data2\" content=\"5 minutes\" \/>\n<script type=\"application\/ld+json\" class=\"yoast-schema-graph\">{\"@context\":\"https:\\\/\\\/schema.org\",\"@graph\":[{\"@type\":\"Article\",\"@id\":\"https:\\\/\\\/kt.gov.rs\\\/sq\\\/formimi-i-grupit-punues-per-zhvillimin-e-arsimit-te-larte-ne-presheve-dhe-bujanoc\\\/#article\",\"isPartOf\":{\"@id\":\"https:\\\/\\\/kt.gov.rs\\\/sq\\\/formimi-i-grupit-punues-per-zhvillimin-e-arsimit-te-larte-ne-presheve-dhe-bujanoc\\\/\"},\"author\":{\"name\":\"ktmin\",\"@id\":\"https:\\\/\\\/kt.gov.rs\\\/#\\\/schema\\\/person\\\/e426459ddb4173309103390602694571\"},\"headline\":\"FORMIMI I GRUPIT PUNUES P\u00cbR ZHVILLIMIN E ARSIMIT T\u00cb LART\u00cb N\u00cb PRESHEV\u00cb DHE BUJANOC\",\"datePublished\":\"2010-03-08T00:00:00+00:00\",\"dateModified\":\"2024-07-30T20:23:16+00:00\",\"mainEntityOfPage\":{\"@id\":\"https:\\\/\\\/kt.gov.rs\\\/sq\\\/formimi-i-grupit-punues-per-zhvillimin-e-arsimit-te-larte-ne-presheve-dhe-bujanoc\\\/\"},\"wordCount\":1002,\"publisher\":{\"@id\":\"https:\\\/\\\/kt.gov.rs\\\/#organization\"},\"image\":{\"@id\":\"https:\\\/\\\/kt.gov.rs\\\/sq\\\/formimi-i-grupit-punues-per-zhvillimin-e-arsimit-te-larte-ne-presheve-dhe-bujanoc\\\/#primaryimage\"},\"thumbnailUrl\":\"https:\\\/\\\/kt.gov.rs\\\/wp-content\\\/uploads\\\/2024\\\/07\\\/pic211vesti-5.jpg\",\"articleSection\":[\"Lajme\"],\"inLanguage\":\"sq-AL\"},{\"@type\":\"WebPage\",\"@id\":\"https:\\\/\\\/kt.gov.rs\\\/sq\\\/formimi-i-grupit-punues-per-zhvillimin-e-arsimit-te-larte-ne-presheve-dhe-bujanoc\\\/\",\"url\":\"https:\\\/\\\/kt.gov.rs\\\/sq\\\/formimi-i-grupit-punues-per-zhvillimin-e-arsimit-te-larte-ne-presheve-dhe-bujanoc\\\/\",\"name\":\"FORMIMI I GRUPIT PUNUES P\u00cbR ZHVILLIMIN E ARSIMIT T\u00cb LART\u00cb N\u00cb PRESHEV\u00cb DHE BUJANOC - Republika e S\u00ebrbis\u00eb Trupi Koordinues p\u00ebr komunat Bujanoc, Preshev\u00eb dhe Medvegj\u00eb\",\"isPartOf\":{\"@id\":\"https:\\\/\\\/kt.gov.rs\\\/#website\"},\"primaryImageOfPage\":{\"@id\":\"https:\\\/\\\/kt.gov.rs\\\/sq\\\/formimi-i-grupit-punues-per-zhvillimin-e-arsimit-te-larte-ne-presheve-dhe-bujanoc\\\/#primaryimage\"},\"image\":{\"@id\":\"https:\\\/\\\/kt.gov.rs\\\/sq\\\/formimi-i-grupit-punues-per-zhvillimin-e-arsimit-te-larte-ne-presheve-dhe-bujanoc\\\/#primaryimage\"},\"thumbnailUrl\":\"https:\\\/\\\/kt.gov.rs\\\/wp-content\\\/uploads\\\/2024\\\/07\\\/pic211vesti-5.jpg\",\"datePublished\":\"2010-03-08T00:00:00+00:00\",\"dateModified\":\"2024-07-30T20:23:16+00:00\",\"breadcrumb\":{\"@id\":\"https:\\\/\\\/kt.gov.rs\\\/sq\\\/formimi-i-grupit-punues-per-zhvillimin-e-arsimit-te-larte-ne-presheve-dhe-bujanoc\\\/#breadcrumb\"},\"inLanguage\":\"sq-AL\",\"potentialAction\":[{\"@type\":\"ReadAction\",\"target\":[\"https:\\\/\\\/kt.gov.rs\\\/sq\\\/formimi-i-grupit-punues-per-zhvillimin-e-arsimit-te-larte-ne-presheve-dhe-bujanoc\\\/\"]}]},{\"@type\":\"ImageObject\",\"inLanguage\":\"sq-AL\",\"@id\":\"https:\\\/\\\/kt.gov.rs\\\/sq\\\/formimi-i-grupit-punues-per-zhvillimin-e-arsimit-te-larte-ne-presheve-dhe-bujanoc\\\/#primaryimage\",\"url\":\"https:\\\/\\\/kt.gov.rs\\\/wp-content\\\/uploads\\\/2024\\\/07\\\/pic211vesti-5.jpg\",\"contentUrl\":\"https:\\\/\\\/kt.gov.rs\\\/wp-content\\\/uploads\\\/2024\\\/07\\\/pic211vesti-5.jpg\",\"width\":250,\"height\":166},{\"@type\":\"BreadcrumbList\",\"@id\":\"https:\\\/\\\/kt.gov.rs\\\/sq\\\/formimi-i-grupit-punues-per-zhvillimin-e-arsimit-te-larte-ne-presheve-dhe-bujanoc\\\/#breadcrumb\",\"itemListElement\":[{\"@type\":\"ListItem\",\"position\":1,\"name\":\"Po\u010detna\",\"item\":\"https:\\\/\\\/kt.gov.rs\\\/sq\\\/\"},{\"@type\":\"ListItem\",\"position\":2,\"name\":\"FORMIMI I GRUPIT PUNUES P\u00cbR ZHVILLIMIN E ARSIMIT T\u00cb LART\u00cb N\u00cb PRESHEV\u00cb DHE BUJANOC\"}]},{\"@type\":\"WebSite\",\"@id\":\"https:\\\/\\\/kt.gov.rs\\\/#website\",\"url\":\"https:\\\/\\\/kt.gov.rs\\\/\",\"name\":\"Koordinaciono telo Vlade Republike Srbije za op\u0161tine Pre\u0161evo, Bujanovac i Medve\u0111a\",\"description\":\"\",\"publisher\":{\"@id\":\"https:\\\/\\\/kt.gov.rs\\\/#organization\"},\"alternateName\":\"Koordinaciono telo\",\"potentialAction\":[{\"@type\":\"SearchAction\",\"target\":{\"@type\":\"EntryPoint\",\"urlTemplate\":\"https:\\\/\\\/kt.gov.rs\\\/?s={search_term_string}\"},\"query-input\":{\"@type\":\"PropertyValueSpecification\",\"valueRequired\":true,\"valueName\":\"search_term_string\"}}],\"inLanguage\":\"sq-AL\"},{\"@type\":\"Organization\",\"@id\":\"https:\\\/\\\/kt.gov.rs\\\/#organization\",\"name\":\"Koordinaciono telo Vlade Republike Srbije za op\u0161tine Pre\u0161evo, Bujanovac i Medve\u0111a\",\"alternateName\":\"Koordinaciono telo\",\"url\":\"https:\\\/\\\/kt.gov.rs\\\/\",\"logo\":{\"@type\":\"ImageObject\",\"inLanguage\":\"sq-AL\",\"@id\":\"https:\\\/\\\/kt.gov.rs\\\/#\\\/schema\\\/logo\\\/image\\\/\",\"url\":\"https:\\\/\\\/kt.gov.rs\\\/wp-content\\\/uploads\\\/2024\\\/12\\\/koord2.jpg\",\"contentUrl\":\"https:\\\/\\\/kt.gov.rs\\\/wp-content\\\/uploads\\\/2024\\\/12\\\/koord2.jpg\",\"width\":640,\"height\":480,\"caption\":\"Koordinaciono telo Vlade Republike Srbije za op\u0161tine Pre\u0161evo, Bujanovac i Medve\u0111a\"},\"image\":{\"@id\":\"https:\\\/\\\/kt.gov.rs\\\/#\\\/schema\\\/logo\\\/image\\\/\"},\"sameAs\":[\"https:\\\/\\\/www.facebook.com\\\/SluzbaKoordinacionogTelaVladeRepublikeSrbije\",\"https:\\\/\\\/x.com\\\/kt_gov\",\"https:\\\/\\\/www.youtube.com\\\/@koordinacionotelo\"]},{\"@type\":\"Person\",\"@id\":\"https:\\\/\\\/kt.gov.rs\\\/#\\\/schema\\\/person\\\/e426459ddb4173309103390602694571\",\"name\":\"ktmin\",\"image\":{\"@type\":\"ImageObject\",\"inLanguage\":\"sq-AL\",\"@id\":\"https:\\\/\\\/secure.gravatar.com\\\/avatar\\\/3985c961109853010c3fbc7ba30365bfba5db3dd6c525831d9c595c7525a615a?s=96&d=mm&r=g\",\"url\":\"https:\\\/\\\/secure.gravatar.com\\\/avatar\\\/3985c961109853010c3fbc7ba30365bfba5db3dd6c525831d9c595c7525a615a?s=96&d=mm&r=g\",\"contentUrl\":\"https:\\\/\\\/secure.gravatar.com\\\/avatar\\\/3985c961109853010c3fbc7ba30365bfba5db3dd6c525831d9c595c7525a615a?s=96&d=mm&r=g\",\"caption\":\"ktmin\"},\"sameAs\":[\"https:\\\/\\\/kt.gov.rs\"],\"url\":\"https:\\\/\\\/kt.gov.rs\\\/sq\\\/author\\\/ktmin\\\/\"}]}<\/script>\n<!-- \/ Yoast SEO plugin. -->","yoast_head_json":{"title":"FORMIMI I GRUPIT PUNUES P\u00cbR ZHVILLIMIN E ARSIMIT T\u00cb LART\u00cb N\u00cb PRESHEV\u00cb DHE BUJANOC - Republika e S\u00ebrbis\u00eb Trupi Koordinues p\u00ebr komunat Bujanoc, Preshev\u00eb dhe Medvegj\u00eb","robots":{"index":"index","follow":"follow","max-snippet":"max-snippet:-1","max-image-preview":"max-image-preview:large","max-video-preview":"max-video-preview:-1"},"canonical":"https:\/\/kt.gov.rs\/sq\/formimi-i-grupit-punues-per-zhvillimin-e-arsimit-te-larte-ne-presheve-dhe-bujanoc\/","og_locale":"sq_AL","og_type":"article","og_title":"FORMIMI I GRUPIT PUNUES P\u00cbR ZHVILLIMIN E ARSIMIT T\u00cb LART\u00cb N\u00cb PRESHEV\u00cb DHE BUJANOC - Republika e S\u00ebrbis\u00eb Trupi Koordinues p\u00ebr komunat Bujanoc, Preshev\u00eb dhe Medvegj\u00eb","og_description":"BEOGRAD \u2013 Trupi Koordinues i Qeveris\u00eb s\u00eb Republik\u00ebs s\u00eb Serbis\u00eb p\u00ebr komunat preshev\u00eb, Bujanoc dhe Medvegj\u00eb dhe ministria e Arsimit, n\u00eb bashk\u00ebpunim me Qendr\u00ebn p\u00ebr rezistenc\u00eb jo t\u00eb dhunshme dhe Qendr\u00ebs p\u00ebr politika arsimore, m\u00eb 3 mars t\u00eb\u00a0 vitit 2010 n\u00eb Pallat\u00ebn Srbija kan\u00eb mbajtur prezentimin e rezultateve preliminare t\u00eb studios s\u00eb vizibilitetit p\u00ebr hapjen e shkollave t\u00eb larta n\u00eb Preshev\u00eb dhe Bujanoc.","og_url":"https:\/\/kt.gov.rs\/sq\/formimi-i-grupit-punues-per-zhvillimin-e-arsimit-te-larte-ne-presheve-dhe-bujanoc\/","og_site_name":"Republika e S\u00ebrbis\u00eb Trupi Koordinues p\u00ebr komunat Bujanoc, Preshev\u00eb dhe Medvegj\u00eb","article_publisher":"https:\/\/www.facebook.com\/SluzbaKoordinacionogTelaVladeRepublikeSrbije","article_published_time":"2010-03-08T00:00:00+00:00","article_modified_time":"2024-07-30T20:23:16+00:00","og_image":[{"width":250,"height":166,"url":"https:\/\/kt.gov.rs\/wp-content\/uploads\/2024\/07\/pic211vesti-5.jpg","type":"image\/jpeg"}],"author":"ktmin","twitter_card":"summary_large_image","twitter_creator":"@kt_gov","twitter_site":"@kt_gov","twitter_misc":{"Written by":"ktmin","Est. reading time":"5 minutes"},"schema":{"@context":"https:\/\/schema.org","@graph":[{"@type":"Article","@id":"https:\/\/kt.gov.rs\/sq\/formimi-i-grupit-punues-per-zhvillimin-e-arsimit-te-larte-ne-presheve-dhe-bujanoc\/#article","isPartOf":{"@id":"https:\/\/kt.gov.rs\/sq\/formimi-i-grupit-punues-per-zhvillimin-e-arsimit-te-larte-ne-presheve-dhe-bujanoc\/"},"author":{"name":"ktmin","@id":"https:\/\/kt.gov.rs\/#\/schema\/person\/e426459ddb4173309103390602694571"},"headline":"FORMIMI I GRUPIT PUNUES P\u00cbR ZHVILLIMIN E ARSIMIT T\u00cb LART\u00cb N\u00cb PRESHEV\u00cb DHE BUJANOC","datePublished":"2010-03-08T00:00:00+00:00","dateModified":"2024-07-30T20:23:16+00:00","mainEntityOfPage":{"@id":"https:\/\/kt.gov.rs\/sq\/formimi-i-grupit-punues-per-zhvillimin-e-arsimit-te-larte-ne-presheve-dhe-bujanoc\/"},"wordCount":1002,"publisher":{"@id":"https:\/\/kt.gov.rs\/#organization"},"image":{"@id":"https:\/\/kt.gov.rs\/sq\/formimi-i-grupit-punues-per-zhvillimin-e-arsimit-te-larte-ne-presheve-dhe-bujanoc\/#primaryimage"},"thumbnailUrl":"https:\/\/kt.gov.rs\/wp-content\/uploads\/2024\/07\/pic211vesti-5.jpg","articleSection":["Lajme"],"inLanguage":"sq-AL"},{"@type":"WebPage","@id":"https:\/\/kt.gov.rs\/sq\/formimi-i-grupit-punues-per-zhvillimin-e-arsimit-te-larte-ne-presheve-dhe-bujanoc\/","url":"https:\/\/kt.gov.rs\/sq\/formimi-i-grupit-punues-per-zhvillimin-e-arsimit-te-larte-ne-presheve-dhe-bujanoc\/","name":"FORMIMI I GRUPIT PUNUES P\u00cbR ZHVILLIMIN E ARSIMIT T\u00cb LART\u00cb N\u00cb PRESHEV\u00cb DHE BUJANOC - Republika e S\u00ebrbis\u00eb Trupi Koordinues p\u00ebr komunat Bujanoc, Preshev\u00eb dhe Medvegj\u00eb","isPartOf":{"@id":"https:\/\/kt.gov.rs\/#website"},"primaryImageOfPage":{"@id":"https:\/\/kt.gov.rs\/sq\/formimi-i-grupit-punues-per-zhvillimin-e-arsimit-te-larte-ne-presheve-dhe-bujanoc\/#primaryimage"},"image":{"@id":"https:\/\/kt.gov.rs\/sq\/formimi-i-grupit-punues-per-zhvillimin-e-arsimit-te-larte-ne-presheve-dhe-bujanoc\/#primaryimage"},"thumbnailUrl":"https:\/\/kt.gov.rs\/wp-content\/uploads\/2024\/07\/pic211vesti-5.jpg","datePublished":"2010-03-08T00:00:00+00:00","dateModified":"2024-07-30T20:23:16+00:00","breadcrumb":{"@id":"https:\/\/kt.gov.rs\/sq\/formimi-i-grupit-punues-per-zhvillimin-e-arsimit-te-larte-ne-presheve-dhe-bujanoc\/#breadcrumb"},"inLanguage":"sq-AL","potentialAction":[{"@type":"ReadAction","target":["https:\/\/kt.gov.rs\/sq\/formimi-i-grupit-punues-per-zhvillimin-e-arsimit-te-larte-ne-presheve-dhe-bujanoc\/"]}]},{"@type":"ImageObject","inLanguage":"sq-AL","@id":"https:\/\/kt.gov.rs\/sq\/formimi-i-grupit-punues-per-zhvillimin-e-arsimit-te-larte-ne-presheve-dhe-bujanoc\/#primaryimage","url":"https:\/\/kt.gov.rs\/wp-content\/uploads\/2024\/07\/pic211vesti-5.jpg","contentUrl":"https:\/\/kt.gov.rs\/wp-content\/uploads\/2024\/07\/pic211vesti-5.jpg","width":250,"height":166},{"@type":"BreadcrumbList","@id":"https:\/\/kt.gov.rs\/sq\/formimi-i-grupit-punues-per-zhvillimin-e-arsimit-te-larte-ne-presheve-dhe-bujanoc\/#breadcrumb","itemListElement":[{"@type":"ListItem","position":1,"name":"Po\u010detna","item":"https:\/\/kt.gov.rs\/sq\/"},{"@type":"ListItem","position":2,"name":"FORMIMI I GRUPIT PUNUES P\u00cbR ZHVILLIMIN E ARSIMIT T\u00cb LART\u00cb N\u00cb PRESHEV\u00cb DHE BUJANOC"}]},{"@type":"WebSite","@id":"https:\/\/kt.gov.rs\/#website","url":"https:\/\/kt.gov.rs\/","name":"Koordinaciono telo Vlade Republike Srbije za op\u0161tine Pre\u0161evo, Bujanovac i Medve\u0111a","description":"","publisher":{"@id":"https:\/\/kt.gov.rs\/#organization"},"alternateName":"Koordinaciono telo","potentialAction":[{"@type":"SearchAction","target":{"@type":"EntryPoint","urlTemplate":"https:\/\/kt.gov.rs\/?s={search_term_string}"},"query-input":{"@type":"PropertyValueSpecification","valueRequired":true,"valueName":"search_term_string"}}],"inLanguage":"sq-AL"},{"@type":"Organization","@id":"https:\/\/kt.gov.rs\/#organization","name":"Koordinaciono telo Vlade Republike Srbije za op\u0161tine Pre\u0161evo, Bujanovac i Medve\u0111a","alternateName":"Koordinaciono telo","url":"https:\/\/kt.gov.rs\/","logo":{"@type":"ImageObject","inLanguage":"sq-AL","@id":"https:\/\/kt.gov.rs\/#\/schema\/logo\/image\/","url":"https:\/\/kt.gov.rs\/wp-content\/uploads\/2024\/12\/koord2.jpg","contentUrl":"https:\/\/kt.gov.rs\/wp-content\/uploads\/2024\/12\/koord2.jpg","width":640,"height":480,"caption":"Koordinaciono telo Vlade Republike Srbije za op\u0161tine Pre\u0161evo, Bujanovac i Medve\u0111a"},"image":{"@id":"https:\/\/kt.gov.rs\/#\/schema\/logo\/image\/"},"sameAs":["https:\/\/www.facebook.com\/SluzbaKoordinacionogTelaVladeRepublikeSrbije","https:\/\/x.com\/kt_gov","https:\/\/www.youtube.com\/@koordinacionotelo"]},{"@type":"Person","@id":"https:\/\/kt.gov.rs\/#\/schema\/person\/e426459ddb4173309103390602694571","name":"ktmin","image":{"@type":"ImageObject","inLanguage":"sq-AL","@id":"https:\/\/secure.gravatar.com\/avatar\/3985c961109853010c3fbc7ba30365bfba5db3dd6c525831d9c595c7525a615a?s=96&d=mm&r=g","url":"https:\/\/secure.gravatar.com\/avatar\/3985c961109853010c3fbc7ba30365bfba5db3dd6c525831d9c595c7525a615a?s=96&d=mm&r=g","contentUrl":"https:\/\/secure.gravatar.com\/avatar\/3985c961109853010c3fbc7ba30365bfba5db3dd6c525831d9c595c7525a615a?s=96&d=mm&r=g","caption":"ktmin"},"sameAs":["https:\/\/kt.gov.rs"],"url":"https:\/\/kt.gov.rs\/sq\/author\/ktmin\/"}]}},"_links":{"self":[{"href":"https:\/\/kt.gov.rs\/sq\/wp-json\/wp\/v2\/posts\/142963","targetHints":{"allow":["GET"]}}],"collection":[{"href":"https:\/\/kt.gov.rs\/sq\/wp-json\/wp\/v2\/posts"}],"about":[{"href":"https:\/\/kt.gov.rs\/sq\/wp-json\/wp\/v2\/types\/post"}],"author":[{"embeddable":true,"href":"https:\/\/kt.gov.rs\/sq\/wp-json\/wp\/v2\/users\/1"}],"replies":[{"embeddable":true,"href":"https:\/\/kt.gov.rs\/sq\/wp-json\/wp\/v2\/comments?post=142963"}],"version-history":[{"count":1,"href":"https:\/\/kt.gov.rs\/sq\/wp-json\/wp\/v2\/posts\/142963\/revisions"}],"predecessor-version":[{"id":142967,"href":"https:\/\/kt.gov.rs\/sq\/wp-json\/wp\/v2\/posts\/142963\/revisions\/142967"}],"wp:featuredmedia":[{"embeddable":true,"href":"https:\/\/kt.gov.rs\/sq\/wp-json\/wp\/v2\/media\/142968"}],"wp:attachment":[{"href":"https:\/\/kt.gov.rs\/sq\/wp-json\/wp\/v2\/media?parent=142963"}],"wp:term":[{"taxonomy":"category","embeddable":true,"href":"https:\/\/kt.gov.rs\/sq\/wp-json\/wp\/v2\/categories?post=142963"},{"taxonomy":"post_tag","embeddable":true,"href":"https:\/\/kt.gov.rs\/sq\/wp-json\/wp\/v2\/tags?post=142963"}],"curies":[{"name":"wp","href":"https:\/\/api.w.org\/{rel}","templated":true}]}}