{"id":142962,"date":"2010-03-08T00:00:00","date_gmt":"2010-03-08T00:00:00","guid":{"rendered":"http:\/\/kt.printandscreen.rs\/leter-e-ministrit-milan-markoviq-drejtuar-qytetareve-te-presheves-bujanocit-dhe-medvegjes\/"},"modified":"2010-03-08T00:00:00","modified_gmt":"2010-03-08T00:00:00","slug":"leter-e-ministrit-milan-markoviq-drejtuar-qytetareve-te-presheves-bujanocit-dhe-medvegjes","status":"publish","type":"post","link":"https:\/\/kt.gov.rs\/sq\/leter-e-ministrit-milan-markoviq-drejtuar-qytetareve-te-presheves-bujanocit-dhe-medvegjes\/","title":{"rendered":"LET\u00cbR E MINISTRIT MILAN MARKOVIQ DREJTUAR QYTETAR\u00cbVE T\u00cb PRESHEV\u00cbS, BUJANOCIT DHE MEDVEGJ\u00cbS"},"content":{"rendered":"<p>N\u00eb fund\u00eb t\u00eb shkurtit t\u00eb vitit 2010, kryetari i Trupit Koordinues i Qeveris\u00eb s\u00eb Serbis\u00eb p\u00ebr komunat Preshev\u00eb, Bunajoc dhe Medvegj\u00eb, ka paraqitur raportin t\u00eb gjith\u00eb qytetar\u00ebve t\u00eb Preshev\u00ebs, Bujanocit dhe Medvegj\u00ebs rreth aktiviteteve t\u00eb Trupit Koordinues p\u00ebr vitin e kaluar. Raporti u \u00ebsht\u00eb d\u00ebrguar n\u00eb adresat e t\u00eb gjith\u00eb qytetar\u00ebve n\u00eb t\u00eb tri gjuh\u00ebt, n\u00eb serbisht, shqip dhe n\u00eb gjuh\u00ebn rome.<\/p>\n<p>Duke i potencuar sukseset e arritura n\u00eb vitin 2009, ministri Markoviq p\u00ebrs\u00ebri p\u00ebrmendi kyqjen e s\u00ebrishme t\u00eb p\u00ebrfaq\u00ebsuesve Shqip\u00ebtar\u00eb n\u00eb Trupin Koordinues, pastaj hapjen e paraleleve t\u00eb shkollave t\u00eb larta t\u00eb fakultetit Juridik dhe Ekonomik t\u00eb univezitetit t\u00eb Nishit n\u00eb Medvegj\u00eb me ndihm\u00ebn e ministris\u00eb s\u00eb Arsimit, USAID-it dhe OSBE-s\u00eb si dhe investimin e mbi 300.000.000 dinar\u00ebve n\u00eb projektet infrastrukturore p\u00ebr p\u00ebrforcimin e ekonomis\u00eb n\u00eb Preshev\u00eb, Bujanoc dhe Medvegj\u00eb.<\/p>\n<p>N\u00eb k\u00ebt\u00eb tekst gjithashtu potencohet: ,,P\u00ebr her\u00eb t\u00eb par\u00eb nga formimi i saj\u00eb, Trupi Koordinues vitin e kaluar ka siguruar mjete p\u00ebr projekte rinore, shoq\u00ebri civile si dhe ndihm\u00eb p\u00ebr kategorit\u00eb m\u00eb t\u00eb rrezikuara t\u00eb shoq\u00ebris\u00eb. P\u00ebr k\u00ebto q\u00ebllime kemi investuar m\u00eb tep\u00ebr se 18 milion\u00eb dinar\u00eb. Trupi Koordinues t\u00eb gjith\u00eb nx\u00ebn\u00ebsit\u00a0e klas\u00ebve t\u00eb para t\u00eb cil\u00ebt vijojn\u00eb m\u00ebsimin n\u00eb vitin shkollor\u00eb 2009\/2010 n\u00eb komunat e Preshev\u00ebs, Bujanocit dhe Medvegj\u00ebs u ka dhuruar qanta si dhe mjete shkollore. Kemi ndar\u00eb bursa p\u00ebr 152 nx\u00ebn\u00ebs t\u00eb shkollave t\u00eb mesme-58 nga Presheva, 55 nga Bujanoci si dhe 39 nga Medvegja. Bursist\u00ebt kan\u00eb vizituar Beogradin ku kan\u00eb pasur rastin t\u00eb takohen me kryetarin Boris Tadiq, n\u00eb Kuvendin Republikan t\u00eb Serbis\u00eb me kryetar\u00ebn Slavica Gjukiq Dejanoviq si dhe Kuvendin e qyetit t\u00eb Beogradit. Gjat\u00eb vizit\u00ebs n\u00eb Pallat\u00ebn Srbija q\u00eb \u00ebsht\u00eb organizuar p\u00ebr nder\u00eb t\u00eb nx\u00ebn\u00ebsve, me k\u00ebt\u00eb rast\u00eb kan\u00eb marr\u00eb dhurat\u00eb nga Banka e Serbis\u00eb dhe Telekomi. Me sponzorimin nga ana e Trupit Koordinues, vog\u00eblush\u00ebt nga Bujanoci, Presheva dhe Medvegja kan\u00eb pasur\u00a0rastin t\u00eb p\u00ebrcjellin \u00e7faqjet teatrale ,,Aventuarat e Petar Panit\u2019\u2019 dhe ,,Peqa dhe ujku\u2019\u2019 nd\u00ebrsa nj\u00eb grup prej 14 nx\u00ebn\u00ebsish shqip\u00ebtar\u00eb, serb\u00eb dhe rom\u00eb t\u00eb shkollave t\u00eb mesme kan\u00eb p\u00ebrgatitur \u00e7faqjen ,,Ti dhe Un\u00eb jemi Ne\u2019\u2019 p\u00ebr t\u00eb cil\u00ebn vet\u00eb e kan\u00eb shkruar tekstin mbi jet\u00ebn e tyre n\u00eb Serbin\u00eb jugore duke aktruar secili n\u00eb gjuh\u00ebn e tyre amtare\u2019\u2019.<\/p>\n<p>Nga aktivitetet e Trupit Koordinues, ministri Markoviq n\u00eb letr\u00ebn e tij\u00eb drejtuar qytetar\u00ebve ka potencuar projektin ,,Forcimi i kapaciteteve p\u00ebr zhvillim inkluziv n\u00eb Serbin\u00eb jugore\u2019\u2019, projektin ,,Promovimi mbi ruajtjen e paqes n\u00eb Serbin\u00eb jugore\u2019\u2019 dhe ,, Dit\u00ebt e Ombudspersonit\u2019\u2019 n\u00eb Serbin\u00eb jugore, me t\u00eb cilin \u00ebsht\u00eb paralajm\u00ebruar hapja\u00a0e zyres. Kjo do t\u00eb jet\u00eb zyrja e par\u00eb e ombudspersonit e cila do t\u00eb hapet jasht Beogradit.<\/p>\n<p>Kjo \u00ebsht\u00eb hera e dyt\u00eb q\u00eb kryetari i Trupit Koordinues qytetar\u00ebve t\u00eb Preshev\u00ebs, Bujanocit dhe Medvegj\u00ebs u drejtohet individualisht me let\u00ebr. Pas em\u00ebrimit p\u00ebr kryetar\u00eb t\u00eb Trupit koordinues n\u00eb shtator\u00eb t\u00eb vitit 2008, ministri Milan Markoviq gjithashtu n\u00eb at\u00eb koh\u00eb me let\u00ebr t\u00eb hapur Ju ka paraqitur qytetar\u00ebve q\u00ebllimet dhe planet e Trupit Koordinues.<\/p>\n<p>Letr\u00ebn drejtuar qytetar\u00ebve mund\u00eb ta merrni n\u00eb webfaqen e Trupit Koordinues t\u00eb Qeveris\u00eb s\u00eb Republik\u00ebs s\u00eb Serbis\u00eb p\u00ebr komunat Preshev\u00eb, Bujanoc dhe Medvegj\u00eb n\u00eb: \u00a0<a href=\"http:\/\/www.kt.gov.rs\">www.kt.gov.rs<\/a><\/p>\n<p>\u2013 <a href=\"http:\/\/www.kt.gov.rs\/images\/pismo_gradjanima_ser.pdf\">Pismo ministra Milana  Makovi\u0107a gra\u0111anima op\u0161tina Pre\u0161evo, Bujanovac i Medve\u0111a<\/a><\/p>\n<p>\u2013 <a href=\"http:\/\/www.kt.gov.rs\/images\/pismo_gradjanima_eng2.pdf\">Minister  Milan Markovic\u2019s Letter to Citizens of the Municipalities of Presevo,  Bujanovac and Medvedja<\/a><\/p>\n<p>\u2013 <a href=\"http:\/\/www.kt.gov.rs\/images\/pismo_gradjanima_alb.pdf\">Let\u00ebr e ministrit Milan  Markoviq d\u00ebrguar qytetar\u00ebve t\u00eb komunave Preshev\u00eb, Bujanoc dhe Medvegj\u00eb<\/a><\/p>\n<p>\u2013 <a href=\"http:\/\/www.kt.gov.rs\/images\/pismo_gradjanima_rom.pdf\">Lil katar o ministro  Milan Markovic e manu\u0161endje Pre\u0161evo, Bujanovac thaj Medvedja<\/a><\/p>\n","protected":false},"excerpt":{"rendered":"<p>N\u00eb fund\u00eb t\u00eb shkurtit t\u00eb vitit 2010, kryetari i Trupit Koordinues i Qeveris\u00eb s\u00eb Serbis\u00eb p\u00ebr komunat Preshev\u00eb, Bunajoc dhe Medvegj\u00eb, ka paraqitur raportin t\u00eb gjith\u00eb qytetar\u00ebve t\u00eb Preshev\u00ebs, Bujanocit dhe Medvegj\u00ebs rreth aktiviteteve t\u00eb Trupit Koordinues p\u00ebr vitin e kaluar. Raporti u \u00ebsht\u00eb d\u00ebrguar n\u00eb adresat e t\u00eb gjith\u00eb qytetar\u00ebve n\u00eb t\u00eb tri gjuh\u00ebt, n\u00eb serbisht, shqip dhe n\u00eb gjuh\u00ebn rome.<\/p>\n","protected":false},"author":1,"featured_media":0,"comment_status":"closed","ping_status":"closed","sticky":false,"template":"","format":"standard","meta":{"footnotes":""},"categories":[55],"tags":[],"class_list":["post-142962","post","type-post","status-publish","format-standard","hentry","category-lajme"],"yoast_head":"<!-- This site is optimized with the Yoast SEO plugin v27.5 - https:\/\/yoast.com\/product\/yoast-seo-wordpress\/ -->\n<title>LET\u00cbR E MINISTRIT MILAN MARKOVIQ DREJTUAR QYTETAR\u00cbVE T\u00cb PRESHEV\u00cbS, BUJANOCIT DHE MEDVEGJ\u00cbS - Republika e S\u00ebrbis\u00eb Trupi Koordinues p\u00ebr komunat Bujanoc, Preshev\u00eb dhe Medvegj\u00eb<\/title>\n<meta name=\"robots\" content=\"index, follow, max-snippet:-1, max-image-preview:large, max-video-preview:-1\" \/>\n<link rel=\"canonical\" href=\"https:\/\/kt.gov.rs\/sq\/leter-e-ministrit-milan-markoviq-drejtuar-qytetareve-te-presheves-bujanocit-dhe-medvegjes\/\" \/>\n<meta property=\"og:locale\" content=\"sq_AL\" \/>\n<meta property=\"og:type\" content=\"article\" \/>\n<meta property=\"og:title\" content=\"LET\u00cbR E MINISTRIT MILAN MARKOVIQ DREJTUAR QYTETAR\u00cbVE T\u00cb PRESHEV\u00cbS, BUJANOCIT DHE MEDVEGJ\u00cbS - Republika e S\u00ebrbis\u00eb Trupi Koordinues p\u00ebr komunat Bujanoc, Preshev\u00eb dhe Medvegj\u00eb\" \/>\n<meta property=\"og:description\" content=\"N\u00eb fund\u00eb t\u00eb shkurtit t\u00eb vitit 2010, kryetari i Trupit Koordinues i Qeveris\u00eb s\u00eb Serbis\u00eb p\u00ebr komunat Preshev\u00eb, Bunajoc dhe Medvegj\u00eb, ka paraqitur raportin t\u00eb gjith\u00eb qytetar\u00ebve t\u00eb Preshev\u00ebs, Bujanocit dhe Medvegj\u00ebs rreth aktiviteteve t\u00eb Trupit Koordinues p\u00ebr vitin e kaluar. Raporti u \u00ebsht\u00eb d\u00ebrguar n\u00eb adresat e t\u00eb gjith\u00eb qytetar\u00ebve n\u00eb t\u00eb tri gjuh\u00ebt, n\u00eb serbisht, shqip dhe n\u00eb gjuh\u00ebn rome.\" \/>\n<meta property=\"og:url\" content=\"https:\/\/kt.gov.rs\/sq\/leter-e-ministrit-milan-markoviq-drejtuar-qytetareve-te-presheves-bujanocit-dhe-medvegjes\/\" \/>\n<meta property=\"og:site_name\" content=\"Republika e S\u00ebrbis\u00eb Trupi Koordinues p\u00ebr komunat Bujanoc, Preshev\u00eb dhe Medvegj\u00eb\" \/>\n<meta property=\"article:publisher\" content=\"https:\/\/www.facebook.com\/SluzbaKoordinacionogTelaVladeRepublikeSrbije\" \/>\n<meta property=\"article:published_time\" content=\"2010-03-08T00:00:00+00:00\" \/>\n<meta name=\"author\" content=\"ktmin\" \/>\n<meta name=\"twitter:card\" content=\"summary_large_image\" \/>\n<meta name=\"twitter:creator\" content=\"@kt_gov\" \/>\n<meta name=\"twitter:site\" content=\"@kt_gov\" \/>\n<meta name=\"twitter:label1\" content=\"Written by\" \/>\n\t<meta name=\"twitter:data1\" content=\"ktmin\" \/>\n\t<meta name=\"twitter:label2\" content=\"Est. reading time\" \/>\n\t<meta name=\"twitter:data2\" content=\"3 minutes\" \/>\n<script type=\"application\/ld+json\" class=\"yoast-schema-graph\">{\"@context\":\"https:\\\/\\\/schema.org\",\"@graph\":[{\"@type\":\"Article\",\"@id\":\"https:\\\/\\\/kt.gov.rs\\\/sq\\\/leter-e-ministrit-milan-markoviq-drejtuar-qytetareve-te-presheves-bujanocit-dhe-medvegjes\\\/#article\",\"isPartOf\":{\"@id\":\"https:\\\/\\\/kt.gov.rs\\\/sq\\\/leter-e-ministrit-milan-markoviq-drejtuar-qytetareve-te-presheves-bujanocit-dhe-medvegjes\\\/\"},\"author\":{\"name\":\"ktmin\",\"@id\":\"https:\\\/\\\/kt.gov.rs\\\/#\\\/schema\\\/person\\\/e426459ddb4173309103390602694571\"},\"headline\":\"LET\u00cbR E MINISTRIT MILAN MARKOVIQ DREJTUAR QYTETAR\u00cbVE T\u00cb PRESHEV\u00cbS, BUJANOCIT DHE MEDVEGJ\u00cbS\",\"datePublished\":\"2010-03-08T00:00:00+00:00\",\"mainEntityOfPage\":{\"@id\":\"https:\\\/\\\/kt.gov.rs\\\/sq\\\/leter-e-ministrit-milan-markoviq-drejtuar-qytetareve-te-presheves-bujanocit-dhe-medvegjes\\\/\"},\"wordCount\":667,\"publisher\":{\"@id\":\"https:\\\/\\\/kt.gov.rs\\\/#organization\"},\"articleSection\":[\"Lajme\"],\"inLanguage\":\"sq-AL\"},{\"@type\":\"WebPage\",\"@id\":\"https:\\\/\\\/kt.gov.rs\\\/sq\\\/leter-e-ministrit-milan-markoviq-drejtuar-qytetareve-te-presheves-bujanocit-dhe-medvegjes\\\/\",\"url\":\"https:\\\/\\\/kt.gov.rs\\\/sq\\\/leter-e-ministrit-milan-markoviq-drejtuar-qytetareve-te-presheves-bujanocit-dhe-medvegjes\\\/\",\"name\":\"LET\u00cbR E MINISTRIT MILAN MARKOVIQ DREJTUAR QYTETAR\u00cbVE T\u00cb PRESHEV\u00cbS, BUJANOCIT DHE MEDVEGJ\u00cbS - Republika e S\u00ebrbis\u00eb Trupi Koordinues p\u00ebr komunat Bujanoc, Preshev\u00eb dhe Medvegj\u00eb\",\"isPartOf\":{\"@id\":\"https:\\\/\\\/kt.gov.rs\\\/#website\"},\"datePublished\":\"2010-03-08T00:00:00+00:00\",\"breadcrumb\":{\"@id\":\"https:\\\/\\\/kt.gov.rs\\\/sq\\\/leter-e-ministrit-milan-markoviq-drejtuar-qytetareve-te-presheves-bujanocit-dhe-medvegjes\\\/#breadcrumb\"},\"inLanguage\":\"sq-AL\",\"potentialAction\":[{\"@type\":\"ReadAction\",\"target\":[\"https:\\\/\\\/kt.gov.rs\\\/sq\\\/leter-e-ministrit-milan-markoviq-drejtuar-qytetareve-te-presheves-bujanocit-dhe-medvegjes\\\/\"]}]},{\"@type\":\"BreadcrumbList\",\"@id\":\"https:\\\/\\\/kt.gov.rs\\\/sq\\\/leter-e-ministrit-milan-markoviq-drejtuar-qytetareve-te-presheves-bujanocit-dhe-medvegjes\\\/#breadcrumb\",\"itemListElement\":[{\"@type\":\"ListItem\",\"position\":1,\"name\":\"Po\u010detna\",\"item\":\"https:\\\/\\\/kt.gov.rs\\\/sq\\\/\"},{\"@type\":\"ListItem\",\"position\":2,\"name\":\"LET\u00cbR E MINISTRIT MILAN MARKOVIQ DREJTUAR QYTETAR\u00cbVE T\u00cb PRESHEV\u00cbS, BUJANOCIT DHE MEDVEGJ\u00cbS\"}]},{\"@type\":\"WebSite\",\"@id\":\"https:\\\/\\\/kt.gov.rs\\\/#website\",\"url\":\"https:\\\/\\\/kt.gov.rs\\\/\",\"name\":\"Koordinaciono telo Vlade Republike Srbije za op\u0161tine Pre\u0161evo, Bujanovac i Medve\u0111a\",\"description\":\"\",\"publisher\":{\"@id\":\"https:\\\/\\\/kt.gov.rs\\\/#organization\"},\"alternateName\":\"Koordinaciono telo\",\"potentialAction\":[{\"@type\":\"SearchAction\",\"target\":{\"@type\":\"EntryPoint\",\"urlTemplate\":\"https:\\\/\\\/kt.gov.rs\\\/?s={search_term_string}\"},\"query-input\":{\"@type\":\"PropertyValueSpecification\",\"valueRequired\":true,\"valueName\":\"search_term_string\"}}],\"inLanguage\":\"sq-AL\"},{\"@type\":\"Organization\",\"@id\":\"https:\\\/\\\/kt.gov.rs\\\/#organization\",\"name\":\"Koordinaciono telo Vlade Republike Srbije za op\u0161tine Pre\u0161evo, Bujanovac i Medve\u0111a\",\"alternateName\":\"Koordinaciono telo\",\"url\":\"https:\\\/\\\/kt.gov.rs\\\/\",\"logo\":{\"@type\":\"ImageObject\",\"inLanguage\":\"sq-AL\",\"@id\":\"https:\\\/\\\/kt.gov.rs\\\/#\\\/schema\\\/logo\\\/image\\\/\",\"url\":\"https:\\\/\\\/kt.gov.rs\\\/wp-content\\\/uploads\\\/2024\\\/12\\\/koord2.jpg\",\"contentUrl\":\"https:\\\/\\\/kt.gov.rs\\\/wp-content\\\/uploads\\\/2024\\\/12\\\/koord2.jpg\",\"width\":640,\"height\":480,\"caption\":\"Koordinaciono telo Vlade Republike Srbije za op\u0161tine Pre\u0161evo, Bujanovac i Medve\u0111a\"},\"image\":{\"@id\":\"https:\\\/\\\/kt.gov.rs\\\/#\\\/schema\\\/logo\\\/image\\\/\"},\"sameAs\":[\"https:\\\/\\\/www.facebook.com\\\/SluzbaKoordinacionogTelaVladeRepublikeSrbije\",\"https:\\\/\\\/x.com\\\/kt_gov\",\"https:\\\/\\\/www.youtube.com\\\/@koordinacionotelo\"]},{\"@type\":\"Person\",\"@id\":\"https:\\\/\\\/kt.gov.rs\\\/#\\\/schema\\\/person\\\/e426459ddb4173309103390602694571\",\"name\":\"ktmin\",\"image\":{\"@type\":\"ImageObject\",\"inLanguage\":\"sq-AL\",\"@id\":\"https:\\\/\\\/secure.gravatar.com\\\/avatar\\\/3985c961109853010c3fbc7ba30365bfba5db3dd6c525831d9c595c7525a615a?s=96&d=mm&r=g\",\"url\":\"https:\\\/\\\/secure.gravatar.com\\\/avatar\\\/3985c961109853010c3fbc7ba30365bfba5db3dd6c525831d9c595c7525a615a?s=96&d=mm&r=g\",\"contentUrl\":\"https:\\\/\\\/secure.gravatar.com\\\/avatar\\\/3985c961109853010c3fbc7ba30365bfba5db3dd6c525831d9c595c7525a615a?s=96&d=mm&r=g\",\"caption\":\"ktmin\"},\"sameAs\":[\"https:\\\/\\\/kt.gov.rs\"],\"url\":\"https:\\\/\\\/kt.gov.rs\\\/sq\\\/author\\\/ktmin\\\/\"}]}<\/script>\n<!-- \/ Yoast SEO plugin. -->","yoast_head_json":{"title":"LET\u00cbR E MINISTRIT MILAN MARKOVIQ DREJTUAR QYTETAR\u00cbVE T\u00cb PRESHEV\u00cbS, BUJANOCIT DHE MEDVEGJ\u00cbS - Republika e S\u00ebrbis\u00eb Trupi Koordinues p\u00ebr komunat Bujanoc, Preshev\u00eb dhe Medvegj\u00eb","robots":{"index":"index","follow":"follow","max-snippet":"max-snippet:-1","max-image-preview":"max-image-preview:large","max-video-preview":"max-video-preview:-1"},"canonical":"https:\/\/kt.gov.rs\/sq\/leter-e-ministrit-milan-markoviq-drejtuar-qytetareve-te-presheves-bujanocit-dhe-medvegjes\/","og_locale":"sq_AL","og_type":"article","og_title":"LET\u00cbR E MINISTRIT MILAN MARKOVIQ DREJTUAR QYTETAR\u00cbVE T\u00cb PRESHEV\u00cbS, BUJANOCIT DHE MEDVEGJ\u00cbS - Republika e S\u00ebrbis\u00eb Trupi Koordinues p\u00ebr komunat Bujanoc, Preshev\u00eb dhe Medvegj\u00eb","og_description":"N\u00eb fund\u00eb t\u00eb shkurtit t\u00eb vitit 2010, kryetari i Trupit Koordinues i Qeveris\u00eb s\u00eb Serbis\u00eb p\u00ebr komunat Preshev\u00eb, Bunajoc dhe Medvegj\u00eb, ka paraqitur raportin t\u00eb gjith\u00eb qytetar\u00ebve t\u00eb Preshev\u00ebs, Bujanocit dhe Medvegj\u00ebs rreth aktiviteteve t\u00eb Trupit Koordinues p\u00ebr vitin e kaluar. Raporti u \u00ebsht\u00eb d\u00ebrguar n\u00eb adresat e t\u00eb gjith\u00eb qytetar\u00ebve n\u00eb t\u00eb tri gjuh\u00ebt, n\u00eb serbisht, shqip dhe n\u00eb gjuh\u00ebn rome.","og_url":"https:\/\/kt.gov.rs\/sq\/leter-e-ministrit-milan-markoviq-drejtuar-qytetareve-te-presheves-bujanocit-dhe-medvegjes\/","og_site_name":"Republika e S\u00ebrbis\u00eb Trupi Koordinues p\u00ebr komunat Bujanoc, Preshev\u00eb dhe Medvegj\u00eb","article_publisher":"https:\/\/www.facebook.com\/SluzbaKoordinacionogTelaVladeRepublikeSrbije","article_published_time":"2010-03-08T00:00:00+00:00","author":"ktmin","twitter_card":"summary_large_image","twitter_creator":"@kt_gov","twitter_site":"@kt_gov","twitter_misc":{"Written by":"ktmin","Est. reading time":"3 minutes"},"schema":{"@context":"https:\/\/schema.org","@graph":[{"@type":"Article","@id":"https:\/\/kt.gov.rs\/sq\/leter-e-ministrit-milan-markoviq-drejtuar-qytetareve-te-presheves-bujanocit-dhe-medvegjes\/#article","isPartOf":{"@id":"https:\/\/kt.gov.rs\/sq\/leter-e-ministrit-milan-markoviq-drejtuar-qytetareve-te-presheves-bujanocit-dhe-medvegjes\/"},"author":{"name":"ktmin","@id":"https:\/\/kt.gov.rs\/#\/schema\/person\/e426459ddb4173309103390602694571"},"headline":"LET\u00cbR E MINISTRIT MILAN MARKOVIQ DREJTUAR QYTETAR\u00cbVE T\u00cb PRESHEV\u00cbS, BUJANOCIT DHE MEDVEGJ\u00cbS","datePublished":"2010-03-08T00:00:00+00:00","mainEntityOfPage":{"@id":"https:\/\/kt.gov.rs\/sq\/leter-e-ministrit-milan-markoviq-drejtuar-qytetareve-te-presheves-bujanocit-dhe-medvegjes\/"},"wordCount":667,"publisher":{"@id":"https:\/\/kt.gov.rs\/#organization"},"articleSection":["Lajme"],"inLanguage":"sq-AL"},{"@type":"WebPage","@id":"https:\/\/kt.gov.rs\/sq\/leter-e-ministrit-milan-markoviq-drejtuar-qytetareve-te-presheves-bujanocit-dhe-medvegjes\/","url":"https:\/\/kt.gov.rs\/sq\/leter-e-ministrit-milan-markoviq-drejtuar-qytetareve-te-presheves-bujanocit-dhe-medvegjes\/","name":"LET\u00cbR E MINISTRIT MILAN MARKOVIQ DREJTUAR QYTETAR\u00cbVE T\u00cb PRESHEV\u00cbS, BUJANOCIT DHE MEDVEGJ\u00cbS - Republika e S\u00ebrbis\u00eb Trupi Koordinues p\u00ebr komunat Bujanoc, Preshev\u00eb dhe Medvegj\u00eb","isPartOf":{"@id":"https:\/\/kt.gov.rs\/#website"},"datePublished":"2010-03-08T00:00:00+00:00","breadcrumb":{"@id":"https:\/\/kt.gov.rs\/sq\/leter-e-ministrit-milan-markoviq-drejtuar-qytetareve-te-presheves-bujanocit-dhe-medvegjes\/#breadcrumb"},"inLanguage":"sq-AL","potentialAction":[{"@type":"ReadAction","target":["https:\/\/kt.gov.rs\/sq\/leter-e-ministrit-milan-markoviq-drejtuar-qytetareve-te-presheves-bujanocit-dhe-medvegjes\/"]}]},{"@type":"BreadcrumbList","@id":"https:\/\/kt.gov.rs\/sq\/leter-e-ministrit-milan-markoviq-drejtuar-qytetareve-te-presheves-bujanocit-dhe-medvegjes\/#breadcrumb","itemListElement":[{"@type":"ListItem","position":1,"name":"Po\u010detna","item":"https:\/\/kt.gov.rs\/sq\/"},{"@type":"ListItem","position":2,"name":"LET\u00cbR E MINISTRIT MILAN MARKOVIQ DREJTUAR QYTETAR\u00cbVE T\u00cb PRESHEV\u00cbS, BUJANOCIT DHE MEDVEGJ\u00cbS"}]},{"@type":"WebSite","@id":"https:\/\/kt.gov.rs\/#website","url":"https:\/\/kt.gov.rs\/","name":"Koordinaciono telo Vlade Republike Srbije za op\u0161tine Pre\u0161evo, Bujanovac i Medve\u0111a","description":"","publisher":{"@id":"https:\/\/kt.gov.rs\/#organization"},"alternateName":"Koordinaciono telo","potentialAction":[{"@type":"SearchAction","target":{"@type":"EntryPoint","urlTemplate":"https:\/\/kt.gov.rs\/?s={search_term_string}"},"query-input":{"@type":"PropertyValueSpecification","valueRequired":true,"valueName":"search_term_string"}}],"inLanguage":"sq-AL"},{"@type":"Organization","@id":"https:\/\/kt.gov.rs\/#organization","name":"Koordinaciono telo Vlade Republike Srbije za op\u0161tine Pre\u0161evo, Bujanovac i Medve\u0111a","alternateName":"Koordinaciono telo","url":"https:\/\/kt.gov.rs\/","logo":{"@type":"ImageObject","inLanguage":"sq-AL","@id":"https:\/\/kt.gov.rs\/#\/schema\/logo\/image\/","url":"https:\/\/kt.gov.rs\/wp-content\/uploads\/2024\/12\/koord2.jpg","contentUrl":"https:\/\/kt.gov.rs\/wp-content\/uploads\/2024\/12\/koord2.jpg","width":640,"height":480,"caption":"Koordinaciono telo Vlade Republike Srbije za op\u0161tine Pre\u0161evo, Bujanovac i Medve\u0111a"},"image":{"@id":"https:\/\/kt.gov.rs\/#\/schema\/logo\/image\/"},"sameAs":["https:\/\/www.facebook.com\/SluzbaKoordinacionogTelaVladeRepublikeSrbije","https:\/\/x.com\/kt_gov","https:\/\/www.youtube.com\/@koordinacionotelo"]},{"@type":"Person","@id":"https:\/\/kt.gov.rs\/#\/schema\/person\/e426459ddb4173309103390602694571","name":"ktmin","image":{"@type":"ImageObject","inLanguage":"sq-AL","@id":"https:\/\/secure.gravatar.com\/avatar\/3985c961109853010c3fbc7ba30365bfba5db3dd6c525831d9c595c7525a615a?s=96&d=mm&r=g","url":"https:\/\/secure.gravatar.com\/avatar\/3985c961109853010c3fbc7ba30365bfba5db3dd6c525831d9c595c7525a615a?s=96&d=mm&r=g","contentUrl":"https:\/\/secure.gravatar.com\/avatar\/3985c961109853010c3fbc7ba30365bfba5db3dd6c525831d9c595c7525a615a?s=96&d=mm&r=g","caption":"ktmin"},"sameAs":["https:\/\/kt.gov.rs"],"url":"https:\/\/kt.gov.rs\/sq\/author\/ktmin\/"}]}},"_links":{"self":[{"href":"https:\/\/kt.gov.rs\/sq\/wp-json\/wp\/v2\/posts\/142962","targetHints":{"allow":["GET"]}}],"collection":[{"href":"https:\/\/kt.gov.rs\/sq\/wp-json\/wp\/v2\/posts"}],"about":[{"href":"https:\/\/kt.gov.rs\/sq\/wp-json\/wp\/v2\/types\/post"}],"author":[{"embeddable":true,"href":"https:\/\/kt.gov.rs\/sq\/wp-json\/wp\/v2\/users\/1"}],"replies":[{"embeddable":true,"href":"https:\/\/kt.gov.rs\/sq\/wp-json\/wp\/v2\/comments?post=142962"}],"version-history":[{"count":0,"href":"https:\/\/kt.gov.rs\/sq\/wp-json\/wp\/v2\/posts\/142962\/revisions"}],"wp:attachment":[{"href":"https:\/\/kt.gov.rs\/sq\/wp-json\/wp\/v2\/media?parent=142962"}],"wp:term":[{"taxonomy":"category","embeddable":true,"href":"https:\/\/kt.gov.rs\/sq\/wp-json\/wp\/v2\/categories?post=142962"},{"taxonomy":"post_tag","embeddable":true,"href":"https:\/\/kt.gov.rs\/sq\/wp-json\/wp\/v2\/tags?post=142962"}],"curies":[{"name":"wp","href":"https:\/\/api.w.org\/{rel}","templated":true}]}}