{"id":142950,"date":"2010-03-12T00:00:00","date_gmt":"2010-03-12T00:00:00","guid":{"rendered":"http:\/\/kt.printandscreen.rs\/nenkryetari-i-qeverise-se-shqiperise-ilir-meta-ne-serbine-jugore-diskriminimi-eshte-e-kaluar\/"},"modified":"2024-07-30T20:23:13","modified_gmt":"2024-07-30T20:23:13","slug":"nenkryetari-i-qeverise-se-shqiperise-ilir-meta-ne-serbine-jugore-diskriminimi-eshte-e-kaluar","status":"publish","type":"post","link":"https:\/\/kt.gov.rs\/sq\/nenkryetari-i-qeverise-se-shqiperise-ilir-meta-ne-serbine-jugore-diskriminimi-eshte-e-kaluar\/","title":{"rendered":"N\u00cbNKRYETARI I QEVERIS\u00cb S\u00cb SHQIP\u00cbRIS\u00cb ILIR META N\u00cb SERBIN\u00cb JUGORE: DISKRIMINIMI \u00cbSHT\u00cb E KALUAR"},"content":{"rendered":"<p><img decoding=\"async\" align=\"left\" src=\"https:\/\/kt.gov.rs\/wp-content\/uploads\/2024\/07\/pic231vesti-4.jpg\" alt=\"\" \/>Nikoqir i n\u00ebnkryetarit t\u00eb Qeveris\u00eb dhe ministrit t\u00eb pun\u00ebve t\u00eb jashtme t\u00eb Shqip\u00ebris\u00eb Ilir Met\u00ebs gjat\u00eb dit\u00ebs s\u00eb dyt\u00eb t\u00eb vizit\u00ebs s\u00eb tij\u00eb Serbis\u00eb, ka qen\u00eb kryetari i Trupit Koordinues p\u00ebr komunat Preshev\u00eb, Bujanoc dhe Medvegj\u00eb dhe minist\u00ebr i pushtetit lokal dhe i vet\u00ebqeverisjes lokale Milan Markoviq. Ata n\u00eb Preshev\u00eb jan\u00eb takuar me kryetarin e komun\u00ebs Ragmi Mustafa dhe kryetarin e kuvendit komunal Sk\u00ebnder Destanin. Me k\u00ebt\u00eb rast\u00eb kryeshefi i diplomacis\u00eb s\u00eb Shqip\u00ebris\u00eb Ilir Meta theksoi se vizita e tij\u00eb n\u00eb Rpublik\u00ebn e Serbis\u00eb \u00ebsht\u00eb historike dhe se ai \u00ebsht\u00eb zyrtari i par\u00eb Shqip\u00ebtar\u00eb i cili ka vizituar Serbin\u00eb pas pranimit t\u00eb Kosov\u00ebs si shtet i pavarur nga ana e Shqip\u00ebris\u00eb. Ai theksoi se periudha e e diskriminimit etnik n\u00eb Serbin\u00eb jugore \u00ebsht\u00eb nj\u00eb e kaluar, dhe ftoi Shqip\u00ebtar\u00ebt q\u00eb t\u00eb bashk\u00ebpunojn\u00eb me Qeverin\u00eb e Serbis\u00eb n\u00eb p\u00ebrmir\u00ebsimin e t\u00eb drejtave t\u00eb tyre duke theksuar se formimi i K\u00ebshillit Nacional Shqip\u00ebtar\u00eb \u00ebsht\u00eb me r\u00ebnd\u00ebsit\u00eb t\u00eb veqant. Meta theksoi se do t\u2019i stimuloj\u00eb investitor\u00ebt shqip\u00ebtar\u00eb q\u00eb t\u00eb investojn\u00eb n\u00eb Preshev\u00eb, Bujanoc dhe Medvegj\u00eb dhe n\u00eb bashk\u00ebpunimin n\u00eb mes t\u00eb Serbis\u00eb dhe Shqip\u00ebris\u00eb posaq\u00ebrisht n\u00eb involvimin e Shqip\u00ebris\u00eb n\u00eb projektet e Qeveris\u00eb s\u00eb Serbis\u00eb p\u00ebr komunat Preshev\u00eb, Bujanoc dhe Medvegj\u00eb t\u00eb cilat realizohen p\u00ebrmes trupit Koordinues.<\/p>\n<p><img decoding=\"async\" align=\"right\" src=\"https:\/\/kt.gov.rs\/wp-content\/uploads\/2024\/07\/pic232vesti-2.jpg\" alt=\"\" \/>Kryetari i Trupit koordinues p\u00ebr komunat Preshev\u00eb, Bujanoc dhe Medvegj\u00eb ministri Milan Markoviq ra dakord se kjo vizit\u00eb \u00ebsht\u00eb historike p\u00ebr arsye se Ilir Meta \u00ebsht\u00eb zyrtari i par\u00eb Shqip\u00ebtar\u00eb i cili ka vizituar Serbin\u00eb jugore, gj\u00eb e cila tregon qart\u00eb normailizimin e mar\u00ebdh\u00ebnieve t\u00eb Shqip\u00ebris\u00eb dhe Serbis\u00eb. Markoviq theksoi se \u00ebsht\u00eb shum\u00eb me r\u00ebnd\u00ebsi q\u00eb n\u00ebnkryetari i Qeveris\u00eb shqip\u00ebtare personalisht \u00ebsht\u00eb bindur me situat\u00ebn q\u00eb mbret\u00ebron n\u00eb k\u00ebto komuna t\u00eb Serbis\u00eb jugore dhe se ka par\u00eb p\u00ebrpjekjet e Qeveris\u00eb s\u00eb Republik\u00ebs s\u00eb Serbis\u00eb n\u00eb p\u00ebrmir\u00ebsimin e gjendjes s\u00eb pakic\u00ebs shqip\u00ebtare n\u00eb Serbi.<\/p>\n","protected":false},"excerpt":{"rendered":"<p>Nikoqir i n\u00ebnkryetarit t\u00eb Qeveris\u00eb dhe ministrit t\u00eb pun\u00ebve t\u00eb jashtme t\u00eb  Shqip\u00ebris\u00eb Ilir Met\u00ebs gjat\u00eb dit\u00ebs s\u00eb dyt\u00eb t\u00eb vizit\u00ebs s\u00eb tij\u00eb Serbis\u00eb,  ka qen\u00eb kryetari i Trupit Koordinues p\u00ebr komunat Preshev\u00eb, Bujanoc dhe  Medvegj\u00eb dhe minist\u00ebr i pushtetit lokal dhe i vet\u00ebqeverisjes lokale  Milan Markoviq. Ata n\u00eb Preshev\u00eb jan\u00eb takuar me kryetarin e komun\u00ebs Ragmi  Mustafa dhe kryetarin e kuvendit komunal Sk\u00ebnder Destanin.<\/p>\n","protected":false},"author":1,"featured_media":142958,"comment_status":"closed","ping_status":"closed","sticky":false,"template":"","format":"standard","meta":{"footnotes":""},"categories":[55],"tags":[],"class_list":["post-142950","post","type-post","status-publish","format-standard","has-post-thumbnail","hentry","category-lajme"],"yoast_head":"<!-- This site is optimized with the Yoast SEO plugin v27.5 - https:\/\/yoast.com\/product\/yoast-seo-wordpress\/ -->\n<title>N\u00cbNKRYETARI I QEVERIS\u00cb S\u00cb SHQIP\u00cbRIS\u00cb ILIR META N\u00cb SERBIN\u00cb JUGORE: DISKRIMINIMI \u00cbSHT\u00cb E KALUAR - Republika e S\u00ebrbis\u00eb Trupi Koordinues p\u00ebr komunat Bujanoc, Preshev\u00eb dhe Medvegj\u00eb<\/title>\n<meta name=\"robots\" content=\"index, follow, max-snippet:-1, max-image-preview:large, max-video-preview:-1\" \/>\n<link rel=\"canonical\" href=\"https:\/\/kt.gov.rs\/sq\/nenkryetari-i-qeverise-se-shqiperise-ilir-meta-ne-serbine-jugore-diskriminimi-eshte-e-kaluar\/\" \/>\n<meta property=\"og:locale\" content=\"sq_AL\" \/>\n<meta property=\"og:type\" content=\"article\" \/>\n<meta property=\"og:title\" content=\"N\u00cbNKRYETARI I QEVERIS\u00cb S\u00cb SHQIP\u00cbRIS\u00cb ILIR META N\u00cb SERBIN\u00cb JUGORE: DISKRIMINIMI \u00cbSHT\u00cb E KALUAR - Republika e S\u00ebrbis\u00eb Trupi Koordinues p\u00ebr komunat Bujanoc, Preshev\u00eb dhe Medvegj\u00eb\" \/>\n<meta property=\"og:description\" content=\"Nikoqir i n\u00ebnkryetarit t\u00eb Qeveris\u00eb dhe ministrit t\u00eb pun\u00ebve t\u00eb jashtme t\u00eb Shqip\u00ebris\u00eb Ilir Met\u00ebs gjat\u00eb dit\u00ebs s\u00eb dyt\u00eb t\u00eb vizit\u00ebs s\u00eb tij\u00eb Serbis\u00eb, ka qen\u00eb kryetari i Trupit Koordinues p\u00ebr komunat Preshev\u00eb, Bujanoc dhe Medvegj\u00eb dhe minist\u00ebr i pushtetit lokal dhe i vet\u00ebqeverisjes lokale Milan Markoviq. Ata n\u00eb Preshev\u00eb jan\u00eb takuar me kryetarin e komun\u00ebs Ragmi Mustafa dhe kryetarin e kuvendit komunal Sk\u00ebnder Destanin.\" \/>\n<meta property=\"og:url\" content=\"https:\/\/kt.gov.rs\/sq\/nenkryetari-i-qeverise-se-shqiperise-ilir-meta-ne-serbine-jugore-diskriminimi-eshte-e-kaluar\/\" \/>\n<meta property=\"og:site_name\" content=\"Republika e S\u00ebrbis\u00eb Trupi Koordinues p\u00ebr komunat Bujanoc, Preshev\u00eb dhe Medvegj\u00eb\" \/>\n<meta property=\"article:publisher\" content=\"https:\/\/www.facebook.com\/SluzbaKoordinacionogTelaVladeRepublikeSrbije\" \/>\n<meta property=\"article:published_time\" content=\"2010-03-12T00:00:00+00:00\" \/>\n<meta property=\"article:modified_time\" content=\"2024-07-30T20:23:13+00:00\" \/>\n<meta property=\"og:image\" content=\"https:\/\/kt.gov.rs\/wp-content\/uploads\/2024\/07\/pic231vesti-5.jpg\" \/>\n\t<meta property=\"og:image:width\" content=\"250\" \/>\n\t<meta property=\"og:image:height\" content=\"166\" \/>\n\t<meta property=\"og:image:type\" content=\"image\/jpeg\" \/>\n<meta name=\"author\" content=\"ktmin\" \/>\n<meta name=\"twitter:card\" content=\"summary_large_image\" \/>\n<meta name=\"twitter:creator\" content=\"@kt_gov\" \/>\n<meta name=\"twitter:site\" content=\"@kt_gov\" \/>\n<meta name=\"twitter:label1\" content=\"Written by\" \/>\n\t<meta name=\"twitter:data1\" content=\"ktmin\" \/>\n\t<meta name=\"twitter:label2\" content=\"Est. reading time\" \/>\n\t<meta name=\"twitter:data2\" content=\"2 minutes\" \/>\n<script type=\"application\/ld+json\" class=\"yoast-schema-graph\">{\"@context\":\"https:\\\/\\\/schema.org\",\"@graph\":[{\"@type\":\"Article\",\"@id\":\"https:\\\/\\\/kt.gov.rs\\\/sq\\\/nenkryetari-i-qeverise-se-shqiperise-ilir-meta-ne-serbine-jugore-diskriminimi-eshte-e-kaluar\\\/#article\",\"isPartOf\":{\"@id\":\"https:\\\/\\\/kt.gov.rs\\\/sq\\\/nenkryetari-i-qeverise-se-shqiperise-ilir-meta-ne-serbine-jugore-diskriminimi-eshte-e-kaluar\\\/\"},\"author\":{\"name\":\"ktmin\",\"@id\":\"https:\\\/\\\/kt.gov.rs\\\/#\\\/schema\\\/person\\\/e426459ddb4173309103390602694571\"},\"headline\":\"N\u00cbNKRYETARI I QEVERIS\u00cb S\u00cb SHQIP\u00cbRIS\u00cb ILIR META N\u00cb SERBIN\u00cb JUGORE: DISKRIMINIMI \u00cbSHT\u00cb E KALUAR\",\"datePublished\":\"2010-03-12T00:00:00+00:00\",\"dateModified\":\"2024-07-30T20:23:13+00:00\",\"mainEntityOfPage\":{\"@id\":\"https:\\\/\\\/kt.gov.rs\\\/sq\\\/nenkryetari-i-qeverise-se-shqiperise-ilir-meta-ne-serbine-jugore-diskriminimi-eshte-e-kaluar\\\/\"},\"wordCount\":368,\"publisher\":{\"@id\":\"https:\\\/\\\/kt.gov.rs\\\/#organization\"},\"image\":{\"@id\":\"https:\\\/\\\/kt.gov.rs\\\/sq\\\/nenkryetari-i-qeverise-se-shqiperise-ilir-meta-ne-serbine-jugore-diskriminimi-eshte-e-kaluar\\\/#primaryimage\"},\"thumbnailUrl\":\"https:\\\/\\\/kt.gov.rs\\\/wp-content\\\/uploads\\\/2024\\\/07\\\/pic231vesti-5.jpg\",\"articleSection\":[\"Lajme\"],\"inLanguage\":\"sq-AL\"},{\"@type\":\"WebPage\",\"@id\":\"https:\\\/\\\/kt.gov.rs\\\/sq\\\/nenkryetari-i-qeverise-se-shqiperise-ilir-meta-ne-serbine-jugore-diskriminimi-eshte-e-kaluar\\\/\",\"url\":\"https:\\\/\\\/kt.gov.rs\\\/sq\\\/nenkryetari-i-qeverise-se-shqiperise-ilir-meta-ne-serbine-jugore-diskriminimi-eshte-e-kaluar\\\/\",\"name\":\"N\u00cbNKRYETARI I QEVERIS\u00cb S\u00cb SHQIP\u00cbRIS\u00cb ILIR META N\u00cb SERBIN\u00cb JUGORE: DISKRIMINIMI \u00cbSHT\u00cb E KALUAR - Republika e S\u00ebrbis\u00eb Trupi Koordinues p\u00ebr komunat Bujanoc, Preshev\u00eb dhe Medvegj\u00eb\",\"isPartOf\":{\"@id\":\"https:\\\/\\\/kt.gov.rs\\\/#website\"},\"primaryImageOfPage\":{\"@id\":\"https:\\\/\\\/kt.gov.rs\\\/sq\\\/nenkryetari-i-qeverise-se-shqiperise-ilir-meta-ne-serbine-jugore-diskriminimi-eshte-e-kaluar\\\/#primaryimage\"},\"image\":{\"@id\":\"https:\\\/\\\/kt.gov.rs\\\/sq\\\/nenkryetari-i-qeverise-se-shqiperise-ilir-meta-ne-serbine-jugore-diskriminimi-eshte-e-kaluar\\\/#primaryimage\"},\"thumbnailUrl\":\"https:\\\/\\\/kt.gov.rs\\\/wp-content\\\/uploads\\\/2024\\\/07\\\/pic231vesti-5.jpg\",\"datePublished\":\"2010-03-12T00:00:00+00:00\",\"dateModified\":\"2024-07-30T20:23:13+00:00\",\"breadcrumb\":{\"@id\":\"https:\\\/\\\/kt.gov.rs\\\/sq\\\/nenkryetari-i-qeverise-se-shqiperise-ilir-meta-ne-serbine-jugore-diskriminimi-eshte-e-kaluar\\\/#breadcrumb\"},\"inLanguage\":\"sq-AL\",\"potentialAction\":[{\"@type\":\"ReadAction\",\"target\":[\"https:\\\/\\\/kt.gov.rs\\\/sq\\\/nenkryetari-i-qeverise-se-shqiperise-ilir-meta-ne-serbine-jugore-diskriminimi-eshte-e-kaluar\\\/\"]}]},{\"@type\":\"ImageObject\",\"inLanguage\":\"sq-AL\",\"@id\":\"https:\\\/\\\/kt.gov.rs\\\/sq\\\/nenkryetari-i-qeverise-se-shqiperise-ilir-meta-ne-serbine-jugore-diskriminimi-eshte-e-kaluar\\\/#primaryimage\",\"url\":\"https:\\\/\\\/kt.gov.rs\\\/wp-content\\\/uploads\\\/2024\\\/07\\\/pic231vesti-5.jpg\",\"contentUrl\":\"https:\\\/\\\/kt.gov.rs\\\/wp-content\\\/uploads\\\/2024\\\/07\\\/pic231vesti-5.jpg\",\"width\":250,\"height\":166},{\"@type\":\"BreadcrumbList\",\"@id\":\"https:\\\/\\\/kt.gov.rs\\\/sq\\\/nenkryetari-i-qeverise-se-shqiperise-ilir-meta-ne-serbine-jugore-diskriminimi-eshte-e-kaluar\\\/#breadcrumb\",\"itemListElement\":[{\"@type\":\"ListItem\",\"position\":1,\"name\":\"Po\u010detna\",\"item\":\"https:\\\/\\\/kt.gov.rs\\\/sq\\\/\"},{\"@type\":\"ListItem\",\"position\":2,\"name\":\"N\u00cbNKRYETARI I QEVERIS\u00cb S\u00cb SHQIP\u00cbRIS\u00cb ILIR META N\u00cb SERBIN\u00cb JUGORE: DISKRIMINIMI \u00cbSHT\u00cb E KALUAR\"}]},{\"@type\":\"WebSite\",\"@id\":\"https:\\\/\\\/kt.gov.rs\\\/#website\",\"url\":\"https:\\\/\\\/kt.gov.rs\\\/\",\"name\":\"Koordinaciono telo Vlade Republike Srbije za op\u0161tine Pre\u0161evo, Bujanovac i Medve\u0111a\",\"description\":\"\",\"publisher\":{\"@id\":\"https:\\\/\\\/kt.gov.rs\\\/#organization\"},\"alternateName\":\"Koordinaciono telo\",\"potentialAction\":[{\"@type\":\"SearchAction\",\"target\":{\"@type\":\"EntryPoint\",\"urlTemplate\":\"https:\\\/\\\/kt.gov.rs\\\/?s={search_term_string}\"},\"query-input\":{\"@type\":\"PropertyValueSpecification\",\"valueRequired\":true,\"valueName\":\"search_term_string\"}}],\"inLanguage\":\"sq-AL\"},{\"@type\":\"Organization\",\"@id\":\"https:\\\/\\\/kt.gov.rs\\\/#organization\",\"name\":\"Koordinaciono telo Vlade Republike Srbije za op\u0161tine Pre\u0161evo, Bujanovac i Medve\u0111a\",\"alternateName\":\"Koordinaciono telo\",\"url\":\"https:\\\/\\\/kt.gov.rs\\\/\",\"logo\":{\"@type\":\"ImageObject\",\"inLanguage\":\"sq-AL\",\"@id\":\"https:\\\/\\\/kt.gov.rs\\\/#\\\/schema\\\/logo\\\/image\\\/\",\"url\":\"https:\\\/\\\/kt.gov.rs\\\/wp-content\\\/uploads\\\/2024\\\/12\\\/koord2.jpg\",\"contentUrl\":\"https:\\\/\\\/kt.gov.rs\\\/wp-content\\\/uploads\\\/2024\\\/12\\\/koord2.jpg\",\"width\":640,\"height\":480,\"caption\":\"Koordinaciono telo Vlade Republike Srbije za op\u0161tine Pre\u0161evo, Bujanovac i Medve\u0111a\"},\"image\":{\"@id\":\"https:\\\/\\\/kt.gov.rs\\\/#\\\/schema\\\/logo\\\/image\\\/\"},\"sameAs\":[\"https:\\\/\\\/www.facebook.com\\\/SluzbaKoordinacionogTelaVladeRepublikeSrbije\",\"https:\\\/\\\/x.com\\\/kt_gov\",\"https:\\\/\\\/www.youtube.com\\\/@koordinacionotelo\"]},{\"@type\":\"Person\",\"@id\":\"https:\\\/\\\/kt.gov.rs\\\/#\\\/schema\\\/person\\\/e426459ddb4173309103390602694571\",\"name\":\"ktmin\",\"image\":{\"@type\":\"ImageObject\",\"inLanguage\":\"sq-AL\",\"@id\":\"https:\\\/\\\/secure.gravatar.com\\\/avatar\\\/3985c961109853010c3fbc7ba30365bfba5db3dd6c525831d9c595c7525a615a?s=96&d=mm&r=g\",\"url\":\"https:\\\/\\\/secure.gravatar.com\\\/avatar\\\/3985c961109853010c3fbc7ba30365bfba5db3dd6c525831d9c595c7525a615a?s=96&d=mm&r=g\",\"contentUrl\":\"https:\\\/\\\/secure.gravatar.com\\\/avatar\\\/3985c961109853010c3fbc7ba30365bfba5db3dd6c525831d9c595c7525a615a?s=96&d=mm&r=g\",\"caption\":\"ktmin\"},\"sameAs\":[\"https:\\\/\\\/kt.gov.rs\"],\"url\":\"https:\\\/\\\/kt.gov.rs\\\/sq\\\/author\\\/ktmin\\\/\"}]}<\/script>\n<!-- \/ Yoast SEO plugin. -->","yoast_head_json":{"title":"N\u00cbNKRYETARI I QEVERIS\u00cb S\u00cb SHQIP\u00cbRIS\u00cb ILIR META N\u00cb SERBIN\u00cb JUGORE: DISKRIMINIMI \u00cbSHT\u00cb E KALUAR - Republika e S\u00ebrbis\u00eb Trupi Koordinues p\u00ebr komunat Bujanoc, Preshev\u00eb dhe Medvegj\u00eb","robots":{"index":"index","follow":"follow","max-snippet":"max-snippet:-1","max-image-preview":"max-image-preview:large","max-video-preview":"max-video-preview:-1"},"canonical":"https:\/\/kt.gov.rs\/sq\/nenkryetari-i-qeverise-se-shqiperise-ilir-meta-ne-serbine-jugore-diskriminimi-eshte-e-kaluar\/","og_locale":"sq_AL","og_type":"article","og_title":"N\u00cbNKRYETARI I QEVERIS\u00cb S\u00cb SHQIP\u00cbRIS\u00cb ILIR META N\u00cb SERBIN\u00cb JUGORE: DISKRIMINIMI \u00cbSHT\u00cb E KALUAR - Republika e S\u00ebrbis\u00eb Trupi Koordinues p\u00ebr komunat Bujanoc, Preshev\u00eb dhe Medvegj\u00eb","og_description":"Nikoqir i n\u00ebnkryetarit t\u00eb Qeveris\u00eb dhe ministrit t\u00eb pun\u00ebve t\u00eb jashtme t\u00eb Shqip\u00ebris\u00eb Ilir Met\u00ebs gjat\u00eb dit\u00ebs s\u00eb dyt\u00eb t\u00eb vizit\u00ebs s\u00eb tij\u00eb Serbis\u00eb, ka qen\u00eb kryetari i Trupit Koordinues p\u00ebr komunat Preshev\u00eb, Bujanoc dhe Medvegj\u00eb dhe minist\u00ebr i pushtetit lokal dhe i vet\u00ebqeverisjes lokale Milan Markoviq. Ata n\u00eb Preshev\u00eb jan\u00eb takuar me kryetarin e komun\u00ebs Ragmi Mustafa dhe kryetarin e kuvendit komunal Sk\u00ebnder Destanin.","og_url":"https:\/\/kt.gov.rs\/sq\/nenkryetari-i-qeverise-se-shqiperise-ilir-meta-ne-serbine-jugore-diskriminimi-eshte-e-kaluar\/","og_site_name":"Republika e S\u00ebrbis\u00eb Trupi Koordinues p\u00ebr komunat Bujanoc, Preshev\u00eb dhe Medvegj\u00eb","article_publisher":"https:\/\/www.facebook.com\/SluzbaKoordinacionogTelaVladeRepublikeSrbije","article_published_time":"2010-03-12T00:00:00+00:00","article_modified_time":"2024-07-30T20:23:13+00:00","og_image":[{"width":250,"height":166,"url":"https:\/\/kt.gov.rs\/wp-content\/uploads\/2024\/07\/pic231vesti-5.jpg","type":"image\/jpeg"}],"author":"ktmin","twitter_card":"summary_large_image","twitter_creator":"@kt_gov","twitter_site":"@kt_gov","twitter_misc":{"Written by":"ktmin","Est. reading time":"2 minutes"},"schema":{"@context":"https:\/\/schema.org","@graph":[{"@type":"Article","@id":"https:\/\/kt.gov.rs\/sq\/nenkryetari-i-qeverise-se-shqiperise-ilir-meta-ne-serbine-jugore-diskriminimi-eshte-e-kaluar\/#article","isPartOf":{"@id":"https:\/\/kt.gov.rs\/sq\/nenkryetari-i-qeverise-se-shqiperise-ilir-meta-ne-serbine-jugore-diskriminimi-eshte-e-kaluar\/"},"author":{"name":"ktmin","@id":"https:\/\/kt.gov.rs\/#\/schema\/person\/e426459ddb4173309103390602694571"},"headline":"N\u00cbNKRYETARI I QEVERIS\u00cb S\u00cb SHQIP\u00cbRIS\u00cb ILIR META N\u00cb SERBIN\u00cb JUGORE: DISKRIMINIMI \u00cbSHT\u00cb E KALUAR","datePublished":"2010-03-12T00:00:00+00:00","dateModified":"2024-07-30T20:23:13+00:00","mainEntityOfPage":{"@id":"https:\/\/kt.gov.rs\/sq\/nenkryetari-i-qeverise-se-shqiperise-ilir-meta-ne-serbine-jugore-diskriminimi-eshte-e-kaluar\/"},"wordCount":368,"publisher":{"@id":"https:\/\/kt.gov.rs\/#organization"},"image":{"@id":"https:\/\/kt.gov.rs\/sq\/nenkryetari-i-qeverise-se-shqiperise-ilir-meta-ne-serbine-jugore-diskriminimi-eshte-e-kaluar\/#primaryimage"},"thumbnailUrl":"https:\/\/kt.gov.rs\/wp-content\/uploads\/2024\/07\/pic231vesti-5.jpg","articleSection":["Lajme"],"inLanguage":"sq-AL"},{"@type":"WebPage","@id":"https:\/\/kt.gov.rs\/sq\/nenkryetari-i-qeverise-se-shqiperise-ilir-meta-ne-serbine-jugore-diskriminimi-eshte-e-kaluar\/","url":"https:\/\/kt.gov.rs\/sq\/nenkryetari-i-qeverise-se-shqiperise-ilir-meta-ne-serbine-jugore-diskriminimi-eshte-e-kaluar\/","name":"N\u00cbNKRYETARI I QEVERIS\u00cb S\u00cb SHQIP\u00cbRIS\u00cb ILIR META N\u00cb SERBIN\u00cb JUGORE: DISKRIMINIMI \u00cbSHT\u00cb E KALUAR - Republika e S\u00ebrbis\u00eb Trupi Koordinues p\u00ebr komunat Bujanoc, Preshev\u00eb dhe Medvegj\u00eb","isPartOf":{"@id":"https:\/\/kt.gov.rs\/#website"},"primaryImageOfPage":{"@id":"https:\/\/kt.gov.rs\/sq\/nenkryetari-i-qeverise-se-shqiperise-ilir-meta-ne-serbine-jugore-diskriminimi-eshte-e-kaluar\/#primaryimage"},"image":{"@id":"https:\/\/kt.gov.rs\/sq\/nenkryetari-i-qeverise-se-shqiperise-ilir-meta-ne-serbine-jugore-diskriminimi-eshte-e-kaluar\/#primaryimage"},"thumbnailUrl":"https:\/\/kt.gov.rs\/wp-content\/uploads\/2024\/07\/pic231vesti-5.jpg","datePublished":"2010-03-12T00:00:00+00:00","dateModified":"2024-07-30T20:23:13+00:00","breadcrumb":{"@id":"https:\/\/kt.gov.rs\/sq\/nenkryetari-i-qeverise-se-shqiperise-ilir-meta-ne-serbine-jugore-diskriminimi-eshte-e-kaluar\/#breadcrumb"},"inLanguage":"sq-AL","potentialAction":[{"@type":"ReadAction","target":["https:\/\/kt.gov.rs\/sq\/nenkryetari-i-qeverise-se-shqiperise-ilir-meta-ne-serbine-jugore-diskriminimi-eshte-e-kaluar\/"]}]},{"@type":"ImageObject","inLanguage":"sq-AL","@id":"https:\/\/kt.gov.rs\/sq\/nenkryetari-i-qeverise-se-shqiperise-ilir-meta-ne-serbine-jugore-diskriminimi-eshte-e-kaluar\/#primaryimage","url":"https:\/\/kt.gov.rs\/wp-content\/uploads\/2024\/07\/pic231vesti-5.jpg","contentUrl":"https:\/\/kt.gov.rs\/wp-content\/uploads\/2024\/07\/pic231vesti-5.jpg","width":250,"height":166},{"@type":"BreadcrumbList","@id":"https:\/\/kt.gov.rs\/sq\/nenkryetari-i-qeverise-se-shqiperise-ilir-meta-ne-serbine-jugore-diskriminimi-eshte-e-kaluar\/#breadcrumb","itemListElement":[{"@type":"ListItem","position":1,"name":"Po\u010detna","item":"https:\/\/kt.gov.rs\/sq\/"},{"@type":"ListItem","position":2,"name":"N\u00cbNKRYETARI I QEVERIS\u00cb S\u00cb SHQIP\u00cbRIS\u00cb ILIR META N\u00cb SERBIN\u00cb JUGORE: DISKRIMINIMI \u00cbSHT\u00cb E KALUAR"}]},{"@type":"WebSite","@id":"https:\/\/kt.gov.rs\/#website","url":"https:\/\/kt.gov.rs\/","name":"Koordinaciono telo Vlade Republike Srbije za op\u0161tine Pre\u0161evo, Bujanovac i Medve\u0111a","description":"","publisher":{"@id":"https:\/\/kt.gov.rs\/#organization"},"alternateName":"Koordinaciono telo","potentialAction":[{"@type":"SearchAction","target":{"@type":"EntryPoint","urlTemplate":"https:\/\/kt.gov.rs\/?s={search_term_string}"},"query-input":{"@type":"PropertyValueSpecification","valueRequired":true,"valueName":"search_term_string"}}],"inLanguage":"sq-AL"},{"@type":"Organization","@id":"https:\/\/kt.gov.rs\/#organization","name":"Koordinaciono telo Vlade Republike Srbije za op\u0161tine Pre\u0161evo, Bujanovac i Medve\u0111a","alternateName":"Koordinaciono telo","url":"https:\/\/kt.gov.rs\/","logo":{"@type":"ImageObject","inLanguage":"sq-AL","@id":"https:\/\/kt.gov.rs\/#\/schema\/logo\/image\/","url":"https:\/\/kt.gov.rs\/wp-content\/uploads\/2024\/12\/koord2.jpg","contentUrl":"https:\/\/kt.gov.rs\/wp-content\/uploads\/2024\/12\/koord2.jpg","width":640,"height":480,"caption":"Koordinaciono telo Vlade Republike Srbije za op\u0161tine Pre\u0161evo, Bujanovac i Medve\u0111a"},"image":{"@id":"https:\/\/kt.gov.rs\/#\/schema\/logo\/image\/"},"sameAs":["https:\/\/www.facebook.com\/SluzbaKoordinacionogTelaVladeRepublikeSrbije","https:\/\/x.com\/kt_gov","https:\/\/www.youtube.com\/@koordinacionotelo"]},{"@type":"Person","@id":"https:\/\/kt.gov.rs\/#\/schema\/person\/e426459ddb4173309103390602694571","name":"ktmin","image":{"@type":"ImageObject","inLanguage":"sq-AL","@id":"https:\/\/secure.gravatar.com\/avatar\/3985c961109853010c3fbc7ba30365bfba5db3dd6c525831d9c595c7525a615a?s=96&d=mm&r=g","url":"https:\/\/secure.gravatar.com\/avatar\/3985c961109853010c3fbc7ba30365bfba5db3dd6c525831d9c595c7525a615a?s=96&d=mm&r=g","contentUrl":"https:\/\/secure.gravatar.com\/avatar\/3985c961109853010c3fbc7ba30365bfba5db3dd6c525831d9c595c7525a615a?s=96&d=mm&r=g","caption":"ktmin"},"sameAs":["https:\/\/kt.gov.rs"],"url":"https:\/\/kt.gov.rs\/sq\/author\/ktmin\/"}]}},"_links":{"self":[{"href":"https:\/\/kt.gov.rs\/sq\/wp-json\/wp\/v2\/posts\/142950","targetHints":{"allow":["GET"]}}],"collection":[{"href":"https:\/\/kt.gov.rs\/sq\/wp-json\/wp\/v2\/posts"}],"about":[{"href":"https:\/\/kt.gov.rs\/sq\/wp-json\/wp\/v2\/types\/post"}],"author":[{"embeddable":true,"href":"https:\/\/kt.gov.rs\/sq\/wp-json\/wp\/v2\/users\/1"}],"replies":[{"embeddable":true,"href":"https:\/\/kt.gov.rs\/sq\/wp-json\/wp\/v2\/comments?post=142950"}],"version-history":[{"count":1,"href":"https:\/\/kt.gov.rs\/sq\/wp-json\/wp\/v2\/posts\/142950\/revisions"}],"predecessor-version":[{"id":142957,"href":"https:\/\/kt.gov.rs\/sq\/wp-json\/wp\/v2\/posts\/142950\/revisions\/142957"}],"wp:featuredmedia":[{"embeddable":true,"href":"https:\/\/kt.gov.rs\/sq\/wp-json\/wp\/v2\/media\/142958"}],"wp:attachment":[{"href":"https:\/\/kt.gov.rs\/sq\/wp-json\/wp\/v2\/media?parent=142950"}],"wp:term":[{"taxonomy":"category","embeddable":true,"href":"https:\/\/kt.gov.rs\/sq\/wp-json\/wp\/v2\/categories?post=142950"},{"taxonomy":"post_tag","embeddable":true,"href":"https:\/\/kt.gov.rs\/sq\/wp-json\/wp\/v2\/tags?post=142950"}],"curies":[{"name":"wp","href":"https:\/\/api.w.org\/{rel}","templated":true}]}}