{"id":142945,"date":"2010-03-24T00:00:00","date_gmt":"2010-03-24T00:00:00","guid":{"rendered":"http:\/\/kt.printandscreen.rs\/24-mars-2010\/"},"modified":"2010-03-24T00:00:00","modified_gmt":"2010-03-24T00:00:00","slug":"24-mars-2010","status":"publish","type":"post","link":"https:\/\/kt.gov.rs\/sq\/24-mars-2010\/","title":{"rendered":"24. mars. 2010"},"content":{"rendered":"<p><strong>Z\u00ebvend\u00ebsi i ambasadorit t\u00eb Gjermanis\u00eb Hans Urlih Sudbek gjat\u00eb vizit\u00ebs s\u00eb tij\u00eb n\u00eb Bujanoc, deklaroi se p\u00ebr t\u00eb gjith\u00eb investitor\u00ebt potencial m\u00eb e r\u00ebnd\u00ebsishme \u00ebsht\u00eb stabiliteti politik.<\/strong><\/p>\n<p>&quot;N\u00eb bised\u00eb me t\u00eb gjith\u00eb investitor\u00ebt potencial gjithmon\u00eb egziston\u00eb pyetja primare: a mbret\u00ebron n\u00eb regjion sabiliteti politik, e ne mundemi me p\u00ebrgjegj\u00ebsi t\u2019u p\u00ebrgjigjemi tek at\u00ebher n\u00ebse t\u00eb gjitha etnitetet n\u00eb Bujanoc bashk\u00ebpunojn\u00eb n\u00eb strukturat shtet\u00ebrore t\u00eb vendit\u2019\u2019, delaroi Sudbek.<\/p>\n<p>Z\u00ebvend\u00ebsambasadori i Gjermanis\u00eb mbi situat\u00ebn politike dhe ekonomike q\u00eb mbret\u00ebron n\u00eb k\u00ebt\u00eb regjion bisedoi me kryetarin e komun\u00ebs s\u00eb Bujanocit Shaip Kamberin si dhe me p\u00ebrfaq\u00ebsuesit politik t\u00eb Shqip\u00ebtar\u00ebve n\u00eb Preshev\u00eb.<\/p>\n<p>,,Zgjidhja e problemeve ekonomike \u00ebsht\u00eb problemi num\u00ebr nj\u00eb n\u00eb m\u00ebnyr\u00eb q\u00eb t\u00eb vie deri te rritja e standardit t\u00eb t\u00eb gjth\u00eb qytetar\u00ebve t\u00eb cil\u00ebt jetojn\u00eb n\u00eb k\u00ebto treva. Ambasada e Gjermanis\u00eb \u00ebsht\u00eb e interesuar p\u00ebr stabilitet dhe prosperitet n\u00eb k\u00ebt\u00eb regjion, mb\u00ebshtesim zgjerimin e koalicionit udh\u00ebheq\u00ebs me kyqjen edhe t\u00eb partive politike serbe\u2019\u2019, deklaroi Sudbek. Ai potencoi se me ,,formimin e pushtetit multietnik n\u00eb Bujanoc do t\u00eb krijohet stabiliteti politik i cili do t\u00eb jet\u00eb m\u00eb favorizues p\u00ebr nj\u00eb zhvillim ekonomik\u2019\u2019.<\/p>\n<p>,,\u00cbsht\u00eb nj\u00eb gj\u00eb e mir\u00eb q\u00eb Shqip\u00ebtar\u00ebt s\u00eb shpejti do ta formojn\u00eb K\u00ebshillin Nacional dhe shpresojm\u00eb se n\u00eb k\u00ebt\u00eb proces do t\u00eb kyqen t\u00eb gjitha partit\u00eb politike Shqip\u00ebtare, q\u00eb me forca t\u00eb p\u00ebrbashk\u00ebta t\u2019i shfryt\u00ebzojn\u00eb mund\u00ebsit\u00eb p\u00ebr kyqjen n\u00eb strukturat shtet\u00ebrore t\u00eb Serbis\u00eb\u2019\u2019, deklaroi Sudbek.<\/p>\n<p>Z\u00ebvend\u00ebsambasadori i Republik\u00ebs s\u00eb Gjermanis\u00eb n\u00eb Beograd gjat\u00eb vizit\u00ebs s\u00eb tij\u00eb n\u00eb k\u00ebto dy komuna ka biseduar me p\u00ebrfaq\u00ebsuesit e disa organizatave joqeveritare nga Gjermania t\u00eb cilat veprojn\u00eb n\u00eb k\u00ebt\u00eb pjes\u00eb\u00a0 t\u00eb Serbis\u00eb, siq jan\u00eb: ,,HELP\u2019\u2019, ABO dhe Fondacioni Kristijan Shvarc-Shiling.<\/p>\n","protected":false},"excerpt":{"rendered":"<p>Z\u00ebvend\u00ebsi i ambasadorit t\u00eb Gjermanis\u00eb Hans Urlih Sudbek gjat\u00eb vizit\u00ebs  s\u00eb tij\u00eb n\u00eb Bujanoc, deklaroi se p\u00ebr t\u00eb gjith\u00eb investitor\u00ebt potencial m\u00eb  e r\u00ebnd\u00ebsishme \u00ebsht\u00eb stabiliteti politik.<\/p>\n<p>&quot;N\u00eb bised\u00eb me t\u00eb gjith\u00eb investitor\u00ebt potencial gjithmon\u00eb egziston\u00eb  pyetja primare: a mbret\u00ebron n\u00eb regjion sabiliteti politik, e ne mundemi  me p\u00ebrgjegj\u00ebsi t\u2019u p\u00ebrgjigjemi tek at\u00ebher n\u00ebse t\u00eb gjitha etnitetet n\u00eb  Bujanoc bashk\u00ebpunojn\u00eb n\u00eb strukturat shtet\u00ebrore t\u00eb vendit\u2019\u2019, delaroi  Sudbek.<\/p>\n","protected":false},"author":1,"featured_media":0,"comment_status":"closed","ping_status":"closed","sticky":false,"template":"","format":"standard","meta":{"footnotes":""},"categories":[55],"tags":[],"class_list":["post-142945","post","type-post","status-publish","format-standard","hentry","category-lajme"],"yoast_head":"<!-- This site is optimized with the Yoast SEO plugin v27.5 - https:\/\/yoast.com\/product\/yoast-seo-wordpress\/ -->\n<title>24. mars. 2010 - Republika e S\u00ebrbis\u00eb Trupi Koordinues p\u00ebr komunat Bujanoc, Preshev\u00eb dhe Medvegj\u00eb<\/title>\n<meta name=\"robots\" content=\"index, follow, max-snippet:-1, max-image-preview:large, max-video-preview:-1\" \/>\n<link rel=\"canonical\" href=\"https:\/\/kt.gov.rs\/sq\/24-mars-2010\/\" \/>\n<meta property=\"og:locale\" content=\"sq_AL\" \/>\n<meta property=\"og:type\" content=\"article\" \/>\n<meta property=\"og:title\" content=\"24. mars. 2010 - Republika e S\u00ebrbis\u00eb Trupi Koordinues p\u00ebr komunat Bujanoc, Preshev\u00eb dhe Medvegj\u00eb\" \/>\n<meta property=\"og:description\" content=\"Z\u00ebvend\u00ebsi i ambasadorit t\u00eb Gjermanis\u00eb Hans Urlih Sudbek gjat\u00eb vizit\u00ebs s\u00eb tij\u00eb n\u00eb Bujanoc, deklaroi se p\u00ebr t\u00eb gjith\u00eb investitor\u00ebt potencial m\u00eb e r\u00ebnd\u00ebsishme \u00ebsht\u00eb stabiliteti politik. &quot;N\u00eb bised\u00eb me t\u00eb gjith\u00eb investitor\u00ebt potencial gjithmon\u00eb egziston\u00eb pyetja primare: a mbret\u00ebron n\u00eb regjion sabiliteti politik, e ne mundemi me p\u00ebrgjegj\u00ebsi t\u2019u p\u00ebrgjigjemi tek at\u00ebher n\u00ebse t\u00eb gjitha etnitetet n\u00eb Bujanoc bashk\u00ebpunojn\u00eb n\u00eb strukturat shtet\u00ebrore t\u00eb vendit\u2019\u2019, delaroi Sudbek.\" \/>\n<meta property=\"og:url\" content=\"https:\/\/kt.gov.rs\/sq\/24-mars-2010\/\" \/>\n<meta property=\"og:site_name\" content=\"Republika e S\u00ebrbis\u00eb Trupi Koordinues p\u00ebr komunat Bujanoc, Preshev\u00eb dhe Medvegj\u00eb\" \/>\n<meta property=\"article:publisher\" content=\"https:\/\/www.facebook.com\/SluzbaKoordinacionogTelaVladeRepublikeSrbije\" \/>\n<meta property=\"article:published_time\" content=\"2010-03-24T00:00:00+00:00\" \/>\n<meta name=\"author\" content=\"ktmin\" \/>\n<meta name=\"twitter:card\" content=\"summary_large_image\" \/>\n<meta name=\"twitter:creator\" content=\"@kt_gov\" \/>\n<meta name=\"twitter:site\" content=\"@kt_gov\" \/>\n<meta name=\"twitter:label1\" content=\"Written by\" \/>\n\t<meta name=\"twitter:data1\" content=\"ktmin\" \/>\n\t<meta name=\"twitter:label2\" content=\"Est. reading time\" \/>\n\t<meta name=\"twitter:data2\" content=\"2 minutes\" \/>\n<script type=\"application\/ld+json\" class=\"yoast-schema-graph\">{\"@context\":\"https:\\\/\\\/schema.org\",\"@graph\":[{\"@type\":\"Article\",\"@id\":\"https:\\\/\\\/kt.gov.rs\\\/sq\\\/24-mars-2010\\\/#article\",\"isPartOf\":{\"@id\":\"https:\\\/\\\/kt.gov.rs\\\/sq\\\/24-mars-2010\\\/\"},\"author\":{\"name\":\"ktmin\",\"@id\":\"https:\\\/\\\/kt.gov.rs\\\/#\\\/schema\\\/person\\\/e426459ddb4173309103390602694571\"},\"headline\":\"24. mars. 2010\",\"datePublished\":\"2010-03-24T00:00:00+00:00\",\"mainEntityOfPage\":{\"@id\":\"https:\\\/\\\/kt.gov.rs\\\/sq\\\/24-mars-2010\\\/\"},\"wordCount\":338,\"publisher\":{\"@id\":\"https:\\\/\\\/kt.gov.rs\\\/#organization\"},\"articleSection\":[\"Lajme\"],\"inLanguage\":\"sq-AL\"},{\"@type\":\"WebPage\",\"@id\":\"https:\\\/\\\/kt.gov.rs\\\/sq\\\/24-mars-2010\\\/\",\"url\":\"https:\\\/\\\/kt.gov.rs\\\/sq\\\/24-mars-2010\\\/\",\"name\":\"24. mars. 2010 - Republika e S\u00ebrbis\u00eb Trupi Koordinues p\u00ebr komunat Bujanoc, Preshev\u00eb dhe Medvegj\u00eb\",\"isPartOf\":{\"@id\":\"https:\\\/\\\/kt.gov.rs\\\/#website\"},\"datePublished\":\"2010-03-24T00:00:00+00:00\",\"breadcrumb\":{\"@id\":\"https:\\\/\\\/kt.gov.rs\\\/sq\\\/24-mars-2010\\\/#breadcrumb\"},\"inLanguage\":\"sq-AL\",\"potentialAction\":[{\"@type\":\"ReadAction\",\"target\":[\"https:\\\/\\\/kt.gov.rs\\\/sq\\\/24-mars-2010\\\/\"]}]},{\"@type\":\"BreadcrumbList\",\"@id\":\"https:\\\/\\\/kt.gov.rs\\\/sq\\\/24-mars-2010\\\/#breadcrumb\",\"itemListElement\":[{\"@type\":\"ListItem\",\"position\":1,\"name\":\"\u041f\u043e\u0447\u0435\u0442\u043d\u0430\",\"item\":\"https:\\\/\\\/kt.gov.rs\\\/sq\\\/\"},{\"@type\":\"ListItem\",\"position\":2,\"name\":\"24. mars. 2010\"}]},{\"@type\":\"WebSite\",\"@id\":\"https:\\\/\\\/kt.gov.rs\\\/#website\",\"url\":\"https:\\\/\\\/kt.gov.rs\\\/\",\"name\":\"\u041a\u043e\u043e\u0440\u0434\u0438\u043d\u0430\u0446\u0438\u043e\u043d\u043e \u0442\u0435\u043b\u043e \u0412\u043b\u0430\u0434\u0435 \u0420\u0435\u043f\u0443\u0431\u043b\u0438\u043a\u0435 \u0421\u0440\u0431\u0438\u0458\u0435 \u0437\u0430 \u043e\u043f\u0448\u0442\u0438\u043d\u0435 \u041f\u0440\u0435\u0448\u0435\u0432\u043e, \u0411\u0443\u0458\u0430\u043d\u043e\u0432\u0430\u0446 \u0438 \u041c\u0435\u0434\u0432\u0435\u0452a\",\"description\":\"\",\"publisher\":{\"@id\":\"https:\\\/\\\/kt.gov.rs\\\/#organization\"},\"alternateName\":\"\u041a\u043e\u043e\u0440\u0434\u0438\u043d\u0430\u0446\u0438\u043e\u043d\u043e \u0442\u0435\u043b\u043e\",\"potentialAction\":[{\"@type\":\"SearchAction\",\"target\":{\"@type\":\"EntryPoint\",\"urlTemplate\":\"https:\\\/\\\/kt.gov.rs\\\/?s={search_term_string}\"},\"query-input\":{\"@type\":\"PropertyValueSpecification\",\"valueRequired\":true,\"valueName\":\"search_term_string\"}}],\"inLanguage\":\"sq-AL\"},{\"@type\":\"Organization\",\"@id\":\"https:\\\/\\\/kt.gov.rs\\\/#organization\",\"name\":\"\u041a\u043e\u043e\u0440\u0434\u0438\u043d\u0430\u0446\u0438\u043e\u043d\u043e \u0442\u0435\u043b\u043e \u0412\u043b\u0430\u0434\u0435 \u0420\u0435\u043f\u0443\u0431\u043b\u0438\u043a\u0435 \u0421\u0440\u0431\u0438\u0458\u0435 \u0437\u0430 \u043e\u043f\u0448\u0442\u0438\u043d\u0435 \u041f\u0440\u0435\u0448\u0435\u0432\u043e, \u0411\u0443\u0458\u0430\u043d\u043e\u0432\u0430\u0446 \u0438 \u041c\u0435\u0434\u0432\u0435\u0452a\",\"alternateName\":\"\u041a\u043e\u043e\u0440\u0434\u0438\u043d\u0430\u0446\u0438\u043e\u043d\u043e \u0442\u0435\u043b\u043e\",\"url\":\"https:\\\/\\\/kt.gov.rs\\\/\",\"logo\":{\"@type\":\"ImageObject\",\"inLanguage\":\"sq-AL\",\"@id\":\"https:\\\/\\\/kt.gov.rs\\\/#\\\/schema\\\/logo\\\/image\\\/\",\"url\":\"https:\\\/\\\/kt.gov.rs\\\/wp-content\\\/uploads\\\/2024\\\/12\\\/koord2.jpg\",\"contentUrl\":\"https:\\\/\\\/kt.gov.rs\\\/wp-content\\\/uploads\\\/2024\\\/12\\\/koord2.jpg\",\"width\":640,\"height\":480,\"caption\":\"\u041a\u043e\u043e\u0440\u0434\u0438\u043d\u0430\u0446\u0438\u043e\u043d\u043e \u0442\u0435\u043b\u043e \u0412\u043b\u0430\u0434\u0435 \u0420\u0435\u043f\u0443\u0431\u043b\u0438\u043a\u0435 \u0421\u0440\u0431\u0438\u0458\u0435 \u0437\u0430 \u043e\u043f\u0448\u0442\u0438\u043d\u0435 \u041f\u0440\u0435\u0448\u0435\u0432\u043e, \u0411\u0443\u0458\u0430\u043d\u043e\u0432\u0430\u0446 \u0438 \u041c\u0435\u0434\u0432\u0435\u0452a\"},\"image\":{\"@id\":\"https:\\\/\\\/kt.gov.rs\\\/#\\\/schema\\\/logo\\\/image\\\/\"},\"sameAs\":[\"https:\\\/\\\/www.facebook.com\\\/SluzbaKoordinacionogTelaVladeRepublikeSrbije\",\"https:\\\/\\\/x.com\\\/kt_gov\",\"https:\\\/\\\/www.youtube.com\\\/@koordinacionotelo\"]},{\"@type\":\"Person\",\"@id\":\"https:\\\/\\\/kt.gov.rs\\\/#\\\/schema\\\/person\\\/e426459ddb4173309103390602694571\",\"name\":\"ktmin\",\"image\":{\"@type\":\"ImageObject\",\"inLanguage\":\"sq-AL\",\"@id\":\"https:\\\/\\\/secure.gravatar.com\\\/avatar\\\/3985c961109853010c3fbc7ba30365bfba5db3dd6c525831d9c595c7525a615a?s=96&d=mm&r=g\",\"url\":\"https:\\\/\\\/secure.gravatar.com\\\/avatar\\\/3985c961109853010c3fbc7ba30365bfba5db3dd6c525831d9c595c7525a615a?s=96&d=mm&r=g\",\"contentUrl\":\"https:\\\/\\\/secure.gravatar.com\\\/avatar\\\/3985c961109853010c3fbc7ba30365bfba5db3dd6c525831d9c595c7525a615a?s=96&d=mm&r=g\",\"caption\":\"ktmin\"},\"sameAs\":[\"https:\\\/\\\/kt.gov.rs\"],\"url\":\"https:\\\/\\\/kt.gov.rs\\\/sq\\\/author\\\/ktmin\\\/\"}]}<\/script>\n<!-- \/ Yoast SEO plugin. -->","yoast_head_json":{"title":"24. mars. 2010 - Republika e S\u00ebrbis\u00eb Trupi Koordinues p\u00ebr komunat Bujanoc, Preshev\u00eb dhe Medvegj\u00eb","robots":{"index":"index","follow":"follow","max-snippet":"max-snippet:-1","max-image-preview":"max-image-preview:large","max-video-preview":"max-video-preview:-1"},"canonical":"https:\/\/kt.gov.rs\/sq\/24-mars-2010\/","og_locale":"sq_AL","og_type":"article","og_title":"24. mars. 2010 - Republika e S\u00ebrbis\u00eb Trupi Koordinues p\u00ebr komunat Bujanoc, Preshev\u00eb dhe Medvegj\u00eb","og_description":"Z\u00ebvend\u00ebsi i ambasadorit t\u00eb Gjermanis\u00eb Hans Urlih Sudbek gjat\u00eb vizit\u00ebs s\u00eb tij\u00eb n\u00eb Bujanoc, deklaroi se p\u00ebr t\u00eb gjith\u00eb investitor\u00ebt potencial m\u00eb e r\u00ebnd\u00ebsishme \u00ebsht\u00eb stabiliteti politik. &quot;N\u00eb bised\u00eb me t\u00eb gjith\u00eb investitor\u00ebt potencial gjithmon\u00eb egziston\u00eb pyetja primare: a mbret\u00ebron n\u00eb regjion sabiliteti politik, e ne mundemi me p\u00ebrgjegj\u00ebsi t\u2019u p\u00ebrgjigjemi tek at\u00ebher n\u00ebse t\u00eb gjitha etnitetet n\u00eb Bujanoc bashk\u00ebpunojn\u00eb n\u00eb strukturat shtet\u00ebrore t\u00eb vendit\u2019\u2019, delaroi Sudbek.","og_url":"https:\/\/kt.gov.rs\/sq\/24-mars-2010\/","og_site_name":"Republika e S\u00ebrbis\u00eb Trupi Koordinues p\u00ebr komunat Bujanoc, Preshev\u00eb dhe Medvegj\u00eb","article_publisher":"https:\/\/www.facebook.com\/SluzbaKoordinacionogTelaVladeRepublikeSrbije","article_published_time":"2010-03-24T00:00:00+00:00","author":"ktmin","twitter_card":"summary_large_image","twitter_creator":"@kt_gov","twitter_site":"@kt_gov","twitter_misc":{"Written by":"ktmin","Est. reading time":"2 minutes"},"schema":{"@context":"https:\/\/schema.org","@graph":[{"@type":"Article","@id":"https:\/\/kt.gov.rs\/sq\/24-mars-2010\/#article","isPartOf":{"@id":"https:\/\/kt.gov.rs\/sq\/24-mars-2010\/"},"author":{"name":"ktmin","@id":"https:\/\/kt.gov.rs\/#\/schema\/person\/e426459ddb4173309103390602694571"},"headline":"24. mars. 2010","datePublished":"2010-03-24T00:00:00+00:00","mainEntityOfPage":{"@id":"https:\/\/kt.gov.rs\/sq\/24-mars-2010\/"},"wordCount":338,"publisher":{"@id":"https:\/\/kt.gov.rs\/#organization"},"articleSection":["Lajme"],"inLanguage":"sq-AL"},{"@type":"WebPage","@id":"https:\/\/kt.gov.rs\/sq\/24-mars-2010\/","url":"https:\/\/kt.gov.rs\/sq\/24-mars-2010\/","name":"24. mars. 2010 - Republika e S\u00ebrbis\u00eb Trupi Koordinues p\u00ebr komunat Bujanoc, Preshev\u00eb dhe Medvegj\u00eb","isPartOf":{"@id":"https:\/\/kt.gov.rs\/#website"},"datePublished":"2010-03-24T00:00:00+00:00","breadcrumb":{"@id":"https:\/\/kt.gov.rs\/sq\/24-mars-2010\/#breadcrumb"},"inLanguage":"sq-AL","potentialAction":[{"@type":"ReadAction","target":["https:\/\/kt.gov.rs\/sq\/24-mars-2010\/"]}]},{"@type":"BreadcrumbList","@id":"https:\/\/kt.gov.rs\/sq\/24-mars-2010\/#breadcrumb","itemListElement":[{"@type":"ListItem","position":1,"name":"\u041f\u043e\u0447\u0435\u0442\u043d\u0430","item":"https:\/\/kt.gov.rs\/sq\/"},{"@type":"ListItem","position":2,"name":"24. mars. 2010"}]},{"@type":"WebSite","@id":"https:\/\/kt.gov.rs\/#website","url":"https:\/\/kt.gov.rs\/","name":"\u041a\u043e\u043e\u0440\u0434\u0438\u043d\u0430\u0446\u0438\u043e\u043d\u043e \u0442\u0435\u043b\u043e \u0412\u043b\u0430\u0434\u0435 \u0420\u0435\u043f\u0443\u0431\u043b\u0438\u043a\u0435 \u0421\u0440\u0431\u0438\u0458\u0435 \u0437\u0430 \u043e\u043f\u0448\u0442\u0438\u043d\u0435 \u041f\u0440\u0435\u0448\u0435\u0432\u043e, \u0411\u0443\u0458\u0430\u043d\u043e\u0432\u0430\u0446 \u0438 \u041c\u0435\u0434\u0432\u0435\u0452a","description":"","publisher":{"@id":"https:\/\/kt.gov.rs\/#organization"},"alternateName":"\u041a\u043e\u043e\u0440\u0434\u0438\u043d\u0430\u0446\u0438\u043e\u043d\u043e \u0442\u0435\u043b\u043e","potentialAction":[{"@type":"SearchAction","target":{"@type":"EntryPoint","urlTemplate":"https:\/\/kt.gov.rs\/?s={search_term_string}"},"query-input":{"@type":"PropertyValueSpecification","valueRequired":true,"valueName":"search_term_string"}}],"inLanguage":"sq-AL"},{"@type":"Organization","@id":"https:\/\/kt.gov.rs\/#organization","name":"\u041a\u043e\u043e\u0440\u0434\u0438\u043d\u0430\u0446\u0438\u043e\u043d\u043e \u0442\u0435\u043b\u043e \u0412\u043b\u0430\u0434\u0435 \u0420\u0435\u043f\u0443\u0431\u043b\u0438\u043a\u0435 \u0421\u0440\u0431\u0438\u0458\u0435 \u0437\u0430 \u043e\u043f\u0448\u0442\u0438\u043d\u0435 \u041f\u0440\u0435\u0448\u0435\u0432\u043e, \u0411\u0443\u0458\u0430\u043d\u043e\u0432\u0430\u0446 \u0438 \u041c\u0435\u0434\u0432\u0435\u0452a","alternateName":"\u041a\u043e\u043e\u0440\u0434\u0438\u043d\u0430\u0446\u0438\u043e\u043d\u043e \u0442\u0435\u043b\u043e","url":"https:\/\/kt.gov.rs\/","logo":{"@type":"ImageObject","inLanguage":"sq-AL","@id":"https:\/\/kt.gov.rs\/#\/schema\/logo\/image\/","url":"https:\/\/kt.gov.rs\/wp-content\/uploads\/2024\/12\/koord2.jpg","contentUrl":"https:\/\/kt.gov.rs\/wp-content\/uploads\/2024\/12\/koord2.jpg","width":640,"height":480,"caption":"\u041a\u043e\u043e\u0440\u0434\u0438\u043d\u0430\u0446\u0438\u043e\u043d\u043e \u0442\u0435\u043b\u043e \u0412\u043b\u0430\u0434\u0435 \u0420\u0435\u043f\u0443\u0431\u043b\u0438\u043a\u0435 \u0421\u0440\u0431\u0438\u0458\u0435 \u0437\u0430 \u043e\u043f\u0448\u0442\u0438\u043d\u0435 \u041f\u0440\u0435\u0448\u0435\u0432\u043e, \u0411\u0443\u0458\u0430\u043d\u043e\u0432\u0430\u0446 \u0438 \u041c\u0435\u0434\u0432\u0435\u0452a"},"image":{"@id":"https:\/\/kt.gov.rs\/#\/schema\/logo\/image\/"},"sameAs":["https:\/\/www.facebook.com\/SluzbaKoordinacionogTelaVladeRepublikeSrbije","https:\/\/x.com\/kt_gov","https:\/\/www.youtube.com\/@koordinacionotelo"]},{"@type":"Person","@id":"https:\/\/kt.gov.rs\/#\/schema\/person\/e426459ddb4173309103390602694571","name":"ktmin","image":{"@type":"ImageObject","inLanguage":"sq-AL","@id":"https:\/\/secure.gravatar.com\/avatar\/3985c961109853010c3fbc7ba30365bfba5db3dd6c525831d9c595c7525a615a?s=96&d=mm&r=g","url":"https:\/\/secure.gravatar.com\/avatar\/3985c961109853010c3fbc7ba30365bfba5db3dd6c525831d9c595c7525a615a?s=96&d=mm&r=g","contentUrl":"https:\/\/secure.gravatar.com\/avatar\/3985c961109853010c3fbc7ba30365bfba5db3dd6c525831d9c595c7525a615a?s=96&d=mm&r=g","caption":"ktmin"},"sameAs":["https:\/\/kt.gov.rs"],"url":"https:\/\/kt.gov.rs\/sq\/author\/ktmin\/"}]}},"_links":{"self":[{"href":"https:\/\/kt.gov.rs\/sq\/wp-json\/wp\/v2\/posts\/142945","targetHints":{"allow":["GET"]}}],"collection":[{"href":"https:\/\/kt.gov.rs\/sq\/wp-json\/wp\/v2\/posts"}],"about":[{"href":"https:\/\/kt.gov.rs\/sq\/wp-json\/wp\/v2\/types\/post"}],"author":[{"embeddable":true,"href":"https:\/\/kt.gov.rs\/sq\/wp-json\/wp\/v2\/users\/1"}],"replies":[{"embeddable":true,"href":"https:\/\/kt.gov.rs\/sq\/wp-json\/wp\/v2\/comments?post=142945"}],"version-history":[{"count":0,"href":"https:\/\/kt.gov.rs\/sq\/wp-json\/wp\/v2\/posts\/142945\/revisions"}],"wp:attachment":[{"href":"https:\/\/kt.gov.rs\/sq\/wp-json\/wp\/v2\/media?parent=142945"}],"wp:term":[{"taxonomy":"category","embeddable":true,"href":"https:\/\/kt.gov.rs\/sq\/wp-json\/wp\/v2\/categories?post=142945"},{"taxonomy":"post_tag","embeddable":true,"href":"https:\/\/kt.gov.rs\/sq\/wp-json\/wp\/v2\/tags?post=142945"}],"curies":[{"name":"wp","href":"https:\/\/api.w.org\/{rel}","templated":true}]}}