{"id":142939,"date":"2010-04-01T00:00:00","date_gmt":"2010-04-01T00:00:00","guid":{"rendered":"http:\/\/kt.printandscreen.rs\/01-04-2010\/"},"modified":"2010-04-01T00:00:00","modified_gmt":"2010-04-01T00:00:00","slug":"01-04-2010","status":"publish","type":"post","link":"https:\/\/kt.gov.rs\/sq\/01-04-2010\/","title":{"rendered":"01.04.2010."},"content":{"rendered":"<p><strong>Beograd <\/strong>\u2013 Komuna e Bujanocit \u00ebsht\u00eb fitues absolut n\u00eb gar\u00ebn e pushteteve lokale n\u00eb promovimin e investimeve n\u00eb Serbi t\u00eb cilin e ka organizuar USAID n\u00eb suaza t\u00eb Programit nxitja e zhvillimit ekonomik n\u00eb Serbi. \u00c7mimi i dyt\u00eb i ka takuar Leskocit nd\u00ebrsa i treti Uzhic\u00ebs. \u00c7mimet e fituesve u kan\u00eb dor\u00ebzuar An\u00ebtar\u00ebt e Qeveris\u00eb s\u00eb Serbis\u00eb, Mlagjan Dinkiq. Bozhidar Gjeliq dhe Oliver Druliq. N\u00eb gar\u00ebn me titull ,,Investoni n\u00eb Serbi\u2019\u2019, p\u00ebrfaq\u00ebsuesit e 28 komunave nga Serbia, prej 1 deri m\u00eb 31 mars kan\u00eb pasur rastin q\u00eb juris\u00eb t\u00eb p\u00ebrb\u00ebr\u00eb nga ekspert\u00ebt t\u2019u prezentojn\u00eb potencialet ekonomike dhe investive si dhe t\u2019i ekspozojn\u00eb n\u00eb takimin final n\u00eb panairin investiv i cili \u00ebsht\u00eb organizuar dje n\u00eb hotelin ,,Hayat\u2019\u2019 n\u00eb Beograd.<\/p>\n<p>P\u00ebrveq tri \u00e7mimeve kryesore, p\u00ebrfaq\u00ebsuesit e USAID-it dhe kompanive q\u00eb kan\u00eb marr\u00eb pjes\u00eb n\u00eb k\u00ebt\u00eb shp\u00ebrblim (Telenor, Austrian Airlines, Banka Ekonomike Beograd etj), pjes\u00ebmarr\u00ebsve t\u00eb garimit u kan\u00eb dor\u00ebzuar edhe pes \u00e7mime t\u00eb posaqme. Mir\u00ebnjohje t\u00eb posaqme p\u00ebr angazhim t\u00eb jasht\u00ebzakonsh\u00ebm p\u00ebr zhvillim ekonomik lokal ka marr\u00eb Smedereva. P\u00ebr projekt m\u00eb t\u00eb mir\u00eb t\u00eb partneritetit t\u00eb administrat\u00ebs ka marr\u00eb Bujanoci si dhe sipas mendimit t\u00eb publikut, Bujanoci ka pasur prezentimin m\u00eb t\u00eb mir\u00eb n\u00eb hotelin ,,Hayat\u2019\u2019.<\/p>\n<p>Sipas mendimit t\u00eb zhiris\u00eb, materialin m\u00eb t\u00eb mir\u00eb promotiv (Webfaqen, broshurat investive etj) ka pasur Subotica, nd\u00ebrsa t\u00eb dh\u00ebnat ekonomike p\u00ebr investime t\u00eb mundshme nga partner\u00ebt potencial i ka prezentuar Novi Sadi.<\/p>\n<p>Paralelisht me prezentimin e komunave, jan\u00eb mbajtur edhe dy panel diskusione me tem\u00ebn ,,Nga v\u00ebshtrimi ekonomik, bashk\u00ebpunimi n\u00eb mes sektorit privat dhe publik\u2019\u2019 dhe ,,Pyesni ambasador\u00ebt \u2013 Serbia n\u00eb tregun global\u2019\u2019, n\u00eb t\u00eb cil\u00ebn kan\u00eb marr\u00eb pjes\u00eb ambasador\u00ebt e SHBA-ve, Spanj\u00ebs, Gjermanis\u00eb, Sllovenis\u00eb, Austris\u00eb dhe Italis\u00eb si dhe kryetar\u00ebt e pushteteve lokale. Ambasadorja e SHBA-s\u00eb n\u00eb Beograd, Meri Vorlik, vler\u00ebsoi se ,,t\u00eb gjith\u00eb pjes\u00ebmarr\u00ebsit jan\u00eb fitues\u2019\u2019 sepse kan\u00eb paraqitur n\u00eb m\u00ebnyr\u00eb t\u00eb bindshme se si komunat e tyre jan\u00eb m\u00eb t\u00ebrheq\u00ebse p\u00ebr investitor\u00eb. Ajo tha se nj\u00eb paraqitje t\u00eb till\u00eb duhet\u00a0 ta ket\u00eb edhe shteti si dhe hapi tjet\u00ebr i cili duhet patjet\u00ebr t\u00eb p\u00ebrfundoj\u00eb \u00ebsht\u00eb p\u00ebrfundimi i reform\u00ebs n\u00eb Serbi.<\/p>\n","protected":false},"excerpt":{"rendered":"<p>Beograd \u2013 Komuna e Bujanocit \u00ebsht\u00eb fitues absolut n\u00eb gar\u00ebn e pushteteve lokale n\u00eb promovimin e investimeve n\u00eb Serbi t\u00eb cilin e ka organizuar USAID n\u00eb suaza t\u00eb Programit nxitja e zhvillimit ekonomik n\u00eb Serbi. \u00c7mimi i dyt\u00eb i ka takuar Leskocit nd\u00ebrsa i treti Uzhic\u00ebs. \u00c7mimet e fituesve u kan\u00eb dor\u00ebzuar An\u00ebtar\u00ebt e Qeveris\u00eb s\u00eb Serbis\u00eb, Mlagjan Dinkiq. Bozhidar Gjeliq dhe Oliver Druliq. N\u00eb gar\u00ebn me titull ,,Investoni n\u00eb Serbi\u2019\u2019, p\u00ebrfaq\u00ebsuesit e 28 komunave nga Serbia, prej 1 deri m\u00eb 31 mars kan\u00eb pasur rastin q\u00eb juris\u00eb t\u00eb p\u00ebrb\u00ebr\u00eb nga ekspert\u00ebt t\u2019u prezentojn\u00eb potencialet ekonomike dhe investive si dhe t\u2019i ekspozojn\u00eb n\u00eb takimin final n\u00eb panairin investiv i cili \u00ebsht\u00eb organizuar dje n\u00eb hotelin ,,Hayat\u2019\u2019 n\u00eb Beograd.<\/p>\n","protected":false},"author":1,"featured_media":0,"comment_status":"closed","ping_status":"closed","sticky":false,"template":"","format":"standard","meta":{"footnotes":""},"categories":[55],"tags":[],"class_list":["post-142939","post","type-post","status-publish","format-standard","hentry","category-lajme"],"yoast_head":"<!-- This site is optimized with the Yoast SEO plugin v27.4 - https:\/\/yoast.com\/product\/yoast-seo-wordpress\/ -->\n<title>01.04.2010. - Republika e S\u00ebrbis\u00eb Trupi Koordinues p\u00ebr komunat Bujanoc, Preshev\u00eb dhe Medvegj\u00eb<\/title>\n<meta name=\"robots\" content=\"index, follow, max-snippet:-1, max-image-preview:large, max-video-preview:-1\" \/>\n<link rel=\"canonical\" href=\"https:\/\/kt.gov.rs\/sq\/01-04-2010\/\" \/>\n<meta property=\"og:locale\" content=\"sq_AL\" \/>\n<meta property=\"og:type\" content=\"article\" \/>\n<meta property=\"og:title\" content=\"01.04.2010. - Republika e S\u00ebrbis\u00eb Trupi Koordinues p\u00ebr komunat Bujanoc, Preshev\u00eb dhe Medvegj\u00eb\" \/>\n<meta property=\"og:description\" content=\"Beograd \u2013 Komuna e Bujanocit \u00ebsht\u00eb fitues absolut n\u00eb gar\u00ebn e pushteteve lokale n\u00eb promovimin e investimeve n\u00eb Serbi t\u00eb cilin e ka organizuar USAID n\u00eb suaza t\u00eb Programit nxitja e zhvillimit ekonomik n\u00eb Serbi. \u00c7mimi i dyt\u00eb i ka takuar Leskocit nd\u00ebrsa i treti Uzhic\u00ebs. \u00c7mimet e fituesve u kan\u00eb dor\u00ebzuar An\u00ebtar\u00ebt e Qeveris\u00eb s\u00eb Serbis\u00eb, Mlagjan Dinkiq. Bozhidar Gjeliq dhe Oliver Druliq. N\u00eb gar\u00ebn me titull ,,Investoni n\u00eb Serbi\u2019\u2019, p\u00ebrfaq\u00ebsuesit e 28 komunave nga Serbia, prej 1 deri m\u00eb 31 mars kan\u00eb pasur rastin q\u00eb juris\u00eb t\u00eb p\u00ebrb\u00ebr\u00eb nga ekspert\u00ebt t\u2019u prezentojn\u00eb potencialet ekonomike dhe investive si dhe t\u2019i ekspozojn\u00eb n\u00eb takimin final n\u00eb panairin investiv i cili \u00ebsht\u00eb organizuar dje n\u00eb hotelin ,,Hayat\u2019\u2019 n\u00eb Beograd.\" \/>\n<meta property=\"og:url\" content=\"https:\/\/kt.gov.rs\/sq\/01-04-2010\/\" \/>\n<meta property=\"og:site_name\" content=\"Republika e S\u00ebrbis\u00eb Trupi Koordinues p\u00ebr komunat Bujanoc, Preshev\u00eb dhe Medvegj\u00eb\" \/>\n<meta property=\"article:publisher\" content=\"https:\/\/www.facebook.com\/SluzbaKoordinacionogTelaVladeRepublikeSrbije\" \/>\n<meta property=\"article:published_time\" content=\"2010-04-01T00:00:00+00:00\" \/>\n<meta name=\"author\" content=\"ktmin\" \/>\n<meta name=\"twitter:card\" content=\"summary_large_image\" \/>\n<meta name=\"twitter:creator\" content=\"@kt_gov\" \/>\n<meta name=\"twitter:site\" content=\"@kt_gov\" \/>\n<meta name=\"twitter:label1\" content=\"Written by\" \/>\n\t<meta name=\"twitter:data1\" content=\"ktmin\" \/>\n\t<meta name=\"twitter:label2\" content=\"Est. reading time\" \/>\n\t<meta name=\"twitter:data2\" content=\"2 minutes\" \/>\n<script type=\"application\/ld+json\" class=\"yoast-schema-graph\">{\"@context\":\"https:\\\/\\\/schema.org\",\"@graph\":[{\"@type\":\"Article\",\"@id\":\"https:\\\/\\\/kt.gov.rs\\\/sq\\\/01-04-2010\\\/#article\",\"isPartOf\":{\"@id\":\"https:\\\/\\\/kt.gov.rs\\\/sq\\\/01-04-2010\\\/\"},\"author\":{\"name\":\"ktmin\",\"@id\":\"https:\\\/\\\/kt.gov.rs\\\/#\\\/schema\\\/person\\\/e426459ddb4173309103390602694571\"},\"headline\":\"01.04.2010.\",\"datePublished\":\"2010-04-01T00:00:00+00:00\",\"mainEntityOfPage\":{\"@id\":\"https:\\\/\\\/kt.gov.rs\\\/sq\\\/01-04-2010\\\/\"},\"wordCount\":402,\"publisher\":{\"@id\":\"https:\\\/\\\/kt.gov.rs\\\/#organization\"},\"articleSection\":[\"Lajme\"],\"inLanguage\":\"sq-AL\"},{\"@type\":\"WebPage\",\"@id\":\"https:\\\/\\\/kt.gov.rs\\\/sq\\\/01-04-2010\\\/\",\"url\":\"https:\\\/\\\/kt.gov.rs\\\/sq\\\/01-04-2010\\\/\",\"name\":\"01.04.2010. - Republika e S\u00ebrbis\u00eb Trupi Koordinues p\u00ebr komunat Bujanoc, Preshev\u00eb dhe Medvegj\u00eb\",\"isPartOf\":{\"@id\":\"https:\\\/\\\/kt.gov.rs\\\/#website\"},\"datePublished\":\"2010-04-01T00:00:00+00:00\",\"breadcrumb\":{\"@id\":\"https:\\\/\\\/kt.gov.rs\\\/sq\\\/01-04-2010\\\/#breadcrumb\"},\"inLanguage\":\"sq-AL\",\"potentialAction\":[{\"@type\":\"ReadAction\",\"target\":[\"https:\\\/\\\/kt.gov.rs\\\/sq\\\/01-04-2010\\\/\"]}]},{\"@type\":\"BreadcrumbList\",\"@id\":\"https:\\\/\\\/kt.gov.rs\\\/sq\\\/01-04-2010\\\/#breadcrumb\",\"itemListElement\":[{\"@type\":\"ListItem\",\"position\":1,\"name\":\"\u041f\u043e\u0447\u0435\u0442\u043d\u0430\",\"item\":\"https:\\\/\\\/kt.gov.rs\\\/sq\\\/\"},{\"@type\":\"ListItem\",\"position\":2,\"name\":\"01.04.2010.\"}]},{\"@type\":\"WebSite\",\"@id\":\"https:\\\/\\\/kt.gov.rs\\\/#website\",\"url\":\"https:\\\/\\\/kt.gov.rs\\\/\",\"name\":\"\u041a\u043e\u043e\u0440\u0434\u0438\u043d\u0430\u0446\u0438\u043e\u043d\u043e \u0442\u0435\u043b\u043e \u0412\u043b\u0430\u0434\u0435 \u0420\u0435\u043f\u0443\u0431\u043b\u0438\u043a\u0435 \u0421\u0440\u0431\u0438\u0458\u0435 \u0437\u0430 \u043e\u043f\u0448\u0442\u0438\u043d\u0435 \u041f\u0440\u0435\u0448\u0435\u0432\u043e, \u0411\u0443\u0458\u0430\u043d\u043e\u0432\u0430\u0446 \u0438 \u041c\u0435\u0434\u0432\u0435\u0452a\",\"description\":\"\",\"publisher\":{\"@id\":\"https:\\\/\\\/kt.gov.rs\\\/#organization\"},\"alternateName\":\"\u041a\u043e\u043e\u0440\u0434\u0438\u043d\u0430\u0446\u0438\u043e\u043d\u043e \u0442\u0435\u043b\u043e\",\"potentialAction\":[{\"@type\":\"SearchAction\",\"target\":{\"@type\":\"EntryPoint\",\"urlTemplate\":\"https:\\\/\\\/kt.gov.rs\\\/?s={search_term_string}\"},\"query-input\":{\"@type\":\"PropertyValueSpecification\",\"valueRequired\":true,\"valueName\":\"search_term_string\"}}],\"inLanguage\":\"sq-AL\"},{\"@type\":\"Organization\",\"@id\":\"https:\\\/\\\/kt.gov.rs\\\/#organization\",\"name\":\"\u041a\u043e\u043e\u0440\u0434\u0438\u043d\u0430\u0446\u0438\u043e\u043d\u043e \u0442\u0435\u043b\u043e \u0412\u043b\u0430\u0434\u0435 \u0420\u0435\u043f\u0443\u0431\u043b\u0438\u043a\u0435 \u0421\u0440\u0431\u0438\u0458\u0435 \u0437\u0430 \u043e\u043f\u0448\u0442\u0438\u043d\u0435 \u041f\u0440\u0435\u0448\u0435\u0432\u043e, \u0411\u0443\u0458\u0430\u043d\u043e\u0432\u0430\u0446 \u0438 \u041c\u0435\u0434\u0432\u0435\u0452a\",\"alternateName\":\"\u041a\u043e\u043e\u0440\u0434\u0438\u043d\u0430\u0446\u0438\u043e\u043d\u043e \u0442\u0435\u043b\u043e\",\"url\":\"https:\\\/\\\/kt.gov.rs\\\/\",\"logo\":{\"@type\":\"ImageObject\",\"inLanguage\":\"sq-AL\",\"@id\":\"https:\\\/\\\/kt.gov.rs\\\/#\\\/schema\\\/logo\\\/image\\\/\",\"url\":\"https:\\\/\\\/kt.gov.rs\\\/wp-content\\\/uploads\\\/2024\\\/12\\\/koord2.jpg\",\"contentUrl\":\"https:\\\/\\\/kt.gov.rs\\\/wp-content\\\/uploads\\\/2024\\\/12\\\/koord2.jpg\",\"width\":640,\"height\":480,\"caption\":\"\u041a\u043e\u043e\u0440\u0434\u0438\u043d\u0430\u0446\u0438\u043e\u043d\u043e \u0442\u0435\u043b\u043e \u0412\u043b\u0430\u0434\u0435 \u0420\u0435\u043f\u0443\u0431\u043b\u0438\u043a\u0435 \u0421\u0440\u0431\u0438\u0458\u0435 \u0437\u0430 \u043e\u043f\u0448\u0442\u0438\u043d\u0435 \u041f\u0440\u0435\u0448\u0435\u0432\u043e, \u0411\u0443\u0458\u0430\u043d\u043e\u0432\u0430\u0446 \u0438 \u041c\u0435\u0434\u0432\u0435\u0452a\"},\"image\":{\"@id\":\"https:\\\/\\\/kt.gov.rs\\\/#\\\/schema\\\/logo\\\/image\\\/\"},\"sameAs\":[\"https:\\\/\\\/www.facebook.com\\\/SluzbaKoordinacionogTelaVladeRepublikeSrbije\",\"https:\\\/\\\/x.com\\\/kt_gov\",\"https:\\\/\\\/www.youtube.com\\\/@koordinacionotelo\"]},{\"@type\":\"Person\",\"@id\":\"https:\\\/\\\/kt.gov.rs\\\/#\\\/schema\\\/person\\\/e426459ddb4173309103390602694571\",\"name\":\"ktmin\",\"image\":{\"@type\":\"ImageObject\",\"inLanguage\":\"sq-AL\",\"@id\":\"https:\\\/\\\/secure.gravatar.com\\\/avatar\\\/3985c961109853010c3fbc7ba30365bfba5db3dd6c525831d9c595c7525a615a?s=96&d=mm&r=g\",\"url\":\"https:\\\/\\\/secure.gravatar.com\\\/avatar\\\/3985c961109853010c3fbc7ba30365bfba5db3dd6c525831d9c595c7525a615a?s=96&d=mm&r=g\",\"contentUrl\":\"https:\\\/\\\/secure.gravatar.com\\\/avatar\\\/3985c961109853010c3fbc7ba30365bfba5db3dd6c525831d9c595c7525a615a?s=96&d=mm&r=g\",\"caption\":\"ktmin\"},\"sameAs\":[\"https:\\\/\\\/kt.gov.rs\"],\"url\":\"https:\\\/\\\/kt.gov.rs\\\/sq\\\/author\\\/ktmin\\\/\"}]}<\/script>\n<!-- \/ Yoast SEO plugin. -->","yoast_head_json":{"title":"01.04.2010. - Republika e S\u00ebrbis\u00eb Trupi Koordinues p\u00ebr komunat Bujanoc, Preshev\u00eb dhe Medvegj\u00eb","robots":{"index":"index","follow":"follow","max-snippet":"max-snippet:-1","max-image-preview":"max-image-preview:large","max-video-preview":"max-video-preview:-1"},"canonical":"https:\/\/kt.gov.rs\/sq\/01-04-2010\/","og_locale":"sq_AL","og_type":"article","og_title":"01.04.2010. - Republika e S\u00ebrbis\u00eb Trupi Koordinues p\u00ebr komunat Bujanoc, Preshev\u00eb dhe Medvegj\u00eb","og_description":"Beograd \u2013 Komuna e Bujanocit \u00ebsht\u00eb fitues absolut n\u00eb gar\u00ebn e pushteteve lokale n\u00eb promovimin e investimeve n\u00eb Serbi t\u00eb cilin e ka organizuar USAID n\u00eb suaza t\u00eb Programit nxitja e zhvillimit ekonomik n\u00eb Serbi. \u00c7mimi i dyt\u00eb i ka takuar Leskocit nd\u00ebrsa i treti Uzhic\u00ebs. \u00c7mimet e fituesve u kan\u00eb dor\u00ebzuar An\u00ebtar\u00ebt e Qeveris\u00eb s\u00eb Serbis\u00eb, Mlagjan Dinkiq. Bozhidar Gjeliq dhe Oliver Druliq. N\u00eb gar\u00ebn me titull ,,Investoni n\u00eb Serbi\u2019\u2019, p\u00ebrfaq\u00ebsuesit e 28 komunave nga Serbia, prej 1 deri m\u00eb 31 mars kan\u00eb pasur rastin q\u00eb juris\u00eb t\u00eb p\u00ebrb\u00ebr\u00eb nga ekspert\u00ebt t\u2019u prezentojn\u00eb potencialet ekonomike dhe investive si dhe t\u2019i ekspozojn\u00eb n\u00eb takimin final n\u00eb panairin investiv i cili \u00ebsht\u00eb organizuar dje n\u00eb hotelin ,,Hayat\u2019\u2019 n\u00eb Beograd.","og_url":"https:\/\/kt.gov.rs\/sq\/01-04-2010\/","og_site_name":"Republika e S\u00ebrbis\u00eb Trupi Koordinues p\u00ebr komunat Bujanoc, Preshev\u00eb dhe Medvegj\u00eb","article_publisher":"https:\/\/www.facebook.com\/SluzbaKoordinacionogTelaVladeRepublikeSrbije","article_published_time":"2010-04-01T00:00:00+00:00","author":"ktmin","twitter_card":"summary_large_image","twitter_creator":"@kt_gov","twitter_site":"@kt_gov","twitter_misc":{"Written by":"ktmin","Est. reading time":"2 minutes"},"schema":{"@context":"https:\/\/schema.org","@graph":[{"@type":"Article","@id":"https:\/\/kt.gov.rs\/sq\/01-04-2010\/#article","isPartOf":{"@id":"https:\/\/kt.gov.rs\/sq\/01-04-2010\/"},"author":{"name":"ktmin","@id":"https:\/\/kt.gov.rs\/#\/schema\/person\/e426459ddb4173309103390602694571"},"headline":"01.04.2010.","datePublished":"2010-04-01T00:00:00+00:00","mainEntityOfPage":{"@id":"https:\/\/kt.gov.rs\/sq\/01-04-2010\/"},"wordCount":402,"publisher":{"@id":"https:\/\/kt.gov.rs\/#organization"},"articleSection":["Lajme"],"inLanguage":"sq-AL"},{"@type":"WebPage","@id":"https:\/\/kt.gov.rs\/sq\/01-04-2010\/","url":"https:\/\/kt.gov.rs\/sq\/01-04-2010\/","name":"01.04.2010. - Republika e S\u00ebrbis\u00eb Trupi Koordinues p\u00ebr komunat Bujanoc, Preshev\u00eb dhe Medvegj\u00eb","isPartOf":{"@id":"https:\/\/kt.gov.rs\/#website"},"datePublished":"2010-04-01T00:00:00+00:00","breadcrumb":{"@id":"https:\/\/kt.gov.rs\/sq\/01-04-2010\/#breadcrumb"},"inLanguage":"sq-AL","potentialAction":[{"@type":"ReadAction","target":["https:\/\/kt.gov.rs\/sq\/01-04-2010\/"]}]},{"@type":"BreadcrumbList","@id":"https:\/\/kt.gov.rs\/sq\/01-04-2010\/#breadcrumb","itemListElement":[{"@type":"ListItem","position":1,"name":"\u041f\u043e\u0447\u0435\u0442\u043d\u0430","item":"https:\/\/kt.gov.rs\/sq\/"},{"@type":"ListItem","position":2,"name":"01.04.2010."}]},{"@type":"WebSite","@id":"https:\/\/kt.gov.rs\/#website","url":"https:\/\/kt.gov.rs\/","name":"\u041a\u043e\u043e\u0440\u0434\u0438\u043d\u0430\u0446\u0438\u043e\u043d\u043e \u0442\u0435\u043b\u043e \u0412\u043b\u0430\u0434\u0435 \u0420\u0435\u043f\u0443\u0431\u043b\u0438\u043a\u0435 \u0421\u0440\u0431\u0438\u0458\u0435 \u0437\u0430 \u043e\u043f\u0448\u0442\u0438\u043d\u0435 \u041f\u0440\u0435\u0448\u0435\u0432\u043e, \u0411\u0443\u0458\u0430\u043d\u043e\u0432\u0430\u0446 \u0438 \u041c\u0435\u0434\u0432\u0435\u0452a","description":"","publisher":{"@id":"https:\/\/kt.gov.rs\/#organization"},"alternateName":"\u041a\u043e\u043e\u0440\u0434\u0438\u043d\u0430\u0446\u0438\u043e\u043d\u043e \u0442\u0435\u043b\u043e","potentialAction":[{"@type":"SearchAction","target":{"@type":"EntryPoint","urlTemplate":"https:\/\/kt.gov.rs\/?s={search_term_string}"},"query-input":{"@type":"PropertyValueSpecification","valueRequired":true,"valueName":"search_term_string"}}],"inLanguage":"sq-AL"},{"@type":"Organization","@id":"https:\/\/kt.gov.rs\/#organization","name":"\u041a\u043e\u043e\u0440\u0434\u0438\u043d\u0430\u0446\u0438\u043e\u043d\u043e \u0442\u0435\u043b\u043e \u0412\u043b\u0430\u0434\u0435 \u0420\u0435\u043f\u0443\u0431\u043b\u0438\u043a\u0435 \u0421\u0440\u0431\u0438\u0458\u0435 \u0437\u0430 \u043e\u043f\u0448\u0442\u0438\u043d\u0435 \u041f\u0440\u0435\u0448\u0435\u0432\u043e, \u0411\u0443\u0458\u0430\u043d\u043e\u0432\u0430\u0446 \u0438 \u041c\u0435\u0434\u0432\u0435\u0452a","alternateName":"\u041a\u043e\u043e\u0440\u0434\u0438\u043d\u0430\u0446\u0438\u043e\u043d\u043e \u0442\u0435\u043b\u043e","url":"https:\/\/kt.gov.rs\/","logo":{"@type":"ImageObject","inLanguage":"sq-AL","@id":"https:\/\/kt.gov.rs\/#\/schema\/logo\/image\/","url":"https:\/\/kt.gov.rs\/wp-content\/uploads\/2024\/12\/koord2.jpg","contentUrl":"https:\/\/kt.gov.rs\/wp-content\/uploads\/2024\/12\/koord2.jpg","width":640,"height":480,"caption":"\u041a\u043e\u043e\u0440\u0434\u0438\u043d\u0430\u0446\u0438\u043e\u043d\u043e \u0442\u0435\u043b\u043e \u0412\u043b\u0430\u0434\u0435 \u0420\u0435\u043f\u0443\u0431\u043b\u0438\u043a\u0435 \u0421\u0440\u0431\u0438\u0458\u0435 \u0437\u0430 \u043e\u043f\u0448\u0442\u0438\u043d\u0435 \u041f\u0440\u0435\u0448\u0435\u0432\u043e, \u0411\u0443\u0458\u0430\u043d\u043e\u0432\u0430\u0446 \u0438 \u041c\u0435\u0434\u0432\u0435\u0452a"},"image":{"@id":"https:\/\/kt.gov.rs\/#\/schema\/logo\/image\/"},"sameAs":["https:\/\/www.facebook.com\/SluzbaKoordinacionogTelaVladeRepublikeSrbije","https:\/\/x.com\/kt_gov","https:\/\/www.youtube.com\/@koordinacionotelo"]},{"@type":"Person","@id":"https:\/\/kt.gov.rs\/#\/schema\/person\/e426459ddb4173309103390602694571","name":"ktmin","image":{"@type":"ImageObject","inLanguage":"sq-AL","@id":"https:\/\/secure.gravatar.com\/avatar\/3985c961109853010c3fbc7ba30365bfba5db3dd6c525831d9c595c7525a615a?s=96&d=mm&r=g","url":"https:\/\/secure.gravatar.com\/avatar\/3985c961109853010c3fbc7ba30365bfba5db3dd6c525831d9c595c7525a615a?s=96&d=mm&r=g","contentUrl":"https:\/\/secure.gravatar.com\/avatar\/3985c961109853010c3fbc7ba30365bfba5db3dd6c525831d9c595c7525a615a?s=96&d=mm&r=g","caption":"ktmin"},"sameAs":["https:\/\/kt.gov.rs"],"url":"https:\/\/kt.gov.rs\/sq\/author\/ktmin\/"}]}},"_links":{"self":[{"href":"https:\/\/kt.gov.rs\/sq\/wp-json\/wp\/v2\/posts\/142939","targetHints":{"allow":["GET"]}}],"collection":[{"href":"https:\/\/kt.gov.rs\/sq\/wp-json\/wp\/v2\/posts"}],"about":[{"href":"https:\/\/kt.gov.rs\/sq\/wp-json\/wp\/v2\/types\/post"}],"author":[{"embeddable":true,"href":"https:\/\/kt.gov.rs\/sq\/wp-json\/wp\/v2\/users\/1"}],"replies":[{"embeddable":true,"href":"https:\/\/kt.gov.rs\/sq\/wp-json\/wp\/v2\/comments?post=142939"}],"version-history":[{"count":0,"href":"https:\/\/kt.gov.rs\/sq\/wp-json\/wp\/v2\/posts\/142939\/revisions"}],"wp:attachment":[{"href":"https:\/\/kt.gov.rs\/sq\/wp-json\/wp\/v2\/media?parent=142939"}],"wp:term":[{"taxonomy":"category","embeddable":true,"href":"https:\/\/kt.gov.rs\/sq\/wp-json\/wp\/v2\/categories?post=142939"},{"taxonomy":"post_tag","embeddable":true,"href":"https:\/\/kt.gov.rs\/sq\/wp-json\/wp\/v2\/tags?post=142939"}],"curies":[{"name":"wp","href":"https:\/\/api.w.org\/{rel}","templated":true}]}}