{"id":142930,"date":"2010-04-12T00:00:00","date_gmt":"2010-04-12T00:00:00","guid":{"rendered":"http:\/\/kt.printandscreen.rs\/agjensioni-zhvillimore-per-presheve-dhe-bujanoc-ka-organizuar-trajnimin-per-nxenesit-e-shkollave-te-mesme\/"},"modified":"2024-07-30T20:23:03","modified_gmt":"2024-07-30T20:23:03","slug":"agjensioni-zhvillimore-per-presheve-dhe-bujanoc-ka-organizuar-trajnimin-per-nxenesit-e-shkollave-te-mesme","status":"publish","type":"post","link":"https:\/\/kt.gov.rs\/sq\/agjensioni-zhvillimore-per-presheve-dhe-bujanoc-ka-organizuar-trajnimin-per-nxenesit-e-shkollave-te-mesme\/","title":{"rendered":"AGJENSIONI ZHVILLIMOR\u00cb P\u00cbR PRESHEV\u00cb DHE BUJANOC KA ORGANIZUAR TRAJNIMIN P\u00cbR NX\u00cbN\u00cbSIT E SHKOLLAVE T\u00cb MESME"},"content":{"rendered":"<p><img decoding=\"async\" align=\"left\" src=\"https:\/\/kt.gov.rs\/wp-content\/uploads\/2024\/07\/pic233vesti-4.jpg\" alt=\"\" \/>Me mb\u00ebshtetjen finansiare t\u00eb Trupit Koordinues t\u00eb Qeveris\u00eb s\u00eb Republik\u00ebs s\u00eb Serbis\u00eb p\u00ebr komunat Preshev\u00eb, Bujanoc dhe Medvegj\u00eb, Agjensioni zhvillimor\u00eb p\u00ebr Preshev\u00eb dhe Bujanoc realizon projektin ,,Ndryshohu, fillo pun\u00ebn\u2019\u2019. Jan\u00eb mbajtur dy trajnime nj\u00ebditore (26 dhe 27 mars t\u00eb vitit 2010) t\u00eb dedikuara nx\u00ebn\u00ebsve t\u00eb shkollave t\u00eb mesme ,,Sezai Surroi\u2019\u2019 dhe ,,Sveti Sava\u2019\u2019 nga Bujanoci dhe ,,Sk\u00ebnd\u00ebrbeu\u2019\u2019 nga Presheva. Q\u00ebllimi i k\u00ebtyre pun\u00ebtorive \u00ebsht\u00eb trajnimi m\u00eb i p\u00ebrsosur i nx\u00ebn\u00ebsve t\u00eb shkollave t\u00eb mesme dhe pregatitja e tyre p\u00ebr konkurim sa m\u00eb t\u00eb suksessh\u00ebm p\u00ebr pun\u00eb.<\/p>\n<p><strong>Kan\u00eb m\u00ebsuar t\u00eb shkrujn\u00eb biografin\u00eb e pun\u00ebs, letr\u00ebn p\u00ebrcjell\u00ebse si dhe t\u00eb pregatiten p\u00ebr intervist\u00eb.<\/strong><br \/>\n\u00a0<br \/>\nPjes\u00ebmarr\u00ebsit kan\u00eb shprehur nj\u00eb interesim t\u00eb madh\u00eb p\u00ebr temat dhe kan\u00eb shprehur k\u00ebnaq\u00ebsin\u00eb q\u00eb u \u00ebsht\u00eb dh\u00ebn\u00eb mund\u00ebsia t\u00eb marrin informata t\u00eb dobishme p\u00ebr trajnim t\u00eb avansuar.<\/p>\n<p>Trajnimin me sukses e kan\u00eb kryer 80 nx\u00ebn\u00ebs t\u00eb shkollave t\u00eb mesme nga nacionalitetet e ndryshme, prej tyre gjasht\u00ebdhjet\u00eb nx\u00ebn\u00ebs nga Bujanoci dhe nj\u00ebzet\u00eb nx\u00ebn\u00ebs nga Presheva.<\/p>\n","protected":false},"excerpt":{"rendered":"<p>Me mb\u00ebshtetjen finansiare t\u00eb Trupit Koordinues t\u00eb Qeveris\u00eb s\u00eb Republik\u00ebs  s\u00eb Serbis\u00eb p\u00ebr komunat Preshev\u00eb, Bujanoc dhe Medvegj\u00eb, Agjensioni  zhvillimor\u00eb p\u00ebr Preshev\u00eb dhe Bujanoc realizon projektin ,,Ndryshohu,  fillo pun\u00ebn\u2019\u2019. Jan\u00eb mbajtur dy trajnime nj\u00ebditore (26 dhe 27 mars t\u00eb  vitit 2010) t\u00eb dedikuara nx\u00ebn\u00ebsve t\u00eb shkollave t\u00eb mesme ,,Sezai Surroi\u2019\u2019  dhe ,,Sveti Sava\u2019\u2019 nga Bujanoci dhe ,,Sk\u00ebnd\u00ebrbeu\u2019\u2019 nga Presheva.  Q\u00ebllimi i k\u00ebtyre pun\u00ebtorive \u00ebsht\u00eb trajnimi m\u00eb i p\u00ebrsosur i nx\u00ebn\u00ebsve t\u00eb  shkollave t\u00eb mesme dhe pregatitja e tyre p\u00ebr konkurim sa m\u00eb t\u00eb  suksessh\u00ebm p\u00ebr pun\u00eb.<\/p>\n","protected":false},"author":1,"featured_media":142935,"comment_status":"closed","ping_status":"closed","sticky":false,"template":"","format":"standard","meta":{"footnotes":""},"categories":[55],"tags":[],"class_list":["post-142930","post","type-post","status-publish","format-standard","has-post-thumbnail","hentry","category-lajme"],"yoast_head":"<!-- This site is optimized with the Yoast SEO plugin v27.4 - https:\/\/yoast.com\/product\/yoast-seo-wordpress\/ -->\n<title>AGJENSIONI ZHVILLIMOR\u00cb P\u00cbR PRESHEV\u00cb DHE BUJANOC KA ORGANIZUAR TRAJNIMIN P\u00cbR NX\u00cbN\u00cbSIT E SHKOLLAVE T\u00cb MESME - Republika e S\u00ebrbis\u00eb Trupi Koordinues p\u00ebr komunat Bujanoc, Preshev\u00eb dhe Medvegj\u00eb<\/title>\n<meta name=\"robots\" content=\"index, follow, max-snippet:-1, max-image-preview:large, max-video-preview:-1\" \/>\n<link rel=\"canonical\" href=\"https:\/\/kt.gov.rs\/sq\/agjensioni-zhvillimore-per-presheve-dhe-bujanoc-ka-organizuar-trajnimin-per-nxenesit-e-shkollave-te-mesme\/\" \/>\n<meta property=\"og:locale\" content=\"sq_AL\" \/>\n<meta property=\"og:type\" content=\"article\" \/>\n<meta property=\"og:title\" content=\"AGJENSIONI ZHVILLIMOR\u00cb P\u00cbR PRESHEV\u00cb DHE BUJANOC KA ORGANIZUAR TRAJNIMIN P\u00cbR NX\u00cbN\u00cbSIT E SHKOLLAVE T\u00cb MESME - Republika e S\u00ebrbis\u00eb Trupi Koordinues p\u00ebr komunat Bujanoc, Preshev\u00eb dhe Medvegj\u00eb\" \/>\n<meta property=\"og:description\" content=\"Me mb\u00ebshtetjen finansiare t\u00eb Trupit Koordinues t\u00eb Qeveris\u00eb s\u00eb Republik\u00ebs s\u00eb Serbis\u00eb p\u00ebr komunat Preshev\u00eb, Bujanoc dhe Medvegj\u00eb, Agjensioni zhvillimor\u00eb p\u00ebr Preshev\u00eb dhe Bujanoc realizon projektin ,,Ndryshohu, fillo pun\u00ebn\u2019\u2019. Jan\u00eb mbajtur dy trajnime nj\u00ebditore (26 dhe 27 mars t\u00eb vitit 2010) t\u00eb dedikuara nx\u00ebn\u00ebsve t\u00eb shkollave t\u00eb mesme ,,Sezai Surroi\u2019\u2019 dhe ,,Sveti Sava\u2019\u2019 nga Bujanoci dhe ,,Sk\u00ebnd\u00ebrbeu\u2019\u2019 nga Presheva. Q\u00ebllimi i k\u00ebtyre pun\u00ebtorive \u00ebsht\u00eb trajnimi m\u00eb i p\u00ebrsosur i nx\u00ebn\u00ebsve t\u00eb shkollave t\u00eb mesme dhe pregatitja e tyre p\u00ebr konkurim sa m\u00eb t\u00eb suksessh\u00ebm p\u00ebr pun\u00eb.\" \/>\n<meta property=\"og:url\" content=\"https:\/\/kt.gov.rs\/sq\/agjensioni-zhvillimore-per-presheve-dhe-bujanoc-ka-organizuar-trajnimin-per-nxenesit-e-shkollave-te-mesme\/\" \/>\n<meta property=\"og:site_name\" content=\"Republika e S\u00ebrbis\u00eb Trupi Koordinues p\u00ebr komunat Bujanoc, Preshev\u00eb dhe Medvegj\u00eb\" \/>\n<meta property=\"article:publisher\" content=\"https:\/\/www.facebook.com\/SluzbaKoordinacionogTelaVladeRepublikeSrbije\" \/>\n<meta property=\"article:published_time\" content=\"2010-04-12T00:00:00+00:00\" \/>\n<meta property=\"article:modified_time\" content=\"2024-07-30T20:23:03+00:00\" \/>\n<meta property=\"og:image\" content=\"https:\/\/kt.gov.rs\/wp-content\/uploads\/2024\/07\/pic233vesti-5.jpg\" \/>\n\t<meta property=\"og:image:width\" content=\"250\" \/>\n\t<meta property=\"og:image:height\" content=\"166\" \/>\n\t<meta property=\"og:image:type\" content=\"image\/jpeg\" \/>\n<meta name=\"author\" content=\"ktmin\" \/>\n<meta name=\"twitter:card\" content=\"summary_large_image\" \/>\n<meta name=\"twitter:creator\" content=\"@kt_gov\" \/>\n<meta name=\"twitter:site\" content=\"@kt_gov\" \/>\n<meta name=\"twitter:label1\" content=\"Written by\" \/>\n\t<meta name=\"twitter:data1\" content=\"ktmin\" \/>\n\t<meta name=\"twitter:label2\" content=\"Est. reading time\" \/>\n\t<meta name=\"twitter:data2\" content=\"1 minute\" \/>\n<script type=\"application\/ld+json\" class=\"yoast-schema-graph\">{\"@context\":\"https:\\\/\\\/schema.org\",\"@graph\":[{\"@type\":\"Article\",\"@id\":\"https:\\\/\\\/kt.gov.rs\\\/sq\\\/agjensioni-zhvillimore-per-presheve-dhe-bujanoc-ka-organizuar-trajnimin-per-nxenesit-e-shkollave-te-mesme\\\/#article\",\"isPartOf\":{\"@id\":\"https:\\\/\\\/kt.gov.rs\\\/sq\\\/agjensioni-zhvillimore-per-presheve-dhe-bujanoc-ka-organizuar-trajnimin-per-nxenesit-e-shkollave-te-mesme\\\/\"},\"author\":{\"name\":\"ktmin\",\"@id\":\"https:\\\/\\\/kt.gov.rs\\\/#\\\/schema\\\/person\\\/e426459ddb4173309103390602694571\"},\"headline\":\"AGJENSIONI ZHVILLIMOR\u00cb P\u00cbR PRESHEV\u00cb DHE BUJANOC KA ORGANIZUAR TRAJNIMIN P\u00cbR NX\u00cbN\u00cbSIT E SHKOLLAVE T\u00cb MESME\",\"datePublished\":\"2010-04-12T00:00:00+00:00\",\"dateModified\":\"2024-07-30T20:23:03+00:00\",\"mainEntityOfPage\":{\"@id\":\"https:\\\/\\\/kt.gov.rs\\\/sq\\\/agjensioni-zhvillimore-per-presheve-dhe-bujanoc-ka-organizuar-trajnimin-per-nxenesit-e-shkollave-te-mesme\\\/\"},\"wordCount\":220,\"publisher\":{\"@id\":\"https:\\\/\\\/kt.gov.rs\\\/#organization\"},\"image\":{\"@id\":\"https:\\\/\\\/kt.gov.rs\\\/sq\\\/agjensioni-zhvillimore-per-presheve-dhe-bujanoc-ka-organizuar-trajnimin-per-nxenesit-e-shkollave-te-mesme\\\/#primaryimage\"},\"thumbnailUrl\":\"https:\\\/\\\/kt.gov.rs\\\/wp-content\\\/uploads\\\/2024\\\/07\\\/pic233vesti-5.jpg\",\"articleSection\":[\"Lajme\"],\"inLanguage\":\"sq-AL\"},{\"@type\":\"WebPage\",\"@id\":\"https:\\\/\\\/kt.gov.rs\\\/sq\\\/agjensioni-zhvillimore-per-presheve-dhe-bujanoc-ka-organizuar-trajnimin-per-nxenesit-e-shkollave-te-mesme\\\/\",\"url\":\"https:\\\/\\\/kt.gov.rs\\\/sq\\\/agjensioni-zhvillimore-per-presheve-dhe-bujanoc-ka-organizuar-trajnimin-per-nxenesit-e-shkollave-te-mesme\\\/\",\"name\":\"AGJENSIONI ZHVILLIMOR\u00cb P\u00cbR PRESHEV\u00cb DHE BUJANOC KA ORGANIZUAR TRAJNIMIN P\u00cbR NX\u00cbN\u00cbSIT E SHKOLLAVE T\u00cb MESME - Republika e S\u00ebrbis\u00eb Trupi Koordinues p\u00ebr komunat Bujanoc, Preshev\u00eb dhe Medvegj\u00eb\",\"isPartOf\":{\"@id\":\"https:\\\/\\\/kt.gov.rs\\\/#website\"},\"primaryImageOfPage\":{\"@id\":\"https:\\\/\\\/kt.gov.rs\\\/sq\\\/agjensioni-zhvillimore-per-presheve-dhe-bujanoc-ka-organizuar-trajnimin-per-nxenesit-e-shkollave-te-mesme\\\/#primaryimage\"},\"image\":{\"@id\":\"https:\\\/\\\/kt.gov.rs\\\/sq\\\/agjensioni-zhvillimore-per-presheve-dhe-bujanoc-ka-organizuar-trajnimin-per-nxenesit-e-shkollave-te-mesme\\\/#primaryimage\"},\"thumbnailUrl\":\"https:\\\/\\\/kt.gov.rs\\\/wp-content\\\/uploads\\\/2024\\\/07\\\/pic233vesti-5.jpg\",\"datePublished\":\"2010-04-12T00:00:00+00:00\",\"dateModified\":\"2024-07-30T20:23:03+00:00\",\"breadcrumb\":{\"@id\":\"https:\\\/\\\/kt.gov.rs\\\/sq\\\/agjensioni-zhvillimore-per-presheve-dhe-bujanoc-ka-organizuar-trajnimin-per-nxenesit-e-shkollave-te-mesme\\\/#breadcrumb\"},\"inLanguage\":\"sq-AL\",\"potentialAction\":[{\"@type\":\"ReadAction\",\"target\":[\"https:\\\/\\\/kt.gov.rs\\\/sq\\\/agjensioni-zhvillimore-per-presheve-dhe-bujanoc-ka-organizuar-trajnimin-per-nxenesit-e-shkollave-te-mesme\\\/\"]}]},{\"@type\":\"ImageObject\",\"inLanguage\":\"sq-AL\",\"@id\":\"https:\\\/\\\/kt.gov.rs\\\/sq\\\/agjensioni-zhvillimore-per-presheve-dhe-bujanoc-ka-organizuar-trajnimin-per-nxenesit-e-shkollave-te-mesme\\\/#primaryimage\",\"url\":\"https:\\\/\\\/kt.gov.rs\\\/wp-content\\\/uploads\\\/2024\\\/07\\\/pic233vesti-5.jpg\",\"contentUrl\":\"https:\\\/\\\/kt.gov.rs\\\/wp-content\\\/uploads\\\/2024\\\/07\\\/pic233vesti-5.jpg\",\"width\":250,\"height\":166},{\"@type\":\"BreadcrumbList\",\"@id\":\"https:\\\/\\\/kt.gov.rs\\\/sq\\\/agjensioni-zhvillimore-per-presheve-dhe-bujanoc-ka-organizuar-trajnimin-per-nxenesit-e-shkollave-te-mesme\\\/#breadcrumb\",\"itemListElement\":[{\"@type\":\"ListItem\",\"position\":1,\"name\":\"\u041f\u043e\u0447\u0435\u0442\u043d\u0430\",\"item\":\"https:\\\/\\\/kt.gov.rs\\\/sq\\\/\"},{\"@type\":\"ListItem\",\"position\":2,\"name\":\"AGJENSIONI ZHVILLIMOR\u00cb P\u00cbR PRESHEV\u00cb DHE BUJANOC KA ORGANIZUAR TRAJNIMIN P\u00cbR NX\u00cbN\u00cbSIT E SHKOLLAVE T\u00cb MESME\"}]},{\"@type\":\"WebSite\",\"@id\":\"https:\\\/\\\/kt.gov.rs\\\/#website\",\"url\":\"https:\\\/\\\/kt.gov.rs\\\/\",\"name\":\"\u041a\u043e\u043e\u0440\u0434\u0438\u043d\u0430\u0446\u0438\u043e\u043d\u043e \u0442\u0435\u043b\u043e \u0412\u043b\u0430\u0434\u0435 \u0420\u0435\u043f\u0443\u0431\u043b\u0438\u043a\u0435 \u0421\u0440\u0431\u0438\u0458\u0435 \u0437\u0430 \u043e\u043f\u0448\u0442\u0438\u043d\u0435 \u041f\u0440\u0435\u0448\u0435\u0432\u043e, \u0411\u0443\u0458\u0430\u043d\u043e\u0432\u0430\u0446 \u0438 \u041c\u0435\u0434\u0432\u0435\u0452a\",\"description\":\"\",\"publisher\":{\"@id\":\"https:\\\/\\\/kt.gov.rs\\\/#organization\"},\"alternateName\":\"\u041a\u043e\u043e\u0440\u0434\u0438\u043d\u0430\u0446\u0438\u043e\u043d\u043e \u0442\u0435\u043b\u043e\",\"potentialAction\":[{\"@type\":\"SearchAction\",\"target\":{\"@type\":\"EntryPoint\",\"urlTemplate\":\"https:\\\/\\\/kt.gov.rs\\\/?s={search_term_string}\"},\"query-input\":{\"@type\":\"PropertyValueSpecification\",\"valueRequired\":true,\"valueName\":\"search_term_string\"}}],\"inLanguage\":\"sq-AL\"},{\"@type\":\"Organization\",\"@id\":\"https:\\\/\\\/kt.gov.rs\\\/#organization\",\"name\":\"\u041a\u043e\u043e\u0440\u0434\u0438\u043d\u0430\u0446\u0438\u043e\u043d\u043e \u0442\u0435\u043b\u043e \u0412\u043b\u0430\u0434\u0435 \u0420\u0435\u043f\u0443\u0431\u043b\u0438\u043a\u0435 \u0421\u0440\u0431\u0438\u0458\u0435 \u0437\u0430 \u043e\u043f\u0448\u0442\u0438\u043d\u0435 \u041f\u0440\u0435\u0448\u0435\u0432\u043e, \u0411\u0443\u0458\u0430\u043d\u043e\u0432\u0430\u0446 \u0438 \u041c\u0435\u0434\u0432\u0435\u0452a\",\"alternateName\":\"\u041a\u043e\u043e\u0440\u0434\u0438\u043d\u0430\u0446\u0438\u043e\u043d\u043e \u0442\u0435\u043b\u043e\",\"url\":\"https:\\\/\\\/kt.gov.rs\\\/\",\"logo\":{\"@type\":\"ImageObject\",\"inLanguage\":\"sq-AL\",\"@id\":\"https:\\\/\\\/kt.gov.rs\\\/#\\\/schema\\\/logo\\\/image\\\/\",\"url\":\"https:\\\/\\\/kt.gov.rs\\\/wp-content\\\/uploads\\\/2024\\\/12\\\/koord2.jpg\",\"contentUrl\":\"https:\\\/\\\/kt.gov.rs\\\/wp-content\\\/uploads\\\/2024\\\/12\\\/koord2.jpg\",\"width\":640,\"height\":480,\"caption\":\"\u041a\u043e\u043e\u0440\u0434\u0438\u043d\u0430\u0446\u0438\u043e\u043d\u043e \u0442\u0435\u043b\u043e \u0412\u043b\u0430\u0434\u0435 \u0420\u0435\u043f\u0443\u0431\u043b\u0438\u043a\u0435 \u0421\u0440\u0431\u0438\u0458\u0435 \u0437\u0430 \u043e\u043f\u0448\u0442\u0438\u043d\u0435 \u041f\u0440\u0435\u0448\u0435\u0432\u043e, \u0411\u0443\u0458\u0430\u043d\u043e\u0432\u0430\u0446 \u0438 \u041c\u0435\u0434\u0432\u0435\u0452a\"},\"image\":{\"@id\":\"https:\\\/\\\/kt.gov.rs\\\/#\\\/schema\\\/logo\\\/image\\\/\"},\"sameAs\":[\"https:\\\/\\\/www.facebook.com\\\/SluzbaKoordinacionogTelaVladeRepublikeSrbije\",\"https:\\\/\\\/x.com\\\/kt_gov\",\"https:\\\/\\\/www.youtube.com\\\/@koordinacionotelo\"]},{\"@type\":\"Person\",\"@id\":\"https:\\\/\\\/kt.gov.rs\\\/#\\\/schema\\\/person\\\/e426459ddb4173309103390602694571\",\"name\":\"ktmin\",\"image\":{\"@type\":\"ImageObject\",\"inLanguage\":\"sq-AL\",\"@id\":\"https:\\\/\\\/secure.gravatar.com\\\/avatar\\\/3985c961109853010c3fbc7ba30365bfba5db3dd6c525831d9c595c7525a615a?s=96&d=mm&r=g\",\"url\":\"https:\\\/\\\/secure.gravatar.com\\\/avatar\\\/3985c961109853010c3fbc7ba30365bfba5db3dd6c525831d9c595c7525a615a?s=96&d=mm&r=g\",\"contentUrl\":\"https:\\\/\\\/secure.gravatar.com\\\/avatar\\\/3985c961109853010c3fbc7ba30365bfba5db3dd6c525831d9c595c7525a615a?s=96&d=mm&r=g\",\"caption\":\"ktmin\"},\"sameAs\":[\"https:\\\/\\\/kt.gov.rs\"],\"url\":\"https:\\\/\\\/kt.gov.rs\\\/sq\\\/author\\\/ktmin\\\/\"}]}<\/script>\n<!-- \/ Yoast SEO plugin. -->","yoast_head_json":{"title":"AGJENSIONI ZHVILLIMOR\u00cb P\u00cbR PRESHEV\u00cb DHE BUJANOC KA ORGANIZUAR TRAJNIMIN P\u00cbR NX\u00cbN\u00cbSIT E SHKOLLAVE T\u00cb MESME - Republika e S\u00ebrbis\u00eb Trupi Koordinues p\u00ebr komunat Bujanoc, Preshev\u00eb dhe Medvegj\u00eb","robots":{"index":"index","follow":"follow","max-snippet":"max-snippet:-1","max-image-preview":"max-image-preview:large","max-video-preview":"max-video-preview:-1"},"canonical":"https:\/\/kt.gov.rs\/sq\/agjensioni-zhvillimore-per-presheve-dhe-bujanoc-ka-organizuar-trajnimin-per-nxenesit-e-shkollave-te-mesme\/","og_locale":"sq_AL","og_type":"article","og_title":"AGJENSIONI ZHVILLIMOR\u00cb P\u00cbR PRESHEV\u00cb DHE BUJANOC KA ORGANIZUAR TRAJNIMIN P\u00cbR NX\u00cbN\u00cbSIT E SHKOLLAVE T\u00cb MESME - Republika e S\u00ebrbis\u00eb Trupi Koordinues p\u00ebr komunat Bujanoc, Preshev\u00eb dhe Medvegj\u00eb","og_description":"Me mb\u00ebshtetjen finansiare t\u00eb Trupit Koordinues t\u00eb Qeveris\u00eb s\u00eb Republik\u00ebs s\u00eb Serbis\u00eb p\u00ebr komunat Preshev\u00eb, Bujanoc dhe Medvegj\u00eb, Agjensioni zhvillimor\u00eb p\u00ebr Preshev\u00eb dhe Bujanoc realizon projektin ,,Ndryshohu, fillo pun\u00ebn\u2019\u2019. Jan\u00eb mbajtur dy trajnime nj\u00ebditore (26 dhe 27 mars t\u00eb vitit 2010) t\u00eb dedikuara nx\u00ebn\u00ebsve t\u00eb shkollave t\u00eb mesme ,,Sezai Surroi\u2019\u2019 dhe ,,Sveti Sava\u2019\u2019 nga Bujanoci dhe ,,Sk\u00ebnd\u00ebrbeu\u2019\u2019 nga Presheva. Q\u00ebllimi i k\u00ebtyre pun\u00ebtorive \u00ebsht\u00eb trajnimi m\u00eb i p\u00ebrsosur i nx\u00ebn\u00ebsve t\u00eb shkollave t\u00eb mesme dhe pregatitja e tyre p\u00ebr konkurim sa m\u00eb t\u00eb suksessh\u00ebm p\u00ebr pun\u00eb.","og_url":"https:\/\/kt.gov.rs\/sq\/agjensioni-zhvillimore-per-presheve-dhe-bujanoc-ka-organizuar-trajnimin-per-nxenesit-e-shkollave-te-mesme\/","og_site_name":"Republika e S\u00ebrbis\u00eb Trupi Koordinues p\u00ebr komunat Bujanoc, Preshev\u00eb dhe Medvegj\u00eb","article_publisher":"https:\/\/www.facebook.com\/SluzbaKoordinacionogTelaVladeRepublikeSrbije","article_published_time":"2010-04-12T00:00:00+00:00","article_modified_time":"2024-07-30T20:23:03+00:00","og_image":[{"width":250,"height":166,"url":"https:\/\/kt.gov.rs\/wp-content\/uploads\/2024\/07\/pic233vesti-5.jpg","type":"image\/jpeg"}],"author":"ktmin","twitter_card":"summary_large_image","twitter_creator":"@kt_gov","twitter_site":"@kt_gov","twitter_misc":{"Written by":"ktmin","Est. reading time":"1 minute"},"schema":{"@context":"https:\/\/schema.org","@graph":[{"@type":"Article","@id":"https:\/\/kt.gov.rs\/sq\/agjensioni-zhvillimore-per-presheve-dhe-bujanoc-ka-organizuar-trajnimin-per-nxenesit-e-shkollave-te-mesme\/#article","isPartOf":{"@id":"https:\/\/kt.gov.rs\/sq\/agjensioni-zhvillimore-per-presheve-dhe-bujanoc-ka-organizuar-trajnimin-per-nxenesit-e-shkollave-te-mesme\/"},"author":{"name":"ktmin","@id":"https:\/\/kt.gov.rs\/#\/schema\/person\/e426459ddb4173309103390602694571"},"headline":"AGJENSIONI ZHVILLIMOR\u00cb P\u00cbR PRESHEV\u00cb DHE BUJANOC KA ORGANIZUAR TRAJNIMIN P\u00cbR NX\u00cbN\u00cbSIT E SHKOLLAVE T\u00cb MESME","datePublished":"2010-04-12T00:00:00+00:00","dateModified":"2024-07-30T20:23:03+00:00","mainEntityOfPage":{"@id":"https:\/\/kt.gov.rs\/sq\/agjensioni-zhvillimore-per-presheve-dhe-bujanoc-ka-organizuar-trajnimin-per-nxenesit-e-shkollave-te-mesme\/"},"wordCount":220,"publisher":{"@id":"https:\/\/kt.gov.rs\/#organization"},"image":{"@id":"https:\/\/kt.gov.rs\/sq\/agjensioni-zhvillimore-per-presheve-dhe-bujanoc-ka-organizuar-trajnimin-per-nxenesit-e-shkollave-te-mesme\/#primaryimage"},"thumbnailUrl":"https:\/\/kt.gov.rs\/wp-content\/uploads\/2024\/07\/pic233vesti-5.jpg","articleSection":["Lajme"],"inLanguage":"sq-AL"},{"@type":"WebPage","@id":"https:\/\/kt.gov.rs\/sq\/agjensioni-zhvillimore-per-presheve-dhe-bujanoc-ka-organizuar-trajnimin-per-nxenesit-e-shkollave-te-mesme\/","url":"https:\/\/kt.gov.rs\/sq\/agjensioni-zhvillimore-per-presheve-dhe-bujanoc-ka-organizuar-trajnimin-per-nxenesit-e-shkollave-te-mesme\/","name":"AGJENSIONI ZHVILLIMOR\u00cb P\u00cbR PRESHEV\u00cb DHE BUJANOC KA ORGANIZUAR TRAJNIMIN P\u00cbR NX\u00cbN\u00cbSIT E SHKOLLAVE T\u00cb MESME - Republika e S\u00ebrbis\u00eb Trupi Koordinues p\u00ebr komunat Bujanoc, Preshev\u00eb dhe Medvegj\u00eb","isPartOf":{"@id":"https:\/\/kt.gov.rs\/#website"},"primaryImageOfPage":{"@id":"https:\/\/kt.gov.rs\/sq\/agjensioni-zhvillimore-per-presheve-dhe-bujanoc-ka-organizuar-trajnimin-per-nxenesit-e-shkollave-te-mesme\/#primaryimage"},"image":{"@id":"https:\/\/kt.gov.rs\/sq\/agjensioni-zhvillimore-per-presheve-dhe-bujanoc-ka-organizuar-trajnimin-per-nxenesit-e-shkollave-te-mesme\/#primaryimage"},"thumbnailUrl":"https:\/\/kt.gov.rs\/wp-content\/uploads\/2024\/07\/pic233vesti-5.jpg","datePublished":"2010-04-12T00:00:00+00:00","dateModified":"2024-07-30T20:23:03+00:00","breadcrumb":{"@id":"https:\/\/kt.gov.rs\/sq\/agjensioni-zhvillimore-per-presheve-dhe-bujanoc-ka-organizuar-trajnimin-per-nxenesit-e-shkollave-te-mesme\/#breadcrumb"},"inLanguage":"sq-AL","potentialAction":[{"@type":"ReadAction","target":["https:\/\/kt.gov.rs\/sq\/agjensioni-zhvillimore-per-presheve-dhe-bujanoc-ka-organizuar-trajnimin-per-nxenesit-e-shkollave-te-mesme\/"]}]},{"@type":"ImageObject","inLanguage":"sq-AL","@id":"https:\/\/kt.gov.rs\/sq\/agjensioni-zhvillimore-per-presheve-dhe-bujanoc-ka-organizuar-trajnimin-per-nxenesit-e-shkollave-te-mesme\/#primaryimage","url":"https:\/\/kt.gov.rs\/wp-content\/uploads\/2024\/07\/pic233vesti-5.jpg","contentUrl":"https:\/\/kt.gov.rs\/wp-content\/uploads\/2024\/07\/pic233vesti-5.jpg","width":250,"height":166},{"@type":"BreadcrumbList","@id":"https:\/\/kt.gov.rs\/sq\/agjensioni-zhvillimore-per-presheve-dhe-bujanoc-ka-organizuar-trajnimin-per-nxenesit-e-shkollave-te-mesme\/#breadcrumb","itemListElement":[{"@type":"ListItem","position":1,"name":"\u041f\u043e\u0447\u0435\u0442\u043d\u0430","item":"https:\/\/kt.gov.rs\/sq\/"},{"@type":"ListItem","position":2,"name":"AGJENSIONI ZHVILLIMOR\u00cb P\u00cbR PRESHEV\u00cb DHE BUJANOC KA ORGANIZUAR TRAJNIMIN P\u00cbR NX\u00cbN\u00cbSIT E SHKOLLAVE T\u00cb MESME"}]},{"@type":"WebSite","@id":"https:\/\/kt.gov.rs\/#website","url":"https:\/\/kt.gov.rs\/","name":"\u041a\u043e\u043e\u0440\u0434\u0438\u043d\u0430\u0446\u0438\u043e\u043d\u043e \u0442\u0435\u043b\u043e \u0412\u043b\u0430\u0434\u0435 \u0420\u0435\u043f\u0443\u0431\u043b\u0438\u043a\u0435 \u0421\u0440\u0431\u0438\u0458\u0435 \u0437\u0430 \u043e\u043f\u0448\u0442\u0438\u043d\u0435 \u041f\u0440\u0435\u0448\u0435\u0432\u043e, \u0411\u0443\u0458\u0430\u043d\u043e\u0432\u0430\u0446 \u0438 \u041c\u0435\u0434\u0432\u0435\u0452a","description":"","publisher":{"@id":"https:\/\/kt.gov.rs\/#organization"},"alternateName":"\u041a\u043e\u043e\u0440\u0434\u0438\u043d\u0430\u0446\u0438\u043e\u043d\u043e \u0442\u0435\u043b\u043e","potentialAction":[{"@type":"SearchAction","target":{"@type":"EntryPoint","urlTemplate":"https:\/\/kt.gov.rs\/?s={search_term_string}"},"query-input":{"@type":"PropertyValueSpecification","valueRequired":true,"valueName":"search_term_string"}}],"inLanguage":"sq-AL"},{"@type":"Organization","@id":"https:\/\/kt.gov.rs\/#organization","name":"\u041a\u043e\u043e\u0440\u0434\u0438\u043d\u0430\u0446\u0438\u043e\u043d\u043e \u0442\u0435\u043b\u043e \u0412\u043b\u0430\u0434\u0435 \u0420\u0435\u043f\u0443\u0431\u043b\u0438\u043a\u0435 \u0421\u0440\u0431\u0438\u0458\u0435 \u0437\u0430 \u043e\u043f\u0448\u0442\u0438\u043d\u0435 \u041f\u0440\u0435\u0448\u0435\u0432\u043e, \u0411\u0443\u0458\u0430\u043d\u043e\u0432\u0430\u0446 \u0438 \u041c\u0435\u0434\u0432\u0435\u0452a","alternateName":"\u041a\u043e\u043e\u0440\u0434\u0438\u043d\u0430\u0446\u0438\u043e\u043d\u043e \u0442\u0435\u043b\u043e","url":"https:\/\/kt.gov.rs\/","logo":{"@type":"ImageObject","inLanguage":"sq-AL","@id":"https:\/\/kt.gov.rs\/#\/schema\/logo\/image\/","url":"https:\/\/kt.gov.rs\/wp-content\/uploads\/2024\/12\/koord2.jpg","contentUrl":"https:\/\/kt.gov.rs\/wp-content\/uploads\/2024\/12\/koord2.jpg","width":640,"height":480,"caption":"\u041a\u043e\u043e\u0440\u0434\u0438\u043d\u0430\u0446\u0438\u043e\u043d\u043e \u0442\u0435\u043b\u043e \u0412\u043b\u0430\u0434\u0435 \u0420\u0435\u043f\u0443\u0431\u043b\u0438\u043a\u0435 \u0421\u0440\u0431\u0438\u0458\u0435 \u0437\u0430 \u043e\u043f\u0448\u0442\u0438\u043d\u0435 \u041f\u0440\u0435\u0448\u0435\u0432\u043e, \u0411\u0443\u0458\u0430\u043d\u043e\u0432\u0430\u0446 \u0438 \u041c\u0435\u0434\u0432\u0435\u0452a"},"image":{"@id":"https:\/\/kt.gov.rs\/#\/schema\/logo\/image\/"},"sameAs":["https:\/\/www.facebook.com\/SluzbaKoordinacionogTelaVladeRepublikeSrbije","https:\/\/x.com\/kt_gov","https:\/\/www.youtube.com\/@koordinacionotelo"]},{"@type":"Person","@id":"https:\/\/kt.gov.rs\/#\/schema\/person\/e426459ddb4173309103390602694571","name":"ktmin","image":{"@type":"ImageObject","inLanguage":"sq-AL","@id":"https:\/\/secure.gravatar.com\/avatar\/3985c961109853010c3fbc7ba30365bfba5db3dd6c525831d9c595c7525a615a?s=96&d=mm&r=g","url":"https:\/\/secure.gravatar.com\/avatar\/3985c961109853010c3fbc7ba30365bfba5db3dd6c525831d9c595c7525a615a?s=96&d=mm&r=g","contentUrl":"https:\/\/secure.gravatar.com\/avatar\/3985c961109853010c3fbc7ba30365bfba5db3dd6c525831d9c595c7525a615a?s=96&d=mm&r=g","caption":"ktmin"},"sameAs":["https:\/\/kt.gov.rs"],"url":"https:\/\/kt.gov.rs\/sq\/author\/ktmin\/"}]}},"_links":{"self":[{"href":"https:\/\/kt.gov.rs\/sq\/wp-json\/wp\/v2\/posts\/142930","targetHints":{"allow":["GET"]}}],"collection":[{"href":"https:\/\/kt.gov.rs\/sq\/wp-json\/wp\/v2\/posts"}],"about":[{"href":"https:\/\/kt.gov.rs\/sq\/wp-json\/wp\/v2\/types\/post"}],"author":[{"embeddable":true,"href":"https:\/\/kt.gov.rs\/sq\/wp-json\/wp\/v2\/users\/1"}],"replies":[{"embeddable":true,"href":"https:\/\/kt.gov.rs\/sq\/wp-json\/wp\/v2\/comments?post=142930"}],"version-history":[{"count":1,"href":"https:\/\/kt.gov.rs\/sq\/wp-json\/wp\/v2\/posts\/142930\/revisions"}],"predecessor-version":[{"id":142934,"href":"https:\/\/kt.gov.rs\/sq\/wp-json\/wp\/v2\/posts\/142930\/revisions\/142934"}],"wp:featuredmedia":[{"embeddable":true,"href":"https:\/\/kt.gov.rs\/sq\/wp-json\/wp\/v2\/media\/142935"}],"wp:attachment":[{"href":"https:\/\/kt.gov.rs\/sq\/wp-json\/wp\/v2\/media?parent=142930"}],"wp:term":[{"taxonomy":"category","embeddable":true,"href":"https:\/\/kt.gov.rs\/sq\/wp-json\/wp\/v2\/categories?post=142930"},{"taxonomy":"post_tag","embeddable":true,"href":"https:\/\/kt.gov.rs\/sq\/wp-json\/wp\/v2\/tags?post=142930"}],"curies":[{"name":"wp","href":"https:\/\/api.w.org\/{rel}","templated":true}]}}