{"id":142914,"date":"2010-04-28T00:00:00","date_gmt":"2010-04-28T00:00:00","guid":{"rendered":"http:\/\/kt.printandscreen.rs\/28-prill-2010\/"},"modified":"2010-04-28T00:00:00","modified_gmt":"2010-04-28T00:00:00","slug":"28-prill-2010","status":"publish","type":"post","link":"https:\/\/kt.gov.rs\/sq\/28-prill-2010\/","title":{"rendered":"28. prill.2010."},"content":{"rendered":"<p><strong>Ambasadorja e Shteteve t\u00eb Bashkuara t\u00eb Amerik\u00ebs n\u00eb Beograd Meri Vorlik deklaroi se Shtetet e Bashkuara t\u00eb Amerik\u00ebs p\u00ebrmes USAID-it n\u00eb Serbin\u00eb jugore kan\u00eb investuar m\u00eb tep\u00ebr se 70 milion\u00eb dollar\u00eb.<\/strong><\/p>\n<p>Shtetet e Bashkuara t\u00eb Amerik\u00ebs p\u00ebrmes USAID-it n\u00eb Serbin\u00eb jugore kan\u00eb investuar m\u00eb tep\u00ebr se 70 milion\u00eb dollar\u00eb, posaq\u00ebrisht n\u00eb infrastruktur\u00eb dhe n\u00eb zhvillimin ekonomik dhe kultur\u00eb, deklaroi ambasadorja e SHBA-ve Meri Vorlik pas bised\u00ebs me p\u00ebrfaq\u00ebsuesit e pushtetit lokal n\u00eb Vranj\u00eb.<\/p>\n<p>,,Inkurajojm\u00eb investitor\u00ebt nga Amerika q\u00eb t\u00eb investojn\u00eb n\u00eb Serbin\u00eb jugore, n\u00eb k\u00ebt\u00eb pjes\u00eb integrale t\u00eb Serbis\u00eb e cila po ec\u00eb me hapa t\u00eb m\u00ebdha kah Unionin Europian\u2019\u2019, deklaroi Vorlik n\u00eb Vranj\u00eb p\u00ebr t\u00eb par\u00ebn her\u00eb pas em\u00ebrimit t\u00eb saj\u00eb si ambasadore.<\/p>\n<p>Vranja mund\u00eb t\u00eb merret si shembull p\u00ebr qytetet tjera t\u00eb Serbis\u00eb kur \u00ebsht\u00eb n\u00eb pyetje zhvillimi ekonomik, deklaroi ambasadorja.<\/p>\n<p>Vorlik deklaroi se ,,ambasada Amerikane n\u00eb Beograd do t\u00eb vazhdoj\u00eb t\u00eb inkurojoj\u00eb kompanit\u00eb amerikane p\u00ebr investime n\u00eb Serbin\u00eb jugore dhe se me komun\u00ebn e Vranj\u00ebs kan\u00eb kontakte shum\u00ebvjeqare n\u00eb lidhje me k\u00ebt\u00eb q\u00ebshtje\u2019\u2019.<\/p>\n<p>,,Deri m\u00eb tani Qeveria e SHBA-ve ka finansuar 35 projekte n\u00eb Vranj\u00eb n\u00eb nj\u00eb vler\u00eb prej 3.5 milon\u00eb dollar\u00eb, ku p\u00ebrmes USAID-it jan\u00eb investuar 430.000 dollar\u00eb. Qdo investim ka vler\u00ebn e vet\u00eb p\u00ebr zhvillimin lokal\u2019\u2019, deklaroi kryetari i Vranj\u00ebs Mirolub Stoj\u00e7iq me q\u2019rast\u00a0 fal\u00ebnderoi ambasadoren p\u00ebr ndihm\u00ebn e dh\u00ebn\u00eb.<\/p>\n<p>Ambasadorja vizitoi edhe bibliotek\u00ebn Popullore t\u00eb Nishit t\u00eb cil\u00ebs mabasada e SHBA-ve u ka dhuruar pajisje kompjuterike n\u00eb nj\u00eb vler\u00eb prej 4.500 dollar\u00eb.<\/p>\n<p>,,Bibliotekat si thesar\u00eb i pashterrur, duhet q\u00eb lexuesve p\u00ebrpos librave t\u2019u ofrojn\u00eb edhe t\u00eb dh\u00ebnat m\u00eb t\u00eb reja teknologjike. Edhepse f\u00ebmij\u00ebt i m\u00ebsojm\u00eb q\u00eb n\u00eb duar t\u00eb mbajn\u00eb libra, duhet t\u2019i pregatisim edhe p\u00ebr r\u00ebnd\u00ebsin\u00eb gjithnj\u00eb e m\u00eb t\u00eb madhe t\u00eb rrjetit kompjuterik dhe baz\u00ebn e t\u00eb dh\u00ebnave\u2019\u2019, deklaroi ambasadorja amerikane.<\/p>\n<p>Ambasadorja Vorlik theksoi se pajisjet kompjuterike do t\u2019u ndihmojn\u00eb n\u00eb digjitalizimin e bibliotek\u00ebs Popullore.<\/p>\n","protected":false},"excerpt":{"rendered":"<p>Ambasadorja e Shteteve t\u00eb Bashkuara t\u00eb Amerik\u00ebs n\u00eb Beograd Meri  Vorlik deklaroi se Shtetet e Bashkuara t\u00eb Amerik\u00ebs p\u00ebrmes USAID-it n\u00eb  Serbin\u00eb jugore kan\u00eb investuar m\u00eb tep\u00ebr se 70 milion\u00eb dollar\u00eb.<\/p>\n<p>Shtetet e Bashkuara t\u00eb Amerik\u00ebs p\u00ebrmes USAID-it n\u00eb Serbin\u00eb jugore kan\u00eb  investuar m\u00eb tep\u00ebr se 70 milion\u00eb dollar\u00eb, posaq\u00ebrisht n\u00eb infrastruktur\u00eb  dhe n\u00eb zhvillimin ekonomik dhe kultur\u00eb, deklaroi ambasadorja e SHBA-ve  Meri Vorlik pas bised\u00ebs me p\u00ebrfaq\u00ebsuesit e pushtetit lokal n\u00eb Vranj\u00eb.<\/p>\n","protected":false},"author":1,"featured_media":0,"comment_status":"closed","ping_status":"closed","sticky":false,"template":"","format":"standard","meta":{"footnotes":""},"categories":[55],"tags":[],"class_list":["post-142914","post","type-post","status-publish","format-standard","hentry","category-lajme"],"yoast_head":"<!-- This site is optimized with the Yoast SEO plugin v27.4 - https:\/\/yoast.com\/product\/yoast-seo-wordpress\/ -->\n<title>28. prill.2010. - Republika e S\u00ebrbis\u00eb Trupi Koordinues p\u00ebr komunat Bujanoc, Preshev\u00eb dhe Medvegj\u00eb<\/title>\n<meta name=\"robots\" content=\"index, follow, max-snippet:-1, max-image-preview:large, max-video-preview:-1\" \/>\n<link rel=\"canonical\" href=\"https:\/\/kt.gov.rs\/sq\/28-prill-2010\/\" \/>\n<meta property=\"og:locale\" content=\"sq_AL\" \/>\n<meta property=\"og:type\" content=\"article\" \/>\n<meta property=\"og:title\" content=\"28. prill.2010. - Republika e S\u00ebrbis\u00eb Trupi Koordinues p\u00ebr komunat Bujanoc, Preshev\u00eb dhe Medvegj\u00eb\" \/>\n<meta property=\"og:description\" content=\"Ambasadorja e Shteteve t\u00eb Bashkuara t\u00eb Amerik\u00ebs n\u00eb Beograd Meri Vorlik deklaroi se Shtetet e Bashkuara t\u00eb Amerik\u00ebs p\u00ebrmes USAID-it n\u00eb Serbin\u00eb jugore kan\u00eb investuar m\u00eb tep\u00ebr se 70 milion\u00eb dollar\u00eb. Shtetet e Bashkuara t\u00eb Amerik\u00ebs p\u00ebrmes USAID-it n\u00eb Serbin\u00eb jugore kan\u00eb investuar m\u00eb tep\u00ebr se 70 milion\u00eb dollar\u00eb, posaq\u00ebrisht n\u00eb infrastruktur\u00eb dhe n\u00eb zhvillimin ekonomik dhe kultur\u00eb, deklaroi ambasadorja e SHBA-ve Meri Vorlik pas bised\u00ebs me p\u00ebrfaq\u00ebsuesit e pushtetit lokal n\u00eb Vranj\u00eb.\" \/>\n<meta property=\"og:url\" content=\"https:\/\/kt.gov.rs\/sq\/28-prill-2010\/\" \/>\n<meta property=\"og:site_name\" content=\"Republika e S\u00ebrbis\u00eb Trupi Koordinues p\u00ebr komunat Bujanoc, Preshev\u00eb dhe Medvegj\u00eb\" \/>\n<meta property=\"article:publisher\" content=\"https:\/\/www.facebook.com\/SluzbaKoordinacionogTelaVladeRepublikeSrbije\" \/>\n<meta property=\"article:published_time\" content=\"2010-04-28T00:00:00+00:00\" \/>\n<meta name=\"author\" content=\"ktmin\" \/>\n<meta name=\"twitter:card\" content=\"summary_large_image\" \/>\n<meta name=\"twitter:creator\" content=\"@kt_gov\" \/>\n<meta name=\"twitter:site\" content=\"@kt_gov\" \/>\n<meta name=\"twitter:label1\" content=\"Written by\" \/>\n\t<meta name=\"twitter:data1\" content=\"ktmin\" \/>\n\t<meta name=\"twitter:label2\" content=\"Est. reading time\" \/>\n\t<meta name=\"twitter:data2\" content=\"2 minutes\" \/>\n<script type=\"application\/ld+json\" class=\"yoast-schema-graph\">{\"@context\":\"https:\\\/\\\/schema.org\",\"@graph\":[{\"@type\":\"Article\",\"@id\":\"https:\\\/\\\/kt.gov.rs\\\/sq\\\/28-prill-2010\\\/#article\",\"isPartOf\":{\"@id\":\"https:\\\/\\\/kt.gov.rs\\\/sq\\\/28-prill-2010\\\/\"},\"author\":{\"name\":\"ktmin\",\"@id\":\"https:\\\/\\\/kt.gov.rs\\\/#\\\/schema\\\/person\\\/e426459ddb4173309103390602694571\"},\"headline\":\"28. prill.2010.\",\"datePublished\":\"2010-04-28T00:00:00+00:00\",\"mainEntityOfPage\":{\"@id\":\"https:\\\/\\\/kt.gov.rs\\\/sq\\\/28-prill-2010\\\/\"},\"wordCount\":361,\"publisher\":{\"@id\":\"https:\\\/\\\/kt.gov.rs\\\/#organization\"},\"articleSection\":[\"Lajme\"],\"inLanguage\":\"sq-AL\"},{\"@type\":\"WebPage\",\"@id\":\"https:\\\/\\\/kt.gov.rs\\\/sq\\\/28-prill-2010\\\/\",\"url\":\"https:\\\/\\\/kt.gov.rs\\\/sq\\\/28-prill-2010\\\/\",\"name\":\"28. prill.2010. - Republika e S\u00ebrbis\u00eb Trupi Koordinues p\u00ebr komunat Bujanoc, Preshev\u00eb dhe Medvegj\u00eb\",\"isPartOf\":{\"@id\":\"https:\\\/\\\/kt.gov.rs\\\/#website\"},\"datePublished\":\"2010-04-28T00:00:00+00:00\",\"breadcrumb\":{\"@id\":\"https:\\\/\\\/kt.gov.rs\\\/sq\\\/28-prill-2010\\\/#breadcrumb\"},\"inLanguage\":\"sq-AL\",\"potentialAction\":[{\"@type\":\"ReadAction\",\"target\":[\"https:\\\/\\\/kt.gov.rs\\\/sq\\\/28-prill-2010\\\/\"]}]},{\"@type\":\"BreadcrumbList\",\"@id\":\"https:\\\/\\\/kt.gov.rs\\\/sq\\\/28-prill-2010\\\/#breadcrumb\",\"itemListElement\":[{\"@type\":\"ListItem\",\"position\":1,\"name\":\"\u041f\u043e\u0447\u0435\u0442\u043d\u0430\",\"item\":\"https:\\\/\\\/kt.gov.rs\\\/sq\\\/\"},{\"@type\":\"ListItem\",\"position\":2,\"name\":\"28. prill.2010.\"}]},{\"@type\":\"WebSite\",\"@id\":\"https:\\\/\\\/kt.gov.rs\\\/#website\",\"url\":\"https:\\\/\\\/kt.gov.rs\\\/\",\"name\":\"\u041a\u043e\u043e\u0440\u0434\u0438\u043d\u0430\u0446\u0438\u043e\u043d\u043e \u0442\u0435\u043b\u043e \u0412\u043b\u0430\u0434\u0435 \u0420\u0435\u043f\u0443\u0431\u043b\u0438\u043a\u0435 \u0421\u0440\u0431\u0438\u0458\u0435 \u0437\u0430 \u043e\u043f\u0448\u0442\u0438\u043d\u0435 \u041f\u0440\u0435\u0448\u0435\u0432\u043e, \u0411\u0443\u0458\u0430\u043d\u043e\u0432\u0430\u0446 \u0438 \u041c\u0435\u0434\u0432\u0435\u0452a\",\"description\":\"\",\"publisher\":{\"@id\":\"https:\\\/\\\/kt.gov.rs\\\/#organization\"},\"alternateName\":\"\u041a\u043e\u043e\u0440\u0434\u0438\u043d\u0430\u0446\u0438\u043e\u043d\u043e \u0442\u0435\u043b\u043e\",\"potentialAction\":[{\"@type\":\"SearchAction\",\"target\":{\"@type\":\"EntryPoint\",\"urlTemplate\":\"https:\\\/\\\/kt.gov.rs\\\/?s={search_term_string}\"},\"query-input\":{\"@type\":\"PropertyValueSpecification\",\"valueRequired\":true,\"valueName\":\"search_term_string\"}}],\"inLanguage\":\"sq-AL\"},{\"@type\":\"Organization\",\"@id\":\"https:\\\/\\\/kt.gov.rs\\\/#organization\",\"name\":\"\u041a\u043e\u043e\u0440\u0434\u0438\u043d\u0430\u0446\u0438\u043e\u043d\u043e \u0442\u0435\u043b\u043e \u0412\u043b\u0430\u0434\u0435 \u0420\u0435\u043f\u0443\u0431\u043b\u0438\u043a\u0435 \u0421\u0440\u0431\u0438\u0458\u0435 \u0437\u0430 \u043e\u043f\u0448\u0442\u0438\u043d\u0435 \u041f\u0440\u0435\u0448\u0435\u0432\u043e, \u0411\u0443\u0458\u0430\u043d\u043e\u0432\u0430\u0446 \u0438 \u041c\u0435\u0434\u0432\u0435\u0452a\",\"alternateName\":\"\u041a\u043e\u043e\u0440\u0434\u0438\u043d\u0430\u0446\u0438\u043e\u043d\u043e \u0442\u0435\u043b\u043e\",\"url\":\"https:\\\/\\\/kt.gov.rs\\\/\",\"logo\":{\"@type\":\"ImageObject\",\"inLanguage\":\"sq-AL\",\"@id\":\"https:\\\/\\\/kt.gov.rs\\\/#\\\/schema\\\/logo\\\/image\\\/\",\"url\":\"https:\\\/\\\/kt.gov.rs\\\/wp-content\\\/uploads\\\/2024\\\/12\\\/koord2.jpg\",\"contentUrl\":\"https:\\\/\\\/kt.gov.rs\\\/wp-content\\\/uploads\\\/2024\\\/12\\\/koord2.jpg\",\"width\":640,\"height\":480,\"caption\":\"\u041a\u043e\u043e\u0440\u0434\u0438\u043d\u0430\u0446\u0438\u043e\u043d\u043e \u0442\u0435\u043b\u043e \u0412\u043b\u0430\u0434\u0435 \u0420\u0435\u043f\u0443\u0431\u043b\u0438\u043a\u0435 \u0421\u0440\u0431\u0438\u0458\u0435 \u0437\u0430 \u043e\u043f\u0448\u0442\u0438\u043d\u0435 \u041f\u0440\u0435\u0448\u0435\u0432\u043e, \u0411\u0443\u0458\u0430\u043d\u043e\u0432\u0430\u0446 \u0438 \u041c\u0435\u0434\u0432\u0435\u0452a\"},\"image\":{\"@id\":\"https:\\\/\\\/kt.gov.rs\\\/#\\\/schema\\\/logo\\\/image\\\/\"},\"sameAs\":[\"https:\\\/\\\/www.facebook.com\\\/SluzbaKoordinacionogTelaVladeRepublikeSrbije\",\"https:\\\/\\\/x.com\\\/kt_gov\",\"https:\\\/\\\/www.youtube.com\\\/@koordinacionotelo\"]},{\"@type\":\"Person\",\"@id\":\"https:\\\/\\\/kt.gov.rs\\\/#\\\/schema\\\/person\\\/e426459ddb4173309103390602694571\",\"name\":\"ktmin\",\"image\":{\"@type\":\"ImageObject\",\"inLanguage\":\"sq-AL\",\"@id\":\"https:\\\/\\\/secure.gravatar.com\\\/avatar\\\/3985c961109853010c3fbc7ba30365bfba5db3dd6c525831d9c595c7525a615a?s=96&d=mm&r=g\",\"url\":\"https:\\\/\\\/secure.gravatar.com\\\/avatar\\\/3985c961109853010c3fbc7ba30365bfba5db3dd6c525831d9c595c7525a615a?s=96&d=mm&r=g\",\"contentUrl\":\"https:\\\/\\\/secure.gravatar.com\\\/avatar\\\/3985c961109853010c3fbc7ba30365bfba5db3dd6c525831d9c595c7525a615a?s=96&d=mm&r=g\",\"caption\":\"ktmin\"},\"sameAs\":[\"https:\\\/\\\/kt.gov.rs\"],\"url\":\"https:\\\/\\\/kt.gov.rs\\\/sq\\\/author\\\/ktmin\\\/\"}]}<\/script>\n<!-- \/ Yoast SEO plugin. -->","yoast_head_json":{"title":"28. prill.2010. - Republika e S\u00ebrbis\u00eb Trupi Koordinues p\u00ebr komunat Bujanoc, Preshev\u00eb dhe Medvegj\u00eb","robots":{"index":"index","follow":"follow","max-snippet":"max-snippet:-1","max-image-preview":"max-image-preview:large","max-video-preview":"max-video-preview:-1"},"canonical":"https:\/\/kt.gov.rs\/sq\/28-prill-2010\/","og_locale":"sq_AL","og_type":"article","og_title":"28. prill.2010. - Republika e S\u00ebrbis\u00eb Trupi Koordinues p\u00ebr komunat Bujanoc, Preshev\u00eb dhe Medvegj\u00eb","og_description":"Ambasadorja e Shteteve t\u00eb Bashkuara t\u00eb Amerik\u00ebs n\u00eb Beograd Meri Vorlik deklaroi se Shtetet e Bashkuara t\u00eb Amerik\u00ebs p\u00ebrmes USAID-it n\u00eb Serbin\u00eb jugore kan\u00eb investuar m\u00eb tep\u00ebr se 70 milion\u00eb dollar\u00eb. Shtetet e Bashkuara t\u00eb Amerik\u00ebs p\u00ebrmes USAID-it n\u00eb Serbin\u00eb jugore kan\u00eb investuar m\u00eb tep\u00ebr se 70 milion\u00eb dollar\u00eb, posaq\u00ebrisht n\u00eb infrastruktur\u00eb dhe n\u00eb zhvillimin ekonomik dhe kultur\u00eb, deklaroi ambasadorja e SHBA-ve Meri Vorlik pas bised\u00ebs me p\u00ebrfaq\u00ebsuesit e pushtetit lokal n\u00eb Vranj\u00eb.","og_url":"https:\/\/kt.gov.rs\/sq\/28-prill-2010\/","og_site_name":"Republika e S\u00ebrbis\u00eb Trupi Koordinues p\u00ebr komunat Bujanoc, Preshev\u00eb dhe Medvegj\u00eb","article_publisher":"https:\/\/www.facebook.com\/SluzbaKoordinacionogTelaVladeRepublikeSrbije","article_published_time":"2010-04-28T00:00:00+00:00","author":"ktmin","twitter_card":"summary_large_image","twitter_creator":"@kt_gov","twitter_site":"@kt_gov","twitter_misc":{"Written by":"ktmin","Est. reading time":"2 minutes"},"schema":{"@context":"https:\/\/schema.org","@graph":[{"@type":"Article","@id":"https:\/\/kt.gov.rs\/sq\/28-prill-2010\/#article","isPartOf":{"@id":"https:\/\/kt.gov.rs\/sq\/28-prill-2010\/"},"author":{"name":"ktmin","@id":"https:\/\/kt.gov.rs\/#\/schema\/person\/e426459ddb4173309103390602694571"},"headline":"28. prill.2010.","datePublished":"2010-04-28T00:00:00+00:00","mainEntityOfPage":{"@id":"https:\/\/kt.gov.rs\/sq\/28-prill-2010\/"},"wordCount":361,"publisher":{"@id":"https:\/\/kt.gov.rs\/#organization"},"articleSection":["Lajme"],"inLanguage":"sq-AL"},{"@type":"WebPage","@id":"https:\/\/kt.gov.rs\/sq\/28-prill-2010\/","url":"https:\/\/kt.gov.rs\/sq\/28-prill-2010\/","name":"28. prill.2010. - Republika e S\u00ebrbis\u00eb Trupi Koordinues p\u00ebr komunat Bujanoc, Preshev\u00eb dhe Medvegj\u00eb","isPartOf":{"@id":"https:\/\/kt.gov.rs\/#website"},"datePublished":"2010-04-28T00:00:00+00:00","breadcrumb":{"@id":"https:\/\/kt.gov.rs\/sq\/28-prill-2010\/#breadcrumb"},"inLanguage":"sq-AL","potentialAction":[{"@type":"ReadAction","target":["https:\/\/kt.gov.rs\/sq\/28-prill-2010\/"]}]},{"@type":"BreadcrumbList","@id":"https:\/\/kt.gov.rs\/sq\/28-prill-2010\/#breadcrumb","itemListElement":[{"@type":"ListItem","position":1,"name":"\u041f\u043e\u0447\u0435\u0442\u043d\u0430","item":"https:\/\/kt.gov.rs\/sq\/"},{"@type":"ListItem","position":2,"name":"28. prill.2010."}]},{"@type":"WebSite","@id":"https:\/\/kt.gov.rs\/#website","url":"https:\/\/kt.gov.rs\/","name":"\u041a\u043e\u043e\u0440\u0434\u0438\u043d\u0430\u0446\u0438\u043e\u043d\u043e \u0442\u0435\u043b\u043e \u0412\u043b\u0430\u0434\u0435 \u0420\u0435\u043f\u0443\u0431\u043b\u0438\u043a\u0435 \u0421\u0440\u0431\u0438\u0458\u0435 \u0437\u0430 \u043e\u043f\u0448\u0442\u0438\u043d\u0435 \u041f\u0440\u0435\u0448\u0435\u0432\u043e, \u0411\u0443\u0458\u0430\u043d\u043e\u0432\u0430\u0446 \u0438 \u041c\u0435\u0434\u0432\u0435\u0452a","description":"","publisher":{"@id":"https:\/\/kt.gov.rs\/#organization"},"alternateName":"\u041a\u043e\u043e\u0440\u0434\u0438\u043d\u0430\u0446\u0438\u043e\u043d\u043e \u0442\u0435\u043b\u043e","potentialAction":[{"@type":"SearchAction","target":{"@type":"EntryPoint","urlTemplate":"https:\/\/kt.gov.rs\/?s={search_term_string}"},"query-input":{"@type":"PropertyValueSpecification","valueRequired":true,"valueName":"search_term_string"}}],"inLanguage":"sq-AL"},{"@type":"Organization","@id":"https:\/\/kt.gov.rs\/#organization","name":"\u041a\u043e\u043e\u0440\u0434\u0438\u043d\u0430\u0446\u0438\u043e\u043d\u043e \u0442\u0435\u043b\u043e \u0412\u043b\u0430\u0434\u0435 \u0420\u0435\u043f\u0443\u0431\u043b\u0438\u043a\u0435 \u0421\u0440\u0431\u0438\u0458\u0435 \u0437\u0430 \u043e\u043f\u0448\u0442\u0438\u043d\u0435 \u041f\u0440\u0435\u0448\u0435\u0432\u043e, \u0411\u0443\u0458\u0430\u043d\u043e\u0432\u0430\u0446 \u0438 \u041c\u0435\u0434\u0432\u0435\u0452a","alternateName":"\u041a\u043e\u043e\u0440\u0434\u0438\u043d\u0430\u0446\u0438\u043e\u043d\u043e \u0442\u0435\u043b\u043e","url":"https:\/\/kt.gov.rs\/","logo":{"@type":"ImageObject","inLanguage":"sq-AL","@id":"https:\/\/kt.gov.rs\/#\/schema\/logo\/image\/","url":"https:\/\/kt.gov.rs\/wp-content\/uploads\/2024\/12\/koord2.jpg","contentUrl":"https:\/\/kt.gov.rs\/wp-content\/uploads\/2024\/12\/koord2.jpg","width":640,"height":480,"caption":"\u041a\u043e\u043e\u0440\u0434\u0438\u043d\u0430\u0446\u0438\u043e\u043d\u043e \u0442\u0435\u043b\u043e \u0412\u043b\u0430\u0434\u0435 \u0420\u0435\u043f\u0443\u0431\u043b\u0438\u043a\u0435 \u0421\u0440\u0431\u0438\u0458\u0435 \u0437\u0430 \u043e\u043f\u0448\u0442\u0438\u043d\u0435 \u041f\u0440\u0435\u0448\u0435\u0432\u043e, \u0411\u0443\u0458\u0430\u043d\u043e\u0432\u0430\u0446 \u0438 \u041c\u0435\u0434\u0432\u0435\u0452a"},"image":{"@id":"https:\/\/kt.gov.rs\/#\/schema\/logo\/image\/"},"sameAs":["https:\/\/www.facebook.com\/SluzbaKoordinacionogTelaVladeRepublikeSrbije","https:\/\/x.com\/kt_gov","https:\/\/www.youtube.com\/@koordinacionotelo"]},{"@type":"Person","@id":"https:\/\/kt.gov.rs\/#\/schema\/person\/e426459ddb4173309103390602694571","name":"ktmin","image":{"@type":"ImageObject","inLanguage":"sq-AL","@id":"https:\/\/secure.gravatar.com\/avatar\/3985c961109853010c3fbc7ba30365bfba5db3dd6c525831d9c595c7525a615a?s=96&d=mm&r=g","url":"https:\/\/secure.gravatar.com\/avatar\/3985c961109853010c3fbc7ba30365bfba5db3dd6c525831d9c595c7525a615a?s=96&d=mm&r=g","contentUrl":"https:\/\/secure.gravatar.com\/avatar\/3985c961109853010c3fbc7ba30365bfba5db3dd6c525831d9c595c7525a615a?s=96&d=mm&r=g","caption":"ktmin"},"sameAs":["https:\/\/kt.gov.rs"],"url":"https:\/\/kt.gov.rs\/sq\/author\/ktmin\/"}]}},"_links":{"self":[{"href":"https:\/\/kt.gov.rs\/sq\/wp-json\/wp\/v2\/posts\/142914","targetHints":{"allow":["GET"]}}],"collection":[{"href":"https:\/\/kt.gov.rs\/sq\/wp-json\/wp\/v2\/posts"}],"about":[{"href":"https:\/\/kt.gov.rs\/sq\/wp-json\/wp\/v2\/types\/post"}],"author":[{"embeddable":true,"href":"https:\/\/kt.gov.rs\/sq\/wp-json\/wp\/v2\/users\/1"}],"replies":[{"embeddable":true,"href":"https:\/\/kt.gov.rs\/sq\/wp-json\/wp\/v2\/comments?post=142914"}],"version-history":[{"count":0,"href":"https:\/\/kt.gov.rs\/sq\/wp-json\/wp\/v2\/posts\/142914\/revisions"}],"wp:attachment":[{"href":"https:\/\/kt.gov.rs\/sq\/wp-json\/wp\/v2\/media?parent=142914"}],"wp:term":[{"taxonomy":"category","embeddable":true,"href":"https:\/\/kt.gov.rs\/sq\/wp-json\/wp\/v2\/categories?post=142914"},{"taxonomy":"post_tag","embeddable":true,"href":"https:\/\/kt.gov.rs\/sq\/wp-json\/wp\/v2\/tags?post=142914"}],"curies":[{"name":"wp","href":"https:\/\/api.w.org\/{rel}","templated":true}]}}